{"id":310325,"date":"2024-07-15T22:12:12","date_gmt":"2024-07-15T18:12:12","guid":{"rendered":"https:\/\/www.meydan.tv\/?p=310325"},"modified":"2024-07-16T00:07:55","modified_gmt":"2024-07-15T20:07:55","slug":"kecmis-azersu-iscilerinin-ixtisar-xofu","status":"publish","type":"post","link":"https:\/\/www.meydan.tv\/az\/article\/kecmis-azersu-iscilerinin-ixtisar-xofu\/","title":{"rendered":"Ke\u00e7mi\u015f \u201cAz\u0259rsu\u201d i\u015f\u00e7il\u0259rinin ixtisar xofu"},"content":{"rendered":"\n<p><\/p>\n\n\n\n<p><em><strong>Yeni m\u00fcqavil\u0259l\u0259rd\u0259 maa\u015flar azald\u0131l\u0131b, pensiya ya\u015f\u0131na \u00e7atanlar uzaqla\u015fd\u0131r\u0131l\u0131r<\/strong><\/em><\/p>\n\n\n\n<p>Az\u0259rbaycan D\u00f6vl\u0259t Su Ehtiyatlar\u0131 Agentliyinin n\u0259zdind\u0259 f\u0259aliyy\u0259t g\u00f6st\u0259r\u0259n \u0130ri \u015e\u0259h\u0259rl\u0259rin Birl\u0259\u015fmi\u015f Su T\u0259chizat\u0131 Xidm\u0259ti (\u201cAz\u0259rsu\u201d) yenid\u0259n formala\u015fd\u0131\u011f\u0131ndan i\u015f\u00e7il\u0259r aras\u0131nda ixtisarlar\u0131n apar\u0131laca\u011f\u0131 bildirilir. Art\u0131q bununla ba\u011fl\u0131 x\u0259b\u0259rdarl\u0131q alanlar da var.<\/p>\n\n\n\n<p>Bunu Meydan TV-y\u0259 ke\u00e7mi\u015f \u201cAz\u0259rsu\u201d S\u0259hmdar C\u0259miyy\u0259tinin i\u015fd\u0259n \u00e7\u0131xar\u0131lma qorxusu il\u0259 ad\u0131n\u0131n a\u00e7\u0131qlanmas\u0131n\u0131 ist\u0259m\u0259y\u0259n \u0259m\u0259kda\u015flar\u0131 bildiribl\u0259r. Onlar\u0131n s\u00f6zl\u0259rin\u0259 g\u00f6r\u0259, b\u0259zi \u0259m\u0259kda\u015flarla m\u00fcqavil\u0259 yenil\u0259nib. Lakin m\u00fcv\u0259qq\u0259ti m\u00fcqavil\u0259 ba\u011flan\u0131b. \u00dcst\u0259lik, yeni m\u00fcqavil\u0259d\u0259 maa\u015flar az g\u00f6st\u0259rilib. M\u0259s\u0259l\u0259n, \u0259vv\u0259lki m\u00fcqavil\u0259d\u0259 776.60 manat maa\u015f qeyd edildiyi halda yeni m\u00fcqavil\u0259d\u0259 \u0259m\u0259khaqq\u0131 660 manat yaz\u0131l\u0131b. H\u0259m\u00e7inin t\u0259qa\u00fcd ya\u015f\u0131na \u00e7atanlarla m\u00fcqavil\u0259 yenil\u0259nm\u0259yib. \u00dcmumilikd\u0259, y\u00fczl\u0259rl\u0259 \u015f\u0259xsin i\u015fsiz qalaca\u011f\u0131 g\u00f6zl\u0259nilir.<\/p>\n\n\n<div class=\"wp-block-image\">\n<figure class=\"alignleft size-full is-resized\"><img decoding=\"async\" width=\"570\" height=\"720\" data-src=\"https:\/\/www.meydan.tv\/wp-content\/uploads\/451105884_3490164377796019_5350017317688350380_n.jpg\" alt=\"\" class=\"wp-image-310326 lazyload\" style=\"--smush-placeholder-width: 570px; --smush-placeholder-aspect-ratio: 570\/720;width:301px;height:auto\" src=\"data:image\/svg+xml;base64,PHN2ZyB3aWR0aD0iMSIgaGVpZ2h0PSIxIiB4bWxucz0iaHR0cDovL3d3dy53My5vcmcvMjAwMC9zdmciPjwvc3ZnPg==\" \/><figcaption class=\"wp-element-caption\">Foto: Meydan TV<\/figcaption><\/figure>\n<\/div>\n\n\n<p> X\u00fcsusil\u0259 agentliyin rayon su kanal idar\u0259l\u0259ri \u0259m\u0259kda\u015flar\u0131n\u0131n maa\u015flar\u0131nda azalmalar var.<br>Uzun ill\u0259rdir 1 sayl\u0131 Regional Sukanal \u0130dar\u0259sind\u0259 \u00e7al\u0131\u015fan \u0259m\u0259kda\u015flardan biri dan\u0131\u015f\u0131b ki, dig\u0259r rayonlar kimi Siy\u0259z\u0259nd\u0259 d\u0259 i\u015f tapmaq \u00e7\u0259tindir. X\u00fcsusil\u0259 ya\u015f\u0131 50-y\u0259 \u00e7atm\u0131\u015f \u015f\u0259xsl\u0259r n\u0259 d\u00f6vl\u0259t, n\u0259 d\u0259 \u00f6z\u0259l m\u00fc\u0259ssis\u0259l\u0259rd\u0259 i\u015f tapa bilirl\u0259r. Bu s\u0259b\u0259bd\u0259n d\u0259 k\u00fctl\u0259vi i\u015fd\u0259n \u00e7\u0131xar\u0131lmalar onun kimi \u00e7oxu \u00fc\u00e7\u00fcn faci\u0259dir:<\/p>\n\n\n\n<p><em>\u201c\u00c7oxunun \u00f6vlad\u0131 t\u0259hsil al\u0131r, kreditl\u0259ri var, dolanmaq \u00e7\u0259tindir. H\u0259r ixtisar x\u0259b\u0259rind\u0259n sonra gec\u0259miz g\u00fcnd\u00fcz\u00fcm\u00fcz\u0259 qar\u0131\u015f\u0131r, bel\u0259 gets\u0259, quru \u00e7\u00f6r\u0259y\u0259 d\u0259 m\u00f6htac olaca\u011f\u0131q. Buna g\u00f6r\u0259 d\u0259 he\u00e7 kim ba\u015f ver\u0259nl\u0259r\u0259 ehtiraz etm\u0259k ist\u0259mir, ham\u0131 fikirl\u0259\u015fir ki, n\u0259 olursa olsun, t\u0259ki i\u015fsiz qalmas\u0131n\u201d.<\/em><\/p>\n\n\n\n<p>\u0130\u015f\u00e7il\u0259r deyirl\u0259r ki, rayon sukanal idar\u0259l\u0259rinin \u015f\u00f6b\u0259 r\u0259isl\u0259rinin, q\u0259za xidm\u0259ti i\u015f\u00e7il\u0259rinin, n\u0259zar\u0259t\u00e7il\u0259rin maa\u015flar\u0131 azald\u0131l\u0131b:<\/p>\n\n\n\n<p><em>\u201c\u201cAz\u0259rsu\u201d l\u0259\u011fv edil\u0259nd\u0259n sonra maa\u015flar\u0131n art\u0131r\u0131laca\u011f\u0131n\u0131 d\u00fc\u015f\u00fcn\u00fcrd\u00fck, \u0259ksin\u0259 olur\u201d.<\/em><\/p>\n\n\n<div class=\"wp-block-image\">\n<figure class=\"alignright size-full is-resized\"><img decoding=\"async\" width=\"365\" height=\"720\" data-src=\"https:\/\/www.meydan.tv\/wp-content\/uploads\/451115387_3490164134462710_3735996750429212030_n.jpg\" alt=\"\" class=\"wp-image-310329 lazyload\" style=\"--smush-placeholder-width: 365px; --smush-placeholder-aspect-ratio: 365\/720;width:340px;height:auto\" src=\"data:image\/svg+xml;base64,PHN2ZyB3aWR0aD0iMSIgaGVpZ2h0PSIxIiB4bWxucz0iaHR0cDovL3d3dy53My5vcmcvMjAwMC9zdmciPjwvc3ZnPg==\" \/><figcaption class=\"wp-element-caption\">Foto: Meydan TV<\/figcaption><\/figure>\n<\/div>\n\n\n<p>Dig\u0259r i\u015f\u00e7i d\u0259 bildiri\u015fl\u0259rin paylanmas\u0131 il\u0259 ba\u011fl\u0131 m\u0259lumatlar\u0131 t\u0259sdiql\u0259yib.<\/p>\n\n\n\n<p>\u00d6lk\u0259 m\u0259tbuat\u0131nda bir m\u00fcdd\u0259t \u0259vv\u0259l agentliyin s\u0259dri Zaur Mikay\u0131lovun \u00f6z qudas\u0131 Fuad Quliyevi Aparat r\u0259hb\u0259ri v\u0259zif\u0259sin\u0259 t\u0259yin etm\u0259si il\u0259 ba\u011fl\u0131 m\u0259lumat yay\u0131lm\u0131\u015fd\u0131. Agentlikd\u0259n x\u0259b\u0259ri n\u0259 t\u0259sdiq, n\u0259 d\u0259 t\u0259kzib etm\u0259mi\u015fdil\u0259r. Zaur Mikay\u0131lovun dig\u0259r qudas\u0131 \u018fs\u0259d \u015eirinov is\u0259 bir ne\u00e7\u0259 ildir s\u0259drin m\u00fc\u015faviridir. \u201cAz\u0259rsu\u201d ASC-nin m\u0259tbuat katibi Anar C\u0259bray\u0131ll\u0131 da \u0130ri \u015e\u0259h\u0259rl\u0259rin Birl\u0259\u015fmi\u015f Su T\u0259chizat\u0131 Xidm\u0259ti Publik H\u00fcquqi \u015e\u0259xsin m\u0259tbuat katibi v\u0259zif\u0259sin\u0259 t\u0259yinat almay\u0131b. O, agentliyin tabeliyind\u0259 olan dig\u0259r qurumda i\u015fl\u0259 t\u0259min edilib.<\/p>\n\n\n\n<p>Az\u0259rbaycan D\u00f6vl\u0259t Su Ehtiyatlar\u0131 Agentliyind\u0259n bununla ba\u011fl\u0131 sor\u011fu cavabland\u0131r\u0131lmay\u0131b.<\/p>\n","protected":false},"excerpt":{"rendered":"<p>Yeni m\u00fcqavil\u0259l\u0259rd\u0259 maa\u015flar azald\u0131l\u0131b, pensiya ya\u015f\u0131na \u00e7atanlar uzaqla\u015fd\u0131r\u0131l\u0131r Az\u0259rbaycan D\u00f6vl\u0259t &#8230; <\/p>\n<p class=\"read-more-container\"><a title=\"Ke\u00e7mi\u015f \u201cAz\u0259rsu\u201d i\u015f\u00e7il\u0259rinin ixtisar xofu\" class=\"read-more button\" href=\"https:\/\/www.meydan.tv\/az\/article\/kecmis-azersu-iscilerinin-ixtisar-xofu\/#more-310325\" aria-label=\"Read more about Ke\u00e7mi\u015f \u201cAz\u0259rsu\u201d i\u015f\u00e7il\u0259rinin ixtisar xofu\">Davam\u0131<\/a><\/p>\n","protected":false},"author":8,"featured_media":310334,"comment_status":"closed","ping_status":"closed","sticky":false,"template":"","format":"standard","meta":{"_acf_changed":false,"_sitemap_exclude":false,"_sitemap_priority":"","_sitemap_frequency":"","footnotes":""},"categories":[62,79,56],"tags":[],"class_list":["post-310325","post","type-post","status-publish","format-standard","has-post-thumbnail","hentry","category-sosial","category-featured","category-xeberler","infinite-scroll-item","generate-columns","tablet-grid-50","mobile-grid-100","grid-parent","grid-33","no-featured-image-padding"],"acf":[],"yoast_head":"<!-- This site is optimized with the Yoast SEO plugin v27.5 - https:\/\/yoast.com\/product\/yoast-seo-wordpress\/ -->\n<title>Ke\u00e7mi\u015f \u201cAz\u0259rsu\u201d i\u015f\u00e7il\u0259rinin ixtisar xofu - MEYDAN.TV<\/title>\n<meta name=\"description\" content=\"\u0130ri \u015e\u0259h\u0259rl\u0259rin Birl\u0259\u015fmi\u015f Su T\u0259chizat\u0131 Xidm\u0259ti (\u201cAz\u0259rsu\u201d) yenid\u0259n formala\u015fd\u0131\u011f\u0131ndan i\u015f\u00e7il\u0259r aras\u0131nda ixtisarlar\u0131n apar\u0131laca\u011f\u0131 bildirilir.\" \/>\n<meta name=\"robots\" content=\"index, follow, max-snippet:-1, max-image-preview:large, max-video-preview:-1\" \/>\n<link rel=\"canonical\" href=\"https:\/\/www.meydan.tv\/az\/article\/kecmis-azersu-iscilerinin-ixtisar-xofu\/\" \/>\n<meta property=\"og:locale\" content=\"az_AZ\" \/>\n<meta property=\"og:type\" content=\"article\" \/>\n<meta property=\"og:title\" content=\"Ke\u00e7mi\u015f \u201cAz\u0259rsu\u201d i\u015f\u00e7il\u0259rinin ixtisar xofu - MEYDAN.TV\" \/>\n<meta property=\"og:description\" content=\"\u0130ri \u015e\u0259h\u0259rl\u0259rin Birl\u0259\u015fmi\u015f Su T\u0259chizat\u0131 Xidm\u0259ti (\u201cAz\u0259rsu\u201d) yenid\u0259n formala\u015fd\u0131\u011f\u0131ndan i\u015f\u00e7il\u0259r aras\u0131nda ixtisarlar\u0131n apar\u0131laca\u011f\u0131 bildirilir.\" \/>\n<meta property=\"og:url\" content=\"https:\/\/www.meydan.tv\/az\/article\/kecmis-azersu-iscilerinin-ixtisar-xofu\/\" \/>\n<meta property=\"og:site_name\" content=\"MEYDAN.TV\" \/>\n<meta property=\"article:published_time\" content=\"2024-07-15T18:12:12+00:00\" \/>\n<meta property=\"article:modified_time\" content=\"2024-07-15T20:07:55+00:00\" \/>\n<meta property=\"og:image\" content=\"https:\/\/www.meydan.tv\/wp-content\/uploads\/screenshot_2-33.png\" \/>\n\t<meta property=\"og:image:width\" content=\"1200\" \/>\n\t<meta property=\"og:image:height\" content=\"733\" \/>\n\t<meta property=\"og:image:type\" content=\"image\/png\" \/>\n<meta name=\"author\" content=\"elli\" \/>\n<meta name=\"twitter:card\" content=\"summary_large_image\" \/>\n<meta name=\"twitter:creator\" content=\"@elli\" \/>\n<script type=\"application\/ld+json\" class=\"yoast-schema-graph\">{\"@context\":\"https:\\\/\\\/schema.org\",\"@graph\":[{\"@type\":\"Article\",\"@id\":\"https:\\\/\\\/www.meydan.tv\\\/az\\\/article\\\/kecmis-azersu-iscilerinin-ixtisar-xofu\\\/#article\",\"isPartOf\":{\"@id\":\"https:\\\/\\\/www.meydan.tv\\\/az\\\/article\\\/kecmis-azersu-iscilerinin-ixtisar-xofu\\\/\"},\"author\":{\"name\":\"elli\",\"@id\":\"https:\\\/\\\/www.meydan.tv\\\/az\\\/#\\\/schema\\\/person\\\/9cdbecf90d17180ce1dfbd95b08dcf47\"},\"headline\":\"Ke\u00e7mi\u015f \u201cAz\u0259rsu\u201d i\u015f\u00e7il\u0259rinin ixtisar xofu\",\"datePublished\":\"2024-07-15T18:12:12+00:00\",\"dateModified\":\"2024-07-15T20:07:55+00:00\",\"mainEntityOfPage\":{\"@id\":\"https:\\\/\\\/www.meydan.tv\\\/az\\\/article\\\/kecmis-azersu-iscilerinin-ixtisar-xofu\\\/\"},\"wordCount\":575,\"publisher\":{\"@id\":\"https:\\\/\\\/www.meydan.tv\\\/az\\\/#organization\"},\"image\":{\"@id\":\"https:\\\/\\\/www.meydan.tv\\\/az\\\/article\\\/kecmis-azersu-iscilerinin-ixtisar-xofu\\\/#primaryimage\"},\"thumbnailUrl\":\"https:\\\/\\\/www.meydan.tv\\\/wp-content\\\/uploads\\\/screenshot_2-33.png\",\"articleSection\":[\"Sosial\",\"T\u00f6vsiy\u0259\",\"X\u0259b\u0259rl\u0259r\"],\"inLanguage\":\"az\"},{\"@type\":\"WebPage\",\"@id\":\"https:\\\/\\\/www.meydan.tv\\\/az\\\/article\\\/kecmis-azersu-iscilerinin-ixtisar-xofu\\\/\",\"url\":\"https:\\\/\\\/www.meydan.tv\\\/az\\\/article\\\/kecmis-azersu-iscilerinin-ixtisar-xofu\\\/\",\"name\":\"Ke\u00e7mi\u015f \u201cAz\u0259rsu\u201d i\u015f\u00e7il\u0259rinin ixtisar xofu - MEYDAN.TV\",\"isPartOf\":{\"@id\":\"https:\\\/\\\/www.meydan.tv\\\/az\\\/#website\"},\"primaryImageOfPage\":{\"@id\":\"https:\\\/\\\/www.meydan.tv\\\/az\\\/article\\\/kecmis-azersu-iscilerinin-ixtisar-xofu\\\/#primaryimage\"},\"image\":{\"@id\":\"https:\\\/\\\/www.meydan.tv\\\/az\\\/article\\\/kecmis-azersu-iscilerinin-ixtisar-xofu\\\/#primaryimage\"},\"thumbnailUrl\":\"https:\\\/\\\/www.meydan.tv\\\/wp-content\\\/uploads\\\/screenshot_2-33.png\",\"datePublished\":\"2024-07-15T18:12:12+00:00\",\"dateModified\":\"2024-07-15T20:07:55+00:00\",\"description\":\"\u0130ri \u015e\u0259h\u0259rl\u0259rin Birl\u0259\u015fmi\u015f Su T\u0259chizat\u0131 Xidm\u0259ti (\u201cAz\u0259rsu\u201d) yenid\u0259n formala\u015fd\u0131\u011f\u0131ndan i\u015f\u00e7il\u0259r aras\u0131nda ixtisarlar\u0131n apar\u0131laca\u011f\u0131 bildirilir.\",\"breadcrumb\":{\"@id\":\"https:\\\/\\\/www.meydan.tv\\\/az\\\/article\\\/kecmis-azersu-iscilerinin-ixtisar-xofu\\\/#breadcrumb\"},\"inLanguage\":\"az\",\"potentialAction\":[{\"@type\":\"ReadAction\",\"target\":[\"https:\\\/\\\/www.meydan.tv\\\/az\\\/article\\\/kecmis-azersu-iscilerinin-ixtisar-xofu\\\/\"]}]},{\"@type\":\"ImageObject\",\"inLanguage\":\"az\",\"@id\":\"https:\\\/\\\/www.meydan.tv\\\/az\\\/article\\\/kecmis-azersu-iscilerinin-ixtisar-xofu\\\/#primaryimage\",\"url\":\"https:\\\/\\\/www.meydan.tv\\\/wp-content\\\/uploads\\\/screenshot_2-33.png\",\"contentUrl\":\"https:\\\/\\\/www.meydan.tv\\\/wp-content\\\/uploads\\\/screenshot_2-33.png\",\"width\":1200,\"height\":733,\"caption\":\"Az\u0259rsu. Foto: Az\u0259rsu\"},{\"@type\":\"BreadcrumbList\",\"@id\":\"https:\\\/\\\/www.meydan.tv\\\/az\\\/article\\\/kecmis-azersu-iscilerinin-ixtisar-xofu\\\/#breadcrumb\",\"itemListElement\":[{\"@type\":\"ListItem\",\"position\":1,\"name\":\"Ana s\u0259hif\u0259\",\"item\":\"https:\\\/\\\/www.meydan.tv\\\/az\\\/\"},{\"@type\":\"ListItem\",\"position\":2,\"name\":\"Sosial\",\"item\":\"https:\\\/\\\/www.meydan.tv\\\/az\\\/section\\\/sosial\\\/\"},{\"@type\":\"ListItem\",\"position\":3,\"name\":\"Ke\u00e7mi\u015f \u201cAz\u0259rsu\u201d i\u015f\u00e7il\u0259rinin ixtisar xofu\"}]},{\"@type\":\"WebSite\",\"@id\":\"https:\\\/\\\/www.meydan.tv\\\/az\\\/#website\",\"url\":\"https:\\\/\\\/www.meydan.tv\\\/az\\\/\",\"name\":\"MEYDAN.TV\",\"description\":\"Meydan TV Az\u0259rbaycan\u0131n media m\u0259kan\u0131ndak\u0131 alternativ s\u0259sidir\",\"publisher\":{\"@id\":\"https:\\\/\\\/www.meydan.tv\\\/az\\\/#organization\"},\"potentialAction\":[{\"@type\":\"SearchAction\",\"target\":{\"@type\":\"EntryPoint\",\"urlTemplate\":\"https:\\\/\\\/www.meydan.tv\\\/az\\\/?s={search_term_string}\"},\"query-input\":{\"@type\":\"PropertyValueSpecification\",\"valueRequired\":true,\"valueName\":\"search_term_string\"}}],\"inLanguage\":\"az\"},{\"@type\":\"Organization\",\"@id\":\"https:\\\/\\\/www.meydan.tv\\\/az\\\/#organization\",\"name\":\"Meydan TV\",\"url\":\"https:\\\/\\\/www.meydan.tv\\\/az\\\/\",\"logo\":{\"@type\":\"ImageObject\",\"inLanguage\":\"az\",\"@id\":\"https:\\\/\\\/www.meydan.tv\\\/az\\\/#\\\/schema\\\/logo\\\/image\\\/\",\"url\":\"https:\\\/\\\/www.meydan.tv\\\/wp-content\\\/uploads\\\/2021\\\/07\\\/meydan-logo.svg\",\"contentUrl\":\"https:\\\/\\\/www.meydan.tv\\\/wp-content\\\/uploads\\\/2021\\\/07\\\/meydan-logo.svg\",\"width\":195,\"height\":46,\"caption\":\"Meydan TV\"},\"image\":{\"@id\":\"https:\\\/\\\/www.meydan.tv\\\/az\\\/#\\\/schema\\\/logo\\\/image\\\/\"}},{\"@type\":\"Person\",\"@id\":\"https:\\\/\\\/www.meydan.tv\\\/az\\\/#\\\/schema\\\/person\\\/9cdbecf90d17180ce1dfbd95b08dcf47\",\"name\":\"elli\",\"sameAs\":[\"https:\\\/\\\/x.com\\\/elli\"]}]}<\/script>\n<!-- \/ Yoast SEO plugin. -->","yoast_head_json":{"title":"Ke\u00e7mi\u015f \u201cAz\u0259rsu\u201d i\u015f\u00e7il\u0259rinin ixtisar xofu - MEYDAN.TV","description":"\u0130ri \u015e\u0259h\u0259rl\u0259rin Birl\u0259\u015fmi\u015f Su T\u0259chizat\u0131 Xidm\u0259ti (\u201cAz\u0259rsu\u201d) yenid\u0259n formala\u015fd\u0131\u011f\u0131ndan i\u015f\u00e7il\u0259r aras\u0131nda ixtisarlar\u0131n apar\u0131laca\u011f\u0131 bildirilir.","robots":{"index":"index","follow":"follow","max-snippet":"max-snippet:-1","max-image-preview":"max-image-preview:large","max-video-preview":"max-video-preview:-1"},"canonical":"https:\/\/www.meydan.tv\/az\/article\/kecmis-azersu-iscilerinin-ixtisar-xofu\/","og_locale":"az_AZ","og_type":"article","og_title":"Ke\u00e7mi\u015f \u201cAz\u0259rsu\u201d i\u015f\u00e7il\u0259rinin ixtisar xofu - MEYDAN.TV","og_description":"\u0130ri \u015e\u0259h\u0259rl\u0259rin Birl\u0259\u015fmi\u015f Su T\u0259chizat\u0131 Xidm\u0259ti (\u201cAz\u0259rsu\u201d) yenid\u0259n formala\u015fd\u0131\u011f\u0131ndan i\u015f\u00e7il\u0259r aras\u0131nda ixtisarlar\u0131n apar\u0131laca\u011f\u0131 bildirilir.","og_url":"https:\/\/www.meydan.tv\/az\/article\/kecmis-azersu-iscilerinin-ixtisar-xofu\/","og_site_name":"MEYDAN.TV","article_published_time":"2024-07-15T18:12:12+00:00","article_modified_time":"2024-07-15T20:07:55+00:00","og_image":[{"width":1200,"height":733,"url":"https:\/\/www.meydan.tv\/wp-content\/uploads\/screenshot_2-33.png","type":"image\/png"}],"author":"elli","twitter_card":"summary_large_image","twitter_creator":"@elli","schema":{"@context":"https:\/\/schema.org","@graph":[{"@type":"Article","@id":"https:\/\/www.meydan.tv\/az\/article\/kecmis-azersu-iscilerinin-ixtisar-xofu\/#article","isPartOf":{"@id":"https:\/\/www.meydan.tv\/az\/article\/kecmis-azersu-iscilerinin-ixtisar-xofu\/"},"author":{"name":"elli","@id":"https:\/\/www.meydan.tv\/az\/#\/schema\/person\/9cdbecf90d17180ce1dfbd95b08dcf47"},"headline":"Ke\u00e7mi\u015f \u201cAz\u0259rsu\u201d i\u015f\u00e7il\u0259rinin ixtisar xofu","datePublished":"2024-07-15T18:12:12+00:00","dateModified":"2024-07-15T20:07:55+00:00","mainEntityOfPage":{"@id":"https:\/\/www.meydan.tv\/az\/article\/kecmis-azersu-iscilerinin-ixtisar-xofu\/"},"wordCount":575,"publisher":{"@id":"https:\/\/www.meydan.tv\/az\/#organization"},"image":{"@id":"https:\/\/www.meydan.tv\/az\/article\/kecmis-azersu-iscilerinin-ixtisar-xofu\/#primaryimage"},"thumbnailUrl":"https:\/\/www.meydan.tv\/wp-content\/uploads\/screenshot_2-33.png","articleSection":["Sosial","T\u00f6vsiy\u0259","X\u0259b\u0259rl\u0259r"],"inLanguage":"az"},{"@type":"WebPage","@id":"https:\/\/www.meydan.tv\/az\/article\/kecmis-azersu-iscilerinin-ixtisar-xofu\/","url":"https:\/\/www.meydan.tv\/az\/article\/kecmis-azersu-iscilerinin-ixtisar-xofu\/","name":"Ke\u00e7mi\u015f \u201cAz\u0259rsu\u201d i\u015f\u00e7il\u0259rinin ixtisar xofu - MEYDAN.TV","isPartOf":{"@id":"https:\/\/www.meydan.tv\/az\/#website"},"primaryImageOfPage":{"@id":"https:\/\/www.meydan.tv\/az\/article\/kecmis-azersu-iscilerinin-ixtisar-xofu\/#primaryimage"},"image":{"@id":"https:\/\/www.meydan.tv\/az\/article\/kecmis-azersu-iscilerinin-ixtisar-xofu\/#primaryimage"},"thumbnailUrl":"https:\/\/www.meydan.tv\/wp-content\/uploads\/screenshot_2-33.png","datePublished":"2024-07-15T18:12:12+00:00","dateModified":"2024-07-15T20:07:55+00:00","description":"\u0130ri \u015e\u0259h\u0259rl\u0259rin Birl\u0259\u015fmi\u015f Su T\u0259chizat\u0131 Xidm\u0259ti (\u201cAz\u0259rsu\u201d) yenid\u0259n formala\u015fd\u0131\u011f\u0131ndan i\u015f\u00e7il\u0259r aras\u0131nda ixtisarlar\u0131n apar\u0131laca\u011f\u0131 bildirilir.","breadcrumb":{"@id":"https:\/\/www.meydan.tv\/az\/article\/kecmis-azersu-iscilerinin-ixtisar-xofu\/#breadcrumb"},"inLanguage":"az","potentialAction":[{"@type":"ReadAction","target":["https:\/\/www.meydan.tv\/az\/article\/kecmis-azersu-iscilerinin-ixtisar-xofu\/"]}]},{"@type":"ImageObject","inLanguage":"az","@id":"https:\/\/www.meydan.tv\/az\/article\/kecmis-azersu-iscilerinin-ixtisar-xofu\/#primaryimage","url":"https:\/\/www.meydan.tv\/wp-content\/uploads\/screenshot_2-33.png","contentUrl":"https:\/\/www.meydan.tv\/wp-content\/uploads\/screenshot_2-33.png","width":1200,"height":733,"caption":"Az\u0259rsu. Foto: Az\u0259rsu"},{"@type":"BreadcrumbList","@id":"https:\/\/www.meydan.tv\/az\/article\/kecmis-azersu-iscilerinin-ixtisar-xofu\/#breadcrumb","itemListElement":[{"@type":"ListItem","position":1,"name":"Ana s\u0259hif\u0259","item":"https:\/\/www.meydan.tv\/az\/"},{"@type":"ListItem","position":2,"name":"Sosial","item":"https:\/\/www.meydan.tv\/az\/section\/sosial\/"},{"@type":"ListItem","position":3,"name":"Ke\u00e7mi\u015f \u201cAz\u0259rsu\u201d i\u015f\u00e7il\u0259rinin ixtisar xofu"}]},{"@type":"WebSite","@id":"https:\/\/www.meydan.tv\/az\/#website","url":"https:\/\/www.meydan.tv\/az\/","name":"MEYDAN.TV","description":"Meydan TV Az\u0259rbaycan\u0131n media m\u0259kan\u0131ndak\u0131 alternativ s\u0259sidir","publisher":{"@id":"https:\/\/www.meydan.tv\/az\/#organization"},"potentialAction":[{"@type":"SearchAction","target":{"@type":"EntryPoint","urlTemplate":"https:\/\/www.meydan.tv\/az\/?s={search_term_string}"},"query-input":{"@type":"PropertyValueSpecification","valueRequired":true,"valueName":"search_term_string"}}],"inLanguage":"az"},{"@type":"Organization","@id":"https:\/\/www.meydan.tv\/az\/#organization","name":"Meydan TV","url":"https:\/\/www.meydan.tv\/az\/","logo":{"@type":"ImageObject","inLanguage":"az","@id":"https:\/\/www.meydan.tv\/az\/#\/schema\/logo\/image\/","url":"https:\/\/www.meydan.tv\/wp-content\/uploads\/2021\/07\/meydan-logo.svg","contentUrl":"https:\/\/www.meydan.tv\/wp-content\/uploads\/2021\/07\/meydan-logo.svg","width":195,"height":46,"caption":"Meydan TV"},"image":{"@id":"https:\/\/www.meydan.tv\/az\/#\/schema\/logo\/image\/"}},{"@type":"Person","@id":"https:\/\/www.meydan.tv\/az\/#\/schema\/person\/9cdbecf90d17180ce1dfbd95b08dcf47","name":"elli","sameAs":["https:\/\/x.com\/elli"]}]}},"_links":{"self":[{"href":"https:\/\/www.meydan.tv\/az\/wp-json\/wp\/v2\/posts\/310325","targetHints":{"allow":["GET"]}}],"collection":[{"href":"https:\/\/www.meydan.tv\/az\/wp-json\/wp\/v2\/posts"}],"about":[{"href":"https:\/\/www.meydan.tv\/az\/wp-json\/wp\/v2\/types\/post"}],"author":[{"embeddable":true,"href":"https:\/\/www.meydan.tv\/az\/wp-json\/wp\/v2\/users\/8"}],"replies":[{"embeddable":true,"href":"https:\/\/www.meydan.tv\/az\/wp-json\/wp\/v2\/comments?post=310325"}],"version-history":[{"count":4,"href":"https:\/\/www.meydan.tv\/az\/wp-json\/wp\/v2\/posts\/310325\/revisions"}],"predecessor-version":[{"id":310337,"href":"https:\/\/www.meydan.tv\/az\/wp-json\/wp\/v2\/posts\/310325\/revisions\/310337"}],"wp:featuredmedia":[{"embeddable":true,"href":"https:\/\/www.meydan.tv\/az\/wp-json\/wp\/v2\/media\/310334"}],"wp:attachment":[{"href":"https:\/\/www.meydan.tv\/az\/wp-json\/wp\/v2\/media?parent=310325"}],"wp:term":[{"taxonomy":"category","embeddable":true,"href":"https:\/\/www.meydan.tv\/az\/wp-json\/wp\/v2\/categories?post=310325"},{"taxonomy":"post_tag","embeddable":true,"href":"https:\/\/www.meydan.tv\/az\/wp-json\/wp\/v2\/tags?post=310325"}],"curies":[{"name":"wp","href":"https:\/\/api.w.org\/{rel}","templated":true}]}}