{"id":310236,"date":"2024-07-15T11:23:16","date_gmt":"2024-07-15T07:23:16","guid":{"rendered":"https:\/\/www.meydan.tv\/?p=310236"},"modified":"2024-07-15T11:23:20","modified_gmt":"2024-07-15T07:23:20","slug":"bahar-energyden-sikayet-maaslar-azaldilir-odenisler-kesilir","status":"publish","type":"post","link":"https:\/\/www.meydan.tv\/az\/article\/bahar-energyden-sikayet-maaslar-azaldilir-odenisler-kesilir\/","title":{"rendered":"\u201cBahar Energy\u201dd\u0259n \u015fikay\u0259t: Maa\u015flar azald\u0131l\u0131r, \u00f6d\u0259ni\u015fl\u0259r k\u0259silir&#8230;"},"content":{"rendered":"\n<p><\/p>\n\n\n\n<p><strong><em>\u201cZ\u0259r\u0259rli sah\u0259d\u0259 i\u015fl\u0259m\u0259yimiz\u0259 baxmayaraq, s\u00fcd v\u0259 ya dig\u0259r qidalar verilmir\u201d<\/em><\/strong><\/p>\n\n\n\n<p>\u201cBahar Energy\u201d \u018fm\u0259liyyat \u015eirk\u0259tind\u0259 son 14 ild\u0259 i\u015f\u00e7il\u0259rin maa\u015flar\u0131 art\u0131r\u0131lmad\u0131\u011f\u0131, \u0259ksin\u0259 20 faiz\u0259 q\u0259d\u0259r azald\u0131ld\u0131\u011f\u0131 bildirilir. H\u0259m\u00e7inin bir \u00e7ox \u00f6d\u0259ni\u015fl\u0259r k\u0259silib. \u015eirk\u0259tin \u0259m\u0259kda\u015f\u0131 \u018fli Naib o\u011flu \u018fsm\u0259tov &#8220;\u0259m\u0259k h\u00fcquqlar\u0131n\u0131n b\u0259rpa olunmas\u0131 &#8221; xahi\u015fi il\u0259 SOCAR prezidenti R\u00f6v\u015f\u0259n N\u0259c\u0259f\u0259, el\u0259c\u0259 d\u0259 aidiyyat\u0131 qurumlara m\u00fcraci\u0259tind\u0259 bu bar\u0259d\u0259 yaz\u0131b.<\/p>\n\n\n\n<p>Meydan TV-y\u0259 dan\u0131\u015fan \u018fli \u018fsm\u0259tov bildirib ki, 22 ildir neft sah\u0259sind\u0259 \u00e7al\u0131\u015f\u0131r.<\/p>\n\n\n\n<p><em>\u201cAyl\u0131q maa\u015flar\u0131m\u0131z \u0259m\u0259k m\u00fcqavil\u0259sind\u0259 n\u0259z\u0259rd\u0259 tutulan qaydada verilmir, gecikdirilm\u0259kl\u0259 \u00f6d\u0259nilir. Maa\u015flar \u0259m\u0259k m\u00fcqavil\u0259sind\u0259 n\u0259z\u0259rd\u0259 tutulandan 20 faiz azald\u0131ld\u0131 v\u0259 m\u00fcqavil\u0259y\u0259 bununla ba\u011fl\u0131 imza atma\u011fa m\u0259cbur edildik. \u018flav\u0259 i\u015f saatlar\u0131m\u0131z k\u0259sildi v\u0259 bu da \u0259m\u0259k haqlar\u0131n\u0131n azalmas\u0131na t\u0259sir etdi\u201d,- <\/em>\u015fikay\u0259t\u00e7i deyib<em>.<\/em><\/p>\n\n\n\n<p>Neft\u00e7inin s\u00f6zl\u0259rin\u0259 g\u00f6r\u0259, m\u00fc\u0259ssis\u0259d\u0259 i\u015f\u00e7il\u0259rin f\u0259aliyy\u0259ti \u00fc\u00e7\u00fcn normal \u015f\u0259rait yarad\u0131lm\u0131r. Z\u0259r\u0259rli sah\u0259d\u0259 i\u015fl\u0259m\u0259l\u0259rin\u0259 baxmayaraq, s\u00fcd v\u0259 ya dig\u0259r qidalar verilmir.<\/p>\n\n\n<div class=\"wp-block-image\">\n<figure class=\"alignleft size-large is-resized\"><img decoding=\"async\" width=\"806\" height=\"821\" data-src=\"https:\/\/www.meydan.tv\/wp-content\/uploads\/sened-9-806x821.jpg\" alt=\"\" class=\"wp-image-310237 lazyload\" style=\"--smush-placeholder-width: 806px; --smush-placeholder-aspect-ratio: 806\/821;width:352px;height:auto\" src=\"data:image\/svg+xml;base64,PHN2ZyB3aWR0aD0iMSIgaGVpZ2h0PSIxIiB4bWxucz0iaHR0cDovL3d3dy53My5vcmcvMjAwMC9zdmciPjwvc3ZnPg==\" \/><\/figure>\n<\/div>\n\n\n<p>\u015eirk\u0259tin dig\u0259r \u0259m\u0259kda\u015flar\u0131 da xidm\u0259ti m\u00fcqavil\u0259 il\u0259 i\u015fl\u0259y\u0259n i\u015f\u00e7il\u0259rin \u0259m\u0259k m\u00fcqavil\u0259si il\u0259 i\u015fl\u0259y\u0259nl\u0259rd\u0259n daha art\u0131q maa\u015f almalar\u0131ndan \u015fikay\u0259t\u00e7idirl\u0259r. Onlar\u0131n s\u00f6zl\u0259rin\u0259 g\u00f6r\u0259, \u015firk\u0259td\u0259 yet\u0259rli i\u015f\u00e7i oldu\u011fu halda k\u0259nardan y\u00fcz\u0259 yax\u0131n \u015f\u0259xs xidm\u0259ti m\u00fcqavil\u0259 il\u0259 i\u015f\u0259 c\u0259lb olunur. \u0130\u015f\u00e7il\u0259rd\u0259n biri Meydan TV-y\u0259 deyib ki, nasaz ma\u015f\u0131nlarla estakadaya aparilirlar. Hasilat azal\u0131b, \u015firk\u0259t \u00f6hd\u0259likl\u0259rini yerin\u0259 yetirmir.<\/p>\n\n\n\n<p>Neft\u00e7il\u0259rin H\u00fcquqlar\u0131n\u0131 M\u00fcdafi\u0259 T\u0259\u015fkilat\u0131nn s\u0259dri Mirvari Q\u0259hr\u0259manl\u0131 da \u015firk\u0259t \u0259m\u0259kda\u015flar\u0131n\u0131n dedikl\u0259rini t\u0259sdiql\u0259yib. Bildirib ki, D\u00f6vl\u0259t Statistika Komit\u0259sinin \u201cHasilat s\u0259nayesind\u0259 \u015f\u0259ffafl\u0131q \u00fczr\u0259 m\u0259cmu hesabat\u0131\u201dna n\u0259z\u0259r sal\u0131b. M\u0259lum olub ki, neft hasilat\u0131 2019-cu ild\u0259n indiy\u0259d\u0259k azal\u0131b.<\/p>\n\n\n\n<p><em>\u201c\u201cBahar Energy\u201d \u018f\u015e-d\u0259n t\u0259\u015fkilat\u0131m\u0131za d\u0259f\u0259l\u0259rl\u0259 \u015fikay\u0259tl\u0259r daxil olub. \u0130\u015f\u00e7il\u0259r d\u0259f\u0259l\u0259rl\u0259 \u0259m\u0259k haqlar\u0131n\u0131n gecikdirilm\u0259sind\u0259n, yar\u0131-yar\u0131 \u00f6d\u0259nilm\u0259sind\u0259n naraz\u0131l\u0131q edibl\u0259r. H\u0259tta m\u00fc\u0259yy\u0259n ill\u0259rd\u0259 etiraz aksiyalar\u0131 da ke\u00e7irilib, amma t\u0259\u0259ss\u00fcf ki, naraz\u0131l\u0131qlar\u0131 yaradan s\u0259b\u0259bl\u0259r aradan qald\u0131r\u0131lmay\u0131b\u201d.<\/em><\/p>\n\n\n\n<p>Mirvari Q\u0259hr\u0259manl\u0131 \u0259lav\u0259 edib ki, \u018fm\u0259k M\u0259c\u0259ll\u0259sinin t\u0259l\u0259bl\u0259rin\u0259 \u0259sas\u0259n, \u0259m\u0259k m\u00fcnasib\u0259tl\u0259rin\u0259 daxil olan b\u00fct\u00fcn i\u015f\u00e7il\u0259rl\u0259 bu m\u0259c\u0259ll\u0259d\u0259 n\u0259z\u0259rd\u0259 tutulan qaydada \u0259m\u0259k m\u00fcqavil\u0259si ba\u011flanmal\u0131d\u0131r. \u018fm\u0259k m\u00fcnasib\u0259tl\u0259rinin \u0259m\u0259k m\u00fcnasib\u0259tl\u0259ri xarakterli i\u015f v\u0259 ya xidm\u0259tl\u0259rd\u0259 m\u00fclki h\u00fcquqi m\u00fcqavil\u0259l\u0259rl\u0259 r\u0259smil\u0259\u015fdirilm\u0259si qada\u011fand\u0131r.<\/p>\n\n\n<div class=\"wp-block-image\">\n<figure class=\"alignright size-full is-resized\"><img decoding=\"async\" width=\"1200\" height=\"591\" data-src=\"https:\/\/www.meydan.tv\/wp-content\/uploads\/untitled-design-65-e1665996332825.jpg\" alt=\"\" class=\"wp-image-258403 lazyload\" style=\"--smush-placeholder-width: 1200px; --smush-placeholder-aspect-ratio: 1200\/591;width:453px;height:auto\" src=\"data:image\/svg+xml;base64,PHN2ZyB3aWR0aD0iMSIgaGVpZ2h0PSIxIiB4bWxucz0iaHR0cDovL3d3dy53My5vcmcvMjAwMC9zdmciPjwvc3ZnPg==\" \/><figcaption class=\"wp-element-caption\">Foto: Mirvari Q\u0259hr\u0259manl\u0131n\u0131n \u015f\u0259xsi profilind\u0259ndir<\/figcaption><\/figure>\n<\/div>\n\n\n<p>\u201cBahar Energy\u201d Bahar yata\u011f\u0131n\u0131n v\u0259 Qum-d\u0259niz yata\u011f\u0131n\u0131n daxil oldu\u011fu blokun k\u0259\u015ffiyyat\u0131, b\u0259rpas\u0131, i\u015fl\u0259nm\u0259si hasilat\u0131n pay b\u00f6lg\u00fcs\u00fc Sazi\u015fi \u0259sas\u0131nda 01.10.2010-cu il tarixd\u0259n f\u0259aliyy\u0259t g\u00f6st\u0259rir. Bu m\u00fcqavil\u0259 \u00fczr\u0259 ARDN\u015e t\u0259r\u0259fda\u015f\u0131 kimi Virgin adalar\u0131nda qeydiyyatdan ke\u00e7mi\u015f \u201cBahar Energy LTD\u201d \u015firk\u0259ti \u00e7\u0131x\u0131\u015f edir. \u201cBahar Energy\u201d-nin t\u0259sis\u00e7isi Greenfields Petroleum Corporation is\u0259 Kayman adalar\u0131nda qeydiyyatdan ke\u00e7ib. \u201cBahar Energy\u201d \u018fm\u0259liyyat \u015eirk\u0259tinin prezidenti Con Harkinsd\u0131r.<\/p>\n\n\n\n<p>\u0130ndiy\u0259d\u0259k \u015firk\u0259td\u0259n \u015fikay\u0259tl\u0259rl\u0259 ba\u011fl\u0131 he\u00e7 bir cavab almaq m\u00fcmk\u00fcn olmay\u0131b.<br>SOCAR-dan da i\u015f\u00e7il\u0259rin \u015fikay\u0259ti il\u0259 ba\u011fl\u0131 a\u00e7\u0131qlama verm\u0259yibl\u0259r.<\/p>\n","protected":false},"excerpt":{"rendered":"<p>\u201cZ\u0259r\u0259rli sah\u0259d\u0259 i\u015fl\u0259m\u0259yimiz\u0259 baxmayaraq, s\u00fcd v\u0259 ya dig\u0259r qidalar verilmir\u201d &#8230; <\/p>\n<p class=\"read-more-container\"><a title=\"\u201cBahar Energy\u201dd\u0259n \u015fikay\u0259t: Maa\u015flar azald\u0131l\u0131r, \u00f6d\u0259ni\u015fl\u0259r k\u0259silir&#8230;\" class=\"read-more button\" href=\"https:\/\/www.meydan.tv\/az\/article\/bahar-energyden-sikayet-maaslar-azaldilir-odenisler-kesilir\/#more-310236\" aria-label=\"Read more about \u201cBahar Energy\u201dd\u0259n \u015fikay\u0259t: Maa\u015flar azald\u0131l\u0131r, \u00f6d\u0259ni\u015fl\u0259r k\u0259silir&#8230;\">Davam\u0131<\/a><\/p>\n","protected":false},"author":8,"featured_media":287742,"comment_status":"closed","ping_status":"closed","sticky":false,"template":"","format":"standard","meta":{"_acf_changed":false,"_sitemap_exclude":false,"_sitemap_priority":"","_sitemap_frequency":"","footnotes":""},"categories":[62,79,56],"tags":[],"class_list":["post-310236","post","type-post","status-publish","format-standard","has-post-thumbnail","hentry","category-sosial","category-featured","category-xeberler","infinite-scroll-item","generate-columns","tablet-grid-50","mobile-grid-100","grid-parent","grid-33","no-featured-image-padding"],"acf":[],"yoast_head":"<!-- This site is optimized with the Yoast SEO plugin v27.5 - https:\/\/yoast.com\/product\/yoast-seo-wordpress\/ -->\n<title>\u201cBahar Energy\u201dd\u0259n \u015fikay\u0259t: Maa\u015flar azald\u0131l\u0131r, \u00f6d\u0259ni\u015fl\u0259r k\u0259silir... - MEYDAN.TV<\/title>\n<meta name=\"description\" content=\"\u201cBahar Energy\u201d \u018fm\u0259liyyat \u015eirk\u0259tind\u0259 son 14 ild\u0259 i\u015f\u00e7il\u0259rin maa\u015flar\u0131 art\u0131r\u0131lmad\u0131\u011f\u0131, \u0259ksin\u0259 20 faiz\u0259 q\u0259d\u0259r azald\u0131ld\u0131\u011f\u0131 bildirilir.\" \/>\n<meta name=\"robots\" content=\"index, follow, max-snippet:-1, max-image-preview:large, max-video-preview:-1\" \/>\n<link rel=\"canonical\" href=\"https:\/\/www.meydan.tv\/az\/article\/bahar-energyden-sikayet-maaslar-azaldilir-odenisler-kesilir\/\" \/>\n<meta property=\"og:locale\" content=\"az_AZ\" \/>\n<meta property=\"og:type\" content=\"article\" \/>\n<meta property=\"og:title\" content=\"\u201cBahar Energy\u201dd\u0259n \u015fikay\u0259t: Maa\u015flar azald\u0131l\u0131r, \u00f6d\u0259ni\u015fl\u0259r k\u0259silir... - MEYDAN.TV\" \/>\n<meta property=\"og:description\" content=\"\u201cBahar Energy\u201d \u018fm\u0259liyyat \u015eirk\u0259tind\u0259 son 14 ild\u0259 i\u015f\u00e7il\u0259rin maa\u015flar\u0131 art\u0131r\u0131lmad\u0131\u011f\u0131, \u0259ksin\u0259 20 faiz\u0259 q\u0259d\u0259r azald\u0131ld\u0131\u011f\u0131 bildirilir.\" \/>\n<meta property=\"og:url\" content=\"https:\/\/www.meydan.tv\/az\/article\/bahar-energyden-sikayet-maaslar-azaldilir-odenisler-kesilir\/\" \/>\n<meta property=\"og:site_name\" content=\"MEYDAN.TV\" \/>\n<meta property=\"article:published_time\" content=\"2024-07-15T07:23:16+00:00\" \/>\n<meta property=\"article:modified_time\" content=\"2024-07-15T07:23:20+00:00\" \/>\n<meta property=\"og:image\" content=\"https:\/\/www.meydan.tv\/wp-content\/uploads\/shutterstock_1693817908.jpg\" \/>\n\t<meta property=\"og:image:width\" content=\"1200\" \/>\n\t<meta property=\"og:image:height\" content=\"800\" \/>\n\t<meta property=\"og:image:type\" content=\"image\/jpeg\" \/>\n<meta name=\"author\" content=\"elli\" \/>\n<meta name=\"twitter:card\" content=\"summary_large_image\" \/>\n<meta name=\"twitter:creator\" content=\"@elli\" \/>\n<script type=\"application\/ld+json\" class=\"yoast-schema-graph\">{\"@context\":\"https:\\\/\\\/schema.org\",\"@graph\":[{\"@type\":\"Article\",\"@id\":\"https:\\\/\\\/www.meydan.tv\\\/az\\\/article\\\/bahar-energyden-sikayet-maaslar-azaldilir-odenisler-kesilir\\\/#article\",\"isPartOf\":{\"@id\":\"https:\\\/\\\/www.meydan.tv\\\/az\\\/article\\\/bahar-energyden-sikayet-maaslar-azaldilir-odenisler-kesilir\\\/\"},\"author\":{\"name\":\"elli\",\"@id\":\"https:\\\/\\\/www.meydan.tv\\\/az\\\/#\\\/schema\\\/person\\\/9cdbecf90d17180ce1dfbd95b08dcf47\"},\"headline\":\"\u201cBahar Energy\u201dd\u0259n \u015fikay\u0259t: Maa\u015flar azald\u0131l\u0131r, \u00f6d\u0259ni\u015fl\u0259r k\u0259silir&#8230;\",\"datePublished\":\"2024-07-15T07:23:16+00:00\",\"dateModified\":\"2024-07-15T07:23:20+00:00\",\"mainEntityOfPage\":{\"@id\":\"https:\\\/\\\/www.meydan.tv\\\/az\\\/article\\\/bahar-energyden-sikayet-maaslar-azaldilir-odenisler-kesilir\\\/\"},\"wordCount\":701,\"publisher\":{\"@id\":\"https:\\\/\\\/www.meydan.tv\\\/az\\\/#organization\"},\"image\":{\"@id\":\"https:\\\/\\\/www.meydan.tv\\\/az\\\/article\\\/bahar-energyden-sikayet-maaslar-azaldilir-odenisler-kesilir\\\/#primaryimage\"},\"thumbnailUrl\":\"https:\\\/\\\/www.meydan.tv\\\/wp-content\\\/uploads\\\/shutterstock_1693817908.jpg\",\"articleSection\":[\"Sosial\",\"T\u00f6vsiy\u0259\",\"X\u0259b\u0259rl\u0259r\"],\"inLanguage\":\"az\"},{\"@type\":\"WebPage\",\"@id\":\"https:\\\/\\\/www.meydan.tv\\\/az\\\/article\\\/bahar-energyden-sikayet-maaslar-azaldilir-odenisler-kesilir\\\/\",\"url\":\"https:\\\/\\\/www.meydan.tv\\\/az\\\/article\\\/bahar-energyden-sikayet-maaslar-azaldilir-odenisler-kesilir\\\/\",\"name\":\"\u201cBahar Energy\u201dd\u0259n \u015fikay\u0259t: Maa\u015flar azald\u0131l\u0131r, \u00f6d\u0259ni\u015fl\u0259r k\u0259silir... - MEYDAN.TV\",\"isPartOf\":{\"@id\":\"https:\\\/\\\/www.meydan.tv\\\/az\\\/#website\"},\"primaryImageOfPage\":{\"@id\":\"https:\\\/\\\/www.meydan.tv\\\/az\\\/article\\\/bahar-energyden-sikayet-maaslar-azaldilir-odenisler-kesilir\\\/#primaryimage\"},\"image\":{\"@id\":\"https:\\\/\\\/www.meydan.tv\\\/az\\\/article\\\/bahar-energyden-sikayet-maaslar-azaldilir-odenisler-kesilir\\\/#primaryimage\"},\"thumbnailUrl\":\"https:\\\/\\\/www.meydan.tv\\\/wp-content\\\/uploads\\\/shutterstock_1693817908.jpg\",\"datePublished\":\"2024-07-15T07:23:16+00:00\",\"dateModified\":\"2024-07-15T07:23:20+00:00\",\"description\":\"\u201cBahar Energy\u201d \u018fm\u0259liyyat \u015eirk\u0259tind\u0259 son 14 ild\u0259 i\u015f\u00e7il\u0259rin maa\u015flar\u0131 art\u0131r\u0131lmad\u0131\u011f\u0131, \u0259ksin\u0259 20 faiz\u0259 q\u0259d\u0259r azald\u0131ld\u0131\u011f\u0131 bildirilir.\",\"breadcrumb\":{\"@id\":\"https:\\\/\\\/www.meydan.tv\\\/az\\\/article\\\/bahar-energyden-sikayet-maaslar-azaldilir-odenisler-kesilir\\\/#breadcrumb\"},\"inLanguage\":\"az\",\"potentialAction\":[{\"@type\":\"ReadAction\",\"target\":[\"https:\\\/\\\/www.meydan.tv\\\/az\\\/article\\\/bahar-energyden-sikayet-maaslar-azaldilir-odenisler-kesilir\\\/\"]}]},{\"@type\":\"ImageObject\",\"inLanguage\":\"az\",\"@id\":\"https:\\\/\\\/www.meydan.tv\\\/az\\\/article\\\/bahar-energyden-sikayet-maaslar-azaldilir-odenisler-kesilir\\\/#primaryimage\",\"url\":\"https:\\\/\\\/www.meydan.tv\\\/wp-content\\\/uploads\\\/shutterstock_1693817908.jpg\",\"contentUrl\":\"https:\\\/\\\/www.meydan.tv\\\/wp-content\\\/uploads\\\/shutterstock_1693817908.jpg\",\"width\":1200,\"height\":800,\"caption\":\"Az\u0259rbaycanda \u0259m\u0259k haqq\u0131. Foto: Black Pearl Footage\\\/shutterstoc\"},{\"@type\":\"BreadcrumbList\",\"@id\":\"https:\\\/\\\/www.meydan.tv\\\/az\\\/article\\\/bahar-energyden-sikayet-maaslar-azaldilir-odenisler-kesilir\\\/#breadcrumb\",\"itemListElement\":[{\"@type\":\"ListItem\",\"position\":1,\"name\":\"Ana s\u0259hif\u0259\",\"item\":\"https:\\\/\\\/www.meydan.tv\\\/az\\\/\"},{\"@type\":\"ListItem\",\"position\":2,\"name\":\"Sosial\",\"item\":\"https:\\\/\\\/www.meydan.tv\\\/az\\\/section\\\/sosial\\\/\"},{\"@type\":\"ListItem\",\"position\":3,\"name\":\"\u201cBahar Energy\u201dd\u0259n \u015fikay\u0259t: Maa\u015flar azald\u0131l\u0131r, \u00f6d\u0259ni\u015fl\u0259r k\u0259silir&#8230;\"}]},{\"@type\":\"WebSite\",\"@id\":\"https:\\\/\\\/www.meydan.tv\\\/az\\\/#website\",\"url\":\"https:\\\/\\\/www.meydan.tv\\\/az\\\/\",\"name\":\"MEYDAN.TV\",\"description\":\"Meydan TV Az\u0259rbaycan\u0131n media m\u0259kan\u0131ndak\u0131 alternativ s\u0259sidir\",\"publisher\":{\"@id\":\"https:\\\/\\\/www.meydan.tv\\\/az\\\/#organization\"},\"potentialAction\":[{\"@type\":\"SearchAction\",\"target\":{\"@type\":\"EntryPoint\",\"urlTemplate\":\"https:\\\/\\\/www.meydan.tv\\\/az\\\/?s={search_term_string}\"},\"query-input\":{\"@type\":\"PropertyValueSpecification\",\"valueRequired\":true,\"valueName\":\"search_term_string\"}}],\"inLanguage\":\"az\"},{\"@type\":\"Organization\",\"@id\":\"https:\\\/\\\/www.meydan.tv\\\/az\\\/#organization\",\"name\":\"Meydan TV\",\"url\":\"https:\\\/\\\/www.meydan.tv\\\/az\\\/\",\"logo\":{\"@type\":\"ImageObject\",\"inLanguage\":\"az\",\"@id\":\"https:\\\/\\\/www.meydan.tv\\\/az\\\/#\\\/schema\\\/logo\\\/image\\\/\",\"url\":\"https:\\\/\\\/www.meydan.tv\\\/wp-content\\\/uploads\\\/2021\\\/07\\\/meydan-logo.svg\",\"contentUrl\":\"https:\\\/\\\/www.meydan.tv\\\/wp-content\\\/uploads\\\/2021\\\/07\\\/meydan-logo.svg\",\"width\":195,\"height\":46,\"caption\":\"Meydan TV\"},\"image\":{\"@id\":\"https:\\\/\\\/www.meydan.tv\\\/az\\\/#\\\/schema\\\/logo\\\/image\\\/\"}},{\"@type\":\"Person\",\"@id\":\"https:\\\/\\\/www.meydan.tv\\\/az\\\/#\\\/schema\\\/person\\\/9cdbecf90d17180ce1dfbd95b08dcf47\",\"name\":\"elli\",\"sameAs\":[\"https:\\\/\\\/x.com\\\/elli\"]}]}<\/script>\n<!-- \/ Yoast SEO plugin. -->","yoast_head_json":{"title":"\u201cBahar Energy\u201dd\u0259n \u015fikay\u0259t: Maa\u015flar azald\u0131l\u0131r, \u00f6d\u0259ni\u015fl\u0259r k\u0259silir... - MEYDAN.TV","description":"\u201cBahar Energy\u201d \u018fm\u0259liyyat \u015eirk\u0259tind\u0259 son 14 ild\u0259 i\u015f\u00e7il\u0259rin maa\u015flar\u0131 art\u0131r\u0131lmad\u0131\u011f\u0131, \u0259ksin\u0259 20 faiz\u0259 q\u0259d\u0259r azald\u0131ld\u0131\u011f\u0131 bildirilir.","robots":{"index":"index","follow":"follow","max-snippet":"max-snippet:-1","max-image-preview":"max-image-preview:large","max-video-preview":"max-video-preview:-1"},"canonical":"https:\/\/www.meydan.tv\/az\/article\/bahar-energyden-sikayet-maaslar-azaldilir-odenisler-kesilir\/","og_locale":"az_AZ","og_type":"article","og_title":"\u201cBahar Energy\u201dd\u0259n \u015fikay\u0259t: Maa\u015flar azald\u0131l\u0131r, \u00f6d\u0259ni\u015fl\u0259r k\u0259silir... - MEYDAN.TV","og_description":"\u201cBahar Energy\u201d \u018fm\u0259liyyat \u015eirk\u0259tind\u0259 son 14 ild\u0259 i\u015f\u00e7il\u0259rin maa\u015flar\u0131 art\u0131r\u0131lmad\u0131\u011f\u0131, \u0259ksin\u0259 20 faiz\u0259 q\u0259d\u0259r azald\u0131ld\u0131\u011f\u0131 bildirilir.","og_url":"https:\/\/www.meydan.tv\/az\/article\/bahar-energyden-sikayet-maaslar-azaldilir-odenisler-kesilir\/","og_site_name":"MEYDAN.TV","article_published_time":"2024-07-15T07:23:16+00:00","article_modified_time":"2024-07-15T07:23:20+00:00","og_image":[{"width":1200,"height":800,"url":"https:\/\/www.meydan.tv\/wp-content\/uploads\/shutterstock_1693817908.jpg","type":"image\/jpeg"}],"author":"elli","twitter_card":"summary_large_image","twitter_creator":"@elli","schema":{"@context":"https:\/\/schema.org","@graph":[{"@type":"Article","@id":"https:\/\/www.meydan.tv\/az\/article\/bahar-energyden-sikayet-maaslar-azaldilir-odenisler-kesilir\/#article","isPartOf":{"@id":"https:\/\/www.meydan.tv\/az\/article\/bahar-energyden-sikayet-maaslar-azaldilir-odenisler-kesilir\/"},"author":{"name":"elli","@id":"https:\/\/www.meydan.tv\/az\/#\/schema\/person\/9cdbecf90d17180ce1dfbd95b08dcf47"},"headline":"\u201cBahar Energy\u201dd\u0259n \u015fikay\u0259t: Maa\u015flar azald\u0131l\u0131r, \u00f6d\u0259ni\u015fl\u0259r k\u0259silir&#8230;","datePublished":"2024-07-15T07:23:16+00:00","dateModified":"2024-07-15T07:23:20+00:00","mainEntityOfPage":{"@id":"https:\/\/www.meydan.tv\/az\/article\/bahar-energyden-sikayet-maaslar-azaldilir-odenisler-kesilir\/"},"wordCount":701,"publisher":{"@id":"https:\/\/www.meydan.tv\/az\/#organization"},"image":{"@id":"https:\/\/www.meydan.tv\/az\/article\/bahar-energyden-sikayet-maaslar-azaldilir-odenisler-kesilir\/#primaryimage"},"thumbnailUrl":"https:\/\/www.meydan.tv\/wp-content\/uploads\/shutterstock_1693817908.jpg","articleSection":["Sosial","T\u00f6vsiy\u0259","X\u0259b\u0259rl\u0259r"],"inLanguage":"az"},{"@type":"WebPage","@id":"https:\/\/www.meydan.tv\/az\/article\/bahar-energyden-sikayet-maaslar-azaldilir-odenisler-kesilir\/","url":"https:\/\/www.meydan.tv\/az\/article\/bahar-energyden-sikayet-maaslar-azaldilir-odenisler-kesilir\/","name":"\u201cBahar Energy\u201dd\u0259n \u015fikay\u0259t: Maa\u015flar azald\u0131l\u0131r, \u00f6d\u0259ni\u015fl\u0259r k\u0259silir... - MEYDAN.TV","isPartOf":{"@id":"https:\/\/www.meydan.tv\/az\/#website"},"primaryImageOfPage":{"@id":"https:\/\/www.meydan.tv\/az\/article\/bahar-energyden-sikayet-maaslar-azaldilir-odenisler-kesilir\/#primaryimage"},"image":{"@id":"https:\/\/www.meydan.tv\/az\/article\/bahar-energyden-sikayet-maaslar-azaldilir-odenisler-kesilir\/#primaryimage"},"thumbnailUrl":"https:\/\/www.meydan.tv\/wp-content\/uploads\/shutterstock_1693817908.jpg","datePublished":"2024-07-15T07:23:16+00:00","dateModified":"2024-07-15T07:23:20+00:00","description":"\u201cBahar Energy\u201d \u018fm\u0259liyyat \u015eirk\u0259tind\u0259 son 14 ild\u0259 i\u015f\u00e7il\u0259rin maa\u015flar\u0131 art\u0131r\u0131lmad\u0131\u011f\u0131, \u0259ksin\u0259 20 faiz\u0259 q\u0259d\u0259r azald\u0131ld\u0131\u011f\u0131 bildirilir.","breadcrumb":{"@id":"https:\/\/www.meydan.tv\/az\/article\/bahar-energyden-sikayet-maaslar-azaldilir-odenisler-kesilir\/#breadcrumb"},"inLanguage":"az","potentialAction":[{"@type":"ReadAction","target":["https:\/\/www.meydan.tv\/az\/article\/bahar-energyden-sikayet-maaslar-azaldilir-odenisler-kesilir\/"]}]},{"@type":"ImageObject","inLanguage":"az","@id":"https:\/\/www.meydan.tv\/az\/article\/bahar-energyden-sikayet-maaslar-azaldilir-odenisler-kesilir\/#primaryimage","url":"https:\/\/www.meydan.tv\/wp-content\/uploads\/shutterstock_1693817908.jpg","contentUrl":"https:\/\/www.meydan.tv\/wp-content\/uploads\/shutterstock_1693817908.jpg","width":1200,"height":800,"caption":"Az\u0259rbaycanda \u0259m\u0259k haqq\u0131. Foto: Black Pearl Footage\/shutterstoc"},{"@type":"BreadcrumbList","@id":"https:\/\/www.meydan.tv\/az\/article\/bahar-energyden-sikayet-maaslar-azaldilir-odenisler-kesilir\/#breadcrumb","itemListElement":[{"@type":"ListItem","position":1,"name":"Ana s\u0259hif\u0259","item":"https:\/\/www.meydan.tv\/az\/"},{"@type":"ListItem","position":2,"name":"Sosial","item":"https:\/\/www.meydan.tv\/az\/section\/sosial\/"},{"@type":"ListItem","position":3,"name":"\u201cBahar Energy\u201dd\u0259n \u015fikay\u0259t: Maa\u015flar azald\u0131l\u0131r, \u00f6d\u0259ni\u015fl\u0259r k\u0259silir&#8230;"}]},{"@type":"WebSite","@id":"https:\/\/www.meydan.tv\/az\/#website","url":"https:\/\/www.meydan.tv\/az\/","name":"MEYDAN.TV","description":"Meydan TV Az\u0259rbaycan\u0131n media m\u0259kan\u0131ndak\u0131 alternativ s\u0259sidir","publisher":{"@id":"https:\/\/www.meydan.tv\/az\/#organization"},"potentialAction":[{"@type":"SearchAction","target":{"@type":"EntryPoint","urlTemplate":"https:\/\/www.meydan.tv\/az\/?s={search_term_string}"},"query-input":{"@type":"PropertyValueSpecification","valueRequired":true,"valueName":"search_term_string"}}],"inLanguage":"az"},{"@type":"Organization","@id":"https:\/\/www.meydan.tv\/az\/#organization","name":"Meydan TV","url":"https:\/\/www.meydan.tv\/az\/","logo":{"@type":"ImageObject","inLanguage":"az","@id":"https:\/\/www.meydan.tv\/az\/#\/schema\/logo\/image\/","url":"https:\/\/www.meydan.tv\/wp-content\/uploads\/2021\/07\/meydan-logo.svg","contentUrl":"https:\/\/www.meydan.tv\/wp-content\/uploads\/2021\/07\/meydan-logo.svg","width":195,"height":46,"caption":"Meydan TV"},"image":{"@id":"https:\/\/www.meydan.tv\/az\/#\/schema\/logo\/image\/"}},{"@type":"Person","@id":"https:\/\/www.meydan.tv\/az\/#\/schema\/person\/9cdbecf90d17180ce1dfbd95b08dcf47","name":"elli","sameAs":["https:\/\/x.com\/elli"]}]}},"_links":{"self":[{"href":"https:\/\/www.meydan.tv\/az\/wp-json\/wp\/v2\/posts\/310236","targetHints":{"allow":["GET"]}}],"collection":[{"href":"https:\/\/www.meydan.tv\/az\/wp-json\/wp\/v2\/posts"}],"about":[{"href":"https:\/\/www.meydan.tv\/az\/wp-json\/wp\/v2\/types\/post"}],"author":[{"embeddable":true,"href":"https:\/\/www.meydan.tv\/az\/wp-json\/wp\/v2\/users\/8"}],"replies":[{"embeddable":true,"href":"https:\/\/www.meydan.tv\/az\/wp-json\/wp\/v2\/comments?post=310236"}],"version-history":[{"count":3,"href":"https:\/\/www.meydan.tv\/az\/wp-json\/wp\/v2\/posts\/310236\/revisions"}],"predecessor-version":[{"id":310246,"href":"https:\/\/www.meydan.tv\/az\/wp-json\/wp\/v2\/posts\/310236\/revisions\/310246"}],"wp:featuredmedia":[{"embeddable":true,"href":"https:\/\/www.meydan.tv\/az\/wp-json\/wp\/v2\/media\/287742"}],"wp:attachment":[{"href":"https:\/\/www.meydan.tv\/az\/wp-json\/wp\/v2\/media?parent=310236"}],"wp:term":[{"taxonomy":"category","embeddable":true,"href":"https:\/\/www.meydan.tv\/az\/wp-json\/wp\/v2\/categories?post=310236"},{"taxonomy":"post_tag","embeddable":true,"href":"https:\/\/www.meydan.tv\/az\/wp-json\/wp\/v2\/tags?post=310236"}],"curies":[{"name":"wp","href":"https:\/\/api.w.org\/{rel}","templated":true}]}}