{"id":310181,"date":"2024-07-13T22:29:36","date_gmt":"2024-07-13T18:29:36","guid":{"rendered":"https:\/\/www.meydan.tv\/?p=310181"},"modified":"2024-08-23T16:33:58","modified_gmt":"2024-08-23T12:33:58","slug":"axcp-novbedenkenar-parlament-seckilerini-boykot-etdi","status":"publish","type":"post","link":"https:\/\/www.meydan.tv\/az\/article\/axcp-novbedenkenar-parlament-seckilerini-boykot-etdi\/","title":{"rendered":"AXCP n\u00f6vb\u0259d\u0259nk\u0259nar parlament se\u00e7kil\u0259rini boykot etdi"},"content":{"rendered":"\n<p><\/p>\n\n\n\n<p><strong><em>Partiya 3 ay \u0259rzind\u0259 n\u00f6vb\u0259d\u0259nk\u0259nar qurultay\u0131n\u0131n \u00e7a\u011f\u0131r\u0131lmas\u0131 haqq\u0131nda da q\u0259rar verib<\/em><\/strong><\/p>\n\n\n\n<p>Az\u0259rbaycan Xalq C\u0259bh\u0259si Partiyas\u0131 (AXCP) sentyabr\u0131n 1-d\u0259 ke\u00e7iril\u0259c\u0259k n\u00f6vb\u0259d\u0259nk\u0259nar parlament se\u00e7kil\u0259rini boykot edib.<\/p>\n\n\n\n<p>Bu bar\u0259d\u0259 partiyan\u0131n Ali M\u0259clisi iyulun 13-d\u0259 q\u0259rar q\u0259bul edib.<\/p>\n\n\n\n<p>Ali M\u0259clis q\u0259rar\u0131n\u0131 m\u00f6vcud siyasi v\u0259ziyy\u0259tl\u0259 izah edib:<\/p>\n\n\n\n<p><em>&#8220;\u00d6lk\u0259d\u0259 300 n\u0259f\u0259rd\u0259n art\u0131q siyasi m\u0259hbusun h\u0259l\u0259 d\u0259 azad edilm\u0259diyini, s\u0259rb\u0259st topla\u015fmaq azadl\u0131\u011f\u0131n\u0131n qada\u011fan olundu\u011fun, se\u00e7ki komissiyalar\u0131n\u0131n hakimiyy\u0259tin tam n\u0259zar\u0259tind\u0259 oldu\u011funu, s\u0259sverm\u0259 v\u0259 s\u0259sl\u0259rin say\u0131lmas\u0131 prosesin\u0259 n\u0259zar\u0259tin m\u00fcmk\u00fcn\u00a0 olmad\u0131\u011f\u0131n\u0131, azad m\u0259tbuat\u0131n m\u0259hv edildiyini, se\u00e7kil\u0259rin m\u00fcst\u0259qil yerli m\u00fc\u015fahid\u0259\u00e7il\u0259r t\u0259r\u0259find\u0259n monitorinqin\u0259 imkan verilm\u0259diyini, azad r\u0259qab\u0259t v\u0259 se\u00e7ki m\u00fchitinin olmad\u0131\u011f\u0131n\u0131 n\u0259z\u0259r\u0259 alaraq 1 sentyabr Milli M\u0259clis\u0259 n\u00f6vb\u0259d\u0259nk\u0259nar se\u00e7ki boykot edilsin&#8221;.<\/em><\/p>\n\n\n\n<p>Ali M\u0259clis h\u0259m\u00e7inin 3 ay \u0259rzind\u0259 AXCP-nin n\u00f6vb\u0259d\u0259nk\u0259nar qurultay\u0131n\u0131n \u00e7a\u011f\u0131r\u0131lmas\u0131 haqq\u0131nda da q\u0259rar verib v\u0259 bununla ba\u011fl\u0131 21 n\u0259f\u0259rd\u0259n ibar\u0259t t\u0259\u015fkilat komit\u0259si yarad\u0131b:<\/p>\n\n\n<div class=\"wp-block-image\">\n<figure class=\"aligncenter size-full\"><img decoding=\"async\" width=\"1200\" height=\"681\" data-src=\"https:\/\/www.meydan.tv\/wp-content\/uploads\/451208354_1023973432426213_1847954579220041783_n.jpg\" alt=\"\" class=\"wp-image-310178 lazyload\" src=\"data:image\/svg+xml;base64,PHN2ZyB3aWR0aD0iMSIgaGVpZ2h0PSIxIiB4bWxucz0iaHR0cDovL3d3dy53My5vcmcvMjAwMC9zdmciPjwvc3ZnPg==\" style=\"--smush-placeholder-width: 1200px; --smush-placeholder-aspect-ratio: 1200\/681;\" \/><figcaption class=\"wp-element-caption\">AXCP Ali M\u0259clisinin toplant\u0131s\u0131. Foto: AXCP<\/figcaption><\/figure>\n<\/div>\n\n\n<p><em>&#8220;&#8221;Siyasi partiyalar haqq\u0131nda&#8221; yeni qanun h\u00f6kum\u0259t\u0259 partiyalar\u0131n i\u015fl\u0259rin\u0259 qar\u0131\u015fmaq \u00fc\u00e7\u00fcn \u0259lav\u0259 s\u0259lahiyy\u0259tl\u0259r verib. \u018fdliyy\u0259 Nazirliyi AXCP-y\u0259 m\u0259ktub g\u00f6nd\u0259r\u0259r\u0259k partiya nizamnam\u0259sinin qanunun t\u0259l\u0259bl\u0259rin\u0259 uy\u011funla\u015fd\u0131r\u0131lmas\u0131n\u0131 ist\u0259yib. Partiya &#8220;AXCP &#8220;Siyasi partiyalar haqq\u0131nda&#8221; Qanunu pozur&#8221; b\u0259han\u0259sini verm\u0259m\u0259k \u00fc\u00e7\u00fcn\u00a0 n\u00f6vb\u0259d\u0259nk\u0259nar qurultay\u0131n\u0131 \u00e7a\u011f\u0131rmaq q\u0259rar\u0131 verdi. Partiyan\u0131n yeni nizamnam\u0259si n\u00f6vb\u0259d\u0259nk\u0259nar qurultayda q\u0259bul olunacaq&#8221;.<\/em><\/p>\n\n\n\n<p><em>&#8220;D\u0259f\u0259l\u0259rl\u0259 m\u00fcraci\u0259t olumas\u0131na baxmayaraq hakimiyy\u0259t yenic\u0259 q\u0259bul etdiyi &#8220;Siyasi partiyalar haqq\u0131nda&#8221; Qanunu da\u00a0 pozaraq Ali M\u0259clisin iclas\u0131n\u0131n ke\u00e7irilm\u0259si \u00fc\u00e7\u00fcn uy\u011fun zal ay\u0131rmad\u0131. M\u0259cbur olub Ali M\u0259clis iclas\u0131n\u0131 \u00fczvl\u0259rimizin birinin h\u0259y\u0259tind\u0259 ke\u00e7irdik. T\u0259kc\u0259 bu fakt da \u00f6lk\u0259d\u0259 r\u0259qab\u0259t v\u0259 se\u00e7ki m\u00fchitinin olmad\u0131\u011f\u0131n\u0131 s\u00fcbut edir&#8221;, &#8211;<\/em> dey\u0259 partiyan\u0131n a\u00e7\u0131qlamas\u0131nda qeyd olunub.<\/p>\n\n\n\n<p>AXCP 2015 v\u0259 2020-ci il Milli M\u0259clis se\u00e7kil\u0259rini d\u0259 boykot edib.<\/p>\n\n\n\n<p>2024-c\u00fc il iyunun 21-d\u0259 Az\u0259rbaycan parlamenti \u00f6z\u00fcn\u00fcn burax\u0131lmas\u0131 v\u0259 Milli M\u0259clis\u0259 n\u00f6vb\u0259d\u0259nk\u0259nar se\u00e7kil\u0259rin t\u0259yin olunmas\u0131 il\u0259 ba\u011fl\u0131 Prezident \u0130lham \u018fliyev\u0259 m\u00fcraci\u0259t edib.<\/p>\n\n\n\n<p>\u0130lham \u018fliyev Milli M\u0259clisin burax\u0131lmas\u0131 v\u0259 sentyabr\u0131n 1-d\u0259 erk\u0259n se\u00e7ki ke\u00e7irilm\u0259si il\u0259 ba\u011fl\u0131 iyunun 28-d\u0259 s\u0259r\u0259ncam imzalay\u0131b.<\/p>\n\n\n\n<p><\/p>\n\n\n\n<p><\/p>\n","protected":false},"excerpt":{"rendered":"<p>Partiya 3 ay \u0259rzind\u0259 n\u00f6vb\u0259d\u0259nk\u0259nar qurultay\u0131n\u0131n \u00e7a\u011f\u0131r\u0131lmas\u0131 haqq\u0131nda da q\u0259rar &#8230; <\/p>\n<p class=\"read-more-container\"><a title=\"AXCP n\u00f6vb\u0259d\u0259nk\u0259nar parlament se\u00e7kil\u0259rini boykot etdi\" class=\"read-more button\" href=\"https:\/\/www.meydan.tv\/az\/article\/axcp-novbedenkenar-parlament-seckilerini-boykot-etdi\/#more-310181\" aria-label=\"Read more about AXCP n\u00f6vb\u0259d\u0259nk\u0259nar parlament se\u00e7kil\u0259rini boykot etdi\">Davam\u0131<\/a><\/p>\n","protected":false},"author":8,"featured_media":310175,"comment_status":"closed","ping_status":"closed","sticky":false,"template":"","format":"standard","meta":{"_acf_changed":false,"_sitemap_exclude":false,"_sitemap_priority":"","_sitemap_frequency":"","footnotes":""},"categories":[129,59,79,56],"tags":[],"class_list":["post-310181","post","type-post","status-publish","format-standard","has-post-thumbnail","hentry","category-sechki-2024","category-siyaset","category-featured","category-xeberler","infinite-scroll-item","generate-columns","tablet-grid-50","mobile-grid-100","grid-parent","grid-33","no-featured-image-padding"],"acf":[],"yoast_head":"<!-- This site is optimized with the Yoast SEO plugin v27.4 - https:\/\/yoast.com\/product\/yoast-seo-wordpress\/ -->\n<title>AXCP n\u00f6vb\u0259d\u0259nk\u0259nar parlament se\u00e7kil\u0259rini boykot etdi - MEYDAN.TV<\/title>\n<meta name=\"description\" content=\"Az\u0259rbaycan Xalq C\u0259bh\u0259si Partiyas\u0131 (AXCP) sentyabr\u0131n 1-d\u0259 ke\u00e7iril\u0259c\u0259k n\u00f6vb\u0259d\u0259nk\u0259nar parlament se\u00e7kil\u0259rini boykot edib.\" \/>\n<meta name=\"robots\" content=\"index, follow, max-snippet:-1, max-image-preview:large, max-video-preview:-1\" \/>\n<link rel=\"canonical\" href=\"https:\/\/www.meydan.tv\/az\/article\/axcp-novbedenkenar-parlament-seckilerini-boykot-etdi\/\" \/>\n<meta property=\"og:locale\" content=\"az_AZ\" \/>\n<meta property=\"og:type\" content=\"article\" \/>\n<meta property=\"og:title\" content=\"AXCP n\u00f6vb\u0259d\u0259nk\u0259nar parlament se\u00e7kil\u0259rini boykot etdi - MEYDAN.TV\" \/>\n<meta property=\"og:description\" content=\"Az\u0259rbaycan Xalq C\u0259bh\u0259si Partiyas\u0131 (AXCP) sentyabr\u0131n 1-d\u0259 ke\u00e7iril\u0259c\u0259k n\u00f6vb\u0259d\u0259nk\u0259nar parlament se\u00e7kil\u0259rini boykot edib.\" \/>\n<meta property=\"og:url\" content=\"https:\/\/www.meydan.tv\/az\/article\/axcp-novbedenkenar-parlament-seckilerini-boykot-etdi\/\" \/>\n<meta property=\"og:site_name\" content=\"MEYDAN.TV\" \/>\n<meta property=\"article:published_time\" content=\"2024-07-13T18:29:36+00:00\" \/>\n<meta property=\"article:modified_time\" content=\"2024-08-23T12:33:58+00:00\" \/>\n<meta property=\"og:image\" content=\"https:\/\/www.meydan.tv\/wp-content\/uploads\/451085585_1023973389092884_1752245971892970309_n-e1720895341350.jpg\" \/>\n\t<meta property=\"og:image:width\" content=\"1200\" \/>\n\t<meta property=\"og:image:height\" content=\"524\" \/>\n\t<meta property=\"og:image:type\" content=\"image\/jpeg\" \/>\n<meta name=\"author\" content=\"elli\" \/>\n<meta name=\"twitter:card\" content=\"summary_large_image\" \/>\n<meta name=\"twitter:creator\" content=\"@elli\" \/>\n<script type=\"application\/ld+json\" class=\"yoast-schema-graph\">{\"@context\":\"https:\\\/\\\/schema.org\",\"@graph\":[{\"@type\":\"Article\",\"@id\":\"https:\\\/\\\/www.meydan.tv\\\/az\\\/article\\\/axcp-novbedenkenar-parlament-seckilerini-boykot-etdi\\\/#article\",\"isPartOf\":{\"@id\":\"https:\\\/\\\/www.meydan.tv\\\/az\\\/article\\\/axcp-novbedenkenar-parlament-seckilerini-boykot-etdi\\\/\"},\"author\":{\"name\":\"elli\",\"@id\":\"https:\\\/\\\/www.meydan.tv\\\/az\\\/#\\\/schema\\\/person\\\/9cdbecf90d17180ce1dfbd95b08dcf47\"},\"headline\":\"AXCP n\u00f6vb\u0259d\u0259nk\u0259nar parlament se\u00e7kil\u0259rini boykot etdi\",\"datePublished\":\"2024-07-13T18:29:36+00:00\",\"dateModified\":\"2024-08-23T12:33:58+00:00\",\"mainEntityOfPage\":{\"@id\":\"https:\\\/\\\/www.meydan.tv\\\/az\\\/article\\\/axcp-novbedenkenar-parlament-seckilerini-boykot-etdi\\\/\"},\"wordCount\":501,\"publisher\":{\"@id\":\"https:\\\/\\\/www.meydan.tv\\\/az\\\/#organization\"},\"image\":{\"@id\":\"https:\\\/\\\/www.meydan.tv\\\/az\\\/article\\\/axcp-novbedenkenar-parlament-seckilerini-boykot-etdi\\\/#primaryimage\"},\"thumbnailUrl\":\"https:\\\/\\\/www.meydan.tv\\\/wp-content\\\/uploads\\\/451085585_1023973389092884_1752245971892970309_n-e1720895341350.jpg\",\"articleSection\":[\"Se\u00e7ki 2024\",\"Siyas\u0259t\",\"T\u00f6vsiy\u0259\",\"X\u0259b\u0259rl\u0259r\"],\"inLanguage\":\"az\"},{\"@type\":\"WebPage\",\"@id\":\"https:\\\/\\\/www.meydan.tv\\\/az\\\/article\\\/axcp-novbedenkenar-parlament-seckilerini-boykot-etdi\\\/\",\"url\":\"https:\\\/\\\/www.meydan.tv\\\/az\\\/article\\\/axcp-novbedenkenar-parlament-seckilerini-boykot-etdi\\\/\",\"name\":\"AXCP n\u00f6vb\u0259d\u0259nk\u0259nar parlament se\u00e7kil\u0259rini boykot etdi - MEYDAN.TV\",\"isPartOf\":{\"@id\":\"https:\\\/\\\/www.meydan.tv\\\/az\\\/#website\"},\"primaryImageOfPage\":{\"@id\":\"https:\\\/\\\/www.meydan.tv\\\/az\\\/article\\\/axcp-novbedenkenar-parlament-seckilerini-boykot-etdi\\\/#primaryimage\"},\"image\":{\"@id\":\"https:\\\/\\\/www.meydan.tv\\\/az\\\/article\\\/axcp-novbedenkenar-parlament-seckilerini-boykot-etdi\\\/#primaryimage\"},\"thumbnailUrl\":\"https:\\\/\\\/www.meydan.tv\\\/wp-content\\\/uploads\\\/451085585_1023973389092884_1752245971892970309_n-e1720895341350.jpg\",\"datePublished\":\"2024-07-13T18:29:36+00:00\",\"dateModified\":\"2024-08-23T12:33:58+00:00\",\"description\":\"Az\u0259rbaycan Xalq C\u0259bh\u0259si Partiyas\u0131 (AXCP) sentyabr\u0131n 1-d\u0259 ke\u00e7iril\u0259c\u0259k n\u00f6vb\u0259d\u0259nk\u0259nar parlament se\u00e7kil\u0259rini boykot edib.\",\"breadcrumb\":{\"@id\":\"https:\\\/\\\/www.meydan.tv\\\/az\\\/article\\\/axcp-novbedenkenar-parlament-seckilerini-boykot-etdi\\\/#breadcrumb\"},\"inLanguage\":\"az\",\"potentialAction\":[{\"@type\":\"ReadAction\",\"target\":[\"https:\\\/\\\/www.meydan.tv\\\/az\\\/article\\\/axcp-novbedenkenar-parlament-seckilerini-boykot-etdi\\\/\"]}]},{\"@type\":\"ImageObject\",\"inLanguage\":\"az\",\"@id\":\"https:\\\/\\\/www.meydan.tv\\\/az\\\/article\\\/axcp-novbedenkenar-parlament-seckilerini-boykot-etdi\\\/#primaryimage\",\"url\":\"https:\\\/\\\/www.meydan.tv\\\/wp-content\\\/uploads\\\/451085585_1023973389092884_1752245971892970309_n-e1720895341350.jpg\",\"contentUrl\":\"https:\\\/\\\/www.meydan.tv\\\/wp-content\\\/uploads\\\/451085585_1023973389092884_1752245971892970309_n-e1720895341350.jpg\",\"width\":1200,\"height\":524,\"caption\":\"AXCP Ali M\u0259clisinin toplant\u0131s\u0131. Foto: AXCP\"},{\"@type\":\"BreadcrumbList\",\"@id\":\"https:\\\/\\\/www.meydan.tv\\\/az\\\/article\\\/axcp-novbedenkenar-parlament-seckilerini-boykot-etdi\\\/#breadcrumb\",\"itemListElement\":[{\"@type\":\"ListItem\",\"position\":1,\"name\":\"Ana s\u0259hif\u0259\",\"item\":\"https:\\\/\\\/www.meydan.tv\\\/az\\\/\"},{\"@type\":\"ListItem\",\"position\":2,\"name\":\"Siyas\u0259t\",\"item\":\"https:\\\/\\\/www.meydan.tv\\\/az\\\/section\\\/siyaset\\\/\"},{\"@type\":\"ListItem\",\"position\":3,\"name\":\"AXCP n\u00f6vb\u0259d\u0259nk\u0259nar parlament se\u00e7kil\u0259rini boykot etdi\"}]},{\"@type\":\"WebSite\",\"@id\":\"https:\\\/\\\/www.meydan.tv\\\/az\\\/#website\",\"url\":\"https:\\\/\\\/www.meydan.tv\\\/az\\\/\",\"name\":\"MEYDAN.TV\",\"description\":\"Meydan TV Az\u0259rbaycan\u0131n media m\u0259kan\u0131ndak\u0131 alternativ s\u0259sidir\",\"publisher\":{\"@id\":\"https:\\\/\\\/www.meydan.tv\\\/az\\\/#organization\"},\"potentialAction\":[{\"@type\":\"SearchAction\",\"target\":{\"@type\":\"EntryPoint\",\"urlTemplate\":\"https:\\\/\\\/www.meydan.tv\\\/az\\\/?s={search_term_string}\"},\"query-input\":{\"@type\":\"PropertyValueSpecification\",\"valueRequired\":true,\"valueName\":\"search_term_string\"}}],\"inLanguage\":\"az\"},{\"@type\":\"Organization\",\"@id\":\"https:\\\/\\\/www.meydan.tv\\\/az\\\/#organization\",\"name\":\"Meydan TV\",\"url\":\"https:\\\/\\\/www.meydan.tv\\\/az\\\/\",\"logo\":{\"@type\":\"ImageObject\",\"inLanguage\":\"az\",\"@id\":\"https:\\\/\\\/www.meydan.tv\\\/az\\\/#\\\/schema\\\/logo\\\/image\\\/\",\"url\":\"https:\\\/\\\/www.meydan.tv\\\/wp-content\\\/uploads\\\/2021\\\/07\\\/meydan-logo.svg\",\"contentUrl\":\"https:\\\/\\\/www.meydan.tv\\\/wp-content\\\/uploads\\\/2021\\\/07\\\/meydan-logo.svg\",\"width\":195,\"height\":46,\"caption\":\"Meydan TV\"},\"image\":{\"@id\":\"https:\\\/\\\/www.meydan.tv\\\/az\\\/#\\\/schema\\\/logo\\\/image\\\/\"}},{\"@type\":\"Person\",\"@id\":\"https:\\\/\\\/www.meydan.tv\\\/az\\\/#\\\/schema\\\/person\\\/9cdbecf90d17180ce1dfbd95b08dcf47\",\"name\":\"elli\",\"sameAs\":[\"https:\\\/\\\/x.com\\\/elli\"]}]}<\/script>\n<!-- \/ Yoast SEO plugin. -->","yoast_head_json":{"title":"AXCP n\u00f6vb\u0259d\u0259nk\u0259nar parlament se\u00e7kil\u0259rini boykot etdi - MEYDAN.TV","description":"Az\u0259rbaycan Xalq C\u0259bh\u0259si Partiyas\u0131 (AXCP) sentyabr\u0131n 1-d\u0259 ke\u00e7iril\u0259c\u0259k n\u00f6vb\u0259d\u0259nk\u0259nar parlament se\u00e7kil\u0259rini boykot edib.","robots":{"index":"index","follow":"follow","max-snippet":"max-snippet:-1","max-image-preview":"max-image-preview:large","max-video-preview":"max-video-preview:-1"},"canonical":"https:\/\/www.meydan.tv\/az\/article\/axcp-novbedenkenar-parlament-seckilerini-boykot-etdi\/","og_locale":"az_AZ","og_type":"article","og_title":"AXCP n\u00f6vb\u0259d\u0259nk\u0259nar parlament se\u00e7kil\u0259rini boykot etdi - MEYDAN.TV","og_description":"Az\u0259rbaycan Xalq C\u0259bh\u0259si Partiyas\u0131 (AXCP) sentyabr\u0131n 1-d\u0259 ke\u00e7iril\u0259c\u0259k n\u00f6vb\u0259d\u0259nk\u0259nar parlament se\u00e7kil\u0259rini boykot edib.","og_url":"https:\/\/www.meydan.tv\/az\/article\/axcp-novbedenkenar-parlament-seckilerini-boykot-etdi\/","og_site_name":"MEYDAN.TV","article_published_time":"2024-07-13T18:29:36+00:00","article_modified_time":"2024-08-23T12:33:58+00:00","og_image":[{"width":1200,"height":524,"url":"https:\/\/www.meydan.tv\/wp-content\/uploads\/451085585_1023973389092884_1752245971892970309_n-e1720895341350.jpg","type":"image\/jpeg"}],"author":"elli","twitter_card":"summary_large_image","twitter_creator":"@elli","schema":{"@context":"https:\/\/schema.org","@graph":[{"@type":"Article","@id":"https:\/\/www.meydan.tv\/az\/article\/axcp-novbedenkenar-parlament-seckilerini-boykot-etdi\/#article","isPartOf":{"@id":"https:\/\/www.meydan.tv\/az\/article\/axcp-novbedenkenar-parlament-seckilerini-boykot-etdi\/"},"author":{"name":"elli","@id":"https:\/\/www.meydan.tv\/az\/#\/schema\/person\/9cdbecf90d17180ce1dfbd95b08dcf47"},"headline":"AXCP n\u00f6vb\u0259d\u0259nk\u0259nar parlament se\u00e7kil\u0259rini boykot etdi","datePublished":"2024-07-13T18:29:36+00:00","dateModified":"2024-08-23T12:33:58+00:00","mainEntityOfPage":{"@id":"https:\/\/www.meydan.tv\/az\/article\/axcp-novbedenkenar-parlament-seckilerini-boykot-etdi\/"},"wordCount":501,"publisher":{"@id":"https:\/\/www.meydan.tv\/az\/#organization"},"image":{"@id":"https:\/\/www.meydan.tv\/az\/article\/axcp-novbedenkenar-parlament-seckilerini-boykot-etdi\/#primaryimage"},"thumbnailUrl":"https:\/\/www.meydan.tv\/wp-content\/uploads\/451085585_1023973389092884_1752245971892970309_n-e1720895341350.jpg","articleSection":["Se\u00e7ki 2024","Siyas\u0259t","T\u00f6vsiy\u0259","X\u0259b\u0259rl\u0259r"],"inLanguage":"az"},{"@type":"WebPage","@id":"https:\/\/www.meydan.tv\/az\/article\/axcp-novbedenkenar-parlament-seckilerini-boykot-etdi\/","url":"https:\/\/www.meydan.tv\/az\/article\/axcp-novbedenkenar-parlament-seckilerini-boykot-etdi\/","name":"AXCP n\u00f6vb\u0259d\u0259nk\u0259nar parlament se\u00e7kil\u0259rini boykot etdi - MEYDAN.TV","isPartOf":{"@id":"https:\/\/www.meydan.tv\/az\/#website"},"primaryImageOfPage":{"@id":"https:\/\/www.meydan.tv\/az\/article\/axcp-novbedenkenar-parlament-seckilerini-boykot-etdi\/#primaryimage"},"image":{"@id":"https:\/\/www.meydan.tv\/az\/article\/axcp-novbedenkenar-parlament-seckilerini-boykot-etdi\/#primaryimage"},"thumbnailUrl":"https:\/\/www.meydan.tv\/wp-content\/uploads\/451085585_1023973389092884_1752245971892970309_n-e1720895341350.jpg","datePublished":"2024-07-13T18:29:36+00:00","dateModified":"2024-08-23T12:33:58+00:00","description":"Az\u0259rbaycan Xalq C\u0259bh\u0259si Partiyas\u0131 (AXCP) sentyabr\u0131n 1-d\u0259 ke\u00e7iril\u0259c\u0259k n\u00f6vb\u0259d\u0259nk\u0259nar parlament se\u00e7kil\u0259rini boykot edib.","breadcrumb":{"@id":"https:\/\/www.meydan.tv\/az\/article\/axcp-novbedenkenar-parlament-seckilerini-boykot-etdi\/#breadcrumb"},"inLanguage":"az","potentialAction":[{"@type":"ReadAction","target":["https:\/\/www.meydan.tv\/az\/article\/axcp-novbedenkenar-parlament-seckilerini-boykot-etdi\/"]}]},{"@type":"ImageObject","inLanguage":"az","@id":"https:\/\/www.meydan.tv\/az\/article\/axcp-novbedenkenar-parlament-seckilerini-boykot-etdi\/#primaryimage","url":"https:\/\/www.meydan.tv\/wp-content\/uploads\/451085585_1023973389092884_1752245971892970309_n-e1720895341350.jpg","contentUrl":"https:\/\/www.meydan.tv\/wp-content\/uploads\/451085585_1023973389092884_1752245971892970309_n-e1720895341350.jpg","width":1200,"height":524,"caption":"AXCP Ali M\u0259clisinin toplant\u0131s\u0131. Foto: AXCP"},{"@type":"BreadcrumbList","@id":"https:\/\/www.meydan.tv\/az\/article\/axcp-novbedenkenar-parlament-seckilerini-boykot-etdi\/#breadcrumb","itemListElement":[{"@type":"ListItem","position":1,"name":"Ana s\u0259hif\u0259","item":"https:\/\/www.meydan.tv\/az\/"},{"@type":"ListItem","position":2,"name":"Siyas\u0259t","item":"https:\/\/www.meydan.tv\/az\/section\/siyaset\/"},{"@type":"ListItem","position":3,"name":"AXCP n\u00f6vb\u0259d\u0259nk\u0259nar parlament se\u00e7kil\u0259rini boykot etdi"}]},{"@type":"WebSite","@id":"https:\/\/www.meydan.tv\/az\/#website","url":"https:\/\/www.meydan.tv\/az\/","name":"MEYDAN.TV","description":"Meydan TV Az\u0259rbaycan\u0131n media m\u0259kan\u0131ndak\u0131 alternativ s\u0259sidir","publisher":{"@id":"https:\/\/www.meydan.tv\/az\/#organization"},"potentialAction":[{"@type":"SearchAction","target":{"@type":"EntryPoint","urlTemplate":"https:\/\/www.meydan.tv\/az\/?s={search_term_string}"},"query-input":{"@type":"PropertyValueSpecification","valueRequired":true,"valueName":"search_term_string"}}],"inLanguage":"az"},{"@type":"Organization","@id":"https:\/\/www.meydan.tv\/az\/#organization","name":"Meydan TV","url":"https:\/\/www.meydan.tv\/az\/","logo":{"@type":"ImageObject","inLanguage":"az","@id":"https:\/\/www.meydan.tv\/az\/#\/schema\/logo\/image\/","url":"https:\/\/www.meydan.tv\/wp-content\/uploads\/2021\/07\/meydan-logo.svg","contentUrl":"https:\/\/www.meydan.tv\/wp-content\/uploads\/2021\/07\/meydan-logo.svg","width":195,"height":46,"caption":"Meydan TV"},"image":{"@id":"https:\/\/www.meydan.tv\/az\/#\/schema\/logo\/image\/"}},{"@type":"Person","@id":"https:\/\/www.meydan.tv\/az\/#\/schema\/person\/9cdbecf90d17180ce1dfbd95b08dcf47","name":"elli","sameAs":["https:\/\/x.com\/elli"]}]}},"_links":{"self":[{"href":"https:\/\/www.meydan.tv\/az\/wp-json\/wp\/v2\/posts\/310181","targetHints":{"allow":["GET"]}}],"collection":[{"href":"https:\/\/www.meydan.tv\/az\/wp-json\/wp\/v2\/posts"}],"about":[{"href":"https:\/\/www.meydan.tv\/az\/wp-json\/wp\/v2\/types\/post"}],"author":[{"embeddable":true,"href":"https:\/\/www.meydan.tv\/az\/wp-json\/wp\/v2\/users\/8"}],"replies":[{"embeddable":true,"href":"https:\/\/www.meydan.tv\/az\/wp-json\/wp\/v2\/comments?post=310181"}],"version-history":[{"count":2,"href":"https:\/\/www.meydan.tv\/az\/wp-json\/wp\/v2\/posts\/310181\/revisions"}],"predecessor-version":[{"id":313649,"href":"https:\/\/www.meydan.tv\/az\/wp-json\/wp\/v2\/posts\/310181\/revisions\/313649"}],"wp:featuredmedia":[{"embeddable":true,"href":"https:\/\/www.meydan.tv\/az\/wp-json\/wp\/v2\/media\/310175"}],"wp:attachment":[{"href":"https:\/\/www.meydan.tv\/az\/wp-json\/wp\/v2\/media?parent=310181"}],"wp:term":[{"taxonomy":"category","embeddable":true,"href":"https:\/\/www.meydan.tv\/az\/wp-json\/wp\/v2\/categories?post=310181"},{"taxonomy":"post_tag","embeddable":true,"href":"https:\/\/www.meydan.tv\/az\/wp-json\/wp\/v2\/tags?post=310181"}],"curies":[{"name":"wp","href":"https:\/\/api.w.org\/{rel}","templated":true}]}}