{"id":310133,"date":"2024-07-12T18:21:48","date_gmt":"2024-07-12T14:21:48","guid":{"rendered":"https:\/\/www.meydan.tv\/?p=310133"},"modified":"2024-07-12T18:21:49","modified_gmt":"2024-07-12T14:21:49","slug":"ramil-usubovun-qardasi-oglu-restoranda-bicaqlanib","status":"publish","type":"post","link":"https:\/\/www.meydan.tv\/az\/article\/ramil-usubovun-qardasi-oglu-restoranda-bicaqlanib\/","title":{"rendered":"Ramil Usubovun qarda\u015f\u0131 o\u011flu restoranda b\u0131\u00e7aqlan\u0131b"},"content":{"rendered":"\n<p><\/p>\n\n\n\n<p><strong><em>N\u0259rimanov rayonunun ke\u00e7mi\u015f prokuror m\u00fcavinin\u0259 qar\u015f\u0131 ba\u015f ver\u0259nl\u0259rl\u0259 \u0259laq\u0259dar cinay\u0259t i\u015fi ba\u015flan\u0131b<\/em><\/strong><\/p>\n\n\n\n<p>Prezident yan\u0131nda T\u0259hl\u00fck\u0259sizlik \u015euras\u0131n\u0131n katibi, ke\u00e7mi\u015f daxili i\u015fl\u0259r naziri Ramil Usubovun qarda\u015f\u0131 o\u011flu Zeynal Usubovun b\u0131\u00e7aqland\u0131\u011f\u0131 bildirilir. M\u0259lumata g\u00f6r\u0259, hadis\u0259 iyulun 9-da gec\u0259 saatlar\u0131nda Bak\u0131da \u2013 Azadl\u0131q prospektind\u0259 yerl\u0259\u015f\u0259n \u201cHollywood\u201d restoran\u0131nda ba\u015f verib.<\/p>\n\n\n\n<p>N\u0259rimanov rayonunun prokuror m\u00fcavini olmu\u015f Zeynal Usubovun x\u0259st\u0259xanaya \u00e7atd\u0131r\u0131ld\u0131\u011f\u0131 v\u0259 \u00fcz\u0259rind\u0259 c\u0259rrahiyy\u0259 \u0259m\u0259liyyat\u0131 apar\u0131ld\u0131\u011f\u0131 bildirilir.<\/p>\n\n\n\n<p>Faktla ba\u011fl\u0131 Bin\u0259q\u0259di Rayon Polis \u0130dar\u0259sind\u0259 Cinay\u0259t M\u0259c\u0259ll\u0259sinin 221.3 (silah v\u0259 ya silah qismind\u0259 \u0259\u015fyadan istifad\u0259 olunmaqla xuliqanl\u0131q) madd\u0259sil\u0259 cinay\u0259t i\u015fi ba\u015flan\u0131b, istintaq gedir.<\/p>\n\n\n\n<p>Zeynal Usubov uzun m\u00fcdd\u0259t prokurorluq orqanlar\u0131nda i\u015fl\u0259yib. O, bir m\u00fcdd\u0259t \u0259vv\u0259l\u0259 q\u0259d\u0259r N\u0259rimanov rayon prokurorunun m\u00fcavini v\u0259zif\u0259sind\u0259 \u00e7al\u0131\u015f\u0131rd\u0131. Zeynal Usubov 2023-c\u00fc ild\u0259 prokurorluqda v\u0259zif\u0259sind\u0259n azad edilib.<\/p>\n\n\n\n<p>Onun atas\u0131 M\u00fct\u0259llim Orucov is\u0259 uzun ill\u0259r \u0259vv\u0259lki MTN v\u0259 haz\u0131rk\u0131 DTX-da m\u00fcxt\u0259lif v\u0259zif\u0259l\u0259rd\u0259 i\u015fl\u0259yib. O, MTN-in Yasamal \u015f\u00f6b\u0259sinin r\u0259isi olub. H\u0259m\u00e7inin Antiterror M\u0259rk\u0259zin\u0259 d\u0259 r\u0259hb\u0259rlik edib.<\/p>\n\n\n\n<p>\u201cHollywood\u201d restoran\u0131 Bak\u0131da tikinti biznesil\u0259 m\u0259\u015f\u011ful olan i\u015f adam\u0131, \u201c\u015e\u0259rurlu \u0130sg\u0259ndiyar\u201d kimi tan\u0131nan \u0130sf\u0259ndiyar Axundova m\u0259xsusdur. O, \u201cpravda.az\u201da a\u00e7\u0131qlamas\u0131nda restoran\u0131 10 illik icar\u0259y\u0259 verdiyini v\u0259 bu \u00fczd\u0259n hadis\u0259d\u0259n x\u0259b\u0259rsiz oldu\u011funu bildirib.<\/p>\n","protected":false},"excerpt":{"rendered":"<p>N\u0259rimanov rayonunun ke\u00e7mi\u015f prokuror m\u00fcavinin\u0259 qar\u015f\u0131 ba\u015f ver\u0259nl\u0259rl\u0259 \u0259laq\u0259dar cinay\u0259t &#8230; <\/p>\n<p class=\"read-more-container\"><a title=\"Ramil Usubovun qarda\u015f\u0131 o\u011flu restoranda b\u0131\u00e7aqlan\u0131b\" class=\"read-more button\" href=\"https:\/\/www.meydan.tv\/az\/article\/ramil-usubovun-qardasi-oglu-restoranda-bicaqlanib\/#more-310133\" aria-label=\"Read more about Ramil Usubovun qarda\u015f\u0131 o\u011flu restoranda b\u0131\u00e7aqlan\u0131b\">Davam\u0131<\/a><\/p>\n","protected":false},"author":21,"featured_media":267375,"comment_status":"closed","ping_status":"closed","sticky":false,"template":"","format":"standard","meta":{"_acf_changed":false,"_sitemap_exclude":false,"_sitemap_priority":"","_sitemap_frequency":"","footnotes":""},"categories":[62,79,56],"tags":[],"class_list":["post-310133","post","type-post","status-publish","format-standard","has-post-thumbnail","hentry","category-sosial","category-featured","category-xeberler","infinite-scroll-item","generate-columns","tablet-grid-50","mobile-grid-100","grid-parent","grid-33","no-featured-image-padding"],"acf":[],"yoast_head":"<!-- This site is optimized with the Yoast SEO plugin v27.5 - https:\/\/yoast.com\/product\/yoast-seo-wordpress\/ -->\n<title>Ramil Usubovun qarda\u015f\u0131 o\u011flu restoranda b\u0131\u00e7aqlan\u0131b - MEYDAN.TV<\/title>\n<meta name=\"description\" content=\"Prezident yan\u0131nda T\u0259hl\u00fck\u0259sizlik \u015euras\u0131n\u0131n katibi Ramil Usubovun qarda\u015f\u0131 o\u011flu Zeynal Usubovun b\u0131\u00e7aqland\u0131\u011f\u0131 bildirilir.\" \/>\n<meta name=\"robots\" content=\"index, follow, max-snippet:-1, max-image-preview:large, max-video-preview:-1\" \/>\n<link rel=\"canonical\" href=\"https:\/\/www.meydan.tv\/az\/article\/ramil-usubovun-qardasi-oglu-restoranda-bicaqlanib\/\" \/>\n<meta property=\"og:locale\" content=\"az_AZ\" \/>\n<meta property=\"og:type\" content=\"article\" \/>\n<meta property=\"og:title\" content=\"Ramil Usubovun qarda\u015f\u0131 o\u011flu restoranda b\u0131\u00e7aqlan\u0131b - MEYDAN.TV\" \/>\n<meta property=\"og:description\" content=\"Prezident yan\u0131nda T\u0259hl\u00fck\u0259sizlik \u015euras\u0131n\u0131n katibi Ramil Usubovun qarda\u015f\u0131 o\u011flu Zeynal Usubovun b\u0131\u00e7aqland\u0131\u011f\u0131 bildirilir.\" \/>\n<meta property=\"og:url\" content=\"https:\/\/www.meydan.tv\/az\/article\/ramil-usubovun-qardasi-oglu-restoranda-bicaqlanib\/\" \/>\n<meta property=\"og:site_name\" content=\"MEYDAN.TV\" \/>\n<meta property=\"article:published_time\" content=\"2024-07-12T14:21:48+00:00\" \/>\n<meta property=\"article:modified_time\" content=\"2024-07-12T14:21:49+00:00\" \/>\n<meta property=\"og:image\" content=\"https:\/\/www.meydan.tv\/wp-content\/uploads\/download-14.png\" \/>\n\t<meta property=\"og:image:width\" content=\"1200\" \/>\n\t<meta property=\"og:image:height\" content=\"801\" \/>\n\t<meta property=\"og:image:type\" content=\"image\/png\" \/>\n<meta name=\"author\" content=\"mahmud\" \/>\n<meta name=\"twitter:card\" content=\"summary_large_image\" \/>\n<script type=\"application\/ld+json\" class=\"yoast-schema-graph\">{\"@context\":\"https:\\\/\\\/schema.org\",\"@graph\":[{\"@type\":\"Article\",\"@id\":\"https:\\\/\\\/www.meydan.tv\\\/az\\\/article\\\/ramil-usubovun-qardasi-oglu-restoranda-bicaqlanib\\\/#article\",\"isPartOf\":{\"@id\":\"https:\\\/\\\/www.meydan.tv\\\/az\\\/article\\\/ramil-usubovun-qardasi-oglu-restoranda-bicaqlanib\\\/\"},\"author\":{\"name\":\"mahmud\",\"@id\":\"https:\\\/\\\/www.meydan.tv\\\/az\\\/#\\\/schema\\\/person\\\/09863e516102a829e72bedcf3f84c6b0\"},\"headline\":\"Ramil Usubovun qarda\u015f\u0131 o\u011flu restoranda b\u0131\u00e7aqlan\u0131b\",\"datePublished\":\"2024-07-12T14:21:48+00:00\",\"dateModified\":\"2024-07-12T14:21:49+00:00\",\"mainEntityOfPage\":{\"@id\":\"https:\\\/\\\/www.meydan.tv\\\/az\\\/article\\\/ramil-usubovun-qardasi-oglu-restoranda-bicaqlanib\\\/\"},\"wordCount\":281,\"publisher\":{\"@id\":\"https:\\\/\\\/www.meydan.tv\\\/az\\\/#organization\"},\"image\":{\"@id\":\"https:\\\/\\\/www.meydan.tv\\\/az\\\/article\\\/ramil-usubovun-qardasi-oglu-restoranda-bicaqlanib\\\/#primaryimage\"},\"thumbnailUrl\":\"https:\\\/\\\/www.meydan.tv\\\/wp-content\\\/uploads\\\/download-14.png\",\"articleSection\":[\"Sosial\",\"T\u00f6vsiy\u0259\",\"X\u0259b\u0259rl\u0259r\"],\"inLanguage\":\"az\"},{\"@type\":\"WebPage\",\"@id\":\"https:\\\/\\\/www.meydan.tv\\\/az\\\/article\\\/ramil-usubovun-qardasi-oglu-restoranda-bicaqlanib\\\/\",\"url\":\"https:\\\/\\\/www.meydan.tv\\\/az\\\/article\\\/ramil-usubovun-qardasi-oglu-restoranda-bicaqlanib\\\/\",\"name\":\"Ramil Usubovun qarda\u015f\u0131 o\u011flu restoranda b\u0131\u00e7aqlan\u0131b - MEYDAN.TV\",\"isPartOf\":{\"@id\":\"https:\\\/\\\/www.meydan.tv\\\/az\\\/#website\"},\"primaryImageOfPage\":{\"@id\":\"https:\\\/\\\/www.meydan.tv\\\/az\\\/article\\\/ramil-usubovun-qardasi-oglu-restoranda-bicaqlanib\\\/#primaryimage\"},\"image\":{\"@id\":\"https:\\\/\\\/www.meydan.tv\\\/az\\\/article\\\/ramil-usubovun-qardasi-oglu-restoranda-bicaqlanib\\\/#primaryimage\"},\"thumbnailUrl\":\"https:\\\/\\\/www.meydan.tv\\\/wp-content\\\/uploads\\\/download-14.png\",\"datePublished\":\"2024-07-12T14:21:48+00:00\",\"dateModified\":\"2024-07-12T14:21:49+00:00\",\"description\":\"Prezident yan\u0131nda T\u0259hl\u00fck\u0259sizlik \u015euras\u0131n\u0131n katibi Ramil Usubovun qarda\u015f\u0131 o\u011flu Zeynal Usubovun b\u0131\u00e7aqland\u0131\u011f\u0131 bildirilir.\",\"breadcrumb\":{\"@id\":\"https:\\\/\\\/www.meydan.tv\\\/az\\\/article\\\/ramil-usubovun-qardasi-oglu-restoranda-bicaqlanib\\\/#breadcrumb\"},\"inLanguage\":\"az\",\"potentialAction\":[{\"@type\":\"ReadAction\",\"target\":[\"https:\\\/\\\/www.meydan.tv\\\/az\\\/article\\\/ramil-usubovun-qardasi-oglu-restoranda-bicaqlanib\\\/\"]}]},{\"@type\":\"ImageObject\",\"inLanguage\":\"az\",\"@id\":\"https:\\\/\\\/www.meydan.tv\\\/az\\\/article\\\/ramil-usubovun-qardasi-oglu-restoranda-bicaqlanib\\\/#primaryimage\",\"url\":\"https:\\\/\\\/www.meydan.tv\\\/wp-content\\\/uploads\\\/download-14.png\",\"contentUrl\":\"https:\\\/\\\/www.meydan.tv\\\/wp-content\\\/uploads\\\/download-14.png\",\"width\":1200,\"height\":801,\"caption\":\"Q\u0259tl hadis\u0259si. Foto: MiniStocker\\\/shutterstock\"},{\"@type\":\"BreadcrumbList\",\"@id\":\"https:\\\/\\\/www.meydan.tv\\\/az\\\/article\\\/ramil-usubovun-qardasi-oglu-restoranda-bicaqlanib\\\/#breadcrumb\",\"itemListElement\":[{\"@type\":\"ListItem\",\"position\":1,\"name\":\"Ana s\u0259hif\u0259\",\"item\":\"https:\\\/\\\/www.meydan.tv\\\/az\\\/\"},{\"@type\":\"ListItem\",\"position\":2,\"name\":\"Sosial\",\"item\":\"https:\\\/\\\/www.meydan.tv\\\/az\\\/section\\\/sosial\\\/\"},{\"@type\":\"ListItem\",\"position\":3,\"name\":\"Ramil Usubovun qarda\u015f\u0131 o\u011flu restoranda b\u0131\u00e7aqlan\u0131b\"}]},{\"@type\":\"WebSite\",\"@id\":\"https:\\\/\\\/www.meydan.tv\\\/az\\\/#website\",\"url\":\"https:\\\/\\\/www.meydan.tv\\\/az\\\/\",\"name\":\"MEYDAN.TV\",\"description\":\"Meydan TV Az\u0259rbaycan\u0131n media m\u0259kan\u0131ndak\u0131 alternativ s\u0259sidir\",\"publisher\":{\"@id\":\"https:\\\/\\\/www.meydan.tv\\\/az\\\/#organization\"},\"potentialAction\":[{\"@type\":\"SearchAction\",\"target\":{\"@type\":\"EntryPoint\",\"urlTemplate\":\"https:\\\/\\\/www.meydan.tv\\\/az\\\/?s={search_term_string}\"},\"query-input\":{\"@type\":\"PropertyValueSpecification\",\"valueRequired\":true,\"valueName\":\"search_term_string\"}}],\"inLanguage\":\"az\"},{\"@type\":\"Organization\",\"@id\":\"https:\\\/\\\/www.meydan.tv\\\/az\\\/#organization\",\"name\":\"Meydan TV\",\"url\":\"https:\\\/\\\/www.meydan.tv\\\/az\\\/\",\"logo\":{\"@type\":\"ImageObject\",\"inLanguage\":\"az\",\"@id\":\"https:\\\/\\\/www.meydan.tv\\\/az\\\/#\\\/schema\\\/logo\\\/image\\\/\",\"url\":\"https:\\\/\\\/www.meydan.tv\\\/wp-content\\\/uploads\\\/2021\\\/07\\\/meydan-logo.svg\",\"contentUrl\":\"https:\\\/\\\/www.meydan.tv\\\/wp-content\\\/uploads\\\/2021\\\/07\\\/meydan-logo.svg\",\"width\":195,\"height\":46,\"caption\":\"Meydan TV\"},\"image\":{\"@id\":\"https:\\\/\\\/www.meydan.tv\\\/az\\\/#\\\/schema\\\/logo\\\/image\\\/\"}},{\"@type\":\"Person\",\"@id\":\"https:\\\/\\\/www.meydan.tv\\\/az\\\/#\\\/schema\\\/person\\\/09863e516102a829e72bedcf3f84c6b0\",\"name\":\"mahmud\"}]}<\/script>\n<!-- \/ Yoast SEO plugin. -->","yoast_head_json":{"title":"Ramil Usubovun qarda\u015f\u0131 o\u011flu restoranda b\u0131\u00e7aqlan\u0131b - MEYDAN.TV","description":"Prezident yan\u0131nda T\u0259hl\u00fck\u0259sizlik \u015euras\u0131n\u0131n katibi Ramil Usubovun qarda\u015f\u0131 o\u011flu Zeynal Usubovun b\u0131\u00e7aqland\u0131\u011f\u0131 bildirilir.","robots":{"index":"index","follow":"follow","max-snippet":"max-snippet:-1","max-image-preview":"max-image-preview:large","max-video-preview":"max-video-preview:-1"},"canonical":"https:\/\/www.meydan.tv\/az\/article\/ramil-usubovun-qardasi-oglu-restoranda-bicaqlanib\/","og_locale":"az_AZ","og_type":"article","og_title":"Ramil Usubovun qarda\u015f\u0131 o\u011flu restoranda b\u0131\u00e7aqlan\u0131b - MEYDAN.TV","og_description":"Prezident yan\u0131nda T\u0259hl\u00fck\u0259sizlik \u015euras\u0131n\u0131n katibi Ramil Usubovun qarda\u015f\u0131 o\u011flu Zeynal Usubovun b\u0131\u00e7aqland\u0131\u011f\u0131 bildirilir.","og_url":"https:\/\/www.meydan.tv\/az\/article\/ramil-usubovun-qardasi-oglu-restoranda-bicaqlanib\/","og_site_name":"MEYDAN.TV","article_published_time":"2024-07-12T14:21:48+00:00","article_modified_time":"2024-07-12T14:21:49+00:00","og_image":[{"width":1200,"height":801,"url":"https:\/\/www.meydan.tv\/wp-content\/uploads\/download-14.png","type":"image\/png"}],"author":"mahmud","twitter_card":"summary_large_image","schema":{"@context":"https:\/\/schema.org","@graph":[{"@type":"Article","@id":"https:\/\/www.meydan.tv\/az\/article\/ramil-usubovun-qardasi-oglu-restoranda-bicaqlanib\/#article","isPartOf":{"@id":"https:\/\/www.meydan.tv\/az\/article\/ramil-usubovun-qardasi-oglu-restoranda-bicaqlanib\/"},"author":{"name":"mahmud","@id":"https:\/\/www.meydan.tv\/az\/#\/schema\/person\/09863e516102a829e72bedcf3f84c6b0"},"headline":"Ramil Usubovun qarda\u015f\u0131 o\u011flu restoranda b\u0131\u00e7aqlan\u0131b","datePublished":"2024-07-12T14:21:48+00:00","dateModified":"2024-07-12T14:21:49+00:00","mainEntityOfPage":{"@id":"https:\/\/www.meydan.tv\/az\/article\/ramil-usubovun-qardasi-oglu-restoranda-bicaqlanib\/"},"wordCount":281,"publisher":{"@id":"https:\/\/www.meydan.tv\/az\/#organization"},"image":{"@id":"https:\/\/www.meydan.tv\/az\/article\/ramil-usubovun-qardasi-oglu-restoranda-bicaqlanib\/#primaryimage"},"thumbnailUrl":"https:\/\/www.meydan.tv\/wp-content\/uploads\/download-14.png","articleSection":["Sosial","T\u00f6vsiy\u0259","X\u0259b\u0259rl\u0259r"],"inLanguage":"az"},{"@type":"WebPage","@id":"https:\/\/www.meydan.tv\/az\/article\/ramil-usubovun-qardasi-oglu-restoranda-bicaqlanib\/","url":"https:\/\/www.meydan.tv\/az\/article\/ramil-usubovun-qardasi-oglu-restoranda-bicaqlanib\/","name":"Ramil Usubovun qarda\u015f\u0131 o\u011flu restoranda b\u0131\u00e7aqlan\u0131b - MEYDAN.TV","isPartOf":{"@id":"https:\/\/www.meydan.tv\/az\/#website"},"primaryImageOfPage":{"@id":"https:\/\/www.meydan.tv\/az\/article\/ramil-usubovun-qardasi-oglu-restoranda-bicaqlanib\/#primaryimage"},"image":{"@id":"https:\/\/www.meydan.tv\/az\/article\/ramil-usubovun-qardasi-oglu-restoranda-bicaqlanib\/#primaryimage"},"thumbnailUrl":"https:\/\/www.meydan.tv\/wp-content\/uploads\/download-14.png","datePublished":"2024-07-12T14:21:48+00:00","dateModified":"2024-07-12T14:21:49+00:00","description":"Prezident yan\u0131nda T\u0259hl\u00fck\u0259sizlik \u015euras\u0131n\u0131n katibi Ramil Usubovun qarda\u015f\u0131 o\u011flu Zeynal Usubovun b\u0131\u00e7aqland\u0131\u011f\u0131 bildirilir.","breadcrumb":{"@id":"https:\/\/www.meydan.tv\/az\/article\/ramil-usubovun-qardasi-oglu-restoranda-bicaqlanib\/#breadcrumb"},"inLanguage":"az","potentialAction":[{"@type":"ReadAction","target":["https:\/\/www.meydan.tv\/az\/article\/ramil-usubovun-qardasi-oglu-restoranda-bicaqlanib\/"]}]},{"@type":"ImageObject","inLanguage":"az","@id":"https:\/\/www.meydan.tv\/az\/article\/ramil-usubovun-qardasi-oglu-restoranda-bicaqlanib\/#primaryimage","url":"https:\/\/www.meydan.tv\/wp-content\/uploads\/download-14.png","contentUrl":"https:\/\/www.meydan.tv\/wp-content\/uploads\/download-14.png","width":1200,"height":801,"caption":"Q\u0259tl hadis\u0259si. Foto: MiniStocker\/shutterstock"},{"@type":"BreadcrumbList","@id":"https:\/\/www.meydan.tv\/az\/article\/ramil-usubovun-qardasi-oglu-restoranda-bicaqlanib\/#breadcrumb","itemListElement":[{"@type":"ListItem","position":1,"name":"Ana s\u0259hif\u0259","item":"https:\/\/www.meydan.tv\/az\/"},{"@type":"ListItem","position":2,"name":"Sosial","item":"https:\/\/www.meydan.tv\/az\/section\/sosial\/"},{"@type":"ListItem","position":3,"name":"Ramil Usubovun qarda\u015f\u0131 o\u011flu restoranda b\u0131\u00e7aqlan\u0131b"}]},{"@type":"WebSite","@id":"https:\/\/www.meydan.tv\/az\/#website","url":"https:\/\/www.meydan.tv\/az\/","name":"MEYDAN.TV","description":"Meydan TV Az\u0259rbaycan\u0131n media m\u0259kan\u0131ndak\u0131 alternativ s\u0259sidir","publisher":{"@id":"https:\/\/www.meydan.tv\/az\/#organization"},"potentialAction":[{"@type":"SearchAction","target":{"@type":"EntryPoint","urlTemplate":"https:\/\/www.meydan.tv\/az\/?s={search_term_string}"},"query-input":{"@type":"PropertyValueSpecification","valueRequired":true,"valueName":"search_term_string"}}],"inLanguage":"az"},{"@type":"Organization","@id":"https:\/\/www.meydan.tv\/az\/#organization","name":"Meydan TV","url":"https:\/\/www.meydan.tv\/az\/","logo":{"@type":"ImageObject","inLanguage":"az","@id":"https:\/\/www.meydan.tv\/az\/#\/schema\/logo\/image\/","url":"https:\/\/www.meydan.tv\/wp-content\/uploads\/2021\/07\/meydan-logo.svg","contentUrl":"https:\/\/www.meydan.tv\/wp-content\/uploads\/2021\/07\/meydan-logo.svg","width":195,"height":46,"caption":"Meydan TV"},"image":{"@id":"https:\/\/www.meydan.tv\/az\/#\/schema\/logo\/image\/"}},{"@type":"Person","@id":"https:\/\/www.meydan.tv\/az\/#\/schema\/person\/09863e516102a829e72bedcf3f84c6b0","name":"mahmud"}]}},"_links":{"self":[{"href":"https:\/\/www.meydan.tv\/az\/wp-json\/wp\/v2\/posts\/310133","targetHints":{"allow":["GET"]}}],"collection":[{"href":"https:\/\/www.meydan.tv\/az\/wp-json\/wp\/v2\/posts"}],"about":[{"href":"https:\/\/www.meydan.tv\/az\/wp-json\/wp\/v2\/types\/post"}],"author":[{"embeddable":true,"href":"https:\/\/www.meydan.tv\/az\/wp-json\/wp\/v2\/users\/21"}],"replies":[{"embeddable":true,"href":"https:\/\/www.meydan.tv\/az\/wp-json\/wp\/v2\/comments?post=310133"}],"version-history":[{"count":1,"href":"https:\/\/www.meydan.tv\/az\/wp-json\/wp\/v2\/posts\/310133\/revisions"}],"predecessor-version":[{"id":310134,"href":"https:\/\/www.meydan.tv\/az\/wp-json\/wp\/v2\/posts\/310133\/revisions\/310134"}],"wp:featuredmedia":[{"embeddable":true,"href":"https:\/\/www.meydan.tv\/az\/wp-json\/wp\/v2\/media\/267375"}],"wp:attachment":[{"href":"https:\/\/www.meydan.tv\/az\/wp-json\/wp\/v2\/media?parent=310133"}],"wp:term":[{"taxonomy":"category","embeddable":true,"href":"https:\/\/www.meydan.tv\/az\/wp-json\/wp\/v2\/categories?post=310133"},{"taxonomy":"post_tag","embeddable":true,"href":"https:\/\/www.meydan.tv\/az\/wp-json\/wp\/v2\/tags?post=310133"}],"curies":[{"name":"wp","href":"https:\/\/api.w.org\/{rel}","templated":true}]}}