{"id":310094,"date":"2024-07-12T12:35:41","date_gmt":"2024-07-12T08:35:41","guid":{"rendered":"https:\/\/www.meydan.tv\/?p=310094"},"modified":"2024-07-12T12:35:43","modified_gmt":"2024-07-12T08:35:43","slug":"ermenistan-azerbaycanla-serhedde-3-metr-hundurluyunde-tehlukesizlik-seddi-cekir","status":"publish","type":"post","link":"https:\/\/www.meydan.tv\/az\/article\/ermenistan-azerbaycanla-serhedde-3-metr-hundurluyunde-tehlukesizlik-seddi-cekir\/","title":{"rendered":"Erm\u0259nistan Az\u0259rbaycanla s\u0259rh\u0259dd\u0259 3 metr h\u00fcnd\u00fcrl\u00fcy\u00fcnd\u0259 t\u0259hl\u00fck\u0259sizlik s\u0259ddi \u00e7\u0259kir"},"content":{"rendered":"\n<p><\/p>\n\n\n\n<p><strong><em>Kirants k\u0259ndind\u0259 tikil\u0259n divar\u0131n uzunlu\u011fu 100 metr\u0259 \u00e7atacaq<\/em><\/strong><\/p>\n\n\n\n<p>Erm\u0259nistan\u0131n \u00f6z sakinl\u0259rinin t\u0259hl\u00fck\u0259sizliyini art\u0131rmaq \u00fc\u00e7\u00fcn Az\u0259rbaycanla s\u0259rh\u0259dd\u0259, x\u00fcsus\u0259n Kirants k\u0259ndind\u0259 beton divar tikdiyi bildirilir.<\/p>\n\n\n\n<p>Bu, &#8220;Azadl\u0131q&#8221; radiosunun erm\u0259ni xidm\u0259tinin (&#8220;Azatutyun&#8221;) yayd\u0131\u011f\u0131 <a href=\"https:\/\/www.azatutyun.am\/a\/ays%D6%85rvanits-kirants-gyughi-mijov-antsnogh-mijpetakan-chanaparhy-chi-gortsi\/33029746.html\" target=\"_blank\" rel=\"noreferrer noopener\">reportajda<\/a> \u0259ksini tap\u0131b.<\/p>\n\n\n\n<p>Bildirilir ki, t\u0259xmin\u0259n 3 metr h\u00fcnd\u00fcrl\u00fcy\u00fc v\u0259 1 metr eni olan yeni s\u0259ddin uzunlu\u011fu 100 metr\u0259 \u00e7atacacaq.<\/p>\n\n\n\n<p>M\u0259lumatda qeyd olunur ki, bu add\u0131m Az\u0259rbaycan\u0131n s\u0259rh\u0259d postundan t\u0259xmin\u0259n 100 metr m\u0259saf\u0259d\u0259 yerl\u0259\u015f\u0259n Kirants k\u0259ndinin t\u0259hl\u00fck\u0259sizliyini t\u0259min etm\u0259k \u00fc\u00e7\u00fcn at\u0131l\u0131r.<\/p>\n\n\n\n<p>Reportajda vur\u011fulan\u0131r ki, Kirants sakinl\u0259ri s\u0259ddin tikintisini alq\u0131\u015flay\u0131rlar.<\/p>\n\n\n\n<p>Sakinl\u0259r deyibl\u0259r ki, bu s\u0259dd onlarda m\u00fc\u0259yy\u0259n q\u0259d\u0259r rahatl\u0131q yaradacaq.<\/p>\n\n\n\n<p>Beton divarla yana\u015f\u0131, s\u0259rh\u0259din Erm\u0259nistan t\u0259r\u0259fd\u0259n olan hiss\u0259sind\u0259 m\u0259ftil hasarlar da \u00e7\u0259kilib. Az\u0259rbaycan t\u0259r\u0259fd\u0259 is\u0259 m\u00fcvafiq s\u0259rh\u0259d qur\u011fular\u0131 tikilm\u0259yib.<\/p>\n\n\n\n<p>Polis v\u0259 t\u0259hl\u00fck\u0259sizlik \u0259m\u0259kda\u015flar\u0131 &#8220;Azatutyun&#8221;u tikinti ged\u0259n s\u0259ddin yan\u0131na buraxmay\u0131blar.<\/p>\n\n\n\n<p><em>&#8220;T\u0259hl\u00fck\u0259sizliyiniz \u00fc\u00e7\u00fcn bunu ed\u0259 bilm\u0259zsiniz&#8221;<\/em>, &#8211; dey\u0259 jurnalistl\u0259r\u0259 icaz\u0259 verilm\u0259yib.<\/p>\n\n\n\n<p>Bildirilir ki, bu tikinti Bak\u0131 v\u0259 Yerevan\u0131n SSR\u0130 Silahl\u0131 Q\u00fcvv\u0259l\u0259ri Ba\u015f Q\u0259rargah\u0131n\u0131n 1976-c\u0131 il tarixli topoqrafiq x\u0259rit\u0259sin\u0259 sadiq qalmaq bar\u0259d\u0259 qar\u015f\u0131l\u0131ql\u0131 q\u0259rar\u0131n\u0131n n\u0259tic\u0259sidir.<\/p>\n\n\n\n<p>Bu raz\u0131l\u0131q n\u0259tic\u0259sind\u0259 Erm\u0259nistan-G\u00fcrc\u00fcstan d\u00f6vl\u0259tl\u0259raras\u0131 avtomobil yolunun Kirants hiss\u0259si bu \u0259razid\u0259 yerl\u0259\u015f\u0259n avtomobil k\u00f6rp\u00fcs\u00fc il\u0259 birlikd\u0259 Az\u0259rbaycan\u0131n n\u0259zar\u0259ti alt\u0131na ke\u00e7ib.<\/p>\n\n\n\n<p>Bu hadis\u0259l\u0259r\u0259 cavab olaraq Erm\u0259nistan h\u00f6kum\u0259ti alternativ mar\u015frutun &#8211; Kirants-A\u00e7arkut yolunun tikintisin\u0259 ba\u015flay\u0131b.<\/p>\n\n\n\n<p>Bundan ba\u015fqa, \u0259vv\u0259ll\u0259r erm\u0259ni sakinl\u0259rin istifad\u0259 etdiyi 8 hektara yax\u0131n torpaq sah\u0259si Az\u0259rbaycan\u0131n n\u0259zar\u0259tin\u0259 ke\u00e7ib.<\/p>\n\n\n\n<p>2020-ci ild\u0259 Qaraba\u011fda apar\u0131lan 44 g\u00fcnl\u00fck m\u00fcharib\u0259 n\u0259tic\u0259sind\u0259 Az\u0259rbaycan i\u015f\u011fal olunmu\u015f \u0259razil\u0259rinin b\u00f6y\u00fck hiss\u0259sind\u0259 n\u0259zar\u0259ti b\u0259rpa edib.<\/p>\n\n\n\n<p>2023-c\u00fc ild\u0259 is\u0259 apard\u0131\u011f\u0131 h\u0259rbi \u0259m\u0259liyyatlarla \u0259razini tam n\u0259zar\u0259t\u0259 g\u00f6t\u00fcr\u00fcb.<\/p>\n\n\n\n<p>Ondan sonra Az\u0259rbaycan v\u0259 Erm\u0259nistan aras\u0131nda ged\u0259n s\u00fclh dan\u0131\u015f\u0131qlar\u0131 fonunda b\u0259zi \u0259razil\u0259rd\u0259 s\u0259rh\u0259dl\u0259rin delimitasiyas\u0131 prosesi h\u0259yata ke\u00e7irilib.<\/p>\n\n\n\n<p>Haz\u0131rda bu sah\u0259d\u0259 dan\u0131\u015f\u0131qlar davam edir. Bu dan\u0131\u015f\u0131qlarda is\u0259 h\u0259m AB\u015e, Avropa \u0130ttifaq\u0131, h\u0259m d\u0259 Rusiya vasit\u0259\u00e7ilik edir.<\/p>\n\n\n\n<p>Ancaq t\u0259r\u0259fl\u0259r aras\u0131nda h\u0259l\u0259 d\u0259 s\u00fclh m\u00fcqavil\u0259si imzalanmay\u0131b<\/p>\n","protected":false},"excerpt":{"rendered":"<p>Kirants k\u0259ndind\u0259 tikil\u0259n divar\u0131n uzunlu\u011fu 100 metr\u0259 \u00e7atacaq Erm\u0259nistan\u0131n \u00f6z &#8230; <\/p>\n<p class=\"read-more-container\"><a title=\"Erm\u0259nistan Az\u0259rbaycanla s\u0259rh\u0259dd\u0259 3 metr h\u00fcnd\u00fcrl\u00fcy\u00fcnd\u0259 t\u0259hl\u00fck\u0259sizlik s\u0259ddi \u00e7\u0259kir\" class=\"read-more button\" href=\"https:\/\/www.meydan.tv\/az\/article\/ermenistan-azerbaycanla-serhedde-3-metr-hundurluyunde-tehlukesizlik-seddi-cekir\/#more-310094\" aria-label=\"Read more about Erm\u0259nistan Az\u0259rbaycanla s\u0259rh\u0259dd\u0259 3 metr h\u00fcnd\u00fcrl\u00fcy\u00fcnd\u0259 t\u0259hl\u00fck\u0259sizlik s\u0259ddi \u00e7\u0259kir\">Davam\u0131<\/a><\/p>\n","protected":false},"author":21,"featured_media":289644,"comment_status":"closed","ping_status":"closed","sticky":false,"template":"","format":"standard","meta":{"_acf_changed":false,"_sitemap_exclude":false,"_sitemap_priority":"","_sitemap_frequency":"","footnotes":""},"categories":[59,79,56],"tags":[],"class_list":["post-310094","post","type-post","status-publish","format-standard","has-post-thumbnail","hentry","category-siyaset","category-featured","category-xeberler","infinite-scroll-item","generate-columns","tablet-grid-50","mobile-grid-100","grid-parent","grid-33","no-featured-image-padding"],"acf":[],"yoast_head":"<!-- This site is optimized with the Yoast SEO plugin v27.4 - https:\/\/yoast.com\/product\/yoast-seo-wordpress\/ -->\n<title>Erm\u0259nistan Az\u0259rbaycanla s\u0259rh\u0259dd\u0259 t\u0259hl\u00fck\u0259sizlik s\u0259ddi \u00e7\u0259kir<\/title>\n<meta name=\"description\" content=\"Erm\u0259nistan\u0131n \u00f6z sakinl\u0259rinin t\u0259hl\u00fck\u0259sizliyini art\u0131rmaq \u00fc\u00e7\u00fcn Az\u0259rbaycanla s\u0259rh\u0259dd\u0259, x\u00fcsus\u0259n Kirants k\u0259ndind\u0259 beton divar tikdiyi bildirilir.\" \/>\n<meta name=\"robots\" content=\"index, follow, max-snippet:-1, max-image-preview:large, max-video-preview:-1\" \/>\n<link rel=\"canonical\" href=\"https:\/\/www.meydan.tv\/az\/article\/ermenistan-azerbaycanla-serhedde-3-metr-hundurluyunde-tehlukesizlik-seddi-cekir\/\" \/>\n<meta property=\"og:locale\" content=\"az_AZ\" \/>\n<meta property=\"og:type\" content=\"article\" \/>\n<meta property=\"og:title\" content=\"Erm\u0259nistan Az\u0259rbaycanla s\u0259rh\u0259dd\u0259 t\u0259hl\u00fck\u0259sizlik s\u0259ddi \u00e7\u0259kir\" \/>\n<meta property=\"og:description\" content=\"Erm\u0259nistan\u0131n \u00f6z sakinl\u0259rinin t\u0259hl\u00fck\u0259sizliyini art\u0131rmaq \u00fc\u00e7\u00fcn Az\u0259rbaycanla s\u0259rh\u0259dd\u0259, x\u00fcsus\u0259n Kirants k\u0259ndind\u0259 beton divar tikdiyi bildirilir.\" \/>\n<meta property=\"og:url\" content=\"https:\/\/www.meydan.tv\/az\/article\/ermenistan-azerbaycanla-serhedde-3-metr-hundurluyunde-tehlukesizlik-seddi-cekir\/\" \/>\n<meta property=\"og:site_name\" content=\"MEYDAN.TV\" \/>\n<meta property=\"article:published_time\" content=\"2024-07-12T08:35:41+00:00\" \/>\n<meta property=\"article:modified_time\" content=\"2024-07-12T08:35:43+00:00\" \/>\n<meta property=\"og:image\" content=\"https:\/\/www.meydan.tv\/wp-content\/uploads\/shutterstock_2364253631.jpg\" \/>\n\t<meta property=\"og:image:width\" content=\"1200\" \/>\n\t<meta property=\"og:image:height\" content=\"800\" \/>\n\t<meta property=\"og:image:type\" content=\"image\/jpeg\" \/>\n<meta name=\"author\" content=\"mahmud\" \/>\n<meta name=\"twitter:card\" content=\"summary_large_image\" \/>\n<script type=\"application\/ld+json\" class=\"yoast-schema-graph\">{\"@context\":\"https:\\\/\\\/schema.org\",\"@graph\":[{\"@type\":\"Article\",\"@id\":\"https:\\\/\\\/www.meydan.tv\\\/az\\\/article\\\/ermenistan-azerbaycanla-serhedde-3-metr-hundurluyunde-tehlukesizlik-seddi-cekir\\\/#article\",\"isPartOf\":{\"@id\":\"https:\\\/\\\/www.meydan.tv\\\/az\\\/article\\\/ermenistan-azerbaycanla-serhedde-3-metr-hundurluyunde-tehlukesizlik-seddi-cekir\\\/\"},\"author\":{\"name\":\"mahmud\",\"@id\":\"https:\\\/\\\/www.meydan.tv\\\/az\\\/#\\\/schema\\\/person\\\/09863e516102a829e72bedcf3f84c6b0\"},\"headline\":\"Erm\u0259nistan Az\u0259rbaycanla s\u0259rh\u0259dd\u0259 3 metr h\u00fcnd\u00fcrl\u00fcy\u00fcnd\u0259 t\u0259hl\u00fck\u0259sizlik s\u0259ddi \u00e7\u0259kir\",\"datePublished\":\"2024-07-12T08:35:41+00:00\",\"dateModified\":\"2024-07-12T08:35:43+00:00\",\"mainEntityOfPage\":{\"@id\":\"https:\\\/\\\/www.meydan.tv\\\/az\\\/article\\\/ermenistan-azerbaycanla-serhedde-3-metr-hundurluyunde-tehlukesizlik-seddi-cekir\\\/\"},\"wordCount\":485,\"publisher\":{\"@id\":\"https:\\\/\\\/www.meydan.tv\\\/az\\\/#organization\"},\"image\":{\"@id\":\"https:\\\/\\\/www.meydan.tv\\\/az\\\/article\\\/ermenistan-azerbaycanla-serhedde-3-metr-hundurluyunde-tehlukesizlik-seddi-cekir\\\/#primaryimage\"},\"thumbnailUrl\":\"https:\\\/\\\/www.meydan.tv\\\/wp-content\\\/uploads\\\/shutterstock_2364253631-e1761135317505.jpg\",\"articleSection\":[\"Siyas\u0259t\",\"T\u00f6vsiy\u0259\",\"X\u0259b\u0259rl\u0259r\"],\"inLanguage\":\"az\"},{\"@type\":\"WebPage\",\"@id\":\"https:\\\/\\\/www.meydan.tv\\\/az\\\/article\\\/ermenistan-azerbaycanla-serhedde-3-metr-hundurluyunde-tehlukesizlik-seddi-cekir\\\/\",\"url\":\"https:\\\/\\\/www.meydan.tv\\\/az\\\/article\\\/ermenistan-azerbaycanla-serhedde-3-metr-hundurluyunde-tehlukesizlik-seddi-cekir\\\/\",\"name\":\"Erm\u0259nistan Az\u0259rbaycanla s\u0259rh\u0259dd\u0259 t\u0259hl\u00fck\u0259sizlik s\u0259ddi \u00e7\u0259kir\",\"isPartOf\":{\"@id\":\"https:\\\/\\\/www.meydan.tv\\\/az\\\/#website\"},\"primaryImageOfPage\":{\"@id\":\"https:\\\/\\\/www.meydan.tv\\\/az\\\/article\\\/ermenistan-azerbaycanla-serhedde-3-metr-hundurluyunde-tehlukesizlik-seddi-cekir\\\/#primaryimage\"},\"image\":{\"@id\":\"https:\\\/\\\/www.meydan.tv\\\/az\\\/article\\\/ermenistan-azerbaycanla-serhedde-3-metr-hundurluyunde-tehlukesizlik-seddi-cekir\\\/#primaryimage\"},\"thumbnailUrl\":\"https:\\\/\\\/www.meydan.tv\\\/wp-content\\\/uploads\\\/shutterstock_2364253631-e1761135317505.jpg\",\"datePublished\":\"2024-07-12T08:35:41+00:00\",\"dateModified\":\"2024-07-12T08:35:43+00:00\",\"description\":\"Erm\u0259nistan\u0131n \u00f6z sakinl\u0259rinin t\u0259hl\u00fck\u0259sizliyini art\u0131rmaq \u00fc\u00e7\u00fcn Az\u0259rbaycanla s\u0259rh\u0259dd\u0259, x\u00fcsus\u0259n Kirants k\u0259ndind\u0259 beton divar tikdiyi bildirilir.\",\"breadcrumb\":{\"@id\":\"https:\\\/\\\/www.meydan.tv\\\/az\\\/article\\\/ermenistan-azerbaycanla-serhedde-3-metr-hundurluyunde-tehlukesizlik-seddi-cekir\\\/#breadcrumb\"},\"inLanguage\":\"az\",\"potentialAction\":[{\"@type\":\"ReadAction\",\"target\":[\"https:\\\/\\\/www.meydan.tv\\\/az\\\/article\\\/ermenistan-azerbaycanla-serhedde-3-metr-hundurluyunde-tehlukesizlik-seddi-cekir\\\/\"]}]},{\"@type\":\"ImageObject\",\"inLanguage\":\"az\",\"@id\":\"https:\\\/\\\/www.meydan.tv\\\/az\\\/article\\\/ermenistan-azerbaycanla-serhedde-3-metr-hundurluyunde-tehlukesizlik-seddi-cekir\\\/#primaryimage\",\"url\":\"https:\\\/\\\/www.meydan.tv\\\/wp-content\\\/uploads\\\/shutterstock_2364253631-e1761135317505.jpg\",\"contentUrl\":\"https:\\\/\\\/www.meydan.tv\\\/wp-content\\\/uploads\\\/shutterstock_2364253631-e1761135317505.jpg\",\"width\":900,\"height\":559,\"caption\":\"Erm\u0259nistan-Az\u0259rbaycan. Foto: Michele Ursi\\\/shutterstock\"},{\"@type\":\"BreadcrumbList\",\"@id\":\"https:\\\/\\\/www.meydan.tv\\\/az\\\/article\\\/ermenistan-azerbaycanla-serhedde-3-metr-hundurluyunde-tehlukesizlik-seddi-cekir\\\/#breadcrumb\",\"itemListElement\":[{\"@type\":\"ListItem\",\"position\":1,\"name\":\"Ana s\u0259hif\u0259\",\"item\":\"https:\\\/\\\/www.meydan.tv\\\/az\\\/\"},{\"@type\":\"ListItem\",\"position\":2,\"name\":\"Siyas\u0259t\",\"item\":\"https:\\\/\\\/www.meydan.tv\\\/az\\\/section\\\/siyaset\\\/\"},{\"@type\":\"ListItem\",\"position\":3,\"name\":\"Erm\u0259nistan Az\u0259rbaycanla s\u0259rh\u0259dd\u0259 3 metr h\u00fcnd\u00fcrl\u00fcy\u00fcnd\u0259 t\u0259hl\u00fck\u0259sizlik s\u0259ddi \u00e7\u0259kir\"}]},{\"@type\":\"WebSite\",\"@id\":\"https:\\\/\\\/www.meydan.tv\\\/az\\\/#website\",\"url\":\"https:\\\/\\\/www.meydan.tv\\\/az\\\/\",\"name\":\"MEYDAN.TV\",\"description\":\"Meydan TV Az\u0259rbaycan\u0131n media m\u0259kan\u0131ndak\u0131 alternativ s\u0259sidir\",\"publisher\":{\"@id\":\"https:\\\/\\\/www.meydan.tv\\\/az\\\/#organization\"},\"potentialAction\":[{\"@type\":\"SearchAction\",\"target\":{\"@type\":\"EntryPoint\",\"urlTemplate\":\"https:\\\/\\\/www.meydan.tv\\\/az\\\/?s={search_term_string}\"},\"query-input\":{\"@type\":\"PropertyValueSpecification\",\"valueRequired\":true,\"valueName\":\"search_term_string\"}}],\"inLanguage\":\"az\"},{\"@type\":\"Organization\",\"@id\":\"https:\\\/\\\/www.meydan.tv\\\/az\\\/#organization\",\"name\":\"Meydan TV\",\"url\":\"https:\\\/\\\/www.meydan.tv\\\/az\\\/\",\"logo\":{\"@type\":\"ImageObject\",\"inLanguage\":\"az\",\"@id\":\"https:\\\/\\\/www.meydan.tv\\\/az\\\/#\\\/schema\\\/logo\\\/image\\\/\",\"url\":\"https:\\\/\\\/www.meydan.tv\\\/wp-content\\\/uploads\\\/2021\\\/07\\\/meydan-logo.svg\",\"contentUrl\":\"https:\\\/\\\/www.meydan.tv\\\/wp-content\\\/uploads\\\/2021\\\/07\\\/meydan-logo.svg\",\"width\":195,\"height\":46,\"caption\":\"Meydan TV\"},\"image\":{\"@id\":\"https:\\\/\\\/www.meydan.tv\\\/az\\\/#\\\/schema\\\/logo\\\/image\\\/\"}},{\"@type\":\"Person\",\"@id\":\"https:\\\/\\\/www.meydan.tv\\\/az\\\/#\\\/schema\\\/person\\\/09863e516102a829e72bedcf3f84c6b0\",\"name\":\"mahmud\"}]}<\/script>\n<!-- \/ Yoast SEO plugin. -->","yoast_head_json":{"title":"Erm\u0259nistan Az\u0259rbaycanla s\u0259rh\u0259dd\u0259 t\u0259hl\u00fck\u0259sizlik s\u0259ddi \u00e7\u0259kir","description":"Erm\u0259nistan\u0131n \u00f6z sakinl\u0259rinin t\u0259hl\u00fck\u0259sizliyini art\u0131rmaq \u00fc\u00e7\u00fcn Az\u0259rbaycanla s\u0259rh\u0259dd\u0259, x\u00fcsus\u0259n Kirants k\u0259ndind\u0259 beton divar tikdiyi bildirilir.","robots":{"index":"index","follow":"follow","max-snippet":"max-snippet:-1","max-image-preview":"max-image-preview:large","max-video-preview":"max-video-preview:-1"},"canonical":"https:\/\/www.meydan.tv\/az\/article\/ermenistan-azerbaycanla-serhedde-3-metr-hundurluyunde-tehlukesizlik-seddi-cekir\/","og_locale":"az_AZ","og_type":"article","og_title":"Erm\u0259nistan Az\u0259rbaycanla s\u0259rh\u0259dd\u0259 t\u0259hl\u00fck\u0259sizlik s\u0259ddi \u00e7\u0259kir","og_description":"Erm\u0259nistan\u0131n \u00f6z sakinl\u0259rinin t\u0259hl\u00fck\u0259sizliyini art\u0131rmaq \u00fc\u00e7\u00fcn Az\u0259rbaycanla s\u0259rh\u0259dd\u0259, x\u00fcsus\u0259n Kirants k\u0259ndind\u0259 beton divar tikdiyi bildirilir.","og_url":"https:\/\/www.meydan.tv\/az\/article\/ermenistan-azerbaycanla-serhedde-3-metr-hundurluyunde-tehlukesizlik-seddi-cekir\/","og_site_name":"MEYDAN.TV","article_published_time":"2024-07-12T08:35:41+00:00","article_modified_time":"2024-07-12T08:35:43+00:00","og_image":[{"width":1200,"height":800,"url":"https:\/\/www.meydan.tv\/wp-content\/uploads\/shutterstock_2364253631.jpg","type":"image\/jpeg"}],"author":"mahmud","twitter_card":"summary_large_image","schema":{"@context":"https:\/\/schema.org","@graph":[{"@type":"Article","@id":"https:\/\/www.meydan.tv\/az\/article\/ermenistan-azerbaycanla-serhedde-3-metr-hundurluyunde-tehlukesizlik-seddi-cekir\/#article","isPartOf":{"@id":"https:\/\/www.meydan.tv\/az\/article\/ermenistan-azerbaycanla-serhedde-3-metr-hundurluyunde-tehlukesizlik-seddi-cekir\/"},"author":{"name":"mahmud","@id":"https:\/\/www.meydan.tv\/az\/#\/schema\/person\/09863e516102a829e72bedcf3f84c6b0"},"headline":"Erm\u0259nistan Az\u0259rbaycanla s\u0259rh\u0259dd\u0259 3 metr h\u00fcnd\u00fcrl\u00fcy\u00fcnd\u0259 t\u0259hl\u00fck\u0259sizlik s\u0259ddi \u00e7\u0259kir","datePublished":"2024-07-12T08:35:41+00:00","dateModified":"2024-07-12T08:35:43+00:00","mainEntityOfPage":{"@id":"https:\/\/www.meydan.tv\/az\/article\/ermenistan-azerbaycanla-serhedde-3-metr-hundurluyunde-tehlukesizlik-seddi-cekir\/"},"wordCount":485,"publisher":{"@id":"https:\/\/www.meydan.tv\/az\/#organization"},"image":{"@id":"https:\/\/www.meydan.tv\/az\/article\/ermenistan-azerbaycanla-serhedde-3-metr-hundurluyunde-tehlukesizlik-seddi-cekir\/#primaryimage"},"thumbnailUrl":"https:\/\/www.meydan.tv\/wp-content\/uploads\/shutterstock_2364253631-e1761135317505.jpg","articleSection":["Siyas\u0259t","T\u00f6vsiy\u0259","X\u0259b\u0259rl\u0259r"],"inLanguage":"az"},{"@type":"WebPage","@id":"https:\/\/www.meydan.tv\/az\/article\/ermenistan-azerbaycanla-serhedde-3-metr-hundurluyunde-tehlukesizlik-seddi-cekir\/","url":"https:\/\/www.meydan.tv\/az\/article\/ermenistan-azerbaycanla-serhedde-3-metr-hundurluyunde-tehlukesizlik-seddi-cekir\/","name":"Erm\u0259nistan Az\u0259rbaycanla s\u0259rh\u0259dd\u0259 t\u0259hl\u00fck\u0259sizlik s\u0259ddi \u00e7\u0259kir","isPartOf":{"@id":"https:\/\/www.meydan.tv\/az\/#website"},"primaryImageOfPage":{"@id":"https:\/\/www.meydan.tv\/az\/article\/ermenistan-azerbaycanla-serhedde-3-metr-hundurluyunde-tehlukesizlik-seddi-cekir\/#primaryimage"},"image":{"@id":"https:\/\/www.meydan.tv\/az\/article\/ermenistan-azerbaycanla-serhedde-3-metr-hundurluyunde-tehlukesizlik-seddi-cekir\/#primaryimage"},"thumbnailUrl":"https:\/\/www.meydan.tv\/wp-content\/uploads\/shutterstock_2364253631-e1761135317505.jpg","datePublished":"2024-07-12T08:35:41+00:00","dateModified":"2024-07-12T08:35:43+00:00","description":"Erm\u0259nistan\u0131n \u00f6z sakinl\u0259rinin t\u0259hl\u00fck\u0259sizliyini art\u0131rmaq \u00fc\u00e7\u00fcn Az\u0259rbaycanla s\u0259rh\u0259dd\u0259, x\u00fcsus\u0259n Kirants k\u0259ndind\u0259 beton divar tikdiyi bildirilir.","breadcrumb":{"@id":"https:\/\/www.meydan.tv\/az\/article\/ermenistan-azerbaycanla-serhedde-3-metr-hundurluyunde-tehlukesizlik-seddi-cekir\/#breadcrumb"},"inLanguage":"az","potentialAction":[{"@type":"ReadAction","target":["https:\/\/www.meydan.tv\/az\/article\/ermenistan-azerbaycanla-serhedde-3-metr-hundurluyunde-tehlukesizlik-seddi-cekir\/"]}]},{"@type":"ImageObject","inLanguage":"az","@id":"https:\/\/www.meydan.tv\/az\/article\/ermenistan-azerbaycanla-serhedde-3-metr-hundurluyunde-tehlukesizlik-seddi-cekir\/#primaryimage","url":"https:\/\/www.meydan.tv\/wp-content\/uploads\/shutterstock_2364253631-e1761135317505.jpg","contentUrl":"https:\/\/www.meydan.tv\/wp-content\/uploads\/shutterstock_2364253631-e1761135317505.jpg","width":900,"height":559,"caption":"Erm\u0259nistan-Az\u0259rbaycan. Foto: Michele Ursi\/shutterstock"},{"@type":"BreadcrumbList","@id":"https:\/\/www.meydan.tv\/az\/article\/ermenistan-azerbaycanla-serhedde-3-metr-hundurluyunde-tehlukesizlik-seddi-cekir\/#breadcrumb","itemListElement":[{"@type":"ListItem","position":1,"name":"Ana s\u0259hif\u0259","item":"https:\/\/www.meydan.tv\/az\/"},{"@type":"ListItem","position":2,"name":"Siyas\u0259t","item":"https:\/\/www.meydan.tv\/az\/section\/siyaset\/"},{"@type":"ListItem","position":3,"name":"Erm\u0259nistan Az\u0259rbaycanla s\u0259rh\u0259dd\u0259 3 metr h\u00fcnd\u00fcrl\u00fcy\u00fcnd\u0259 t\u0259hl\u00fck\u0259sizlik s\u0259ddi \u00e7\u0259kir"}]},{"@type":"WebSite","@id":"https:\/\/www.meydan.tv\/az\/#website","url":"https:\/\/www.meydan.tv\/az\/","name":"MEYDAN.TV","description":"Meydan TV Az\u0259rbaycan\u0131n media m\u0259kan\u0131ndak\u0131 alternativ s\u0259sidir","publisher":{"@id":"https:\/\/www.meydan.tv\/az\/#organization"},"potentialAction":[{"@type":"SearchAction","target":{"@type":"EntryPoint","urlTemplate":"https:\/\/www.meydan.tv\/az\/?s={search_term_string}"},"query-input":{"@type":"PropertyValueSpecification","valueRequired":true,"valueName":"search_term_string"}}],"inLanguage":"az"},{"@type":"Organization","@id":"https:\/\/www.meydan.tv\/az\/#organization","name":"Meydan TV","url":"https:\/\/www.meydan.tv\/az\/","logo":{"@type":"ImageObject","inLanguage":"az","@id":"https:\/\/www.meydan.tv\/az\/#\/schema\/logo\/image\/","url":"https:\/\/www.meydan.tv\/wp-content\/uploads\/2021\/07\/meydan-logo.svg","contentUrl":"https:\/\/www.meydan.tv\/wp-content\/uploads\/2021\/07\/meydan-logo.svg","width":195,"height":46,"caption":"Meydan TV"},"image":{"@id":"https:\/\/www.meydan.tv\/az\/#\/schema\/logo\/image\/"}},{"@type":"Person","@id":"https:\/\/www.meydan.tv\/az\/#\/schema\/person\/09863e516102a829e72bedcf3f84c6b0","name":"mahmud"}]}},"_links":{"self":[{"href":"https:\/\/www.meydan.tv\/az\/wp-json\/wp\/v2\/posts\/310094","targetHints":{"allow":["GET"]}}],"collection":[{"href":"https:\/\/www.meydan.tv\/az\/wp-json\/wp\/v2\/posts"}],"about":[{"href":"https:\/\/www.meydan.tv\/az\/wp-json\/wp\/v2\/types\/post"}],"author":[{"embeddable":true,"href":"https:\/\/www.meydan.tv\/az\/wp-json\/wp\/v2\/users\/21"}],"replies":[{"embeddable":true,"href":"https:\/\/www.meydan.tv\/az\/wp-json\/wp\/v2\/comments?post=310094"}],"version-history":[{"count":1,"href":"https:\/\/www.meydan.tv\/az\/wp-json\/wp\/v2\/posts\/310094\/revisions"}],"predecessor-version":[{"id":310095,"href":"https:\/\/www.meydan.tv\/az\/wp-json\/wp\/v2\/posts\/310094\/revisions\/310095"}],"wp:featuredmedia":[{"embeddable":true,"href":"https:\/\/www.meydan.tv\/az\/wp-json\/wp\/v2\/media\/289644"}],"wp:attachment":[{"href":"https:\/\/www.meydan.tv\/az\/wp-json\/wp\/v2\/media?parent=310094"}],"wp:term":[{"taxonomy":"category","embeddable":true,"href":"https:\/\/www.meydan.tv\/az\/wp-json\/wp\/v2\/categories?post=310094"},{"taxonomy":"post_tag","embeddable":true,"href":"https:\/\/www.meydan.tv\/az\/wp-json\/wp\/v2\/tags?post=310094"}],"curies":[{"name":"wp","href":"https:\/\/api.w.org\/{rel}","templated":true}]}}