{"id":310080,"date":"2024-07-11T18:22:16","date_gmt":"2024-07-11T14:22:16","guid":{"rendered":"https:\/\/www.meydan.tv\/?p=310080"},"modified":"2024-07-11T21:36:18","modified_gmt":"2024-07-11T17:36:18","slug":"herbcinin-telim-zamani-vefat-etdiyi-bildirilir","status":"publish","type":"post","link":"https:\/\/www.meydan.tv\/az\/article\/herbcinin-telim-zamani-vefat-etdiyi-bildirilir\/","title":{"rendered":"H\u0259rbi qulluq\u00e7u g\u00fcll\u0259 yaras\u0131ndan h\u0259yat\u0131n\u0131 itirib"},"content":{"rendered":"\n<p><strong><em>Hadis\u0259 il\u0259 ba\u011fl\u0131 ara\u015fd\u0131rma apar\u0131l\u0131r<\/em><\/strong><\/p>\n\n\n\n<p>Daxili Qo\u015funlar\u0131n m\u00fcdd\u0259td\u0259n art\u0131q xidm\u0259t ed\u0259n h\u0259rbi qulluq\u00e7usu (MAXE) Xanlar \u018fhm\u0259dovun t\u0259lim zaman\u0131 ald\u0131\u011f\u0131 x\u0259sar\u0259td\u0259n v\u0259fat etdiyi bildirilir.<\/p>\n\n\n\n<p>Bu bar\u0259d\u0259 Daxili \u0130\u015fl\u0259r Nazirliyi&nbsp; (D\u0130N) m\u0259lumat yay\u0131b.<\/p>\n\n\n\n<p>Bildirilir ki, Xocav\u0259nd rayonu \u0259razisin\u0259 dislokasiya olunmu\u015f 21 ya\u015fl\u0131 MAXE bir ne\u00e7\u0259 g\u00fcn \u00f6nc\u0259 t\u0259lim zaman\u0131 tabel silah\u0131 il\u0259 ehtiyats\u0131z davranmas\u0131 n\u0259tic\u0259sind\u0259 x\u0259sar\u0259t al\u0131b.<\/p>\n\n\n\n<p>G\u00f6st\u0259ril\u0259n tibbi m\u00fcdaxil\u0259l\u0259r\u0259 baxmayaraq bu g\u00fcn, iyulun 11-d\u0259 v\u0259fat edib.<\/p>\n\n\n\n<p>D\u0130N qeyd edib ki, hadis\u0259 il\u0259 ba\u011fl\u0131 ara\u015fd\u0131rma apar\u0131l\u0131r.<\/p>\n\n\n\n<p>Bir m\u00fcdd\u0259t \u0259vv\u0259l Daxili Qo\u015funlar\u0131n ba\u015fqa bir h\u0259rbi qulluq\u00e7usu il\u0259 ba\u011fl\u0131 da b\u0259nz\u0259r hadis\u0259 ya\u015fanm\u0131\u015fd\u0131.<\/p>\n\n\n\n<p>R\u0259smi a\u00e7\u0131qlamada \u015e.\u018fmiraslanovun da t\u0259limd\u0259 silahla ehtiyats\u0131z davranma n\u0259tic\u0259sind\u0259 h\u0259lak oldu\u011fu bildirilirdi.<\/p>\n","protected":false},"excerpt":{"rendered":"<p>Hadis\u0259 il\u0259 ba\u011fl\u0131 ara\u015fd\u0131rma apar\u0131l\u0131r Daxili Qo\u015funlar\u0131n m\u00fcdd\u0259td\u0259n art\u0131q xidm\u0259t &#8230; <\/p>\n<p class=\"read-more-container\"><a title=\"H\u0259rbi qulluq\u00e7u g\u00fcll\u0259 yaras\u0131ndan h\u0259yat\u0131n\u0131 itirib\" class=\"read-more button\" href=\"https:\/\/www.meydan.tv\/az\/article\/herbcinin-telim-zamani-vefat-etdiyi-bildirilir\/#more-310080\" aria-label=\"Read more about H\u0259rbi qulluq\u00e7u g\u00fcll\u0259 yaras\u0131ndan h\u0259yat\u0131n\u0131 itirib\">Davam\u0131<\/a><\/p>\n","protected":false},"author":21,"featured_media":252609,"comment_status":"closed","ping_status":"closed","sticky":false,"template":"","format":"standard","meta":{"_acf_changed":false,"_sitemap_exclude":false,"_sitemap_priority":"","_sitemap_frequency":"","footnotes":""},"categories":[62,56],"tags":[],"class_list":["post-310080","post","type-post","status-publish","format-standard","has-post-thumbnail","hentry","category-sosial","category-xeberler","infinite-scroll-item","generate-columns","tablet-grid-50","mobile-grid-100","grid-parent","grid-33","no-featured-image-padding"],"acf":[],"yoast_head":"<!-- This site is optimized with the Yoast SEO plugin v27.5 - https:\/\/yoast.com\/product\/yoast-seo-wordpress\/ -->\n<title>H\u0259rbi qulluq\u00e7u g\u00fcll\u0259 yaras\u0131ndan h\u0259yat\u0131n\u0131 itirib - MEYDAN.TV<\/title>\n<meta name=\"description\" content=\"Daxili Qo\u015funlar\u0131n m\u00fcdd\u0259td\u0259n art\u0131q xidm\u0259t ed\u0259n h\u0259rbi qulluq\u00e7usu Xanlar \u018fhm\u0259dovun t\u0259lim zaman\u0131 ald\u0131\u011f\u0131 x\u0259sar\u0259td\u0259n v\u0259fat etdiyi bildirilir.\" \/>\n<meta name=\"robots\" content=\"index, follow, max-snippet:-1, max-image-preview:large, max-video-preview:-1\" \/>\n<link rel=\"canonical\" href=\"https:\/\/www.meydan.tv\/az\/article\/herbcinin-telim-zamani-vefat-etdiyi-bildirilir\/\" \/>\n<meta property=\"og:locale\" content=\"az_AZ\" \/>\n<meta property=\"og:type\" content=\"article\" \/>\n<meta property=\"og:title\" content=\"H\u0259rbi qulluq\u00e7u g\u00fcll\u0259 yaras\u0131ndan h\u0259yat\u0131n\u0131 itirib - MEYDAN.TV\" \/>\n<meta property=\"og:description\" content=\"Daxili Qo\u015funlar\u0131n m\u00fcdd\u0259td\u0259n art\u0131q xidm\u0259t ed\u0259n h\u0259rbi qulluq\u00e7usu Xanlar \u018fhm\u0259dovun t\u0259lim zaman\u0131 ald\u0131\u011f\u0131 x\u0259sar\u0259td\u0259n v\u0259fat etdiyi bildirilir.\" \/>\n<meta property=\"og:url\" content=\"https:\/\/www.meydan.tv\/az\/article\/herbcinin-telim-zamani-vefat-etdiyi-bildirilir\/\" \/>\n<meta property=\"og:site_name\" content=\"MEYDAN.TV\" \/>\n<meta property=\"article:published_time\" content=\"2024-07-11T14:22:16+00:00\" \/>\n<meta property=\"article:modified_time\" content=\"2024-07-11T17:36:18+00:00\" \/>\n<meta property=\"og:image\" content=\"https:\/\/www.meydan.tv\/wp-content\/uploads\/shutterstock_1684955089-e1683114430487.jpg\" \/>\n\t<meta property=\"og:image:width\" content=\"1500\" \/>\n\t<meta property=\"og:image:height\" content=\"843\" \/>\n\t<meta property=\"og:image:type\" content=\"image\/jpeg\" \/>\n<meta name=\"author\" content=\"mahmud\" \/>\n<meta name=\"twitter:card\" content=\"summary_large_image\" \/>\n<script type=\"application\/ld+json\" class=\"yoast-schema-graph\">{\"@context\":\"https:\\\/\\\/schema.org\",\"@graph\":[{\"@type\":\"Article\",\"@id\":\"https:\\\/\\\/www.meydan.tv\\\/az\\\/article\\\/herbcinin-telim-zamani-vefat-etdiyi-bildirilir\\\/#article\",\"isPartOf\":{\"@id\":\"https:\\\/\\\/www.meydan.tv\\\/az\\\/article\\\/herbcinin-telim-zamani-vefat-etdiyi-bildirilir\\\/\"},\"author\":{\"name\":\"mahmud\",\"@id\":\"https:\\\/\\\/www.meydan.tv\\\/az\\\/#\\\/schema\\\/person\\\/09863e516102a829e72bedcf3f84c6b0\"},\"headline\":\"H\u0259rbi qulluq\u00e7u g\u00fcll\u0259 yaras\u0131ndan h\u0259yat\u0131n\u0131 itirib\",\"datePublished\":\"2024-07-11T14:22:16+00:00\",\"dateModified\":\"2024-07-11T17:36:18+00:00\",\"mainEntityOfPage\":{\"@id\":\"https:\\\/\\\/www.meydan.tv\\\/az\\\/article\\\/herbcinin-telim-zamani-vefat-etdiyi-bildirilir\\\/\"},\"wordCount\":184,\"publisher\":{\"@id\":\"https:\\\/\\\/www.meydan.tv\\\/az\\\/#organization\"},\"image\":{\"@id\":\"https:\\\/\\\/www.meydan.tv\\\/az\\\/article\\\/herbcinin-telim-zamani-vefat-etdiyi-bildirilir\\\/#primaryimage\"},\"thumbnailUrl\":\"https:\\\/\\\/www.meydan.tv\\\/wp-content\\\/uploads\\\/shutterstock_1684955089-e1683114430487.jpg\",\"articleSection\":[\"Sosial\",\"X\u0259b\u0259rl\u0259r\"],\"inLanguage\":\"az\"},{\"@type\":\"WebPage\",\"@id\":\"https:\\\/\\\/www.meydan.tv\\\/az\\\/article\\\/herbcinin-telim-zamani-vefat-etdiyi-bildirilir\\\/\",\"url\":\"https:\\\/\\\/www.meydan.tv\\\/az\\\/article\\\/herbcinin-telim-zamani-vefat-etdiyi-bildirilir\\\/\",\"name\":\"H\u0259rbi qulluq\u00e7u g\u00fcll\u0259 yaras\u0131ndan h\u0259yat\u0131n\u0131 itirib - MEYDAN.TV\",\"isPartOf\":{\"@id\":\"https:\\\/\\\/www.meydan.tv\\\/az\\\/#website\"},\"primaryImageOfPage\":{\"@id\":\"https:\\\/\\\/www.meydan.tv\\\/az\\\/article\\\/herbcinin-telim-zamani-vefat-etdiyi-bildirilir\\\/#primaryimage\"},\"image\":{\"@id\":\"https:\\\/\\\/www.meydan.tv\\\/az\\\/article\\\/herbcinin-telim-zamani-vefat-etdiyi-bildirilir\\\/#primaryimage\"},\"thumbnailUrl\":\"https:\\\/\\\/www.meydan.tv\\\/wp-content\\\/uploads\\\/shutterstock_1684955089-e1683114430487.jpg\",\"datePublished\":\"2024-07-11T14:22:16+00:00\",\"dateModified\":\"2024-07-11T17:36:18+00:00\",\"description\":\"Daxili Qo\u015funlar\u0131n m\u00fcdd\u0259td\u0259n art\u0131q xidm\u0259t ed\u0259n h\u0259rbi qulluq\u00e7usu Xanlar \u018fhm\u0259dovun t\u0259lim zaman\u0131 ald\u0131\u011f\u0131 x\u0259sar\u0259td\u0259n v\u0259fat etdiyi bildirilir.\",\"breadcrumb\":{\"@id\":\"https:\\\/\\\/www.meydan.tv\\\/az\\\/article\\\/herbcinin-telim-zamani-vefat-etdiyi-bildirilir\\\/#breadcrumb\"},\"inLanguage\":\"az\",\"potentialAction\":[{\"@type\":\"ReadAction\",\"target\":[\"https:\\\/\\\/www.meydan.tv\\\/az\\\/article\\\/herbcinin-telim-zamani-vefat-etdiyi-bildirilir\\\/\"]}]},{\"@type\":\"ImageObject\",\"inLanguage\":\"az\",\"@id\":\"https:\\\/\\\/www.meydan.tv\\\/az\\\/article\\\/herbcinin-telim-zamani-vefat-etdiyi-bildirilir\\\/#primaryimage\",\"url\":\"https:\\\/\\\/www.meydan.tv\\\/wp-content\\\/uploads\\\/shutterstock_1684955089-e1683114430487.jpg\",\"contentUrl\":\"https:\\\/\\\/www.meydan.tv\\\/wp-content\\\/uploads\\\/shutterstock_1684955089-e1683114430487.jpg\",\"width\":1500,\"height\":843,\"caption\":\"\u018fsg\u0259r. M\u0259nb\u0259: Shutterstock - Denis Andricic\"},{\"@type\":\"BreadcrumbList\",\"@id\":\"https:\\\/\\\/www.meydan.tv\\\/az\\\/article\\\/herbcinin-telim-zamani-vefat-etdiyi-bildirilir\\\/#breadcrumb\",\"itemListElement\":[{\"@type\":\"ListItem\",\"position\":1,\"name\":\"Ana s\u0259hif\u0259\",\"item\":\"https:\\\/\\\/www.meydan.tv\\\/az\\\/\"},{\"@type\":\"ListItem\",\"position\":2,\"name\":\"Sosial\",\"item\":\"https:\\\/\\\/www.meydan.tv\\\/az\\\/section\\\/sosial\\\/\"},{\"@type\":\"ListItem\",\"position\":3,\"name\":\"H\u0259rbi qulluq\u00e7u g\u00fcll\u0259 yaras\u0131ndan h\u0259yat\u0131n\u0131 itirib\"}]},{\"@type\":\"WebSite\",\"@id\":\"https:\\\/\\\/www.meydan.tv\\\/az\\\/#website\",\"url\":\"https:\\\/\\\/www.meydan.tv\\\/az\\\/\",\"name\":\"MEYDAN.TV\",\"description\":\"Meydan TV Az\u0259rbaycan\u0131n media m\u0259kan\u0131ndak\u0131 alternativ s\u0259sidir\",\"publisher\":{\"@id\":\"https:\\\/\\\/www.meydan.tv\\\/az\\\/#organization\"},\"potentialAction\":[{\"@type\":\"SearchAction\",\"target\":{\"@type\":\"EntryPoint\",\"urlTemplate\":\"https:\\\/\\\/www.meydan.tv\\\/az\\\/?s={search_term_string}\"},\"query-input\":{\"@type\":\"PropertyValueSpecification\",\"valueRequired\":true,\"valueName\":\"search_term_string\"}}],\"inLanguage\":\"az\"},{\"@type\":\"Organization\",\"@id\":\"https:\\\/\\\/www.meydan.tv\\\/az\\\/#organization\",\"name\":\"Meydan TV\",\"url\":\"https:\\\/\\\/www.meydan.tv\\\/az\\\/\",\"logo\":{\"@type\":\"ImageObject\",\"inLanguage\":\"az\",\"@id\":\"https:\\\/\\\/www.meydan.tv\\\/az\\\/#\\\/schema\\\/logo\\\/image\\\/\",\"url\":\"https:\\\/\\\/www.meydan.tv\\\/wp-content\\\/uploads\\\/2021\\\/07\\\/meydan-logo.svg\",\"contentUrl\":\"https:\\\/\\\/www.meydan.tv\\\/wp-content\\\/uploads\\\/2021\\\/07\\\/meydan-logo.svg\",\"width\":195,\"height\":46,\"caption\":\"Meydan TV\"},\"image\":{\"@id\":\"https:\\\/\\\/www.meydan.tv\\\/az\\\/#\\\/schema\\\/logo\\\/image\\\/\"}},{\"@type\":\"Person\",\"@id\":\"https:\\\/\\\/www.meydan.tv\\\/az\\\/#\\\/schema\\\/person\\\/09863e516102a829e72bedcf3f84c6b0\",\"name\":\"mahmud\"}]}<\/script>\n<!-- \/ Yoast SEO plugin. -->","yoast_head_json":{"title":"H\u0259rbi qulluq\u00e7u g\u00fcll\u0259 yaras\u0131ndan h\u0259yat\u0131n\u0131 itirib - MEYDAN.TV","description":"Daxili Qo\u015funlar\u0131n m\u00fcdd\u0259td\u0259n art\u0131q xidm\u0259t ed\u0259n h\u0259rbi qulluq\u00e7usu Xanlar \u018fhm\u0259dovun t\u0259lim zaman\u0131 ald\u0131\u011f\u0131 x\u0259sar\u0259td\u0259n v\u0259fat etdiyi bildirilir.","robots":{"index":"index","follow":"follow","max-snippet":"max-snippet:-1","max-image-preview":"max-image-preview:large","max-video-preview":"max-video-preview:-1"},"canonical":"https:\/\/www.meydan.tv\/az\/article\/herbcinin-telim-zamani-vefat-etdiyi-bildirilir\/","og_locale":"az_AZ","og_type":"article","og_title":"H\u0259rbi qulluq\u00e7u g\u00fcll\u0259 yaras\u0131ndan h\u0259yat\u0131n\u0131 itirib - MEYDAN.TV","og_description":"Daxili Qo\u015funlar\u0131n m\u00fcdd\u0259td\u0259n art\u0131q xidm\u0259t ed\u0259n h\u0259rbi qulluq\u00e7usu Xanlar \u018fhm\u0259dovun t\u0259lim zaman\u0131 ald\u0131\u011f\u0131 x\u0259sar\u0259td\u0259n v\u0259fat etdiyi bildirilir.","og_url":"https:\/\/www.meydan.tv\/az\/article\/herbcinin-telim-zamani-vefat-etdiyi-bildirilir\/","og_site_name":"MEYDAN.TV","article_published_time":"2024-07-11T14:22:16+00:00","article_modified_time":"2024-07-11T17:36:18+00:00","og_image":[{"width":1500,"height":843,"url":"https:\/\/www.meydan.tv\/wp-content\/uploads\/shutterstock_1684955089-e1683114430487.jpg","type":"image\/jpeg"}],"author":"mahmud","twitter_card":"summary_large_image","schema":{"@context":"https:\/\/schema.org","@graph":[{"@type":"Article","@id":"https:\/\/www.meydan.tv\/az\/article\/herbcinin-telim-zamani-vefat-etdiyi-bildirilir\/#article","isPartOf":{"@id":"https:\/\/www.meydan.tv\/az\/article\/herbcinin-telim-zamani-vefat-etdiyi-bildirilir\/"},"author":{"name":"mahmud","@id":"https:\/\/www.meydan.tv\/az\/#\/schema\/person\/09863e516102a829e72bedcf3f84c6b0"},"headline":"H\u0259rbi qulluq\u00e7u g\u00fcll\u0259 yaras\u0131ndan h\u0259yat\u0131n\u0131 itirib","datePublished":"2024-07-11T14:22:16+00:00","dateModified":"2024-07-11T17:36:18+00:00","mainEntityOfPage":{"@id":"https:\/\/www.meydan.tv\/az\/article\/herbcinin-telim-zamani-vefat-etdiyi-bildirilir\/"},"wordCount":184,"publisher":{"@id":"https:\/\/www.meydan.tv\/az\/#organization"},"image":{"@id":"https:\/\/www.meydan.tv\/az\/article\/herbcinin-telim-zamani-vefat-etdiyi-bildirilir\/#primaryimage"},"thumbnailUrl":"https:\/\/www.meydan.tv\/wp-content\/uploads\/shutterstock_1684955089-e1683114430487.jpg","articleSection":["Sosial","X\u0259b\u0259rl\u0259r"],"inLanguage":"az"},{"@type":"WebPage","@id":"https:\/\/www.meydan.tv\/az\/article\/herbcinin-telim-zamani-vefat-etdiyi-bildirilir\/","url":"https:\/\/www.meydan.tv\/az\/article\/herbcinin-telim-zamani-vefat-etdiyi-bildirilir\/","name":"H\u0259rbi qulluq\u00e7u g\u00fcll\u0259 yaras\u0131ndan h\u0259yat\u0131n\u0131 itirib - MEYDAN.TV","isPartOf":{"@id":"https:\/\/www.meydan.tv\/az\/#website"},"primaryImageOfPage":{"@id":"https:\/\/www.meydan.tv\/az\/article\/herbcinin-telim-zamani-vefat-etdiyi-bildirilir\/#primaryimage"},"image":{"@id":"https:\/\/www.meydan.tv\/az\/article\/herbcinin-telim-zamani-vefat-etdiyi-bildirilir\/#primaryimage"},"thumbnailUrl":"https:\/\/www.meydan.tv\/wp-content\/uploads\/shutterstock_1684955089-e1683114430487.jpg","datePublished":"2024-07-11T14:22:16+00:00","dateModified":"2024-07-11T17:36:18+00:00","description":"Daxili Qo\u015funlar\u0131n m\u00fcdd\u0259td\u0259n art\u0131q xidm\u0259t ed\u0259n h\u0259rbi qulluq\u00e7usu Xanlar \u018fhm\u0259dovun t\u0259lim zaman\u0131 ald\u0131\u011f\u0131 x\u0259sar\u0259td\u0259n v\u0259fat etdiyi bildirilir.","breadcrumb":{"@id":"https:\/\/www.meydan.tv\/az\/article\/herbcinin-telim-zamani-vefat-etdiyi-bildirilir\/#breadcrumb"},"inLanguage":"az","potentialAction":[{"@type":"ReadAction","target":["https:\/\/www.meydan.tv\/az\/article\/herbcinin-telim-zamani-vefat-etdiyi-bildirilir\/"]}]},{"@type":"ImageObject","inLanguage":"az","@id":"https:\/\/www.meydan.tv\/az\/article\/herbcinin-telim-zamani-vefat-etdiyi-bildirilir\/#primaryimage","url":"https:\/\/www.meydan.tv\/wp-content\/uploads\/shutterstock_1684955089-e1683114430487.jpg","contentUrl":"https:\/\/www.meydan.tv\/wp-content\/uploads\/shutterstock_1684955089-e1683114430487.jpg","width":1500,"height":843,"caption":"\u018fsg\u0259r. M\u0259nb\u0259: Shutterstock - Denis Andricic"},{"@type":"BreadcrumbList","@id":"https:\/\/www.meydan.tv\/az\/article\/herbcinin-telim-zamani-vefat-etdiyi-bildirilir\/#breadcrumb","itemListElement":[{"@type":"ListItem","position":1,"name":"Ana s\u0259hif\u0259","item":"https:\/\/www.meydan.tv\/az\/"},{"@type":"ListItem","position":2,"name":"Sosial","item":"https:\/\/www.meydan.tv\/az\/section\/sosial\/"},{"@type":"ListItem","position":3,"name":"H\u0259rbi qulluq\u00e7u g\u00fcll\u0259 yaras\u0131ndan h\u0259yat\u0131n\u0131 itirib"}]},{"@type":"WebSite","@id":"https:\/\/www.meydan.tv\/az\/#website","url":"https:\/\/www.meydan.tv\/az\/","name":"MEYDAN.TV","description":"Meydan TV Az\u0259rbaycan\u0131n media m\u0259kan\u0131ndak\u0131 alternativ s\u0259sidir","publisher":{"@id":"https:\/\/www.meydan.tv\/az\/#organization"},"potentialAction":[{"@type":"SearchAction","target":{"@type":"EntryPoint","urlTemplate":"https:\/\/www.meydan.tv\/az\/?s={search_term_string}"},"query-input":{"@type":"PropertyValueSpecification","valueRequired":true,"valueName":"search_term_string"}}],"inLanguage":"az"},{"@type":"Organization","@id":"https:\/\/www.meydan.tv\/az\/#organization","name":"Meydan TV","url":"https:\/\/www.meydan.tv\/az\/","logo":{"@type":"ImageObject","inLanguage":"az","@id":"https:\/\/www.meydan.tv\/az\/#\/schema\/logo\/image\/","url":"https:\/\/www.meydan.tv\/wp-content\/uploads\/2021\/07\/meydan-logo.svg","contentUrl":"https:\/\/www.meydan.tv\/wp-content\/uploads\/2021\/07\/meydan-logo.svg","width":195,"height":46,"caption":"Meydan TV"},"image":{"@id":"https:\/\/www.meydan.tv\/az\/#\/schema\/logo\/image\/"}},{"@type":"Person","@id":"https:\/\/www.meydan.tv\/az\/#\/schema\/person\/09863e516102a829e72bedcf3f84c6b0","name":"mahmud"}]}},"_links":{"self":[{"href":"https:\/\/www.meydan.tv\/az\/wp-json\/wp\/v2\/posts\/310080","targetHints":{"allow":["GET"]}}],"collection":[{"href":"https:\/\/www.meydan.tv\/az\/wp-json\/wp\/v2\/posts"}],"about":[{"href":"https:\/\/www.meydan.tv\/az\/wp-json\/wp\/v2\/types\/post"}],"author":[{"embeddable":true,"href":"https:\/\/www.meydan.tv\/az\/wp-json\/wp\/v2\/users\/21"}],"replies":[{"embeddable":true,"href":"https:\/\/www.meydan.tv\/az\/wp-json\/wp\/v2\/comments?post=310080"}],"version-history":[{"count":2,"href":"https:\/\/www.meydan.tv\/az\/wp-json\/wp\/v2\/posts\/310080\/revisions"}],"predecessor-version":[{"id":310087,"href":"https:\/\/www.meydan.tv\/az\/wp-json\/wp\/v2\/posts\/310080\/revisions\/310087"}],"wp:featuredmedia":[{"embeddable":true,"href":"https:\/\/www.meydan.tv\/az\/wp-json\/wp\/v2\/media\/252609"}],"wp:attachment":[{"href":"https:\/\/www.meydan.tv\/az\/wp-json\/wp\/v2\/media?parent=310080"}],"wp:term":[{"taxonomy":"category","embeddable":true,"href":"https:\/\/www.meydan.tv\/az\/wp-json\/wp\/v2\/categories?post=310080"},{"taxonomy":"post_tag","embeddable":true,"href":"https:\/\/www.meydan.tv\/az\/wp-json\/wp\/v2\/tags?post=310080"}],"curies":[{"name":"wp","href":"https:\/\/api.w.org\/{rel}","templated":true}]}}