{"id":310021,"date":"2024-07-11T13:27:52","date_gmt":"2024-07-11T09:27:52","guid":{"rendered":"https:\/\/www.meydan.tv\/?p=310021"},"modified":"2024-07-11T13:27:54","modified_gmt":"2024-07-11T09:27:54","slug":"xacmaz-regional-edliyye-idaresinin-sabiq-reisine-9-il-6-ay-ceza-verildi-hebs-olunmadi","status":"publish","type":"post","link":"https:\/\/www.meydan.tv\/az\/article\/xacmaz-regional-edliyye-idaresinin-sabiq-reisine-9-il-6-ay-ceza-verildi-hebs-olunmadi\/","title":{"rendered":"Xa\u00e7maz Regional \u018fdliyy\u0259 \u0130dar\u0259sinin sabiq r\u0259isin\u0259 9 il 6 ay c\u0259za verildi, h\u0259bs olunmad\u0131"},"content":{"rendered":"\n<p><\/p>\n\n\n\n<p><strong><em>O, Xa\u00e7mazda, Qusarda hektarlarla torpaq sah\u0259l\u0259rini saxta s\u0259n\u0259dl\u0259rl\u0259 \u0259l\u0259 ke\u00e7irm\u0259kd\u0259 ittiham olunur<\/em><\/strong><\/p>\n\n\n\n<p>\u018fdliyy\u0259 Nazirliyinin Xa\u00e7maz Regional \u018fdliyy\u0259 \u0130dar\u0259sinin sabiq r\u0259isi Cavan\u015fir \u018fv\u0259zovun bir ild\u0259n \u00e7ox davam ed\u0259n m\u0259hk\u0259m\u0259si yekunla\u015f\u0131b. K\u00fclli miqdarda d\u0259l\u0259duzluq, s\u00fcbutlar\u0131 saxtala\u015fd\u0131rma, r\u0259smi s\u0259n\u0259dl\u0259ri m\u0259hv etm\u0259, saxta s\u0259n\u0259dl\u0259rd\u0259n istifad\u0259, v\u0259zif\u0259 s\u0259lahiyy\u0259tl\u0259rind\u0259n sui-istifad\u0259 kimi \u0259m\u0259ll\u0259rd\u0259 ittiham olunan Cavan\u015fir \u018fv\u0259zova 9 il 6 ay c\u0259za verilib. Lakin o, h\u0259bs olunmay\u0131b &#8211; 1 il 6 ay s\u0131naq m\u00fcdd\u0259ti t\u0259yin edilm\u0259kl\u0259, c\u0259zas\u0131 \u015f\u0259rti hesab olunub.<\/p>\n\n\n\n<p>1980-ci il t\u0259v\u0259ll\u00fcdl\u00fc Cavan\u015fir \u018fv\u0259zov Qusar, Xa\u00e7maz rayonlar\u0131nda b\u0259l\u0259diyy\u0259l\u0259rin v\u0259 d\u00f6vl\u0259tin m\u00fclkiyy\u0259tind\u0259 olan hektarlarla torpaq sah\u0259l\u0259rini saxta s\u0259n\u0259dl\u0259r vasit\u0259sil\u0259 \u0259l\u0259 ke\u00e7irib, \u00f6z\u00fcn\u0259 yax\u0131n olan m\u00fcxt\u0259lif adamlar\u0131n adlar\u0131na r\u0259smil\u0259\u015fdirm\u0259kd\u0259 ittiham olunur. \u0130ttihama \u0259sas\u0259n, o, 15-20 il \u0259vv\u0259l\u0259 aid arxiv s\u0259n\u0259dl\u0259rini g\u00f6t\u00fcr\u00fcb, onlar\u0131 d\u0259yi\u015fib. Yaxud da torpaq sah\u0259l\u0259ril\u0259 ba\u011fl\u0131 m\u00fcbahis\u0259l\u0259r\u0259 m\u0259hk\u0259m\u0259l\u0259rd\u0259 bax\u0131landa Xa\u00e7maz Regional \u018fdliyy\u0259 \u0130dar\u0259sinin ad\u0131ndan m\u0259hk\u0259m\u0259l\u0259r\u0259 saxta s\u0259n\u0259dl\u0259r g\u00f6nd\u0259rib v\u0259 s.<\/p>\n\n\n\n<p>M\u0259hk\u0259m\u0259d\u0259 o da m\u0259lum olub ki, ill\u0259rl\u0259 v\u0259t\u0259nda\u015flar Cavan\u015fir \u018fv\u0259zovun v\u0259zif\u0259sind\u0259n sui-istifad\u0259 etm\u0259si, \u0259kin v\u0259 \u00f6r\u00fc\u015f sah\u0259l\u0259rinin z\u0259bt olunmas\u0131ndan ill\u0259rl\u0259 m\u00fcxt\u0259lif d\u00f6vl\u0259t orqanlar\u0131na \u015fikay\u0259t edib.<\/p>\n\n\n\n<p>Cavan\u015fir \u018fv\u0259zov is\u0259 ona qar\u015f\u0131 ir\u0259li s\u00fcr\u00fclm\u00fc\u015f ittihamlar\u0131 q\u0259bul etmir. O, m\u0259hk\u0259m\u0259d\u0259 bildirib ki, onunla ba\u011fl\u0131 \u015fikay\u0259tl\u0259ri h\u0259m Ba\u015f Prokurorluq, h\u0259m d\u0259 \u018fdliyy\u0259 Nazirliyi ara\u015fd\u0131r\u0131b, lakin t\u0259sdiqini tapmad\u0131\u011f\u0131na g\u00f6r\u0259 bar\u0259sind\u0259 t\u0259dbir g\u00f6r\u00fclm\u0259yib.<\/p>\n\n\n\n<p>Onun s\u00f6zl\u0259rin\u0259 g\u00f6r\u0259, v\u0259zif\u0259d\u0259 i\u015fl\u0259y\u0259rk\u0259n m\u00fcxt\u0259lif \u015f\u0259xsl\u0259rl\u0259, o c\u00fcml\u0259d\u0259n b\u0259l\u0259diyy\u0259 s\u0259drl\u0259ri il\u0259 telefon dan\u0131\u015f\u0131qlar\u0131 olub. \u0130stintaq d\u00f6vr\u00fcnd\u0259 bu telefon z\u0259ngl\u0259ri b\u0259l\u0259diyy\u0259l\u0259r\u0259 t\u0259sir g\u00f6st\u0259rm\u0259k \u00fc\u00e7\u00fcn olan dan\u0131\u015f\u0131qlar kimi qiym\u0259tl\u0259ndirilib:<\/p>\n\n\n\n<p><em>\u201cM\u0259n tutdu\u011fum v\u0259zif\u0259d\u0259n ir\u0259li g\u0259l\u0259r\u0259k, b\u0259l\u0259diyy\u0259 s\u0259drl\u0259ri il\u0259 dan\u0131\u015f\u0131m\u0131\u015fam. Bunu onlara t\u0259sir g\u00f6st\u0259rm\u0259k \u00fc\u00e7\u00fcn olan dan\u0131\u015f\u0131qlar kimi qiym\u0259tl\u0259ndirm\u0259k d\u00fczg\u00fcn deyil\u201d.<\/em><\/p>\n\n\n\n<p>Sabiq r\u0259is \u0259lav\u0259 edib ki, istintaq zaman\u0131 onun \u0259leyhin\u0259 ifad\u0259 almaq \u00fc\u00e7\u00fcn m\u00fcst\u0259ntiq \u015fahidl\u0259ri h\u0259bsl\u0259, telefonlar\u0131ndak\u0131 \u015f\u0259xsi h\u0259yata aid m\u0259lumatlar\u0131 yaymaqla h\u0259d\u0259l\u0259yib.<\/p>\n\n\n\n<p>Cavan\u015fir \u018fv\u0259zov 20 il\u0259 yax\u0131n \u0259dliyy\u0259 sistemind\u0259 \u00e7al\u0131\u015f\u0131b. M\u0259hk\u0259m\u0259d\u0259 iclas katibi kimi i\u015f\u0259 ba\u015flayan Cavan\u015fir \u018fv\u0259zov daha sonra \u018fdliyy\u0259 Nazirliyinin M\u0259rk\u0259zi Aparat\u0131nda, ard\u0131nca da Xa\u00e7maz Regional \u018fdliyy\u0259 \u0130dar\u0259sind\u0259 f\u0259aliyy\u0259tini davam etdirib.<\/p>\n","protected":false},"excerpt":{"rendered":"<p>O, Xa\u00e7mazda, Qusarda hektarlarla torpaq sah\u0259l\u0259rini saxta s\u0259n\u0259dl\u0259rl\u0259 \u0259l\u0259 ke\u00e7irm\u0259kd\u0259 &#8230; <\/p>\n<p class=\"read-more-container\"><a title=\"Xa\u00e7maz Regional \u018fdliyy\u0259 \u0130dar\u0259sinin sabiq r\u0259isin\u0259 9 il 6 ay c\u0259za verildi, h\u0259bs olunmad\u0131\" class=\"read-more button\" href=\"https:\/\/www.meydan.tv\/az\/article\/xacmaz-regional-edliyye-idaresinin-sabiq-reisine-9-il-6-ay-ceza-verildi-hebs-olunmadi\/#more-310021\" aria-label=\"Read more about Xa\u00e7maz Regional \u018fdliyy\u0259 \u0130dar\u0259sinin sabiq r\u0259isin\u0259 9 il 6 ay c\u0259za verildi, h\u0259bs olunmad\u0131\">Davam\u0131<\/a><\/p>\n","protected":false},"author":21,"featured_media":237195,"comment_status":"closed","ping_status":"closed","sticky":false,"template":"","format":"standard","meta":{"_acf_changed":false,"_sitemap_exclude":false,"_sitemap_priority":"","_sitemap_frequency":"","footnotes":""},"categories":[60,62,79,56],"tags":[],"class_list":["post-310021","post","type-post","status-publish","format-standard","has-post-thumbnail","hentry","category-bolge","category-sosial","category-featured","category-xeberler","infinite-scroll-item","generate-columns","tablet-grid-50","mobile-grid-100","grid-parent","grid-33","no-featured-image-padding"],"acf":[],"yoast_head":"<!-- This site is optimized with the Yoast SEO plugin v27.4 - https:\/\/yoast.com\/product\/yoast-seo-wordpress\/ -->\n<title>Xa\u00e7mazda sabiq idar\u0259 r\u0259isin\u0259 9 il 6 ay c\u0259za verildi, h\u0259bs olunmad\u0131<\/title>\n<meta name=\"description\" content=\"\u018fdliyy\u0259 Nazirliyinin Xa\u00e7maz Regional \u018fdliyy\u0259 \u0130dar\u0259sinin sabiq r\u0259isi Cavan\u015fir \u018fv\u0259zovun bir ild\u0259n \u00e7ox davam ed\u0259n m\u0259hk\u0259m\u0259si yekunla\u015f\u0131b.\" \/>\n<meta name=\"robots\" content=\"index, follow, max-snippet:-1, max-image-preview:large, max-video-preview:-1\" \/>\n<link rel=\"canonical\" href=\"https:\/\/www.meydan.tv\/az\/article\/xacmaz-regional-edliyye-idaresinin-sabiq-reisine-9-il-6-ay-ceza-verildi-hebs-olunmadi\/\" \/>\n<meta property=\"og:locale\" content=\"az_AZ\" \/>\n<meta property=\"og:type\" content=\"article\" \/>\n<meta property=\"og:title\" content=\"Xa\u00e7mazda sabiq idar\u0259 r\u0259isin\u0259 9 il 6 ay c\u0259za verildi, h\u0259bs olunmad\u0131\" \/>\n<meta property=\"og:description\" content=\"\u018fdliyy\u0259 Nazirliyinin Xa\u00e7maz Regional \u018fdliyy\u0259 \u0130dar\u0259sinin sabiq r\u0259isi Cavan\u015fir \u018fv\u0259zovun bir ild\u0259n \u00e7ox davam ed\u0259n m\u0259hk\u0259m\u0259si yekunla\u015f\u0131b.\" \/>\n<meta property=\"og:url\" content=\"https:\/\/www.meydan.tv\/az\/article\/xacmaz-regional-edliyye-idaresinin-sabiq-reisine-9-il-6-ay-ceza-verildi-hebs-olunmadi\/\" \/>\n<meta property=\"og:site_name\" content=\"MEYDAN.TV\" \/>\n<meta property=\"article:published_time\" content=\"2024-07-11T09:27:52+00:00\" \/>\n<meta property=\"article:modified_time\" content=\"2024-07-11T09:27:54+00:00\" \/>\n<meta property=\"og:image\" content=\"https:\/\/www.meydan.tv\/wp-content\/uploads\/xacmaz.jpg\" \/>\n\t<meta property=\"og:image:width\" content=\"1350\" \/>\n\t<meta property=\"og:image:height\" content=\"900\" \/>\n\t<meta property=\"og:image:type\" content=\"image\/jpeg\" \/>\n<meta name=\"author\" content=\"mahmud\" \/>\n<meta name=\"twitter:card\" content=\"summary_large_image\" \/>\n<script type=\"application\/ld+json\" class=\"yoast-schema-graph\">{\"@context\":\"https:\\\/\\\/schema.org\",\"@graph\":[{\"@type\":\"Article\",\"@id\":\"https:\\\/\\\/www.meydan.tv\\\/az\\\/article\\\/xacmaz-regional-edliyye-idaresinin-sabiq-reisine-9-il-6-ay-ceza-verildi-hebs-olunmadi\\\/#article\",\"isPartOf\":{\"@id\":\"https:\\\/\\\/www.meydan.tv\\\/az\\\/article\\\/xacmaz-regional-edliyye-idaresinin-sabiq-reisine-9-il-6-ay-ceza-verildi-hebs-olunmadi\\\/\"},\"author\":{\"name\":\"mahmud\",\"@id\":\"https:\\\/\\\/www.meydan.tv\\\/az\\\/#\\\/schema\\\/person\\\/09863e516102a829e72bedcf3f84c6b0\"},\"headline\":\"Xa\u00e7maz Regional \u018fdliyy\u0259 \u0130dar\u0259sinin sabiq r\u0259isin\u0259 9 il 6 ay c\u0259za verildi, h\u0259bs olunmad\u0131\",\"datePublished\":\"2024-07-11T09:27:52+00:00\",\"dateModified\":\"2024-07-11T09:27:54+00:00\",\"mainEntityOfPage\":{\"@id\":\"https:\\\/\\\/www.meydan.tv\\\/az\\\/article\\\/xacmaz-regional-edliyye-idaresinin-sabiq-reisine-9-il-6-ay-ceza-verildi-hebs-olunmadi\\\/\"},\"wordCount\":559,\"publisher\":{\"@id\":\"https:\\\/\\\/www.meydan.tv\\\/az\\\/#organization\"},\"image\":{\"@id\":\"https:\\\/\\\/www.meydan.tv\\\/az\\\/article\\\/xacmaz-regional-edliyye-idaresinin-sabiq-reisine-9-il-6-ay-ceza-verildi-hebs-olunmadi\\\/#primaryimage\"},\"thumbnailUrl\":\"https:\\\/\\\/www.meydan.tv\\\/wp-content\\\/uploads\\\/xacmaz.jpg\",\"articleSection\":[\"B\u00f6lg\u0259\",\"Sosial\",\"T\u00f6vsiy\u0259\",\"X\u0259b\u0259rl\u0259r\"],\"inLanguage\":\"az\"},{\"@type\":\"WebPage\",\"@id\":\"https:\\\/\\\/www.meydan.tv\\\/az\\\/article\\\/xacmaz-regional-edliyye-idaresinin-sabiq-reisine-9-il-6-ay-ceza-verildi-hebs-olunmadi\\\/\",\"url\":\"https:\\\/\\\/www.meydan.tv\\\/az\\\/article\\\/xacmaz-regional-edliyye-idaresinin-sabiq-reisine-9-il-6-ay-ceza-verildi-hebs-olunmadi\\\/\",\"name\":\"Xa\u00e7mazda sabiq idar\u0259 r\u0259isin\u0259 9 il 6 ay c\u0259za verildi, h\u0259bs olunmad\u0131\",\"isPartOf\":{\"@id\":\"https:\\\/\\\/www.meydan.tv\\\/az\\\/#website\"},\"primaryImageOfPage\":{\"@id\":\"https:\\\/\\\/www.meydan.tv\\\/az\\\/article\\\/xacmaz-regional-edliyye-idaresinin-sabiq-reisine-9-il-6-ay-ceza-verildi-hebs-olunmadi\\\/#primaryimage\"},\"image\":{\"@id\":\"https:\\\/\\\/www.meydan.tv\\\/az\\\/article\\\/xacmaz-regional-edliyye-idaresinin-sabiq-reisine-9-il-6-ay-ceza-verildi-hebs-olunmadi\\\/#primaryimage\"},\"thumbnailUrl\":\"https:\\\/\\\/www.meydan.tv\\\/wp-content\\\/uploads\\\/xacmaz.jpg\",\"datePublished\":\"2024-07-11T09:27:52+00:00\",\"dateModified\":\"2024-07-11T09:27:54+00:00\",\"description\":\"\u018fdliyy\u0259 Nazirliyinin Xa\u00e7maz Regional \u018fdliyy\u0259 \u0130dar\u0259sinin sabiq r\u0259isi Cavan\u015fir \u018fv\u0259zovun bir ild\u0259n \u00e7ox davam ed\u0259n m\u0259hk\u0259m\u0259si yekunla\u015f\u0131b.\",\"breadcrumb\":{\"@id\":\"https:\\\/\\\/www.meydan.tv\\\/az\\\/article\\\/xacmaz-regional-edliyye-idaresinin-sabiq-reisine-9-il-6-ay-ceza-verildi-hebs-olunmadi\\\/#breadcrumb\"},\"inLanguage\":\"az\",\"potentialAction\":[{\"@type\":\"ReadAction\",\"target\":[\"https:\\\/\\\/www.meydan.tv\\\/az\\\/article\\\/xacmaz-regional-edliyye-idaresinin-sabiq-reisine-9-il-6-ay-ceza-verildi-hebs-olunmadi\\\/\"]}]},{\"@type\":\"ImageObject\",\"inLanguage\":\"az\",\"@id\":\"https:\\\/\\\/www.meydan.tv\\\/az\\\/article\\\/xacmaz-regional-edliyye-idaresinin-sabiq-reisine-9-il-6-ay-ceza-verildi-hebs-olunmadi\\\/#primaryimage\",\"url\":\"https:\\\/\\\/www.meydan.tv\\\/wp-content\\\/uploads\\\/xacmaz.jpg\",\"contentUrl\":\"https:\\\/\\\/www.meydan.tv\\\/wp-content\\\/uploads\\\/xacmaz.jpg\",\"width\":1350,\"height\":900,\"caption\":\"Foto: arxiv\"},{\"@type\":\"BreadcrumbList\",\"@id\":\"https:\\\/\\\/www.meydan.tv\\\/az\\\/article\\\/xacmaz-regional-edliyye-idaresinin-sabiq-reisine-9-il-6-ay-ceza-verildi-hebs-olunmadi\\\/#breadcrumb\",\"itemListElement\":[{\"@type\":\"ListItem\",\"position\":1,\"name\":\"Ana s\u0259hif\u0259\",\"item\":\"https:\\\/\\\/www.meydan.tv\\\/az\\\/\"},{\"@type\":\"ListItem\",\"position\":2,\"name\":\"B\u00f6lg\u0259\",\"item\":\"https:\\\/\\\/www.meydan.tv\\\/az\\\/section\\\/bolge\\\/\"},{\"@type\":\"ListItem\",\"position\":3,\"name\":\"Xa\u00e7maz Regional \u018fdliyy\u0259 \u0130dar\u0259sinin sabiq r\u0259isin\u0259 9 il 6 ay c\u0259za verildi, h\u0259bs olunmad\u0131\"}]},{\"@type\":\"WebSite\",\"@id\":\"https:\\\/\\\/www.meydan.tv\\\/az\\\/#website\",\"url\":\"https:\\\/\\\/www.meydan.tv\\\/az\\\/\",\"name\":\"MEYDAN.TV\",\"description\":\"Meydan TV Az\u0259rbaycan\u0131n media m\u0259kan\u0131ndak\u0131 alternativ s\u0259sidir\",\"publisher\":{\"@id\":\"https:\\\/\\\/www.meydan.tv\\\/az\\\/#organization\"},\"potentialAction\":[{\"@type\":\"SearchAction\",\"target\":{\"@type\":\"EntryPoint\",\"urlTemplate\":\"https:\\\/\\\/www.meydan.tv\\\/az\\\/?s={search_term_string}\"},\"query-input\":{\"@type\":\"PropertyValueSpecification\",\"valueRequired\":true,\"valueName\":\"search_term_string\"}}],\"inLanguage\":\"az\"},{\"@type\":\"Organization\",\"@id\":\"https:\\\/\\\/www.meydan.tv\\\/az\\\/#organization\",\"name\":\"Meydan TV\",\"url\":\"https:\\\/\\\/www.meydan.tv\\\/az\\\/\",\"logo\":{\"@type\":\"ImageObject\",\"inLanguage\":\"az\",\"@id\":\"https:\\\/\\\/www.meydan.tv\\\/az\\\/#\\\/schema\\\/logo\\\/image\\\/\",\"url\":\"https:\\\/\\\/www.meydan.tv\\\/wp-content\\\/uploads\\\/2021\\\/07\\\/meydan-logo.svg\",\"contentUrl\":\"https:\\\/\\\/www.meydan.tv\\\/wp-content\\\/uploads\\\/2021\\\/07\\\/meydan-logo.svg\",\"width\":195,\"height\":46,\"caption\":\"Meydan TV\"},\"image\":{\"@id\":\"https:\\\/\\\/www.meydan.tv\\\/az\\\/#\\\/schema\\\/logo\\\/image\\\/\"}},{\"@type\":\"Person\",\"@id\":\"https:\\\/\\\/www.meydan.tv\\\/az\\\/#\\\/schema\\\/person\\\/09863e516102a829e72bedcf3f84c6b0\",\"name\":\"mahmud\"}]}<\/script>\n<!-- \/ Yoast SEO plugin. -->","yoast_head_json":{"title":"Xa\u00e7mazda sabiq idar\u0259 r\u0259isin\u0259 9 il 6 ay c\u0259za verildi, h\u0259bs olunmad\u0131","description":"\u018fdliyy\u0259 Nazirliyinin Xa\u00e7maz Regional \u018fdliyy\u0259 \u0130dar\u0259sinin sabiq r\u0259isi Cavan\u015fir \u018fv\u0259zovun bir ild\u0259n \u00e7ox davam ed\u0259n m\u0259hk\u0259m\u0259si yekunla\u015f\u0131b.","robots":{"index":"index","follow":"follow","max-snippet":"max-snippet:-1","max-image-preview":"max-image-preview:large","max-video-preview":"max-video-preview:-1"},"canonical":"https:\/\/www.meydan.tv\/az\/article\/xacmaz-regional-edliyye-idaresinin-sabiq-reisine-9-il-6-ay-ceza-verildi-hebs-olunmadi\/","og_locale":"az_AZ","og_type":"article","og_title":"Xa\u00e7mazda sabiq idar\u0259 r\u0259isin\u0259 9 il 6 ay c\u0259za verildi, h\u0259bs olunmad\u0131","og_description":"\u018fdliyy\u0259 Nazirliyinin Xa\u00e7maz Regional \u018fdliyy\u0259 \u0130dar\u0259sinin sabiq r\u0259isi Cavan\u015fir \u018fv\u0259zovun bir ild\u0259n \u00e7ox davam ed\u0259n m\u0259hk\u0259m\u0259si yekunla\u015f\u0131b.","og_url":"https:\/\/www.meydan.tv\/az\/article\/xacmaz-regional-edliyye-idaresinin-sabiq-reisine-9-il-6-ay-ceza-verildi-hebs-olunmadi\/","og_site_name":"MEYDAN.TV","article_published_time":"2024-07-11T09:27:52+00:00","article_modified_time":"2024-07-11T09:27:54+00:00","og_image":[{"width":1350,"height":900,"url":"https:\/\/www.meydan.tv\/wp-content\/uploads\/xacmaz.jpg","type":"image\/jpeg"}],"author":"mahmud","twitter_card":"summary_large_image","schema":{"@context":"https:\/\/schema.org","@graph":[{"@type":"Article","@id":"https:\/\/www.meydan.tv\/az\/article\/xacmaz-regional-edliyye-idaresinin-sabiq-reisine-9-il-6-ay-ceza-verildi-hebs-olunmadi\/#article","isPartOf":{"@id":"https:\/\/www.meydan.tv\/az\/article\/xacmaz-regional-edliyye-idaresinin-sabiq-reisine-9-il-6-ay-ceza-verildi-hebs-olunmadi\/"},"author":{"name":"mahmud","@id":"https:\/\/www.meydan.tv\/az\/#\/schema\/person\/09863e516102a829e72bedcf3f84c6b0"},"headline":"Xa\u00e7maz Regional \u018fdliyy\u0259 \u0130dar\u0259sinin sabiq r\u0259isin\u0259 9 il 6 ay c\u0259za verildi, h\u0259bs olunmad\u0131","datePublished":"2024-07-11T09:27:52+00:00","dateModified":"2024-07-11T09:27:54+00:00","mainEntityOfPage":{"@id":"https:\/\/www.meydan.tv\/az\/article\/xacmaz-regional-edliyye-idaresinin-sabiq-reisine-9-il-6-ay-ceza-verildi-hebs-olunmadi\/"},"wordCount":559,"publisher":{"@id":"https:\/\/www.meydan.tv\/az\/#organization"},"image":{"@id":"https:\/\/www.meydan.tv\/az\/article\/xacmaz-regional-edliyye-idaresinin-sabiq-reisine-9-il-6-ay-ceza-verildi-hebs-olunmadi\/#primaryimage"},"thumbnailUrl":"https:\/\/www.meydan.tv\/wp-content\/uploads\/xacmaz.jpg","articleSection":["B\u00f6lg\u0259","Sosial","T\u00f6vsiy\u0259","X\u0259b\u0259rl\u0259r"],"inLanguage":"az"},{"@type":"WebPage","@id":"https:\/\/www.meydan.tv\/az\/article\/xacmaz-regional-edliyye-idaresinin-sabiq-reisine-9-il-6-ay-ceza-verildi-hebs-olunmadi\/","url":"https:\/\/www.meydan.tv\/az\/article\/xacmaz-regional-edliyye-idaresinin-sabiq-reisine-9-il-6-ay-ceza-verildi-hebs-olunmadi\/","name":"Xa\u00e7mazda sabiq idar\u0259 r\u0259isin\u0259 9 il 6 ay c\u0259za verildi, h\u0259bs olunmad\u0131","isPartOf":{"@id":"https:\/\/www.meydan.tv\/az\/#website"},"primaryImageOfPage":{"@id":"https:\/\/www.meydan.tv\/az\/article\/xacmaz-regional-edliyye-idaresinin-sabiq-reisine-9-il-6-ay-ceza-verildi-hebs-olunmadi\/#primaryimage"},"image":{"@id":"https:\/\/www.meydan.tv\/az\/article\/xacmaz-regional-edliyye-idaresinin-sabiq-reisine-9-il-6-ay-ceza-verildi-hebs-olunmadi\/#primaryimage"},"thumbnailUrl":"https:\/\/www.meydan.tv\/wp-content\/uploads\/xacmaz.jpg","datePublished":"2024-07-11T09:27:52+00:00","dateModified":"2024-07-11T09:27:54+00:00","description":"\u018fdliyy\u0259 Nazirliyinin Xa\u00e7maz Regional \u018fdliyy\u0259 \u0130dar\u0259sinin sabiq r\u0259isi Cavan\u015fir \u018fv\u0259zovun bir ild\u0259n \u00e7ox davam ed\u0259n m\u0259hk\u0259m\u0259si yekunla\u015f\u0131b.","breadcrumb":{"@id":"https:\/\/www.meydan.tv\/az\/article\/xacmaz-regional-edliyye-idaresinin-sabiq-reisine-9-il-6-ay-ceza-verildi-hebs-olunmadi\/#breadcrumb"},"inLanguage":"az","potentialAction":[{"@type":"ReadAction","target":["https:\/\/www.meydan.tv\/az\/article\/xacmaz-regional-edliyye-idaresinin-sabiq-reisine-9-il-6-ay-ceza-verildi-hebs-olunmadi\/"]}]},{"@type":"ImageObject","inLanguage":"az","@id":"https:\/\/www.meydan.tv\/az\/article\/xacmaz-regional-edliyye-idaresinin-sabiq-reisine-9-il-6-ay-ceza-verildi-hebs-olunmadi\/#primaryimage","url":"https:\/\/www.meydan.tv\/wp-content\/uploads\/xacmaz.jpg","contentUrl":"https:\/\/www.meydan.tv\/wp-content\/uploads\/xacmaz.jpg","width":1350,"height":900,"caption":"Foto: arxiv"},{"@type":"BreadcrumbList","@id":"https:\/\/www.meydan.tv\/az\/article\/xacmaz-regional-edliyye-idaresinin-sabiq-reisine-9-il-6-ay-ceza-verildi-hebs-olunmadi\/#breadcrumb","itemListElement":[{"@type":"ListItem","position":1,"name":"Ana s\u0259hif\u0259","item":"https:\/\/www.meydan.tv\/az\/"},{"@type":"ListItem","position":2,"name":"B\u00f6lg\u0259","item":"https:\/\/www.meydan.tv\/az\/section\/bolge\/"},{"@type":"ListItem","position":3,"name":"Xa\u00e7maz Regional \u018fdliyy\u0259 \u0130dar\u0259sinin sabiq r\u0259isin\u0259 9 il 6 ay c\u0259za verildi, h\u0259bs olunmad\u0131"}]},{"@type":"WebSite","@id":"https:\/\/www.meydan.tv\/az\/#website","url":"https:\/\/www.meydan.tv\/az\/","name":"MEYDAN.TV","description":"Meydan TV Az\u0259rbaycan\u0131n media m\u0259kan\u0131ndak\u0131 alternativ s\u0259sidir","publisher":{"@id":"https:\/\/www.meydan.tv\/az\/#organization"},"potentialAction":[{"@type":"SearchAction","target":{"@type":"EntryPoint","urlTemplate":"https:\/\/www.meydan.tv\/az\/?s={search_term_string}"},"query-input":{"@type":"PropertyValueSpecification","valueRequired":true,"valueName":"search_term_string"}}],"inLanguage":"az"},{"@type":"Organization","@id":"https:\/\/www.meydan.tv\/az\/#organization","name":"Meydan TV","url":"https:\/\/www.meydan.tv\/az\/","logo":{"@type":"ImageObject","inLanguage":"az","@id":"https:\/\/www.meydan.tv\/az\/#\/schema\/logo\/image\/","url":"https:\/\/www.meydan.tv\/wp-content\/uploads\/2021\/07\/meydan-logo.svg","contentUrl":"https:\/\/www.meydan.tv\/wp-content\/uploads\/2021\/07\/meydan-logo.svg","width":195,"height":46,"caption":"Meydan TV"},"image":{"@id":"https:\/\/www.meydan.tv\/az\/#\/schema\/logo\/image\/"}},{"@type":"Person","@id":"https:\/\/www.meydan.tv\/az\/#\/schema\/person\/09863e516102a829e72bedcf3f84c6b0","name":"mahmud"}]}},"_links":{"self":[{"href":"https:\/\/www.meydan.tv\/az\/wp-json\/wp\/v2\/posts\/310021","targetHints":{"allow":["GET"]}}],"collection":[{"href":"https:\/\/www.meydan.tv\/az\/wp-json\/wp\/v2\/posts"}],"about":[{"href":"https:\/\/www.meydan.tv\/az\/wp-json\/wp\/v2\/types\/post"}],"author":[{"embeddable":true,"href":"https:\/\/www.meydan.tv\/az\/wp-json\/wp\/v2\/users\/21"}],"replies":[{"embeddable":true,"href":"https:\/\/www.meydan.tv\/az\/wp-json\/wp\/v2\/comments?post=310021"}],"version-history":[{"count":1,"href":"https:\/\/www.meydan.tv\/az\/wp-json\/wp\/v2\/posts\/310021\/revisions"}],"predecessor-version":[{"id":310022,"href":"https:\/\/www.meydan.tv\/az\/wp-json\/wp\/v2\/posts\/310021\/revisions\/310022"}],"wp:featuredmedia":[{"embeddable":true,"href":"https:\/\/www.meydan.tv\/az\/wp-json\/wp\/v2\/media\/237195"}],"wp:attachment":[{"href":"https:\/\/www.meydan.tv\/az\/wp-json\/wp\/v2\/media?parent=310021"}],"wp:term":[{"taxonomy":"category","embeddable":true,"href":"https:\/\/www.meydan.tv\/az\/wp-json\/wp\/v2\/categories?post=310021"},{"taxonomy":"post_tag","embeddable":true,"href":"https:\/\/www.meydan.tv\/az\/wp-json\/wp\/v2\/tags?post=310021"}],"curies":[{"name":"wp","href":"https:\/\/api.w.org\/{rel}","templated":true}]}}