{"id":309998,"date":"2024-07-11T13:22:09","date_gmt":"2024-07-11T09:22:09","guid":{"rendered":"https:\/\/www.meydan.tv\/?p=309998"},"modified":"2024-07-11T13:49:23","modified_gmt":"2024-07-11T09:49:23","slug":"regionlarda-issizlik-bahaliq-ve-sefalet-gencler-kendleri-terk-edir","status":"publish","type":"post","link":"https:\/\/www.meydan.tv\/az\/article\/regionlarda-issizlik-bahaliq-ve-sefalet-gencler-kendleri-terk-edir\/","title":{"rendered":"Regionlarda i\u015fsizlik, bahal\u0131q v\u0259 s\u0259fal\u0259t: g\u0259ncl\u0259r k\u0259ndl\u0259ri t\u0259rk edir"},"content":{"rendered":"\n<p><\/p>\n\n\n\n<p><strong><em>&#8220;Bir tik\u0259 \u00e7\u00f6r\u0259k \u00fc\u00e7\u00fcn bazara g\u0259lir\u0259m&#8221;<\/em><\/strong><\/p>\n\n\n\n<p>Regionlarda i\u015fsizlik s\u0259viyy\u0259si getdikc\u0259 art\u0131r. Artan qiym\u0259t, bahal\u0131q v\u0259 s\u0259fal\u0259t fonunda kas\u0131bla\u015fan \u0259hali regionlar\u0131, k\u0259ndl\u0259ri t\u0259rk etm\u0259k m\u0259cburiyy\u0259tind\u0259 qal\u0131r.<\/p>\n\n\n\n<p>Sakinl\u0259r normal dolana, a\u011f\u0131rla\u015fan sosial-iqtisadi rifah fonunda ehtiyaclar\u0131n\u0131 qar\u015f\u0131laya bilmirl\u0259r.<\/p>\n\n\n\n<p>G\u00f6y\u00e7ay sakini Asif Eyvazov deyir ki, i\u015f tapa bilmir. \u0130\u015fsizlik rayonda pik h\u0259dd\u0259 oldu\u011fundan 35 ya\u015f h\u0259ddini ona b\u0259han\u0259&nbsp;g\u0259tirirl\u0259r.<\/p>\n\n\n\n<p>T\u0259bii s\u0259rv\u0259tl\u0259r \u00f6lk\u0259sind\u0259 &#8220;\u00e7\u00f6r\u0259k tapmaq&#8221; m\u00fc\u015fk\u00fcl\u0259 \u00e7evrilib:<\/p>\n\n\n\n<p><em>&#8220;\u0130\u015f tapmaq o q\u0259d\u0259r q\u0259lizdir ki, art\u0131q arzulam\u0131ram. Hara gedir\u0259ms\u0259, 35 ya\u015f m\u0259hdudiyy\u0259tini xat\u0131rlad\u0131rlar. Sanki o ya\u015fdan sonra ya\u015famal\u0131 deyilik. Sosial-iqtisadi b\u0259rab\u0259rsizlik var. El\u0259 insanlar var ki, h\u0259m i\u015fi var, h\u0259m d\u0259 t\u0259qa\u00fcd al\u0131r, el\u0259l\u0259ri var ki, bir manat g\u0259liri yoxdur. Cavanlar oxuyub g\u0259lir, ancaq i\u015fsiz-g\u00fccs\u00fcz v\u0259ziyy\u0259td\u0259dir. Neft, qaz, q\u0131z\u0131l kimi s\u0259rv\u0259tl\u0259r ixrac olunur, ancaq \u0259halinin sosial-iqtisadi rifah\u0131 ac\u0131nacaql\u0131 durumdad\u0131r. 3-5 manat qazananda, \u00e7\u00f6r\u0259k tapanda \u015f\u00fck\u00fcr edirik. \u00d6lk\u0259 r\u0259hb\u0259rind\u0259n xahi\u015fim t\u0259k budur ki, \u0259halinin g\u00fcz\u0259ran\u0131n\u0131 n\u0259z\u0259r\u0259 als\u0131n&#8221;<\/em>.<\/p>\n\n\n\n<figure class=\"wp-block-image size-large\"><img decoding=\"async\" width=\"1200\" height=\"675\" data-src=\"https:\/\/www.meydan.tv\/wp-content\/uploads\/img-20240705-wa0047-1200x675.jpg\" alt=\"\" class=\"wp-image-310008 lazyload\" src=\"data:image\/svg+xml;base64,PHN2ZyB3aWR0aD0iMSIgaGVpZ2h0PSIxIiB4bWxucz0iaHR0cDovL3d3dy53My5vcmcvMjAwMC9zdmciPjwvc3ZnPg==\" style=\"--smush-placeholder-width: 1200px; --smush-placeholder-aspect-ratio: 1200\/675;\" \/><figcaption class=\"wp-element-caption\">Foto: Meydan TV<\/figcaption><\/figure>\n\n\n\n<p><strong>&#8220;\u0130\u015fsizlik d\u0259 o\u011furlu\u011fu art\u0131r\u0131r&#8221;<\/strong><\/p>\n\n\n\n<p>Sakinl\u0259r deyir ki, rayonlarda n\u0259 zavod var, n\u0259 fabrik. \u018fhalinin \u00e7ox hiss\u0259si dolan\u0131\u015f\u0131q \u00fc\u00e7\u00fcn ya s\u00fcr\u00fcc\u00fcl\u00fck edir, ya da bazarlarda &#8220;bir tik\u0259 \u00e7\u00f6r\u0259k&#8221; axtar\u0131\u015f\u0131ndad\u0131r.<\/p>\n\n\n\n<p>\u0130\u015fsiz \u0259halinin \u0259sas yeri \u00e7ayxanalar olur. Bahal\u0131q is\u0259 i\u015fsizlik v\u0259 g\u0259lirsizliy\u0259 baxm\u0131r. H\u0259r ay deyil, el\u0259 h\u0259r g\u00fcn art\u0131r:<\/p>\n\n\n\n<p><em>&#8220;\u00c7\u00f6r\u0259yim ustal\u0131qdan \u00e7\u0131x\u0131r. Ail\u0259mi halal z\u0259hm\u0259tl\u0259 doland\u0131r\u0131ram. M\u0259vacib alanlar nisb\u0259t\u0259n normal, dig\u0259rl\u0259ri kas\u0131b dolan\u0131r. Ne\u00e7\u0259 ali t\u0259hsilli g\u0259nc tan\u0131y\u0131ram ki, marketl\u0259rd\u0259, \u015fadl\u0131q evl\u0259rind\u0259 f\u0259hl\u0259lik edir. Bir zavod, bir fabrik a\u00e7\u0131lsa, 50 f\u0259hl\u0259 \u00e7al\u0131\u015far. \u0130ki zavod var evimizin yan\u0131nda, ill\u0259rdir i\u015fl\u0259mir. \u0130\u015fsizlik d\u0259 o\u011furlu\u011fu art\u0131r\u0131r. Deyir ki, dolana bilmir\u0259m. Bu ayla \u00f6t\u0259n ay aras\u0131nda \u0259rzaq m\u0259hsullar\u0131n\u0131n al\u0131\u015f\u0131nda 25-30 faiz bahala\u015fma olur. El\u0259 bil qiym\u0259tl\u0259r g\u00fcnd\u0259lik gizlin art\u0131r\u0131l\u0131r&#8221;<\/em>, &#8211; dey\u0259 Vidadi Hac\u0131yev i\u015fsizlikd\u0259n gileyl\u0259nir.<\/p>\n\n\n\n<p>Rayon sakinl\u0259rinin g\u00fcz\u0259ran\u0131n\u0131 m\u00fc\u015fahid\u0259 etdikc\u0259&nbsp;m\u0259lum olur ki, ist\u0259r s\u00fcr\u00fcc\u00fcl\u00fckd\u0259, ist\u0259r bazarda, ist\u0259rs\u0259 d\u0259 t\u0259mizlik kimi minimum \u0259m\u0259khaqq\u0131 i\u015fl\u0259rind\u0259 orta v\u0259 ya\u015fl\u0131 t\u0259b\u0259q\u0259 sakinl\u0259ri \u00e7al\u0131\u015f\u0131r.<\/p>\n\n\n\n<p>\u018fks\u0259riyy\u0259t market v\u0259 xidm\u0259ti sah\u0259l\u0259rd\u0259 is\u0259 \u0259m\u0259khaqq\u0131 minimum s\u0259viyy\u0259d\u0259 bel\u0259 olmur.<\/p>\n\n\n\n<p>100 minlik \u0259halinin 70 faizi k\u0259ndl\u0259rd\u0259, 30 faizi&nbsp; is\u0259 \u015f\u0259h\u0259rd\u0259&nbsp; ya\u015fay\u0131r. Bu is\u0259 rayon camaat\u0131n\u0131n \u00e7ox hiss\u0259sinin dolan\u0131\u015f\u0131\u011f\u0131n\u0131n torpaqdan as\u0131l\u0131 oldu\u011funu g\u00f6st\u0259rir:<\/p>\n\n\n\n<p><em>&#8220;70 ya\u015f\u0131m var, m\u0259cbur s\u00fcp\u00fcrg\u0259\u00e7i i\u015fl\u0259yir\u0259m, \u00e7\u00fcnki ail\u0259mi doland\u0131rmaq \u00e7\u0259tindir. Bu ya\u015f\u0131mda m\u00fcalic\u0259 olmal\u0131yam. H\u0259r g\u00fcn bu i\u015f\u0259 d\u0259rman q\u0259bul edib g\u0259lir\u0259m. Vaxt vard\u0131 \u015f\u0259h\u0259rdaxili mar\u015frutlar 20-30 q\u0259pik idi, indi olub 50 q\u0259pikdir. G\u0259ncl\u0259r\u0259 i\u015f yoxdur ki, onlar i\u015fl\u0259sin, biz yox. G\u0259linim i\u015f tapa bilmirdi, indi \u00e7\u00f6r\u0259k sexind\u0259 200 manata \u00e7al\u0131\u015f\u0131r. G\u00fcn \u0259rzind\u0259 8-9 saat. Bir q\u0131z, n\u0259v\u0259m i\u015f tapa bilmir dey\u0259 i\u015fsizdir. H\u0259r k\u0259s i\u015f olanda \u00f6z\u00fcn\u00fcnk\u00fcn\u00fc d\u00fcz\u00fcb-qo\u015fur. Ya\u015famaq \u00e7ox \u00e7\u0259tindir&#8221;<\/em>, &#8211; dey\u0259 S\u0259kin\u0259 M\u0259mm\u0259dova rayondak\u0131 i\u015fsizlikd\u0259n \u015fikay\u0259tl\u0259nir.<\/p>\n\n\n\n<figure class=\"wp-block-image size-large\"><img decoding=\"async\" width=\"1200\" height=\"675\" data-src=\"https:\/\/www.meydan.tv\/wp-content\/uploads\/img-20240705-wa0025-1200x675.jpg\" alt=\"\" class=\"wp-image-310011 lazyload\" src=\"data:image\/svg+xml;base64,PHN2ZyB3aWR0aD0iMSIgaGVpZ2h0PSIxIiB4bWxucz0iaHR0cDovL3d3dy53My5vcmcvMjAwMC9zdmciPjwvc3ZnPg==\" style=\"--smush-placeholder-width: 1200px; --smush-placeholder-aspect-ratio: 1200\/675;\" \/><figcaption class=\"wp-element-caption\">Bazar. Foto: Meydan TV<\/figcaption><\/figure>\n\n\n\n<p><strong>&#8220;N\u0259 aparsam, onu yeyirik, aparmasam, ac qal\u0131r\u0131q&#8221;<\/strong><\/p>\n\n\n\n<p>Rayon sakinl\u0259rinin 45-50 faizinin \u00e7al\u0131\u015fd\u0131\u011f\u0131 bazarda is\u0259 al\u0131c\u0131 v\u0259 sat\u0131c\u0131 sosial iqtisadi rifah\u0131n\u0131n a\u015fa\u011f\u0131 v\u0259ziyy\u0259td\u0259 olmas\u0131ndan naraz\u0131d\u0131r.<\/p>\n\n\n\n<p>Sat\u0131c\u0131lar pi\u015ftaxta arxas\u0131nda dursa da, art\u0131q \u00e7\u00f6r\u0259yin \u00e7\u0259tinlikl\u0259 qazan\u0131ld\u0131\u011f\u0131n\u0131, \u0259vv\u0259lki kimi bazar olmad\u0131\u011f\u0131n\u0131 deyirl\u0259r. Burada \u0259sas\u0259n m\u0259hsulunu g\u0259tirib satanlar, pensiya ya\u015f\u0131na \u00e7atmayan i\u015fsiz, g\u0259lirsiz \u0259hali c\u0259m olub.<\/p>\n\n\n\n<p>Son g\u00fcnl\u0259rin qiym\u0259t art\u0131m\u0131 is\u0259 onlar\u0131 &#8220;bir tik\u0259 \u00e7\u00f6r\u0259kd\u0259n&#8221; d\u0259 m\u0259hrum qoyur: <\/p>\n\n\n\n<p><em>&#8220;Pensiya alm\u0131ram, maa\u015f alm\u0131ram. Burda \u0259yl\u0259\u015fir h\u0259r g\u00fcn. N\u0259 aparsam, onu yeyirik, aparmasam ac qal\u0131r\u0131q. Ya\u015f\u0131m 63-d\u00fcr. \u00dc\u00e7 \u00f6vlad anas\u0131yam. G\u0259r\u0259k 2 il g\u00f6zl\u0259yib pensiyaya \u00e7\u0131xam. Bu ya\u015fda pensiyam\u0131 ver\u0259rdi h\u00f6kum\u0259t, yoxsa g\u00f6y\u0259rti sat\u0131b dolanmazd\u0131m. O\u011fluma i\u015f tap\u0131lm\u0131r, 80 manat veteran t\u0259qa\u00fcd\u00fc al\u0131r. G\u0259nc o\u011ful ana \u0259lin\u0259 bax\u0131r&#8221;<\/em> &#8211; dey\u0259 orta ya\u015fl\u0131 qad\u0131n sat\u0131c\u0131lar\u0131n da durumunun a\u011f\u0131r oldu\u011funu bildirir.<\/p>\n\n\n\n<p><strong>&#8220;\u00d6z cibl\u0259rini deyil, mill\u0259ti d\u00fc\u015f\u00fcnm\u0259k laz\u0131md\u0131r&#8221;<\/strong><\/p>\n\n\n\n<p>Onun s\u0259sin\u0259 s\u0259s ver\u0259n dig\u0259r al\u0131c\u0131lar da v\u0259ziyy\u0259tin s\u00f6zl\u0259 t\u0259svir edilm\u0259y\u0259c\u0259k d\u0259r\u0259c\u0259d\u0259 a\u011f\u0131r oldu\u011funu deyirl\u0259r.<\/p>\n\n\n\n<p><em>&#8220;H\u00f6kum\u0259t 220 manat pensiya verir, dolana bilmirik. Pensiya m\u0259bl\u0259\u011fi il\u0259 bir h\u0259ft\u0259 dolanmaq olur. \u00d6z cibl\u0259rini deyil, mill\u0259ti d\u00fc\u015f\u00fcnm\u0259k laz\u0131md\u0131r. Maa\u015f, pensiya, t\u0259qa\u00fcd yerind\u0259 say\u0131r, yanacaq, d\u0259rman \u0259rzaq bahala\u015f\u0131b. Biz valideynl\u0259ri bu pensiya il\u0259 ayaqalt\u0131, m\u00f6htac edibl\u0259r&#8221;<\/em>, &#8211; dey\u0259 al\u0131c\u0131lardan biri qeyd edir.<\/p>\n\n\n\n<p>\u0130qtisad\u00e7\u0131 Akif N\u0259sirli deyir ki, b\u00f6lg\u0259l\u0259rd\u0259 k\u0259nd t\u0259s\u0259rr\u00fcfat\u0131 aktual oldu\u011fundan regionun iqtisadi t\u0259minat\u0131 aqrar sah\u0259d\u0259n as\u0131l\u0131d\u0131r.<\/p>\n\n\n<div class=\"wp-block-image\">\n<figure class=\"alignleft size-full is-resized\"><img decoding=\"async\" width=\"1200\" height=\"673\" data-src=\"https:\/\/www.meydan.tv\/wp-content\/uploads\/akif_nesirli.jpg\" alt=\"\" class=\"wp-image-275224 lazyload\" style=\"--smush-placeholder-width: 1200px; --smush-placeholder-aspect-ratio: 1200\/673;width:391px;height:auto\" src=\"data:image\/svg+xml;base64,PHN2ZyB3aWR0aD0iMSIgaGVpZ2h0PSIxIiB4bWxucz0iaHR0cDovL3d3dy53My5vcmcvMjAwMC9zdmciPjwvc3ZnPg==\" \/><figcaption class=\"wp-element-caption\">Akif N\u0259sirli. Foto: &#8220;Telegraf.az&#8221;<\/figcaption><\/figure>\n<\/div>\n\n\n<p>Onun s\u00f6zl\u0259rin\u0259 g\u00f6r\u0259, k\u0259nd t\u0259s\u0259rr\u00fcfat\u0131n\u0131n t\u0259n\u0259zz\u00fcl\u00fc v\u0259 k\u0259nd t\u0259s\u0259rr\u00fcfat\u0131 \u00fczr\u0259 ixtisasla\u015fm\u0131\u015f s\u0259nayenin olmamas\u0131 regionlarda ciddi i\u015fsizlik v\u0259 a\u011f\u0131r iqtisadi t\u0259minat formala\u015fd\u0131r\u0131r:<\/p>\n\n\n\n<p><em>&#8220;K\u0259nd t\u0259s\u0259r\u00fcfat\u0131 s\u0259nayesi inki\u015faf etm\u0259di v\u0259 m\u00f6vcud fabrik, zavodlar da ba\u011fland\u0131 dey\u0259 i\u015fsizlik artd\u0131. Bu ill\u0259r \u0259rzind\u0259 ist\u0259r bostan, ist\u0259r meyv\u0259\u00e7ilik, ist\u0259rs\u0259 d\u0259 t\u0259r\u0259v\u0259z m\u0259hsullar\u0131n\u0131n s\u0259nayel\u0259\u015fm\u0259si gets\u0259ydi, n\u0259 q\u0259d\u0259r m\u0259hsul istehsal olunard\u0131. Regionlarda buna g\u00f6r\u0259 zavod v\u0259 fabrikl\u0259r qurulmal\u0131 idi. Beyn\u0259lxaq normalara g\u00f6r\u0259 k\u0259nd t\u0259s\u0259rr\u00fcfat\u0131 il\u0259 m\u0259\u015f\u011ful olan 20 min \u0259haliy\u0259 b\u00f6y\u00fck bir emal zavodu d\u00fc\u015fm\u0259lidir. T\u0259sad\u00fcfi deyil ki, regionlarda 100 minlik \u0259halinin 70-75 faizi k\u0259ndl\u0259rd\u0259 ya\u015fay\u0131r. Bu h\u0259m&nbsp; texnoloji s\u0259nayel\u0259\u015fm\u0259y\u0259, h\u0259m d\u0259 k\u0259nd t\u0259s\u0259rr\u00fcfat\u0131n\u0131n inki\u015faf\u0131na t\u0259kan verir. Bu Az\u0259rbaycanda yoxdur. \u00d6lk\u0259d\u0259 t\u0259k \u015f\u0259k\u0259r zavodu var ki, orada istehsal olunan yar\u0131mfabrikantlar bel\u0259 idxal edilir&#8221;<\/em>.<\/p>\n\n\n\n<p><strong>&#8220;Az\u0259rbaycan h\u00f6kum\u0259ti inflyasiyan\u0131 \u00f6z\u00fc k\u00f6r\u00fckl\u0259yir&#8221;<\/strong><\/p>\n\n\n\n<p>Ekspert i\u015fsizlikl\u0259 yana\u015f\u0131, son g\u00fcnl\u0259r artan yanacaq, yol x\u0259rci v\u0259 \u0259rzaq qiym\u0259tl\u0259rinin d\u0259 \u0259halinin sosial iqtisadi t\u0259minat\u0131na v\u0259 i\u015fsizliy\u0259 m\u0259nfi t\u0259sir g\u00f6st\u0259r\u0259c\u0259yini&nbsp; qeyd edir.<\/p>\n\n\n\n<figure class=\"wp-block-image size-large\"><img decoding=\"async\" width=\"1200\" height=\"675\" data-src=\"https:\/\/www.meydan.tv\/wp-content\/uploads\/img-20240705-wa0048-1200x675.jpg\" alt=\"\" class=\"wp-image-310017 lazyload\" src=\"data:image\/svg+xml;base64,PHN2ZyB3aWR0aD0iMSIgaGVpZ2h0PSIxIiB4bWxucz0iaHR0cDovL3d3dy53My5vcmcvMjAwMC9zdmciPjwvc3ZnPg==\" style=\"--smush-placeholder-width: 1200px; --smush-placeholder-aspect-ratio: 1200\/675;\" \/><figcaption class=\"wp-element-caption\">Foto: Meydan TV<\/figcaption><\/figure>\n\n\n\n<p>O deyir ki, n\u00f6vb\u0259ti inflyasiya qa\u00e7\u0131lmazd\u0131r:<\/p>\n\n\n\n<p><em>&#8220;\u0130stehsal olunan m\u0259hsullar\u0131n istehsal\u0131nda 30 faiz yanacaq rol oynay\u0131r. Bu x\u0259rcl\u0259rd\u0259 maya d\u0259y\u0259rinin d\u00f6rdd\u0259 bir q\u0259d\u0259r artmas\u0131 dem\u0259kdir. K\u0259nd t\u0259s\u0259rr\u00fcfat\u0131nda \u00e7al\u0131\u015fan fermerl\u0259rin x\u0259rcl\u0259ri artacaq, bu da m\u0259hsulun sat\u0131\u015f&nbsp; qiym\u0259tind\u0259 \u00f6z \u0259ksini tapacaq. Y\u0259ni m\u0259hsullar\u0131n sat\u0131\u015f qiym\u0259ti bahala\u015facaq. Bu bahal\u0131q pay\u0131z m\u0259hsullar\u0131nda \u00f6z\u00fcn\u00fc realla\u015fd\u0131racaq. Maraql\u0131 m\u0259qam budur ki, varl\u0131lar\u0131n ald\u0131\u011f\u0131 yanacaq ucuzla\u015f\u0131r, kas\u0131blar\u0131n ald\u0131\u011f\u0131 yanacaq bahala\u015f\u0131r. Az\u0259rbaycan h\u00f6kum\u0259ti inflyasiyan\u0131 \u00f6z\u00fc&nbsp; k\u00f6r\u00fckl\u0259yir&#8221;<\/em>.<\/p>\n\n\n\n<p><em>&#8220;Logistika, n\u0259qliyyat x\u0259rcl\u0259ri 25 faiz&nbsp;qalxd\u0131. Bu da \u0259halinin \u00e7\u0259tin dolanan t\u0259b\u0259q\u0259sinin dolan\u0131\u015f\u0131\u011f\u0131n\u0131 \u00e7\u0259tinl\u0259\u015fm\u0259sin\u0259 s\u0259b\u0259b olacaq. Son qiym\u0259t art\u0131m\u0131 \u00f6lk\u0259d\u0259 inflyasiyan\u0131&nbsp; qa\u00e7\u0131lmaz edir. \u018fm\u0259khaqq\u0131, pensiya, t\u0259qa\u00fcd stabil qald\u0131\u011f\u0131 halda&nbsp; qiym\u0259tl\u0259rin bahala\u015fmas\u0131 \u00fc\u00e7\u00fcn&nbsp; iqtisadi \u0259sas yox idi. Ancaq&nbsp; bunu etm\u0259kl\u0259 inflyasiyan\u0131 d\u0259qiq&nbsp; stimulla\u015fd\u0131rd\u0131lar&#8221;<\/em>, &#8211; dey\u0259 o bildirib.<\/p>\n","protected":false},"excerpt":{"rendered":"<p>&#8220;Bir tik\u0259 \u00e7\u00f6r\u0259k \u00fc\u00e7\u00fcn bazara g\u0259lir\u0259m&#8221; Regionlarda i\u015fsizlik s\u0259viyy\u0259si getdikc\u0259 &#8230; <\/p>\n<p class=\"read-more-container\"><a title=\"Regionlarda i\u015fsizlik, bahal\u0131q v\u0259 s\u0259fal\u0259t: g\u0259ncl\u0259r k\u0259ndl\u0259ri t\u0259rk edir\" class=\"read-more button\" href=\"https:\/\/www.meydan.tv\/az\/article\/regionlarda-issizlik-bahaliq-ve-sefalet-gencler-kendleri-terk-edir\/#more-309998\" aria-label=\"Read more about Regionlarda i\u015fsizlik, bahal\u0131q v\u0259 s\u0259fal\u0259t: g\u0259ncl\u0259r k\u0259ndl\u0259ri t\u0259rk edir\">Davam\u0131<\/a><\/p>\n","protected":false},"author":21,"featured_media":310005,"comment_status":"closed","ping_status":"closed","sticky":false,"template":"","format":"standard","meta":{"_acf_changed":false,"_sitemap_exclude":false,"_sitemap_priority":"","_sitemap_frequency":"","footnotes":""},"categories":[60,62,79,56],"tags":[],"class_list":["post-309998","post","type-post","status-publish","format-standard","has-post-thumbnail","hentry","category-bolge","category-sosial","category-featured","category-xeberler","infinite-scroll-item","generate-columns","tablet-grid-50","mobile-grid-100","grid-parent","grid-33","no-featured-image-padding"],"acf":[],"yoast_head":"<!-- This site is optimized with the Yoast SEO plugin v27.4 - https:\/\/yoast.com\/product\/yoast-seo-wordpress\/ -->\n<title>Regionlarda i\u015fsizlik, bahal\u0131q v\u0259 s\u0259fal\u0259t: g\u0259ncl\u0259r k\u0259ndl\u0259ri t\u0259rk edir - MEYDAN.TV<\/title>\n<meta name=\"description\" content=\"Regionlarda i\u015fsizlik s\u0259viyy\u0259si getdikc\u0259 art\u0131r. Bahal\u0131q v\u0259 s\u0259fal\u0259t fonunda kas\u0131bla\u015fan \u0259hali regionlar\u0131 t\u0259rk etm\u0259k m\u0259cburiyy\u0259tind\u0259 qal\u0131r.\" \/>\n<meta name=\"robots\" content=\"index, follow, max-snippet:-1, max-image-preview:large, max-video-preview:-1\" \/>\n<link rel=\"canonical\" href=\"https:\/\/www.meydan.tv\/az\/article\/regionlarda-issizlik-bahaliq-ve-sefalet-gencler-kendleri-terk-edir\/\" \/>\n<meta property=\"og:locale\" content=\"az_AZ\" \/>\n<meta property=\"og:type\" content=\"article\" \/>\n<meta property=\"og:title\" content=\"Regionlarda i\u015fsizlik, bahal\u0131q v\u0259 s\u0259fal\u0259t: g\u0259ncl\u0259r k\u0259ndl\u0259ri t\u0259rk edir - MEYDAN.TV\" \/>\n<meta property=\"og:description\" content=\"Regionlarda i\u015fsizlik s\u0259viyy\u0259si getdikc\u0259 art\u0131r. Bahal\u0131q v\u0259 s\u0259fal\u0259t fonunda kas\u0131bla\u015fan \u0259hali regionlar\u0131 t\u0259rk etm\u0259k m\u0259cburiyy\u0259tind\u0259 qal\u0131r.\" \/>\n<meta property=\"og:url\" content=\"https:\/\/www.meydan.tv\/az\/article\/regionlarda-issizlik-bahaliq-ve-sefalet-gencler-kendleri-terk-edir\/\" \/>\n<meta property=\"og:site_name\" content=\"MEYDAN.TV\" \/>\n<meta property=\"article:published_time\" content=\"2024-07-11T09:22:09+00:00\" \/>\n<meta property=\"article:modified_time\" content=\"2024-07-11T09:49:23+00:00\" \/>\n<meta property=\"og:image\" content=\"https:\/\/www.meydan.tv\/wp-content\/uploads\/img-20240705-wa0046.jpg\" \/>\n\t<meta property=\"og:image:width\" content=\"1280\" \/>\n\t<meta property=\"og:image:height\" content=\"720\" \/>\n\t<meta property=\"og:image:type\" content=\"image\/jpeg\" \/>\n<meta name=\"author\" content=\"mahmud\" \/>\n<meta name=\"twitter:card\" content=\"summary_large_image\" \/>\n<script type=\"application\/ld+json\" class=\"yoast-schema-graph\">{\"@context\":\"https:\\\/\\\/schema.org\",\"@graph\":[{\"@type\":\"Article\",\"@id\":\"https:\\\/\\\/www.meydan.tv\\\/az\\\/article\\\/regionlarda-issizlik-bahaliq-ve-sefalet-gencler-kendleri-terk-edir\\\/#article\",\"isPartOf\":{\"@id\":\"https:\\\/\\\/www.meydan.tv\\\/az\\\/article\\\/regionlarda-issizlik-bahaliq-ve-sefalet-gencler-kendleri-terk-edir\\\/\"},\"author\":{\"name\":\"mahmud\",\"@id\":\"https:\\\/\\\/www.meydan.tv\\\/az\\\/#\\\/schema\\\/person\\\/09863e516102a829e72bedcf3f84c6b0\"},\"headline\":\"Regionlarda i\u015fsizlik, bahal\u0131q v\u0259 s\u0259fal\u0259t: g\u0259ncl\u0259r k\u0259ndl\u0259ri t\u0259rk edir\",\"datePublished\":\"2024-07-11T09:22:09+00:00\",\"dateModified\":\"2024-07-11T09:49:23+00:00\",\"mainEntityOfPage\":{\"@id\":\"https:\\\/\\\/www.meydan.tv\\\/az\\\/article\\\/regionlarda-issizlik-bahaliq-ve-sefalet-gencler-kendleri-terk-edir\\\/\"},\"wordCount\":1473,\"publisher\":{\"@id\":\"https:\\\/\\\/www.meydan.tv\\\/az\\\/#organization\"},\"image\":{\"@id\":\"https:\\\/\\\/www.meydan.tv\\\/az\\\/article\\\/regionlarda-issizlik-bahaliq-ve-sefalet-gencler-kendleri-terk-edir\\\/#primaryimage\"},\"thumbnailUrl\":\"https:\\\/\\\/www.meydan.tv\\\/wp-content\\\/uploads\\\/img-20240705-wa0046.jpg\",\"articleSection\":[\"B\u00f6lg\u0259\",\"Sosial\",\"T\u00f6vsiy\u0259\",\"X\u0259b\u0259rl\u0259r\"],\"inLanguage\":\"az\"},{\"@type\":\"WebPage\",\"@id\":\"https:\\\/\\\/www.meydan.tv\\\/az\\\/article\\\/regionlarda-issizlik-bahaliq-ve-sefalet-gencler-kendleri-terk-edir\\\/\",\"url\":\"https:\\\/\\\/www.meydan.tv\\\/az\\\/article\\\/regionlarda-issizlik-bahaliq-ve-sefalet-gencler-kendleri-terk-edir\\\/\",\"name\":\"Regionlarda i\u015fsizlik, bahal\u0131q v\u0259 s\u0259fal\u0259t: g\u0259ncl\u0259r k\u0259ndl\u0259ri t\u0259rk edir - MEYDAN.TV\",\"isPartOf\":{\"@id\":\"https:\\\/\\\/www.meydan.tv\\\/az\\\/#website\"},\"primaryImageOfPage\":{\"@id\":\"https:\\\/\\\/www.meydan.tv\\\/az\\\/article\\\/regionlarda-issizlik-bahaliq-ve-sefalet-gencler-kendleri-terk-edir\\\/#primaryimage\"},\"image\":{\"@id\":\"https:\\\/\\\/www.meydan.tv\\\/az\\\/article\\\/regionlarda-issizlik-bahaliq-ve-sefalet-gencler-kendleri-terk-edir\\\/#primaryimage\"},\"thumbnailUrl\":\"https:\\\/\\\/www.meydan.tv\\\/wp-content\\\/uploads\\\/img-20240705-wa0046.jpg\",\"datePublished\":\"2024-07-11T09:22:09+00:00\",\"dateModified\":\"2024-07-11T09:49:23+00:00\",\"description\":\"Regionlarda i\u015fsizlik s\u0259viyy\u0259si getdikc\u0259 art\u0131r. Bahal\u0131q v\u0259 s\u0259fal\u0259t fonunda kas\u0131bla\u015fan \u0259hali regionlar\u0131 t\u0259rk etm\u0259k m\u0259cburiyy\u0259tind\u0259 qal\u0131r.\",\"breadcrumb\":{\"@id\":\"https:\\\/\\\/www.meydan.tv\\\/az\\\/article\\\/regionlarda-issizlik-bahaliq-ve-sefalet-gencler-kendleri-terk-edir\\\/#breadcrumb\"},\"inLanguage\":\"az\",\"potentialAction\":[{\"@type\":\"ReadAction\",\"target\":[\"https:\\\/\\\/www.meydan.tv\\\/az\\\/article\\\/regionlarda-issizlik-bahaliq-ve-sefalet-gencler-kendleri-terk-edir\\\/\"]}]},{\"@type\":\"ImageObject\",\"inLanguage\":\"az\",\"@id\":\"https:\\\/\\\/www.meydan.tv\\\/az\\\/article\\\/regionlarda-issizlik-bahaliq-ve-sefalet-gencler-kendleri-terk-edir\\\/#primaryimage\",\"url\":\"https:\\\/\\\/www.meydan.tv\\\/wp-content\\\/uploads\\\/img-20240705-wa0046.jpg\",\"contentUrl\":\"https:\\\/\\\/www.meydan.tv\\\/wp-content\\\/uploads\\\/img-20240705-wa0046.jpg\",\"width\":1280,\"height\":720,\"caption\":\"Bazar. Foto: Meydan TV\"},{\"@type\":\"BreadcrumbList\",\"@id\":\"https:\\\/\\\/www.meydan.tv\\\/az\\\/article\\\/regionlarda-issizlik-bahaliq-ve-sefalet-gencler-kendleri-terk-edir\\\/#breadcrumb\",\"itemListElement\":[{\"@type\":\"ListItem\",\"position\":1,\"name\":\"Ana s\u0259hif\u0259\",\"item\":\"https:\\\/\\\/www.meydan.tv\\\/az\\\/\"},{\"@type\":\"ListItem\",\"position\":2,\"name\":\"B\u00f6lg\u0259\",\"item\":\"https:\\\/\\\/www.meydan.tv\\\/az\\\/section\\\/bolge\\\/\"},{\"@type\":\"ListItem\",\"position\":3,\"name\":\"Regionlarda i\u015fsizlik, bahal\u0131q v\u0259 s\u0259fal\u0259t: g\u0259ncl\u0259r k\u0259ndl\u0259ri t\u0259rk edir\"}]},{\"@type\":\"WebSite\",\"@id\":\"https:\\\/\\\/www.meydan.tv\\\/az\\\/#website\",\"url\":\"https:\\\/\\\/www.meydan.tv\\\/az\\\/\",\"name\":\"MEYDAN.TV\",\"description\":\"Meydan TV Az\u0259rbaycan\u0131n media m\u0259kan\u0131ndak\u0131 alternativ s\u0259sidir\",\"publisher\":{\"@id\":\"https:\\\/\\\/www.meydan.tv\\\/az\\\/#organization\"},\"potentialAction\":[{\"@type\":\"SearchAction\",\"target\":{\"@type\":\"EntryPoint\",\"urlTemplate\":\"https:\\\/\\\/www.meydan.tv\\\/az\\\/?s={search_term_string}\"},\"query-input\":{\"@type\":\"PropertyValueSpecification\",\"valueRequired\":true,\"valueName\":\"search_term_string\"}}],\"inLanguage\":\"az\"},{\"@type\":\"Organization\",\"@id\":\"https:\\\/\\\/www.meydan.tv\\\/az\\\/#organization\",\"name\":\"Meydan TV\",\"url\":\"https:\\\/\\\/www.meydan.tv\\\/az\\\/\",\"logo\":{\"@type\":\"ImageObject\",\"inLanguage\":\"az\",\"@id\":\"https:\\\/\\\/www.meydan.tv\\\/az\\\/#\\\/schema\\\/logo\\\/image\\\/\",\"url\":\"https:\\\/\\\/www.meydan.tv\\\/wp-content\\\/uploads\\\/2021\\\/07\\\/meydan-logo.svg\",\"contentUrl\":\"https:\\\/\\\/www.meydan.tv\\\/wp-content\\\/uploads\\\/2021\\\/07\\\/meydan-logo.svg\",\"width\":195,\"height\":46,\"caption\":\"Meydan TV\"},\"image\":{\"@id\":\"https:\\\/\\\/www.meydan.tv\\\/az\\\/#\\\/schema\\\/logo\\\/image\\\/\"}},{\"@type\":\"Person\",\"@id\":\"https:\\\/\\\/www.meydan.tv\\\/az\\\/#\\\/schema\\\/person\\\/09863e516102a829e72bedcf3f84c6b0\",\"name\":\"mahmud\"}]}<\/script>\n<!-- \/ Yoast SEO plugin. -->","yoast_head_json":{"title":"Regionlarda i\u015fsizlik, bahal\u0131q v\u0259 s\u0259fal\u0259t: g\u0259ncl\u0259r k\u0259ndl\u0259ri t\u0259rk edir - MEYDAN.TV","description":"Regionlarda i\u015fsizlik s\u0259viyy\u0259si getdikc\u0259 art\u0131r. Bahal\u0131q v\u0259 s\u0259fal\u0259t fonunda kas\u0131bla\u015fan \u0259hali regionlar\u0131 t\u0259rk etm\u0259k m\u0259cburiyy\u0259tind\u0259 qal\u0131r.","robots":{"index":"index","follow":"follow","max-snippet":"max-snippet:-1","max-image-preview":"max-image-preview:large","max-video-preview":"max-video-preview:-1"},"canonical":"https:\/\/www.meydan.tv\/az\/article\/regionlarda-issizlik-bahaliq-ve-sefalet-gencler-kendleri-terk-edir\/","og_locale":"az_AZ","og_type":"article","og_title":"Regionlarda i\u015fsizlik, bahal\u0131q v\u0259 s\u0259fal\u0259t: g\u0259ncl\u0259r k\u0259ndl\u0259ri t\u0259rk edir - MEYDAN.TV","og_description":"Regionlarda i\u015fsizlik s\u0259viyy\u0259si getdikc\u0259 art\u0131r. Bahal\u0131q v\u0259 s\u0259fal\u0259t fonunda kas\u0131bla\u015fan \u0259hali regionlar\u0131 t\u0259rk etm\u0259k m\u0259cburiyy\u0259tind\u0259 qal\u0131r.","og_url":"https:\/\/www.meydan.tv\/az\/article\/regionlarda-issizlik-bahaliq-ve-sefalet-gencler-kendleri-terk-edir\/","og_site_name":"MEYDAN.TV","article_published_time":"2024-07-11T09:22:09+00:00","article_modified_time":"2024-07-11T09:49:23+00:00","og_image":[{"width":1280,"height":720,"url":"https:\/\/www.meydan.tv\/wp-content\/uploads\/img-20240705-wa0046.jpg","type":"image\/jpeg"}],"author":"mahmud","twitter_card":"summary_large_image","schema":{"@context":"https:\/\/schema.org","@graph":[{"@type":"Article","@id":"https:\/\/www.meydan.tv\/az\/article\/regionlarda-issizlik-bahaliq-ve-sefalet-gencler-kendleri-terk-edir\/#article","isPartOf":{"@id":"https:\/\/www.meydan.tv\/az\/article\/regionlarda-issizlik-bahaliq-ve-sefalet-gencler-kendleri-terk-edir\/"},"author":{"name":"mahmud","@id":"https:\/\/www.meydan.tv\/az\/#\/schema\/person\/09863e516102a829e72bedcf3f84c6b0"},"headline":"Regionlarda i\u015fsizlik, bahal\u0131q v\u0259 s\u0259fal\u0259t: g\u0259ncl\u0259r k\u0259ndl\u0259ri t\u0259rk edir","datePublished":"2024-07-11T09:22:09+00:00","dateModified":"2024-07-11T09:49:23+00:00","mainEntityOfPage":{"@id":"https:\/\/www.meydan.tv\/az\/article\/regionlarda-issizlik-bahaliq-ve-sefalet-gencler-kendleri-terk-edir\/"},"wordCount":1473,"publisher":{"@id":"https:\/\/www.meydan.tv\/az\/#organization"},"image":{"@id":"https:\/\/www.meydan.tv\/az\/article\/regionlarda-issizlik-bahaliq-ve-sefalet-gencler-kendleri-terk-edir\/#primaryimage"},"thumbnailUrl":"https:\/\/www.meydan.tv\/wp-content\/uploads\/img-20240705-wa0046.jpg","articleSection":["B\u00f6lg\u0259","Sosial","T\u00f6vsiy\u0259","X\u0259b\u0259rl\u0259r"],"inLanguage":"az"},{"@type":"WebPage","@id":"https:\/\/www.meydan.tv\/az\/article\/regionlarda-issizlik-bahaliq-ve-sefalet-gencler-kendleri-terk-edir\/","url":"https:\/\/www.meydan.tv\/az\/article\/regionlarda-issizlik-bahaliq-ve-sefalet-gencler-kendleri-terk-edir\/","name":"Regionlarda i\u015fsizlik, bahal\u0131q v\u0259 s\u0259fal\u0259t: g\u0259ncl\u0259r k\u0259ndl\u0259ri t\u0259rk edir - MEYDAN.TV","isPartOf":{"@id":"https:\/\/www.meydan.tv\/az\/#website"},"primaryImageOfPage":{"@id":"https:\/\/www.meydan.tv\/az\/article\/regionlarda-issizlik-bahaliq-ve-sefalet-gencler-kendleri-terk-edir\/#primaryimage"},"image":{"@id":"https:\/\/www.meydan.tv\/az\/article\/regionlarda-issizlik-bahaliq-ve-sefalet-gencler-kendleri-terk-edir\/#primaryimage"},"thumbnailUrl":"https:\/\/www.meydan.tv\/wp-content\/uploads\/img-20240705-wa0046.jpg","datePublished":"2024-07-11T09:22:09+00:00","dateModified":"2024-07-11T09:49:23+00:00","description":"Regionlarda i\u015fsizlik s\u0259viyy\u0259si getdikc\u0259 art\u0131r. Bahal\u0131q v\u0259 s\u0259fal\u0259t fonunda kas\u0131bla\u015fan \u0259hali regionlar\u0131 t\u0259rk etm\u0259k m\u0259cburiyy\u0259tind\u0259 qal\u0131r.","breadcrumb":{"@id":"https:\/\/www.meydan.tv\/az\/article\/regionlarda-issizlik-bahaliq-ve-sefalet-gencler-kendleri-terk-edir\/#breadcrumb"},"inLanguage":"az","potentialAction":[{"@type":"ReadAction","target":["https:\/\/www.meydan.tv\/az\/article\/regionlarda-issizlik-bahaliq-ve-sefalet-gencler-kendleri-terk-edir\/"]}]},{"@type":"ImageObject","inLanguage":"az","@id":"https:\/\/www.meydan.tv\/az\/article\/regionlarda-issizlik-bahaliq-ve-sefalet-gencler-kendleri-terk-edir\/#primaryimage","url":"https:\/\/www.meydan.tv\/wp-content\/uploads\/img-20240705-wa0046.jpg","contentUrl":"https:\/\/www.meydan.tv\/wp-content\/uploads\/img-20240705-wa0046.jpg","width":1280,"height":720,"caption":"Bazar. Foto: Meydan TV"},{"@type":"BreadcrumbList","@id":"https:\/\/www.meydan.tv\/az\/article\/regionlarda-issizlik-bahaliq-ve-sefalet-gencler-kendleri-terk-edir\/#breadcrumb","itemListElement":[{"@type":"ListItem","position":1,"name":"Ana s\u0259hif\u0259","item":"https:\/\/www.meydan.tv\/az\/"},{"@type":"ListItem","position":2,"name":"B\u00f6lg\u0259","item":"https:\/\/www.meydan.tv\/az\/section\/bolge\/"},{"@type":"ListItem","position":3,"name":"Regionlarda i\u015fsizlik, bahal\u0131q v\u0259 s\u0259fal\u0259t: g\u0259ncl\u0259r k\u0259ndl\u0259ri t\u0259rk edir"}]},{"@type":"WebSite","@id":"https:\/\/www.meydan.tv\/az\/#website","url":"https:\/\/www.meydan.tv\/az\/","name":"MEYDAN.TV","description":"Meydan TV Az\u0259rbaycan\u0131n media m\u0259kan\u0131ndak\u0131 alternativ s\u0259sidir","publisher":{"@id":"https:\/\/www.meydan.tv\/az\/#organization"},"potentialAction":[{"@type":"SearchAction","target":{"@type":"EntryPoint","urlTemplate":"https:\/\/www.meydan.tv\/az\/?s={search_term_string}"},"query-input":{"@type":"PropertyValueSpecification","valueRequired":true,"valueName":"search_term_string"}}],"inLanguage":"az"},{"@type":"Organization","@id":"https:\/\/www.meydan.tv\/az\/#organization","name":"Meydan TV","url":"https:\/\/www.meydan.tv\/az\/","logo":{"@type":"ImageObject","inLanguage":"az","@id":"https:\/\/www.meydan.tv\/az\/#\/schema\/logo\/image\/","url":"https:\/\/www.meydan.tv\/wp-content\/uploads\/2021\/07\/meydan-logo.svg","contentUrl":"https:\/\/www.meydan.tv\/wp-content\/uploads\/2021\/07\/meydan-logo.svg","width":195,"height":46,"caption":"Meydan TV"},"image":{"@id":"https:\/\/www.meydan.tv\/az\/#\/schema\/logo\/image\/"}},{"@type":"Person","@id":"https:\/\/www.meydan.tv\/az\/#\/schema\/person\/09863e516102a829e72bedcf3f84c6b0","name":"mahmud"}]}},"_links":{"self":[{"href":"https:\/\/www.meydan.tv\/az\/wp-json\/wp\/v2\/posts\/309998","targetHints":{"allow":["GET"]}}],"collection":[{"href":"https:\/\/www.meydan.tv\/az\/wp-json\/wp\/v2\/posts"}],"about":[{"href":"https:\/\/www.meydan.tv\/az\/wp-json\/wp\/v2\/types\/post"}],"author":[{"embeddable":true,"href":"https:\/\/www.meydan.tv\/az\/wp-json\/wp\/v2\/users\/21"}],"replies":[{"embeddable":true,"href":"https:\/\/www.meydan.tv\/az\/wp-json\/wp\/v2\/comments?post=309998"}],"version-history":[{"count":3,"href":"https:\/\/www.meydan.tv\/az\/wp-json\/wp\/v2\/posts\/309998\/revisions"}],"predecessor-version":[{"id":310025,"href":"https:\/\/www.meydan.tv\/az\/wp-json\/wp\/v2\/posts\/309998\/revisions\/310025"}],"wp:featuredmedia":[{"embeddable":true,"href":"https:\/\/www.meydan.tv\/az\/wp-json\/wp\/v2\/media\/310005"}],"wp:attachment":[{"href":"https:\/\/www.meydan.tv\/az\/wp-json\/wp\/v2\/media?parent=309998"}],"wp:term":[{"taxonomy":"category","embeddable":true,"href":"https:\/\/www.meydan.tv\/az\/wp-json\/wp\/v2\/categories?post=309998"},{"taxonomy":"post_tag","embeddable":true,"href":"https:\/\/www.meydan.tv\/az\/wp-json\/wp\/v2\/tags?post=309998"}],"curies":[{"name":"wp","href":"https:\/\/api.w.org\/{rel}","templated":true}]}}