{"id":309995,"date":"2024-07-11T12:54:06","date_gmt":"2024-07-11T08:54:06","guid":{"rendered":"https:\/\/www.meydan.tv\/?p=309995"},"modified":"2024-07-11T12:54:08","modified_gmt":"2024-07-11T08:54:08","slug":"sumqayitda-zavodda-kutlevi-zeherlenme-olub","status":"publish","type":"post","link":"https:\/\/www.meydan.tv\/az\/article\/sumqayitda-zavodda-kutlevi-zeherlenme-olub\/","title":{"rendered":"Sumqay\u0131tda zavodda k\u00fctl\u0259vi z\u0259h\u0259rl\u0259nm\u0259 olub"},"content":{"rendered":"\n<p><\/p>\n\n\n\n<p><strong><em>53 n\u0259f\u0259r x\u0259st\u0259xanaya apar\u0131l\u0131b<\/em><\/strong><\/p>\n\n\n\n<p>Sumqay\u0131tda yerl\u0259\u015f\u0259n zavodlardan birinin i\u015f\u00e7il\u0259ri k\u00fctl\u0259vi \u015f\u0259kild\u0259 z\u0259h\u0259rl\u0259nib. Hadis\u0259 iyunun 10-da g\u00fcnorta saatlar\u0131nda ba\u015f verib.<\/p>\n\n\n\n<p>Sumqay\u0131tdak\u0131 1 n\u00f6mr\u0259li \u015f\u0259h\u0259r x\u0259st\u0259xanas\u0131na 53 n\u0259f\u0259r z\u0259h\u0259rl\u0259nm\u0259 diaqnozu il\u0259 daxil olub. Onlardan 48 n\u0259f\u0259ri ki\u015fi, 5-i is\u0259 qad\u0131nd\u0131r. H\u0259kiml\u0259r ilkin m\u00fcayin\u0259d\u0259n sonra onlar\u0131n qidadan z\u0259h\u0259rl\u0259ndiyi q\u0259na\u0259tin\u0259 g\u0259libl\u0259r.<\/p>\n\n\n\n<p>Zavodun i\u015f\u00e7il\u0259rin\u0259 tibbi yard\u0131m g\u00f6st\u0259ril\u0259nd\u0259n sonra ham\u0131s\u0131 ambulator m\u00fcalic\u0259 \u00fc\u00e7\u00fcn ev\u0259 burax\u0131l\u0131b. Onlar\u0131n v\u0259ziyy\u0259tinin normal oldu\u011fu bildirilir.<\/p>\n\n\n\n<p>Sumqay\u0131t \u015f\u0259h\u0259r Prokurorlu\u011fundan veril\u0259n m\u0259lumata g\u00f6r\u0259, zavod \u0259m\u0259kda\u015flar\u0131n\u0131n k\u00fctl\u0259vi z\u0259h\u0259rl\u0259nm\u0259si fakt\u0131 il\u0259 \u0259laq\u0259dar Cinay\u0259t M\u0259c\u0259ll\u0259sinin 314.1 (s\u0259hl\u0259nkarl\u0131q) madd\u0259sil\u0259 cinay\u0259t i\u015fi ba\u015flan\u0131b<\/p>\n\n\n\n<p>\u0130lkin ara\u015fd\u0131rma zaman\u0131 m\u00fc\u0259ssis\u0259nin 53 n\u0259f\u0259r \u0259m\u0259kda\u015f\u0131n\u0131n nahar vaxt\u0131 zavodun yem\u0259kxanas\u0131nda qidadan z\u0259h\u0259rl\u0259ndiyi m\u0259yy\u0259nl\u0259\u015fdirilib.<\/p>\n\n\n\n<p>Z\u0259h\u0259rl\u0259nm\u0259nin s\u0259b\u0259bini ara\u015fd\u0131rmaq \u00fc\u00e7\u00fcn Qida T\u0259hl\u00fck\u0259sizliyi Agentliyi \u0259m\u0259kda\u015flar\u0131n\u0131n i\u015ftirak\u0131 il\u0259 yem\u0259kxanadak\u0131 qidalardan n\u00fcmun\u0259l\u0259r g\u00f6t\u00fcr\u00fcl\u00fcb, m\u00fcvafiq ekspertizalar t\u0259yin edilib.<\/p>\n","protected":false},"excerpt":{"rendered":"<p>53 n\u0259f\u0259r x\u0259st\u0259xanaya apar\u0131l\u0131b Sumqay\u0131tda yerl\u0259\u015f\u0259n zavodlardan birinin i\u015f\u00e7il\u0259ri k\u00fctl\u0259vi &#8230; <\/p>\n<p class=\"read-more-container\"><a title=\"Sumqay\u0131tda zavodda k\u00fctl\u0259vi z\u0259h\u0259rl\u0259nm\u0259 olub\" class=\"read-more button\" href=\"https:\/\/www.meydan.tv\/az\/article\/sumqayitda-zavodda-kutlevi-zeherlenme-olub\/#more-309995\" aria-label=\"Read more about Sumqay\u0131tda zavodda k\u00fctl\u0259vi z\u0259h\u0259rl\u0259nm\u0259 olub\">Davam\u0131<\/a><\/p>\n","protected":false},"author":21,"featured_media":96473,"comment_status":"closed","ping_status":"closed","sticky":false,"template":"","format":"standard","meta":{"_acf_changed":false,"_sitemap_exclude":false,"_sitemap_priority":"","_sitemap_frequency":"","footnotes":""},"categories":[60,62,79,56],"tags":[],"class_list":["post-309995","post","type-post","status-publish","format-standard","has-post-thumbnail","hentry","category-bolge","category-sosial","category-featured","category-xeberler","infinite-scroll-item","generate-columns","tablet-grid-50","mobile-grid-100","grid-parent","grid-33","no-featured-image-padding"],"acf":[],"yoast_head":"<!-- This site is optimized with the Yoast SEO plugin v27.4 - https:\/\/yoast.com\/product\/yoast-seo-wordpress\/ -->\n<title>Sumqay\u0131tda zavodda k\u00fctl\u0259vi z\u0259h\u0259rl\u0259nm\u0259 olub - MEYDAN.TV<\/title>\n<meta name=\"description\" content=\"Sumqay\u0131tda yerl\u0259\u015f\u0259n zavodlardan birinin i\u015f\u00e7il\u0259ri k\u00fctl\u0259vi \u015f\u0259kild\u0259 z\u0259h\u0259rl\u0259nib. Hadis\u0259 iyunun 10-da g\u00fcnorta saatlar\u0131nda ba\u015f verib.\" \/>\n<meta name=\"robots\" content=\"index, follow, max-snippet:-1, max-image-preview:large, max-video-preview:-1\" \/>\n<link rel=\"canonical\" href=\"https:\/\/www.meydan.tv\/az\/article\/sumqayitda-zavodda-kutlevi-zeherlenme-olub\/\" \/>\n<meta property=\"og:locale\" content=\"az_AZ\" \/>\n<meta property=\"og:type\" content=\"article\" \/>\n<meta property=\"og:title\" content=\"Sumqay\u0131tda zavodda k\u00fctl\u0259vi z\u0259h\u0259rl\u0259nm\u0259 olub - MEYDAN.TV\" \/>\n<meta property=\"og:description\" content=\"Sumqay\u0131tda yerl\u0259\u015f\u0259n zavodlardan birinin i\u015f\u00e7il\u0259ri k\u00fctl\u0259vi \u015f\u0259kild\u0259 z\u0259h\u0259rl\u0259nib. Hadis\u0259 iyunun 10-da g\u00fcnorta saatlar\u0131nda ba\u015f verib.\" \/>\n<meta property=\"og:url\" content=\"https:\/\/www.meydan.tv\/az\/article\/sumqayitda-zavodda-kutlevi-zeherlenme-olub\/\" \/>\n<meta property=\"og:site_name\" content=\"MEYDAN.TV\" \/>\n<meta property=\"article:published_time\" content=\"2024-07-11T08:54:06+00:00\" \/>\n<meta property=\"article:modified_time\" content=\"2024-07-11T08:54:08+00:00\" \/>\n<meta property=\"og:image\" content=\"https:\/\/www.meydan.tv\/wp-content\/uploads\/38071.png\" \/>\n\t<meta property=\"og:image:width\" content=\"1456\" \/>\n\t<meta property=\"og:image:height\" content=\"572\" \/>\n\t<meta property=\"og:image:type\" content=\"image\/png\" \/>\n<meta name=\"author\" content=\"mahmud\" \/>\n<meta name=\"twitter:card\" content=\"summary_large_image\" \/>\n<script type=\"application\/ld+json\" class=\"yoast-schema-graph\">{\"@context\":\"https:\\\/\\\/schema.org\",\"@graph\":[{\"@type\":\"Article\",\"@id\":\"https:\\\/\\\/www.meydan.tv\\\/az\\\/article\\\/sumqayitda-zavodda-kutlevi-zeherlenme-olub\\\/#article\",\"isPartOf\":{\"@id\":\"https:\\\/\\\/www.meydan.tv\\\/az\\\/article\\\/sumqayitda-zavodda-kutlevi-zeherlenme-olub\\\/\"},\"author\":{\"name\":\"mahmud\",\"@id\":\"https:\\\/\\\/www.meydan.tv\\\/az\\\/#\\\/schema\\\/person\\\/09863e516102a829e72bedcf3f84c6b0\"},\"headline\":\"Sumqay\u0131tda zavodda k\u00fctl\u0259vi z\u0259h\u0259rl\u0259nm\u0259 olub\",\"datePublished\":\"2024-07-11T08:54:06+00:00\",\"dateModified\":\"2024-07-11T08:54:08+00:00\",\"mainEntityOfPage\":{\"@id\":\"https:\\\/\\\/www.meydan.tv\\\/az\\\/article\\\/sumqayitda-zavodda-kutlevi-zeherlenme-olub\\\/\"},\"wordCount\":256,\"publisher\":{\"@id\":\"https:\\\/\\\/www.meydan.tv\\\/az\\\/#organization\"},\"image\":{\"@id\":\"https:\\\/\\\/www.meydan.tv\\\/az\\\/article\\\/sumqayitda-zavodda-kutlevi-zeherlenme-olub\\\/#primaryimage\"},\"thumbnailUrl\":\"https:\\\/\\\/www.meydan.tv\\\/wp-content\\\/uploads\\\/38071.png\",\"articleSection\":[\"B\u00f6lg\u0259\",\"Sosial\",\"T\u00f6vsiy\u0259\",\"X\u0259b\u0259rl\u0259r\"],\"inLanguage\":\"az\"},{\"@type\":\"WebPage\",\"@id\":\"https:\\\/\\\/www.meydan.tv\\\/az\\\/article\\\/sumqayitda-zavodda-kutlevi-zeherlenme-olub\\\/\",\"url\":\"https:\\\/\\\/www.meydan.tv\\\/az\\\/article\\\/sumqayitda-zavodda-kutlevi-zeherlenme-olub\\\/\",\"name\":\"Sumqay\u0131tda zavodda k\u00fctl\u0259vi z\u0259h\u0259rl\u0259nm\u0259 olub - MEYDAN.TV\",\"isPartOf\":{\"@id\":\"https:\\\/\\\/www.meydan.tv\\\/az\\\/#website\"},\"primaryImageOfPage\":{\"@id\":\"https:\\\/\\\/www.meydan.tv\\\/az\\\/article\\\/sumqayitda-zavodda-kutlevi-zeherlenme-olub\\\/#primaryimage\"},\"image\":{\"@id\":\"https:\\\/\\\/www.meydan.tv\\\/az\\\/article\\\/sumqayitda-zavodda-kutlevi-zeherlenme-olub\\\/#primaryimage\"},\"thumbnailUrl\":\"https:\\\/\\\/www.meydan.tv\\\/wp-content\\\/uploads\\\/38071.png\",\"datePublished\":\"2024-07-11T08:54:06+00:00\",\"dateModified\":\"2024-07-11T08:54:08+00:00\",\"description\":\"Sumqay\u0131tda yerl\u0259\u015f\u0259n zavodlardan birinin i\u015f\u00e7il\u0259ri k\u00fctl\u0259vi \u015f\u0259kild\u0259 z\u0259h\u0259rl\u0259nib. Hadis\u0259 iyunun 10-da g\u00fcnorta saatlar\u0131nda ba\u015f verib.\",\"breadcrumb\":{\"@id\":\"https:\\\/\\\/www.meydan.tv\\\/az\\\/article\\\/sumqayitda-zavodda-kutlevi-zeherlenme-olub\\\/#breadcrumb\"},\"inLanguage\":\"az\",\"potentialAction\":[{\"@type\":\"ReadAction\",\"target\":[\"https:\\\/\\\/www.meydan.tv\\\/az\\\/article\\\/sumqayitda-zavodda-kutlevi-zeherlenme-olub\\\/\"]}]},{\"@type\":\"ImageObject\",\"inLanguage\":\"az\",\"@id\":\"https:\\\/\\\/www.meydan.tv\\\/az\\\/article\\\/sumqayitda-zavodda-kutlevi-zeherlenme-olub\\\/#primaryimage\",\"url\":\"https:\\\/\\\/www.meydan.tv\\\/wp-content\\\/uploads\\\/38071.png\",\"contentUrl\":\"https:\\\/\\\/www.meydan.tv\\\/wp-content\\\/uploads\\\/38071.png\",\"width\":1456,\"height\":572,\"caption\":\"Foto: Meydan TV\"},{\"@type\":\"BreadcrumbList\",\"@id\":\"https:\\\/\\\/www.meydan.tv\\\/az\\\/article\\\/sumqayitda-zavodda-kutlevi-zeherlenme-olub\\\/#breadcrumb\",\"itemListElement\":[{\"@type\":\"ListItem\",\"position\":1,\"name\":\"Ana s\u0259hif\u0259\",\"item\":\"https:\\\/\\\/www.meydan.tv\\\/az\\\/\"},{\"@type\":\"ListItem\",\"position\":2,\"name\":\"B\u00f6lg\u0259\",\"item\":\"https:\\\/\\\/www.meydan.tv\\\/az\\\/section\\\/bolge\\\/\"},{\"@type\":\"ListItem\",\"position\":3,\"name\":\"Sumqay\u0131tda zavodda k\u00fctl\u0259vi z\u0259h\u0259rl\u0259nm\u0259 olub\"}]},{\"@type\":\"WebSite\",\"@id\":\"https:\\\/\\\/www.meydan.tv\\\/az\\\/#website\",\"url\":\"https:\\\/\\\/www.meydan.tv\\\/az\\\/\",\"name\":\"MEYDAN.TV\",\"description\":\"Meydan TV Az\u0259rbaycan\u0131n media m\u0259kan\u0131ndak\u0131 alternativ s\u0259sidir\",\"publisher\":{\"@id\":\"https:\\\/\\\/www.meydan.tv\\\/az\\\/#organization\"},\"potentialAction\":[{\"@type\":\"SearchAction\",\"target\":{\"@type\":\"EntryPoint\",\"urlTemplate\":\"https:\\\/\\\/www.meydan.tv\\\/az\\\/?s={search_term_string}\"},\"query-input\":{\"@type\":\"PropertyValueSpecification\",\"valueRequired\":true,\"valueName\":\"search_term_string\"}}],\"inLanguage\":\"az\"},{\"@type\":\"Organization\",\"@id\":\"https:\\\/\\\/www.meydan.tv\\\/az\\\/#organization\",\"name\":\"Meydan TV\",\"url\":\"https:\\\/\\\/www.meydan.tv\\\/az\\\/\",\"logo\":{\"@type\":\"ImageObject\",\"inLanguage\":\"az\",\"@id\":\"https:\\\/\\\/www.meydan.tv\\\/az\\\/#\\\/schema\\\/logo\\\/image\\\/\",\"url\":\"https:\\\/\\\/www.meydan.tv\\\/wp-content\\\/uploads\\\/2021\\\/07\\\/meydan-logo.svg\",\"contentUrl\":\"https:\\\/\\\/www.meydan.tv\\\/wp-content\\\/uploads\\\/2021\\\/07\\\/meydan-logo.svg\",\"width\":195,\"height\":46,\"caption\":\"Meydan TV\"},\"image\":{\"@id\":\"https:\\\/\\\/www.meydan.tv\\\/az\\\/#\\\/schema\\\/logo\\\/image\\\/\"}},{\"@type\":\"Person\",\"@id\":\"https:\\\/\\\/www.meydan.tv\\\/az\\\/#\\\/schema\\\/person\\\/09863e516102a829e72bedcf3f84c6b0\",\"name\":\"mahmud\"}]}<\/script>\n<!-- \/ Yoast SEO plugin. -->","yoast_head_json":{"title":"Sumqay\u0131tda zavodda k\u00fctl\u0259vi z\u0259h\u0259rl\u0259nm\u0259 olub - MEYDAN.TV","description":"Sumqay\u0131tda yerl\u0259\u015f\u0259n zavodlardan birinin i\u015f\u00e7il\u0259ri k\u00fctl\u0259vi \u015f\u0259kild\u0259 z\u0259h\u0259rl\u0259nib. Hadis\u0259 iyunun 10-da g\u00fcnorta saatlar\u0131nda ba\u015f verib.","robots":{"index":"index","follow":"follow","max-snippet":"max-snippet:-1","max-image-preview":"max-image-preview:large","max-video-preview":"max-video-preview:-1"},"canonical":"https:\/\/www.meydan.tv\/az\/article\/sumqayitda-zavodda-kutlevi-zeherlenme-olub\/","og_locale":"az_AZ","og_type":"article","og_title":"Sumqay\u0131tda zavodda k\u00fctl\u0259vi z\u0259h\u0259rl\u0259nm\u0259 olub - MEYDAN.TV","og_description":"Sumqay\u0131tda yerl\u0259\u015f\u0259n zavodlardan birinin i\u015f\u00e7il\u0259ri k\u00fctl\u0259vi \u015f\u0259kild\u0259 z\u0259h\u0259rl\u0259nib. Hadis\u0259 iyunun 10-da g\u00fcnorta saatlar\u0131nda ba\u015f verib.","og_url":"https:\/\/www.meydan.tv\/az\/article\/sumqayitda-zavodda-kutlevi-zeherlenme-olub\/","og_site_name":"MEYDAN.TV","article_published_time":"2024-07-11T08:54:06+00:00","article_modified_time":"2024-07-11T08:54:08+00:00","og_image":[{"width":1456,"height":572,"url":"https:\/\/www.meydan.tv\/wp-content\/uploads\/38071.png","type":"image\/png"}],"author":"mahmud","twitter_card":"summary_large_image","schema":{"@context":"https:\/\/schema.org","@graph":[{"@type":"Article","@id":"https:\/\/www.meydan.tv\/az\/article\/sumqayitda-zavodda-kutlevi-zeherlenme-olub\/#article","isPartOf":{"@id":"https:\/\/www.meydan.tv\/az\/article\/sumqayitda-zavodda-kutlevi-zeherlenme-olub\/"},"author":{"name":"mahmud","@id":"https:\/\/www.meydan.tv\/az\/#\/schema\/person\/09863e516102a829e72bedcf3f84c6b0"},"headline":"Sumqay\u0131tda zavodda k\u00fctl\u0259vi z\u0259h\u0259rl\u0259nm\u0259 olub","datePublished":"2024-07-11T08:54:06+00:00","dateModified":"2024-07-11T08:54:08+00:00","mainEntityOfPage":{"@id":"https:\/\/www.meydan.tv\/az\/article\/sumqayitda-zavodda-kutlevi-zeherlenme-olub\/"},"wordCount":256,"publisher":{"@id":"https:\/\/www.meydan.tv\/az\/#organization"},"image":{"@id":"https:\/\/www.meydan.tv\/az\/article\/sumqayitda-zavodda-kutlevi-zeherlenme-olub\/#primaryimage"},"thumbnailUrl":"https:\/\/www.meydan.tv\/wp-content\/uploads\/38071.png","articleSection":["B\u00f6lg\u0259","Sosial","T\u00f6vsiy\u0259","X\u0259b\u0259rl\u0259r"],"inLanguage":"az"},{"@type":"WebPage","@id":"https:\/\/www.meydan.tv\/az\/article\/sumqayitda-zavodda-kutlevi-zeherlenme-olub\/","url":"https:\/\/www.meydan.tv\/az\/article\/sumqayitda-zavodda-kutlevi-zeherlenme-olub\/","name":"Sumqay\u0131tda zavodda k\u00fctl\u0259vi z\u0259h\u0259rl\u0259nm\u0259 olub - MEYDAN.TV","isPartOf":{"@id":"https:\/\/www.meydan.tv\/az\/#website"},"primaryImageOfPage":{"@id":"https:\/\/www.meydan.tv\/az\/article\/sumqayitda-zavodda-kutlevi-zeherlenme-olub\/#primaryimage"},"image":{"@id":"https:\/\/www.meydan.tv\/az\/article\/sumqayitda-zavodda-kutlevi-zeherlenme-olub\/#primaryimage"},"thumbnailUrl":"https:\/\/www.meydan.tv\/wp-content\/uploads\/38071.png","datePublished":"2024-07-11T08:54:06+00:00","dateModified":"2024-07-11T08:54:08+00:00","description":"Sumqay\u0131tda yerl\u0259\u015f\u0259n zavodlardan birinin i\u015f\u00e7il\u0259ri k\u00fctl\u0259vi \u015f\u0259kild\u0259 z\u0259h\u0259rl\u0259nib. Hadis\u0259 iyunun 10-da g\u00fcnorta saatlar\u0131nda ba\u015f verib.","breadcrumb":{"@id":"https:\/\/www.meydan.tv\/az\/article\/sumqayitda-zavodda-kutlevi-zeherlenme-olub\/#breadcrumb"},"inLanguage":"az","potentialAction":[{"@type":"ReadAction","target":["https:\/\/www.meydan.tv\/az\/article\/sumqayitda-zavodda-kutlevi-zeherlenme-olub\/"]}]},{"@type":"ImageObject","inLanguage":"az","@id":"https:\/\/www.meydan.tv\/az\/article\/sumqayitda-zavodda-kutlevi-zeherlenme-olub\/#primaryimage","url":"https:\/\/www.meydan.tv\/wp-content\/uploads\/38071.png","contentUrl":"https:\/\/www.meydan.tv\/wp-content\/uploads\/38071.png","width":1456,"height":572,"caption":"Foto: Meydan TV"},{"@type":"BreadcrumbList","@id":"https:\/\/www.meydan.tv\/az\/article\/sumqayitda-zavodda-kutlevi-zeherlenme-olub\/#breadcrumb","itemListElement":[{"@type":"ListItem","position":1,"name":"Ana s\u0259hif\u0259","item":"https:\/\/www.meydan.tv\/az\/"},{"@type":"ListItem","position":2,"name":"B\u00f6lg\u0259","item":"https:\/\/www.meydan.tv\/az\/section\/bolge\/"},{"@type":"ListItem","position":3,"name":"Sumqay\u0131tda zavodda k\u00fctl\u0259vi z\u0259h\u0259rl\u0259nm\u0259 olub"}]},{"@type":"WebSite","@id":"https:\/\/www.meydan.tv\/az\/#website","url":"https:\/\/www.meydan.tv\/az\/","name":"MEYDAN.TV","description":"Meydan TV Az\u0259rbaycan\u0131n media m\u0259kan\u0131ndak\u0131 alternativ s\u0259sidir","publisher":{"@id":"https:\/\/www.meydan.tv\/az\/#organization"},"potentialAction":[{"@type":"SearchAction","target":{"@type":"EntryPoint","urlTemplate":"https:\/\/www.meydan.tv\/az\/?s={search_term_string}"},"query-input":{"@type":"PropertyValueSpecification","valueRequired":true,"valueName":"search_term_string"}}],"inLanguage":"az"},{"@type":"Organization","@id":"https:\/\/www.meydan.tv\/az\/#organization","name":"Meydan TV","url":"https:\/\/www.meydan.tv\/az\/","logo":{"@type":"ImageObject","inLanguage":"az","@id":"https:\/\/www.meydan.tv\/az\/#\/schema\/logo\/image\/","url":"https:\/\/www.meydan.tv\/wp-content\/uploads\/2021\/07\/meydan-logo.svg","contentUrl":"https:\/\/www.meydan.tv\/wp-content\/uploads\/2021\/07\/meydan-logo.svg","width":195,"height":46,"caption":"Meydan TV"},"image":{"@id":"https:\/\/www.meydan.tv\/az\/#\/schema\/logo\/image\/"}},{"@type":"Person","@id":"https:\/\/www.meydan.tv\/az\/#\/schema\/person\/09863e516102a829e72bedcf3f84c6b0","name":"mahmud"}]}},"_links":{"self":[{"href":"https:\/\/www.meydan.tv\/az\/wp-json\/wp\/v2\/posts\/309995","targetHints":{"allow":["GET"]}}],"collection":[{"href":"https:\/\/www.meydan.tv\/az\/wp-json\/wp\/v2\/posts"}],"about":[{"href":"https:\/\/www.meydan.tv\/az\/wp-json\/wp\/v2\/types\/post"}],"author":[{"embeddable":true,"href":"https:\/\/www.meydan.tv\/az\/wp-json\/wp\/v2\/users\/21"}],"replies":[{"embeddable":true,"href":"https:\/\/www.meydan.tv\/az\/wp-json\/wp\/v2\/comments?post=309995"}],"version-history":[{"count":1,"href":"https:\/\/www.meydan.tv\/az\/wp-json\/wp\/v2\/posts\/309995\/revisions"}],"predecessor-version":[{"id":309997,"href":"https:\/\/www.meydan.tv\/az\/wp-json\/wp\/v2\/posts\/309995\/revisions\/309997"}],"wp:featuredmedia":[{"embeddable":true,"href":"https:\/\/www.meydan.tv\/az\/wp-json\/wp\/v2\/media\/96473"}],"wp:attachment":[{"href":"https:\/\/www.meydan.tv\/az\/wp-json\/wp\/v2\/media?parent=309995"}],"wp:term":[{"taxonomy":"category","embeddable":true,"href":"https:\/\/www.meydan.tv\/az\/wp-json\/wp\/v2\/categories?post=309995"},{"taxonomy":"post_tag","embeddable":true,"href":"https:\/\/www.meydan.tv\/az\/wp-json\/wp\/v2\/tags?post=309995"}],"curies":[{"name":"wp","href":"https:\/\/api.w.org\/{rel}","templated":true}]}}