{"id":309979,"date":"2024-07-11T00:45:56","date_gmt":"2024-07-10T20:45:56","guid":{"rendered":"https:\/\/www.meydan.tv\/?p=309979"},"modified":"2024-07-11T11:03:46","modified_gmt":"2024-07-11T07:03:46","slug":"talassemiyali-usaqlarin-mualicesi-adi-altinda-deleduzluq-isi-valideyn-mehkemede-husunu-itirdi","status":"publish","type":"post","link":"https:\/\/www.meydan.tv\/az\/article\/talassemiyali-usaqlarin-mualicesi-adi-altinda-deleduzluq-isi-valideyn-mehkemede-husunu-itirdi\/","title":{"rendered":"Talassemiyal\u0131 u\u015faqlar\u0131n m\u00fcalic\u0259si ad\u0131 alt\u0131nda d\u0259l\u0259duzluq i\u015fi: valideyn m\u0259hk\u0259m\u0259d\u0259 hu\u015funu itirdi"},"content":{"rendered":"\n<p><\/p>\n\n\n\n<p><em><strong>\u201cTalassemiya M\u0259rk\u0259zi qapal\u0131 m\u00fc\u0259ssis\u0259dir, orada qeydiyyatdak\u0131 x\u0259st\u0259l\u0259rin siyah\u0131s\u0131n\u0131 nec\u0259 \u0259ld\u0259 edibl\u0259r?\u201d<\/strong><\/em><\/p>\n\n\n\n<p>Talassemiyadan \u0259ziyy\u0259t \u00e7\u0259k\u0259n u\u015faqlar\u0131 T\u00fcrkiy\u0259d\u0259 m\u00fcalic\u0259 v\u0259 \u0259m\u0259liyyat etdirm\u0259k ad\u0131yla onlar\u0131n ail\u0259sini aldad\u0131b, pullar\u0131n\u0131 \u0259l\u0259 ke\u00e7irm\u0259kd\u0259 ittiham olunan \u015f\u0259xsl\u0259rl\u0259 ba\u011fl\u0131 Bak\u0131 A\u011f\u0131r Cinay\u0259tl\u0259r M\u0259hk\u0259m\u0259sind\u0259 ara\u015fd\u0131rmalar davam edir.<\/p>\n\n\n\n<p>\u0130yulun 10-da ke\u00e7iril\u0259n m\u0259hk\u0259m\u0259 prosesind\u0259 t\u0259qsirl\u0259ndiril\u0259n \u015f\u0259xsl\u0259rd\u0259n biri &#8211; \u201cUrmedhelp\u201d v\u0259 \u201cMy Doc Tour&#8221; \u015firk\u0259tl\u0259rinin r\u0259hb\u0259ri Nurid\u0259 Seyidovan\u0131n dindirm\u0259si davam etdirilib. O, \u00f6t\u0259n m\u0259hk\u0259m\u0259 iclas\u0131nda ifad\u0259 vermi\u015fdi, bu d\u0259f\u0259 is\u0259 prokurorun, v\u0259kill\u0259rin suallar\u0131na cavab verib.<\/p>\n\n\n\n<p>Bundan \u0259vv\u0259l hakim Azad M\u0259cidov m\u0259hk\u0259m\u0259y\u0259 daxil olmu\u015f bir ne\u00e7\u0259 s\u0259n\u0259di elan edib. Bunlardan biri t\u0259qsirl\u0259ndiril\u0259n \u015f\u0259xsl\u0259rd\u0259n Aynur Bayramovan\u0131n v\u0259kili Zaur H\u00fcseynovun m\u0259hk\u0259m\u0259y\u0259 g\u00f6nd\u0259rdiyi etiraz idi. Orada g\u00f6st\u0259rib ki, bu cinay\u0259t i\u015fin\u0259 Azad M\u0259cidovun s\u0259drliyil\u0259 bax\u0131lmas\u0131na etiraz edir. \u00c7\u00fcnki bu m\u0259hk\u0259m\u0259 t\u0259rkibini q\u0259r\u0259zli hesab edir.<\/p>\n\n\n\n<p>Hakimin elan etdiyi daha bir s\u0259n\u0259d z\u0259r\u0259r\u00e7\u0259kmi\u015f Solmaz Eyvazovan\u0131n m\u00fclki iddias\u0131 olub. O, m\u00fclki iddias\u0131nda g\u00f6st\u0259rib ki, t\u0259qsirl\u0259ndiril\u0259n \u015f\u0259xsl\u0259rd\u0259n Aysel M\u0259mm\u0259dovaya 6800 manat pul verib. Ona pulu verm\u0259sinin s\u00fcbutu olaraq, q\u0259bz t\u0259qdim olunub. Amma h\u0259min s\u0259n\u0259d saxtad\u0131r.<\/p>\n\n\n\n<p>Solmaz Eyvazova m\u00fclki iddiada 6800 manat\u0131n qaytar\u0131lmas\u0131n\u0131 t\u0259l\u0259b edir.<\/p>\n\n\n\n<p>S\u0259n\u0259d elan olunanda Solmaz Eyvazova \u00f6z\u00fc m\u0259hk\u0259m\u0259d\u0259 i\u015ftirak etm\u0259diyin\u0259 g\u00f6r\u0259 onun m\u00fclki iddias\u0131 m\u00fczakir\u0259y\u0259 \u00e7\u0131xar\u0131lmay\u0131b.<\/p>\n\n\n\n<p>Daha sonra Nurid\u0259 Seyidova suallar\u0131 cavabland\u0131r\u0131b. Bundan \u0259vv\u0259lki m\u0259hk\u0259m\u0259 iclaslar\u0131nda t\u0259qsirl\u0259ndiril\u0259n Aysel M\u0259mm\u0259dova v\u0259 Aynur Bayramova bildirmi\u015fdi ki, onlar h\u0259kimdirl\u0259r, \u0259m\u0259liyyat olunmaq ist\u0259y\u0259n u\u015faqlar\u0131n valideynl\u0259ril\u0259 Nurid\u0259 Seyidova aras\u0131nda vasit\u0259\u00e7ilik edibl\u0259r. Onlar vur\u011fulay\u0131b ki, x\u0259st\u0259 u\u015faqlar\u0131n valideynl\u0259rinin verdikl\u0259ri pulu Nurid\u0259 Seyidovaya \u00e7atd\u0131r\u0131blar. \u00c7\u00fcnki \u0259m\u0259liyyat\u0131 o, t\u0259\u015fkil etm\u0259y\u0259 s\u00f6z vermi\u015fdi.<\/p>\n\n\n\n<p>\u0130ttihama \u0259sas\u0259n, talassemiyal\u0131 u\u015faqlar\u0131n yax\u0131nlar\u0131na \u0259m\u0259liyyat\u0131n \u00f6d\u0259ni\u015fl\u0259rinin bir hiss\u0259sinin beyn\u0259lxalq donor t\u0259\u015fkilatlar\u0131n hesab\u0131na \u00f6d\u0259nil\u0259c\u0259yi bildirilib.<\/p>\n\n\n\n<p>Nurid\u0259 Seyidova prokurorun suallar\u0131na cavab ver\u0259rk\u0259n bildirib ki, z\u0259r\u0259r\u00e7\u0259kmi\u015fl\u0259rd\u0259n b\u0259zil\u0259rind\u0259n pulu t\u0259qsirl\u0259ndiril\u0259n Aysel M\u0259mm\u0259dova il\u0259 brilikd\u0259 al\u0131blar: <em>\u201cAynur is\u0259 \u00f6z\u00fcn\u0259 \u00e7atan pullar\u0131 g\u00f6t\u00fcr\u00fcb\u201d<\/em>.<\/p>\n\n\n\n<p>Nurid\u0259 Seydiova dindirm\u0259 zaman\u0131 h\u0259bsd\u0259n burax\u0131larsa, ziyan\u0131n \u00f6d\u0259nilm\u0259si \u00fc\u00e7\u00fcn add\u0131mlar ata bil\u0259c\u0259yini deyib. Hakim is\u0259 buna raz\u0131l\u0131q verm\u0259yib.<\/p>\n\n\n\n<p>Hakim Nurid\u0259 Seyidovadan \u00fcmumiyy\u0259tl\u0259, talassemiyal\u0131 x\u0259st\u0259l\u0259rin v\u0259ziyy\u0259ti, m\u00fcalic\u0259si v\u0259 \u0259m\u0259liyyat prosesi bar\u0259d\u0259 m\u0259lumat\u0131 olub-olmad\u0131\u011f\u0131n\u0131 soru\u015fub. O bildirib ki, talassemiyal\u0131 x\u0259st\u0259l\u0259rin \u0259m\u0259liyyat\u0131 \u00fc\u00e7\u00fcn donor tap\u0131lmal\u0131d\u0131r. Donorlar\u0131n \u0259ks\u0259riyy\u0259ti d\u0259 \u00e7ox b\u00f6y\u00fck m\u0259bl\u0259\u011fd\u0259 pullar t\u0259l\u0259b edir. \u00dcst\u0259lik, \u0259m\u0259liyyata haz\u0131rl\u0131q prosesi \u2013 laboratoriyalarda yoxlamalar, \u0259m\u0259liyyat\u0131n \u00f6z\u00fcn\u0259 d\u0259 k\u00fclli miqdarda pul laz\u0131md\u0131r.<\/p>\n\n\n\n<p>Nurid\u0259 Seyidova hakimin sual\u0131na cavab\u0131nda bildirib ki, bu bar\u0259d\u0259 kifay\u0259t q\u0259d\u0259r m\u0259lumat\u0131 yox idi:<\/p>\n\n\n\n<p><em>\u201cBu m\u0259s\u0259l\u0259l\u0259ri ara\u015fd\u0131rma\u011f\u0131 Aynur Bayramovaya h\u0259val\u0259 el\u0259mi\u015fdim. O, Talassemiya M\u0259rk\u0259zind\u0259 i\u015fl\u0259yirdi\u201d<\/em>.<\/p>\n\n\n\n<p>Daha sonra z\u0259r\u0259r\u00e7\u0259kmi\u015fl\u0259rd\u0259n Sahid M\u00f6vs\u00fcmov m\u0259hk\u0259m\u0259d\u0259 \u00e7\u0131x\u0131\u015f ed\u0259r\u0259k, S\u0259hiyy\u0259 Nazirliyin\u0259 sor\u011fu g\u00f6nd\u0259rilm\u0259sini ist\u0259yib. O bildirib ki, bu cinay\u0259t i\u015find\u0259 ad\u0131 ke\u00e7\u0259n talassemiyal\u0131 x\u0259st\u0259l\u0259rd\u0259n biri &#8211; 12 ya\u015fl\u0131 u\u015faq iki g\u00fcn \u0259vv\u0259l v\u0259fat edib:<\/p>\n\n\n\n<p><em>\u201cBu, b\u00f6y\u00fck bir faci\u0259dir, m\u00fctl\u0259q ara\u015fd\u0131rma apar\u0131lmal\u0131d\u0131r. S\u0259hiyy\u0259 Nazirliyin\u0259 sor\u011fu g\u00f6nd\u0259rilm\u0259lidir. Talassemiya M\u0259rk\u0259zi qapal\u0131 m\u00fc\u0259ssis\u0259dir, orada qeydiyyatda olan x\u0259st\u0259l\u0259rin siyah\u0131s\u0131n\u0131 bunlar nec\u0259 \u0259ld\u0259 edibl\u0259r? X\u0259st\u0259l\u0259rin qan n\u00fcmun\u0259l\u0259rini oradan nec\u0259 g\u00f6t\u00fcr\u00fcb, T\u00fcrkiy\u0259y\u0259 apar\u0131b laboratoriyadan ke\u00e7iribl\u0259r? 1 milyon manata yax\u0131n ziyan var. Bu pullar hara gedib? Bu i\u015f k\u00f6k\u00fcnd\u0259n ara\u015fd\u0131r\u0131lmal\u0131d\u0131r\u201d<\/em>.<\/p>\n\n\n\n<p>Z\u0259r\u0259r\u00e7\u0259kmi\u015f Sahid M\u00f6vs\u00fcmov \u00e7\u0131x\u0131\u015f ed\u0259rk\u0259n v\u0259ziyy\u0259ti pisl\u0259\u015fib, m\u0259hk\u0259m\u0259 zal\u0131nda hu\u015funu itirib.<\/p>\n\n\n\n<p>Qaraba\u011f d\u00f6y\u00fc\u015fl\u0259rind\u0259 sa\u011flaml\u0131\u011f\u0131n\u0131 itirmi\u015f z\u0259r\u0259r\u00e7\u0259kmi\u015f Sahid M\u00f6vs\u00fcmov bu cinay\u0259t i\u015fi \u00fczr\u0259 t\u0259qsirl\u0259ndiril\u0259n \u015f\u0259xsl\u0259r\u0259 u\u015fa\u011f\u0131n\u0131n m\u00fcalic\u0259si \u00fc\u00e7\u00fcn pul verib.<\/p>\n\n\n\n<p>Daha sonra Nurid\u0259 Seyidovan\u0131n dindirm\u0259si davam etdirilib. O bildirib ki, anas\u0131n\u0131n evini sataraq, z\u0259r\u0259r\u00e7\u0259kmi\u015fl\u0259r\u0259 ziyan\u0131n \u00f6d\u0259nilm\u0259sin\u0259 s\u0259rf el\u0259yib. Lakin o, evin yeri, n\u0259 vaxt sat\u0131lmas\u0131, pulun kiml\u0259r\u0259 \u00f6d\u0259nilm\u0259si bar\u0259d\u0259 suallara \u201cyad\u0131mda deyil\u201d cavab\u0131n\u0131 verib.<\/p>\n\n\n\n<p>Daha sonra Aynur Bayramovan\u0131n v\u0259kili onun ev dustsql\u0131\u011f\u0131na burax\u0131lmas\u0131 bar\u0259d\u0259 v\u0259sat\u0259t qald\u0131r\u0131b. V\u0259kil bildirib ki, Aynur Bayramovan\u0131n \u00f6z\u00fc d\u0259, azya\u015fl\u0131 \u00f6vlad\u0131 da onkoloji x\u0259st\u0259likd\u0259n \u0259ziyy\u0259t \u00e7\u0259kir.<\/p>\n\n\n\n<p>V\u0259sat\u0259t t\u0259min olunmay\u0131b.<\/p>\n\n\n\n<p>M\u0259hk\u0259m\u0259 prosesi iyulun 24-d\u0259 davam ed\u0259c\u0259k.<\/p>\n\n\n\n<p>Nurid\u0259 Seyidova iki h\u0259kim \u2013 Aynur Bayramova v\u0259 Aysel M\u0259mm\u0259dova il\u0259 birlikd\u0259 36 n\u0259f\u0259r\u0259 qar\u015f\u0131 d\u0259l\u0259duzluq etm\u0259kd\u0259 &#8211; \u00f6vladlar\u0131n\u0131n m\u00fcalic\u0259si ad\u0131yla onlar\u0131 aldatmaqda t\u0259qsirl\u0259ndirilir. Cinay\u0259t i\u015finin materiallar\u0131na \u0259sas\u0259n, z\u0259r\u0259r\u00e7\u0259kmi\u015f qismind\u0259 tan\u0131nan 36 n\u0259f\u0259r\u0259 \u00fcmumilikd\u0259 980 min ziyan d\u0259yib.<\/p>\n\n\n\n<p>Adlar\u0131 \u00e7\u0259kil\u0259n 3 n\u0259f\u0259r\u0259 Cinay\u0259t M\u0259c\u0259ll\u0259sinin 178.3.2 (k\u00fclli miqdarda ziyan vurmaqla d\u0259l\u0259duzluq) madd\u0259sil\u0259 ittiham verilib. Bu madd\u0259d\u0259 10 il\u0259 q\u0259d\u0259r azadl\u0131qdan m\u0259hrumetm\u0259 c\u0259zas\u0131 n\u0259z\u0259rd\u0259 tutulub.<\/p>\n\n\n\n<p>Aynur Bayramova v\u0259 Aysel M\u0259mm\u0259dova \u00f6z\u00fcn\u00fc t\u0259qsirli bilmir. Onlar Nurid\u0259 Seyidovan\u0131 ittiham edir, pullar\u0131 onun \u0259l\u0259 ke\u00e7irdiyini deyirl\u0259r.<\/p>\n\n\n\n<p>Nurid\u0259 Seyidova is\u0259 \u00f6z\u00fcn\u00fc qism\u0259n t\u0259qsirli bilir.<\/p>\n","protected":false},"excerpt":{"rendered":"<p>\u201cTalassemiya M\u0259rk\u0259zi qapal\u0131 m\u00fc\u0259ssis\u0259dir, orada qeydiyyatdak\u0131 x\u0259st\u0259l\u0259rin siyah\u0131s\u0131n\u0131 nec\u0259 \u0259ld\u0259 &#8230; <\/p>\n<p class=\"read-more-container\"><a title=\"Talassemiyal\u0131 u\u015faqlar\u0131n m\u00fcalic\u0259si ad\u0131 alt\u0131nda d\u0259l\u0259duzluq i\u015fi: valideyn m\u0259hk\u0259m\u0259d\u0259 hu\u015funu itirdi\" class=\"read-more button\" href=\"https:\/\/www.meydan.tv\/az\/article\/talassemiyali-usaqlarin-mualicesi-adi-altinda-deleduzluq-isi-valideyn-mehkemede-husunu-itirdi\/#more-309979\" aria-label=\"Read more about Talassemiyal\u0131 u\u015faqlar\u0131n m\u00fcalic\u0259si ad\u0131 alt\u0131nda d\u0259l\u0259duzluq i\u015fi: valideyn m\u0259hk\u0259m\u0259d\u0259 hu\u015funu itirdi\">Davam\u0131<\/a><\/p>\n","protected":false},"author":12,"featured_media":266111,"comment_status":"closed","ping_status":"closed","sticky":false,"template":"","format":"standard","meta":{"_acf_changed":false,"_sitemap_exclude":false,"_sitemap_priority":"","_sitemap_frequency":"","footnotes":""},"categories":[62,79,56],"tags":[],"class_list":["post-309979","post","type-post","status-publish","format-standard","has-post-thumbnail","hentry","category-sosial","category-featured","category-xeberler","infinite-scroll-item","generate-columns","tablet-grid-50","mobile-grid-100","grid-parent","grid-33","no-featured-image-padding"],"acf":[],"yoast_head":"<!-- This site is optimized with the Yoast SEO plugin v27.5 - https:\/\/yoast.com\/product\/yoast-seo-wordpress\/ -->\n<title>Talassemiyal\u0131 u\u015faqlar\u0131n m\u00fcalic\u0259si ad\u0131 alt\u0131nda d\u0259l\u0259duzluq i\u015fi<\/title>\n<meta name=\"description\" content=\"Talassemiyadan \u0259ziyy\u0259t \u00e7\u0259k\u0259n u\u015faqlar\u0131 T\u00fcrkiy\u0259d\u0259 m\u00fcalic\u0259 v\u0259 \u0259m\u0259liyyat etdirm\u0259k ad\u0131yla onlar\u0131n ail\u0259sinin pullar\u0131n\u0131 \u0259l\u0259 ke\u00e7irm\u0259kd\u0259 ittiham olunan \u015f\u0259xsl\u0259rl\u0259 ba\u011fl\u0131 Bak\u0131 A\u011f\u0131r Cinay\u0259tl\u0259r M\u0259hk\u0259m\u0259sind\u0259 ara\u015fd\u0131rmalar davam edir.\" \/>\n<meta name=\"robots\" content=\"index, follow, max-snippet:-1, max-image-preview:large, max-video-preview:-1\" \/>\n<link rel=\"canonical\" href=\"https:\/\/www.meydan.tv\/az\/article\/talassemiyali-usaqlarin-mualicesi-adi-altinda-deleduzluq-isi-valideyn-mehkemede-husunu-itirdi\/\" \/>\n<meta property=\"og:locale\" content=\"az_AZ\" \/>\n<meta property=\"og:type\" content=\"article\" \/>\n<meta property=\"og:title\" content=\"Talassemiyal\u0131 u\u015faqlar\u0131n m\u00fcalic\u0259si ad\u0131 alt\u0131nda d\u0259l\u0259duzluq i\u015fi\" \/>\n<meta property=\"og:description\" content=\"Talassemiyadan \u0259ziyy\u0259t \u00e7\u0259k\u0259n u\u015faqlar\u0131 T\u00fcrkiy\u0259d\u0259 m\u00fcalic\u0259 v\u0259 \u0259m\u0259liyyat etdirm\u0259k ad\u0131yla onlar\u0131n ail\u0259sinin pullar\u0131n\u0131 \u0259l\u0259 ke\u00e7irm\u0259kd\u0259 ittiham olunan \u015f\u0259xsl\u0259rl\u0259 ba\u011fl\u0131 Bak\u0131 A\u011f\u0131r Cinay\u0259tl\u0259r M\u0259hk\u0259m\u0259sind\u0259 ara\u015fd\u0131rmalar davam edir.\" \/>\n<meta property=\"og:url\" content=\"https:\/\/www.meydan.tv\/az\/article\/talassemiyali-usaqlarin-mualicesi-adi-altinda-deleduzluq-isi-valideyn-mehkemede-husunu-itirdi\/\" \/>\n<meta property=\"og:site_name\" content=\"MEYDAN.TV\" \/>\n<meta property=\"article:published_time\" content=\"2024-07-10T20:45:56+00:00\" \/>\n<meta property=\"article:modified_time\" content=\"2024-07-11T07:03:46+00:00\" \/>\n<meta property=\"og:image\" content=\"https:\/\/www.meydan.tv\/wp-content\/uploads\/img_9514.jpg\" \/>\n\t<meta property=\"og:image:width\" content=\"1200\" \/>\n\t<meta property=\"og:image:height\" content=\"675\" \/>\n\t<meta property=\"og:image:type\" content=\"image\/jpeg\" \/>\n<meta name=\"author\" content=\"aleks\" \/>\n<meta name=\"twitter:card\" content=\"summary_large_image\" \/>\n<script type=\"application\/ld+json\" class=\"yoast-schema-graph\">{\"@context\":\"https:\\\/\\\/schema.org\",\"@graph\":[{\"@type\":\"Article\",\"@id\":\"https:\\\/\\\/www.meydan.tv\\\/az\\\/article\\\/talassemiyali-usaqlarin-mualicesi-adi-altinda-deleduzluq-isi-valideyn-mehkemede-husunu-itirdi\\\/#article\",\"isPartOf\":{\"@id\":\"https:\\\/\\\/www.meydan.tv\\\/az\\\/article\\\/talassemiyali-usaqlarin-mualicesi-adi-altinda-deleduzluq-isi-valideyn-mehkemede-husunu-itirdi\\\/\"},\"author\":{\"name\":\"aleks\",\"@id\":\"https:\\\/\\\/www.meydan.tv\\\/az\\\/#\\\/schema\\\/person\\\/476e9360e593fa131d5d71d51866f8da\"},\"headline\":\"Talassemiyal\u0131 u\u015faqlar\u0131n m\u00fcalic\u0259si ad\u0131 alt\u0131nda d\u0259l\u0259duzluq i\u015fi: valideyn m\u0259hk\u0259m\u0259d\u0259 hu\u015funu itirdi\",\"datePublished\":\"2024-07-10T20:45:56+00:00\",\"dateModified\":\"2024-07-11T07:03:46+00:00\",\"mainEntityOfPage\":{\"@id\":\"https:\\\/\\\/www.meydan.tv\\\/az\\\/article\\\/talassemiyali-usaqlarin-mualicesi-adi-altinda-deleduzluq-isi-valideyn-mehkemede-husunu-itirdi\\\/\"},\"wordCount\":1131,\"publisher\":{\"@id\":\"https:\\\/\\\/www.meydan.tv\\\/az\\\/#organization\"},\"image\":{\"@id\":\"https:\\\/\\\/www.meydan.tv\\\/az\\\/article\\\/talassemiyali-usaqlarin-mualicesi-adi-altinda-deleduzluq-isi-valideyn-mehkemede-husunu-itirdi\\\/#primaryimage\"},\"thumbnailUrl\":\"https:\\\/\\\/www.meydan.tv\\\/wp-content\\\/uploads\\\/img_9514.jpg\",\"articleSection\":[\"Sosial\",\"T\u00f6vsiy\u0259\",\"X\u0259b\u0259rl\u0259r\"],\"inLanguage\":\"az\"},{\"@type\":\"WebPage\",\"@id\":\"https:\\\/\\\/www.meydan.tv\\\/az\\\/article\\\/talassemiyali-usaqlarin-mualicesi-adi-altinda-deleduzluq-isi-valideyn-mehkemede-husunu-itirdi\\\/\",\"url\":\"https:\\\/\\\/www.meydan.tv\\\/az\\\/article\\\/talassemiyali-usaqlarin-mualicesi-adi-altinda-deleduzluq-isi-valideyn-mehkemede-husunu-itirdi\\\/\",\"name\":\"Talassemiyal\u0131 u\u015faqlar\u0131n m\u00fcalic\u0259si ad\u0131 alt\u0131nda d\u0259l\u0259duzluq i\u015fi\",\"isPartOf\":{\"@id\":\"https:\\\/\\\/www.meydan.tv\\\/az\\\/#website\"},\"primaryImageOfPage\":{\"@id\":\"https:\\\/\\\/www.meydan.tv\\\/az\\\/article\\\/talassemiyali-usaqlarin-mualicesi-adi-altinda-deleduzluq-isi-valideyn-mehkemede-husunu-itirdi\\\/#primaryimage\"},\"image\":{\"@id\":\"https:\\\/\\\/www.meydan.tv\\\/az\\\/article\\\/talassemiyali-usaqlarin-mualicesi-adi-altinda-deleduzluq-isi-valideyn-mehkemede-husunu-itirdi\\\/#primaryimage\"},\"thumbnailUrl\":\"https:\\\/\\\/www.meydan.tv\\\/wp-content\\\/uploads\\\/img_9514.jpg\",\"datePublished\":\"2024-07-10T20:45:56+00:00\",\"dateModified\":\"2024-07-11T07:03:46+00:00\",\"description\":\"Talassemiyadan \u0259ziyy\u0259t \u00e7\u0259k\u0259n u\u015faqlar\u0131 T\u00fcrkiy\u0259d\u0259 m\u00fcalic\u0259 v\u0259 \u0259m\u0259liyyat etdirm\u0259k ad\u0131yla onlar\u0131n ail\u0259sinin pullar\u0131n\u0131 \u0259l\u0259 ke\u00e7irm\u0259kd\u0259 ittiham olunan \u015f\u0259xsl\u0259rl\u0259 ba\u011fl\u0131 Bak\u0131 A\u011f\u0131r Cinay\u0259tl\u0259r M\u0259hk\u0259m\u0259sind\u0259 ara\u015fd\u0131rmalar davam edir.\",\"breadcrumb\":{\"@id\":\"https:\\\/\\\/www.meydan.tv\\\/az\\\/article\\\/talassemiyali-usaqlarin-mualicesi-adi-altinda-deleduzluq-isi-valideyn-mehkemede-husunu-itirdi\\\/#breadcrumb\"},\"inLanguage\":\"az\",\"potentialAction\":[{\"@type\":\"ReadAction\",\"target\":[\"https:\\\/\\\/www.meydan.tv\\\/az\\\/article\\\/talassemiyali-usaqlarin-mualicesi-adi-altinda-deleduzluq-isi-valideyn-mehkemede-husunu-itirdi\\\/\"]}]},{\"@type\":\"ImageObject\",\"inLanguage\":\"az\",\"@id\":\"https:\\\/\\\/www.meydan.tv\\\/az\\\/article\\\/talassemiyali-usaqlarin-mualicesi-adi-altinda-deleduzluq-isi-valideyn-mehkemede-husunu-itirdi\\\/#primaryimage\",\"url\":\"https:\\\/\\\/www.meydan.tv\\\/wp-content\\\/uploads\\\/img_9514.jpg\",\"contentUrl\":\"https:\\\/\\\/www.meydan.tv\\\/wp-content\\\/uploads\\\/img_9514.jpg\",\"width\":1200,\"height\":675,\"caption\":\"M\u0259hk\u0259m\u0259. Foto: Meydan TV\"},{\"@type\":\"BreadcrumbList\",\"@id\":\"https:\\\/\\\/www.meydan.tv\\\/az\\\/article\\\/talassemiyali-usaqlarin-mualicesi-adi-altinda-deleduzluq-isi-valideyn-mehkemede-husunu-itirdi\\\/#breadcrumb\",\"itemListElement\":[{\"@type\":\"ListItem\",\"position\":1,\"name\":\"Ana s\u0259hif\u0259\",\"item\":\"https:\\\/\\\/www.meydan.tv\\\/az\\\/\"},{\"@type\":\"ListItem\",\"position\":2,\"name\":\"X\u0259b\u0259rl\u0259r\",\"item\":\"https:\\\/\\\/www.meydan.tv\\\/az\\\/section\\\/xeberler\\\/\"},{\"@type\":\"ListItem\",\"position\":3,\"name\":\"Talassemiyal\u0131 u\u015faqlar\u0131n m\u00fcalic\u0259si ad\u0131 alt\u0131nda d\u0259l\u0259duzluq i\u015fi: valideyn m\u0259hk\u0259m\u0259d\u0259 hu\u015funu itirdi\"}]},{\"@type\":\"WebSite\",\"@id\":\"https:\\\/\\\/www.meydan.tv\\\/az\\\/#website\",\"url\":\"https:\\\/\\\/www.meydan.tv\\\/az\\\/\",\"name\":\"MEYDAN.TV\",\"description\":\"Meydan TV Az\u0259rbaycan\u0131n media m\u0259kan\u0131ndak\u0131 alternativ s\u0259sidir\",\"publisher\":{\"@id\":\"https:\\\/\\\/www.meydan.tv\\\/az\\\/#organization\"},\"potentialAction\":[{\"@type\":\"SearchAction\",\"target\":{\"@type\":\"EntryPoint\",\"urlTemplate\":\"https:\\\/\\\/www.meydan.tv\\\/az\\\/?s={search_term_string}\"},\"query-input\":{\"@type\":\"PropertyValueSpecification\",\"valueRequired\":true,\"valueName\":\"search_term_string\"}}],\"inLanguage\":\"az\"},{\"@type\":\"Organization\",\"@id\":\"https:\\\/\\\/www.meydan.tv\\\/az\\\/#organization\",\"name\":\"Meydan TV\",\"url\":\"https:\\\/\\\/www.meydan.tv\\\/az\\\/\",\"logo\":{\"@type\":\"ImageObject\",\"inLanguage\":\"az\",\"@id\":\"https:\\\/\\\/www.meydan.tv\\\/az\\\/#\\\/schema\\\/logo\\\/image\\\/\",\"url\":\"https:\\\/\\\/www.meydan.tv\\\/wp-content\\\/uploads\\\/2021\\\/07\\\/meydan-logo.svg\",\"contentUrl\":\"https:\\\/\\\/www.meydan.tv\\\/wp-content\\\/uploads\\\/2021\\\/07\\\/meydan-logo.svg\",\"width\":195,\"height\":46,\"caption\":\"Meydan TV\"},\"image\":{\"@id\":\"https:\\\/\\\/www.meydan.tv\\\/az\\\/#\\\/schema\\\/logo\\\/image\\\/\"}},{\"@type\":\"Person\",\"@id\":\"https:\\\/\\\/www.meydan.tv\\\/az\\\/#\\\/schema\\\/person\\\/476e9360e593fa131d5d71d51866f8da\",\"name\":\"aleks\"}]}<\/script>\n<!-- \/ Yoast SEO plugin. -->","yoast_head_json":{"title":"Talassemiyal\u0131 u\u015faqlar\u0131n m\u00fcalic\u0259si ad\u0131 alt\u0131nda d\u0259l\u0259duzluq i\u015fi","description":"Talassemiyadan \u0259ziyy\u0259t \u00e7\u0259k\u0259n u\u015faqlar\u0131 T\u00fcrkiy\u0259d\u0259 m\u00fcalic\u0259 v\u0259 \u0259m\u0259liyyat etdirm\u0259k ad\u0131yla onlar\u0131n ail\u0259sinin pullar\u0131n\u0131 \u0259l\u0259 ke\u00e7irm\u0259kd\u0259 ittiham olunan \u015f\u0259xsl\u0259rl\u0259 ba\u011fl\u0131 Bak\u0131 A\u011f\u0131r Cinay\u0259tl\u0259r M\u0259hk\u0259m\u0259sind\u0259 ara\u015fd\u0131rmalar davam edir.","robots":{"index":"index","follow":"follow","max-snippet":"max-snippet:-1","max-image-preview":"max-image-preview:large","max-video-preview":"max-video-preview:-1"},"canonical":"https:\/\/www.meydan.tv\/az\/article\/talassemiyali-usaqlarin-mualicesi-adi-altinda-deleduzluq-isi-valideyn-mehkemede-husunu-itirdi\/","og_locale":"az_AZ","og_type":"article","og_title":"Talassemiyal\u0131 u\u015faqlar\u0131n m\u00fcalic\u0259si ad\u0131 alt\u0131nda d\u0259l\u0259duzluq i\u015fi","og_description":"Talassemiyadan \u0259ziyy\u0259t \u00e7\u0259k\u0259n u\u015faqlar\u0131 T\u00fcrkiy\u0259d\u0259 m\u00fcalic\u0259 v\u0259 \u0259m\u0259liyyat etdirm\u0259k ad\u0131yla onlar\u0131n ail\u0259sinin pullar\u0131n\u0131 \u0259l\u0259 ke\u00e7irm\u0259kd\u0259 ittiham olunan \u015f\u0259xsl\u0259rl\u0259 ba\u011fl\u0131 Bak\u0131 A\u011f\u0131r Cinay\u0259tl\u0259r M\u0259hk\u0259m\u0259sind\u0259 ara\u015fd\u0131rmalar davam edir.","og_url":"https:\/\/www.meydan.tv\/az\/article\/talassemiyali-usaqlarin-mualicesi-adi-altinda-deleduzluq-isi-valideyn-mehkemede-husunu-itirdi\/","og_site_name":"MEYDAN.TV","article_published_time":"2024-07-10T20:45:56+00:00","article_modified_time":"2024-07-11T07:03:46+00:00","og_image":[{"width":1200,"height":675,"url":"https:\/\/www.meydan.tv\/wp-content\/uploads\/img_9514.jpg","type":"image\/jpeg"}],"author":"aleks","twitter_card":"summary_large_image","schema":{"@context":"https:\/\/schema.org","@graph":[{"@type":"Article","@id":"https:\/\/www.meydan.tv\/az\/article\/talassemiyali-usaqlarin-mualicesi-adi-altinda-deleduzluq-isi-valideyn-mehkemede-husunu-itirdi\/#article","isPartOf":{"@id":"https:\/\/www.meydan.tv\/az\/article\/talassemiyali-usaqlarin-mualicesi-adi-altinda-deleduzluq-isi-valideyn-mehkemede-husunu-itirdi\/"},"author":{"name":"aleks","@id":"https:\/\/www.meydan.tv\/az\/#\/schema\/person\/476e9360e593fa131d5d71d51866f8da"},"headline":"Talassemiyal\u0131 u\u015faqlar\u0131n m\u00fcalic\u0259si ad\u0131 alt\u0131nda d\u0259l\u0259duzluq i\u015fi: valideyn m\u0259hk\u0259m\u0259d\u0259 hu\u015funu itirdi","datePublished":"2024-07-10T20:45:56+00:00","dateModified":"2024-07-11T07:03:46+00:00","mainEntityOfPage":{"@id":"https:\/\/www.meydan.tv\/az\/article\/talassemiyali-usaqlarin-mualicesi-adi-altinda-deleduzluq-isi-valideyn-mehkemede-husunu-itirdi\/"},"wordCount":1131,"publisher":{"@id":"https:\/\/www.meydan.tv\/az\/#organization"},"image":{"@id":"https:\/\/www.meydan.tv\/az\/article\/talassemiyali-usaqlarin-mualicesi-adi-altinda-deleduzluq-isi-valideyn-mehkemede-husunu-itirdi\/#primaryimage"},"thumbnailUrl":"https:\/\/www.meydan.tv\/wp-content\/uploads\/img_9514.jpg","articleSection":["Sosial","T\u00f6vsiy\u0259","X\u0259b\u0259rl\u0259r"],"inLanguage":"az"},{"@type":"WebPage","@id":"https:\/\/www.meydan.tv\/az\/article\/talassemiyali-usaqlarin-mualicesi-adi-altinda-deleduzluq-isi-valideyn-mehkemede-husunu-itirdi\/","url":"https:\/\/www.meydan.tv\/az\/article\/talassemiyali-usaqlarin-mualicesi-adi-altinda-deleduzluq-isi-valideyn-mehkemede-husunu-itirdi\/","name":"Talassemiyal\u0131 u\u015faqlar\u0131n m\u00fcalic\u0259si ad\u0131 alt\u0131nda d\u0259l\u0259duzluq i\u015fi","isPartOf":{"@id":"https:\/\/www.meydan.tv\/az\/#website"},"primaryImageOfPage":{"@id":"https:\/\/www.meydan.tv\/az\/article\/talassemiyali-usaqlarin-mualicesi-adi-altinda-deleduzluq-isi-valideyn-mehkemede-husunu-itirdi\/#primaryimage"},"image":{"@id":"https:\/\/www.meydan.tv\/az\/article\/talassemiyali-usaqlarin-mualicesi-adi-altinda-deleduzluq-isi-valideyn-mehkemede-husunu-itirdi\/#primaryimage"},"thumbnailUrl":"https:\/\/www.meydan.tv\/wp-content\/uploads\/img_9514.jpg","datePublished":"2024-07-10T20:45:56+00:00","dateModified":"2024-07-11T07:03:46+00:00","description":"Talassemiyadan \u0259ziyy\u0259t \u00e7\u0259k\u0259n u\u015faqlar\u0131 T\u00fcrkiy\u0259d\u0259 m\u00fcalic\u0259 v\u0259 \u0259m\u0259liyyat etdirm\u0259k ad\u0131yla onlar\u0131n ail\u0259sinin pullar\u0131n\u0131 \u0259l\u0259 ke\u00e7irm\u0259kd\u0259 ittiham olunan \u015f\u0259xsl\u0259rl\u0259 ba\u011fl\u0131 Bak\u0131 A\u011f\u0131r Cinay\u0259tl\u0259r M\u0259hk\u0259m\u0259sind\u0259 ara\u015fd\u0131rmalar davam edir.","breadcrumb":{"@id":"https:\/\/www.meydan.tv\/az\/article\/talassemiyali-usaqlarin-mualicesi-adi-altinda-deleduzluq-isi-valideyn-mehkemede-husunu-itirdi\/#breadcrumb"},"inLanguage":"az","potentialAction":[{"@type":"ReadAction","target":["https:\/\/www.meydan.tv\/az\/article\/talassemiyali-usaqlarin-mualicesi-adi-altinda-deleduzluq-isi-valideyn-mehkemede-husunu-itirdi\/"]}]},{"@type":"ImageObject","inLanguage":"az","@id":"https:\/\/www.meydan.tv\/az\/article\/talassemiyali-usaqlarin-mualicesi-adi-altinda-deleduzluq-isi-valideyn-mehkemede-husunu-itirdi\/#primaryimage","url":"https:\/\/www.meydan.tv\/wp-content\/uploads\/img_9514.jpg","contentUrl":"https:\/\/www.meydan.tv\/wp-content\/uploads\/img_9514.jpg","width":1200,"height":675,"caption":"M\u0259hk\u0259m\u0259. Foto: Meydan TV"},{"@type":"BreadcrumbList","@id":"https:\/\/www.meydan.tv\/az\/article\/talassemiyali-usaqlarin-mualicesi-adi-altinda-deleduzluq-isi-valideyn-mehkemede-husunu-itirdi\/#breadcrumb","itemListElement":[{"@type":"ListItem","position":1,"name":"Ana s\u0259hif\u0259","item":"https:\/\/www.meydan.tv\/az\/"},{"@type":"ListItem","position":2,"name":"X\u0259b\u0259rl\u0259r","item":"https:\/\/www.meydan.tv\/az\/section\/xeberler\/"},{"@type":"ListItem","position":3,"name":"Talassemiyal\u0131 u\u015faqlar\u0131n m\u00fcalic\u0259si ad\u0131 alt\u0131nda d\u0259l\u0259duzluq i\u015fi: valideyn m\u0259hk\u0259m\u0259d\u0259 hu\u015funu itirdi"}]},{"@type":"WebSite","@id":"https:\/\/www.meydan.tv\/az\/#website","url":"https:\/\/www.meydan.tv\/az\/","name":"MEYDAN.TV","description":"Meydan TV Az\u0259rbaycan\u0131n media m\u0259kan\u0131ndak\u0131 alternativ s\u0259sidir","publisher":{"@id":"https:\/\/www.meydan.tv\/az\/#organization"},"potentialAction":[{"@type":"SearchAction","target":{"@type":"EntryPoint","urlTemplate":"https:\/\/www.meydan.tv\/az\/?s={search_term_string}"},"query-input":{"@type":"PropertyValueSpecification","valueRequired":true,"valueName":"search_term_string"}}],"inLanguage":"az"},{"@type":"Organization","@id":"https:\/\/www.meydan.tv\/az\/#organization","name":"Meydan TV","url":"https:\/\/www.meydan.tv\/az\/","logo":{"@type":"ImageObject","inLanguage":"az","@id":"https:\/\/www.meydan.tv\/az\/#\/schema\/logo\/image\/","url":"https:\/\/www.meydan.tv\/wp-content\/uploads\/2021\/07\/meydan-logo.svg","contentUrl":"https:\/\/www.meydan.tv\/wp-content\/uploads\/2021\/07\/meydan-logo.svg","width":195,"height":46,"caption":"Meydan TV"},"image":{"@id":"https:\/\/www.meydan.tv\/az\/#\/schema\/logo\/image\/"}},{"@type":"Person","@id":"https:\/\/www.meydan.tv\/az\/#\/schema\/person\/476e9360e593fa131d5d71d51866f8da","name":"aleks"}]}},"_links":{"self":[{"href":"https:\/\/www.meydan.tv\/az\/wp-json\/wp\/v2\/posts\/309979","targetHints":{"allow":["GET"]}}],"collection":[{"href":"https:\/\/www.meydan.tv\/az\/wp-json\/wp\/v2\/posts"}],"about":[{"href":"https:\/\/www.meydan.tv\/az\/wp-json\/wp\/v2\/types\/post"}],"author":[{"embeddable":true,"href":"https:\/\/www.meydan.tv\/az\/wp-json\/wp\/v2\/users\/12"}],"replies":[{"embeddable":true,"href":"https:\/\/www.meydan.tv\/az\/wp-json\/wp\/v2\/comments?post=309979"}],"version-history":[{"count":3,"href":"https:\/\/www.meydan.tv\/az\/wp-json\/wp\/v2\/posts\/309979\/revisions"}],"predecessor-version":[{"id":309989,"href":"https:\/\/www.meydan.tv\/az\/wp-json\/wp\/v2\/posts\/309979\/revisions\/309989"}],"wp:featuredmedia":[{"embeddable":true,"href":"https:\/\/www.meydan.tv\/az\/wp-json\/wp\/v2\/media\/266111"}],"wp:attachment":[{"href":"https:\/\/www.meydan.tv\/az\/wp-json\/wp\/v2\/media?parent=309979"}],"wp:term":[{"taxonomy":"category","embeddable":true,"href":"https:\/\/www.meydan.tv\/az\/wp-json\/wp\/v2\/categories?post=309979"},{"taxonomy":"post_tag","embeddable":true,"href":"https:\/\/www.meydan.tv\/az\/wp-json\/wp\/v2\/tags?post=309979"}],"curies":[{"name":"wp","href":"https:\/\/api.w.org\/{rel}","templated":true}]}}