{"id":309965,"date":"2024-07-11T00:44:02","date_gmt":"2024-07-10T20:44:02","guid":{"rendered":"https:\/\/www.meydan.tv\/?p=309965"},"modified":"2024-07-11T10:41:34","modified_gmt":"2024-07-11T06:41:34","slug":"azerbaycanla-ermenistan-sulh-sazisinin-yekunlasdirilmasi-ucun-raziliga-gelibler","status":"publish","type":"post","link":"https:\/\/www.meydan.tv\/az\/article\/azerbaycanla-ermenistan-sulh-sazisinin-yekunlasdirilmasi-ucun-raziliga-gelibler\/","title":{"rendered":"Az\u0259rbaycanla Erm\u0259nistan s\u00fclh sazi\u015finin yekunla\u015fd\u0131r\u0131lmas\u0131 \u00fc\u00e7\u00fcn raz\u0131l\u0131\u011fa g\u0259libl\u0259r"},"content":{"rendered":"\n<p><\/p>\n\n\n\n<p><em><strong>T\u0259r\u0259fl\u0259rin Va\u015finqtondak\u0131 g\u00f6r\u00fc\u015f\u00fc yekunla\u015f\u0131b<\/strong><\/em><\/p>\n\n\n\n<p>\u0130yulun 10-da Va\u015finqtonda AB\u015e-nin D\u00f6vl\u0259t katibi Entoni Blinkenin i\u015ftirak\u0131 il\u0259 Az\u0259rbaycan v\u0259 Erm\u0259nistan X\u0130N ba\u015f\u00e7\u0131lar\u0131 aras\u0131nda ba\u015f tutan \u00fc\u00e7t\u0259r\u0259fli g\u00f6r\u00fc\u015f yekunla\u015f\u0131b.<\/p>\n\n\n\n<p>Az\u0259rbaycan Xarici \u0130\u015fl\u0259r Nazirliyinin <a href=\"https:\/\/mfa.gov.az\/az\/news\/no28924\">m\u0259lumat\u0131na<\/a>  g\u00f6r\u0259, Az\u0259rbaycan v\u0259 Erm\u0259nistan\u0131n s\u00fclh v\u0259 d\u00f6vl\u0259tl\u0259raras\u0131 m\u00fcnasib\u0259tl\u0259rin qurulmas\u0131 haqq\u0131nda tarixi sazi\u015fin yekunla\u015fd\u0131r\u0131lmas\u0131 istiqam\u0259tind\u0259 \u0259ld\u0259 olunmu\u015f ir\u0259lil\u0259yi\u015fi qeyd edib v\u0259 bu istiqam\u0259td\u0259 i\u015fi davam etdirm\u0259y\u0259 raz\u0131la\u015f\u0131blar.<\/p>\n\n\n\n<p>H\u0259r iki t\u0259r\u0259f g\u00f6r\u00fc\u015f\u0259 ev sahibliyin\u0259 g\u00f6r\u0259 D\u00f6vl\u0259t katibin\u0259 minn\u0259tdarl\u0131q bildiribl\u0259r.<\/p>\n\n\n\n<p>G\u00f6r\u00fc\u015f NATO75 Sammiti \u00e7\u0259r\u00e7iv\u0259sind\u0259 ba\u015f tutub.<\/p>\n\n\n\n<p>Blinken g\u00f6r\u00fc\u015f\u00fc a\u00e7ark\u0259n deyib ki, Az\u0259rbaycan v\u0259 Erm\u0259nistan yekun raz\u0131l\u0131\u011fa g\u0259lm\u0259y\u0259 \u00e7ox yax\u0131nd\u0131r.<\/p>\n\n\n\n<p>Turan\u0131n Va\u015finqton m\u00fcxbiri x\u0259b\u0259r <a href=\"https:\/\/turan.az\/az\/siyaset\/blinken-meets-with-bayramov-and-mirzoyan-in-washington-782379\">verir<\/a>  ki, Blinken, &#8220;qal\u0131c\u0131, \u015f\u0259r\u0259fli v\u0259 f\u00f6vq\u0259lad\u0259 bir f\u00fcrs\u0259t&#8221; adland\u0131rd\u0131\u011f\u0131 yekun raz\u0131la\u015fman\u0131n \u0259ld\u0259 edilm\u0259sinin h\u0259r iki \u00f6lk\u0259, region v\u0259 onlar\u0131n AB\u015e il\u0259 \u0259laq\u0259l\u0259ri \u00fc\u00e7\u00fcn vacibliyini vur\u011fulay\u0131b.<\/p>\n\n\n\n<p><em>\u201cBu proses boyu Birl\u0259\u015fmi\u015f \u015etatlar Avropa \u0130ttifaq\u0131 v\u0259 Avropadak\u0131 bir \u00e7ox h\u0259mkarlar\u0131 il\u0259 birlikd\u0259 yard\u0131m v\u0259 d\u0259st\u0259yini \u0259sirg\u0259m\u0259yib. Bu g\u00fcn bizim \u0259ld\u0259 edilmi\u015f ir\u0259lil\u0259yi\u015fl\u0259ri qiym\u0259tl\u0259ndirm\u0259k imkan\u0131m\u0131z var\u201d<\/em>.<\/p>\n\n\n\n<p><em>\u201c\u0130nan\u0131ram ki, h\u0259r iki \u00f6lk\u0259 AB\u015e-nin g\u00fccl\u00fc \u015f\u0259kild\u0259 d\u0259st\u0259kl\u0259y\u0259c\u0259yi yekun raz\u0131la\u015fma \u0259ld\u0259 etm\u0259y\u0259 \u00e7ox yax\u0131nd\u0131r\u201d<\/em>, &#8211; o \u0259lav\u0259 edib.<\/p>\n\n\n\n<p><em>\u201cBel\u0259likl\u0259, m\u0259n bu g\u00fcn harada oldu\u011fumuzu bir daha qiym\u0259tl\u0259ndirm\u0259k v\u0259 AB\u015e-nin raz\u0131l\u0131\u011fa g\u0259lm\u0259yiniz\u0259 k\u00f6m\u0259k etm\u0259k \u00fc\u00e7\u00fcn daha n\u0259l\u0259r ed\u0259 bil\u0259c\u0259yini g\u00f6rm\u0259k f\u00fcrs\u0259tin\u0259 g\u00f6r\u0259 minn\u0259tdarl\u0131\u011f\u0131m\u0131 bildirir\u0259m\u201d<\/em>, &#8211; diplomat dedi.<\/p>\n\n\n\n<p>Az\u0259rbaycan 1994-c\u00fc ild\u0259n NATO il\u0259 \u0259m\u0259kda\u015fl\u0131q edir. Bu \u0259laq\u0259l\u0259rin \u0259sas\u0131n\u0131 h\u0259rbi \u0259m\u0259kda\u015fl\u0131q, h\u0259rbi modernizasiya, t\u0259hl\u00fck\u0259sizlik m\u0259s\u0259l\u0259l\u0259ri \u00fczr\u0259 siyasi m\u0259sl\u0259h\u0259tl\u0259\u015fm\u0259l\u0259r v\u0259 s\u00fclhm\u0259raml\u0131 \u0259m\u0259liyyatlar t\u0259\u015fkil edir.<\/p>\n\n\n\n<p>2020-ci ild\u0259 Qaraba\u011fda apar\u0131lan 44 g\u00fcnl\u00fck m\u00fcharib\u0259 n\u0259tic\u0259sind\u0259 Az\u0259rbaycan i\u015f\u011fal olunmu\u015f \u0259razil\u0259rinin b\u00f6y\u00fck hiss\u0259sind\u0259 n\u0259zar\u0259ti b\u0259rpa edib. 2023-c\u00fc ild\u0259 is\u0259 apard\u0131\u011f\u0131 h\u0259rbi \u0259m\u0259liyyatlarla \u0259razini tam n\u0259zar\u0259t\u0259 g\u00f6t\u00fcr\u00fcb.<\/p>\n\n\n\n<p>Ondan sonra Az\u0259rbaycan v\u0259 Erm\u0259nistan aras\u0131nda s\u00fclh dan\u0131\u015f\u0131qlar\u0131 davam etdirilir. Bu dan\u0131\u015f\u0131qlarda h\u0259m AB\u015e, Avropa \u0130ttifaq\u0131, h\u0259m d\u0259 Rusiya vasit\u0259\u00e7ilik edir.<\/p>\n","protected":false},"excerpt":{"rendered":"<p>T\u0259r\u0259fl\u0259rin Va\u015finqtondak\u0131 g\u00f6r\u00fc\u015f\u00fc yekunla\u015f\u0131b \u0130yulun 10-da Va\u015finqtonda AB\u015e-nin D\u00f6vl\u0259t katibi &#8230; <\/p>\n<p class=\"read-more-container\"><a title=\"Az\u0259rbaycanla Erm\u0259nistan s\u00fclh sazi\u015finin yekunla\u015fd\u0131r\u0131lmas\u0131 \u00fc\u00e7\u00fcn raz\u0131l\u0131\u011fa g\u0259libl\u0259r\" class=\"read-more button\" href=\"https:\/\/www.meydan.tv\/az\/article\/azerbaycanla-ermenistan-sulh-sazisinin-yekunlasdirilmasi-ucun-raziliga-gelibler\/#more-309965\" aria-label=\"Read more about Az\u0259rbaycanla Erm\u0259nistan s\u00fclh sazi\u015finin yekunla\u015fd\u0131r\u0131lmas\u0131 \u00fc\u00e7\u00fcn raz\u0131l\u0131\u011fa g\u0259libl\u0259r\">Davam\u0131<\/a><\/p>\n","protected":false},"author":12,"featured_media":309976,"comment_status":"closed","ping_status":"closed","sticky":false,"template":"","format":"standard","meta":{"_acf_changed":false,"_sitemap_exclude":false,"_sitemap_priority":"","_sitemap_frequency":"","footnotes":""},"categories":[59,79,56],"tags":[],"class_list":["post-309965","post","type-post","status-publish","format-standard","has-post-thumbnail","hentry","category-siyaset","category-featured","category-xeberler","infinite-scroll-item","generate-columns","tablet-grid-50","mobile-grid-100","grid-parent","grid-33","no-featured-image-padding"],"acf":[],"yoast_head":"<!-- This site is optimized with the Yoast SEO plugin v27.4 - https:\/\/yoast.com\/product\/yoast-seo-wordpress\/ -->\n<title>Az\u0259rbaycanla Erm\u0259nistan s\u00fclh sazi\u015finin yekunla\u015fmas\u0131 \u00fc\u00e7\u00fcn raz\u0131la\u015f\u0131blar<\/title>\n<meta name=\"description\" content=\"Va\u015finqtonda Entoni Blinkenin i\u015ftirak\u0131 il\u0259 Az\u0259rbaycan v\u0259 Erm\u0259nistan X\u0130N ba\u015f\u00e7\u0131lar\u0131 aras\u0131nda ba\u015f tutan \u00fc\u00e7t\u0259r\u0259fli g\u00f6r\u00fc\u015f yekunla\u015f\u0131b.\" \/>\n<meta name=\"robots\" content=\"index, follow, max-snippet:-1, max-image-preview:large, max-video-preview:-1\" \/>\n<link rel=\"canonical\" href=\"https:\/\/www.meydan.tv\/az\/article\/azerbaycanla-ermenistan-sulh-sazisinin-yekunlasdirilmasi-ucun-raziliga-gelibler\/\" \/>\n<meta property=\"og:locale\" content=\"az_AZ\" \/>\n<meta property=\"og:type\" content=\"article\" \/>\n<meta property=\"og:title\" content=\"Az\u0259rbaycanla Erm\u0259nistan s\u00fclh sazi\u015finin yekunla\u015fmas\u0131 \u00fc\u00e7\u00fcn raz\u0131la\u015f\u0131blar\" \/>\n<meta property=\"og:description\" content=\"Va\u015finqtonda Entoni Blinkenin i\u015ftirak\u0131 il\u0259 Az\u0259rbaycan v\u0259 Erm\u0259nistan X\u0130N ba\u015f\u00e7\u0131lar\u0131 aras\u0131nda ba\u015f tutan \u00fc\u00e7t\u0259r\u0259fli g\u00f6r\u00fc\u015f yekunla\u015f\u0131b.\" \/>\n<meta property=\"og:url\" content=\"https:\/\/www.meydan.tv\/az\/article\/azerbaycanla-ermenistan-sulh-sazisinin-yekunlasdirilmasi-ucun-raziliga-gelibler\/\" \/>\n<meta property=\"og:site_name\" content=\"MEYDAN.TV\" \/>\n<meta property=\"article:published_time\" content=\"2024-07-10T20:44:02+00:00\" \/>\n<meta property=\"article:modified_time\" content=\"2024-07-11T06:41:34+00:00\" \/>\n<meta property=\"og:image\" content=\"https:\/\/www.meydan.tv\/wp-content\/uploads\/screenshot-2024-07-10-at-22.43.12-1200x540.png\" \/>\n\t<meta property=\"og:image:width\" content=\"1200\" \/>\n\t<meta property=\"og:image:height\" content=\"540\" \/>\n\t<meta property=\"og:image:type\" content=\"image\/png\" \/>\n<meta name=\"author\" content=\"aleks\" \/>\n<meta name=\"twitter:card\" content=\"summary_large_image\" \/>\n<script type=\"application\/ld+json\" class=\"yoast-schema-graph\">{\"@context\":\"https:\\\/\\\/schema.org\",\"@graph\":[{\"@type\":\"Article\",\"@id\":\"https:\\\/\\\/www.meydan.tv\\\/az\\\/article\\\/azerbaycanla-ermenistan-sulh-sazisinin-yekunlasdirilmasi-ucun-raziliga-gelibler\\\/#article\",\"isPartOf\":{\"@id\":\"https:\\\/\\\/www.meydan.tv\\\/az\\\/article\\\/azerbaycanla-ermenistan-sulh-sazisinin-yekunlasdirilmasi-ucun-raziliga-gelibler\\\/\"},\"author\":{\"name\":\"aleks\",\"@id\":\"https:\\\/\\\/www.meydan.tv\\\/az\\\/#\\\/schema\\\/person\\\/476e9360e593fa131d5d71d51866f8da\"},\"headline\":\"Az\u0259rbaycanla Erm\u0259nistan s\u00fclh sazi\u015finin yekunla\u015fd\u0131r\u0131lmas\u0131 \u00fc\u00e7\u00fcn raz\u0131l\u0131\u011fa g\u0259libl\u0259r\",\"datePublished\":\"2024-07-10T20:44:02+00:00\",\"dateModified\":\"2024-07-11T06:41:34+00:00\",\"mainEntityOfPage\":{\"@id\":\"https:\\\/\\\/www.meydan.tv\\\/az\\\/article\\\/azerbaycanla-ermenistan-sulh-sazisinin-yekunlasdirilmasi-ucun-raziliga-gelibler\\\/\"},\"wordCount\":495,\"publisher\":{\"@id\":\"https:\\\/\\\/www.meydan.tv\\\/az\\\/#organization\"},\"image\":{\"@id\":\"https:\\\/\\\/www.meydan.tv\\\/az\\\/article\\\/azerbaycanla-ermenistan-sulh-sazisinin-yekunlasdirilmasi-ucun-raziliga-gelibler\\\/#primaryimage\"},\"thumbnailUrl\":\"https:\\\/\\\/www.meydan.tv\\\/wp-content\\\/uploads\\\/screenshot-2024-07-10-at-22.43.12.png\",\"articleSection\":[\"Siyas\u0259t\",\"T\u00f6vsiy\u0259\",\"X\u0259b\u0259rl\u0259r\"],\"inLanguage\":\"az\"},{\"@type\":\"WebPage\",\"@id\":\"https:\\\/\\\/www.meydan.tv\\\/az\\\/article\\\/azerbaycanla-ermenistan-sulh-sazisinin-yekunlasdirilmasi-ucun-raziliga-gelibler\\\/\",\"url\":\"https:\\\/\\\/www.meydan.tv\\\/az\\\/article\\\/azerbaycanla-ermenistan-sulh-sazisinin-yekunlasdirilmasi-ucun-raziliga-gelibler\\\/\",\"name\":\"Az\u0259rbaycanla Erm\u0259nistan s\u00fclh sazi\u015finin yekunla\u015fmas\u0131 \u00fc\u00e7\u00fcn raz\u0131la\u015f\u0131blar\",\"isPartOf\":{\"@id\":\"https:\\\/\\\/www.meydan.tv\\\/az\\\/#website\"},\"primaryImageOfPage\":{\"@id\":\"https:\\\/\\\/www.meydan.tv\\\/az\\\/article\\\/azerbaycanla-ermenistan-sulh-sazisinin-yekunlasdirilmasi-ucun-raziliga-gelibler\\\/#primaryimage\"},\"image\":{\"@id\":\"https:\\\/\\\/www.meydan.tv\\\/az\\\/article\\\/azerbaycanla-ermenistan-sulh-sazisinin-yekunlasdirilmasi-ucun-raziliga-gelibler\\\/#primaryimage\"},\"thumbnailUrl\":\"https:\\\/\\\/www.meydan.tv\\\/wp-content\\\/uploads\\\/screenshot-2024-07-10-at-22.43.12.png\",\"datePublished\":\"2024-07-10T20:44:02+00:00\",\"dateModified\":\"2024-07-11T06:41:34+00:00\",\"description\":\"Va\u015finqtonda Entoni Blinkenin i\u015ftirak\u0131 il\u0259 Az\u0259rbaycan v\u0259 Erm\u0259nistan X\u0130N ba\u015f\u00e7\u0131lar\u0131 aras\u0131nda ba\u015f tutan \u00fc\u00e7t\u0259r\u0259fli g\u00f6r\u00fc\u015f yekunla\u015f\u0131b.\",\"breadcrumb\":{\"@id\":\"https:\\\/\\\/www.meydan.tv\\\/az\\\/article\\\/azerbaycanla-ermenistan-sulh-sazisinin-yekunlasdirilmasi-ucun-raziliga-gelibler\\\/#breadcrumb\"},\"inLanguage\":\"az\",\"potentialAction\":[{\"@type\":\"ReadAction\",\"target\":[\"https:\\\/\\\/www.meydan.tv\\\/az\\\/article\\\/azerbaycanla-ermenistan-sulh-sazisinin-yekunlasdirilmasi-ucun-raziliga-gelibler\\\/\"]}]},{\"@type\":\"ImageObject\",\"inLanguage\":\"az\",\"@id\":\"https:\\\/\\\/www.meydan.tv\\\/az\\\/article\\\/azerbaycanla-ermenistan-sulh-sazisinin-yekunlasdirilmasi-ucun-raziliga-gelibler\\\/#primaryimage\",\"url\":\"https:\\\/\\\/www.meydan.tv\\\/wp-content\\\/uploads\\\/screenshot-2024-07-10-at-22.43.12.png\",\"contentUrl\":\"https:\\\/\\\/www.meydan.tv\\\/wp-content\\\/uploads\\\/screenshot-2024-07-10-at-22.43.12.png\",\"width\":1848,\"height\":832,\"caption\":\"Foto: X\u0130N\"},{\"@type\":\"BreadcrumbList\",\"@id\":\"https:\\\/\\\/www.meydan.tv\\\/az\\\/article\\\/azerbaycanla-ermenistan-sulh-sazisinin-yekunlasdirilmasi-ucun-raziliga-gelibler\\\/#breadcrumb\",\"itemListElement\":[{\"@type\":\"ListItem\",\"position\":1,\"name\":\"Ana s\u0259hif\u0259\",\"item\":\"https:\\\/\\\/www.meydan.tv\\\/az\\\/\"},{\"@type\":\"ListItem\",\"position\":2,\"name\":\"X\u0259b\u0259rl\u0259r\",\"item\":\"https:\\\/\\\/www.meydan.tv\\\/az\\\/section\\\/xeberler\\\/\"},{\"@type\":\"ListItem\",\"position\":3,\"name\":\"Az\u0259rbaycanla Erm\u0259nistan s\u00fclh sazi\u015finin yekunla\u015fd\u0131r\u0131lmas\u0131 \u00fc\u00e7\u00fcn raz\u0131l\u0131\u011fa g\u0259libl\u0259r\"}]},{\"@type\":\"WebSite\",\"@id\":\"https:\\\/\\\/www.meydan.tv\\\/az\\\/#website\",\"url\":\"https:\\\/\\\/www.meydan.tv\\\/az\\\/\",\"name\":\"MEYDAN.TV\",\"description\":\"Meydan TV Az\u0259rbaycan\u0131n media m\u0259kan\u0131ndak\u0131 alternativ s\u0259sidir\",\"publisher\":{\"@id\":\"https:\\\/\\\/www.meydan.tv\\\/az\\\/#organization\"},\"potentialAction\":[{\"@type\":\"SearchAction\",\"target\":{\"@type\":\"EntryPoint\",\"urlTemplate\":\"https:\\\/\\\/www.meydan.tv\\\/az\\\/?s={search_term_string}\"},\"query-input\":{\"@type\":\"PropertyValueSpecification\",\"valueRequired\":true,\"valueName\":\"search_term_string\"}}],\"inLanguage\":\"az\"},{\"@type\":\"Organization\",\"@id\":\"https:\\\/\\\/www.meydan.tv\\\/az\\\/#organization\",\"name\":\"Meydan TV\",\"url\":\"https:\\\/\\\/www.meydan.tv\\\/az\\\/\",\"logo\":{\"@type\":\"ImageObject\",\"inLanguage\":\"az\",\"@id\":\"https:\\\/\\\/www.meydan.tv\\\/az\\\/#\\\/schema\\\/logo\\\/image\\\/\",\"url\":\"https:\\\/\\\/www.meydan.tv\\\/wp-content\\\/uploads\\\/2021\\\/07\\\/meydan-logo.svg\",\"contentUrl\":\"https:\\\/\\\/www.meydan.tv\\\/wp-content\\\/uploads\\\/2021\\\/07\\\/meydan-logo.svg\",\"width\":195,\"height\":46,\"caption\":\"Meydan TV\"},\"image\":{\"@id\":\"https:\\\/\\\/www.meydan.tv\\\/az\\\/#\\\/schema\\\/logo\\\/image\\\/\"}},{\"@type\":\"Person\",\"@id\":\"https:\\\/\\\/www.meydan.tv\\\/az\\\/#\\\/schema\\\/person\\\/476e9360e593fa131d5d71d51866f8da\",\"name\":\"aleks\"}]}<\/script>\n<!-- \/ Yoast SEO plugin. -->","yoast_head_json":{"title":"Az\u0259rbaycanla Erm\u0259nistan s\u00fclh sazi\u015finin yekunla\u015fmas\u0131 \u00fc\u00e7\u00fcn raz\u0131la\u015f\u0131blar","description":"Va\u015finqtonda Entoni Blinkenin i\u015ftirak\u0131 il\u0259 Az\u0259rbaycan v\u0259 Erm\u0259nistan X\u0130N ba\u015f\u00e7\u0131lar\u0131 aras\u0131nda ba\u015f tutan \u00fc\u00e7t\u0259r\u0259fli g\u00f6r\u00fc\u015f yekunla\u015f\u0131b.","robots":{"index":"index","follow":"follow","max-snippet":"max-snippet:-1","max-image-preview":"max-image-preview:large","max-video-preview":"max-video-preview:-1"},"canonical":"https:\/\/www.meydan.tv\/az\/article\/azerbaycanla-ermenistan-sulh-sazisinin-yekunlasdirilmasi-ucun-raziliga-gelibler\/","og_locale":"az_AZ","og_type":"article","og_title":"Az\u0259rbaycanla Erm\u0259nistan s\u00fclh sazi\u015finin yekunla\u015fmas\u0131 \u00fc\u00e7\u00fcn raz\u0131la\u015f\u0131blar","og_description":"Va\u015finqtonda Entoni Blinkenin i\u015ftirak\u0131 il\u0259 Az\u0259rbaycan v\u0259 Erm\u0259nistan X\u0130N ba\u015f\u00e7\u0131lar\u0131 aras\u0131nda ba\u015f tutan \u00fc\u00e7t\u0259r\u0259fli g\u00f6r\u00fc\u015f yekunla\u015f\u0131b.","og_url":"https:\/\/www.meydan.tv\/az\/article\/azerbaycanla-ermenistan-sulh-sazisinin-yekunlasdirilmasi-ucun-raziliga-gelibler\/","og_site_name":"MEYDAN.TV","article_published_time":"2024-07-10T20:44:02+00:00","article_modified_time":"2024-07-11T06:41:34+00:00","og_image":[{"width":1200,"height":540,"url":"https:\/\/www.meydan.tv\/wp-content\/uploads\/screenshot-2024-07-10-at-22.43.12-1200x540.png","type":"image\/png"}],"author":"aleks","twitter_card":"summary_large_image","schema":{"@context":"https:\/\/schema.org","@graph":[{"@type":"Article","@id":"https:\/\/www.meydan.tv\/az\/article\/azerbaycanla-ermenistan-sulh-sazisinin-yekunlasdirilmasi-ucun-raziliga-gelibler\/#article","isPartOf":{"@id":"https:\/\/www.meydan.tv\/az\/article\/azerbaycanla-ermenistan-sulh-sazisinin-yekunlasdirilmasi-ucun-raziliga-gelibler\/"},"author":{"name":"aleks","@id":"https:\/\/www.meydan.tv\/az\/#\/schema\/person\/476e9360e593fa131d5d71d51866f8da"},"headline":"Az\u0259rbaycanla Erm\u0259nistan s\u00fclh sazi\u015finin yekunla\u015fd\u0131r\u0131lmas\u0131 \u00fc\u00e7\u00fcn raz\u0131l\u0131\u011fa g\u0259libl\u0259r","datePublished":"2024-07-10T20:44:02+00:00","dateModified":"2024-07-11T06:41:34+00:00","mainEntityOfPage":{"@id":"https:\/\/www.meydan.tv\/az\/article\/azerbaycanla-ermenistan-sulh-sazisinin-yekunlasdirilmasi-ucun-raziliga-gelibler\/"},"wordCount":495,"publisher":{"@id":"https:\/\/www.meydan.tv\/az\/#organization"},"image":{"@id":"https:\/\/www.meydan.tv\/az\/article\/azerbaycanla-ermenistan-sulh-sazisinin-yekunlasdirilmasi-ucun-raziliga-gelibler\/#primaryimage"},"thumbnailUrl":"https:\/\/www.meydan.tv\/wp-content\/uploads\/screenshot-2024-07-10-at-22.43.12.png","articleSection":["Siyas\u0259t","T\u00f6vsiy\u0259","X\u0259b\u0259rl\u0259r"],"inLanguage":"az"},{"@type":"WebPage","@id":"https:\/\/www.meydan.tv\/az\/article\/azerbaycanla-ermenistan-sulh-sazisinin-yekunlasdirilmasi-ucun-raziliga-gelibler\/","url":"https:\/\/www.meydan.tv\/az\/article\/azerbaycanla-ermenistan-sulh-sazisinin-yekunlasdirilmasi-ucun-raziliga-gelibler\/","name":"Az\u0259rbaycanla Erm\u0259nistan s\u00fclh sazi\u015finin yekunla\u015fmas\u0131 \u00fc\u00e7\u00fcn raz\u0131la\u015f\u0131blar","isPartOf":{"@id":"https:\/\/www.meydan.tv\/az\/#website"},"primaryImageOfPage":{"@id":"https:\/\/www.meydan.tv\/az\/article\/azerbaycanla-ermenistan-sulh-sazisinin-yekunlasdirilmasi-ucun-raziliga-gelibler\/#primaryimage"},"image":{"@id":"https:\/\/www.meydan.tv\/az\/article\/azerbaycanla-ermenistan-sulh-sazisinin-yekunlasdirilmasi-ucun-raziliga-gelibler\/#primaryimage"},"thumbnailUrl":"https:\/\/www.meydan.tv\/wp-content\/uploads\/screenshot-2024-07-10-at-22.43.12.png","datePublished":"2024-07-10T20:44:02+00:00","dateModified":"2024-07-11T06:41:34+00:00","description":"Va\u015finqtonda Entoni Blinkenin i\u015ftirak\u0131 il\u0259 Az\u0259rbaycan v\u0259 Erm\u0259nistan X\u0130N ba\u015f\u00e7\u0131lar\u0131 aras\u0131nda ba\u015f tutan \u00fc\u00e7t\u0259r\u0259fli g\u00f6r\u00fc\u015f yekunla\u015f\u0131b.","breadcrumb":{"@id":"https:\/\/www.meydan.tv\/az\/article\/azerbaycanla-ermenistan-sulh-sazisinin-yekunlasdirilmasi-ucun-raziliga-gelibler\/#breadcrumb"},"inLanguage":"az","potentialAction":[{"@type":"ReadAction","target":["https:\/\/www.meydan.tv\/az\/article\/azerbaycanla-ermenistan-sulh-sazisinin-yekunlasdirilmasi-ucun-raziliga-gelibler\/"]}]},{"@type":"ImageObject","inLanguage":"az","@id":"https:\/\/www.meydan.tv\/az\/article\/azerbaycanla-ermenistan-sulh-sazisinin-yekunlasdirilmasi-ucun-raziliga-gelibler\/#primaryimage","url":"https:\/\/www.meydan.tv\/wp-content\/uploads\/screenshot-2024-07-10-at-22.43.12.png","contentUrl":"https:\/\/www.meydan.tv\/wp-content\/uploads\/screenshot-2024-07-10-at-22.43.12.png","width":1848,"height":832,"caption":"Foto: X\u0130N"},{"@type":"BreadcrumbList","@id":"https:\/\/www.meydan.tv\/az\/article\/azerbaycanla-ermenistan-sulh-sazisinin-yekunlasdirilmasi-ucun-raziliga-gelibler\/#breadcrumb","itemListElement":[{"@type":"ListItem","position":1,"name":"Ana s\u0259hif\u0259","item":"https:\/\/www.meydan.tv\/az\/"},{"@type":"ListItem","position":2,"name":"X\u0259b\u0259rl\u0259r","item":"https:\/\/www.meydan.tv\/az\/section\/xeberler\/"},{"@type":"ListItem","position":3,"name":"Az\u0259rbaycanla Erm\u0259nistan s\u00fclh sazi\u015finin yekunla\u015fd\u0131r\u0131lmas\u0131 \u00fc\u00e7\u00fcn raz\u0131l\u0131\u011fa g\u0259libl\u0259r"}]},{"@type":"WebSite","@id":"https:\/\/www.meydan.tv\/az\/#website","url":"https:\/\/www.meydan.tv\/az\/","name":"MEYDAN.TV","description":"Meydan TV Az\u0259rbaycan\u0131n media m\u0259kan\u0131ndak\u0131 alternativ s\u0259sidir","publisher":{"@id":"https:\/\/www.meydan.tv\/az\/#organization"},"potentialAction":[{"@type":"SearchAction","target":{"@type":"EntryPoint","urlTemplate":"https:\/\/www.meydan.tv\/az\/?s={search_term_string}"},"query-input":{"@type":"PropertyValueSpecification","valueRequired":true,"valueName":"search_term_string"}}],"inLanguage":"az"},{"@type":"Organization","@id":"https:\/\/www.meydan.tv\/az\/#organization","name":"Meydan TV","url":"https:\/\/www.meydan.tv\/az\/","logo":{"@type":"ImageObject","inLanguage":"az","@id":"https:\/\/www.meydan.tv\/az\/#\/schema\/logo\/image\/","url":"https:\/\/www.meydan.tv\/wp-content\/uploads\/2021\/07\/meydan-logo.svg","contentUrl":"https:\/\/www.meydan.tv\/wp-content\/uploads\/2021\/07\/meydan-logo.svg","width":195,"height":46,"caption":"Meydan TV"},"image":{"@id":"https:\/\/www.meydan.tv\/az\/#\/schema\/logo\/image\/"}},{"@type":"Person","@id":"https:\/\/www.meydan.tv\/az\/#\/schema\/person\/476e9360e593fa131d5d71d51866f8da","name":"aleks"}]}},"_links":{"self":[{"href":"https:\/\/www.meydan.tv\/az\/wp-json\/wp\/v2\/posts\/309965","targetHints":{"allow":["GET"]}}],"collection":[{"href":"https:\/\/www.meydan.tv\/az\/wp-json\/wp\/v2\/posts"}],"about":[{"href":"https:\/\/www.meydan.tv\/az\/wp-json\/wp\/v2\/types\/post"}],"author":[{"embeddable":true,"href":"https:\/\/www.meydan.tv\/az\/wp-json\/wp\/v2\/users\/12"}],"replies":[{"embeddable":true,"href":"https:\/\/www.meydan.tv\/az\/wp-json\/wp\/v2\/comments?post=309965"}],"version-history":[{"count":3,"href":"https:\/\/www.meydan.tv\/az\/wp-json\/wp\/v2\/posts\/309965\/revisions"}],"predecessor-version":[{"id":309987,"href":"https:\/\/www.meydan.tv\/az\/wp-json\/wp\/v2\/posts\/309965\/revisions\/309987"}],"wp:featuredmedia":[{"embeddable":true,"href":"https:\/\/www.meydan.tv\/az\/wp-json\/wp\/v2\/media\/309976"}],"wp:attachment":[{"href":"https:\/\/www.meydan.tv\/az\/wp-json\/wp\/v2\/media?parent=309965"}],"wp:term":[{"taxonomy":"category","embeddable":true,"href":"https:\/\/www.meydan.tv\/az\/wp-json\/wp\/v2\/categories?post=309965"},{"taxonomy":"post_tag","embeddable":true,"href":"https:\/\/www.meydan.tv\/az\/wp-json\/wp\/v2\/tags?post=309965"}],"curies":[{"name":"wp","href":"https:\/\/api.w.org\/{rel}","templated":true}]}}