{"id":309935,"date":"2024-07-10T15:53:55","date_gmt":"2024-07-10T11:53:55","guid":{"rendered":"https:\/\/www.meydan.tv\/?p=309935"},"modified":"2024-07-10T15:53:58","modified_gmt":"2024-07-10T11:53:58","slug":"ozunu-yandiran-qazinin-anasi-hebsden-qorxdugu-ucun-ozune-qesd-edib","status":"publish","type":"post","link":"https:\/\/www.meydan.tv\/az\/article\/ozunu-yandiran-qazinin-anasi-hebsden-qorxdugu-ucun-ozune-qesd-edib\/","title":{"rendered":"\u00d6z\u00fcn\u00fc yand\u0131ran qazinin anas\u0131: &#8220;H\u0259bsd\u0259n qorxdu\u011fu \u00fc\u00e7\u00fcn \u00f6z\u00fcn\u0259 q\u0259sd edib&#8221;"},"content":{"rendered":"\n<p><\/p>\n\n\n\n<p><strong><em>Z\u00fclfiyy\u0259 \u018fliyeva deyir ki, q\u0131z\u0131n ail\u0259si Elnur \u018fliyevd\u0259n\u00a011 min manat v\u0259 ev t\u0259l\u0259b edib<\/em><\/strong><\/p>\n\n\n\n<p>\u0130yulun 9-da \u00f6z\u00fcn\u00fc yand\u0131ran C\u0259lilabad\u0131n G\u00f6yt\u0259p\u0259 \u015f\u0259h\u0259r sakini, \u0130kinci Qaraba\u011f m\u00fcharib\u0259si qazisi Elnur Eynulla o\u011flu \u018fliyevin anas\u0131 Z\u00fclfiyy\u0259 \u018fliyeva Meydan TV-y\u0259 dan\u0131\u015f\u0131b.<\/p>\n\n\n\n<p>Valideyinin s\u00f6zl\u0259rin\u0259 g\u00f6r\u0259, Elnur \u00f6z\u00fcn\u00fc 6 ay v\u0259t\u0259nda\u015f nikah\u0131nda ya\u015fad\u0131\u011f\u0131 h\u0259yat yolda\u015f\u0131n\u0131n ail\u0259si t\u0259r\u0259find\u0259n m\u0259hk\u0259m\u0259y\u0259 veril\u0259nd\u0259n sonra yand\u0131r\u0131b.<\/p>\n\n\n\n<p>O, h\u0259sxanaya d\u00fc\u015f\u0259c\u0259yind\u0259n qorxdu\u011fu \u00fc\u00e7\u00fcn bu add\u0131m\u0131 at\u0131b:<\/p>\n\n\n\n<p><em>\u201cElnur Masall\u0131dan bir q\u0131zla ni\u015fanlanm\u0131\u015fd\u0131. Sonradan q\u0131z\u0131 anas\u0131 ba\u015fqas\u0131na verm\u0259k ist\u0259yib. Q\u0131z da evd\u0259n qa\u00e7araq Elnurun yan\u0131na g\u0259lib. Deyib ki, anam m\u0259ni ba\u015fqas\u0131na verir. Elnur bunu yan\u0131nda saxlay\u0131b, 6 ay arvad\u0131 olub. Lakin ana g\u00fcnd\u0259 Elnurun \u00fcst\u00fcn\u0259 g\u0259lirdi ki, s\u0259ni tutduraca\u011fam. Q\u0131z\u0131m d\u0259lidir, onu qa\u00e7\u0131rm\u0131san. Lakin q\u0131z \u00f6z\u00fc k\u00f6n\u00fcll\u00fc g\u0259lmi\u015fdi. Ax\u0131rda Elnur q\u0131z\u0131 valideynin\u0259 verdi. Dedi ki, daha bezmi\u015f\u0259m, insanlar aras\u0131nda biab\u0131r olmu\u015fam\u201d<\/em>.<\/p>\n\n\n\n<p>Z\u00fclfiyy\u0259 \u018fliyevan\u0131n s\u00f6zl\u0259rin\u0259 g\u00f6r\u0259, anas\u0131 q\u0131z\u0131n\u0131 aparandan sonra r\u0259smi nikah olmad\u0131\u011f\u0131 \u00fc\u00e7\u00fcn Elnurdan C\u0259lilabad Rayon M\u0259hk\u0259m\u0259sin\u0259 \u015fikay\u0259t edib.<\/p>\n\n\n\n<p>Bildirdiyin\u0259 g\u00f6r\u0259, qar\u015f\u0131 t\u0259r\u0259f o\u011flundan 11 min manat v\u0259 ev t\u0259l\u0259b edir:<\/p>\n\n\n\n<p><em>\u201cElnurun evi yoxdur, pal\u00e7\u0131qdan k\u0259rpicl\u0259 tikilib. D\u00f6vl\u0259t qazi olaraq ona ev verm\u0259yib. H\u0259l\u0259 ki, m\u0259nzil qeydiyyat\u0131ndad\u0131r. N\u00f6vb\u0259ti m\u0259hk\u0259m\u0259 prosesi avqustun 20-d\u0259 olmal\u0131 idi. \u0130ki n\u0259f\u0259r qazi Elnurun beynini doldurublar. Deyibl\u0259r ki, s\u0259ni zorlamaya g\u00f6r\u0259 h\u0259bs ets\u0259l\u0259r, h\u0259bsxanada ba\u015f\u0131na pis oyun a\u00e7acaqlar. Ona g\u00f6r\u0259 d\u0259 \u0259n yax\u015f\u0131s\u0131 \u00f6z\u00fcn\u00fc yand\u0131r. Elnur da qazil\u0259r\u0259 \u00fcz qaras\u0131 olmas\u0131n dey\u0259 \u00f6z\u00fcn\u00fc \u0130cra Hakimiyy\u0259tinin qar\u015f\u0131s\u0131nda yand\u0131r\u0131b. Kamera g\u00f6r\u00fcnt\u00fcl\u0259rini \u00e7\u0131xar\u0131blar ki, iki n\u0259f\u0259r \u201cVAZ 2107\u201d markal\u0131 avtomobill\u0259 \u0130cra Hakimiyy\u0259tinin binas\u0131 qar\u015f\u0131s\u0131na g\u0259lib, ona benzin v\u0259 kibrit veribl\u0259r ki, \u00f6z\u00fcn\u00fc yand\u0131rs\u0131n. H\u0259min g\u00f6r\u00fcnt\u00fcl\u0259r istintaq t\u0259r\u0259find\u0259n ara\u015fd\u0131r\u0131l\u0131r\u201d<\/em>.<\/p>\n\n\n\n<p>Z\u00fclfiyy\u0259 \u018fliyeva o\u011flu il\u0259 v\u0259t\u0259nda\u015f nikah\u0131nda ya\u015fayan qad\u0131n v\u0259 ail\u0259si bar\u0259d\u0259 m\u0259lumat verm\u0259yib.<\/p>\n\n\n\n<p>Ail\u0259y\u0259 yax\u0131n oldu\u011funu dey\u0259n Orxan Aslan adl\u0131 v\u0259t\u0259nda\u015f\u0131n Meydan TV-y\u0259 dediyin\u0259 g\u00f6r\u0259, Elnur \u018fliyev d\u00f6y\u00fc\u015fl\u0259rd\u0259 ald\u0131\u011f\u0131 beyin x\u0259sar\u0259tin\u0259 g\u00f6r\u0259, Ma\u015fta\u011fa ruhi \u0259s\u0259b dispanserind\u0259 m\u00fcalic\u0259d\u0259n yeni \u00e7\u0131x\u0131bm\u0131\u015f.<\/p>\n\n\n\n<p>C\u0259lilabad Rayon \u0130cra Hakimiyy\u0259tinin V\u0259t\u0259n m\u00fcharib\u0259si i\u015ftirak\u00e7\u0131lar\u0131 v\u0259 \u015f\u0259hid ail\u0259l\u0259ri il\u0259 i\u015fin t\u0259\u015fkili \u015f\u00f6b\u0259sinin b\u00f6y\u00fck m\u0259sl\u0259h\u0259t\u00e7isi Emil \u015e\u0259mm\u0259dov \u201cOxu.Az\u201da <a href=\"https:\/\/oxu.az\/cemiyyet\/qiz-qaciran-qazi-ozunu-yandirib-teferruat\" target=\"_blank\" rel=\"noreferrer noopener\">bildirib<\/a> ki, hadis\u0259 ba\u015f ver\u0259n g\u00fcn Elnur \u018fliyev tutulaca\u011f\u0131n\u0131 d\u00fc\u015f\u00fcn\u0259r\u0259k t\u0259la\u015flan\u0131b:<\/p>\n\n\n\n<p><em>\u201cElnur \u018fliyev V\u0259t\u0259n m\u00fcharib\u0259si i\u015ftirak\u00e7\u0131s\u0131d\u0131r, \u201cSuqovu\u015fan\u0131n azad olunmas\u0131na g\u00f6r\u0259\u201d medal\u0131 il\u0259 t\u0259ltif olunub. Onu iyulun 9-da q\u0259bul etmi\u015fdim, t\u0259la\u015fland\u0131\u011f\u0131 m\u0259s\u0259l\u0259 il\u0259 ba\u011fl\u0131 h\u00fcquq\u015f\u00fcnas yolda\u015flarla dan\u0131\u015fd\u0131m. Yan\u0131nda da dedil\u0259r ki, onun h\u0259bs olunmas\u0131 il\u0259 ba\u011fl\u0131 m\u0259s\u0259l\u0259 ola bilm\u0259z. Sakitl\u0259\u015fib getdi. Amma \u00fcz\u0259rind\u0259n 10 d\u0259qiq\u0259 ke\u00e7mi\u015fdi, s\u0259h\u0259r saat 11 rad\u0259l\u0259rind\u0259 C\u0259lilabad Rayon M\u0259\u015f\u011fulluq Xidm\u0259tinin qar\u015f\u0131s\u0131nda \u00f6z\u00fcn\u00fc yand\u0131raraq intihara c\u0259hd edib. Onun psixoloji durumu da bir q\u0259d\u0259r stabil deyil, h\u0259mi\u015f\u0259 ona h\u0259ssasl\u0131qla yana\u015fm\u0131\u015f\u0131q. T\u0259\u0259ss\u00fcf ki, bel\u0259 bir hadis\u0259 ya\u015fand\u0131. C\u0259lilabad Rayon \u0130cra Hakimiyy\u0259ti t\u0259r\u0259find\u0259n ona d\u0259f\u0259l\u0259rl\u0259 maddi yard\u0131m olunub. Y\u0259ni onun problemi m\u0259hk\u0259m\u0259 il\u0259 ba\u011fl\u0131 olub, tutulmaqdan qorxub\u201d<\/em>.<\/p>\n\n\n\n<p>Elnur \u018fliyev iyulun 9-da C\u0259lilabad Rayon \u0130cra Hakimiyy\u0259ti qar\u015f\u0131s\u0131nda \u00f6z\u00fcn\u00fc yand\u0131r\u0131b.<\/p>\n\n\n\n<p>Tibbi \u018frazi B\u00f6lm\u0259l\u0259rini \u0130dar\u0259etm\u0259 Birliyind\u0259n (T\u018fB\u0130B) Meydan TV-y\u0259 bildirilib ki, 09.07.2024-c\u00fc il tarixind\u0259 saat 14:55-d\u0259 1999-cu il t\u0259v\u0259ll\u00fcdl\u00fc (ki\u015fi cinsli) \u015f\u0259xs yan\u0131q x\u0259sar\u0259ti il\u0259 N\u0259rimanov Tibb M\u0259rk\u0259zinin n\u0259zdind\u0259 f\u0259aliyy\u0259t g\u00f6st\u0259r\u0259n Yan\u0131q M\u0259rk\u0259zin\u0259 hospitalizasiya olunub.<\/p>\n\n\n\n<p>Bildirilib ki, ona boyun, g\u00f6vd\u0259nin yan s\u0259thl\u0259ri v\u0259 h\u0259r iki yuxar\u0131 \u0259traflar\u0131n III d\u0259r\u0259c\u0259li termiki yan\u0131\u011f\u0131 diaqnozu t\u0259yin edilib.<\/p>\n\n\n\n<p>Haz\u0131rda v\u0259ziyy\u0259ti orta a\u011f\u0131r qiym\u0259tl\u0259ndirilir.<\/p>\n\n\n\n<p>Faktla ba\u011fl\u0131 C\u0259lilabad Rayon Prokurorlu\u011funda ara\u015fd\u0131rma apar\u0131l\u0131r.<\/p>\n\n\n\n<p>Ara\u015fd\u0131rman\u0131n n\u0259tic\u0259sind\u0259n as\u0131l\u0131 olaraq h\u00fcquqi qiym\u0259t veril\u0259c\u0259k.<\/p>\n","protected":false},"excerpt":{"rendered":"<p>Z\u00fclfiyy\u0259 \u018fliyeva deyir ki, q\u0131z\u0131n ail\u0259si Elnur \u018fliyevd\u0259n\u00a011 min manat &#8230; <\/p>\n<p class=\"read-more-container\"><a title=\"\u00d6z\u00fcn\u00fc yand\u0131ran qazinin anas\u0131: &#8220;H\u0259bsd\u0259n qorxdu\u011fu \u00fc\u00e7\u00fcn \u00f6z\u00fcn\u0259 q\u0259sd edib&#8221;\" class=\"read-more button\" href=\"https:\/\/www.meydan.tv\/az\/article\/ozunu-yandiran-qazinin-anasi-hebsden-qorxdugu-ucun-ozune-qesd-edib\/#more-309935\" aria-label=\"Read more about \u00d6z\u00fcn\u00fc yand\u0131ran qazinin anas\u0131: &#8220;H\u0259bsd\u0259n qorxdu\u011fu \u00fc\u00e7\u00fcn \u00f6z\u00fcn\u0259 q\u0259sd edib&#8221;\">Davam\u0131<\/a><\/p>\n","protected":false},"author":21,"featured_media":278428,"comment_status":"closed","ping_status":"closed","sticky":false,"template":"","format":"standard","meta":{"_acf_changed":false,"_sitemap_exclude":false,"_sitemap_priority":"","_sitemap_frequency":"","footnotes":""},"categories":[60,62,79,56],"tags":[],"class_list":["post-309935","post","type-post","status-publish","format-standard","has-post-thumbnail","hentry","category-bolge","category-sosial","category-featured","category-xeberler","infinite-scroll-item","generate-columns","tablet-grid-50","mobile-grid-100","grid-parent","grid-33","no-featured-image-padding"],"acf":[],"yoast_head":"<!-- This site is optimized with the Yoast SEO plugin v27.4 - https:\/\/yoast.com\/product\/yoast-seo-wordpress\/ -->\n<title>\u00d6z\u00fcn\u00fc yand\u0131ran qazinin anas\u0131 dan\u0131\u015fd\u0131<\/title>\n<meta name=\"description\" content=\"Elnur Eynulla o\u011flu \u018fliyevin anas\u0131 Z\u00fclfiyy\u0259 \u018fliyeva Meydan TV-y\u0259 deyib ki, o\u011flu h\u0259bsd\u0259n qorxdu\u011fu \u00fc\u00e7\u00fcn \u00f6z\u00fcn\u00fc yand\u0131r\u0131b.\" \/>\n<meta name=\"robots\" content=\"index, follow, max-snippet:-1, max-image-preview:large, max-video-preview:-1\" \/>\n<link rel=\"canonical\" href=\"https:\/\/www.meydan.tv\/az\/article\/ozunu-yandiran-qazinin-anasi-hebsden-qorxdugu-ucun-ozune-qesd-edib\/\" \/>\n<meta property=\"og:locale\" content=\"az_AZ\" \/>\n<meta property=\"og:type\" content=\"article\" \/>\n<meta property=\"og:title\" content=\"\u00d6z\u00fcn\u00fc yand\u0131ran qazinin anas\u0131 dan\u0131\u015fd\u0131\" \/>\n<meta property=\"og:description\" content=\"Elnur Eynulla o\u011flu \u018fliyevin anas\u0131 Z\u00fclfiyy\u0259 \u018fliyeva Meydan TV-y\u0259 deyib ki, o\u011flu h\u0259bsd\u0259n qorxdu\u011fu \u00fc\u00e7\u00fcn \u00f6z\u00fcn\u00fc yand\u0131r\u0131b.\" \/>\n<meta property=\"og:url\" content=\"https:\/\/www.meydan.tv\/az\/article\/ozunu-yandiran-qazinin-anasi-hebsden-qorxdugu-ucun-ozune-qesd-edib\/\" \/>\n<meta property=\"og:site_name\" content=\"MEYDAN.TV\" \/>\n<meta property=\"article:published_time\" content=\"2024-07-10T11:53:55+00:00\" \/>\n<meta property=\"article:modified_time\" content=\"2024-07-10T11:53:58+00:00\" \/>\n<meta property=\"og:image\" content=\"https:\/\/www.meydan.tv\/wp-content\/uploads\/1643092668_1643092616190.png\" \/>\n\t<meta property=\"og:image:width\" content=\"1200\" \/>\n\t<meta property=\"og:image:height\" content=\"664\" \/>\n\t<meta property=\"og:image:type\" content=\"image\/png\" \/>\n<meta name=\"author\" content=\"mahmud\" \/>\n<meta name=\"twitter:card\" content=\"summary_large_image\" \/>\n<script type=\"application\/ld+json\" class=\"yoast-schema-graph\">{\"@context\":\"https:\\\/\\\/schema.org\",\"@graph\":[{\"@type\":\"Article\",\"@id\":\"https:\\\/\\\/www.meydan.tv\\\/az\\\/article\\\/ozunu-yandiran-qazinin-anasi-hebsden-qorxdugu-ucun-ozune-qesd-edib\\\/#article\",\"isPartOf\":{\"@id\":\"https:\\\/\\\/www.meydan.tv\\\/az\\\/article\\\/ozunu-yandiran-qazinin-anasi-hebsden-qorxdugu-ucun-ozune-qesd-edib\\\/\"},\"author\":{\"name\":\"mahmud\",\"@id\":\"https:\\\/\\\/www.meydan.tv\\\/az\\\/#\\\/schema\\\/person\\\/09863e516102a829e72bedcf3f84c6b0\"},\"headline\":\"\u00d6z\u00fcn\u00fc yand\u0131ran qazinin anas\u0131: &#8220;H\u0259bsd\u0259n qorxdu\u011fu \u00fc\u00e7\u00fcn \u00f6z\u00fcn\u0259 q\u0259sd edib&#8221;\",\"datePublished\":\"2024-07-10T11:53:55+00:00\",\"dateModified\":\"2024-07-10T11:53:58+00:00\",\"mainEntityOfPage\":{\"@id\":\"https:\\\/\\\/www.meydan.tv\\\/az\\\/article\\\/ozunu-yandiran-qazinin-anasi-hebsden-qorxdugu-ucun-ozune-qesd-edib\\\/\"},\"wordCount\":874,\"publisher\":{\"@id\":\"https:\\\/\\\/www.meydan.tv\\\/az\\\/#organization\"},\"image\":{\"@id\":\"https:\\\/\\\/www.meydan.tv\\\/az\\\/article\\\/ozunu-yandiran-qazinin-anasi-hebsden-qorxdugu-ucun-ozune-qesd-edib\\\/#primaryimage\"},\"thumbnailUrl\":\"https:\\\/\\\/www.meydan.tv\\\/wp-content\\\/uploads\\\/1643092668_1643092616190.png\",\"articleSection\":[\"B\u00f6lg\u0259\",\"Sosial\",\"T\u00f6vsiy\u0259\",\"X\u0259b\u0259rl\u0259r\"],\"inLanguage\":\"az\"},{\"@type\":\"WebPage\",\"@id\":\"https:\\\/\\\/www.meydan.tv\\\/az\\\/article\\\/ozunu-yandiran-qazinin-anasi-hebsden-qorxdugu-ucun-ozune-qesd-edib\\\/\",\"url\":\"https:\\\/\\\/www.meydan.tv\\\/az\\\/article\\\/ozunu-yandiran-qazinin-anasi-hebsden-qorxdugu-ucun-ozune-qesd-edib\\\/\",\"name\":\"\u00d6z\u00fcn\u00fc yand\u0131ran qazinin anas\u0131 dan\u0131\u015fd\u0131\",\"isPartOf\":{\"@id\":\"https:\\\/\\\/www.meydan.tv\\\/az\\\/#website\"},\"primaryImageOfPage\":{\"@id\":\"https:\\\/\\\/www.meydan.tv\\\/az\\\/article\\\/ozunu-yandiran-qazinin-anasi-hebsden-qorxdugu-ucun-ozune-qesd-edib\\\/#primaryimage\"},\"image\":{\"@id\":\"https:\\\/\\\/www.meydan.tv\\\/az\\\/article\\\/ozunu-yandiran-qazinin-anasi-hebsden-qorxdugu-ucun-ozune-qesd-edib\\\/#primaryimage\"},\"thumbnailUrl\":\"https:\\\/\\\/www.meydan.tv\\\/wp-content\\\/uploads\\\/1643092668_1643092616190.png\",\"datePublished\":\"2024-07-10T11:53:55+00:00\",\"dateModified\":\"2024-07-10T11:53:58+00:00\",\"description\":\"Elnur Eynulla o\u011flu \u018fliyevin anas\u0131 Z\u00fclfiyy\u0259 \u018fliyeva Meydan TV-y\u0259 deyib ki, o\u011flu h\u0259bsd\u0259n qorxdu\u011fu \u00fc\u00e7\u00fcn \u00f6z\u00fcn\u00fc yand\u0131r\u0131b.\",\"breadcrumb\":{\"@id\":\"https:\\\/\\\/www.meydan.tv\\\/az\\\/article\\\/ozunu-yandiran-qazinin-anasi-hebsden-qorxdugu-ucun-ozune-qesd-edib\\\/#breadcrumb\"},\"inLanguage\":\"az\",\"potentialAction\":[{\"@type\":\"ReadAction\",\"target\":[\"https:\\\/\\\/www.meydan.tv\\\/az\\\/article\\\/ozunu-yandiran-qazinin-anasi-hebsden-qorxdugu-ucun-ozune-qesd-edib\\\/\"]}]},{\"@type\":\"ImageObject\",\"inLanguage\":\"az\",\"@id\":\"https:\\\/\\\/www.meydan.tv\\\/az\\\/article\\\/ozunu-yandiran-qazinin-anasi-hebsden-qorxdugu-ucun-ozune-qesd-edib\\\/#primaryimage\",\"url\":\"https:\\\/\\\/www.meydan.tv\\\/wp-content\\\/uploads\\\/1643092668_1643092616190.png\",\"contentUrl\":\"https:\\\/\\\/www.meydan.tv\\\/wp-content\\\/uploads\\\/1643092668_1643092616190.png\",\"width\":1200,\"height\":664,\"caption\":\"Foto: C\u0259lilabad rayon \u0130cra Hakimiyy\u0259ti\"},{\"@type\":\"BreadcrumbList\",\"@id\":\"https:\\\/\\\/www.meydan.tv\\\/az\\\/article\\\/ozunu-yandiran-qazinin-anasi-hebsden-qorxdugu-ucun-ozune-qesd-edib\\\/#breadcrumb\",\"itemListElement\":[{\"@type\":\"ListItem\",\"position\":1,\"name\":\"Ana s\u0259hif\u0259\",\"item\":\"https:\\\/\\\/www.meydan.tv\\\/az\\\/\"},{\"@type\":\"ListItem\",\"position\":2,\"name\":\"Sosial\",\"item\":\"https:\\\/\\\/www.meydan.tv\\\/az\\\/section\\\/sosial\\\/\"},{\"@type\":\"ListItem\",\"position\":3,\"name\":\"\u00d6z\u00fcn\u00fc yand\u0131ran qazinin anas\u0131: &#8220;H\u0259bsd\u0259n qorxdu\u011fu \u00fc\u00e7\u00fcn \u00f6z\u00fcn\u0259 q\u0259sd edib&#8221;\"}]},{\"@type\":\"WebSite\",\"@id\":\"https:\\\/\\\/www.meydan.tv\\\/az\\\/#website\",\"url\":\"https:\\\/\\\/www.meydan.tv\\\/az\\\/\",\"name\":\"MEYDAN.TV\",\"description\":\"Meydan TV Az\u0259rbaycan\u0131n media m\u0259kan\u0131ndak\u0131 alternativ s\u0259sidir\",\"publisher\":{\"@id\":\"https:\\\/\\\/www.meydan.tv\\\/az\\\/#organization\"},\"potentialAction\":[{\"@type\":\"SearchAction\",\"target\":{\"@type\":\"EntryPoint\",\"urlTemplate\":\"https:\\\/\\\/www.meydan.tv\\\/az\\\/?s={search_term_string}\"},\"query-input\":{\"@type\":\"PropertyValueSpecification\",\"valueRequired\":true,\"valueName\":\"search_term_string\"}}],\"inLanguage\":\"az\"},{\"@type\":\"Organization\",\"@id\":\"https:\\\/\\\/www.meydan.tv\\\/az\\\/#organization\",\"name\":\"Meydan TV\",\"url\":\"https:\\\/\\\/www.meydan.tv\\\/az\\\/\",\"logo\":{\"@type\":\"ImageObject\",\"inLanguage\":\"az\",\"@id\":\"https:\\\/\\\/www.meydan.tv\\\/az\\\/#\\\/schema\\\/logo\\\/image\\\/\",\"url\":\"https:\\\/\\\/www.meydan.tv\\\/wp-content\\\/uploads\\\/2021\\\/07\\\/meydan-logo.svg\",\"contentUrl\":\"https:\\\/\\\/www.meydan.tv\\\/wp-content\\\/uploads\\\/2021\\\/07\\\/meydan-logo.svg\",\"width\":195,\"height\":46,\"caption\":\"Meydan TV\"},\"image\":{\"@id\":\"https:\\\/\\\/www.meydan.tv\\\/az\\\/#\\\/schema\\\/logo\\\/image\\\/\"}},{\"@type\":\"Person\",\"@id\":\"https:\\\/\\\/www.meydan.tv\\\/az\\\/#\\\/schema\\\/person\\\/09863e516102a829e72bedcf3f84c6b0\",\"name\":\"mahmud\"}]}<\/script>\n<!-- \/ Yoast SEO plugin. -->","yoast_head_json":{"title":"\u00d6z\u00fcn\u00fc yand\u0131ran qazinin anas\u0131 dan\u0131\u015fd\u0131","description":"Elnur Eynulla o\u011flu \u018fliyevin anas\u0131 Z\u00fclfiyy\u0259 \u018fliyeva Meydan TV-y\u0259 deyib ki, o\u011flu h\u0259bsd\u0259n qorxdu\u011fu \u00fc\u00e7\u00fcn \u00f6z\u00fcn\u00fc yand\u0131r\u0131b.","robots":{"index":"index","follow":"follow","max-snippet":"max-snippet:-1","max-image-preview":"max-image-preview:large","max-video-preview":"max-video-preview:-1"},"canonical":"https:\/\/www.meydan.tv\/az\/article\/ozunu-yandiran-qazinin-anasi-hebsden-qorxdugu-ucun-ozune-qesd-edib\/","og_locale":"az_AZ","og_type":"article","og_title":"\u00d6z\u00fcn\u00fc yand\u0131ran qazinin anas\u0131 dan\u0131\u015fd\u0131","og_description":"Elnur Eynulla o\u011flu \u018fliyevin anas\u0131 Z\u00fclfiyy\u0259 \u018fliyeva Meydan TV-y\u0259 deyib ki, o\u011flu h\u0259bsd\u0259n qorxdu\u011fu \u00fc\u00e7\u00fcn \u00f6z\u00fcn\u00fc yand\u0131r\u0131b.","og_url":"https:\/\/www.meydan.tv\/az\/article\/ozunu-yandiran-qazinin-anasi-hebsden-qorxdugu-ucun-ozune-qesd-edib\/","og_site_name":"MEYDAN.TV","article_published_time":"2024-07-10T11:53:55+00:00","article_modified_time":"2024-07-10T11:53:58+00:00","og_image":[{"width":1200,"height":664,"url":"https:\/\/www.meydan.tv\/wp-content\/uploads\/1643092668_1643092616190.png","type":"image\/png"}],"author":"mahmud","twitter_card":"summary_large_image","schema":{"@context":"https:\/\/schema.org","@graph":[{"@type":"Article","@id":"https:\/\/www.meydan.tv\/az\/article\/ozunu-yandiran-qazinin-anasi-hebsden-qorxdugu-ucun-ozune-qesd-edib\/#article","isPartOf":{"@id":"https:\/\/www.meydan.tv\/az\/article\/ozunu-yandiran-qazinin-anasi-hebsden-qorxdugu-ucun-ozune-qesd-edib\/"},"author":{"name":"mahmud","@id":"https:\/\/www.meydan.tv\/az\/#\/schema\/person\/09863e516102a829e72bedcf3f84c6b0"},"headline":"\u00d6z\u00fcn\u00fc yand\u0131ran qazinin anas\u0131: &#8220;H\u0259bsd\u0259n qorxdu\u011fu \u00fc\u00e7\u00fcn \u00f6z\u00fcn\u0259 q\u0259sd edib&#8221;","datePublished":"2024-07-10T11:53:55+00:00","dateModified":"2024-07-10T11:53:58+00:00","mainEntityOfPage":{"@id":"https:\/\/www.meydan.tv\/az\/article\/ozunu-yandiran-qazinin-anasi-hebsden-qorxdugu-ucun-ozune-qesd-edib\/"},"wordCount":874,"publisher":{"@id":"https:\/\/www.meydan.tv\/az\/#organization"},"image":{"@id":"https:\/\/www.meydan.tv\/az\/article\/ozunu-yandiran-qazinin-anasi-hebsden-qorxdugu-ucun-ozune-qesd-edib\/#primaryimage"},"thumbnailUrl":"https:\/\/www.meydan.tv\/wp-content\/uploads\/1643092668_1643092616190.png","articleSection":["B\u00f6lg\u0259","Sosial","T\u00f6vsiy\u0259","X\u0259b\u0259rl\u0259r"],"inLanguage":"az"},{"@type":"WebPage","@id":"https:\/\/www.meydan.tv\/az\/article\/ozunu-yandiran-qazinin-anasi-hebsden-qorxdugu-ucun-ozune-qesd-edib\/","url":"https:\/\/www.meydan.tv\/az\/article\/ozunu-yandiran-qazinin-anasi-hebsden-qorxdugu-ucun-ozune-qesd-edib\/","name":"\u00d6z\u00fcn\u00fc yand\u0131ran qazinin anas\u0131 dan\u0131\u015fd\u0131","isPartOf":{"@id":"https:\/\/www.meydan.tv\/az\/#website"},"primaryImageOfPage":{"@id":"https:\/\/www.meydan.tv\/az\/article\/ozunu-yandiran-qazinin-anasi-hebsden-qorxdugu-ucun-ozune-qesd-edib\/#primaryimage"},"image":{"@id":"https:\/\/www.meydan.tv\/az\/article\/ozunu-yandiran-qazinin-anasi-hebsden-qorxdugu-ucun-ozune-qesd-edib\/#primaryimage"},"thumbnailUrl":"https:\/\/www.meydan.tv\/wp-content\/uploads\/1643092668_1643092616190.png","datePublished":"2024-07-10T11:53:55+00:00","dateModified":"2024-07-10T11:53:58+00:00","description":"Elnur Eynulla o\u011flu \u018fliyevin anas\u0131 Z\u00fclfiyy\u0259 \u018fliyeva Meydan TV-y\u0259 deyib ki, o\u011flu h\u0259bsd\u0259n qorxdu\u011fu \u00fc\u00e7\u00fcn \u00f6z\u00fcn\u00fc yand\u0131r\u0131b.","breadcrumb":{"@id":"https:\/\/www.meydan.tv\/az\/article\/ozunu-yandiran-qazinin-anasi-hebsden-qorxdugu-ucun-ozune-qesd-edib\/#breadcrumb"},"inLanguage":"az","potentialAction":[{"@type":"ReadAction","target":["https:\/\/www.meydan.tv\/az\/article\/ozunu-yandiran-qazinin-anasi-hebsden-qorxdugu-ucun-ozune-qesd-edib\/"]}]},{"@type":"ImageObject","inLanguage":"az","@id":"https:\/\/www.meydan.tv\/az\/article\/ozunu-yandiran-qazinin-anasi-hebsden-qorxdugu-ucun-ozune-qesd-edib\/#primaryimage","url":"https:\/\/www.meydan.tv\/wp-content\/uploads\/1643092668_1643092616190.png","contentUrl":"https:\/\/www.meydan.tv\/wp-content\/uploads\/1643092668_1643092616190.png","width":1200,"height":664,"caption":"Foto: C\u0259lilabad rayon \u0130cra Hakimiyy\u0259ti"},{"@type":"BreadcrumbList","@id":"https:\/\/www.meydan.tv\/az\/article\/ozunu-yandiran-qazinin-anasi-hebsden-qorxdugu-ucun-ozune-qesd-edib\/#breadcrumb","itemListElement":[{"@type":"ListItem","position":1,"name":"Ana s\u0259hif\u0259","item":"https:\/\/www.meydan.tv\/az\/"},{"@type":"ListItem","position":2,"name":"Sosial","item":"https:\/\/www.meydan.tv\/az\/section\/sosial\/"},{"@type":"ListItem","position":3,"name":"\u00d6z\u00fcn\u00fc yand\u0131ran qazinin anas\u0131: &#8220;H\u0259bsd\u0259n qorxdu\u011fu \u00fc\u00e7\u00fcn \u00f6z\u00fcn\u0259 q\u0259sd edib&#8221;"}]},{"@type":"WebSite","@id":"https:\/\/www.meydan.tv\/az\/#website","url":"https:\/\/www.meydan.tv\/az\/","name":"MEYDAN.TV","description":"Meydan TV Az\u0259rbaycan\u0131n media m\u0259kan\u0131ndak\u0131 alternativ s\u0259sidir","publisher":{"@id":"https:\/\/www.meydan.tv\/az\/#organization"},"potentialAction":[{"@type":"SearchAction","target":{"@type":"EntryPoint","urlTemplate":"https:\/\/www.meydan.tv\/az\/?s={search_term_string}"},"query-input":{"@type":"PropertyValueSpecification","valueRequired":true,"valueName":"search_term_string"}}],"inLanguage":"az"},{"@type":"Organization","@id":"https:\/\/www.meydan.tv\/az\/#organization","name":"Meydan TV","url":"https:\/\/www.meydan.tv\/az\/","logo":{"@type":"ImageObject","inLanguage":"az","@id":"https:\/\/www.meydan.tv\/az\/#\/schema\/logo\/image\/","url":"https:\/\/www.meydan.tv\/wp-content\/uploads\/2021\/07\/meydan-logo.svg","contentUrl":"https:\/\/www.meydan.tv\/wp-content\/uploads\/2021\/07\/meydan-logo.svg","width":195,"height":46,"caption":"Meydan TV"},"image":{"@id":"https:\/\/www.meydan.tv\/az\/#\/schema\/logo\/image\/"}},{"@type":"Person","@id":"https:\/\/www.meydan.tv\/az\/#\/schema\/person\/09863e516102a829e72bedcf3f84c6b0","name":"mahmud"}]}},"_links":{"self":[{"href":"https:\/\/www.meydan.tv\/az\/wp-json\/wp\/v2\/posts\/309935","targetHints":{"allow":["GET"]}}],"collection":[{"href":"https:\/\/www.meydan.tv\/az\/wp-json\/wp\/v2\/posts"}],"about":[{"href":"https:\/\/www.meydan.tv\/az\/wp-json\/wp\/v2\/types\/post"}],"author":[{"embeddable":true,"href":"https:\/\/www.meydan.tv\/az\/wp-json\/wp\/v2\/users\/21"}],"replies":[{"embeddable":true,"href":"https:\/\/www.meydan.tv\/az\/wp-json\/wp\/v2\/comments?post=309935"}],"version-history":[{"count":1,"href":"https:\/\/www.meydan.tv\/az\/wp-json\/wp\/v2\/posts\/309935\/revisions"}],"predecessor-version":[{"id":309936,"href":"https:\/\/www.meydan.tv\/az\/wp-json\/wp\/v2\/posts\/309935\/revisions\/309936"}],"wp:featuredmedia":[{"embeddable":true,"href":"https:\/\/www.meydan.tv\/az\/wp-json\/wp\/v2\/media\/278428"}],"wp:attachment":[{"href":"https:\/\/www.meydan.tv\/az\/wp-json\/wp\/v2\/media?parent=309935"}],"wp:term":[{"taxonomy":"category","embeddable":true,"href":"https:\/\/www.meydan.tv\/az\/wp-json\/wp\/v2\/categories?post=309935"},{"taxonomy":"post_tag","embeddable":true,"href":"https:\/\/www.meydan.tv\/az\/wp-json\/wp\/v2\/tags?post=309935"}],"curies":[{"name":"wp","href":"https:\/\/api.w.org\/{rel}","templated":true}]}}