{"id":309923,"date":"2024-07-10T14:55:44","date_gmt":"2024-07-10T10:55:44","guid":{"rendered":"https:\/\/www.meydan.tv\/?p=309923"},"modified":"2024-07-10T14:55:47","modified_gmt":"2024-07-10T10:55:47","slug":"azerbaycanda-6-milyon-334-min-444-secici-ses-vere-biler","status":"publish","type":"post","link":"https:\/\/www.meydan.tv\/az\/article\/azerbaycanda-6-milyon-334-min-444-secici-ses-vere-biler\/","title":{"rendered":"Az\u0259rbaycanda 6 milyon 334 min 444 se\u00e7ici s\u0259s ver\u0259 bil\u0259r"},"content":{"rendered":"\n<p><\/p>\n\n\n\n<p><strong><em>125 se\u00e7ki dair\u0259si \u00fczr\u0259 6400-d\u0259n \u00e7ox m\u0259nt\u0259q\u0259d\u0259 s\u0259sverm\u0259 olacaq<\/em><\/strong><\/p>\n\n\n\n<p>Az\u0259rbaycanda ke\u00e7iril\u0259c\u0259k n\u00f6vb\u0259d\u0259nk\u0259nar parlament se\u00e7kil\u0259rind\u0259 6 milyon 334 min 444 se\u00e7icinin s\u0259s ver\u0259 bil\u0259c\u0259yi bildirilir.<\/p>\n\n\n\n<p>Bunu Az\u0259rbaycan M\u0259rk\u0259zi Se\u00e7ki Komissiyas\u0131nda (MSK) dair\u0259 se\u00e7ki komissiyalar\u0131n\u0131n r\u0259hb\u0259rl\u0259ri \u00fc\u00e7\u00fcn t\u0259\u015fkil olunmu\u015f m\u00fc\u015favir\u0259d\u0259 Az\u0259rbaycan Prezidentinin k\u00f6m\u0259k\u00e7isi Zeynal Na\u011fd\u0259liyev <a href=\"https:\/\/azertag.az\/xeber\/msk_da_daire_sechki_komissiyalarinin_sedrleri_uchun_musavire_kechirilir_video-3090114\" target=\"_blank\" rel=\"noreferrer noopener\">deyib<\/a>.<\/p>\n\n\n\n<p>N\u00f6vb\u0259d\u0259nk\u0259nar parlament se\u00e7kil\u0259riyl\u0259 ba\u011fl\u0131 iyulun 10-da M\u0259rk\u0259zi Se\u00e7ki Komissiyas\u0131nda (MSK) dair\u0259 se\u00e7ki komissiyalar\u0131n\u0131n (DSK) s\u0259drl\u0259ri \u00fc\u00e7\u00fcn m\u00fc\u015favir\u0259 ke\u00e7irilib.<\/p>\n\n\n\n<p>T\u0259dbird\u0259 Az\u0259rbaycan Respublikas\u0131 Prezidentinin k\u00f6m\u0259k\u00e7isi Zeynal Na\u011fd\u0259liyev, Konstitusiya M\u0259hk\u0259m\u0259sinin s\u0259dri F\u0259rhad Abdullayev, Ba\u015f prokurorun birinci m\u00fcavini El\u00e7in M\u0259mm\u0259dov, daxili i\u015fl\u0259r nazirinin m\u00fcavini Oqtay K\u0259rimov v\u0259 \u0259dliyy\u0259 nazirinin m\u00fcavini Abiddin H\u00fcseynov v\u0259 dig\u0259r r\u0259smi \u015f\u0259xsl\u0259r i\u015ftirak edibl\u0259r.<\/p>\n\n\n\n<p>MSK s\u0259dri M\u0259zahir P\u0259nahov deyib ki, sentyabr\u0131n 1-d\u0259 ke\u00e7iril\u0259c\u0259k n\u00f6vb\u0259d\u0259nk\u0259nar se\u00e7kil\u0259rd\u0259 125 se\u00e7ki dair\u0259si \u00fczr\u0259 6400-d\u0259n \u00e7ox m\u0259nt\u0259q\u0259d\u0259 s\u0259sverm\u0259 olacaq.<\/p>\n\n\n\n<p>P\u0259nahov i\u015f\u011faldan azad edilmi\u015f v\u0259 parlament se\u00e7kil\u0259rinin ilk d\u0259f\u0259 ke\u00e7irildiyi \u0259razil\u0259rd\u0259 se\u00e7ki m\u0259nt\u0259q\u0259l\u0259rinin say\u0131n\u0131n artd\u0131\u011f\u0131n\u0131 vur\u011fulay\u0131b.<\/p>\n\n\n\n<p>Az\u0259rbaycan Prezidentinin \u0259razi-t\u0259\u015fkilat m\u0259s\u0259l\u0259l\u0259ri \u00fczr\u0259 k\u00f6m\u0259k\u00e7isi Zeynal Na\u011fd\u0259liyev is\u0259 deyib ki, i\u015f\u011faldan azad olunmu\u015f \u0259razil\u0259rd\u0259 daha 8 se\u00e7ki m\u0259nt\u0259q\u0259si yarad\u0131l\u0131b v\u0259 onlar\u0131n \u00fcmumi say\u0131 26-ya \u00e7atd\u0131r\u0131l\u0131b.<\/p>\n\n\n\n<p>2024-c\u00fc il iyunun 21-d\u0259 Az\u0259rbaycan parlamenti \u00f6z\u00fcn\u00fcn burax\u0131lmas\u0131 v\u0259 Milli M\u0259clis\u0259 n\u00f6vb\u0259d\u0259nk\u0259nar se\u00e7kil\u0259rin t\u0259yin olunmas\u0131 \u00fc\u00e7\u00fcn Prezident \u0130lham \u018fliyev\u0259 m\u00fcraci\u0259t edib.<\/p>\n\n\n\n<p>Prezident \u0130lham \u018fliyev Milli M\u0259clisin burax\u0131lmas\u0131 v\u0259 sentyabr\u0131n 1-d\u0259 erk\u0259n se\u00e7ki ke\u00e7irilm\u0259si il\u0259 ba\u011fl\u0131 iyunun 28-d\u0259 s\u0259r\u0259ncam imzalay\u0131b.<\/p>\n","protected":false},"excerpt":{"rendered":"<p>125 se\u00e7ki dair\u0259si \u00fczr\u0259 6400-d\u0259n \u00e7ox m\u0259nt\u0259q\u0259d\u0259 s\u0259sverm\u0259 olacaq Az\u0259rbaycanda &#8230; <\/p>\n<p class=\"read-more-container\"><a title=\"Az\u0259rbaycanda 6 milyon 334 min 444 se\u00e7ici s\u0259s ver\u0259 bil\u0259r\" class=\"read-more button\" href=\"https:\/\/www.meydan.tv\/az\/article\/azerbaycanda-6-milyon-334-min-444-secici-ses-vere-biler\/#more-309923\" aria-label=\"Read more about Az\u0259rbaycanda 6 milyon 334 min 444 se\u00e7ici s\u0259s ver\u0259 bil\u0259r\">Davam\u0131<\/a><\/p>\n","protected":false},"author":21,"featured_media":229141,"comment_status":"closed","ping_status":"closed","sticky":false,"template":"","format":"standard","meta":{"_acf_changed":false,"_sitemap_exclude":false,"_sitemap_priority":"","_sitemap_frequency":"","footnotes":""},"categories":[129,59,56],"tags":[],"class_list":["post-309923","post","type-post","status-publish","format-standard","has-post-thumbnail","hentry","category-sechki-2024","category-siyaset","category-xeberler","infinite-scroll-item","generate-columns","tablet-grid-50","mobile-grid-100","grid-parent","grid-33","no-featured-image-padding"],"acf":[],"yoast_head":"<!-- This site is optimized with the Yoast SEO plugin v27.4 - https:\/\/yoast.com\/product\/yoast-seo-wordpress\/ -->\n<title>Az\u0259rbaycanda 6 milyon 334 min 444 se\u00e7ici s\u0259s ver\u0259 bil\u0259r - MEYDAN.TV<\/title>\n<meta name=\"description\" content=\"Az\u0259rbaycanda ke\u00e7iril\u0259c\u0259k n\u00f6vb\u0259d\u0259nk\u0259nar parlament se\u00e7kil\u0259rind\u0259 6 milyon 334 min 444 se\u00e7icinin s\u0259s ver\u0259 bil\u0259c\u0259yi bildirilir.\" \/>\n<meta name=\"robots\" content=\"index, follow, max-snippet:-1, max-image-preview:large, max-video-preview:-1\" \/>\n<link rel=\"canonical\" href=\"https:\/\/www.meydan.tv\/az\/article\/azerbaycanda-6-milyon-334-min-444-secici-ses-vere-biler\/\" \/>\n<meta property=\"og:locale\" content=\"az_AZ\" \/>\n<meta property=\"og:type\" content=\"article\" \/>\n<meta property=\"og:title\" content=\"Az\u0259rbaycanda 6 milyon 334 min 444 se\u00e7ici s\u0259s ver\u0259 bil\u0259r - MEYDAN.TV\" \/>\n<meta property=\"og:description\" content=\"Az\u0259rbaycanda ke\u00e7iril\u0259c\u0259k n\u00f6vb\u0259d\u0259nk\u0259nar parlament se\u00e7kil\u0259rind\u0259 6 milyon 334 min 444 se\u00e7icinin s\u0259s ver\u0259 bil\u0259c\u0259yi bildirilir.\" \/>\n<meta property=\"og:url\" content=\"https:\/\/www.meydan.tv\/az\/article\/azerbaycanda-6-milyon-334-min-444-secici-ses-vere-biler\/\" \/>\n<meta property=\"og:site_name\" content=\"MEYDAN.TV\" \/>\n<meta property=\"article:published_time\" content=\"2024-07-10T10:55:44+00:00\" \/>\n<meta property=\"article:modified_time\" content=\"2024-07-10T10:55:47+00:00\" \/>\n<meta property=\"og:image\" content=\"https:\/\/www.meydan.tv\/wp-content\/uploads\/shutterstock_730195240-e1639473593416.jpg\" \/>\n\t<meta property=\"og:image:width\" content=\"1200\" \/>\n\t<meta property=\"og:image:height\" content=\"750\" \/>\n\t<meta property=\"og:image:type\" content=\"image\/jpeg\" \/>\n<meta name=\"author\" content=\"mahmud\" \/>\n<meta name=\"twitter:card\" content=\"summary_large_image\" \/>\n<script type=\"application\/ld+json\" class=\"yoast-schema-graph\">{\"@context\":\"https:\\\/\\\/schema.org\",\"@graph\":[{\"@type\":\"Article\",\"@id\":\"https:\\\/\\\/www.meydan.tv\\\/az\\\/article\\\/azerbaycanda-6-milyon-334-min-444-secici-ses-vere-biler\\\/#article\",\"isPartOf\":{\"@id\":\"https:\\\/\\\/www.meydan.tv\\\/az\\\/article\\\/azerbaycanda-6-milyon-334-min-444-secici-ses-vere-biler\\\/\"},\"author\":{\"name\":\"mahmud\",\"@id\":\"https:\\\/\\\/www.meydan.tv\\\/az\\\/#\\\/schema\\\/person\\\/09863e516102a829e72bedcf3f84c6b0\"},\"headline\":\"Az\u0259rbaycanda 6 milyon 334 min 444 se\u00e7ici s\u0259s ver\u0259 bil\u0259r\",\"datePublished\":\"2024-07-10T10:55:44+00:00\",\"dateModified\":\"2024-07-10T10:55:47+00:00\",\"mainEntityOfPage\":{\"@id\":\"https:\\\/\\\/www.meydan.tv\\\/az\\\/article\\\/azerbaycanda-6-milyon-334-min-444-secici-ses-vere-biler\\\/\"},\"wordCount\":375,\"publisher\":{\"@id\":\"https:\\\/\\\/www.meydan.tv\\\/az\\\/#organization\"},\"image\":{\"@id\":\"https:\\\/\\\/www.meydan.tv\\\/az\\\/article\\\/azerbaycanda-6-milyon-334-min-444-secici-ses-vere-biler\\\/#primaryimage\"},\"thumbnailUrl\":\"https:\\\/\\\/www.meydan.tv\\\/wp-content\\\/uploads\\\/shutterstock_730195240-e1639473593416.jpg\",\"articleSection\":[\"Se\u00e7ki 2024\",\"Siyas\u0259t\",\"X\u0259b\u0259rl\u0259r\"],\"inLanguage\":\"az\"},{\"@type\":\"WebPage\",\"@id\":\"https:\\\/\\\/www.meydan.tv\\\/az\\\/article\\\/azerbaycanda-6-milyon-334-min-444-secici-ses-vere-biler\\\/\",\"url\":\"https:\\\/\\\/www.meydan.tv\\\/az\\\/article\\\/azerbaycanda-6-milyon-334-min-444-secici-ses-vere-biler\\\/\",\"name\":\"Az\u0259rbaycanda 6 milyon 334 min 444 se\u00e7ici s\u0259s ver\u0259 bil\u0259r - MEYDAN.TV\",\"isPartOf\":{\"@id\":\"https:\\\/\\\/www.meydan.tv\\\/az\\\/#website\"},\"primaryImageOfPage\":{\"@id\":\"https:\\\/\\\/www.meydan.tv\\\/az\\\/article\\\/azerbaycanda-6-milyon-334-min-444-secici-ses-vere-biler\\\/#primaryimage\"},\"image\":{\"@id\":\"https:\\\/\\\/www.meydan.tv\\\/az\\\/article\\\/azerbaycanda-6-milyon-334-min-444-secici-ses-vere-biler\\\/#primaryimage\"},\"thumbnailUrl\":\"https:\\\/\\\/www.meydan.tv\\\/wp-content\\\/uploads\\\/shutterstock_730195240-e1639473593416.jpg\",\"datePublished\":\"2024-07-10T10:55:44+00:00\",\"dateModified\":\"2024-07-10T10:55:47+00:00\",\"description\":\"Az\u0259rbaycanda ke\u00e7iril\u0259c\u0259k n\u00f6vb\u0259d\u0259nk\u0259nar parlament se\u00e7kil\u0259rind\u0259 6 milyon 334 min 444 se\u00e7icinin s\u0259s ver\u0259 bil\u0259c\u0259yi bildirilir.\",\"breadcrumb\":{\"@id\":\"https:\\\/\\\/www.meydan.tv\\\/az\\\/article\\\/azerbaycanda-6-milyon-334-min-444-secici-ses-vere-biler\\\/#breadcrumb\"},\"inLanguage\":\"az\",\"potentialAction\":[{\"@type\":\"ReadAction\",\"target\":[\"https:\\\/\\\/www.meydan.tv\\\/az\\\/article\\\/azerbaycanda-6-milyon-334-min-444-secici-ses-vere-biler\\\/\"]}]},{\"@type\":\"ImageObject\",\"inLanguage\":\"az\",\"@id\":\"https:\\\/\\\/www.meydan.tv\\\/az\\\/article\\\/azerbaycanda-6-milyon-334-min-444-secici-ses-vere-biler\\\/#primaryimage\",\"url\":\"https:\\\/\\\/www.meydan.tv\\\/wp-content\\\/uploads\\\/shutterstock_730195240-e1639473593416.jpg\",\"contentUrl\":\"https:\\\/\\\/www.meydan.tv\\\/wp-content\\\/uploads\\\/shutterstock_730195240-e1639473593416.jpg\",\"width\":1200,\"height\":750,\"caption\":\"Az\u0259rbaycanda se\u00e7kil\u0259r, Foto: By AlexLMX\\\/Shutterstock\"},{\"@type\":\"BreadcrumbList\",\"@id\":\"https:\\\/\\\/www.meydan.tv\\\/az\\\/article\\\/azerbaycanda-6-milyon-334-min-444-secici-ses-vere-biler\\\/#breadcrumb\",\"itemListElement\":[{\"@type\":\"ListItem\",\"position\":1,\"name\":\"Ana s\u0259hif\u0259\",\"item\":\"https:\\\/\\\/www.meydan.tv\\\/az\\\/\"},{\"@type\":\"ListItem\",\"position\":2,\"name\":\"Se\u00e7ki 2024\",\"item\":\"https:\\\/\\\/www.meydan.tv\\\/az\\\/section\\\/sechki-2024\\\/\"},{\"@type\":\"ListItem\",\"position\":3,\"name\":\"Az\u0259rbaycanda 6 milyon 334 min 444 se\u00e7ici s\u0259s ver\u0259 bil\u0259r\"}]},{\"@type\":\"WebSite\",\"@id\":\"https:\\\/\\\/www.meydan.tv\\\/az\\\/#website\",\"url\":\"https:\\\/\\\/www.meydan.tv\\\/az\\\/\",\"name\":\"MEYDAN.TV\",\"description\":\"Meydan TV Az\u0259rbaycan\u0131n media m\u0259kan\u0131ndak\u0131 alternativ s\u0259sidir\",\"publisher\":{\"@id\":\"https:\\\/\\\/www.meydan.tv\\\/az\\\/#organization\"},\"potentialAction\":[{\"@type\":\"SearchAction\",\"target\":{\"@type\":\"EntryPoint\",\"urlTemplate\":\"https:\\\/\\\/www.meydan.tv\\\/az\\\/?s={search_term_string}\"},\"query-input\":{\"@type\":\"PropertyValueSpecification\",\"valueRequired\":true,\"valueName\":\"search_term_string\"}}],\"inLanguage\":\"az\"},{\"@type\":\"Organization\",\"@id\":\"https:\\\/\\\/www.meydan.tv\\\/az\\\/#organization\",\"name\":\"Meydan TV\",\"url\":\"https:\\\/\\\/www.meydan.tv\\\/az\\\/\",\"logo\":{\"@type\":\"ImageObject\",\"inLanguage\":\"az\",\"@id\":\"https:\\\/\\\/www.meydan.tv\\\/az\\\/#\\\/schema\\\/logo\\\/image\\\/\",\"url\":\"https:\\\/\\\/www.meydan.tv\\\/wp-content\\\/uploads\\\/2021\\\/07\\\/meydan-logo.svg\",\"contentUrl\":\"https:\\\/\\\/www.meydan.tv\\\/wp-content\\\/uploads\\\/2021\\\/07\\\/meydan-logo.svg\",\"width\":195,\"height\":46,\"caption\":\"Meydan TV\"},\"image\":{\"@id\":\"https:\\\/\\\/www.meydan.tv\\\/az\\\/#\\\/schema\\\/logo\\\/image\\\/\"}},{\"@type\":\"Person\",\"@id\":\"https:\\\/\\\/www.meydan.tv\\\/az\\\/#\\\/schema\\\/person\\\/09863e516102a829e72bedcf3f84c6b0\",\"name\":\"mahmud\"}]}<\/script>\n<!-- \/ Yoast SEO plugin. -->","yoast_head_json":{"title":"Az\u0259rbaycanda 6 milyon 334 min 444 se\u00e7ici s\u0259s ver\u0259 bil\u0259r - MEYDAN.TV","description":"Az\u0259rbaycanda ke\u00e7iril\u0259c\u0259k n\u00f6vb\u0259d\u0259nk\u0259nar parlament se\u00e7kil\u0259rind\u0259 6 milyon 334 min 444 se\u00e7icinin s\u0259s ver\u0259 bil\u0259c\u0259yi bildirilir.","robots":{"index":"index","follow":"follow","max-snippet":"max-snippet:-1","max-image-preview":"max-image-preview:large","max-video-preview":"max-video-preview:-1"},"canonical":"https:\/\/www.meydan.tv\/az\/article\/azerbaycanda-6-milyon-334-min-444-secici-ses-vere-biler\/","og_locale":"az_AZ","og_type":"article","og_title":"Az\u0259rbaycanda 6 milyon 334 min 444 se\u00e7ici s\u0259s ver\u0259 bil\u0259r - MEYDAN.TV","og_description":"Az\u0259rbaycanda ke\u00e7iril\u0259c\u0259k n\u00f6vb\u0259d\u0259nk\u0259nar parlament se\u00e7kil\u0259rind\u0259 6 milyon 334 min 444 se\u00e7icinin s\u0259s ver\u0259 bil\u0259c\u0259yi bildirilir.","og_url":"https:\/\/www.meydan.tv\/az\/article\/azerbaycanda-6-milyon-334-min-444-secici-ses-vere-biler\/","og_site_name":"MEYDAN.TV","article_published_time":"2024-07-10T10:55:44+00:00","article_modified_time":"2024-07-10T10:55:47+00:00","og_image":[{"width":1200,"height":750,"url":"https:\/\/www.meydan.tv\/wp-content\/uploads\/shutterstock_730195240-e1639473593416.jpg","type":"image\/jpeg"}],"author":"mahmud","twitter_card":"summary_large_image","schema":{"@context":"https:\/\/schema.org","@graph":[{"@type":"Article","@id":"https:\/\/www.meydan.tv\/az\/article\/azerbaycanda-6-milyon-334-min-444-secici-ses-vere-biler\/#article","isPartOf":{"@id":"https:\/\/www.meydan.tv\/az\/article\/azerbaycanda-6-milyon-334-min-444-secici-ses-vere-biler\/"},"author":{"name":"mahmud","@id":"https:\/\/www.meydan.tv\/az\/#\/schema\/person\/09863e516102a829e72bedcf3f84c6b0"},"headline":"Az\u0259rbaycanda 6 milyon 334 min 444 se\u00e7ici s\u0259s ver\u0259 bil\u0259r","datePublished":"2024-07-10T10:55:44+00:00","dateModified":"2024-07-10T10:55:47+00:00","mainEntityOfPage":{"@id":"https:\/\/www.meydan.tv\/az\/article\/azerbaycanda-6-milyon-334-min-444-secici-ses-vere-biler\/"},"wordCount":375,"publisher":{"@id":"https:\/\/www.meydan.tv\/az\/#organization"},"image":{"@id":"https:\/\/www.meydan.tv\/az\/article\/azerbaycanda-6-milyon-334-min-444-secici-ses-vere-biler\/#primaryimage"},"thumbnailUrl":"https:\/\/www.meydan.tv\/wp-content\/uploads\/shutterstock_730195240-e1639473593416.jpg","articleSection":["Se\u00e7ki 2024","Siyas\u0259t","X\u0259b\u0259rl\u0259r"],"inLanguage":"az"},{"@type":"WebPage","@id":"https:\/\/www.meydan.tv\/az\/article\/azerbaycanda-6-milyon-334-min-444-secici-ses-vere-biler\/","url":"https:\/\/www.meydan.tv\/az\/article\/azerbaycanda-6-milyon-334-min-444-secici-ses-vere-biler\/","name":"Az\u0259rbaycanda 6 milyon 334 min 444 se\u00e7ici s\u0259s ver\u0259 bil\u0259r - MEYDAN.TV","isPartOf":{"@id":"https:\/\/www.meydan.tv\/az\/#website"},"primaryImageOfPage":{"@id":"https:\/\/www.meydan.tv\/az\/article\/azerbaycanda-6-milyon-334-min-444-secici-ses-vere-biler\/#primaryimage"},"image":{"@id":"https:\/\/www.meydan.tv\/az\/article\/azerbaycanda-6-milyon-334-min-444-secici-ses-vere-biler\/#primaryimage"},"thumbnailUrl":"https:\/\/www.meydan.tv\/wp-content\/uploads\/shutterstock_730195240-e1639473593416.jpg","datePublished":"2024-07-10T10:55:44+00:00","dateModified":"2024-07-10T10:55:47+00:00","description":"Az\u0259rbaycanda ke\u00e7iril\u0259c\u0259k n\u00f6vb\u0259d\u0259nk\u0259nar parlament se\u00e7kil\u0259rind\u0259 6 milyon 334 min 444 se\u00e7icinin s\u0259s ver\u0259 bil\u0259c\u0259yi bildirilir.","breadcrumb":{"@id":"https:\/\/www.meydan.tv\/az\/article\/azerbaycanda-6-milyon-334-min-444-secici-ses-vere-biler\/#breadcrumb"},"inLanguage":"az","potentialAction":[{"@type":"ReadAction","target":["https:\/\/www.meydan.tv\/az\/article\/azerbaycanda-6-milyon-334-min-444-secici-ses-vere-biler\/"]}]},{"@type":"ImageObject","inLanguage":"az","@id":"https:\/\/www.meydan.tv\/az\/article\/azerbaycanda-6-milyon-334-min-444-secici-ses-vere-biler\/#primaryimage","url":"https:\/\/www.meydan.tv\/wp-content\/uploads\/shutterstock_730195240-e1639473593416.jpg","contentUrl":"https:\/\/www.meydan.tv\/wp-content\/uploads\/shutterstock_730195240-e1639473593416.jpg","width":1200,"height":750,"caption":"Az\u0259rbaycanda se\u00e7kil\u0259r, Foto: By AlexLMX\/Shutterstock"},{"@type":"BreadcrumbList","@id":"https:\/\/www.meydan.tv\/az\/article\/azerbaycanda-6-milyon-334-min-444-secici-ses-vere-biler\/#breadcrumb","itemListElement":[{"@type":"ListItem","position":1,"name":"Ana s\u0259hif\u0259","item":"https:\/\/www.meydan.tv\/az\/"},{"@type":"ListItem","position":2,"name":"Se\u00e7ki 2024","item":"https:\/\/www.meydan.tv\/az\/section\/sechki-2024\/"},{"@type":"ListItem","position":3,"name":"Az\u0259rbaycanda 6 milyon 334 min 444 se\u00e7ici s\u0259s ver\u0259 bil\u0259r"}]},{"@type":"WebSite","@id":"https:\/\/www.meydan.tv\/az\/#website","url":"https:\/\/www.meydan.tv\/az\/","name":"MEYDAN.TV","description":"Meydan TV Az\u0259rbaycan\u0131n media m\u0259kan\u0131ndak\u0131 alternativ s\u0259sidir","publisher":{"@id":"https:\/\/www.meydan.tv\/az\/#organization"},"potentialAction":[{"@type":"SearchAction","target":{"@type":"EntryPoint","urlTemplate":"https:\/\/www.meydan.tv\/az\/?s={search_term_string}"},"query-input":{"@type":"PropertyValueSpecification","valueRequired":true,"valueName":"search_term_string"}}],"inLanguage":"az"},{"@type":"Organization","@id":"https:\/\/www.meydan.tv\/az\/#organization","name":"Meydan TV","url":"https:\/\/www.meydan.tv\/az\/","logo":{"@type":"ImageObject","inLanguage":"az","@id":"https:\/\/www.meydan.tv\/az\/#\/schema\/logo\/image\/","url":"https:\/\/www.meydan.tv\/wp-content\/uploads\/2021\/07\/meydan-logo.svg","contentUrl":"https:\/\/www.meydan.tv\/wp-content\/uploads\/2021\/07\/meydan-logo.svg","width":195,"height":46,"caption":"Meydan TV"},"image":{"@id":"https:\/\/www.meydan.tv\/az\/#\/schema\/logo\/image\/"}},{"@type":"Person","@id":"https:\/\/www.meydan.tv\/az\/#\/schema\/person\/09863e516102a829e72bedcf3f84c6b0","name":"mahmud"}]}},"_links":{"self":[{"href":"https:\/\/www.meydan.tv\/az\/wp-json\/wp\/v2\/posts\/309923","targetHints":{"allow":["GET"]}}],"collection":[{"href":"https:\/\/www.meydan.tv\/az\/wp-json\/wp\/v2\/posts"}],"about":[{"href":"https:\/\/www.meydan.tv\/az\/wp-json\/wp\/v2\/types\/post"}],"author":[{"embeddable":true,"href":"https:\/\/www.meydan.tv\/az\/wp-json\/wp\/v2\/users\/21"}],"replies":[{"embeddable":true,"href":"https:\/\/www.meydan.tv\/az\/wp-json\/wp\/v2\/comments?post=309923"}],"version-history":[{"count":1,"href":"https:\/\/www.meydan.tv\/az\/wp-json\/wp\/v2\/posts\/309923\/revisions"}],"predecessor-version":[{"id":309924,"href":"https:\/\/www.meydan.tv\/az\/wp-json\/wp\/v2\/posts\/309923\/revisions\/309924"}],"wp:featuredmedia":[{"embeddable":true,"href":"https:\/\/www.meydan.tv\/az\/wp-json\/wp\/v2\/media\/229141"}],"wp:attachment":[{"href":"https:\/\/www.meydan.tv\/az\/wp-json\/wp\/v2\/media?parent=309923"}],"wp:term":[{"taxonomy":"category","embeddable":true,"href":"https:\/\/www.meydan.tv\/az\/wp-json\/wp\/v2\/categories?post=309923"},{"taxonomy":"post_tag","embeddable":true,"href":"https:\/\/www.meydan.tv\/az\/wp-json\/wp\/v2\/tags?post=309923"}],"curies":[{"name":"wp","href":"https:\/\/api.w.org\/{rel}","templated":true}]}}