{"id":309889,"date":"2024-07-09T17:36:47","date_gmt":"2024-07-09T13:36:47","guid":{"rendered":"https:\/\/www.meydan.tv\/?p=309889"},"modified":"2024-07-09T17:36:49","modified_gmt":"2024-07-09T13:36:49","slug":"azerbaycanda-elektron-reqabet-informasiya-sistemi-yaradilacaq","status":"publish","type":"post","link":"https:\/\/www.meydan.tv\/az\/article\/azerbaycanda-elektron-reqabet-informasiya-sistemi-yaradilacaq\/","title":{"rendered":"Az\u0259rbaycanda Elektron R\u0259qab\u0259t \u0130nformasiya Sistemi yarad\u0131lacaq"},"content":{"rendered":"\n<p><\/p>\n\n\n\n<p><strong><em>\u0130lham \u018fliyev bununla ba\u011fl\u0131 f\u0259rman imzalay\u0131b<\/em><\/strong><\/p>\n\n\n\n<p>Az\u0259rbaycanda r\u0259qab\u0259t v\u0259 istehlak\u00e7\u0131lar\u0131n h\u00fcquqlar\u0131n\u0131n qorunmas\u0131 sah\u0259l\u0259rind\u0259 idar\u0259etm\u0259nin t\u0259kmill\u0259\u015fdirilm\u0259si m\u0259qs\u0259dil\u0259 yeni elektron sistem yarad\u0131l\u0131r.<\/p>\n\n\n\n<p>Prezident \u0130lham \u018fliyev Elektron R\u0259qab\u0259t \u0130nformasiya Sisteminin (ER\u0130S) yarad\u0131lmas\u0131 bar\u0259d\u0259 <a href=\"https:\/\/president.az\/az\/articles\/view\/66442\" target=\"_blank\" rel=\"noreferrer noopener\">f\u0259rman<\/a> imzalay\u0131b.<\/p>\n\n\n\n<p>ER\u0130S r\u0259qab\u0259t v\u0259 istehlak\u00e7\u0131lar\u0131n h\u00fcquqlar\u0131n\u0131n m\u00fcdafi\u0259si sah\u0259l\u0259rind\u0259 istehlak\u00e7\u0131lar\u0131n v\u0259 bazar subyektl\u0259rinin m\u00fcraci\u0259tl\u0259rinin (v\u0259sat\u0259tl\u0259rinin) q\u0259bulunu, emal\u0131n\u0131, onlara \u0259lav\u0259 edilm\u0259li olan s\u0259n\u0259dl\u0259rin v\u0259 ya m\u0259lumatlar\u0131n real vaxt rejimind\u0259 dig\u0259r d\u00f6vl\u0259t orqanlar\u0131ndan (qurumlar\u0131ndan) sor\u011fu \u0259sas\u0131nda \u0259ld\u0259 olunmas\u0131n\u0131, h\u0259min m\u00fcraci\u0259tl\u0259r\u0259 (v\u0259sat\u0259tl\u0259r\u0259) dair q\u0259rarlar\u0131n v\u0259 m\u0259lumatlar\u0131n elektron qaydada t\u0259qdim edilm\u0259sini, habel\u0259 qeyd olunan sah\u0259l\u0259rd\u0259 m\u0259lumatlar\u0131n istifad\u0259\u00e7il\u0259r \u00fc\u00e7\u00fcn \u0259l\u00e7atanl\u0131\u011f\u0131n\u0131 t\u0259min ed\u0259c\u0259k.<\/p>\n\n\n\n<p>ER\u0130S-in sahibi funksiyalar\u0131n\u0131 \u0130qtisadiyyat Nazirliyi, operatoru funksiyalar\u0131n\u0131 \u0130qtisadiyyat Nazirliyi yan\u0131nda Antiinhisar v\u0259 \u0130stehlak Bazar\u0131na N\u0259zar\u0259t D\u00f6vl\u0259t Xidm\u0259ti realla\u015fd\u0131racaq.<\/p>\n\n\n\n<p>Elektron R\u0259qab\u0259t \u0130nformasiya Sisteminin yarad\u0131lmas\u0131 v\u0259 saxlan\u0131lmas\u0131 il\u0259 ba\u011fl\u0131 x\u0259rcl\u0259r Antiinhisar v\u0259 \u0130stehlak Bazar\u0131na N\u0259zar\u0259t D\u00f6vl\u0259t Xidm\u0259tinin b\u00fcdc\u0259d\u0259nk\u0259nar g\u0259lirl\u0259ri hesab\u0131na olacaq.<\/p>\n\n\n\n<p>Nazirl\u0259r Kabineti ER\u0130S haqq\u0131nda \u0259sasnam\u0259nin layih\u0259sini haz\u0131rlay\u0131b alt\u0131 ay m\u00fcdd\u0259tind\u0259 Prezident\u0259 t\u0259qdim etm\u0259li, bu F\u0259rmandan ir\u0259li g\u0259l\u0259n dig\u0259r m\u0259s\u0259l\u0259l\u0259ri h\u0259ll etm\u0259lidir. \u0130qtisadiyyat Nazirliyi is\u0259 h\u0259min m\u00fcdd\u0259t \u0259rzind\u0259 ER\u0130S-in formala\u015fd\u0131r\u0131lmas\u0131n\u0131 t\u0259min etm\u0259lidir.<\/p>\n\n\n\n<p>X\u00fcsusi Rabit\u0259 v\u0259 \u0130nformasiya T\u0259hl\u00fck\u0259sizliyi D\u00f6vl\u0259t Xidm\u0259ti ER\u0130S-i m\u00fchafiz\u0259 olunan telekommunikasiya kanallar\u0131 il\u0259 t\u0259min etm\u0259li v\u0259 onun t\u0259hl\u00fck\u0259sizlik meyarlar\u0131 \u00fczr\u0259 monitorinqini h\u0259yata ke\u00e7irm\u0259li, ER\u0130S-in informasiya t\u0259hl\u00fck\u0259sizliyinin t\u0259min edilm\u0259si m\u0259qs\u0259dil\u0259 sahibi v\u0259 operatoru il\u0259 birlikd\u0259 z\u0259ruri t\u0259dbirl\u0259r g\u00f6rm\u0259lidir.<\/p>\n","protected":false},"excerpt":{"rendered":"<p>\u0130lham \u018fliyev bununla ba\u011fl\u0131 f\u0259rman imzalay\u0131b Az\u0259rbaycanda r\u0259qab\u0259t v\u0259 istehlak\u00e7\u0131lar\u0131n &#8230; <\/p>\n<p class=\"read-more-container\"><a title=\"Az\u0259rbaycanda Elektron R\u0259qab\u0259t \u0130nformasiya Sistemi yarad\u0131lacaq\" class=\"read-more button\" href=\"https:\/\/www.meydan.tv\/az\/article\/azerbaycanda-elektron-reqabet-informasiya-sistemi-yaradilacaq\/#more-309889\" aria-label=\"Read more about Az\u0259rbaycanda Elektron R\u0259qab\u0259t \u0130nformasiya Sistemi yarad\u0131lacaq\">Davam\u0131<\/a><\/p>\n","protected":false},"author":21,"featured_media":119096,"comment_status":"closed","ping_status":"closed","sticky":false,"template":"","format":"standard","meta":{"_acf_changed":false,"_sitemap_exclude":false,"_sitemap_priority":"","_sitemap_frequency":"","footnotes":""},"categories":[62,56],"tags":[],"class_list":["post-309889","post","type-post","status-publish","format-standard","has-post-thumbnail","hentry","category-sosial","category-xeberler","infinite-scroll-item","generate-columns","tablet-grid-50","mobile-grid-100","grid-parent","grid-33","no-featured-image-padding"],"acf":[],"yoast_head":"<!-- This site is optimized with the Yoast SEO plugin v27.5 - https:\/\/yoast.com\/product\/yoast-seo-wordpress\/ -->\n<title>Az\u0259rbaycanda Elektron R\u0259qab\u0259t \u0130nformasiya Sistemi yarad\u0131lacaq - MEYDAN.TV<\/title>\n<meta name=\"description\" content=\"R\u0259qab\u0259t v\u0259 istehlak\u00e7\u0131lar\u0131n h\u00fcquqlar\u0131n\u0131n qorunmas\u0131 sah\u0259l\u0259rind\u0259 idar\u0259etm\u0259nin t\u0259kmill\u0259\u015fdirilm\u0259si m\u0259qs\u0259dil\u0259 yeni elektron sistem yarad\u0131l\u0131r.\" \/>\n<meta name=\"robots\" content=\"index, follow, max-snippet:-1, max-image-preview:large, max-video-preview:-1\" \/>\n<link rel=\"canonical\" href=\"https:\/\/www.meydan.tv\/az\/article\/azerbaycanda-elektron-reqabet-informasiya-sistemi-yaradilacaq\/\" \/>\n<meta property=\"og:locale\" content=\"az_AZ\" \/>\n<meta property=\"og:type\" content=\"article\" \/>\n<meta property=\"og:title\" content=\"Az\u0259rbaycanda Elektron R\u0259qab\u0259t \u0130nformasiya Sistemi yarad\u0131lacaq - MEYDAN.TV\" \/>\n<meta property=\"og:description\" content=\"R\u0259qab\u0259t v\u0259 istehlak\u00e7\u0131lar\u0131n h\u00fcquqlar\u0131n\u0131n qorunmas\u0131 sah\u0259l\u0259rind\u0259 idar\u0259etm\u0259nin t\u0259kmill\u0259\u015fdirilm\u0259si m\u0259qs\u0259dil\u0259 yeni elektron sistem yarad\u0131l\u0131r.\" \/>\n<meta property=\"og:url\" content=\"https:\/\/www.meydan.tv\/az\/article\/azerbaycanda-elektron-reqabet-informasiya-sistemi-yaradilacaq\/\" \/>\n<meta property=\"og:site_name\" content=\"MEYDAN.TV\" \/>\n<meta property=\"article:published_time\" content=\"2024-07-09T13:36:47+00:00\" \/>\n<meta property=\"article:modified_time\" content=\"2024-07-09T13:36:49+00:00\" \/>\n<meta property=\"og:image\" content=\"https:\/\/www.meydan.tv\/wp-content\/uploads\/db284-prezident-e1720532180133.jpg\" \/>\n\t<meta property=\"og:image:width\" content=\"1024\" \/>\n\t<meta property=\"og:image:height\" content=\"522\" \/>\n\t<meta property=\"og:image:type\" content=\"image\/jpeg\" \/>\n<meta name=\"author\" content=\"mahmud\" \/>\n<meta name=\"twitter:card\" content=\"summary_large_image\" \/>\n<script type=\"application\/ld+json\" class=\"yoast-schema-graph\">{\"@context\":\"https:\\\/\\\/schema.org\",\"@graph\":[{\"@type\":\"Article\",\"@id\":\"https:\\\/\\\/www.meydan.tv\\\/az\\\/article\\\/azerbaycanda-elektron-reqabet-informasiya-sistemi-yaradilacaq\\\/#article\",\"isPartOf\":{\"@id\":\"https:\\\/\\\/www.meydan.tv\\\/az\\\/article\\\/azerbaycanda-elektron-reqabet-informasiya-sistemi-yaradilacaq\\\/\"},\"author\":{\"name\":\"mahmud\",\"@id\":\"https:\\\/\\\/www.meydan.tv\\\/az\\\/#\\\/schema\\\/person\\\/09863e516102a829e72bedcf3f84c6b0\"},\"headline\":\"Az\u0259rbaycanda Elektron R\u0259qab\u0259t \u0130nformasiya Sistemi yarad\u0131lacaq\",\"datePublished\":\"2024-07-09T13:36:47+00:00\",\"dateModified\":\"2024-07-09T13:36:49+00:00\",\"mainEntityOfPage\":{\"@id\":\"https:\\\/\\\/www.meydan.tv\\\/az\\\/article\\\/azerbaycanda-elektron-reqabet-informasiya-sistemi-yaradilacaq\\\/\"},\"wordCount\":388,\"publisher\":{\"@id\":\"https:\\\/\\\/www.meydan.tv\\\/az\\\/#organization\"},\"image\":{\"@id\":\"https:\\\/\\\/www.meydan.tv\\\/az\\\/article\\\/azerbaycanda-elektron-reqabet-informasiya-sistemi-yaradilacaq\\\/#primaryimage\"},\"thumbnailUrl\":\"https:\\\/\\\/www.meydan.tv\\\/wp-content\\\/uploads\\\/db284-prezident-e1720532180133.jpg\",\"articleSection\":[\"Sosial\",\"X\u0259b\u0259rl\u0259r\"],\"inLanguage\":\"az\"},{\"@type\":\"WebPage\",\"@id\":\"https:\\\/\\\/www.meydan.tv\\\/az\\\/article\\\/azerbaycanda-elektron-reqabet-informasiya-sistemi-yaradilacaq\\\/\",\"url\":\"https:\\\/\\\/www.meydan.tv\\\/az\\\/article\\\/azerbaycanda-elektron-reqabet-informasiya-sistemi-yaradilacaq\\\/\",\"name\":\"Az\u0259rbaycanda Elektron R\u0259qab\u0259t \u0130nformasiya Sistemi yarad\u0131lacaq - MEYDAN.TV\",\"isPartOf\":{\"@id\":\"https:\\\/\\\/www.meydan.tv\\\/az\\\/#website\"},\"primaryImageOfPage\":{\"@id\":\"https:\\\/\\\/www.meydan.tv\\\/az\\\/article\\\/azerbaycanda-elektron-reqabet-informasiya-sistemi-yaradilacaq\\\/#primaryimage\"},\"image\":{\"@id\":\"https:\\\/\\\/www.meydan.tv\\\/az\\\/article\\\/azerbaycanda-elektron-reqabet-informasiya-sistemi-yaradilacaq\\\/#primaryimage\"},\"thumbnailUrl\":\"https:\\\/\\\/www.meydan.tv\\\/wp-content\\\/uploads\\\/db284-prezident-e1720532180133.jpg\",\"datePublished\":\"2024-07-09T13:36:47+00:00\",\"dateModified\":\"2024-07-09T13:36:49+00:00\",\"description\":\"R\u0259qab\u0259t v\u0259 istehlak\u00e7\u0131lar\u0131n h\u00fcquqlar\u0131n\u0131n qorunmas\u0131 sah\u0259l\u0259rind\u0259 idar\u0259etm\u0259nin t\u0259kmill\u0259\u015fdirilm\u0259si m\u0259qs\u0259dil\u0259 yeni elektron sistem yarad\u0131l\u0131r.\",\"breadcrumb\":{\"@id\":\"https:\\\/\\\/www.meydan.tv\\\/az\\\/article\\\/azerbaycanda-elektron-reqabet-informasiya-sistemi-yaradilacaq\\\/#breadcrumb\"},\"inLanguage\":\"az\",\"potentialAction\":[{\"@type\":\"ReadAction\",\"target\":[\"https:\\\/\\\/www.meydan.tv\\\/az\\\/article\\\/azerbaycanda-elektron-reqabet-informasiya-sistemi-yaradilacaq\\\/\"]}]},{\"@type\":\"ImageObject\",\"inLanguage\":\"az\",\"@id\":\"https:\\\/\\\/www.meydan.tv\\\/az\\\/article\\\/azerbaycanda-elektron-reqabet-informasiya-sistemi-yaradilacaq\\\/#primaryimage\",\"url\":\"https:\\\/\\\/www.meydan.tv\\\/wp-content\\\/uploads\\\/db284-prezident-e1720532180133.jpg\",\"contentUrl\":\"https:\\\/\\\/www.meydan.tv\\\/wp-content\\\/uploads\\\/db284-prezident-e1720532180133.jpg\",\"width\":1024,\"height\":522,\"caption\":\"Source: president.az\"},{\"@type\":\"BreadcrumbList\",\"@id\":\"https:\\\/\\\/www.meydan.tv\\\/az\\\/article\\\/azerbaycanda-elektron-reqabet-informasiya-sistemi-yaradilacaq\\\/#breadcrumb\",\"itemListElement\":[{\"@type\":\"ListItem\",\"position\":1,\"name\":\"Ana s\u0259hif\u0259\",\"item\":\"https:\\\/\\\/www.meydan.tv\\\/az\\\/\"},{\"@type\":\"ListItem\",\"position\":2,\"name\":\"Sosial\",\"item\":\"https:\\\/\\\/www.meydan.tv\\\/az\\\/section\\\/sosial\\\/\"},{\"@type\":\"ListItem\",\"position\":3,\"name\":\"Az\u0259rbaycanda Elektron R\u0259qab\u0259t \u0130nformasiya Sistemi yarad\u0131lacaq\"}]},{\"@type\":\"WebSite\",\"@id\":\"https:\\\/\\\/www.meydan.tv\\\/az\\\/#website\",\"url\":\"https:\\\/\\\/www.meydan.tv\\\/az\\\/\",\"name\":\"MEYDAN.TV\",\"description\":\"Meydan TV Az\u0259rbaycan\u0131n media m\u0259kan\u0131ndak\u0131 alternativ s\u0259sidir\",\"publisher\":{\"@id\":\"https:\\\/\\\/www.meydan.tv\\\/az\\\/#organization\"},\"potentialAction\":[{\"@type\":\"SearchAction\",\"target\":{\"@type\":\"EntryPoint\",\"urlTemplate\":\"https:\\\/\\\/www.meydan.tv\\\/az\\\/?s={search_term_string}\"},\"query-input\":{\"@type\":\"PropertyValueSpecification\",\"valueRequired\":true,\"valueName\":\"search_term_string\"}}],\"inLanguage\":\"az\"},{\"@type\":\"Organization\",\"@id\":\"https:\\\/\\\/www.meydan.tv\\\/az\\\/#organization\",\"name\":\"Meydan TV\",\"url\":\"https:\\\/\\\/www.meydan.tv\\\/az\\\/\",\"logo\":{\"@type\":\"ImageObject\",\"inLanguage\":\"az\",\"@id\":\"https:\\\/\\\/www.meydan.tv\\\/az\\\/#\\\/schema\\\/logo\\\/image\\\/\",\"url\":\"https:\\\/\\\/www.meydan.tv\\\/wp-content\\\/uploads\\\/2021\\\/07\\\/meydan-logo.svg\",\"contentUrl\":\"https:\\\/\\\/www.meydan.tv\\\/wp-content\\\/uploads\\\/2021\\\/07\\\/meydan-logo.svg\",\"width\":195,\"height\":46,\"caption\":\"Meydan TV\"},\"image\":{\"@id\":\"https:\\\/\\\/www.meydan.tv\\\/az\\\/#\\\/schema\\\/logo\\\/image\\\/\"}},{\"@type\":\"Person\",\"@id\":\"https:\\\/\\\/www.meydan.tv\\\/az\\\/#\\\/schema\\\/person\\\/09863e516102a829e72bedcf3f84c6b0\",\"name\":\"mahmud\"}]}<\/script>\n<!-- \/ Yoast SEO plugin. -->","yoast_head_json":{"title":"Az\u0259rbaycanda Elektron R\u0259qab\u0259t \u0130nformasiya Sistemi yarad\u0131lacaq - MEYDAN.TV","description":"R\u0259qab\u0259t v\u0259 istehlak\u00e7\u0131lar\u0131n h\u00fcquqlar\u0131n\u0131n qorunmas\u0131 sah\u0259l\u0259rind\u0259 idar\u0259etm\u0259nin t\u0259kmill\u0259\u015fdirilm\u0259si m\u0259qs\u0259dil\u0259 yeni elektron sistem yarad\u0131l\u0131r.","robots":{"index":"index","follow":"follow","max-snippet":"max-snippet:-1","max-image-preview":"max-image-preview:large","max-video-preview":"max-video-preview:-1"},"canonical":"https:\/\/www.meydan.tv\/az\/article\/azerbaycanda-elektron-reqabet-informasiya-sistemi-yaradilacaq\/","og_locale":"az_AZ","og_type":"article","og_title":"Az\u0259rbaycanda Elektron R\u0259qab\u0259t \u0130nformasiya Sistemi yarad\u0131lacaq - MEYDAN.TV","og_description":"R\u0259qab\u0259t v\u0259 istehlak\u00e7\u0131lar\u0131n h\u00fcquqlar\u0131n\u0131n qorunmas\u0131 sah\u0259l\u0259rind\u0259 idar\u0259etm\u0259nin t\u0259kmill\u0259\u015fdirilm\u0259si m\u0259qs\u0259dil\u0259 yeni elektron sistem yarad\u0131l\u0131r.","og_url":"https:\/\/www.meydan.tv\/az\/article\/azerbaycanda-elektron-reqabet-informasiya-sistemi-yaradilacaq\/","og_site_name":"MEYDAN.TV","article_published_time":"2024-07-09T13:36:47+00:00","article_modified_time":"2024-07-09T13:36:49+00:00","og_image":[{"width":1024,"height":522,"url":"https:\/\/www.meydan.tv\/wp-content\/uploads\/db284-prezident-e1720532180133.jpg","type":"image\/jpeg"}],"author":"mahmud","twitter_card":"summary_large_image","schema":{"@context":"https:\/\/schema.org","@graph":[{"@type":"Article","@id":"https:\/\/www.meydan.tv\/az\/article\/azerbaycanda-elektron-reqabet-informasiya-sistemi-yaradilacaq\/#article","isPartOf":{"@id":"https:\/\/www.meydan.tv\/az\/article\/azerbaycanda-elektron-reqabet-informasiya-sistemi-yaradilacaq\/"},"author":{"name":"mahmud","@id":"https:\/\/www.meydan.tv\/az\/#\/schema\/person\/09863e516102a829e72bedcf3f84c6b0"},"headline":"Az\u0259rbaycanda Elektron R\u0259qab\u0259t \u0130nformasiya Sistemi yarad\u0131lacaq","datePublished":"2024-07-09T13:36:47+00:00","dateModified":"2024-07-09T13:36:49+00:00","mainEntityOfPage":{"@id":"https:\/\/www.meydan.tv\/az\/article\/azerbaycanda-elektron-reqabet-informasiya-sistemi-yaradilacaq\/"},"wordCount":388,"publisher":{"@id":"https:\/\/www.meydan.tv\/az\/#organization"},"image":{"@id":"https:\/\/www.meydan.tv\/az\/article\/azerbaycanda-elektron-reqabet-informasiya-sistemi-yaradilacaq\/#primaryimage"},"thumbnailUrl":"https:\/\/www.meydan.tv\/wp-content\/uploads\/db284-prezident-e1720532180133.jpg","articleSection":["Sosial","X\u0259b\u0259rl\u0259r"],"inLanguage":"az"},{"@type":"WebPage","@id":"https:\/\/www.meydan.tv\/az\/article\/azerbaycanda-elektron-reqabet-informasiya-sistemi-yaradilacaq\/","url":"https:\/\/www.meydan.tv\/az\/article\/azerbaycanda-elektron-reqabet-informasiya-sistemi-yaradilacaq\/","name":"Az\u0259rbaycanda Elektron R\u0259qab\u0259t \u0130nformasiya Sistemi yarad\u0131lacaq - MEYDAN.TV","isPartOf":{"@id":"https:\/\/www.meydan.tv\/az\/#website"},"primaryImageOfPage":{"@id":"https:\/\/www.meydan.tv\/az\/article\/azerbaycanda-elektron-reqabet-informasiya-sistemi-yaradilacaq\/#primaryimage"},"image":{"@id":"https:\/\/www.meydan.tv\/az\/article\/azerbaycanda-elektron-reqabet-informasiya-sistemi-yaradilacaq\/#primaryimage"},"thumbnailUrl":"https:\/\/www.meydan.tv\/wp-content\/uploads\/db284-prezident-e1720532180133.jpg","datePublished":"2024-07-09T13:36:47+00:00","dateModified":"2024-07-09T13:36:49+00:00","description":"R\u0259qab\u0259t v\u0259 istehlak\u00e7\u0131lar\u0131n h\u00fcquqlar\u0131n\u0131n qorunmas\u0131 sah\u0259l\u0259rind\u0259 idar\u0259etm\u0259nin t\u0259kmill\u0259\u015fdirilm\u0259si m\u0259qs\u0259dil\u0259 yeni elektron sistem yarad\u0131l\u0131r.","breadcrumb":{"@id":"https:\/\/www.meydan.tv\/az\/article\/azerbaycanda-elektron-reqabet-informasiya-sistemi-yaradilacaq\/#breadcrumb"},"inLanguage":"az","potentialAction":[{"@type":"ReadAction","target":["https:\/\/www.meydan.tv\/az\/article\/azerbaycanda-elektron-reqabet-informasiya-sistemi-yaradilacaq\/"]}]},{"@type":"ImageObject","inLanguage":"az","@id":"https:\/\/www.meydan.tv\/az\/article\/azerbaycanda-elektron-reqabet-informasiya-sistemi-yaradilacaq\/#primaryimage","url":"https:\/\/www.meydan.tv\/wp-content\/uploads\/db284-prezident-e1720532180133.jpg","contentUrl":"https:\/\/www.meydan.tv\/wp-content\/uploads\/db284-prezident-e1720532180133.jpg","width":1024,"height":522,"caption":"Source: president.az"},{"@type":"BreadcrumbList","@id":"https:\/\/www.meydan.tv\/az\/article\/azerbaycanda-elektron-reqabet-informasiya-sistemi-yaradilacaq\/#breadcrumb","itemListElement":[{"@type":"ListItem","position":1,"name":"Ana s\u0259hif\u0259","item":"https:\/\/www.meydan.tv\/az\/"},{"@type":"ListItem","position":2,"name":"Sosial","item":"https:\/\/www.meydan.tv\/az\/section\/sosial\/"},{"@type":"ListItem","position":3,"name":"Az\u0259rbaycanda Elektron R\u0259qab\u0259t \u0130nformasiya Sistemi yarad\u0131lacaq"}]},{"@type":"WebSite","@id":"https:\/\/www.meydan.tv\/az\/#website","url":"https:\/\/www.meydan.tv\/az\/","name":"MEYDAN.TV","description":"Meydan TV Az\u0259rbaycan\u0131n media m\u0259kan\u0131ndak\u0131 alternativ s\u0259sidir","publisher":{"@id":"https:\/\/www.meydan.tv\/az\/#organization"},"potentialAction":[{"@type":"SearchAction","target":{"@type":"EntryPoint","urlTemplate":"https:\/\/www.meydan.tv\/az\/?s={search_term_string}"},"query-input":{"@type":"PropertyValueSpecification","valueRequired":true,"valueName":"search_term_string"}}],"inLanguage":"az"},{"@type":"Organization","@id":"https:\/\/www.meydan.tv\/az\/#organization","name":"Meydan TV","url":"https:\/\/www.meydan.tv\/az\/","logo":{"@type":"ImageObject","inLanguage":"az","@id":"https:\/\/www.meydan.tv\/az\/#\/schema\/logo\/image\/","url":"https:\/\/www.meydan.tv\/wp-content\/uploads\/2021\/07\/meydan-logo.svg","contentUrl":"https:\/\/www.meydan.tv\/wp-content\/uploads\/2021\/07\/meydan-logo.svg","width":195,"height":46,"caption":"Meydan TV"},"image":{"@id":"https:\/\/www.meydan.tv\/az\/#\/schema\/logo\/image\/"}},{"@type":"Person","@id":"https:\/\/www.meydan.tv\/az\/#\/schema\/person\/09863e516102a829e72bedcf3f84c6b0","name":"mahmud"}]}},"_links":{"self":[{"href":"https:\/\/www.meydan.tv\/az\/wp-json\/wp\/v2\/posts\/309889","targetHints":{"allow":["GET"]}}],"collection":[{"href":"https:\/\/www.meydan.tv\/az\/wp-json\/wp\/v2\/posts"}],"about":[{"href":"https:\/\/www.meydan.tv\/az\/wp-json\/wp\/v2\/types\/post"}],"author":[{"embeddable":true,"href":"https:\/\/www.meydan.tv\/az\/wp-json\/wp\/v2\/users\/21"}],"replies":[{"embeddable":true,"href":"https:\/\/www.meydan.tv\/az\/wp-json\/wp\/v2\/comments?post=309889"}],"version-history":[{"count":1,"href":"https:\/\/www.meydan.tv\/az\/wp-json\/wp\/v2\/posts\/309889\/revisions"}],"predecessor-version":[{"id":309890,"href":"https:\/\/www.meydan.tv\/az\/wp-json\/wp\/v2\/posts\/309889\/revisions\/309890"}],"wp:featuredmedia":[{"embeddable":true,"href":"https:\/\/www.meydan.tv\/az\/wp-json\/wp\/v2\/media\/119096"}],"wp:attachment":[{"href":"https:\/\/www.meydan.tv\/az\/wp-json\/wp\/v2\/media?parent=309889"}],"wp:term":[{"taxonomy":"category","embeddable":true,"href":"https:\/\/www.meydan.tv\/az\/wp-json\/wp\/v2\/categories?post=309889"},{"taxonomy":"post_tag","embeddable":true,"href":"https:\/\/www.meydan.tv\/az\/wp-json\/wp\/v2\/tags?post=309889"}],"curies":[{"name":"wp","href":"https:\/\/api.w.org\/{rel}","templated":true}]}}