{"id":309855,"date":"2024-07-09T13:02:33","date_gmt":"2024-07-09T09:02:33","guid":{"rendered":"https:\/\/www.meydan.tv\/?p=309855"},"modified":"2024-07-09T13:02:35","modified_gmt":"2024-07-09T09:02:35","slug":"bas-prokurorlugun-filarmoniyada-emeliyyat-kecirdiyi-bildirilir","status":"publish","type":"post","link":"https:\/\/www.meydan.tv\/az\/article\/bas-prokurorlugun-filarmoniyada-emeliyyat-kecirdiyi-bildirilir\/","title":{"rendered":"Ba\u015f Prokurorlu\u011fun Filarmoniyada \u0259m\u0259liyyat ke\u00e7irdiyi bildirilir"},"content":{"rendered":"\n<p><\/p>\n\n\n\n<p><strong><em>\u00d6zg\u0259 \u0259mlak\u0131n\u0131 talama v\u0259 k\u00fclli miqdarda r\u00fc\u015fv\u0259t alma il\u0259 cinay\u0259t i\u015fi ba\u015flan\u0131b<\/em><\/strong><\/p>\n\n\n\n<p>Ba\u015f Prokuror yan\u0131nda Korrupsiyaya qar\u015f\u0131 M\u00fcbariz\u0259 Ba\u015f \u0130dar\u0259si t\u0259r\u0259find\u0259n M\u00fcsl\u00fcm Maqomayev ad\u0131na Az\u0259rbaycan D\u00f6vl\u0259t Akademik Filarmoniyas\u0131nda \u0259m\u0259liyyat ke\u00e7irildiyi bildirilir.<\/p>\n\n\n\n<p>M\u0259d\u0259niyy\u0259t Nazirliyind\u0259n Meydan TV-y\u0259 veril\u0259n m\u0259lumata g\u00f6r\u0259, \u00f6zg\u0259 \u0259mlak\u0131n\u0131 talama v\u0259 k\u00fclli miqdarda r\u00fc\u015fv\u0259t alma da daxil bir ne\u00e7\u0259 madd\u0259 il\u0259 cinay\u0259t i\u015fi ba\u015flan\u0131b.<\/p>\n\n\n\n<p>Filarmoniyan\u0131n \u0259m\u0259kda\u015f\u0131 R\u0259\u015fad M\u0259mm\u0259dov haqq\u0131nda is\u0259 iyulun 5-d\u0259 m\u0259hk\u0259m\u0259nin q\u0259rar\u0131 il\u0259 h\u0259bs q\u0259timkan t\u0259dbiri se\u00e7ilib.<\/p>\n\n\n\n<p>\u0130\u015f \u00fczr\u0259 istintaq davam edir.<\/p>\n\n\n\n<p>Filarmoniyan\u0131n direktoru xalq artisti Murad Ad\u0131g\u00f6z\u0259lovdur.<\/p>\n","protected":false},"excerpt":{"rendered":"<p>\u00d6zg\u0259 \u0259mlak\u0131n\u0131 talama v\u0259 k\u00fclli miqdarda r\u00fc\u015fv\u0259t alma il\u0259 cinay\u0259t &#8230; <\/p>\n<p class=\"read-more-container\"><a title=\"Ba\u015f Prokurorlu\u011fun Filarmoniyada \u0259m\u0259liyyat ke\u00e7irdiyi bildirilir\" class=\"read-more button\" href=\"https:\/\/www.meydan.tv\/az\/article\/bas-prokurorlugun-filarmoniyada-emeliyyat-kecirdiyi-bildirilir\/#more-309855\" aria-label=\"Read more about Ba\u015f Prokurorlu\u011fun Filarmoniyada \u0259m\u0259liyyat ke\u00e7irdiyi bildirilir\">Davam\u0131<\/a><\/p>\n","protected":false},"author":21,"featured_media":309856,"comment_status":"closed","ping_status":"closed","sticky":false,"template":"","format":"standard","meta":{"_acf_changed":false,"_sitemap_exclude":false,"_sitemap_priority":"","_sitemap_frequency":"","footnotes":""},"categories":[62,56],"tags":[],"class_list":["post-309855","post","type-post","status-publish","format-standard","has-post-thumbnail","hentry","category-sosial","category-xeberler","infinite-scroll-item","generate-columns","tablet-grid-50","mobile-grid-100","grid-parent","grid-33","no-featured-image-padding"],"acf":[],"yoast_head":"<!-- This site is optimized with the Yoast SEO plugin v27.5 - https:\/\/yoast.com\/product\/yoast-seo-wordpress\/ -->\n<title>Ba\u015f Prokurorlu\u011fun Filarmoniyada \u0259m\u0259liyyat ke\u00e7irdiyi bildirilir - MEYDAN.TV<\/title>\n<meta name=\"description\" content=\"Korrupsiyaya qar\u015f\u0131 M\u00fcbariz\u0259 Ba\u015f \u0130dar\u0259si t\u0259r\u0259find\u0259n Az\u0259rbaycan D\u00f6vl\u0259t Akademik Filarmoniyas\u0131nda \u0259m\u0259liyyat ke\u00e7irildiyi bildirilir.\" \/>\n<meta name=\"robots\" content=\"index, follow, max-snippet:-1, max-image-preview:large, max-video-preview:-1\" \/>\n<link rel=\"canonical\" href=\"https:\/\/www.meydan.tv\/az\/article\/bas-prokurorlugun-filarmoniyada-emeliyyat-kecirdiyi-bildirilir\/\" \/>\n<meta property=\"og:locale\" content=\"az_AZ\" \/>\n<meta property=\"og:type\" content=\"article\" \/>\n<meta property=\"og:title\" content=\"Ba\u015f Prokurorlu\u011fun Filarmoniyada \u0259m\u0259liyyat ke\u00e7irdiyi bildirilir - MEYDAN.TV\" \/>\n<meta property=\"og:description\" content=\"Korrupsiyaya qar\u015f\u0131 M\u00fcbariz\u0259 Ba\u015f \u0130dar\u0259si t\u0259r\u0259find\u0259n Az\u0259rbaycan D\u00f6vl\u0259t Akademik Filarmoniyas\u0131nda \u0259m\u0259liyyat ke\u00e7irildiyi bildirilir.\" \/>\n<meta property=\"og:url\" content=\"https:\/\/www.meydan.tv\/az\/article\/bas-prokurorlugun-filarmoniyada-emeliyyat-kecirdiyi-bildirilir\/\" \/>\n<meta property=\"og:site_name\" content=\"MEYDAN.TV\" \/>\n<meta property=\"article:published_time\" content=\"2024-07-09T09:02:33+00:00\" \/>\n<meta property=\"article:modified_time\" content=\"2024-07-09T09:02:35+00:00\" \/>\n<meta property=\"og:image\" content=\"https:\/\/www.meydan.tv\/wp-content\/uploads\/filarmoniya-1-scaled.jpg\" \/>\n\t<meta property=\"og:image:width\" content=\"2560\" \/>\n\t<meta property=\"og:image:height\" content=\"1920\" \/>\n\t<meta property=\"og:image:type\" content=\"image\/jpeg\" \/>\n<meta name=\"author\" content=\"mahmud\" \/>\n<meta name=\"twitter:card\" content=\"summary_large_image\" \/>\n<script type=\"application\/ld+json\" class=\"yoast-schema-graph\">{\"@context\":\"https:\\\/\\\/schema.org\",\"@graph\":[{\"@type\":\"Article\",\"@id\":\"https:\\\/\\\/www.meydan.tv\\\/az\\\/article\\\/bas-prokurorlugun-filarmoniyada-emeliyyat-kecirdiyi-bildirilir\\\/#article\",\"isPartOf\":{\"@id\":\"https:\\\/\\\/www.meydan.tv\\\/az\\\/article\\\/bas-prokurorlugun-filarmoniyada-emeliyyat-kecirdiyi-bildirilir\\\/\"},\"author\":{\"name\":\"mahmud\",\"@id\":\"https:\\\/\\\/www.meydan.tv\\\/az\\\/#\\\/schema\\\/person\\\/09863e516102a829e72bedcf3f84c6b0\"},\"headline\":\"Ba\u015f Prokurorlu\u011fun Filarmoniyada \u0259m\u0259liyyat ke\u00e7irdiyi bildirilir\",\"datePublished\":\"2024-07-09T09:02:33+00:00\",\"dateModified\":\"2024-07-09T09:02:35+00:00\",\"mainEntityOfPage\":{\"@id\":\"https:\\\/\\\/www.meydan.tv\\\/az\\\/article\\\/bas-prokurorlugun-filarmoniyada-emeliyyat-kecirdiyi-bildirilir\\\/\"},\"wordCount\":145,\"publisher\":{\"@id\":\"https:\\\/\\\/www.meydan.tv\\\/az\\\/#organization\"},\"image\":{\"@id\":\"https:\\\/\\\/www.meydan.tv\\\/az\\\/article\\\/bas-prokurorlugun-filarmoniyada-emeliyyat-kecirdiyi-bildirilir\\\/#primaryimage\"},\"thumbnailUrl\":\"https:\\\/\\\/www.meydan.tv\\\/wp-content\\\/uploads\\\/filarmoniya-1-scaled.jpg\",\"articleSection\":[\"Sosial\",\"X\u0259b\u0259rl\u0259r\"],\"inLanguage\":\"az\"},{\"@type\":\"WebPage\",\"@id\":\"https:\\\/\\\/www.meydan.tv\\\/az\\\/article\\\/bas-prokurorlugun-filarmoniyada-emeliyyat-kecirdiyi-bildirilir\\\/\",\"url\":\"https:\\\/\\\/www.meydan.tv\\\/az\\\/article\\\/bas-prokurorlugun-filarmoniyada-emeliyyat-kecirdiyi-bildirilir\\\/\",\"name\":\"Ba\u015f Prokurorlu\u011fun Filarmoniyada \u0259m\u0259liyyat ke\u00e7irdiyi bildirilir - MEYDAN.TV\",\"isPartOf\":{\"@id\":\"https:\\\/\\\/www.meydan.tv\\\/az\\\/#website\"},\"primaryImageOfPage\":{\"@id\":\"https:\\\/\\\/www.meydan.tv\\\/az\\\/article\\\/bas-prokurorlugun-filarmoniyada-emeliyyat-kecirdiyi-bildirilir\\\/#primaryimage\"},\"image\":{\"@id\":\"https:\\\/\\\/www.meydan.tv\\\/az\\\/article\\\/bas-prokurorlugun-filarmoniyada-emeliyyat-kecirdiyi-bildirilir\\\/#primaryimage\"},\"thumbnailUrl\":\"https:\\\/\\\/www.meydan.tv\\\/wp-content\\\/uploads\\\/filarmoniya-1-scaled.jpg\",\"datePublished\":\"2024-07-09T09:02:33+00:00\",\"dateModified\":\"2024-07-09T09:02:35+00:00\",\"description\":\"Korrupsiyaya qar\u015f\u0131 M\u00fcbariz\u0259 Ba\u015f \u0130dar\u0259si t\u0259r\u0259find\u0259n Az\u0259rbaycan D\u00f6vl\u0259t Akademik Filarmoniyas\u0131nda \u0259m\u0259liyyat ke\u00e7irildiyi bildirilir.\",\"breadcrumb\":{\"@id\":\"https:\\\/\\\/www.meydan.tv\\\/az\\\/article\\\/bas-prokurorlugun-filarmoniyada-emeliyyat-kecirdiyi-bildirilir\\\/#breadcrumb\"},\"inLanguage\":\"az\",\"potentialAction\":[{\"@type\":\"ReadAction\",\"target\":[\"https:\\\/\\\/www.meydan.tv\\\/az\\\/article\\\/bas-prokurorlugun-filarmoniyada-emeliyyat-kecirdiyi-bildirilir\\\/\"]}]},{\"@type\":\"ImageObject\",\"inLanguage\":\"az\",\"@id\":\"https:\\\/\\\/www.meydan.tv\\\/az\\\/article\\\/bas-prokurorlugun-filarmoniyada-emeliyyat-kecirdiyi-bildirilir\\\/#primaryimage\",\"url\":\"https:\\\/\\\/www.meydan.tv\\\/wp-content\\\/uploads\\\/filarmoniya-1-scaled.jpg\",\"contentUrl\":\"https:\\\/\\\/www.meydan.tv\\\/wp-content\\\/uploads\\\/filarmoniya-1-scaled.jpg\",\"width\":2560,\"height\":1920,\"caption\":\"Filarmoniya. Foto: irs.gov.az\"},{\"@type\":\"BreadcrumbList\",\"@id\":\"https:\\\/\\\/www.meydan.tv\\\/az\\\/article\\\/bas-prokurorlugun-filarmoniyada-emeliyyat-kecirdiyi-bildirilir\\\/#breadcrumb\",\"itemListElement\":[{\"@type\":\"ListItem\",\"position\":1,\"name\":\"Ana s\u0259hif\u0259\",\"item\":\"https:\\\/\\\/www.meydan.tv\\\/az\\\/\"},{\"@type\":\"ListItem\",\"position\":2,\"name\":\"Sosial\",\"item\":\"https:\\\/\\\/www.meydan.tv\\\/az\\\/section\\\/sosial\\\/\"},{\"@type\":\"ListItem\",\"position\":3,\"name\":\"Ba\u015f Prokurorlu\u011fun Filarmoniyada \u0259m\u0259liyyat ke\u00e7irdiyi bildirilir\"}]},{\"@type\":\"WebSite\",\"@id\":\"https:\\\/\\\/www.meydan.tv\\\/az\\\/#website\",\"url\":\"https:\\\/\\\/www.meydan.tv\\\/az\\\/\",\"name\":\"MEYDAN.TV\",\"description\":\"Meydan TV Az\u0259rbaycan\u0131n media m\u0259kan\u0131ndak\u0131 alternativ s\u0259sidir\",\"publisher\":{\"@id\":\"https:\\\/\\\/www.meydan.tv\\\/az\\\/#organization\"},\"potentialAction\":[{\"@type\":\"SearchAction\",\"target\":{\"@type\":\"EntryPoint\",\"urlTemplate\":\"https:\\\/\\\/www.meydan.tv\\\/az\\\/?s={search_term_string}\"},\"query-input\":{\"@type\":\"PropertyValueSpecification\",\"valueRequired\":true,\"valueName\":\"search_term_string\"}}],\"inLanguage\":\"az\"},{\"@type\":\"Organization\",\"@id\":\"https:\\\/\\\/www.meydan.tv\\\/az\\\/#organization\",\"name\":\"Meydan TV\",\"url\":\"https:\\\/\\\/www.meydan.tv\\\/az\\\/\",\"logo\":{\"@type\":\"ImageObject\",\"inLanguage\":\"az\",\"@id\":\"https:\\\/\\\/www.meydan.tv\\\/az\\\/#\\\/schema\\\/logo\\\/image\\\/\",\"url\":\"https:\\\/\\\/www.meydan.tv\\\/wp-content\\\/uploads\\\/2021\\\/07\\\/meydan-logo.svg\",\"contentUrl\":\"https:\\\/\\\/www.meydan.tv\\\/wp-content\\\/uploads\\\/2021\\\/07\\\/meydan-logo.svg\",\"width\":195,\"height\":46,\"caption\":\"Meydan TV\"},\"image\":{\"@id\":\"https:\\\/\\\/www.meydan.tv\\\/az\\\/#\\\/schema\\\/logo\\\/image\\\/\"}},{\"@type\":\"Person\",\"@id\":\"https:\\\/\\\/www.meydan.tv\\\/az\\\/#\\\/schema\\\/person\\\/09863e516102a829e72bedcf3f84c6b0\",\"name\":\"mahmud\"}]}<\/script>\n<!-- \/ Yoast SEO plugin. -->","yoast_head_json":{"title":"Ba\u015f Prokurorlu\u011fun Filarmoniyada \u0259m\u0259liyyat ke\u00e7irdiyi bildirilir - MEYDAN.TV","description":"Korrupsiyaya qar\u015f\u0131 M\u00fcbariz\u0259 Ba\u015f \u0130dar\u0259si t\u0259r\u0259find\u0259n Az\u0259rbaycan D\u00f6vl\u0259t Akademik Filarmoniyas\u0131nda \u0259m\u0259liyyat ke\u00e7irildiyi bildirilir.","robots":{"index":"index","follow":"follow","max-snippet":"max-snippet:-1","max-image-preview":"max-image-preview:large","max-video-preview":"max-video-preview:-1"},"canonical":"https:\/\/www.meydan.tv\/az\/article\/bas-prokurorlugun-filarmoniyada-emeliyyat-kecirdiyi-bildirilir\/","og_locale":"az_AZ","og_type":"article","og_title":"Ba\u015f Prokurorlu\u011fun Filarmoniyada \u0259m\u0259liyyat ke\u00e7irdiyi bildirilir - MEYDAN.TV","og_description":"Korrupsiyaya qar\u015f\u0131 M\u00fcbariz\u0259 Ba\u015f \u0130dar\u0259si t\u0259r\u0259find\u0259n Az\u0259rbaycan D\u00f6vl\u0259t Akademik Filarmoniyas\u0131nda \u0259m\u0259liyyat ke\u00e7irildiyi bildirilir.","og_url":"https:\/\/www.meydan.tv\/az\/article\/bas-prokurorlugun-filarmoniyada-emeliyyat-kecirdiyi-bildirilir\/","og_site_name":"MEYDAN.TV","article_published_time":"2024-07-09T09:02:33+00:00","article_modified_time":"2024-07-09T09:02:35+00:00","og_image":[{"width":2560,"height":1920,"url":"https:\/\/www.meydan.tv\/wp-content\/uploads\/filarmoniya-1-scaled.jpg","type":"image\/jpeg"}],"author":"mahmud","twitter_card":"summary_large_image","schema":{"@context":"https:\/\/schema.org","@graph":[{"@type":"Article","@id":"https:\/\/www.meydan.tv\/az\/article\/bas-prokurorlugun-filarmoniyada-emeliyyat-kecirdiyi-bildirilir\/#article","isPartOf":{"@id":"https:\/\/www.meydan.tv\/az\/article\/bas-prokurorlugun-filarmoniyada-emeliyyat-kecirdiyi-bildirilir\/"},"author":{"name":"mahmud","@id":"https:\/\/www.meydan.tv\/az\/#\/schema\/person\/09863e516102a829e72bedcf3f84c6b0"},"headline":"Ba\u015f Prokurorlu\u011fun Filarmoniyada \u0259m\u0259liyyat ke\u00e7irdiyi bildirilir","datePublished":"2024-07-09T09:02:33+00:00","dateModified":"2024-07-09T09:02:35+00:00","mainEntityOfPage":{"@id":"https:\/\/www.meydan.tv\/az\/article\/bas-prokurorlugun-filarmoniyada-emeliyyat-kecirdiyi-bildirilir\/"},"wordCount":145,"publisher":{"@id":"https:\/\/www.meydan.tv\/az\/#organization"},"image":{"@id":"https:\/\/www.meydan.tv\/az\/article\/bas-prokurorlugun-filarmoniyada-emeliyyat-kecirdiyi-bildirilir\/#primaryimage"},"thumbnailUrl":"https:\/\/www.meydan.tv\/wp-content\/uploads\/filarmoniya-1-scaled.jpg","articleSection":["Sosial","X\u0259b\u0259rl\u0259r"],"inLanguage":"az"},{"@type":"WebPage","@id":"https:\/\/www.meydan.tv\/az\/article\/bas-prokurorlugun-filarmoniyada-emeliyyat-kecirdiyi-bildirilir\/","url":"https:\/\/www.meydan.tv\/az\/article\/bas-prokurorlugun-filarmoniyada-emeliyyat-kecirdiyi-bildirilir\/","name":"Ba\u015f Prokurorlu\u011fun Filarmoniyada \u0259m\u0259liyyat ke\u00e7irdiyi bildirilir - MEYDAN.TV","isPartOf":{"@id":"https:\/\/www.meydan.tv\/az\/#website"},"primaryImageOfPage":{"@id":"https:\/\/www.meydan.tv\/az\/article\/bas-prokurorlugun-filarmoniyada-emeliyyat-kecirdiyi-bildirilir\/#primaryimage"},"image":{"@id":"https:\/\/www.meydan.tv\/az\/article\/bas-prokurorlugun-filarmoniyada-emeliyyat-kecirdiyi-bildirilir\/#primaryimage"},"thumbnailUrl":"https:\/\/www.meydan.tv\/wp-content\/uploads\/filarmoniya-1-scaled.jpg","datePublished":"2024-07-09T09:02:33+00:00","dateModified":"2024-07-09T09:02:35+00:00","description":"Korrupsiyaya qar\u015f\u0131 M\u00fcbariz\u0259 Ba\u015f \u0130dar\u0259si t\u0259r\u0259find\u0259n Az\u0259rbaycan D\u00f6vl\u0259t Akademik Filarmoniyas\u0131nda \u0259m\u0259liyyat ke\u00e7irildiyi bildirilir.","breadcrumb":{"@id":"https:\/\/www.meydan.tv\/az\/article\/bas-prokurorlugun-filarmoniyada-emeliyyat-kecirdiyi-bildirilir\/#breadcrumb"},"inLanguage":"az","potentialAction":[{"@type":"ReadAction","target":["https:\/\/www.meydan.tv\/az\/article\/bas-prokurorlugun-filarmoniyada-emeliyyat-kecirdiyi-bildirilir\/"]}]},{"@type":"ImageObject","inLanguage":"az","@id":"https:\/\/www.meydan.tv\/az\/article\/bas-prokurorlugun-filarmoniyada-emeliyyat-kecirdiyi-bildirilir\/#primaryimage","url":"https:\/\/www.meydan.tv\/wp-content\/uploads\/filarmoniya-1-scaled.jpg","contentUrl":"https:\/\/www.meydan.tv\/wp-content\/uploads\/filarmoniya-1-scaled.jpg","width":2560,"height":1920,"caption":"Filarmoniya. Foto: irs.gov.az"},{"@type":"BreadcrumbList","@id":"https:\/\/www.meydan.tv\/az\/article\/bas-prokurorlugun-filarmoniyada-emeliyyat-kecirdiyi-bildirilir\/#breadcrumb","itemListElement":[{"@type":"ListItem","position":1,"name":"Ana s\u0259hif\u0259","item":"https:\/\/www.meydan.tv\/az\/"},{"@type":"ListItem","position":2,"name":"Sosial","item":"https:\/\/www.meydan.tv\/az\/section\/sosial\/"},{"@type":"ListItem","position":3,"name":"Ba\u015f Prokurorlu\u011fun Filarmoniyada \u0259m\u0259liyyat ke\u00e7irdiyi bildirilir"}]},{"@type":"WebSite","@id":"https:\/\/www.meydan.tv\/az\/#website","url":"https:\/\/www.meydan.tv\/az\/","name":"MEYDAN.TV","description":"Meydan TV Az\u0259rbaycan\u0131n media m\u0259kan\u0131ndak\u0131 alternativ s\u0259sidir","publisher":{"@id":"https:\/\/www.meydan.tv\/az\/#organization"},"potentialAction":[{"@type":"SearchAction","target":{"@type":"EntryPoint","urlTemplate":"https:\/\/www.meydan.tv\/az\/?s={search_term_string}"},"query-input":{"@type":"PropertyValueSpecification","valueRequired":true,"valueName":"search_term_string"}}],"inLanguage":"az"},{"@type":"Organization","@id":"https:\/\/www.meydan.tv\/az\/#organization","name":"Meydan TV","url":"https:\/\/www.meydan.tv\/az\/","logo":{"@type":"ImageObject","inLanguage":"az","@id":"https:\/\/www.meydan.tv\/az\/#\/schema\/logo\/image\/","url":"https:\/\/www.meydan.tv\/wp-content\/uploads\/2021\/07\/meydan-logo.svg","contentUrl":"https:\/\/www.meydan.tv\/wp-content\/uploads\/2021\/07\/meydan-logo.svg","width":195,"height":46,"caption":"Meydan TV"},"image":{"@id":"https:\/\/www.meydan.tv\/az\/#\/schema\/logo\/image\/"}},{"@type":"Person","@id":"https:\/\/www.meydan.tv\/az\/#\/schema\/person\/09863e516102a829e72bedcf3f84c6b0","name":"mahmud"}]}},"_links":{"self":[{"href":"https:\/\/www.meydan.tv\/az\/wp-json\/wp\/v2\/posts\/309855","targetHints":{"allow":["GET"]}}],"collection":[{"href":"https:\/\/www.meydan.tv\/az\/wp-json\/wp\/v2\/posts"}],"about":[{"href":"https:\/\/www.meydan.tv\/az\/wp-json\/wp\/v2\/types\/post"}],"author":[{"embeddable":true,"href":"https:\/\/www.meydan.tv\/az\/wp-json\/wp\/v2\/users\/21"}],"replies":[{"embeddable":true,"href":"https:\/\/www.meydan.tv\/az\/wp-json\/wp\/v2\/comments?post=309855"}],"version-history":[{"count":1,"href":"https:\/\/www.meydan.tv\/az\/wp-json\/wp\/v2\/posts\/309855\/revisions"}],"predecessor-version":[{"id":309859,"href":"https:\/\/www.meydan.tv\/az\/wp-json\/wp\/v2\/posts\/309855\/revisions\/309859"}],"wp:featuredmedia":[{"embeddable":true,"href":"https:\/\/www.meydan.tv\/az\/wp-json\/wp\/v2\/media\/309856"}],"wp:attachment":[{"href":"https:\/\/www.meydan.tv\/az\/wp-json\/wp\/v2\/media?parent=309855"}],"wp:term":[{"taxonomy":"category","embeddable":true,"href":"https:\/\/www.meydan.tv\/az\/wp-json\/wp\/v2\/categories?post=309855"},{"taxonomy":"post_tag","embeddable":true,"href":"https:\/\/www.meydan.tv\/az\/wp-json\/wp\/v2\/tags?post=309855"}],"curies":[{"name":"wp","href":"https:\/\/api.w.org\/{rel}","templated":true}]}}