{"id":309825,"date":"2024-07-08T16:15:38","date_gmt":"2024-07-08T12:15:38","guid":{"rendered":"https:\/\/www.meydan.tv\/?p=309825"},"modified":"2024-07-08T16:15:40","modified_gmt":"2024-07-08T12:15:40","slug":"azerbaycanlilarla-ermenilerin-birlikde-yasadigi-kend","status":"publish","type":"post","link":"https:\/\/www.meydan.tv\/az\/article\/azerbaycanlilarla-ermenilerin-birlikde-yasadigi-kend\/","title":{"rendered":"Az\u0259rbaycanl\u0131larla erm\u0259nil\u0259rin birlikd\u0259 ya\u015fad\u0131\u011f\u0131 k\u0259nd"},"content":{"rendered":"\n<figure class=\"wp-block-embed is-type-video is-provider-youtube wp-block-embed-youtube wp-embed-aspect-16-9 wp-has-aspect-ratio\"><div class=\"wp-block-embed__wrapper\">\n<iframe title=\"Az\u0259rbaycanl\u0131larla erm\u0259nil\u0259rin birlikd\u0259 ya\u015fad\u0131\u011f\u0131 k\u0259nd\" width=\"1200\" height=\"675\" data-src=\"https:\/\/www.youtube.com\/embed\/eV_Auj7f3CQ?feature=oembed\" frameborder=\"0\" allow=\"accelerometer; autoplay; clipboard-write; encrypted-media; gyroscope; picture-in-picture; web-share\" referrerpolicy=\"strict-origin-when-cross-origin\" allowfullscreen src=\"data:image\/svg+xml;base64,PHN2ZyB3aWR0aD0iMSIgaGVpZ2h0PSIxIiB4bWxucz0iaHR0cDovL3d3dy53My5vcmcvMjAwMC9zdmciPjwvc3ZnPg==\" class=\"lazyload\" data-load-mode=\"1\"><\/iframe>\n<\/div><\/figure>\n\n\n\n<!--more-->\n\n\n\n<p><\/p>\n\n\n\n<p>1951-ci ilin sentyabr\u0131na q\u0259d\u0259r \u00c7atax kimi tan\u0131nan Poladauri k\u0259ndind\u0259 az\u0259rbaycanl\u0131lar, erm\u0259nil\u0259r v\u0259 yunanlar uzun ill\u0259r birg\u0259 ya\u015fay\u0131blar. \u0130ndi is\u0259 \u0259ks\u0259riyy\u0259ti az\u0259rbaycanl\u0131lar olan k\u0259ndd\u0259 az sayda erm\u0259ni ail\u0259 d\u0259 var.<br><br>K\u0259ndd\u0259 ya\u015fayan erm\u0259nil\u0259r is\u0259 az\u0259rbaycandilli mediaya m\u00fcsahib\u0259 verm\u0259k ist\u0259m\u0259dil\u0259r, Bildirdil\u0259r ki, \u0259g\u0259r biz siz\u0259 m\u00fcsahib\u0259 vers\u0259k, dostlar\u0131m\u0131z bizd\u0259n inciy\u0259 bil\u0259r. \u018fslind\u0259 is\u0259 k\u0259ndd\u0259ki az\u0259rbaycanl\u0131larla mehriban qon\u015fuluqda ya\u015fad\u0131qlar\u0131n\u0131 bildirdil\u0259r.<\/p>\n\n\n\n<p>G\u00fcrc\u00fcstan-Erm\u0259nistan s\u0259rh\u0259dind\u0259 yerl\u0259\u015f\u0259n Polaudaurid\u0259 bir zamanlar az\u0259rbaycanl\u0131 v\u0259 erm\u0259nil\u0259rl\u0259 birg\u0259 yunanlar da ya\u015fay\u0131b, lakin indi 1-2 n\u0259f\u0259r qal\u0131b. K\u0259ndin ortaq dili is\u0259 \u0259sas\u0259n Az\u0259rbaycan dilidir.<\/p>\n","protected":false},"excerpt":{"rendered":"","protected":false},"author":12,"featured_media":0,"comment_status":"closed","ping_status":"closed","sticky":false,"template":"","format":"standard","meta":{"_acf_changed":false,"_sitemap_exclude":false,"_sitemap_priority":"","_sitemap_frequency":"","footnotes":""},"categories":[62,63],"tags":[],"class_list":["post-309825","post","type-post","status-publish","format-standard","hentry","category-sosial","category-video-2","infinite-scroll-item","generate-columns","tablet-grid-50","mobile-grid-100","grid-parent","grid-33","no-featured-image-padding"],"acf":[],"yoast_head":"<!-- This site is optimized with the Yoast SEO plugin v27.4 - https:\/\/yoast.com\/product\/yoast-seo-wordpress\/ -->\n<title>Az\u0259rbaycanl\u0131larla erm\u0259nil\u0259rin birlikd\u0259 ya\u015fad\u0131\u011f\u0131 k\u0259nd - MEYDAN.TV<\/title>\n<meta name=\"description\" content=\"1951-ci ilin sentyabr\u0131na q\u0259d\u0259r \u00c7atax kimi tan\u0131nan Poladauri k\u0259ndind\u0259 az\u0259rbaycanl\u0131lar, erm\u0259nil\u0259r v\u0259 yunanlar uzun ill\u0259r birg\u0259 ya\u015fay\u0131blar.\" \/>\n<meta name=\"robots\" content=\"index, follow, max-snippet:-1, max-image-preview:large, max-video-preview:-1\" \/>\n<link rel=\"canonical\" href=\"https:\/\/www.meydan.tv\/az\/article\/azerbaycanlilarla-ermenilerin-birlikde-yasadigi-kend\/\" \/>\n<meta property=\"og:locale\" content=\"az_AZ\" \/>\n<meta property=\"og:type\" content=\"article\" \/>\n<meta property=\"og:title\" content=\"Az\u0259rbaycanl\u0131larla erm\u0259nil\u0259rin birlikd\u0259 ya\u015fad\u0131\u011f\u0131 k\u0259nd - MEYDAN.TV\" \/>\n<meta property=\"og:description\" content=\"1951-ci ilin sentyabr\u0131na q\u0259d\u0259r \u00c7atax kimi tan\u0131nan Poladauri k\u0259ndind\u0259 az\u0259rbaycanl\u0131lar, erm\u0259nil\u0259r v\u0259 yunanlar uzun ill\u0259r birg\u0259 ya\u015fay\u0131blar.\" \/>\n<meta property=\"og:url\" content=\"https:\/\/www.meydan.tv\/az\/article\/azerbaycanlilarla-ermenilerin-birlikde-yasadigi-kend\/\" \/>\n<meta property=\"og:site_name\" content=\"MEYDAN.TV\" \/>\n<meta property=\"article:published_time\" content=\"2024-07-08T12:15:38+00:00\" \/>\n<meta property=\"article:modified_time\" content=\"2024-07-08T12:15:40+00:00\" \/>\n<meta name=\"author\" content=\"aleks\" \/>\n<meta name=\"twitter:card\" content=\"summary_large_image\" \/>\n<script type=\"application\/ld+json\" class=\"yoast-schema-graph\">{\"@context\":\"https:\\\/\\\/schema.org\",\"@graph\":[{\"@type\":\"Article\",\"@id\":\"https:\\\/\\\/www.meydan.tv\\\/az\\\/article\\\/azerbaycanlilarla-ermenilerin-birlikde-yasadigi-kend\\\/#article\",\"isPartOf\":{\"@id\":\"https:\\\/\\\/www.meydan.tv\\\/az\\\/article\\\/azerbaycanlilarla-ermenilerin-birlikde-yasadigi-kend\\\/\"},\"author\":{\"name\":\"aleks\",\"@id\":\"https:\\\/\\\/www.meydan.tv\\\/az\\\/#\\\/schema\\\/person\\\/476e9360e593fa131d5d71d51866f8da\"},\"headline\":\"Az\u0259rbaycanl\u0131larla erm\u0259nil\u0259rin birlikd\u0259 ya\u015fad\u0131\u011f\u0131 k\u0259nd\",\"datePublished\":\"2024-07-08T12:15:38+00:00\",\"dateModified\":\"2024-07-08T12:15:40+00:00\",\"mainEntityOfPage\":{\"@id\":\"https:\\\/\\\/www.meydan.tv\\\/az\\\/article\\\/azerbaycanlilarla-ermenilerin-birlikde-yasadigi-kend\\\/\"},\"wordCount\":162,\"publisher\":{\"@id\":\"https:\\\/\\\/www.meydan.tv\\\/az\\\/#organization\"},\"articleSection\":[\"Sosial\",\"Video\"],\"inLanguage\":\"az\"},{\"@type\":\"WebPage\",\"@id\":\"https:\\\/\\\/www.meydan.tv\\\/az\\\/article\\\/azerbaycanlilarla-ermenilerin-birlikde-yasadigi-kend\\\/\",\"url\":\"https:\\\/\\\/www.meydan.tv\\\/az\\\/article\\\/azerbaycanlilarla-ermenilerin-birlikde-yasadigi-kend\\\/\",\"name\":\"Az\u0259rbaycanl\u0131larla erm\u0259nil\u0259rin birlikd\u0259 ya\u015fad\u0131\u011f\u0131 k\u0259nd - MEYDAN.TV\",\"isPartOf\":{\"@id\":\"https:\\\/\\\/www.meydan.tv\\\/az\\\/#website\"},\"datePublished\":\"2024-07-08T12:15:38+00:00\",\"dateModified\":\"2024-07-08T12:15:40+00:00\",\"description\":\"1951-ci ilin sentyabr\u0131na q\u0259d\u0259r \u00c7atax kimi tan\u0131nan Poladauri k\u0259ndind\u0259 az\u0259rbaycanl\u0131lar, erm\u0259nil\u0259r v\u0259 yunanlar uzun ill\u0259r birg\u0259 ya\u015fay\u0131blar.\",\"breadcrumb\":{\"@id\":\"https:\\\/\\\/www.meydan.tv\\\/az\\\/article\\\/azerbaycanlilarla-ermenilerin-birlikde-yasadigi-kend\\\/#breadcrumb\"},\"inLanguage\":\"az\",\"potentialAction\":[{\"@type\":\"ReadAction\",\"target\":[\"https:\\\/\\\/www.meydan.tv\\\/az\\\/article\\\/azerbaycanlilarla-ermenilerin-birlikde-yasadigi-kend\\\/\"]}]},{\"@type\":\"BreadcrumbList\",\"@id\":\"https:\\\/\\\/www.meydan.tv\\\/az\\\/article\\\/azerbaycanlilarla-ermenilerin-birlikde-yasadigi-kend\\\/#breadcrumb\",\"itemListElement\":[{\"@type\":\"ListItem\",\"position\":1,\"name\":\"Ana s\u0259hif\u0259\",\"item\":\"https:\\\/\\\/www.meydan.tv\\\/az\\\/\"},{\"@type\":\"ListItem\",\"position\":2,\"name\":\"Video\",\"item\":\"https:\\\/\\\/www.meydan.tv\\\/az\\\/section\\\/video-2\\\/\"},{\"@type\":\"ListItem\",\"position\":3,\"name\":\"Az\u0259rbaycanl\u0131larla erm\u0259nil\u0259rin birlikd\u0259 ya\u015fad\u0131\u011f\u0131 k\u0259nd\"}]},{\"@type\":\"WebSite\",\"@id\":\"https:\\\/\\\/www.meydan.tv\\\/az\\\/#website\",\"url\":\"https:\\\/\\\/www.meydan.tv\\\/az\\\/\",\"name\":\"MEYDAN.TV\",\"description\":\"Meydan TV Az\u0259rbaycan\u0131n media m\u0259kan\u0131ndak\u0131 alternativ s\u0259sidir\",\"publisher\":{\"@id\":\"https:\\\/\\\/www.meydan.tv\\\/az\\\/#organization\"},\"potentialAction\":[{\"@type\":\"SearchAction\",\"target\":{\"@type\":\"EntryPoint\",\"urlTemplate\":\"https:\\\/\\\/www.meydan.tv\\\/az\\\/?s={search_term_string}\"},\"query-input\":{\"@type\":\"PropertyValueSpecification\",\"valueRequired\":true,\"valueName\":\"search_term_string\"}}],\"inLanguage\":\"az\"},{\"@type\":\"Organization\",\"@id\":\"https:\\\/\\\/www.meydan.tv\\\/az\\\/#organization\",\"name\":\"Meydan TV\",\"url\":\"https:\\\/\\\/www.meydan.tv\\\/az\\\/\",\"logo\":{\"@type\":\"ImageObject\",\"inLanguage\":\"az\",\"@id\":\"https:\\\/\\\/www.meydan.tv\\\/az\\\/#\\\/schema\\\/logo\\\/image\\\/\",\"url\":\"https:\\\/\\\/www.meydan.tv\\\/wp-content\\\/uploads\\\/2021\\\/07\\\/meydan-logo.svg\",\"contentUrl\":\"https:\\\/\\\/www.meydan.tv\\\/wp-content\\\/uploads\\\/2021\\\/07\\\/meydan-logo.svg\",\"width\":195,\"height\":46,\"caption\":\"Meydan TV\"},\"image\":{\"@id\":\"https:\\\/\\\/www.meydan.tv\\\/az\\\/#\\\/schema\\\/logo\\\/image\\\/\"}},{\"@type\":\"Person\",\"@id\":\"https:\\\/\\\/www.meydan.tv\\\/az\\\/#\\\/schema\\\/person\\\/476e9360e593fa131d5d71d51866f8da\",\"name\":\"aleks\"}]}<\/script>\n<!-- \/ Yoast SEO plugin. -->","yoast_head_json":{"title":"Az\u0259rbaycanl\u0131larla erm\u0259nil\u0259rin birlikd\u0259 ya\u015fad\u0131\u011f\u0131 k\u0259nd - MEYDAN.TV","description":"1951-ci ilin sentyabr\u0131na q\u0259d\u0259r \u00c7atax kimi tan\u0131nan Poladauri k\u0259ndind\u0259 az\u0259rbaycanl\u0131lar, erm\u0259nil\u0259r v\u0259 yunanlar uzun ill\u0259r birg\u0259 ya\u015fay\u0131blar.","robots":{"index":"index","follow":"follow","max-snippet":"max-snippet:-1","max-image-preview":"max-image-preview:large","max-video-preview":"max-video-preview:-1"},"canonical":"https:\/\/www.meydan.tv\/az\/article\/azerbaycanlilarla-ermenilerin-birlikde-yasadigi-kend\/","og_locale":"az_AZ","og_type":"article","og_title":"Az\u0259rbaycanl\u0131larla erm\u0259nil\u0259rin birlikd\u0259 ya\u015fad\u0131\u011f\u0131 k\u0259nd - MEYDAN.TV","og_description":"1951-ci ilin sentyabr\u0131na q\u0259d\u0259r \u00c7atax kimi tan\u0131nan Poladauri k\u0259ndind\u0259 az\u0259rbaycanl\u0131lar, erm\u0259nil\u0259r v\u0259 yunanlar uzun ill\u0259r birg\u0259 ya\u015fay\u0131blar.","og_url":"https:\/\/www.meydan.tv\/az\/article\/azerbaycanlilarla-ermenilerin-birlikde-yasadigi-kend\/","og_site_name":"MEYDAN.TV","article_published_time":"2024-07-08T12:15:38+00:00","article_modified_time":"2024-07-08T12:15:40+00:00","author":"aleks","twitter_card":"summary_large_image","schema":{"@context":"https:\/\/schema.org","@graph":[{"@type":"Article","@id":"https:\/\/www.meydan.tv\/az\/article\/azerbaycanlilarla-ermenilerin-birlikde-yasadigi-kend\/#article","isPartOf":{"@id":"https:\/\/www.meydan.tv\/az\/article\/azerbaycanlilarla-ermenilerin-birlikde-yasadigi-kend\/"},"author":{"name":"aleks","@id":"https:\/\/www.meydan.tv\/az\/#\/schema\/person\/476e9360e593fa131d5d71d51866f8da"},"headline":"Az\u0259rbaycanl\u0131larla erm\u0259nil\u0259rin birlikd\u0259 ya\u015fad\u0131\u011f\u0131 k\u0259nd","datePublished":"2024-07-08T12:15:38+00:00","dateModified":"2024-07-08T12:15:40+00:00","mainEntityOfPage":{"@id":"https:\/\/www.meydan.tv\/az\/article\/azerbaycanlilarla-ermenilerin-birlikde-yasadigi-kend\/"},"wordCount":162,"publisher":{"@id":"https:\/\/www.meydan.tv\/az\/#organization"},"articleSection":["Sosial","Video"],"inLanguage":"az"},{"@type":"WebPage","@id":"https:\/\/www.meydan.tv\/az\/article\/azerbaycanlilarla-ermenilerin-birlikde-yasadigi-kend\/","url":"https:\/\/www.meydan.tv\/az\/article\/azerbaycanlilarla-ermenilerin-birlikde-yasadigi-kend\/","name":"Az\u0259rbaycanl\u0131larla erm\u0259nil\u0259rin birlikd\u0259 ya\u015fad\u0131\u011f\u0131 k\u0259nd - MEYDAN.TV","isPartOf":{"@id":"https:\/\/www.meydan.tv\/az\/#website"},"datePublished":"2024-07-08T12:15:38+00:00","dateModified":"2024-07-08T12:15:40+00:00","description":"1951-ci ilin sentyabr\u0131na q\u0259d\u0259r \u00c7atax kimi tan\u0131nan Poladauri k\u0259ndind\u0259 az\u0259rbaycanl\u0131lar, erm\u0259nil\u0259r v\u0259 yunanlar uzun ill\u0259r birg\u0259 ya\u015fay\u0131blar.","breadcrumb":{"@id":"https:\/\/www.meydan.tv\/az\/article\/azerbaycanlilarla-ermenilerin-birlikde-yasadigi-kend\/#breadcrumb"},"inLanguage":"az","potentialAction":[{"@type":"ReadAction","target":["https:\/\/www.meydan.tv\/az\/article\/azerbaycanlilarla-ermenilerin-birlikde-yasadigi-kend\/"]}]},{"@type":"BreadcrumbList","@id":"https:\/\/www.meydan.tv\/az\/article\/azerbaycanlilarla-ermenilerin-birlikde-yasadigi-kend\/#breadcrumb","itemListElement":[{"@type":"ListItem","position":1,"name":"Ana s\u0259hif\u0259","item":"https:\/\/www.meydan.tv\/az\/"},{"@type":"ListItem","position":2,"name":"Video","item":"https:\/\/www.meydan.tv\/az\/section\/video-2\/"},{"@type":"ListItem","position":3,"name":"Az\u0259rbaycanl\u0131larla erm\u0259nil\u0259rin birlikd\u0259 ya\u015fad\u0131\u011f\u0131 k\u0259nd"}]},{"@type":"WebSite","@id":"https:\/\/www.meydan.tv\/az\/#website","url":"https:\/\/www.meydan.tv\/az\/","name":"MEYDAN.TV","description":"Meydan TV Az\u0259rbaycan\u0131n media m\u0259kan\u0131ndak\u0131 alternativ s\u0259sidir","publisher":{"@id":"https:\/\/www.meydan.tv\/az\/#organization"},"potentialAction":[{"@type":"SearchAction","target":{"@type":"EntryPoint","urlTemplate":"https:\/\/www.meydan.tv\/az\/?s={search_term_string}"},"query-input":{"@type":"PropertyValueSpecification","valueRequired":true,"valueName":"search_term_string"}}],"inLanguage":"az"},{"@type":"Organization","@id":"https:\/\/www.meydan.tv\/az\/#organization","name":"Meydan TV","url":"https:\/\/www.meydan.tv\/az\/","logo":{"@type":"ImageObject","inLanguage":"az","@id":"https:\/\/www.meydan.tv\/az\/#\/schema\/logo\/image\/","url":"https:\/\/www.meydan.tv\/wp-content\/uploads\/2021\/07\/meydan-logo.svg","contentUrl":"https:\/\/www.meydan.tv\/wp-content\/uploads\/2021\/07\/meydan-logo.svg","width":195,"height":46,"caption":"Meydan TV"},"image":{"@id":"https:\/\/www.meydan.tv\/az\/#\/schema\/logo\/image\/"}},{"@type":"Person","@id":"https:\/\/www.meydan.tv\/az\/#\/schema\/person\/476e9360e593fa131d5d71d51866f8da","name":"aleks"}]}},"_links":{"self":[{"href":"https:\/\/www.meydan.tv\/az\/wp-json\/wp\/v2\/posts\/309825","targetHints":{"allow":["GET"]}}],"collection":[{"href":"https:\/\/www.meydan.tv\/az\/wp-json\/wp\/v2\/posts"}],"about":[{"href":"https:\/\/www.meydan.tv\/az\/wp-json\/wp\/v2\/types\/post"}],"author":[{"embeddable":true,"href":"https:\/\/www.meydan.tv\/az\/wp-json\/wp\/v2\/users\/12"}],"replies":[{"embeddable":true,"href":"https:\/\/www.meydan.tv\/az\/wp-json\/wp\/v2\/comments?post=309825"}],"version-history":[{"count":4,"href":"https:\/\/www.meydan.tv\/az\/wp-json\/wp\/v2\/posts\/309825\/revisions"}],"predecessor-version":[{"id":309829,"href":"https:\/\/www.meydan.tv\/az\/wp-json\/wp\/v2\/posts\/309825\/revisions\/309829"}],"wp:attachment":[{"href":"https:\/\/www.meydan.tv\/az\/wp-json\/wp\/v2\/media?parent=309825"}],"wp:term":[{"taxonomy":"category","embeddable":true,"href":"https:\/\/www.meydan.tv\/az\/wp-json\/wp\/v2\/categories?post=309825"},{"taxonomy":"post_tag","embeddable":true,"href":"https:\/\/www.meydan.tv\/az\/wp-json\/wp\/v2\/tags?post=309825"}],"curies":[{"name":"wp","href":"https:\/\/api.w.org\/{rel}","templated":true}]}}