{"id":309808,"date":"2024-07-08T15:26:21","date_gmt":"2024-07-08T11:26:21","guid":{"rendered":"https:\/\/www.meydan.tv\/?p=309808"},"modified":"2024-07-08T17:48:46","modified_gmt":"2024-07-08T13:48:46","slug":"rusiya-ukraynada-usaq-xestexanasini-vurub-olen-ve-yaralananlar-var","status":"publish","type":"post","link":"https:\/\/www.meydan.tv\/az\/article\/rusiya-ukraynada-usaq-xestexanasini-vurub-olen-ve-yaralananlar-var\/","title":{"rendered":"Rusiya Ukraynada U\u015faq X\u0259st\u0259xanas\u0131n\u0131 vurub: \u00f6l\u0259n v\u0259 yaralananlar var (yenil\u0259nib)"},"content":{"rendered":"\n<figure class=\"wp-block-embed is-type-video is-provider-youtube wp-block-embed-youtube wp-embed-aspect-16-9 wp-has-aspect-ratio\"><div class=\"wp-block-embed__wrapper\">\n<iframe title=\"Rusiya Ukraynada U\u015faq X\u0259st\u0259xanas\u0131n\u0131 vurub: \u00f6l\u0259n v\u0259 yaralananlar var\" width=\"1200\" height=\"675\" data-src=\"https:\/\/www.youtube.com\/embed\/UpY5bQLyEz4?feature=oembed\" frameborder=\"0\" allow=\"accelerometer; autoplay; clipboard-write; encrypted-media; gyroscope; picture-in-picture; web-share\" referrerpolicy=\"strict-origin-when-cross-origin\" allowfullscreen src=\"data:image\/svg+xml;base64,PHN2ZyB3aWR0aD0iMSIgaGVpZ2h0PSIxIiB4bWxucz0iaHR0cDovL3d3dy53My5vcmcvMjAwMC9zdmciPjwvc3ZnPg==\" class=\"lazyload\" data-load-mode=\"1\"><\/iframe>\n<\/div><\/figure>\n\n\n\n<!--more-->\n\n\n\n<p>Rusiyan\u0131n Ukraynan\u0131n m\u00fcxt\u0259lif \u0259razil\u0259rin\u0259 endirdiyi aviaz\u0259rb\u0259l\u0259r n\u0259tic\u0259sind\u0259 \u00f6l\u0259nl\u0259rin say\u0131 31, yaralananlar\u0131n is\u0259 150 n\u0259f\u0259r\u0259 \u00e7atd\u0131\u011f\u0131 bildirilir.<\/p>\n\n\n\n<p>Ukraynan\u0131n daxili i\u015fl\u0259r naziri \u0130qor Klimenko \u201cTelegram\u201d kanal\u0131nda <a href=\"https:\/\/t.me\/Klymenko_MVS\/1011\" target=\"_blank\" rel=\"noreferrer noopener\">yaz\u0131b<\/a> ki, h\u00fccum n\u0259tic\u0259sind\u0259 50-d\u0259n \u00e7ox m\u00fclki obyekt\u0259, o c\u00fcml\u0259d\u0259n ya\u015fay\u0131\u015f binalar\u0131na, biznes m\u0259rk\u0259zin\u0259 v\u0259 iki tibb m\u00fc\u0259ssis\u0259sin\u0259 ziyan d\u0259yib.<\/p>\n\n\n\n<hr class=\"wp-block-separator has-alpha-channel-opacity\"\/>\n\n\n\n<p><strong><em>H\u00fccum n\u0259tic\u0259sind\u0259 20-d\u0259n \u00e7ox adam \u00f6l\u00fcb, 50-y\u0259 yax\u0131n adam yaralan\u0131b<\/em><\/strong><\/p>\n\n\n\n<p>\u0130yulun 8-d\u0259 s\u0259h\u0259r saatlar\u0131nda Rusiya Silahl\u0131 Q\u00fcvv\u0259l\u0259rinin Kiyev\u0259 v\u0259 Ukraynan\u0131n dig\u0259r \u015f\u0259h\u0259rl\u0259rin\u0259 k\u00fctl\u0259vi raket z\u0259rb\u0259l\u0259ri endirdiyi bildirilir.<\/p>\n\n\n\n<p>Ukrayna Prezidenti Volodimir Zelenskinin \u201cTelegram\u201d kanal\u0131nda <a href=\"https:\/\/t.me\/V_Zelenskiy_official\/11047\" target=\"_blank\" rel=\"noreferrer noopener\">yazd\u0131\u011f\u0131na<\/a> g\u00f6r\u0259, h\u00fccum zaman\u0131 m\u00fcxt\u0259lif tipli 40-dan \u00e7ox raketd\u0259n istifad\u0259 edilib.<\/p>\n\n\n\n<p>Kiyev, Dnepr, Krivoy Roq, Slavyansk v\u0259 Kramatorsk \u015f\u0259h\u0259rl\u0259ri h\u00fccuma m\u0259ruz qal\u0131b.<\/p>\n\n\n\n<p>Ukraynan\u0131n daxili i\u015fl\u0259r naziri \u0130qor Klimenko bildirib ki, \u00fcmumilikd\u0259 Ukraynaya h\u00fccum n\u0259tic\u0259sind\u0259 20-y\u0259 yax\u0131n adam \u00f6l\u00fcb, 50-y\u0259 yax\u0131n adam yaralan\u0131b.<\/p>\n\n\n<div class=\"wp-block-image\">\n<figure class=\"alignleft size-full is-resized\"><img decoding=\"async\" width=\"275\" height=\"183\" data-src=\"https:\/\/www.meydan.tv\/wp-content\/uploads\/images-1.jpg\" alt=\"\" class=\"wp-image-309812 lazyload\" style=\"--smush-placeholder-width: 275px; --smush-placeholder-aspect-ratio: 275\/183;width:376px;height:auto\" src=\"data:image\/svg+xml;base64,PHN2ZyB3aWR0aD0iMSIgaGVpZ2h0PSIxIiB4bWxucz0iaHR0cDovL3d3dy53My5vcmcvMjAwMC9zdmciPjwvc3ZnPg==\" \/><figcaption class=\"wp-element-caption\">Ukraynada U\u015faq X\u0259st\u0259xanas\u0131. Foto: Reuters<\/figcaption><\/figure>\n<\/div>\n\n\n<p>Kiyevin meri Vitali Kl\u0131\u00e7ko bildirib ki, raket h\u00fccumu n\u0259tic\u0259sind\u0259 \u201cOxmatdet\u201d Milli \u0130xtisasla\u015fd\u0131r\u0131lm\u0131\u015f U\u015faq X\u0259st\u0259xanas\u0131n\u0131n binas\u0131 vurulub.<\/p>\n\n\n\n<p>Ukraynan\u0131n S\u0259hiyy\u0259 naziri Viktor Lya\u015fko bildirib ki, \u201cOxmatdet\u201d x\u0259st\u0259xanas\u0131nda x\u0259sar\u0259t alanlar var.<\/p>\n\n\n\n<p>Onun s\u00f6zl\u0259rin\u0259 g\u00f6r\u0259, raket u\u015faqlar\u0131n dializ ald\u0131\u011f\u0131 binaya d\u00fc\u015f\u00fcb.<\/p>\n\n\n\n<p>Reanimasiya, \u0259m\u0259liyyat v\u0259 onkologiya \u015f\u00f6b\u0259l\u0259rin\u0259 ziyan d\u0259yib.<\/p>\n\n\n\n<p>Ukrayna Prezidentinin aparat\u0131n\u0131n r\u0259hb\u0259rinin kommunikasiyalar \u00fczr\u0259 m\u00fc\u015faviri Daria Zarivna u\u015faq x\u0259st\u0259xanas\u0131n\u0131n at\u0259\u015f\u0259 tutulmas\u0131 n\u0259tic\u0259sind\u0259 yaralanan u\u015fa\u011f\u0131n fotosunu \u201cTelegram\u201d kanal\u0131nda <a href=\"https:\/\/t.me\/dashazarivna\/1375\" target=\"_blank\" rel=\"noreferrer noopener\">d\u0259rc edib<\/a>.<\/p>\n\n\n\n<p>Ukrayna Prezidentinin ofisinin r\u0259hb\u0259ri Andrey Yermak <a href=\"https:\/\/t.me\/ermaka2022\/4966\" target=\"_blank\" rel=\"noreferrer noopener\">bildirib<\/a> ki, rus qo\u015funlar\u0131 u\u015faq x\u0259st\u0259xanas\u0131n\u0131 m\u0259qs\u0259dli \u015f\u0259kild\u0259 vurub.<\/p>\n\n\n\n<p>Ukrayna Prezidenti Vladimir Zelenski x\u0259st\u0259xanada da\u011f\u0131nt\u0131lar alt\u0131nda insanlar\u0131n oldu\u011funu, yaral\u0131lar\u0131n v\u0259 \u00f6l\u0259nl\u0259rin d\u0259qiq say\u0131n\u0131n h\u0259l\u0259lik m\u0259lum olmad\u0131\u011f\u0131n\u0131 <a href=\"https:\/\/t.me\/V_Zelenskiy_official\/11049\">bildirib<\/a>.<\/p>\n\n\n\n<p>Zelenski ba\u015f ver\u0259nl\u0259ri \u201cterror\u201d adland\u0131r\u0131b v\u0259 b\u00fct\u00fcn d\u00fcnyan\u0131 bu haqs\u0131l\u0131\u011fa g\u00f6z yummama\u011fa \u00e7a\u011f\u0131r\u0131b.<\/p>\n\n\n\n<p>Rusiya Ukraynaya qar\u015f\u0131 m\u00fcharib\u0259y\u0259 2022-ci il fevral\u0131n 24-d\u0259n ba\u015flay\u0131b.<\/p>\n","protected":false},"excerpt":{"rendered":"","protected":false},"author":21,"featured_media":309819,"comment_status":"closed","ping_status":"closed","sticky":false,"template":"","format":"standard","meta":{"_acf_changed":false,"_sitemap_exclude":false,"_sitemap_priority":"","_sitemap_frequency":"","footnotes":""},"categories":[64,59,63,56],"tags":[],"class_list":["post-309808","post","type-post","status-publish","format-standard","has-post-thumbnail","hentry","category-dunya","category-siyaset","category-video-2","category-xeberler","infinite-scroll-item","generate-columns","tablet-grid-50","mobile-grid-100","grid-parent","grid-33","no-featured-image-padding"],"acf":[],"yoast_head":"<!-- This site is optimized with the Yoast SEO plugin v27.4 - https:\/\/yoast.com\/product\/yoast-seo-wordpress\/ -->\n<title>Rusiya Ukraynada U\u015faq X\u0259st\u0259xanas\u0131n\u0131 vurub<\/title>\n<meta name=\"description\" content=\"\u0130yulun 8-d\u0259 Rusiya Silahl\u0131 Q\u00fcvv\u0259l\u0259rinin Kiyev\u0259 v\u0259 Ukraynan\u0131n dig\u0259r \u015f\u0259h\u0259rl\u0259rin\u0259 k\u00fctl\u0259vi raket z\u0259rb\u0259l\u0259ri endirdiyi bildirilir.\" \/>\n<meta name=\"robots\" content=\"index, follow, max-snippet:-1, max-image-preview:large, max-video-preview:-1\" \/>\n<link rel=\"canonical\" href=\"https:\/\/www.meydan.tv\/az\/article\/rusiya-ukraynada-usaq-xestexanasini-vurub-olen-ve-yaralananlar-var\/\" \/>\n<meta property=\"og:locale\" content=\"az_AZ\" \/>\n<meta property=\"og:type\" content=\"article\" \/>\n<meta property=\"og:title\" content=\"Rusiya Ukraynada U\u015faq X\u0259st\u0259xanas\u0131n\u0131 vurub\" \/>\n<meta property=\"og:description\" content=\"\u0130yulun 8-d\u0259 Rusiya Silahl\u0131 Q\u00fcvv\u0259l\u0259rinin Kiyev\u0259 v\u0259 Ukraynan\u0131n dig\u0259r \u015f\u0259h\u0259rl\u0259rin\u0259 k\u00fctl\u0259vi raket z\u0259rb\u0259l\u0259ri endirdiyi bildirilir.\" \/>\n<meta property=\"og:url\" content=\"https:\/\/www.meydan.tv\/az\/article\/rusiya-ukraynada-usaq-xestexanasini-vurub-olen-ve-yaralananlar-var\/\" \/>\n<meta property=\"og:site_name\" content=\"MEYDAN.TV\" \/>\n<meta property=\"article:published_time\" content=\"2024-07-08T11:26:21+00:00\" \/>\n<meta property=\"article:modified_time\" content=\"2024-07-08T13:48:46+00:00\" \/>\n<meta property=\"og:image\" content=\"https:\/\/www.meydan.tv\/wp-content\/uploads\/2024-07-08t111356z_801317932_rc2wq8aflgsd_rtrmadp_3_ukraine-crisis-attack-kyiv_720.jpg\" \/>\n\t<meta property=\"og:image:width\" content=\"720\" \/>\n\t<meta property=\"og:image:height\" content=\"480\" \/>\n\t<meta property=\"og:image:type\" content=\"image\/jpeg\" \/>\n<meta name=\"author\" content=\"mahmud\" \/>\n<meta name=\"twitter:card\" content=\"summary_large_image\" \/>\n<script type=\"application\/ld+json\" class=\"yoast-schema-graph\">{\"@context\":\"https:\\\/\\\/schema.org\",\"@graph\":[{\"@type\":\"Article\",\"@id\":\"https:\\\/\\\/www.meydan.tv\\\/az\\\/article\\\/rusiya-ukraynada-usaq-xestexanasini-vurub-olen-ve-yaralananlar-var\\\/#article\",\"isPartOf\":{\"@id\":\"https:\\\/\\\/www.meydan.tv\\\/az\\\/article\\\/rusiya-ukraynada-usaq-xestexanasini-vurub-olen-ve-yaralananlar-var\\\/\"},\"author\":{\"name\":\"mahmud\",\"@id\":\"https:\\\/\\\/www.meydan.tv\\\/az\\\/#\\\/schema\\\/person\\\/09863e516102a829e72bedcf3f84c6b0\"},\"headline\":\"Rusiya Ukraynada U\u015faq X\u0259st\u0259xanas\u0131n\u0131 vurub: \u00f6l\u0259n v\u0259 yaralananlar var (yenil\u0259nib)\",\"datePublished\":\"2024-07-08T11:26:21+00:00\",\"dateModified\":\"2024-07-08T13:48:46+00:00\",\"mainEntityOfPage\":{\"@id\":\"https:\\\/\\\/www.meydan.tv\\\/az\\\/article\\\/rusiya-ukraynada-usaq-xestexanasini-vurub-olen-ve-yaralananlar-var\\\/\"},\"wordCount\":441,\"publisher\":{\"@id\":\"https:\\\/\\\/www.meydan.tv\\\/az\\\/#organization\"},\"image\":{\"@id\":\"https:\\\/\\\/www.meydan.tv\\\/az\\\/article\\\/rusiya-ukraynada-usaq-xestexanasini-vurub-olen-ve-yaralananlar-var\\\/#primaryimage\"},\"thumbnailUrl\":\"https:\\\/\\\/www.meydan.tv\\\/wp-content\\\/uploads\\\/2024-07-08t111356z_801317932_rc2wq8aflgsd_rtrmadp_3_ukraine-crisis-attack-kyiv_720.jpg\",\"articleSection\":[\"D\u00fcnya\",\"Siyas\u0259t\",\"Video\",\"X\u0259b\u0259rl\u0259r\"],\"inLanguage\":\"az\"},{\"@type\":\"WebPage\",\"@id\":\"https:\\\/\\\/www.meydan.tv\\\/az\\\/article\\\/rusiya-ukraynada-usaq-xestexanasini-vurub-olen-ve-yaralananlar-var\\\/\",\"url\":\"https:\\\/\\\/www.meydan.tv\\\/az\\\/article\\\/rusiya-ukraynada-usaq-xestexanasini-vurub-olen-ve-yaralananlar-var\\\/\",\"name\":\"Rusiya Ukraynada U\u015faq X\u0259st\u0259xanas\u0131n\u0131 vurub\",\"isPartOf\":{\"@id\":\"https:\\\/\\\/www.meydan.tv\\\/az\\\/#website\"},\"primaryImageOfPage\":{\"@id\":\"https:\\\/\\\/www.meydan.tv\\\/az\\\/article\\\/rusiya-ukraynada-usaq-xestexanasini-vurub-olen-ve-yaralananlar-var\\\/#primaryimage\"},\"image\":{\"@id\":\"https:\\\/\\\/www.meydan.tv\\\/az\\\/article\\\/rusiya-ukraynada-usaq-xestexanasini-vurub-olen-ve-yaralananlar-var\\\/#primaryimage\"},\"thumbnailUrl\":\"https:\\\/\\\/www.meydan.tv\\\/wp-content\\\/uploads\\\/2024-07-08t111356z_801317932_rc2wq8aflgsd_rtrmadp_3_ukraine-crisis-attack-kyiv_720.jpg\",\"datePublished\":\"2024-07-08T11:26:21+00:00\",\"dateModified\":\"2024-07-08T13:48:46+00:00\",\"description\":\"\u0130yulun 8-d\u0259 Rusiya Silahl\u0131 Q\u00fcvv\u0259l\u0259rinin Kiyev\u0259 v\u0259 Ukraynan\u0131n dig\u0259r \u015f\u0259h\u0259rl\u0259rin\u0259 k\u00fctl\u0259vi raket z\u0259rb\u0259l\u0259ri endirdiyi bildirilir.\",\"breadcrumb\":{\"@id\":\"https:\\\/\\\/www.meydan.tv\\\/az\\\/article\\\/rusiya-ukraynada-usaq-xestexanasini-vurub-olen-ve-yaralananlar-var\\\/#breadcrumb\"},\"inLanguage\":\"az\",\"potentialAction\":[{\"@type\":\"ReadAction\",\"target\":[\"https:\\\/\\\/www.meydan.tv\\\/az\\\/article\\\/rusiya-ukraynada-usaq-xestexanasini-vurub-olen-ve-yaralananlar-var\\\/\"]}]},{\"@type\":\"ImageObject\",\"inLanguage\":\"az\",\"@id\":\"https:\\\/\\\/www.meydan.tv\\\/az\\\/article\\\/rusiya-ukraynada-usaq-xestexanasini-vurub-olen-ve-yaralananlar-var\\\/#primaryimage\",\"url\":\"https:\\\/\\\/www.meydan.tv\\\/wp-content\\\/uploads\\\/2024-07-08t111356z_801317932_rc2wq8aflgsd_rtrmadp_3_ukraine-crisis-attack-kyiv_720.jpg\",\"contentUrl\":\"https:\\\/\\\/www.meydan.tv\\\/wp-content\\\/uploads\\\/2024-07-08t111356z_801317932_rc2wq8aflgsd_rtrmadp_3_ukraine-crisis-attack-kyiv_720.jpg\",\"width\":720,\"height\":480,\"caption\":\"Ukraynada U\u015faq X\u0259st\u0259xanas\u0131. Foto: REUTERS\\\/Valentyn Ogirenko\"},{\"@type\":\"BreadcrumbList\",\"@id\":\"https:\\\/\\\/www.meydan.tv\\\/az\\\/article\\\/rusiya-ukraynada-usaq-xestexanasini-vurub-olen-ve-yaralananlar-var\\\/#breadcrumb\",\"itemListElement\":[{\"@type\":\"ListItem\",\"position\":1,\"name\":\"Ana s\u0259hif\u0259\",\"item\":\"https:\\\/\\\/www.meydan.tv\\\/az\\\/\"},{\"@type\":\"ListItem\",\"position\":2,\"name\":\"D\u00fcnya\",\"item\":\"https:\\\/\\\/www.meydan.tv\\\/az\\\/section\\\/dunya\\\/\"},{\"@type\":\"ListItem\",\"position\":3,\"name\":\"Rusiya Ukraynada U\u015faq X\u0259st\u0259xanas\u0131n\u0131 vurub: \u00f6l\u0259n v\u0259 yaralananlar var (yenil\u0259nib)\"}]},{\"@type\":\"WebSite\",\"@id\":\"https:\\\/\\\/www.meydan.tv\\\/az\\\/#website\",\"url\":\"https:\\\/\\\/www.meydan.tv\\\/az\\\/\",\"name\":\"MEYDAN.TV\",\"description\":\"Meydan TV Az\u0259rbaycan\u0131n media m\u0259kan\u0131ndak\u0131 alternativ s\u0259sidir\",\"publisher\":{\"@id\":\"https:\\\/\\\/www.meydan.tv\\\/az\\\/#organization\"},\"potentialAction\":[{\"@type\":\"SearchAction\",\"target\":{\"@type\":\"EntryPoint\",\"urlTemplate\":\"https:\\\/\\\/www.meydan.tv\\\/az\\\/?s={search_term_string}\"},\"query-input\":{\"@type\":\"PropertyValueSpecification\",\"valueRequired\":true,\"valueName\":\"search_term_string\"}}],\"inLanguage\":\"az\"},{\"@type\":\"Organization\",\"@id\":\"https:\\\/\\\/www.meydan.tv\\\/az\\\/#organization\",\"name\":\"Meydan TV\",\"url\":\"https:\\\/\\\/www.meydan.tv\\\/az\\\/\",\"logo\":{\"@type\":\"ImageObject\",\"inLanguage\":\"az\",\"@id\":\"https:\\\/\\\/www.meydan.tv\\\/az\\\/#\\\/schema\\\/logo\\\/image\\\/\",\"url\":\"https:\\\/\\\/www.meydan.tv\\\/wp-content\\\/uploads\\\/2021\\\/07\\\/meydan-logo.svg\",\"contentUrl\":\"https:\\\/\\\/www.meydan.tv\\\/wp-content\\\/uploads\\\/2021\\\/07\\\/meydan-logo.svg\",\"width\":195,\"height\":46,\"caption\":\"Meydan TV\"},\"image\":{\"@id\":\"https:\\\/\\\/www.meydan.tv\\\/az\\\/#\\\/schema\\\/logo\\\/image\\\/\"}},{\"@type\":\"Person\",\"@id\":\"https:\\\/\\\/www.meydan.tv\\\/az\\\/#\\\/schema\\\/person\\\/09863e516102a829e72bedcf3f84c6b0\",\"name\":\"mahmud\"}]}<\/script>\n<!-- \/ Yoast SEO plugin. -->","yoast_head_json":{"title":"Rusiya Ukraynada U\u015faq X\u0259st\u0259xanas\u0131n\u0131 vurub","description":"\u0130yulun 8-d\u0259 Rusiya Silahl\u0131 Q\u00fcvv\u0259l\u0259rinin Kiyev\u0259 v\u0259 Ukraynan\u0131n dig\u0259r \u015f\u0259h\u0259rl\u0259rin\u0259 k\u00fctl\u0259vi raket z\u0259rb\u0259l\u0259ri endirdiyi bildirilir.","robots":{"index":"index","follow":"follow","max-snippet":"max-snippet:-1","max-image-preview":"max-image-preview:large","max-video-preview":"max-video-preview:-1"},"canonical":"https:\/\/www.meydan.tv\/az\/article\/rusiya-ukraynada-usaq-xestexanasini-vurub-olen-ve-yaralananlar-var\/","og_locale":"az_AZ","og_type":"article","og_title":"Rusiya Ukraynada U\u015faq X\u0259st\u0259xanas\u0131n\u0131 vurub","og_description":"\u0130yulun 8-d\u0259 Rusiya Silahl\u0131 Q\u00fcvv\u0259l\u0259rinin Kiyev\u0259 v\u0259 Ukraynan\u0131n dig\u0259r \u015f\u0259h\u0259rl\u0259rin\u0259 k\u00fctl\u0259vi raket z\u0259rb\u0259l\u0259ri endirdiyi bildirilir.","og_url":"https:\/\/www.meydan.tv\/az\/article\/rusiya-ukraynada-usaq-xestexanasini-vurub-olen-ve-yaralananlar-var\/","og_site_name":"MEYDAN.TV","article_published_time":"2024-07-08T11:26:21+00:00","article_modified_time":"2024-07-08T13:48:46+00:00","og_image":[{"width":720,"height":480,"url":"https:\/\/www.meydan.tv\/wp-content\/uploads\/2024-07-08t111356z_801317932_rc2wq8aflgsd_rtrmadp_3_ukraine-crisis-attack-kyiv_720.jpg","type":"image\/jpeg"}],"author":"mahmud","twitter_card":"summary_large_image","schema":{"@context":"https:\/\/schema.org","@graph":[{"@type":"Article","@id":"https:\/\/www.meydan.tv\/az\/article\/rusiya-ukraynada-usaq-xestexanasini-vurub-olen-ve-yaralananlar-var\/#article","isPartOf":{"@id":"https:\/\/www.meydan.tv\/az\/article\/rusiya-ukraynada-usaq-xestexanasini-vurub-olen-ve-yaralananlar-var\/"},"author":{"name":"mahmud","@id":"https:\/\/www.meydan.tv\/az\/#\/schema\/person\/09863e516102a829e72bedcf3f84c6b0"},"headline":"Rusiya Ukraynada U\u015faq X\u0259st\u0259xanas\u0131n\u0131 vurub: \u00f6l\u0259n v\u0259 yaralananlar var (yenil\u0259nib)","datePublished":"2024-07-08T11:26:21+00:00","dateModified":"2024-07-08T13:48:46+00:00","mainEntityOfPage":{"@id":"https:\/\/www.meydan.tv\/az\/article\/rusiya-ukraynada-usaq-xestexanasini-vurub-olen-ve-yaralananlar-var\/"},"wordCount":441,"publisher":{"@id":"https:\/\/www.meydan.tv\/az\/#organization"},"image":{"@id":"https:\/\/www.meydan.tv\/az\/article\/rusiya-ukraynada-usaq-xestexanasini-vurub-olen-ve-yaralananlar-var\/#primaryimage"},"thumbnailUrl":"https:\/\/www.meydan.tv\/wp-content\/uploads\/2024-07-08t111356z_801317932_rc2wq8aflgsd_rtrmadp_3_ukraine-crisis-attack-kyiv_720.jpg","articleSection":["D\u00fcnya","Siyas\u0259t","Video","X\u0259b\u0259rl\u0259r"],"inLanguage":"az"},{"@type":"WebPage","@id":"https:\/\/www.meydan.tv\/az\/article\/rusiya-ukraynada-usaq-xestexanasini-vurub-olen-ve-yaralananlar-var\/","url":"https:\/\/www.meydan.tv\/az\/article\/rusiya-ukraynada-usaq-xestexanasini-vurub-olen-ve-yaralananlar-var\/","name":"Rusiya Ukraynada U\u015faq X\u0259st\u0259xanas\u0131n\u0131 vurub","isPartOf":{"@id":"https:\/\/www.meydan.tv\/az\/#website"},"primaryImageOfPage":{"@id":"https:\/\/www.meydan.tv\/az\/article\/rusiya-ukraynada-usaq-xestexanasini-vurub-olen-ve-yaralananlar-var\/#primaryimage"},"image":{"@id":"https:\/\/www.meydan.tv\/az\/article\/rusiya-ukraynada-usaq-xestexanasini-vurub-olen-ve-yaralananlar-var\/#primaryimage"},"thumbnailUrl":"https:\/\/www.meydan.tv\/wp-content\/uploads\/2024-07-08t111356z_801317932_rc2wq8aflgsd_rtrmadp_3_ukraine-crisis-attack-kyiv_720.jpg","datePublished":"2024-07-08T11:26:21+00:00","dateModified":"2024-07-08T13:48:46+00:00","description":"\u0130yulun 8-d\u0259 Rusiya Silahl\u0131 Q\u00fcvv\u0259l\u0259rinin Kiyev\u0259 v\u0259 Ukraynan\u0131n dig\u0259r \u015f\u0259h\u0259rl\u0259rin\u0259 k\u00fctl\u0259vi raket z\u0259rb\u0259l\u0259ri endirdiyi bildirilir.","breadcrumb":{"@id":"https:\/\/www.meydan.tv\/az\/article\/rusiya-ukraynada-usaq-xestexanasini-vurub-olen-ve-yaralananlar-var\/#breadcrumb"},"inLanguage":"az","potentialAction":[{"@type":"ReadAction","target":["https:\/\/www.meydan.tv\/az\/article\/rusiya-ukraynada-usaq-xestexanasini-vurub-olen-ve-yaralananlar-var\/"]}]},{"@type":"ImageObject","inLanguage":"az","@id":"https:\/\/www.meydan.tv\/az\/article\/rusiya-ukraynada-usaq-xestexanasini-vurub-olen-ve-yaralananlar-var\/#primaryimage","url":"https:\/\/www.meydan.tv\/wp-content\/uploads\/2024-07-08t111356z_801317932_rc2wq8aflgsd_rtrmadp_3_ukraine-crisis-attack-kyiv_720.jpg","contentUrl":"https:\/\/www.meydan.tv\/wp-content\/uploads\/2024-07-08t111356z_801317932_rc2wq8aflgsd_rtrmadp_3_ukraine-crisis-attack-kyiv_720.jpg","width":720,"height":480,"caption":"Ukraynada U\u015faq X\u0259st\u0259xanas\u0131. Foto: REUTERS\/Valentyn Ogirenko"},{"@type":"BreadcrumbList","@id":"https:\/\/www.meydan.tv\/az\/article\/rusiya-ukraynada-usaq-xestexanasini-vurub-olen-ve-yaralananlar-var\/#breadcrumb","itemListElement":[{"@type":"ListItem","position":1,"name":"Ana s\u0259hif\u0259","item":"https:\/\/www.meydan.tv\/az\/"},{"@type":"ListItem","position":2,"name":"D\u00fcnya","item":"https:\/\/www.meydan.tv\/az\/section\/dunya\/"},{"@type":"ListItem","position":3,"name":"Rusiya Ukraynada U\u015faq X\u0259st\u0259xanas\u0131n\u0131 vurub: \u00f6l\u0259n v\u0259 yaralananlar var (yenil\u0259nib)"}]},{"@type":"WebSite","@id":"https:\/\/www.meydan.tv\/az\/#website","url":"https:\/\/www.meydan.tv\/az\/","name":"MEYDAN.TV","description":"Meydan TV Az\u0259rbaycan\u0131n media m\u0259kan\u0131ndak\u0131 alternativ s\u0259sidir","publisher":{"@id":"https:\/\/www.meydan.tv\/az\/#organization"},"potentialAction":[{"@type":"SearchAction","target":{"@type":"EntryPoint","urlTemplate":"https:\/\/www.meydan.tv\/az\/?s={search_term_string}"},"query-input":{"@type":"PropertyValueSpecification","valueRequired":true,"valueName":"search_term_string"}}],"inLanguage":"az"},{"@type":"Organization","@id":"https:\/\/www.meydan.tv\/az\/#organization","name":"Meydan TV","url":"https:\/\/www.meydan.tv\/az\/","logo":{"@type":"ImageObject","inLanguage":"az","@id":"https:\/\/www.meydan.tv\/az\/#\/schema\/logo\/image\/","url":"https:\/\/www.meydan.tv\/wp-content\/uploads\/2021\/07\/meydan-logo.svg","contentUrl":"https:\/\/www.meydan.tv\/wp-content\/uploads\/2021\/07\/meydan-logo.svg","width":195,"height":46,"caption":"Meydan TV"},"image":{"@id":"https:\/\/www.meydan.tv\/az\/#\/schema\/logo\/image\/"}},{"@type":"Person","@id":"https:\/\/www.meydan.tv\/az\/#\/schema\/person\/09863e516102a829e72bedcf3f84c6b0","name":"mahmud"}]}},"_links":{"self":[{"href":"https:\/\/www.meydan.tv\/az\/wp-json\/wp\/v2\/posts\/309808","targetHints":{"allow":["GET"]}}],"collection":[{"href":"https:\/\/www.meydan.tv\/az\/wp-json\/wp\/v2\/posts"}],"about":[{"href":"https:\/\/www.meydan.tv\/az\/wp-json\/wp\/v2\/types\/post"}],"author":[{"embeddable":true,"href":"https:\/\/www.meydan.tv\/az\/wp-json\/wp\/v2\/users\/21"}],"replies":[{"embeddable":true,"href":"https:\/\/www.meydan.tv\/az\/wp-json\/wp\/v2\/comments?post=309808"}],"version-history":[{"count":6,"href":"https:\/\/www.meydan.tv\/az\/wp-json\/wp\/v2\/posts\/309808\/revisions"}],"predecessor-version":[{"id":309836,"href":"https:\/\/www.meydan.tv\/az\/wp-json\/wp\/v2\/posts\/309808\/revisions\/309836"}],"wp:featuredmedia":[{"embeddable":true,"href":"https:\/\/www.meydan.tv\/az\/wp-json\/wp\/v2\/media\/309819"}],"wp:attachment":[{"href":"https:\/\/www.meydan.tv\/az\/wp-json\/wp\/v2\/media?parent=309808"}],"wp:term":[{"taxonomy":"category","embeddable":true,"href":"https:\/\/www.meydan.tv\/az\/wp-json\/wp\/v2\/categories?post=309808"},{"taxonomy":"post_tag","embeddable":true,"href":"https:\/\/www.meydan.tv\/az\/wp-json\/wp\/v2\/tags?post=309808"}],"curies":[{"name":"wp","href":"https:\/\/api.w.org\/{rel}","templated":true}]}}