{"id":309715,"date":"2024-07-05T18:30:34","date_gmt":"2024-07-05T14:30:34","guid":{"rendered":"https:\/\/www.meydan.tv\/?p=309715"},"modified":"2024-07-05T18:30:35","modified_gmt":"2024-07-05T14:30:35","slug":"ramiz-mehdiyevin-kurekeni-sahibkarin-bag-sahesini-zebt-etmekde-ittiham-olunur","status":"publish","type":"post","link":"https:\/\/www.meydan.tv\/az\/article\/ramiz-mehdiyevin-kurekeni-sahibkarin-bag-sahesini-zebt-etmekde-ittiham-olunur\/","title":{"rendered":"Ramiz Mehdiyevin k\u00fcr\u0259k\u0259ni sahibkar\u0131n ba\u011f sah\u0259sini z\u0259bt etm\u0259kd\u0259 ittiham olunur"},"content":{"rendered":"\n<p><\/p>\n\n\n\n<p><em><strong>M\u0259hk\u0259m\u0259 ke\u00e7mi\u015f deputat\u0131n \u0259leyhin\u0259 q\u0259rar \u00e7\u0131xar\u0131b<\/strong><\/em><\/p>\n\n\n\n<p>2010-2020-ci ill\u0259rd\u0259 Milli M\u0259clisin deputat\u0131 olmu\u015f \u0130lham \u018fliyev \u015eabran\u0131n k\u0259ndl\u0259rind\u0259 sahibkar Mansur \u0130brahimovun 52 hektar ba\u011f sah\u0259sini z\u0259bt etm\u0259kd\u0259 ittiham olunur. Sahibkar bununla \u0259laq\u0259dar onu m\u0259hk\u0259m\u0259y\u0259 verib.<\/p>\n\n\n\n<p>Sumqay\u0131t Kommersiya M\u0259hk\u0259m\u0259sind\u0259 hakim F\u0259rman H\u0259midlinin s\u0259drliyi il\u0259 Mansur \u0130brahimovun iddias\u0131na bax\u0131l\u0131b. Mansur \u0130brahimov iddiada g\u00f6st\u0259rib ki, \u0130lham \u018fliyev \u201cTuraz\u201d \u015firk\u0259tinin 400 hektarl\u0131q ba\u011f torpaq sah\u0259sin\u0259 ona m\u0259xsus 52 hektar \u0259razini d\u0259 qataraq, z\u0259bt edib:<\/p>\n\n\n\n<p><em>\u201cHalbuki, h\u0259min torpaq sah\u0259si d\u00f6vl\u0259t reyestrind\u0259 m\u0259nim m\u00fclkiyy\u0259timd\u0259dir\u201d<\/em>.<\/p>\n\n\n\n<p>\u0130yulun 4-d\u0259 Sumqay\u0131t Kommersiya M\u0259hk\u0259m\u0259si onun iddias\u0131n\u0131 t\u0259min edib \u2013 Mansur \u0130brahimova m\u0259xsus 52 hektarl\u0131q torpaq sah\u0259sinin bo\u015fald\u0131lmas\u0131na q\u0259rar verib.<\/p>\n\n\n\n<p>Lakin \u0130lham \u018fliyev v\u0259 v\u0259kili bununla raz\u0131la\u015fm\u0131r.<\/p>\n\n\n\n<p>4 ildir ki, Az\u0259rbaycandak\u0131 m\u00fcxt\u0259lif m\u0259hk\u0259m\u0259l\u0259rd\u0259 Mansur \u0130brahimovla \u0130lham \u018fliyev aras\u0131nda \u00e7\u0259ki\u015fm\u0259 gedir. Sahibkar iddia edir ki, sabiq deputat \u0259sass\u0131z v\u0259sat\u0259tl\u0259rl\u0259, m\u0259hk\u0259m\u0259y\u0259 m\u00fcraci\u0259tl\u0259rl\u0259 s\u00fcni \u015f\u0259kild\u0259 prosesi uzad\u0131r. Onun s\u00f6zl\u0259rin\u0259 g\u00f6r\u0259, proses uzand\u0131qca, bundan \u0130lham \u018fliyev \u00f6z\u00fc faydalan\u0131r:<\/p>\n\n\n\n<p><em>\u201cZ\u0259bt olunan ba\u011flar onun n\u0259zar\u0259tind\u0259 qal\u0131r, a\u011faclar\u0131n meyv\u0259l\u0259ri y\u0131\u011f\u0131l\u0131b sat\u0131l\u0131r, b\u00f6y\u00fck g\u0259lir g\u00f6t\u00fcr\u00fcr\u201d<\/em>.<\/p>\n\n\n\n<p>\u0130lham \u018fliyev 2011-ci ild\u0259 Mansur \u0130brahimovla birg\u0259 f\u0259aliyy\u0259t\u0259 ba\u015flay\u0131b, az sonra is\u0259 aralar\u0131ndak\u0131 naraz\u0131l\u0131\u011fa g\u00f6r\u0259 ayr\u0131l\u0131blar.<\/p>\n\n\n\n<p>\u0130lham \u018fliyev Prezident Administrasiyas\u0131n\u0131n ke\u00e7mi\u015f r\u0259hb\u0259ri Ramiz Mehdiyevin k\u00fcr\u0259k\u0259nidir. Ramiz Mehdiyev v\u0259 k\u00fcr\u0259k\u0259ni v\u0259zif\u0259d\u0259n ged\u0259nd\u0259n sonra sahibkar Daxili \u0130\u015fl\u0259r Nazirliyin\u0259 \u015fikay\u0259t edib. \u015eikay\u0259ti \u0259sas\u0131nda ara\u015fd\u0131rma apar\u0131l\u0131b, \u201cTuraz\u201d MMC-nin \u015eabrandak\u0131 torpaq sah\u0259l\u0259ri \u00f6l\u00e7\u00fcl\u00fcb, kimin m\u00fclkiyy\u0259tind\u0259 olmas\u0131 m\u00fc\u0259yy\u0259nl\u0259\u015fdirilib.<\/p>\n\n\n\n<p><em>\u201cM\u0259lum oldu ki, Ramiz Mehdiyevin k\u00fcr\u0259k\u0259ni m\u0259n\u0259 m\u0259xsus 83 hektar ba\u011f torpaq sah\u0259sini z\u0259bt edib. \u018fvv\u0259l 2020-ci ild\u0259 bu m\u0259s\u0259l\u0259y\u0259 \u015eabran Rayon M\u0259hk\u0259m\u0259sind\u0259 bax\u0131ld\u0131. \u015eikay\u0259tim t\u0259min olundu. \u0130lham \u018fliyev apelyasiya \u015fikay\u0259ti vers\u0259 d\u0259, q\u0259rar d\u0259yi\u015fm\u0259di. Ali M\u0259hk\u0259m\u0259y\u0259 d\u0259 getdi, n\u0259tic\u0259 d\u0259yi\u015fm\u0259di\u201d<\/em>.<\/p>\n\n\n\n<p>O \u0259lav\u0259 edib ki, haz\u0131rda Ali M\u0259hk\u0259m\u0259d\u0259 \u201cTuraz\u201d \u015firk\u0259tind\u0259ki \u015f\u0259riklikl\u0259ril\u0259 ba\u011fl\u0131 da \u015fikay\u0259t var:<\/p>\n\n\n\n<p><em>\u201cM\u0259n \u015firk\u0259t\u0259 2 milyon 578 min 220 manat v\u0259sait qoymu\u015fam. Bu m\u0259bl\u0259\u011fi m\u0259hk\u0259m\u0259-m\u00fchasibatl\u0131q ekspertizas\u0131 m\u00fc\u0259yy\u0259n edib. O, h\u0259min m\u0259bl\u0259\u011fi m\u0259n\u0259 \u00f6d\u0259m\u0259lidir\u201d.<\/em><\/p>\n\n\n\n<p>\u0130lham \u018fliyev is\u0259 sahibkar\u0131n dedikl\u0259rinin \u0259sass\u0131z oldu\u011funu bildirir. Onun v\u0259kili d\u0259 m\u0259hk\u0259m\u0259y\u0259 bununla ba\u011fl\u0131 etiraz t\u0259qdim edib.<\/p>\n","protected":false},"excerpt":{"rendered":"<p>M\u0259hk\u0259m\u0259 ke\u00e7mi\u015f deputat\u0131n \u0259leyhin\u0259 q\u0259rar \u00e7\u0131xar\u0131b 2010-2020-ci ill\u0259rd\u0259 Milli M\u0259clisin &#8230; <\/p>\n<p class=\"read-more-container\"><a title=\"Ramiz Mehdiyevin k\u00fcr\u0259k\u0259ni sahibkar\u0131n ba\u011f sah\u0259sini z\u0259bt etm\u0259kd\u0259 ittiham olunur\" class=\"read-more button\" href=\"https:\/\/www.meydan.tv\/az\/article\/ramiz-mehdiyevin-kurekeni-sahibkarin-bag-sahesini-zebt-etmekde-ittiham-olunur\/#more-309715\" aria-label=\"Read more about Ramiz Mehdiyevin k\u00fcr\u0259k\u0259ni sahibkar\u0131n ba\u011f sah\u0259sini z\u0259bt etm\u0259kd\u0259 ittiham olunur\">Davam\u0131<\/a><\/p>\n","protected":false},"author":21,"featured_media":146701,"comment_status":"closed","ping_status":"closed","sticky":false,"template":"","format":"standard","meta":{"_acf_changed":false,"_sitemap_exclude":false,"_sitemap_priority":"","_sitemap_frequency":"","footnotes":""},"categories":[62,79,56],"tags":[],"class_list":["post-309715","post","type-post","status-publish","format-standard","has-post-thumbnail","hentry","category-sosial","category-featured","category-xeberler","infinite-scroll-item","generate-columns","tablet-grid-50","mobile-grid-100","grid-parent","grid-33","no-featured-image-padding"],"acf":[],"yoast_head":"<!-- This site is optimized with the Yoast SEO plugin v27.5 - https:\/\/yoast.com\/product\/yoast-seo-wordpress\/ -->\n<title>\u0130lham \u018fliyev sahibkar\u0131n ba\u011f sah\u0259sini z\u0259bt etm\u0259kd\u0259 ittiham olunur<\/title>\n<meta name=\"description\" content=\"Ramiz Mehdiyevin k\u00fcr\u0259k\u0259ni, 2010-2020-ci ill\u0259rd\u0259 deputat olmu\u015f \u0130lham \u018fliyev sahibkar\u0131n ba\u011f sah\u0259sini z\u0259bt etm\u0259kd\u0259 ittiham olunur.\" \/>\n<meta name=\"robots\" content=\"index, follow, max-snippet:-1, max-image-preview:large, max-video-preview:-1\" \/>\n<link rel=\"canonical\" href=\"https:\/\/www.meydan.tv\/az\/article\/ramiz-mehdiyevin-kurekeni-sahibkarin-bag-sahesini-zebt-etmekde-ittiham-olunur\/\" \/>\n<meta property=\"og:locale\" content=\"az_AZ\" \/>\n<meta property=\"og:type\" content=\"article\" \/>\n<meta property=\"og:title\" content=\"\u0130lham \u018fliyev sahibkar\u0131n ba\u011f sah\u0259sini z\u0259bt etm\u0259kd\u0259 ittiham olunur\" \/>\n<meta property=\"og:description\" content=\"Ramiz Mehdiyevin k\u00fcr\u0259k\u0259ni, 2010-2020-ci ill\u0259rd\u0259 deputat olmu\u015f \u0130lham \u018fliyev sahibkar\u0131n ba\u011f sah\u0259sini z\u0259bt etm\u0259kd\u0259 ittiham olunur.\" \/>\n<meta property=\"og:url\" content=\"https:\/\/www.meydan.tv\/az\/article\/ramiz-mehdiyevin-kurekeni-sahibkarin-bag-sahesini-zebt-etmekde-ittiham-olunur\/\" \/>\n<meta property=\"og:site_name\" content=\"MEYDAN.TV\" \/>\n<meta property=\"article:published_time\" content=\"2024-07-05T14:30:34+00:00\" \/>\n<meta property=\"article:modified_time\" content=\"2024-07-05T14:30:35+00:00\" \/>\n<meta property=\"og:image\" content=\"https:\/\/www.meydan.tv\/wp-content\/uploads\/3i7a9408-scaled-e1720189804463.jpg\" \/>\n\t<meta property=\"og:image:width\" content=\"2560\" \/>\n\t<meta property=\"og:image:height\" content=\"1258\" \/>\n\t<meta property=\"og:image:type\" content=\"image\/jpeg\" \/>\n<meta name=\"author\" content=\"mahmud\" \/>\n<meta name=\"twitter:card\" content=\"summary_large_image\" \/>\n<script type=\"application\/ld+json\" class=\"yoast-schema-graph\">{\"@context\":\"https:\\\/\\\/schema.org\",\"@graph\":[{\"@type\":\"Article\",\"@id\":\"https:\\\/\\\/www.meydan.tv\\\/az\\\/article\\\/ramiz-mehdiyevin-kurekeni-sahibkarin-bag-sahesini-zebt-etmekde-ittiham-olunur\\\/#article\",\"isPartOf\":{\"@id\":\"https:\\\/\\\/www.meydan.tv\\\/az\\\/article\\\/ramiz-mehdiyevin-kurekeni-sahibkarin-bag-sahesini-zebt-etmekde-ittiham-olunur\\\/\"},\"author\":{\"name\":\"mahmud\",\"@id\":\"https:\\\/\\\/www.meydan.tv\\\/az\\\/#\\\/schema\\\/person\\\/09863e516102a829e72bedcf3f84c6b0\"},\"headline\":\"Ramiz Mehdiyevin k\u00fcr\u0259k\u0259ni sahibkar\u0131n ba\u011f sah\u0259sini z\u0259bt etm\u0259kd\u0259 ittiham olunur\",\"datePublished\":\"2024-07-05T14:30:34+00:00\",\"dateModified\":\"2024-07-05T14:30:35+00:00\",\"mainEntityOfPage\":{\"@id\":\"https:\\\/\\\/www.meydan.tv\\\/az\\\/article\\\/ramiz-mehdiyevin-kurekeni-sahibkarin-bag-sahesini-zebt-etmekde-ittiham-olunur\\\/\"},\"wordCount\":522,\"publisher\":{\"@id\":\"https:\\\/\\\/www.meydan.tv\\\/az\\\/#organization\"},\"image\":{\"@id\":\"https:\\\/\\\/www.meydan.tv\\\/az\\\/article\\\/ramiz-mehdiyevin-kurekeni-sahibkarin-bag-sahesini-zebt-etmekde-ittiham-olunur\\\/#primaryimage\"},\"thumbnailUrl\":\"https:\\\/\\\/www.meydan.tv\\\/wp-content\\\/uploads\\\/3i7a9408-scaled-e1720189804463.jpg\",\"articleSection\":[\"Sosial\",\"T\u00f6vsiy\u0259\",\"X\u0259b\u0259rl\u0259r\"],\"inLanguage\":\"az\"},{\"@type\":\"WebPage\",\"@id\":\"https:\\\/\\\/www.meydan.tv\\\/az\\\/article\\\/ramiz-mehdiyevin-kurekeni-sahibkarin-bag-sahesini-zebt-etmekde-ittiham-olunur\\\/\",\"url\":\"https:\\\/\\\/www.meydan.tv\\\/az\\\/article\\\/ramiz-mehdiyevin-kurekeni-sahibkarin-bag-sahesini-zebt-etmekde-ittiham-olunur\\\/\",\"name\":\"\u0130lham \u018fliyev sahibkar\u0131n ba\u011f sah\u0259sini z\u0259bt etm\u0259kd\u0259 ittiham olunur\",\"isPartOf\":{\"@id\":\"https:\\\/\\\/www.meydan.tv\\\/az\\\/#website\"},\"primaryImageOfPage\":{\"@id\":\"https:\\\/\\\/www.meydan.tv\\\/az\\\/article\\\/ramiz-mehdiyevin-kurekeni-sahibkarin-bag-sahesini-zebt-etmekde-ittiham-olunur\\\/#primaryimage\"},\"image\":{\"@id\":\"https:\\\/\\\/www.meydan.tv\\\/az\\\/article\\\/ramiz-mehdiyevin-kurekeni-sahibkarin-bag-sahesini-zebt-etmekde-ittiham-olunur\\\/#primaryimage\"},\"thumbnailUrl\":\"https:\\\/\\\/www.meydan.tv\\\/wp-content\\\/uploads\\\/3i7a9408-scaled-e1720189804463.jpg\",\"datePublished\":\"2024-07-05T14:30:34+00:00\",\"dateModified\":\"2024-07-05T14:30:35+00:00\",\"description\":\"Ramiz Mehdiyevin k\u00fcr\u0259k\u0259ni, 2010-2020-ci ill\u0259rd\u0259 deputat olmu\u015f \u0130lham \u018fliyev sahibkar\u0131n ba\u011f sah\u0259sini z\u0259bt etm\u0259kd\u0259 ittiham olunur.\",\"breadcrumb\":{\"@id\":\"https:\\\/\\\/www.meydan.tv\\\/az\\\/article\\\/ramiz-mehdiyevin-kurekeni-sahibkarin-bag-sahesini-zebt-etmekde-ittiham-olunur\\\/#breadcrumb\"},\"inLanguage\":\"az\",\"potentialAction\":[{\"@type\":\"ReadAction\",\"target\":[\"https:\\\/\\\/www.meydan.tv\\\/az\\\/article\\\/ramiz-mehdiyevin-kurekeni-sahibkarin-bag-sahesini-zebt-etmekde-ittiham-olunur\\\/\"]}]},{\"@type\":\"ImageObject\",\"inLanguage\":\"az\",\"@id\":\"https:\\\/\\\/www.meydan.tv\\\/az\\\/article\\\/ramiz-mehdiyevin-kurekeni-sahibkarin-bag-sahesini-zebt-etmekde-ittiham-olunur\\\/#primaryimage\",\"url\":\"https:\\\/\\\/www.meydan.tv\\\/wp-content\\\/uploads\\\/3i7a9408-scaled-e1720189804463.jpg\",\"contentUrl\":\"https:\\\/\\\/www.meydan.tv\\\/wp-content\\\/uploads\\\/3i7a9408-scaled-e1720189804463.jpg\",\"width\":2560,\"height\":1258,\"caption\":\"Source: Meydan.TV\"},{\"@type\":\"BreadcrumbList\",\"@id\":\"https:\\\/\\\/www.meydan.tv\\\/az\\\/article\\\/ramiz-mehdiyevin-kurekeni-sahibkarin-bag-sahesini-zebt-etmekde-ittiham-olunur\\\/#breadcrumb\",\"itemListElement\":[{\"@type\":\"ListItem\",\"position\":1,\"name\":\"Ana s\u0259hif\u0259\",\"item\":\"https:\\\/\\\/www.meydan.tv\\\/az\\\/\"},{\"@type\":\"ListItem\",\"position\":2,\"name\":\"Sosial\",\"item\":\"https:\\\/\\\/www.meydan.tv\\\/az\\\/section\\\/sosial\\\/\"},{\"@type\":\"ListItem\",\"position\":3,\"name\":\"Ramiz Mehdiyevin k\u00fcr\u0259k\u0259ni sahibkar\u0131n ba\u011f sah\u0259sini z\u0259bt etm\u0259kd\u0259 ittiham olunur\"}]},{\"@type\":\"WebSite\",\"@id\":\"https:\\\/\\\/www.meydan.tv\\\/az\\\/#website\",\"url\":\"https:\\\/\\\/www.meydan.tv\\\/az\\\/\",\"name\":\"MEYDAN.TV\",\"description\":\"Meydan TV Az\u0259rbaycan\u0131n media m\u0259kan\u0131ndak\u0131 alternativ s\u0259sidir\",\"publisher\":{\"@id\":\"https:\\\/\\\/www.meydan.tv\\\/az\\\/#organization\"},\"potentialAction\":[{\"@type\":\"SearchAction\",\"target\":{\"@type\":\"EntryPoint\",\"urlTemplate\":\"https:\\\/\\\/www.meydan.tv\\\/az\\\/?s={search_term_string}\"},\"query-input\":{\"@type\":\"PropertyValueSpecification\",\"valueRequired\":true,\"valueName\":\"search_term_string\"}}],\"inLanguage\":\"az\"},{\"@type\":\"Organization\",\"@id\":\"https:\\\/\\\/www.meydan.tv\\\/az\\\/#organization\",\"name\":\"Meydan TV\",\"url\":\"https:\\\/\\\/www.meydan.tv\\\/az\\\/\",\"logo\":{\"@type\":\"ImageObject\",\"inLanguage\":\"az\",\"@id\":\"https:\\\/\\\/www.meydan.tv\\\/az\\\/#\\\/schema\\\/logo\\\/image\\\/\",\"url\":\"https:\\\/\\\/www.meydan.tv\\\/wp-content\\\/uploads\\\/2021\\\/07\\\/meydan-logo.svg\",\"contentUrl\":\"https:\\\/\\\/www.meydan.tv\\\/wp-content\\\/uploads\\\/2021\\\/07\\\/meydan-logo.svg\",\"width\":195,\"height\":46,\"caption\":\"Meydan TV\"},\"image\":{\"@id\":\"https:\\\/\\\/www.meydan.tv\\\/az\\\/#\\\/schema\\\/logo\\\/image\\\/\"}},{\"@type\":\"Person\",\"@id\":\"https:\\\/\\\/www.meydan.tv\\\/az\\\/#\\\/schema\\\/person\\\/09863e516102a829e72bedcf3f84c6b0\",\"name\":\"mahmud\"}]}<\/script>\n<!-- \/ Yoast SEO plugin. -->","yoast_head_json":{"title":"\u0130lham \u018fliyev sahibkar\u0131n ba\u011f sah\u0259sini z\u0259bt etm\u0259kd\u0259 ittiham olunur","description":"Ramiz Mehdiyevin k\u00fcr\u0259k\u0259ni, 2010-2020-ci ill\u0259rd\u0259 deputat olmu\u015f \u0130lham \u018fliyev sahibkar\u0131n ba\u011f sah\u0259sini z\u0259bt etm\u0259kd\u0259 ittiham olunur.","robots":{"index":"index","follow":"follow","max-snippet":"max-snippet:-1","max-image-preview":"max-image-preview:large","max-video-preview":"max-video-preview:-1"},"canonical":"https:\/\/www.meydan.tv\/az\/article\/ramiz-mehdiyevin-kurekeni-sahibkarin-bag-sahesini-zebt-etmekde-ittiham-olunur\/","og_locale":"az_AZ","og_type":"article","og_title":"\u0130lham \u018fliyev sahibkar\u0131n ba\u011f sah\u0259sini z\u0259bt etm\u0259kd\u0259 ittiham olunur","og_description":"Ramiz Mehdiyevin k\u00fcr\u0259k\u0259ni, 2010-2020-ci ill\u0259rd\u0259 deputat olmu\u015f \u0130lham \u018fliyev sahibkar\u0131n ba\u011f sah\u0259sini z\u0259bt etm\u0259kd\u0259 ittiham olunur.","og_url":"https:\/\/www.meydan.tv\/az\/article\/ramiz-mehdiyevin-kurekeni-sahibkarin-bag-sahesini-zebt-etmekde-ittiham-olunur\/","og_site_name":"MEYDAN.TV","article_published_time":"2024-07-05T14:30:34+00:00","article_modified_time":"2024-07-05T14:30:35+00:00","og_image":[{"width":2560,"height":1258,"url":"https:\/\/www.meydan.tv\/wp-content\/uploads\/3i7a9408-scaled-e1720189804463.jpg","type":"image\/jpeg"}],"author":"mahmud","twitter_card":"summary_large_image","schema":{"@context":"https:\/\/schema.org","@graph":[{"@type":"Article","@id":"https:\/\/www.meydan.tv\/az\/article\/ramiz-mehdiyevin-kurekeni-sahibkarin-bag-sahesini-zebt-etmekde-ittiham-olunur\/#article","isPartOf":{"@id":"https:\/\/www.meydan.tv\/az\/article\/ramiz-mehdiyevin-kurekeni-sahibkarin-bag-sahesini-zebt-etmekde-ittiham-olunur\/"},"author":{"name":"mahmud","@id":"https:\/\/www.meydan.tv\/az\/#\/schema\/person\/09863e516102a829e72bedcf3f84c6b0"},"headline":"Ramiz Mehdiyevin k\u00fcr\u0259k\u0259ni sahibkar\u0131n ba\u011f sah\u0259sini z\u0259bt etm\u0259kd\u0259 ittiham olunur","datePublished":"2024-07-05T14:30:34+00:00","dateModified":"2024-07-05T14:30:35+00:00","mainEntityOfPage":{"@id":"https:\/\/www.meydan.tv\/az\/article\/ramiz-mehdiyevin-kurekeni-sahibkarin-bag-sahesini-zebt-etmekde-ittiham-olunur\/"},"wordCount":522,"publisher":{"@id":"https:\/\/www.meydan.tv\/az\/#organization"},"image":{"@id":"https:\/\/www.meydan.tv\/az\/article\/ramiz-mehdiyevin-kurekeni-sahibkarin-bag-sahesini-zebt-etmekde-ittiham-olunur\/#primaryimage"},"thumbnailUrl":"https:\/\/www.meydan.tv\/wp-content\/uploads\/3i7a9408-scaled-e1720189804463.jpg","articleSection":["Sosial","T\u00f6vsiy\u0259","X\u0259b\u0259rl\u0259r"],"inLanguage":"az"},{"@type":"WebPage","@id":"https:\/\/www.meydan.tv\/az\/article\/ramiz-mehdiyevin-kurekeni-sahibkarin-bag-sahesini-zebt-etmekde-ittiham-olunur\/","url":"https:\/\/www.meydan.tv\/az\/article\/ramiz-mehdiyevin-kurekeni-sahibkarin-bag-sahesini-zebt-etmekde-ittiham-olunur\/","name":"\u0130lham \u018fliyev sahibkar\u0131n ba\u011f sah\u0259sini z\u0259bt etm\u0259kd\u0259 ittiham olunur","isPartOf":{"@id":"https:\/\/www.meydan.tv\/az\/#website"},"primaryImageOfPage":{"@id":"https:\/\/www.meydan.tv\/az\/article\/ramiz-mehdiyevin-kurekeni-sahibkarin-bag-sahesini-zebt-etmekde-ittiham-olunur\/#primaryimage"},"image":{"@id":"https:\/\/www.meydan.tv\/az\/article\/ramiz-mehdiyevin-kurekeni-sahibkarin-bag-sahesini-zebt-etmekde-ittiham-olunur\/#primaryimage"},"thumbnailUrl":"https:\/\/www.meydan.tv\/wp-content\/uploads\/3i7a9408-scaled-e1720189804463.jpg","datePublished":"2024-07-05T14:30:34+00:00","dateModified":"2024-07-05T14:30:35+00:00","description":"Ramiz Mehdiyevin k\u00fcr\u0259k\u0259ni, 2010-2020-ci ill\u0259rd\u0259 deputat olmu\u015f \u0130lham \u018fliyev sahibkar\u0131n ba\u011f sah\u0259sini z\u0259bt etm\u0259kd\u0259 ittiham olunur.","breadcrumb":{"@id":"https:\/\/www.meydan.tv\/az\/article\/ramiz-mehdiyevin-kurekeni-sahibkarin-bag-sahesini-zebt-etmekde-ittiham-olunur\/#breadcrumb"},"inLanguage":"az","potentialAction":[{"@type":"ReadAction","target":["https:\/\/www.meydan.tv\/az\/article\/ramiz-mehdiyevin-kurekeni-sahibkarin-bag-sahesini-zebt-etmekde-ittiham-olunur\/"]}]},{"@type":"ImageObject","inLanguage":"az","@id":"https:\/\/www.meydan.tv\/az\/article\/ramiz-mehdiyevin-kurekeni-sahibkarin-bag-sahesini-zebt-etmekde-ittiham-olunur\/#primaryimage","url":"https:\/\/www.meydan.tv\/wp-content\/uploads\/3i7a9408-scaled-e1720189804463.jpg","contentUrl":"https:\/\/www.meydan.tv\/wp-content\/uploads\/3i7a9408-scaled-e1720189804463.jpg","width":2560,"height":1258,"caption":"Source: Meydan.TV"},{"@type":"BreadcrumbList","@id":"https:\/\/www.meydan.tv\/az\/article\/ramiz-mehdiyevin-kurekeni-sahibkarin-bag-sahesini-zebt-etmekde-ittiham-olunur\/#breadcrumb","itemListElement":[{"@type":"ListItem","position":1,"name":"Ana s\u0259hif\u0259","item":"https:\/\/www.meydan.tv\/az\/"},{"@type":"ListItem","position":2,"name":"Sosial","item":"https:\/\/www.meydan.tv\/az\/section\/sosial\/"},{"@type":"ListItem","position":3,"name":"Ramiz Mehdiyevin k\u00fcr\u0259k\u0259ni sahibkar\u0131n ba\u011f sah\u0259sini z\u0259bt etm\u0259kd\u0259 ittiham olunur"}]},{"@type":"WebSite","@id":"https:\/\/www.meydan.tv\/az\/#website","url":"https:\/\/www.meydan.tv\/az\/","name":"MEYDAN.TV","description":"Meydan TV Az\u0259rbaycan\u0131n media m\u0259kan\u0131ndak\u0131 alternativ s\u0259sidir","publisher":{"@id":"https:\/\/www.meydan.tv\/az\/#organization"},"potentialAction":[{"@type":"SearchAction","target":{"@type":"EntryPoint","urlTemplate":"https:\/\/www.meydan.tv\/az\/?s={search_term_string}"},"query-input":{"@type":"PropertyValueSpecification","valueRequired":true,"valueName":"search_term_string"}}],"inLanguage":"az"},{"@type":"Organization","@id":"https:\/\/www.meydan.tv\/az\/#organization","name":"Meydan TV","url":"https:\/\/www.meydan.tv\/az\/","logo":{"@type":"ImageObject","inLanguage":"az","@id":"https:\/\/www.meydan.tv\/az\/#\/schema\/logo\/image\/","url":"https:\/\/www.meydan.tv\/wp-content\/uploads\/2021\/07\/meydan-logo.svg","contentUrl":"https:\/\/www.meydan.tv\/wp-content\/uploads\/2021\/07\/meydan-logo.svg","width":195,"height":46,"caption":"Meydan TV"},"image":{"@id":"https:\/\/www.meydan.tv\/az\/#\/schema\/logo\/image\/"}},{"@type":"Person","@id":"https:\/\/www.meydan.tv\/az\/#\/schema\/person\/09863e516102a829e72bedcf3f84c6b0","name":"mahmud"}]}},"_links":{"self":[{"href":"https:\/\/www.meydan.tv\/az\/wp-json\/wp\/v2\/posts\/309715","targetHints":{"allow":["GET"]}}],"collection":[{"href":"https:\/\/www.meydan.tv\/az\/wp-json\/wp\/v2\/posts"}],"about":[{"href":"https:\/\/www.meydan.tv\/az\/wp-json\/wp\/v2\/types\/post"}],"author":[{"embeddable":true,"href":"https:\/\/www.meydan.tv\/az\/wp-json\/wp\/v2\/users\/21"}],"replies":[{"embeddable":true,"href":"https:\/\/www.meydan.tv\/az\/wp-json\/wp\/v2\/comments?post=309715"}],"version-history":[{"count":1,"href":"https:\/\/www.meydan.tv\/az\/wp-json\/wp\/v2\/posts\/309715\/revisions"}],"predecessor-version":[{"id":309716,"href":"https:\/\/www.meydan.tv\/az\/wp-json\/wp\/v2\/posts\/309715\/revisions\/309716"}],"wp:featuredmedia":[{"embeddable":true,"href":"https:\/\/www.meydan.tv\/az\/wp-json\/wp\/v2\/media\/146701"}],"wp:attachment":[{"href":"https:\/\/www.meydan.tv\/az\/wp-json\/wp\/v2\/media?parent=309715"}],"wp:term":[{"taxonomy":"category","embeddable":true,"href":"https:\/\/www.meydan.tv\/az\/wp-json\/wp\/v2\/categories?post=309715"},{"taxonomy":"post_tag","embeddable":true,"href":"https:\/\/www.meydan.tv\/az\/wp-json\/wp\/v2\/tags?post=309715"}],"curies":[{"name":"wp","href":"https:\/\/api.w.org\/{rel}","templated":true}]}}