{"id":309676,"date":"2024-07-04T15:10:18","date_gmt":"2024-07-04T11:10:18","guid":{"rendered":"https:\/\/www.meydan.tv\/?p=309676"},"modified":"2024-07-04T15:10:20","modified_gmt":"2024-07-04T11:10:20","slug":"musavat-novbedenkenar-parlament-seckilerinde-istirak-edecek","status":"publish","type":"post","link":"https:\/\/www.meydan.tv\/az\/article\/musavat-novbedenkenar-parlament-seckilerinde-istirak-edecek\/","title":{"rendered":"M\u00fcsavat n\u00f6vb\u0259d\u0259nk\u0259nar parlament se\u00e7kil\u0259rind\u0259 i\u015ftirak ed\u0259c\u0259k"},"content":{"rendered":"\n<p><\/p>\n\n\n\n<p><strong><em>Partiyan\u0131n M\u0259clisi se\u00e7kil\u0259rd\u0259 i\u015ftirakla ba\u011fl\u0131 q\u0259rar q\u0259bul edib<\/em><\/strong><\/p>\n\n\n\n<p>M\u00fcsavat Partiyas\u0131n\u0131n sentyabr\u0131n 1-d\u0259 ke\u00e7iril\u0259c\u0259k n\u00f6vb\u0259d\u0259nk\u0259nar parlament se\u00e7kil\u0259rind\u0259 i\u015ftirak ed\u0259c\u0259yi bildirilir.<\/p>\n\n\n\n<p>Bu bar\u0259d\u0259 iyulun 4-d\u0259 M\u00fcsavat Partiyas\u0131n\u0131n M\u0259clisi q\u0259rar q\u0259bul edib.<\/p>\n\n\n\n<p>Partiyan\u0131n m\u0259tbuat xidm\u0259tind\u0259n Meydan TV-y\u0259 veril\u0259n m\u0259lumatda bildirilir ki, iclasda sentyabr\u0131n 1-n\u0259 t\u0259yin olunan n\u00f6vb\u0259d\u0259nk\u0259nar parlament se\u00e7kil\u0259rind\u0259 i\u015ftirakla ba\u011fl\u0131 m\u0259s\u0259l\u0259 m\u00fczakir\u0259y\u0259 \u00e7\u0131xar\u0131l\u0131b.<\/p>\n\n\n\n<p>M\u00fczakir\u0259l\u0259rd\u0259n sonra m\u0259s\u0259l\u0259 s\u0259sverm\u0259y\u0259 qoyulub.<\/p>\n\n\n\n<p>51 lehin\u0259, 19 \u0259leyhin\u0259, 2 bit\u0259r\u0259f qalmaqla M\u0259clis M\u00fcsavat Partiyas\u0131n\u0131n 1 sentyabr se\u00e7kisind\u0259 i\u015ftirak etm\u0259si il\u0259 ba\u011fl\u0131 q\u0259rar q\u0259bul edib.<\/p>\n\n\n\n<p>M\u0259clis h\u0259m\u00e7inin deputatl\u0131\u011fa namiz\u0259dl\u0259rin ir\u0259li s\u00fcr\u00fclm\u0259si v\u0259 dig\u0259r prosedur m\u0259s\u0259l\u0259l\u0259rl\u0259 ba\u011fl\u0131 operativ q\u0259rarlar\u0131n q\u0259bul edilm\u0259si \u00fc\u00e7\u00fcn Divana s\u0259lahiyy\u0259t verib.<\/p>\n\n\n\n<p>Partiyan\u0131n ba\u015fqan\u0131 \u0130sa Q\u0259mb\u0259rin t\u0259klifi il\u0259 Arif Hac\u0131l\u0131 se\u00e7ki q\u0259rargah\u0131n\u0131n s\u0259dri se\u00e7ilib.<\/p>\n\n\n\n<p><strong>N\u00f6vb\u0259d\u0259nk\u0259nar se\u00e7kil\u0259r n\u0259 vaxt ke\u00e7iril\u0259c\u0259k?<\/strong><\/p>\n\n\n\n<p>Az\u0259rbaycan Prezidenti \u0130lham \u018fliyev Milli M\u0259clisin burax\u0131lmas\u0131 v\u0259 sentyabr\u0131n 1-d\u0259 erk\u0259n se\u00e7ki ke\u00e7irilm\u0259si il\u0259 ba\u011fl\u0131 iyunun 28-d\u0259 s\u0259r\u0259ncam imzalay\u0131b.<\/p>\n\n\n\n<p>\u0130yunun 27-d\u0259 Konstitusiya M\u0259hk\u0259m\u0259sinin Plenumu erk\u0259n parlament se\u00e7kisi ke\u00e7irilm\u0259sinin m\u00fcmk\u00fcnl\u00fcy\u00fc il\u0259 ba\u011fl\u0131 Az\u0259rbaycan Prezidentinin sor\u011fusuna m\u00fcsb\u0259t cavab vermi\u015fdi.<\/p>\n\n\n\n<p>\u0130yunun 21-d\u0259 Az\u0259rbaycan parlamenti \u00f6z\u00fcn\u00fcn burax\u0131lmas\u0131 v\u0259 Milli M\u0259clis\u0259 n\u00f6vb\u0259d\u0259nk\u0259nar se\u00e7kil\u0259rin t\u0259yin olunmas\u0131 \u00fc\u00e7\u00fcn Prezident \u0130lham \u018fliyev\u0259 m\u00fcraci\u0259t etmi\u015fdi.<\/p>\n\n\n\n<p>Parlamentin q\u0259na\u0259tin\u0259 g\u00f6r\u0259, COP29 zaman\u0131 Milli M\u0259clisin Az\u0259rbaycan\u0131n \u0259razi b\u00fct\u00f6vl\u00fcy\u00fcn\u00fcn b\u0259rpas\u0131ndan sonra yeni t\u0259rkibd\u0259 t\u0259msil olunmas\u0131, parlament diplomatiyas\u0131n\u0131n verdiyi imkanlardan s\u0259m\u0259r\u0259li istifad\u0259 edilm\u0259si, habel\u0259 \u00f6lk\u0259 \u00fc\u00e7\u00fcn bu \u0259h\u0259miyy\u0259tli t\u0259dbir zaman\u0131 normayaratma f\u0259aliyy\u0259tinin fasil\u0259siz h\u0259yata ke\u00e7irilm\u0259si \u00fc\u00e7\u00fcn h\u0259min vaxta q\u0259d\u0259r Milli M\u0259clisin yeni \u00e7a\u011f\u0131r\u0131\u015f\u0131n\u0131n &#8220;tam formala\u015fd\u0131r\u0131lmas\u0131 z\u0259ruridir\u201d.<\/p>\n\n\n\n<p>Az\u0259rbaycanda sonuncu parlament se\u00e7kisi d\u0259 n\u00f6vb\u0259d\u0259nk\u0259nar olub v\u0259 2020-ci ilin fevral\u0131nda ba\u015f tutub.<\/p>\n","protected":false},"excerpt":{"rendered":"<p>Partiyan\u0131n M\u0259clisi se\u00e7kil\u0259rd\u0259 i\u015ftirakla ba\u011fl\u0131 q\u0259rar q\u0259bul edib M\u00fcsavat Partiyas\u0131n\u0131n &#8230; <\/p>\n<p class=\"read-more-container\"><a title=\"M\u00fcsavat n\u00f6vb\u0259d\u0259nk\u0259nar parlament se\u00e7kil\u0259rind\u0259 i\u015ftirak ed\u0259c\u0259k\" class=\"read-more button\" href=\"https:\/\/www.meydan.tv\/az\/article\/musavat-novbedenkenar-parlament-seckilerinde-istirak-edecek\/#more-309676\" aria-label=\"Read more about M\u00fcsavat n\u00f6vb\u0259d\u0259nk\u0259nar parlament se\u00e7kil\u0259rind\u0259 i\u015ftirak ed\u0259c\u0259k\">Davam\u0131<\/a><\/p>\n","protected":false},"author":21,"featured_media":292361,"comment_status":"closed","ping_status":"closed","sticky":false,"template":"","format":"standard","meta":{"_acf_changed":false,"_sitemap_exclude":false,"_sitemap_priority":"","_sitemap_frequency":"","footnotes":""},"categories":[129,59,56],"tags":[],"class_list":["post-309676","post","type-post","status-publish","format-standard","has-post-thumbnail","hentry","category-sechki-2024","category-siyaset","category-xeberler","infinite-scroll-item","generate-columns","tablet-grid-50","mobile-grid-100","grid-parent","grid-33","no-featured-image-padding"],"acf":[],"yoast_head":"<!-- This site is optimized with the Yoast SEO plugin v27.4 - https:\/\/yoast.com\/product\/yoast-seo-wordpress\/ -->\n<title>M\u00fcsavat n\u00f6vb\u0259d\u0259nk\u0259nar parlament se\u00e7kil\u0259rind\u0259 i\u015ftirak ed\u0259c\u0259k - MEYDAN.TV<\/title>\n<meta name=\"description\" content=\"M\u00fcsavat Partiyas\u0131n\u0131n sentyabr\u0131n 1-d\u0259 ke\u00e7iril\u0259c\u0259k n\u00f6vb\u0259d\u0259nk\u0259nar parlament se\u00e7kil\u0259rind\u0259 i\u015ftirak ed\u0259c\u0259yi bildirilir.\" \/>\n<meta name=\"robots\" content=\"index, follow, max-snippet:-1, max-image-preview:large, max-video-preview:-1\" \/>\n<link rel=\"canonical\" href=\"https:\/\/www.meydan.tv\/az\/article\/musavat-novbedenkenar-parlament-seckilerinde-istirak-edecek\/\" \/>\n<meta property=\"og:locale\" content=\"az_AZ\" \/>\n<meta property=\"og:type\" content=\"article\" \/>\n<meta property=\"og:title\" content=\"M\u00fcsavat n\u00f6vb\u0259d\u0259nk\u0259nar parlament se\u00e7kil\u0259rind\u0259 i\u015ftirak ed\u0259c\u0259k - MEYDAN.TV\" \/>\n<meta property=\"og:description\" content=\"M\u00fcsavat Partiyas\u0131n\u0131n sentyabr\u0131n 1-d\u0259 ke\u00e7iril\u0259c\u0259k n\u00f6vb\u0259d\u0259nk\u0259nar parlament se\u00e7kil\u0259rind\u0259 i\u015ftirak ed\u0259c\u0259yi bildirilir.\" \/>\n<meta property=\"og:url\" content=\"https:\/\/www.meydan.tv\/az\/article\/musavat-novbedenkenar-parlament-seckilerinde-istirak-edecek\/\" \/>\n<meta property=\"og:site_name\" content=\"MEYDAN.TV\" \/>\n<meta property=\"article:published_time\" content=\"2024-07-04T11:10:18+00:00\" \/>\n<meta property=\"article:modified_time\" content=\"2024-07-04T11:10:20+00:00\" \/>\n<meta property=\"og:image\" content=\"https:\/\/www.meydan.tv\/wp-content\/uploads\/shutterstock_2330340669-1.jpg\" \/>\n\t<meta property=\"og:image:width\" content=\"1200\" \/>\n\t<meta property=\"og:image:height\" content=\"799\" \/>\n\t<meta property=\"og:image:type\" content=\"image\/jpeg\" \/>\n<meta name=\"author\" content=\"mahmud\" \/>\n<meta name=\"twitter:card\" content=\"summary_large_image\" \/>\n<script type=\"application\/ld+json\" class=\"yoast-schema-graph\">{\"@context\":\"https:\\\/\\\/schema.org\",\"@graph\":[{\"@type\":\"Article\",\"@id\":\"https:\\\/\\\/www.meydan.tv\\\/az\\\/article\\\/musavat-novbedenkenar-parlament-seckilerinde-istirak-edecek\\\/#article\",\"isPartOf\":{\"@id\":\"https:\\\/\\\/www.meydan.tv\\\/az\\\/article\\\/musavat-novbedenkenar-parlament-seckilerinde-istirak-edecek\\\/\"},\"author\":{\"name\":\"mahmud\",\"@id\":\"https:\\\/\\\/www.meydan.tv\\\/az\\\/#\\\/schema\\\/person\\\/09863e516102a829e72bedcf3f84c6b0\"},\"headline\":\"M\u00fcsavat n\u00f6vb\u0259d\u0259nk\u0259nar parlament se\u00e7kil\u0259rind\u0259 i\u015ftirak ed\u0259c\u0259k\",\"datePublished\":\"2024-07-04T11:10:18+00:00\",\"dateModified\":\"2024-07-04T11:10:20+00:00\",\"mainEntityOfPage\":{\"@id\":\"https:\\\/\\\/www.meydan.tv\\\/az\\\/article\\\/musavat-novbedenkenar-parlament-seckilerinde-istirak-edecek\\\/\"},\"wordCount\":446,\"publisher\":{\"@id\":\"https:\\\/\\\/www.meydan.tv\\\/az\\\/#organization\"},\"image\":{\"@id\":\"https:\\\/\\\/www.meydan.tv\\\/az\\\/article\\\/musavat-novbedenkenar-parlament-seckilerinde-istirak-edecek\\\/#primaryimage\"},\"thumbnailUrl\":\"https:\\\/\\\/www.meydan.tv\\\/wp-content\\\/uploads\\\/shutterstock_2330340669-1.jpg\",\"articleSection\":[\"Se\u00e7ki 2024\",\"Siyas\u0259t\",\"X\u0259b\u0259rl\u0259r\"],\"inLanguage\":\"az\"},{\"@type\":\"WebPage\",\"@id\":\"https:\\\/\\\/www.meydan.tv\\\/az\\\/article\\\/musavat-novbedenkenar-parlament-seckilerinde-istirak-edecek\\\/\",\"url\":\"https:\\\/\\\/www.meydan.tv\\\/az\\\/article\\\/musavat-novbedenkenar-parlament-seckilerinde-istirak-edecek\\\/\",\"name\":\"M\u00fcsavat n\u00f6vb\u0259d\u0259nk\u0259nar parlament se\u00e7kil\u0259rind\u0259 i\u015ftirak ed\u0259c\u0259k - MEYDAN.TV\",\"isPartOf\":{\"@id\":\"https:\\\/\\\/www.meydan.tv\\\/az\\\/#website\"},\"primaryImageOfPage\":{\"@id\":\"https:\\\/\\\/www.meydan.tv\\\/az\\\/article\\\/musavat-novbedenkenar-parlament-seckilerinde-istirak-edecek\\\/#primaryimage\"},\"image\":{\"@id\":\"https:\\\/\\\/www.meydan.tv\\\/az\\\/article\\\/musavat-novbedenkenar-parlament-seckilerinde-istirak-edecek\\\/#primaryimage\"},\"thumbnailUrl\":\"https:\\\/\\\/www.meydan.tv\\\/wp-content\\\/uploads\\\/shutterstock_2330340669-1.jpg\",\"datePublished\":\"2024-07-04T11:10:18+00:00\",\"dateModified\":\"2024-07-04T11:10:20+00:00\",\"description\":\"M\u00fcsavat Partiyas\u0131n\u0131n sentyabr\u0131n 1-d\u0259 ke\u00e7iril\u0259c\u0259k n\u00f6vb\u0259d\u0259nk\u0259nar parlament se\u00e7kil\u0259rind\u0259 i\u015ftirak ed\u0259c\u0259yi bildirilir.\",\"breadcrumb\":{\"@id\":\"https:\\\/\\\/www.meydan.tv\\\/az\\\/article\\\/musavat-novbedenkenar-parlament-seckilerinde-istirak-edecek\\\/#breadcrumb\"},\"inLanguage\":\"az\",\"potentialAction\":[{\"@type\":\"ReadAction\",\"target\":[\"https:\\\/\\\/www.meydan.tv\\\/az\\\/article\\\/musavat-novbedenkenar-parlament-seckilerinde-istirak-edecek\\\/\"]}]},{\"@type\":\"ImageObject\",\"inLanguage\":\"az\",\"@id\":\"https:\\\/\\\/www.meydan.tv\\\/az\\\/article\\\/musavat-novbedenkenar-parlament-seckilerinde-istirak-edecek\\\/#primaryimage\",\"url\":\"https:\\\/\\\/www.meydan.tv\\\/wp-content\\\/uploads\\\/shutterstock_2330340669-1.jpg\",\"contentUrl\":\"https:\\\/\\\/www.meydan.tv\\\/wp-content\\\/uploads\\\/shutterstock_2330340669-1.jpg\",\"width\":1200,\"height\":799,\"caption\":\"Az\u0259rbaycanda se\u00e7kil\u0259r. Foto: Andy.LIU\\\/shutterstock\"},{\"@type\":\"BreadcrumbList\",\"@id\":\"https:\\\/\\\/www.meydan.tv\\\/az\\\/article\\\/musavat-novbedenkenar-parlament-seckilerinde-istirak-edecek\\\/#breadcrumb\",\"itemListElement\":[{\"@type\":\"ListItem\",\"position\":1,\"name\":\"Ana s\u0259hif\u0259\",\"item\":\"https:\\\/\\\/www.meydan.tv\\\/az\\\/\"},{\"@type\":\"ListItem\",\"position\":2,\"name\":\"Se\u00e7ki 2024\",\"item\":\"https:\\\/\\\/www.meydan.tv\\\/az\\\/section\\\/sechki-2024\\\/\"},{\"@type\":\"ListItem\",\"position\":3,\"name\":\"M\u00fcsavat n\u00f6vb\u0259d\u0259nk\u0259nar parlament se\u00e7kil\u0259rind\u0259 i\u015ftirak ed\u0259c\u0259k\"}]},{\"@type\":\"WebSite\",\"@id\":\"https:\\\/\\\/www.meydan.tv\\\/az\\\/#website\",\"url\":\"https:\\\/\\\/www.meydan.tv\\\/az\\\/\",\"name\":\"MEYDAN.TV\",\"description\":\"Meydan TV Az\u0259rbaycan\u0131n media m\u0259kan\u0131ndak\u0131 alternativ s\u0259sidir\",\"publisher\":{\"@id\":\"https:\\\/\\\/www.meydan.tv\\\/az\\\/#organization\"},\"potentialAction\":[{\"@type\":\"SearchAction\",\"target\":{\"@type\":\"EntryPoint\",\"urlTemplate\":\"https:\\\/\\\/www.meydan.tv\\\/az\\\/?s={search_term_string}\"},\"query-input\":{\"@type\":\"PropertyValueSpecification\",\"valueRequired\":true,\"valueName\":\"search_term_string\"}}],\"inLanguage\":\"az\"},{\"@type\":\"Organization\",\"@id\":\"https:\\\/\\\/www.meydan.tv\\\/az\\\/#organization\",\"name\":\"Meydan TV\",\"url\":\"https:\\\/\\\/www.meydan.tv\\\/az\\\/\",\"logo\":{\"@type\":\"ImageObject\",\"inLanguage\":\"az\",\"@id\":\"https:\\\/\\\/www.meydan.tv\\\/az\\\/#\\\/schema\\\/logo\\\/image\\\/\",\"url\":\"https:\\\/\\\/www.meydan.tv\\\/wp-content\\\/uploads\\\/2021\\\/07\\\/meydan-logo.svg\",\"contentUrl\":\"https:\\\/\\\/www.meydan.tv\\\/wp-content\\\/uploads\\\/2021\\\/07\\\/meydan-logo.svg\",\"width\":195,\"height\":46,\"caption\":\"Meydan TV\"},\"image\":{\"@id\":\"https:\\\/\\\/www.meydan.tv\\\/az\\\/#\\\/schema\\\/logo\\\/image\\\/\"}},{\"@type\":\"Person\",\"@id\":\"https:\\\/\\\/www.meydan.tv\\\/az\\\/#\\\/schema\\\/person\\\/09863e516102a829e72bedcf3f84c6b0\",\"name\":\"mahmud\"}]}<\/script>\n<!-- \/ Yoast SEO plugin. -->","yoast_head_json":{"title":"M\u00fcsavat n\u00f6vb\u0259d\u0259nk\u0259nar parlament se\u00e7kil\u0259rind\u0259 i\u015ftirak ed\u0259c\u0259k - MEYDAN.TV","description":"M\u00fcsavat Partiyas\u0131n\u0131n sentyabr\u0131n 1-d\u0259 ke\u00e7iril\u0259c\u0259k n\u00f6vb\u0259d\u0259nk\u0259nar parlament se\u00e7kil\u0259rind\u0259 i\u015ftirak ed\u0259c\u0259yi bildirilir.","robots":{"index":"index","follow":"follow","max-snippet":"max-snippet:-1","max-image-preview":"max-image-preview:large","max-video-preview":"max-video-preview:-1"},"canonical":"https:\/\/www.meydan.tv\/az\/article\/musavat-novbedenkenar-parlament-seckilerinde-istirak-edecek\/","og_locale":"az_AZ","og_type":"article","og_title":"M\u00fcsavat n\u00f6vb\u0259d\u0259nk\u0259nar parlament se\u00e7kil\u0259rind\u0259 i\u015ftirak ed\u0259c\u0259k - MEYDAN.TV","og_description":"M\u00fcsavat Partiyas\u0131n\u0131n sentyabr\u0131n 1-d\u0259 ke\u00e7iril\u0259c\u0259k n\u00f6vb\u0259d\u0259nk\u0259nar parlament se\u00e7kil\u0259rind\u0259 i\u015ftirak ed\u0259c\u0259yi bildirilir.","og_url":"https:\/\/www.meydan.tv\/az\/article\/musavat-novbedenkenar-parlament-seckilerinde-istirak-edecek\/","og_site_name":"MEYDAN.TV","article_published_time":"2024-07-04T11:10:18+00:00","article_modified_time":"2024-07-04T11:10:20+00:00","og_image":[{"width":1200,"height":799,"url":"https:\/\/www.meydan.tv\/wp-content\/uploads\/shutterstock_2330340669-1.jpg","type":"image\/jpeg"}],"author":"mahmud","twitter_card":"summary_large_image","schema":{"@context":"https:\/\/schema.org","@graph":[{"@type":"Article","@id":"https:\/\/www.meydan.tv\/az\/article\/musavat-novbedenkenar-parlament-seckilerinde-istirak-edecek\/#article","isPartOf":{"@id":"https:\/\/www.meydan.tv\/az\/article\/musavat-novbedenkenar-parlament-seckilerinde-istirak-edecek\/"},"author":{"name":"mahmud","@id":"https:\/\/www.meydan.tv\/az\/#\/schema\/person\/09863e516102a829e72bedcf3f84c6b0"},"headline":"M\u00fcsavat n\u00f6vb\u0259d\u0259nk\u0259nar parlament se\u00e7kil\u0259rind\u0259 i\u015ftirak ed\u0259c\u0259k","datePublished":"2024-07-04T11:10:18+00:00","dateModified":"2024-07-04T11:10:20+00:00","mainEntityOfPage":{"@id":"https:\/\/www.meydan.tv\/az\/article\/musavat-novbedenkenar-parlament-seckilerinde-istirak-edecek\/"},"wordCount":446,"publisher":{"@id":"https:\/\/www.meydan.tv\/az\/#organization"},"image":{"@id":"https:\/\/www.meydan.tv\/az\/article\/musavat-novbedenkenar-parlament-seckilerinde-istirak-edecek\/#primaryimage"},"thumbnailUrl":"https:\/\/www.meydan.tv\/wp-content\/uploads\/shutterstock_2330340669-1.jpg","articleSection":["Se\u00e7ki 2024","Siyas\u0259t","X\u0259b\u0259rl\u0259r"],"inLanguage":"az"},{"@type":"WebPage","@id":"https:\/\/www.meydan.tv\/az\/article\/musavat-novbedenkenar-parlament-seckilerinde-istirak-edecek\/","url":"https:\/\/www.meydan.tv\/az\/article\/musavat-novbedenkenar-parlament-seckilerinde-istirak-edecek\/","name":"M\u00fcsavat n\u00f6vb\u0259d\u0259nk\u0259nar parlament se\u00e7kil\u0259rind\u0259 i\u015ftirak ed\u0259c\u0259k - MEYDAN.TV","isPartOf":{"@id":"https:\/\/www.meydan.tv\/az\/#website"},"primaryImageOfPage":{"@id":"https:\/\/www.meydan.tv\/az\/article\/musavat-novbedenkenar-parlament-seckilerinde-istirak-edecek\/#primaryimage"},"image":{"@id":"https:\/\/www.meydan.tv\/az\/article\/musavat-novbedenkenar-parlament-seckilerinde-istirak-edecek\/#primaryimage"},"thumbnailUrl":"https:\/\/www.meydan.tv\/wp-content\/uploads\/shutterstock_2330340669-1.jpg","datePublished":"2024-07-04T11:10:18+00:00","dateModified":"2024-07-04T11:10:20+00:00","description":"M\u00fcsavat Partiyas\u0131n\u0131n sentyabr\u0131n 1-d\u0259 ke\u00e7iril\u0259c\u0259k n\u00f6vb\u0259d\u0259nk\u0259nar parlament se\u00e7kil\u0259rind\u0259 i\u015ftirak ed\u0259c\u0259yi bildirilir.","breadcrumb":{"@id":"https:\/\/www.meydan.tv\/az\/article\/musavat-novbedenkenar-parlament-seckilerinde-istirak-edecek\/#breadcrumb"},"inLanguage":"az","potentialAction":[{"@type":"ReadAction","target":["https:\/\/www.meydan.tv\/az\/article\/musavat-novbedenkenar-parlament-seckilerinde-istirak-edecek\/"]}]},{"@type":"ImageObject","inLanguage":"az","@id":"https:\/\/www.meydan.tv\/az\/article\/musavat-novbedenkenar-parlament-seckilerinde-istirak-edecek\/#primaryimage","url":"https:\/\/www.meydan.tv\/wp-content\/uploads\/shutterstock_2330340669-1.jpg","contentUrl":"https:\/\/www.meydan.tv\/wp-content\/uploads\/shutterstock_2330340669-1.jpg","width":1200,"height":799,"caption":"Az\u0259rbaycanda se\u00e7kil\u0259r. Foto: Andy.LIU\/shutterstock"},{"@type":"BreadcrumbList","@id":"https:\/\/www.meydan.tv\/az\/article\/musavat-novbedenkenar-parlament-seckilerinde-istirak-edecek\/#breadcrumb","itemListElement":[{"@type":"ListItem","position":1,"name":"Ana s\u0259hif\u0259","item":"https:\/\/www.meydan.tv\/az\/"},{"@type":"ListItem","position":2,"name":"Se\u00e7ki 2024","item":"https:\/\/www.meydan.tv\/az\/section\/sechki-2024\/"},{"@type":"ListItem","position":3,"name":"M\u00fcsavat n\u00f6vb\u0259d\u0259nk\u0259nar parlament se\u00e7kil\u0259rind\u0259 i\u015ftirak ed\u0259c\u0259k"}]},{"@type":"WebSite","@id":"https:\/\/www.meydan.tv\/az\/#website","url":"https:\/\/www.meydan.tv\/az\/","name":"MEYDAN.TV","description":"Meydan TV Az\u0259rbaycan\u0131n media m\u0259kan\u0131ndak\u0131 alternativ s\u0259sidir","publisher":{"@id":"https:\/\/www.meydan.tv\/az\/#organization"},"potentialAction":[{"@type":"SearchAction","target":{"@type":"EntryPoint","urlTemplate":"https:\/\/www.meydan.tv\/az\/?s={search_term_string}"},"query-input":{"@type":"PropertyValueSpecification","valueRequired":true,"valueName":"search_term_string"}}],"inLanguage":"az"},{"@type":"Organization","@id":"https:\/\/www.meydan.tv\/az\/#organization","name":"Meydan TV","url":"https:\/\/www.meydan.tv\/az\/","logo":{"@type":"ImageObject","inLanguage":"az","@id":"https:\/\/www.meydan.tv\/az\/#\/schema\/logo\/image\/","url":"https:\/\/www.meydan.tv\/wp-content\/uploads\/2021\/07\/meydan-logo.svg","contentUrl":"https:\/\/www.meydan.tv\/wp-content\/uploads\/2021\/07\/meydan-logo.svg","width":195,"height":46,"caption":"Meydan TV"},"image":{"@id":"https:\/\/www.meydan.tv\/az\/#\/schema\/logo\/image\/"}},{"@type":"Person","@id":"https:\/\/www.meydan.tv\/az\/#\/schema\/person\/09863e516102a829e72bedcf3f84c6b0","name":"mahmud"}]}},"_links":{"self":[{"href":"https:\/\/www.meydan.tv\/az\/wp-json\/wp\/v2\/posts\/309676","targetHints":{"allow":["GET"]}}],"collection":[{"href":"https:\/\/www.meydan.tv\/az\/wp-json\/wp\/v2\/posts"}],"about":[{"href":"https:\/\/www.meydan.tv\/az\/wp-json\/wp\/v2\/types\/post"}],"author":[{"embeddable":true,"href":"https:\/\/www.meydan.tv\/az\/wp-json\/wp\/v2\/users\/21"}],"replies":[{"embeddable":true,"href":"https:\/\/www.meydan.tv\/az\/wp-json\/wp\/v2\/comments?post=309676"}],"version-history":[{"count":1,"href":"https:\/\/www.meydan.tv\/az\/wp-json\/wp\/v2\/posts\/309676\/revisions"}],"predecessor-version":[{"id":309677,"href":"https:\/\/www.meydan.tv\/az\/wp-json\/wp\/v2\/posts\/309676\/revisions\/309677"}],"wp:featuredmedia":[{"embeddable":true,"href":"https:\/\/www.meydan.tv\/az\/wp-json\/wp\/v2\/media\/292361"}],"wp:attachment":[{"href":"https:\/\/www.meydan.tv\/az\/wp-json\/wp\/v2\/media?parent=309676"}],"wp:term":[{"taxonomy":"category","embeddable":true,"href":"https:\/\/www.meydan.tv\/az\/wp-json\/wp\/v2\/categories?post=309676"},{"taxonomy":"post_tag","embeddable":true,"href":"https:\/\/www.meydan.tv\/az\/wp-json\/wp\/v2\/tags?post=309676"}],"curies":[{"name":"wp","href":"https:\/\/api.w.org\/{rel}","templated":true}]}}