{"id":309670,"date":"2024-07-04T14:33:06","date_gmt":"2024-07-04T10:33:06","guid":{"rendered":"https:\/\/www.meydan.tv\/?p=309670"},"modified":"2024-07-04T14:33:08","modified_gmt":"2024-07-04T10:33:08","slug":"aile-uzvlerini-oldurmekde-ittiham-olunan-ehmed-ehmedov-ifade-vermekden-imtina-edib","status":"publish","type":"post","link":"https:\/\/www.meydan.tv\/az\/article\/aile-uzvlerini-oldurmekde-ittiham-olunan-ehmed-ehmedov-ifade-vermekden-imtina-edib\/","title":{"rendered":"Ail\u0259 \u00fczvl\u0259rini \u00f6ld\u00fcrm\u0259kd\u0259 ittiham olunan \u018fhm\u0259d \u018fhm\u0259dov ifad\u0259 verm\u0259kd\u0259n imtina edib"},"content":{"rendered":"\n<p><\/p>\n\n\n\n<p><strong><em>O \u00f6z\u00fcn\u00fc ail\u0259 \u00fczvl\u0259rini \u00f6ld\u00fcrm\u0259kd\u0259 t\u0259qsirli bilib<\/em><\/strong><\/p>\n\n\n\n<p>Ail\u0259sinin 5 \u00fczv\u00fcn\u00fc &#8211; anas\u0131, atas\u0131, azya\u015fl\u0131 qarda\u015f\u0131, bac\u0131s\u0131 v\u0259 onun 3 ya\u015fl\u0131 q\u0131z\u0131n\u0131 q\u0259tl\u0259 yetirm\u0259kd\u0259 ittiham olunan \u018fhm\u0259d \u018fhm\u0259dovun i\u015fi \u00fczr\u0259 m\u0259hk\u0259m\u0259 istintaq\u0131 ba\u015flay\u0131b.<\/p>\n\n\n\n<p>\u0130yulun 4-d\u0259 Bak\u0131 A\u011f\u0131r Cinay\u0259tl\u0259r M\u0259hk\u0259m\u0259sind\u0259 bu i\u015f \u00fczr\u0259 ke\u00e7iril\u0259n m\u0259hk\u0259m\u0259 prosesind\u0259 prokurorlu\u011fun \u018fhm\u0259d \u018fhm\u0259dovla ba\u011fl\u0131 q\u0259rar\u0131 a\u00e7\u0131qlan\u0131b.<\/p>\n\n\n\n<p>Q\u0259rar\u0131 prokuror Ziya Mansurov elan edib.<\/p>\n\n\n\n<p>Q\u0259rarda \u018fhm\u0259d \u018fhm\u0259dovun \u00f6z\u00fc bar\u0259d\u0259 m\u0259lumatlar, q\u0259tl hadis\u0259l\u0259rinin nec\u0259 ba\u015f verm\u0259si \u0259ksini tap\u0131b.<\/p>\n\n\n\n<p>Q\u0259rara \u0259sas\u0259n, u\u015faql\u0131qdan psixi durumunda probleml\u0259r olan \u018fhm\u0259d \u018fhm\u0259dov haz\u0131rda da \u015fizofreniyadan \u0259ziyy\u0259t \u00e7\u0259kir.<\/p>\n\n\n\n<p>O, orta m\u0259kt\u0259bd\u0259 9-cu sinf\u0259 q\u0259d\u0259r t\u0259hsil al\u0131b, sa\u011flaml\u0131\u011f\u0131ndak\u0131 probleml\u0259rl\u0259 \u0259laq\u0259dar h\u0259rbi xidm\u0259t\u0259 d\u0259 apar\u0131lmay\u0131b.<\/p>\n\n\n\n<p>Lakin \u018fhm\u0259d \u018fhm\u0259dov Moskvada f\u0259aliyy\u0259t g\u00f6st\u0259r\u0259n universitetl\u0259rd\u0259n birinin m\u0259zunudur.<\/p>\n\n\n\n<p>O, istintaq zaman\u0131 ifad\u0259sind\u0259 ail\u0259 \u00fczvl\u0259rini \u00f6ld\u00fcrm\u0259sinin s\u0259b\u0259bini yax\u0131nlar\u0131n\u0131n ona qar\u015f\u0131 diqq\u0259tsizliyi il\u0259 izah edib.<\/p>\n\n\n\n<p>Q\u0259rarda o da yaz\u0131l\u0131b ki, o, valideynl\u0259rind\u0259n ayr\u0131 ya\u015fay\u0131b, \u00e7\u00fcnki onun \u00fc\u00e7\u00fcn ayr\u0131ca m\u0259nzil al\u0131blar.<\/p>\n\n\n\n<p>Hadis\u0259 g\u00fcn\u00fc \u2013 fevral\u0131n 13-d\u0259 atas\u0131 Mehman \u018fhm\u0259dov onu \u00f6z evin\u0259 g\u0259tirib. Atas\u0131 s\u0259h\u0259r yem\u0259yi haz\u0131rlayanda onu \u00f6ld\u00fcrm\u0259k q\u0259rar\u0131na g\u0259lib. Bu zaman evd\u0259 onlar\u0131n ikisind\u0259n ba\u015fqa he\u00e7 kim olmay\u0131b.<\/p>\n\n\n\n<p>Q\u0259rarda yaz\u0131lanlara \u0259sas\u0259n, Mehman \u018fhm\u0259dovu \u00f6ld\u00fcr\u0259nd\u0259n sonra o\u011flu onun avtomobilini g\u00f6t\u00fcr\u0259r\u0259k bac\u0131s\u0131 Elmiran\u0131n evin\u0259 gedib. Ev\u0259 \u00e7atan kimi d\u0259 onu \u00f6ld\u00fcr\u00fcb. Daha sonra bac\u0131s\u0131n\u0131n 3 ya\u015fl\u0131 q\u0131z\u0131n\u0131 \u00f6ld\u00fcrm\u0259k ist\u0259y\u0259nd\u0259 \u0259lind\u0259ki b\u0131\u00e7aq s\u0131n\u0131b. Lakin evin m\u0259tb\u0259xind\u0259n ba\u015fqa b\u0131\u00e7aq g\u00f6t\u00fcr\u0259r\u0259k u\u015fa\u011f\u0131 da q\u0259tl\u0259 yetirib.<\/p>\n\n\n\n<p>Daha sonra yenid\u0259n valideynl\u0259rinin ya\u015fad\u0131\u011f\u0131 ev\u0259 qay\u0131d\u0131b.<\/p>\n\n\n\n<p>Q\u0259rarda o da yaz\u0131l\u0131b ki, o, binaya qalxmam\u0131\u015fdan \u0259vv\u0259l ma\u011fazaya girib, siqaret almaq ist\u0259yib. Bu zaman sat\u0131c\u0131 \u0259ll\u0259rinin qanl\u0131 oldu\u011funu g\u00f6r\u00fcb, ona siqaret satmay\u0131b.<\/p>\n\n\n\n<p>El\u0259 marketd\u0259n \u00e7\u0131xanda anas\u0131 v\u0259 9 ya\u015fl\u0131 qarda\u015f\u0131n\u0131n ev\u0259 t\u0259r\u0259f g\u0259ldiyini g\u00f6r\u00fcb. H\u0259min vaxt yax\u0131nl\u0131qdak\u0131 ma\u011fazadan 20 manata balta al\u0131b v\u0259 ev\u0259 ged\u0259r\u0259k, onlar\u0131 da q\u0259tl\u0259 yetirib.<\/p>\n\n\n\n<p>M\u0259hk\u0259m\u0259d\u0259 m\u0259lum olub ki, \u018fhm\u0259d \u018fhm\u0259dov \u0259vv\u0259l ofisiant kimi f\u0259aliyy\u0259t g\u00f6st\u0259rib, daha sonra valideynl\u0259rinin ald\u0131\u011f\u0131 avtomobill\u0259 taksi s\u00fcr\u00fcb.<\/p>\n\n\n\n<p>\u0130stintaq zaman\u0131 ke\u00e7iril\u0259n ekspertizalar \u018fhm\u0259d \u018fhm\u0259dovun hadis\u0259 ba\u015f ver\u0259n zaman anlaqs\u0131z v\u0259ziyy\u0259td\u0259 olmas\u0131 bar\u0259d\u0259 r\u0259y verib.<\/p>\n\n\n\n<p>Ekspertl\u0259r h\u0259m\u00e7inin onu c\u0259miyy\u0259t \u00fc\u00e7\u00fcn t\u0259hl\u00fck\u0259li hesab edib, onun bar\u0259sind\u0259 tibbi xarakterli m\u0259cburi t\u0259dbirl\u0259rin t\u0259tbiqin\u0259 dair icraat ba\u015flan\u0131b.<\/p>\n\n\n\n<p>O, Respublika Psixiatriya X\u0259st\u0259x\u0259nas\u0131na yerl\u0259\u015fdirilib.<\/p>\n\n\n\n<p>Prokuror q\u0259\u0131rar\u0131 elan ed\u0259nd\u0259n sonra hakim S\u0259bin\u0259 M\u0259mm\u0259dzad\u0259 \u018fhm\u0259d \u018fhm\u0259dovdan ittihama m\u00fcnasib\u0259tini soru\u015fub.<\/p>\n\n\n\n<p>O bildirib ki, yaz\u0131lanlar\u0131 q\u0259bul edir, \u00f6z\u00fcn\u00fc t\u0259qsirli bilir. Etiraf edib ki, yax\u0131nlar\u0131n\u0131 \u00f6z\u00fc q\u0259tl\u0259 yetirib.<\/p>\n\n\n\n<p>Daha sonra hakim ondan ifad\u0259 verm\u0259k ist\u0259yib-ist\u0259m\u0259diyini soru\u015fub. \u018fhm\u0259d \u018fhm\u0259dov deyib ki, ifad\u0259 verm\u0259k ist\u0259mir.<\/p>\n\n\n\n<p>M\u0259hk\u0259m\u0259 prosesi iyulun 23-d\u0259 davam ed\u0259c\u0259k.<\/p>\n\n\n\n<p>Ail\u0259nin 5 \u00fczv\u00fcn\u00fcn q\u0259tl\u0259 yetirildiyi hadis\u0259 fevral\u0131n 13-d\u0259 paytaxt\u0131n G\u00fcn\u0259\u015fli v\u0259 \u018fhm\u0259dli q\u0259s\u0259b\u0259l\u0259rind\u0259 ba\u015f verib.<\/p>\n\n\n\n<p>\u018fhm\u0259d \u018fhm\u0259dovun bac\u0131s\u0131 \u2013 1997-ci il t\u0259v\u0259ll\u00fcdl\u00fc Elmira \u018fhm\u0259dova v\u0259 onun 3 ya\u015fl\u0131 q\u0131z\u0131 G\u00fcn\u0259\u015flid\u0259 yerl\u0259\u015f\u0259n evl\u0259rind\u0259 q\u0259tl\u0259 yetirilib.<\/p>\n\n\n\n<p>\u018fhm\u0259dli q\u0259s\u0259b\u0259sind\u0259 is\u0259 onun valideynl\u0259ri &#8211; 1972-ci il t\u0259v\u0259ll\u00fcdl\u00fc Mehman \u018fhm\u0259dov, 1977-ci il t\u0259v\u0259ll\u00fcdl\u00fc Bik\u0259 \u018fhm\u0259dova v\u0259 9 ya\u015fl\u0131 qarda\u015f\u0131 M\u0259h\u0259mm\u0259d d\u0259 eyni \u00fcsulla \u00f6ld\u00fcr\u00fcl\u00fcb.<\/p>\n\n\n\n<p>47 ya\u015fl\u0131 Bik\u0259 \u018fhm\u0259dova Bak\u0131dak\u0131 59 sayl\u0131 m\u0259kt\u0259bin direktoru idi.<\/p>\n\n\n\n<p>\u018fhm\u0259d \u018fhm\u0259dova Cinay\u0259t M\u0259c\u0259ll\u0259sinin 120.2.4 (x\u00fcsusi amans\u0131zl\u0131qla q\u0259sd\u0259n adam \u00f6ld\u00fcrm\u0259), 120.2.7 (iki v\u0259 ya daha \u00e7ox \u015f\u0259xsi \u00f6ld\u00fcrm\u0259) v\u0259 120.2.9-cu (t\u0259qsirkar \u015f\u0259xs \u00fc\u00e7\u00fcn a\u015fkar sur\u0259td\u0259 k\u00f6m\u0259ksiz v\u0259ziyy\u0259td\u0259 olan adam\u0131 \u00f6ld\u00fcrm\u0259) madd\u0259l\u0259ri il\u0259 ittiham verilib.<\/p>\n\n\n\n<p>Onun bar\u0259sind\u0259 h\u0259bs q\u0259timkan t\u0259dbiri se\u00e7ilib. \u0130stintaq\u0131n gedi\u015find\u0259 iki d\u0259f\u0259 psixiatrik ekspertiza t\u0259yin olunub. H\u0259r ikisind\u0259 \u018fhm\u0259d \u018fhm\u0259dovun anlaqs\u0131z olmas\u0131 bar\u0259d\u0259 r\u0259y verilib.<\/p>\n\n\n\n<p>O, Respublika Psixiatriya X\u0259st\u0259xanas\u0131na yerl\u0259\u015fdirilib.<\/p>\n\n\n\n<p>M\u0259hk\u0259m\u0259 ara\u015fd\u0131rmalardan sonra \u018fhm\u0259d \u018fhm\u0259dovun anlaqs\u0131z oldu\u011fu n\u0259tic\u0259sin\u0259 g\u0259ls\u0259, onun c\u0259zadan azad edilm\u0259si v\u0259 m\u0259cburi m\u00fcalic\u0259si bar\u0259d\u0259 q\u0259rar q\u0259bul edil\u0259 bil\u0259r.<\/p>\n","protected":false},"excerpt":{"rendered":"<p>O \u00f6z\u00fcn\u00fc ail\u0259 \u00fczvl\u0259rini \u00f6ld\u00fcrm\u0259kd\u0259 t\u0259qsirli bilib Ail\u0259sinin 5 \u00fczv\u00fcn\u00fc &#8230; <\/p>\n<p class=\"read-more-container\"><a title=\"Ail\u0259 \u00fczvl\u0259rini \u00f6ld\u00fcrm\u0259kd\u0259 ittiham olunan \u018fhm\u0259d \u018fhm\u0259dov ifad\u0259 verm\u0259kd\u0259n imtina edib\" class=\"read-more button\" href=\"https:\/\/www.meydan.tv\/az\/article\/aile-uzvlerini-oldurmekde-ittiham-olunan-ehmed-ehmedov-ifade-vermekden-imtina-edib\/#more-309670\" aria-label=\"Read more about Ail\u0259 \u00fczvl\u0259rini \u00f6ld\u00fcrm\u0259kd\u0259 ittiham olunan \u018fhm\u0259d \u018fhm\u0259dov ifad\u0259 verm\u0259kd\u0259n imtina edib\">Davam\u0131<\/a><\/p>\n","protected":false},"author":21,"featured_media":308847,"comment_status":"closed","ping_status":"closed","sticky":false,"template":"","format":"standard","meta":{"_acf_changed":false,"_sitemap_exclude":false,"_sitemap_priority":"","_sitemap_frequency":"","footnotes":""},"categories":[62,79,56],"tags":[],"class_list":["post-309670","post","type-post","status-publish","format-standard","has-post-thumbnail","hentry","category-sosial","category-featured","category-xeberler","infinite-scroll-item","generate-columns","tablet-grid-50","mobile-grid-100","grid-parent","grid-33","no-featured-image-padding"],"acf":[],"yoast_head":"<!-- This site is optimized with the Yoast SEO plugin v27.5 - https:\/\/yoast.com\/product\/yoast-seo-wordpress\/ -->\n<title>\u018fhm\u0259d \u018fhm\u0259dov ifad\u0259 verm\u0259kd\u0259n imtina edib<\/title>\n<meta name=\"description\" content=\"Anas\u0131, atas\u0131, qarda\u015f\u0131, bac\u0131s\u0131 v\u0259 onun 3 ya\u015fl\u0131 q\u0131z\u0131n\u0131 q\u0259tl\u0259 yetirm\u0259kd\u0259 ittiham olunan \u018fhm\u0259d \u018fhm\u0259dovun i\u015fi \u00fczr\u0259 m\u0259hk\u0259m\u0259 istintaq\u0131 ba\u015flay\u0131b.\" \/>\n<meta name=\"robots\" content=\"index, follow, max-snippet:-1, max-image-preview:large, max-video-preview:-1\" \/>\n<link rel=\"canonical\" href=\"https:\/\/www.meydan.tv\/az\/article\/aile-uzvlerini-oldurmekde-ittiham-olunan-ehmed-ehmedov-ifade-vermekden-imtina-edib\/\" \/>\n<meta property=\"og:locale\" content=\"az_AZ\" \/>\n<meta property=\"og:type\" content=\"article\" \/>\n<meta property=\"og:title\" content=\"\u018fhm\u0259d \u018fhm\u0259dov ifad\u0259 verm\u0259kd\u0259n imtina edib\" \/>\n<meta property=\"og:description\" content=\"Anas\u0131, atas\u0131, qarda\u015f\u0131, bac\u0131s\u0131 v\u0259 onun 3 ya\u015fl\u0131 q\u0131z\u0131n\u0131 q\u0259tl\u0259 yetirm\u0259kd\u0259 ittiham olunan \u018fhm\u0259d \u018fhm\u0259dovun i\u015fi \u00fczr\u0259 m\u0259hk\u0259m\u0259 istintaq\u0131 ba\u015flay\u0131b.\" \/>\n<meta property=\"og:url\" content=\"https:\/\/www.meydan.tv\/az\/article\/aile-uzvlerini-oldurmekde-ittiham-olunan-ehmed-ehmedov-ifade-vermekden-imtina-edib\/\" \/>\n<meta property=\"og:site_name\" content=\"MEYDAN.TV\" \/>\n<meta property=\"article:published_time\" content=\"2024-07-04T10:33:06+00:00\" \/>\n<meta property=\"article:modified_time\" content=\"2024-07-04T10:33:08+00:00\" \/>\n<meta property=\"og:image\" content=\"https:\/\/www.meydan.tv\/wp-content\/uploads\/photo-2024-06-25-12-24-40.jpg\" \/>\n\t<meta property=\"og:image:width\" content=\"1200\" \/>\n\t<meta property=\"og:image:height\" content=\"798\" \/>\n\t<meta property=\"og:image:type\" content=\"image\/jpeg\" \/>\n<meta name=\"author\" content=\"mahmud\" \/>\n<meta name=\"twitter:card\" content=\"summary_large_image\" \/>\n<script type=\"application\/ld+json\" class=\"yoast-schema-graph\">{\"@context\":\"https:\\\/\\\/schema.org\",\"@graph\":[{\"@type\":\"Article\",\"@id\":\"https:\\\/\\\/www.meydan.tv\\\/az\\\/article\\\/aile-uzvlerini-oldurmekde-ittiham-olunan-ehmed-ehmedov-ifade-vermekden-imtina-edib\\\/#article\",\"isPartOf\":{\"@id\":\"https:\\\/\\\/www.meydan.tv\\\/az\\\/article\\\/aile-uzvlerini-oldurmekde-ittiham-olunan-ehmed-ehmedov-ifade-vermekden-imtina-edib\\\/\"},\"author\":{\"name\":\"mahmud\",\"@id\":\"https:\\\/\\\/www.meydan.tv\\\/az\\\/#\\\/schema\\\/person\\\/09863e516102a829e72bedcf3f84c6b0\"},\"headline\":\"Ail\u0259 \u00fczvl\u0259rini \u00f6ld\u00fcrm\u0259kd\u0259 ittiham olunan \u018fhm\u0259d \u018fhm\u0259dov ifad\u0259 verm\u0259kd\u0259n imtina edib\",\"datePublished\":\"2024-07-04T10:33:06+00:00\",\"dateModified\":\"2024-07-04T10:33:08+00:00\",\"mainEntityOfPage\":{\"@id\":\"https:\\\/\\\/www.meydan.tv\\\/az\\\/article\\\/aile-uzvlerini-oldurmekde-ittiham-olunan-ehmed-ehmedov-ifade-vermekden-imtina-edib\\\/\"},\"wordCount\":913,\"publisher\":{\"@id\":\"https:\\\/\\\/www.meydan.tv\\\/az\\\/#organization\"},\"image\":{\"@id\":\"https:\\\/\\\/www.meydan.tv\\\/az\\\/article\\\/aile-uzvlerini-oldurmekde-ittiham-olunan-ehmed-ehmedov-ifade-vermekden-imtina-edib\\\/#primaryimage\"},\"thumbnailUrl\":\"https:\\\/\\\/www.meydan.tv\\\/wp-content\\\/uploads\\\/photo-2024-06-25-12-24-40.jpg\",\"articleSection\":[\"Sosial\",\"T\u00f6vsiy\u0259\",\"X\u0259b\u0259rl\u0259r\"],\"inLanguage\":\"az\"},{\"@type\":\"WebPage\",\"@id\":\"https:\\\/\\\/www.meydan.tv\\\/az\\\/article\\\/aile-uzvlerini-oldurmekde-ittiham-olunan-ehmed-ehmedov-ifade-vermekden-imtina-edib\\\/\",\"url\":\"https:\\\/\\\/www.meydan.tv\\\/az\\\/article\\\/aile-uzvlerini-oldurmekde-ittiham-olunan-ehmed-ehmedov-ifade-vermekden-imtina-edib\\\/\",\"name\":\"\u018fhm\u0259d \u018fhm\u0259dov ifad\u0259 verm\u0259kd\u0259n imtina edib\",\"isPartOf\":{\"@id\":\"https:\\\/\\\/www.meydan.tv\\\/az\\\/#website\"},\"primaryImageOfPage\":{\"@id\":\"https:\\\/\\\/www.meydan.tv\\\/az\\\/article\\\/aile-uzvlerini-oldurmekde-ittiham-olunan-ehmed-ehmedov-ifade-vermekden-imtina-edib\\\/#primaryimage\"},\"image\":{\"@id\":\"https:\\\/\\\/www.meydan.tv\\\/az\\\/article\\\/aile-uzvlerini-oldurmekde-ittiham-olunan-ehmed-ehmedov-ifade-vermekden-imtina-edib\\\/#primaryimage\"},\"thumbnailUrl\":\"https:\\\/\\\/www.meydan.tv\\\/wp-content\\\/uploads\\\/photo-2024-06-25-12-24-40.jpg\",\"datePublished\":\"2024-07-04T10:33:06+00:00\",\"dateModified\":\"2024-07-04T10:33:08+00:00\",\"description\":\"Anas\u0131, atas\u0131, qarda\u015f\u0131, bac\u0131s\u0131 v\u0259 onun 3 ya\u015fl\u0131 q\u0131z\u0131n\u0131 q\u0259tl\u0259 yetirm\u0259kd\u0259 ittiham olunan \u018fhm\u0259d \u018fhm\u0259dovun i\u015fi \u00fczr\u0259 m\u0259hk\u0259m\u0259 istintaq\u0131 ba\u015flay\u0131b.\",\"breadcrumb\":{\"@id\":\"https:\\\/\\\/www.meydan.tv\\\/az\\\/article\\\/aile-uzvlerini-oldurmekde-ittiham-olunan-ehmed-ehmedov-ifade-vermekden-imtina-edib\\\/#breadcrumb\"},\"inLanguage\":\"az\",\"potentialAction\":[{\"@type\":\"ReadAction\",\"target\":[\"https:\\\/\\\/www.meydan.tv\\\/az\\\/article\\\/aile-uzvlerini-oldurmekde-ittiham-olunan-ehmed-ehmedov-ifade-vermekden-imtina-edib\\\/\"]}]},{\"@type\":\"ImageObject\",\"inLanguage\":\"az\",\"@id\":\"https:\\\/\\\/www.meydan.tv\\\/az\\\/article\\\/aile-uzvlerini-oldurmekde-ittiham-olunan-ehmed-ehmedov-ifade-vermekden-imtina-edib\\\/#primaryimage\",\"url\":\"https:\\\/\\\/www.meydan.tv\\\/wp-content\\\/uploads\\\/photo-2024-06-25-12-24-40.jpg\",\"contentUrl\":\"https:\\\/\\\/www.meydan.tv\\\/wp-content\\\/uploads\\\/photo-2024-06-25-12-24-40.jpg\",\"width\":1200,\"height\":798,\"caption\":\"\u018fhm\u0259d \u018fhm\u0259dov. Foto: Meydan TV\"},{\"@type\":\"BreadcrumbList\",\"@id\":\"https:\\\/\\\/www.meydan.tv\\\/az\\\/article\\\/aile-uzvlerini-oldurmekde-ittiham-olunan-ehmed-ehmedov-ifade-vermekden-imtina-edib\\\/#breadcrumb\",\"itemListElement\":[{\"@type\":\"ListItem\",\"position\":1,\"name\":\"Ana s\u0259hif\u0259\",\"item\":\"https:\\\/\\\/www.meydan.tv\\\/az\\\/\"},{\"@type\":\"ListItem\",\"position\":2,\"name\":\"Sosial\",\"item\":\"https:\\\/\\\/www.meydan.tv\\\/az\\\/section\\\/sosial\\\/\"},{\"@type\":\"ListItem\",\"position\":3,\"name\":\"Ail\u0259 \u00fczvl\u0259rini \u00f6ld\u00fcrm\u0259kd\u0259 ittiham olunan \u018fhm\u0259d \u018fhm\u0259dov ifad\u0259 verm\u0259kd\u0259n imtina edib\"}]},{\"@type\":\"WebSite\",\"@id\":\"https:\\\/\\\/www.meydan.tv\\\/az\\\/#website\",\"url\":\"https:\\\/\\\/www.meydan.tv\\\/az\\\/\",\"name\":\"MEYDAN.TV\",\"description\":\"Meydan TV Az\u0259rbaycan\u0131n media m\u0259kan\u0131ndak\u0131 alternativ s\u0259sidir\",\"publisher\":{\"@id\":\"https:\\\/\\\/www.meydan.tv\\\/az\\\/#organization\"},\"potentialAction\":[{\"@type\":\"SearchAction\",\"target\":{\"@type\":\"EntryPoint\",\"urlTemplate\":\"https:\\\/\\\/www.meydan.tv\\\/az\\\/?s={search_term_string}\"},\"query-input\":{\"@type\":\"PropertyValueSpecification\",\"valueRequired\":true,\"valueName\":\"search_term_string\"}}],\"inLanguage\":\"az\"},{\"@type\":\"Organization\",\"@id\":\"https:\\\/\\\/www.meydan.tv\\\/az\\\/#organization\",\"name\":\"Meydan TV\",\"url\":\"https:\\\/\\\/www.meydan.tv\\\/az\\\/\",\"logo\":{\"@type\":\"ImageObject\",\"inLanguage\":\"az\",\"@id\":\"https:\\\/\\\/www.meydan.tv\\\/az\\\/#\\\/schema\\\/logo\\\/image\\\/\",\"url\":\"https:\\\/\\\/www.meydan.tv\\\/wp-content\\\/uploads\\\/2021\\\/07\\\/meydan-logo.svg\",\"contentUrl\":\"https:\\\/\\\/www.meydan.tv\\\/wp-content\\\/uploads\\\/2021\\\/07\\\/meydan-logo.svg\",\"width\":195,\"height\":46,\"caption\":\"Meydan TV\"},\"image\":{\"@id\":\"https:\\\/\\\/www.meydan.tv\\\/az\\\/#\\\/schema\\\/logo\\\/image\\\/\"}},{\"@type\":\"Person\",\"@id\":\"https:\\\/\\\/www.meydan.tv\\\/az\\\/#\\\/schema\\\/person\\\/09863e516102a829e72bedcf3f84c6b0\",\"name\":\"mahmud\"}]}<\/script>\n<!-- \/ Yoast SEO plugin. -->","yoast_head_json":{"title":"\u018fhm\u0259d \u018fhm\u0259dov ifad\u0259 verm\u0259kd\u0259n imtina edib","description":"Anas\u0131, atas\u0131, qarda\u015f\u0131, bac\u0131s\u0131 v\u0259 onun 3 ya\u015fl\u0131 q\u0131z\u0131n\u0131 q\u0259tl\u0259 yetirm\u0259kd\u0259 ittiham olunan \u018fhm\u0259d \u018fhm\u0259dovun i\u015fi \u00fczr\u0259 m\u0259hk\u0259m\u0259 istintaq\u0131 ba\u015flay\u0131b.","robots":{"index":"index","follow":"follow","max-snippet":"max-snippet:-1","max-image-preview":"max-image-preview:large","max-video-preview":"max-video-preview:-1"},"canonical":"https:\/\/www.meydan.tv\/az\/article\/aile-uzvlerini-oldurmekde-ittiham-olunan-ehmed-ehmedov-ifade-vermekden-imtina-edib\/","og_locale":"az_AZ","og_type":"article","og_title":"\u018fhm\u0259d \u018fhm\u0259dov ifad\u0259 verm\u0259kd\u0259n imtina edib","og_description":"Anas\u0131, atas\u0131, qarda\u015f\u0131, bac\u0131s\u0131 v\u0259 onun 3 ya\u015fl\u0131 q\u0131z\u0131n\u0131 q\u0259tl\u0259 yetirm\u0259kd\u0259 ittiham olunan \u018fhm\u0259d \u018fhm\u0259dovun i\u015fi \u00fczr\u0259 m\u0259hk\u0259m\u0259 istintaq\u0131 ba\u015flay\u0131b.","og_url":"https:\/\/www.meydan.tv\/az\/article\/aile-uzvlerini-oldurmekde-ittiham-olunan-ehmed-ehmedov-ifade-vermekden-imtina-edib\/","og_site_name":"MEYDAN.TV","article_published_time":"2024-07-04T10:33:06+00:00","article_modified_time":"2024-07-04T10:33:08+00:00","og_image":[{"width":1200,"height":798,"url":"https:\/\/www.meydan.tv\/wp-content\/uploads\/photo-2024-06-25-12-24-40.jpg","type":"image\/jpeg"}],"author":"mahmud","twitter_card":"summary_large_image","schema":{"@context":"https:\/\/schema.org","@graph":[{"@type":"Article","@id":"https:\/\/www.meydan.tv\/az\/article\/aile-uzvlerini-oldurmekde-ittiham-olunan-ehmed-ehmedov-ifade-vermekden-imtina-edib\/#article","isPartOf":{"@id":"https:\/\/www.meydan.tv\/az\/article\/aile-uzvlerini-oldurmekde-ittiham-olunan-ehmed-ehmedov-ifade-vermekden-imtina-edib\/"},"author":{"name":"mahmud","@id":"https:\/\/www.meydan.tv\/az\/#\/schema\/person\/09863e516102a829e72bedcf3f84c6b0"},"headline":"Ail\u0259 \u00fczvl\u0259rini \u00f6ld\u00fcrm\u0259kd\u0259 ittiham olunan \u018fhm\u0259d \u018fhm\u0259dov ifad\u0259 verm\u0259kd\u0259n imtina edib","datePublished":"2024-07-04T10:33:06+00:00","dateModified":"2024-07-04T10:33:08+00:00","mainEntityOfPage":{"@id":"https:\/\/www.meydan.tv\/az\/article\/aile-uzvlerini-oldurmekde-ittiham-olunan-ehmed-ehmedov-ifade-vermekden-imtina-edib\/"},"wordCount":913,"publisher":{"@id":"https:\/\/www.meydan.tv\/az\/#organization"},"image":{"@id":"https:\/\/www.meydan.tv\/az\/article\/aile-uzvlerini-oldurmekde-ittiham-olunan-ehmed-ehmedov-ifade-vermekden-imtina-edib\/#primaryimage"},"thumbnailUrl":"https:\/\/www.meydan.tv\/wp-content\/uploads\/photo-2024-06-25-12-24-40.jpg","articleSection":["Sosial","T\u00f6vsiy\u0259","X\u0259b\u0259rl\u0259r"],"inLanguage":"az"},{"@type":"WebPage","@id":"https:\/\/www.meydan.tv\/az\/article\/aile-uzvlerini-oldurmekde-ittiham-olunan-ehmed-ehmedov-ifade-vermekden-imtina-edib\/","url":"https:\/\/www.meydan.tv\/az\/article\/aile-uzvlerini-oldurmekde-ittiham-olunan-ehmed-ehmedov-ifade-vermekden-imtina-edib\/","name":"\u018fhm\u0259d \u018fhm\u0259dov ifad\u0259 verm\u0259kd\u0259n imtina edib","isPartOf":{"@id":"https:\/\/www.meydan.tv\/az\/#website"},"primaryImageOfPage":{"@id":"https:\/\/www.meydan.tv\/az\/article\/aile-uzvlerini-oldurmekde-ittiham-olunan-ehmed-ehmedov-ifade-vermekden-imtina-edib\/#primaryimage"},"image":{"@id":"https:\/\/www.meydan.tv\/az\/article\/aile-uzvlerini-oldurmekde-ittiham-olunan-ehmed-ehmedov-ifade-vermekden-imtina-edib\/#primaryimage"},"thumbnailUrl":"https:\/\/www.meydan.tv\/wp-content\/uploads\/photo-2024-06-25-12-24-40.jpg","datePublished":"2024-07-04T10:33:06+00:00","dateModified":"2024-07-04T10:33:08+00:00","description":"Anas\u0131, atas\u0131, qarda\u015f\u0131, bac\u0131s\u0131 v\u0259 onun 3 ya\u015fl\u0131 q\u0131z\u0131n\u0131 q\u0259tl\u0259 yetirm\u0259kd\u0259 ittiham olunan \u018fhm\u0259d \u018fhm\u0259dovun i\u015fi \u00fczr\u0259 m\u0259hk\u0259m\u0259 istintaq\u0131 ba\u015flay\u0131b.","breadcrumb":{"@id":"https:\/\/www.meydan.tv\/az\/article\/aile-uzvlerini-oldurmekde-ittiham-olunan-ehmed-ehmedov-ifade-vermekden-imtina-edib\/#breadcrumb"},"inLanguage":"az","potentialAction":[{"@type":"ReadAction","target":["https:\/\/www.meydan.tv\/az\/article\/aile-uzvlerini-oldurmekde-ittiham-olunan-ehmed-ehmedov-ifade-vermekden-imtina-edib\/"]}]},{"@type":"ImageObject","inLanguage":"az","@id":"https:\/\/www.meydan.tv\/az\/article\/aile-uzvlerini-oldurmekde-ittiham-olunan-ehmed-ehmedov-ifade-vermekden-imtina-edib\/#primaryimage","url":"https:\/\/www.meydan.tv\/wp-content\/uploads\/photo-2024-06-25-12-24-40.jpg","contentUrl":"https:\/\/www.meydan.tv\/wp-content\/uploads\/photo-2024-06-25-12-24-40.jpg","width":1200,"height":798,"caption":"\u018fhm\u0259d \u018fhm\u0259dov. Foto: Meydan TV"},{"@type":"BreadcrumbList","@id":"https:\/\/www.meydan.tv\/az\/article\/aile-uzvlerini-oldurmekde-ittiham-olunan-ehmed-ehmedov-ifade-vermekden-imtina-edib\/#breadcrumb","itemListElement":[{"@type":"ListItem","position":1,"name":"Ana s\u0259hif\u0259","item":"https:\/\/www.meydan.tv\/az\/"},{"@type":"ListItem","position":2,"name":"Sosial","item":"https:\/\/www.meydan.tv\/az\/section\/sosial\/"},{"@type":"ListItem","position":3,"name":"Ail\u0259 \u00fczvl\u0259rini \u00f6ld\u00fcrm\u0259kd\u0259 ittiham olunan \u018fhm\u0259d \u018fhm\u0259dov ifad\u0259 verm\u0259kd\u0259n imtina edib"}]},{"@type":"WebSite","@id":"https:\/\/www.meydan.tv\/az\/#website","url":"https:\/\/www.meydan.tv\/az\/","name":"MEYDAN.TV","description":"Meydan TV Az\u0259rbaycan\u0131n media m\u0259kan\u0131ndak\u0131 alternativ s\u0259sidir","publisher":{"@id":"https:\/\/www.meydan.tv\/az\/#organization"},"potentialAction":[{"@type":"SearchAction","target":{"@type":"EntryPoint","urlTemplate":"https:\/\/www.meydan.tv\/az\/?s={search_term_string}"},"query-input":{"@type":"PropertyValueSpecification","valueRequired":true,"valueName":"search_term_string"}}],"inLanguage":"az"},{"@type":"Organization","@id":"https:\/\/www.meydan.tv\/az\/#organization","name":"Meydan TV","url":"https:\/\/www.meydan.tv\/az\/","logo":{"@type":"ImageObject","inLanguage":"az","@id":"https:\/\/www.meydan.tv\/az\/#\/schema\/logo\/image\/","url":"https:\/\/www.meydan.tv\/wp-content\/uploads\/2021\/07\/meydan-logo.svg","contentUrl":"https:\/\/www.meydan.tv\/wp-content\/uploads\/2021\/07\/meydan-logo.svg","width":195,"height":46,"caption":"Meydan TV"},"image":{"@id":"https:\/\/www.meydan.tv\/az\/#\/schema\/logo\/image\/"}},{"@type":"Person","@id":"https:\/\/www.meydan.tv\/az\/#\/schema\/person\/09863e516102a829e72bedcf3f84c6b0","name":"mahmud"}]}},"_links":{"self":[{"href":"https:\/\/www.meydan.tv\/az\/wp-json\/wp\/v2\/posts\/309670","targetHints":{"allow":["GET"]}}],"collection":[{"href":"https:\/\/www.meydan.tv\/az\/wp-json\/wp\/v2\/posts"}],"about":[{"href":"https:\/\/www.meydan.tv\/az\/wp-json\/wp\/v2\/types\/post"}],"author":[{"embeddable":true,"href":"https:\/\/www.meydan.tv\/az\/wp-json\/wp\/v2\/users\/21"}],"replies":[{"embeddable":true,"href":"https:\/\/www.meydan.tv\/az\/wp-json\/wp\/v2\/comments?post=309670"}],"version-history":[{"count":1,"href":"https:\/\/www.meydan.tv\/az\/wp-json\/wp\/v2\/posts\/309670\/revisions"}],"predecessor-version":[{"id":309672,"href":"https:\/\/www.meydan.tv\/az\/wp-json\/wp\/v2\/posts\/309670\/revisions\/309672"}],"wp:featuredmedia":[{"embeddable":true,"href":"https:\/\/www.meydan.tv\/az\/wp-json\/wp\/v2\/media\/308847"}],"wp:attachment":[{"href":"https:\/\/www.meydan.tv\/az\/wp-json\/wp\/v2\/media?parent=309670"}],"wp:term":[{"taxonomy":"category","embeddable":true,"href":"https:\/\/www.meydan.tv\/az\/wp-json\/wp\/v2\/categories?post=309670"},{"taxonomy":"post_tag","embeddable":true,"href":"https:\/\/www.meydan.tv\/az\/wp-json\/wp\/v2\/tags?post=309670"}],"curies":[{"name":"wp","href":"https:\/\/api.w.org\/{rel}","templated":true}]}}