{"id":309660,"date":"2024-07-04T13:41:34","date_gmt":"2024-07-04T09:41:34","guid":{"rendered":"https:\/\/www.meydan.tv\/?p=309660"},"modified":"2024-07-04T13:41:37","modified_gmt":"2024-07-04T09:41:37","slug":"baki-isgencelere-qarsi-komitenin-hesabatini-edaletsiz-sayir-aspa-cagiris-edir","status":"publish","type":"post","link":"https:\/\/www.meydan.tv\/az\/article\/baki-isgencelere-qarsi-komitenin-hesabatini-edaletsiz-sayir-aspa-cagiris-edir\/","title":{"rendered":"Bak\u0131 \u0130\u015fg\u0259nc\u0259l\u0259r\u0259 qar\u015f\u0131 Komit\u0259nin hesabat\u0131n\u0131 &#8220;\u0259dal\u0259tsiz&#8221; say\u0131r, A\u015ePA \u00e7a\u011f\u0131r\u0131\u015f edir"},"content":{"rendered":"\n<p><\/p>\n\n\n\n<p><strong><em>A\u015ePA Prezidenti: &#8220;Az\u0259rbaycan\u0131 CPT il\u0259 dialoqu d\u0259rhal b\u0259rpa etm\u0259lidir&#8221;<\/em><\/strong><\/p>\n\n\n\n<p>Az\u0259rbaycan Xarici \u0130\u015fl\u0259r Nazirliyi (X\u0130N) Avropa \u015euras\u0131n\u0131n \u0130\u015fg\u0259nc\u0259l\u0259r\u0259 qar\u015f\u0131 Komit\u0259sinin (CPT) b\u0259yanat\u0131n\u0131 &#8220;\u0259sass\u0131z v\u0259 \u0259dal\u0259tsiz&#8221; adland\u0131r\u0131b.<\/p>\n\n\n\n<p>Bunu nazirliyin m\u0259tbuat katibi Ayxan Hac\u0131zad\u0259 Komit\u0259nin Az\u0259rbaycanla ba\u011fl\u0131 b\u0259yanat\u0131na m\u00fcnasib\u0259t bildir\u0259rk\u0259n <a href=\"https:\/\/mfa.gov.az\/az\/news\/no28124\" target=\"_blank\" rel=\"noreferrer noopener\">deyib<\/a>.<\/p>\n\n\n\n<p>Beyn\u0259lxalq t\u0259\u015fkilat\u0131n b\u0259yanat\u0131nda bildirilir ki, Az\u0259rbaycan hakimiyy\u0259ti il\u0259 konstruktiv dialoq \u00fc\u00e7\u00fcn ger\u00e7\u0259k s\u0259yl\u0259r g\u00f6st\u0259rils\u0259 d\u0259, Bak\u0131 CPT il\u0259 daimi \u0259m\u0259kda\u015fl\u0131q etmir.<\/p>\n\n\n\n<p>T\u0259\u015fkilat hesabat\u0131n yay\u0131lmas\u0131na s\u0259b\u0259b kimi d\u0259 m\u0259hz bu amili g\u00f6st\u0259rir.<\/p>\n\n\n\n<p>Hesabatda Az\u0259rbaycanda polis \u0259m\u0259kda\u015flar\u0131n\u0131n yol verdiyi pis r\u0259ftar, i\u015fg\u0259nc\u0259 h\u0259r\u0259k\u0259tl\u0259rin\u0259 dair iddialar da detall\u0131 <a href=\"https:\/\/storage.googleapis.com\/qurium\/www.meydan.tv\/az-article-cpt-azerbaycanla-bagli-beyanat-verib.html\" target=\"_blank\" rel=\"noreferrer noopener\">g\u00f6st\u0259rilib<\/a>.<\/p>\n\n\n\n<p>Bildirilir ki, Az\u0259rbaycan\u0131n Daxili \u0130\u015fl\u0259r Nazirliyi bu t\u0259cr\u00fcb\u0259y\u0259 son qoymaqdan \u00f6tr\u00fc Komit\u0259nin \u00e7oxdan ir\u0259li s\u00fcrd\u00fcy\u00fc t\u00f6vsiy\u0259l\u0259ri yerin\u0259 yetirm\u0259k istiqam\u0259tind\u0259 h\u0259r hans\u0131 add\u0131m atm\u0131r.<\/p>\n\n\n\n<p><strong>&#8220;S\u00f6z\u00fcged\u0259n ictimai b\u0259yanatdak\u0131 t\u0259nqidl\u0259ri r\u0259dd edirik&#8221;<\/strong><\/p>\n\n\n\n<p>R\u0259smi Bak\u0131 is\u0259 deyil\u0259nl\u0259rl\u0259 raz\u0131la\u015fm\u0131r, hesabat\u0131 h\u00fcquqi bax\u0131mdan m\u00fcbahis\u0259li say\u0131r.<\/p>\n\n\n\n<p>Hac\u0131zad\u0259 qeyd edir ki, t\u0259\u015fkilat\u0131n ictimai b\u0259yanat\u0131n d\u0259rc olunmas\u0131 bar\u0259d\u0259 q\u0259rar q\u0259bul etm\u0259si d\u0259rin t\u0259\u0259ss\u00fcf do\u011furub.<\/p>\n\n\n<div class=\"wp-block-image\">\n<figure class=\"alignleft size-full is-resized\"><img decoding=\"async\" width=\"923\" height=\"630\" data-src=\"https:\/\/www.meydan.tv\/wp-content\/uploads\/16743185206339931040_1200x630.jpg\" alt=\"\" class=\"wp-image-268568 lazyload\" style=\"--smush-placeholder-width: 923px; --smush-placeholder-aspect-ratio: 923\/630;width:420px;height:auto\" src=\"data:image\/svg+xml;base64,PHN2ZyB3aWR0aD0iMSIgaGVpZ2h0PSIxIiB4bWxucz0iaHR0cDovL3d3dy53My5vcmcvMjAwMC9zdmciPjwvc3ZnPg==\" \/><figcaption class=\"wp-element-caption\">Ayxan Hac\u0131zad\u0259. Foto: &#8220;azertag.az&#8221;<\/figcaption><\/figure>\n<\/div>\n\n\n<p>O bildirib ki, Komit\u0259 Az\u0259rbaycan\u0131n m\u00fcvafiq raz\u0131l\u0131\u011f\u0131 al\u0131nmadan 2022-ci ild\u0259 edilmi\u015f x\u00fcsusi s\u0259f\u0259rinin yekunlar\u0131 \u00fczr\u0259 haz\u0131rlanm\u0131\u015f hesabat\u0131 tam \u015f\u0259kild\u0259 d\u0259rc etm\u0259k bar\u0259d\u0259 \u0259vv\u0259ll\u0259r presedenti olmayan q\u0259rar q\u0259bul edib:<\/p>\n\n\n\n<p><em>&#8220;Bu yana\u015fma \u0259dal\u0259tsiz v\u0259 \u0259sass\u0131zd\u0131r, habel\u0259 h\u00fcquqi bax\u0131mdan sual yarad\u0131r&#8221;<\/em>.<\/p>\n\n\n\n<p>Ayxan Hac\u0131zad\u0259nin s\u00f6zl\u0259rin\u0259 g\u00f6r\u0259, Avropa \u015euras\u0131n\u0131n \u0130\u015fg\u0259nc\u0259nin v\u0259 Qeyri-insani yaxud l\u0259yaq\u0259ti al\u00e7aldan r\u0259ftar v\u0259 ya c\u0259zan\u0131n qar\u015f\u0131s\u0131n\u0131n Al\u0131nmas\u0131 \u00fczr\u0259 Komit\u0259si (\u0130QAK) 2002-ci ild\u0259n etibar\u0259n bir ne\u00e7\u0259 d\u0259f\u0259 Az\u0259rbaycana d\u00f6vri v\u0259 x\u00fcsusi s\u0259f\u0259r h\u0259yata ke\u00e7irib. H\u0259m\u00e7inin Avropa Konvensiyas\u0131n\u0131n Az\u0259rbaycan t\u0259r\u0259find\u0259n h\u0259yata ke\u00e7irilm\u0259sin\u0259 dair hesabatlar d\u0259rc edib:<\/p>\n\n\n\n<p><em>&#8220;Az\u0259rbaycan hesabatlarda qeyd olunan h\u0259r bir m\u00fcdd\u0259a \u00fczr\u0259 h\u00f6kum\u0259tin m\u00f6vqeyini t\u0259qdim edib. Bununla yana\u015f\u0131, ictimai b\u0259yanatda da qeyd edildiyi kimi, m\u00fcvafiq \u00e7at\u0131\u015fmazl\u0131qlar\u0131n aradan qald\u0131r\u0131lmas\u0131 \u00fc\u00e7\u00fcn aidiyy\u0259ti \u00fczr\u0259 add\u0131mlar at\u0131l\u0131b v\u0259 Komit\u0259nin t\u00f6vsiy\u0259l\u0259ri h\u0259r zaman n\u0259z\u0259r\u0259 al\u0131n\u0131b. \u018fm\u0259kda\u015fl\u0131q m\u00fcdd\u0259tind\u0259 Komit\u0259y\u0259 bu g\u00fcn\u0259 q\u0259d\u0259r etdiyi s\u0259f\u0259rl\u0259r zaman\u0131 laz\u0131mi d\u0259st\u0259k g\u00f6st\u0259rilib. Yerli t\u0259hqiqatlar\u0131n apar\u0131lmas\u0131na d\u0259st\u0259k g\u00f6st\u0259rilm\u0259si il\u0259 yana\u015f\u0131, n\u00fcmay\u0259nd\u0259 hey\u0259ti \u00fczvl\u0259rinin m\u00fcmk\u00fcn \u0259n y\u00fcks\u0259k s\u0259viyy\u0259d\u0259 q\u0259bul olunmas\u0131n\u0131 t\u0259min etm\u0259k \u00fc\u00e7\u00fcn add\u0131mlar at\u0131l\u0131b v\u0259 \u0259m\u0259kda\u015fl\u0131\u011f\u0131n \u0259saslar\u0131n\u0131n m\u00f6hk\u0259ml\u0259ndirilm\u0259si \u00fc\u00e7\u00fcn b\u00fct\u00fcn s\u0259yl\u0259r g\u00f6st\u0259rilib&#8221;.<\/em><\/p>\n\n\n\n<p><em>&#8220;Bu q\u0259rar\u0131n 2024-c\u00fc ilin yanvar\u0131nda Avropa \u015euras\u0131 Parlament Assambleyas\u0131 t\u0259r\u0259find\u0259n Az\u0259rbaycan n\u00fcmay\u0259nd\u0259 hey\u0259tinin s\u0259lahiyy\u0259tl\u0259rini ratifikasiya etm\u0259m\u0259k bar\u0259d\u0259 q\u0259r\u0259zli q\u0259rar\u0131ndan sonra yaranm\u0131\u015f Az\u0259rbaycan-Avropa \u015euras\u0131 m\u00fcnasib\u0259tl\u0259rind\u0259 m\u00f6vcud v\u0259ziyy\u0259tin fonunda q\u0259bul edilm\u0259si x\u00fcsusil\u0259 t\u0259\u0259ss\u00fcf do\u011furur. Biz bir s\u0131ra d\u00f6vl\u0259t qurumlar\u0131 il\u0259 konstruktiv \u0259m\u0259kda\u015fl\u0131\u011f\u0131n \u0259v\u0259zin\u0259, m\u0259suliyy\u0259ti onlar\u0131n \u00fcz\u0259rin\u0259 y\u0131xan s\u00f6z\u00fcged\u0259n ictimai b\u0259yanatdak\u0131 t\u0259nqidl\u0259ri r\u0259dd edirik. Az\u0259rbaycan azadl\u0131qdan m\u0259hrum edilmi\u015f \u015f\u0259xsl\u0259rin m\u00fcdafi\u0259 olunmas\u0131 il\u0259 yana\u015f\u0131 m\u00fcvafiq t\u0259cr\u00fcb\u0259nin \u00fcmumi q\u0259bul edilmi\u015f standartlara uy\u011funla\u015fd\u0131r\u0131lmas\u0131 sah\u0259sind\u0259 \u0259h\u0259miyy\u0259tli ir\u0259lil\u0259yi\u015f \u0259ld\u0259 etm\u0259kd\u0259dir&#8221;<\/em>, &#8211; dey\u0259 Hac\u0131zad\u0259 qeyd edib.<\/p>\n\n\n\n<p><strong>&#8220;\u0130\u015fg\u0259nc\u0259 v\u0259 pis r\u0259ftar\u0131n qada\u011fan edilm\u0259si m\u00fctl\u0259qdir v\u0259 geri\u00e7\u0259kilm\u0259 q\u0259buledilm\u0259zdir&#8221;<\/strong><\/p>\n\n\n\n<p>Avropa \u015euras\u0131 Parlament Assambleyas\u0131n\u0131n (A\u015ePA) Prezidenti Teodor Russopulos is\u0259 Az\u0259rbaycan hakimiyy\u0259tini CPT il\u0259 \u0259m\u0259kda\u015fl\u0131\u011f\u0131 b\u0259rpa etm\u0259y\u0259 \u00e7a\u011f\u0131r\u0131b:<\/p>\n\n\n\n<p><em>\u201cM\u0259n Az\u0259rbaycan hakimiyy\u0259tinin Avropa \u015euras\u0131n\u0131n \u0130\u015fg\u0259nc\u0259nin v\u0259 Qeyri-insani yaxud l\u0259yaq\u0259ti al\u00e7aldan r\u0259ftar v\u0259 ya c\u0259zan\u0131n qar\u015f\u0131s\u0131n\u0131n Al\u0131nmas\u0131 \u00fczr\u0259 Komit\u0259si (CPT) il\u0259 \u0259m\u0259kda\u015fl\u0131qdan imtina etm\u0259sin\u0259 g\u00f6r\u0259 \u00e7ox t\u0259\u0259ss\u00fcfl\u0259nir\u0259m. \u00c7\u00fcnki bu, planla\u015fd\u0131r\u0131lan CPT s\u0259f\u0259rinin l\u0259\u011fv edilm\u0259sin\u0259 s\u0259b\u0259b olub. CPT-nin Az\u0259rbaycana x\u00fcsusi s\u0259f\u0259ri il\u0259 ba\u011fl\u0131 hesabat\u0131n n\u0259tic\u0259l\u0259ri m\u0259ni d\u0259 narahat etdi\u201d<\/em>.<\/p>\n\n\n<div class=\"wp-block-image\">\n<figure class=\"alignright size-large is-resized\"><img decoding=\"async\" width=\"821\" height=\"821\" data-src=\"https:\/\/www.meydan.tv\/wp-content\/uploads\/342909657_988066672178084_4304945197433324883_n-821x821.jpg\" alt=\"\" class=\"wp-image-309662 lazyload\" style=\"--smush-placeholder-width: 821px; --smush-placeholder-aspect-ratio: 821\/821;width:414px;height:auto\" src=\"data:image\/svg+xml;base64,PHN2ZyB3aWR0aD0iMSIgaGVpZ2h0PSIxIiB4bWxucz0iaHR0cDovL3d3dy53My5vcmcvMjAwMC9zdmciPjwvc3ZnPg==\" \/><figcaption class=\"wp-element-caption\">Teodor Russopulos. Foto: \u015f\u0259xsi Facebook s\u0259hif\u0259sind\u0259n<\/figcaption><\/figure>\n<\/div>\n\n\n<p><em>\u201cVur\u011fulamaq ist\u0259yir\u0259m ki, Avropa \u0130nsan H\u00fcquqlar\u0131 Konvensiyas\u0131n\u0131n 3-c\u00fc madd\u0259si demokratik c\u0259miyy\u0259tin \u0259n fundamental d\u0259y\u0259rl\u0259rind\u0259n birini t\u0259sbit edir. H\u0259qiq\u0259t\u0259n d\u0259, insan l\u0259yaq\u0259tin\u0259 h\u00f6rm\u0259tl\u0259 ba\u011fl\u0131 olan i\u015fg\u0259nc\u0259, qeyri-insani v\u0259 l\u0259yaq\u0259ti al\u00e7aldan r\u0259ftar v\u0259 c\u0259zan\u0131n qada\u011fan edilm\u0259si m\u00fctl\u0259qdir v\u0259 ondan geri\u00e7\u0259kilm\u0259 q\u0259buledilm\u0259zdir. Buna g\u00f6r\u0259 d\u0259, onun h\u0259yata ke\u00e7irilm\u0259sini t\u0259min etm\u0259k v\u0259 m\u0259hbuslarla i\u015fg\u0259nc\u0259 v\u0259 ya pis r\u0259ftar\u0131n h\u0259r hans\u0131 formas\u0131n\u0131n qar\u015f\u0131s\u0131n\u0131 almaq \u00fc\u00e7\u00fcn CPT il\u0259 a\u00e7\u0131q v\u0259 s\u0259m\u0259r\u0259li \u0259m\u0259kda\u015fl\u0131\u011f\u0131 davam etdirm\u0259k vacibdir&#8221;<\/em>, &#8211; dey\u0259 A\u015ePA Prezidenti iyulun 3-d\u0259 verdiyi <a href=\"https:\/\/turan.az\/az\/siyaset\/aspa-prezidenti-azerbaycan-hakimiyyetini-derhal-cpt-ile-emekdasligi-berpa-etmeye-cagirib-782155\" target=\"_blank\" rel=\"noreferrer noopener\">b\u0259yanatda<\/a> bildirib.<\/p>\n\n\n\n<p>Teodor Russopulos Az\u0259rbaycan\u0131 CPT il\u0259 dialoqu d\u0259rhal b\u0259rpa etm\u0259y\u0259 \u00e7a\u011f\u0131r\u0131b v\u0259 bunu vacib say\u0131b:<\/p>\n\n\n\n<p><em>&#8220;M\u0259n Az\u0259rbaycan hakimiyy\u0259tini \u00f6z q\u0259rarlar\u0131na yenid\u0259n baxma\u011fa v\u0259 d\u0259rhal CPT il\u0259 \u0259m\u0259kda\u015fl\u0131\u011f\u0131 v\u0259 konstruktiv dialoqu b\u0259rpa etm\u0259y\u0259 \u00e7a\u011f\u0131r\u0131ram. Bu, t\u0259kc\u0259 Avropa \u015euras\u0131 il\u0259 \u00fcmumi m\u00fcnasib\u0259tl\u0259rin yax\u015f\u0131la\u015fmas\u0131na yox, h\u0259m d\u0259 Az\u0259rbaycan v\u0259t\u0259nda\u015flar\u0131n\u0131n fundamental maraqlar\u0131na xidm\u0259t ed\u0259c\u0259k&#8221;<\/em>.<\/p>\n","protected":false},"excerpt":{"rendered":"<p>A\u015ePA Prezidenti: &#8220;Az\u0259rbaycan\u0131 CPT il\u0259 dialoqu d\u0259rhal b\u0259rpa etm\u0259lidir&#8221; Az\u0259rbaycan &#8230; <\/p>\n<p class=\"read-more-container\"><a title=\"Bak\u0131 \u0130\u015fg\u0259nc\u0259l\u0259r\u0259 qar\u015f\u0131 Komit\u0259nin hesabat\u0131n\u0131 &#8220;\u0259dal\u0259tsiz&#8221; say\u0131r, A\u015ePA \u00e7a\u011f\u0131r\u0131\u015f edir\" class=\"read-more button\" href=\"https:\/\/www.meydan.tv\/az\/article\/baki-isgencelere-qarsi-komitenin-hesabatini-edaletsiz-sayir-aspa-cagiris-edir\/#more-309660\" aria-label=\"Read more about Bak\u0131 \u0130\u015fg\u0259nc\u0259l\u0259r\u0259 qar\u015f\u0131 Komit\u0259nin hesabat\u0131n\u0131 &#8220;\u0259dal\u0259tsiz&#8221; say\u0131r, A\u015ePA \u00e7a\u011f\u0131r\u0131\u015f edir\">Davam\u0131<\/a><\/p>\n","protected":false},"author":21,"featured_media":120020,"comment_status":"closed","ping_status":"closed","sticky":false,"template":"","format":"standard","meta":{"_acf_changed":false,"_sitemap_exclude":false,"_sitemap_priority":"","_sitemap_frequency":"","footnotes":""},"categories":[59,79,56],"tags":[],"class_list":["post-309660","post","type-post","status-publish","format-standard","has-post-thumbnail","hentry","category-siyaset","category-featured","category-xeberler","infinite-scroll-item","generate-columns","tablet-grid-50","mobile-grid-100","grid-parent","grid-33","no-featured-image-padding"],"acf":[],"yoast_head":"<!-- This site is optimized with the Yoast SEO plugin v27.4 - https:\/\/yoast.com\/product\/yoast-seo-wordpress\/ -->\n<title>Bak\u0131 A\u015e Komit\u0259sinin hesabat\u0131n\u0131 &quot;\u0259dal\u0259tsiz&quot; say\u0131r, A\u015ePA \u00e7a\u011f\u0131r\u0131\u015f edir<\/title>\n<meta name=\"description\" content=\"Az\u0259rbaycan Xarici \u0130\u015fl\u0259r Nazirliyi (X\u0130N) Avropa \u015euras\u0131n\u0131n \u0130\u015fg\u0259nc\u0259l\u0259r\u0259 qar\u015f\u0131 Komit\u0259sinin (CPT) b\u0259yanat\u0131n\u0131 &quot;\u0259sass\u0131z v\u0259 \u0259dal\u0259tsiz&quot; adland\u0131r\u0131b.\" \/>\n<meta name=\"robots\" content=\"index, follow, max-snippet:-1, max-image-preview:large, max-video-preview:-1\" \/>\n<link rel=\"canonical\" href=\"https:\/\/www.meydan.tv\/az\/article\/baki-isgencelere-qarsi-komitenin-hesabatini-edaletsiz-sayir-aspa-cagiris-edir\/\" \/>\n<meta property=\"og:locale\" content=\"az_AZ\" \/>\n<meta property=\"og:type\" content=\"article\" \/>\n<meta property=\"og:title\" content=\"Bak\u0131 A\u015e Komit\u0259sinin hesabat\u0131n\u0131 &quot;\u0259dal\u0259tsiz&quot; say\u0131r, A\u015ePA \u00e7a\u011f\u0131r\u0131\u015f edir\" \/>\n<meta property=\"og:description\" content=\"Az\u0259rbaycan Xarici \u0130\u015fl\u0259r Nazirliyi (X\u0130N) Avropa \u015euras\u0131n\u0131n \u0130\u015fg\u0259nc\u0259l\u0259r\u0259 qar\u015f\u0131 Komit\u0259sinin (CPT) b\u0259yanat\u0131n\u0131 &quot;\u0259sass\u0131z v\u0259 \u0259dal\u0259tsiz&quot; adland\u0131r\u0131b.\" \/>\n<meta property=\"og:url\" content=\"https:\/\/www.meydan.tv\/az\/article\/baki-isgencelere-qarsi-komitenin-hesabatini-edaletsiz-sayir-aspa-cagiris-edir\/\" \/>\n<meta property=\"og:site_name\" content=\"MEYDAN.TV\" \/>\n<meta property=\"article:published_time\" content=\"2024-07-04T09:41:34+00:00\" \/>\n<meta property=\"article:modified_time\" content=\"2024-07-04T09:41:37+00:00\" \/>\n<meta property=\"og:image\" content=\"https:\/\/www.meydan.tv\/wp-content\/uploads\/42181.original-scaled.jpg\" \/>\n\t<meta property=\"og:image:width\" content=\"2560\" \/>\n\t<meta property=\"og:image:height\" content=\"1707\" \/>\n\t<meta property=\"og:image:type\" content=\"image\/jpeg\" \/>\n<meta name=\"author\" content=\"mahmud\" \/>\n<meta name=\"twitter:card\" content=\"summary_large_image\" \/>\n<script type=\"application\/ld+json\" class=\"yoast-schema-graph\">{\"@context\":\"https:\\\/\\\/schema.org\",\"@graph\":[{\"@type\":\"Article\",\"@id\":\"https:\\\/\\\/www.meydan.tv\\\/az\\\/article\\\/baki-isgencelere-qarsi-komitenin-hesabatini-edaletsiz-sayir-aspa-cagiris-edir\\\/#article\",\"isPartOf\":{\"@id\":\"https:\\\/\\\/www.meydan.tv\\\/az\\\/article\\\/baki-isgencelere-qarsi-komitenin-hesabatini-edaletsiz-sayir-aspa-cagiris-edir\\\/\"},\"author\":{\"name\":\"mahmud\",\"@id\":\"https:\\\/\\\/www.meydan.tv\\\/az\\\/#\\\/schema\\\/person\\\/09863e516102a829e72bedcf3f84c6b0\"},\"headline\":\"Bak\u0131 \u0130\u015fg\u0259nc\u0259l\u0259r\u0259 qar\u015f\u0131 Komit\u0259nin hesabat\u0131n\u0131 &#8220;\u0259dal\u0259tsiz&#8221; say\u0131r, A\u015ePA \u00e7a\u011f\u0131r\u0131\u015f edir\",\"datePublished\":\"2024-07-04T09:41:34+00:00\",\"dateModified\":\"2024-07-04T09:41:37+00:00\",\"mainEntityOfPage\":{\"@id\":\"https:\\\/\\\/www.meydan.tv\\\/az\\\/article\\\/baki-isgencelere-qarsi-komitenin-hesabatini-edaletsiz-sayir-aspa-cagiris-edir\\\/\"},\"wordCount\":1124,\"publisher\":{\"@id\":\"https:\\\/\\\/www.meydan.tv\\\/az\\\/#organization\"},\"image\":{\"@id\":\"https:\\\/\\\/www.meydan.tv\\\/az\\\/article\\\/baki-isgencelere-qarsi-komitenin-hesabatini-edaletsiz-sayir-aspa-cagiris-edir\\\/#primaryimage\"},\"thumbnailUrl\":\"https:\\\/\\\/www.meydan.tv\\\/wp-content\\\/uploads\\\/42181.original-scaled.jpg\",\"articleSection\":[\"Siyas\u0259t\",\"T\u00f6vsiy\u0259\",\"X\u0259b\u0259rl\u0259r\"],\"inLanguage\":\"az\"},{\"@type\":\"WebPage\",\"@id\":\"https:\\\/\\\/www.meydan.tv\\\/az\\\/article\\\/baki-isgencelere-qarsi-komitenin-hesabatini-edaletsiz-sayir-aspa-cagiris-edir\\\/\",\"url\":\"https:\\\/\\\/www.meydan.tv\\\/az\\\/article\\\/baki-isgencelere-qarsi-komitenin-hesabatini-edaletsiz-sayir-aspa-cagiris-edir\\\/\",\"name\":\"Bak\u0131 A\u015e Komit\u0259sinin hesabat\u0131n\u0131 \\\"\u0259dal\u0259tsiz\\\" say\u0131r, A\u015ePA \u00e7a\u011f\u0131r\u0131\u015f edir\",\"isPartOf\":{\"@id\":\"https:\\\/\\\/www.meydan.tv\\\/az\\\/#website\"},\"primaryImageOfPage\":{\"@id\":\"https:\\\/\\\/www.meydan.tv\\\/az\\\/article\\\/baki-isgencelere-qarsi-komitenin-hesabatini-edaletsiz-sayir-aspa-cagiris-edir\\\/#primaryimage\"},\"image\":{\"@id\":\"https:\\\/\\\/www.meydan.tv\\\/az\\\/article\\\/baki-isgencelere-qarsi-komitenin-hesabatini-edaletsiz-sayir-aspa-cagiris-edir\\\/#primaryimage\"},\"thumbnailUrl\":\"https:\\\/\\\/www.meydan.tv\\\/wp-content\\\/uploads\\\/42181.original-scaled.jpg\",\"datePublished\":\"2024-07-04T09:41:34+00:00\",\"dateModified\":\"2024-07-04T09:41:37+00:00\",\"description\":\"Az\u0259rbaycan Xarici \u0130\u015fl\u0259r Nazirliyi (X\u0130N) Avropa \u015euras\u0131n\u0131n \u0130\u015fg\u0259nc\u0259l\u0259r\u0259 qar\u015f\u0131 Komit\u0259sinin (CPT) b\u0259yanat\u0131n\u0131 \\\"\u0259sass\u0131z v\u0259 \u0259dal\u0259tsiz\\\" adland\u0131r\u0131b.\",\"breadcrumb\":{\"@id\":\"https:\\\/\\\/www.meydan.tv\\\/az\\\/article\\\/baki-isgencelere-qarsi-komitenin-hesabatini-edaletsiz-sayir-aspa-cagiris-edir\\\/#breadcrumb\"},\"inLanguage\":\"az\",\"potentialAction\":[{\"@type\":\"ReadAction\",\"target\":[\"https:\\\/\\\/www.meydan.tv\\\/az\\\/article\\\/baki-isgencelere-qarsi-komitenin-hesabatini-edaletsiz-sayir-aspa-cagiris-edir\\\/\"]}]},{\"@type\":\"ImageObject\",\"inLanguage\":\"az\",\"@id\":\"https:\\\/\\\/www.meydan.tv\\\/az\\\/article\\\/baki-isgencelere-qarsi-komitenin-hesabatini-edaletsiz-sayir-aspa-cagiris-edir\\\/#primaryimage\",\"url\":\"https:\\\/\\\/www.meydan.tv\\\/wp-content\\\/uploads\\\/42181.original-scaled.jpg\",\"contentUrl\":\"https:\\\/\\\/www.meydan.tv\\\/wp-content\\\/uploads\\\/42181.original-scaled.jpg\",\"width\":2560,\"height\":1707,\"caption\":\"Illustration: Meydan TV\"},{\"@type\":\"BreadcrumbList\",\"@id\":\"https:\\\/\\\/www.meydan.tv\\\/az\\\/article\\\/baki-isgencelere-qarsi-komitenin-hesabatini-edaletsiz-sayir-aspa-cagiris-edir\\\/#breadcrumb\",\"itemListElement\":[{\"@type\":\"ListItem\",\"position\":1,\"name\":\"Ana s\u0259hif\u0259\",\"item\":\"https:\\\/\\\/www.meydan.tv\\\/az\\\/\"},{\"@type\":\"ListItem\",\"position\":2,\"name\":\"Siyas\u0259t\",\"item\":\"https:\\\/\\\/www.meydan.tv\\\/az\\\/section\\\/siyaset\\\/\"},{\"@type\":\"ListItem\",\"position\":3,\"name\":\"Bak\u0131 \u0130\u015fg\u0259nc\u0259l\u0259r\u0259 qar\u015f\u0131 Komit\u0259nin hesabat\u0131n\u0131 &#8220;\u0259dal\u0259tsiz&#8221; say\u0131r, A\u015ePA \u00e7a\u011f\u0131r\u0131\u015f edir\"}]},{\"@type\":\"WebSite\",\"@id\":\"https:\\\/\\\/www.meydan.tv\\\/az\\\/#website\",\"url\":\"https:\\\/\\\/www.meydan.tv\\\/az\\\/\",\"name\":\"MEYDAN.TV\",\"description\":\"Meydan TV Az\u0259rbaycan\u0131n media m\u0259kan\u0131ndak\u0131 alternativ s\u0259sidir\",\"publisher\":{\"@id\":\"https:\\\/\\\/www.meydan.tv\\\/az\\\/#organization\"},\"potentialAction\":[{\"@type\":\"SearchAction\",\"target\":{\"@type\":\"EntryPoint\",\"urlTemplate\":\"https:\\\/\\\/www.meydan.tv\\\/az\\\/?s={search_term_string}\"},\"query-input\":{\"@type\":\"PropertyValueSpecification\",\"valueRequired\":true,\"valueName\":\"search_term_string\"}}],\"inLanguage\":\"az\"},{\"@type\":\"Organization\",\"@id\":\"https:\\\/\\\/www.meydan.tv\\\/az\\\/#organization\",\"name\":\"Meydan TV\",\"url\":\"https:\\\/\\\/www.meydan.tv\\\/az\\\/\",\"logo\":{\"@type\":\"ImageObject\",\"inLanguage\":\"az\",\"@id\":\"https:\\\/\\\/www.meydan.tv\\\/az\\\/#\\\/schema\\\/logo\\\/image\\\/\",\"url\":\"https:\\\/\\\/www.meydan.tv\\\/wp-content\\\/uploads\\\/2021\\\/07\\\/meydan-logo.svg\",\"contentUrl\":\"https:\\\/\\\/www.meydan.tv\\\/wp-content\\\/uploads\\\/2021\\\/07\\\/meydan-logo.svg\",\"width\":195,\"height\":46,\"caption\":\"Meydan TV\"},\"image\":{\"@id\":\"https:\\\/\\\/www.meydan.tv\\\/az\\\/#\\\/schema\\\/logo\\\/image\\\/\"}},{\"@type\":\"Person\",\"@id\":\"https:\\\/\\\/www.meydan.tv\\\/az\\\/#\\\/schema\\\/person\\\/09863e516102a829e72bedcf3f84c6b0\",\"name\":\"mahmud\"}]}<\/script>\n<!-- \/ Yoast SEO plugin. -->","yoast_head_json":{"title":"Bak\u0131 A\u015e Komit\u0259sinin hesabat\u0131n\u0131 \"\u0259dal\u0259tsiz\" say\u0131r, A\u015ePA \u00e7a\u011f\u0131r\u0131\u015f edir","description":"Az\u0259rbaycan Xarici \u0130\u015fl\u0259r Nazirliyi (X\u0130N) Avropa \u015euras\u0131n\u0131n \u0130\u015fg\u0259nc\u0259l\u0259r\u0259 qar\u015f\u0131 Komit\u0259sinin (CPT) b\u0259yanat\u0131n\u0131 \"\u0259sass\u0131z v\u0259 \u0259dal\u0259tsiz\" adland\u0131r\u0131b.","robots":{"index":"index","follow":"follow","max-snippet":"max-snippet:-1","max-image-preview":"max-image-preview:large","max-video-preview":"max-video-preview:-1"},"canonical":"https:\/\/www.meydan.tv\/az\/article\/baki-isgencelere-qarsi-komitenin-hesabatini-edaletsiz-sayir-aspa-cagiris-edir\/","og_locale":"az_AZ","og_type":"article","og_title":"Bak\u0131 A\u015e Komit\u0259sinin hesabat\u0131n\u0131 \"\u0259dal\u0259tsiz\" say\u0131r, A\u015ePA \u00e7a\u011f\u0131r\u0131\u015f edir","og_description":"Az\u0259rbaycan Xarici \u0130\u015fl\u0259r Nazirliyi (X\u0130N) Avropa \u015euras\u0131n\u0131n \u0130\u015fg\u0259nc\u0259l\u0259r\u0259 qar\u015f\u0131 Komit\u0259sinin (CPT) b\u0259yanat\u0131n\u0131 \"\u0259sass\u0131z v\u0259 \u0259dal\u0259tsiz\" adland\u0131r\u0131b.","og_url":"https:\/\/www.meydan.tv\/az\/article\/baki-isgencelere-qarsi-komitenin-hesabatini-edaletsiz-sayir-aspa-cagiris-edir\/","og_site_name":"MEYDAN.TV","article_published_time":"2024-07-04T09:41:34+00:00","article_modified_time":"2024-07-04T09:41:37+00:00","og_image":[{"width":2560,"height":1707,"url":"https:\/\/www.meydan.tv\/wp-content\/uploads\/42181.original-scaled.jpg","type":"image\/jpeg"}],"author":"mahmud","twitter_card":"summary_large_image","schema":{"@context":"https:\/\/schema.org","@graph":[{"@type":"Article","@id":"https:\/\/www.meydan.tv\/az\/article\/baki-isgencelere-qarsi-komitenin-hesabatini-edaletsiz-sayir-aspa-cagiris-edir\/#article","isPartOf":{"@id":"https:\/\/www.meydan.tv\/az\/article\/baki-isgencelere-qarsi-komitenin-hesabatini-edaletsiz-sayir-aspa-cagiris-edir\/"},"author":{"name":"mahmud","@id":"https:\/\/www.meydan.tv\/az\/#\/schema\/person\/09863e516102a829e72bedcf3f84c6b0"},"headline":"Bak\u0131 \u0130\u015fg\u0259nc\u0259l\u0259r\u0259 qar\u015f\u0131 Komit\u0259nin hesabat\u0131n\u0131 &#8220;\u0259dal\u0259tsiz&#8221; say\u0131r, A\u015ePA \u00e7a\u011f\u0131r\u0131\u015f edir","datePublished":"2024-07-04T09:41:34+00:00","dateModified":"2024-07-04T09:41:37+00:00","mainEntityOfPage":{"@id":"https:\/\/www.meydan.tv\/az\/article\/baki-isgencelere-qarsi-komitenin-hesabatini-edaletsiz-sayir-aspa-cagiris-edir\/"},"wordCount":1124,"publisher":{"@id":"https:\/\/www.meydan.tv\/az\/#organization"},"image":{"@id":"https:\/\/www.meydan.tv\/az\/article\/baki-isgencelere-qarsi-komitenin-hesabatini-edaletsiz-sayir-aspa-cagiris-edir\/#primaryimage"},"thumbnailUrl":"https:\/\/www.meydan.tv\/wp-content\/uploads\/42181.original-scaled.jpg","articleSection":["Siyas\u0259t","T\u00f6vsiy\u0259","X\u0259b\u0259rl\u0259r"],"inLanguage":"az"},{"@type":"WebPage","@id":"https:\/\/www.meydan.tv\/az\/article\/baki-isgencelere-qarsi-komitenin-hesabatini-edaletsiz-sayir-aspa-cagiris-edir\/","url":"https:\/\/www.meydan.tv\/az\/article\/baki-isgencelere-qarsi-komitenin-hesabatini-edaletsiz-sayir-aspa-cagiris-edir\/","name":"Bak\u0131 A\u015e Komit\u0259sinin hesabat\u0131n\u0131 \"\u0259dal\u0259tsiz\" say\u0131r, A\u015ePA \u00e7a\u011f\u0131r\u0131\u015f edir","isPartOf":{"@id":"https:\/\/www.meydan.tv\/az\/#website"},"primaryImageOfPage":{"@id":"https:\/\/www.meydan.tv\/az\/article\/baki-isgencelere-qarsi-komitenin-hesabatini-edaletsiz-sayir-aspa-cagiris-edir\/#primaryimage"},"image":{"@id":"https:\/\/www.meydan.tv\/az\/article\/baki-isgencelere-qarsi-komitenin-hesabatini-edaletsiz-sayir-aspa-cagiris-edir\/#primaryimage"},"thumbnailUrl":"https:\/\/www.meydan.tv\/wp-content\/uploads\/42181.original-scaled.jpg","datePublished":"2024-07-04T09:41:34+00:00","dateModified":"2024-07-04T09:41:37+00:00","description":"Az\u0259rbaycan Xarici \u0130\u015fl\u0259r Nazirliyi (X\u0130N) Avropa \u015euras\u0131n\u0131n \u0130\u015fg\u0259nc\u0259l\u0259r\u0259 qar\u015f\u0131 Komit\u0259sinin (CPT) b\u0259yanat\u0131n\u0131 \"\u0259sass\u0131z v\u0259 \u0259dal\u0259tsiz\" adland\u0131r\u0131b.","breadcrumb":{"@id":"https:\/\/www.meydan.tv\/az\/article\/baki-isgencelere-qarsi-komitenin-hesabatini-edaletsiz-sayir-aspa-cagiris-edir\/#breadcrumb"},"inLanguage":"az","potentialAction":[{"@type":"ReadAction","target":["https:\/\/www.meydan.tv\/az\/article\/baki-isgencelere-qarsi-komitenin-hesabatini-edaletsiz-sayir-aspa-cagiris-edir\/"]}]},{"@type":"ImageObject","inLanguage":"az","@id":"https:\/\/www.meydan.tv\/az\/article\/baki-isgencelere-qarsi-komitenin-hesabatini-edaletsiz-sayir-aspa-cagiris-edir\/#primaryimage","url":"https:\/\/www.meydan.tv\/wp-content\/uploads\/42181.original-scaled.jpg","contentUrl":"https:\/\/www.meydan.tv\/wp-content\/uploads\/42181.original-scaled.jpg","width":2560,"height":1707,"caption":"Illustration: Meydan TV"},{"@type":"BreadcrumbList","@id":"https:\/\/www.meydan.tv\/az\/article\/baki-isgencelere-qarsi-komitenin-hesabatini-edaletsiz-sayir-aspa-cagiris-edir\/#breadcrumb","itemListElement":[{"@type":"ListItem","position":1,"name":"Ana s\u0259hif\u0259","item":"https:\/\/www.meydan.tv\/az\/"},{"@type":"ListItem","position":2,"name":"Siyas\u0259t","item":"https:\/\/www.meydan.tv\/az\/section\/siyaset\/"},{"@type":"ListItem","position":3,"name":"Bak\u0131 \u0130\u015fg\u0259nc\u0259l\u0259r\u0259 qar\u015f\u0131 Komit\u0259nin hesabat\u0131n\u0131 &#8220;\u0259dal\u0259tsiz&#8221; say\u0131r, A\u015ePA \u00e7a\u011f\u0131r\u0131\u015f edir"}]},{"@type":"WebSite","@id":"https:\/\/www.meydan.tv\/az\/#website","url":"https:\/\/www.meydan.tv\/az\/","name":"MEYDAN.TV","description":"Meydan TV Az\u0259rbaycan\u0131n media m\u0259kan\u0131ndak\u0131 alternativ s\u0259sidir","publisher":{"@id":"https:\/\/www.meydan.tv\/az\/#organization"},"potentialAction":[{"@type":"SearchAction","target":{"@type":"EntryPoint","urlTemplate":"https:\/\/www.meydan.tv\/az\/?s={search_term_string}"},"query-input":{"@type":"PropertyValueSpecification","valueRequired":true,"valueName":"search_term_string"}}],"inLanguage":"az"},{"@type":"Organization","@id":"https:\/\/www.meydan.tv\/az\/#organization","name":"Meydan TV","url":"https:\/\/www.meydan.tv\/az\/","logo":{"@type":"ImageObject","inLanguage":"az","@id":"https:\/\/www.meydan.tv\/az\/#\/schema\/logo\/image\/","url":"https:\/\/www.meydan.tv\/wp-content\/uploads\/2021\/07\/meydan-logo.svg","contentUrl":"https:\/\/www.meydan.tv\/wp-content\/uploads\/2021\/07\/meydan-logo.svg","width":195,"height":46,"caption":"Meydan TV"},"image":{"@id":"https:\/\/www.meydan.tv\/az\/#\/schema\/logo\/image\/"}},{"@type":"Person","@id":"https:\/\/www.meydan.tv\/az\/#\/schema\/person\/09863e516102a829e72bedcf3f84c6b0","name":"mahmud"}]}},"_links":{"self":[{"href":"https:\/\/www.meydan.tv\/az\/wp-json\/wp\/v2\/posts\/309660","targetHints":{"allow":["GET"]}}],"collection":[{"href":"https:\/\/www.meydan.tv\/az\/wp-json\/wp\/v2\/posts"}],"about":[{"href":"https:\/\/www.meydan.tv\/az\/wp-json\/wp\/v2\/types\/post"}],"author":[{"embeddable":true,"href":"https:\/\/www.meydan.tv\/az\/wp-json\/wp\/v2\/users\/21"}],"replies":[{"embeddable":true,"href":"https:\/\/www.meydan.tv\/az\/wp-json\/wp\/v2\/comments?post=309660"}],"version-history":[{"count":1,"href":"https:\/\/www.meydan.tv\/az\/wp-json\/wp\/v2\/posts\/309660\/revisions"}],"predecessor-version":[{"id":309667,"href":"https:\/\/www.meydan.tv\/az\/wp-json\/wp\/v2\/posts\/309660\/revisions\/309667"}],"wp:featuredmedia":[{"embeddable":true,"href":"https:\/\/www.meydan.tv\/az\/wp-json\/wp\/v2\/media\/120020"}],"wp:attachment":[{"href":"https:\/\/www.meydan.tv\/az\/wp-json\/wp\/v2\/media?parent=309660"}],"wp:term":[{"taxonomy":"category","embeddable":true,"href":"https:\/\/www.meydan.tv\/az\/wp-json\/wp\/v2\/categories?post=309660"},{"taxonomy":"post_tag","embeddable":true,"href":"https:\/\/www.meydan.tv\/az\/wp-json\/wp\/v2\/tags?post=309660"}],"curies":[{"name":"wp","href":"https:\/\/api.w.org\/{rel}","templated":true}]}}