{"id":309651,"date":"2024-07-04T12:41:21","date_gmt":"2024-07-04T08:41:21","guid":{"rendered":"https:\/\/www.meydan.tv\/?p=309651"},"modified":"2024-07-04T18:52:17","modified_gmt":"2024-07-04T14:52:17","slug":"yasamalda-sakinin-evinin-geceyari-basina-ucurulmasi-arasdirilacaq","status":"publish","type":"post","link":"https:\/\/www.meydan.tv\/az\/article\/yasamalda-sakinin-evinin-geceyari-basina-ucurulmasi-arasdirilacaq\/","title":{"rendered":"Yasamalda sakinin evinin gec\u0259yar\u0131\u00a0 ba\u015f\u0131na u\u00e7urulmas\u0131 ara\u015fd\u0131r\u0131lacaq (yenil\u0259nib)"},"content":{"rendered":"\n<p><\/p>\n\n\n\n<p>Yasamal rayonunda sakinin evinin u\u00e7urulmas\u0131 v\u0259 MTK-n\u0131n v\u0259zif\u0259li \u015f\u0259xsl\u0259rinin qanunsuz \u0259m\u0259ll\u0259ri il\u0259 ba\u011fl\u0131 cinay\u0259t i\u015fi ba\u015flan\u0131b.<\/p>\n\n\n\n<p>Bu bar\u0259d\u0259 Yasamal Rayon Prokurorlu\u011fu m\u0259lumat yay\u0131b.<\/p>\n\n\n\n<p>Bildirilir ki, \u201c\u0130brahim-Q\u201d MTK-n\u0131n v\u0259zif\u0259li \u015f\u0259xsl\u0259ri t\u0259r\u0259find\u0259n paytaxt\u0131n Yasamal rayonu \u0259razisind\u0259 x\u00fcsusi m\u00fclkiyy\u0259td\u0259 olan m\u0259nzilin qanunsuz s\u00f6k\u00fclm\u0259si bar\u0259d\u0259 daxil olmu\u015f m\u0259lumat \u00fczr\u0259 rayon prokurorlu\u011funda ara\u015fd\u0131rma <a href=\"https:\/\/genprosecutor.gov.az\/az\/post\/7796\" target=\"_blank\" rel=\"noreferrer noopener\">apar\u0131l\u0131b<\/a>. <\/p>\n\n\n\n<p>Prokurorluq qanunsuz s\u00f6k\u00fcnt\u00fc il\u0259 ba\u011fl\u0131 v\u0259t\u0259nda\u015fa k\u00fclli miqdarda ziyan\u0131n vuruldu\u011funu qeyd edib:<\/p>\n\n\n\n<p><em>\u201cAra\u015fd\u0131rmalarla qeyd olunan Kooperativin v\u0259zif\u0259li \u015f\u0259xsl\u0259ri t\u0259r\u0259find\u0259n v\u0259zif\u0259 s\u0259lahiyy\u0259tl\u0259rind\u0259n sui-istifad\u0259 edil\u0259r\u0259k iyunun 30-da Af\u0259t Quliyevaya m\u0259xsus evin \u00f6z\u00fcn\u00fcn raz\u0131l\u0131\u011f\u0131 olmadan (\u00fcnvan: Bak\u0131 \u015f\u0259h\u0259ri, Yasamal rayonu, \u018flib\u0259y H\u00fcseynzad\u0259 k\u00fc\u00e7\u0259si, ev 53, m\u0259nzil 1) \u00fcmumi t\u0259hl\u00fck\u0259li \u00fcsulla tamamil\u0259 s\u00f6k\u00fclm\u0259si n\u0259tic\u0259sind\u0259 ona k\u00fclli miqdarda maddi ziyan vurulmas\u0131na \u0259sasl\u0131 \u015f\u00fcbh\u0259l\u0259r m\u00fc\u0259yy\u0259n edilib\u201d<\/em>.<\/p>\n\n\n\n<p>Qeyd olunur ki, faktla ba\u011fl\u0131 rayon prokurorlu\u011funda Cinay\u0259t M\u0259c\u0259ll\u0259sinin 186.2.1, 186.2.2 (k\u00fclli miqdarda ziyan vurmaqla \u00fcmumi t\u0259hl\u00fck\u0259li \u00fcsulla \u0259mlak\u0131 q\u0259sd\u0259n m\u0259hv etm\u0259) v\u0259 308.1-ci (v\u0259zif\u0259 s\u0259lahiyy\u0259tl\u0259rind\u0259n sui-istifad\u0259) madd\u0259l\u0259ril\u0259 cinay\u0259t i\u015fi ba\u015flanaraq ibtidai istintaq apar\u0131l\u0131r.<\/p>\n\n\n\n<hr class=\"wp-block-separator has-alpha-channel-opacity\"\/>\n\n\n\n<p><strong><em>D\u0130N m\u0259s\u0259l\u0259nin Prokurorlu\u011fun n\u0259zar\u0259tind\u0259 oldu\u011funu deyir<\/em><\/strong><\/p>\n\n\n\n<p>Yasamal Rayon Prokurorlu\u011fu Bak\u0131n\u0131n Yasamal rayonu, \u018flib\u0259y H\u00fcseynzad\u0259 k\u00fc\u00e7\u0259sind\u0259 (\u201cNizami\u201d metrostansiyas\u0131n\u0131n yax\u0131nl\u0131\u011f\u0131) evl\u0259rd\u0259n birinin i\u00e7ind\u0259ki \u0259\u015fyalarla birlikd\u0259 gec\u0259 saatlar\u0131nda qanunsuz s\u00f6k\u00fclm\u0259si, ev sahibinin is\u0259 k\u00fc\u00e7\u0259y\u0259 \u00e7\u0131xar\u0131lmas\u0131 il\u0259 ba\u011fl\u0131 m\u0259s\u0259l\u0259ni ara\u015fd\u0131racaq.<\/p>\n\n\n\n<p>Daxili \u0130\u015fl\u0259r Nazirliyinin m\u0259tbuat&nbsp;xidm\u0259tind\u0259n bildirilib ki, iyunun 30-da gec\u0259 saat 1-in yar\u0131s\u0131nda evin qap\u0131s\u0131n\u0131n s\u0131nd\u0131r\u0131lmas\u0131, f\u0259hl\u0259l\u0259r v\u0259 \u015firk\u0259tin v\u0259zif\u0259lil\u0259rinin ev sahibini m\u0259cburi formada evd\u0259n \u00e7\u0131xarmas\u0131 v\u0259 evin s\u00f6k\u00fclm\u0259si, n\u0259tic\u0259d\u0259 ona x\u0259sar\u0259t yetirilm\u0259si v\u0259 k\u00fclli miqdarda ziyan d\u0259ym\u0259sil\u0259 ba\u011fl\u0131 Af\u0259t Quliyevan\u0131n polis\u0259 \u015fikay\u0259ti \u00fczr\u0259 ara\u015fd\u0131rmalar apar\u0131l\u0131b, ekspertizalar t\u0259yin edilib.<\/p>\n\n\n\n<p>Ara\u015fd\u0131rma \u00e7\u0259r\u00e7iv\u0259sind\u0259 h\u0259m \u015firk\u0259tin r\u0259hb\u0259ri v\u0259 i\u015f\u00e7il\u0259ri, h\u0259m d\u0259 \u015fikay\u0259t\u00e7i Af\u0259t Quliyevan\u0131n izahatlar\u0131 al\u0131n\u0131b.<\/p>\n\n\n\n<p><em>\u201cCinay\u0259t M\u0259c\u0259ll\u0259sinin v\u0259zif\u0259 s\u0259lahiyy\u0259tl\u0259rind\u0259n sui-istifad\u0259, \u0259mlak\u0131 q\u0259sd\u0259n m\u0259hv etm\u0259 v\u0259 z\u0259d\u0259l\u0259m\u0259 madd\u0259l\u0259rinin t\u0259rkib \u0259lam\u0259tl\u0259rinin olub-olmamas\u0131n\u0131n m\u00fc\u0259yy\u0259nl\u0259\u015fdirilm\u0259si m\u0259qs\u0259dil\u0259 toplanm\u0131\u015f materiallar ara\u015fd\u0131rman\u0131n davam etdirilm\u0259si \u00fc\u00e7\u00fcn rayon prokurorlu\u011funa g\u00f6nd\u0259rilib\u201d<\/em>, &#8211; D\u0130N-d\u0259n bel\u0259 deyilib.<\/p>\n\n\n\n<p>Af\u0259t Quliyeva h\u0259m d\u0259 polisl\u0259rd\u0259n \u015fikay\u0259t\u00e7i idi.<\/p>\n\n\n\n<p>O bildirirdi ki, evi zorla s\u00f6k\u00fcl\u0259rk\u0259n polisl\u0259r d\u0259 ona t\u0259zyiq g\u00f6st\u0259rib.<\/p>\n\n\n\n<p>D\u0130N-in m\u0259tbuat xidm\u0259ti bu bar\u0259d\u0259 deyil\u0259nl\u0259ri is\u0259 t\u0259kzib edir:<\/p>\n\n\n\n<p><em>\u201cHadis\u0259 ba\u015f ver\u0259n vaxt polis \u0259m\u0259kda\u015flar\u0131 \u0259razid\u0259 olmay\u0131blar, yaln\u0131z m\u00fcraci\u0259td\u0259n sonra polis \u0259m\u0259kda\u015flar\u0131 \u0259raziy\u0259 yax\u0131nla\u015faraq, t\u0259r\u0259fl\u0259r aras\u0131nda m\u00fcbahis\u0259ni dayand\u0131r\u0131b, ara\u015fd\u0131r\u0131lmas\u0131 \u00fc\u00e7\u00fcn onlar\u0131 polis b\u00f6lm\u0259sin\u0259 d\u0259v\u0259t edibl\u0259r\u201d<\/em>.<\/p>\n\n\n\n<p>Af\u0259t Quliyeva Meydan TV-y\u0259 bildirib ki, h\u0259min \u0259razid\u0259 \u201c\u0130brahim-Q\u201d tikinti \u015firk\u0259ti yeni ya\u015fay\u0131\u015f binas\u0131 in\u015fa ed\u0259c\u0259k. Bu \u00fczd\u0259n \u0259razid\u0259ki evl\u0259r s\u00f6k\u00fcl\u00fcr.<\/p>\n\n\n\n<p>Onun s\u00f6zl\u0259rin\u0259 g\u00f6r\u0259, evini d\u0259 tikinti \u015firk\u0259tinin i\u015f\u00e7il\u0259ri s\u00f6k\u00fcb, \u00f6z\u00fcn\u00fc s\u00fcr\u00fcy\u0259-s\u00fcr\u00fcy\u0259 k\u00fc\u00e7\u0259y\u0259 \u00e7\u0131xar\u0131blar.<\/p>\n\n\n\n<p>Bu \u00fczd\u0259n 4 g\u00fcnd\u00fcr ki, q\u0131z\u0131 il\u0259 birlikd\u0259 \u00e7ad\u0131rda gec\u0259l\u0259m\u0259li olur.<\/p>\n\n\n\n<p>Af\u0259t Quliyeva videog\u00f6r\u00fcnt\u00fcl\u0259r d\u0259 t\u0259qdim edib.<\/p>\n\n\n\n<p>H\u0259min g\u00f6r\u00fcnt\u00fcl\u0259rd\u0259 gec\u0259 saatlar\u0131nda buldozerin bir evi u\u00e7urdu\u011fu, evd\u0259n kimins\u0259 zorla \u00e7\u0131xar\u0131ld\u0131\u011f\u0131 g\u00f6r\u00fcn\u00fcr.<\/p>\n\n\n\n<p>Tikinti \u015firk\u0259ti is\u0259 i\u015f\u00e7il\u0259rinin Af\u0259t Quliyevan\u0131n evini zorla u\u00e7urmas\u0131 bar\u0259d\u0259 deyil\u0259nl\u0259ri t\u0259kzib edir.<\/p>\n\n\n\n<p>Ba\u015f Prokurorlu\u011fun m\u0259tbuat xidm\u0259tind\u0259n Meydan TV-nin sor\u011fusuna cavab olaraq bildirilib ki, Bak\u0131 \u015f\u0259h\u0259ri, Yasamal rayonu, Murtuza Muxtarov 145 \u00fcnvan\u0131nda s\u00f6k\u00fcnt\u00fc i\u015fl\u0259rinin apar\u0131lmas\u0131 il\u0259 ba\u011fl\u0131 Yasamal Rayon Prokurorlu\u011funda ara\u015fd\u0131rma apar\u0131l\u0131r.<\/p>\n\n\n\n<p><em>&#8220;N\u0259tic\u0259si bar\u0259d\u0259 ictimaiyy\u0259t\u0259 \u0259lav\u0259 m\u0259lumat veril\u0259c\u0259k&#8221;<\/em>, &#8211; dey\u0259 qurumdan bildirilib.<\/p>\n","protected":false},"excerpt":{"rendered":"<p>Yasamal rayonunda sakinin evinin u\u00e7urulmas\u0131 v\u0259 MTK-n\u0131n v\u0259zif\u0259li \u015f\u0259xsl\u0259rinin qanunsuz &#8230; <\/p>\n<p class=\"read-more-container\"><a title=\"Yasamalda sakinin evinin gec\u0259yar\u0131\u00a0 ba\u015f\u0131na u\u00e7urulmas\u0131 ara\u015fd\u0131r\u0131lacaq (yenil\u0259nib)\" class=\"read-more button\" href=\"https:\/\/www.meydan.tv\/az\/article\/yasamalda-sakinin-evinin-geceyari-basina-ucurulmasi-arasdirilacaq\/#more-309651\" aria-label=\"Read more about Yasamalda sakinin evinin gec\u0259yar\u0131\u00a0 ba\u015f\u0131na u\u00e7urulmas\u0131 ara\u015fd\u0131r\u0131lacaq (yenil\u0259nib)\">Davam\u0131<\/a><\/p>\n","protected":false},"author":21,"featured_media":309652,"comment_status":"closed","ping_status":"closed","sticky":false,"template":"","format":"standard","meta":{"_acf_changed":false,"_sitemap_exclude":false,"_sitemap_priority":"","_sitemap_frequency":"","footnotes":""},"categories":[62,79,56],"tags":[],"class_list":["post-309651","post","type-post","status-publish","format-standard","has-post-thumbnail","hentry","category-sosial","category-featured","category-xeberler","infinite-scroll-item","generate-columns","tablet-grid-50","mobile-grid-100","grid-parent","grid-33","no-featured-image-padding"],"acf":[],"yoast_head":"<!-- This site is optimized with the Yoast SEO plugin v27.5 - https:\/\/yoast.com\/product\/yoast-seo-wordpress\/ -->\n<title>Yasamalda sakinin evinin gec\u0259yar\u0131\u00a0 ba\u015f\u0131na u\u00e7urulmas\u0131 ara\u015fd\u0131r\u0131lacaq (yenil\u0259nib) - MEYDAN.TV<\/title>\n<meta name=\"description\" content=\"Ara\u015fd\u0131rma \u00e7\u0259r\u00e7iv\u0259sind\u0259 h\u0259m \u015firk\u0259tin r\u0259hb\u0259ri v\u0259 i\u015f\u00e7il\u0259ri, h\u0259m d\u0259 \u015fikay\u0259t\u00e7i Af\u0259t Quliyevan\u0131n izahatlar\u0131 al\u0131n\u0131b.\" \/>\n<meta name=\"robots\" content=\"index, follow, max-snippet:-1, max-image-preview:large, max-video-preview:-1\" \/>\n<link rel=\"canonical\" href=\"https:\/\/www.meydan.tv\/az\/article\/yasamalda-sakinin-evinin-geceyari-basina-ucurulmasi-arasdirilacaq\/\" \/>\n<meta property=\"og:locale\" content=\"az_AZ\" \/>\n<meta property=\"og:type\" content=\"article\" \/>\n<meta property=\"og:title\" content=\"Yasamalda sakinin evinin gec\u0259yar\u0131\u00a0 ba\u015f\u0131na u\u00e7urulmas\u0131 ara\u015fd\u0131r\u0131lacaq (yenil\u0259nib) - MEYDAN.TV\" \/>\n<meta property=\"og:description\" content=\"Ara\u015fd\u0131rma \u00e7\u0259r\u00e7iv\u0259sind\u0259 h\u0259m \u015firk\u0259tin r\u0259hb\u0259ri v\u0259 i\u015f\u00e7il\u0259ri, h\u0259m d\u0259 \u015fikay\u0259t\u00e7i Af\u0259t Quliyevan\u0131n izahatlar\u0131 al\u0131n\u0131b.\" \/>\n<meta property=\"og:url\" content=\"https:\/\/www.meydan.tv\/az\/article\/yasamalda-sakinin-evinin-geceyari-basina-ucurulmasi-arasdirilacaq\/\" \/>\n<meta property=\"og:site_name\" content=\"MEYDAN.TV\" \/>\n<meta property=\"article:published_time\" content=\"2024-07-04T08:41:21+00:00\" \/>\n<meta property=\"article:modified_time\" content=\"2024-07-04T14:52:17+00:00\" \/>\n<meta property=\"og:image\" content=\"https:\/\/www.meydan.tv\/wp-content\/uploads\/img_4381-scaled.jpg\" \/>\n\t<meta property=\"og:image:width\" content=\"2560\" \/>\n\t<meta property=\"og:image:height\" content=\"1920\" \/>\n\t<meta property=\"og:image:type\" content=\"image\/jpeg\" \/>\n<meta name=\"author\" content=\"mahmud\" \/>\n<meta name=\"twitter:card\" content=\"summary_large_image\" \/>\n<script type=\"application\/ld+json\" class=\"yoast-schema-graph\">{\"@context\":\"https:\\\/\\\/schema.org\",\"@graph\":[{\"@type\":\"Article\",\"@id\":\"https:\\\/\\\/www.meydan.tv\\\/az\\\/article\\\/yasamalda-sakinin-evinin-geceyari-basina-ucurulmasi-arasdirilacaq\\\/#article\",\"isPartOf\":{\"@id\":\"https:\\\/\\\/www.meydan.tv\\\/az\\\/article\\\/yasamalda-sakinin-evinin-geceyari-basina-ucurulmasi-arasdirilacaq\\\/\"},\"author\":{\"name\":\"mahmud\",\"@id\":\"https:\\\/\\\/www.meydan.tv\\\/az\\\/#\\\/schema\\\/person\\\/09863e516102a829e72bedcf3f84c6b0\"},\"headline\":\"Yasamalda sakinin evinin gec\u0259yar\u0131\u00a0 ba\u015f\u0131na u\u00e7urulmas\u0131 ara\u015fd\u0131r\u0131lacaq (yenil\u0259nib)\",\"datePublished\":\"2024-07-04T08:41:21+00:00\",\"dateModified\":\"2024-07-04T14:52:17+00:00\",\"mainEntityOfPage\":{\"@id\":\"https:\\\/\\\/www.meydan.tv\\\/az\\\/article\\\/yasamalda-sakinin-evinin-geceyari-basina-ucurulmasi-arasdirilacaq\\\/\"},\"wordCount\":830,\"publisher\":{\"@id\":\"https:\\\/\\\/www.meydan.tv\\\/az\\\/#organization\"},\"image\":{\"@id\":\"https:\\\/\\\/www.meydan.tv\\\/az\\\/article\\\/yasamalda-sakinin-evinin-geceyari-basina-ucurulmasi-arasdirilacaq\\\/#primaryimage\"},\"thumbnailUrl\":\"https:\\\/\\\/www.meydan.tv\\\/wp-content\\\/uploads\\\/img_4381-scaled.jpg\",\"articleSection\":[\"Sosial\",\"T\u00f6vsiy\u0259\",\"X\u0259b\u0259rl\u0259r\"],\"inLanguage\":\"az\"},{\"@type\":\"WebPage\",\"@id\":\"https:\\\/\\\/www.meydan.tv\\\/az\\\/article\\\/yasamalda-sakinin-evinin-geceyari-basina-ucurulmasi-arasdirilacaq\\\/\",\"url\":\"https:\\\/\\\/www.meydan.tv\\\/az\\\/article\\\/yasamalda-sakinin-evinin-geceyari-basina-ucurulmasi-arasdirilacaq\\\/\",\"name\":\"Yasamalda sakinin evinin gec\u0259yar\u0131\u00a0 ba\u015f\u0131na u\u00e7urulmas\u0131 ara\u015fd\u0131r\u0131lacaq (yenil\u0259nib) - MEYDAN.TV\",\"isPartOf\":{\"@id\":\"https:\\\/\\\/www.meydan.tv\\\/az\\\/#website\"},\"primaryImageOfPage\":{\"@id\":\"https:\\\/\\\/www.meydan.tv\\\/az\\\/article\\\/yasamalda-sakinin-evinin-geceyari-basina-ucurulmasi-arasdirilacaq\\\/#primaryimage\"},\"image\":{\"@id\":\"https:\\\/\\\/www.meydan.tv\\\/az\\\/article\\\/yasamalda-sakinin-evinin-geceyari-basina-ucurulmasi-arasdirilacaq\\\/#primaryimage\"},\"thumbnailUrl\":\"https:\\\/\\\/www.meydan.tv\\\/wp-content\\\/uploads\\\/img_4381-scaled.jpg\",\"datePublished\":\"2024-07-04T08:41:21+00:00\",\"dateModified\":\"2024-07-04T14:52:17+00:00\",\"description\":\"Ara\u015fd\u0131rma \u00e7\u0259r\u00e7iv\u0259sind\u0259 h\u0259m \u015firk\u0259tin r\u0259hb\u0259ri v\u0259 i\u015f\u00e7il\u0259ri, h\u0259m d\u0259 \u015fikay\u0259t\u00e7i Af\u0259t Quliyevan\u0131n izahatlar\u0131 al\u0131n\u0131b.\",\"breadcrumb\":{\"@id\":\"https:\\\/\\\/www.meydan.tv\\\/az\\\/article\\\/yasamalda-sakinin-evinin-geceyari-basina-ucurulmasi-arasdirilacaq\\\/#breadcrumb\"},\"inLanguage\":\"az\",\"potentialAction\":[{\"@type\":\"ReadAction\",\"target\":[\"https:\\\/\\\/www.meydan.tv\\\/az\\\/article\\\/yasamalda-sakinin-evinin-geceyari-basina-ucurulmasi-arasdirilacaq\\\/\"]}]},{\"@type\":\"ImageObject\",\"inLanguage\":\"az\",\"@id\":\"https:\\\/\\\/www.meydan.tv\\\/az\\\/article\\\/yasamalda-sakinin-evinin-geceyari-basina-ucurulmasi-arasdirilacaq\\\/#primaryimage\",\"url\":\"https:\\\/\\\/www.meydan.tv\\\/wp-content\\\/uploads\\\/img_4381-scaled.jpg\",\"contentUrl\":\"https:\\\/\\\/www.meydan.tv\\\/wp-content\\\/uploads\\\/img_4381-scaled.jpg\",\"width\":2560,\"height\":1920,\"caption\":\"Foto: Meydan TV\"},{\"@type\":\"BreadcrumbList\",\"@id\":\"https:\\\/\\\/www.meydan.tv\\\/az\\\/article\\\/yasamalda-sakinin-evinin-geceyari-basina-ucurulmasi-arasdirilacaq\\\/#breadcrumb\",\"itemListElement\":[{\"@type\":\"ListItem\",\"position\":1,\"name\":\"Ana s\u0259hif\u0259\",\"item\":\"https:\\\/\\\/www.meydan.tv\\\/az\\\/\"},{\"@type\":\"ListItem\",\"position\":2,\"name\":\"Sosial\",\"item\":\"https:\\\/\\\/www.meydan.tv\\\/az\\\/section\\\/sosial\\\/\"},{\"@type\":\"ListItem\",\"position\":3,\"name\":\"Yasamalda sakinin evinin gec\u0259yar\u0131\u00a0 ba\u015f\u0131na u\u00e7urulmas\u0131 ara\u015fd\u0131r\u0131lacaq (yenil\u0259nib)\"}]},{\"@type\":\"WebSite\",\"@id\":\"https:\\\/\\\/www.meydan.tv\\\/az\\\/#website\",\"url\":\"https:\\\/\\\/www.meydan.tv\\\/az\\\/\",\"name\":\"MEYDAN.TV\",\"description\":\"Meydan TV Az\u0259rbaycan\u0131n media m\u0259kan\u0131ndak\u0131 alternativ s\u0259sidir\",\"publisher\":{\"@id\":\"https:\\\/\\\/www.meydan.tv\\\/az\\\/#organization\"},\"potentialAction\":[{\"@type\":\"SearchAction\",\"target\":{\"@type\":\"EntryPoint\",\"urlTemplate\":\"https:\\\/\\\/www.meydan.tv\\\/az\\\/?s={search_term_string}\"},\"query-input\":{\"@type\":\"PropertyValueSpecification\",\"valueRequired\":true,\"valueName\":\"search_term_string\"}}],\"inLanguage\":\"az\"},{\"@type\":\"Organization\",\"@id\":\"https:\\\/\\\/www.meydan.tv\\\/az\\\/#organization\",\"name\":\"Meydan TV\",\"url\":\"https:\\\/\\\/www.meydan.tv\\\/az\\\/\",\"logo\":{\"@type\":\"ImageObject\",\"inLanguage\":\"az\",\"@id\":\"https:\\\/\\\/www.meydan.tv\\\/az\\\/#\\\/schema\\\/logo\\\/image\\\/\",\"url\":\"https:\\\/\\\/www.meydan.tv\\\/wp-content\\\/uploads\\\/2021\\\/07\\\/meydan-logo.svg\",\"contentUrl\":\"https:\\\/\\\/www.meydan.tv\\\/wp-content\\\/uploads\\\/2021\\\/07\\\/meydan-logo.svg\",\"width\":195,\"height\":46,\"caption\":\"Meydan TV\"},\"image\":{\"@id\":\"https:\\\/\\\/www.meydan.tv\\\/az\\\/#\\\/schema\\\/logo\\\/image\\\/\"}},{\"@type\":\"Person\",\"@id\":\"https:\\\/\\\/www.meydan.tv\\\/az\\\/#\\\/schema\\\/person\\\/09863e516102a829e72bedcf3f84c6b0\",\"name\":\"mahmud\"}]}<\/script>\n<!-- \/ Yoast SEO plugin. -->","yoast_head_json":{"title":"Yasamalda sakinin evinin gec\u0259yar\u0131\u00a0 ba\u015f\u0131na u\u00e7urulmas\u0131 ara\u015fd\u0131r\u0131lacaq (yenil\u0259nib) - MEYDAN.TV","description":"Ara\u015fd\u0131rma \u00e7\u0259r\u00e7iv\u0259sind\u0259 h\u0259m \u015firk\u0259tin r\u0259hb\u0259ri v\u0259 i\u015f\u00e7il\u0259ri, h\u0259m d\u0259 \u015fikay\u0259t\u00e7i Af\u0259t Quliyevan\u0131n izahatlar\u0131 al\u0131n\u0131b.","robots":{"index":"index","follow":"follow","max-snippet":"max-snippet:-1","max-image-preview":"max-image-preview:large","max-video-preview":"max-video-preview:-1"},"canonical":"https:\/\/www.meydan.tv\/az\/article\/yasamalda-sakinin-evinin-geceyari-basina-ucurulmasi-arasdirilacaq\/","og_locale":"az_AZ","og_type":"article","og_title":"Yasamalda sakinin evinin gec\u0259yar\u0131\u00a0 ba\u015f\u0131na u\u00e7urulmas\u0131 ara\u015fd\u0131r\u0131lacaq (yenil\u0259nib) - MEYDAN.TV","og_description":"Ara\u015fd\u0131rma \u00e7\u0259r\u00e7iv\u0259sind\u0259 h\u0259m \u015firk\u0259tin r\u0259hb\u0259ri v\u0259 i\u015f\u00e7il\u0259ri, h\u0259m d\u0259 \u015fikay\u0259t\u00e7i Af\u0259t Quliyevan\u0131n izahatlar\u0131 al\u0131n\u0131b.","og_url":"https:\/\/www.meydan.tv\/az\/article\/yasamalda-sakinin-evinin-geceyari-basina-ucurulmasi-arasdirilacaq\/","og_site_name":"MEYDAN.TV","article_published_time":"2024-07-04T08:41:21+00:00","article_modified_time":"2024-07-04T14:52:17+00:00","og_image":[{"width":2560,"height":1920,"url":"https:\/\/www.meydan.tv\/wp-content\/uploads\/img_4381-scaled.jpg","type":"image\/jpeg"}],"author":"mahmud","twitter_card":"summary_large_image","schema":{"@context":"https:\/\/schema.org","@graph":[{"@type":"Article","@id":"https:\/\/www.meydan.tv\/az\/article\/yasamalda-sakinin-evinin-geceyari-basina-ucurulmasi-arasdirilacaq\/#article","isPartOf":{"@id":"https:\/\/www.meydan.tv\/az\/article\/yasamalda-sakinin-evinin-geceyari-basina-ucurulmasi-arasdirilacaq\/"},"author":{"name":"mahmud","@id":"https:\/\/www.meydan.tv\/az\/#\/schema\/person\/09863e516102a829e72bedcf3f84c6b0"},"headline":"Yasamalda sakinin evinin gec\u0259yar\u0131\u00a0 ba\u015f\u0131na u\u00e7urulmas\u0131 ara\u015fd\u0131r\u0131lacaq (yenil\u0259nib)","datePublished":"2024-07-04T08:41:21+00:00","dateModified":"2024-07-04T14:52:17+00:00","mainEntityOfPage":{"@id":"https:\/\/www.meydan.tv\/az\/article\/yasamalda-sakinin-evinin-geceyari-basina-ucurulmasi-arasdirilacaq\/"},"wordCount":830,"publisher":{"@id":"https:\/\/www.meydan.tv\/az\/#organization"},"image":{"@id":"https:\/\/www.meydan.tv\/az\/article\/yasamalda-sakinin-evinin-geceyari-basina-ucurulmasi-arasdirilacaq\/#primaryimage"},"thumbnailUrl":"https:\/\/www.meydan.tv\/wp-content\/uploads\/img_4381-scaled.jpg","articleSection":["Sosial","T\u00f6vsiy\u0259","X\u0259b\u0259rl\u0259r"],"inLanguage":"az"},{"@type":"WebPage","@id":"https:\/\/www.meydan.tv\/az\/article\/yasamalda-sakinin-evinin-geceyari-basina-ucurulmasi-arasdirilacaq\/","url":"https:\/\/www.meydan.tv\/az\/article\/yasamalda-sakinin-evinin-geceyari-basina-ucurulmasi-arasdirilacaq\/","name":"Yasamalda sakinin evinin gec\u0259yar\u0131\u00a0 ba\u015f\u0131na u\u00e7urulmas\u0131 ara\u015fd\u0131r\u0131lacaq (yenil\u0259nib) - MEYDAN.TV","isPartOf":{"@id":"https:\/\/www.meydan.tv\/az\/#website"},"primaryImageOfPage":{"@id":"https:\/\/www.meydan.tv\/az\/article\/yasamalda-sakinin-evinin-geceyari-basina-ucurulmasi-arasdirilacaq\/#primaryimage"},"image":{"@id":"https:\/\/www.meydan.tv\/az\/article\/yasamalda-sakinin-evinin-geceyari-basina-ucurulmasi-arasdirilacaq\/#primaryimage"},"thumbnailUrl":"https:\/\/www.meydan.tv\/wp-content\/uploads\/img_4381-scaled.jpg","datePublished":"2024-07-04T08:41:21+00:00","dateModified":"2024-07-04T14:52:17+00:00","description":"Ara\u015fd\u0131rma \u00e7\u0259r\u00e7iv\u0259sind\u0259 h\u0259m \u015firk\u0259tin r\u0259hb\u0259ri v\u0259 i\u015f\u00e7il\u0259ri, h\u0259m d\u0259 \u015fikay\u0259t\u00e7i Af\u0259t Quliyevan\u0131n izahatlar\u0131 al\u0131n\u0131b.","breadcrumb":{"@id":"https:\/\/www.meydan.tv\/az\/article\/yasamalda-sakinin-evinin-geceyari-basina-ucurulmasi-arasdirilacaq\/#breadcrumb"},"inLanguage":"az","potentialAction":[{"@type":"ReadAction","target":["https:\/\/www.meydan.tv\/az\/article\/yasamalda-sakinin-evinin-geceyari-basina-ucurulmasi-arasdirilacaq\/"]}]},{"@type":"ImageObject","inLanguage":"az","@id":"https:\/\/www.meydan.tv\/az\/article\/yasamalda-sakinin-evinin-geceyari-basina-ucurulmasi-arasdirilacaq\/#primaryimage","url":"https:\/\/www.meydan.tv\/wp-content\/uploads\/img_4381-scaled.jpg","contentUrl":"https:\/\/www.meydan.tv\/wp-content\/uploads\/img_4381-scaled.jpg","width":2560,"height":1920,"caption":"Foto: Meydan TV"},{"@type":"BreadcrumbList","@id":"https:\/\/www.meydan.tv\/az\/article\/yasamalda-sakinin-evinin-geceyari-basina-ucurulmasi-arasdirilacaq\/#breadcrumb","itemListElement":[{"@type":"ListItem","position":1,"name":"Ana s\u0259hif\u0259","item":"https:\/\/www.meydan.tv\/az\/"},{"@type":"ListItem","position":2,"name":"Sosial","item":"https:\/\/www.meydan.tv\/az\/section\/sosial\/"},{"@type":"ListItem","position":3,"name":"Yasamalda sakinin evinin gec\u0259yar\u0131\u00a0 ba\u015f\u0131na u\u00e7urulmas\u0131 ara\u015fd\u0131r\u0131lacaq (yenil\u0259nib)"}]},{"@type":"WebSite","@id":"https:\/\/www.meydan.tv\/az\/#website","url":"https:\/\/www.meydan.tv\/az\/","name":"MEYDAN.TV","description":"Meydan TV Az\u0259rbaycan\u0131n media m\u0259kan\u0131ndak\u0131 alternativ s\u0259sidir","publisher":{"@id":"https:\/\/www.meydan.tv\/az\/#organization"},"potentialAction":[{"@type":"SearchAction","target":{"@type":"EntryPoint","urlTemplate":"https:\/\/www.meydan.tv\/az\/?s={search_term_string}"},"query-input":{"@type":"PropertyValueSpecification","valueRequired":true,"valueName":"search_term_string"}}],"inLanguage":"az"},{"@type":"Organization","@id":"https:\/\/www.meydan.tv\/az\/#organization","name":"Meydan TV","url":"https:\/\/www.meydan.tv\/az\/","logo":{"@type":"ImageObject","inLanguage":"az","@id":"https:\/\/www.meydan.tv\/az\/#\/schema\/logo\/image\/","url":"https:\/\/www.meydan.tv\/wp-content\/uploads\/2021\/07\/meydan-logo.svg","contentUrl":"https:\/\/www.meydan.tv\/wp-content\/uploads\/2021\/07\/meydan-logo.svg","width":195,"height":46,"caption":"Meydan TV"},"image":{"@id":"https:\/\/www.meydan.tv\/az\/#\/schema\/logo\/image\/"}},{"@type":"Person","@id":"https:\/\/www.meydan.tv\/az\/#\/schema\/person\/09863e516102a829e72bedcf3f84c6b0","name":"mahmud"}]}},"_links":{"self":[{"href":"https:\/\/www.meydan.tv\/az\/wp-json\/wp\/v2\/posts\/309651","targetHints":{"allow":["GET"]}}],"collection":[{"href":"https:\/\/www.meydan.tv\/az\/wp-json\/wp\/v2\/posts"}],"about":[{"href":"https:\/\/www.meydan.tv\/az\/wp-json\/wp\/v2\/types\/post"}],"author":[{"embeddable":true,"href":"https:\/\/www.meydan.tv\/az\/wp-json\/wp\/v2\/users\/21"}],"replies":[{"embeddable":true,"href":"https:\/\/www.meydan.tv\/az\/wp-json\/wp\/v2\/comments?post=309651"}],"version-history":[{"count":6,"href":"https:\/\/www.meydan.tv\/az\/wp-json\/wp\/v2\/posts\/309651\/revisions"}],"predecessor-version":[{"id":309693,"href":"https:\/\/www.meydan.tv\/az\/wp-json\/wp\/v2\/posts\/309651\/revisions\/309693"}],"wp:featuredmedia":[{"embeddable":true,"href":"https:\/\/www.meydan.tv\/az\/wp-json\/wp\/v2\/media\/309652"}],"wp:attachment":[{"href":"https:\/\/www.meydan.tv\/az\/wp-json\/wp\/v2\/media?parent=309651"}],"wp:term":[{"taxonomy":"category","embeddable":true,"href":"https:\/\/www.meydan.tv\/az\/wp-json\/wp\/v2\/categories?post=309651"},{"taxonomy":"post_tag","embeddable":true,"href":"https:\/\/www.meydan.tv\/az\/wp-json\/wp\/v2\/tags?post=309651"}],"curies":[{"name":"wp","href":"https:\/\/api.w.org\/{rel}","templated":true}]}}