{"id":309641,"date":"2024-07-04T12:16:40","date_gmt":"2024-07-04T08:16:40","guid":{"rendered":"https:\/\/www.meydan.tv\/?p=309641"},"modified":"2024-07-04T12:16:44","modified_gmt":"2024-07-04T08:16:44","slug":"amnesty-international-cop29-a-gore-azerbaycanla-baglanan-ev-sazisi-insan-huquqlarina-zemanet-vermelidir","status":"publish","type":"post","link":"https:\/\/www.meydan.tv\/az\/article\/amnesty-international-cop29-a-gore-azerbaycanla-baglanan-ev-sazisi-insan-huquqlarina-zemanet-vermelidir\/","title":{"rendered":"Amnesty \u0130nternational: COP29-a g\u00f6r\u0259 Az\u0259rbaycanla ba\u011flanan Ev Sazi\u015fi insan h\u00fcquqlar\u0131na z\u0259man\u0259t verm\u0259lidir"},"content":{"rendered":"\n<p><\/p>\n\n\n\n<p><strong>\u0130nsan haqlar\u0131 t\u0259\u015fkilat\u0131 Az\u0259rbaycanla ba\u011fl\u0131 \u00e7a\u011f\u0131r\u0131\u015f edib<\/strong><\/p>\n\n\n\n<p>Noyabrda Az\u0259rbaycanda ke\u00e7iril\u0259c\u0259k COP29 iqlim sammitinin t\u0259\u015fkilat\u00e7\u0131s\u0131 olan Birl\u0259\u015fmi\u015f Mill\u0259tl\u0259r T\u0259\u015fkilat\u0131 (BMT) Az\u0259rbaycanla imzalanm\u0131\u015f Ev sahibi \u00f6lk\u0259 Sazi\u015fin\u0259 (HCA) insan haqlar\u0131na t\u0259minat m\u0259s\u0259l\u0259l\u0259rini \u0259lav\u0259 etm\u0259lidir.<\/p>\n\n\n\n<p>\u201cAmnesty \u0130nternational\u201d insan h\u00fcquqlar\u0131 t\u0259\u015fkilat\u0131 bel\u0259 bir <a href=\"https:\/\/www.amnesty.org\/en\/latest\/news\/2024\/07\/global-host-country-agreement-with-azerbaijan-for-cop29-must-guarantee-human-rights-and-be-publicly-available\/\" target=\"_blank\" rel=\"noreferrer noopener\">\u00e7a\u011f\u0131r\u0131\u015f <\/a>edib.<\/p>\n\n\n\n<p>T\u0259\u015fkilat bildirib ki, d\u0259f\u0259l\u0259rl\u0259 edil\u0259n c\u0259hdl\u0259r\u0259 baxmayaraq, \u201cAmnesty International\u201d BMT-nin \u0130qlim D\u0259yi\u015fikliyi \u00fczr\u0259 \u00c7\u0259r\u00e7iv\u0259 Konvensiyas\u0131 (UNFCCC) v\u0259 Birl\u0259\u015fmi\u015f \u018fr\u0259b \u018fmirlikl\u0259ri aras\u0131nda ke\u00e7\u0259nilki COP \u00fc\u00e7\u00fcn Ev Sazi\u015fini (HCA) yaln\u0131z bu yax\u0131nlarda \u0259ld\u0259 edib.<\/p>\n\n\n\n<p><em>\u201cDubaydak\u0131 t\u0259dbirin i\u015ftirak\u00e7\u0131lar\u0131n\u0131n haqlar\u0131n\u0131n t\u0259minat\u0131 bax\u0131m\u0131ndan ciddi n\u00f6qsanlar olub. Bu, Az\u0259rbaycan h\u00f6kum\u0259ti il\u0259 sazi\u015fin d\u0259 COP29-da insan haqlar\u0131 v\u0259 v\u0259t\u0259nda\u015f c\u0259miyy\u0259ti f\u0259all\u0131\u011f\u0131n\u0131n qorunmas\u0131 bax\u0131m\u0131ndan q\u00fcsurlu olaca\u011f\u0131, sammit \u00f6nc\u0259si ictimaiyy\u0259t\u0259 a\u00e7\u0131qlanmayaca\u011f\u0131 sar\u0131dan narahatl\u0131\u011f\u0131 art\u0131r\u0131b\u201d<\/em>, &#8211; \u00e7a\u011f\u0131r\u0131\u015fda bildirilir.<\/p>\n\n\n\n<p>\u201cAmnesty International\u201d\u0131n \u0130qlim Siyas\u0259ti \u00fczr\u0259 m\u00fc\u015faviri Ann Harrison deyib ki, Az\u0259rbaycan hakimiyy\u0259ti il\u0259 Ev Sazi\u015find\u0259 b\u00fct\u00fcn insan h\u00fcquqlar\u0131n\u0131n h\u0259m t\u0259dbir m\u0259kan\u0131nda, h\u0259m d\u0259 t\u0259dbir m\u0259kan\u0131ndan k\u0259narda qorunmas\u0131 v\u0259 h\u00f6rm\u0259t edilm\u0259sin\u0259 dair t\u0259minatlar olmal\u0131d\u0131r. <\/p>\n\n\n\n<p><em>&#8220;Bunlara ifad\u0259 azadl\u0131\u011f\u0131 v\u0259 dinc topla\u015fmaq h\u00fcquqlar\u0131 daxildir. Bu, x\u00fcsusil\u0259 vacibdir, \u00e7\u00fcnki Az\u0259rbaycan hakimiyy\u0259ti t\u0259nqidi m\u00fct\u0259madi olaraq s\u0259rtl\u0259\u015fdirir v\u0259 son vaxtlar h\u00fcquq m\u00fcdafi\u0259\u00e7isi Anar M\u0259mm\u0259dli v\u0259 bir s\u0131ra jurnalistl\u0259ri, v\u0259t\u0259nda\u015f c\u0259miyy\u0259ti f\u0259allar\u0131n\u0131 h\u0259bs etm\u0259kl\u0259 f\u0259rqli fikirl\u0259r\u0259 qar\u015f\u0131 repressiyalar\u0131 g\u00fccl\u0259ndirib. Biz haqs\u0131z yer\u0259 h\u0259bs edil\u0259n b\u00fct\u00fcn \u015f\u0259xsl\u0259rin azadl\u0131\u011fa burax\u0131lmas\u0131n\u0131 t\u0259l\u0259b edirik\u201d<\/em>.<\/p>\n\n\n\n<p>Onun s\u00f6zl\u0259rin\u0259 g\u00f6r\u0259, Az\u0259rbaycan h\u00f6kum\u0259ti t\u0259r\u0259find\u0259n t\u00f6r\u0259dil\u0259n kobud insan haqlar\u0131 pozuntular\u0131n\u0131 n\u0259z\u0259r\u0259 alaraq, UNFCCC il\u0259 ba\u011flanm\u0131\u015f Ev Sazi\u015finin imzalanmas\u0131ndan d\u0259rhal sonra ictimaiyy\u0259t\u0259 a\u00e7\u0131qlanmas\u0131 \u00e7ox vacibdir.<\/p>\n\n\n\n<p>Harrison \u0259lav\u0259 edib ki, Az\u0259rbaycan h\u00f6kum\u0259tinin t\u00f6r\u0259tdiyi kobud insan haqlar\u0131 pozuntular\u0131n\u0131 n\u0259z\u0259r\u0259 alaraq, BMT-nin Az\u0259rbaycanla HCA raz\u0131la\u015fmas\u0131 imzalanandan d\u0259rhal sonra ictimaiyy\u0259t\u0259 a\u00e7\u0131qlanmal\u0131d\u0131r. Bu COP29-da v\u0259t\u0259nda\u015f f\u0259all\u0131\u011f\u0131n\u0131n nec\u0259 qorundu\u011funu d\u0259y\u0259rl\u0259ndirm\u0259k \u00fc\u00e7\u00fcn vacibdir. Harrison BMT-nin m\u00fcvafiq katibliyini b\u00fct\u00fcn ke\u00e7mi\u015f v\u0259 g\u0259l\u0259c\u0259k HCA s\u0259n\u0259dl\u0259rini d\u0259 \u015f\u0259ffafl\u0131q namin\u0259 \u00f6z vebsayt\u0131nda yerl\u0259\u015fdirm\u0259y\u0259 \u00e7a\u011f\u0131r\u0131r. Az\u0259rbaycan\u0131n da bu s\u0259n\u0259di d\u0259rc etm\u0259li oldu\u011fu vur\u011fulan\u0131r.<\/p>\n\n\n\n<p>T\u0259\u015fkilat bundan \u00f6nc\u0259ki COP iqlim sammitl\u0259rinin, o c\u00fcml\u0259d\u0259n Pol\u015fa, \u0130spaniya, B\u00f6y\u00fck Britaniya, Misir v\u0259 B\u018f\u018f-d\u0259 ke\u00e7irilmi\u015f t\u0259dbirl\u0259rin ifad\u0259 v\u0259 s\u0259rb\u0259st topla\u015fma azadl\u0131qlar\u0131n\u0131 nec\u0259 m\u0259hdudla\u015fd\u0131rd\u0131\u011f\u0131n\u0131 s\u0259n\u0259dl\u0259\u015fdirdiyini bildirir. \u018flav\u0259 edir ki, Az\u0259rbaycanda da bu h\u00fcquqlar\u0131n kobud \u015f\u0259kild\u0259 pozulmas\u0131n\u0131 qeyd\u0259 al\u0131blar v\u0259 bu, COP sammiti i\u015ftirak\u00e7\u0131lar\u0131n\u0131n t\u0259hl\u00fck\u0259sizliyi sar\u0131dan narahatl\u0131q yarad\u0131r.<\/p>\n\n\n\n<p>COP29 noyabr\u0131n 11-d\u0259n 22-d\u0259k Bak\u0131da ke\u00e7iril\u0259c\u0259k.<\/p>\n\n\n\n<p>H\u0259l\u0259lik, bu \u00e7a\u011f\u0131r\u0131\u015fla ba\u011fl\u0131 Az\u0259rbaycan hakimiyy\u0259ti v\u0259 t\u0259\u015fkilat\u00e7\u0131 BMT h\u0259r hans\u0131 a\u00e7\u0131qlama verm\u0259yib. Lakin \u00f6lk\u0259 r\u0259hb\u0259rliyi daim a\u00e7\u0131qlamalar\u0131nda Az\u0259rbaycanda kims\u0259nin siyasi bax\u0131\u015f\u0131 v\u0259 pe\u015f\u0259 f\u0259aliyy\u0259tin\u0259 g\u00f6r\u0259 h\u0259bs edilm\u0259diyini bildirir.<\/p>\n\n\n\n<p>\u00d6t\u0259n ilin noyabr\u0131ndan Az\u0259rbaycanda &#8220;Toplum TV&#8221;, &#8220;AbzasMedia&#8221; \u201cKanal13\u201d media qurumlar\u0131n\u0131n \u0259m\u0259kda\u015flar\u0131  olan 20-d\u0259k jurnalist, ictimai f\u0259al qa\u00e7aqmal\u00e7\u0131l\u0131q ittiham\u0131 il\u0259 h\u0259bs edilib. Onlar ittihamla raz\u0131la\u015fm\u0131r, bunu pe\u015f\u0259 f\u0259aliyy\u0259tl\u0259ri v\u0259 siyasi sifari\u015fl\u0259 izah edirl\u0259r.<\/p>\n","protected":false},"excerpt":{"rendered":"<p>\u0130nsan haqlar\u0131 t\u0259\u015fkilat\u0131 Az\u0259rbaycanla ba\u011fl\u0131 \u00e7a\u011f\u0131r\u0131\u015f edib Noyabrda Az\u0259rbaycanda ke\u00e7iril\u0259c\u0259k &#8230; <\/p>\n<p class=\"read-more-container\"><a title=\"Amnesty \u0130nternational: COP29-a g\u00f6r\u0259 Az\u0259rbaycanla ba\u011flanan Ev Sazi\u015fi insan h\u00fcquqlar\u0131na z\u0259man\u0259t verm\u0259lidir\" class=\"read-more button\" href=\"https:\/\/www.meydan.tv\/az\/article\/amnesty-international-cop29-a-gore-azerbaycanla-baglanan-ev-sazisi-insan-huquqlarina-zemanet-vermelidir\/#more-309641\" aria-label=\"Read more about Amnesty \u0130nternational: COP29-a g\u00f6r\u0259 Az\u0259rbaycanla ba\u011flanan Ev Sazi\u015fi insan h\u00fcquqlar\u0131na z\u0259man\u0259t verm\u0259lidir\">Davam\u0131<\/a><\/p>\n","protected":false},"author":21,"featured_media":271503,"comment_status":"closed","ping_status":"closed","sticky":false,"template":"","format":"standard","meta":{"_acf_changed":false,"_sitemap_exclude":false,"_sitemap_priority":"","_sitemap_frequency":"","footnotes":""},"categories":[59,79,56],"tags":[],"class_list":["post-309641","post","type-post","status-publish","format-standard","has-post-thumbnail","hentry","category-siyaset","category-featured","category-xeberler","infinite-scroll-item","generate-columns","tablet-grid-50","mobile-grid-100","grid-parent","grid-33","no-featured-image-padding"],"acf":[],"yoast_head":"<!-- This site is optimized with the Yoast SEO plugin v27.4 - https:\/\/yoast.com\/product\/yoast-seo-wordpress\/ -->\n<title>\u201cAmnesty \u0130nternational\u201d COP29-la ba\u011fl\u0131 \u00e7a\u011f\u0131r\u0131\u015f edib<\/title>\n<meta name=\"description\" content=\"\u201cAmnesty \u0130nternational\u201d insan h\u00fcquqlar\u0131 t\u0259\u015fkilat\u0131 \u00e7a\u011f\u0131r\u0131\u015f edir ki, noyabr ay\u0131nda Az\u0259rbaycanda ke\u00e7iril\u0259c\u0259k COP29 iqlim sammitinin t\u0259\u015fkilat\u00e7\u0131s\u0131 olan Birl\u0259\u015fmi\u015f Mill\u0259tl\u0259r T\u0259\u015fkilat\u0131 (BMT) Az\u0259rbaycanla imzalanm\u0131\u015f Ev sahibi \u00f6lk\u0259 Sazi\u015fin\u0259 (HCA) insan haqlar\u0131na t\u0259minat m\u0259s\u0259l\u0259l\u0259rini \u0259lav\u0259 etm\u0259lidir.\" \/>\n<meta name=\"robots\" content=\"index, follow, max-snippet:-1, max-image-preview:large, max-video-preview:-1\" \/>\n<link rel=\"canonical\" href=\"https:\/\/www.meydan.tv\/az\/article\/amnesty-international-cop29-a-gore-azerbaycanla-baglanan-ev-sazisi-insan-huquqlarina-zemanet-vermelidir\/\" \/>\n<meta property=\"og:locale\" content=\"az_AZ\" \/>\n<meta property=\"og:type\" content=\"article\" \/>\n<meta property=\"og:title\" content=\"\u201cAmnesty \u0130nternational\u201d COP29-la ba\u011fl\u0131 \u00e7a\u011f\u0131r\u0131\u015f edib\" \/>\n<meta property=\"og:description\" content=\"\u201cAmnesty \u0130nternational\u201d insan h\u00fcquqlar\u0131 t\u0259\u015fkilat\u0131 \u00e7a\u011f\u0131r\u0131\u015f edir ki, noyabr ay\u0131nda Az\u0259rbaycanda ke\u00e7iril\u0259c\u0259k COP29 iqlim sammitinin t\u0259\u015fkilat\u00e7\u0131s\u0131 olan Birl\u0259\u015fmi\u015f Mill\u0259tl\u0259r T\u0259\u015fkilat\u0131 (BMT) Az\u0259rbaycanla imzalanm\u0131\u015f Ev sahibi \u00f6lk\u0259 Sazi\u015fin\u0259 (HCA) insan haqlar\u0131na t\u0259minat m\u0259s\u0259l\u0259l\u0259rini \u0259lav\u0259 etm\u0259lidir.\" \/>\n<meta property=\"og:url\" content=\"https:\/\/www.meydan.tv\/az\/article\/amnesty-international-cop29-a-gore-azerbaycanla-baglanan-ev-sazisi-insan-huquqlarina-zemanet-vermelidir\/\" \/>\n<meta property=\"og:site_name\" content=\"MEYDAN.TV\" \/>\n<meta property=\"article:published_time\" content=\"2024-07-04T08:16:40+00:00\" \/>\n<meta property=\"article:modified_time\" content=\"2024-07-04T08:16:44+00:00\" \/>\n<meta property=\"og:image\" content=\"https:\/\/www.meydan.tv\/wp-content\/uploads\/shutterstock_1219934308.jpg\" \/>\n\t<meta property=\"og:image:width\" content=\"1200\" \/>\n\t<meta property=\"og:image:height\" content=\"579\" \/>\n\t<meta property=\"og:image:type\" content=\"image\/jpeg\" \/>\n<meta name=\"author\" content=\"mahmud\" \/>\n<meta name=\"twitter:card\" content=\"summary_large_image\" \/>\n<script type=\"application\/ld+json\" class=\"yoast-schema-graph\">{\"@context\":\"https:\\\/\\\/schema.org\",\"@graph\":[{\"@type\":\"Article\",\"@id\":\"https:\\\/\\\/www.meydan.tv\\\/az\\\/article\\\/amnesty-international-cop29-a-gore-azerbaycanla-baglanan-ev-sazisi-insan-huquqlarina-zemanet-vermelidir\\\/#article\",\"isPartOf\":{\"@id\":\"https:\\\/\\\/www.meydan.tv\\\/az\\\/article\\\/amnesty-international-cop29-a-gore-azerbaycanla-baglanan-ev-sazisi-insan-huquqlarina-zemanet-vermelidir\\\/\"},\"author\":{\"name\":\"mahmud\",\"@id\":\"https:\\\/\\\/www.meydan.tv\\\/az\\\/#\\\/schema\\\/person\\\/09863e516102a829e72bedcf3f84c6b0\"},\"headline\":\"Amnesty \u0130nternational: COP29-a g\u00f6r\u0259 Az\u0259rbaycanla ba\u011flanan Ev Sazi\u015fi insan h\u00fcquqlar\u0131na z\u0259man\u0259t verm\u0259lidir\",\"datePublished\":\"2024-07-04T08:16:40+00:00\",\"dateModified\":\"2024-07-04T08:16:44+00:00\",\"mainEntityOfPage\":{\"@id\":\"https:\\\/\\\/www.meydan.tv\\\/az\\\/article\\\/amnesty-international-cop29-a-gore-azerbaycanla-baglanan-ev-sazisi-insan-huquqlarina-zemanet-vermelidir\\\/\"},\"wordCount\":716,\"publisher\":{\"@id\":\"https:\\\/\\\/www.meydan.tv\\\/az\\\/#organization\"},\"image\":{\"@id\":\"https:\\\/\\\/www.meydan.tv\\\/az\\\/article\\\/amnesty-international-cop29-a-gore-azerbaycanla-baglanan-ev-sazisi-insan-huquqlarina-zemanet-vermelidir\\\/#primaryimage\"},\"thumbnailUrl\":\"https:\\\/\\\/www.meydan.tv\\\/wp-content\\\/uploads\\\/shutterstock_1219934308.jpg\",\"articleSection\":[\"Siyas\u0259t\",\"T\u00f6vsiy\u0259\",\"X\u0259b\u0259rl\u0259r\"],\"inLanguage\":\"az\"},{\"@type\":\"WebPage\",\"@id\":\"https:\\\/\\\/www.meydan.tv\\\/az\\\/article\\\/amnesty-international-cop29-a-gore-azerbaycanla-baglanan-ev-sazisi-insan-huquqlarina-zemanet-vermelidir\\\/\",\"url\":\"https:\\\/\\\/www.meydan.tv\\\/az\\\/article\\\/amnesty-international-cop29-a-gore-azerbaycanla-baglanan-ev-sazisi-insan-huquqlarina-zemanet-vermelidir\\\/\",\"name\":\"\u201cAmnesty \u0130nternational\u201d COP29-la ba\u011fl\u0131 \u00e7a\u011f\u0131r\u0131\u015f edib\",\"isPartOf\":{\"@id\":\"https:\\\/\\\/www.meydan.tv\\\/az\\\/#website\"},\"primaryImageOfPage\":{\"@id\":\"https:\\\/\\\/www.meydan.tv\\\/az\\\/article\\\/amnesty-international-cop29-a-gore-azerbaycanla-baglanan-ev-sazisi-insan-huquqlarina-zemanet-vermelidir\\\/#primaryimage\"},\"image\":{\"@id\":\"https:\\\/\\\/www.meydan.tv\\\/az\\\/article\\\/amnesty-international-cop29-a-gore-azerbaycanla-baglanan-ev-sazisi-insan-huquqlarina-zemanet-vermelidir\\\/#primaryimage\"},\"thumbnailUrl\":\"https:\\\/\\\/www.meydan.tv\\\/wp-content\\\/uploads\\\/shutterstock_1219934308.jpg\",\"datePublished\":\"2024-07-04T08:16:40+00:00\",\"dateModified\":\"2024-07-04T08:16:44+00:00\",\"description\":\"\u201cAmnesty \u0130nternational\u201d insan h\u00fcquqlar\u0131 t\u0259\u015fkilat\u0131 \u00e7a\u011f\u0131r\u0131\u015f edir ki, noyabr ay\u0131nda Az\u0259rbaycanda ke\u00e7iril\u0259c\u0259k COP29 iqlim sammitinin t\u0259\u015fkilat\u00e7\u0131s\u0131 olan Birl\u0259\u015fmi\u015f Mill\u0259tl\u0259r T\u0259\u015fkilat\u0131 (BMT) Az\u0259rbaycanla imzalanm\u0131\u015f Ev sahibi \u00f6lk\u0259 Sazi\u015fin\u0259 (HCA) insan haqlar\u0131na t\u0259minat m\u0259s\u0259l\u0259l\u0259rini \u0259lav\u0259 etm\u0259lidir.\",\"breadcrumb\":{\"@id\":\"https:\\\/\\\/www.meydan.tv\\\/az\\\/article\\\/amnesty-international-cop29-a-gore-azerbaycanla-baglanan-ev-sazisi-insan-huquqlarina-zemanet-vermelidir\\\/#breadcrumb\"},\"inLanguage\":\"az\",\"potentialAction\":[{\"@type\":\"ReadAction\",\"target\":[\"https:\\\/\\\/www.meydan.tv\\\/az\\\/article\\\/amnesty-international-cop29-a-gore-azerbaycanla-baglanan-ev-sazisi-insan-huquqlarina-zemanet-vermelidir\\\/\"]}]},{\"@type\":\"ImageObject\",\"inLanguage\":\"az\",\"@id\":\"https:\\\/\\\/www.meydan.tv\\\/az\\\/article\\\/amnesty-international-cop29-a-gore-azerbaycanla-baglanan-ev-sazisi-insan-huquqlarina-zemanet-vermelidir\\\/#primaryimage\",\"url\":\"https:\\\/\\\/www.meydan.tv\\\/wp-content\\\/uploads\\\/shutterstock_1219934308.jpg\",\"contentUrl\":\"https:\\\/\\\/www.meydan.tv\\\/wp-content\\\/uploads\\\/shutterstock_1219934308.jpg\",\"width\":1200,\"height\":579,\"caption\":\"\\\"Amnesty International\\\". Foto: Derick P. Hudson\\\/shutterstock\"},{\"@type\":\"BreadcrumbList\",\"@id\":\"https:\\\/\\\/www.meydan.tv\\\/az\\\/article\\\/amnesty-international-cop29-a-gore-azerbaycanla-baglanan-ev-sazisi-insan-huquqlarina-zemanet-vermelidir\\\/#breadcrumb\",\"itemListElement\":[{\"@type\":\"ListItem\",\"position\":1,\"name\":\"Ana s\u0259hif\u0259\",\"item\":\"https:\\\/\\\/www.meydan.tv\\\/az\\\/\"},{\"@type\":\"ListItem\",\"position\":2,\"name\":\"Siyas\u0259t\",\"item\":\"https:\\\/\\\/www.meydan.tv\\\/az\\\/section\\\/siyaset\\\/\"},{\"@type\":\"ListItem\",\"position\":3,\"name\":\"Amnesty \u0130nternational: COP29-a g\u00f6r\u0259 Az\u0259rbaycanla ba\u011flanan Ev Sazi\u015fi insan h\u00fcquqlar\u0131na z\u0259man\u0259t verm\u0259lidir\"}]},{\"@type\":\"WebSite\",\"@id\":\"https:\\\/\\\/www.meydan.tv\\\/az\\\/#website\",\"url\":\"https:\\\/\\\/www.meydan.tv\\\/az\\\/\",\"name\":\"MEYDAN.TV\",\"description\":\"Meydan TV Az\u0259rbaycan\u0131n media m\u0259kan\u0131ndak\u0131 alternativ s\u0259sidir\",\"publisher\":{\"@id\":\"https:\\\/\\\/www.meydan.tv\\\/az\\\/#organization\"},\"potentialAction\":[{\"@type\":\"SearchAction\",\"target\":{\"@type\":\"EntryPoint\",\"urlTemplate\":\"https:\\\/\\\/www.meydan.tv\\\/az\\\/?s={search_term_string}\"},\"query-input\":{\"@type\":\"PropertyValueSpecification\",\"valueRequired\":true,\"valueName\":\"search_term_string\"}}],\"inLanguage\":\"az\"},{\"@type\":\"Organization\",\"@id\":\"https:\\\/\\\/www.meydan.tv\\\/az\\\/#organization\",\"name\":\"Meydan TV\",\"url\":\"https:\\\/\\\/www.meydan.tv\\\/az\\\/\",\"logo\":{\"@type\":\"ImageObject\",\"inLanguage\":\"az\",\"@id\":\"https:\\\/\\\/www.meydan.tv\\\/az\\\/#\\\/schema\\\/logo\\\/image\\\/\",\"url\":\"https:\\\/\\\/www.meydan.tv\\\/wp-content\\\/uploads\\\/2021\\\/07\\\/meydan-logo.svg\",\"contentUrl\":\"https:\\\/\\\/www.meydan.tv\\\/wp-content\\\/uploads\\\/2021\\\/07\\\/meydan-logo.svg\",\"width\":195,\"height\":46,\"caption\":\"Meydan TV\"},\"image\":{\"@id\":\"https:\\\/\\\/www.meydan.tv\\\/az\\\/#\\\/schema\\\/logo\\\/image\\\/\"}},{\"@type\":\"Person\",\"@id\":\"https:\\\/\\\/www.meydan.tv\\\/az\\\/#\\\/schema\\\/person\\\/09863e516102a829e72bedcf3f84c6b0\",\"name\":\"mahmud\"}]}<\/script>\n<!-- \/ Yoast SEO plugin. -->","yoast_head_json":{"title":"\u201cAmnesty \u0130nternational\u201d COP29-la ba\u011fl\u0131 \u00e7a\u011f\u0131r\u0131\u015f edib","description":"\u201cAmnesty \u0130nternational\u201d insan h\u00fcquqlar\u0131 t\u0259\u015fkilat\u0131 \u00e7a\u011f\u0131r\u0131\u015f edir ki, noyabr ay\u0131nda Az\u0259rbaycanda ke\u00e7iril\u0259c\u0259k COP29 iqlim sammitinin t\u0259\u015fkilat\u00e7\u0131s\u0131 olan Birl\u0259\u015fmi\u015f Mill\u0259tl\u0259r T\u0259\u015fkilat\u0131 (BMT) Az\u0259rbaycanla imzalanm\u0131\u015f Ev sahibi \u00f6lk\u0259 Sazi\u015fin\u0259 (HCA) insan haqlar\u0131na t\u0259minat m\u0259s\u0259l\u0259l\u0259rini \u0259lav\u0259 etm\u0259lidir.","robots":{"index":"index","follow":"follow","max-snippet":"max-snippet:-1","max-image-preview":"max-image-preview:large","max-video-preview":"max-video-preview:-1"},"canonical":"https:\/\/www.meydan.tv\/az\/article\/amnesty-international-cop29-a-gore-azerbaycanla-baglanan-ev-sazisi-insan-huquqlarina-zemanet-vermelidir\/","og_locale":"az_AZ","og_type":"article","og_title":"\u201cAmnesty \u0130nternational\u201d COP29-la ba\u011fl\u0131 \u00e7a\u011f\u0131r\u0131\u015f edib","og_description":"\u201cAmnesty \u0130nternational\u201d insan h\u00fcquqlar\u0131 t\u0259\u015fkilat\u0131 \u00e7a\u011f\u0131r\u0131\u015f edir ki, noyabr ay\u0131nda Az\u0259rbaycanda ke\u00e7iril\u0259c\u0259k COP29 iqlim sammitinin t\u0259\u015fkilat\u00e7\u0131s\u0131 olan Birl\u0259\u015fmi\u015f Mill\u0259tl\u0259r T\u0259\u015fkilat\u0131 (BMT) Az\u0259rbaycanla imzalanm\u0131\u015f Ev sahibi \u00f6lk\u0259 Sazi\u015fin\u0259 (HCA) insan haqlar\u0131na t\u0259minat m\u0259s\u0259l\u0259l\u0259rini \u0259lav\u0259 etm\u0259lidir.","og_url":"https:\/\/www.meydan.tv\/az\/article\/amnesty-international-cop29-a-gore-azerbaycanla-baglanan-ev-sazisi-insan-huquqlarina-zemanet-vermelidir\/","og_site_name":"MEYDAN.TV","article_published_time":"2024-07-04T08:16:40+00:00","article_modified_time":"2024-07-04T08:16:44+00:00","og_image":[{"width":1200,"height":579,"url":"https:\/\/www.meydan.tv\/wp-content\/uploads\/shutterstock_1219934308.jpg","type":"image\/jpeg"}],"author":"mahmud","twitter_card":"summary_large_image","schema":{"@context":"https:\/\/schema.org","@graph":[{"@type":"Article","@id":"https:\/\/www.meydan.tv\/az\/article\/amnesty-international-cop29-a-gore-azerbaycanla-baglanan-ev-sazisi-insan-huquqlarina-zemanet-vermelidir\/#article","isPartOf":{"@id":"https:\/\/www.meydan.tv\/az\/article\/amnesty-international-cop29-a-gore-azerbaycanla-baglanan-ev-sazisi-insan-huquqlarina-zemanet-vermelidir\/"},"author":{"name":"mahmud","@id":"https:\/\/www.meydan.tv\/az\/#\/schema\/person\/09863e516102a829e72bedcf3f84c6b0"},"headline":"Amnesty \u0130nternational: COP29-a g\u00f6r\u0259 Az\u0259rbaycanla ba\u011flanan Ev Sazi\u015fi insan h\u00fcquqlar\u0131na z\u0259man\u0259t verm\u0259lidir","datePublished":"2024-07-04T08:16:40+00:00","dateModified":"2024-07-04T08:16:44+00:00","mainEntityOfPage":{"@id":"https:\/\/www.meydan.tv\/az\/article\/amnesty-international-cop29-a-gore-azerbaycanla-baglanan-ev-sazisi-insan-huquqlarina-zemanet-vermelidir\/"},"wordCount":716,"publisher":{"@id":"https:\/\/www.meydan.tv\/az\/#organization"},"image":{"@id":"https:\/\/www.meydan.tv\/az\/article\/amnesty-international-cop29-a-gore-azerbaycanla-baglanan-ev-sazisi-insan-huquqlarina-zemanet-vermelidir\/#primaryimage"},"thumbnailUrl":"https:\/\/www.meydan.tv\/wp-content\/uploads\/shutterstock_1219934308.jpg","articleSection":["Siyas\u0259t","T\u00f6vsiy\u0259","X\u0259b\u0259rl\u0259r"],"inLanguage":"az"},{"@type":"WebPage","@id":"https:\/\/www.meydan.tv\/az\/article\/amnesty-international-cop29-a-gore-azerbaycanla-baglanan-ev-sazisi-insan-huquqlarina-zemanet-vermelidir\/","url":"https:\/\/www.meydan.tv\/az\/article\/amnesty-international-cop29-a-gore-azerbaycanla-baglanan-ev-sazisi-insan-huquqlarina-zemanet-vermelidir\/","name":"\u201cAmnesty \u0130nternational\u201d COP29-la ba\u011fl\u0131 \u00e7a\u011f\u0131r\u0131\u015f edib","isPartOf":{"@id":"https:\/\/www.meydan.tv\/az\/#website"},"primaryImageOfPage":{"@id":"https:\/\/www.meydan.tv\/az\/article\/amnesty-international-cop29-a-gore-azerbaycanla-baglanan-ev-sazisi-insan-huquqlarina-zemanet-vermelidir\/#primaryimage"},"image":{"@id":"https:\/\/www.meydan.tv\/az\/article\/amnesty-international-cop29-a-gore-azerbaycanla-baglanan-ev-sazisi-insan-huquqlarina-zemanet-vermelidir\/#primaryimage"},"thumbnailUrl":"https:\/\/www.meydan.tv\/wp-content\/uploads\/shutterstock_1219934308.jpg","datePublished":"2024-07-04T08:16:40+00:00","dateModified":"2024-07-04T08:16:44+00:00","description":"\u201cAmnesty \u0130nternational\u201d insan h\u00fcquqlar\u0131 t\u0259\u015fkilat\u0131 \u00e7a\u011f\u0131r\u0131\u015f edir ki, noyabr ay\u0131nda Az\u0259rbaycanda ke\u00e7iril\u0259c\u0259k COP29 iqlim sammitinin t\u0259\u015fkilat\u00e7\u0131s\u0131 olan Birl\u0259\u015fmi\u015f Mill\u0259tl\u0259r T\u0259\u015fkilat\u0131 (BMT) Az\u0259rbaycanla imzalanm\u0131\u015f Ev sahibi \u00f6lk\u0259 Sazi\u015fin\u0259 (HCA) insan haqlar\u0131na t\u0259minat m\u0259s\u0259l\u0259l\u0259rini \u0259lav\u0259 etm\u0259lidir.","breadcrumb":{"@id":"https:\/\/www.meydan.tv\/az\/article\/amnesty-international-cop29-a-gore-azerbaycanla-baglanan-ev-sazisi-insan-huquqlarina-zemanet-vermelidir\/#breadcrumb"},"inLanguage":"az","potentialAction":[{"@type":"ReadAction","target":["https:\/\/www.meydan.tv\/az\/article\/amnesty-international-cop29-a-gore-azerbaycanla-baglanan-ev-sazisi-insan-huquqlarina-zemanet-vermelidir\/"]}]},{"@type":"ImageObject","inLanguage":"az","@id":"https:\/\/www.meydan.tv\/az\/article\/amnesty-international-cop29-a-gore-azerbaycanla-baglanan-ev-sazisi-insan-huquqlarina-zemanet-vermelidir\/#primaryimage","url":"https:\/\/www.meydan.tv\/wp-content\/uploads\/shutterstock_1219934308.jpg","contentUrl":"https:\/\/www.meydan.tv\/wp-content\/uploads\/shutterstock_1219934308.jpg","width":1200,"height":579,"caption":"\"Amnesty International\". Foto: Derick P. Hudson\/shutterstock"},{"@type":"BreadcrumbList","@id":"https:\/\/www.meydan.tv\/az\/article\/amnesty-international-cop29-a-gore-azerbaycanla-baglanan-ev-sazisi-insan-huquqlarina-zemanet-vermelidir\/#breadcrumb","itemListElement":[{"@type":"ListItem","position":1,"name":"Ana s\u0259hif\u0259","item":"https:\/\/www.meydan.tv\/az\/"},{"@type":"ListItem","position":2,"name":"Siyas\u0259t","item":"https:\/\/www.meydan.tv\/az\/section\/siyaset\/"},{"@type":"ListItem","position":3,"name":"Amnesty \u0130nternational: COP29-a g\u00f6r\u0259 Az\u0259rbaycanla ba\u011flanan Ev Sazi\u015fi insan h\u00fcquqlar\u0131na z\u0259man\u0259t verm\u0259lidir"}]},{"@type":"WebSite","@id":"https:\/\/www.meydan.tv\/az\/#website","url":"https:\/\/www.meydan.tv\/az\/","name":"MEYDAN.TV","description":"Meydan TV Az\u0259rbaycan\u0131n media m\u0259kan\u0131ndak\u0131 alternativ s\u0259sidir","publisher":{"@id":"https:\/\/www.meydan.tv\/az\/#organization"},"potentialAction":[{"@type":"SearchAction","target":{"@type":"EntryPoint","urlTemplate":"https:\/\/www.meydan.tv\/az\/?s={search_term_string}"},"query-input":{"@type":"PropertyValueSpecification","valueRequired":true,"valueName":"search_term_string"}}],"inLanguage":"az"},{"@type":"Organization","@id":"https:\/\/www.meydan.tv\/az\/#organization","name":"Meydan TV","url":"https:\/\/www.meydan.tv\/az\/","logo":{"@type":"ImageObject","inLanguage":"az","@id":"https:\/\/www.meydan.tv\/az\/#\/schema\/logo\/image\/","url":"https:\/\/www.meydan.tv\/wp-content\/uploads\/2021\/07\/meydan-logo.svg","contentUrl":"https:\/\/www.meydan.tv\/wp-content\/uploads\/2021\/07\/meydan-logo.svg","width":195,"height":46,"caption":"Meydan TV"},"image":{"@id":"https:\/\/www.meydan.tv\/az\/#\/schema\/logo\/image\/"}},{"@type":"Person","@id":"https:\/\/www.meydan.tv\/az\/#\/schema\/person\/09863e516102a829e72bedcf3f84c6b0","name":"mahmud"}]}},"_links":{"self":[{"href":"https:\/\/www.meydan.tv\/az\/wp-json\/wp\/v2\/posts\/309641","targetHints":{"allow":["GET"]}}],"collection":[{"href":"https:\/\/www.meydan.tv\/az\/wp-json\/wp\/v2\/posts"}],"about":[{"href":"https:\/\/www.meydan.tv\/az\/wp-json\/wp\/v2\/types\/post"}],"author":[{"embeddable":true,"href":"https:\/\/www.meydan.tv\/az\/wp-json\/wp\/v2\/users\/21"}],"replies":[{"embeddable":true,"href":"https:\/\/www.meydan.tv\/az\/wp-json\/wp\/v2\/comments?post=309641"}],"version-history":[{"count":1,"href":"https:\/\/www.meydan.tv\/az\/wp-json\/wp\/v2\/posts\/309641\/revisions"}],"predecessor-version":[{"id":309642,"href":"https:\/\/www.meydan.tv\/az\/wp-json\/wp\/v2\/posts\/309641\/revisions\/309642"}],"wp:featuredmedia":[{"embeddable":true,"href":"https:\/\/www.meydan.tv\/az\/wp-json\/wp\/v2\/media\/271503"}],"wp:attachment":[{"href":"https:\/\/www.meydan.tv\/az\/wp-json\/wp\/v2\/media?parent=309641"}],"wp:term":[{"taxonomy":"category","embeddable":true,"href":"https:\/\/www.meydan.tv\/az\/wp-json\/wp\/v2\/categories?post=309641"},{"taxonomy":"post_tag","embeddable":true,"href":"https:\/\/www.meydan.tv\/az\/wp-json\/wp\/v2\/tags?post=309641"}],"curies":[{"name":"wp","href":"https:\/\/api.w.org\/{rel}","templated":true}]}}