{"id":309623,"date":"2024-07-03T17:15:34","date_gmt":"2024-07-03T13:15:34","guid":{"rendered":"https:\/\/www.meydan.tv\/?p=309623"},"modified":"2024-07-03T18:40:11","modified_gmt":"2024-07-03T14:40:11","slug":"abzasmedianin-emekdaslari-ev-dustaqligina-buraxilmadilar","status":"publish","type":"post","link":"https:\/\/www.meydan.tv\/az\/article\/abzasmedianin-emekdaslari-ev-dustaqligina-buraxilmadilar\/","title":{"rendered":"\u201cAbzasMedia\u201dn\u0131n \u0259m\u0259kda\u015flar\u0131 ev dustaql\u0131\u011f\u0131na burax\u0131lmad\u0131lar"},"content":{"rendered":"\n<figure class=\"wp-block-embed is-type-video is-provider-youtube wp-block-embed-youtube wp-embed-aspect-16-9 wp-has-aspect-ratio\"><div class=\"wp-block-embed__wrapper\">\n<iframe title=\"\u201cAbzas Media \u0130\u015fi\u201d: istintaq\u0131n gedi\u015find\u0259n naraz\u0131l\u0131qlar var\" width=\"1200\" height=\"675\" data-src=\"https:\/\/www.youtube.com\/embed\/-EfCsDgHiwI?feature=oembed\" frameborder=\"0\" allow=\"accelerometer; autoplay; clipboard-write; encrypted-media; gyroscope; picture-in-picture; web-share\" referrerpolicy=\"strict-origin-when-cross-origin\" allowfullscreen src=\"data:image\/svg+xml;base64,PHN2ZyB3aWR0aD0iMSIgaGVpZ2h0PSIxIiB4bWxucz0iaHR0cDovL3d3dy53My5vcmcvMjAwMC9zdmciPjwvc3ZnPg==\" class=\"lazyload\" data-load-mode=\"1\"><\/iframe>\n<\/div><\/figure>\n\n\n\n<!--more-->\n\n\n\n<p><em>J<strong>urnalistl\u0259r ittiham\u0131 r\u0259dd edir, korrupsiyadan yazd\u0131qlar\u0131na g\u00f6r\u0259 h\u0259bs olunduqlar\u0131n\u0131 deyirl\u0259r<\/strong><\/em><\/p>\n\n\n\n<p>\u201cAbzasMedia\u201d il\u0259 ba\u011fl\u0131 cinay\u0259t i\u015fi \u00fczr\u0259 h\u0259bsd\u0259 olan jurnalistl\u0259r &#8211; n\u0259\u015frin t\u0259sis\u00e7isi \u00dclvi H\u0259s\u0259nli, ba\u015f redaktoru Sevinc Vaqifq\u0131z\u0131 (Abbasova) v\u0259 \u0259m\u0259kda\u015f\u0131 Elnar\u0259 Qas\u0131movan\u0131n ev dustaql\u0131\u011f\u0131na burax\u0131lmas\u0131 \u00fc\u00e7\u00fcn v\u0259kill\u0259ri yenid\u0259n v\u0259sat\u0259t vermi\u015fdil\u0259r.<\/p>\n\n\n\n<p>V\u0259sat\u0259tl\u0259r\u0259 iyulun 3-d\u0259 X\u0259tai Rayon M\u0259hk\u0259m\u0259sind\u0259 bax\u0131l\u0131b.<\/p>\n\n\n\n<p>Jurnalistl\u0259rin h\u0259r biri il\u0259 ba\u011fl\u0131 m\u0259hk\u0259m\u0259 prosesi ayr\u0131-ayr\u0131l\u0131qda ke\u00e7irilib.<\/p>\n\n\n\n<p>M\u0259hk\u0259m\u0259 prosesl\u0259rind\u0259 Bak\u0131 \u015e\u0259h\u0259r Ba\u015f Polis \u0130dar\u0259sinin m\u00fcst\u0259ntiqi onlar\u0131n ev dustaql\u0131\u011f\u0131na burax\u0131lmas\u0131na etiraz edib.<\/p>\n\n\n\n<p>O deyib ki, istintaq bitm\u0259yib, h\u0259bsd\u0259n burax\u0131lsalar, prosesin gedi\u015fin\u0259 mane ola bil\u0259rl\u0259r.<\/p>\n\n\n\n<p>H\u0259m \u00dclvi H\u0259s\u0259nli, h\u0259m Sevinc Vaqifq\u0131z\u0131, h\u0259m d\u0259 Elnar\u0259 Qas\u0131mova m\u0259hk\u0259m\u0259d\u0259 onlara qar\u015f\u0131 ir\u0259li s\u00fcr\u00fclm\u00fc\u015f qa\u00e7aqmal\u00e7\u0131l\u0131q ittiham\u0131n\u0131n yalan oldu\u011funu, hakim ail\u0259 v\u0259 dig\u0259r m\u0259murlar\u0131n korrupsiya \u0259m\u0259ll\u0259ri bar\u0259d\u0259 \u201cAbzasMedia\u201ddak\u0131 ara\u015fd\u0131rmalara g\u00f6r\u0259 h\u0259bs olunduqlar\u0131n\u0131 bildiribl\u0259r.<\/p>\n\n\n\n<p>H\u0259m\u00e7inin m\u0259hk\u0259m\u0259d\u0259n d\u0259 \u0259dal\u0259tli q\u0259rar g\u00f6zl\u0259ntil\u0259ri olmad\u0131qlar\u0131n\u0131 vur\u011fulay\u0131blar.<\/p>\n\n\n\n<p>V\u0259kill\u0259ri d\u0259 onlar\u0131n h\u0259bsd\u0259 saxlanmas\u0131 \u00fc\u00e7\u00fcn he\u00e7 bir \u0259sas o\u0131mad\u0131\u011f\u0131n\u0131 deyib. Lakin hakim S\u00fclhan\u0259 Hac\u0131yeva v\u0259sat\u0259tl\u0259ri t\u0259min etm\u0259yib &#8211; ad\u0131\u00e7\u0259kil\u0259n jurnalistl\u0259r bu d\u0259f\u0259 d\u0259 ev dustaql\u0131\u011f\u0131na burax\u0131lmay\u0131b.<\/p>\n\n\n\n<p>X\u0259tai Rayon M\u0259hk\u0259m\u0259sinin q\u0259rar\u0131ndan v\u0259kill\u0259r apelyasiya \u015fikay\u0259ti ver\u0259c\u0259k.<\/p>\n\n\n\n<p>Korrupsiya ara\u015fd\u0131rmalar\u0131yla tan\u0131nan \u201cAbzasMedia\u201d i\u015fi \u00fczr\u0259 h\u0259bsl\u0259r noyabr\u0131n 20-d\u0259n ba\u015flay\u0131b.<\/p>\n\n\n\n<p>\u00d6nc\u0259 sayt\u0131n direktoru \u00dclvi H\u0259s\u0259nli, direktor m\u00fcavini M\u0259h\u0259mm\u0259d Kekalov, ba\u015f redaktoru Sevinc Vaqifq\u0131z\u0131 h\u0259bs edilib.<\/p>\n\n\n\n<p>Daha sonra h\u0259bsl\u0259r ara\u015fd\u0131rma\u00e7\u0131 jurnalist Hafiz Babal\u0131, N\u0259rgiz Absalamova v\u0259 Elnar\u0259 Qas\u0131mova il\u0259 davam edib.<\/p>\n\n\n\n<p>Onlar da Cinay\u0259t M\u0259c\u0259ll\u0259sinin 206.3.2-ci (bir qrup \u015f\u0259xs t\u0259r\u0259find\u0259n qa\u00e7aqmal\u00e7\u0131l\u0131q) madd\u0259sil\u0259 ittiham olunur.<\/p>\n\n\n\n<p>Bu madd\u0259nin sanksiyas\u0131nda 5 ild\u0259n 8 il\u0259 q\u0259d\u0259r azadl\u0131qdan m\u0259hrumetm\u0259 c\u0259zas\u0131 n\u0259z\u0259rd\u0259 tutulub.<\/p>\n\n\n\n<p>Noyabr\u0131n 20-d\u0259 \u00dclvi H\u0259s\u0259nli saxland\u0131qdan sonra \u201cAbzasMedia\u201dn\u0131n ofisind\u0259 axtar\u0131\u015f apar\u0131l\u0131b. Sayt\u0131n ofisind\u0259n 40 min avro pul tap\u0131ld\u0131\u011f\u0131 iddia olunub.<\/p>\n\n\n\n<p>\u00dclvi H\u0259s\u0259nli is\u0259 orada pul olmad\u0131\u011f\u0131n\u0131, 40 min avronun ofis\u0259 onu tapd\u0131\u011f\u0131n\u0131 iddia ed\u0259nl\u0259rin \u00f6zl\u0259ri t\u0259r\u0259find\u0259n qoyuldu\u011funu bildirib.<\/p>\n\n\n\n<p>Adlar\u0131 \u00e7\u0259kil\u0259n jurnalistl\u0259rin he\u00e7 biri \u00f6z\u00fcn\u00fc t\u0259qsirli bilmir, \u201cAbzasMedia\u201dda Prezidentin ail\u0259 \u00fczvl\u0259ri d\u0259 daxil olmaqla, bir s\u0131ra v\u0259zif\u0259li \u015f\u0259xsl\u0259rin biznesi, korrupsiya il\u0259 ba\u011fl\u0131 ara\u015fd\u0131rmalara g\u00f6r\u0259 c\u0259zaland\u0131r\u0131ld\u0131qlar\u0131n\u0131 bildiribl\u0259r.<\/p>\n\n\n\n<p>&#8220;AbzasMedia\u201ddan sonra \u201cKanal 13\u201d internet kanal\u0131, \u201cToplum TV\u201d x\u0259b\u0259r portal\u0131 v\u0259 eyni adl\u0131 internet televiziyas\u0131, Milli M\u0259clisin v\u0259 deputatlar\u0131n f\u0259aliyy\u0259tini ara\u015fd\u0131ran \u201cmeclis.info\u201d sayt\u0131n\u0131n r\u0259hb\u0259rl\u0259ri v\u0259 \u0259m\u0259kda\u015flar\u0131 da qa\u00e7aqmal\u00e7\u0131l\u0131q ittiham\u0131yla h\u0259bs olunub.<\/p>\n\n\n\n<p>\u0130ddia olunur ki, bu media orqanlar\u0131 xarici t\u0259\u015fkilatlardan qrantlar al\u0131b, h\u0259min v\u0259saitl\u0259ri qa\u00e7aqmal\u00e7\u0131l\u0131q yoluyla \u00f6lk\u0259y\u0259 g\u0259tirib.<\/p>\n\n\n\n<p>Lakin jurnalistl\u0259r bu ittiham\u0131 r\u0259dd edir, qa\u00e7aqmal\u00e7\u0131l\u0131qla ba\u011fl\u0131 he\u00e7 bir s\u00fcbut-d\u0259lil olmadan h\u0259bs olunduqlar\u0131n\u0131 bildirirl\u0259r.<\/p>\n\n\n\n<p>Onlar b\u0259yan edib ki, bu h\u0259bsl\u0259rin m\u0259qs\u0259di \u00f6lk\u0259d\u0259ki korrupsiyan\u0131, m\u0259mur \u00f6zba\u015f\u0131nal\u0131\u011f\u0131n\u0131 ara\u015fd\u0131ran, ictimaiyy\u0259t\u0259 \u00e7atd\u0131ran media orqanlar\u0131n\u0131 susdurmaqd\u0131r.<\/p>\n","protected":false},"excerpt":{"rendered":"","protected":false},"author":21,"featured_media":292231,"comment_status":"closed","ping_status":"closed","sticky":false,"template":"","format":"standard","meta":{"_acf_changed":false,"_sitemap_exclude":false,"_sitemap_priority":"","_sitemap_frequency":"","footnotes":""},"categories":[59,79,63,56],"tags":[],"class_list":["post-309623","post","type-post","status-publish","format-standard","has-post-thumbnail","hentry","category-siyaset","category-featured","category-video-2","category-xeberler","infinite-scroll-item","generate-columns","tablet-grid-50","mobile-grid-100","grid-parent","grid-33","no-featured-image-padding"],"acf":[],"yoast_head":"<!-- This site is optimized with the Yoast SEO plugin v27.4 - https:\/\/yoast.com\/product\/yoast-seo-wordpress\/ -->\n<title>\u201cAbzasMedia\u201dn\u0131n \u0259m\u0259kda\u015flar\u0131 ev dustaql\u0131\u011f\u0131na burax\u0131lmad\u0131lar - MEYDAN.TV<\/title>\n<meta name=\"description\" content=\"Hakim S\u00fclhan\u0259 Hac\u0131yeva v\u0259sat\u0259tl\u0259ri t\u0259min etm\u0259yib - ad\u0131\u00e7\u0259kil\u0259n jurnalistl\u0259r bu d\u0259f\u0259 d\u0259 ev dustaql\u0131\u011f\u0131na burax\u0131lmay\u0131b.\" \/>\n<meta name=\"robots\" content=\"index, follow, max-snippet:-1, max-image-preview:large, max-video-preview:-1\" \/>\n<link rel=\"canonical\" href=\"https:\/\/www.meydan.tv\/az\/article\/abzasmedianin-emekdaslari-ev-dustaqligina-buraxilmadilar\/\" \/>\n<meta property=\"og:locale\" content=\"az_AZ\" \/>\n<meta property=\"og:type\" content=\"article\" \/>\n<meta property=\"og:title\" content=\"\u201cAbzasMedia\u201dn\u0131n \u0259m\u0259kda\u015flar\u0131 ev dustaql\u0131\u011f\u0131na burax\u0131lmad\u0131lar - MEYDAN.TV\" \/>\n<meta property=\"og:description\" content=\"Hakim S\u00fclhan\u0259 Hac\u0131yeva v\u0259sat\u0259tl\u0259ri t\u0259min etm\u0259yib - ad\u0131\u00e7\u0259kil\u0259n jurnalistl\u0259r bu d\u0259f\u0259 d\u0259 ev dustaql\u0131\u011f\u0131na burax\u0131lmay\u0131b.\" \/>\n<meta property=\"og:url\" content=\"https:\/\/www.meydan.tv\/az\/article\/abzasmedianin-emekdaslari-ev-dustaqligina-buraxilmadilar\/\" \/>\n<meta property=\"og:site_name\" content=\"MEYDAN.TV\" \/>\n<meta property=\"article:published_time\" content=\"2024-07-03T13:15:34+00:00\" \/>\n<meta property=\"article:modified_time\" content=\"2024-07-03T14:40:11+00:00\" \/>\n<meta property=\"og:image\" content=\"https:\/\/www.meydan.tv\/wp-content\/uploads\/img_0641_720-2.jpg\" \/>\n\t<meta property=\"og:image:width\" content=\"720\" \/>\n\t<meta property=\"og:image:height\" content=\"480\" \/>\n\t<meta property=\"og:image:type\" content=\"image\/jpeg\" \/>\n<meta name=\"author\" content=\"mahmud\" \/>\n<meta name=\"twitter:card\" content=\"summary_large_image\" \/>\n<script type=\"application\/ld+json\" class=\"yoast-schema-graph\">{\"@context\":\"https:\\\/\\\/schema.org\",\"@graph\":[{\"@type\":\"Article\",\"@id\":\"https:\\\/\\\/www.meydan.tv\\\/az\\\/article\\\/abzasmedianin-emekdaslari-ev-dustaqligina-buraxilmadilar\\\/#article\",\"isPartOf\":{\"@id\":\"https:\\\/\\\/www.meydan.tv\\\/az\\\/article\\\/abzasmedianin-emekdaslari-ev-dustaqligina-buraxilmadilar\\\/\"},\"author\":{\"name\":\"mahmud\",\"@id\":\"https:\\\/\\\/www.meydan.tv\\\/az\\\/#\\\/schema\\\/person\\\/09863e516102a829e72bedcf3f84c6b0\"},\"headline\":\"\u201cAbzasMedia\u201dn\u0131n \u0259m\u0259kda\u015flar\u0131 ev dustaql\u0131\u011f\u0131na burax\u0131lmad\u0131lar\",\"datePublished\":\"2024-07-03T13:15:34+00:00\",\"dateModified\":\"2024-07-03T14:40:11+00:00\",\"mainEntityOfPage\":{\"@id\":\"https:\\\/\\\/www.meydan.tv\\\/az\\\/article\\\/abzasmedianin-emekdaslari-ev-dustaqligina-buraxilmadilar\\\/\"},\"wordCount\":672,\"publisher\":{\"@id\":\"https:\\\/\\\/www.meydan.tv\\\/az\\\/#organization\"},\"image\":{\"@id\":\"https:\\\/\\\/www.meydan.tv\\\/az\\\/article\\\/abzasmedianin-emekdaslari-ev-dustaqligina-buraxilmadilar\\\/#primaryimage\"},\"thumbnailUrl\":\"https:\\\/\\\/www.meydan.tv\\\/wp-content\\\/uploads\\\/img_0641_720-2.jpg\",\"articleSection\":[\"Siyas\u0259t\",\"T\u00f6vsiy\u0259\",\"Video\",\"X\u0259b\u0259rl\u0259r\"],\"inLanguage\":\"az\"},{\"@type\":\"WebPage\",\"@id\":\"https:\\\/\\\/www.meydan.tv\\\/az\\\/article\\\/abzasmedianin-emekdaslari-ev-dustaqligina-buraxilmadilar\\\/\",\"url\":\"https:\\\/\\\/www.meydan.tv\\\/az\\\/article\\\/abzasmedianin-emekdaslari-ev-dustaqligina-buraxilmadilar\\\/\",\"name\":\"\u201cAbzasMedia\u201dn\u0131n \u0259m\u0259kda\u015flar\u0131 ev dustaql\u0131\u011f\u0131na burax\u0131lmad\u0131lar - MEYDAN.TV\",\"isPartOf\":{\"@id\":\"https:\\\/\\\/www.meydan.tv\\\/az\\\/#website\"},\"primaryImageOfPage\":{\"@id\":\"https:\\\/\\\/www.meydan.tv\\\/az\\\/article\\\/abzasmedianin-emekdaslari-ev-dustaqligina-buraxilmadilar\\\/#primaryimage\"},\"image\":{\"@id\":\"https:\\\/\\\/www.meydan.tv\\\/az\\\/article\\\/abzasmedianin-emekdaslari-ev-dustaqligina-buraxilmadilar\\\/#primaryimage\"},\"thumbnailUrl\":\"https:\\\/\\\/www.meydan.tv\\\/wp-content\\\/uploads\\\/img_0641_720-2.jpg\",\"datePublished\":\"2024-07-03T13:15:34+00:00\",\"dateModified\":\"2024-07-03T14:40:11+00:00\",\"description\":\"Hakim S\u00fclhan\u0259 Hac\u0131yeva v\u0259sat\u0259tl\u0259ri t\u0259min etm\u0259yib - ad\u0131\u00e7\u0259kil\u0259n jurnalistl\u0259r bu d\u0259f\u0259 d\u0259 ev dustaql\u0131\u011f\u0131na burax\u0131lmay\u0131b.\",\"breadcrumb\":{\"@id\":\"https:\\\/\\\/www.meydan.tv\\\/az\\\/article\\\/abzasmedianin-emekdaslari-ev-dustaqligina-buraxilmadilar\\\/#breadcrumb\"},\"inLanguage\":\"az\",\"potentialAction\":[{\"@type\":\"ReadAction\",\"target\":[\"https:\\\/\\\/www.meydan.tv\\\/az\\\/article\\\/abzasmedianin-emekdaslari-ev-dustaqligina-buraxilmadilar\\\/\"]}]},{\"@type\":\"ImageObject\",\"inLanguage\":\"az\",\"@id\":\"https:\\\/\\\/www.meydan.tv\\\/az\\\/article\\\/abzasmedianin-emekdaslari-ev-dustaqligina-buraxilmadilar\\\/#primaryimage\",\"url\":\"https:\\\/\\\/www.meydan.tv\\\/wp-content\\\/uploads\\\/img_0641_720-2.jpg\",\"contentUrl\":\"https:\\\/\\\/www.meydan.tv\\\/wp-content\\\/uploads\\\/img_0641_720-2.jpg\",\"width\":720,\"height\":480,\"caption\":\"\u00dclvi H\u0259s\u0259nli v\u0259 Sevinc Vaqifq\u0131z\u0131. Foto: Meydan TV\"},{\"@type\":\"BreadcrumbList\",\"@id\":\"https:\\\/\\\/www.meydan.tv\\\/az\\\/article\\\/abzasmedianin-emekdaslari-ev-dustaqligina-buraxilmadilar\\\/#breadcrumb\",\"itemListElement\":[{\"@type\":\"ListItem\",\"position\":1,\"name\":\"Ana s\u0259hif\u0259\",\"item\":\"https:\\\/\\\/www.meydan.tv\\\/az\\\/\"},{\"@type\":\"ListItem\",\"position\":2,\"name\":\"Siyas\u0259t\",\"item\":\"https:\\\/\\\/www.meydan.tv\\\/az\\\/section\\\/siyaset\\\/\"},{\"@type\":\"ListItem\",\"position\":3,\"name\":\"\u201cAbzasMedia\u201dn\u0131n \u0259m\u0259kda\u015flar\u0131 ev dustaql\u0131\u011f\u0131na burax\u0131lmad\u0131lar\"}]},{\"@type\":\"WebSite\",\"@id\":\"https:\\\/\\\/www.meydan.tv\\\/az\\\/#website\",\"url\":\"https:\\\/\\\/www.meydan.tv\\\/az\\\/\",\"name\":\"MEYDAN.TV\",\"description\":\"Meydan TV Az\u0259rbaycan\u0131n media m\u0259kan\u0131ndak\u0131 alternativ s\u0259sidir\",\"publisher\":{\"@id\":\"https:\\\/\\\/www.meydan.tv\\\/az\\\/#organization\"},\"potentialAction\":[{\"@type\":\"SearchAction\",\"target\":{\"@type\":\"EntryPoint\",\"urlTemplate\":\"https:\\\/\\\/www.meydan.tv\\\/az\\\/?s={search_term_string}\"},\"query-input\":{\"@type\":\"PropertyValueSpecification\",\"valueRequired\":true,\"valueName\":\"search_term_string\"}}],\"inLanguage\":\"az\"},{\"@type\":\"Organization\",\"@id\":\"https:\\\/\\\/www.meydan.tv\\\/az\\\/#organization\",\"name\":\"Meydan TV\",\"url\":\"https:\\\/\\\/www.meydan.tv\\\/az\\\/\",\"logo\":{\"@type\":\"ImageObject\",\"inLanguage\":\"az\",\"@id\":\"https:\\\/\\\/www.meydan.tv\\\/az\\\/#\\\/schema\\\/logo\\\/image\\\/\",\"url\":\"https:\\\/\\\/www.meydan.tv\\\/wp-content\\\/uploads\\\/2021\\\/07\\\/meydan-logo.svg\",\"contentUrl\":\"https:\\\/\\\/www.meydan.tv\\\/wp-content\\\/uploads\\\/2021\\\/07\\\/meydan-logo.svg\",\"width\":195,\"height\":46,\"caption\":\"Meydan TV\"},\"image\":{\"@id\":\"https:\\\/\\\/www.meydan.tv\\\/az\\\/#\\\/schema\\\/logo\\\/image\\\/\"}},{\"@type\":\"Person\",\"@id\":\"https:\\\/\\\/www.meydan.tv\\\/az\\\/#\\\/schema\\\/person\\\/09863e516102a829e72bedcf3f84c6b0\",\"name\":\"mahmud\"}]}<\/script>\n<!-- \/ Yoast SEO plugin. -->","yoast_head_json":{"title":"\u201cAbzasMedia\u201dn\u0131n \u0259m\u0259kda\u015flar\u0131 ev dustaql\u0131\u011f\u0131na burax\u0131lmad\u0131lar - MEYDAN.TV","description":"Hakim S\u00fclhan\u0259 Hac\u0131yeva v\u0259sat\u0259tl\u0259ri t\u0259min etm\u0259yib - ad\u0131\u00e7\u0259kil\u0259n jurnalistl\u0259r bu d\u0259f\u0259 d\u0259 ev dustaql\u0131\u011f\u0131na burax\u0131lmay\u0131b.","robots":{"index":"index","follow":"follow","max-snippet":"max-snippet:-1","max-image-preview":"max-image-preview:large","max-video-preview":"max-video-preview:-1"},"canonical":"https:\/\/www.meydan.tv\/az\/article\/abzasmedianin-emekdaslari-ev-dustaqligina-buraxilmadilar\/","og_locale":"az_AZ","og_type":"article","og_title":"\u201cAbzasMedia\u201dn\u0131n \u0259m\u0259kda\u015flar\u0131 ev dustaql\u0131\u011f\u0131na burax\u0131lmad\u0131lar - MEYDAN.TV","og_description":"Hakim S\u00fclhan\u0259 Hac\u0131yeva v\u0259sat\u0259tl\u0259ri t\u0259min etm\u0259yib - ad\u0131\u00e7\u0259kil\u0259n jurnalistl\u0259r bu d\u0259f\u0259 d\u0259 ev dustaql\u0131\u011f\u0131na burax\u0131lmay\u0131b.","og_url":"https:\/\/www.meydan.tv\/az\/article\/abzasmedianin-emekdaslari-ev-dustaqligina-buraxilmadilar\/","og_site_name":"MEYDAN.TV","article_published_time":"2024-07-03T13:15:34+00:00","article_modified_time":"2024-07-03T14:40:11+00:00","og_image":[{"width":720,"height":480,"url":"https:\/\/www.meydan.tv\/wp-content\/uploads\/img_0641_720-2.jpg","type":"image\/jpeg"}],"author":"mahmud","twitter_card":"summary_large_image","schema":{"@context":"https:\/\/schema.org","@graph":[{"@type":"Article","@id":"https:\/\/www.meydan.tv\/az\/article\/abzasmedianin-emekdaslari-ev-dustaqligina-buraxilmadilar\/#article","isPartOf":{"@id":"https:\/\/www.meydan.tv\/az\/article\/abzasmedianin-emekdaslari-ev-dustaqligina-buraxilmadilar\/"},"author":{"name":"mahmud","@id":"https:\/\/www.meydan.tv\/az\/#\/schema\/person\/09863e516102a829e72bedcf3f84c6b0"},"headline":"\u201cAbzasMedia\u201dn\u0131n \u0259m\u0259kda\u015flar\u0131 ev dustaql\u0131\u011f\u0131na burax\u0131lmad\u0131lar","datePublished":"2024-07-03T13:15:34+00:00","dateModified":"2024-07-03T14:40:11+00:00","mainEntityOfPage":{"@id":"https:\/\/www.meydan.tv\/az\/article\/abzasmedianin-emekdaslari-ev-dustaqligina-buraxilmadilar\/"},"wordCount":672,"publisher":{"@id":"https:\/\/www.meydan.tv\/az\/#organization"},"image":{"@id":"https:\/\/www.meydan.tv\/az\/article\/abzasmedianin-emekdaslari-ev-dustaqligina-buraxilmadilar\/#primaryimage"},"thumbnailUrl":"https:\/\/www.meydan.tv\/wp-content\/uploads\/img_0641_720-2.jpg","articleSection":["Siyas\u0259t","T\u00f6vsiy\u0259","Video","X\u0259b\u0259rl\u0259r"],"inLanguage":"az"},{"@type":"WebPage","@id":"https:\/\/www.meydan.tv\/az\/article\/abzasmedianin-emekdaslari-ev-dustaqligina-buraxilmadilar\/","url":"https:\/\/www.meydan.tv\/az\/article\/abzasmedianin-emekdaslari-ev-dustaqligina-buraxilmadilar\/","name":"\u201cAbzasMedia\u201dn\u0131n \u0259m\u0259kda\u015flar\u0131 ev dustaql\u0131\u011f\u0131na burax\u0131lmad\u0131lar - MEYDAN.TV","isPartOf":{"@id":"https:\/\/www.meydan.tv\/az\/#website"},"primaryImageOfPage":{"@id":"https:\/\/www.meydan.tv\/az\/article\/abzasmedianin-emekdaslari-ev-dustaqligina-buraxilmadilar\/#primaryimage"},"image":{"@id":"https:\/\/www.meydan.tv\/az\/article\/abzasmedianin-emekdaslari-ev-dustaqligina-buraxilmadilar\/#primaryimage"},"thumbnailUrl":"https:\/\/www.meydan.tv\/wp-content\/uploads\/img_0641_720-2.jpg","datePublished":"2024-07-03T13:15:34+00:00","dateModified":"2024-07-03T14:40:11+00:00","description":"Hakim S\u00fclhan\u0259 Hac\u0131yeva v\u0259sat\u0259tl\u0259ri t\u0259min etm\u0259yib - ad\u0131\u00e7\u0259kil\u0259n jurnalistl\u0259r bu d\u0259f\u0259 d\u0259 ev dustaql\u0131\u011f\u0131na burax\u0131lmay\u0131b.","breadcrumb":{"@id":"https:\/\/www.meydan.tv\/az\/article\/abzasmedianin-emekdaslari-ev-dustaqligina-buraxilmadilar\/#breadcrumb"},"inLanguage":"az","potentialAction":[{"@type":"ReadAction","target":["https:\/\/www.meydan.tv\/az\/article\/abzasmedianin-emekdaslari-ev-dustaqligina-buraxilmadilar\/"]}]},{"@type":"ImageObject","inLanguage":"az","@id":"https:\/\/www.meydan.tv\/az\/article\/abzasmedianin-emekdaslari-ev-dustaqligina-buraxilmadilar\/#primaryimage","url":"https:\/\/www.meydan.tv\/wp-content\/uploads\/img_0641_720-2.jpg","contentUrl":"https:\/\/www.meydan.tv\/wp-content\/uploads\/img_0641_720-2.jpg","width":720,"height":480,"caption":"\u00dclvi H\u0259s\u0259nli v\u0259 Sevinc Vaqifq\u0131z\u0131. Foto: Meydan TV"},{"@type":"BreadcrumbList","@id":"https:\/\/www.meydan.tv\/az\/article\/abzasmedianin-emekdaslari-ev-dustaqligina-buraxilmadilar\/#breadcrumb","itemListElement":[{"@type":"ListItem","position":1,"name":"Ana s\u0259hif\u0259","item":"https:\/\/www.meydan.tv\/az\/"},{"@type":"ListItem","position":2,"name":"Siyas\u0259t","item":"https:\/\/www.meydan.tv\/az\/section\/siyaset\/"},{"@type":"ListItem","position":3,"name":"\u201cAbzasMedia\u201dn\u0131n \u0259m\u0259kda\u015flar\u0131 ev dustaql\u0131\u011f\u0131na burax\u0131lmad\u0131lar"}]},{"@type":"WebSite","@id":"https:\/\/www.meydan.tv\/az\/#website","url":"https:\/\/www.meydan.tv\/az\/","name":"MEYDAN.TV","description":"Meydan TV Az\u0259rbaycan\u0131n media m\u0259kan\u0131ndak\u0131 alternativ s\u0259sidir","publisher":{"@id":"https:\/\/www.meydan.tv\/az\/#organization"},"potentialAction":[{"@type":"SearchAction","target":{"@type":"EntryPoint","urlTemplate":"https:\/\/www.meydan.tv\/az\/?s={search_term_string}"},"query-input":{"@type":"PropertyValueSpecification","valueRequired":true,"valueName":"search_term_string"}}],"inLanguage":"az"},{"@type":"Organization","@id":"https:\/\/www.meydan.tv\/az\/#organization","name":"Meydan TV","url":"https:\/\/www.meydan.tv\/az\/","logo":{"@type":"ImageObject","inLanguage":"az","@id":"https:\/\/www.meydan.tv\/az\/#\/schema\/logo\/image\/","url":"https:\/\/www.meydan.tv\/wp-content\/uploads\/2021\/07\/meydan-logo.svg","contentUrl":"https:\/\/www.meydan.tv\/wp-content\/uploads\/2021\/07\/meydan-logo.svg","width":195,"height":46,"caption":"Meydan TV"},"image":{"@id":"https:\/\/www.meydan.tv\/az\/#\/schema\/logo\/image\/"}},{"@type":"Person","@id":"https:\/\/www.meydan.tv\/az\/#\/schema\/person\/09863e516102a829e72bedcf3f84c6b0","name":"mahmud"}]}},"_links":{"self":[{"href":"https:\/\/www.meydan.tv\/az\/wp-json\/wp\/v2\/posts\/309623","targetHints":{"allow":["GET"]}}],"collection":[{"href":"https:\/\/www.meydan.tv\/az\/wp-json\/wp\/v2\/posts"}],"about":[{"href":"https:\/\/www.meydan.tv\/az\/wp-json\/wp\/v2\/types\/post"}],"author":[{"embeddable":true,"href":"https:\/\/www.meydan.tv\/az\/wp-json\/wp\/v2\/users\/21"}],"replies":[{"embeddable":true,"href":"https:\/\/www.meydan.tv\/az\/wp-json\/wp\/v2\/comments?post=309623"}],"version-history":[{"count":2,"href":"https:\/\/www.meydan.tv\/az\/wp-json\/wp\/v2\/posts\/309623\/revisions"}],"predecessor-version":[{"id":309633,"href":"https:\/\/www.meydan.tv\/az\/wp-json\/wp\/v2\/posts\/309623\/revisions\/309633"}],"wp:featuredmedia":[{"embeddable":true,"href":"https:\/\/www.meydan.tv\/az\/wp-json\/wp\/v2\/media\/292231"}],"wp:attachment":[{"href":"https:\/\/www.meydan.tv\/az\/wp-json\/wp\/v2\/media?parent=309623"}],"wp:term":[{"taxonomy":"category","embeddable":true,"href":"https:\/\/www.meydan.tv\/az\/wp-json\/wp\/v2\/categories?post=309623"},{"taxonomy":"post_tag","embeddable":true,"href":"https:\/\/www.meydan.tv\/az\/wp-json\/wp\/v2\/tags?post=309623"}],"curies":[{"name":"wp","href":"https:\/\/api.w.org\/{rel}","templated":true}]}}