{"id":309602,"date":"2024-07-03T15:45:36","date_gmt":"2024-07-03T11:45:36","guid":{"rendered":"https:\/\/www.meydan.tv\/?p=309602"},"modified":"2024-07-03T15:45:38","modified_gmt":"2024-07-03T11:45:38","slug":"cpt-azerbaycanla-bagli-beyanat-verib","status":"publish","type":"post","link":"https:\/\/www.meydan.tv\/az\/article\/cpt-azerbaycanla-bagli-beyanat-verib\/","title":{"rendered":"Avropa \u015euras\u0131n\u0131n \u0130\u015fg\u0259nc\u0259l\u0259r\u0259 qar\u015f\u0131 Komit\u0259si Az\u0259rbaycanla ba\u011fl\u0131 b\u0259yanat verib"},"content":{"rendered":"\n<p><\/p>\n\n\n\n<p><em><strong>\u201cBiziml\u0259 \u0259m\u0259kda\u015fl\u0131q etmirl\u0259r\u201d<\/strong><\/em><\/p>\n\n\n\n<p>Avropa \u015euras\u0131n\u0131n \u0130\u015fg\u0259nc\u0259l\u0259r\u0259 qar\u015f\u0131 Komit\u0259si (CPT) Az\u0259rbaycanla ba\u011fl\u0131 <a href=\"https:\/\/www.coe.int\/en\/web\/portal\/-\/anti-torture-committee-cpt-issues-public-statement-on-azerbaijan#:~:text=The%20CPT%20stands%20ready%20to,Azerbaijani%20authorities%20to%20this%20end.\" target=\"_blank\" rel=\"noreferrer noopener\">b\u0259yanat<\/a> yay\u0131b.<\/p>\n\n\n\n<p>B\u0259yanatda bildirilir ki, Az\u0259rbaycan hakimiyy\u0259ti CPT il\u0259 daimi \u0259m\u0259kda\u015fl\u0131q etmir. El\u0259 b\u0259yanata s\u0259b\u0259b d\u0259 budur:<\/p>\n\n\n\n<p><em>\u201cKomit\u0259 \u00f6z m\u00f6vcudiyy\u0259tinin \u0259sas\u0131nda duran m\u0259s\u0259l\u0259l\u0259rin h\u0259llind\u0259n \u00f6tr\u00fc Az\u0259rbaycan hakimiyy\u0259ti il\u0259 konstruktiv dialoq \u00fc\u00e7\u00fcn ger\u00e7\u0259k s\u0259yl\u0259r g\u00f6st\u0259rib. Lakin CPT s\u0259f\u0259rl\u0259rin\u0259 dair hesabatlar\u0131nda polis \u0259m\u0259kda\u015flar\u0131n\u0131n yol verdiyi pis r\u0259ftar, i\u015fg\u0259nc\u0259 h\u0259r\u0259k\u0259tl\u0259rin\u0259 dair iddialar\u0131 detall\u0131 g\u00f6st\u0259rib. Ancaq Az\u0259rbaycan\u0131n Daxili \u0130\u015fl\u0259r Nazirliyi bu t\u0259cr\u00fcb\u0259y\u0259 son qoymaqdan \u00f6tr\u00fc Komit\u0259nin \u00e7oxdan ir\u0259li s\u00fcrd\u00fcy\u00fc t\u00f6vsiy\u0259l\u0259ri yerin\u0259 yetirm\u0259k istiqam\u0259tind\u0259 h\u0259r hans\u0131 add\u0131m atm\u0131r&#8221;<\/em>, &#8211; b\u0259yanatda deyilir.<\/p>\n\n\n\n<p>Bundan \u0259lav\u0259, Komit\u0259 \u00f6z prezidentinin Bak\u0131da y\u00fcks\u0259k s\u0259viyy\u0259li dan\u0131\u015f\u0131qlar aparmaq yolu il\u0259 dialoqu t\u0259\u015fviq etm\u0259k v\u0259 h\u0259tta Az\u0259rbaycan hakimiyy\u0259tin\u0259 s\u0259f\u0259r bar\u0259d\u0259 bildiri\u015find\u0259n sonra m\u0259ktublar\u0131na he\u00e7 bir cavab almad\u0131\u011f\u0131n\u0131 vur\u011fulay\u0131b.<\/p>\n\n\n\n<p><em>\u201cBu, Konvensiyan\u0131n fundamental v\u0259 misli g\u00f6r\u00fcnm\u0259mi\u015f pozulmas\u0131 dem\u0259kdir\u201d.<\/em><\/p>\n\n\n\n<p>H\u0259m\u00e7inin h\u0259bsd\u0259 olan \u015f\u0259xsl\u0259rl\u0259 h\u00fcquq-m\u00fchafiz\u0259 orqanlar\u0131n\u0131n \u0259m\u0259kda\u015flar\u0131 t\u0259r\u0259find\u0259n pis r\u0259ftar v\u0259 h\u0259tta i\u015fg\u0259nc\u0259l\u0259r\u0259 m\u0259ruz qalmas\u0131 il\u0259 ba\u011fl\u0131 m\u0259s\u0259l\u0259l\u0259rin ciddiliyini n\u0259z\u0259r\u0259 alaraq, CPT 2022-ci ild\u0259 Az\u0259rbaycana x\u00fcsusi s\u0259f\u0259rl\u0259 ba\u011fl\u0131 hesabat\u0131 ictimai b\u0259yanata \u0259lav\u0259 olaraq d\u0259rc etm\u0259yi q\u0259rara al\u0131b.<\/p>\n\n\n\n<p>\u0130ctimai b\u0259yanatda ayd\u0131n oldu\u011fu kimi, Komit\u0259 \u00fcmid edir ki, \u0259m\u0259kda\u015fl\u0131\u011f\u0131n olmamas\u0131 Az\u0259rbaycan hakimiyy\u0259ti il\u0259 m\u00fcnasib\u0259tl\u0259rin daimi pozulmas\u0131na g\u0259tirib \u00e7\u0131xarmayacaq.<\/p>\n\n\n\n<p>CPT sonda bildirir ki, Az\u0259rbaycan\u0131n Avropa \u015euras\u0131n\u0131n \u00fczv\u00fc kimi qo\u015fuldu\u011fu fundamental d\u0259y\u0259rl\u0259rini qorumaq \u00fc\u00e7\u00fcn q\u0259tiyy\u0259tli add\u0131mlar atmaq \u00fc\u00e7\u00fcn hakimiyy\u0259ti d\u0259st\u0259kl\u0259m\u0259y\u0259 haz\u0131rd\u0131r.<\/p>\n\n\n\n<p><em>\u201cKomit\u0259 \u00f6z mandat\u0131na uy\u011fun olaraq bu m\u0259qs\u0259dl\u0259 Az\u0259rbaycan hakimiyy\u0259ti il\u0259 dialoq aparma\u011fa tam sadiqdir\u201d<\/em>.<\/p>\n\n\n\n<p>Az\u0259rbaycan hakimiyy\u0259ti bu b\u0259yanata m\u00fcnasib\u0259t bildirm\u0259yib. Lakin indiy\u0259d\u0259k beyn\u0259lxalq t\u0259\u015fkilatlar\u0131n b\u0259yanatlar\u0131nda deyil\u0259nl\u0259r t\u0259kzib edilib. Az\u0259rbaycanda siyasi m\u0259hbus olmad\u0131\u011f\u0131, m\u0259hbuslar\u0131n pis r\u0259ftara m\u0259ruz qalmad\u0131\u011f\u0131 bildirilib.<\/p>\n","protected":false},"excerpt":{"rendered":"<p>\u201cBiziml\u0259 \u0259m\u0259kda\u015fl\u0131q etmirl\u0259r\u201d Avropa \u015euras\u0131n\u0131n \u0130\u015fg\u0259nc\u0259l\u0259r\u0259 qar\u015f\u0131 Komit\u0259si (CPT) Az\u0259rbaycanla &#8230; <\/p>\n<p class=\"read-more-container\"><a title=\"Avropa \u015euras\u0131n\u0131n \u0130\u015fg\u0259nc\u0259l\u0259r\u0259 qar\u015f\u0131 Komit\u0259si Az\u0259rbaycanla ba\u011fl\u0131 b\u0259yanat verib\" class=\"read-more button\" href=\"https:\/\/www.meydan.tv\/az\/article\/cpt-azerbaycanla-bagli-beyanat-verib\/#more-309602\" aria-label=\"Read more about Avropa \u015euras\u0131n\u0131n \u0130\u015fg\u0259nc\u0259l\u0259r\u0259 qar\u015f\u0131 Komit\u0259si Az\u0259rbaycanla ba\u011fl\u0131 b\u0259yanat verib\">Davam\u0131<\/a><\/p>\n","protected":false},"author":21,"featured_media":133986,"comment_status":"closed","ping_status":"closed","sticky":false,"template":"","format":"standard","meta":{"_acf_changed":false,"_sitemap_exclude":false,"_sitemap_priority":"","_sitemap_frequency":"","footnotes":""},"categories":[59,79,56],"tags":[],"class_list":["post-309602","post","type-post","status-publish","format-standard","has-post-thumbnail","hentry","category-siyaset","category-featured","category-xeberler","infinite-scroll-item","generate-columns","tablet-grid-50","mobile-grid-100","grid-parent","grid-33","no-featured-image-padding"],"acf":[],"yoast_head":"<!-- This site is optimized with the Yoast SEO plugin v27.4 - https:\/\/yoast.com\/product\/yoast-seo-wordpress\/ -->\n<title>CPT Az\u0259rbaycanla ba\u011fl\u0131 b\u0259yanat verib<\/title>\n<meta name=\"description\" content=\"Avropa \u015euras\u0131n\u0131n \u0130\u015fg\u0259nc\u0259l\u0259r\u0259 qar\u015f\u0131 Komit\u0259sinin (CPT) Az\u0259rbaycanla ba\u011fl\u0131 b\u0259yanat\u0131nda bildirilir ki, Az\u0259rbaycan hakimiyy\u0259ti CPT il\u0259 \u0259m\u0259kda\u015fl\u0131q etmir.\" \/>\n<meta name=\"robots\" content=\"index, follow, max-snippet:-1, max-image-preview:large, max-video-preview:-1\" \/>\n<link rel=\"canonical\" href=\"https:\/\/www.meydan.tv\/az\/article\/cpt-azerbaycanla-bagli-beyanat-verib\/\" \/>\n<meta property=\"og:locale\" content=\"az_AZ\" \/>\n<meta property=\"og:type\" content=\"article\" \/>\n<meta property=\"og:title\" content=\"CPT Az\u0259rbaycanla ba\u011fl\u0131 b\u0259yanat verib\" \/>\n<meta property=\"og:description\" content=\"Avropa \u015euras\u0131n\u0131n \u0130\u015fg\u0259nc\u0259l\u0259r\u0259 qar\u015f\u0131 Komit\u0259sinin (CPT) Az\u0259rbaycanla ba\u011fl\u0131 b\u0259yanat\u0131nda bildirilir ki, Az\u0259rbaycan hakimiyy\u0259ti CPT il\u0259 \u0259m\u0259kda\u015fl\u0131q etmir.\" \/>\n<meta property=\"og:url\" content=\"https:\/\/www.meydan.tv\/az\/article\/cpt-azerbaycanla-bagli-beyanat-verib\/\" \/>\n<meta property=\"og:site_name\" content=\"MEYDAN.TV\" \/>\n<meta property=\"article:published_time\" content=\"2024-07-03T11:45:36+00:00\" \/>\n<meta property=\"article:modified_time\" content=\"2024-07-03T11:45:38+00:00\" \/>\n<meta property=\"og:image\" content=\"https:\/\/www.meydan.tv\/wp-content\/uploads\/image_from_ios_mbye9mk-scaled.jpg\" \/>\n\t<meta property=\"og:image:width\" content=\"2560\" \/>\n\t<meta property=\"og:image:height\" content=\"1707\" \/>\n\t<meta property=\"og:image:type\" content=\"image\/jpeg\" \/>\n<meta name=\"author\" content=\"mahmud\" \/>\n<meta name=\"twitter:card\" content=\"summary_large_image\" \/>\n<script type=\"application\/ld+json\" class=\"yoast-schema-graph\">{\"@context\":\"https:\\\/\\\/schema.org\",\"@graph\":[{\"@type\":\"Article\",\"@id\":\"https:\\\/\\\/www.meydan.tv\\\/az\\\/article\\\/cpt-azerbaycanla-bagli-beyanat-verib\\\/#article\",\"isPartOf\":{\"@id\":\"https:\\\/\\\/www.meydan.tv\\\/az\\\/article\\\/cpt-azerbaycanla-bagli-beyanat-verib\\\/\"},\"author\":{\"name\":\"mahmud\",\"@id\":\"https:\\\/\\\/www.meydan.tv\\\/az\\\/#\\\/schema\\\/person\\\/09863e516102a829e72bedcf3f84c6b0\"},\"headline\":\"Avropa \u015euras\u0131n\u0131n \u0130\u015fg\u0259nc\u0259l\u0259r\u0259 qar\u015f\u0131 Komit\u0259si Az\u0259rbaycanla ba\u011fl\u0131 b\u0259yanat verib\",\"datePublished\":\"2024-07-03T11:45:36+00:00\",\"dateModified\":\"2024-07-03T11:45:38+00:00\",\"mainEntityOfPage\":{\"@id\":\"https:\\\/\\\/www.meydan.tv\\\/az\\\/article\\\/cpt-azerbaycanla-bagli-beyanat-verib\\\/\"},\"wordCount\":456,\"publisher\":{\"@id\":\"https:\\\/\\\/www.meydan.tv\\\/az\\\/#organization\"},\"image\":{\"@id\":\"https:\\\/\\\/www.meydan.tv\\\/az\\\/article\\\/cpt-azerbaycanla-bagli-beyanat-verib\\\/#primaryimage\"},\"thumbnailUrl\":\"https:\\\/\\\/www.meydan.tv\\\/wp-content\\\/uploads\\\/image_from_ios_mbye9mk-scaled.jpg\",\"articleSection\":[\"Siyas\u0259t\",\"T\u00f6vsiy\u0259\",\"X\u0259b\u0259rl\u0259r\"],\"inLanguage\":\"az\"},{\"@type\":\"WebPage\",\"@id\":\"https:\\\/\\\/www.meydan.tv\\\/az\\\/article\\\/cpt-azerbaycanla-bagli-beyanat-verib\\\/\",\"url\":\"https:\\\/\\\/www.meydan.tv\\\/az\\\/article\\\/cpt-azerbaycanla-bagli-beyanat-verib\\\/\",\"name\":\"CPT Az\u0259rbaycanla ba\u011fl\u0131 b\u0259yanat verib\",\"isPartOf\":{\"@id\":\"https:\\\/\\\/www.meydan.tv\\\/az\\\/#website\"},\"primaryImageOfPage\":{\"@id\":\"https:\\\/\\\/www.meydan.tv\\\/az\\\/article\\\/cpt-azerbaycanla-bagli-beyanat-verib\\\/#primaryimage\"},\"image\":{\"@id\":\"https:\\\/\\\/www.meydan.tv\\\/az\\\/article\\\/cpt-azerbaycanla-bagli-beyanat-verib\\\/#primaryimage\"},\"thumbnailUrl\":\"https:\\\/\\\/www.meydan.tv\\\/wp-content\\\/uploads\\\/image_from_ios_mbye9mk-scaled.jpg\",\"datePublished\":\"2024-07-03T11:45:36+00:00\",\"dateModified\":\"2024-07-03T11:45:38+00:00\",\"description\":\"Avropa \u015euras\u0131n\u0131n \u0130\u015fg\u0259nc\u0259l\u0259r\u0259 qar\u015f\u0131 Komit\u0259sinin (CPT) Az\u0259rbaycanla ba\u011fl\u0131 b\u0259yanat\u0131nda bildirilir ki, Az\u0259rbaycan hakimiyy\u0259ti CPT il\u0259 \u0259m\u0259kda\u015fl\u0131q etmir.\",\"breadcrumb\":{\"@id\":\"https:\\\/\\\/www.meydan.tv\\\/az\\\/article\\\/cpt-azerbaycanla-bagli-beyanat-verib\\\/#breadcrumb\"},\"inLanguage\":\"az\",\"potentialAction\":[{\"@type\":\"ReadAction\",\"target\":[\"https:\\\/\\\/www.meydan.tv\\\/az\\\/article\\\/cpt-azerbaycanla-bagli-beyanat-verib\\\/\"]}]},{\"@type\":\"ImageObject\",\"inLanguage\":\"az\",\"@id\":\"https:\\\/\\\/www.meydan.tv\\\/az\\\/article\\\/cpt-azerbaycanla-bagli-beyanat-verib\\\/#primaryimage\",\"url\":\"https:\\\/\\\/www.meydan.tv\\\/wp-content\\\/uploads\\\/image_from_ios_mbye9mk-scaled.jpg\",\"contentUrl\":\"https:\\\/\\\/www.meydan.tv\\\/wp-content\\\/uploads\\\/image_from_ios_mbye9mk-scaled.jpg\",\"width\":2560,\"height\":1707,\"caption\":\"Foto: Meydan TV\"},{\"@type\":\"BreadcrumbList\",\"@id\":\"https:\\\/\\\/www.meydan.tv\\\/az\\\/article\\\/cpt-azerbaycanla-bagli-beyanat-verib\\\/#breadcrumb\",\"itemListElement\":[{\"@type\":\"ListItem\",\"position\":1,\"name\":\"Ana s\u0259hif\u0259\",\"item\":\"https:\\\/\\\/www.meydan.tv\\\/az\\\/\"},{\"@type\":\"ListItem\",\"position\":2,\"name\":\"Siyas\u0259t\",\"item\":\"https:\\\/\\\/www.meydan.tv\\\/az\\\/section\\\/siyaset\\\/\"},{\"@type\":\"ListItem\",\"position\":3,\"name\":\"Avropa \u015euras\u0131n\u0131n \u0130\u015fg\u0259nc\u0259l\u0259r\u0259 qar\u015f\u0131 Komit\u0259si Az\u0259rbaycanla ba\u011fl\u0131 b\u0259yanat verib\"}]},{\"@type\":\"WebSite\",\"@id\":\"https:\\\/\\\/www.meydan.tv\\\/az\\\/#website\",\"url\":\"https:\\\/\\\/www.meydan.tv\\\/az\\\/\",\"name\":\"MEYDAN.TV\",\"description\":\"Meydan TV Az\u0259rbaycan\u0131n media m\u0259kan\u0131ndak\u0131 alternativ s\u0259sidir\",\"publisher\":{\"@id\":\"https:\\\/\\\/www.meydan.tv\\\/az\\\/#organization\"},\"potentialAction\":[{\"@type\":\"SearchAction\",\"target\":{\"@type\":\"EntryPoint\",\"urlTemplate\":\"https:\\\/\\\/www.meydan.tv\\\/az\\\/?s={search_term_string}\"},\"query-input\":{\"@type\":\"PropertyValueSpecification\",\"valueRequired\":true,\"valueName\":\"search_term_string\"}}],\"inLanguage\":\"az\"},{\"@type\":\"Organization\",\"@id\":\"https:\\\/\\\/www.meydan.tv\\\/az\\\/#organization\",\"name\":\"Meydan TV\",\"url\":\"https:\\\/\\\/www.meydan.tv\\\/az\\\/\",\"logo\":{\"@type\":\"ImageObject\",\"inLanguage\":\"az\",\"@id\":\"https:\\\/\\\/www.meydan.tv\\\/az\\\/#\\\/schema\\\/logo\\\/image\\\/\",\"url\":\"https:\\\/\\\/www.meydan.tv\\\/wp-content\\\/uploads\\\/2021\\\/07\\\/meydan-logo.svg\",\"contentUrl\":\"https:\\\/\\\/www.meydan.tv\\\/wp-content\\\/uploads\\\/2021\\\/07\\\/meydan-logo.svg\",\"width\":195,\"height\":46,\"caption\":\"Meydan TV\"},\"image\":{\"@id\":\"https:\\\/\\\/www.meydan.tv\\\/az\\\/#\\\/schema\\\/logo\\\/image\\\/\"}},{\"@type\":\"Person\",\"@id\":\"https:\\\/\\\/www.meydan.tv\\\/az\\\/#\\\/schema\\\/person\\\/09863e516102a829e72bedcf3f84c6b0\",\"name\":\"mahmud\"}]}<\/script>\n<!-- \/ Yoast SEO plugin. -->","yoast_head_json":{"title":"CPT Az\u0259rbaycanla ba\u011fl\u0131 b\u0259yanat verib","description":"Avropa \u015euras\u0131n\u0131n \u0130\u015fg\u0259nc\u0259l\u0259r\u0259 qar\u015f\u0131 Komit\u0259sinin (CPT) Az\u0259rbaycanla ba\u011fl\u0131 b\u0259yanat\u0131nda bildirilir ki, Az\u0259rbaycan hakimiyy\u0259ti CPT il\u0259 \u0259m\u0259kda\u015fl\u0131q etmir.","robots":{"index":"index","follow":"follow","max-snippet":"max-snippet:-1","max-image-preview":"max-image-preview:large","max-video-preview":"max-video-preview:-1"},"canonical":"https:\/\/www.meydan.tv\/az\/article\/cpt-azerbaycanla-bagli-beyanat-verib\/","og_locale":"az_AZ","og_type":"article","og_title":"CPT Az\u0259rbaycanla ba\u011fl\u0131 b\u0259yanat verib","og_description":"Avropa \u015euras\u0131n\u0131n \u0130\u015fg\u0259nc\u0259l\u0259r\u0259 qar\u015f\u0131 Komit\u0259sinin (CPT) Az\u0259rbaycanla ba\u011fl\u0131 b\u0259yanat\u0131nda bildirilir ki, Az\u0259rbaycan hakimiyy\u0259ti CPT il\u0259 \u0259m\u0259kda\u015fl\u0131q etmir.","og_url":"https:\/\/www.meydan.tv\/az\/article\/cpt-azerbaycanla-bagli-beyanat-verib\/","og_site_name":"MEYDAN.TV","article_published_time":"2024-07-03T11:45:36+00:00","article_modified_time":"2024-07-03T11:45:38+00:00","og_image":[{"width":2560,"height":1707,"url":"https:\/\/www.meydan.tv\/wp-content\/uploads\/image_from_ios_mbye9mk-scaled.jpg","type":"image\/jpeg"}],"author":"mahmud","twitter_card":"summary_large_image","schema":{"@context":"https:\/\/schema.org","@graph":[{"@type":"Article","@id":"https:\/\/www.meydan.tv\/az\/article\/cpt-azerbaycanla-bagli-beyanat-verib\/#article","isPartOf":{"@id":"https:\/\/www.meydan.tv\/az\/article\/cpt-azerbaycanla-bagli-beyanat-verib\/"},"author":{"name":"mahmud","@id":"https:\/\/www.meydan.tv\/az\/#\/schema\/person\/09863e516102a829e72bedcf3f84c6b0"},"headline":"Avropa \u015euras\u0131n\u0131n \u0130\u015fg\u0259nc\u0259l\u0259r\u0259 qar\u015f\u0131 Komit\u0259si Az\u0259rbaycanla ba\u011fl\u0131 b\u0259yanat verib","datePublished":"2024-07-03T11:45:36+00:00","dateModified":"2024-07-03T11:45:38+00:00","mainEntityOfPage":{"@id":"https:\/\/www.meydan.tv\/az\/article\/cpt-azerbaycanla-bagli-beyanat-verib\/"},"wordCount":456,"publisher":{"@id":"https:\/\/www.meydan.tv\/az\/#organization"},"image":{"@id":"https:\/\/www.meydan.tv\/az\/article\/cpt-azerbaycanla-bagli-beyanat-verib\/#primaryimage"},"thumbnailUrl":"https:\/\/www.meydan.tv\/wp-content\/uploads\/image_from_ios_mbye9mk-scaled.jpg","articleSection":["Siyas\u0259t","T\u00f6vsiy\u0259","X\u0259b\u0259rl\u0259r"],"inLanguage":"az"},{"@type":"WebPage","@id":"https:\/\/www.meydan.tv\/az\/article\/cpt-azerbaycanla-bagli-beyanat-verib\/","url":"https:\/\/www.meydan.tv\/az\/article\/cpt-azerbaycanla-bagli-beyanat-verib\/","name":"CPT Az\u0259rbaycanla ba\u011fl\u0131 b\u0259yanat verib","isPartOf":{"@id":"https:\/\/www.meydan.tv\/az\/#website"},"primaryImageOfPage":{"@id":"https:\/\/www.meydan.tv\/az\/article\/cpt-azerbaycanla-bagli-beyanat-verib\/#primaryimage"},"image":{"@id":"https:\/\/www.meydan.tv\/az\/article\/cpt-azerbaycanla-bagli-beyanat-verib\/#primaryimage"},"thumbnailUrl":"https:\/\/www.meydan.tv\/wp-content\/uploads\/image_from_ios_mbye9mk-scaled.jpg","datePublished":"2024-07-03T11:45:36+00:00","dateModified":"2024-07-03T11:45:38+00:00","description":"Avropa \u015euras\u0131n\u0131n \u0130\u015fg\u0259nc\u0259l\u0259r\u0259 qar\u015f\u0131 Komit\u0259sinin (CPT) Az\u0259rbaycanla ba\u011fl\u0131 b\u0259yanat\u0131nda bildirilir ki, Az\u0259rbaycan hakimiyy\u0259ti CPT il\u0259 \u0259m\u0259kda\u015fl\u0131q etmir.","breadcrumb":{"@id":"https:\/\/www.meydan.tv\/az\/article\/cpt-azerbaycanla-bagli-beyanat-verib\/#breadcrumb"},"inLanguage":"az","potentialAction":[{"@type":"ReadAction","target":["https:\/\/www.meydan.tv\/az\/article\/cpt-azerbaycanla-bagli-beyanat-verib\/"]}]},{"@type":"ImageObject","inLanguage":"az","@id":"https:\/\/www.meydan.tv\/az\/article\/cpt-azerbaycanla-bagli-beyanat-verib\/#primaryimage","url":"https:\/\/www.meydan.tv\/wp-content\/uploads\/image_from_ios_mbye9mk-scaled.jpg","contentUrl":"https:\/\/www.meydan.tv\/wp-content\/uploads\/image_from_ios_mbye9mk-scaled.jpg","width":2560,"height":1707,"caption":"Foto: Meydan TV"},{"@type":"BreadcrumbList","@id":"https:\/\/www.meydan.tv\/az\/article\/cpt-azerbaycanla-bagli-beyanat-verib\/#breadcrumb","itemListElement":[{"@type":"ListItem","position":1,"name":"Ana s\u0259hif\u0259","item":"https:\/\/www.meydan.tv\/az\/"},{"@type":"ListItem","position":2,"name":"Siyas\u0259t","item":"https:\/\/www.meydan.tv\/az\/section\/siyaset\/"},{"@type":"ListItem","position":3,"name":"Avropa \u015euras\u0131n\u0131n \u0130\u015fg\u0259nc\u0259l\u0259r\u0259 qar\u015f\u0131 Komit\u0259si Az\u0259rbaycanla ba\u011fl\u0131 b\u0259yanat verib"}]},{"@type":"WebSite","@id":"https:\/\/www.meydan.tv\/az\/#website","url":"https:\/\/www.meydan.tv\/az\/","name":"MEYDAN.TV","description":"Meydan TV Az\u0259rbaycan\u0131n media m\u0259kan\u0131ndak\u0131 alternativ s\u0259sidir","publisher":{"@id":"https:\/\/www.meydan.tv\/az\/#organization"},"potentialAction":[{"@type":"SearchAction","target":{"@type":"EntryPoint","urlTemplate":"https:\/\/www.meydan.tv\/az\/?s={search_term_string}"},"query-input":{"@type":"PropertyValueSpecification","valueRequired":true,"valueName":"search_term_string"}}],"inLanguage":"az"},{"@type":"Organization","@id":"https:\/\/www.meydan.tv\/az\/#organization","name":"Meydan TV","url":"https:\/\/www.meydan.tv\/az\/","logo":{"@type":"ImageObject","inLanguage":"az","@id":"https:\/\/www.meydan.tv\/az\/#\/schema\/logo\/image\/","url":"https:\/\/www.meydan.tv\/wp-content\/uploads\/2021\/07\/meydan-logo.svg","contentUrl":"https:\/\/www.meydan.tv\/wp-content\/uploads\/2021\/07\/meydan-logo.svg","width":195,"height":46,"caption":"Meydan TV"},"image":{"@id":"https:\/\/www.meydan.tv\/az\/#\/schema\/logo\/image\/"}},{"@type":"Person","@id":"https:\/\/www.meydan.tv\/az\/#\/schema\/person\/09863e516102a829e72bedcf3f84c6b0","name":"mahmud"}]}},"_links":{"self":[{"href":"https:\/\/www.meydan.tv\/az\/wp-json\/wp\/v2\/posts\/309602","targetHints":{"allow":["GET"]}}],"collection":[{"href":"https:\/\/www.meydan.tv\/az\/wp-json\/wp\/v2\/posts"}],"about":[{"href":"https:\/\/www.meydan.tv\/az\/wp-json\/wp\/v2\/types\/post"}],"author":[{"embeddable":true,"href":"https:\/\/www.meydan.tv\/az\/wp-json\/wp\/v2\/users\/21"}],"replies":[{"embeddable":true,"href":"https:\/\/www.meydan.tv\/az\/wp-json\/wp\/v2\/comments?post=309602"}],"version-history":[{"count":2,"href":"https:\/\/www.meydan.tv\/az\/wp-json\/wp\/v2\/posts\/309602\/revisions"}],"predecessor-version":[{"id":309605,"href":"https:\/\/www.meydan.tv\/az\/wp-json\/wp\/v2\/posts\/309602\/revisions\/309605"}],"wp:featuredmedia":[{"embeddable":true,"href":"https:\/\/www.meydan.tv\/az\/wp-json\/wp\/v2\/media\/133986"}],"wp:attachment":[{"href":"https:\/\/www.meydan.tv\/az\/wp-json\/wp\/v2\/media?parent=309602"}],"wp:term":[{"taxonomy":"category","embeddable":true,"href":"https:\/\/www.meydan.tv\/az\/wp-json\/wp\/v2\/categories?post=309602"},{"taxonomy":"post_tag","embeddable":true,"href":"https:\/\/www.meydan.tv\/az\/wp-json\/wp\/v2\/tags?post=309602"}],"curies":[{"name":"wp","href":"https:\/\/api.w.org\/{rel}","templated":true}]}}