{"id":309598,"date":"2024-07-03T15:14:08","date_gmt":"2024-07-03T11:14:08","guid":{"rendered":"https:\/\/www.meydan.tv\/?p=309598"},"modified":"2024-07-03T15:14:10","modified_gmt":"2024-07-03T11:14:10","slug":"qarabagda-tedqiqat-adiyla-kulli-miqdarda-yeyinti-zeyneb-xanlarovanin-qudasinin-adi-hallanan-is","status":"publish","type":"post","link":"https:\/\/www.meydan.tv\/az\/article\/qarabagda-tedqiqat-adiyla-kulli-miqdarda-yeyinti-zeyneb-xanlarovanin-qudasinin-adi-hallanan-is\/","title":{"rendered":"Qaraba\u011fda t\u0259dqiqat ad\u0131yla k\u00fclli miqdarda yeyinti: Zeyn\u0259b Xanlarovan\u0131n qudas\u0131n\u0131n ad\u0131 hallanan i\u015f"},"content":{"rendered":"\n<p><\/p>\n\n\n\n<p><strong><em>M\u0259hk\u0259m\u0259 cinay\u0259t i\u015find\u0259 ad\u0131 ke\u00e7\u0259n \u015f\u0259xsl\u0259rl\u0259 ba\u011fl\u0131 q\u0259rar verib<\/em><\/strong><\/p>\n\n\n\n<p>Az\u0259rbaycan Milli Elml\u0259r Akademiyas\u0131n\u0131n Arxeologiya, Etnoqrafiya v\u0259 Antropologiya \u0130nstitutunda Qaraba\u011fda t\u0259dqiqat ad\u0131 alt\u0131nda 92 min 700 manatl\u0131q yeyinti il\u0259 ba\u011fl\u0131 m\u0259hk\u0259m\u0259 ara\u015fd\u0131rmalar\u0131 ba\u015fa \u00e7at\u0131b.<\/p>\n\n\n\n<p>\u0130yulun 3-d\u0259 Bak\u0131 A\u011f\u0131r Cinay\u0259tl\u0259r M\u0259hk\u0259m\u0259sinin bu cinay\u0259t i\u015fi \u00fczr\u0259 yekun h\u00f6km\u00fc elan olunub.<\/p>\n\n\n\n<p>H\u00f6km\u0259 \u0259sas\u0259n, institutun ke\u00e7mi\u015f elmi i\u015f\u00e7isi, tarix\u00e7i alim S\u0259buhi H\u00fcseynov v\u0259 onun h\u0259yat yolda\u015f\u0131 \u2013 institutun kadrlar \u015f\u00f6b\u0259sinin m\u00fcdiri olmu\u015f G\u00fcl\u00fcstan \u0130sayeva Cinay\u0259t M\u0259c\u0259ll\u0259sinin 179.3.2 (k\u00fclli miqdarda m\u0259nims\u0259m\u0259), 308-ci (v\u0259zif\u0259 s\u0259lahiyy\u0259tl\u0259rind\u0259n sui-istifad\u0259 etm\u0259) madd\u0259l\u0259ril\u0259 t\u0259qsirli bilinib. Onlara 5 il 6 ay azadl\u0131qdan m\u0259rhum etm\u0259 c\u0259zas\u0131 verilib.<\/p>\n\n\n\n<p>Lakin h\u0259r ikisin\u0259 m\u00fcnasib\u0259td\u0259 Cinay\u0259t M\u0259c\u0259ll\u0259sinin 70-ci (\u015f\u0259rti m\u0259hkumetm\u0259) madd\u0259si t\u0259tbiq olunub. Y\u0259ni verilmi\u015f c\u0259za G\u00fcl\u00fcstan \u0130sayeva \u00fc\u00e7\u00fcn 1 il 6 ay, S\u0259buhi H\u00fcseynova \u00fc\u00e7\u00fcns\u0259 2 il s\u0131naq m\u00fcdd\u0259ti olmaqla, \u015f\u0259rti hesab edilib.<\/p>\n\n\n\n<p>Onlar istintaq v\u0259 m\u0259hk\u0259m\u0259 d\u00f6vr\u00fcnd\u0259 d\u0259 h\u0259bsd\u0259 deyildi.<\/p>\n\n\n\n<p>\u0130ttihama g\u00f6r\u0259,&nbsp; Qaraba\u011f b\u00f6lg\u0259sind\u0259 t\u0259dqiqat apar\u0131lmas\u0131 \u00fc\u00e7\u00fcn g\u00f6nd\u0259ril\u0259n ekspedisiya qrupuna orada i\u015ftirak etm\u0259y\u0259n \u015f\u0259xsl\u0259rin adlar\u0131 sal\u0131n\u0131b. Y\u0259ni siyah\u0131da ad\u0131 olan, lakin \u00f6z\u00fc i\u015ftirak etm\u0259y\u0259n xeyli adam\u0131n ad\u0131na b\u00fcdc\u0259d\u0259n ayr\u0131lan v\u0259saitl\u0259r bu yolla m\u0259nims\u0259nilib.<\/p>\n\n\n\n<p>\u0130ddia olunur ki, S\u0259buhi H\u00fcseynov v\u0259 h\u0259yat yolda\u015f\u0131 bu i\u015fl\u0259rl\u0259 m\u0259\u015f\u011ful olub.<\/p>\n\n\n\n<p>Amma S\u0259buhi H\u00fcseynov v\u0259 G\u00fcl\u00fcstan \u0130sayevan\u0131n he\u00e7 biri ittiham\u0131 q\u0259bul etmir. Onlar \u00f6zl\u0259rini t\u0259qsirli bilmirl\u0259r. \u018fksin\u0259, orada ba\u015f ver\u0259n korrupsiya hallar\u0131na g\u00f6r\u0259, institutun ke\u00e7mi\u015f direktoru Mais\u0259 R\u0259himovan\u0131 ittiham edirl\u0259r.<\/p>\n\n\n\n<p>Mais\u0259 R\u0259himova istintaq d\u00f6vr\u00fcnd\u0259 \u015fahid qismind\u0259 dindirilib. El\u0259 m\u0259hk\u0259m\u0259y\u0259 \u00e7a\u011f\u0131r\u0131lan 43 n\u0259f\u0259r \u015fahid siyah\u0131s\u0131nda da ad\u0131 var. Lakin d\u0259f\u0259l\u0259rl\u0259 \u00e7a\u011f\u0131r\u0131\u015flara baxmayaraq, o, m\u0259hk\u0259m\u0259y\u0259 g\u0259lm\u0259yib.<\/p>\n\n\n\n<p>T\u0259qsirl\u0259ndiril\u0259n \u0259r-arvad hesab edir ki, institutdak\u0131 korrupsiya hallar\u0131na etirazlar\u0131na, qanunsuzluqlar haqda \u015fikay\u0259tl\u0259rin\u0259 g\u00f6r\u0259 \u015f\u0259rl\u0259nibl\u0259r.<\/p>\n\n\n\n<p>G\u00fcl\u00fcstan \u0130sayeva iddia edir ki, Ramiz Mehdiyev Elml\u0259r Akademiyas\u0131n\u0131n prezidenti olark\u0259n institutdak\u0131 qanunsuzluqlarla ba\u011fl\u0131 yoxlama apar\u0131l\u0131b.<\/p>\n\n\n\n<p>N\u0259tic\u0259d\u0259 2 milyon 330 min manatl\u0131q yeyinti a\u015fkar olunub:<\/p>\n\n\n\n<p><em>\u201cM\u00fc\u0259yy\u0259n olundu ki, h\u0259qiq\u0259t\u0259n d\u0259 institutda qanun pozuntular\u0131 olub. \u0130\u015fl\u0259m\u0259y\u0259n adamlara \u0259m\u0259khaqq\u0131 \u00f6d\u0259nilib, g\u00f6r\u00fclm\u0259y\u0259n i\u015f\u0259 g\u00f6r\u0259 pullar x\u0259rcl\u0259nib. Amma sonra nec\u0259 oldusa, a\u015fkar olunan qanunsuzluqlarla ba\u011fl\u0131 h\u00fcquq-m\u00fchafiz\u0259 orqanlar\u0131na m\u0259lumat g\u00f6nd\u0259rilm\u0259di. Sad\u0259c\u0259, Mais\u0259 R\u0259himova i\u015fd\u0259n \u00e7\u0131xar\u0131ld\u0131&#8230;\u201d<\/em><\/p>\n\n\n\n<p>Mais\u0259 R\u0259himova Xalq artisti Zeyn\u0259b Xanlarovan\u0131n qudas\u0131d\u0131r.<\/p>\n","protected":false},"excerpt":{"rendered":"<p>M\u0259hk\u0259m\u0259 cinay\u0259t i\u015find\u0259 ad\u0131 ke\u00e7\u0259n \u015f\u0259xsl\u0259rl\u0259 ba\u011fl\u0131 q\u0259rar verib Az\u0259rbaycan &#8230; <\/p>\n<p class=\"read-more-container\"><a title=\"Qaraba\u011fda t\u0259dqiqat ad\u0131yla k\u00fclli miqdarda yeyinti: Zeyn\u0259b Xanlarovan\u0131n qudas\u0131n\u0131n ad\u0131 hallanan i\u015f\" class=\"read-more button\" href=\"https:\/\/www.meydan.tv\/az\/article\/qarabagda-tedqiqat-adiyla-kulli-miqdarda-yeyinti-zeyneb-xanlarovanin-qudasinin-adi-hallanan-is\/#more-309598\" aria-label=\"Read more about Qaraba\u011fda t\u0259dqiqat ad\u0131yla k\u00fclli miqdarda yeyinti: Zeyn\u0259b Xanlarovan\u0131n qudas\u0131n\u0131n ad\u0131 hallanan i\u015f\">Davam\u0131<\/a><\/p>\n","protected":false},"author":21,"featured_media":210852,"comment_status":"closed","ping_status":"closed","sticky":false,"template":"","format":"standard","meta":{"_acf_changed":false,"_sitemap_exclude":false,"_sitemap_priority":"","_sitemap_frequency":"","footnotes":""},"categories":[62,79,56],"tags":[],"class_list":["post-309598","post","type-post","status-publish","format-standard","has-post-thumbnail","hentry","category-sosial","category-featured","category-xeberler","infinite-scroll-item","generate-columns","tablet-grid-50","mobile-grid-100","grid-parent","grid-33","no-featured-image-padding"],"acf":[],"yoast_head":"<!-- This site is optimized with the Yoast SEO plugin v27.5 - https:\/\/yoast.com\/product\/yoast-seo-wordpress\/ -->\n<title>Qaraba\u011fda t\u0259dqiqat ad\u0131yla k\u00fclli miqdarda yeyinti<\/title>\n<meta name=\"description\" content=\"Az\u0259rbaycan Milli Elml\u0259r Akademiyas\u0131n\u0131n Arxeologiya, Etnoqrafiya v\u0259 Antropologiya \u0130nstitutunda Qaraba\u011fda t\u0259dqiqat ad\u0131 alt\u0131nda 92 min 700 manatl\u0131q yeyinti il\u0259 ba\u011fl\u0131 m\u0259hk\u0259m\u0259 ara\u015fd\u0131rmalar\u0131 ba\u015fa \u00e7at\u0131b.\" \/>\n<meta name=\"robots\" content=\"index, follow, max-snippet:-1, max-image-preview:large, max-video-preview:-1\" \/>\n<link rel=\"canonical\" href=\"https:\/\/www.meydan.tv\/az\/article\/qarabagda-tedqiqat-adiyla-kulli-miqdarda-yeyinti-zeyneb-xanlarovanin-qudasinin-adi-hallanan-is\/\" \/>\n<meta property=\"og:locale\" content=\"az_AZ\" \/>\n<meta property=\"og:type\" content=\"article\" \/>\n<meta property=\"og:title\" content=\"Qaraba\u011fda t\u0259dqiqat ad\u0131yla k\u00fclli miqdarda yeyinti\" \/>\n<meta property=\"og:description\" content=\"Az\u0259rbaycan Milli Elml\u0259r Akademiyas\u0131n\u0131n Arxeologiya, Etnoqrafiya v\u0259 Antropologiya \u0130nstitutunda Qaraba\u011fda t\u0259dqiqat ad\u0131 alt\u0131nda 92 min 700 manatl\u0131q yeyinti il\u0259 ba\u011fl\u0131 m\u0259hk\u0259m\u0259 ara\u015fd\u0131rmalar\u0131 ba\u015fa \u00e7at\u0131b.\" \/>\n<meta property=\"og:url\" content=\"https:\/\/www.meydan.tv\/az\/article\/qarabagda-tedqiqat-adiyla-kulli-miqdarda-yeyinti-zeyneb-xanlarovanin-qudasinin-adi-hallanan-is\/\" \/>\n<meta property=\"og:site_name\" content=\"MEYDAN.TV\" \/>\n<meta property=\"article:published_time\" content=\"2024-07-03T11:14:08+00:00\" \/>\n<meta property=\"article:modified_time\" content=\"2024-07-03T11:14:10+00:00\" \/>\n<meta property=\"og:image\" content=\"https:\/\/www.meydan.tv\/wp-content\/uploads\/mehkeme19_wxnshvn-scaled.jpg\" \/>\n\t<meta property=\"og:image:width\" content=\"2560\" \/>\n\t<meta property=\"og:image:height\" content=\"1440\" \/>\n\t<meta property=\"og:image:type\" content=\"image\/jpeg\" \/>\n<meta name=\"author\" content=\"mahmud\" \/>\n<meta name=\"twitter:card\" content=\"summary_large_image\" \/>\n<script type=\"application\/ld+json\" class=\"yoast-schema-graph\">{\"@context\":\"https:\\\/\\\/schema.org\",\"@graph\":[{\"@type\":\"Article\",\"@id\":\"https:\\\/\\\/www.meydan.tv\\\/az\\\/article\\\/qarabagda-tedqiqat-adiyla-kulli-miqdarda-yeyinti-zeyneb-xanlarovanin-qudasinin-adi-hallanan-is\\\/#article\",\"isPartOf\":{\"@id\":\"https:\\\/\\\/www.meydan.tv\\\/az\\\/article\\\/qarabagda-tedqiqat-adiyla-kulli-miqdarda-yeyinti-zeyneb-xanlarovanin-qudasinin-adi-hallanan-is\\\/\"},\"author\":{\"name\":\"mahmud\",\"@id\":\"https:\\\/\\\/www.meydan.tv\\\/az\\\/#\\\/schema\\\/person\\\/09863e516102a829e72bedcf3f84c6b0\"},\"headline\":\"Qaraba\u011fda t\u0259dqiqat ad\u0131yla k\u00fclli miqdarda yeyinti: Zeyn\u0259b Xanlarovan\u0131n qudas\u0131n\u0131n ad\u0131 hallanan i\u015f\",\"datePublished\":\"2024-07-03T11:14:08+00:00\",\"dateModified\":\"2024-07-03T11:14:10+00:00\",\"mainEntityOfPage\":{\"@id\":\"https:\\\/\\\/www.meydan.tv\\\/az\\\/article\\\/qarabagda-tedqiqat-adiyla-kulli-miqdarda-yeyinti-zeyneb-xanlarovanin-qudasinin-adi-hallanan-is\\\/\"},\"wordCount\":539,\"publisher\":{\"@id\":\"https:\\\/\\\/www.meydan.tv\\\/az\\\/#organization\"},\"image\":{\"@id\":\"https:\\\/\\\/www.meydan.tv\\\/az\\\/article\\\/qarabagda-tedqiqat-adiyla-kulli-miqdarda-yeyinti-zeyneb-xanlarovanin-qudasinin-adi-hallanan-is\\\/#primaryimage\"},\"thumbnailUrl\":\"https:\\\/\\\/www.meydan.tv\\\/wp-content\\\/uploads\\\/mehkeme19_wxnshvn-scaled.jpg\",\"articleSection\":[\"Sosial\",\"T\u00f6vsiy\u0259\",\"X\u0259b\u0259rl\u0259r\"],\"inLanguage\":\"az\"},{\"@type\":\"WebPage\",\"@id\":\"https:\\\/\\\/www.meydan.tv\\\/az\\\/article\\\/qarabagda-tedqiqat-adiyla-kulli-miqdarda-yeyinti-zeyneb-xanlarovanin-qudasinin-adi-hallanan-is\\\/\",\"url\":\"https:\\\/\\\/www.meydan.tv\\\/az\\\/article\\\/qarabagda-tedqiqat-adiyla-kulli-miqdarda-yeyinti-zeyneb-xanlarovanin-qudasinin-adi-hallanan-is\\\/\",\"name\":\"Qaraba\u011fda t\u0259dqiqat ad\u0131yla k\u00fclli miqdarda yeyinti\",\"isPartOf\":{\"@id\":\"https:\\\/\\\/www.meydan.tv\\\/az\\\/#website\"},\"primaryImageOfPage\":{\"@id\":\"https:\\\/\\\/www.meydan.tv\\\/az\\\/article\\\/qarabagda-tedqiqat-adiyla-kulli-miqdarda-yeyinti-zeyneb-xanlarovanin-qudasinin-adi-hallanan-is\\\/#primaryimage\"},\"image\":{\"@id\":\"https:\\\/\\\/www.meydan.tv\\\/az\\\/article\\\/qarabagda-tedqiqat-adiyla-kulli-miqdarda-yeyinti-zeyneb-xanlarovanin-qudasinin-adi-hallanan-is\\\/#primaryimage\"},\"thumbnailUrl\":\"https:\\\/\\\/www.meydan.tv\\\/wp-content\\\/uploads\\\/mehkeme19_wxnshvn-scaled.jpg\",\"datePublished\":\"2024-07-03T11:14:08+00:00\",\"dateModified\":\"2024-07-03T11:14:10+00:00\",\"description\":\"Az\u0259rbaycan Milli Elml\u0259r Akademiyas\u0131n\u0131n Arxeologiya, Etnoqrafiya v\u0259 Antropologiya \u0130nstitutunda Qaraba\u011fda t\u0259dqiqat ad\u0131 alt\u0131nda 92 min 700 manatl\u0131q yeyinti il\u0259 ba\u011fl\u0131 m\u0259hk\u0259m\u0259 ara\u015fd\u0131rmalar\u0131 ba\u015fa \u00e7at\u0131b.\",\"breadcrumb\":{\"@id\":\"https:\\\/\\\/www.meydan.tv\\\/az\\\/article\\\/qarabagda-tedqiqat-adiyla-kulli-miqdarda-yeyinti-zeyneb-xanlarovanin-qudasinin-adi-hallanan-is\\\/#breadcrumb\"},\"inLanguage\":\"az\",\"potentialAction\":[{\"@type\":\"ReadAction\",\"target\":[\"https:\\\/\\\/www.meydan.tv\\\/az\\\/article\\\/qarabagda-tedqiqat-adiyla-kulli-miqdarda-yeyinti-zeyneb-xanlarovanin-qudasinin-adi-hallanan-is\\\/\"]}]},{\"@type\":\"ImageObject\",\"inLanguage\":\"az\",\"@id\":\"https:\\\/\\\/www.meydan.tv\\\/az\\\/article\\\/qarabagda-tedqiqat-adiyla-kulli-miqdarda-yeyinti-zeyneb-xanlarovanin-qudasinin-adi-hallanan-is\\\/#primaryimage\",\"url\":\"https:\\\/\\\/www.meydan.tv\\\/wp-content\\\/uploads\\\/mehkeme19_wxnshvn-scaled.jpg\",\"contentUrl\":\"https:\\\/\\\/www.meydan.tv\\\/wp-content\\\/uploads\\\/mehkeme19_wxnshvn-scaled.jpg\",\"width\":2560,\"height\":1440,\"caption\":\"Foto: Meydan TV\"},{\"@type\":\"BreadcrumbList\",\"@id\":\"https:\\\/\\\/www.meydan.tv\\\/az\\\/article\\\/qarabagda-tedqiqat-adiyla-kulli-miqdarda-yeyinti-zeyneb-xanlarovanin-qudasinin-adi-hallanan-is\\\/#breadcrumb\",\"itemListElement\":[{\"@type\":\"ListItem\",\"position\":1,\"name\":\"Ana s\u0259hif\u0259\",\"item\":\"https:\\\/\\\/www.meydan.tv\\\/az\\\/\"},{\"@type\":\"ListItem\",\"position\":2,\"name\":\"Sosial\",\"item\":\"https:\\\/\\\/www.meydan.tv\\\/az\\\/section\\\/sosial\\\/\"},{\"@type\":\"ListItem\",\"position\":3,\"name\":\"Qaraba\u011fda t\u0259dqiqat ad\u0131yla k\u00fclli miqdarda yeyinti: Zeyn\u0259b Xanlarovan\u0131n qudas\u0131n\u0131n ad\u0131 hallanan i\u015f\"}]},{\"@type\":\"WebSite\",\"@id\":\"https:\\\/\\\/www.meydan.tv\\\/az\\\/#website\",\"url\":\"https:\\\/\\\/www.meydan.tv\\\/az\\\/\",\"name\":\"MEYDAN.TV\",\"description\":\"Meydan TV Az\u0259rbaycan\u0131n media m\u0259kan\u0131ndak\u0131 alternativ s\u0259sidir\",\"publisher\":{\"@id\":\"https:\\\/\\\/www.meydan.tv\\\/az\\\/#organization\"},\"potentialAction\":[{\"@type\":\"SearchAction\",\"target\":{\"@type\":\"EntryPoint\",\"urlTemplate\":\"https:\\\/\\\/www.meydan.tv\\\/az\\\/?s={search_term_string}\"},\"query-input\":{\"@type\":\"PropertyValueSpecification\",\"valueRequired\":true,\"valueName\":\"search_term_string\"}}],\"inLanguage\":\"az\"},{\"@type\":\"Organization\",\"@id\":\"https:\\\/\\\/www.meydan.tv\\\/az\\\/#organization\",\"name\":\"Meydan TV\",\"url\":\"https:\\\/\\\/www.meydan.tv\\\/az\\\/\",\"logo\":{\"@type\":\"ImageObject\",\"inLanguage\":\"az\",\"@id\":\"https:\\\/\\\/www.meydan.tv\\\/az\\\/#\\\/schema\\\/logo\\\/image\\\/\",\"url\":\"https:\\\/\\\/www.meydan.tv\\\/wp-content\\\/uploads\\\/2021\\\/07\\\/meydan-logo.svg\",\"contentUrl\":\"https:\\\/\\\/www.meydan.tv\\\/wp-content\\\/uploads\\\/2021\\\/07\\\/meydan-logo.svg\",\"width\":195,\"height\":46,\"caption\":\"Meydan TV\"},\"image\":{\"@id\":\"https:\\\/\\\/www.meydan.tv\\\/az\\\/#\\\/schema\\\/logo\\\/image\\\/\"}},{\"@type\":\"Person\",\"@id\":\"https:\\\/\\\/www.meydan.tv\\\/az\\\/#\\\/schema\\\/person\\\/09863e516102a829e72bedcf3f84c6b0\",\"name\":\"mahmud\"}]}<\/script>\n<!-- \/ Yoast SEO plugin. -->","yoast_head_json":{"title":"Qaraba\u011fda t\u0259dqiqat ad\u0131yla k\u00fclli miqdarda yeyinti","description":"Az\u0259rbaycan Milli Elml\u0259r Akademiyas\u0131n\u0131n Arxeologiya, Etnoqrafiya v\u0259 Antropologiya \u0130nstitutunda Qaraba\u011fda t\u0259dqiqat ad\u0131 alt\u0131nda 92 min 700 manatl\u0131q yeyinti il\u0259 ba\u011fl\u0131 m\u0259hk\u0259m\u0259 ara\u015fd\u0131rmalar\u0131 ba\u015fa \u00e7at\u0131b.","robots":{"index":"index","follow":"follow","max-snippet":"max-snippet:-1","max-image-preview":"max-image-preview:large","max-video-preview":"max-video-preview:-1"},"canonical":"https:\/\/www.meydan.tv\/az\/article\/qarabagda-tedqiqat-adiyla-kulli-miqdarda-yeyinti-zeyneb-xanlarovanin-qudasinin-adi-hallanan-is\/","og_locale":"az_AZ","og_type":"article","og_title":"Qaraba\u011fda t\u0259dqiqat ad\u0131yla k\u00fclli miqdarda yeyinti","og_description":"Az\u0259rbaycan Milli Elml\u0259r Akademiyas\u0131n\u0131n Arxeologiya, Etnoqrafiya v\u0259 Antropologiya \u0130nstitutunda Qaraba\u011fda t\u0259dqiqat ad\u0131 alt\u0131nda 92 min 700 manatl\u0131q yeyinti il\u0259 ba\u011fl\u0131 m\u0259hk\u0259m\u0259 ara\u015fd\u0131rmalar\u0131 ba\u015fa \u00e7at\u0131b.","og_url":"https:\/\/www.meydan.tv\/az\/article\/qarabagda-tedqiqat-adiyla-kulli-miqdarda-yeyinti-zeyneb-xanlarovanin-qudasinin-adi-hallanan-is\/","og_site_name":"MEYDAN.TV","article_published_time":"2024-07-03T11:14:08+00:00","article_modified_time":"2024-07-03T11:14:10+00:00","og_image":[{"width":2560,"height":1440,"url":"https:\/\/www.meydan.tv\/wp-content\/uploads\/mehkeme19_wxnshvn-scaled.jpg","type":"image\/jpeg"}],"author":"mahmud","twitter_card":"summary_large_image","schema":{"@context":"https:\/\/schema.org","@graph":[{"@type":"Article","@id":"https:\/\/www.meydan.tv\/az\/article\/qarabagda-tedqiqat-adiyla-kulli-miqdarda-yeyinti-zeyneb-xanlarovanin-qudasinin-adi-hallanan-is\/#article","isPartOf":{"@id":"https:\/\/www.meydan.tv\/az\/article\/qarabagda-tedqiqat-adiyla-kulli-miqdarda-yeyinti-zeyneb-xanlarovanin-qudasinin-adi-hallanan-is\/"},"author":{"name":"mahmud","@id":"https:\/\/www.meydan.tv\/az\/#\/schema\/person\/09863e516102a829e72bedcf3f84c6b0"},"headline":"Qaraba\u011fda t\u0259dqiqat ad\u0131yla k\u00fclli miqdarda yeyinti: Zeyn\u0259b Xanlarovan\u0131n qudas\u0131n\u0131n ad\u0131 hallanan i\u015f","datePublished":"2024-07-03T11:14:08+00:00","dateModified":"2024-07-03T11:14:10+00:00","mainEntityOfPage":{"@id":"https:\/\/www.meydan.tv\/az\/article\/qarabagda-tedqiqat-adiyla-kulli-miqdarda-yeyinti-zeyneb-xanlarovanin-qudasinin-adi-hallanan-is\/"},"wordCount":539,"publisher":{"@id":"https:\/\/www.meydan.tv\/az\/#organization"},"image":{"@id":"https:\/\/www.meydan.tv\/az\/article\/qarabagda-tedqiqat-adiyla-kulli-miqdarda-yeyinti-zeyneb-xanlarovanin-qudasinin-adi-hallanan-is\/#primaryimage"},"thumbnailUrl":"https:\/\/www.meydan.tv\/wp-content\/uploads\/mehkeme19_wxnshvn-scaled.jpg","articleSection":["Sosial","T\u00f6vsiy\u0259","X\u0259b\u0259rl\u0259r"],"inLanguage":"az"},{"@type":"WebPage","@id":"https:\/\/www.meydan.tv\/az\/article\/qarabagda-tedqiqat-adiyla-kulli-miqdarda-yeyinti-zeyneb-xanlarovanin-qudasinin-adi-hallanan-is\/","url":"https:\/\/www.meydan.tv\/az\/article\/qarabagda-tedqiqat-adiyla-kulli-miqdarda-yeyinti-zeyneb-xanlarovanin-qudasinin-adi-hallanan-is\/","name":"Qaraba\u011fda t\u0259dqiqat ad\u0131yla k\u00fclli miqdarda yeyinti","isPartOf":{"@id":"https:\/\/www.meydan.tv\/az\/#website"},"primaryImageOfPage":{"@id":"https:\/\/www.meydan.tv\/az\/article\/qarabagda-tedqiqat-adiyla-kulli-miqdarda-yeyinti-zeyneb-xanlarovanin-qudasinin-adi-hallanan-is\/#primaryimage"},"image":{"@id":"https:\/\/www.meydan.tv\/az\/article\/qarabagda-tedqiqat-adiyla-kulli-miqdarda-yeyinti-zeyneb-xanlarovanin-qudasinin-adi-hallanan-is\/#primaryimage"},"thumbnailUrl":"https:\/\/www.meydan.tv\/wp-content\/uploads\/mehkeme19_wxnshvn-scaled.jpg","datePublished":"2024-07-03T11:14:08+00:00","dateModified":"2024-07-03T11:14:10+00:00","description":"Az\u0259rbaycan Milli Elml\u0259r Akademiyas\u0131n\u0131n Arxeologiya, Etnoqrafiya v\u0259 Antropologiya \u0130nstitutunda Qaraba\u011fda t\u0259dqiqat ad\u0131 alt\u0131nda 92 min 700 manatl\u0131q yeyinti il\u0259 ba\u011fl\u0131 m\u0259hk\u0259m\u0259 ara\u015fd\u0131rmalar\u0131 ba\u015fa \u00e7at\u0131b.","breadcrumb":{"@id":"https:\/\/www.meydan.tv\/az\/article\/qarabagda-tedqiqat-adiyla-kulli-miqdarda-yeyinti-zeyneb-xanlarovanin-qudasinin-adi-hallanan-is\/#breadcrumb"},"inLanguage":"az","potentialAction":[{"@type":"ReadAction","target":["https:\/\/www.meydan.tv\/az\/article\/qarabagda-tedqiqat-adiyla-kulli-miqdarda-yeyinti-zeyneb-xanlarovanin-qudasinin-adi-hallanan-is\/"]}]},{"@type":"ImageObject","inLanguage":"az","@id":"https:\/\/www.meydan.tv\/az\/article\/qarabagda-tedqiqat-adiyla-kulli-miqdarda-yeyinti-zeyneb-xanlarovanin-qudasinin-adi-hallanan-is\/#primaryimage","url":"https:\/\/www.meydan.tv\/wp-content\/uploads\/mehkeme19_wxnshvn-scaled.jpg","contentUrl":"https:\/\/www.meydan.tv\/wp-content\/uploads\/mehkeme19_wxnshvn-scaled.jpg","width":2560,"height":1440,"caption":"Foto: Meydan TV"},{"@type":"BreadcrumbList","@id":"https:\/\/www.meydan.tv\/az\/article\/qarabagda-tedqiqat-adiyla-kulli-miqdarda-yeyinti-zeyneb-xanlarovanin-qudasinin-adi-hallanan-is\/#breadcrumb","itemListElement":[{"@type":"ListItem","position":1,"name":"Ana s\u0259hif\u0259","item":"https:\/\/www.meydan.tv\/az\/"},{"@type":"ListItem","position":2,"name":"Sosial","item":"https:\/\/www.meydan.tv\/az\/section\/sosial\/"},{"@type":"ListItem","position":3,"name":"Qaraba\u011fda t\u0259dqiqat ad\u0131yla k\u00fclli miqdarda yeyinti: Zeyn\u0259b Xanlarovan\u0131n qudas\u0131n\u0131n ad\u0131 hallanan i\u015f"}]},{"@type":"WebSite","@id":"https:\/\/www.meydan.tv\/az\/#website","url":"https:\/\/www.meydan.tv\/az\/","name":"MEYDAN.TV","description":"Meydan TV Az\u0259rbaycan\u0131n media m\u0259kan\u0131ndak\u0131 alternativ s\u0259sidir","publisher":{"@id":"https:\/\/www.meydan.tv\/az\/#organization"},"potentialAction":[{"@type":"SearchAction","target":{"@type":"EntryPoint","urlTemplate":"https:\/\/www.meydan.tv\/az\/?s={search_term_string}"},"query-input":{"@type":"PropertyValueSpecification","valueRequired":true,"valueName":"search_term_string"}}],"inLanguage":"az"},{"@type":"Organization","@id":"https:\/\/www.meydan.tv\/az\/#organization","name":"Meydan TV","url":"https:\/\/www.meydan.tv\/az\/","logo":{"@type":"ImageObject","inLanguage":"az","@id":"https:\/\/www.meydan.tv\/az\/#\/schema\/logo\/image\/","url":"https:\/\/www.meydan.tv\/wp-content\/uploads\/2021\/07\/meydan-logo.svg","contentUrl":"https:\/\/www.meydan.tv\/wp-content\/uploads\/2021\/07\/meydan-logo.svg","width":195,"height":46,"caption":"Meydan TV"},"image":{"@id":"https:\/\/www.meydan.tv\/az\/#\/schema\/logo\/image\/"}},{"@type":"Person","@id":"https:\/\/www.meydan.tv\/az\/#\/schema\/person\/09863e516102a829e72bedcf3f84c6b0","name":"mahmud"}]}},"_links":{"self":[{"href":"https:\/\/www.meydan.tv\/az\/wp-json\/wp\/v2\/posts\/309598","targetHints":{"allow":["GET"]}}],"collection":[{"href":"https:\/\/www.meydan.tv\/az\/wp-json\/wp\/v2\/posts"}],"about":[{"href":"https:\/\/www.meydan.tv\/az\/wp-json\/wp\/v2\/types\/post"}],"author":[{"embeddable":true,"href":"https:\/\/www.meydan.tv\/az\/wp-json\/wp\/v2\/users\/21"}],"replies":[{"embeddable":true,"href":"https:\/\/www.meydan.tv\/az\/wp-json\/wp\/v2\/comments?post=309598"}],"version-history":[{"count":1,"href":"https:\/\/www.meydan.tv\/az\/wp-json\/wp\/v2\/posts\/309598\/revisions"}],"predecessor-version":[{"id":309599,"href":"https:\/\/www.meydan.tv\/az\/wp-json\/wp\/v2\/posts\/309598\/revisions\/309599"}],"wp:featuredmedia":[{"embeddable":true,"href":"https:\/\/www.meydan.tv\/az\/wp-json\/wp\/v2\/media\/210852"}],"wp:attachment":[{"href":"https:\/\/www.meydan.tv\/az\/wp-json\/wp\/v2\/media?parent=309598"}],"wp:term":[{"taxonomy":"category","embeddable":true,"href":"https:\/\/www.meydan.tv\/az\/wp-json\/wp\/v2\/categories?post=309598"},{"taxonomy":"post_tag","embeddable":true,"href":"https:\/\/www.meydan.tv\/az\/wp-json\/wp\/v2\/tags?post=309598"}],"curies":[{"name":"wp","href":"https:\/\/api.w.org\/{rel}","templated":true}]}}