{"id":309558,"date":"2024-07-03T13:50:15","date_gmt":"2024-07-03T09:50:15","guid":{"rendered":"https:\/\/www.meydan.tv\/?p=309558"},"modified":"2024-07-03T13:50:18","modified_gmt":"2024-07-03T09:50:18","slug":"eri-hebs-olunan-tenha-qadin-olke-bascisindan-corek-yox-edalet-isteyirem","status":"publish","type":"post","link":"https:\/\/www.meydan.tv\/az\/article\/eri-hebs-olunan-tenha-qadin-olke-bascisindan-corek-yox-edalet-isteyirem\/","title":{"rendered":"\u018fri h\u0259bs olunan t\u0259nha qad\u0131n: &#8220;\u00d6lk\u0259 ba\u015f\u00e7\u0131s\u0131ndan \u00e7\u00f6r\u0259k yox, \u0259dal\u0259t ist\u0259yir\u0259m&#8221;"},"content":{"rendered":"\n<p><\/p>\n\n\n\n<p><strong><em>&#8220;D\u0259f\u0259l\u0259rl\u0259 m\u0259ktublar, teleqramlar g\u00f6nd\u0259rmi\u015f\u0259m, aksiyalar etmi\u015f\u0259m, ancaq baxan yoxdur&#8221;<\/em><\/strong><\/p>\n\n\n\n<p>G\u00f6y\u00e7ay sakini Mollayeva K\u00fctahi S\u0259dulla q\u0131z\u0131 II qrup \u0259lil&nbsp; h\u0259yat yolda\u015f\u0131 Mollayev Vaqif Pa\u015fa o\u011flunun \u015f\u0259rl\u0259n\u0259r\u0259k h\u0259bs olundu\u011funu deyir.<\/p>\n\n\n\n<p>Onun s\u00f6zl\u0259rin\u0259 g\u00f6r\u0259, 2019-cu il noyabr\u0131n 19-da x\u0259st\u0259&nbsp; \u00f6vlad\u0131n\u0131 Bak\u0131ya h\u0259kim\u0259 aparark\u0259n h\u0259yat yolda\u015f\u0131na nam\u0259lum \u015f\u0259xs t\u0259r\u0259fd\u0259n z\u0259ng g\u0259lib v\u0259 Yasamal rayonuna \u00e7a\u011f\u0131r\u0131l\u0131b.<\/p>\n\n\n\n<p><strong>&#8220;Yolda\u015f\u0131m he\u00e7 bir s\u0259rh\u0259ddi ke\u00e7m\u0259yib, amma ittihamda s\u0259rh\u0259ddike\u00e7m\u0259 var&#8221;<\/strong><\/p>\n\n\n\n<p>H\u0259min \u00fcnvana \u00e7atark\u0259n q\u0259fl\u0259t\u0259n ma\u015f\u0131na edil\u0259n h\u00fccum n\u0259tic\u0259sind\u0259 polis \u0259m\u0259kda\u015flar\u0131 t\u0259r\u0259find\u0259n saxlan\u0131l\u0131b:<\/p>\n\n\n\n<p><em>&#8220;Avtomobild\u0259 \u015fahid kimi bald\u0131z\u0131m Tamara Mollayeva v\u0259 x\u0259st\u0259 \u00f6vlad\u0131m Seymur Mollayev olub. O, z\u0259ng ed\u0259n adam\u0131n s\u00f6z\u00fc il\u0259 3 sayl\u0131 &#8220;ASAN xidm\u0259t&#8221;in qar\u015f\u0131s\u0131na gedib. X\u0259st\u0259 h\u0259yat yolda\u015f\u0131m ora \u00e7atan kimi h\u00fccum edibl\u0259r, sonra ma\u015f\u0131ndan s\u00fcr\u00fcy\u00fcb sal\u0131blar \u00f6z ma\u015f\u0131nlar\u0131na. \u00d6vlad\u0131m\u0131 da t\u0259pikl\u0259 arxa oturacaqdan vurub sal\u0131blar yer\u0259. Bald\u0131z\u0131m\u0131 da \u0259ll\u0259rind\u0259n tutub saxlay\u0131blar ki, guya\u00a0 bunlar narkotik istifad\u0259\u00e7il\u0259ridir. O madd\u0259l\u0259rd\u0259 s\u0259rh\u0259ddike\u00e7m\u0259, qa\u00e7aqmal\u00e7\u0131l\u0131q ittiham\u0131 var. Amma yolda\u015f\u0131m he\u00e7 biri s\u0259rh\u0259d ke\u00e7m\u0259yib. 3 sayl\u0131 &#8220;ASAN xidm\u0259t&#8221; n\u0259 vaxtdan s\u0259rh\u0259d-ke\u00e7id m\u0259nt\u0259q\u0259si\u00a0 olub? H\u0259yat yolda\u015f\u0131m n\u0259 narkotik istifad\u0259\u00e7isi, n\u0259 d\u0259 al\u0131b-satand\u0131r. T\u0259\u0259cc\u00fcb do\u011furan i\u015fdir&#8221;<\/em>.<\/p>\n\n\n\n<p><em>&#8220;Bir gec\u0259 bald\u0131z\u0131m\u0131 saxlay\u0131b iki g\u00fcn h\u0259rbi xidm\u0259td\u0259 travma alan x\u0259st\u0259 \u00f6vlad\u0131mla birlikd\u0259 G\u00f6mr\u00fck \u0130dar\u0259sin\u0259 apar\u0131blar. Orada \u00f6vlad\u0131m\u0131 atas\u0131n\u0131n g\u00f6z\u00fc qar\u015f\u0131s\u0131nda d\u00f6y\u00fcb al\u00e7ald\u0131blar. Sonra &#8220;paykovoy&#8221; v\u0259kil tutub h\u0259yat yolda\u015f\u0131m\u0131 m\u0259cbur edibl\u0259r v\u0259 inand\u0131r\u0131blar ki, imza at burax\u0131l\u0131rs\u0131n\u0131z. \u015e\u0259rl\u0259m\u0259 ittihamla 11 ay istintaq t\u0259cridxanas\u0131nda saxlan\u0131l\u0131b. Bu m\u00fcdd\u0259t \u0259rzind\u0259 \u0259razid\u0259 D\u0130N-nin, &#8220;ASAN xidm\u0259t&#8221;in m\u00fc\u015fahid\u0259 kameras\u0131 var. Amma kamera \u00e7\u0259kili\u015fl\u0259ri yoxa \u00e7\u0131xar\u0131ld\u0131. O videolar h\u0259yat yolda\u015f\u0131m\u0131n lehin\u0259 idi. Vilay\u0259t Eyvazovun q\u0259bulunda olanda &#8220;H\u0259yat yolda\u015f\u0131n\u0131z s\u0259rh\u0259dd\u0259 tutulub?&#8221; sual\u0131n\u0131 ver\u0259nd\u0259 dedim: &#8220;Xeyr, sizin qurumun oyuncaq kameras\u0131n\u0131n qar\u015f\u0131s\u0131nda saxlan\u0131l\u0131b&#8221;. Dedi ki, ara\u015fd\u0131r\u0131lacaq, amma cavab g\u0259lm\u0259di&#8221;<\/em>, &#8211; dey\u0259 o bildirib.<\/p>\n\n\n\n<p><strong>&#8220;M\u00fcst\u0259ntiq\u00a0 dedi ki, 30 min g\u0259tirin, buraxaq&#8221;<\/strong><\/p>\n\n\n<div class=\"wp-block-image\">\n<figure class=\"alignleft size-full is-resized\"><img decoding=\"async\" width=\"595\" height=\"720\" data-src=\"https:\/\/www.meydan.tv\/wp-content\/uploads\/img-20240608-wa0036_720.jpg\" alt=\"\" class=\"wp-image-309560 lazyload\" style=\"--smush-placeholder-width: 595px; --smush-placeholder-aspect-ratio: 595\/720;width:440px;height:auto\" src=\"data:image\/svg+xml;base64,PHN2ZyB3aWR0aD0iMSIgaGVpZ2h0PSIxIiB4bWxucz0iaHR0cDovL3d3dy53My5vcmcvMjAwMC9zdmciPjwvc3ZnPg==\" \/><figcaption class=\"wp-element-caption\">Mollayev Vaqif. Foto: Ail\u0259sind\u0259n<\/figcaption><\/figure>\n<\/div>\n\n\n<p>Bir il\u0259 yax\u0131n \u00e7\u0259k\u0259n istintaq m\u00fcdd\u0259ti n\u0259tic\u0259sind\u0259 h\u0259yat yolda\u015f\u0131na Cinay\u0259t M\u0259c\u0259ll\u0259sinin 206.6.5, 234.4.3 v\u0259 234.2.3-c\u00fc madd\u0259l\u0259ri&nbsp; il\u0259 on il h\u0259bs q\u0259timkan t\u0259dbiri se\u00e7ilib.<\/p>\n\n\n\n<p>K\u00fctahi Mollayeva v\u0259 bald\u0131z\u0131 Tamara Mollayeva bunu sifari\u015fli h\u0259bs hesab edir v\u0259 ill\u0259rdir ki, \u00e7\u0259km\u0259\u00e7i i\u015fl\u0259y\u0259n Vaqif Mollayevin&nbsp; narkotik istifad\u0259\u00e7isi olmad\u0131\u011f\u0131n\u0131 israr edirl\u0259r.<\/p>\n\n\n\n<p>Bildirirl\u0259r ki, h\u0259tta m\u00fcst\u0259ntiq onlardan 30 min r\u00fc\u015fv\u0259t t\u0259l\u0259b edib, r\u00fc\u015fv\u0259t verilm\u0259diyi \u00fc\u00e7\u00fcn ona a\u011f\u0131r h\u0259bs c\u0259zas\u0131 verilib.<\/p>\n\n\n\n<p>Bac\u0131s\u0131 Tamara Mollayeva deyir ki, \u015fahid kimi 4 g\u00f6mr\u00fck \u0259m\u0259kda\u015f\u0131 m\u0259hk\u0259m\u0259l\u0259r boyunca ziddiy\u0259tli dan\u0131\u015f\u0131b:<\/p>\n\n\n\n<p><em>&#8220;Biri dedi ki, guya ma\u015f\u0131ndan \u00e7antan\u0131 g\u00f6t\u00fcr\u00fcb qa\u00e7\u0131b, ancaq ortal\u0131qda \u00e7anta yoxdur. Biri dedi ki, o\u011flunu g\u00f6t\u00fcr\u00fcb qa\u00e7\u0131b, ancaq x\u0259st\u0259 u\u015faq ma\u015f\u0131nda yataq v\u0259ziyy\u0259tind\u0259 olub. O biri dedi ki, ma\u015f\u0131nda 70 ya\u015fl\u0131 qarab\u0259niz, hicabl\u0131 qad\u0131n olub. Halbuki m\u0259n 50 ya\u015f\u0131mdayd\u0131m, sar\u0131\u015f\u0131nam v\u0259 \u00e7ar\u015fabl\u0131 deyil\u0259m. M\u0259hk\u0259m\u0259d\u0259 hakim soru\u015fdu ki, qad\u0131n\u0131 tan\u0131y\u0131rsansa, g\u00f6st\u0259r. \u00d6n s\u0131rada \u0259yl\u0259\u015fdiyi halda tan\u0131mad\u0131, dedi ki, bu g\u00fcn o qad\u0131n\u00a0 g\u0259lm\u0259yib. Ordaca yalan\u0131n\u0131 \u00e7\u0131xard\u0131q. Hal \u015fahidi deyir ki, ki\u015finin cibind\u0259n bu q\u0259d\u0259r narkotika \u00e7\u0131x\u0131b, o biril\u0259r deyir ki, yox \u00e7antas\u0131 vard\u0131. Ax\u0131rda hakim \u018fhm\u0259d Quliyev dedi ki, m\u0259qs\u0259diniz ki\u015fini 10 il h\u0259bs\u0259 g\u00f6nd\u0259rm\u0259kdir. Dem\u0259k, \u00f6nc\u0259d\u0259n planl\u0131 i\u015fdir ki, h\u0259bsin m\u00fcdd\u0259tini bilirdil\u0259r. Kameralar\u0131n a\u00e7\u0131lmas\u0131n\u0131 t\u0259l\u0259b etdik, v\u0259kil tutduq. Kamera i\u015fl\u0259mirs\u0259, cinay\u0259t i\u015fl\u0259rini nec\u0259 s\u00fcbut etm\u0259k olar?<\/em>&#8220;.<\/p>\n\n\n\n<p><em>&#8220;M\u00fcst\u0259ntiq\u00a0 dedi ki, 30 min g\u0259tirin, buraxaq. 25 min atas\u0131na, 5 min d\u0259 o\u011fluna g\u00f6r\u0259. M\u0259n dedim ki, x\u0259st\u0259 u\u015faq neyl\u0259yib ki? Dedi ki, guya atas\u0131 n\u0259 edib ki? &#8220;Yuxar\u0131ya pul laz\u0131md\u0131r, ora \u00e7atacaq&#8221;, &#8211; dedi. Yuxar\u0131lar dil\u0259nir? Cibl\u0259rini sad\u0259 v\u0259t\u0259nda\u015flar\u0131 \u015f\u0259rl\u0259yib h\u0259bs etm\u0259k doldururlar. M\u0259n \u00e7al\u0131\u015f\u0131ram, g\u0259linimiz \u00e7irkab ayaqqab\u0131 tik\u0259-tik\u0259 balalar\u0131na \u00e7\u00f6r\u0259k qazan\u0131r, m\u00fcst\u0259ntiq is\u0259 30 min r\u00fc\u015fv\u0259t t\u0259l\u0259b edir. Apelyasiya M\u0259hk\u0259m\u0259sin\u0259 \u015fikay\u0259t ver\u0259nd\u0259 hakim Elmar M\u0259mm\u0259dov dedi ki, 39 s\u0259hif\u0259lik na\u011f\u0131l\u0131 oxuyanam? \u00d6zl\u0259ri bu ilin na\u011f\u0131l oldu\u011funu deyir. Bu \u00f6lk\u0259d\u0259 insan taleyinin kartof, so\u011fandan f\u0259rqi yoxdur.\u00a0 B\u00fct\u00fcn bu \u015f\u0259rl\u0259m\u0259l\u0259r\u0259 r\u0259\u011fm\u0259n s\u00fcbutsuz, d\u0259lilsiz ona h\u0259bs oxundu&#8221;<\/em>, &#8211; dey\u0259 Tamara Mollayeva bildirir.<\/p>\n\n\n\n<p><strong>&#8220;G\u00f6mr\u00fcy\u00fcn \u015f\u0259ri \u00fcz\u00fcnd\u0259n h\u0259yat yolda\u015f\u0131m h\u0259bsd\u0259dir&#8221;<\/strong><\/p>\n\n\n\n<p>K\u00fctahi Mollayeva 5 il\u0259 yax\u0131nd\u0131r&nbsp; ki, h\u0259bs h\u0259yat\u0131 ya\u015fayan h\u0259yat yolda\u015f\u0131n\u0131n i\u015fin\u0259 t\u0259krar bax\u0131lmas\u0131n\u0131, ara\u015fd\u0131r\u0131lmas\u0131n\u0131 ist\u0259yir v\u0259 ona veril\u0259n madd\u0259l\u0259rin q\u0259r\u0259zli, sifari\u015fli oldu\u011funu deyir.<\/p>\n\n\n\n<figure class=\"wp-block-image size-full is-resized\"><img decoding=\"async\" width=\"324\" height=\"719\" data-src=\"https:\/\/www.meydan.tv\/wp-content\/uploads\/img-20240626-wa0055_720.jpg\" alt=\"\" class=\"wp-image-309563 lazyload\" style=\"--smush-placeholder-width: 324px; --smush-placeholder-aspect-ratio: 324\/719;width:802px;height:auto\" src=\"data:image\/svg+xml;base64,PHN2ZyB3aWR0aD0iMSIgaGVpZ2h0PSIxIiB4bWxucz0iaHR0cDovL3d3dy53My5vcmcvMjAwMC9zdmciPjwvc3ZnPg==\" \/><figcaption class=\"wp-element-caption\">K\u00fctahi Mollayeva. Foto: Meydan TV<\/figcaption><\/figure>\n\n\n\n<p>Onun s\u00f6zl\u0259rin\u0259 g\u00f6r\u0259, 26 il \u0259rzind\u0259 \u00e7\u0259km\u0259\u00e7i kimi \u00e7al\u0131\u015faraq \u00fc\u00e7 o\u011ful \u00f6vlad\u0131 b\u00f6y\u00fcd\u00fcb, art\u0131q bu onun \u00fc\u00e7\u00fcn \u00e7\u0259tindir. G\u0259nc \u00f6vladlar\u0131n\u0131n g\u0259l\u0259c\u0259k taleyi, 65 ya\u015fl\u0131 h\u0259yat yolda\u015f\u0131n\u0131n qanunsuz h\u0259bsi onu \u00e7ox incidir.<\/p>\n\n\n\n<p>M\u00fcxt\u0259lif aidiyy\u0259ti qurum v\u0259 t\u0259\u015fkilatlara \u00e7oxsayl\u0131 m\u00fcraci\u0259tl\u0259ri is\u0259 geri qay\u0131d\u0131r, ya da &#8220;ara\u015fd\u0131r\u0131lacaq&#8221; deyilib yola verilir:<\/p>\n\n\n\n<p><em>&#8220;M\u0259n 26 ildir ki, \u00e7\u0259km\u0259 tikib, t\u0259mir edir\u0259m. \u00c7\u00f6r\u0259yimiz bu s\u0259n\u0259td\u0259n \u00e7\u0131x\u0131r. He\u00e7 evimiz bel\u0259 yoxdur, bald\u0131z\u0131m\u0131n t\u0259mirsiz\u00a0 evind\u0259 ya\u015fay\u0131r\u0131q. G\u00fcnd\u0259lik qazanc\u0131m\u0131 y\u00fczl\u0259rl\u0259 m\u0259ktub v\u0259 teleqramlara x\u0259rcl\u0259yir\u0259m. \u0130ki \u00e7\u00f6r\u0259k alsam, sevinir\u0259m. H\u0259yat yolda\u015f\u0131m \u0259lildir, ya\u015fl\u0131d\u0131r, x\u0259st\u0259dir. 4 il 8 ayd\u0131r ki, h\u0259bs\u00a0 yat\u0131r. H\u0259r yer\u0259 m\u0259ktubum var, Prezident\u0259 g\u00f6nd\u0259rdiyim m\u0259ktublar\u0131n say\u0131 itib. \u018fn son Ba\u015f prokuror\u00a0 Kamran \u018fliyevin q\u0259buluna d\u00fc\u015fd\u00fcm. Dedi ki, ara\u015fd\u0131r\u0131b k\u00f6m\u0259k ed\u0259r\u0259m, ondan da s\u0259s \u00e7\u0131xmad\u0131. G\u00f6mr\u00fcy\u00fcn \u015f\u0259ri \u00fcz\u00fcnd\u0259n h\u0259yat yolda\u015f\u0131m h\u0259bsd\u0259dir. Ali M\u0259hk\u0259m\u0259d\u0259 \u0130nam K\u0259rimovun q\u0259buluna gedir\u0259m, V\u0259sil\u0259 adl\u0131 qad\u0131n q\u0259bul edir, yola verir. Niy\u0259 bunlar kreslosunda \u0259yl\u0259\u015fib \u0259haliy\u0259 xidm\u0259t etmir? Gedirs\u0259n Prezident Administrasiyas\u0131na, polisl\u0259r qoymur. Orada t\u0259kadaml\u0131q aksiya etdim. G\u00fcnah\u0131m\u0131z olsa, bel\u0259 risk\u0259 ged\u0259r\u0259m?&#8221;<\/em>.<\/p>\n\n\n<div class=\"wp-block-image\">\n<figure class=\"alignright size-full is-resized\"><img decoding=\"async\" data-src=\"https:\/\/www.meydan.tv\/wp-content\/uploads\/img-20240626-wa0030_720.jpg\" alt=\"\" class=\"wp-image-309566 lazyload\" style=\"--smush-placeholder-width: 332px; --smush-placeholder-aspect-ratio: 332\/719;width:309px;height:auto\" src=\"data:image\/svg+xml;base64,PHN2ZyB3aWR0aD0iMSIgaGVpZ2h0PSIxIiB4bWxucz0iaHR0cDovL3d3dy53My5vcmcvMjAwMC9zdmciPjwvc3ZnPg==\" \/><figcaption class=\"wp-element-caption\">Foto: Meydan TV<\/figcaption><\/figure>\n<\/div>\n\n\n<p><strong>&#8220;M\u0259hk\u0259m\u0259l\u0259r \u0259dal\u0259t deyil, x\u0259yan\u0259t yuvas\u0131d\u0131r&#8221;<\/strong><\/p>\n\n\n\n<p>T\u0259nha qad\u0131n \u0259dal\u0259t axtar\u0131\u015f\u0131ndad\u0131r. Deyir ki, sifari\u015fli h\u00f6kml\u0259r oxuyan&nbsp; m\u0259hk\u0259m\u0259l\u0259r onun g\u00f6z\u00fcnd\u0259 x\u0259yan\u0259t yuvas\u0131d\u0131r:<\/p>\n\n\n\n<p><em>&#8220;Ail\u0259 ba\u015f\u00e7\u0131s\u0131n\u0131 itirmi\u015f adamam. M\u0259n \u00f6lk\u0259 ba\u015f\u00e7\u0131s\u0131ndan v\u0259 aidiyy\u0259ti qurumlardan \u0259dal\u0259t ist\u0259yir\u0259m, ev, \u00e7\u00f6r\u0259k yox. \u00c7\u00f6km\u00fc\u015f\u0259m, asan deyil, 3 \u00f6vlada bax, h\u0259bsxanaya get v\u0259 \u015f\u0259rl\u0259 m\u00fcbariz\u0259 apar. M\u0259hk\u0259m\u0259l\u0259r \u0259dal\u0259t deyil, x\u0259yan\u0259t yuvas\u0131d\u0131r. Bu i\u015f yenid\u0259n ara\u015fd\u0131r\u0131ls\u0131n. G\u00fcnah\u0131 d\u0259lill\u0259 s\u00fcbut edilsin, \u0259g\u0259r g\u00fcnah\u0131 varsa, lap m\u0259ni d\u0259 h\u0259bs etsinl\u0259r. \u00d6vladlar\u0131m\u0131n atas\u0131 ail\u0259sinin ba\u015f\u0131nda olsun, t\u0259k ist\u0259yim budur&#8221;<\/em>.<\/p>\n\n\n\n<p><strong>&#8220;Bu i\u015fd\u0259 \u0259n real t\u0259tbiqetm\u0259 mexanizmi \u018ffv s\u0259r\u0259ncam\u0131d\u0131r&#8221;<\/strong><\/p>\n\n\n\n<p>H\u00fcquq m\u00fcdafi\u0259\u00e7isi R\u0259sul C\u0259f\u0259rov Meydan TV-y\u0259 deyib ki, hadis\u0259nin \u00fcst\u00fcnd\u0259n uzun zaman ke\u00e7ib. Ona g\u00f6r\u0259 d\u0259 bel\u0259 i\u015fl\u0259rd\u0259 h\u00fcququ anlamda ittiham\u0131n \u0259sass\u0131zl\u0131\u011f\u0131 il\u0259 ba\u011fl\u0131 add\u0131m atmaq, ad\u0259t\u0259n, gec olur.<\/p>\n\n\n\n<p>Onun fikrinc\u0259, yeni a\u00e7\u0131lm\u0131\u015f hallarla ba\u011fl\u0131 is\u0259 t\u0259tbiq olunan h\u00fcquqi konsepsiyan\u0131n praktiki t\u0259tbiqi is\u0259 olduqca \u00e7\u0259tindir:<\/p>\n\n\n\n<p><em>&#8220;Bu nadir hallarda ba\u015f verir. Yeni a\u00e7\u0131lm\u0131\u015f hal kimi \u00e7ox ciddi \u0259saslar ortal\u0131\u011fa qoyulmal\u0131d\u0131r. Bu\u00a0 hal is\u0259 odur ki, Apelyasiya v\u0259 Ali M\u0259hk\u0259m\u0259nin kassasiya \u015fikay\u0259tl\u0259ri var. Qanuni q\u00fcvv\u0259y\u0259 minmi\u015f m\u0259hk\u0259m\u0259 h\u00f6km\u00fcn\u0259 yenid\u0259n bax\u0131lmas\u0131 \u00fc\u00e7\u00fcn t\u0259r\u0259fl\u0259r\u0259 m\u0259lum olmayan hallar ortal\u0131\u011fa \u00e7\u0131xmal\u0131d\u0131r. Bu \u015f\u0259xsin qanuni \u0259ld\u0259 edilmi\u015f\u00a0 t\u0259qsirsizliyini s\u00fcbut ed\u0259c\u0259k s\u0259s yaz\u0131s\u0131, i\u015fg\u0259nc\u0259 fakt\u0131 ortaya \u00e7\u0131xa bil\u0259r. M\u0259s\u0259l\u0259n, &#8220;T\u0259rt\u0259r i\u015fi&#8221; kimi. Avropa M\u0259hk\u0259m\u0259sinin q\u0259rar\u0131 ola bil\u0259rdi, ancaq indiki halda bu i\u015f o m\u0259hk\u0259m\u0259y\u0259 q\u0259d\u0259r apar\u0131lmay\u0131b. Ona g\u00f6r\u0259 yeni a\u00e7\u0131lm\u0131\u015f hallarla ba\u011fl\u0131 n\u0259s\u0259 etm\u0259k \u00e7\u0259tin g\u00f6r\u00fcn\u00fcr&#8221;<\/em>.<\/p>\n\n\n\n<p><em>&#8220;Bu i\u015fd\u0259 \u0259n real t\u0259tbiqetm\u0259 mexanizmi \u018ffv s\u0259r\u0259ncam\u0131d\u0131r. \u018ffv s\u0259r\u0259ncam\u0131 il\u0259 azadl\u0131\u011fa burax\u0131la bil\u0259r. S\u0259r\u0259ncam\u0131n da\u00a0 d\u0259qiq vaxt\u0131 bilinmir. B\u0259zi ehtimallara g\u00f6r\u0259, 31 dekabr v\u0259 yaxud g\u0259l\u0259n ilin mart\u0131nda olaca\u011f\u0131 g\u00f6zl\u0259nilir. \u018fvv\u0259lki ill\u0259rd\u0259 martda bayram m\u00fcnasib\u0259ti il\u0259 \u0259fv s\u0259r\u0259ncam\u0131 imzalan\u0131b. Onun \u00fc\u00e7\u00fcn qeyri-m\u00fc\u0259yy\u0259n v\u0259ziyy\u0259tl\u0259 ba\u011fl\u0131\u00a0 n\u0259s\u0259 etm\u0259k \u00e7\u0259tindir. \u018ffv s\u0259r\u0259ncam\u0131n\u0131n vaxt\u0131 d\u0259qiql\u0259\u015fdiyi andan etibar\u0259n onda art\u0131q m\u00fcraci\u0259t etm\u0259k olar. O vaxta q\u0259d\u0259r \u015f\u0259xs\u0259 k\u0259silmi\u015f 10 il h\u0259bs d\u0259 yar\u0131dan ke\u00e7\u0259c\u0259k&#8221;<\/em>, &#8211; h\u00fcquq m\u00fcdafi\u0259\u00e7isi bel\u0259 deyib.<\/p>\n\n\n\n<p>V\u0259t\u0259nda\u015f\u0131n s\u0259sl\u0259ndirdiyi iddialarla ba\u011fl\u0131 D\u00f6vl\u0259t G\u00f6mr\u00fck Komit\u0259si v\u0259&nbsp; Daxili \u0130\u015fl\u0259r Nazirliyind\u0259n m\u00fcnasib\u0259t \u00f6yr\u0259nm\u0259k m\u00fcmk\u00fcn olmay\u0131b<\/p>\n\n\n\n<p><\/p>\n","protected":false},"excerpt":{"rendered":"<p>&#8220;D\u0259f\u0259l\u0259rl\u0259 m\u0259ktublar, teleqramlar g\u00f6nd\u0259rmi\u015f\u0259m, aksiyalar etmi\u015f\u0259m, ancaq baxan yoxdur&#8221; G\u00f6y\u00e7ay &#8230; <\/p>\n<p class=\"read-more-container\"><a title=\"\u018fri h\u0259bs olunan t\u0259nha qad\u0131n: &#8220;\u00d6lk\u0259 ba\u015f\u00e7\u0131s\u0131ndan \u00e7\u00f6r\u0259k yox, \u0259dal\u0259t ist\u0259yir\u0259m&#8221;\" class=\"read-more button\" href=\"https:\/\/www.meydan.tv\/az\/article\/eri-hebs-olunan-tenha-qadin-olke-bascisindan-corek-yox-edalet-isteyirem\/#more-309558\" aria-label=\"Read more about \u018fri h\u0259bs olunan t\u0259nha qad\u0131n: &#8220;\u00d6lk\u0259 ba\u015f\u00e7\u0131s\u0131ndan \u00e7\u00f6r\u0259k yox, \u0259dal\u0259t ist\u0259yir\u0259m&#8221;\">Davam\u0131<\/a><\/p>\n","protected":false},"author":21,"featured_media":309566,"comment_status":"closed","ping_status":"closed","sticky":false,"template":"","format":"standard","meta":{"_acf_changed":false,"_sitemap_exclude":false,"_sitemap_priority":"","_sitemap_frequency":"","footnotes":""},"categories":[60,79,56],"tags":[],"class_list":["post-309558","post","type-post","status-publish","format-standard","has-post-thumbnail","hentry","category-bolge","category-featured","category-xeberler","infinite-scroll-item","generate-columns","tablet-grid-50","mobile-grid-100","grid-parent","grid-33","no-featured-image-padding"],"acf":[],"yoast_head":"<!-- This site is optimized with the Yoast SEO plugin v27.4 - https:\/\/yoast.com\/product\/yoast-seo-wordpress\/ -->\n<title>\u018fri h\u0259bs olunan qad\u0131n: &quot;\u00d6lk\u0259 ba\u015f\u00e7\u0131s\u0131ndan \u0259dal\u0259t ist\u0259yir\u0259m&quot;<\/title>\n<meta name=\"description\" content=\"G\u00f6y\u00e7ay sakini Mollayeva K\u00fctahi S\u0259dulla q\u0131z\u0131 II qrup \u0259lil\u00a0 h\u0259yat yolda\u015f\u0131 Mollayev Vaqif Pa\u015fa o\u011flunun \u015f\u0259rl\u0259n\u0259r\u0259k h\u0259bs olundu\u011funu deyir.\" \/>\n<meta name=\"robots\" content=\"index, follow, max-snippet:-1, max-image-preview:large, max-video-preview:-1\" \/>\n<link rel=\"canonical\" href=\"https:\/\/www.meydan.tv\/az\/article\/eri-hebs-olunan-tenha-qadin-olke-bascisindan-corek-yox-edalet-isteyirem\/\" \/>\n<meta property=\"og:locale\" content=\"az_AZ\" \/>\n<meta property=\"og:type\" content=\"article\" \/>\n<meta property=\"og:title\" content=\"\u018fri h\u0259bs olunan qad\u0131n: &quot;\u00d6lk\u0259 ba\u015f\u00e7\u0131s\u0131ndan \u0259dal\u0259t ist\u0259yir\u0259m&quot;\" \/>\n<meta property=\"og:description\" content=\"G\u00f6y\u00e7ay sakini Mollayeva K\u00fctahi S\u0259dulla q\u0131z\u0131 II qrup \u0259lil\u00a0 h\u0259yat yolda\u015f\u0131 Mollayev Vaqif Pa\u015fa o\u011flunun \u015f\u0259rl\u0259n\u0259r\u0259k h\u0259bs olundu\u011funu deyir.\" \/>\n<meta property=\"og:url\" content=\"https:\/\/www.meydan.tv\/az\/article\/eri-hebs-olunan-tenha-qadin-olke-bascisindan-corek-yox-edalet-isteyirem\/\" \/>\n<meta property=\"og:site_name\" content=\"MEYDAN.TV\" \/>\n<meta property=\"article:published_time\" content=\"2024-07-03T09:50:15+00:00\" \/>\n<meta property=\"article:modified_time\" content=\"2024-07-03T09:50:18+00:00\" \/>\n<meta property=\"og:image\" content=\"https:\/\/www.meydan.tv\/wp-content\/uploads\/img-20240626-wa0030_720-e1720000171615.jpg\" \/>\n\t<meta property=\"og:image:width\" content=\"331\" \/>\n\t<meta property=\"og:image:height\" content=\"215\" \/>\n\t<meta property=\"og:image:type\" content=\"image\/jpeg\" \/>\n<meta name=\"author\" content=\"mahmud\" \/>\n<meta name=\"twitter:card\" content=\"summary_large_image\" \/>\n<script type=\"application\/ld+json\" class=\"yoast-schema-graph\">{\"@context\":\"https:\\\/\\\/schema.org\",\"@graph\":[{\"@type\":\"Article\",\"@id\":\"https:\\\/\\\/www.meydan.tv\\\/az\\\/article\\\/eri-hebs-olunan-tenha-qadin-olke-bascisindan-corek-yox-edalet-isteyirem\\\/#article\",\"isPartOf\":{\"@id\":\"https:\\\/\\\/www.meydan.tv\\\/az\\\/article\\\/eri-hebs-olunan-tenha-qadin-olke-bascisindan-corek-yox-edalet-isteyirem\\\/\"},\"author\":{\"name\":\"mahmud\",\"@id\":\"https:\\\/\\\/www.meydan.tv\\\/az\\\/#\\\/schema\\\/person\\\/09863e516102a829e72bedcf3f84c6b0\"},\"headline\":\"\u018fri h\u0259bs olunan t\u0259nha qad\u0131n: &#8220;\u00d6lk\u0259 ba\u015f\u00e7\u0131s\u0131ndan \u00e7\u00f6r\u0259k yox, \u0259dal\u0259t ist\u0259yir\u0259m&#8221;\",\"datePublished\":\"2024-07-03T09:50:15+00:00\",\"dateModified\":\"2024-07-03T09:50:18+00:00\",\"mainEntityOfPage\":{\"@id\":\"https:\\\/\\\/www.meydan.tv\\\/az\\\/article\\\/eri-hebs-olunan-tenha-qadin-olke-bascisindan-corek-yox-edalet-isteyirem\\\/\"},\"wordCount\":1843,\"publisher\":{\"@id\":\"https:\\\/\\\/www.meydan.tv\\\/az\\\/#organization\"},\"image\":{\"@id\":\"https:\\\/\\\/www.meydan.tv\\\/az\\\/article\\\/eri-hebs-olunan-tenha-qadin-olke-bascisindan-corek-yox-edalet-isteyirem\\\/#primaryimage\"},\"thumbnailUrl\":\"https:\\\/\\\/www.meydan.tv\\\/wp-content\\\/uploads\\\/img-20240626-wa0030_720-e1720000171615.jpg\",\"articleSection\":[\"B\u00f6lg\u0259\",\"T\u00f6vsiy\u0259\",\"X\u0259b\u0259rl\u0259r\"],\"inLanguage\":\"az\"},{\"@type\":\"WebPage\",\"@id\":\"https:\\\/\\\/www.meydan.tv\\\/az\\\/article\\\/eri-hebs-olunan-tenha-qadin-olke-bascisindan-corek-yox-edalet-isteyirem\\\/\",\"url\":\"https:\\\/\\\/www.meydan.tv\\\/az\\\/article\\\/eri-hebs-olunan-tenha-qadin-olke-bascisindan-corek-yox-edalet-isteyirem\\\/\",\"name\":\"\u018fri h\u0259bs olunan qad\u0131n: \\\"\u00d6lk\u0259 ba\u015f\u00e7\u0131s\u0131ndan \u0259dal\u0259t ist\u0259yir\u0259m\\\"\",\"isPartOf\":{\"@id\":\"https:\\\/\\\/www.meydan.tv\\\/az\\\/#website\"},\"primaryImageOfPage\":{\"@id\":\"https:\\\/\\\/www.meydan.tv\\\/az\\\/article\\\/eri-hebs-olunan-tenha-qadin-olke-bascisindan-corek-yox-edalet-isteyirem\\\/#primaryimage\"},\"image\":{\"@id\":\"https:\\\/\\\/www.meydan.tv\\\/az\\\/article\\\/eri-hebs-olunan-tenha-qadin-olke-bascisindan-corek-yox-edalet-isteyirem\\\/#primaryimage\"},\"thumbnailUrl\":\"https:\\\/\\\/www.meydan.tv\\\/wp-content\\\/uploads\\\/img-20240626-wa0030_720-e1720000171615.jpg\",\"datePublished\":\"2024-07-03T09:50:15+00:00\",\"dateModified\":\"2024-07-03T09:50:18+00:00\",\"description\":\"G\u00f6y\u00e7ay sakini Mollayeva K\u00fctahi S\u0259dulla q\u0131z\u0131 II qrup \u0259lil\u00a0 h\u0259yat yolda\u015f\u0131 Mollayev Vaqif Pa\u015fa o\u011flunun \u015f\u0259rl\u0259n\u0259r\u0259k h\u0259bs olundu\u011funu deyir.\",\"breadcrumb\":{\"@id\":\"https:\\\/\\\/www.meydan.tv\\\/az\\\/article\\\/eri-hebs-olunan-tenha-qadin-olke-bascisindan-corek-yox-edalet-isteyirem\\\/#breadcrumb\"},\"inLanguage\":\"az\",\"potentialAction\":[{\"@type\":\"ReadAction\",\"target\":[\"https:\\\/\\\/www.meydan.tv\\\/az\\\/article\\\/eri-hebs-olunan-tenha-qadin-olke-bascisindan-corek-yox-edalet-isteyirem\\\/\"]}]},{\"@type\":\"ImageObject\",\"inLanguage\":\"az\",\"@id\":\"https:\\\/\\\/www.meydan.tv\\\/az\\\/article\\\/eri-hebs-olunan-tenha-qadin-olke-bascisindan-corek-yox-edalet-isteyirem\\\/#primaryimage\",\"url\":\"https:\\\/\\\/www.meydan.tv\\\/wp-content\\\/uploads\\\/img-20240626-wa0030_720-e1720000171615.jpg\",\"contentUrl\":\"https:\\\/\\\/www.meydan.tv\\\/wp-content\\\/uploads\\\/img-20240626-wa0030_720-e1720000171615.jpg\",\"width\":331,\"height\":215,\"caption\":\"Foto: Meydan TV\"},{\"@type\":\"BreadcrumbList\",\"@id\":\"https:\\\/\\\/www.meydan.tv\\\/az\\\/article\\\/eri-hebs-olunan-tenha-qadin-olke-bascisindan-corek-yox-edalet-isteyirem\\\/#breadcrumb\",\"itemListElement\":[{\"@type\":\"ListItem\",\"position\":1,\"name\":\"Ana s\u0259hif\u0259\",\"item\":\"https:\\\/\\\/www.meydan.tv\\\/az\\\/\"},{\"@type\":\"ListItem\",\"position\":2,\"name\":\"B\u00f6lg\u0259\",\"item\":\"https:\\\/\\\/www.meydan.tv\\\/az\\\/section\\\/bolge\\\/\"},{\"@type\":\"ListItem\",\"position\":3,\"name\":\"\u018fri h\u0259bs olunan t\u0259nha qad\u0131n: &#8220;\u00d6lk\u0259 ba\u015f\u00e7\u0131s\u0131ndan \u00e7\u00f6r\u0259k yox, \u0259dal\u0259t ist\u0259yir\u0259m&#8221;\"}]},{\"@type\":\"WebSite\",\"@id\":\"https:\\\/\\\/www.meydan.tv\\\/az\\\/#website\",\"url\":\"https:\\\/\\\/www.meydan.tv\\\/az\\\/\",\"name\":\"MEYDAN.TV\",\"description\":\"Meydan TV Az\u0259rbaycan\u0131n media m\u0259kan\u0131ndak\u0131 alternativ s\u0259sidir\",\"publisher\":{\"@id\":\"https:\\\/\\\/www.meydan.tv\\\/az\\\/#organization\"},\"potentialAction\":[{\"@type\":\"SearchAction\",\"target\":{\"@type\":\"EntryPoint\",\"urlTemplate\":\"https:\\\/\\\/www.meydan.tv\\\/az\\\/?s={search_term_string}\"},\"query-input\":{\"@type\":\"PropertyValueSpecification\",\"valueRequired\":true,\"valueName\":\"search_term_string\"}}],\"inLanguage\":\"az\"},{\"@type\":\"Organization\",\"@id\":\"https:\\\/\\\/www.meydan.tv\\\/az\\\/#organization\",\"name\":\"Meydan TV\",\"url\":\"https:\\\/\\\/www.meydan.tv\\\/az\\\/\",\"logo\":{\"@type\":\"ImageObject\",\"inLanguage\":\"az\",\"@id\":\"https:\\\/\\\/www.meydan.tv\\\/az\\\/#\\\/schema\\\/logo\\\/image\\\/\",\"url\":\"https:\\\/\\\/www.meydan.tv\\\/wp-content\\\/uploads\\\/2021\\\/07\\\/meydan-logo.svg\",\"contentUrl\":\"https:\\\/\\\/www.meydan.tv\\\/wp-content\\\/uploads\\\/2021\\\/07\\\/meydan-logo.svg\",\"width\":195,\"height\":46,\"caption\":\"Meydan TV\"},\"image\":{\"@id\":\"https:\\\/\\\/www.meydan.tv\\\/az\\\/#\\\/schema\\\/logo\\\/image\\\/\"}},{\"@type\":\"Person\",\"@id\":\"https:\\\/\\\/www.meydan.tv\\\/az\\\/#\\\/schema\\\/person\\\/09863e516102a829e72bedcf3f84c6b0\",\"name\":\"mahmud\"}]}<\/script>\n<!-- \/ Yoast SEO plugin. -->","yoast_head_json":{"title":"\u018fri h\u0259bs olunan qad\u0131n: \"\u00d6lk\u0259 ba\u015f\u00e7\u0131s\u0131ndan \u0259dal\u0259t ist\u0259yir\u0259m\"","description":"G\u00f6y\u00e7ay sakini Mollayeva K\u00fctahi S\u0259dulla q\u0131z\u0131 II qrup \u0259lil\u00a0 h\u0259yat yolda\u015f\u0131 Mollayev Vaqif Pa\u015fa o\u011flunun \u015f\u0259rl\u0259n\u0259r\u0259k h\u0259bs olundu\u011funu deyir.","robots":{"index":"index","follow":"follow","max-snippet":"max-snippet:-1","max-image-preview":"max-image-preview:large","max-video-preview":"max-video-preview:-1"},"canonical":"https:\/\/www.meydan.tv\/az\/article\/eri-hebs-olunan-tenha-qadin-olke-bascisindan-corek-yox-edalet-isteyirem\/","og_locale":"az_AZ","og_type":"article","og_title":"\u018fri h\u0259bs olunan qad\u0131n: \"\u00d6lk\u0259 ba\u015f\u00e7\u0131s\u0131ndan \u0259dal\u0259t ist\u0259yir\u0259m\"","og_description":"G\u00f6y\u00e7ay sakini Mollayeva K\u00fctahi S\u0259dulla q\u0131z\u0131 II qrup \u0259lil\u00a0 h\u0259yat yolda\u015f\u0131 Mollayev Vaqif Pa\u015fa o\u011flunun \u015f\u0259rl\u0259n\u0259r\u0259k h\u0259bs olundu\u011funu deyir.","og_url":"https:\/\/www.meydan.tv\/az\/article\/eri-hebs-olunan-tenha-qadin-olke-bascisindan-corek-yox-edalet-isteyirem\/","og_site_name":"MEYDAN.TV","article_published_time":"2024-07-03T09:50:15+00:00","article_modified_time":"2024-07-03T09:50:18+00:00","og_image":[{"width":331,"height":215,"url":"https:\/\/www.meydan.tv\/wp-content\/uploads\/img-20240626-wa0030_720-e1720000171615.jpg","type":"image\/jpeg"}],"author":"mahmud","twitter_card":"summary_large_image","schema":{"@context":"https:\/\/schema.org","@graph":[{"@type":"Article","@id":"https:\/\/www.meydan.tv\/az\/article\/eri-hebs-olunan-tenha-qadin-olke-bascisindan-corek-yox-edalet-isteyirem\/#article","isPartOf":{"@id":"https:\/\/www.meydan.tv\/az\/article\/eri-hebs-olunan-tenha-qadin-olke-bascisindan-corek-yox-edalet-isteyirem\/"},"author":{"name":"mahmud","@id":"https:\/\/www.meydan.tv\/az\/#\/schema\/person\/09863e516102a829e72bedcf3f84c6b0"},"headline":"\u018fri h\u0259bs olunan t\u0259nha qad\u0131n: &#8220;\u00d6lk\u0259 ba\u015f\u00e7\u0131s\u0131ndan \u00e7\u00f6r\u0259k yox, \u0259dal\u0259t ist\u0259yir\u0259m&#8221;","datePublished":"2024-07-03T09:50:15+00:00","dateModified":"2024-07-03T09:50:18+00:00","mainEntityOfPage":{"@id":"https:\/\/www.meydan.tv\/az\/article\/eri-hebs-olunan-tenha-qadin-olke-bascisindan-corek-yox-edalet-isteyirem\/"},"wordCount":1843,"publisher":{"@id":"https:\/\/www.meydan.tv\/az\/#organization"},"image":{"@id":"https:\/\/www.meydan.tv\/az\/article\/eri-hebs-olunan-tenha-qadin-olke-bascisindan-corek-yox-edalet-isteyirem\/#primaryimage"},"thumbnailUrl":"https:\/\/www.meydan.tv\/wp-content\/uploads\/img-20240626-wa0030_720-e1720000171615.jpg","articleSection":["B\u00f6lg\u0259","T\u00f6vsiy\u0259","X\u0259b\u0259rl\u0259r"],"inLanguage":"az"},{"@type":"WebPage","@id":"https:\/\/www.meydan.tv\/az\/article\/eri-hebs-olunan-tenha-qadin-olke-bascisindan-corek-yox-edalet-isteyirem\/","url":"https:\/\/www.meydan.tv\/az\/article\/eri-hebs-olunan-tenha-qadin-olke-bascisindan-corek-yox-edalet-isteyirem\/","name":"\u018fri h\u0259bs olunan qad\u0131n: \"\u00d6lk\u0259 ba\u015f\u00e7\u0131s\u0131ndan \u0259dal\u0259t ist\u0259yir\u0259m\"","isPartOf":{"@id":"https:\/\/www.meydan.tv\/az\/#website"},"primaryImageOfPage":{"@id":"https:\/\/www.meydan.tv\/az\/article\/eri-hebs-olunan-tenha-qadin-olke-bascisindan-corek-yox-edalet-isteyirem\/#primaryimage"},"image":{"@id":"https:\/\/www.meydan.tv\/az\/article\/eri-hebs-olunan-tenha-qadin-olke-bascisindan-corek-yox-edalet-isteyirem\/#primaryimage"},"thumbnailUrl":"https:\/\/www.meydan.tv\/wp-content\/uploads\/img-20240626-wa0030_720-e1720000171615.jpg","datePublished":"2024-07-03T09:50:15+00:00","dateModified":"2024-07-03T09:50:18+00:00","description":"G\u00f6y\u00e7ay sakini Mollayeva K\u00fctahi S\u0259dulla q\u0131z\u0131 II qrup \u0259lil\u00a0 h\u0259yat yolda\u015f\u0131 Mollayev Vaqif Pa\u015fa o\u011flunun \u015f\u0259rl\u0259n\u0259r\u0259k h\u0259bs olundu\u011funu deyir.","breadcrumb":{"@id":"https:\/\/www.meydan.tv\/az\/article\/eri-hebs-olunan-tenha-qadin-olke-bascisindan-corek-yox-edalet-isteyirem\/#breadcrumb"},"inLanguage":"az","potentialAction":[{"@type":"ReadAction","target":["https:\/\/www.meydan.tv\/az\/article\/eri-hebs-olunan-tenha-qadin-olke-bascisindan-corek-yox-edalet-isteyirem\/"]}]},{"@type":"ImageObject","inLanguage":"az","@id":"https:\/\/www.meydan.tv\/az\/article\/eri-hebs-olunan-tenha-qadin-olke-bascisindan-corek-yox-edalet-isteyirem\/#primaryimage","url":"https:\/\/www.meydan.tv\/wp-content\/uploads\/img-20240626-wa0030_720-e1720000171615.jpg","contentUrl":"https:\/\/www.meydan.tv\/wp-content\/uploads\/img-20240626-wa0030_720-e1720000171615.jpg","width":331,"height":215,"caption":"Foto: Meydan TV"},{"@type":"BreadcrumbList","@id":"https:\/\/www.meydan.tv\/az\/article\/eri-hebs-olunan-tenha-qadin-olke-bascisindan-corek-yox-edalet-isteyirem\/#breadcrumb","itemListElement":[{"@type":"ListItem","position":1,"name":"Ana s\u0259hif\u0259","item":"https:\/\/www.meydan.tv\/az\/"},{"@type":"ListItem","position":2,"name":"B\u00f6lg\u0259","item":"https:\/\/www.meydan.tv\/az\/section\/bolge\/"},{"@type":"ListItem","position":3,"name":"\u018fri h\u0259bs olunan t\u0259nha qad\u0131n: &#8220;\u00d6lk\u0259 ba\u015f\u00e7\u0131s\u0131ndan \u00e7\u00f6r\u0259k yox, \u0259dal\u0259t ist\u0259yir\u0259m&#8221;"}]},{"@type":"WebSite","@id":"https:\/\/www.meydan.tv\/az\/#website","url":"https:\/\/www.meydan.tv\/az\/","name":"MEYDAN.TV","description":"Meydan TV Az\u0259rbaycan\u0131n media m\u0259kan\u0131ndak\u0131 alternativ s\u0259sidir","publisher":{"@id":"https:\/\/www.meydan.tv\/az\/#organization"},"potentialAction":[{"@type":"SearchAction","target":{"@type":"EntryPoint","urlTemplate":"https:\/\/www.meydan.tv\/az\/?s={search_term_string}"},"query-input":{"@type":"PropertyValueSpecification","valueRequired":true,"valueName":"search_term_string"}}],"inLanguage":"az"},{"@type":"Organization","@id":"https:\/\/www.meydan.tv\/az\/#organization","name":"Meydan TV","url":"https:\/\/www.meydan.tv\/az\/","logo":{"@type":"ImageObject","inLanguage":"az","@id":"https:\/\/www.meydan.tv\/az\/#\/schema\/logo\/image\/","url":"https:\/\/www.meydan.tv\/wp-content\/uploads\/2021\/07\/meydan-logo.svg","contentUrl":"https:\/\/www.meydan.tv\/wp-content\/uploads\/2021\/07\/meydan-logo.svg","width":195,"height":46,"caption":"Meydan TV"},"image":{"@id":"https:\/\/www.meydan.tv\/az\/#\/schema\/logo\/image\/"}},{"@type":"Person","@id":"https:\/\/www.meydan.tv\/az\/#\/schema\/person\/09863e516102a829e72bedcf3f84c6b0","name":"mahmud"}]}},"_links":{"self":[{"href":"https:\/\/www.meydan.tv\/az\/wp-json\/wp\/v2\/posts\/309558","targetHints":{"allow":["GET"]}}],"collection":[{"href":"https:\/\/www.meydan.tv\/az\/wp-json\/wp\/v2\/posts"}],"about":[{"href":"https:\/\/www.meydan.tv\/az\/wp-json\/wp\/v2\/types\/post"}],"author":[{"embeddable":true,"href":"https:\/\/www.meydan.tv\/az\/wp-json\/wp\/v2\/users\/21"}],"replies":[{"embeddable":true,"href":"https:\/\/www.meydan.tv\/az\/wp-json\/wp\/v2\/comments?post=309558"}],"version-history":[{"count":1,"href":"https:\/\/www.meydan.tv\/az\/wp-json\/wp\/v2\/posts\/309558\/revisions"}],"predecessor-version":[{"id":309572,"href":"https:\/\/www.meydan.tv\/az\/wp-json\/wp\/v2\/posts\/309558\/revisions\/309572"}],"wp:featuredmedia":[{"embeddable":true,"href":"https:\/\/www.meydan.tv\/az\/wp-json\/wp\/v2\/media\/309566"}],"wp:attachment":[{"href":"https:\/\/www.meydan.tv\/az\/wp-json\/wp\/v2\/media?parent=309558"}],"wp:term":[{"taxonomy":"category","embeddable":true,"href":"https:\/\/www.meydan.tv\/az\/wp-json\/wp\/v2\/categories?post=309558"},{"taxonomy":"post_tag","embeddable":true,"href":"https:\/\/www.meydan.tv\/az\/wp-json\/wp\/v2\/tags?post=309558"}],"curies":[{"name":"wp","href":"https:\/\/api.w.org\/{rel}","templated":true}]}}