{"id":309510,"date":"2024-07-02T18:52:11","date_gmt":"2024-07-02T14:52:11","guid":{"rendered":"https:\/\/www.meydan.tv\/?p=309510"},"modified":"2024-07-02T18:52:15","modified_gmt":"2024-07-02T14:52:15","slug":"msk-sedri-seckileri-musahide-etmek-ucun-30-a-yaxin-beynelxalq-teskilata-devet-gonderecek","status":"publish","type":"post","link":"https:\/\/www.meydan.tv\/az\/article\/msk-sedri-seckileri-musahide-etmek-ucun-30-a-yaxin-beynelxalq-teskilata-devet-gonderecek\/","title":{"rendered":"MSK s\u0259dri: &#8220;Se\u00e7kil\u0259ri m\u00fc\u015fahid\u0259 etm\u0259k \u00fc\u00e7\u00fcn 30-a yax\u0131n beyn\u0259lxalq t\u0259\u015fkilata d\u0259v\u0259t g\u00f6nd\u0259ril\u0259c\u0259k&#8221;"},"content":{"rendered":"\n<p><\/p>\n\n\n\n<p><strong><em>M\u0259zahir P\u0259nahov d\u0259v\u0259t g\u00f6nd\u0259ril\u0259c\u0259k t\u0259\u015fkilatlar\u0131n adlar\u0131n\u0131 a\u00e7\u0131qlamay\u0131b<\/em><\/strong><\/p>\n\n\n\n<p>M\u0259rk\u0259zi Se\u00e7ki Komissiyas\u0131n\u0131n (MSK) s\u0259dri M\u0259zahir P\u0259nahov qurumun bug\u00fcnk\u00fc iclas\u0131nda deyib ki, sentyabr\u0131n 1-d\u0259 ke\u00e7iril\u0259c\u0259k n\u00f6vb\u0259d\u0259nk\u0259nar parlament se\u00e7kil\u0259rinin monitorinqinin apar\u0131lmas\u0131 \u00fc\u00e7\u00fcn 30-a yax\u0131n beyn\u0259lxalq t\u0259\u015fkilata d\u0259v\u0259t g\u00f6nd\u0259ril\u0259c\u0259k.<\/p>\n\n\n\n<p>Bu bar\u0259d\u0259 &#8220;Turan&#8221; agentliyi <a href=\"https:\/\/turan.az\/az\/siyaset\/merkezi-secki-komissiyasi-parlament-seckilerini-musahide-etmeye-kimleri-devet-edecek\">m\u0259lumat<\/a> yay\u0131b.<\/p>\n\n\n\n<p>Bildirilir ki, MSK s\u0259dri konkret olaraq hans\u0131 t\u0259\u015fkilatlara d\u0259v\u0259t g\u00f6nd\u0259ril\u0259c\u0259yini a\u00e7\u0131qlamay\u0131b.<\/p>\n\n\n\n<p>\u0130clas zaman\u0131 P\u0259nahov x\u0259b\u0259rdarl\u0131q edib ki, se\u00e7kil\u0259r zaman\u0131 m\u00fc\u015fahid\u0259\u00e7il\u0259r\u0259 mane\u0259l\u0259r olmamal\u0131d\u0131r.<\/p>\n\n\n\n<p>Bug\u00fcnk\u00fc iclasda Respublika\u00e7\u0131 Alternativ, A\u011f v\u0259 V\u0259t\u0259nda\u015f H\u0259mr\u0259yliyi partiyalar\u0131n\u0131n n\u00f6vb\u0259d\u0259nk\u0259nar parlament se\u00e7kil\u0259rind\u0259 s\u0259lahiyy\u0259tli n\u00fcmay\u0259nd\u0259l\u0259ri qeyd\u0259 al\u0131n\u0131b.<\/p>\n\n\n\n<p>Eyni zamanda, MSK s\u0259dri se\u00e7ici siyah\u0131lar\u0131n\u0131n d\u0259qiql\u0259\u015fm\u0259si il\u0259 ba\u011fl\u0131 tap\u015f\u0131r\u0131q verib.<\/p>\n\n\n\n<p>O deyib ki, proses s\u0259sverm\u0259y\u0259 25 g\u00fcn qalm\u0131\u015f bitm\u0259lidir:<\/p>\n\n\n\n<p><em>&#8220;Kimins\u0259 ad\u0131 obyektiv v\u0259 ya subyektiv s\u0259b\u0259bd\u0259n siyah\u0131ya d\u00fc\u015fm\u0259yibs\u0259, b\u00fct\u00fcn m\u0259nt\u0259q\u0259l\u0259r\u0259 m\u00fcvafiq tap\u015f\u0131r\u0131q verilm\u0259li, \u0259lav\u0259 siyah\u0131ya daxil edilm\u0259lidirl\u0259r\u201d<\/em>.<\/p>\n\n\n\n<p>O bildirib ki, kimins\u0259 m\u00fcraci\u0259t etm\u0259si, amma s\u0259sverm\u0259y\u0259 imkan yarad\u0131lmamas\u0131 fakt\u0131 h\u0259l\u0259 olmay\u0131b.<\/p>\n\n\n\n<p>P\u0259nahov Nax\u00e7\u0131van Muxtar Respublikas\u0131ndak\u0131 se\u00e7ki m\u0259nt\u0259q\u0259l\u0259rind\u0259 avadanl\u0131qlarla ba\u011fl\u0131 q\u0131tl\u0131\u011f\u0131n oldu\u011funu deyib:<\/p>\n\n\n\n<p><em>\u201cOradak\u0131 se\u00e7ki m\u0259nt\u0259q\u0259l\u0259ri laz\u0131mi avadanl\u0131qlarla t\u0259min edil\u0259c\u0259k&#8221;<\/em>.<\/p>\n\n\n\n<p>7 fevral 2024-c\u00fc ild\u0259 n\u00f6vb\u0259d\u0259nk\u0259nar prezident se\u00e7kil\u0259rind\u0259 Avropa \u015euras\u0131 Parlament Assambleyas\u0131n\u0131n n\u00fcmay\u0259nd\u0259 hey\u0259tinin d\u0259v\u0259t edilm\u0259m\u0259si Az\u0259rbaycan Milli M\u0259clisinin n\u00fcmay\u0259nd\u0259 hey\u0259tinin bu t\u0259\u015fkilatda s\u0259lahiyy\u0259tl\u0259rinin dayand\u0131r\u0131lmas\u0131na s\u0259b\u0259b olub.<\/p>\n","protected":false},"excerpt":{"rendered":"<p>M\u0259zahir P\u0259nahov d\u0259v\u0259t g\u00f6nd\u0259ril\u0259c\u0259k t\u0259\u015fkilatlar\u0131n adlar\u0131n\u0131 a\u00e7\u0131qlamay\u0131b M\u0259rk\u0259zi Se\u00e7ki Komissiyas\u0131n\u0131n &#8230; <\/p>\n<p class=\"read-more-container\"><a title=\"MSK s\u0259dri: &#8220;Se\u00e7kil\u0259ri m\u00fc\u015fahid\u0259 etm\u0259k \u00fc\u00e7\u00fcn 30-a yax\u0131n beyn\u0259lxalq t\u0259\u015fkilata d\u0259v\u0259t g\u00f6nd\u0259ril\u0259c\u0259k&#8221;\" class=\"read-more button\" href=\"https:\/\/www.meydan.tv\/az\/article\/msk-sedri-seckileri-musahide-etmek-ucun-30-a-yaxin-beynelxalq-teskilata-devet-gonderecek\/#more-309510\" aria-label=\"Read more about MSK s\u0259dri: &#8220;Se\u00e7kil\u0259ri m\u00fc\u015fahid\u0259 etm\u0259k \u00fc\u00e7\u00fcn 30-a yax\u0131n beyn\u0259lxalq t\u0259\u015fkilata d\u0259v\u0259t g\u00f6nd\u0259ril\u0259c\u0259k&#8221;\">Davam\u0131<\/a><\/p>\n","protected":false},"author":21,"featured_media":309515,"comment_status":"closed","ping_status":"closed","sticky":false,"template":"","format":"standard","meta":{"_acf_changed":false,"_sitemap_exclude":false,"_sitemap_priority":"","_sitemap_frequency":"","footnotes":""},"categories":[129,59,56],"tags":[],"class_list":["post-309510","post","type-post","status-publish","format-standard","has-post-thumbnail","hentry","category-sechki-2024","category-siyaset","category-xeberler","infinite-scroll-item","generate-columns","tablet-grid-50","mobile-grid-100","grid-parent","grid-33","no-featured-image-padding"],"acf":[],"yoast_head":"<!-- This site is optimized with the Yoast SEO plugin v27.4 - https:\/\/yoast.com\/product\/yoast-seo-wordpress\/ -->\n<title>MSK s\u0259dri: &quot;30-a yax\u0131n beyn\u0259lxalq t\u0259\u015fkilata d\u0259v\u0259t g\u00f6nd\u0259ril\u0259c\u0259k&quot;<\/title>\n<meta name=\"description\" content=\"M\u0259zahir P\u0259nahov deyib ki, n\u00f6vb\u0259d\u0259nk\u0259nar parlament se\u00e7kil\u0259rini m\u00fc\u015fahid\u0259 etm\u0259k \u00fc\u00e7\u00fcn 30-a yax\u0131n beyn\u0259lxalq t\u0259\u015fkilata d\u0259v\u0259t g\u00f6nd\u0259ril\u0259c\u0259k.\" \/>\n<meta name=\"robots\" content=\"index, follow, max-snippet:-1, max-image-preview:large, max-video-preview:-1\" \/>\n<link rel=\"canonical\" href=\"https:\/\/www.meydan.tv\/az\/article\/msk-sedri-seckileri-musahide-etmek-ucun-30-a-yaxin-beynelxalq-teskilata-devet-gonderecek\/\" \/>\n<meta property=\"og:locale\" content=\"az_AZ\" \/>\n<meta property=\"og:type\" content=\"article\" \/>\n<meta property=\"og:title\" content=\"MSK s\u0259dri: &quot;30-a yax\u0131n beyn\u0259lxalq t\u0259\u015fkilata d\u0259v\u0259t g\u00f6nd\u0259ril\u0259c\u0259k&quot;\" \/>\n<meta property=\"og:description\" content=\"M\u0259zahir P\u0259nahov deyib ki, n\u00f6vb\u0259d\u0259nk\u0259nar parlament se\u00e7kil\u0259rini m\u00fc\u015fahid\u0259 etm\u0259k \u00fc\u00e7\u00fcn 30-a yax\u0131n beyn\u0259lxalq t\u0259\u015fkilata d\u0259v\u0259t g\u00f6nd\u0259ril\u0259c\u0259k.\" \/>\n<meta property=\"og:url\" content=\"https:\/\/www.meydan.tv\/az\/article\/msk-sedri-seckileri-musahide-etmek-ucun-30-a-yaxin-beynelxalq-teskilata-devet-gonderecek\/\" \/>\n<meta property=\"og:site_name\" content=\"MEYDAN.TV\" \/>\n<meta property=\"article:published_time\" content=\"2024-07-02T14:52:11+00:00\" \/>\n<meta property=\"article:modified_time\" content=\"2024-07-02T14:52:15+00:00\" \/>\n<meta property=\"og:image\" content=\"https:\/\/www.meydan.tv\/wp-content\/uploads\/1582035136678660060_1200x630.jpg\" \/>\n\t<meta property=\"og:image:width\" content=\"923\" \/>\n\t<meta property=\"og:image:height\" content=\"630\" \/>\n\t<meta property=\"og:image:type\" content=\"image\/jpeg\" \/>\n<meta name=\"author\" content=\"mahmud\" \/>\n<meta name=\"twitter:card\" content=\"summary_large_image\" \/>\n<script type=\"application\/ld+json\" class=\"yoast-schema-graph\">{\"@context\":\"https:\\\/\\\/schema.org\",\"@graph\":[{\"@type\":\"Article\",\"@id\":\"https:\\\/\\\/www.meydan.tv\\\/az\\\/article\\\/msk-sedri-seckileri-musahide-etmek-ucun-30-a-yaxin-beynelxalq-teskilata-devet-gonderecek\\\/#article\",\"isPartOf\":{\"@id\":\"https:\\\/\\\/www.meydan.tv\\\/az\\\/article\\\/msk-sedri-seckileri-musahide-etmek-ucun-30-a-yaxin-beynelxalq-teskilata-devet-gonderecek\\\/\"},\"author\":{\"name\":\"mahmud\",\"@id\":\"https:\\\/\\\/www.meydan.tv\\\/az\\\/#\\\/schema\\\/person\\\/09863e516102a829e72bedcf3f84c6b0\"},\"headline\":\"MSK s\u0259dri: &#8220;Se\u00e7kil\u0259ri m\u00fc\u015fahid\u0259 etm\u0259k \u00fc\u00e7\u00fcn 30-a yax\u0131n beyn\u0259lxalq t\u0259\u015fkilata d\u0259v\u0259t g\u00f6nd\u0259ril\u0259c\u0259k&#8221;\",\"datePublished\":\"2024-07-02T14:52:11+00:00\",\"dateModified\":\"2024-07-02T14:52:15+00:00\",\"mainEntityOfPage\":{\"@id\":\"https:\\\/\\\/www.meydan.tv\\\/az\\\/article\\\/msk-sedri-seckileri-musahide-etmek-ucun-30-a-yaxin-beynelxalq-teskilata-devet-gonderecek\\\/\"},\"wordCount\":381,\"publisher\":{\"@id\":\"https:\\\/\\\/www.meydan.tv\\\/az\\\/#organization\"},\"image\":{\"@id\":\"https:\\\/\\\/www.meydan.tv\\\/az\\\/article\\\/msk-sedri-seckileri-musahide-etmek-ucun-30-a-yaxin-beynelxalq-teskilata-devet-gonderecek\\\/#primaryimage\"},\"thumbnailUrl\":\"https:\\\/\\\/www.meydan.tv\\\/wp-content\\\/uploads\\\/1582035136678660060_1200x630.jpg\",\"articleSection\":[\"Se\u00e7ki 2024\",\"Siyas\u0259t\",\"X\u0259b\u0259rl\u0259r\"],\"inLanguage\":\"az\"},{\"@type\":\"WebPage\",\"@id\":\"https:\\\/\\\/www.meydan.tv\\\/az\\\/article\\\/msk-sedri-seckileri-musahide-etmek-ucun-30-a-yaxin-beynelxalq-teskilata-devet-gonderecek\\\/\",\"url\":\"https:\\\/\\\/www.meydan.tv\\\/az\\\/article\\\/msk-sedri-seckileri-musahide-etmek-ucun-30-a-yaxin-beynelxalq-teskilata-devet-gonderecek\\\/\",\"name\":\"MSK s\u0259dri: \\\"30-a yax\u0131n beyn\u0259lxalq t\u0259\u015fkilata d\u0259v\u0259t g\u00f6nd\u0259ril\u0259c\u0259k\\\"\",\"isPartOf\":{\"@id\":\"https:\\\/\\\/www.meydan.tv\\\/az\\\/#website\"},\"primaryImageOfPage\":{\"@id\":\"https:\\\/\\\/www.meydan.tv\\\/az\\\/article\\\/msk-sedri-seckileri-musahide-etmek-ucun-30-a-yaxin-beynelxalq-teskilata-devet-gonderecek\\\/#primaryimage\"},\"image\":{\"@id\":\"https:\\\/\\\/www.meydan.tv\\\/az\\\/article\\\/msk-sedri-seckileri-musahide-etmek-ucun-30-a-yaxin-beynelxalq-teskilata-devet-gonderecek\\\/#primaryimage\"},\"thumbnailUrl\":\"https:\\\/\\\/www.meydan.tv\\\/wp-content\\\/uploads\\\/1582035136678660060_1200x630.jpg\",\"datePublished\":\"2024-07-02T14:52:11+00:00\",\"dateModified\":\"2024-07-02T14:52:15+00:00\",\"description\":\"M\u0259zahir P\u0259nahov deyib ki, n\u00f6vb\u0259d\u0259nk\u0259nar parlament se\u00e7kil\u0259rini m\u00fc\u015fahid\u0259 etm\u0259k \u00fc\u00e7\u00fcn 30-a yax\u0131n beyn\u0259lxalq t\u0259\u015fkilata d\u0259v\u0259t g\u00f6nd\u0259ril\u0259c\u0259k.\",\"breadcrumb\":{\"@id\":\"https:\\\/\\\/www.meydan.tv\\\/az\\\/article\\\/msk-sedri-seckileri-musahide-etmek-ucun-30-a-yaxin-beynelxalq-teskilata-devet-gonderecek\\\/#breadcrumb\"},\"inLanguage\":\"az\",\"potentialAction\":[{\"@type\":\"ReadAction\",\"target\":[\"https:\\\/\\\/www.meydan.tv\\\/az\\\/article\\\/msk-sedri-seckileri-musahide-etmek-ucun-30-a-yaxin-beynelxalq-teskilata-devet-gonderecek\\\/\"]}]},{\"@type\":\"ImageObject\",\"inLanguage\":\"az\",\"@id\":\"https:\\\/\\\/www.meydan.tv\\\/az\\\/article\\\/msk-sedri-seckileri-musahide-etmek-ucun-30-a-yaxin-beynelxalq-teskilata-devet-gonderecek\\\/#primaryimage\",\"url\":\"https:\\\/\\\/www.meydan.tv\\\/wp-content\\\/uploads\\\/1582035136678660060_1200x630.jpg\",\"contentUrl\":\"https:\\\/\\\/www.meydan.tv\\\/wp-content\\\/uploads\\\/1582035136678660060_1200x630.jpg\",\"width\":923,\"height\":630,\"caption\":\"M\u0259zahir P\u0259nahov. Foto: Az\u0259rtac\"},{\"@type\":\"BreadcrumbList\",\"@id\":\"https:\\\/\\\/www.meydan.tv\\\/az\\\/article\\\/msk-sedri-seckileri-musahide-etmek-ucun-30-a-yaxin-beynelxalq-teskilata-devet-gonderecek\\\/#breadcrumb\",\"itemListElement\":[{\"@type\":\"ListItem\",\"position\":1,\"name\":\"Ana s\u0259hif\u0259\",\"item\":\"https:\\\/\\\/www.meydan.tv\\\/az\\\/\"},{\"@type\":\"ListItem\",\"position\":2,\"name\":\"Siyas\u0259t\",\"item\":\"https:\\\/\\\/www.meydan.tv\\\/az\\\/section\\\/siyaset\\\/\"},{\"@type\":\"ListItem\",\"position\":3,\"name\":\"MSK s\u0259dri: &#8220;Se\u00e7kil\u0259ri m\u00fc\u015fahid\u0259 etm\u0259k \u00fc\u00e7\u00fcn 30-a yax\u0131n beyn\u0259lxalq t\u0259\u015fkilata d\u0259v\u0259t g\u00f6nd\u0259ril\u0259c\u0259k&#8221;\"}]},{\"@type\":\"WebSite\",\"@id\":\"https:\\\/\\\/www.meydan.tv\\\/az\\\/#website\",\"url\":\"https:\\\/\\\/www.meydan.tv\\\/az\\\/\",\"name\":\"MEYDAN.TV\",\"description\":\"Meydan TV Az\u0259rbaycan\u0131n media m\u0259kan\u0131ndak\u0131 alternativ s\u0259sidir\",\"publisher\":{\"@id\":\"https:\\\/\\\/www.meydan.tv\\\/az\\\/#organization\"},\"potentialAction\":[{\"@type\":\"SearchAction\",\"target\":{\"@type\":\"EntryPoint\",\"urlTemplate\":\"https:\\\/\\\/www.meydan.tv\\\/az\\\/?s={search_term_string}\"},\"query-input\":{\"@type\":\"PropertyValueSpecification\",\"valueRequired\":true,\"valueName\":\"search_term_string\"}}],\"inLanguage\":\"az\"},{\"@type\":\"Organization\",\"@id\":\"https:\\\/\\\/www.meydan.tv\\\/az\\\/#organization\",\"name\":\"Meydan TV\",\"url\":\"https:\\\/\\\/www.meydan.tv\\\/az\\\/\",\"logo\":{\"@type\":\"ImageObject\",\"inLanguage\":\"az\",\"@id\":\"https:\\\/\\\/www.meydan.tv\\\/az\\\/#\\\/schema\\\/logo\\\/image\\\/\",\"url\":\"https:\\\/\\\/www.meydan.tv\\\/wp-content\\\/uploads\\\/2021\\\/07\\\/meydan-logo.svg\",\"contentUrl\":\"https:\\\/\\\/www.meydan.tv\\\/wp-content\\\/uploads\\\/2021\\\/07\\\/meydan-logo.svg\",\"width\":195,\"height\":46,\"caption\":\"Meydan TV\"},\"image\":{\"@id\":\"https:\\\/\\\/www.meydan.tv\\\/az\\\/#\\\/schema\\\/logo\\\/image\\\/\"}},{\"@type\":\"Person\",\"@id\":\"https:\\\/\\\/www.meydan.tv\\\/az\\\/#\\\/schema\\\/person\\\/09863e516102a829e72bedcf3f84c6b0\",\"name\":\"mahmud\"}]}<\/script>\n<!-- \/ Yoast SEO plugin. -->","yoast_head_json":{"title":"MSK s\u0259dri: \"30-a yax\u0131n beyn\u0259lxalq t\u0259\u015fkilata d\u0259v\u0259t g\u00f6nd\u0259ril\u0259c\u0259k\"","description":"M\u0259zahir P\u0259nahov deyib ki, n\u00f6vb\u0259d\u0259nk\u0259nar parlament se\u00e7kil\u0259rini m\u00fc\u015fahid\u0259 etm\u0259k \u00fc\u00e7\u00fcn 30-a yax\u0131n beyn\u0259lxalq t\u0259\u015fkilata d\u0259v\u0259t g\u00f6nd\u0259ril\u0259c\u0259k.","robots":{"index":"index","follow":"follow","max-snippet":"max-snippet:-1","max-image-preview":"max-image-preview:large","max-video-preview":"max-video-preview:-1"},"canonical":"https:\/\/www.meydan.tv\/az\/article\/msk-sedri-seckileri-musahide-etmek-ucun-30-a-yaxin-beynelxalq-teskilata-devet-gonderecek\/","og_locale":"az_AZ","og_type":"article","og_title":"MSK s\u0259dri: \"30-a yax\u0131n beyn\u0259lxalq t\u0259\u015fkilata d\u0259v\u0259t g\u00f6nd\u0259ril\u0259c\u0259k\"","og_description":"M\u0259zahir P\u0259nahov deyib ki, n\u00f6vb\u0259d\u0259nk\u0259nar parlament se\u00e7kil\u0259rini m\u00fc\u015fahid\u0259 etm\u0259k \u00fc\u00e7\u00fcn 30-a yax\u0131n beyn\u0259lxalq t\u0259\u015fkilata d\u0259v\u0259t g\u00f6nd\u0259ril\u0259c\u0259k.","og_url":"https:\/\/www.meydan.tv\/az\/article\/msk-sedri-seckileri-musahide-etmek-ucun-30-a-yaxin-beynelxalq-teskilata-devet-gonderecek\/","og_site_name":"MEYDAN.TV","article_published_time":"2024-07-02T14:52:11+00:00","article_modified_time":"2024-07-02T14:52:15+00:00","og_image":[{"width":923,"height":630,"url":"https:\/\/www.meydan.tv\/wp-content\/uploads\/1582035136678660060_1200x630.jpg","type":"image\/jpeg"}],"author":"mahmud","twitter_card":"summary_large_image","schema":{"@context":"https:\/\/schema.org","@graph":[{"@type":"Article","@id":"https:\/\/www.meydan.tv\/az\/article\/msk-sedri-seckileri-musahide-etmek-ucun-30-a-yaxin-beynelxalq-teskilata-devet-gonderecek\/#article","isPartOf":{"@id":"https:\/\/www.meydan.tv\/az\/article\/msk-sedri-seckileri-musahide-etmek-ucun-30-a-yaxin-beynelxalq-teskilata-devet-gonderecek\/"},"author":{"name":"mahmud","@id":"https:\/\/www.meydan.tv\/az\/#\/schema\/person\/09863e516102a829e72bedcf3f84c6b0"},"headline":"MSK s\u0259dri: &#8220;Se\u00e7kil\u0259ri m\u00fc\u015fahid\u0259 etm\u0259k \u00fc\u00e7\u00fcn 30-a yax\u0131n beyn\u0259lxalq t\u0259\u015fkilata d\u0259v\u0259t g\u00f6nd\u0259ril\u0259c\u0259k&#8221;","datePublished":"2024-07-02T14:52:11+00:00","dateModified":"2024-07-02T14:52:15+00:00","mainEntityOfPage":{"@id":"https:\/\/www.meydan.tv\/az\/article\/msk-sedri-seckileri-musahide-etmek-ucun-30-a-yaxin-beynelxalq-teskilata-devet-gonderecek\/"},"wordCount":381,"publisher":{"@id":"https:\/\/www.meydan.tv\/az\/#organization"},"image":{"@id":"https:\/\/www.meydan.tv\/az\/article\/msk-sedri-seckileri-musahide-etmek-ucun-30-a-yaxin-beynelxalq-teskilata-devet-gonderecek\/#primaryimage"},"thumbnailUrl":"https:\/\/www.meydan.tv\/wp-content\/uploads\/1582035136678660060_1200x630.jpg","articleSection":["Se\u00e7ki 2024","Siyas\u0259t","X\u0259b\u0259rl\u0259r"],"inLanguage":"az"},{"@type":"WebPage","@id":"https:\/\/www.meydan.tv\/az\/article\/msk-sedri-seckileri-musahide-etmek-ucun-30-a-yaxin-beynelxalq-teskilata-devet-gonderecek\/","url":"https:\/\/www.meydan.tv\/az\/article\/msk-sedri-seckileri-musahide-etmek-ucun-30-a-yaxin-beynelxalq-teskilata-devet-gonderecek\/","name":"MSK s\u0259dri: \"30-a yax\u0131n beyn\u0259lxalq t\u0259\u015fkilata d\u0259v\u0259t g\u00f6nd\u0259ril\u0259c\u0259k\"","isPartOf":{"@id":"https:\/\/www.meydan.tv\/az\/#website"},"primaryImageOfPage":{"@id":"https:\/\/www.meydan.tv\/az\/article\/msk-sedri-seckileri-musahide-etmek-ucun-30-a-yaxin-beynelxalq-teskilata-devet-gonderecek\/#primaryimage"},"image":{"@id":"https:\/\/www.meydan.tv\/az\/article\/msk-sedri-seckileri-musahide-etmek-ucun-30-a-yaxin-beynelxalq-teskilata-devet-gonderecek\/#primaryimage"},"thumbnailUrl":"https:\/\/www.meydan.tv\/wp-content\/uploads\/1582035136678660060_1200x630.jpg","datePublished":"2024-07-02T14:52:11+00:00","dateModified":"2024-07-02T14:52:15+00:00","description":"M\u0259zahir P\u0259nahov deyib ki, n\u00f6vb\u0259d\u0259nk\u0259nar parlament se\u00e7kil\u0259rini m\u00fc\u015fahid\u0259 etm\u0259k \u00fc\u00e7\u00fcn 30-a yax\u0131n beyn\u0259lxalq t\u0259\u015fkilata d\u0259v\u0259t g\u00f6nd\u0259ril\u0259c\u0259k.","breadcrumb":{"@id":"https:\/\/www.meydan.tv\/az\/article\/msk-sedri-seckileri-musahide-etmek-ucun-30-a-yaxin-beynelxalq-teskilata-devet-gonderecek\/#breadcrumb"},"inLanguage":"az","potentialAction":[{"@type":"ReadAction","target":["https:\/\/www.meydan.tv\/az\/article\/msk-sedri-seckileri-musahide-etmek-ucun-30-a-yaxin-beynelxalq-teskilata-devet-gonderecek\/"]}]},{"@type":"ImageObject","inLanguage":"az","@id":"https:\/\/www.meydan.tv\/az\/article\/msk-sedri-seckileri-musahide-etmek-ucun-30-a-yaxin-beynelxalq-teskilata-devet-gonderecek\/#primaryimage","url":"https:\/\/www.meydan.tv\/wp-content\/uploads\/1582035136678660060_1200x630.jpg","contentUrl":"https:\/\/www.meydan.tv\/wp-content\/uploads\/1582035136678660060_1200x630.jpg","width":923,"height":630,"caption":"M\u0259zahir P\u0259nahov. Foto: Az\u0259rtac"},{"@type":"BreadcrumbList","@id":"https:\/\/www.meydan.tv\/az\/article\/msk-sedri-seckileri-musahide-etmek-ucun-30-a-yaxin-beynelxalq-teskilata-devet-gonderecek\/#breadcrumb","itemListElement":[{"@type":"ListItem","position":1,"name":"Ana s\u0259hif\u0259","item":"https:\/\/www.meydan.tv\/az\/"},{"@type":"ListItem","position":2,"name":"Siyas\u0259t","item":"https:\/\/www.meydan.tv\/az\/section\/siyaset\/"},{"@type":"ListItem","position":3,"name":"MSK s\u0259dri: &#8220;Se\u00e7kil\u0259ri m\u00fc\u015fahid\u0259 etm\u0259k \u00fc\u00e7\u00fcn 30-a yax\u0131n beyn\u0259lxalq t\u0259\u015fkilata d\u0259v\u0259t g\u00f6nd\u0259ril\u0259c\u0259k&#8221;"}]},{"@type":"WebSite","@id":"https:\/\/www.meydan.tv\/az\/#website","url":"https:\/\/www.meydan.tv\/az\/","name":"MEYDAN.TV","description":"Meydan TV Az\u0259rbaycan\u0131n media m\u0259kan\u0131ndak\u0131 alternativ s\u0259sidir","publisher":{"@id":"https:\/\/www.meydan.tv\/az\/#organization"},"potentialAction":[{"@type":"SearchAction","target":{"@type":"EntryPoint","urlTemplate":"https:\/\/www.meydan.tv\/az\/?s={search_term_string}"},"query-input":{"@type":"PropertyValueSpecification","valueRequired":true,"valueName":"search_term_string"}}],"inLanguage":"az"},{"@type":"Organization","@id":"https:\/\/www.meydan.tv\/az\/#organization","name":"Meydan TV","url":"https:\/\/www.meydan.tv\/az\/","logo":{"@type":"ImageObject","inLanguage":"az","@id":"https:\/\/www.meydan.tv\/az\/#\/schema\/logo\/image\/","url":"https:\/\/www.meydan.tv\/wp-content\/uploads\/2021\/07\/meydan-logo.svg","contentUrl":"https:\/\/www.meydan.tv\/wp-content\/uploads\/2021\/07\/meydan-logo.svg","width":195,"height":46,"caption":"Meydan TV"},"image":{"@id":"https:\/\/www.meydan.tv\/az\/#\/schema\/logo\/image\/"}},{"@type":"Person","@id":"https:\/\/www.meydan.tv\/az\/#\/schema\/person\/09863e516102a829e72bedcf3f84c6b0","name":"mahmud"}]}},"_links":{"self":[{"href":"https:\/\/www.meydan.tv\/az\/wp-json\/wp\/v2\/posts\/309510","targetHints":{"allow":["GET"]}}],"collection":[{"href":"https:\/\/www.meydan.tv\/az\/wp-json\/wp\/v2\/posts"}],"about":[{"href":"https:\/\/www.meydan.tv\/az\/wp-json\/wp\/v2\/types\/post"}],"author":[{"embeddable":true,"href":"https:\/\/www.meydan.tv\/az\/wp-json\/wp\/v2\/users\/21"}],"replies":[{"embeddable":true,"href":"https:\/\/www.meydan.tv\/az\/wp-json\/wp\/v2\/comments?post=309510"}],"version-history":[{"count":2,"href":"https:\/\/www.meydan.tv\/az\/wp-json\/wp\/v2\/posts\/309510\/revisions"}],"predecessor-version":[{"id":309519,"href":"https:\/\/www.meydan.tv\/az\/wp-json\/wp\/v2\/posts\/309510\/revisions\/309519"}],"wp:featuredmedia":[{"embeddable":true,"href":"https:\/\/www.meydan.tv\/az\/wp-json\/wp\/v2\/media\/309515"}],"wp:attachment":[{"href":"https:\/\/www.meydan.tv\/az\/wp-json\/wp\/v2\/media?parent=309510"}],"wp:term":[{"taxonomy":"category","embeddable":true,"href":"https:\/\/www.meydan.tv\/az\/wp-json\/wp\/v2\/categories?post=309510"},{"taxonomy":"post_tag","embeddable":true,"href":"https:\/\/www.meydan.tv\/az\/wp-json\/wp\/v2\/tags?post=309510"}],"curies":[{"name":"wp","href":"https:\/\/api.w.org\/{rel}","templated":true}]}}