{"id":309509,"date":"2024-07-02T18:44:32","date_gmt":"2024-07-02T14:44:32","guid":{"rendered":"https:\/\/www.meydan.tv\/?p=309509"},"modified":"2024-07-02T19:00:41","modified_gmt":"2024-07-02T15:00:41","slug":"afet-quliyeva-evimi-buldozerle-asirib-meni-suruye-suruye-apardilar","status":"publish","type":"post","link":"https:\/\/www.meydan.tv\/az\/article\/afet-quliyeva-evimi-buldozerle-asirib-meni-suruye-suruye-apardilar\/","title":{"rendered":"Af\u0259t Quliyeva: &#8220;Evimi buldozerl\u0259 a\u015f\u0131r\u0131b, m\u0259ni s\u00fcr\u00fcy\u0259-s\u00fcr\u00fcy\u0259 apard\u0131lar&#8221;"},"content":{"rendered":"\n<figure class=\"wp-block-embed is-type-video is-provider-youtube wp-block-embed-youtube wp-embed-aspect-16-9 wp-has-aspect-ratio\"><div class=\"wp-block-embed__wrapper\">\n<iframe title=\"Af\u0259t Quliyeva: Evimi buldozerl\u0259 a\u015f\u0131r\u0131b, m\u0259ni s\u00fcr\u00fcy\u0259-s\u00fcr\u00fcy\u0259 apard\u0131lar\" width=\"1200\" height=\"675\" data-src=\"https:\/\/www.youtube.com\/embed\/qlHtPK6zzWU?feature=oembed\" frameborder=\"0\" allow=\"accelerometer; autoplay; clipboard-write; encrypted-media; gyroscope; picture-in-picture; web-share\" referrerpolicy=\"strict-origin-when-cross-origin\" allowfullscreen src=\"data:image\/svg+xml;base64,PHN2ZyB3aWR0aD0iMSIgaGVpZ2h0PSIxIiB4bWxucz0iaHR0cDovL3d3dy53My5vcmcvMjAwMC9zdmciPjwvc3ZnPg==\" class=\"lazyload\" data-load-mode=\"1\"><\/iframe>\n<\/div><\/figure>\n\n\n\n<!--more-->\n\n\n\n<p>Bak\u0131n\u0131n Yasamal rayonu sakini Af\u0259t Quliyevan\u0131n evi, m\u0259hk\u0259m\u0259nin q\u0259rar\u0131 olmadan &#8211; \u00f6z\u00fc evd\u0259 ola-ola s\u00f6k\u00fcl\u00fcb.<\/p>\n\n\n\n<p> Af\u0259t Quliyeva v\u0259 q\u0131z\u0131 evl\u0259ri s\u00f6k\u00fcld\u00fcy\u00fc \u00fc\u00e7\u00fcn 2 g\u00fcnd\u00fcr m\u0259cbur qal\u0131b \u00e7ad\u0131rda ya\u015fay\u0131r. O, bu yolla h\u0259m d\u0259 s\u00f6k\u00fcnt\u00fcy\u0259 etiraz\u0131n\u0131 n\u00fcmayi\u015f etdirir. Deyir ki, evi s\u00f6k\u00fcl\u0259rk\u0259n polis \u0259m\u0259kda\u015flar\u0131 t\u0259r\u0259find\u0259n zorak\u0131l\u0131\u011fa m\u0259ruz qal\u0131b. <\/p>\n\n\n\n<p>S\u00f6k\u00fcnt\u00fcn\u00fc etdiyi deyil\u0259n \u201c\u0130brahim Q MTK\u201ddan bildirilib ki, Af\u0259t Quliyevaya evinin \u0259v\u0259zin\u0259 h\u0259min yerd\u0259 tikil\u0259c\u0259k binadan m\u0259nzil t\u0259klif olunub. Af\u0259t Quliyeva is\u0259 bildirir ki, ona he\u00e7 n\u0259 t\u0259klif olunmay\u0131b.<\/p>\n","protected":false},"excerpt":{"rendered":"","protected":false},"author":12,"featured_media":309511,"comment_status":"closed","ping_status":"closed","sticky":false,"template":"","format":"standard","meta":{"_acf_changed":false,"_sitemap_exclude":false,"_sitemap_priority":"","_sitemap_frequency":"","footnotes":""},"categories":[62,63],"tags":[],"class_list":["post-309509","post","type-post","status-publish","format-standard","has-post-thumbnail","hentry","category-sosial","category-video-2","infinite-scroll-item","generate-columns","tablet-grid-50","mobile-grid-100","grid-parent","grid-33","no-featured-image-padding"],"acf":[],"yoast_head":"<!-- This site is optimized with the Yoast SEO plugin v27.4 - https:\/\/yoast.com\/product\/yoast-seo-wordpress\/ -->\n<title>&quot;Evimi buldozerl\u0259 a\u015f\u0131r\u0131b, m\u0259ni s\u00fcr\u00fcy\u0259-s\u00fcr\u00fcy\u0259 apard\u0131lar&quot;<\/title>\n<meta name=\"description\" content=\"Bak\u0131n\u0131n Yasamal rayonu sakini Af\u0259t Quliyevan\u0131n evi, m\u0259hk\u0259m\u0259nin q\u0259rar\u0131 olmadan s\u00f6k\u00fcl\u00fcb. Af\u0259t Quliyeva v\u0259 q\u0131z\u0131 evl\u0259ri s\u00f6k\u00fcld\u00fcy\u00fc \u00fc\u00e7\u00fcn \u00e7ad\u0131rda ya\u015fay\u0131r v\u0259 bu yolla s\u00f6k\u00fcnt\u00fcy\u0259 etiraz\u0131n\u0131 n\u00fcmayi\u015f etdirir.\" \/>\n<meta name=\"robots\" content=\"index, follow, max-snippet:-1, max-image-preview:large, max-video-preview:-1\" \/>\n<link rel=\"canonical\" href=\"https:\/\/www.meydan.tv\/az\/article\/afet-quliyeva-evimi-buldozerle-asirib-meni-suruye-suruye-apardilar\/\" \/>\n<meta property=\"og:locale\" content=\"az_AZ\" \/>\n<meta property=\"og:type\" content=\"article\" \/>\n<meta property=\"og:title\" content=\"&quot;Evimi buldozerl\u0259 a\u015f\u0131r\u0131b, m\u0259ni s\u00fcr\u00fcy\u0259-s\u00fcr\u00fcy\u0259 apard\u0131lar&quot;\" \/>\n<meta property=\"og:description\" content=\"Bak\u0131n\u0131n Yasamal rayonu sakini Af\u0259t Quliyevan\u0131n evi, m\u0259hk\u0259m\u0259nin q\u0259rar\u0131 olmadan s\u00f6k\u00fcl\u00fcb. Af\u0259t Quliyeva v\u0259 q\u0131z\u0131 evl\u0259ri s\u00f6k\u00fcld\u00fcy\u00fc \u00fc\u00e7\u00fcn \u00e7ad\u0131rda ya\u015fay\u0131r v\u0259 bu yolla s\u00f6k\u00fcnt\u00fcy\u0259 etiraz\u0131n\u0131 n\u00fcmayi\u015f etdirir.\" \/>\n<meta property=\"og:url\" content=\"https:\/\/www.meydan.tv\/az\/article\/afet-quliyeva-evimi-buldozerle-asirib-meni-suruye-suruye-apardilar\/\" \/>\n<meta property=\"og:site_name\" content=\"MEYDAN.TV\" \/>\n<meta property=\"article:published_time\" content=\"2024-07-02T14:44:32+00:00\" \/>\n<meta property=\"article:modified_time\" content=\"2024-07-02T15:00:41+00:00\" \/>\n<meta property=\"og:image\" content=\"https:\/\/www.meydan.tv\/wp-content\/uploads\/reportaj-cover-7-2.png\" \/>\n\t<meta property=\"og:image:width\" content=\"1280\" \/>\n\t<meta property=\"og:image:height\" content=\"720\" \/>\n\t<meta property=\"og:image:type\" content=\"image\/png\" \/>\n<meta name=\"author\" content=\"aleks\" \/>\n<meta name=\"twitter:card\" content=\"summary_large_image\" \/>\n<script type=\"application\/ld+json\" class=\"yoast-schema-graph\">{\"@context\":\"https:\\\/\\\/schema.org\",\"@graph\":[{\"@type\":\"Article\",\"@id\":\"https:\\\/\\\/www.meydan.tv\\\/az\\\/article\\\/afet-quliyeva-evimi-buldozerle-asirib-meni-suruye-suruye-apardilar\\\/#article\",\"isPartOf\":{\"@id\":\"https:\\\/\\\/www.meydan.tv\\\/az\\\/article\\\/afet-quliyeva-evimi-buldozerle-asirib-meni-suruye-suruye-apardilar\\\/\"},\"author\":{\"name\":\"aleks\",\"@id\":\"https:\\\/\\\/www.meydan.tv\\\/az\\\/#\\\/schema\\\/person\\\/476e9360e593fa131d5d71d51866f8da\"},\"headline\":\"Af\u0259t Quliyeva: &#8220;Evimi buldozerl\u0259 a\u015f\u0131r\u0131b, m\u0259ni s\u00fcr\u00fcy\u0259-s\u00fcr\u00fcy\u0259 apard\u0131lar&#8221;\",\"datePublished\":\"2024-07-02T14:44:32+00:00\",\"dateModified\":\"2024-07-02T15:00:41+00:00\",\"mainEntityOfPage\":{\"@id\":\"https:\\\/\\\/www.meydan.tv\\\/az\\\/article\\\/afet-quliyeva-evimi-buldozerle-asirib-meni-suruye-suruye-apardilar\\\/\"},\"wordCount\":161,\"publisher\":{\"@id\":\"https:\\\/\\\/www.meydan.tv\\\/az\\\/#organization\"},\"image\":{\"@id\":\"https:\\\/\\\/www.meydan.tv\\\/az\\\/article\\\/afet-quliyeva-evimi-buldozerle-asirib-meni-suruye-suruye-apardilar\\\/#primaryimage\"},\"thumbnailUrl\":\"https:\\\/\\\/www.meydan.tv\\\/wp-content\\\/uploads\\\/reportaj-cover-7-2.png\",\"articleSection\":[\"Sosial\",\"Video\"],\"inLanguage\":\"az\"},{\"@type\":\"WebPage\",\"@id\":\"https:\\\/\\\/www.meydan.tv\\\/az\\\/article\\\/afet-quliyeva-evimi-buldozerle-asirib-meni-suruye-suruye-apardilar\\\/\",\"url\":\"https:\\\/\\\/www.meydan.tv\\\/az\\\/article\\\/afet-quliyeva-evimi-buldozerle-asirib-meni-suruye-suruye-apardilar\\\/\",\"name\":\"\\\"Evimi buldozerl\u0259 a\u015f\u0131r\u0131b, m\u0259ni s\u00fcr\u00fcy\u0259-s\u00fcr\u00fcy\u0259 apard\u0131lar\\\"\",\"isPartOf\":{\"@id\":\"https:\\\/\\\/www.meydan.tv\\\/az\\\/#website\"},\"primaryImageOfPage\":{\"@id\":\"https:\\\/\\\/www.meydan.tv\\\/az\\\/article\\\/afet-quliyeva-evimi-buldozerle-asirib-meni-suruye-suruye-apardilar\\\/#primaryimage\"},\"image\":{\"@id\":\"https:\\\/\\\/www.meydan.tv\\\/az\\\/article\\\/afet-quliyeva-evimi-buldozerle-asirib-meni-suruye-suruye-apardilar\\\/#primaryimage\"},\"thumbnailUrl\":\"https:\\\/\\\/www.meydan.tv\\\/wp-content\\\/uploads\\\/reportaj-cover-7-2.png\",\"datePublished\":\"2024-07-02T14:44:32+00:00\",\"dateModified\":\"2024-07-02T15:00:41+00:00\",\"description\":\"Bak\u0131n\u0131n Yasamal rayonu sakini Af\u0259t Quliyevan\u0131n evi, m\u0259hk\u0259m\u0259nin q\u0259rar\u0131 olmadan s\u00f6k\u00fcl\u00fcb. Af\u0259t Quliyeva v\u0259 q\u0131z\u0131 evl\u0259ri s\u00f6k\u00fcld\u00fcy\u00fc \u00fc\u00e7\u00fcn \u00e7ad\u0131rda ya\u015fay\u0131r v\u0259 bu yolla s\u00f6k\u00fcnt\u00fcy\u0259 etiraz\u0131n\u0131 n\u00fcmayi\u015f etdirir.\",\"breadcrumb\":{\"@id\":\"https:\\\/\\\/www.meydan.tv\\\/az\\\/article\\\/afet-quliyeva-evimi-buldozerle-asirib-meni-suruye-suruye-apardilar\\\/#breadcrumb\"},\"inLanguage\":\"az\",\"potentialAction\":[{\"@type\":\"ReadAction\",\"target\":[\"https:\\\/\\\/www.meydan.tv\\\/az\\\/article\\\/afet-quliyeva-evimi-buldozerle-asirib-meni-suruye-suruye-apardilar\\\/\"]}]},{\"@type\":\"ImageObject\",\"inLanguage\":\"az\",\"@id\":\"https:\\\/\\\/www.meydan.tv\\\/az\\\/article\\\/afet-quliyeva-evimi-buldozerle-asirib-meni-suruye-suruye-apardilar\\\/#primaryimage\",\"url\":\"https:\\\/\\\/www.meydan.tv\\\/wp-content\\\/uploads\\\/reportaj-cover-7-2.png\",\"contentUrl\":\"https:\\\/\\\/www.meydan.tv\\\/wp-content\\\/uploads\\\/reportaj-cover-7-2.png\",\"width\":1280,\"height\":720},{\"@type\":\"BreadcrumbList\",\"@id\":\"https:\\\/\\\/www.meydan.tv\\\/az\\\/article\\\/afet-quliyeva-evimi-buldozerle-asirib-meni-suruye-suruye-apardilar\\\/#breadcrumb\",\"itemListElement\":[{\"@type\":\"ListItem\",\"position\":1,\"name\":\"Ana s\u0259hif\u0259\",\"item\":\"https:\\\/\\\/www.meydan.tv\\\/az\\\/\"},{\"@type\":\"ListItem\",\"position\":2,\"name\":\"Video\",\"item\":\"https:\\\/\\\/www.meydan.tv\\\/az\\\/section\\\/video-2\\\/\"},{\"@type\":\"ListItem\",\"position\":3,\"name\":\"Af\u0259t Quliyeva: &#8220;Evimi buldozerl\u0259 a\u015f\u0131r\u0131b, m\u0259ni s\u00fcr\u00fcy\u0259-s\u00fcr\u00fcy\u0259 apard\u0131lar&#8221;\"}]},{\"@type\":\"WebSite\",\"@id\":\"https:\\\/\\\/www.meydan.tv\\\/az\\\/#website\",\"url\":\"https:\\\/\\\/www.meydan.tv\\\/az\\\/\",\"name\":\"MEYDAN.TV\",\"description\":\"Meydan TV Az\u0259rbaycan\u0131n media m\u0259kan\u0131ndak\u0131 alternativ s\u0259sidir\",\"publisher\":{\"@id\":\"https:\\\/\\\/www.meydan.tv\\\/az\\\/#organization\"},\"potentialAction\":[{\"@type\":\"SearchAction\",\"target\":{\"@type\":\"EntryPoint\",\"urlTemplate\":\"https:\\\/\\\/www.meydan.tv\\\/az\\\/?s={search_term_string}\"},\"query-input\":{\"@type\":\"PropertyValueSpecification\",\"valueRequired\":true,\"valueName\":\"search_term_string\"}}],\"inLanguage\":\"az\"},{\"@type\":\"Organization\",\"@id\":\"https:\\\/\\\/www.meydan.tv\\\/az\\\/#organization\",\"name\":\"Meydan TV\",\"url\":\"https:\\\/\\\/www.meydan.tv\\\/az\\\/\",\"logo\":{\"@type\":\"ImageObject\",\"inLanguage\":\"az\",\"@id\":\"https:\\\/\\\/www.meydan.tv\\\/az\\\/#\\\/schema\\\/logo\\\/image\\\/\",\"url\":\"https:\\\/\\\/www.meydan.tv\\\/wp-content\\\/uploads\\\/2021\\\/07\\\/meydan-logo.svg\",\"contentUrl\":\"https:\\\/\\\/www.meydan.tv\\\/wp-content\\\/uploads\\\/2021\\\/07\\\/meydan-logo.svg\",\"width\":195,\"height\":46,\"caption\":\"Meydan TV\"},\"image\":{\"@id\":\"https:\\\/\\\/www.meydan.tv\\\/az\\\/#\\\/schema\\\/logo\\\/image\\\/\"}},{\"@type\":\"Person\",\"@id\":\"https:\\\/\\\/www.meydan.tv\\\/az\\\/#\\\/schema\\\/person\\\/476e9360e593fa131d5d71d51866f8da\",\"name\":\"aleks\"}]}<\/script>\n<!-- \/ Yoast SEO plugin. -->","yoast_head_json":{"title":"\"Evimi buldozerl\u0259 a\u015f\u0131r\u0131b, m\u0259ni s\u00fcr\u00fcy\u0259-s\u00fcr\u00fcy\u0259 apard\u0131lar\"","description":"Bak\u0131n\u0131n Yasamal rayonu sakini Af\u0259t Quliyevan\u0131n evi, m\u0259hk\u0259m\u0259nin q\u0259rar\u0131 olmadan s\u00f6k\u00fcl\u00fcb. Af\u0259t Quliyeva v\u0259 q\u0131z\u0131 evl\u0259ri s\u00f6k\u00fcld\u00fcy\u00fc \u00fc\u00e7\u00fcn \u00e7ad\u0131rda ya\u015fay\u0131r v\u0259 bu yolla s\u00f6k\u00fcnt\u00fcy\u0259 etiraz\u0131n\u0131 n\u00fcmayi\u015f etdirir.","robots":{"index":"index","follow":"follow","max-snippet":"max-snippet:-1","max-image-preview":"max-image-preview:large","max-video-preview":"max-video-preview:-1"},"canonical":"https:\/\/www.meydan.tv\/az\/article\/afet-quliyeva-evimi-buldozerle-asirib-meni-suruye-suruye-apardilar\/","og_locale":"az_AZ","og_type":"article","og_title":"\"Evimi buldozerl\u0259 a\u015f\u0131r\u0131b, m\u0259ni s\u00fcr\u00fcy\u0259-s\u00fcr\u00fcy\u0259 apard\u0131lar\"","og_description":"Bak\u0131n\u0131n Yasamal rayonu sakini Af\u0259t Quliyevan\u0131n evi, m\u0259hk\u0259m\u0259nin q\u0259rar\u0131 olmadan s\u00f6k\u00fcl\u00fcb. Af\u0259t Quliyeva v\u0259 q\u0131z\u0131 evl\u0259ri s\u00f6k\u00fcld\u00fcy\u00fc \u00fc\u00e7\u00fcn \u00e7ad\u0131rda ya\u015fay\u0131r v\u0259 bu yolla s\u00f6k\u00fcnt\u00fcy\u0259 etiraz\u0131n\u0131 n\u00fcmayi\u015f etdirir.","og_url":"https:\/\/www.meydan.tv\/az\/article\/afet-quliyeva-evimi-buldozerle-asirib-meni-suruye-suruye-apardilar\/","og_site_name":"MEYDAN.TV","article_published_time":"2024-07-02T14:44:32+00:00","article_modified_time":"2024-07-02T15:00:41+00:00","og_image":[{"width":1280,"height":720,"url":"https:\/\/www.meydan.tv\/wp-content\/uploads\/reportaj-cover-7-2.png","type":"image\/png"}],"author":"aleks","twitter_card":"summary_large_image","schema":{"@context":"https:\/\/schema.org","@graph":[{"@type":"Article","@id":"https:\/\/www.meydan.tv\/az\/article\/afet-quliyeva-evimi-buldozerle-asirib-meni-suruye-suruye-apardilar\/#article","isPartOf":{"@id":"https:\/\/www.meydan.tv\/az\/article\/afet-quliyeva-evimi-buldozerle-asirib-meni-suruye-suruye-apardilar\/"},"author":{"name":"aleks","@id":"https:\/\/www.meydan.tv\/az\/#\/schema\/person\/476e9360e593fa131d5d71d51866f8da"},"headline":"Af\u0259t Quliyeva: &#8220;Evimi buldozerl\u0259 a\u015f\u0131r\u0131b, m\u0259ni s\u00fcr\u00fcy\u0259-s\u00fcr\u00fcy\u0259 apard\u0131lar&#8221;","datePublished":"2024-07-02T14:44:32+00:00","dateModified":"2024-07-02T15:00:41+00:00","mainEntityOfPage":{"@id":"https:\/\/www.meydan.tv\/az\/article\/afet-quliyeva-evimi-buldozerle-asirib-meni-suruye-suruye-apardilar\/"},"wordCount":161,"publisher":{"@id":"https:\/\/www.meydan.tv\/az\/#organization"},"image":{"@id":"https:\/\/www.meydan.tv\/az\/article\/afet-quliyeva-evimi-buldozerle-asirib-meni-suruye-suruye-apardilar\/#primaryimage"},"thumbnailUrl":"https:\/\/www.meydan.tv\/wp-content\/uploads\/reportaj-cover-7-2.png","articleSection":["Sosial","Video"],"inLanguage":"az"},{"@type":"WebPage","@id":"https:\/\/www.meydan.tv\/az\/article\/afet-quliyeva-evimi-buldozerle-asirib-meni-suruye-suruye-apardilar\/","url":"https:\/\/www.meydan.tv\/az\/article\/afet-quliyeva-evimi-buldozerle-asirib-meni-suruye-suruye-apardilar\/","name":"\"Evimi buldozerl\u0259 a\u015f\u0131r\u0131b, m\u0259ni s\u00fcr\u00fcy\u0259-s\u00fcr\u00fcy\u0259 apard\u0131lar\"","isPartOf":{"@id":"https:\/\/www.meydan.tv\/az\/#website"},"primaryImageOfPage":{"@id":"https:\/\/www.meydan.tv\/az\/article\/afet-quliyeva-evimi-buldozerle-asirib-meni-suruye-suruye-apardilar\/#primaryimage"},"image":{"@id":"https:\/\/www.meydan.tv\/az\/article\/afet-quliyeva-evimi-buldozerle-asirib-meni-suruye-suruye-apardilar\/#primaryimage"},"thumbnailUrl":"https:\/\/www.meydan.tv\/wp-content\/uploads\/reportaj-cover-7-2.png","datePublished":"2024-07-02T14:44:32+00:00","dateModified":"2024-07-02T15:00:41+00:00","description":"Bak\u0131n\u0131n Yasamal rayonu sakini Af\u0259t Quliyevan\u0131n evi, m\u0259hk\u0259m\u0259nin q\u0259rar\u0131 olmadan s\u00f6k\u00fcl\u00fcb. Af\u0259t Quliyeva v\u0259 q\u0131z\u0131 evl\u0259ri s\u00f6k\u00fcld\u00fcy\u00fc \u00fc\u00e7\u00fcn \u00e7ad\u0131rda ya\u015fay\u0131r v\u0259 bu yolla s\u00f6k\u00fcnt\u00fcy\u0259 etiraz\u0131n\u0131 n\u00fcmayi\u015f etdirir.","breadcrumb":{"@id":"https:\/\/www.meydan.tv\/az\/article\/afet-quliyeva-evimi-buldozerle-asirib-meni-suruye-suruye-apardilar\/#breadcrumb"},"inLanguage":"az","potentialAction":[{"@type":"ReadAction","target":["https:\/\/www.meydan.tv\/az\/article\/afet-quliyeva-evimi-buldozerle-asirib-meni-suruye-suruye-apardilar\/"]}]},{"@type":"ImageObject","inLanguage":"az","@id":"https:\/\/www.meydan.tv\/az\/article\/afet-quliyeva-evimi-buldozerle-asirib-meni-suruye-suruye-apardilar\/#primaryimage","url":"https:\/\/www.meydan.tv\/wp-content\/uploads\/reportaj-cover-7-2.png","contentUrl":"https:\/\/www.meydan.tv\/wp-content\/uploads\/reportaj-cover-7-2.png","width":1280,"height":720},{"@type":"BreadcrumbList","@id":"https:\/\/www.meydan.tv\/az\/article\/afet-quliyeva-evimi-buldozerle-asirib-meni-suruye-suruye-apardilar\/#breadcrumb","itemListElement":[{"@type":"ListItem","position":1,"name":"Ana s\u0259hif\u0259","item":"https:\/\/www.meydan.tv\/az\/"},{"@type":"ListItem","position":2,"name":"Video","item":"https:\/\/www.meydan.tv\/az\/section\/video-2\/"},{"@type":"ListItem","position":3,"name":"Af\u0259t Quliyeva: &#8220;Evimi buldozerl\u0259 a\u015f\u0131r\u0131b, m\u0259ni s\u00fcr\u00fcy\u0259-s\u00fcr\u00fcy\u0259 apard\u0131lar&#8221;"}]},{"@type":"WebSite","@id":"https:\/\/www.meydan.tv\/az\/#website","url":"https:\/\/www.meydan.tv\/az\/","name":"MEYDAN.TV","description":"Meydan TV Az\u0259rbaycan\u0131n media m\u0259kan\u0131ndak\u0131 alternativ s\u0259sidir","publisher":{"@id":"https:\/\/www.meydan.tv\/az\/#organization"},"potentialAction":[{"@type":"SearchAction","target":{"@type":"EntryPoint","urlTemplate":"https:\/\/www.meydan.tv\/az\/?s={search_term_string}"},"query-input":{"@type":"PropertyValueSpecification","valueRequired":true,"valueName":"search_term_string"}}],"inLanguage":"az"},{"@type":"Organization","@id":"https:\/\/www.meydan.tv\/az\/#organization","name":"Meydan TV","url":"https:\/\/www.meydan.tv\/az\/","logo":{"@type":"ImageObject","inLanguage":"az","@id":"https:\/\/www.meydan.tv\/az\/#\/schema\/logo\/image\/","url":"https:\/\/www.meydan.tv\/wp-content\/uploads\/2021\/07\/meydan-logo.svg","contentUrl":"https:\/\/www.meydan.tv\/wp-content\/uploads\/2021\/07\/meydan-logo.svg","width":195,"height":46,"caption":"Meydan TV"},"image":{"@id":"https:\/\/www.meydan.tv\/az\/#\/schema\/logo\/image\/"}},{"@type":"Person","@id":"https:\/\/www.meydan.tv\/az\/#\/schema\/person\/476e9360e593fa131d5d71d51866f8da","name":"aleks"}]}},"_links":{"self":[{"href":"https:\/\/www.meydan.tv\/az\/wp-json\/wp\/v2\/posts\/309509","targetHints":{"allow":["GET"]}}],"collection":[{"href":"https:\/\/www.meydan.tv\/az\/wp-json\/wp\/v2\/posts"}],"about":[{"href":"https:\/\/www.meydan.tv\/az\/wp-json\/wp\/v2\/types\/post"}],"author":[{"embeddable":true,"href":"https:\/\/www.meydan.tv\/az\/wp-json\/wp\/v2\/users\/12"}],"replies":[{"embeddable":true,"href":"https:\/\/www.meydan.tv\/az\/wp-json\/wp\/v2\/comments?post=309509"}],"version-history":[{"count":5,"href":"https:\/\/www.meydan.tv\/az\/wp-json\/wp\/v2\/posts\/309509\/revisions"}],"predecessor-version":[{"id":309526,"href":"https:\/\/www.meydan.tv\/az\/wp-json\/wp\/v2\/posts\/309509\/revisions\/309526"}],"wp:featuredmedia":[{"embeddable":true,"href":"https:\/\/www.meydan.tv\/az\/wp-json\/wp\/v2\/media\/309511"}],"wp:attachment":[{"href":"https:\/\/www.meydan.tv\/az\/wp-json\/wp\/v2\/media?parent=309509"}],"wp:term":[{"taxonomy":"category","embeddable":true,"href":"https:\/\/www.meydan.tv\/az\/wp-json\/wp\/v2\/categories?post=309509"},{"taxonomy":"post_tag","embeddable":true,"href":"https:\/\/www.meydan.tv\/az\/wp-json\/wp\/v2\/tags?post=309509"}],"curies":[{"name":"wp","href":"https:\/\/api.w.org\/{rel}","templated":true}]}}