{"id":309507,"date":"2024-07-02T18:42:52","date_gmt":"2024-07-02T14:42:52","guid":{"rendered":"https:\/\/www.meydan.tv\/?p=309507"},"modified":"2024-07-02T18:42:55","modified_gmt":"2024-07-02T14:42:55","slug":"ekspert-sertifikasiyadan-narazi-qalib-muellimi-adam-hesab-etmirler","status":"publish","type":"post","link":"https:\/\/www.meydan.tv\/az\/article\/ekspert-sertifikasiyadan-narazi-qalib-muellimi-adam-hesab-etmirler\/","title":{"rendered":"Ekspert sertifikasiyadan naraz\u0131 qal\u0131b: &#8220;M\u00fc\u0259llimi adam hesab etmirl\u0259r&#8221;"},"content":{"rendered":"\n<p><\/p>\n\n\n\n<p><strong><em>Nabat\u0259li Qulamo\u011flu deyir ki, saxta diplomun verilm\u0259sind\u0259 d\u00f6vl\u0259t g\u00fcnahkard\u0131r<\/em><\/strong><\/p>\n\n\n\n<p>T\u0259hsil eksperti Nabat\u0259li Qulamo\u011flu Az\u0259rbaycanda 2024-c\u00fc il iyunun 24-d\u0259 ke\u00e7iril\u0259n m\u00fc\u0259lliml\u0259rin sertifikasiya imtahan\u0131n\u0131n n\u0259tic\u0259l\u0259rind\u0259n naraz\u0131d\u0131r.<\/p>\n\n\n\n<p>Ekspert Meydan TV-y\u0259 deyir ki, xeyli sayda m\u00fc\u0259llimin saxta diplom b\u0259han\u0259si il\u0259 i\u015find\u0259n k\u0259narla\u015fd\u0131r\u0131lmas\u0131 \u0259dal\u0259tsiz yana\u015fmad\u0131r.<\/p>\n\n\n\n<p><em>\u201cMa\u011fazada \u015fokolad\u0131 satd\u0131qlar\u0131 kimi diplomlar\u0131 da el\u0259 sat\u0131blar. Bu ham\u0131ya m\u0259lumdur. B\u0259s niy\u0259 ara\u015fd\u0131r\u0131lm\u0131r? Bunu ed\u0259nl\u0259r\u0259 niy\u0259 c\u0259za verilmir? \u0130ndi d\u0259 m\u00fc\u0259lliml\u0259rin \u00fcst\u00fcn\u0259 d\u00fc\u015f\u00fcbl\u0259r. Ay d\u00f6vl\u0259t, diplomu adama s\u0259n vermis\u0259n, indi d\u0259 deyirs\u0259n ki, savads\u0131zsan. \u0130\u015fd\u0259n \u00e7\u0131xar\u0131lanlara ayl\u0131q v\u0259 ya bird\u0259f\u0259lik t\u0259zminat \u00f6d\u0259nilm\u0259lidir. Dem\u0259k olar ki, m\u00fc\u0259llimi adam hesab etmirl\u0259r. M\u0259n bu c\u00fcr yana\u015fman\u0131 tam \u0259dal\u0259tsiz hesab edir\u0259m. Onu da q\u0259bul edir\u0259m ki, savads\u0131z m\u00fc\u0259llim i\u015fl\u0259m\u0259m\u0259lidir. \u00c7\u00fcnki daha ciddi ziyan vurur\u201d<\/em>, &#8211; Nabat\u0259li Qulamo\u011flu deyib.<\/p>\n\n\n\n<p>2024-c\u00fc il iyunun 21-22 v\u0259 24-d\u0259 Az\u0259rbaycanda n\u00f6vb\u0259ti d\u0259f\u0259 m\u00fc\u0259lliml\u0259rin sertifikatla\u015fd\u0131r\u0131lmas\u0131 imtahan\u0131 ke\u00e7irilib.<\/p>\n\n\n\n<p>Bu il ilk d\u0259f\u0259 proses\u0259 riyaziyyat v\u0259 xarici dil (ingilis dili, rus dili, Az\u0259rbaycan dili (rus b\u00f6lm\u0259si), alman dili, frans\u0131z dili v\u0259 s.) f\u0259nl\u0259rini t\u0259dris ed\u0259n t\u0259hsilver\u0259nl\u0259r c\u0259lb edilibl\u0259r.<\/p>\n\n\n\n<p>Eyni zamanda, ibtidai sinif, Az\u0259rbaycan dili v\u0259 \u0259d\u0259biyyat m\u00fc\u0259lliml\u0259ri d\u0259 imtahan veribl\u0259r.<\/p>\n\n\n\n<p>Sertifikatla\u015fd\u0131rma prosesinin test imtahan\u0131 m\u0259rh\u0259l\u0259si \u00f6lk\u0259nin 18 m\u00fcxt\u0259lif \u015f\u0259h\u0259r v\u0259 rayonu \u00fczr\u0259 \u00fcmumilikd\u0259 27 imtahan m\u0259rk\u0259zini \u0259hat\u0259 edib.<\/p>\n\n\n\n<p>Test imtahanlar\u0131nda 23 448 m\u00fc\u0259llim i\u015ftirak edib.<\/p>\n\n\n\n<p>\u0130mtahanlarda 97,5% davamiyy\u0259t qeyd\u0259 al\u0131n\u0131b.<\/p>\n\n\n\n<p>Elm v\u0259 t\u0259hsil naziri Emin \u018fmrullayev iyunun 27-d\u0259 \u201cSertifikatla\u015fd\u0131rma 2024: pe\u015f\u0259kar m\u00fc\u0259llim \u2013 keyfiyy\u0259tli t\u0259hsil\u201d adl\u0131 t\u0259dbirind\u0259 \u00e7\u0131x\u0131\u015f\u0131 zaman\u0131 <a href=\"https:\/\/musavat.com\/news\/emin-emrullayev-muellimler-ozleri-de-saxta-diplom-vermemeye-calismalidirlar_1080932.html\" target=\"_blank\" rel=\"noreferrer noopener\">deyib<\/a> ki, ara\u015fd\u0131rma n\u0259tic\u0259l\u0259rin\u0259 g\u00f6r\u0259, t\u0259xmin\u0259n 400 n\u0259f\u0259r 1977- 1991- il\u0259 kimi olan d\u00f6vrd\u0259 i\u015f\u0259 q\u0259bul olunanlard\u0131r. <\/p>\n\n\n\n<p><em>\u201cBu, onu g\u00f6st\u0259rir ki, saxta diplom tolerantl\u0131\u011f\u0131n\u0131n s\u0259viyy\u0259si y\u00fcks\u0259kdir. Bel\u0259 olmamal\u0131d\u0131r\u201d<\/em>, &#8211; nazir deyib.<\/p>\n\n\n\n<p>\u0130yunun 28-d\u0259 is\u0259 bir qrup m\u00fc\u0259llim Elm v\u0259 T\u0259hsil Nazirliyinin \u00f6n\u00fcnd\u0259 etiraz aksiyas\u0131 ke\u00e7ir\u0259r\u0259k, sertifikatla\u015fd\u0131rma prosesind\u0259n <a href=\"https:\/\/www.meydan.tv\/az\/article\/muellimler-nazirliyin-qarsisinda-aksiya-kecirdiler-sertifikasiya-qeyri-seffaf-kecirilib\/\">naraz\u0131l\u0131q edibl\u0259r<\/a>.<\/p>\n\n\n\n<p>Daha \u00f6nc\u0259 Elm v\u0259 T\u0259hsil Nazirliyind\u0259n Meydan TV-y\u0259 bildirilmi\u015fdi ki, \u0259m\u0259k m\u00fcqavil\u0259sin\u0259 xitam veril\u0259c\u0259k m\u00fc\u0259lliml\u0259r\u0259 \u0259m\u0259k qanunvericiliyind\u0259 n\u0259z\u0259rd\u0259 tutulan t\u0259minatlar \u00f6d\u0259nil\u0259c\u0259k.<\/p>\n","protected":false},"excerpt":{"rendered":"<p>Nabat\u0259li Qulamo\u011flu deyir ki, saxta diplomun verilm\u0259sind\u0259 d\u00f6vl\u0259t g\u00fcnahkard\u0131r T\u0259hsil &#8230; <\/p>\n<p class=\"read-more-container\"><a title=\"Ekspert sertifikasiyadan naraz\u0131 qal\u0131b: &#8220;M\u00fc\u0259llimi adam hesab etmirl\u0259r&#8221;\" class=\"read-more button\" href=\"https:\/\/www.meydan.tv\/az\/article\/ekspert-sertifikasiyadan-narazi-qalib-muellimi-adam-hesab-etmirler\/#more-309507\" aria-label=\"Read more about Ekspert sertifikasiyadan naraz\u0131 qal\u0131b: &#8220;M\u00fc\u0259llimi adam hesab etmirl\u0259r&#8221;\">Davam\u0131<\/a><\/p>\n","protected":false},"author":21,"featured_media":309194,"comment_status":"closed","ping_status":"closed","sticky":false,"template":"","format":"standard","meta":{"_acf_changed":false,"_sitemap_exclude":false,"_sitemap_priority":"","_sitemap_frequency":"","footnotes":""},"categories":[62,56],"tags":[],"class_list":["post-309507","post","type-post","status-publish","format-standard","has-post-thumbnail","hentry","category-sosial","category-xeberler","infinite-scroll-item","generate-columns","tablet-grid-50","mobile-grid-100","grid-parent","grid-33","no-featured-image-padding"],"acf":[],"yoast_head":"<!-- This site is optimized with the Yoast SEO plugin v27.5 - https:\/\/yoast.com\/product\/yoast-seo-wordpress\/ -->\n<title>Ekspert: &quot;M\u00fc\u0259llimi adam hesab etmirl\u0259r&quot;<\/title>\n<meta name=\"description\" content=\"T\u0259hsil eksperti Nabat\u0259li Qulamo\u011flu 2024-c\u00fc il iyunun 24-d\u0259 ke\u00e7iril\u0259n m\u00fc\u0259lliml\u0259rin sertifikasiya imtahan\u0131n\u0131n n\u0259tic\u0259l\u0259rind\u0259n naraz\u0131d\u0131r.\" \/>\n<meta name=\"robots\" content=\"index, follow, max-snippet:-1, max-image-preview:large, max-video-preview:-1\" \/>\n<link rel=\"canonical\" href=\"https:\/\/www.meydan.tv\/az\/article\/ekspert-sertifikasiyadan-narazi-qalib-muellimi-adam-hesab-etmirler\/\" \/>\n<meta property=\"og:locale\" content=\"az_AZ\" \/>\n<meta property=\"og:type\" content=\"article\" \/>\n<meta property=\"og:title\" content=\"Ekspert: &quot;M\u00fc\u0259llimi adam hesab etmirl\u0259r&quot;\" \/>\n<meta property=\"og:description\" content=\"T\u0259hsil eksperti Nabat\u0259li Qulamo\u011flu 2024-c\u00fc il iyunun 24-d\u0259 ke\u00e7iril\u0259n m\u00fc\u0259lliml\u0259rin sertifikasiya imtahan\u0131n\u0131n n\u0259tic\u0259l\u0259rind\u0259n naraz\u0131d\u0131r.\" \/>\n<meta property=\"og:url\" content=\"https:\/\/www.meydan.tv\/az\/article\/ekspert-sertifikasiyadan-narazi-qalib-muellimi-adam-hesab-etmirler\/\" \/>\n<meta property=\"og:site_name\" content=\"MEYDAN.TV\" \/>\n<meta property=\"article:published_time\" content=\"2024-07-02T14:42:52+00:00\" \/>\n<meta property=\"article:modified_time\" content=\"2024-07-02T14:42:55+00:00\" \/>\n<meta property=\"og:image\" content=\"https:\/\/www.meydan.tv\/wp-content\/uploads\/05-30.08.22-04.jpg\" \/>\n\t<meta property=\"og:image:width\" content=\"2000\" \/>\n\t<meta property=\"og:image:height\" content=\"1333\" \/>\n\t<meta property=\"og:image:type\" content=\"image\/jpeg\" \/>\n<meta name=\"author\" content=\"mahmud\" \/>\n<meta name=\"twitter:card\" content=\"summary_large_image\" \/>\n<script type=\"application\/ld+json\" class=\"yoast-schema-graph\">{\"@context\":\"https:\\\/\\\/schema.org\",\"@graph\":[{\"@type\":\"Article\",\"@id\":\"https:\\\/\\\/www.meydan.tv\\\/az\\\/article\\\/ekspert-sertifikasiyadan-narazi-qalib-muellimi-adam-hesab-etmirler\\\/#article\",\"isPartOf\":{\"@id\":\"https:\\\/\\\/www.meydan.tv\\\/az\\\/article\\\/ekspert-sertifikasiyadan-narazi-qalib-muellimi-adam-hesab-etmirler\\\/\"},\"author\":{\"name\":\"mahmud\",\"@id\":\"https:\\\/\\\/www.meydan.tv\\\/az\\\/#\\\/schema\\\/person\\\/09863e516102a829e72bedcf3f84c6b0\"},\"headline\":\"Ekspert sertifikasiyadan naraz\u0131 qal\u0131b: &#8220;M\u00fc\u0259llimi adam hesab etmirl\u0259r&#8221;\",\"datePublished\":\"2024-07-02T14:42:52+00:00\",\"dateModified\":\"2024-07-02T14:42:55+00:00\",\"mainEntityOfPage\":{\"@id\":\"https:\\\/\\\/www.meydan.tv\\\/az\\\/article\\\/ekspert-sertifikasiyadan-narazi-qalib-muellimi-adam-hesab-etmirler\\\/\"},\"wordCount\":482,\"publisher\":{\"@id\":\"https:\\\/\\\/www.meydan.tv\\\/az\\\/#organization\"},\"image\":{\"@id\":\"https:\\\/\\\/www.meydan.tv\\\/az\\\/article\\\/ekspert-sertifikasiyadan-narazi-qalib-muellimi-adam-hesab-etmirler\\\/#primaryimage\"},\"thumbnailUrl\":\"https:\\\/\\\/www.meydan.tv\\\/wp-content\\\/uploads\\\/05-30.08.22-04.jpg\",\"articleSection\":[\"Sosial\",\"X\u0259b\u0259rl\u0259r\"],\"inLanguage\":\"az\"},{\"@type\":\"WebPage\",\"@id\":\"https:\\\/\\\/www.meydan.tv\\\/az\\\/article\\\/ekspert-sertifikasiyadan-narazi-qalib-muellimi-adam-hesab-etmirler\\\/\",\"url\":\"https:\\\/\\\/www.meydan.tv\\\/az\\\/article\\\/ekspert-sertifikasiyadan-narazi-qalib-muellimi-adam-hesab-etmirler\\\/\",\"name\":\"Ekspert: \\\"M\u00fc\u0259llimi adam hesab etmirl\u0259r\\\"\",\"isPartOf\":{\"@id\":\"https:\\\/\\\/www.meydan.tv\\\/az\\\/#website\"},\"primaryImageOfPage\":{\"@id\":\"https:\\\/\\\/www.meydan.tv\\\/az\\\/article\\\/ekspert-sertifikasiyadan-narazi-qalib-muellimi-adam-hesab-etmirler\\\/#primaryimage\"},\"image\":{\"@id\":\"https:\\\/\\\/www.meydan.tv\\\/az\\\/article\\\/ekspert-sertifikasiyadan-narazi-qalib-muellimi-adam-hesab-etmirler\\\/#primaryimage\"},\"thumbnailUrl\":\"https:\\\/\\\/www.meydan.tv\\\/wp-content\\\/uploads\\\/05-30.08.22-04.jpg\",\"datePublished\":\"2024-07-02T14:42:52+00:00\",\"dateModified\":\"2024-07-02T14:42:55+00:00\",\"description\":\"T\u0259hsil eksperti Nabat\u0259li Qulamo\u011flu 2024-c\u00fc il iyunun 24-d\u0259 ke\u00e7iril\u0259n m\u00fc\u0259lliml\u0259rin sertifikasiya imtahan\u0131n\u0131n n\u0259tic\u0259l\u0259rind\u0259n naraz\u0131d\u0131r.\",\"breadcrumb\":{\"@id\":\"https:\\\/\\\/www.meydan.tv\\\/az\\\/article\\\/ekspert-sertifikasiyadan-narazi-qalib-muellimi-adam-hesab-etmirler\\\/#breadcrumb\"},\"inLanguage\":\"az\",\"potentialAction\":[{\"@type\":\"ReadAction\",\"target\":[\"https:\\\/\\\/www.meydan.tv\\\/az\\\/article\\\/ekspert-sertifikasiyadan-narazi-qalib-muellimi-adam-hesab-etmirler\\\/\"]}]},{\"@type\":\"ImageObject\",\"inLanguage\":\"az\",\"@id\":\"https:\\\/\\\/www.meydan.tv\\\/az\\\/article\\\/ekspert-sertifikasiyadan-narazi-qalib-muellimi-adam-hesab-etmirler\\\/#primaryimage\",\"url\":\"https:\\\/\\\/www.meydan.tv\\\/wp-content\\\/uploads\\\/05-30.08.22-04.jpg\",\"contentUrl\":\"https:\\\/\\\/www.meydan.tv\\\/wp-content\\\/uploads\\\/05-30.08.22-04.jpg\",\"width\":2000,\"height\":1333,\"caption\":\"M\u00fc\u0259lliml\u0259rin sertifikasiya imtahan\u0131. Foto: Elm v\u0259 T\u0259hsil Nazirliyinin sayt\u0131\"},{\"@type\":\"BreadcrumbList\",\"@id\":\"https:\\\/\\\/www.meydan.tv\\\/az\\\/article\\\/ekspert-sertifikasiyadan-narazi-qalib-muellimi-adam-hesab-etmirler\\\/#breadcrumb\",\"itemListElement\":[{\"@type\":\"ListItem\",\"position\":1,\"name\":\"Ana s\u0259hif\u0259\",\"item\":\"https:\\\/\\\/www.meydan.tv\\\/az\\\/\"},{\"@type\":\"ListItem\",\"position\":2,\"name\":\"Sosial\",\"item\":\"https:\\\/\\\/www.meydan.tv\\\/az\\\/section\\\/sosial\\\/\"},{\"@type\":\"ListItem\",\"position\":3,\"name\":\"Ekspert sertifikasiyadan naraz\u0131 qal\u0131b: &#8220;M\u00fc\u0259llimi adam hesab etmirl\u0259r&#8221;\"}]},{\"@type\":\"WebSite\",\"@id\":\"https:\\\/\\\/www.meydan.tv\\\/az\\\/#website\",\"url\":\"https:\\\/\\\/www.meydan.tv\\\/az\\\/\",\"name\":\"MEYDAN.TV\",\"description\":\"Meydan TV Az\u0259rbaycan\u0131n media m\u0259kan\u0131ndak\u0131 alternativ s\u0259sidir\",\"publisher\":{\"@id\":\"https:\\\/\\\/www.meydan.tv\\\/az\\\/#organization\"},\"potentialAction\":[{\"@type\":\"SearchAction\",\"target\":{\"@type\":\"EntryPoint\",\"urlTemplate\":\"https:\\\/\\\/www.meydan.tv\\\/az\\\/?s={search_term_string}\"},\"query-input\":{\"@type\":\"PropertyValueSpecification\",\"valueRequired\":true,\"valueName\":\"search_term_string\"}}],\"inLanguage\":\"az\"},{\"@type\":\"Organization\",\"@id\":\"https:\\\/\\\/www.meydan.tv\\\/az\\\/#organization\",\"name\":\"Meydan TV\",\"url\":\"https:\\\/\\\/www.meydan.tv\\\/az\\\/\",\"logo\":{\"@type\":\"ImageObject\",\"inLanguage\":\"az\",\"@id\":\"https:\\\/\\\/www.meydan.tv\\\/az\\\/#\\\/schema\\\/logo\\\/image\\\/\",\"url\":\"https:\\\/\\\/www.meydan.tv\\\/wp-content\\\/uploads\\\/2021\\\/07\\\/meydan-logo.svg\",\"contentUrl\":\"https:\\\/\\\/www.meydan.tv\\\/wp-content\\\/uploads\\\/2021\\\/07\\\/meydan-logo.svg\",\"width\":195,\"height\":46,\"caption\":\"Meydan TV\"},\"image\":{\"@id\":\"https:\\\/\\\/www.meydan.tv\\\/az\\\/#\\\/schema\\\/logo\\\/image\\\/\"}},{\"@type\":\"Person\",\"@id\":\"https:\\\/\\\/www.meydan.tv\\\/az\\\/#\\\/schema\\\/person\\\/09863e516102a829e72bedcf3f84c6b0\",\"name\":\"mahmud\"}]}<\/script>\n<!-- \/ Yoast SEO plugin. -->","yoast_head_json":{"title":"Ekspert: \"M\u00fc\u0259llimi adam hesab etmirl\u0259r\"","description":"T\u0259hsil eksperti Nabat\u0259li Qulamo\u011flu 2024-c\u00fc il iyunun 24-d\u0259 ke\u00e7iril\u0259n m\u00fc\u0259lliml\u0259rin sertifikasiya imtahan\u0131n\u0131n n\u0259tic\u0259l\u0259rind\u0259n naraz\u0131d\u0131r.","robots":{"index":"index","follow":"follow","max-snippet":"max-snippet:-1","max-image-preview":"max-image-preview:large","max-video-preview":"max-video-preview:-1"},"canonical":"https:\/\/www.meydan.tv\/az\/article\/ekspert-sertifikasiyadan-narazi-qalib-muellimi-adam-hesab-etmirler\/","og_locale":"az_AZ","og_type":"article","og_title":"Ekspert: \"M\u00fc\u0259llimi adam hesab etmirl\u0259r\"","og_description":"T\u0259hsil eksperti Nabat\u0259li Qulamo\u011flu 2024-c\u00fc il iyunun 24-d\u0259 ke\u00e7iril\u0259n m\u00fc\u0259lliml\u0259rin sertifikasiya imtahan\u0131n\u0131n n\u0259tic\u0259l\u0259rind\u0259n naraz\u0131d\u0131r.","og_url":"https:\/\/www.meydan.tv\/az\/article\/ekspert-sertifikasiyadan-narazi-qalib-muellimi-adam-hesab-etmirler\/","og_site_name":"MEYDAN.TV","article_published_time":"2024-07-02T14:42:52+00:00","article_modified_time":"2024-07-02T14:42:55+00:00","og_image":[{"width":2000,"height":1333,"url":"https:\/\/www.meydan.tv\/wp-content\/uploads\/05-30.08.22-04.jpg","type":"image\/jpeg"}],"author":"mahmud","twitter_card":"summary_large_image","schema":{"@context":"https:\/\/schema.org","@graph":[{"@type":"Article","@id":"https:\/\/www.meydan.tv\/az\/article\/ekspert-sertifikasiyadan-narazi-qalib-muellimi-adam-hesab-etmirler\/#article","isPartOf":{"@id":"https:\/\/www.meydan.tv\/az\/article\/ekspert-sertifikasiyadan-narazi-qalib-muellimi-adam-hesab-etmirler\/"},"author":{"name":"mahmud","@id":"https:\/\/www.meydan.tv\/az\/#\/schema\/person\/09863e516102a829e72bedcf3f84c6b0"},"headline":"Ekspert sertifikasiyadan naraz\u0131 qal\u0131b: &#8220;M\u00fc\u0259llimi adam hesab etmirl\u0259r&#8221;","datePublished":"2024-07-02T14:42:52+00:00","dateModified":"2024-07-02T14:42:55+00:00","mainEntityOfPage":{"@id":"https:\/\/www.meydan.tv\/az\/article\/ekspert-sertifikasiyadan-narazi-qalib-muellimi-adam-hesab-etmirler\/"},"wordCount":482,"publisher":{"@id":"https:\/\/www.meydan.tv\/az\/#organization"},"image":{"@id":"https:\/\/www.meydan.tv\/az\/article\/ekspert-sertifikasiyadan-narazi-qalib-muellimi-adam-hesab-etmirler\/#primaryimage"},"thumbnailUrl":"https:\/\/www.meydan.tv\/wp-content\/uploads\/05-30.08.22-04.jpg","articleSection":["Sosial","X\u0259b\u0259rl\u0259r"],"inLanguage":"az"},{"@type":"WebPage","@id":"https:\/\/www.meydan.tv\/az\/article\/ekspert-sertifikasiyadan-narazi-qalib-muellimi-adam-hesab-etmirler\/","url":"https:\/\/www.meydan.tv\/az\/article\/ekspert-sertifikasiyadan-narazi-qalib-muellimi-adam-hesab-etmirler\/","name":"Ekspert: \"M\u00fc\u0259llimi adam hesab etmirl\u0259r\"","isPartOf":{"@id":"https:\/\/www.meydan.tv\/az\/#website"},"primaryImageOfPage":{"@id":"https:\/\/www.meydan.tv\/az\/article\/ekspert-sertifikasiyadan-narazi-qalib-muellimi-adam-hesab-etmirler\/#primaryimage"},"image":{"@id":"https:\/\/www.meydan.tv\/az\/article\/ekspert-sertifikasiyadan-narazi-qalib-muellimi-adam-hesab-etmirler\/#primaryimage"},"thumbnailUrl":"https:\/\/www.meydan.tv\/wp-content\/uploads\/05-30.08.22-04.jpg","datePublished":"2024-07-02T14:42:52+00:00","dateModified":"2024-07-02T14:42:55+00:00","description":"T\u0259hsil eksperti Nabat\u0259li Qulamo\u011flu 2024-c\u00fc il iyunun 24-d\u0259 ke\u00e7iril\u0259n m\u00fc\u0259lliml\u0259rin sertifikasiya imtahan\u0131n\u0131n n\u0259tic\u0259l\u0259rind\u0259n naraz\u0131d\u0131r.","breadcrumb":{"@id":"https:\/\/www.meydan.tv\/az\/article\/ekspert-sertifikasiyadan-narazi-qalib-muellimi-adam-hesab-etmirler\/#breadcrumb"},"inLanguage":"az","potentialAction":[{"@type":"ReadAction","target":["https:\/\/www.meydan.tv\/az\/article\/ekspert-sertifikasiyadan-narazi-qalib-muellimi-adam-hesab-etmirler\/"]}]},{"@type":"ImageObject","inLanguage":"az","@id":"https:\/\/www.meydan.tv\/az\/article\/ekspert-sertifikasiyadan-narazi-qalib-muellimi-adam-hesab-etmirler\/#primaryimage","url":"https:\/\/www.meydan.tv\/wp-content\/uploads\/05-30.08.22-04.jpg","contentUrl":"https:\/\/www.meydan.tv\/wp-content\/uploads\/05-30.08.22-04.jpg","width":2000,"height":1333,"caption":"M\u00fc\u0259lliml\u0259rin sertifikasiya imtahan\u0131. Foto: Elm v\u0259 T\u0259hsil Nazirliyinin sayt\u0131"},{"@type":"BreadcrumbList","@id":"https:\/\/www.meydan.tv\/az\/article\/ekspert-sertifikasiyadan-narazi-qalib-muellimi-adam-hesab-etmirler\/#breadcrumb","itemListElement":[{"@type":"ListItem","position":1,"name":"Ana s\u0259hif\u0259","item":"https:\/\/www.meydan.tv\/az\/"},{"@type":"ListItem","position":2,"name":"Sosial","item":"https:\/\/www.meydan.tv\/az\/section\/sosial\/"},{"@type":"ListItem","position":3,"name":"Ekspert sertifikasiyadan naraz\u0131 qal\u0131b: &#8220;M\u00fc\u0259llimi adam hesab etmirl\u0259r&#8221;"}]},{"@type":"WebSite","@id":"https:\/\/www.meydan.tv\/az\/#website","url":"https:\/\/www.meydan.tv\/az\/","name":"MEYDAN.TV","description":"Meydan TV Az\u0259rbaycan\u0131n media m\u0259kan\u0131ndak\u0131 alternativ s\u0259sidir","publisher":{"@id":"https:\/\/www.meydan.tv\/az\/#organization"},"potentialAction":[{"@type":"SearchAction","target":{"@type":"EntryPoint","urlTemplate":"https:\/\/www.meydan.tv\/az\/?s={search_term_string}"},"query-input":{"@type":"PropertyValueSpecification","valueRequired":true,"valueName":"search_term_string"}}],"inLanguage":"az"},{"@type":"Organization","@id":"https:\/\/www.meydan.tv\/az\/#organization","name":"Meydan TV","url":"https:\/\/www.meydan.tv\/az\/","logo":{"@type":"ImageObject","inLanguage":"az","@id":"https:\/\/www.meydan.tv\/az\/#\/schema\/logo\/image\/","url":"https:\/\/www.meydan.tv\/wp-content\/uploads\/2021\/07\/meydan-logo.svg","contentUrl":"https:\/\/www.meydan.tv\/wp-content\/uploads\/2021\/07\/meydan-logo.svg","width":195,"height":46,"caption":"Meydan TV"},"image":{"@id":"https:\/\/www.meydan.tv\/az\/#\/schema\/logo\/image\/"}},{"@type":"Person","@id":"https:\/\/www.meydan.tv\/az\/#\/schema\/person\/09863e516102a829e72bedcf3f84c6b0","name":"mahmud"}]}},"_links":{"self":[{"href":"https:\/\/www.meydan.tv\/az\/wp-json\/wp\/v2\/posts\/309507","targetHints":{"allow":["GET"]}}],"collection":[{"href":"https:\/\/www.meydan.tv\/az\/wp-json\/wp\/v2\/posts"}],"about":[{"href":"https:\/\/www.meydan.tv\/az\/wp-json\/wp\/v2\/types\/post"}],"author":[{"embeddable":true,"href":"https:\/\/www.meydan.tv\/az\/wp-json\/wp\/v2\/users\/21"}],"replies":[{"embeddable":true,"href":"https:\/\/www.meydan.tv\/az\/wp-json\/wp\/v2\/comments?post=309507"}],"version-history":[{"count":1,"href":"https:\/\/www.meydan.tv\/az\/wp-json\/wp\/v2\/posts\/309507\/revisions"}],"predecessor-version":[{"id":309508,"href":"https:\/\/www.meydan.tv\/az\/wp-json\/wp\/v2\/posts\/309507\/revisions\/309508"}],"wp:featuredmedia":[{"embeddable":true,"href":"https:\/\/www.meydan.tv\/az\/wp-json\/wp\/v2\/media\/309194"}],"wp:attachment":[{"href":"https:\/\/www.meydan.tv\/az\/wp-json\/wp\/v2\/media?parent=309507"}],"wp:term":[{"taxonomy":"category","embeddable":true,"href":"https:\/\/www.meydan.tv\/az\/wp-json\/wp\/v2\/categories?post=309507"},{"taxonomy":"post_tag","embeddable":true,"href":"https:\/\/www.meydan.tv\/az\/wp-json\/wp\/v2\/tags?post=309507"}],"curies":[{"name":"wp","href":"https:\/\/api.w.org\/{rel}","templated":true}]}}