{"id":309444,"date":"2024-07-02T01:01:38","date_gmt":"2024-07-01T21:01:38","guid":{"rendered":"https:\/\/www.meydan.tv\/?p=309444"},"modified":"2024-07-02T01:01:41","modified_gmt":"2024-07-01T21:01:41","slug":"musavat-seckilerle-bagli-hakimiyyete-cagiris-edib","status":"publish","type":"post","link":"https:\/\/www.meydan.tv\/az\/article\/musavat-seckilerle-bagli-hakimiyyete-cagiris-edib\/","title":{"rendered":"M\u00fcsavat se\u00e7kil\u0259rl\u0259 ba\u011fl\u0131 hakimiyy\u0259t\u0259 \u00e7a\u011f\u0131r\u0131\u015f edib"},"content":{"rendered":"\n<p><\/p>\n\n\n\n<p><strong><em>&#8220;Parlament se\u00e7kil\u0259ri \u00fc\u00e7\u00fcn demokratik \u015f\u0259rait t\u0259min edilm\u0259lidir&#8221;<\/em><\/strong><\/p>\n\n\n\n<p>M\u00fcsavat Partiyas\u0131 2024-c\u00fc il sentyabr\u0131n 1-n\u0259 Milli M\u0259clis\u0259 n\u00f6vb\u0259d\u0259nk\u0259nar se\u00e7kil\u0259rin t\u0259yin olunmas\u0131, \u00f6lk\u0259d\u0259ki qiym\u0259t art\u0131m\u0131, h\u0259m\u00e7inin siyasi m\u0259hbuslarla ba\u011fl\u0131 b\u0259yanat yay\u0131b.<\/p>\n\n\n\n<p>Bu bar\u0259d\u0259 Meydan TV-y\u0259 M\u00fcsavat Partiyas\u0131ndan m\u0259lumat verilib.<\/p>\n\n\n\n<p>\u0130yunun 1-d\u0259 q\u0259bul edilmi\u015f b\u0259yanatda qeyd edilir ki, son ill\u0259rd\u0259 Az\u0259rbaycanda ke\u00e7iril\u0259n se\u00e7kil\u0259rd\u0259, referendumlarda oldu\u011fu kimi, siyasi qurumlar v\u0259 c\u0259miyy\u0259td\u0259n g\u0259l\u0259n \u00e7a\u011f\u0131r\u0131\u015flara baxmayaraq, Milli M\u0259clis\u0259 se\u00e7kil\u0259r \u0259r\u0259f\u0259sind\u0259 d\u0259 z\u0259ruri siyasi islahatlar h\u0259yata ke\u00e7irilm\u0259yib.<\/p>\n\n\n\n<p><em>&#8220;Se\u00e7kiqaba\u011f\u0131 demokratik \u015f\u0259rait \u00fc\u00e7\u00fcn z\u0259ruri olan h\u00fcquq v\u0259 azadl\u0131qlar\u0131n m\u0259hdudla\u015fd\u0131r\u0131lmas\u0131 davam etdirilib&#8221;<\/em>, &#8211; dey\u0259 t\u0259\u015fkilat b\u0259yan edib.<\/p>\n\n\n<div class=\"wp-block-image\">\n<figure class=\"alignright size-full is-resized\"><img decoding=\"async\" width=\"1000\" height=\"555\" data-src=\"https:\/\/www.meydan.tv\/wp-content\/uploads\/untitled_design_6_hwrzqdl.png\" alt=\"M\u00fcsavat partiyas\u0131\" class=\"wp-image-130838 lazyload\" style=\"--smush-placeholder-width: 1000px; --smush-placeholder-aspect-ratio: 1000\/555;width:450px;height:auto\" src=\"data:image\/svg+xml;base64,PHN2ZyB3aWR0aD0iMSIgaGVpZ2h0PSIxIiB4bWxucz0iaHR0cDovL3d3dy53My5vcmcvMjAwMC9zdmciPjwvc3ZnPg==\" \/><figcaption class=\"wp-element-caption\">Source: Meydan TV<\/figcaption><\/figure>\n<\/div>\n\n\n<p>B\u0259yanatda h\u0259m\u00e7inin bildirilir ki, \u00f6lk\u0259d\u0259 siyasi m\u0259hbuslar azadl\u0131\u011fa burax\u0131lmay\u0131b, \u0259ksin\u0259 se\u00e7ki \u0259r\u0259f\u0259sind\u0259 siyasi v\u0259 ictimai f\u0259allar\u0131n, jurnalistl\u0259rin h\u0259bsi k\u00fctl\u0259vi xarakter al\u0131b.<\/p>\n\n\n\n<p>Bundan ba\u015fqa, M\u00fcsavat hesab edir ki, se\u00e7ki qanunvericiliyind\u0259 demokratik d\u0259yi\u015fiklikl\u0259rin edilm\u0259si, proporsional se\u00e7ki sisteminin b\u0259rpas\u0131, se\u00e7ki komissiyalar\u0131nda iddia\u00e7\u0131 t\u0259r\u0259fl\u0259rin t\u0259msil\u00e7iliyinin t\u0259min edilm\u0259si il\u0259 ba\u011fl\u0131 \u00e7a\u011f\u0131r\u0131\u015flar\u0131 cavabs\u0131z qal\u0131b.<\/p>\n\n\n\n<p>Partiyan\u0131n b\u0259yanat\u0131nda vur\u011fulan\u0131r ki, se\u00e7kil\u0259rin \u0259sas\u0259n t\u0259till\u0259r v\u0259 havalar\u0131n \u00e7ox isti oldu\u011fu d\u00f6vr\u0259 t\u0259yin edilm\u0259sinin se\u00e7ici f\u0259all\u0131\u011f\u0131na, se\u00e7ki kampaniyas\u0131n\u0131n t\u0259\u015fkilin\u0259 m\u0259nfi t\u0259sir g\u00f6st\u0259r\u0259c\u0259yi \u015f\u00fcbh\u0259sizdir.<\/p>\n\n\n\n<p>B\u00fct\u00fcn bunlar\u0131 n\u0259z\u0259r\u0259 alan M\u00fcsavat Partiyas\u0131 indiki \u015f\u0259raitd\u0259 \u00f6lk\u0259d\u0259 qism\u0259n d\u0259 olsa, demokratik se\u00e7kil\u0259rin ke\u00e7irilm\u0259sinin tarixi z\u0259rur\u0259t oldu\u011funu xat\u0131rlad\u0131b.<\/p>\n\n\n\n<p>Eyni zamanda, partiya Az\u0259rbaycan hakimiyy\u0259tini se\u00e7ki \u0259r\u0259f\u0259si v\u0259 se\u00e7ki kampaniyas\u0131 d\u00f6vr\u00fcnd\u0259 demokratik m\u00fchitin yarad\u0131lmas\u0131 namin\u0259 v\u0259t\u0259nda\u015flar\u0131n s\u0259rb\u0259st topla\u015fma h\u00fcququnun, s\u00f6z v\u0259 ifad\u0259 azadl\u0131\u011f\u0131n\u0131n t\u0259min edilm\u0259si, b\u00fct\u00fcn siyasi m\u0259hbuslar\u0131n azadl\u0131\u011fa burax\u0131lmas\u0131, se\u00e7ki komissiyalar\u0131n\u0131n f\u0259aliyy\u0259tin\u0259 etimad\u0131n art\u0131r\u0131lmas\u0131 \u00fc\u00e7\u00fcn \u0259m\u0259li add\u0131mlar atma\u011fa \u00e7a\u011f\u0131r\u0131b.<\/p>\n\n\n\n<p><strong>N\u00f6vb\u0259d\u0259nk\u0259nar parlament se\u00e7kil\u0259ri n\u0259 vaxt ke\u00e7iril\u0259c\u0259k?<\/strong><\/p>\n\n\n\n<p>Az\u0259rbaycan Prezidenti \u0130lham \u018fliyev Milli M\u0259clisin burax\u0131lmas\u0131 v\u0259 sentyabr\u0131n 1-d\u0259 erk\u0259n se\u00e7ki ke\u00e7irilm\u0259si il\u0259 ba\u011fl\u0131 iyunun 28-d\u0259 s\u0259r\u0259ncam imzalay\u0131b.<\/p>\n\n\n\n<p>\u0130yunun 27-d\u0259 Konstitusiya M\u0259hk\u0259m\u0259sinin Plenumu erk\u0259n parlament se\u00e7kisi ke\u00e7irilm\u0259sinin m\u00fcmk\u00fcnl\u00fcy\u00fc il\u0259 ba\u011fl\u0131 Az\u0259rbaycan Prezidentinin sor\u011fusuna m\u00fcsb\u0259t cavab vermi\u015fdi.<\/p>\n\n\n\n<p>\u0130yunun 21-d\u0259 Az\u0259rbaycan parlamenti \u00f6z\u00fcn\u00fcn burax\u0131lmas\u0131 v\u0259 Milli M\u0259clis\u0259 n\u00f6vb\u0259d\u0259nk\u0259nar se\u00e7kil\u0259rin t\u0259yin olunmas\u0131 \u00fc\u00e7\u00fcn Prezident \u0130lham \u018fliyev\u0259 m\u00fcraci\u0259t etmi\u015fdi.<\/p>\n\n\n\n<p>Parlamentin q\u0259na\u0259tin\u0259 g\u00f6r\u0259, COP29 zaman\u0131 Milli M\u0259clisin Az\u0259rbaycan\u0131n \u0259razi b\u00fct\u00f6vl\u00fcy\u00fcn\u00fcn b\u0259rpas\u0131ndan sonra yeni t\u0259rkibd\u0259 t\u0259msil olunmas\u0131, parlament diplomatiyas\u0131n\u0131n verdiyi imkanlardan s\u0259m\u0259r\u0259li istifad\u0259 edilm\u0259si, habel\u0259 \u00f6lk\u0259 \u00fc\u00e7\u00fcn bu \u0259h\u0259miyy\u0259tli t\u0259dbir zaman\u0131 normayaratma f\u0259aliyy\u0259tinin fasil\u0259siz h\u0259yata ke\u00e7irilm\u0259si \u00fc\u00e7\u00fcn h\u0259min vaxta q\u0259d\u0259r Milli M\u0259clisin yeni \u00e7a\u011f\u0131r\u0131\u015f\u0131n\u0131n \u201ctam formala\u015fd\u0131r\u0131lmas\u0131 z\u0259ruridir\u201d.<\/p>\n\n\n\n<p>Az\u0259rbaycanda sonuncu parlament se\u00e7kisi d\u0259 n\u00f6vb\u0259d\u0259nk\u0259nar olub v\u0259 2020-ci ilin fevral\u0131nda ba\u015f tutub.<\/p>\n","protected":false},"excerpt":{"rendered":"<p>&#8220;Parlament se\u00e7kil\u0259ri \u00fc\u00e7\u00fcn demokratik \u015f\u0259rait t\u0259min edilm\u0259lidir&#8221; M\u00fcsavat Partiyas\u0131 2024-c\u00fc &#8230; <\/p>\n<p class=\"read-more-container\"><a title=\"M\u00fcsavat se\u00e7kil\u0259rl\u0259 ba\u011fl\u0131 hakimiyy\u0259t\u0259 \u00e7a\u011f\u0131r\u0131\u015f edib\" class=\"read-more button\" href=\"https:\/\/www.meydan.tv\/az\/article\/musavat-seckilerle-bagli-hakimiyyete-cagiris-edib\/#more-309444\" aria-label=\"Read more about M\u00fcsavat se\u00e7kil\u0259rl\u0259 ba\u011fl\u0131 hakimiyy\u0259t\u0259 \u00e7a\u011f\u0131r\u0131\u015f edib\">Davam\u0131<\/a><\/p>\n","protected":false},"author":21,"featured_media":302328,"comment_status":"closed","ping_status":"closed","sticky":false,"template":"","format":"standard","meta":{"_acf_changed":false,"_sitemap_exclude":false,"_sitemap_priority":"","_sitemap_frequency":"","footnotes":""},"categories":[129,59,56],"tags":[],"class_list":["post-309444","post","type-post","status-publish","format-standard","has-post-thumbnail","hentry","category-sechki-2024","category-siyaset","category-xeberler","infinite-scroll-item","generate-columns","tablet-grid-50","mobile-grid-100","grid-parent","grid-33","no-featured-image-padding"],"acf":[],"yoast_head":"<!-- This site is optimized with the Yoast SEO plugin v27.4 - https:\/\/yoast.com\/product\/yoast-seo-wordpress\/ -->\n<title>M\u00fcsavat se\u00e7kil\u0259rl\u0259 ba\u011fl\u0131 hakimiyy\u0259t\u0259 \u00e7a\u011f\u0131r\u0131\u015f edib - MEYDAN.TV<\/title>\n<meta name=\"description\" content=\"M\u00fcsavat Partiyas\u0131 n\u00f6vb\u0259d\u0259nk\u0259nar parlament se\u00e7kil\u0259ri, \u00f6lk\u0259d\u0259ki qiym\u0259t art\u0131m\u0131, h\u0259m\u00e7inin siyasi m\u0259hbuslarla ba\u011fl\u0131 b\u0259yanat yay\u0131b.\" \/>\n<meta name=\"robots\" content=\"index, follow, max-snippet:-1, max-image-preview:large, max-video-preview:-1\" \/>\n<link rel=\"canonical\" href=\"https:\/\/www.meydan.tv\/az\/article\/musavat-seckilerle-bagli-hakimiyyete-cagiris-edib\/\" \/>\n<meta property=\"og:locale\" content=\"az_AZ\" \/>\n<meta property=\"og:type\" content=\"article\" \/>\n<meta property=\"og:title\" content=\"M\u00fcsavat se\u00e7kil\u0259rl\u0259 ba\u011fl\u0131 hakimiyy\u0259t\u0259 \u00e7a\u011f\u0131r\u0131\u015f edib - MEYDAN.TV\" \/>\n<meta property=\"og:description\" content=\"M\u00fcsavat Partiyas\u0131 n\u00f6vb\u0259d\u0259nk\u0259nar parlament se\u00e7kil\u0259ri, \u00f6lk\u0259d\u0259ki qiym\u0259t art\u0131m\u0131, h\u0259m\u00e7inin siyasi m\u0259hbuslarla ba\u011fl\u0131 b\u0259yanat yay\u0131b.\" \/>\n<meta property=\"og:url\" content=\"https:\/\/www.meydan.tv\/az\/article\/musavat-seckilerle-bagli-hakimiyyete-cagiris-edib\/\" \/>\n<meta property=\"og:site_name\" content=\"MEYDAN.TV\" \/>\n<meta property=\"article:published_time\" content=\"2024-07-01T21:01:38+00:00\" \/>\n<meta property=\"article:modified_time\" content=\"2024-07-01T21:01:41+00:00\" \/>\n<meta property=\"og:image\" content=\"https:\/\/www.meydan.tv\/wp-content\/uploads\/shutterstock_2349900553.jpg\" \/>\n\t<meta property=\"og:image:width\" content=\"1200\" \/>\n\t<meta property=\"og:image:height\" content=\"600\" \/>\n\t<meta property=\"og:image:type\" content=\"image\/jpeg\" \/>\n<meta name=\"author\" content=\"mahmud\" \/>\n<meta name=\"twitter:card\" content=\"summary_large_image\" \/>\n<script type=\"application\/ld+json\" class=\"yoast-schema-graph\">{\"@context\":\"https:\\\/\\\/schema.org\",\"@graph\":[{\"@type\":\"Article\",\"@id\":\"https:\\\/\\\/www.meydan.tv\\\/az\\\/article\\\/musavat-seckilerle-bagli-hakimiyyete-cagiris-edib\\\/#article\",\"isPartOf\":{\"@id\":\"https:\\\/\\\/www.meydan.tv\\\/az\\\/article\\\/musavat-seckilerle-bagli-hakimiyyete-cagiris-edib\\\/\"},\"author\":{\"name\":\"mahmud\",\"@id\":\"https:\\\/\\\/www.meydan.tv\\\/az\\\/#\\\/schema\\\/person\\\/09863e516102a829e72bedcf3f84c6b0\"},\"headline\":\"M\u00fcsavat se\u00e7kil\u0259rl\u0259 ba\u011fl\u0131 hakimiyy\u0259t\u0259 \u00e7a\u011f\u0131r\u0131\u015f edib\",\"datePublished\":\"2024-07-01T21:01:38+00:00\",\"dateModified\":\"2024-07-01T21:01:41+00:00\",\"mainEntityOfPage\":{\"@id\":\"https:\\\/\\\/www.meydan.tv\\\/az\\\/article\\\/musavat-seckilerle-bagli-hakimiyyete-cagiris-edib\\\/\"},\"wordCount\":645,\"publisher\":{\"@id\":\"https:\\\/\\\/www.meydan.tv\\\/az\\\/#organization\"},\"image\":{\"@id\":\"https:\\\/\\\/www.meydan.tv\\\/az\\\/article\\\/musavat-seckilerle-bagli-hakimiyyete-cagiris-edib\\\/#primaryimage\"},\"thumbnailUrl\":\"https:\\\/\\\/www.meydan.tv\\\/wp-content\\\/uploads\\\/shutterstock_2349900553.jpg\",\"articleSection\":[\"Se\u00e7ki 2024\",\"Siyas\u0259t\",\"X\u0259b\u0259rl\u0259r\"],\"inLanguage\":\"az\"},{\"@type\":\"WebPage\",\"@id\":\"https:\\\/\\\/www.meydan.tv\\\/az\\\/article\\\/musavat-seckilerle-bagli-hakimiyyete-cagiris-edib\\\/\",\"url\":\"https:\\\/\\\/www.meydan.tv\\\/az\\\/article\\\/musavat-seckilerle-bagli-hakimiyyete-cagiris-edib\\\/\",\"name\":\"M\u00fcsavat se\u00e7kil\u0259rl\u0259 ba\u011fl\u0131 hakimiyy\u0259t\u0259 \u00e7a\u011f\u0131r\u0131\u015f edib - MEYDAN.TV\",\"isPartOf\":{\"@id\":\"https:\\\/\\\/www.meydan.tv\\\/az\\\/#website\"},\"primaryImageOfPage\":{\"@id\":\"https:\\\/\\\/www.meydan.tv\\\/az\\\/article\\\/musavat-seckilerle-bagli-hakimiyyete-cagiris-edib\\\/#primaryimage\"},\"image\":{\"@id\":\"https:\\\/\\\/www.meydan.tv\\\/az\\\/article\\\/musavat-seckilerle-bagli-hakimiyyete-cagiris-edib\\\/#primaryimage\"},\"thumbnailUrl\":\"https:\\\/\\\/www.meydan.tv\\\/wp-content\\\/uploads\\\/shutterstock_2349900553.jpg\",\"datePublished\":\"2024-07-01T21:01:38+00:00\",\"dateModified\":\"2024-07-01T21:01:41+00:00\",\"description\":\"M\u00fcsavat Partiyas\u0131 n\u00f6vb\u0259d\u0259nk\u0259nar parlament se\u00e7kil\u0259ri, \u00f6lk\u0259d\u0259ki qiym\u0259t art\u0131m\u0131, h\u0259m\u00e7inin siyasi m\u0259hbuslarla ba\u011fl\u0131 b\u0259yanat yay\u0131b.\",\"breadcrumb\":{\"@id\":\"https:\\\/\\\/www.meydan.tv\\\/az\\\/article\\\/musavat-seckilerle-bagli-hakimiyyete-cagiris-edib\\\/#breadcrumb\"},\"inLanguage\":\"az\",\"potentialAction\":[{\"@type\":\"ReadAction\",\"target\":[\"https:\\\/\\\/www.meydan.tv\\\/az\\\/article\\\/musavat-seckilerle-bagli-hakimiyyete-cagiris-edib\\\/\"]}]},{\"@type\":\"ImageObject\",\"inLanguage\":\"az\",\"@id\":\"https:\\\/\\\/www.meydan.tv\\\/az\\\/article\\\/musavat-seckilerle-bagli-hakimiyyete-cagiris-edib\\\/#primaryimage\",\"url\":\"https:\\\/\\\/www.meydan.tv\\\/wp-content\\\/uploads\\\/shutterstock_2349900553.jpg\",\"contentUrl\":\"https:\\\/\\\/www.meydan.tv\\\/wp-content\\\/uploads\\\/shutterstock_2349900553.jpg\",\"width\":1200,\"height\":600,\"caption\":\"x\"},{\"@type\":\"BreadcrumbList\",\"@id\":\"https:\\\/\\\/www.meydan.tv\\\/az\\\/article\\\/musavat-seckilerle-bagli-hakimiyyete-cagiris-edib\\\/#breadcrumb\",\"itemListElement\":[{\"@type\":\"ListItem\",\"position\":1,\"name\":\"Ana s\u0259hif\u0259\",\"item\":\"https:\\\/\\\/www.meydan.tv\\\/az\\\/\"},{\"@type\":\"ListItem\",\"position\":2,\"name\":\"Se\u00e7ki 2024\",\"item\":\"https:\\\/\\\/www.meydan.tv\\\/az\\\/section\\\/sechki-2024\\\/\"},{\"@type\":\"ListItem\",\"position\":3,\"name\":\"M\u00fcsavat se\u00e7kil\u0259rl\u0259 ba\u011fl\u0131 hakimiyy\u0259t\u0259 \u00e7a\u011f\u0131r\u0131\u015f edib\"}]},{\"@type\":\"WebSite\",\"@id\":\"https:\\\/\\\/www.meydan.tv\\\/az\\\/#website\",\"url\":\"https:\\\/\\\/www.meydan.tv\\\/az\\\/\",\"name\":\"MEYDAN.TV\",\"description\":\"Meydan TV Az\u0259rbaycan\u0131n media m\u0259kan\u0131ndak\u0131 alternativ s\u0259sidir\",\"publisher\":{\"@id\":\"https:\\\/\\\/www.meydan.tv\\\/az\\\/#organization\"},\"potentialAction\":[{\"@type\":\"SearchAction\",\"target\":{\"@type\":\"EntryPoint\",\"urlTemplate\":\"https:\\\/\\\/www.meydan.tv\\\/az\\\/?s={search_term_string}\"},\"query-input\":{\"@type\":\"PropertyValueSpecification\",\"valueRequired\":true,\"valueName\":\"search_term_string\"}}],\"inLanguage\":\"az\"},{\"@type\":\"Organization\",\"@id\":\"https:\\\/\\\/www.meydan.tv\\\/az\\\/#organization\",\"name\":\"Meydan TV\",\"url\":\"https:\\\/\\\/www.meydan.tv\\\/az\\\/\",\"logo\":{\"@type\":\"ImageObject\",\"inLanguage\":\"az\",\"@id\":\"https:\\\/\\\/www.meydan.tv\\\/az\\\/#\\\/schema\\\/logo\\\/image\\\/\",\"url\":\"https:\\\/\\\/www.meydan.tv\\\/wp-content\\\/uploads\\\/2021\\\/07\\\/meydan-logo.svg\",\"contentUrl\":\"https:\\\/\\\/www.meydan.tv\\\/wp-content\\\/uploads\\\/2021\\\/07\\\/meydan-logo.svg\",\"width\":195,\"height\":46,\"caption\":\"Meydan TV\"},\"image\":{\"@id\":\"https:\\\/\\\/www.meydan.tv\\\/az\\\/#\\\/schema\\\/logo\\\/image\\\/\"}},{\"@type\":\"Person\",\"@id\":\"https:\\\/\\\/www.meydan.tv\\\/az\\\/#\\\/schema\\\/person\\\/09863e516102a829e72bedcf3f84c6b0\",\"name\":\"mahmud\"}]}<\/script>\n<!-- \/ Yoast SEO plugin. -->","yoast_head_json":{"title":"M\u00fcsavat se\u00e7kil\u0259rl\u0259 ba\u011fl\u0131 hakimiyy\u0259t\u0259 \u00e7a\u011f\u0131r\u0131\u015f edib - MEYDAN.TV","description":"M\u00fcsavat Partiyas\u0131 n\u00f6vb\u0259d\u0259nk\u0259nar parlament se\u00e7kil\u0259ri, \u00f6lk\u0259d\u0259ki qiym\u0259t art\u0131m\u0131, h\u0259m\u00e7inin siyasi m\u0259hbuslarla ba\u011fl\u0131 b\u0259yanat yay\u0131b.","robots":{"index":"index","follow":"follow","max-snippet":"max-snippet:-1","max-image-preview":"max-image-preview:large","max-video-preview":"max-video-preview:-1"},"canonical":"https:\/\/www.meydan.tv\/az\/article\/musavat-seckilerle-bagli-hakimiyyete-cagiris-edib\/","og_locale":"az_AZ","og_type":"article","og_title":"M\u00fcsavat se\u00e7kil\u0259rl\u0259 ba\u011fl\u0131 hakimiyy\u0259t\u0259 \u00e7a\u011f\u0131r\u0131\u015f edib - MEYDAN.TV","og_description":"M\u00fcsavat Partiyas\u0131 n\u00f6vb\u0259d\u0259nk\u0259nar parlament se\u00e7kil\u0259ri, \u00f6lk\u0259d\u0259ki qiym\u0259t art\u0131m\u0131, h\u0259m\u00e7inin siyasi m\u0259hbuslarla ba\u011fl\u0131 b\u0259yanat yay\u0131b.","og_url":"https:\/\/www.meydan.tv\/az\/article\/musavat-seckilerle-bagli-hakimiyyete-cagiris-edib\/","og_site_name":"MEYDAN.TV","article_published_time":"2024-07-01T21:01:38+00:00","article_modified_time":"2024-07-01T21:01:41+00:00","og_image":[{"width":1200,"height":600,"url":"https:\/\/www.meydan.tv\/wp-content\/uploads\/shutterstock_2349900553.jpg","type":"image\/jpeg"}],"author":"mahmud","twitter_card":"summary_large_image","schema":{"@context":"https:\/\/schema.org","@graph":[{"@type":"Article","@id":"https:\/\/www.meydan.tv\/az\/article\/musavat-seckilerle-bagli-hakimiyyete-cagiris-edib\/#article","isPartOf":{"@id":"https:\/\/www.meydan.tv\/az\/article\/musavat-seckilerle-bagli-hakimiyyete-cagiris-edib\/"},"author":{"name":"mahmud","@id":"https:\/\/www.meydan.tv\/az\/#\/schema\/person\/09863e516102a829e72bedcf3f84c6b0"},"headline":"M\u00fcsavat se\u00e7kil\u0259rl\u0259 ba\u011fl\u0131 hakimiyy\u0259t\u0259 \u00e7a\u011f\u0131r\u0131\u015f edib","datePublished":"2024-07-01T21:01:38+00:00","dateModified":"2024-07-01T21:01:41+00:00","mainEntityOfPage":{"@id":"https:\/\/www.meydan.tv\/az\/article\/musavat-seckilerle-bagli-hakimiyyete-cagiris-edib\/"},"wordCount":645,"publisher":{"@id":"https:\/\/www.meydan.tv\/az\/#organization"},"image":{"@id":"https:\/\/www.meydan.tv\/az\/article\/musavat-seckilerle-bagli-hakimiyyete-cagiris-edib\/#primaryimage"},"thumbnailUrl":"https:\/\/www.meydan.tv\/wp-content\/uploads\/shutterstock_2349900553.jpg","articleSection":["Se\u00e7ki 2024","Siyas\u0259t","X\u0259b\u0259rl\u0259r"],"inLanguage":"az"},{"@type":"WebPage","@id":"https:\/\/www.meydan.tv\/az\/article\/musavat-seckilerle-bagli-hakimiyyete-cagiris-edib\/","url":"https:\/\/www.meydan.tv\/az\/article\/musavat-seckilerle-bagli-hakimiyyete-cagiris-edib\/","name":"M\u00fcsavat se\u00e7kil\u0259rl\u0259 ba\u011fl\u0131 hakimiyy\u0259t\u0259 \u00e7a\u011f\u0131r\u0131\u015f edib - MEYDAN.TV","isPartOf":{"@id":"https:\/\/www.meydan.tv\/az\/#website"},"primaryImageOfPage":{"@id":"https:\/\/www.meydan.tv\/az\/article\/musavat-seckilerle-bagli-hakimiyyete-cagiris-edib\/#primaryimage"},"image":{"@id":"https:\/\/www.meydan.tv\/az\/article\/musavat-seckilerle-bagli-hakimiyyete-cagiris-edib\/#primaryimage"},"thumbnailUrl":"https:\/\/www.meydan.tv\/wp-content\/uploads\/shutterstock_2349900553.jpg","datePublished":"2024-07-01T21:01:38+00:00","dateModified":"2024-07-01T21:01:41+00:00","description":"M\u00fcsavat Partiyas\u0131 n\u00f6vb\u0259d\u0259nk\u0259nar parlament se\u00e7kil\u0259ri, \u00f6lk\u0259d\u0259ki qiym\u0259t art\u0131m\u0131, h\u0259m\u00e7inin siyasi m\u0259hbuslarla ba\u011fl\u0131 b\u0259yanat yay\u0131b.","breadcrumb":{"@id":"https:\/\/www.meydan.tv\/az\/article\/musavat-seckilerle-bagli-hakimiyyete-cagiris-edib\/#breadcrumb"},"inLanguage":"az","potentialAction":[{"@type":"ReadAction","target":["https:\/\/www.meydan.tv\/az\/article\/musavat-seckilerle-bagli-hakimiyyete-cagiris-edib\/"]}]},{"@type":"ImageObject","inLanguage":"az","@id":"https:\/\/www.meydan.tv\/az\/article\/musavat-seckilerle-bagli-hakimiyyete-cagiris-edib\/#primaryimage","url":"https:\/\/www.meydan.tv\/wp-content\/uploads\/shutterstock_2349900553.jpg","contentUrl":"https:\/\/www.meydan.tv\/wp-content\/uploads\/shutterstock_2349900553.jpg","width":1200,"height":600,"caption":"x"},{"@type":"BreadcrumbList","@id":"https:\/\/www.meydan.tv\/az\/article\/musavat-seckilerle-bagli-hakimiyyete-cagiris-edib\/#breadcrumb","itemListElement":[{"@type":"ListItem","position":1,"name":"Ana s\u0259hif\u0259","item":"https:\/\/www.meydan.tv\/az\/"},{"@type":"ListItem","position":2,"name":"Se\u00e7ki 2024","item":"https:\/\/www.meydan.tv\/az\/section\/sechki-2024\/"},{"@type":"ListItem","position":3,"name":"M\u00fcsavat se\u00e7kil\u0259rl\u0259 ba\u011fl\u0131 hakimiyy\u0259t\u0259 \u00e7a\u011f\u0131r\u0131\u015f edib"}]},{"@type":"WebSite","@id":"https:\/\/www.meydan.tv\/az\/#website","url":"https:\/\/www.meydan.tv\/az\/","name":"MEYDAN.TV","description":"Meydan TV Az\u0259rbaycan\u0131n media m\u0259kan\u0131ndak\u0131 alternativ s\u0259sidir","publisher":{"@id":"https:\/\/www.meydan.tv\/az\/#organization"},"potentialAction":[{"@type":"SearchAction","target":{"@type":"EntryPoint","urlTemplate":"https:\/\/www.meydan.tv\/az\/?s={search_term_string}"},"query-input":{"@type":"PropertyValueSpecification","valueRequired":true,"valueName":"search_term_string"}}],"inLanguage":"az"},{"@type":"Organization","@id":"https:\/\/www.meydan.tv\/az\/#organization","name":"Meydan TV","url":"https:\/\/www.meydan.tv\/az\/","logo":{"@type":"ImageObject","inLanguage":"az","@id":"https:\/\/www.meydan.tv\/az\/#\/schema\/logo\/image\/","url":"https:\/\/www.meydan.tv\/wp-content\/uploads\/2021\/07\/meydan-logo.svg","contentUrl":"https:\/\/www.meydan.tv\/wp-content\/uploads\/2021\/07\/meydan-logo.svg","width":195,"height":46,"caption":"Meydan TV"},"image":{"@id":"https:\/\/www.meydan.tv\/az\/#\/schema\/logo\/image\/"}},{"@type":"Person","@id":"https:\/\/www.meydan.tv\/az\/#\/schema\/person\/09863e516102a829e72bedcf3f84c6b0","name":"mahmud"}]}},"_links":{"self":[{"href":"https:\/\/www.meydan.tv\/az\/wp-json\/wp\/v2\/posts\/309444","targetHints":{"allow":["GET"]}}],"collection":[{"href":"https:\/\/www.meydan.tv\/az\/wp-json\/wp\/v2\/posts"}],"about":[{"href":"https:\/\/www.meydan.tv\/az\/wp-json\/wp\/v2\/types\/post"}],"author":[{"embeddable":true,"href":"https:\/\/www.meydan.tv\/az\/wp-json\/wp\/v2\/users\/21"}],"replies":[{"embeddable":true,"href":"https:\/\/www.meydan.tv\/az\/wp-json\/wp\/v2\/comments?post=309444"}],"version-history":[{"count":1,"href":"https:\/\/www.meydan.tv\/az\/wp-json\/wp\/v2\/posts\/309444\/revisions"}],"predecessor-version":[{"id":309445,"href":"https:\/\/www.meydan.tv\/az\/wp-json\/wp\/v2\/posts\/309444\/revisions\/309445"}],"wp:featuredmedia":[{"embeddable":true,"href":"https:\/\/www.meydan.tv\/az\/wp-json\/wp\/v2\/media\/302328"}],"wp:attachment":[{"href":"https:\/\/www.meydan.tv\/az\/wp-json\/wp\/v2\/media?parent=309444"}],"wp:term":[{"taxonomy":"category","embeddable":true,"href":"https:\/\/www.meydan.tv\/az\/wp-json\/wp\/v2\/categories?post=309444"},{"taxonomy":"post_tag","embeddable":true,"href":"https:\/\/www.meydan.tv\/az\/wp-json\/wp\/v2\/tags?post=309444"}],"curies":[{"name":"wp","href":"https:\/\/api.w.org\/{rel}","templated":true}]}}