{"id":309424,"date":"2024-07-01T18:33:30","date_gmt":"2024-07-01T14:33:30","guid":{"rendered":"https:\/\/www.meydan.tv\/?p=309424"},"modified":"2024-07-01T18:33:31","modified_gmt":"2024-07-01T14:33:31","slug":"xuliqanliqda-ittiham-olunan-mesqci-ve-telebelerine-hokm-oxunub","status":"publish","type":"post","link":"https:\/\/www.meydan.tv\/az\/article\/xuliqanliqda-ittiham-olunan-mesqci-ve-telebelerine-hokm-oxunub\/","title":{"rendered":"Xuliqanl\u0131qda ittiham olunan m\u0259\u015fq\u00e7i v\u0259 t\u0259l\u0259b\u0259l\u0259rin\u0259 h\u00f6km oxunub"},"content":{"rendered":"\n<p><\/p>\n\n\n\n<p><strong><em>Dig\u0259r bir t\u0259l\u0259b\u0259 is\u0259 1500 manat c\u0259rim\u0259l\u0259nib<\/em><\/strong><\/p>\n\n\n\n<p>Az\u0259rbaycan Pankration, Qrapplinq v\u0259 MMA Federasiyas\u0131n\u0131n qar\u0131\u015f\u0131q d\u00f6y\u00fc\u015f n\u00f6vl\u0259ri \u00fczr\u0259 ba\u015f m\u0259\u015fq\u00e7isi Ruslan \u018ff\u0259ndiyev v\u0259 t\u0259l\u0259b\u0259l\u0259ri &#8211; X\u0259z\u0259r R\u00fcst\u0259mov, V\u00fcqar K\u0259r\u0259mov, R\u00fcf\u0259t \u018fs\u0259dovun h\u0259r biri 6 ay azadl\u0131qdan m\u0259hrum edilib.<\/p>\n\n\n\n<p>\u0130yulun 1-d\u0259 S\u0259bail Rayon M\u0259hk\u0259m\u0259sind\u0259 hakim Az\u0259r Ta\u011f\u0131yevin s\u0259drliyil\u0259 onlara h\u00f6km oxunub.<\/p>\n\n\n\n<p>Onlar Cinay\u0259t M\u0259c\u0259ll\u0259sinin 221.2.1-ci (bir qrup \u015f\u0259xs t\u0259r\u0259find\u0259n xuliqanl\u0131q) madd\u0259si il\u0259 t\u0259qsirli bilinib.<\/p>\n\n\n\n<p>Onlar\u0131n ittiham olundu\u011fu hadis\u0259 2023-c\u00fc ilin noyabr\u0131nda \u201cD\u0259niz Mall\u201d ticar\u0259t m\u0259rk\u0259zind\u0259 ba\u015f verib.<\/p>\n\n\n\n<p>\u0130ttihama g\u00f6r\u0259, idman\u00e7\u0131lar \u201cRizin\u201d D\u00f6y\u00fc\u015f Federasiyas\u0131n\u0131n paytaxtda t\u0259\u015fkil etdiyi turnirl\u0259 ba\u011fl\u0131 topla\u015fark\u0259n dava d\u00fc\u015f\u00fcb.<\/p>\n\n\n\n<p>Davada idman\u00e7\u0131 H\u0259s\u0259n \u018fzizov d\u00f6y\u00fcl\u00fcb.<\/p>\n\n\n\n<p>\u0130ddia olunur ki, m\u00fcbahis\u0259y\u0259 s\u0259b\u0259b H\u0259s\u0259n \u018fzizovun m\u0259\u015fq\u00e7iy\u0259 \u201cs\u0259n\u201d dey\u0259 m\u00fcraci\u0259t etm\u0259si olub.<\/p>\n\n\n\n<p>Ruslan \u018ff\u0259ndiyevin daha bir t\u0259l\u0259b\u0259si Tofiq Musayev d\u0259 onlarla birlikd\u0259 m\u00fchakim\u0259 olunurdu. Lakin o, istintaq v\u0259 m\u0259hk\u0259m\u0259 d\u00f6vr\u00fcnd\u0259 h\u0259bsd\u0259 deyildi.<\/p>\n\n\n\n<p>M\u0259hk\u0259m\u0259 onu da xuliqanl\u0131qda t\u0259qsirli bilib, amma ona 1500 manat c\u0259rim\u0259 c\u0259zas\u0131 k\u0259silib.<\/p>\n\n\n\n<p>T\u0259qsirl\u0259ndiril\u0259n idman\u00e7\u0131lar\u0131n he\u00e7 biri ittiham\u0131 q\u0259bul etmir.<\/p>\n\n\n\n<p>Onlar m\u0259hk\u0259m\u0259d\u0259 son s\u00f6zl\u0259rind\u0259 d\u0259 bunu vur\u011fulay\u0131b v\u0259 hakimd\u0259n \u0259dal\u0259tli q\u0259rar \u00e7\u0131xarmas\u0131n\u0131 ist\u0259yibl\u0259r.<\/p>\n\n\n\n<p>T\u0259qsirl\u0259ndiril\u0259n m\u0259\u015fq\u00e7i m\u0259hk\u0259m\u0259d\u0259 bildirib ki, hadis\u0259 ittihamda yaz\u0131ld\u0131\u011f\u0131 kimi olmay\u0131b, n\u0259 \u00f6z\u00fc, n\u0259 d\u0259 t\u0259l\u0259b\u0259l\u0259ri kimis\u0259 d\u00f6y\u00fcb.<\/p>\n\n\n\n<p>Onun s\u00f6zl\u0259rin\u0259 g\u00f6r\u0259, z\u0259r\u0259r\u00e7\u0259kmi\u015f qismind\u0259 tan\u0131nan H\u0259s\u0259n \u018fzizov t\u0259dbird\u0259n \u0259vv\u0259l toplan\u0131\u015fda s\u0259s-k\u00fcy sal\u0131b, i\u015ftirak\u00e7\u0131lara mane\u0259 yarad\u0131b.<\/p>\n\n\n\n<p>O is\u0259 H\u0259s\u0259ni \u00e7oxdan tan\u0131d\u0131\u011f\u0131 \u00fc\u00e7\u00fcn ondan sakit olmas\u0131n\u0131, t\u0259dbir\u0259 mane olmamas\u0131n\u0131 t\u0259l\u0259b edib:<\/p>\n\n\n\n<p><em>\u201cH\u0259s\u0259n \u00f6z\u00fcnd\u0259n \u00e7\u0131xd\u0131, dedi ki, s\u0259n kims\u0259n? Dedim, \u201cRuslan m\u00fc\u0259llim\u201d. Bunu dey\u0259n kimi s\u0259sini qald\u0131rd\u0131, dedi, s\u0259n el\u0259 Ruslansan, Ruslan m\u00fc\u0259llim yox&#8230;\u201d<\/em><\/p>\n\n\n\n<p>H\u0259s\u0259n \u018fzizov t\u0259qsirl\u0259ndiril\u0259n \u015f\u0259xsl\u0259rd\u0259n \u015fikay\u0259t\u00e7i olmamas\u0131 bar\u0259d\u0259 \u0259riz\u0259 t\u0259qdim edib.<\/p>\n\n\n\n<p>Ad\u00e7\u0259kil\u0259n m\u0259\u015fq\u00e7i v\u0259 t\u0259l\u0259b\u0259l\u0259ri 5 aydan \u00e7oxdur ki, h\u0259bsd\u0259dir. Onlara verilmi\u015f c\u0259zan\u0131n ba\u015fa \u00e7atmas\u0131na 1 aydan da az vaxt qal\u0131b.<\/p>\n","protected":false},"excerpt":{"rendered":"<p>Dig\u0259r bir t\u0259l\u0259b\u0259 is\u0259 1500 manat c\u0259rim\u0259l\u0259nib Az\u0259rbaycan Pankration, Qrapplinq &#8230; <\/p>\n<p class=\"read-more-container\"><a title=\"Xuliqanl\u0131qda ittiham olunan m\u0259\u015fq\u00e7i v\u0259 t\u0259l\u0259b\u0259l\u0259rin\u0259 h\u00f6km oxunub\" class=\"read-more button\" href=\"https:\/\/www.meydan.tv\/az\/article\/xuliqanliqda-ittiham-olunan-mesqci-ve-telebelerine-hokm-oxunub\/#more-309424\" aria-label=\"Read more about Xuliqanl\u0131qda ittiham olunan m\u0259\u015fq\u00e7i v\u0259 t\u0259l\u0259b\u0259l\u0259rin\u0259 h\u00f6km oxunub\">Davam\u0131<\/a><\/p>\n","protected":false},"author":21,"featured_media":260251,"comment_status":"closed","ping_status":"closed","sticky":false,"template":"","format":"standard","meta":{"_acf_changed":false,"_sitemap_exclude":false,"_sitemap_priority":"","_sitemap_frequency":"","footnotes":""},"categories":[62,56],"tags":[],"class_list":["post-309424","post","type-post","status-publish","format-standard","has-post-thumbnail","hentry","category-sosial","category-xeberler","infinite-scroll-item","generate-columns","tablet-grid-50","mobile-grid-100","grid-parent","grid-33","no-featured-image-padding"],"acf":[],"yoast_head":"<!-- This site is optimized with the Yoast SEO plugin v27.5 - https:\/\/yoast.com\/product\/yoast-seo-wordpress\/ -->\n<title>Xuliqanl\u0131qda ittiham olunan m\u0259\u015fq\u00e7i v\u0259 t\u0259l\u0259b\u0259l\u0259rin\u0259 h\u00f6km oxunub - MEYDAN.TV<\/title>\n<meta name=\"description\" content=\"Az\u0259rbaycan Pankration, Qrapplinq v\u0259 MMA Federasiyas\u0131n\u0131n qar\u0131\u015f\u0131q d\u00f6y\u00fc\u015f n\u00f6vl\u0259ri \u00fczr\u0259 ba\u015f m\u0259\u015fq\u00e7isi v\u0259 t\u0259l\u0259b\u0259l\u0259ri 6 ay azadl\u0131qdan m\u0259hrum edilib.\" \/>\n<meta name=\"robots\" content=\"index, follow, max-snippet:-1, max-image-preview:large, max-video-preview:-1\" \/>\n<link rel=\"canonical\" href=\"https:\/\/www.meydan.tv\/az\/article\/xuliqanliqda-ittiham-olunan-mesqci-ve-telebelerine-hokm-oxunub\/\" \/>\n<meta property=\"og:locale\" content=\"az_AZ\" \/>\n<meta property=\"og:type\" content=\"article\" \/>\n<meta property=\"og:title\" content=\"Xuliqanl\u0131qda ittiham olunan m\u0259\u015fq\u00e7i v\u0259 t\u0259l\u0259b\u0259l\u0259rin\u0259 h\u00f6km oxunub - MEYDAN.TV\" \/>\n<meta property=\"og:description\" content=\"Az\u0259rbaycan Pankration, Qrapplinq v\u0259 MMA Federasiyas\u0131n\u0131n qar\u0131\u015f\u0131q d\u00f6y\u00fc\u015f n\u00f6vl\u0259ri \u00fczr\u0259 ba\u015f m\u0259\u015fq\u00e7isi v\u0259 t\u0259l\u0259b\u0259l\u0259ri 6 ay azadl\u0131qdan m\u0259hrum edilib.\" \/>\n<meta property=\"og:url\" content=\"https:\/\/www.meydan.tv\/az\/article\/xuliqanliqda-ittiham-olunan-mesqci-ve-telebelerine-hokm-oxunub\/\" \/>\n<meta property=\"og:site_name\" content=\"MEYDAN.TV\" \/>\n<meta property=\"article:published_time\" content=\"2024-07-01T14:33:30+00:00\" \/>\n<meta property=\"article:modified_time\" content=\"2024-07-01T14:33:31+00:00\" \/>\n<meta property=\"og:image\" content=\"https:\/\/www.meydan.tv\/wp-content\/uploads\/image-from-ios-8.jpg\" \/>\n\t<meta property=\"og:image:width\" content=\"1500\" \/>\n\t<meta property=\"og:image:height\" content=\"844\" \/>\n\t<meta property=\"og:image:type\" content=\"image\/jpeg\" \/>\n<meta name=\"author\" content=\"mahmud\" \/>\n<meta name=\"twitter:card\" content=\"summary_large_image\" \/>\n<script type=\"application\/ld+json\" class=\"yoast-schema-graph\">{\"@context\":\"https:\\\/\\\/schema.org\",\"@graph\":[{\"@type\":\"Article\",\"@id\":\"https:\\\/\\\/www.meydan.tv\\\/az\\\/article\\\/xuliqanliqda-ittiham-olunan-mesqci-ve-telebelerine-hokm-oxunub\\\/#article\",\"isPartOf\":{\"@id\":\"https:\\\/\\\/www.meydan.tv\\\/az\\\/article\\\/xuliqanliqda-ittiham-olunan-mesqci-ve-telebelerine-hokm-oxunub\\\/\"},\"author\":{\"name\":\"mahmud\",\"@id\":\"https:\\\/\\\/www.meydan.tv\\\/az\\\/#\\\/schema\\\/person\\\/09863e516102a829e72bedcf3f84c6b0\"},\"headline\":\"Xuliqanl\u0131qda ittiham olunan m\u0259\u015fq\u00e7i v\u0259 t\u0259l\u0259b\u0259l\u0259rin\u0259 h\u00f6km oxunub\",\"datePublished\":\"2024-07-01T14:33:30+00:00\",\"dateModified\":\"2024-07-01T14:33:31+00:00\",\"mainEntityOfPage\":{\"@id\":\"https:\\\/\\\/www.meydan.tv\\\/az\\\/article\\\/xuliqanliqda-ittiham-olunan-mesqci-ve-telebelerine-hokm-oxunub\\\/\"},\"wordCount\":472,\"publisher\":{\"@id\":\"https:\\\/\\\/www.meydan.tv\\\/az\\\/#organization\"},\"image\":{\"@id\":\"https:\\\/\\\/www.meydan.tv\\\/az\\\/article\\\/xuliqanliqda-ittiham-olunan-mesqci-ve-telebelerine-hokm-oxunub\\\/#primaryimage\"},\"thumbnailUrl\":\"https:\\\/\\\/www.meydan.tv\\\/wp-content\\\/uploads\\\/image-from-ios-8.jpg\",\"articleSection\":[\"Sosial\",\"X\u0259b\u0259rl\u0259r\"],\"inLanguage\":\"az\"},{\"@type\":\"WebPage\",\"@id\":\"https:\\\/\\\/www.meydan.tv\\\/az\\\/article\\\/xuliqanliqda-ittiham-olunan-mesqci-ve-telebelerine-hokm-oxunub\\\/\",\"url\":\"https:\\\/\\\/www.meydan.tv\\\/az\\\/article\\\/xuliqanliqda-ittiham-olunan-mesqci-ve-telebelerine-hokm-oxunub\\\/\",\"name\":\"Xuliqanl\u0131qda ittiham olunan m\u0259\u015fq\u00e7i v\u0259 t\u0259l\u0259b\u0259l\u0259rin\u0259 h\u00f6km oxunub - MEYDAN.TV\",\"isPartOf\":{\"@id\":\"https:\\\/\\\/www.meydan.tv\\\/az\\\/#website\"},\"primaryImageOfPage\":{\"@id\":\"https:\\\/\\\/www.meydan.tv\\\/az\\\/article\\\/xuliqanliqda-ittiham-olunan-mesqci-ve-telebelerine-hokm-oxunub\\\/#primaryimage\"},\"image\":{\"@id\":\"https:\\\/\\\/www.meydan.tv\\\/az\\\/article\\\/xuliqanliqda-ittiham-olunan-mesqci-ve-telebelerine-hokm-oxunub\\\/#primaryimage\"},\"thumbnailUrl\":\"https:\\\/\\\/www.meydan.tv\\\/wp-content\\\/uploads\\\/image-from-ios-8.jpg\",\"datePublished\":\"2024-07-01T14:33:30+00:00\",\"dateModified\":\"2024-07-01T14:33:31+00:00\",\"description\":\"Az\u0259rbaycan Pankration, Qrapplinq v\u0259 MMA Federasiyas\u0131n\u0131n qar\u0131\u015f\u0131q d\u00f6y\u00fc\u015f n\u00f6vl\u0259ri \u00fczr\u0259 ba\u015f m\u0259\u015fq\u00e7isi v\u0259 t\u0259l\u0259b\u0259l\u0259ri 6 ay azadl\u0131qdan m\u0259hrum edilib.\",\"breadcrumb\":{\"@id\":\"https:\\\/\\\/www.meydan.tv\\\/az\\\/article\\\/xuliqanliqda-ittiham-olunan-mesqci-ve-telebelerine-hokm-oxunub\\\/#breadcrumb\"},\"inLanguage\":\"az\",\"potentialAction\":[{\"@type\":\"ReadAction\",\"target\":[\"https:\\\/\\\/www.meydan.tv\\\/az\\\/article\\\/xuliqanliqda-ittiham-olunan-mesqci-ve-telebelerine-hokm-oxunub\\\/\"]}]},{\"@type\":\"ImageObject\",\"inLanguage\":\"az\",\"@id\":\"https:\\\/\\\/www.meydan.tv\\\/az\\\/article\\\/xuliqanliqda-ittiham-olunan-mesqci-ve-telebelerine-hokm-oxunub\\\/#primaryimage\",\"url\":\"https:\\\/\\\/www.meydan.tv\\\/wp-content\\\/uploads\\\/image-from-ios-8.jpg\",\"contentUrl\":\"https:\\\/\\\/www.meydan.tv\\\/wp-content\\\/uploads\\\/image-from-ios-8.jpg\",\"width\":1500,\"height\":844,\"caption\":\"M\u0259hk\u0259m\u0259. \u0130ll\u00fcstrasiya: Meydan TV\"},{\"@type\":\"BreadcrumbList\",\"@id\":\"https:\\\/\\\/www.meydan.tv\\\/az\\\/article\\\/xuliqanliqda-ittiham-olunan-mesqci-ve-telebelerine-hokm-oxunub\\\/#breadcrumb\",\"itemListElement\":[{\"@type\":\"ListItem\",\"position\":1,\"name\":\"Ana s\u0259hif\u0259\",\"item\":\"https:\\\/\\\/www.meydan.tv\\\/az\\\/\"},{\"@type\":\"ListItem\",\"position\":2,\"name\":\"Sosial\",\"item\":\"https:\\\/\\\/www.meydan.tv\\\/az\\\/section\\\/sosial\\\/\"},{\"@type\":\"ListItem\",\"position\":3,\"name\":\"Xuliqanl\u0131qda ittiham olunan m\u0259\u015fq\u00e7i v\u0259 t\u0259l\u0259b\u0259l\u0259rin\u0259 h\u00f6km oxunub\"}]},{\"@type\":\"WebSite\",\"@id\":\"https:\\\/\\\/www.meydan.tv\\\/az\\\/#website\",\"url\":\"https:\\\/\\\/www.meydan.tv\\\/az\\\/\",\"name\":\"MEYDAN.TV\",\"description\":\"Meydan TV Az\u0259rbaycan\u0131n media m\u0259kan\u0131ndak\u0131 alternativ s\u0259sidir\",\"publisher\":{\"@id\":\"https:\\\/\\\/www.meydan.tv\\\/az\\\/#organization\"},\"potentialAction\":[{\"@type\":\"SearchAction\",\"target\":{\"@type\":\"EntryPoint\",\"urlTemplate\":\"https:\\\/\\\/www.meydan.tv\\\/az\\\/?s={search_term_string}\"},\"query-input\":{\"@type\":\"PropertyValueSpecification\",\"valueRequired\":true,\"valueName\":\"search_term_string\"}}],\"inLanguage\":\"az\"},{\"@type\":\"Organization\",\"@id\":\"https:\\\/\\\/www.meydan.tv\\\/az\\\/#organization\",\"name\":\"Meydan TV\",\"url\":\"https:\\\/\\\/www.meydan.tv\\\/az\\\/\",\"logo\":{\"@type\":\"ImageObject\",\"inLanguage\":\"az\",\"@id\":\"https:\\\/\\\/www.meydan.tv\\\/az\\\/#\\\/schema\\\/logo\\\/image\\\/\",\"url\":\"https:\\\/\\\/www.meydan.tv\\\/wp-content\\\/uploads\\\/2021\\\/07\\\/meydan-logo.svg\",\"contentUrl\":\"https:\\\/\\\/www.meydan.tv\\\/wp-content\\\/uploads\\\/2021\\\/07\\\/meydan-logo.svg\",\"width\":195,\"height\":46,\"caption\":\"Meydan TV\"},\"image\":{\"@id\":\"https:\\\/\\\/www.meydan.tv\\\/az\\\/#\\\/schema\\\/logo\\\/image\\\/\"}},{\"@type\":\"Person\",\"@id\":\"https:\\\/\\\/www.meydan.tv\\\/az\\\/#\\\/schema\\\/person\\\/09863e516102a829e72bedcf3f84c6b0\",\"name\":\"mahmud\"}]}<\/script>\n<!-- \/ Yoast SEO plugin. -->","yoast_head_json":{"title":"Xuliqanl\u0131qda ittiham olunan m\u0259\u015fq\u00e7i v\u0259 t\u0259l\u0259b\u0259l\u0259rin\u0259 h\u00f6km oxunub - MEYDAN.TV","description":"Az\u0259rbaycan Pankration, Qrapplinq v\u0259 MMA Federasiyas\u0131n\u0131n qar\u0131\u015f\u0131q d\u00f6y\u00fc\u015f n\u00f6vl\u0259ri \u00fczr\u0259 ba\u015f m\u0259\u015fq\u00e7isi v\u0259 t\u0259l\u0259b\u0259l\u0259ri 6 ay azadl\u0131qdan m\u0259hrum edilib.","robots":{"index":"index","follow":"follow","max-snippet":"max-snippet:-1","max-image-preview":"max-image-preview:large","max-video-preview":"max-video-preview:-1"},"canonical":"https:\/\/www.meydan.tv\/az\/article\/xuliqanliqda-ittiham-olunan-mesqci-ve-telebelerine-hokm-oxunub\/","og_locale":"az_AZ","og_type":"article","og_title":"Xuliqanl\u0131qda ittiham olunan m\u0259\u015fq\u00e7i v\u0259 t\u0259l\u0259b\u0259l\u0259rin\u0259 h\u00f6km oxunub - MEYDAN.TV","og_description":"Az\u0259rbaycan Pankration, Qrapplinq v\u0259 MMA Federasiyas\u0131n\u0131n qar\u0131\u015f\u0131q d\u00f6y\u00fc\u015f n\u00f6vl\u0259ri \u00fczr\u0259 ba\u015f m\u0259\u015fq\u00e7isi v\u0259 t\u0259l\u0259b\u0259l\u0259ri 6 ay azadl\u0131qdan m\u0259hrum edilib.","og_url":"https:\/\/www.meydan.tv\/az\/article\/xuliqanliqda-ittiham-olunan-mesqci-ve-telebelerine-hokm-oxunub\/","og_site_name":"MEYDAN.TV","article_published_time":"2024-07-01T14:33:30+00:00","article_modified_time":"2024-07-01T14:33:31+00:00","og_image":[{"width":1500,"height":844,"url":"https:\/\/www.meydan.tv\/wp-content\/uploads\/image-from-ios-8.jpg","type":"image\/jpeg"}],"author":"mahmud","twitter_card":"summary_large_image","schema":{"@context":"https:\/\/schema.org","@graph":[{"@type":"Article","@id":"https:\/\/www.meydan.tv\/az\/article\/xuliqanliqda-ittiham-olunan-mesqci-ve-telebelerine-hokm-oxunub\/#article","isPartOf":{"@id":"https:\/\/www.meydan.tv\/az\/article\/xuliqanliqda-ittiham-olunan-mesqci-ve-telebelerine-hokm-oxunub\/"},"author":{"name":"mahmud","@id":"https:\/\/www.meydan.tv\/az\/#\/schema\/person\/09863e516102a829e72bedcf3f84c6b0"},"headline":"Xuliqanl\u0131qda ittiham olunan m\u0259\u015fq\u00e7i v\u0259 t\u0259l\u0259b\u0259l\u0259rin\u0259 h\u00f6km oxunub","datePublished":"2024-07-01T14:33:30+00:00","dateModified":"2024-07-01T14:33:31+00:00","mainEntityOfPage":{"@id":"https:\/\/www.meydan.tv\/az\/article\/xuliqanliqda-ittiham-olunan-mesqci-ve-telebelerine-hokm-oxunub\/"},"wordCount":472,"publisher":{"@id":"https:\/\/www.meydan.tv\/az\/#organization"},"image":{"@id":"https:\/\/www.meydan.tv\/az\/article\/xuliqanliqda-ittiham-olunan-mesqci-ve-telebelerine-hokm-oxunub\/#primaryimage"},"thumbnailUrl":"https:\/\/www.meydan.tv\/wp-content\/uploads\/image-from-ios-8.jpg","articleSection":["Sosial","X\u0259b\u0259rl\u0259r"],"inLanguage":"az"},{"@type":"WebPage","@id":"https:\/\/www.meydan.tv\/az\/article\/xuliqanliqda-ittiham-olunan-mesqci-ve-telebelerine-hokm-oxunub\/","url":"https:\/\/www.meydan.tv\/az\/article\/xuliqanliqda-ittiham-olunan-mesqci-ve-telebelerine-hokm-oxunub\/","name":"Xuliqanl\u0131qda ittiham olunan m\u0259\u015fq\u00e7i v\u0259 t\u0259l\u0259b\u0259l\u0259rin\u0259 h\u00f6km oxunub - MEYDAN.TV","isPartOf":{"@id":"https:\/\/www.meydan.tv\/az\/#website"},"primaryImageOfPage":{"@id":"https:\/\/www.meydan.tv\/az\/article\/xuliqanliqda-ittiham-olunan-mesqci-ve-telebelerine-hokm-oxunub\/#primaryimage"},"image":{"@id":"https:\/\/www.meydan.tv\/az\/article\/xuliqanliqda-ittiham-olunan-mesqci-ve-telebelerine-hokm-oxunub\/#primaryimage"},"thumbnailUrl":"https:\/\/www.meydan.tv\/wp-content\/uploads\/image-from-ios-8.jpg","datePublished":"2024-07-01T14:33:30+00:00","dateModified":"2024-07-01T14:33:31+00:00","description":"Az\u0259rbaycan Pankration, Qrapplinq v\u0259 MMA Federasiyas\u0131n\u0131n qar\u0131\u015f\u0131q d\u00f6y\u00fc\u015f n\u00f6vl\u0259ri \u00fczr\u0259 ba\u015f m\u0259\u015fq\u00e7isi v\u0259 t\u0259l\u0259b\u0259l\u0259ri 6 ay azadl\u0131qdan m\u0259hrum edilib.","breadcrumb":{"@id":"https:\/\/www.meydan.tv\/az\/article\/xuliqanliqda-ittiham-olunan-mesqci-ve-telebelerine-hokm-oxunub\/#breadcrumb"},"inLanguage":"az","potentialAction":[{"@type":"ReadAction","target":["https:\/\/www.meydan.tv\/az\/article\/xuliqanliqda-ittiham-olunan-mesqci-ve-telebelerine-hokm-oxunub\/"]}]},{"@type":"ImageObject","inLanguage":"az","@id":"https:\/\/www.meydan.tv\/az\/article\/xuliqanliqda-ittiham-olunan-mesqci-ve-telebelerine-hokm-oxunub\/#primaryimage","url":"https:\/\/www.meydan.tv\/wp-content\/uploads\/image-from-ios-8.jpg","contentUrl":"https:\/\/www.meydan.tv\/wp-content\/uploads\/image-from-ios-8.jpg","width":1500,"height":844,"caption":"M\u0259hk\u0259m\u0259. \u0130ll\u00fcstrasiya: Meydan TV"},{"@type":"BreadcrumbList","@id":"https:\/\/www.meydan.tv\/az\/article\/xuliqanliqda-ittiham-olunan-mesqci-ve-telebelerine-hokm-oxunub\/#breadcrumb","itemListElement":[{"@type":"ListItem","position":1,"name":"Ana s\u0259hif\u0259","item":"https:\/\/www.meydan.tv\/az\/"},{"@type":"ListItem","position":2,"name":"Sosial","item":"https:\/\/www.meydan.tv\/az\/section\/sosial\/"},{"@type":"ListItem","position":3,"name":"Xuliqanl\u0131qda ittiham olunan m\u0259\u015fq\u00e7i v\u0259 t\u0259l\u0259b\u0259l\u0259rin\u0259 h\u00f6km oxunub"}]},{"@type":"WebSite","@id":"https:\/\/www.meydan.tv\/az\/#website","url":"https:\/\/www.meydan.tv\/az\/","name":"MEYDAN.TV","description":"Meydan TV Az\u0259rbaycan\u0131n media m\u0259kan\u0131ndak\u0131 alternativ s\u0259sidir","publisher":{"@id":"https:\/\/www.meydan.tv\/az\/#organization"},"potentialAction":[{"@type":"SearchAction","target":{"@type":"EntryPoint","urlTemplate":"https:\/\/www.meydan.tv\/az\/?s={search_term_string}"},"query-input":{"@type":"PropertyValueSpecification","valueRequired":true,"valueName":"search_term_string"}}],"inLanguage":"az"},{"@type":"Organization","@id":"https:\/\/www.meydan.tv\/az\/#organization","name":"Meydan TV","url":"https:\/\/www.meydan.tv\/az\/","logo":{"@type":"ImageObject","inLanguage":"az","@id":"https:\/\/www.meydan.tv\/az\/#\/schema\/logo\/image\/","url":"https:\/\/www.meydan.tv\/wp-content\/uploads\/2021\/07\/meydan-logo.svg","contentUrl":"https:\/\/www.meydan.tv\/wp-content\/uploads\/2021\/07\/meydan-logo.svg","width":195,"height":46,"caption":"Meydan TV"},"image":{"@id":"https:\/\/www.meydan.tv\/az\/#\/schema\/logo\/image\/"}},{"@type":"Person","@id":"https:\/\/www.meydan.tv\/az\/#\/schema\/person\/09863e516102a829e72bedcf3f84c6b0","name":"mahmud"}]}},"_links":{"self":[{"href":"https:\/\/www.meydan.tv\/az\/wp-json\/wp\/v2\/posts\/309424","targetHints":{"allow":["GET"]}}],"collection":[{"href":"https:\/\/www.meydan.tv\/az\/wp-json\/wp\/v2\/posts"}],"about":[{"href":"https:\/\/www.meydan.tv\/az\/wp-json\/wp\/v2\/types\/post"}],"author":[{"embeddable":true,"href":"https:\/\/www.meydan.tv\/az\/wp-json\/wp\/v2\/users\/21"}],"replies":[{"embeddable":true,"href":"https:\/\/www.meydan.tv\/az\/wp-json\/wp\/v2\/comments?post=309424"}],"version-history":[{"count":1,"href":"https:\/\/www.meydan.tv\/az\/wp-json\/wp\/v2\/posts\/309424\/revisions"}],"predecessor-version":[{"id":309425,"href":"https:\/\/www.meydan.tv\/az\/wp-json\/wp\/v2\/posts\/309424\/revisions\/309425"}],"wp:featuredmedia":[{"embeddable":true,"href":"https:\/\/www.meydan.tv\/az\/wp-json\/wp\/v2\/media\/260251"}],"wp:attachment":[{"href":"https:\/\/www.meydan.tv\/az\/wp-json\/wp\/v2\/media?parent=309424"}],"wp:term":[{"taxonomy":"category","embeddable":true,"href":"https:\/\/www.meydan.tv\/az\/wp-json\/wp\/v2\/categories?post=309424"},{"taxonomy":"post_tag","embeddable":true,"href":"https:\/\/www.meydan.tv\/az\/wp-json\/wp\/v2\/tags?post=309424"}],"curies":[{"name":"wp","href":"https:\/\/api.w.org\/{rel}","templated":true}]}}