{"id":309410,"date":"2024-07-01T18:13:47","date_gmt":"2024-07-01T14:13:47","guid":{"rendered":"https:\/\/www.meydan.tv\/?p=309410"},"modified":"2024-07-01T18:13:50","modified_gmt":"2024-07-01T14:13:50","slug":"xarici-jurnalistler-ilham-eliyevin-istirak-etdiyi-konfransa-buraxilmayib","status":"publish","type":"post","link":"https:\/\/www.meydan.tv\/az\/article\/xarici-jurnalistler-ilham-eliyevin-istirak-etdiyi-konfransa-buraxilmayib\/","title":{"rendered":"Xarici jurnalistl\u0259r \u0130lham \u018fliyevin i\u015ftirak etdiyi konfransa burax\u0131lmay\u0131b"},"content":{"rendered":"\n<p><\/p>\n\n\n\n<p><strong><em>Jurnalistl\u0259r \u00f6zl\u0259rini t\u0259hl\u00fck\u0259d\u0259 hiss etdikl\u0259rini deyibl\u0259r<\/em><\/strong><\/p>\n\n\n\n<p>\u0130yunun \u0259vv\u0259lind\u0259 Bak\u0131da ke\u00e7iril\u0259n enerji s\u0259nayesi konfrans\u0131na bir ne\u00e7\u0259 xarici jurnalistin burax\u0131lmad\u0131\u011f\u0131 bildirilir.<\/p>\n\n\n\n<p>&#8220;The Guardian&#8221; bununla ba\u011fl\u0131 iyunun 28-d\u0259 <a href=\"https:\/\/www.theguardian.com\/world\/article\/2024\/jun\/28\/journalists-refused-entry-to-azerbaijan-energy-conference-ahead-of-cop29\" target=\"_blank\" rel=\"noreferrer noopener\">m\u0259lumat<\/a> yay\u0131b.<\/p>\n\n\n\n<p>M\u0259qal\u0259d\u0259 bildirilir ki, bu ilin noyabr\u0131nda Bak\u0131da ke\u00e7iril\u0259c\u0259k COP29 \u00f6nc\u0259si d\u00f6vl\u0259t mediaya t\u0259zyiql\u0259ri art\u0131r\u0131b.<\/p>\n\n\n\n<p>Probleml\u0259 ba\u011fl\u0131 Britaniya v\u0259 Fransadan az\u0131 3 jurnalist &#8220;The Guardian&#8221;a dan\u0131\u015f\u0131b.<\/p>\n\n\n\n<p>Onlar deyibl\u0259r ki, Bak\u0131 Enerji H\u0259ft\u0259si forumuna burax\u0131lmay\u0131nca \u00f6zl\u0259rini t\u0259hl\u00fck\u0259d\u0259 hiss edibl\u0259r.<\/p>\n\n\n\n<p>Jurnalistl\u0259r bir ne\u00e7\u0259 h\u0259ft\u0259 \u00f6nc\u0259 t\u0259dbir \u00fc\u00e7\u00fcn qeydiyyatdan ke\u00e7s\u0259l\u0259r d\u0259, Az\u0259rbaycan h\u00f6kum\u0259ti onlar\u0131 t\u0259dbir\u0259 buraxmamaqla ba\u011fl\u0131 \u0259sasl\u0131 s\u0259b\u0259b g\u00f6st\u0259rm\u0259yib.<\/p>\n\n\n\n<p>\u00d6lk\u0259d\u0259 haz\u0131rda xeyli yerli media t\u0259msil\u00e7isinin h\u0259bsd\u0259 oldu\u011funu n\u0259z\u0259r\u0259 alan jurnalistl\u0259r &#8220;qorxuducu&#8221; v\u0259 &#8220;t\u0259hdidedici&#8221; \u00fczl\u0259\u015fm\u0259l\u0259rd\u0259n sonra m\u0259kan\u0131 t\u0259rk edibl\u0259r.<\/p>\n\n\n\n<p>Konfransdan az sonra &#8220;Human Rights Watch&#8221; t\u0259\u015fkilat\u0131 b\u0259yanat yayaraq, Az\u0259rbaycanda son bir ild\u0259 az\u0131 25 jurnalist v\u0259 f\u0259al\u0131n h\u0259bs olundu\u011funu a\u00e7\u0131qlay\u0131b.<\/p>\n\n\n\n<p>T\u0259\u015fkilat bildirib ki, h\u0259min media t\u0259msil\u00e7il\u0259ri il\u0259 ba\u011fl\u0131 m\u0259hk\u0259m\u0259 h\u00f6km \u00e7\u0131xar\u0131b.<\/p>\n\n\n\n<p>T\u0259dbir\u0259 burax\u0131lmayan jurnalistl\u0259r &#8220;Montel News&#8221;un apar\u0131c\u0131 ara\u015fd\u0131rma\u00e7\u0131 jurnalistl\u0259ri Lorens Uolker v\u0259 Kristofer \u0130lsdir.<\/p>\n\n\n\n<p>Britaniyadan olan jurnalist is\u0259 Az\u0259rbaycan bar\u0259d\u0259 t\u0259nqidi yaz\u0131lar\u0131 il\u0259 tan\u0131n\u0131b, ancaq hans\u0131sa s\u0259b\u0259bd\u0259n ad\u0131n\u0131n a\u00e7\u0131qlanmas\u0131n\u0131 ist\u0259m\u0259yib.<\/p>\n\n\n\n<p>\u00a0H\u0259r \u00fc\u00e7 jurnalist t\u0259dbir\u0259 bir ne\u00e7\u0259 h\u0259ft\u0259 \u00f6nc\u0259d\u0259n akkredit\u0259 olunduqlar\u0131n\u0131 bildiribl\u0259r.<\/p>\n\n\n\n<p>Onlar\u0131n s\u00f6zl\u0259rin\u0259 g\u00f6r\u0259, t\u0259dbir t\u0259\u015fkilat\u00e7\u0131lar\u0131ndan biri telefonda rusca: <em>&#8220;Onlar\u0131 apar\u0131n&#8221;<\/em>, &#8211; deyib.<\/p>\n\n\n\n<p>Jurnalistl\u0259r ehtimal edirl\u0259r ki, bu z\u0259ng m\u0259kan\u0131n t\u0259hl\u00fck\u0259sizlik xidm\u0259tin\u0259 edilib.<\/p>\n\n\n\n<p>Kristofer \u0130ls &#8220;The Guardian&#8221;a deyib ki, Az\u0259rbaycan media \u00fc\u00e7\u00fcn t\u0259hl\u00fck\u0259li \u00f6lk\u0259l\u0259rd\u0259ndir:<\/p>\n\n\n\n<p><em>&#8220;M\u0259tbuat azadl\u0131\u011f\u0131n\u0131n olmad\u0131\u011f\u0131, yerli jurnalistl\u0259rin h\u0259bs\u0259 at\u0131ld\u0131\u011f\u0131 \u00f6lk\u0259d\u0259 n\u0259yis\u0259 ayd\u0131nla\u015fd\u0131rma\u011f\u0131n yeri yoxdur&#8221;<\/em>.<\/p>\n\n\n\n<p>&#8220;Caspian Event Organisers&#8221; \u015firk\u0259tinin s\u00f6z\u00e7\u00fcs\u00fc deyib ki, ba\u015f ver\u0259nl\u0259r <em>&#8220;anla\u015f\u0131lmazl\u0131q&#8221;<\/em>d\u0131r.<\/p>\n\n\n\n<p>Onun s\u00f6zl\u0259rin\u0259 g\u00f6r\u0259,&nbsp; jurnalistl\u0259r foruma deyil, s\u0259rgiy\u0259 akkreditasiya olunublar.<\/p>\n\n\n\n<p>&#8220;The Guardian&#8221; is\u0259 yaz\u0131r ki, jurnalistl\u0259rin &#8220;e-mail&#8221; yaz\u0131\u015fmas\u0131n\u0131 g\u00f6r\u00fcb v\u0259 onlar Bak\u0131da m\u00fcxt\u0259lif m\u0259kanlarda ke\u00e7iril\u0259n h\u0259r iki t\u0259dbir\u0259 qat\u0131lmaq ist\u0259yibl\u0259r.<\/p>\n\n\n\n<p>\u015eirk\u0259t s\u00f6z\u00e7\u00fcs\u00fc vur\u011fulay\u0131b ki, jurnalistl\u0259r sonradan s\u0259rgid\u0259n d\u0259 \u00e7\u0131xar\u0131l\u0131blar, \u00e7\u00fcnki konfrans t\u0259\u015fkilat\u00e7\u0131lar\u0131 m\u0259sul \u015f\u0259xsl\u0259rd\u0259n bu jurnalistl\u0259r\u0259 g\u00f6z qoyma\u011f\u0131, onlar\u0131n s\u0259rgiy\u0259 d\u00fc\u015fm\u0259l\u0259rinin qar\u015f\u0131s\u0131n\u0131 alma\u011fa \u00e7a\u011f\u0131r\u0131blar.<\/p>\n\n\n\n<p>O, \u00fc\u00e7 &#8220;inadkar&#8221; xarici jurnalist\u0259 bu q\u0259d\u0259r enerji x\u0259rcl\u0259m\u0259k m\u0259cburiyy\u0259tind\u0259 qald\u0131\u011f\u0131 \u00fc\u00e7\u00fcn \u00f6z\u00fcn\u00fc xeyli t\u0259hqir olunmu\u015f hiss etdiyini d\u0259 deyib.<\/p>\n\n\n\n<p>Eyni zamanda, vur\u011fulay\u0131b ki, h\u0259min jurnalistl\u0259r\u0259 qar\u015f\u0131 m\u00fcnasib\u0259td\u0259 pe\u015f\u0259kar olmay\u0131blar. Bu da t\u0259dbirin &#8220;\u00e7ox g\u0259rgin&#8221; d\u00f6vr\u00fcn\u0259 t\u0259sad\u00fcf etdiyi \u00fc\u00e7\u00fcn ba\u015f verib.<\/p>\n\n\n\n<p>&#8220;The Guardian&#8221; yaz\u0131r ki, COP29-a media akkreditasiyas\u0131 BMT-nin iqlim d\u0259yi\u015fikliyi katibliyi vasit\u0259sil\u0259 apar\u0131lacaq, jurnalistl\u0259r onlayn qeydiyyatdan ke\u00e7\u0259c\u0259kl\u0259r.<\/p>\n\n\n\n<p>COP29-un t\u0259\u015fkilat\u00e7\u0131lar\u0131 ba\u015f vermi\u015f hadis\u0259y\u0259 h\u0259r hans\u0131 bir \u015f\u0259rh verm\u0259yibl\u0259r.<\/p>\n\n\n\n<p>Bak\u0131 Enerji H\u0259ft\u0259sini Az\u0259rbaycan Prezidenti \u0130lham \u018fliyev a\u00e7\u0131b.<\/p>\n\n\n\n<p>\u0130kig\u00fcnl\u00fck foruma apar\u0131c\u0131 neft \u015firk\u0259tl\u0259ri qat\u0131l\u0131b v\u0259 sponsorluq edibl\u0259r.<\/p>\n\n\n\n<p>&#8220;The Guardian&#8221; hadis\u0259 il\u0259 ba\u011fl\u0131 Az\u0259rbaycan h\u00f6kum\u0259tin\u0259 d\u0259 sor\u011fu g\u00f6nd\u0259rib, amma h\u0259l\u0259 ki, h\u0259r hans\u0131 bir reaksiya verilm\u0259yib.<\/p>\n","protected":false},"excerpt":{"rendered":"<p>Jurnalistl\u0259r \u00f6zl\u0259rini t\u0259hl\u00fck\u0259d\u0259 hiss etdikl\u0259rini deyibl\u0259r \u0130yunun \u0259vv\u0259lind\u0259 Bak\u0131da ke\u00e7iril\u0259n &#8230; <\/p>\n<p class=\"read-more-container\"><a title=\"Xarici jurnalistl\u0259r \u0130lham \u018fliyevin i\u015ftirak etdiyi konfransa burax\u0131lmay\u0131b\" class=\"read-more button\" href=\"https:\/\/www.meydan.tv\/az\/article\/xarici-jurnalistler-ilham-eliyevin-istirak-etdiyi-konfransa-buraxilmayib\/#more-309410\" aria-label=\"Read more about Xarici jurnalistl\u0259r \u0130lham \u018fliyevin i\u015ftirak etdiyi konfransa burax\u0131lmay\u0131b\">Davam\u0131<\/a><\/p>\n","protected":false},"author":21,"featured_media":309416,"comment_status":"closed","ping_status":"closed","sticky":false,"template":"","format":"standard","meta":{"_acf_changed":false,"_sitemap_exclude":false,"_sitemap_priority":"","_sitemap_frequency":"","footnotes":""},"categories":[59,79,56],"tags":[],"class_list":["post-309410","post","type-post","status-publish","format-standard","has-post-thumbnail","hentry","category-siyaset","category-featured","category-xeberler","infinite-scroll-item","generate-columns","tablet-grid-50","mobile-grid-100","grid-parent","grid-33","no-featured-image-padding"],"acf":[],"yoast_head":"<!-- This site is optimized with the Yoast SEO plugin v27.4 - https:\/\/yoast.com\/product\/yoast-seo-wordpress\/ -->\n<title>Xarici jurnalistl\u0259r Prezidentin i\u015ftirak etdiyi konfransa burax\u0131lmay\u0131b<\/title>\n<meta name=\"description\" content=\"\u0130yunun \u0259vv\u0259lind\u0259 Bak\u0131da ke\u00e7iril\u0259n enerji s\u0259nayesi konfrans\u0131na bir ne\u00e7\u0259 xarici jurnalistin burax\u0131lmad\u0131\u011f\u0131 bildirilir.&quot;The Guardian&quot; bununla ba\u011fl\u0131 iyunun 28-d\u0259 m\u0259lumat yay\u0131b.M\u0259qal\u0259d\u0259 bildirilir ki, bu ilin noyabr\u0131nda Bak\u0131da ke\u00e7iril\u0259c\u0259k COP29 \u00f6nc\u0259si d\u00f6vl\u0259t mediaya t\u0259zyiql\u0259ri art\u0131r\u0131b.Probleml\u0259 ba\u011fl\u0131 Britaniya v\u0259 Fransadan az\u0131 3 jurnalist &quot;The Guardian&quot;a dan\u0131\u015f\u0131b.Onlar deyibl\u0259r ki, Bak\u0131 Enerji H\u0259ft\u0259si forumuna burax\u0131lmay\u0131nca \u00f6zl\u0259rini t\u0259hl\u00fck\u0259d\u0259 hiss edibl\u0259r.Jurnalistl\u0259r bir ne\u00e7\u0259 h\u0259ft\u0259 \u00f6nc\u0259 t\u0259dbir \u00fc\u00e7\u00fcn qeydiyyatdan ke\u00e7s\u0259l\u0259r d\u0259, Az\u0259rbaycan h\u00f6kum\u0259ti onlar\u0131 t\u0259dbir\u0259 buraxmamaqla ba\u011fl\u0131 \u0259sasl\u0131 s\u0259b\u0259b g\u00f6st\u0259rm\u0259yib.\u00d6lk\u0259d\u0259 haz\u0131rda xeyli yerli media t\u0259msil\u00e7isinin h\u0259bsd\u0259 oldu\u011funu n\u0259z\u0259r\u0259 alan jurnalistl\u0259r &quot;qorxuducu&quot; v\u0259 &quot;t\u0259hdidedici&quot; \u00fczl\u0259\u015fm\u0259l\u0259rd\u0259n sonra m\u0259kan\u0131 t\u0259rk edibl\u0259r.\" \/>\n<meta name=\"robots\" content=\"index, follow, max-snippet:-1, max-image-preview:large, max-video-preview:-1\" \/>\n<link rel=\"canonical\" href=\"https:\/\/www.meydan.tv\/az\/article\/xarici-jurnalistler-ilham-eliyevin-istirak-etdiyi-konfransa-buraxilmayib\/\" \/>\n<meta property=\"og:locale\" content=\"az_AZ\" \/>\n<meta property=\"og:type\" content=\"article\" \/>\n<meta property=\"og:title\" content=\"Xarici jurnalistl\u0259r Prezidentin i\u015ftirak etdiyi konfransa burax\u0131lmay\u0131b\" \/>\n<meta property=\"og:description\" content=\"\u0130yunun \u0259vv\u0259lind\u0259 Bak\u0131da ke\u00e7iril\u0259n enerji s\u0259nayesi konfrans\u0131na bir ne\u00e7\u0259 xarici jurnalistin burax\u0131lmad\u0131\u011f\u0131 bildirilir.&quot;The Guardian&quot; bununla ba\u011fl\u0131 iyunun 28-d\u0259 m\u0259lumat yay\u0131b.M\u0259qal\u0259d\u0259 bildirilir ki, bu ilin noyabr\u0131nda Bak\u0131da ke\u00e7iril\u0259c\u0259k COP29 \u00f6nc\u0259si d\u00f6vl\u0259t mediaya t\u0259zyiql\u0259ri art\u0131r\u0131b.Probleml\u0259 ba\u011fl\u0131 Britaniya v\u0259 Fransadan az\u0131 3 jurnalist &quot;The Guardian&quot;a dan\u0131\u015f\u0131b.Onlar deyibl\u0259r ki, Bak\u0131 Enerji H\u0259ft\u0259si forumuna burax\u0131lmay\u0131nca \u00f6zl\u0259rini t\u0259hl\u00fck\u0259d\u0259 hiss edibl\u0259r.Jurnalistl\u0259r bir ne\u00e7\u0259 h\u0259ft\u0259 \u00f6nc\u0259 t\u0259dbir \u00fc\u00e7\u00fcn qeydiyyatdan ke\u00e7s\u0259l\u0259r d\u0259, Az\u0259rbaycan h\u00f6kum\u0259ti onlar\u0131 t\u0259dbir\u0259 buraxmamaqla ba\u011fl\u0131 \u0259sasl\u0131 s\u0259b\u0259b g\u00f6st\u0259rm\u0259yib.\u00d6lk\u0259d\u0259 haz\u0131rda xeyli yerli media t\u0259msil\u00e7isinin h\u0259bsd\u0259 oldu\u011funu n\u0259z\u0259r\u0259 alan jurnalistl\u0259r &quot;qorxuducu&quot; v\u0259 &quot;t\u0259hdidedici&quot; \u00fczl\u0259\u015fm\u0259l\u0259rd\u0259n sonra m\u0259kan\u0131 t\u0259rk edibl\u0259r.\" \/>\n<meta property=\"og:url\" content=\"https:\/\/www.meydan.tv\/az\/article\/xarici-jurnalistler-ilham-eliyevin-istirak-etdiyi-konfransa-buraxilmayib\/\" \/>\n<meta property=\"og:site_name\" content=\"MEYDAN.TV\" \/>\n<meta property=\"article:published_time\" content=\"2024-07-01T14:13:47+00:00\" \/>\n<meta property=\"article:modified_time\" content=\"2024-07-01T14:13:50+00:00\" \/>\n<meta property=\"og:image\" content=\"https:\/\/www.meydan.tv\/wp-content\/uploads\/71010c1c2845839ee9208ee32cd2b558_1202035-e1719843198768.jpg\" \/>\n\t<meta property=\"og:image:width\" content=\"2360\" \/>\n\t<meta property=\"og:image:height\" content=\"861\" \/>\n\t<meta property=\"og:image:type\" content=\"image\/jpeg\" \/>\n<meta name=\"author\" content=\"mahmud\" \/>\n<meta name=\"twitter:card\" content=\"summary_large_image\" \/>\n<script type=\"application\/ld+json\" class=\"yoast-schema-graph\">{\"@context\":\"https:\\\/\\\/schema.org\",\"@graph\":[{\"@type\":\"Article\",\"@id\":\"https:\\\/\\\/www.meydan.tv\\\/az\\\/article\\\/xarici-jurnalistler-ilham-eliyevin-istirak-etdiyi-konfransa-buraxilmayib\\\/#article\",\"isPartOf\":{\"@id\":\"https:\\\/\\\/www.meydan.tv\\\/az\\\/article\\\/xarici-jurnalistler-ilham-eliyevin-istirak-etdiyi-konfransa-buraxilmayib\\\/\"},\"author\":{\"name\":\"mahmud\",\"@id\":\"https:\\\/\\\/www.meydan.tv\\\/az\\\/#\\\/schema\\\/person\\\/09863e516102a829e72bedcf3f84c6b0\"},\"headline\":\"Xarici jurnalistl\u0259r \u0130lham \u018fliyevin i\u015ftirak etdiyi konfransa burax\u0131lmay\u0131b\",\"datePublished\":\"2024-07-01T14:13:47+00:00\",\"dateModified\":\"2024-07-01T14:13:50+00:00\",\"mainEntityOfPage\":{\"@id\":\"https:\\\/\\\/www.meydan.tv\\\/az\\\/article\\\/xarici-jurnalistler-ilham-eliyevin-istirak-etdiyi-konfransa-buraxilmayib\\\/\"},\"wordCount\":679,\"publisher\":{\"@id\":\"https:\\\/\\\/www.meydan.tv\\\/az\\\/#organization\"},\"image\":{\"@id\":\"https:\\\/\\\/www.meydan.tv\\\/az\\\/article\\\/xarici-jurnalistler-ilham-eliyevin-istirak-etdiyi-konfransa-buraxilmayib\\\/#primaryimage\"},\"thumbnailUrl\":\"https:\\\/\\\/www.meydan.tv\\\/wp-content\\\/uploads\\\/71010c1c2845839ee9208ee32cd2b558_1202035-e1719843198768.jpg\",\"articleSection\":[\"Siyas\u0259t\",\"T\u00f6vsiy\u0259\",\"X\u0259b\u0259rl\u0259r\"],\"inLanguage\":\"az\"},{\"@type\":\"WebPage\",\"@id\":\"https:\\\/\\\/www.meydan.tv\\\/az\\\/article\\\/xarici-jurnalistler-ilham-eliyevin-istirak-etdiyi-konfransa-buraxilmayib\\\/\",\"url\":\"https:\\\/\\\/www.meydan.tv\\\/az\\\/article\\\/xarici-jurnalistler-ilham-eliyevin-istirak-etdiyi-konfransa-buraxilmayib\\\/\",\"name\":\"Xarici jurnalistl\u0259r Prezidentin i\u015ftirak etdiyi konfransa burax\u0131lmay\u0131b\",\"isPartOf\":{\"@id\":\"https:\\\/\\\/www.meydan.tv\\\/az\\\/#website\"},\"primaryImageOfPage\":{\"@id\":\"https:\\\/\\\/www.meydan.tv\\\/az\\\/article\\\/xarici-jurnalistler-ilham-eliyevin-istirak-etdiyi-konfransa-buraxilmayib\\\/#primaryimage\"},\"image\":{\"@id\":\"https:\\\/\\\/www.meydan.tv\\\/az\\\/article\\\/xarici-jurnalistler-ilham-eliyevin-istirak-etdiyi-konfransa-buraxilmayib\\\/#primaryimage\"},\"thumbnailUrl\":\"https:\\\/\\\/www.meydan.tv\\\/wp-content\\\/uploads\\\/71010c1c2845839ee9208ee32cd2b558_1202035-e1719843198768.jpg\",\"datePublished\":\"2024-07-01T14:13:47+00:00\",\"dateModified\":\"2024-07-01T14:13:50+00:00\",\"description\":\"\u0130yunun \u0259vv\u0259lind\u0259 Bak\u0131da ke\u00e7iril\u0259n enerji s\u0259nayesi konfrans\u0131na bir ne\u00e7\u0259 xarici jurnalistin burax\u0131lmad\u0131\u011f\u0131 bildirilir.\\\"The Guardian\\\" bununla ba\u011fl\u0131 iyunun 28-d\u0259 m\u0259lumat yay\u0131b.M\u0259qal\u0259d\u0259 bildirilir ki, bu ilin noyabr\u0131nda Bak\u0131da ke\u00e7iril\u0259c\u0259k COP29 \u00f6nc\u0259si d\u00f6vl\u0259t mediaya t\u0259zyiql\u0259ri art\u0131r\u0131b.Probleml\u0259 ba\u011fl\u0131 Britaniya v\u0259 Fransadan az\u0131 3 jurnalist \\\"The Guardian\\\"a dan\u0131\u015f\u0131b.Onlar deyibl\u0259r ki, Bak\u0131 Enerji H\u0259ft\u0259si forumuna burax\u0131lmay\u0131nca \u00f6zl\u0259rini t\u0259hl\u00fck\u0259d\u0259 hiss edibl\u0259r.Jurnalistl\u0259r bir ne\u00e7\u0259 h\u0259ft\u0259 \u00f6nc\u0259 t\u0259dbir \u00fc\u00e7\u00fcn qeydiyyatdan ke\u00e7s\u0259l\u0259r d\u0259, Az\u0259rbaycan h\u00f6kum\u0259ti onlar\u0131 t\u0259dbir\u0259 buraxmamaqla ba\u011fl\u0131 \u0259sasl\u0131 s\u0259b\u0259b g\u00f6st\u0259rm\u0259yib.\u00d6lk\u0259d\u0259 haz\u0131rda xeyli yerli media t\u0259msil\u00e7isinin h\u0259bsd\u0259 oldu\u011funu n\u0259z\u0259r\u0259 alan jurnalistl\u0259r \\\"qorxuducu\\\" v\u0259 \\\"t\u0259hdidedici\\\" \u00fczl\u0259\u015fm\u0259l\u0259rd\u0259n sonra m\u0259kan\u0131 t\u0259rk edibl\u0259r.\",\"breadcrumb\":{\"@id\":\"https:\\\/\\\/www.meydan.tv\\\/az\\\/article\\\/xarici-jurnalistler-ilham-eliyevin-istirak-etdiyi-konfransa-buraxilmayib\\\/#breadcrumb\"},\"inLanguage\":\"az\",\"potentialAction\":[{\"@type\":\"ReadAction\",\"target\":[\"https:\\\/\\\/www.meydan.tv\\\/az\\\/article\\\/xarici-jurnalistler-ilham-eliyevin-istirak-etdiyi-konfransa-buraxilmayib\\\/\"]}]},{\"@type\":\"ImageObject\",\"inLanguage\":\"az\",\"@id\":\"https:\\\/\\\/www.meydan.tv\\\/az\\\/article\\\/xarici-jurnalistler-ilham-eliyevin-istirak-etdiyi-konfransa-buraxilmayib\\\/#primaryimage\",\"url\":\"https:\\\/\\\/www.meydan.tv\\\/wp-content\\\/uploads\\\/71010c1c2845839ee9208ee32cd2b558_1202035-e1719843198768.jpg\",\"contentUrl\":\"https:\\\/\\\/www.meydan.tv\\\/wp-content\\\/uploads\\\/71010c1c2845839ee9208ee32cd2b558_1202035-e1719843198768.jpg\",\"width\":2360,\"height\":861,\"caption\":\"Foto: president.az\"},{\"@type\":\"BreadcrumbList\",\"@id\":\"https:\\\/\\\/www.meydan.tv\\\/az\\\/article\\\/xarici-jurnalistler-ilham-eliyevin-istirak-etdiyi-konfransa-buraxilmayib\\\/#breadcrumb\",\"itemListElement\":[{\"@type\":\"ListItem\",\"position\":1,\"name\":\"Ana s\u0259hif\u0259\",\"item\":\"https:\\\/\\\/www.meydan.tv\\\/az\\\/\"},{\"@type\":\"ListItem\",\"position\":2,\"name\":\"Siyas\u0259t\",\"item\":\"https:\\\/\\\/www.meydan.tv\\\/az\\\/section\\\/siyaset\\\/\"},{\"@type\":\"ListItem\",\"position\":3,\"name\":\"Xarici jurnalistl\u0259r \u0130lham \u018fliyevin i\u015ftirak etdiyi konfransa burax\u0131lmay\u0131b\"}]},{\"@type\":\"WebSite\",\"@id\":\"https:\\\/\\\/www.meydan.tv\\\/az\\\/#website\",\"url\":\"https:\\\/\\\/www.meydan.tv\\\/az\\\/\",\"name\":\"MEYDAN.TV\",\"description\":\"Meydan TV Az\u0259rbaycan\u0131n media m\u0259kan\u0131ndak\u0131 alternativ s\u0259sidir\",\"publisher\":{\"@id\":\"https:\\\/\\\/www.meydan.tv\\\/az\\\/#organization\"},\"potentialAction\":[{\"@type\":\"SearchAction\",\"target\":{\"@type\":\"EntryPoint\",\"urlTemplate\":\"https:\\\/\\\/www.meydan.tv\\\/az\\\/?s={search_term_string}\"},\"query-input\":{\"@type\":\"PropertyValueSpecification\",\"valueRequired\":true,\"valueName\":\"search_term_string\"}}],\"inLanguage\":\"az\"},{\"@type\":\"Organization\",\"@id\":\"https:\\\/\\\/www.meydan.tv\\\/az\\\/#organization\",\"name\":\"Meydan TV\",\"url\":\"https:\\\/\\\/www.meydan.tv\\\/az\\\/\",\"logo\":{\"@type\":\"ImageObject\",\"inLanguage\":\"az\",\"@id\":\"https:\\\/\\\/www.meydan.tv\\\/az\\\/#\\\/schema\\\/logo\\\/image\\\/\",\"url\":\"https:\\\/\\\/www.meydan.tv\\\/wp-content\\\/uploads\\\/2021\\\/07\\\/meydan-logo.svg\",\"contentUrl\":\"https:\\\/\\\/www.meydan.tv\\\/wp-content\\\/uploads\\\/2021\\\/07\\\/meydan-logo.svg\",\"width\":195,\"height\":46,\"caption\":\"Meydan TV\"},\"image\":{\"@id\":\"https:\\\/\\\/www.meydan.tv\\\/az\\\/#\\\/schema\\\/logo\\\/image\\\/\"}},{\"@type\":\"Person\",\"@id\":\"https:\\\/\\\/www.meydan.tv\\\/az\\\/#\\\/schema\\\/person\\\/09863e516102a829e72bedcf3f84c6b0\",\"name\":\"mahmud\"}]}<\/script>\n<!-- \/ Yoast SEO plugin. -->","yoast_head_json":{"title":"Xarici jurnalistl\u0259r Prezidentin i\u015ftirak etdiyi konfransa burax\u0131lmay\u0131b","description":"\u0130yunun \u0259vv\u0259lind\u0259 Bak\u0131da ke\u00e7iril\u0259n enerji s\u0259nayesi konfrans\u0131na bir ne\u00e7\u0259 xarici jurnalistin burax\u0131lmad\u0131\u011f\u0131 bildirilir.\"The Guardian\" bununla ba\u011fl\u0131 iyunun 28-d\u0259 m\u0259lumat yay\u0131b.M\u0259qal\u0259d\u0259 bildirilir ki, bu ilin noyabr\u0131nda Bak\u0131da ke\u00e7iril\u0259c\u0259k COP29 \u00f6nc\u0259si d\u00f6vl\u0259t mediaya t\u0259zyiql\u0259ri art\u0131r\u0131b.Probleml\u0259 ba\u011fl\u0131 Britaniya v\u0259 Fransadan az\u0131 3 jurnalist \"The Guardian\"a dan\u0131\u015f\u0131b.Onlar deyibl\u0259r ki, Bak\u0131 Enerji H\u0259ft\u0259si forumuna burax\u0131lmay\u0131nca \u00f6zl\u0259rini t\u0259hl\u00fck\u0259d\u0259 hiss edibl\u0259r.Jurnalistl\u0259r bir ne\u00e7\u0259 h\u0259ft\u0259 \u00f6nc\u0259 t\u0259dbir \u00fc\u00e7\u00fcn qeydiyyatdan ke\u00e7s\u0259l\u0259r d\u0259, Az\u0259rbaycan h\u00f6kum\u0259ti onlar\u0131 t\u0259dbir\u0259 buraxmamaqla ba\u011fl\u0131 \u0259sasl\u0131 s\u0259b\u0259b g\u00f6st\u0259rm\u0259yib.\u00d6lk\u0259d\u0259 haz\u0131rda xeyli yerli media t\u0259msil\u00e7isinin h\u0259bsd\u0259 oldu\u011funu n\u0259z\u0259r\u0259 alan jurnalistl\u0259r \"qorxuducu\" v\u0259 \"t\u0259hdidedici\" \u00fczl\u0259\u015fm\u0259l\u0259rd\u0259n sonra m\u0259kan\u0131 t\u0259rk edibl\u0259r.","robots":{"index":"index","follow":"follow","max-snippet":"max-snippet:-1","max-image-preview":"max-image-preview:large","max-video-preview":"max-video-preview:-1"},"canonical":"https:\/\/www.meydan.tv\/az\/article\/xarici-jurnalistler-ilham-eliyevin-istirak-etdiyi-konfransa-buraxilmayib\/","og_locale":"az_AZ","og_type":"article","og_title":"Xarici jurnalistl\u0259r Prezidentin i\u015ftirak etdiyi konfransa burax\u0131lmay\u0131b","og_description":"\u0130yunun \u0259vv\u0259lind\u0259 Bak\u0131da ke\u00e7iril\u0259n enerji s\u0259nayesi konfrans\u0131na bir ne\u00e7\u0259 xarici jurnalistin burax\u0131lmad\u0131\u011f\u0131 bildirilir.\"The Guardian\" bununla ba\u011fl\u0131 iyunun 28-d\u0259 m\u0259lumat yay\u0131b.M\u0259qal\u0259d\u0259 bildirilir ki, bu ilin noyabr\u0131nda Bak\u0131da ke\u00e7iril\u0259c\u0259k COP29 \u00f6nc\u0259si d\u00f6vl\u0259t mediaya t\u0259zyiql\u0259ri art\u0131r\u0131b.Probleml\u0259 ba\u011fl\u0131 Britaniya v\u0259 Fransadan az\u0131 3 jurnalist \"The Guardian\"a dan\u0131\u015f\u0131b.Onlar deyibl\u0259r ki, Bak\u0131 Enerji H\u0259ft\u0259si forumuna burax\u0131lmay\u0131nca \u00f6zl\u0259rini t\u0259hl\u00fck\u0259d\u0259 hiss edibl\u0259r.Jurnalistl\u0259r bir ne\u00e7\u0259 h\u0259ft\u0259 \u00f6nc\u0259 t\u0259dbir \u00fc\u00e7\u00fcn qeydiyyatdan ke\u00e7s\u0259l\u0259r d\u0259, Az\u0259rbaycan h\u00f6kum\u0259ti onlar\u0131 t\u0259dbir\u0259 buraxmamaqla ba\u011fl\u0131 \u0259sasl\u0131 s\u0259b\u0259b g\u00f6st\u0259rm\u0259yib.\u00d6lk\u0259d\u0259 haz\u0131rda xeyli yerli media t\u0259msil\u00e7isinin h\u0259bsd\u0259 oldu\u011funu n\u0259z\u0259r\u0259 alan jurnalistl\u0259r \"qorxuducu\" v\u0259 \"t\u0259hdidedici\" \u00fczl\u0259\u015fm\u0259l\u0259rd\u0259n sonra m\u0259kan\u0131 t\u0259rk edibl\u0259r.","og_url":"https:\/\/www.meydan.tv\/az\/article\/xarici-jurnalistler-ilham-eliyevin-istirak-etdiyi-konfransa-buraxilmayib\/","og_site_name":"MEYDAN.TV","article_published_time":"2024-07-01T14:13:47+00:00","article_modified_time":"2024-07-01T14:13:50+00:00","og_image":[{"width":2360,"height":861,"url":"https:\/\/www.meydan.tv\/wp-content\/uploads\/71010c1c2845839ee9208ee32cd2b558_1202035-e1719843198768.jpg","type":"image\/jpeg"}],"author":"mahmud","twitter_card":"summary_large_image","schema":{"@context":"https:\/\/schema.org","@graph":[{"@type":"Article","@id":"https:\/\/www.meydan.tv\/az\/article\/xarici-jurnalistler-ilham-eliyevin-istirak-etdiyi-konfransa-buraxilmayib\/#article","isPartOf":{"@id":"https:\/\/www.meydan.tv\/az\/article\/xarici-jurnalistler-ilham-eliyevin-istirak-etdiyi-konfransa-buraxilmayib\/"},"author":{"name":"mahmud","@id":"https:\/\/www.meydan.tv\/az\/#\/schema\/person\/09863e516102a829e72bedcf3f84c6b0"},"headline":"Xarici jurnalistl\u0259r \u0130lham \u018fliyevin i\u015ftirak etdiyi konfransa burax\u0131lmay\u0131b","datePublished":"2024-07-01T14:13:47+00:00","dateModified":"2024-07-01T14:13:50+00:00","mainEntityOfPage":{"@id":"https:\/\/www.meydan.tv\/az\/article\/xarici-jurnalistler-ilham-eliyevin-istirak-etdiyi-konfransa-buraxilmayib\/"},"wordCount":679,"publisher":{"@id":"https:\/\/www.meydan.tv\/az\/#organization"},"image":{"@id":"https:\/\/www.meydan.tv\/az\/article\/xarici-jurnalistler-ilham-eliyevin-istirak-etdiyi-konfransa-buraxilmayib\/#primaryimage"},"thumbnailUrl":"https:\/\/www.meydan.tv\/wp-content\/uploads\/71010c1c2845839ee9208ee32cd2b558_1202035-e1719843198768.jpg","articleSection":["Siyas\u0259t","T\u00f6vsiy\u0259","X\u0259b\u0259rl\u0259r"],"inLanguage":"az"},{"@type":"WebPage","@id":"https:\/\/www.meydan.tv\/az\/article\/xarici-jurnalistler-ilham-eliyevin-istirak-etdiyi-konfransa-buraxilmayib\/","url":"https:\/\/www.meydan.tv\/az\/article\/xarici-jurnalistler-ilham-eliyevin-istirak-etdiyi-konfransa-buraxilmayib\/","name":"Xarici jurnalistl\u0259r Prezidentin i\u015ftirak etdiyi konfransa burax\u0131lmay\u0131b","isPartOf":{"@id":"https:\/\/www.meydan.tv\/az\/#website"},"primaryImageOfPage":{"@id":"https:\/\/www.meydan.tv\/az\/article\/xarici-jurnalistler-ilham-eliyevin-istirak-etdiyi-konfransa-buraxilmayib\/#primaryimage"},"image":{"@id":"https:\/\/www.meydan.tv\/az\/article\/xarici-jurnalistler-ilham-eliyevin-istirak-etdiyi-konfransa-buraxilmayib\/#primaryimage"},"thumbnailUrl":"https:\/\/www.meydan.tv\/wp-content\/uploads\/71010c1c2845839ee9208ee32cd2b558_1202035-e1719843198768.jpg","datePublished":"2024-07-01T14:13:47+00:00","dateModified":"2024-07-01T14:13:50+00:00","description":"\u0130yunun \u0259vv\u0259lind\u0259 Bak\u0131da ke\u00e7iril\u0259n enerji s\u0259nayesi konfrans\u0131na bir ne\u00e7\u0259 xarici jurnalistin burax\u0131lmad\u0131\u011f\u0131 bildirilir.\"The Guardian\" bununla ba\u011fl\u0131 iyunun 28-d\u0259 m\u0259lumat yay\u0131b.M\u0259qal\u0259d\u0259 bildirilir ki, bu ilin noyabr\u0131nda Bak\u0131da ke\u00e7iril\u0259c\u0259k COP29 \u00f6nc\u0259si d\u00f6vl\u0259t mediaya t\u0259zyiql\u0259ri art\u0131r\u0131b.Probleml\u0259 ba\u011fl\u0131 Britaniya v\u0259 Fransadan az\u0131 3 jurnalist \"The Guardian\"a dan\u0131\u015f\u0131b.Onlar deyibl\u0259r ki, Bak\u0131 Enerji H\u0259ft\u0259si forumuna burax\u0131lmay\u0131nca \u00f6zl\u0259rini t\u0259hl\u00fck\u0259d\u0259 hiss edibl\u0259r.Jurnalistl\u0259r bir ne\u00e7\u0259 h\u0259ft\u0259 \u00f6nc\u0259 t\u0259dbir \u00fc\u00e7\u00fcn qeydiyyatdan ke\u00e7s\u0259l\u0259r d\u0259, Az\u0259rbaycan h\u00f6kum\u0259ti onlar\u0131 t\u0259dbir\u0259 buraxmamaqla ba\u011fl\u0131 \u0259sasl\u0131 s\u0259b\u0259b g\u00f6st\u0259rm\u0259yib.\u00d6lk\u0259d\u0259 haz\u0131rda xeyli yerli media t\u0259msil\u00e7isinin h\u0259bsd\u0259 oldu\u011funu n\u0259z\u0259r\u0259 alan jurnalistl\u0259r \"qorxuducu\" v\u0259 \"t\u0259hdidedici\" \u00fczl\u0259\u015fm\u0259l\u0259rd\u0259n sonra m\u0259kan\u0131 t\u0259rk edibl\u0259r.","breadcrumb":{"@id":"https:\/\/www.meydan.tv\/az\/article\/xarici-jurnalistler-ilham-eliyevin-istirak-etdiyi-konfransa-buraxilmayib\/#breadcrumb"},"inLanguage":"az","potentialAction":[{"@type":"ReadAction","target":["https:\/\/www.meydan.tv\/az\/article\/xarici-jurnalistler-ilham-eliyevin-istirak-etdiyi-konfransa-buraxilmayib\/"]}]},{"@type":"ImageObject","inLanguage":"az","@id":"https:\/\/www.meydan.tv\/az\/article\/xarici-jurnalistler-ilham-eliyevin-istirak-etdiyi-konfransa-buraxilmayib\/#primaryimage","url":"https:\/\/www.meydan.tv\/wp-content\/uploads\/71010c1c2845839ee9208ee32cd2b558_1202035-e1719843198768.jpg","contentUrl":"https:\/\/www.meydan.tv\/wp-content\/uploads\/71010c1c2845839ee9208ee32cd2b558_1202035-e1719843198768.jpg","width":2360,"height":861,"caption":"Foto: president.az"},{"@type":"BreadcrumbList","@id":"https:\/\/www.meydan.tv\/az\/article\/xarici-jurnalistler-ilham-eliyevin-istirak-etdiyi-konfransa-buraxilmayib\/#breadcrumb","itemListElement":[{"@type":"ListItem","position":1,"name":"Ana s\u0259hif\u0259","item":"https:\/\/www.meydan.tv\/az\/"},{"@type":"ListItem","position":2,"name":"Siyas\u0259t","item":"https:\/\/www.meydan.tv\/az\/section\/siyaset\/"},{"@type":"ListItem","position":3,"name":"Xarici jurnalistl\u0259r \u0130lham \u018fliyevin i\u015ftirak etdiyi konfransa burax\u0131lmay\u0131b"}]},{"@type":"WebSite","@id":"https:\/\/www.meydan.tv\/az\/#website","url":"https:\/\/www.meydan.tv\/az\/","name":"MEYDAN.TV","description":"Meydan TV Az\u0259rbaycan\u0131n media m\u0259kan\u0131ndak\u0131 alternativ s\u0259sidir","publisher":{"@id":"https:\/\/www.meydan.tv\/az\/#organization"},"potentialAction":[{"@type":"SearchAction","target":{"@type":"EntryPoint","urlTemplate":"https:\/\/www.meydan.tv\/az\/?s={search_term_string}"},"query-input":{"@type":"PropertyValueSpecification","valueRequired":true,"valueName":"search_term_string"}}],"inLanguage":"az"},{"@type":"Organization","@id":"https:\/\/www.meydan.tv\/az\/#organization","name":"Meydan TV","url":"https:\/\/www.meydan.tv\/az\/","logo":{"@type":"ImageObject","inLanguage":"az","@id":"https:\/\/www.meydan.tv\/az\/#\/schema\/logo\/image\/","url":"https:\/\/www.meydan.tv\/wp-content\/uploads\/2021\/07\/meydan-logo.svg","contentUrl":"https:\/\/www.meydan.tv\/wp-content\/uploads\/2021\/07\/meydan-logo.svg","width":195,"height":46,"caption":"Meydan TV"},"image":{"@id":"https:\/\/www.meydan.tv\/az\/#\/schema\/logo\/image\/"}},{"@type":"Person","@id":"https:\/\/www.meydan.tv\/az\/#\/schema\/person\/09863e516102a829e72bedcf3f84c6b0","name":"mahmud"}]}},"_links":{"self":[{"href":"https:\/\/www.meydan.tv\/az\/wp-json\/wp\/v2\/posts\/309410","targetHints":{"allow":["GET"]}}],"collection":[{"href":"https:\/\/www.meydan.tv\/az\/wp-json\/wp\/v2\/posts"}],"about":[{"href":"https:\/\/www.meydan.tv\/az\/wp-json\/wp\/v2\/types\/post"}],"author":[{"embeddable":true,"href":"https:\/\/www.meydan.tv\/az\/wp-json\/wp\/v2\/users\/21"}],"replies":[{"embeddable":true,"href":"https:\/\/www.meydan.tv\/az\/wp-json\/wp\/v2\/comments?post=309410"}],"version-history":[{"count":1,"href":"https:\/\/www.meydan.tv\/az\/wp-json\/wp\/v2\/posts\/309410\/revisions"}],"predecessor-version":[{"id":309419,"href":"https:\/\/www.meydan.tv\/az\/wp-json\/wp\/v2\/posts\/309410\/revisions\/309419"}],"wp:featuredmedia":[{"embeddable":true,"href":"https:\/\/www.meydan.tv\/az\/wp-json\/wp\/v2\/media\/309416"}],"wp:attachment":[{"href":"https:\/\/www.meydan.tv\/az\/wp-json\/wp\/v2\/media?parent=309410"}],"wp:term":[{"taxonomy":"category","embeddable":true,"href":"https:\/\/www.meydan.tv\/az\/wp-json\/wp\/v2\/categories?post=309410"},{"taxonomy":"post_tag","embeddable":true,"href":"https:\/\/www.meydan.tv\/az\/wp-json\/wp\/v2\/tags?post=309410"}],"curies":[{"name":"wp","href":"https:\/\/api.w.org\/{rel}","templated":true}]}}