{"id":309399,"date":"2024-07-01T16:36:00","date_gmt":"2024-07-01T12:36:00","guid":{"rendered":"https:\/\/www.meydan.tv\/?p=309399"},"modified":"2024-07-01T16:36:01","modified_gmt":"2024-07-01T12:36:01","slug":"hesabat-azerbaycan-2024-cu-ilin-birinci-yarisinda-19-herbci-itirib","status":"publish","type":"post","link":"https:\/\/www.meydan.tv\/az\/article\/hesabat-azerbaycan-2024-cu-ilin-birinci-yarisinda-19-herbci-itirib\/","title":{"rendered":"Hesabat: Az\u0259rbaycan 2024-c\u00fc ilin birinci yar\u0131s\u0131nda 19 h\u0259rb\u00e7i itirib"},"content":{"rendered":"\n<p><\/p>\n\n\n\n<p><strong><em>S\u0259n\u0259dd\u0259 qeyd olunur ki, onlardan 17-si qeyri-d\u00f6y\u00fc\u015f itkil\u0259ridir<\/em><\/strong><\/p>\n\n\n\n<p>2024-c\u00fc ild\u0259 Az\u0259rbaycanda az\u0131 19 h\u0259rbi qulluq\u00e7unun h\u0259lak oldu\u011fu bildirilir.<\/p>\n\n\n\n<p>Bu bar\u0259d\u0259 X\u0259z\u0259r H\u0259rbi T\u0259dqiqatlar \u0130nstitutunun \u201cAz\u0259rbaycan\u0131n t\u0259hl\u00fck\u0259sizlik v\u0259 m\u00fcdafi\u0259 sektorunun itkil\u0259ri: 2024-c\u00fc ilin birinci yar\u0131s\u0131 \u00fc\u00e7\u00fcn\u201d adl\u0131 hesabat\u0131nda qeyd olunub.<\/p>\n\n\n\n<p>\u0130nstitutun ke\u00e7irdiyi monitorinqin n\u0259tic\u0259l\u0259rin\u0259 g\u00f6r\u0259, 2024-c\u00fc ilin birinci yar\u0131s\u0131nda Az\u0259rbaycan\u0131n t\u0259hl\u00fck\u0259sizlik v\u0259 m\u00fcdafi\u0259 sektoru \u0259n az\u0131 19 h\u0259rbi qulluq\u00e7usunu itirib:<\/p>\n\n\n\n<p><em>\u201cOnlardan 17 n\u0259f\u0259ri qeyri-d\u00f6y\u00fc\u015f itkil\u0259ri, 2-si is\u0259 2023-c\u00fc ilin sentyabr\u0131nda ke\u00e7irilmi\u015f anti-terror \u0259m\u0259liyyat\u0131ndan sonra yaralanm\u0131\u015f v\u0259 uzun m\u00fcdd\u0259td\u0259 komada qalm\u0131\u015f h\u0259rb\u00e7il\u0259rl\u0259 ba\u011fl\u0131d\u0131r\u201d<\/em>.<\/p>\n\n\n\n<p><em>\u201c\u00dcmumilikd\u0259, 2024-c\u00fc ild\u0259 5 n\u0259f\u0259r avtomobil q\u0259zas\u0131ndan, 4 n\u0259f\u0259r m\u00fcxt\u0259lif b\u0259db\u0259xt hadis\u0259l\u0259rd\u0259n, 3 n\u0259f\u0259r m\u00fcxt\u0259lif x\u0259st\u0259likl\u0259rd\u0259n, 3 n\u0259f\u0259r intihardan, 2 n\u0259f\u0259r anti-terror \u0259m\u0259liyyatlar\u0131 s\u0259b\u0259bind\u0259n, 1 n\u0259f\u0259r qeyri-qanuni haldan, 1 n\u0259f\u0259rs\u0259 nam\u0259lum s\u0259b\u0259bd\u0259n d\u00fcnyas\u0131n\u0131 d\u0259yi\u015fib\u201d<\/em>, &#8211; dey\u0259 hesabatda vur\u011fulan\u0131r.<\/p>\n\n\n\n<p>X\u0259z\u0259r H\u0259rbi T\u0259dqiqatlar \u0130nstitutu bildirib ki, bu d\u00f6vrd\u0259 d\u00fcnyas\u0131n\u0131 d\u0259yi\u015f\u0259nl\u0259rin 17 n\u0259f\u0259ri M\u00fcdafi\u0259 Nazirliyinin, 2 &nbsp;n\u0259f\u0259ri is\u0259 D\u00f6vl\u0259t S\u0259rh\u0259d Xidm\u0259tinin h\u0259rbi qulluq\u00e7ular\u0131 olub:<\/p>\n\n\n\n<p><em>\u201cD\u00fcnyas\u0131n\u0131 d\u0259yi\u015f\u0259nl\u0259rin 11 n\u0259f\u0259ri \u0259sg\u0259r, 7 n\u0259f\u0259ri zabit, 1 n\u0259f\u0259ri is\u0259 gizirdir\u201d.<\/em><\/p>\n\n\n\n<p>T\u0259\u015fkilat h\u0259m\u00e7inin qeyd edib ki, 2024-c\u00fc ild\u0259 \u00fcmumilikd\u0259 \u0259n az\u0131 18 h\u0259rbi qulluq\u00e7u m\u00fcxt\u0259lif s\u0259b\u0259bl\u0259rd\u0259n yaralan\u0131b v\u0259 ya x\u0259sar\u0259t al\u0131b:<\/p>\n\n\n\n<p><em>\u201cOnlardan 15-i avtomobil q\u0259zas\u0131 n\u0259tic\u0259sind\u0259, 2-si erm\u0259ni g\u00fcll\u0259sind\u0259n x\u0259sar\u0259t al\u0131b. 1 n\u0259f\u0259r is\u0259 z\u0259h\u0259rl\u0259nib. M\u00fcqayis\u0259 \u00fc\u00e7\u00fcn bildir\u0259k ki, 2023-c\u00fc ilin m\u00fcvafiq d\u00f6vr\u00fcnd\u0259 (ilk 6 ay) Az\u0259rbaycan\u0131n t\u0259hl\u00fck\u0259sizlik v\u0259 m\u00fcdafi\u0259 sektorunun itkil\u0259ri \u0259n az\u0131 37 n\u0259f\u0259r idi. Onlardan 9 n\u0259f\u0259ri d\u00f6y\u00fc\u015f itkil\u0259ri, 28 n\u0259f\u0259ri is\u0259 qeyri-d\u00f6y\u00fc\u015f itkil\u0259ri idi. \u00dcmumilikd\u0259 h\u0259min d\u00f6vrd\u0259 11 h\u0259rb\u00e7i intihardan, 7 n\u0259f\u0259r erm\u0259ni g\u00fcll\u0259sind\u0259n, 2 n\u0259f\u0259r mina partlay\u0131\u015f\u0131ndan, 7 n\u0259f\u0259r m\u00fcxt\u0259lif x\u0259st\u0259likl\u0259rd\u0259n, 3 n\u0259f\u0259r q\u0259zalardan, 3 n\u0259f\u0259r b\u0259db\u0259xt hadis\u0259d\u0259n, 1 n\u0259f\u0259r qeyri-nizamnam\u0259 hadis\u0259sind\u0259n, 2 n\u0259f\u0259r silahl\u0131 basq\u0131ndan, 1 n\u0259f\u0259r ehtiyats\u0131zl\u0131qdan d\u00fcnyas\u0131n\u0131 d\u0259yi\u015fmi\u015fdi\u201d<\/em>.<\/p>\n\n\n\n<p>Yaral\u0131lara g\u0259linc\u0259, t\u0259\u015fkilat bildirib ki, 2023-c\u00fc ilin ilk yar\u0131s\u0131nda \u0259n az\u0131 7 h\u0259rbi qulluq\u00e7u m\u00fcxt\u0259lif s\u0259b\u0259bl\u0259rd\u0259n yaralan\u0131b v\u0259 ya x\u0259sar\u0259t al\u0131b:<\/p>\n\n\n\n<p><em>\u201cOnlar\u0131n m\u00fctl\u0259q \u0259ks\u0259riyy\u0259ti erm\u0259ni g\u00fcll\u0259sind\u0259n v\u0259 mina partlay\u0131\u015f\u0131ndan x\u0259sar\u0259t al\u0131blar\u201d<\/em>.<\/p>\n\n\n\n<p><strong><em>Hesabat\u0131 yayan t\u0259\u015fkilat\u0131n q\u0131sa tarix\u00e7\u0259si<\/em><\/strong><\/p>\n\n\n\n<p>X\u0259z\u0259r H\u0259rbi T\u0259dqiqatlar \u0130nstitutu (Caspian Defense Studies Institute) 2015-ci ilin yanvar\u0131ndan etibar\u0259n f\u0259aliyy\u0259t g\u00f6st\u0259rir.<\/p>\n\n\n\n<p>Qurumun ara\u015fd\u0131rma h\u0259d\u0259find\u0259 olan \u0259sas m\u0259s\u0259l\u0259l\u0259r t\u0259hl\u00fck\u0259sizlik v\u0259 m\u00fcdafi\u0259 sektorunda insan haqlar\u0131, silahlanma, korrupsiya v\u0259 islahatlar il\u0259 ba\u011fl\u0131 ba\u015f ver\u0259n prosesl\u0259rdir.<\/p>\n\n\n\n<p>\u0130nstitut bu istiqam\u0259td\u0259 t\u0259kc\u0259 Az\u0259rbaycan\u0131 deyil, eyni zamanda, G\u00fcrc\u00fcstan v\u0259 Erm\u0259nistan\u0131 ara\u015fd\u0131r\u0131r, h\u0259r \u00fc\u00e7 C\u0259nubi Qafqaz \u00f6lk\u0259sinin h\u0259rbi quruculuq probleml\u0259rini v\u0259 prioritetl\u0259rini m\u00fcqayis\u0259 etdiyini b\u0259yan edir.<\/p>\n","protected":false},"excerpt":{"rendered":"<p>S\u0259n\u0259dd\u0259 qeyd olunur ki, onlardan 17-si qeyri-d\u00f6y\u00fc\u015f itkil\u0259ridir 2024-c\u00fc ild\u0259 &#8230; <\/p>\n<p class=\"read-more-container\"><a title=\"Hesabat: Az\u0259rbaycan 2024-c\u00fc ilin birinci yar\u0131s\u0131nda 19 h\u0259rb\u00e7i itirib\" class=\"read-more button\" href=\"https:\/\/www.meydan.tv\/az\/article\/hesabat-azerbaycan-2024-cu-ilin-birinci-yarisinda-19-herbci-itirib\/#more-309399\" aria-label=\"Read more about Hesabat: Az\u0259rbaycan 2024-c\u00fc ilin birinci yar\u0131s\u0131nda 19 h\u0259rb\u00e7i itirib\">Davam\u0131<\/a><\/p>\n","protected":false},"author":21,"featured_media":252609,"comment_status":"closed","ping_status":"closed","sticky":false,"template":"","format":"standard","meta":{"_acf_changed":false,"_sitemap_exclude":false,"_sitemap_priority":"","_sitemap_frequency":"","footnotes":""},"categories":[62,79,56],"tags":[],"class_list":["post-309399","post","type-post","status-publish","format-standard","has-post-thumbnail","hentry","category-sosial","category-featured","category-xeberler","infinite-scroll-item","generate-columns","tablet-grid-50","mobile-grid-100","grid-parent","grid-33","no-featured-image-padding"],"acf":[],"yoast_head":"<!-- This site is optimized with the Yoast SEO plugin v27.5 - https:\/\/yoast.com\/product\/yoast-seo-wordpress\/ -->\n<title>Hesabat: Az\u0259rbaycan 2024-c\u00fc ilin birinci yar\u0131s\u0131nda 19 h\u0259rb\u00e7i itirib - MEYDAN.TV<\/title>\n<meta name=\"description\" content=\"2024-c\u00fc ild\u0259 Az\u0259rbaycanda az\u0131 19 h\u0259rbi qulluq\u00e7unun h\u0259lak oldu\u011fu bildirilir.Bu bar\u0259d\u0259 X\u0259z\u0259r H\u0259rbi T\u0259dqiqatlar \u0130nstitutunun \u201cAz\u0259rbaycan\u0131n t\u0259hl\u00fck\u0259sizlik v\u0259 m\u00fcdafi\u0259 sektorunun itkil\u0259ri: 2024-c\u00fc ilin birinci yar\u0131s\u0131 \u00fc\u00e7\u00fcn\u201d adl\u0131 hesabat\u0131nda qeyd olunub.\u0130nstitutun ke\u00e7irdiyi monitorinqin n\u0259tic\u0259l\u0259rin\u0259 g\u00f6r\u0259, 2024-c\u00fc ilin birinci yar\u0131s\u0131nda Az\u0259rbaycan\u0131n t\u0259hl\u00fck\u0259sizlik v\u0259 m\u00fcdafi\u0259 sektoru \u0259n az\u0131 19 h\u0259rbi qulluq\u00e7usunu itirib\" \/>\n<meta name=\"robots\" content=\"index, follow, max-snippet:-1, max-image-preview:large, max-video-preview:-1\" \/>\n<link rel=\"canonical\" href=\"https:\/\/www.meydan.tv\/az\/article\/hesabat-azerbaycan-2024-cu-ilin-birinci-yarisinda-19-herbci-itirib\/\" \/>\n<meta property=\"og:locale\" content=\"az_AZ\" \/>\n<meta property=\"og:type\" content=\"article\" \/>\n<meta property=\"og:title\" content=\"Hesabat: Az\u0259rbaycan 2024-c\u00fc ilin birinci yar\u0131s\u0131nda 19 h\u0259rb\u00e7i itirib - MEYDAN.TV\" \/>\n<meta property=\"og:description\" content=\"2024-c\u00fc ild\u0259 Az\u0259rbaycanda az\u0131 19 h\u0259rbi qulluq\u00e7unun h\u0259lak oldu\u011fu bildirilir.Bu bar\u0259d\u0259 X\u0259z\u0259r H\u0259rbi T\u0259dqiqatlar \u0130nstitutunun \u201cAz\u0259rbaycan\u0131n t\u0259hl\u00fck\u0259sizlik v\u0259 m\u00fcdafi\u0259 sektorunun itkil\u0259ri: 2024-c\u00fc ilin birinci yar\u0131s\u0131 \u00fc\u00e7\u00fcn\u201d adl\u0131 hesabat\u0131nda qeyd olunub.\u0130nstitutun ke\u00e7irdiyi monitorinqin n\u0259tic\u0259l\u0259rin\u0259 g\u00f6r\u0259, 2024-c\u00fc ilin birinci yar\u0131s\u0131nda Az\u0259rbaycan\u0131n t\u0259hl\u00fck\u0259sizlik v\u0259 m\u00fcdafi\u0259 sektoru \u0259n az\u0131 19 h\u0259rbi qulluq\u00e7usunu itirib\" \/>\n<meta property=\"og:url\" content=\"https:\/\/www.meydan.tv\/az\/article\/hesabat-azerbaycan-2024-cu-ilin-birinci-yarisinda-19-herbci-itirib\/\" \/>\n<meta property=\"og:site_name\" content=\"MEYDAN.TV\" \/>\n<meta property=\"article:published_time\" content=\"2024-07-01T12:36:00+00:00\" \/>\n<meta property=\"article:modified_time\" content=\"2024-07-01T12:36:01+00:00\" \/>\n<meta property=\"og:image\" content=\"https:\/\/www.meydan.tv\/wp-content\/uploads\/shutterstock_1684955089-e1683114430487.jpg\" \/>\n\t<meta property=\"og:image:width\" content=\"1500\" \/>\n\t<meta property=\"og:image:height\" content=\"843\" \/>\n\t<meta property=\"og:image:type\" content=\"image\/jpeg\" \/>\n<meta name=\"author\" content=\"mahmud\" \/>\n<meta name=\"twitter:card\" content=\"summary_large_image\" \/>\n<script type=\"application\/ld+json\" class=\"yoast-schema-graph\">{\"@context\":\"https:\\\/\\\/schema.org\",\"@graph\":[{\"@type\":\"Article\",\"@id\":\"https:\\\/\\\/www.meydan.tv\\\/az\\\/article\\\/hesabat-azerbaycan-2024-cu-ilin-birinci-yarisinda-19-herbci-itirib\\\/#article\",\"isPartOf\":{\"@id\":\"https:\\\/\\\/www.meydan.tv\\\/az\\\/article\\\/hesabat-azerbaycan-2024-cu-ilin-birinci-yarisinda-19-herbci-itirib\\\/\"},\"author\":{\"name\":\"mahmud\",\"@id\":\"https:\\\/\\\/www.meydan.tv\\\/az\\\/#\\\/schema\\\/person\\\/09863e516102a829e72bedcf3f84c6b0\"},\"headline\":\"Hesabat: Az\u0259rbaycan 2024-c\u00fc ilin birinci yar\u0131s\u0131nda 19 h\u0259rb\u00e7i itirib\",\"datePublished\":\"2024-07-01T12:36:00+00:00\",\"dateModified\":\"2024-07-01T12:36:01+00:00\",\"mainEntityOfPage\":{\"@id\":\"https:\\\/\\\/www.meydan.tv\\\/az\\\/article\\\/hesabat-azerbaycan-2024-cu-ilin-birinci-yarisinda-19-herbci-itirib\\\/\"},\"wordCount\":643,\"publisher\":{\"@id\":\"https:\\\/\\\/www.meydan.tv\\\/az\\\/#organization\"},\"image\":{\"@id\":\"https:\\\/\\\/www.meydan.tv\\\/az\\\/article\\\/hesabat-azerbaycan-2024-cu-ilin-birinci-yarisinda-19-herbci-itirib\\\/#primaryimage\"},\"thumbnailUrl\":\"https:\\\/\\\/www.meydan.tv\\\/wp-content\\\/uploads\\\/shutterstock_1684955089-e1683114430487.jpg\",\"articleSection\":[\"Sosial\",\"T\u00f6vsiy\u0259\",\"X\u0259b\u0259rl\u0259r\"],\"inLanguage\":\"az\"},{\"@type\":\"WebPage\",\"@id\":\"https:\\\/\\\/www.meydan.tv\\\/az\\\/article\\\/hesabat-azerbaycan-2024-cu-ilin-birinci-yarisinda-19-herbci-itirib\\\/\",\"url\":\"https:\\\/\\\/www.meydan.tv\\\/az\\\/article\\\/hesabat-azerbaycan-2024-cu-ilin-birinci-yarisinda-19-herbci-itirib\\\/\",\"name\":\"Hesabat: Az\u0259rbaycan 2024-c\u00fc ilin birinci yar\u0131s\u0131nda 19 h\u0259rb\u00e7i itirib - MEYDAN.TV\",\"isPartOf\":{\"@id\":\"https:\\\/\\\/www.meydan.tv\\\/az\\\/#website\"},\"primaryImageOfPage\":{\"@id\":\"https:\\\/\\\/www.meydan.tv\\\/az\\\/article\\\/hesabat-azerbaycan-2024-cu-ilin-birinci-yarisinda-19-herbci-itirib\\\/#primaryimage\"},\"image\":{\"@id\":\"https:\\\/\\\/www.meydan.tv\\\/az\\\/article\\\/hesabat-azerbaycan-2024-cu-ilin-birinci-yarisinda-19-herbci-itirib\\\/#primaryimage\"},\"thumbnailUrl\":\"https:\\\/\\\/www.meydan.tv\\\/wp-content\\\/uploads\\\/shutterstock_1684955089-e1683114430487.jpg\",\"datePublished\":\"2024-07-01T12:36:00+00:00\",\"dateModified\":\"2024-07-01T12:36:01+00:00\",\"description\":\"2024-c\u00fc ild\u0259 Az\u0259rbaycanda az\u0131 19 h\u0259rbi qulluq\u00e7unun h\u0259lak oldu\u011fu bildirilir.Bu bar\u0259d\u0259 X\u0259z\u0259r H\u0259rbi T\u0259dqiqatlar \u0130nstitutunun \u201cAz\u0259rbaycan\u0131n t\u0259hl\u00fck\u0259sizlik v\u0259 m\u00fcdafi\u0259 sektorunun itkil\u0259ri: 2024-c\u00fc ilin birinci yar\u0131s\u0131 \u00fc\u00e7\u00fcn\u201d adl\u0131 hesabat\u0131nda qeyd olunub.\u0130nstitutun ke\u00e7irdiyi monitorinqin n\u0259tic\u0259l\u0259rin\u0259 g\u00f6r\u0259, 2024-c\u00fc ilin birinci yar\u0131s\u0131nda Az\u0259rbaycan\u0131n t\u0259hl\u00fck\u0259sizlik v\u0259 m\u00fcdafi\u0259 sektoru \u0259n az\u0131 19 h\u0259rbi qulluq\u00e7usunu itirib\",\"breadcrumb\":{\"@id\":\"https:\\\/\\\/www.meydan.tv\\\/az\\\/article\\\/hesabat-azerbaycan-2024-cu-ilin-birinci-yarisinda-19-herbci-itirib\\\/#breadcrumb\"},\"inLanguage\":\"az\",\"potentialAction\":[{\"@type\":\"ReadAction\",\"target\":[\"https:\\\/\\\/www.meydan.tv\\\/az\\\/article\\\/hesabat-azerbaycan-2024-cu-ilin-birinci-yarisinda-19-herbci-itirib\\\/\"]}]},{\"@type\":\"ImageObject\",\"inLanguage\":\"az\",\"@id\":\"https:\\\/\\\/www.meydan.tv\\\/az\\\/article\\\/hesabat-azerbaycan-2024-cu-ilin-birinci-yarisinda-19-herbci-itirib\\\/#primaryimage\",\"url\":\"https:\\\/\\\/www.meydan.tv\\\/wp-content\\\/uploads\\\/shutterstock_1684955089-e1683114430487.jpg\",\"contentUrl\":\"https:\\\/\\\/www.meydan.tv\\\/wp-content\\\/uploads\\\/shutterstock_1684955089-e1683114430487.jpg\",\"width\":1500,\"height\":843,\"caption\":\"\u018fsg\u0259r. M\u0259nb\u0259: Shutterstock - Denis Andricic\"},{\"@type\":\"BreadcrumbList\",\"@id\":\"https:\\\/\\\/www.meydan.tv\\\/az\\\/article\\\/hesabat-azerbaycan-2024-cu-ilin-birinci-yarisinda-19-herbci-itirib\\\/#breadcrumb\",\"itemListElement\":[{\"@type\":\"ListItem\",\"position\":1,\"name\":\"Ana s\u0259hif\u0259\",\"item\":\"https:\\\/\\\/www.meydan.tv\\\/az\\\/\"},{\"@type\":\"ListItem\",\"position\":2,\"name\":\"Sosial\",\"item\":\"https:\\\/\\\/www.meydan.tv\\\/az\\\/section\\\/sosial\\\/\"},{\"@type\":\"ListItem\",\"position\":3,\"name\":\"Hesabat: Az\u0259rbaycan 2024-c\u00fc ilin birinci yar\u0131s\u0131nda 19 h\u0259rb\u00e7i itirib\"}]},{\"@type\":\"WebSite\",\"@id\":\"https:\\\/\\\/www.meydan.tv\\\/az\\\/#website\",\"url\":\"https:\\\/\\\/www.meydan.tv\\\/az\\\/\",\"name\":\"MEYDAN.TV\",\"description\":\"Meydan TV Az\u0259rbaycan\u0131n media m\u0259kan\u0131ndak\u0131 alternativ s\u0259sidir\",\"publisher\":{\"@id\":\"https:\\\/\\\/www.meydan.tv\\\/az\\\/#organization\"},\"potentialAction\":[{\"@type\":\"SearchAction\",\"target\":{\"@type\":\"EntryPoint\",\"urlTemplate\":\"https:\\\/\\\/www.meydan.tv\\\/az\\\/?s={search_term_string}\"},\"query-input\":{\"@type\":\"PropertyValueSpecification\",\"valueRequired\":true,\"valueName\":\"search_term_string\"}}],\"inLanguage\":\"az\"},{\"@type\":\"Organization\",\"@id\":\"https:\\\/\\\/www.meydan.tv\\\/az\\\/#organization\",\"name\":\"Meydan TV\",\"url\":\"https:\\\/\\\/www.meydan.tv\\\/az\\\/\",\"logo\":{\"@type\":\"ImageObject\",\"inLanguage\":\"az\",\"@id\":\"https:\\\/\\\/www.meydan.tv\\\/az\\\/#\\\/schema\\\/logo\\\/image\\\/\",\"url\":\"https:\\\/\\\/www.meydan.tv\\\/wp-content\\\/uploads\\\/2021\\\/07\\\/meydan-logo.svg\",\"contentUrl\":\"https:\\\/\\\/www.meydan.tv\\\/wp-content\\\/uploads\\\/2021\\\/07\\\/meydan-logo.svg\",\"width\":195,\"height\":46,\"caption\":\"Meydan TV\"},\"image\":{\"@id\":\"https:\\\/\\\/www.meydan.tv\\\/az\\\/#\\\/schema\\\/logo\\\/image\\\/\"}},{\"@type\":\"Person\",\"@id\":\"https:\\\/\\\/www.meydan.tv\\\/az\\\/#\\\/schema\\\/person\\\/09863e516102a829e72bedcf3f84c6b0\",\"name\":\"mahmud\"}]}<\/script>\n<!-- \/ Yoast SEO plugin. -->","yoast_head_json":{"title":"Hesabat: Az\u0259rbaycan 2024-c\u00fc ilin birinci yar\u0131s\u0131nda 19 h\u0259rb\u00e7i itirib - MEYDAN.TV","description":"2024-c\u00fc ild\u0259 Az\u0259rbaycanda az\u0131 19 h\u0259rbi qulluq\u00e7unun h\u0259lak oldu\u011fu bildirilir.Bu bar\u0259d\u0259 X\u0259z\u0259r H\u0259rbi T\u0259dqiqatlar \u0130nstitutunun \u201cAz\u0259rbaycan\u0131n t\u0259hl\u00fck\u0259sizlik v\u0259 m\u00fcdafi\u0259 sektorunun itkil\u0259ri: 2024-c\u00fc ilin birinci yar\u0131s\u0131 \u00fc\u00e7\u00fcn\u201d adl\u0131 hesabat\u0131nda qeyd olunub.\u0130nstitutun ke\u00e7irdiyi monitorinqin n\u0259tic\u0259l\u0259rin\u0259 g\u00f6r\u0259, 2024-c\u00fc ilin birinci yar\u0131s\u0131nda Az\u0259rbaycan\u0131n t\u0259hl\u00fck\u0259sizlik v\u0259 m\u00fcdafi\u0259 sektoru \u0259n az\u0131 19 h\u0259rbi qulluq\u00e7usunu itirib","robots":{"index":"index","follow":"follow","max-snippet":"max-snippet:-1","max-image-preview":"max-image-preview:large","max-video-preview":"max-video-preview:-1"},"canonical":"https:\/\/www.meydan.tv\/az\/article\/hesabat-azerbaycan-2024-cu-ilin-birinci-yarisinda-19-herbci-itirib\/","og_locale":"az_AZ","og_type":"article","og_title":"Hesabat: Az\u0259rbaycan 2024-c\u00fc ilin birinci yar\u0131s\u0131nda 19 h\u0259rb\u00e7i itirib - MEYDAN.TV","og_description":"2024-c\u00fc ild\u0259 Az\u0259rbaycanda az\u0131 19 h\u0259rbi qulluq\u00e7unun h\u0259lak oldu\u011fu bildirilir.Bu bar\u0259d\u0259 X\u0259z\u0259r H\u0259rbi T\u0259dqiqatlar \u0130nstitutunun \u201cAz\u0259rbaycan\u0131n t\u0259hl\u00fck\u0259sizlik v\u0259 m\u00fcdafi\u0259 sektorunun itkil\u0259ri: 2024-c\u00fc ilin birinci yar\u0131s\u0131 \u00fc\u00e7\u00fcn\u201d adl\u0131 hesabat\u0131nda qeyd olunub.\u0130nstitutun ke\u00e7irdiyi monitorinqin n\u0259tic\u0259l\u0259rin\u0259 g\u00f6r\u0259, 2024-c\u00fc ilin birinci yar\u0131s\u0131nda Az\u0259rbaycan\u0131n t\u0259hl\u00fck\u0259sizlik v\u0259 m\u00fcdafi\u0259 sektoru \u0259n az\u0131 19 h\u0259rbi qulluq\u00e7usunu itirib","og_url":"https:\/\/www.meydan.tv\/az\/article\/hesabat-azerbaycan-2024-cu-ilin-birinci-yarisinda-19-herbci-itirib\/","og_site_name":"MEYDAN.TV","article_published_time":"2024-07-01T12:36:00+00:00","article_modified_time":"2024-07-01T12:36:01+00:00","og_image":[{"width":1500,"height":843,"url":"https:\/\/www.meydan.tv\/wp-content\/uploads\/shutterstock_1684955089-e1683114430487.jpg","type":"image\/jpeg"}],"author":"mahmud","twitter_card":"summary_large_image","schema":{"@context":"https:\/\/schema.org","@graph":[{"@type":"Article","@id":"https:\/\/www.meydan.tv\/az\/article\/hesabat-azerbaycan-2024-cu-ilin-birinci-yarisinda-19-herbci-itirib\/#article","isPartOf":{"@id":"https:\/\/www.meydan.tv\/az\/article\/hesabat-azerbaycan-2024-cu-ilin-birinci-yarisinda-19-herbci-itirib\/"},"author":{"name":"mahmud","@id":"https:\/\/www.meydan.tv\/az\/#\/schema\/person\/09863e516102a829e72bedcf3f84c6b0"},"headline":"Hesabat: Az\u0259rbaycan 2024-c\u00fc ilin birinci yar\u0131s\u0131nda 19 h\u0259rb\u00e7i itirib","datePublished":"2024-07-01T12:36:00+00:00","dateModified":"2024-07-01T12:36:01+00:00","mainEntityOfPage":{"@id":"https:\/\/www.meydan.tv\/az\/article\/hesabat-azerbaycan-2024-cu-ilin-birinci-yarisinda-19-herbci-itirib\/"},"wordCount":643,"publisher":{"@id":"https:\/\/www.meydan.tv\/az\/#organization"},"image":{"@id":"https:\/\/www.meydan.tv\/az\/article\/hesabat-azerbaycan-2024-cu-ilin-birinci-yarisinda-19-herbci-itirib\/#primaryimage"},"thumbnailUrl":"https:\/\/www.meydan.tv\/wp-content\/uploads\/shutterstock_1684955089-e1683114430487.jpg","articleSection":["Sosial","T\u00f6vsiy\u0259","X\u0259b\u0259rl\u0259r"],"inLanguage":"az"},{"@type":"WebPage","@id":"https:\/\/www.meydan.tv\/az\/article\/hesabat-azerbaycan-2024-cu-ilin-birinci-yarisinda-19-herbci-itirib\/","url":"https:\/\/www.meydan.tv\/az\/article\/hesabat-azerbaycan-2024-cu-ilin-birinci-yarisinda-19-herbci-itirib\/","name":"Hesabat: Az\u0259rbaycan 2024-c\u00fc ilin birinci yar\u0131s\u0131nda 19 h\u0259rb\u00e7i itirib - MEYDAN.TV","isPartOf":{"@id":"https:\/\/www.meydan.tv\/az\/#website"},"primaryImageOfPage":{"@id":"https:\/\/www.meydan.tv\/az\/article\/hesabat-azerbaycan-2024-cu-ilin-birinci-yarisinda-19-herbci-itirib\/#primaryimage"},"image":{"@id":"https:\/\/www.meydan.tv\/az\/article\/hesabat-azerbaycan-2024-cu-ilin-birinci-yarisinda-19-herbci-itirib\/#primaryimage"},"thumbnailUrl":"https:\/\/www.meydan.tv\/wp-content\/uploads\/shutterstock_1684955089-e1683114430487.jpg","datePublished":"2024-07-01T12:36:00+00:00","dateModified":"2024-07-01T12:36:01+00:00","description":"2024-c\u00fc ild\u0259 Az\u0259rbaycanda az\u0131 19 h\u0259rbi qulluq\u00e7unun h\u0259lak oldu\u011fu bildirilir.Bu bar\u0259d\u0259 X\u0259z\u0259r H\u0259rbi T\u0259dqiqatlar \u0130nstitutunun \u201cAz\u0259rbaycan\u0131n t\u0259hl\u00fck\u0259sizlik v\u0259 m\u00fcdafi\u0259 sektorunun itkil\u0259ri: 2024-c\u00fc ilin birinci yar\u0131s\u0131 \u00fc\u00e7\u00fcn\u201d adl\u0131 hesabat\u0131nda qeyd olunub.\u0130nstitutun ke\u00e7irdiyi monitorinqin n\u0259tic\u0259l\u0259rin\u0259 g\u00f6r\u0259, 2024-c\u00fc ilin birinci yar\u0131s\u0131nda Az\u0259rbaycan\u0131n t\u0259hl\u00fck\u0259sizlik v\u0259 m\u00fcdafi\u0259 sektoru \u0259n az\u0131 19 h\u0259rbi qulluq\u00e7usunu itirib","breadcrumb":{"@id":"https:\/\/www.meydan.tv\/az\/article\/hesabat-azerbaycan-2024-cu-ilin-birinci-yarisinda-19-herbci-itirib\/#breadcrumb"},"inLanguage":"az","potentialAction":[{"@type":"ReadAction","target":["https:\/\/www.meydan.tv\/az\/article\/hesabat-azerbaycan-2024-cu-ilin-birinci-yarisinda-19-herbci-itirib\/"]}]},{"@type":"ImageObject","inLanguage":"az","@id":"https:\/\/www.meydan.tv\/az\/article\/hesabat-azerbaycan-2024-cu-ilin-birinci-yarisinda-19-herbci-itirib\/#primaryimage","url":"https:\/\/www.meydan.tv\/wp-content\/uploads\/shutterstock_1684955089-e1683114430487.jpg","contentUrl":"https:\/\/www.meydan.tv\/wp-content\/uploads\/shutterstock_1684955089-e1683114430487.jpg","width":1500,"height":843,"caption":"\u018fsg\u0259r. M\u0259nb\u0259: Shutterstock - Denis Andricic"},{"@type":"BreadcrumbList","@id":"https:\/\/www.meydan.tv\/az\/article\/hesabat-azerbaycan-2024-cu-ilin-birinci-yarisinda-19-herbci-itirib\/#breadcrumb","itemListElement":[{"@type":"ListItem","position":1,"name":"Ana s\u0259hif\u0259","item":"https:\/\/www.meydan.tv\/az\/"},{"@type":"ListItem","position":2,"name":"Sosial","item":"https:\/\/www.meydan.tv\/az\/section\/sosial\/"},{"@type":"ListItem","position":3,"name":"Hesabat: Az\u0259rbaycan 2024-c\u00fc ilin birinci yar\u0131s\u0131nda 19 h\u0259rb\u00e7i itirib"}]},{"@type":"WebSite","@id":"https:\/\/www.meydan.tv\/az\/#website","url":"https:\/\/www.meydan.tv\/az\/","name":"MEYDAN.TV","description":"Meydan TV Az\u0259rbaycan\u0131n media m\u0259kan\u0131ndak\u0131 alternativ s\u0259sidir","publisher":{"@id":"https:\/\/www.meydan.tv\/az\/#organization"},"potentialAction":[{"@type":"SearchAction","target":{"@type":"EntryPoint","urlTemplate":"https:\/\/www.meydan.tv\/az\/?s={search_term_string}"},"query-input":{"@type":"PropertyValueSpecification","valueRequired":true,"valueName":"search_term_string"}}],"inLanguage":"az"},{"@type":"Organization","@id":"https:\/\/www.meydan.tv\/az\/#organization","name":"Meydan TV","url":"https:\/\/www.meydan.tv\/az\/","logo":{"@type":"ImageObject","inLanguage":"az","@id":"https:\/\/www.meydan.tv\/az\/#\/schema\/logo\/image\/","url":"https:\/\/www.meydan.tv\/wp-content\/uploads\/2021\/07\/meydan-logo.svg","contentUrl":"https:\/\/www.meydan.tv\/wp-content\/uploads\/2021\/07\/meydan-logo.svg","width":195,"height":46,"caption":"Meydan TV"},"image":{"@id":"https:\/\/www.meydan.tv\/az\/#\/schema\/logo\/image\/"}},{"@type":"Person","@id":"https:\/\/www.meydan.tv\/az\/#\/schema\/person\/09863e516102a829e72bedcf3f84c6b0","name":"mahmud"}]}},"_links":{"self":[{"href":"https:\/\/www.meydan.tv\/az\/wp-json\/wp\/v2\/posts\/309399","targetHints":{"allow":["GET"]}}],"collection":[{"href":"https:\/\/www.meydan.tv\/az\/wp-json\/wp\/v2\/posts"}],"about":[{"href":"https:\/\/www.meydan.tv\/az\/wp-json\/wp\/v2\/types\/post"}],"author":[{"embeddable":true,"href":"https:\/\/www.meydan.tv\/az\/wp-json\/wp\/v2\/users\/21"}],"replies":[{"embeddable":true,"href":"https:\/\/www.meydan.tv\/az\/wp-json\/wp\/v2\/comments?post=309399"}],"version-history":[{"count":1,"href":"https:\/\/www.meydan.tv\/az\/wp-json\/wp\/v2\/posts\/309399\/revisions"}],"predecessor-version":[{"id":309405,"href":"https:\/\/www.meydan.tv\/az\/wp-json\/wp\/v2\/posts\/309399\/revisions\/309405"}],"wp:featuredmedia":[{"embeddable":true,"href":"https:\/\/www.meydan.tv\/az\/wp-json\/wp\/v2\/media\/252609"}],"wp:attachment":[{"href":"https:\/\/www.meydan.tv\/az\/wp-json\/wp\/v2\/media?parent=309399"}],"wp:term":[{"taxonomy":"category","embeddable":true,"href":"https:\/\/www.meydan.tv\/az\/wp-json\/wp\/v2\/categories?post=309399"},{"taxonomy":"post_tag","embeddable":true,"href":"https:\/\/www.meydan.tv\/az\/wp-json\/wp\/v2\/tags?post=309399"}],"curies":[{"name":"wp","href":"https:\/\/api.w.org\/{rel}","templated":true}]}}