{"id":309382,"date":"2024-07-01T13:55:23","date_gmt":"2024-07-01T09:55:23","guid":{"rendered":"https:\/\/www.meydan.tv\/?p=309382"},"modified":"2024-07-01T13:59:00","modified_gmt":"2024-07-01T09:59:00","slug":"formula-1deki-menimseme-ile-bagli-mehkeme-isi-amerikada-bahali-mulkler-alib","status":"publish","type":"post","link":"https:\/\/www.meydan.tv\/az\/article\/formula-1deki-menimseme-ile-bagli-mehkeme-isi-amerikada-bahali-mulkler-alib\/","title":{"rendered":"\u201cFormula-1\u201dd\u0259ki m\u0259nims\u0259m\u0259 il\u0259 ba\u011fl\u0131 m\u0259hk\u0259m\u0259 i\u015fi: &#8220;Amerikada bahal\u0131 m\u00fclkl\u0259r al\u0131b&#8221;"},"content":{"rendered":"\n<p><\/p>\n\n\n\n<p><strong><em>Sabiq \u015f\u00f6b\u0259 m\u00fcdirinin ke\u00e7mi\u015f h\u0259yat yolda\u015f\u0131 deyir ki, pullar&nbsp; Sey\u015fer adalar\u0131ndak\u0131 \u015firk\u0259t\u0259 k\u00f6\u00e7\u00fcr\u00fcl\u00fcb<\/em><\/strong><\/p>\n\n\n\n<p>Bak\u0131da ke\u00e7iril\u0259n \u201cFormula-1\u201d yar\u0131\u015flar\u0131n\u0131n t\u0259\u015fkili zaman\u0131 399 min manatdan \u00e7ox b\u00fcdc\u0259 v\u0259saitini m\u0259nims\u0259m\u0259kd\u0259 ittiham olunan Bak\u0131 \u015e\u0259h\u0259r Halqas\u0131 \u018fm\u0259liyyat \u015eirk\u0259tinin (BCCOC) \u0130dman \u018fm\u0259liyyatlar\u0131 \u015f\u00f6b\u0259sinin ke\u00e7mi\u015f r\u0259isi \u00c7ingiz Mehdiyev ke\u00e7mi\u015f h\u0259yat yolda\u015f\u0131n\u0131n ifad\u0259si \u0259sas\u0131nda cinay\u0259t m\u0259suliyy\u0259tin\u0259 c\u0259lb olunub.<\/p>\n\n\n\n<p>\u015e\u00f6b\u0259 m\u00fcdirinin ke\u00e7mi\u015f h\u0259yat yolda\u015f\u0131 N\u0259rmin\u0259 \u018fkb\u0259rova 1 il \u0259vv\u0259l prokurorlu\u011fa m\u00fcraci\u0259t ed\u0259r\u0259k \u00c7ingiz Mehdiyev yar\u0131\u015flar\u0131n t\u0259\u015fkilind\u0259 yeyintiy\u0259 yol verdiyini, \u0259ld\u0259 olunan v\u0259saitl\u0259r\u0259 Amerikada qarda\u015f\u0131n\u0131n ad\u0131na m\u00fclkl\u0259r ald\u0131\u011f\u0131n\u0131, pullar\u0131n bir hiss\u0259sini Sey\u015fer adalar\u0131nda anas\u0131n\u0131n ad\u0131na qeydiyyatdan ke\u00e7mi\u015f \u201cDayton \u0130nvestment LTD\u201d \u015firk\u0259tinin hesab\u0131na k\u00f6\u00e7\u00fcrd\u00fcy\u00fcn\u00fc deyib.<\/p>\n\n\n\n<p>Bir ne\u00e7\u0259 ayd\u0131r ki, Bak\u0131 A\u011f\u0131r Cinay\u0259tl\u0259r M\u0259hk\u0259m\u0259sind\u0259 49 ya\u015fl\u0131 \u00c7ingiz Mehdiyevin i\u015fin\u0259 bax\u0131l\u0131r.<\/p>\n\n\n\n<p>O, Cinay\u0259t M\u0259c\u0259ll\u0259sinin 179.3.2 (k\u00fclli miqdarda m\u0259nims\u0259m\u0259), 193-1.3.2 (cinay\u0259t yolu il\u0259 \u0259ld\u0259 edilmi\u015f xeyli miqdarda \u0259mlak\u0131 leqalla\u015fd\u0131rma) 308.2 (v\u0259zif\u0259 s\u0259lahiyy\u0259tl\u0259rind\u0259n sui-istifad\u0259 etm\u0259 &#8211; a\u011f\u0131r n\u0259tic\u0259l\u0259r\u0259 s\u0259b\u0259b olduqda) v\u0259 313-c\u00fc (v\u0259zif\u0259 saxtakarl\u0131\u011f\u0131) madd\u0259l\u0259ril\u0259 ittiham olunur.<\/p>\n\n\n\n<p>\u0130yulun 1-d\u0259 m\u0259hk\u0259m\u0259d\u0259 N\u0259rmin\u0259 \u018fkb\u0259rova ifad\u0259 verib.<\/p>\n\n\n\n<p>O, \u0259trafl\u0131 dan\u0131\u015fmaq ist\u0259m\u0259s\u0259 d\u0259, istintaqdak\u0131 ifad\u0259sini t\u0259sdiql\u0259yib.<\/p>\n\n\n\n<p>O, istintaqa ifad\u0259sind\u0259 bildirib ki, \u00c7ingiz Mehdiyevl\u0259 2007-ci ild\u0259 Amerikada ail\u0259 qurublar.<\/p>\n\n\n\n<p>Onun s\u00f6zl\u0259rin\u0259 g\u00f6r\u0259, h\u0259min vaxt \u0259ri AB\u015e v\u0259t\u0259nda\u015f\u0131 kimi, ad-soyad\u0131n\u0131 Gino Metie kimi s\u0259n\u0259dl\u0259\u015fdirib.<\/p>\n\n\n\n<p>N\u0259rmin\u0259 \u018fkb\u0259rova deyib ki, \u0259vv\u0259l \u0259rinin i\u015fl\u0259ril\u0259 maraqlanmay\u0131b, lakin son d\u00f6vrl\u0259rd\u0259 b\u00f6y\u00fck pullar qazanmas\u0131 onun diqq\u0259tini \u00e7\u0259kib.<\/p>\n\n\n\n<p>2019-cu ild\u0259n ayr\u0131 ya\u015fad\u0131qlar\u0131n\u0131 dey\u0259n N\u0259rmin\u0259 \u018fkb\u0259rovan\u0131n s\u00f6zl\u0259rin\u0259 g\u00f6r\u0259, \u00c7ingiz Mehdiyev Bak\u0131 \u015e\u0259h\u0259r Halqas\u0131 \u018fm\u0259liyyat \u015firk\u0259tinin \u0130dman \u018fm\u0259liyyatlar\u0131 \u015f\u00f6b\u0259sind\u0259 \u00e7al\u0131\u015fd\u0131\u011f\u0131 d\u00f6vrd\u0259 anas\u0131n\u0131n ad\u0131na qeydiyyatdan ke\u00e7mi\u015f of\u015for \u015firk\u0259tl\u0259 &#8211; \u201cDayton \u0130nvestments LTD\u201d il\u0259 m\u00fcqavil\u0259 ba\u011flanmas\u0131na nail olub:<\/p>\n\n\n\n<p><em>\u201cBu \u015firk\u0259t \u0259vv\u0259l \u00c7ingizin ad\u0131na t\u0259sis edilmi\u015fdi, sonradan anas\u0131n\u0131n ad\u0131na d\u0259yi\u015fdi. B\u00fct\u00fcn \u0259m\u0259liyyatlar\u0131 \u00f6z\u00fc h\u0259yata ke\u00e7irib. Bu \u015firk\u0259t vasit\u0259sil\u0259, saxta m\u00fcqavil\u0259l\u0259rl\u0259 k\u00fclli miqdarda pullar\u0131n Az\u0259rbaycandan \u00e7\u0131xar\u0131lmas\u0131na nail olub. Sonradan yaratd\u0131\u011f\u0131 of\u015for zonadak\u0131 \u015firk\u0259tin ad\u0131ndan anas\u0131 Leyla xan\u0131ma borc pul verm\u0259si bar\u0259d\u0259 m\u00fcqavil\u0259 il\u0259 h\u0259min pullar\u0131 G\u00fcrc\u00fcstanda anas\u0131n\u0131n ad\u0131na olan hesablara g\u00f6nd\u0259rib v\u0259 na\u011fdla\u015fd\u0131r\u0131b. M\u0259nims\u0259diyi pullar\u0131n hesab\u0131na qarda\u015f\u0131 Zaur Mehdiyev\u0259 Amerikada bahal\u0131 m\u00fclkl\u0259r al\u0131b\u201d<\/em>.<\/p>\n\n\n\n<p>N\u0259rmin\u0259 \u018fkb\u0259rova \u0259lav\u0259 edib ki, 2018-ci ild\u0259n \u00c7ingiz Mehdiyevin qanunsuz i\u015fl\u0259ri bar\u0259d\u0259 m\u0259lumat toplay\u0131b, 2023-c\u00fc ild\u0259 is\u0259 istintaq orqan\u0131na m\u0259lumat verib.<\/p>\n\n\n\n<p>N\u0259rmin\u0259 \u018fkb\u0259rova iddia edir ki, ke\u00e7mi\u015f \u0259ri u\u015fa\u011f\u0131n\u0131 da \u0259lind\u0259n al\u0131b.<\/p>\n\n\n\n<p>\u00c7ingiz Mehdiyev ke\u00e7mi\u015f h\u0259yat yolda\u015f\u0131n\u0131n dedikl\u0259rin\u0259 m\u00fcnasib\u0259t bildir\u0259rk\u0259n q\u0131z\u0131 haqda dan\u0131\u015f\u0131b.<\/p>\n\n\n\n<p>O bildirib ki, onlar ayr\u0131landa q\u0131z\u0131n\u0131n 15 ya\u015f\u0131 vard\u0131. Q\u0131z\u0131 k\u00f6n\u00fcll\u00fc \u015f\u0259kild\u0259 onunla qalmaq ist\u0259yib.<\/p>\n\n\n\n<p>\u00c7ingiz Mehdiyev \u0259lav\u0259 edib ki, 2019-cu ild\u0259n ayr\u0131 ya\u015fay\u0131rlar, lakin 2023-c\u00fc ild\u0259 \u00f6z\u00fc bo\u015fanma \u00fc\u00e7\u00fcn m\u0259hk\u0259m\u0259y\u0259 m\u00fcraci\u0259t edib: <\/p>\n\n\n\n<p><em>\u201cQ\u0131z\u0131m m\u0259niml\u0259 qalmaq ist\u0259di, m\u0259hk\u0259m\u0259nin q\u0259rar\u0131 il\u0259 m\u0259n\u0259 verildi. M\u0259nim yan\u0131ma g\u0259l\u0259nd\u0259 15 ya\u015f\u0131 var idi, iki ildir ki, m\u0259niml\u0259dir\u201d<\/em>.<\/p>\n\n\n\n<p>O, hesab edir ki, ke\u00e7mi\u015f h\u0259yat yolda\u015f\u0131 ondan qisas almaq \u00fc\u00e7\u00fcn h\u00fcquq-m\u00fchafiz\u0259 orqanlar\u0131na yalan m\u0259lumatlar verib: <\/p>\n\n\n\n<p><em>\u201cBo\u015fanmaya \u0259riz\u0259 ver\u0259nd\u0259n sonra \u015f\u0259xsi q\u0259r\u0259zlik etdi\u201d.<\/em><\/p>\n\n\n\n<p>\u00c7ingiz Mehdiyevin v\u0259kili bildirib ki, u\u015faqla ba\u011fl\u0131 ekspertizadan sonra m\u0259hk\u0259m\u0259 onun atas\u0131nda qalmas\u0131na q\u0259rar verib.<\/p>\n\n\n\n<p>\u0130ttihamdak\u0131 m\u0259qamlardan biri d\u0259 pullar\u0131n h\u0259m d\u0259 ail\u0259 s\u00fcr\u00fcc\u00fcs\u00fc Mais Abdullayevin ad\u0131na k\u00f6\u00e7\u00fcr\u00fclm\u0259sil\u0259 ba\u011fl\u0131d\u0131r.<\/p>\n\n\n\n<p>Dindirm\u0259 zaman\u0131 m\u0259lum olub ki, Mais Abdullayevl\u0259 onlar\u0131n ail\u0259sini N\u0259rmin\u0259 \u018fkb\u0259rovan\u0131n i\u015f yolda\u015flar\u0131 tan\u0131\u015f edib.<\/p>\n\n\n\n<p>N\u0259rmin\u0259 \u018fkb\u0259rova \u201cUnibank\u201dda i\u015fl\u0259yib. Mais Abdullayevin ad\u0131na hesab da bu bankda a\u00e7\u0131l\u0131b v\u0259 pullar k\u00f6\u00e7\u00fcr\u00fcl\u00fcb.<\/p>\n\n\n\n<p>\u00c7ingiz Mehdiyevin v\u0259kili bir s\u0131ra \u0259mlaklar\u0131n \u00fcz\u0259rind\u0259n h\u0259bs g\u00f6t\u00fcr\u00fclm\u0259si bar\u0259d\u0259 v\u0259sat\u0259t qald\u0131r\u0131b.<\/p>\n\n\n\n<p>Onun s\u00f6zl\u0259rin\u0259 g\u00f6r\u0259, \u00fcz\u0259rin\u0259 h\u0259bs qoyulan \u0259mlaklar \u00c7ingiz Mehdiyevin anas\u0131na m\u0259xsusdur, bu hadis\u0259d\u0259n uzun ill\u0259r \u0259vv\u0259l al\u0131n\u0131b:<\/p>\n\n\n\n<p><em>\u201c\u018fmlaklar\u0131n d\u0259y\u0259ri 1 milyondan art\u0131qd\u0131r, ancaq onun \u00fcz\u0259rin\u0259 qoyulan m\u0259nims\u0259m\u0259 400 min manat civar\u0131ndad\u0131r. Bunun da 100 min manat\u0131 \u00f6d\u0259nilib. Bir ev\u00a0 510 min manata qiym\u0259tl\u0259ndirilib. Onun \u00fcz\u0259rind\u0259ki h\u0259bs qals\u0131n, dig\u0259rl\u0259ri g\u00f6t\u00fcr\u00fcls\u00fcn\u201d.<\/em><\/p>\n\n\n\n<p>V\u0259kil \u0259lav\u0259 edib ki, \u00c7ingiz Mehdiyev i\u015fsizdir, \u0259mlaklardan sat\u0131b dolanma\u011fa ehtiyaclar\u0131 var.<\/p>\n\n\n\n<p>Lakin m\u0259hk\u0259m\u0259 v\u0259sat\u0259ti t\u0259min etm\u0259yib.<\/p>\n\n\n\n<p>M\u0259hk\u0259m\u0259 prosesi iyulun 22-d\u0259 davam ed\u0259c\u0259k.<\/p>\n\n\n\n<p>Bak\u0131 \u015e\u0259h\u0259r Halqas\u0131 \u018fm\u0259liyyat \u015eirk\u0259ti 2013-c\u00fc ild\u0259 yarad\u0131lm\u0131\u015f \u201cBaku Grand Prix\u201d \u015firk\u0259tinin h\u00fcquqi varisidir. Bu \u015firk\u0259t \u201cFormula-1\u201d Avropa Qran Pri yar\u0131\u015flar\u0131n\u0131n Bak\u0131da ke\u00e7irilm\u0259si il\u0259 \u0259laq\u0259dar yarad\u0131lm\u0131\u015fd\u0131.<\/p>\n\n\n\n<p>\u00c7ingiz Mehdiyev 2015-ci ild\u0259 \u015firk\u0259t\u0259 \u0259m\u0259liyyat meneceri kimi i\u015f\u0259 g\u00f6t\u00fcr\u00fcl\u00fcb.<\/p>\n\n\n\n<p>2016-c\u0131 ild\u0259 \u015firk\u0259tin \u0130dman \u018fm\u0259liyyat\u0131 \u015f\u00f6b\u0259sinin r\u0259hb\u0259ri t\u0259yin olunub v\u0259 2020-ci il\u0259 q\u0259d\u0259r bu v\u0259zif\u0259d\u0259 i\u015fl\u0259yib.<\/p>\n\n\n\n<p>\u00c7ingiz Mehdiyev \u00f6z\u00fcn\u00fc t\u0259qsirli bilmir, k\u00fclli miqdarda b\u00fcdc\u0259 v\u0259saitl\u0259rini m\u0259nims\u0259m\u0259si, h\u0259min pullara AB\u015e-da evl\u0259r almas\u0131 v\u0259 s. bar\u0259d\u0259 N\u0259rmin\u0259 \u018fkb\u0259rovan\u0131n dedikl\u0259rini t\u0259kzib edib.<\/p>\n\n\n\n<p>Ke\u00e7mi\u015f G\u0259ncl\u0259r v\u0259 \u0130dman naziri Azad R\u0259himovun o\u011flu Arif R\u0259himov uzun ill\u0259r Bak\u0131 \u015e\u0259h\u0259r Halqas\u0131 \u018fm\u0259liyyat \u015eirk\u0259tinin icra\u00e7\u0131 direktoru v\u0259zif\u0259sind\u0259 \u00e7al\u0131\u015f\u0131b v\u0259 2022-ci ild\u0259 v\u0259zif\u0259d\u0259n azad edilib.<\/p>\n\n\n\n<p>O da bu cinay\u0259t i\u015fi \u00fczr\u0259 \u015fahid qismind\u0259 dindirilib.<\/p>\n","protected":false},"excerpt":{"rendered":"<p>Sabiq \u015f\u00f6b\u0259 m\u00fcdirinin ke\u00e7mi\u015f h\u0259yat yolda\u015f\u0131 deyir ki, pullar&nbsp; Sey\u015fer &#8230; <\/p>\n<p class=\"read-more-container\"><a title=\"\u201cFormula-1\u201dd\u0259ki m\u0259nims\u0259m\u0259 il\u0259 ba\u011fl\u0131 m\u0259hk\u0259m\u0259 i\u015fi: &#8220;Amerikada bahal\u0131 m\u00fclkl\u0259r al\u0131b&#8221;\" class=\"read-more button\" href=\"https:\/\/www.meydan.tv\/az\/article\/formula-1deki-menimseme-ile-bagli-mehkeme-isi-amerikada-bahali-mulkler-alib\/#more-309382\" aria-label=\"Read more about \u201cFormula-1\u201dd\u0259ki m\u0259nims\u0259m\u0259 il\u0259 ba\u011fl\u0131 m\u0259hk\u0259m\u0259 i\u015fi: &#8220;Amerikada bahal\u0131 m\u00fclkl\u0259r al\u0131b&#8221;\">Davam\u0131<\/a><\/p>\n","protected":false},"author":21,"featured_media":301021,"comment_status":"closed","ping_status":"closed","sticky":false,"template":"","format":"standard","meta":{"_acf_changed":false,"_sitemap_exclude":false,"_sitemap_priority":"","_sitemap_frequency":"","footnotes":""},"categories":[62,79,56],"tags":[],"class_list":["post-309382","post","type-post","status-publish","format-standard","has-post-thumbnail","hentry","category-sosial","category-featured","category-xeberler","infinite-scroll-item","generate-columns","tablet-grid-50","mobile-grid-100","grid-parent","grid-33","no-featured-image-padding"],"acf":[],"yoast_head":"<!-- This site is optimized with the Yoast SEO plugin v27.5 - https:\/\/yoast.com\/product\/yoast-seo-wordpress\/ -->\n<title>\u201cFormula-1\u201dd\u0259 m\u0259nims\u0259m\u0259: &quot;Amerikada bahal\u0131 m\u00fclkl\u0259r al\u0131n\u0131b&quot;<\/title>\n<meta name=\"description\" content=\"Bak\u0131da ke\u00e7iril\u0259n \u201cFormula-1\u201d yar\u0131\u015flar\u0131n\u0131n t\u0259\u015fkili zaman\u0131 399 min manatdan \u00e7ox b\u00fcdc\u0259 v\u0259saitini m\u0259nims\u0259m\u0259kd\u0259 ittiham olunan Bak\u0131 \u015e\u0259h\u0259r Halqas\u0131 \u018fm\u0259liyyat \u015eirk\u0259tinin (BCCOC) \u0130dman \u018fm\u0259liyyatlar\u0131 \u015f\u00f6b\u0259sinin ke\u00e7mi\u015f r\u0259isi \u00c7ingiz Mehdiyev ke\u00e7mi\u015f h\u0259yat yolda\u015f\u0131n\u0131n ifad\u0259si \u0259sas\u0131nda cinay\u0259t m\u0259suliyy\u0259tin\u0259 c\u0259lb olunub.\u015e\u00f6b\u0259 m\u00fcdirinin ke\u00e7mi\u015f h\u0259yat yolda\u015f\u0131 N\u0259rmin\u0259 \u018fkb\u0259rova 1 il \u0259vv\u0259l prokurorlu\u011fa m\u00fcraci\u0259t ed\u0259r\u0259k \u00c7ingiz Mehdiyev yar\u0131\u015flar\u0131n t\u0259\u015fkilind\u0259 yeyintiy\u0259 yol verdiyini, \u0259ld\u0259 olunan v\u0259saitl\u0259r\u0259 Amerikada qarda\u015f\u0131n\u0131n ad\u0131na m\u00fclkl\u0259r ald\u0131\u011f\u0131n\u0131, pullar\u0131n bir hiss\u0259sini Sey\u015fer adalar\u0131nda anas\u0131n\u0131n ad\u0131na qeydiyyatdan ke\u00e7mi\u015f \u201cDayton \u0130nvestment LTD\u201d \u015firk\u0259tinin hesab\u0131na k\u00f6\u00e7\u00fcrd\u00fcy\u00fcn\u00fc deyib.Bir ne\u00e7\u0259 ayd\u0131r ki, Bak\u0131 A\u011f\u0131r Cinay\u0259tl\u0259r M\u0259hk\u0259m\u0259sind\u0259 49 ya\u015fl\u0131 \u00c7ingiz Mehdiyevin i\u015fin\u0259 bax\u0131l\u0131r.O, Cinay\u0259t M\u0259c\u0259ll\u0259sinin 179.3.2 (k\u00fclli miqdarda m\u0259nims\u0259m\u0259), 193-1.3.2 (cinay\u0259t yolu il\u0259 \u0259ld\u0259 edilmi\u015f xeyli miqdarda \u0259mlak\u0131 leqalla\u015fd\u0131rma) 308.2 (v\u0259zif\u0259 s\u0259lahiyy\u0259tl\u0259rind\u0259n sui-istifad\u0259 etm\u0259 - a\u011f\u0131r n\u0259tic\u0259l\u0259r\u0259 s\u0259b\u0259b olduqda) v\u0259 313-c\u00fc (v\u0259zif\u0259 saxtakarl\u0131\u011f\u0131) madd\u0259l\u0259ril\u0259 ittiham olunur.\" \/>\n<meta name=\"robots\" content=\"index, follow, max-snippet:-1, max-image-preview:large, max-video-preview:-1\" \/>\n<link rel=\"canonical\" href=\"https:\/\/www.meydan.tv\/az\/article\/formula-1deki-menimseme-ile-bagli-mehkeme-isi-amerikada-bahali-mulkler-alib\/\" \/>\n<meta property=\"og:locale\" content=\"az_AZ\" \/>\n<meta property=\"og:type\" content=\"article\" \/>\n<meta property=\"og:title\" content=\"\u201cFormula-1\u201dd\u0259 m\u0259nims\u0259m\u0259: &quot;Amerikada bahal\u0131 m\u00fclkl\u0259r al\u0131n\u0131b&quot;\" \/>\n<meta property=\"og:description\" content=\"Bak\u0131da ke\u00e7iril\u0259n \u201cFormula-1\u201d yar\u0131\u015flar\u0131n\u0131n t\u0259\u015fkili zaman\u0131 399 min manatdan \u00e7ox b\u00fcdc\u0259 v\u0259saitini m\u0259nims\u0259m\u0259kd\u0259 ittiham olunan Bak\u0131 \u015e\u0259h\u0259r Halqas\u0131 \u018fm\u0259liyyat \u015eirk\u0259tinin (BCCOC) \u0130dman \u018fm\u0259liyyatlar\u0131 \u015f\u00f6b\u0259sinin ke\u00e7mi\u015f r\u0259isi \u00c7ingiz Mehdiyev ke\u00e7mi\u015f h\u0259yat yolda\u015f\u0131n\u0131n ifad\u0259si \u0259sas\u0131nda cinay\u0259t m\u0259suliyy\u0259tin\u0259 c\u0259lb olunub.\u015e\u00f6b\u0259 m\u00fcdirinin ke\u00e7mi\u015f h\u0259yat yolda\u015f\u0131 N\u0259rmin\u0259 \u018fkb\u0259rova 1 il \u0259vv\u0259l prokurorlu\u011fa m\u00fcraci\u0259t ed\u0259r\u0259k \u00c7ingiz Mehdiyev yar\u0131\u015flar\u0131n t\u0259\u015fkilind\u0259 yeyintiy\u0259 yol verdiyini, \u0259ld\u0259 olunan v\u0259saitl\u0259r\u0259 Amerikada qarda\u015f\u0131n\u0131n ad\u0131na m\u00fclkl\u0259r ald\u0131\u011f\u0131n\u0131, pullar\u0131n bir hiss\u0259sini Sey\u015fer adalar\u0131nda anas\u0131n\u0131n ad\u0131na qeydiyyatdan ke\u00e7mi\u015f \u201cDayton \u0130nvestment LTD\u201d \u015firk\u0259tinin hesab\u0131na k\u00f6\u00e7\u00fcrd\u00fcy\u00fcn\u00fc deyib.Bir ne\u00e7\u0259 ayd\u0131r ki, Bak\u0131 A\u011f\u0131r Cinay\u0259tl\u0259r M\u0259hk\u0259m\u0259sind\u0259 49 ya\u015fl\u0131 \u00c7ingiz Mehdiyevin i\u015fin\u0259 bax\u0131l\u0131r.O, Cinay\u0259t M\u0259c\u0259ll\u0259sinin 179.3.2 (k\u00fclli miqdarda m\u0259nims\u0259m\u0259), 193-1.3.2 (cinay\u0259t yolu il\u0259 \u0259ld\u0259 edilmi\u015f xeyli miqdarda \u0259mlak\u0131 leqalla\u015fd\u0131rma) 308.2 (v\u0259zif\u0259 s\u0259lahiyy\u0259tl\u0259rind\u0259n sui-istifad\u0259 etm\u0259 - a\u011f\u0131r n\u0259tic\u0259l\u0259r\u0259 s\u0259b\u0259b olduqda) v\u0259 313-c\u00fc (v\u0259zif\u0259 saxtakarl\u0131\u011f\u0131) madd\u0259l\u0259ril\u0259 ittiham olunur.\" \/>\n<meta property=\"og:url\" content=\"https:\/\/www.meydan.tv\/az\/article\/formula-1deki-menimseme-ile-bagli-mehkeme-isi-amerikada-bahali-mulkler-alib\/\" \/>\n<meta property=\"og:site_name\" content=\"MEYDAN.TV\" \/>\n<meta property=\"article:published_time\" content=\"2024-07-01T09:55:23+00:00\" \/>\n<meta property=\"article:modified_time\" content=\"2024-07-01T09:59:00+00:00\" \/>\n<meta property=\"og:image\" content=\"https:\/\/www.meydan.tv\/wp-content\/uploads\/14656547753576226791_1200x630-e1710260353733.jpg\" \/>\n\t<meta property=\"og:image:width\" content=\"1200\" \/>\n\t<meta property=\"og:image:height\" content=\"564\" \/>\n\t<meta property=\"og:image:type\" content=\"image\/jpeg\" \/>\n<meta name=\"author\" content=\"mahmud\" \/>\n<meta name=\"twitter:card\" content=\"summary_large_image\" \/>\n<script type=\"application\/ld+json\" class=\"yoast-schema-graph\">{\"@context\":\"https:\\\/\\\/schema.org\",\"@graph\":[{\"@type\":\"Article\",\"@id\":\"https:\\\/\\\/www.meydan.tv\\\/az\\\/article\\\/formula-1deki-menimseme-ile-bagli-mehkeme-isi-amerikada-bahali-mulkler-alib\\\/#article\",\"isPartOf\":{\"@id\":\"https:\\\/\\\/www.meydan.tv\\\/az\\\/article\\\/formula-1deki-menimseme-ile-bagli-mehkeme-isi-amerikada-bahali-mulkler-alib\\\/\"},\"author\":{\"name\":\"mahmud\",\"@id\":\"https:\\\/\\\/www.meydan.tv\\\/az\\\/#\\\/schema\\\/person\\\/09863e516102a829e72bedcf3f84c6b0\"},\"headline\":\"\u201cFormula-1\u201dd\u0259ki m\u0259nims\u0259m\u0259 il\u0259 ba\u011fl\u0131 m\u0259hk\u0259m\u0259 i\u015fi: &#8220;Amerikada bahal\u0131 m\u00fclkl\u0259r al\u0131b&#8221;\",\"datePublished\":\"2024-07-01T09:55:23+00:00\",\"dateModified\":\"2024-07-01T09:59:00+00:00\",\"mainEntityOfPage\":{\"@id\":\"https:\\\/\\\/www.meydan.tv\\\/az\\\/article\\\/formula-1deki-menimseme-ile-bagli-mehkeme-isi-amerikada-bahali-mulkler-alib\\\/\"},\"wordCount\":1147,\"publisher\":{\"@id\":\"https:\\\/\\\/www.meydan.tv\\\/az\\\/#organization\"},\"image\":{\"@id\":\"https:\\\/\\\/www.meydan.tv\\\/az\\\/article\\\/formula-1deki-menimseme-ile-bagli-mehkeme-isi-amerikada-bahali-mulkler-alib\\\/#primaryimage\"},\"thumbnailUrl\":\"https:\\\/\\\/www.meydan.tv\\\/wp-content\\\/uploads\\\/14656547753576226791_1200x630-e1710260353733.jpg\",\"articleSection\":[\"Sosial\",\"T\u00f6vsiy\u0259\",\"X\u0259b\u0259rl\u0259r\"],\"inLanguage\":\"az\"},{\"@type\":\"WebPage\",\"@id\":\"https:\\\/\\\/www.meydan.tv\\\/az\\\/article\\\/formula-1deki-menimseme-ile-bagli-mehkeme-isi-amerikada-bahali-mulkler-alib\\\/\",\"url\":\"https:\\\/\\\/www.meydan.tv\\\/az\\\/article\\\/formula-1deki-menimseme-ile-bagli-mehkeme-isi-amerikada-bahali-mulkler-alib\\\/\",\"name\":\"\u201cFormula-1\u201dd\u0259 m\u0259nims\u0259m\u0259: \\\"Amerikada bahal\u0131 m\u00fclkl\u0259r al\u0131n\u0131b\\\"\",\"isPartOf\":{\"@id\":\"https:\\\/\\\/www.meydan.tv\\\/az\\\/#website\"},\"primaryImageOfPage\":{\"@id\":\"https:\\\/\\\/www.meydan.tv\\\/az\\\/article\\\/formula-1deki-menimseme-ile-bagli-mehkeme-isi-amerikada-bahali-mulkler-alib\\\/#primaryimage\"},\"image\":{\"@id\":\"https:\\\/\\\/www.meydan.tv\\\/az\\\/article\\\/formula-1deki-menimseme-ile-bagli-mehkeme-isi-amerikada-bahali-mulkler-alib\\\/#primaryimage\"},\"thumbnailUrl\":\"https:\\\/\\\/www.meydan.tv\\\/wp-content\\\/uploads\\\/14656547753576226791_1200x630-e1710260353733.jpg\",\"datePublished\":\"2024-07-01T09:55:23+00:00\",\"dateModified\":\"2024-07-01T09:59:00+00:00\",\"description\":\"Bak\u0131da ke\u00e7iril\u0259n \u201cFormula-1\u201d yar\u0131\u015flar\u0131n\u0131n t\u0259\u015fkili zaman\u0131 399 min manatdan \u00e7ox b\u00fcdc\u0259 v\u0259saitini m\u0259nims\u0259m\u0259kd\u0259 ittiham olunan Bak\u0131 \u015e\u0259h\u0259r Halqas\u0131 \u018fm\u0259liyyat \u015eirk\u0259tinin (BCCOC) \u0130dman \u018fm\u0259liyyatlar\u0131 \u015f\u00f6b\u0259sinin ke\u00e7mi\u015f r\u0259isi \u00c7ingiz Mehdiyev ke\u00e7mi\u015f h\u0259yat yolda\u015f\u0131n\u0131n ifad\u0259si \u0259sas\u0131nda cinay\u0259t m\u0259suliyy\u0259tin\u0259 c\u0259lb olunub.\u015e\u00f6b\u0259 m\u00fcdirinin ke\u00e7mi\u015f h\u0259yat yolda\u015f\u0131 N\u0259rmin\u0259 \u018fkb\u0259rova 1 il \u0259vv\u0259l prokurorlu\u011fa m\u00fcraci\u0259t ed\u0259r\u0259k \u00c7ingiz Mehdiyev yar\u0131\u015flar\u0131n t\u0259\u015fkilind\u0259 yeyintiy\u0259 yol verdiyini, \u0259ld\u0259 olunan v\u0259saitl\u0259r\u0259 Amerikada qarda\u015f\u0131n\u0131n ad\u0131na m\u00fclkl\u0259r ald\u0131\u011f\u0131n\u0131, pullar\u0131n bir hiss\u0259sini Sey\u015fer adalar\u0131nda anas\u0131n\u0131n ad\u0131na qeydiyyatdan ke\u00e7mi\u015f \u201cDayton \u0130nvestment LTD\u201d \u015firk\u0259tinin hesab\u0131na k\u00f6\u00e7\u00fcrd\u00fcy\u00fcn\u00fc deyib.Bir ne\u00e7\u0259 ayd\u0131r ki, Bak\u0131 A\u011f\u0131r Cinay\u0259tl\u0259r M\u0259hk\u0259m\u0259sind\u0259 49 ya\u015fl\u0131 \u00c7ingiz Mehdiyevin i\u015fin\u0259 bax\u0131l\u0131r.O, Cinay\u0259t M\u0259c\u0259ll\u0259sinin 179.3.2 (k\u00fclli miqdarda m\u0259nims\u0259m\u0259), 193-1.3.2 (cinay\u0259t yolu il\u0259 \u0259ld\u0259 edilmi\u015f xeyli miqdarda \u0259mlak\u0131 leqalla\u015fd\u0131rma) 308.2 (v\u0259zif\u0259 s\u0259lahiyy\u0259tl\u0259rind\u0259n sui-istifad\u0259 etm\u0259 - a\u011f\u0131r n\u0259tic\u0259l\u0259r\u0259 s\u0259b\u0259b olduqda) v\u0259 313-c\u00fc (v\u0259zif\u0259 saxtakarl\u0131\u011f\u0131) madd\u0259l\u0259ril\u0259 ittiham olunur.\",\"breadcrumb\":{\"@id\":\"https:\\\/\\\/www.meydan.tv\\\/az\\\/article\\\/formula-1deki-menimseme-ile-bagli-mehkeme-isi-amerikada-bahali-mulkler-alib\\\/#breadcrumb\"},\"inLanguage\":\"az\",\"potentialAction\":[{\"@type\":\"ReadAction\",\"target\":[\"https:\\\/\\\/www.meydan.tv\\\/az\\\/article\\\/formula-1deki-menimseme-ile-bagli-mehkeme-isi-amerikada-bahali-mulkler-alib\\\/\"]}]},{\"@type\":\"ImageObject\",\"inLanguage\":\"az\",\"@id\":\"https:\\\/\\\/www.meydan.tv\\\/az\\\/article\\\/formula-1deki-menimseme-ile-bagli-mehkeme-isi-amerikada-bahali-mulkler-alib\\\/#primaryimage\",\"url\":\"https:\\\/\\\/www.meydan.tv\\\/wp-content\\\/uploads\\\/14656547753576226791_1200x630-e1710260353733.jpg\",\"contentUrl\":\"https:\\\/\\\/www.meydan.tv\\\/wp-content\\\/uploads\\\/14656547753576226791_1200x630-e1710260353733.jpg\",\"width\":1200,\"height\":564,\"caption\":\"\u00c7ingiz Mehdiyev. Foto: Az\u0259rtac\"},{\"@type\":\"BreadcrumbList\",\"@id\":\"https:\\\/\\\/www.meydan.tv\\\/az\\\/article\\\/formula-1deki-menimseme-ile-bagli-mehkeme-isi-amerikada-bahali-mulkler-alib\\\/#breadcrumb\",\"itemListElement\":[{\"@type\":\"ListItem\",\"position\":1,\"name\":\"Ana s\u0259hif\u0259\",\"item\":\"https:\\\/\\\/www.meydan.tv\\\/az\\\/\"},{\"@type\":\"ListItem\",\"position\":2,\"name\":\"Sosial\",\"item\":\"https:\\\/\\\/www.meydan.tv\\\/az\\\/section\\\/sosial\\\/\"},{\"@type\":\"ListItem\",\"position\":3,\"name\":\"\u201cFormula-1\u201dd\u0259ki m\u0259nims\u0259m\u0259 il\u0259 ba\u011fl\u0131 m\u0259hk\u0259m\u0259 i\u015fi: &#8220;Amerikada bahal\u0131 m\u00fclkl\u0259r al\u0131b&#8221;\"}]},{\"@type\":\"WebSite\",\"@id\":\"https:\\\/\\\/www.meydan.tv\\\/az\\\/#website\",\"url\":\"https:\\\/\\\/www.meydan.tv\\\/az\\\/\",\"name\":\"MEYDAN.TV\",\"description\":\"Meydan TV Az\u0259rbaycan\u0131n media m\u0259kan\u0131ndak\u0131 alternativ s\u0259sidir\",\"publisher\":{\"@id\":\"https:\\\/\\\/www.meydan.tv\\\/az\\\/#organization\"},\"potentialAction\":[{\"@type\":\"SearchAction\",\"target\":{\"@type\":\"EntryPoint\",\"urlTemplate\":\"https:\\\/\\\/www.meydan.tv\\\/az\\\/?s={search_term_string}\"},\"query-input\":{\"@type\":\"PropertyValueSpecification\",\"valueRequired\":true,\"valueName\":\"search_term_string\"}}],\"inLanguage\":\"az\"},{\"@type\":\"Organization\",\"@id\":\"https:\\\/\\\/www.meydan.tv\\\/az\\\/#organization\",\"name\":\"Meydan TV\",\"url\":\"https:\\\/\\\/www.meydan.tv\\\/az\\\/\",\"logo\":{\"@type\":\"ImageObject\",\"inLanguage\":\"az\",\"@id\":\"https:\\\/\\\/www.meydan.tv\\\/az\\\/#\\\/schema\\\/logo\\\/image\\\/\",\"url\":\"https:\\\/\\\/www.meydan.tv\\\/wp-content\\\/uploads\\\/2021\\\/07\\\/meydan-logo.svg\",\"contentUrl\":\"https:\\\/\\\/www.meydan.tv\\\/wp-content\\\/uploads\\\/2021\\\/07\\\/meydan-logo.svg\",\"width\":195,\"height\":46,\"caption\":\"Meydan TV\"},\"image\":{\"@id\":\"https:\\\/\\\/www.meydan.tv\\\/az\\\/#\\\/schema\\\/logo\\\/image\\\/\"}},{\"@type\":\"Person\",\"@id\":\"https:\\\/\\\/www.meydan.tv\\\/az\\\/#\\\/schema\\\/person\\\/09863e516102a829e72bedcf3f84c6b0\",\"name\":\"mahmud\"}]}<\/script>\n<!-- \/ Yoast SEO plugin. -->","yoast_head_json":{"title":"\u201cFormula-1\u201dd\u0259 m\u0259nims\u0259m\u0259: \"Amerikada bahal\u0131 m\u00fclkl\u0259r al\u0131n\u0131b\"","description":"Bak\u0131da ke\u00e7iril\u0259n \u201cFormula-1\u201d yar\u0131\u015flar\u0131n\u0131n t\u0259\u015fkili zaman\u0131 399 min manatdan \u00e7ox b\u00fcdc\u0259 v\u0259saitini m\u0259nims\u0259m\u0259kd\u0259 ittiham olunan Bak\u0131 \u015e\u0259h\u0259r Halqas\u0131 \u018fm\u0259liyyat \u015eirk\u0259tinin (BCCOC) \u0130dman \u018fm\u0259liyyatlar\u0131 \u015f\u00f6b\u0259sinin ke\u00e7mi\u015f r\u0259isi \u00c7ingiz Mehdiyev ke\u00e7mi\u015f h\u0259yat yolda\u015f\u0131n\u0131n ifad\u0259si \u0259sas\u0131nda cinay\u0259t m\u0259suliyy\u0259tin\u0259 c\u0259lb olunub.\u015e\u00f6b\u0259 m\u00fcdirinin ke\u00e7mi\u015f h\u0259yat yolda\u015f\u0131 N\u0259rmin\u0259 \u018fkb\u0259rova 1 il \u0259vv\u0259l prokurorlu\u011fa m\u00fcraci\u0259t ed\u0259r\u0259k \u00c7ingiz Mehdiyev yar\u0131\u015flar\u0131n t\u0259\u015fkilind\u0259 yeyintiy\u0259 yol verdiyini, \u0259ld\u0259 olunan v\u0259saitl\u0259r\u0259 Amerikada qarda\u015f\u0131n\u0131n ad\u0131na m\u00fclkl\u0259r ald\u0131\u011f\u0131n\u0131, pullar\u0131n bir hiss\u0259sini Sey\u015fer adalar\u0131nda anas\u0131n\u0131n ad\u0131na qeydiyyatdan ke\u00e7mi\u015f \u201cDayton \u0130nvestment LTD\u201d \u015firk\u0259tinin hesab\u0131na k\u00f6\u00e7\u00fcrd\u00fcy\u00fcn\u00fc deyib.Bir ne\u00e7\u0259 ayd\u0131r ki, Bak\u0131 A\u011f\u0131r Cinay\u0259tl\u0259r M\u0259hk\u0259m\u0259sind\u0259 49 ya\u015fl\u0131 \u00c7ingiz Mehdiyevin i\u015fin\u0259 bax\u0131l\u0131r.O, Cinay\u0259t M\u0259c\u0259ll\u0259sinin 179.3.2 (k\u00fclli miqdarda m\u0259nims\u0259m\u0259), 193-1.3.2 (cinay\u0259t yolu il\u0259 \u0259ld\u0259 edilmi\u015f xeyli miqdarda \u0259mlak\u0131 leqalla\u015fd\u0131rma) 308.2 (v\u0259zif\u0259 s\u0259lahiyy\u0259tl\u0259rind\u0259n sui-istifad\u0259 etm\u0259 - a\u011f\u0131r n\u0259tic\u0259l\u0259r\u0259 s\u0259b\u0259b olduqda) v\u0259 313-c\u00fc (v\u0259zif\u0259 saxtakarl\u0131\u011f\u0131) madd\u0259l\u0259ril\u0259 ittiham olunur.","robots":{"index":"index","follow":"follow","max-snippet":"max-snippet:-1","max-image-preview":"max-image-preview:large","max-video-preview":"max-video-preview:-1"},"canonical":"https:\/\/www.meydan.tv\/az\/article\/formula-1deki-menimseme-ile-bagli-mehkeme-isi-amerikada-bahali-mulkler-alib\/","og_locale":"az_AZ","og_type":"article","og_title":"\u201cFormula-1\u201dd\u0259 m\u0259nims\u0259m\u0259: \"Amerikada bahal\u0131 m\u00fclkl\u0259r al\u0131n\u0131b\"","og_description":"Bak\u0131da ke\u00e7iril\u0259n \u201cFormula-1\u201d yar\u0131\u015flar\u0131n\u0131n t\u0259\u015fkili zaman\u0131 399 min manatdan \u00e7ox b\u00fcdc\u0259 v\u0259saitini m\u0259nims\u0259m\u0259kd\u0259 ittiham olunan Bak\u0131 \u015e\u0259h\u0259r Halqas\u0131 \u018fm\u0259liyyat \u015eirk\u0259tinin (BCCOC) \u0130dman \u018fm\u0259liyyatlar\u0131 \u015f\u00f6b\u0259sinin ke\u00e7mi\u015f r\u0259isi \u00c7ingiz Mehdiyev ke\u00e7mi\u015f h\u0259yat yolda\u015f\u0131n\u0131n ifad\u0259si \u0259sas\u0131nda cinay\u0259t m\u0259suliyy\u0259tin\u0259 c\u0259lb olunub.\u015e\u00f6b\u0259 m\u00fcdirinin ke\u00e7mi\u015f h\u0259yat yolda\u015f\u0131 N\u0259rmin\u0259 \u018fkb\u0259rova 1 il \u0259vv\u0259l prokurorlu\u011fa m\u00fcraci\u0259t ed\u0259r\u0259k \u00c7ingiz Mehdiyev yar\u0131\u015flar\u0131n t\u0259\u015fkilind\u0259 yeyintiy\u0259 yol verdiyini, \u0259ld\u0259 olunan v\u0259saitl\u0259r\u0259 Amerikada qarda\u015f\u0131n\u0131n ad\u0131na m\u00fclkl\u0259r ald\u0131\u011f\u0131n\u0131, pullar\u0131n bir hiss\u0259sini Sey\u015fer adalar\u0131nda anas\u0131n\u0131n ad\u0131na qeydiyyatdan ke\u00e7mi\u015f \u201cDayton \u0130nvestment LTD\u201d \u015firk\u0259tinin hesab\u0131na k\u00f6\u00e7\u00fcrd\u00fcy\u00fcn\u00fc deyib.Bir ne\u00e7\u0259 ayd\u0131r ki, Bak\u0131 A\u011f\u0131r Cinay\u0259tl\u0259r M\u0259hk\u0259m\u0259sind\u0259 49 ya\u015fl\u0131 \u00c7ingiz Mehdiyevin i\u015fin\u0259 bax\u0131l\u0131r.O, Cinay\u0259t M\u0259c\u0259ll\u0259sinin 179.3.2 (k\u00fclli miqdarda m\u0259nims\u0259m\u0259), 193-1.3.2 (cinay\u0259t yolu il\u0259 \u0259ld\u0259 edilmi\u015f xeyli miqdarda \u0259mlak\u0131 leqalla\u015fd\u0131rma) 308.2 (v\u0259zif\u0259 s\u0259lahiyy\u0259tl\u0259rind\u0259n sui-istifad\u0259 etm\u0259 - a\u011f\u0131r n\u0259tic\u0259l\u0259r\u0259 s\u0259b\u0259b olduqda) v\u0259 313-c\u00fc (v\u0259zif\u0259 saxtakarl\u0131\u011f\u0131) madd\u0259l\u0259ril\u0259 ittiham olunur.","og_url":"https:\/\/www.meydan.tv\/az\/article\/formula-1deki-menimseme-ile-bagli-mehkeme-isi-amerikada-bahali-mulkler-alib\/","og_site_name":"MEYDAN.TV","article_published_time":"2024-07-01T09:55:23+00:00","article_modified_time":"2024-07-01T09:59:00+00:00","og_image":[{"width":1200,"height":564,"url":"https:\/\/www.meydan.tv\/wp-content\/uploads\/14656547753576226791_1200x630-e1710260353733.jpg","type":"image\/jpeg"}],"author":"mahmud","twitter_card":"summary_large_image","schema":{"@context":"https:\/\/schema.org","@graph":[{"@type":"Article","@id":"https:\/\/www.meydan.tv\/az\/article\/formula-1deki-menimseme-ile-bagli-mehkeme-isi-amerikada-bahali-mulkler-alib\/#article","isPartOf":{"@id":"https:\/\/www.meydan.tv\/az\/article\/formula-1deki-menimseme-ile-bagli-mehkeme-isi-amerikada-bahali-mulkler-alib\/"},"author":{"name":"mahmud","@id":"https:\/\/www.meydan.tv\/az\/#\/schema\/person\/09863e516102a829e72bedcf3f84c6b0"},"headline":"\u201cFormula-1\u201dd\u0259ki m\u0259nims\u0259m\u0259 il\u0259 ba\u011fl\u0131 m\u0259hk\u0259m\u0259 i\u015fi: &#8220;Amerikada bahal\u0131 m\u00fclkl\u0259r al\u0131b&#8221;","datePublished":"2024-07-01T09:55:23+00:00","dateModified":"2024-07-01T09:59:00+00:00","mainEntityOfPage":{"@id":"https:\/\/www.meydan.tv\/az\/article\/formula-1deki-menimseme-ile-bagli-mehkeme-isi-amerikada-bahali-mulkler-alib\/"},"wordCount":1147,"publisher":{"@id":"https:\/\/www.meydan.tv\/az\/#organization"},"image":{"@id":"https:\/\/www.meydan.tv\/az\/article\/formula-1deki-menimseme-ile-bagli-mehkeme-isi-amerikada-bahali-mulkler-alib\/#primaryimage"},"thumbnailUrl":"https:\/\/www.meydan.tv\/wp-content\/uploads\/14656547753576226791_1200x630-e1710260353733.jpg","articleSection":["Sosial","T\u00f6vsiy\u0259","X\u0259b\u0259rl\u0259r"],"inLanguage":"az"},{"@type":"WebPage","@id":"https:\/\/www.meydan.tv\/az\/article\/formula-1deki-menimseme-ile-bagli-mehkeme-isi-amerikada-bahali-mulkler-alib\/","url":"https:\/\/www.meydan.tv\/az\/article\/formula-1deki-menimseme-ile-bagli-mehkeme-isi-amerikada-bahali-mulkler-alib\/","name":"\u201cFormula-1\u201dd\u0259 m\u0259nims\u0259m\u0259: \"Amerikada bahal\u0131 m\u00fclkl\u0259r al\u0131n\u0131b\"","isPartOf":{"@id":"https:\/\/www.meydan.tv\/az\/#website"},"primaryImageOfPage":{"@id":"https:\/\/www.meydan.tv\/az\/article\/formula-1deki-menimseme-ile-bagli-mehkeme-isi-amerikada-bahali-mulkler-alib\/#primaryimage"},"image":{"@id":"https:\/\/www.meydan.tv\/az\/article\/formula-1deki-menimseme-ile-bagli-mehkeme-isi-amerikada-bahali-mulkler-alib\/#primaryimage"},"thumbnailUrl":"https:\/\/www.meydan.tv\/wp-content\/uploads\/14656547753576226791_1200x630-e1710260353733.jpg","datePublished":"2024-07-01T09:55:23+00:00","dateModified":"2024-07-01T09:59:00+00:00","description":"Bak\u0131da ke\u00e7iril\u0259n \u201cFormula-1\u201d yar\u0131\u015flar\u0131n\u0131n t\u0259\u015fkili zaman\u0131 399 min manatdan \u00e7ox b\u00fcdc\u0259 v\u0259saitini m\u0259nims\u0259m\u0259kd\u0259 ittiham olunan Bak\u0131 \u015e\u0259h\u0259r Halqas\u0131 \u018fm\u0259liyyat \u015eirk\u0259tinin (BCCOC) \u0130dman \u018fm\u0259liyyatlar\u0131 \u015f\u00f6b\u0259sinin ke\u00e7mi\u015f r\u0259isi \u00c7ingiz Mehdiyev ke\u00e7mi\u015f h\u0259yat yolda\u015f\u0131n\u0131n ifad\u0259si \u0259sas\u0131nda cinay\u0259t m\u0259suliyy\u0259tin\u0259 c\u0259lb olunub.\u015e\u00f6b\u0259 m\u00fcdirinin ke\u00e7mi\u015f h\u0259yat yolda\u015f\u0131 N\u0259rmin\u0259 \u018fkb\u0259rova 1 il \u0259vv\u0259l prokurorlu\u011fa m\u00fcraci\u0259t ed\u0259r\u0259k \u00c7ingiz Mehdiyev yar\u0131\u015flar\u0131n t\u0259\u015fkilind\u0259 yeyintiy\u0259 yol verdiyini, \u0259ld\u0259 olunan v\u0259saitl\u0259r\u0259 Amerikada qarda\u015f\u0131n\u0131n ad\u0131na m\u00fclkl\u0259r ald\u0131\u011f\u0131n\u0131, pullar\u0131n bir hiss\u0259sini Sey\u015fer adalar\u0131nda anas\u0131n\u0131n ad\u0131na qeydiyyatdan ke\u00e7mi\u015f \u201cDayton \u0130nvestment LTD\u201d \u015firk\u0259tinin hesab\u0131na k\u00f6\u00e7\u00fcrd\u00fcy\u00fcn\u00fc deyib.Bir ne\u00e7\u0259 ayd\u0131r ki, Bak\u0131 A\u011f\u0131r Cinay\u0259tl\u0259r M\u0259hk\u0259m\u0259sind\u0259 49 ya\u015fl\u0131 \u00c7ingiz Mehdiyevin i\u015fin\u0259 bax\u0131l\u0131r.O, Cinay\u0259t M\u0259c\u0259ll\u0259sinin 179.3.2 (k\u00fclli miqdarda m\u0259nims\u0259m\u0259), 193-1.3.2 (cinay\u0259t yolu il\u0259 \u0259ld\u0259 edilmi\u015f xeyli miqdarda \u0259mlak\u0131 leqalla\u015fd\u0131rma) 308.2 (v\u0259zif\u0259 s\u0259lahiyy\u0259tl\u0259rind\u0259n sui-istifad\u0259 etm\u0259 - a\u011f\u0131r n\u0259tic\u0259l\u0259r\u0259 s\u0259b\u0259b olduqda) v\u0259 313-c\u00fc (v\u0259zif\u0259 saxtakarl\u0131\u011f\u0131) madd\u0259l\u0259ril\u0259 ittiham olunur.","breadcrumb":{"@id":"https:\/\/www.meydan.tv\/az\/article\/formula-1deki-menimseme-ile-bagli-mehkeme-isi-amerikada-bahali-mulkler-alib\/#breadcrumb"},"inLanguage":"az","potentialAction":[{"@type":"ReadAction","target":["https:\/\/www.meydan.tv\/az\/article\/formula-1deki-menimseme-ile-bagli-mehkeme-isi-amerikada-bahali-mulkler-alib\/"]}]},{"@type":"ImageObject","inLanguage":"az","@id":"https:\/\/www.meydan.tv\/az\/article\/formula-1deki-menimseme-ile-bagli-mehkeme-isi-amerikada-bahali-mulkler-alib\/#primaryimage","url":"https:\/\/www.meydan.tv\/wp-content\/uploads\/14656547753576226791_1200x630-e1710260353733.jpg","contentUrl":"https:\/\/www.meydan.tv\/wp-content\/uploads\/14656547753576226791_1200x630-e1710260353733.jpg","width":1200,"height":564,"caption":"\u00c7ingiz Mehdiyev. Foto: Az\u0259rtac"},{"@type":"BreadcrumbList","@id":"https:\/\/www.meydan.tv\/az\/article\/formula-1deki-menimseme-ile-bagli-mehkeme-isi-amerikada-bahali-mulkler-alib\/#breadcrumb","itemListElement":[{"@type":"ListItem","position":1,"name":"Ana s\u0259hif\u0259","item":"https:\/\/www.meydan.tv\/az\/"},{"@type":"ListItem","position":2,"name":"Sosial","item":"https:\/\/www.meydan.tv\/az\/section\/sosial\/"},{"@type":"ListItem","position":3,"name":"\u201cFormula-1\u201dd\u0259ki m\u0259nims\u0259m\u0259 il\u0259 ba\u011fl\u0131 m\u0259hk\u0259m\u0259 i\u015fi: &#8220;Amerikada bahal\u0131 m\u00fclkl\u0259r al\u0131b&#8221;"}]},{"@type":"WebSite","@id":"https:\/\/www.meydan.tv\/az\/#website","url":"https:\/\/www.meydan.tv\/az\/","name":"MEYDAN.TV","description":"Meydan TV Az\u0259rbaycan\u0131n media m\u0259kan\u0131ndak\u0131 alternativ s\u0259sidir","publisher":{"@id":"https:\/\/www.meydan.tv\/az\/#organization"},"potentialAction":[{"@type":"SearchAction","target":{"@type":"EntryPoint","urlTemplate":"https:\/\/www.meydan.tv\/az\/?s={search_term_string}"},"query-input":{"@type":"PropertyValueSpecification","valueRequired":true,"valueName":"search_term_string"}}],"inLanguage":"az"},{"@type":"Organization","@id":"https:\/\/www.meydan.tv\/az\/#organization","name":"Meydan TV","url":"https:\/\/www.meydan.tv\/az\/","logo":{"@type":"ImageObject","inLanguage":"az","@id":"https:\/\/www.meydan.tv\/az\/#\/schema\/logo\/image\/","url":"https:\/\/www.meydan.tv\/wp-content\/uploads\/2021\/07\/meydan-logo.svg","contentUrl":"https:\/\/www.meydan.tv\/wp-content\/uploads\/2021\/07\/meydan-logo.svg","width":195,"height":46,"caption":"Meydan TV"},"image":{"@id":"https:\/\/www.meydan.tv\/az\/#\/schema\/logo\/image\/"}},{"@type":"Person","@id":"https:\/\/www.meydan.tv\/az\/#\/schema\/person\/09863e516102a829e72bedcf3f84c6b0","name":"mahmud"}]}},"_links":{"self":[{"href":"https:\/\/www.meydan.tv\/az\/wp-json\/wp\/v2\/posts\/309382","targetHints":{"allow":["GET"]}}],"collection":[{"href":"https:\/\/www.meydan.tv\/az\/wp-json\/wp\/v2\/posts"}],"about":[{"href":"https:\/\/www.meydan.tv\/az\/wp-json\/wp\/v2\/types\/post"}],"author":[{"embeddable":true,"href":"https:\/\/www.meydan.tv\/az\/wp-json\/wp\/v2\/users\/21"}],"replies":[{"embeddable":true,"href":"https:\/\/www.meydan.tv\/az\/wp-json\/wp\/v2\/comments?post=309382"}],"version-history":[{"count":1,"href":"https:\/\/www.meydan.tv\/az\/wp-json\/wp\/v2\/posts\/309382\/revisions"}],"predecessor-version":[{"id":309383,"href":"https:\/\/www.meydan.tv\/az\/wp-json\/wp\/v2\/posts\/309382\/revisions\/309383"}],"wp:featuredmedia":[{"embeddable":true,"href":"https:\/\/www.meydan.tv\/az\/wp-json\/wp\/v2\/media\/301021"}],"wp:attachment":[{"href":"https:\/\/www.meydan.tv\/az\/wp-json\/wp\/v2\/media?parent=309382"}],"wp:term":[{"taxonomy":"category","embeddable":true,"href":"https:\/\/www.meydan.tv\/az\/wp-json\/wp\/v2\/categories?post=309382"},{"taxonomy":"post_tag","embeddable":true,"href":"https:\/\/www.meydan.tv\/az\/wp-json\/wp\/v2\/tags?post=309382"}],"curies":[{"name":"wp","href":"https:\/\/api.w.org\/{rel}","templated":true}]}}