{"id":309372,"date":"2024-07-01T11:49:54","date_gmt":"2024-07-01T07:49:54","guid":{"rendered":"https:\/\/www.meydan.tv\/?p=309372"},"modified":"2024-07-01T11:49:58","modified_gmt":"2024-07-01T07:49:58","slug":"qiymet-artimi-nelere-sebeb-olacaq","status":"publish","type":"post","link":"https:\/\/www.meydan.tv\/az\/article\/qiymet-artimi-nelere-sebeb-olacaq\/","title":{"rendered":"Qiym\u0259t art\u0131m\u0131 n\u0259l\u0259r\u0259 s\u0259b\u0259b olacaq?"},"content":{"rendered":"\n<p><\/p>\n\n\n\n<p><strong><em>\u018frzaq bahala\u015fmas\u0131 g\u00f6zl\u0259nilir<\/em><\/strong><\/p>\n\n\n\n<p>\u0130yunun 30-da Tarif \u015euras\u0131 \u00f6lk\u0259d\u0259 bir s\u0131ra xidm\u0259tl\u0259rin v\u0259 m\u0259hsullar\u0131n qiym\u0259tinin art\u0131r\u0131lmas\u0131na <a href=\"https:\/\/www.meydan.tv\/az\/article\/benzinin-qiymeti-qalxdi-3\/\" target=\"_blank\" rel=\"noreferrer noopener\">q\u0259rar<\/a> verib.<\/p>\n\n\n\n<p>A\u0130-92 benzini, dizel yanaca\u011f\u0131, metro v\u0259 avtobusda gedi\u015f haqq\u0131 art\u0131r\u0131l\u0131b, m\u0259i\u015f\u0259t tullant\u0131lar\u0131n\u0131n da\u015f\u0131nmas\u0131 tarifi \u0259vv\u0259lki qiym\u0259tin\u0259 baxanda 2-3 d\u0259f\u0259 qalx\u0131b.<\/p>\n\n\n\n<p>A\u0130-92 markal\u0131 avtomobil benzininin p\u0259rak\u0259nd\u0259 sat\u0131\u015f qiym\u0259ti 1 litr \u00fc\u00e7\u00fcn 10 q\u0259pik art\u0131r\u0131laraq 1,10 manat, dizel yanaca\u011f\u0131n\u0131n is\u0259 1 litr \u00fc\u00e7\u00fcn 20 q\u0259pik art\u0131r\u0131laraq 1 manat m\u00fc\u0259yy\u0259n edilib.<\/p>\n\n\n\n<p>Gedi\u015f haqlar\u0131 is\u0259 0.40 q\u0259pikd\u0259n 0.50 q\u0259piy\u0259 y\u00fcks\u0259lib.<\/p>\n\n\n\n<p><strong>Bahala\u015fman\u0131n t\u0259siri nec\u0259 g\u00f6zl\u0259nilir?<\/strong><\/p>\n\n\n\n<p>K\u0259nd t\u0259s\u0259rr\u00fcfat\u0131 \u00fczr\u0259 ekspert Vahid M\u0259h\u0259rr\u0259mli bildirir ki, yanaca\u011f\u0131n qiym\u0259tinin artmas\u0131 yax\u0131n g\u00fcnl\u0259rd\u0259 \u0259rzaq bahala\u015fmas\u0131 il\u0259 qar\u015f\u0131m\u0131za \u00e7\u0131xacaq:<\/p>\n\n\n<div class=\"wp-block-image\">\n<figure class=\"alignleft size-full is-resized\"><img decoding=\"async\" width=\"960\" height=\"506\" data-src=\"https:\/\/www.meydan.tv\/wp-content\/uploads\/45447-e1687097833687.jpg\" alt=\"Vahid M\u0259h\u0259rr\u0259mli\" class=\"wp-image-114069 lazyload\" style=\"--smush-placeholder-width: 960px; --smush-placeholder-aspect-ratio: 960\/506;width:385px;height:auto\" src=\"data:image\/svg+xml;base64,PHN2ZyB3aWR0aD0iMSIgaGVpZ2h0PSIxIiB4bWxucz0iaHR0cDovL3d3dy53My5vcmcvMjAwMC9zdmciPjwvc3ZnPg==\" \/><figcaption class=\"wp-element-caption\">Vahid M\u0259h\u0259rr\u0259mli. Foto: Meydan TV<\/figcaption><\/figure>\n<\/div>\n\n\n<p><em>\u201cN\u0259qliyyat x\u0259rcimiz 25 faiz bahala\u015fd\u0131. Bu, k\u0259ndlinin belini q\u0131rmaq dem\u0259kdir. \u00c7\u00fcnki n\u0259tic\u0259si k\u0259nd t\u0259s\u0259rr\u00fcfat\u0131nda istehsal x\u0259rcl\u0259rini art\u0131racaq. N\u00f6vb\u0259ti aylarda k\u0259skin \u0259rzaq bahala\u015fmas\u0131 g\u00f6zl\u0259nilir\u201d<\/em>.<\/p>\n\n\n\n<p><\/p>\n\n\n\n<p><strong>Se\u00e7ki \u0259r\u0259f\u0259si veril\u0259n bahala\u015fma q\u0259rar\u0131<\/strong><\/p>\n\n\n\n<p><\/p>\n\n\n\n<p>Ba\u015fqa bir iqtisad\u00e7\u0131 Natiq C\u0259f\u0259rli bildirir ki, he\u00e7 bir h\u00f6kum\u0259t se\u00e7kil\u0259rd\u0259n \u00f6nc\u0259 qiym\u0259t qald\u0131rmaz, qeyri-populyar q\u0259rar verm\u0259z, \u0259g\u0259r h\u00f6kum\u0259t bu add\u0131m\u0131 at\u0131bsa, dem\u0259li, h\u0259tta iki ay g\u00f6zl\u0259m\u0259k ist\u0259mir, imkanlar m\u0259hduddur:<\/p>\n\n\n<div class=\"wp-block-image\">\n<figure class=\"alignright size-large is-resized\"><img decoding=\"async\" data-src=\"https:\/\/www.meydan.tv\/wp-content\/uploads\/natiq_cafarli-1200x800.jpg\" alt=\"Natiq C\u0259f\u0259rli\" class=\"wp-image-209935 lazyload\" style=\"--smush-placeholder-width: 1200px; --smush-placeholder-aspect-ratio: 1200\/800;width:366px;height:auto\" src=\"data:image\/svg+xml;base64,PHN2ZyB3aWR0aD0iMSIgaGVpZ2h0PSIxIiB4bWxucz0iaHR0cDovL3d3dy53My5vcmcvMjAwMC9zdmciPjwvc3ZnPg==\" \/><figcaption class=\"wp-element-caption\">Foto: Meydan.TV<\/figcaption><\/figure>\n<\/div>\n\n\n<p><em>\u201cX\u0259rcl\u0259r art\u0131r, g\u0259lirl\u0259r s\u00fcr\u0259tl\u0259 azal\u0131r v\u0259 onu da deyim ki, bu, ba\u015flan\u011f\u0131cd\u0131r, yax\u0131n aylarda kommunal xidm\u0259tl\u0259r d\u0259 bahala\u015facaq, 2025-ci ild\u0259 manat da ucuzla\u015facaq\u201d<\/em>.<\/p>\n\n\n\n<p><\/p>\n\n\n\n<p>Qiym\u0259ti qalxan xidm\u0259tl\u0259rd\u0259n biri d\u0259 m\u0259i\u015f\u0259t tullant\u0131lar\u0131n\u0131n da\u015f\u0131nmas\u0131 tarifidir. <\/p>\n\n\n\n<p>\u0130qtisad\u00e7\u0131 R\u00f6v\u015f\u0259n A\u011fayev bildirir ki, qiym\u0259ti bird\u0259n-bir\u0259 2,3 d\u0259f\u0259 art\u0131r\u0131blar.<\/p>\n\n\n\n<p><em>\u201c\u0130ndiy\u0259d\u0259k Ab\u015feron \u0259razisind\u0259 \u0259hali kateqoriyas\u0131 \u00fc\u00e7\u00fcn tarifl\u0259r ayl\u0131q adamba\u015f\u0131na 0,3 manat idi, indid\u0259n sonra 0,7 manat \u00f6d\u0259m\u0259li olaca\u011f\u0131q. Ba\u015fqa \u0259razil\u0259ri bilmir\u0259m, X\u0131rdalanda bu xidm\u0259t 10 q\u0259pik olsa bel\u0259, bahad\u0131r. Zibill\u0259r vaxtl\u0131-vaxt\u0131nda da\u015f\u0131nmad\u0131\u011f\u0131 \u00fc\u00e7\u00fcn k\u00fc\u00e7\u0259 v\u0259 m\u0259h\u0259ll\u0259l\u0259rd\u0259 antisanitariya ba\u015f al\u0131b, gedir. X\u00fcsusil\u0259 k\u00fcl\u0259kli havada k\u00fc\u00e7\u0259l\u0259rd\u0259 g\u00f6yd\u0259 u\u00e7u\u015fan polietilen paketl\u0259rin, ka\u011f\u0131z v\u0259 karton qutular\u0131n \u0259lind\u0259n h\u0259r\u0259k\u0259t etm\u0259k olmur. H\u0259l\u0259 bunun \u00fcfun\u0259t qoxusu da var\u201d.<\/em><\/p>\n\n\n\n<p><strong>\u201cZibill\u0259rin da\u015f\u0131nmas\u0131 il\u0259 ba\u011fl\u0131 al\u0131nan \u00f6d\u0259ni\u015f qeyri-\u015f\u0259ffafd\u0131r\u201d<\/strong><\/p>\n\n\n<div class=\"wp-block-image\">\n<figure class=\"alignleft size-large is-resized\"><img decoding=\"async\" width=\"1200\" height=\"800\" data-src=\"https:\/\/www.meydan.tv\/wp-content\/uploads\/image_from_ios_177-1200x800.jpg\" alt=\"R\u00f6v\u015f\u0259n A\u011fayev\" class=\"wp-image-210010 lazyload\" style=\"--smush-placeholder-width: 1200px; --smush-placeholder-aspect-ratio: 1200\/800;width:431px;height:auto\" src=\"data:image\/svg+xml;base64,PHN2ZyB3aWR0aD0iMSIgaGVpZ2h0PSIxIiB4bWxucz0iaHR0cDovL3d3dy53My5vcmcvMjAwMC9zdmciPjwvc3ZnPg==\" \/><figcaption class=\"wp-element-caption\">M\u0259nb\u0259: Meydan TV<\/figcaption><\/figure>\n<\/div>\n\n\n<p><\/p>\n\n\n\n<p>\u0130qtisad\u00e7\u0131 deyir ki, bu \u00f6d\u0259ni\u015fl\u0259ri h\u0259m d\u0259 na\u011fd al\u0131rlar. Niy\u0259? Bu suala cavab ver\u0259n yoxdur:<\/p>\n\n\n\n<p><\/p>\n\n\n\n<p><em>\u201cReytinq t\u0259rtib edils\u0259, \u0259n qeyri-\u015f\u0259ffaf \u00f6d\u0259ni\u015f n\u00f6v\u00fcd\u00fcr. \u00dcst\u0259lik, bu \u00f6d\u0259ni\u015fi \u0259n qeyri-\u015f\u0259ffaf strukturlar toplayanda v\u0259ziyy\u0259t daha da t\u00fcndl\u0259\u015fir\u201d<\/em>.<\/p>\n\n\n\n<p><\/p>\n\n\n\n<p>\u00d6lk\u0259daxili m\u00fcnt\u0259z\u0259m \u015f\u0259h\u0259r\u0259traf\u0131 v\u0259 q\u0259s\u0259b\u0259l\u0259raras\u0131 avtobus mar\u015frutlar\u0131nda s\u0259rni\u015finda\u015f\u0131ma xidm\u0259tl\u0259rinin tarifl\u0259ri d\u0259 y\u00fcks\u0259lib. \u018fvv\u0259l Bak\u0131dan Sumqay\u0131ta avtobusla 60 q\u0259piy\u0259 gedilirdis\u0259, indi bu qiym\u0259t 70 q\u0259pikdir.<\/p>\n\n\n\n<p>Bak\u0131-Nax\u00e7\u0131van\/Nax\u00e7\u0131van-Bak\u0131 t\u0259yyar\u0259 biletl\u0259rinin qiym\u0259tinin yuxar\u0131 h\u0259ddi is\u0259 70 manat m\u00fc\u0259yy\u0259n edilib.<\/p>\n\n\n\n<p>Bel\u0259likl\u0259, bilet yerlil\u0259r \u00fc\u00e7\u00fcn 60, xaricil\u0259r \u00fc\u00e7\u00fcn 70 manat olub.<\/p>\n","protected":false},"excerpt":{"rendered":"<p>\u018frzaq bahala\u015fmas\u0131 g\u00f6zl\u0259nilir \u0130yunun 30-da Tarif \u015euras\u0131 \u00f6lk\u0259d\u0259 bir s\u0131ra &#8230; <\/p>\n<p class=\"read-more-container\"><a title=\"Qiym\u0259t art\u0131m\u0131 n\u0259l\u0259r\u0259 s\u0259b\u0259b olacaq?\" class=\"read-more button\" href=\"https:\/\/www.meydan.tv\/az\/article\/qiymet-artimi-nelere-sebeb-olacaq\/#more-309372\" aria-label=\"Read more about Qiym\u0259t art\u0131m\u0131 n\u0259l\u0259r\u0259 s\u0259b\u0259b olacaq?\">Davam\u0131<\/a><\/p>\n","protected":false},"author":21,"featured_media":230325,"comment_status":"closed","ping_status":"closed","sticky":false,"template":"","format":"standard","meta":{"_acf_changed":false,"_sitemap_exclude":false,"_sitemap_priority":"","_sitemap_frequency":"","footnotes":""},"categories":[53,79,56],"tags":[],"class_list":["post-309372","post","type-post","status-publish","format-standard","has-post-thumbnail","hentry","category-iqtisadiyyat","category-featured","category-xeberler","infinite-scroll-item","generate-columns","tablet-grid-50","mobile-grid-100","grid-parent","grid-33","no-featured-image-padding"],"acf":[],"yoast_head":"<!-- This site is optimized with the Yoast SEO plugin v27.5 - https:\/\/yoast.com\/product\/yoast-seo-wordpress\/ -->\n<title>Qiym\u0259t art\u0131m\u0131 n\u0259l\u0259r\u0259 s\u0259b\u0259b olacaq? - MEYDAN.TV<\/title>\n<meta name=\"description\" content=\"\u0130yunun 30-da Tarif \u015euras\u0131 \u00f6lk\u0259d\u0259 bir s\u0131ra xidm\u0259tl\u0259rin v\u0259 m\u0259hsullar\u0131n qiym\u0259tinin art\u0131r\u0131lmas\u0131na q\u0259rar verib.A\u0130-92 benzini, dizel yanaca\u011f\u0131, metro v\u0259 avtobusda gedi\u015f haqq\u0131 art\u0131r\u0131l\u0131b, m\u0259i\u015f\u0259t tullant\u0131lar\u0131n\u0131n da\u015f\u0131nmas\u0131 tarifi \u0259vv\u0259lki qiym\u0259tin\u0259 baxanda 2-3 d\u0259f\u0259 qalx\u0131b.A\u0130-92 markal\u0131 avtomobil benzininin p\u0259rak\u0259nd\u0259 sat\u0131\u015f qiym\u0259ti 1 litr \u00fc\u00e7\u00fcn 10 q\u0259pik art\u0131r\u0131laraq 1,10 manat, dizel yanaca\u011f\u0131n\u0131n is\u0259 1 litr \u00fc\u00e7\u00fcn 20 q\u0259pik art\u0131r\u0131laraq 1 manat m\u00fc\u0259yy\u0259n edilib.Gedi\u015f haqlar\u0131 is\u0259 0.40 q\u0259pikd\u0259n 0.50 q\u0259piy\u0259 y\u00fcks\u0259lib.Bahala\u015fman\u0131n t\u0259siri nec\u0259 g\u00f6zl\u0259nilir?\" \/>\n<meta name=\"robots\" content=\"index, follow, max-snippet:-1, max-image-preview:large, max-video-preview:-1\" \/>\n<link rel=\"canonical\" href=\"https:\/\/www.meydan.tv\/az\/article\/qiymet-artimi-nelere-sebeb-olacaq\/\" \/>\n<meta property=\"og:locale\" content=\"az_AZ\" \/>\n<meta property=\"og:type\" content=\"article\" \/>\n<meta property=\"og:title\" content=\"Qiym\u0259t art\u0131m\u0131 n\u0259l\u0259r\u0259 s\u0259b\u0259b olacaq? - MEYDAN.TV\" \/>\n<meta property=\"og:description\" content=\"\u0130yunun 30-da Tarif \u015euras\u0131 \u00f6lk\u0259d\u0259 bir s\u0131ra xidm\u0259tl\u0259rin v\u0259 m\u0259hsullar\u0131n qiym\u0259tinin art\u0131r\u0131lmas\u0131na q\u0259rar verib.A\u0130-92 benzini, dizel yanaca\u011f\u0131, metro v\u0259 avtobusda gedi\u015f haqq\u0131 art\u0131r\u0131l\u0131b, m\u0259i\u015f\u0259t tullant\u0131lar\u0131n\u0131n da\u015f\u0131nmas\u0131 tarifi \u0259vv\u0259lki qiym\u0259tin\u0259 baxanda 2-3 d\u0259f\u0259 qalx\u0131b.A\u0130-92 markal\u0131 avtomobil benzininin p\u0259rak\u0259nd\u0259 sat\u0131\u015f qiym\u0259ti 1 litr \u00fc\u00e7\u00fcn 10 q\u0259pik art\u0131r\u0131laraq 1,10 manat, dizel yanaca\u011f\u0131n\u0131n is\u0259 1 litr \u00fc\u00e7\u00fcn 20 q\u0259pik art\u0131r\u0131laraq 1 manat m\u00fc\u0259yy\u0259n edilib.Gedi\u015f haqlar\u0131 is\u0259 0.40 q\u0259pikd\u0259n 0.50 q\u0259piy\u0259 y\u00fcks\u0259lib.Bahala\u015fman\u0131n t\u0259siri nec\u0259 g\u00f6zl\u0259nilir?\" \/>\n<meta property=\"og:url\" content=\"https:\/\/www.meydan.tv\/az\/article\/qiymet-artimi-nelere-sebeb-olacaq\/\" \/>\n<meta property=\"og:site_name\" content=\"MEYDAN.TV\" \/>\n<meta property=\"article:published_time\" content=\"2024-07-01T07:49:54+00:00\" \/>\n<meta property=\"article:modified_time\" content=\"2024-07-01T07:49:58+00:00\" \/>\n<meta property=\"og:image\" content=\"https:\/\/www.meydan.tv\/wp-content\/uploads\/shutterstock_1507099391-e1652179787398.jpg\" \/>\n\t<meta property=\"og:image:width\" content=\"1200\" \/>\n\t<meta property=\"og:image:height\" content=\"624\" \/>\n\t<meta property=\"og:image:type\" content=\"image\/jpeg\" \/>\n<meta name=\"author\" content=\"mahmud\" \/>\n<meta name=\"twitter:card\" content=\"summary_large_image\" \/>\n<script type=\"application\/ld+json\" class=\"yoast-schema-graph\">{\"@context\":\"https:\\\/\\\/schema.org\",\"@graph\":[{\"@type\":\"Article\",\"@id\":\"https:\\\/\\\/www.meydan.tv\\\/az\\\/article\\\/qiymet-artimi-nelere-sebeb-olacaq\\\/#article\",\"isPartOf\":{\"@id\":\"https:\\\/\\\/www.meydan.tv\\\/az\\\/article\\\/qiymet-artimi-nelere-sebeb-olacaq\\\/\"},\"author\":{\"name\":\"mahmud\",\"@id\":\"https:\\\/\\\/www.meydan.tv\\\/az\\\/#\\\/schema\\\/person\\\/09863e516102a829e72bedcf3f84c6b0\"},\"headline\":\"Qiym\u0259t art\u0131m\u0131 n\u0259l\u0259r\u0259 s\u0259b\u0259b olacaq?\",\"datePublished\":\"2024-07-01T07:49:54+00:00\",\"dateModified\":\"2024-07-01T07:49:58+00:00\",\"mainEntityOfPage\":{\"@id\":\"https:\\\/\\\/www.meydan.tv\\\/az\\\/article\\\/qiymet-artimi-nelere-sebeb-olacaq\\\/\"},\"wordCount\":614,\"publisher\":{\"@id\":\"https:\\\/\\\/www.meydan.tv\\\/az\\\/#organization\"},\"image\":{\"@id\":\"https:\\\/\\\/www.meydan.tv\\\/az\\\/article\\\/qiymet-artimi-nelere-sebeb-olacaq\\\/#primaryimage\"},\"thumbnailUrl\":\"https:\\\/\\\/www.meydan.tv\\\/wp-content\\\/uploads\\\/shutterstock_1507099391-e1652179787398.jpg\",\"articleSection\":[\"\u0130qtisadiyyat\",\"T\u00f6vsiy\u0259\",\"X\u0259b\u0259rl\u0259r\"],\"inLanguage\":\"az\"},{\"@type\":\"WebPage\",\"@id\":\"https:\\\/\\\/www.meydan.tv\\\/az\\\/article\\\/qiymet-artimi-nelere-sebeb-olacaq\\\/\",\"url\":\"https:\\\/\\\/www.meydan.tv\\\/az\\\/article\\\/qiymet-artimi-nelere-sebeb-olacaq\\\/\",\"name\":\"Qiym\u0259t art\u0131m\u0131 n\u0259l\u0259r\u0259 s\u0259b\u0259b olacaq? - MEYDAN.TV\",\"isPartOf\":{\"@id\":\"https:\\\/\\\/www.meydan.tv\\\/az\\\/#website\"},\"primaryImageOfPage\":{\"@id\":\"https:\\\/\\\/www.meydan.tv\\\/az\\\/article\\\/qiymet-artimi-nelere-sebeb-olacaq\\\/#primaryimage\"},\"image\":{\"@id\":\"https:\\\/\\\/www.meydan.tv\\\/az\\\/article\\\/qiymet-artimi-nelere-sebeb-olacaq\\\/#primaryimage\"},\"thumbnailUrl\":\"https:\\\/\\\/www.meydan.tv\\\/wp-content\\\/uploads\\\/shutterstock_1507099391-e1652179787398.jpg\",\"datePublished\":\"2024-07-01T07:49:54+00:00\",\"dateModified\":\"2024-07-01T07:49:58+00:00\",\"description\":\"\u0130yunun 30-da Tarif \u015euras\u0131 \u00f6lk\u0259d\u0259 bir s\u0131ra xidm\u0259tl\u0259rin v\u0259 m\u0259hsullar\u0131n qiym\u0259tinin art\u0131r\u0131lmas\u0131na q\u0259rar verib.A\u0130-92 benzini, dizel yanaca\u011f\u0131, metro v\u0259 avtobusda gedi\u015f haqq\u0131 art\u0131r\u0131l\u0131b, m\u0259i\u015f\u0259t tullant\u0131lar\u0131n\u0131n da\u015f\u0131nmas\u0131 tarifi \u0259vv\u0259lki qiym\u0259tin\u0259 baxanda 2-3 d\u0259f\u0259 qalx\u0131b.A\u0130-92 markal\u0131 avtomobil benzininin p\u0259rak\u0259nd\u0259 sat\u0131\u015f qiym\u0259ti 1 litr \u00fc\u00e7\u00fcn 10 q\u0259pik art\u0131r\u0131laraq 1,10 manat, dizel yanaca\u011f\u0131n\u0131n is\u0259 1 litr \u00fc\u00e7\u00fcn 20 q\u0259pik art\u0131r\u0131laraq 1 manat m\u00fc\u0259yy\u0259n edilib.Gedi\u015f haqlar\u0131 is\u0259 0.40 q\u0259pikd\u0259n 0.50 q\u0259piy\u0259 y\u00fcks\u0259lib.Bahala\u015fman\u0131n t\u0259siri nec\u0259 g\u00f6zl\u0259nilir?\",\"breadcrumb\":{\"@id\":\"https:\\\/\\\/www.meydan.tv\\\/az\\\/article\\\/qiymet-artimi-nelere-sebeb-olacaq\\\/#breadcrumb\"},\"inLanguage\":\"az\",\"potentialAction\":[{\"@type\":\"ReadAction\",\"target\":[\"https:\\\/\\\/www.meydan.tv\\\/az\\\/article\\\/qiymet-artimi-nelere-sebeb-olacaq\\\/\"]}]},{\"@type\":\"ImageObject\",\"inLanguage\":\"az\",\"@id\":\"https:\\\/\\\/www.meydan.tv\\\/az\\\/article\\\/qiymet-artimi-nelere-sebeb-olacaq\\\/#primaryimage\",\"url\":\"https:\\\/\\\/www.meydan.tv\\\/wp-content\\\/uploads\\\/shutterstock_1507099391-e1652179787398.jpg\",\"contentUrl\":\"https:\\\/\\\/www.meydan.tv\\\/wp-content\\\/uploads\\\/shutterstock_1507099391-e1652179787398.jpg\",\"width\":1200,\"height\":624,\"caption\":\"Bahala\u015fma, lunopark\\\/Shutterstock\"},{\"@type\":\"BreadcrumbList\",\"@id\":\"https:\\\/\\\/www.meydan.tv\\\/az\\\/article\\\/qiymet-artimi-nelere-sebeb-olacaq\\\/#breadcrumb\",\"itemListElement\":[{\"@type\":\"ListItem\",\"position\":1,\"name\":\"Ana s\u0259hif\u0259\",\"item\":\"https:\\\/\\\/www.meydan.tv\\\/az\\\/\"},{\"@type\":\"ListItem\",\"position\":2,\"name\":\"\u0130qtisadiyyat\",\"item\":\"https:\\\/\\\/www.meydan.tv\\\/az\\\/section\\\/iqtisadiyyat\\\/\"},{\"@type\":\"ListItem\",\"position\":3,\"name\":\"Qiym\u0259t art\u0131m\u0131 n\u0259l\u0259r\u0259 s\u0259b\u0259b olacaq?\"}]},{\"@type\":\"WebSite\",\"@id\":\"https:\\\/\\\/www.meydan.tv\\\/az\\\/#website\",\"url\":\"https:\\\/\\\/www.meydan.tv\\\/az\\\/\",\"name\":\"MEYDAN.TV\",\"description\":\"Meydan TV Az\u0259rbaycan\u0131n media m\u0259kan\u0131ndak\u0131 alternativ s\u0259sidir\",\"publisher\":{\"@id\":\"https:\\\/\\\/www.meydan.tv\\\/az\\\/#organization\"},\"potentialAction\":[{\"@type\":\"SearchAction\",\"target\":{\"@type\":\"EntryPoint\",\"urlTemplate\":\"https:\\\/\\\/www.meydan.tv\\\/az\\\/?s={search_term_string}\"},\"query-input\":{\"@type\":\"PropertyValueSpecification\",\"valueRequired\":true,\"valueName\":\"search_term_string\"}}],\"inLanguage\":\"az\"},{\"@type\":\"Organization\",\"@id\":\"https:\\\/\\\/www.meydan.tv\\\/az\\\/#organization\",\"name\":\"Meydan TV\",\"url\":\"https:\\\/\\\/www.meydan.tv\\\/az\\\/\",\"logo\":{\"@type\":\"ImageObject\",\"inLanguage\":\"az\",\"@id\":\"https:\\\/\\\/www.meydan.tv\\\/az\\\/#\\\/schema\\\/logo\\\/image\\\/\",\"url\":\"https:\\\/\\\/www.meydan.tv\\\/wp-content\\\/uploads\\\/2021\\\/07\\\/meydan-logo.svg\",\"contentUrl\":\"https:\\\/\\\/www.meydan.tv\\\/wp-content\\\/uploads\\\/2021\\\/07\\\/meydan-logo.svg\",\"width\":195,\"height\":46,\"caption\":\"Meydan TV\"},\"image\":{\"@id\":\"https:\\\/\\\/www.meydan.tv\\\/az\\\/#\\\/schema\\\/logo\\\/image\\\/\"}},{\"@type\":\"Person\",\"@id\":\"https:\\\/\\\/www.meydan.tv\\\/az\\\/#\\\/schema\\\/person\\\/09863e516102a829e72bedcf3f84c6b0\",\"name\":\"mahmud\"}]}<\/script>\n<!-- \/ Yoast SEO plugin. -->","yoast_head_json":{"title":"Qiym\u0259t art\u0131m\u0131 n\u0259l\u0259r\u0259 s\u0259b\u0259b olacaq? - MEYDAN.TV","description":"\u0130yunun 30-da Tarif \u015euras\u0131 \u00f6lk\u0259d\u0259 bir s\u0131ra xidm\u0259tl\u0259rin v\u0259 m\u0259hsullar\u0131n qiym\u0259tinin art\u0131r\u0131lmas\u0131na q\u0259rar verib.A\u0130-92 benzini, dizel yanaca\u011f\u0131, metro v\u0259 avtobusda gedi\u015f haqq\u0131 art\u0131r\u0131l\u0131b, m\u0259i\u015f\u0259t tullant\u0131lar\u0131n\u0131n da\u015f\u0131nmas\u0131 tarifi \u0259vv\u0259lki qiym\u0259tin\u0259 baxanda 2-3 d\u0259f\u0259 qalx\u0131b.A\u0130-92 markal\u0131 avtomobil benzininin p\u0259rak\u0259nd\u0259 sat\u0131\u015f qiym\u0259ti 1 litr \u00fc\u00e7\u00fcn 10 q\u0259pik art\u0131r\u0131laraq 1,10 manat, dizel yanaca\u011f\u0131n\u0131n is\u0259 1 litr \u00fc\u00e7\u00fcn 20 q\u0259pik art\u0131r\u0131laraq 1 manat m\u00fc\u0259yy\u0259n edilib.Gedi\u015f haqlar\u0131 is\u0259 0.40 q\u0259pikd\u0259n 0.50 q\u0259piy\u0259 y\u00fcks\u0259lib.Bahala\u015fman\u0131n t\u0259siri nec\u0259 g\u00f6zl\u0259nilir?","robots":{"index":"index","follow":"follow","max-snippet":"max-snippet:-1","max-image-preview":"max-image-preview:large","max-video-preview":"max-video-preview:-1"},"canonical":"https:\/\/www.meydan.tv\/az\/article\/qiymet-artimi-nelere-sebeb-olacaq\/","og_locale":"az_AZ","og_type":"article","og_title":"Qiym\u0259t art\u0131m\u0131 n\u0259l\u0259r\u0259 s\u0259b\u0259b olacaq? - MEYDAN.TV","og_description":"\u0130yunun 30-da Tarif \u015euras\u0131 \u00f6lk\u0259d\u0259 bir s\u0131ra xidm\u0259tl\u0259rin v\u0259 m\u0259hsullar\u0131n qiym\u0259tinin art\u0131r\u0131lmas\u0131na q\u0259rar verib.A\u0130-92 benzini, dizel yanaca\u011f\u0131, metro v\u0259 avtobusda gedi\u015f haqq\u0131 art\u0131r\u0131l\u0131b, m\u0259i\u015f\u0259t tullant\u0131lar\u0131n\u0131n da\u015f\u0131nmas\u0131 tarifi \u0259vv\u0259lki qiym\u0259tin\u0259 baxanda 2-3 d\u0259f\u0259 qalx\u0131b.A\u0130-92 markal\u0131 avtomobil benzininin p\u0259rak\u0259nd\u0259 sat\u0131\u015f qiym\u0259ti 1 litr \u00fc\u00e7\u00fcn 10 q\u0259pik art\u0131r\u0131laraq 1,10 manat, dizel yanaca\u011f\u0131n\u0131n is\u0259 1 litr \u00fc\u00e7\u00fcn 20 q\u0259pik art\u0131r\u0131laraq 1 manat m\u00fc\u0259yy\u0259n edilib.Gedi\u015f haqlar\u0131 is\u0259 0.40 q\u0259pikd\u0259n 0.50 q\u0259piy\u0259 y\u00fcks\u0259lib.Bahala\u015fman\u0131n t\u0259siri nec\u0259 g\u00f6zl\u0259nilir?","og_url":"https:\/\/www.meydan.tv\/az\/article\/qiymet-artimi-nelere-sebeb-olacaq\/","og_site_name":"MEYDAN.TV","article_published_time":"2024-07-01T07:49:54+00:00","article_modified_time":"2024-07-01T07:49:58+00:00","og_image":[{"width":1200,"height":624,"url":"https:\/\/www.meydan.tv\/wp-content\/uploads\/shutterstock_1507099391-e1652179787398.jpg","type":"image\/jpeg"}],"author":"mahmud","twitter_card":"summary_large_image","schema":{"@context":"https:\/\/schema.org","@graph":[{"@type":"Article","@id":"https:\/\/www.meydan.tv\/az\/article\/qiymet-artimi-nelere-sebeb-olacaq\/#article","isPartOf":{"@id":"https:\/\/www.meydan.tv\/az\/article\/qiymet-artimi-nelere-sebeb-olacaq\/"},"author":{"name":"mahmud","@id":"https:\/\/www.meydan.tv\/az\/#\/schema\/person\/09863e516102a829e72bedcf3f84c6b0"},"headline":"Qiym\u0259t art\u0131m\u0131 n\u0259l\u0259r\u0259 s\u0259b\u0259b olacaq?","datePublished":"2024-07-01T07:49:54+00:00","dateModified":"2024-07-01T07:49:58+00:00","mainEntityOfPage":{"@id":"https:\/\/www.meydan.tv\/az\/article\/qiymet-artimi-nelere-sebeb-olacaq\/"},"wordCount":614,"publisher":{"@id":"https:\/\/www.meydan.tv\/az\/#organization"},"image":{"@id":"https:\/\/www.meydan.tv\/az\/article\/qiymet-artimi-nelere-sebeb-olacaq\/#primaryimage"},"thumbnailUrl":"https:\/\/www.meydan.tv\/wp-content\/uploads\/shutterstock_1507099391-e1652179787398.jpg","articleSection":["\u0130qtisadiyyat","T\u00f6vsiy\u0259","X\u0259b\u0259rl\u0259r"],"inLanguage":"az"},{"@type":"WebPage","@id":"https:\/\/www.meydan.tv\/az\/article\/qiymet-artimi-nelere-sebeb-olacaq\/","url":"https:\/\/www.meydan.tv\/az\/article\/qiymet-artimi-nelere-sebeb-olacaq\/","name":"Qiym\u0259t art\u0131m\u0131 n\u0259l\u0259r\u0259 s\u0259b\u0259b olacaq? - MEYDAN.TV","isPartOf":{"@id":"https:\/\/www.meydan.tv\/az\/#website"},"primaryImageOfPage":{"@id":"https:\/\/www.meydan.tv\/az\/article\/qiymet-artimi-nelere-sebeb-olacaq\/#primaryimage"},"image":{"@id":"https:\/\/www.meydan.tv\/az\/article\/qiymet-artimi-nelere-sebeb-olacaq\/#primaryimage"},"thumbnailUrl":"https:\/\/www.meydan.tv\/wp-content\/uploads\/shutterstock_1507099391-e1652179787398.jpg","datePublished":"2024-07-01T07:49:54+00:00","dateModified":"2024-07-01T07:49:58+00:00","description":"\u0130yunun 30-da Tarif \u015euras\u0131 \u00f6lk\u0259d\u0259 bir s\u0131ra xidm\u0259tl\u0259rin v\u0259 m\u0259hsullar\u0131n qiym\u0259tinin art\u0131r\u0131lmas\u0131na q\u0259rar verib.A\u0130-92 benzini, dizel yanaca\u011f\u0131, metro v\u0259 avtobusda gedi\u015f haqq\u0131 art\u0131r\u0131l\u0131b, m\u0259i\u015f\u0259t tullant\u0131lar\u0131n\u0131n da\u015f\u0131nmas\u0131 tarifi \u0259vv\u0259lki qiym\u0259tin\u0259 baxanda 2-3 d\u0259f\u0259 qalx\u0131b.A\u0130-92 markal\u0131 avtomobil benzininin p\u0259rak\u0259nd\u0259 sat\u0131\u015f qiym\u0259ti 1 litr \u00fc\u00e7\u00fcn 10 q\u0259pik art\u0131r\u0131laraq 1,10 manat, dizel yanaca\u011f\u0131n\u0131n is\u0259 1 litr \u00fc\u00e7\u00fcn 20 q\u0259pik art\u0131r\u0131laraq 1 manat m\u00fc\u0259yy\u0259n edilib.Gedi\u015f haqlar\u0131 is\u0259 0.40 q\u0259pikd\u0259n 0.50 q\u0259piy\u0259 y\u00fcks\u0259lib.Bahala\u015fman\u0131n t\u0259siri nec\u0259 g\u00f6zl\u0259nilir?","breadcrumb":{"@id":"https:\/\/www.meydan.tv\/az\/article\/qiymet-artimi-nelere-sebeb-olacaq\/#breadcrumb"},"inLanguage":"az","potentialAction":[{"@type":"ReadAction","target":["https:\/\/www.meydan.tv\/az\/article\/qiymet-artimi-nelere-sebeb-olacaq\/"]}]},{"@type":"ImageObject","inLanguage":"az","@id":"https:\/\/www.meydan.tv\/az\/article\/qiymet-artimi-nelere-sebeb-olacaq\/#primaryimage","url":"https:\/\/www.meydan.tv\/wp-content\/uploads\/shutterstock_1507099391-e1652179787398.jpg","contentUrl":"https:\/\/www.meydan.tv\/wp-content\/uploads\/shutterstock_1507099391-e1652179787398.jpg","width":1200,"height":624,"caption":"Bahala\u015fma, lunopark\/Shutterstock"},{"@type":"BreadcrumbList","@id":"https:\/\/www.meydan.tv\/az\/article\/qiymet-artimi-nelere-sebeb-olacaq\/#breadcrumb","itemListElement":[{"@type":"ListItem","position":1,"name":"Ana s\u0259hif\u0259","item":"https:\/\/www.meydan.tv\/az\/"},{"@type":"ListItem","position":2,"name":"\u0130qtisadiyyat","item":"https:\/\/www.meydan.tv\/az\/section\/iqtisadiyyat\/"},{"@type":"ListItem","position":3,"name":"Qiym\u0259t art\u0131m\u0131 n\u0259l\u0259r\u0259 s\u0259b\u0259b olacaq?"}]},{"@type":"WebSite","@id":"https:\/\/www.meydan.tv\/az\/#website","url":"https:\/\/www.meydan.tv\/az\/","name":"MEYDAN.TV","description":"Meydan TV Az\u0259rbaycan\u0131n media m\u0259kan\u0131ndak\u0131 alternativ s\u0259sidir","publisher":{"@id":"https:\/\/www.meydan.tv\/az\/#organization"},"potentialAction":[{"@type":"SearchAction","target":{"@type":"EntryPoint","urlTemplate":"https:\/\/www.meydan.tv\/az\/?s={search_term_string}"},"query-input":{"@type":"PropertyValueSpecification","valueRequired":true,"valueName":"search_term_string"}}],"inLanguage":"az"},{"@type":"Organization","@id":"https:\/\/www.meydan.tv\/az\/#organization","name":"Meydan TV","url":"https:\/\/www.meydan.tv\/az\/","logo":{"@type":"ImageObject","inLanguage":"az","@id":"https:\/\/www.meydan.tv\/az\/#\/schema\/logo\/image\/","url":"https:\/\/www.meydan.tv\/wp-content\/uploads\/2021\/07\/meydan-logo.svg","contentUrl":"https:\/\/www.meydan.tv\/wp-content\/uploads\/2021\/07\/meydan-logo.svg","width":195,"height":46,"caption":"Meydan TV"},"image":{"@id":"https:\/\/www.meydan.tv\/az\/#\/schema\/logo\/image\/"}},{"@type":"Person","@id":"https:\/\/www.meydan.tv\/az\/#\/schema\/person\/09863e516102a829e72bedcf3f84c6b0","name":"mahmud"}]}},"_links":{"self":[{"href":"https:\/\/www.meydan.tv\/az\/wp-json\/wp\/v2\/posts\/309372","targetHints":{"allow":["GET"]}}],"collection":[{"href":"https:\/\/www.meydan.tv\/az\/wp-json\/wp\/v2\/posts"}],"about":[{"href":"https:\/\/www.meydan.tv\/az\/wp-json\/wp\/v2\/types\/post"}],"author":[{"embeddable":true,"href":"https:\/\/www.meydan.tv\/az\/wp-json\/wp\/v2\/users\/21"}],"replies":[{"embeddable":true,"href":"https:\/\/www.meydan.tv\/az\/wp-json\/wp\/v2\/comments?post=309372"}],"version-history":[{"count":1,"href":"https:\/\/www.meydan.tv\/az\/wp-json\/wp\/v2\/posts\/309372\/revisions"}],"predecessor-version":[{"id":309373,"href":"https:\/\/www.meydan.tv\/az\/wp-json\/wp\/v2\/posts\/309372\/revisions\/309373"}],"wp:featuredmedia":[{"embeddable":true,"href":"https:\/\/www.meydan.tv\/az\/wp-json\/wp\/v2\/media\/230325"}],"wp:attachment":[{"href":"https:\/\/www.meydan.tv\/az\/wp-json\/wp\/v2\/media?parent=309372"}],"wp:term":[{"taxonomy":"category","embeddable":true,"href":"https:\/\/www.meydan.tv\/az\/wp-json\/wp\/v2\/categories?post=309372"},{"taxonomy":"post_tag","embeddable":true,"href":"https:\/\/www.meydan.tv\/az\/wp-json\/wp\/v2\/tags?post=309372"}],"curies":[{"name":"wp","href":"https:\/\/api.w.org\/{rel}","templated":true}]}}