{"id":309345,"date":"2024-06-30T21:24:51","date_gmt":"2024-06-30T17:24:51","guid":{"rendered":"https:\/\/www.meydan.tv\/?p=309345"},"modified":"2024-07-01T15:52:10","modified_gmt":"2024-07-01T11:52:10","slug":"benzinin-qiymeti-qalxdi-3","status":"publish","type":"post","link":"https:\/\/www.meydan.tv\/az\/article\/benzinin-qiymeti-qalxdi-3\/","title":{"rendered":"N\u0259qliyyat\u0131n, A\u0130-92 markal\u0131 benzinin v\u0259 dizelin qiym\u0259ti qalxd\u0131"},"content":{"rendered":"\n<figure class=\"wp-block-embed is-type-video is-provider-youtube wp-block-embed-youtube wp-embed-aspect-16-9 wp-has-aspect-ratio\"><div class=\"wp-block-embed__wrapper\">\n<iframe title=\"Az\u0259rbaycanda benzin v\u0259 dizel bahala\u015fd\u0131\" width=\"1200\" height=\"675\" data-src=\"https:\/\/www.youtube.com\/embed\/PXvYtXDxhqo?feature=oembed\" frameborder=\"0\" allow=\"accelerometer; autoplay; clipboard-write; encrypted-media; gyroscope; picture-in-picture; web-share\" referrerpolicy=\"strict-origin-when-cross-origin\" allowfullscreen src=\"data:image\/svg+xml;base64,PHN2ZyB3aWR0aD0iMSIgaGVpZ2h0PSIxIiB4bWxucz0iaHR0cDovL3d3dy53My5vcmcvMjAwMC9zdmciPjwvc3ZnPg==\" class=\"lazyload\" data-load-mode=\"1\"><\/iframe>\n<\/div><\/figure>\n\n\n\n<!--more-->\n\n\n\n<p><em><strong>M\u0259i\u015f\u0259t tullant\u0131lar\u0131n\u0131n da da\u015f\u0131nmas\u0131 tarifi artd\u0131<\/strong><\/em><\/p>\n\n\n\n<p>\u0130yunun sonuncu bazar g\u00fcn\u00fc Az\u0259rbaycanda qiym\u0259t art\u0131m\u0131 il\u0259 yadda qald\u0131. N\u0259qliyyatda gedi\u015f haqlar\u0131, el\u0259c\u0259 d\u0259 yanacaqda, m\u0259i\u015f\u0259t tullant\u0131lar\u0131n\u0131n da\u015f\u0131nmas\u0131nda qiym\u0259tl\u0259r art\u0131r\u0131ld\u0131.<\/p>\n\n\n\n<p>M\u0259lum oldu ki, bazar g\u00fcn\u00fc R\u0259q\u0259msal \u0130nki\u015faf v\u0259 N\u0259qliyyat Nazirliyi t\u0259r\u0259find\u0259n ictimai n\u0259qliyyat, hava n\u0259qliyyat\u0131 il\u0259 \u00f6lk\u0259daxili s\u0259rni\u015finda\u015f\u0131ma xidm\u0259tl\u0259ri \u00fczr\u0259 tarifl\u0259r art\u0131r\u0131l\u0131b.<\/p>\n\n\n\n<p>Qurumun yayd\u0131\u011fl <a href=\"https:\/\/report.az\/infrastruktur\/ictimai-neqliyyat-ve-hava-neqliyyati-ile-olkedaxili-sernisindasima-xidmetleri-uzre-tarifler-yenilenib\/\">m\u0259lumata<\/a> g\u00f6r\u0259, m\u00fcnt\u0259z\u0259m \u015f\u0259h\u0259rdaxili (rayondaxili) avtobus mar\u015frutlar\u0131nda s\u0259rni\u015finda\u015f\u0131ma xidm\u0259tl\u0259rinin tarifl\u0259rinin yuxar\u0131 h\u0259ddi m\u0259saf\u0259d\u0259n as\u0131l\u0131 olmayaraq 50 q\u0259pik;<\/p>\n\n\n\n<p>Metro n\u0259qliyyat\u0131nda s\u0259rni\u015finda\u015f\u0131ma xidm\u0259tinin tarifi bir gedi\u015f \u00fczr\u0259 50 q\u0259pik;<\/p>\n\n\n\n<p>M\u00fcnt\u0259z\u0259m \u015f\u0259h\u0259rl\u0259raras\u0131 avtobus mar\u015frutlar\u0131nda s\u0259rni\u015finda\u015f\u0131ma xidm\u0259ti \u00fczr\u0259 tarifin yuxar\u0131 h\u0259ddi bir kilometr \u00fc\u00e7\u00fcn 3,7 q\u0259pik olur.<\/p>\n\n\n\n<p>Eyni zamanda \u00f6lk\u0259daxili m\u00fcnt\u0259z\u0259m \u015f\u0259h\u0259r\u0259traf\u0131 v\u0259 q\u0259s\u0259b\u0259l\u0259raras\u0131 avtobus mar\u015frutlar\u0131 v\u0259 hava n\u0259qliyyat\u0131 il\u0259 \u00f6lk\u0259daxili s\u0259rni\u015finda\u015f\u0131ma xidm\u0259tl\u0259rinin tarifl\u0259rinin yuxar\u0131 h\u0259dl\u0259ri yenil\u0259nib. Lakin Bak\u0131-Nax\u00e7\u0131van\/Nax\u00e7\u0131van-Bak\u0131 istiqam\u0259tl\u0259ri \u00fczr\u0259 hava n\u0259qliyyat\u0131 il\u0259 \u00f6lk\u0259daxili s\u0259rni\u015finda\u015f\u0131ma xidm\u0259tinin tarifind\u0259 d\u0259yi\u015fiklik edilm\u0259yib.<\/p>\n\n\n\n<p>M\u00fcnt\u0259z\u0259m \u015f\u0259h\u0259rdaxili (rayondaxili) avtobus mar\u015frutlar\u0131nda s\u0259rni\u015finda\u015f\u0131ma xidm\u0259tl\u0259rinin tarifl\u0259rinin yuxar\u0131 h\u0259ddi 50 q\u0259pik m\u00fc\u0259yy\u0259n edilib.<\/p>\n\n\n\n<figure class=\"wp-block-image size-full\"><img decoding=\"async\" width=\"1200\" height=\"799\" data-src=\"https:\/\/www.meydan.tv\/wp-content\/uploads\/rabite_nazirliyi_110621.jpg\" alt=\"\" class=\"wp-image-252261 lazyload\" src=\"data:image\/svg+xml;base64,PHN2ZyB3aWR0aD0iMSIgaGVpZ2h0PSIxIiB4bWxucz0iaHR0cDovL3d3dy53My5vcmcvMjAwMC9zdmciPjwvc3ZnPg==\" style=\"--smush-placeholder-width: 1200px; --smush-placeholder-aspect-ratio: 1200\/799;\" \/><figcaption class=\"wp-element-caption\">R\u0259q\u0259msal \u0130nki\u015faf v\u0259 N\u0259qliyyat Nazirliyi. Foto: arxiv<\/figcaption><\/figure>\n\n\n\n<p>Tarif (qiym\u0259t) \u015euras\u0131 is\u0259 D\u00f6vl\u0259t Neft \u015eirk\u0259tinin (SOCAR) m\u00fcraci\u0259ti \u0259sas\u0131nda 29 iyun 2024-c\u00fc il tarixind\u0259 ke\u00e7iril\u0259n n\u00f6vb\u0259ti iclas\u0131nda dig\u0259r art\u0131mlarla ba\u011fl\u0131 q\u0259rar verdiyini a\u00e7\u0131qlay\u0131b.<\/p>\n\n\n\n<p>Hakimiyy\u0259ty\u00f6n\u00fcml\u00fc media bunu \u201cqiym\u0259t t\u0259nziml\u0259nm\u0259si\u201d kimi qeyd ets\u0259 d\u0259, faktiki A\u0130-92 markal\u0131 avtomobil benzininin p\u0259rak\u0259nd\u0259 sat\u0131\u015f qiym\u0259ti 1 litr \u00fc\u00e7\u00fcn 10 q\u0259pik art\u0131r\u0131laraq 1,10 manat, dizel yanaca\u011f\u0131n\u0131n p\u0259rak\u0259nd\u0259 sat\u0131\u015f qiym\u0259ti is\u0259 1 litr \u00fc\u00e7\u00fcn 20 q\u0259pik art\u0131r\u0131laraq 1 manat m\u00fc\u0259yy\u0259n edilib.<\/p>\n\n\n\n<p><strong>A\u0130-95 benzinin qiym\u0259ti nec\u0259 ucuzla\u015f\u0131r?<\/strong><\/p>\n\n\n\n<p>Qiym\u0259t art\u0131m\u0131 \u0259haliy\u0259 t\u0259qdim edilm\u0259zd\u0259n \u00f6nc\u0259 A\u0130-95 markal\u0131 avtomobil benzininin 1 litrinin qiym\u0259tinin 15 iyul 2024-c\u00fc il tarixind\u0259n 40 q\u0259pik ucuzla\u015faraq 1.60 manat olmas\u0131 n\u0259z\u0259rd\u0259 tutuldu\u011fu bar\u0259d\u0259 x\u0259b\u0259r ictimaiyy\u0259t\u0259 \u00e7atd\u0131r\u0131l\u0131b.<\/p>\n\n\n\n<p>Bildirilib ki, SOCAR-\u0131n emal kompleksind\u0259 istehsal olunan m\u0259hsullar\u0131 Avro-5 standartlar\u0131na \u00e7atd\u0131rmaq m\u0259qs\u0259dil\u0259 Heyd\u0259r \u018fliyev ad\u0131na Neft Emal\u0131 zavodunda (NEZ) apar\u0131lan yenid\u0259nqurma v\u0259 modernizasiya i\u015fl\u0259rinin ilkin m\u0259rh\u0259l\u0259si \u00fczr\u0259 i\u015fl\u0259r tamamlanmaq \u00fczr\u0259dir.<\/p>\n\n\n\n<p><em>\u201cLayih\u0259nin dizel v\u0259 benzin istehsal\u0131 qur\u011fular\u0131n\u0131n in\u015fas\u0131 \u00fczr\u0259 i\u015fl\u0259r yekunla\u015f\u0131b, bir s\u0131ra \u00fcmumzavod t\u0259s\u0259rr\u00fcfat\u0131 qur\u011fular\u0131, texnoloji qur\u011fular istismara verilib. G\u00f6r\u00fclm\u00fc\u015f i\u015fl\u0259r n\u0259tic\u0259sind\u0259 NEZ-d\u0259 istehsal olunan A\u0130-92 v\u0259 A\u0130-95 markal\u0131 avtomobil benzinl\u0259ri art\u0131q Avro-5 standartlar\u0131na \u00e7atd\u0131r\u0131l\u0131b\u201d<\/em>, &#8211; x\u0259b\u0259rd\u0259 deyilir.<\/p>\n\n\n\n<p>2022-ci ild\u0259 A\u0130-95 markal\u0131 benzinin qiym\u0259ti 1,6 manatdan 2 manata, A\u0130-98 markal\u0131 benzinin qiym\u0259ti is\u0259 1,9 manatdan 2,3 manata y\u00fcks\u0259lib.<\/p>\n\n\n\n<p>H\u0259r iki benzin n\u00f6v\u00fc Az\u0259rbaycanda istehsal olunmur, xaricd\u0259n idxal edilir. Onlar\u0131n qiym\u0259ti Tarif \u015euras\u0131 t\u0259r\u0259find\u0259n t\u0259nziml\u0259nmir. Bu benzinl\u0259r \u00f6lk\u0259y\u0259 &#8220;SOCAR Petroleum&#8221; t\u00f6r\u0259m\u0259 \u015firk\u0259ti t\u0259r\u0259find\u0259n g\u0259tirilir. Bu s\u0259b\u0259bd\u0259n d\u0259 s\u00f6z\u00fcged\u0259n benzin n\u00f6vl\u0259rind\u0259 ucuzla\u015fman\u0131n Tarif \u015euras\u0131n\u0131n bahala\u015fma q\u0259rar\u0131n\u0131n yaradaca\u011f\u0131 ajiotaj\u0131 d\u0259f etm\u0259k m\u0259qs\u0259di da\u015f\u0131d\u0131\u011f\u0131, m\u00fcv\u0259qq\u0259ti oldu\u011fu ehtimal edilir.<\/p>\n\n\n\n<p><strong>Qiym\u0259t art\u0131m\u0131na haz\u0131rl\u0131q<\/strong><\/p>\n\n\n\n<p>Bir ne\u00e7\u0259 g\u00fcn idi ki, yerli media A\u0130-92 markal\u0131 avtomobil benzininin v\u0259 dizel yanaca\u011f\u0131n\u0131n qiym\u0259tinin t\u0259nziml\u0259nm\u0259sinin vacibliyi il\u0259 ba\u011fl\u0131 m\u0259lumatlar verirdi. Tarif \u015euras\u0131 da hesab edir ki, bu yanacaqlar\u0131n p\u0259rak\u0259nd\u0259 sat\u0131\u015f qiym\u0259tl\u0259ri \u0259ks\u0259r \u00f6lk\u0259l\u0259rl\u0259 m\u00fcqayis\u0259d\u0259 y\u00fcks\u0259k deyil: <\/p>\n\n\n\n<p><em>\u201c\u018fks\u0259r \u00f6lk\u0259l\u0259rd\u0259 art\u0131q A\u0130-92 markal\u0131 benzin istehsal olunmur v\u0259 sat\u0131lm\u0131r, dizelin daha y\u00fcks\u0259k ekoloji z\u0259r\u0259rin\u0259 g\u00f6r\u0259 istehlak\u0131n\u0131n azald\u0131lmas\u0131 m\u0259qs\u0259dil\u0259 qiym\u0259ti bahala\u015fd\u0131r\u0131l\u0131r. D\u00fcnya s\u0259viyy\u0259sind\u0259 b\u00f6y\u00fck istehsal\u00e7\u0131lar \u201cpremium\u201d markal\u0131, elektrik v\u0259 hibrid m\u00fch\u0259rrikli avtomobill\u0259rin istehsal\u0131na ke\u00e7idi s\u00fcr\u0259tl\u0259 davam edir. Avropa \u0130ttifaq\u0131nda benzin v\u0259 ya dizel m\u00fch\u0259rrikli (karbon-neytral sintetik yanacaqla (e-yanacaq) i\u015fl\u0259y\u0259n avtomobill\u0259r istisna olaraq) yeni avtomobill\u0259rin istehsal\u0131 v\u0259 qeydiyyat\u0131n\u0131n dayand\u0131r\u0131lmas\u0131 istiqam\u0259tind\u0259 t\u0259dbirl\u0259r h\u0259yata ke\u00e7irilir\u201d<\/em>, &#8211; APA-n\u0131n <a href=\"https:\/\/apa.az\/senaye-ve-energetika\/azerbaycanda-bir-sira-sahelerde-qiymetler-tenzimlenib-ai-92-benzini-1-manat-10-qepik-dizel-1-manat-olub-852218\">m\u0259lumat\u0131nda<\/a> qeyd olunur.<\/p>\n\n\n\n<p>\u0130qtisad\u00e7\u0131 Natiq C\u0259f\u0259rli is\u0259 <a href=\"https:\/\/www.meydan.tv\/az\/article\/ai-92-ve-dizelin-qiymet-artimina-ehtiyac-varmi\/\">deyir<\/a> ki, A\u0130-92 v\u0259 dizel yanaca\u011f\u0131n\u0131n qiym\u0259tinin artmas\u0131 \u00fc\u00e7\u00fcn he\u00e7 bir iqtisadi \u0259sas yoxdur. \u0130qtisad\u00e7\u0131 bildirir ki, Az\u0259rbaycan neft \u00f6lk\u0259sidir, xammal\u0131 xaricd\u0259n alm\u0131r:<\/p>\n\n\n<div class=\"wp-block-image\">\n<figure class=\"alignright size-large is-resized\"><img decoding=\"async\" data-src=\"https:\/\/www.meydan.tv\/wp-content\/uploads\/natiq_cafarli-1200x800.jpg\" alt=\"Natiq C\u0259f\u0259rli\" class=\"wp-image-209935 lazyload\" style=\"--smush-placeholder-width: 1200px; --smush-placeholder-aspect-ratio: 1200\/800;width:432px;height:auto\" src=\"data:image\/svg+xml;base64,PHN2ZyB3aWR0aD0iMSIgaGVpZ2h0PSIxIiB4bWxucz0iaHR0cDovL3d3dy53My5vcmcvMjAwMC9zdmciPjwvc3ZnPg==\" \/><figcaption class=\"wp-element-caption\">Foto: Meydan.TV<\/figcaption><\/figure>\n<\/div>\n\n\n<p><em>\u201c\u00dcst\u0259lik, yerli istehsal\u0131 var, neftin qiym\u0259ti d\u00fcnya bazar\u0131nda ilin \u0259vv\u0259lind\u0259n b\u0259ri artmay\u0131b. 80-85 dollar koridorunda sabitl\u0259\u015fib. D\u0259b olan \u201cekoloji probleml\u0259r\u201d m\u00f6vzusunu i\u015fin i\u00e7in\u0259 qat\u0131b, qiym\u0259t art\u0131m\u0131na \u201cqlamur\u201d don geydirm\u0259k d\u0259 do\u011fru deyil. Ekoloji h\u0259ssasl\u0131\u011f\u0131m\u0131z, avtomobil park\u0131n\u0131 yenil\u0259m\u0259k ist\u0259yimiz, elektrik v\u0259 hibrid ma\u015f\u0131nlara ke\u00e7idi s\u00fcr\u0259tl\u0259ndirm\u0259k arzumuz varsa, o zaman geni\u015f t\u0259\u015fviq proqram\u0131 q\u0259bul edilm\u0259li, ke\u00e7id orqanik v\u0259 t\u0259bii yolla ba\u015f verm\u0259lidir\u201d.<\/em><\/p>\n\n\n\n<p><strong>Zibilin d\u0259 qiym\u0259ti art\u0131b<\/strong><\/p>\n\n\n\n<p>Tarif \u015euras\u0131n\u0131n iclas\u0131nda b\u0259rk m\u0259i\u015f\u0259t tullant\u0131lar\u0131n\u0131n idar\u0259 edilm\u0259si \u00fczr\u0259 d\u0259 tarifl\u0259r\u0259 bax\u0131l\u0131b.<\/p>\n\n\n\n<p>Bundan sonra b\u0259rk m\u0259i\u015f\u0259t tullant\u0131lar\u0131n\u0131n idar\u0259 edilm\u0259si \u00fczr\u0259 yeni tarifl\u0259r bel\u0259 olacaq:<\/p>\n\n\n\n<p>B\u0259rk m\u0259i\u015f\u0259t tullant\u0131lar\u0131n\u0131n y\u0131\u011f\u0131lmas\u0131 v\u0259 da\u015f\u0131nmas\u0131 xidm\u0259ti \u00fczr\u0259:<\/p>\n\n\n\n<p>Bak\u0131 \u015f\u0259h\u0259rind\u0259:<\/p>\n\n\n\n<ul class=\"wp-block-list\">\n<li>\u018fhali qrupu \u00fczr\u0259 &#8211; 1 n\u0259f\u0259r\u0259 g\u00f6r\u0259 ayl\u0131q 1 manat (\u018fDV daxil).<\/li>\n\n\n\n<li>Qeyri-\u0259hali qrupu \u00fczr\u0259 &#8211; 1 kub metr \u00fc\u00e7\u00fcn 15 manat v\u0259 ya 1 ton \u00fc\u00e7\u00fcn 68,30 manat (\u018fDV daxil).<\/li>\n\n\n\n<li>B\u0259rk m\u0259i\u015f\u0259t tullant\u0131lar\u0131n\u0131 z\u0259r\u0259rsizl\u0259\u015fdirilm\u0259si \u00fc\u00e7\u00fcn t\u0259hvil ver\u0259n qurum v\u0259 ya \u015firk\u0259tl\u0259r \u00fc\u00e7\u00fcn: 1 kub metr \u00fc\u00e7\u00fcn 3,60 manat v\u0259 ya 1 ton \u00fc\u00e7\u00fcn 16,40 manat.<\/li>\n<\/ul>\n\n\n\n<p>Dig\u0259r regionlarda:<\/p>\n\n\n\n<ul class=\"wp-block-list\">\n<li>\u018fhali qrupu \u00fczr\u0259 &#8211; 1 n\u0259f\u0259r\u0259 g\u00f6r\u0259 ayl\u0131q 0,70 manat (\u018fDV daxil).<\/li>\n\n\n\n<li>Qeyri-\u0259hali qrupu \u00fczr\u0259 &#8211; 1 kub metr \u00fc\u00e7\u00fcn 12 manat v\u0259 ya 1 ton \u00fc\u00e7\u00fcn 54,60 manat (\u018fDV daxil).<\/li>\n\n\n\n<li>B\u0259rk m\u0259i\u015f\u0259t tullant\u0131lar\u0131n\u0131 z\u0259r\u0259rsizl\u0259\u015fdirilm\u0259si \u00fc\u00e7\u00fcn t\u0259hvil ver\u0259n qurum v\u0259 ya \u015firk\u0259tl\u0259r \u00fc\u00e7\u00fcn: 1 kub metr \u00fc\u00e7\u00fcn 2,50 manat v\u0259 ya 1 ton \u00fc\u00e7\u00fcn 11,50 manat.<\/li>\n<\/ul>\n\n\n\n<p>Haz\u0131rda b\u0259rk m\u0259i\u015f\u0259t tullant\u0131lar\u0131n\u0131n y\u0131\u011f\u0131lmas\u0131, da\u015f\u0131nmas\u0131 v\u0259 z\u0259r\u0259rsizl\u0259\u015fdirilm\u0259si z\u0259nciri \u00fczr\u0259 xidm\u0259tin maya d\u0259y\u0259ri \u018fDV il\u0259 birlikd\u0259 kub metrl\u0259 25 manat, tonla is\u0259 114 manat t\u0259\u015fkil edir.<\/p>\n","protected":false},"excerpt":{"rendered":"","protected":false},"author":12,"featured_media":129059,"comment_status":"closed","ping_status":"closed","sticky":false,"template":"","format":"standard","meta":{"_acf_changed":false,"_sitemap_exclude":false,"_sitemap_priority":"","_sitemap_frequency":"","footnotes":""},"categories":[79,63,56],"tags":[],"class_list":["post-309345","post","type-post","status-publish","format-standard","has-post-thumbnail","hentry","category-featured","category-video-2","category-xeberler","infinite-scroll-item","generate-columns","tablet-grid-50","mobile-grid-100","grid-parent","grid-33","no-featured-image-padding"],"acf":[],"yoast_head":"<!-- This site is optimized with the Yoast SEO plugin v27.4 - https:\/\/yoast.com\/product\/yoast-seo-wordpress\/ -->\n<title>N\u0259qliyyat\u0131n, A\u0130-92 markal\u0131 benzinin v\u0259 dizelin qiym\u0259ti qalxd\u0131 - MEYDAN.TV<\/title>\n<meta name=\"robots\" content=\"index, follow, max-snippet:-1, max-image-preview:large, max-video-preview:-1\" \/>\n<link rel=\"canonical\" href=\"https:\/\/www.meydan.tv\/az\/article\/benzinin-qiymeti-qalxdi-3\/\" \/>\n<meta property=\"og:locale\" content=\"az_AZ\" \/>\n<meta property=\"og:type\" content=\"article\" \/>\n<meta property=\"og:title\" content=\"N\u0259qliyyat\u0131n, A\u0130-92 markal\u0131 benzinin v\u0259 dizelin qiym\u0259ti qalxd\u0131 - MEYDAN.TV\" \/>\n<meta property=\"og:url\" content=\"https:\/\/www.meydan.tv\/az\/article\/benzinin-qiymeti-qalxdi-3\/\" \/>\n<meta property=\"og:site_name\" content=\"MEYDAN.TV\" \/>\n<meta property=\"article:published_time\" content=\"2024-06-30T17:24:51+00:00\" \/>\n<meta property=\"article:modified_time\" content=\"2024-07-01T11:52:10+00:00\" \/>\n<meta property=\"og:image\" content=\"https:\/\/www.meydan.tv\/wp-content\/uploads\/96dc97fa72cff42be55860b10cb.jpg\" \/>\n\t<meta property=\"og:image:width\" content=\"900\" \/>\n\t<meta property=\"og:image:height\" content=\"600\" \/>\n\t<meta property=\"og:image:type\" content=\"image\/jpeg\" \/>\n<meta name=\"author\" content=\"aleks\" \/>\n<meta name=\"twitter:card\" content=\"summary_large_image\" \/>\n<script type=\"application\/ld+json\" class=\"yoast-schema-graph\">{\"@context\":\"https:\\\/\\\/schema.org\",\"@graph\":[{\"@type\":\"Article\",\"@id\":\"https:\\\/\\\/www.meydan.tv\\\/az\\\/article\\\/benzinin-qiymeti-qalxdi-3\\\/#article\",\"isPartOf\":{\"@id\":\"https:\\\/\\\/www.meydan.tv\\\/az\\\/article\\\/benzinin-qiymeti-qalxdi-3\\\/\"},\"author\":{\"name\":\"aleks\",\"@id\":\"https:\\\/\\\/www.meydan.tv\\\/az\\\/#\\\/schema\\\/person\\\/476e9360e593fa131d5d71d51866f8da\"},\"headline\":\"N\u0259qliyyat\u0131n, A\u0130-92 markal\u0131 benzinin v\u0259 dizelin qiym\u0259ti qalxd\u0131\",\"datePublished\":\"2024-06-30T17:24:51+00:00\",\"dateModified\":\"2024-07-01T11:52:10+00:00\",\"mainEntityOfPage\":{\"@id\":\"https:\\\/\\\/www.meydan.tv\\\/az\\\/article\\\/benzinin-qiymeti-qalxdi-3\\\/\"},\"wordCount\":1257,\"publisher\":{\"@id\":\"https:\\\/\\\/www.meydan.tv\\\/az\\\/#organization\"},\"image\":{\"@id\":\"https:\\\/\\\/www.meydan.tv\\\/az\\\/article\\\/benzinin-qiymeti-qalxdi-3\\\/#primaryimage\"},\"thumbnailUrl\":\"https:\\\/\\\/www.meydan.tv\\\/wp-content\\\/uploads\\\/96dc97fa72cff42be55860b10cb.jpg\",\"articleSection\":[\"T\u00f6vsiy\u0259\",\"Video\",\"X\u0259b\u0259rl\u0259r\"],\"inLanguage\":\"az\"},{\"@type\":\"WebPage\",\"@id\":\"https:\\\/\\\/www.meydan.tv\\\/az\\\/article\\\/benzinin-qiymeti-qalxdi-3\\\/\",\"url\":\"https:\\\/\\\/www.meydan.tv\\\/az\\\/article\\\/benzinin-qiymeti-qalxdi-3\\\/\",\"name\":\"N\u0259qliyyat\u0131n, A\u0130-92 markal\u0131 benzinin v\u0259 dizelin qiym\u0259ti qalxd\u0131 - MEYDAN.TV\",\"isPartOf\":{\"@id\":\"https:\\\/\\\/www.meydan.tv\\\/az\\\/#website\"},\"primaryImageOfPage\":{\"@id\":\"https:\\\/\\\/www.meydan.tv\\\/az\\\/article\\\/benzinin-qiymeti-qalxdi-3\\\/#primaryimage\"},\"image\":{\"@id\":\"https:\\\/\\\/www.meydan.tv\\\/az\\\/article\\\/benzinin-qiymeti-qalxdi-3\\\/#primaryimage\"},\"thumbnailUrl\":\"https:\\\/\\\/www.meydan.tv\\\/wp-content\\\/uploads\\\/96dc97fa72cff42be55860b10cb.jpg\",\"datePublished\":\"2024-06-30T17:24:51+00:00\",\"dateModified\":\"2024-07-01T11:52:10+00:00\",\"breadcrumb\":{\"@id\":\"https:\\\/\\\/www.meydan.tv\\\/az\\\/article\\\/benzinin-qiymeti-qalxdi-3\\\/#breadcrumb\"},\"inLanguage\":\"az\",\"potentialAction\":[{\"@type\":\"ReadAction\",\"target\":[\"https:\\\/\\\/www.meydan.tv\\\/az\\\/article\\\/benzinin-qiymeti-qalxdi-3\\\/\"]}]},{\"@type\":\"ImageObject\",\"inLanguage\":\"az\",\"@id\":\"https:\\\/\\\/www.meydan.tv\\\/az\\\/article\\\/benzinin-qiymeti-qalxdi-3\\\/#primaryimage\",\"url\":\"https:\\\/\\\/www.meydan.tv\\\/wp-content\\\/uploads\\\/96dc97fa72cff42be55860b10cb.jpg\",\"contentUrl\":\"https:\\\/\\\/www.meydan.tv\\\/wp-content\\\/uploads\\\/96dc97fa72cff42be55860b10cb.jpg\",\"width\":900,\"height\":600,\"caption\":\"Foto: Meydan TV\"},{\"@type\":\"BreadcrumbList\",\"@id\":\"https:\\\/\\\/www.meydan.tv\\\/az\\\/article\\\/benzinin-qiymeti-qalxdi-3\\\/#breadcrumb\",\"itemListElement\":[{\"@type\":\"ListItem\",\"position\":1,\"name\":\"Ana s\u0259hif\u0259\",\"item\":\"https:\\\/\\\/www.meydan.tv\\\/az\\\/\"},{\"@type\":\"ListItem\",\"position\":2,\"name\":\"X\u0259b\u0259rl\u0259r\",\"item\":\"https:\\\/\\\/www.meydan.tv\\\/az\\\/section\\\/xeberler\\\/\"},{\"@type\":\"ListItem\",\"position\":3,\"name\":\"N\u0259qliyyat\u0131n, A\u0130-92 markal\u0131 benzinin v\u0259 dizelin qiym\u0259ti qalxd\u0131\"}]},{\"@type\":\"WebSite\",\"@id\":\"https:\\\/\\\/www.meydan.tv\\\/az\\\/#website\",\"url\":\"https:\\\/\\\/www.meydan.tv\\\/az\\\/\",\"name\":\"MEYDAN.TV\",\"description\":\"Meydan TV Az\u0259rbaycan\u0131n media m\u0259kan\u0131ndak\u0131 alternativ s\u0259sidir\",\"publisher\":{\"@id\":\"https:\\\/\\\/www.meydan.tv\\\/az\\\/#organization\"},\"potentialAction\":[{\"@type\":\"SearchAction\",\"target\":{\"@type\":\"EntryPoint\",\"urlTemplate\":\"https:\\\/\\\/www.meydan.tv\\\/az\\\/?s={search_term_string}\"},\"query-input\":{\"@type\":\"PropertyValueSpecification\",\"valueRequired\":true,\"valueName\":\"search_term_string\"}}],\"inLanguage\":\"az\"},{\"@type\":\"Organization\",\"@id\":\"https:\\\/\\\/www.meydan.tv\\\/az\\\/#organization\",\"name\":\"Meydan TV\",\"url\":\"https:\\\/\\\/www.meydan.tv\\\/az\\\/\",\"logo\":{\"@type\":\"ImageObject\",\"inLanguage\":\"az\",\"@id\":\"https:\\\/\\\/www.meydan.tv\\\/az\\\/#\\\/schema\\\/logo\\\/image\\\/\",\"url\":\"https:\\\/\\\/www.meydan.tv\\\/wp-content\\\/uploads\\\/2021\\\/07\\\/meydan-logo.svg\",\"contentUrl\":\"https:\\\/\\\/www.meydan.tv\\\/wp-content\\\/uploads\\\/2021\\\/07\\\/meydan-logo.svg\",\"width\":195,\"height\":46,\"caption\":\"Meydan TV\"},\"image\":{\"@id\":\"https:\\\/\\\/www.meydan.tv\\\/az\\\/#\\\/schema\\\/logo\\\/image\\\/\"}},{\"@type\":\"Person\",\"@id\":\"https:\\\/\\\/www.meydan.tv\\\/az\\\/#\\\/schema\\\/person\\\/476e9360e593fa131d5d71d51866f8da\",\"name\":\"aleks\"}]}<\/script>\n<!-- \/ Yoast SEO plugin. -->","yoast_head_json":{"title":"N\u0259qliyyat\u0131n, A\u0130-92 markal\u0131 benzinin v\u0259 dizelin qiym\u0259ti qalxd\u0131 - MEYDAN.TV","robots":{"index":"index","follow":"follow","max-snippet":"max-snippet:-1","max-image-preview":"max-image-preview:large","max-video-preview":"max-video-preview:-1"},"canonical":"https:\/\/www.meydan.tv\/az\/article\/benzinin-qiymeti-qalxdi-3\/","og_locale":"az_AZ","og_type":"article","og_title":"N\u0259qliyyat\u0131n, A\u0130-92 markal\u0131 benzinin v\u0259 dizelin qiym\u0259ti qalxd\u0131 - MEYDAN.TV","og_url":"https:\/\/www.meydan.tv\/az\/article\/benzinin-qiymeti-qalxdi-3\/","og_site_name":"MEYDAN.TV","article_published_time":"2024-06-30T17:24:51+00:00","article_modified_time":"2024-07-01T11:52:10+00:00","og_image":[{"width":900,"height":600,"url":"https:\/\/www.meydan.tv\/wp-content\/uploads\/96dc97fa72cff42be55860b10cb.jpg","type":"image\/jpeg"}],"author":"aleks","twitter_card":"summary_large_image","schema":{"@context":"https:\/\/schema.org","@graph":[{"@type":"Article","@id":"https:\/\/www.meydan.tv\/az\/article\/benzinin-qiymeti-qalxdi-3\/#article","isPartOf":{"@id":"https:\/\/www.meydan.tv\/az\/article\/benzinin-qiymeti-qalxdi-3\/"},"author":{"name":"aleks","@id":"https:\/\/www.meydan.tv\/az\/#\/schema\/person\/476e9360e593fa131d5d71d51866f8da"},"headline":"N\u0259qliyyat\u0131n, A\u0130-92 markal\u0131 benzinin v\u0259 dizelin qiym\u0259ti qalxd\u0131","datePublished":"2024-06-30T17:24:51+00:00","dateModified":"2024-07-01T11:52:10+00:00","mainEntityOfPage":{"@id":"https:\/\/www.meydan.tv\/az\/article\/benzinin-qiymeti-qalxdi-3\/"},"wordCount":1257,"publisher":{"@id":"https:\/\/www.meydan.tv\/az\/#organization"},"image":{"@id":"https:\/\/www.meydan.tv\/az\/article\/benzinin-qiymeti-qalxdi-3\/#primaryimage"},"thumbnailUrl":"https:\/\/www.meydan.tv\/wp-content\/uploads\/96dc97fa72cff42be55860b10cb.jpg","articleSection":["T\u00f6vsiy\u0259","Video","X\u0259b\u0259rl\u0259r"],"inLanguage":"az"},{"@type":"WebPage","@id":"https:\/\/www.meydan.tv\/az\/article\/benzinin-qiymeti-qalxdi-3\/","url":"https:\/\/www.meydan.tv\/az\/article\/benzinin-qiymeti-qalxdi-3\/","name":"N\u0259qliyyat\u0131n, A\u0130-92 markal\u0131 benzinin v\u0259 dizelin qiym\u0259ti qalxd\u0131 - MEYDAN.TV","isPartOf":{"@id":"https:\/\/www.meydan.tv\/az\/#website"},"primaryImageOfPage":{"@id":"https:\/\/www.meydan.tv\/az\/article\/benzinin-qiymeti-qalxdi-3\/#primaryimage"},"image":{"@id":"https:\/\/www.meydan.tv\/az\/article\/benzinin-qiymeti-qalxdi-3\/#primaryimage"},"thumbnailUrl":"https:\/\/www.meydan.tv\/wp-content\/uploads\/96dc97fa72cff42be55860b10cb.jpg","datePublished":"2024-06-30T17:24:51+00:00","dateModified":"2024-07-01T11:52:10+00:00","breadcrumb":{"@id":"https:\/\/www.meydan.tv\/az\/article\/benzinin-qiymeti-qalxdi-3\/#breadcrumb"},"inLanguage":"az","potentialAction":[{"@type":"ReadAction","target":["https:\/\/www.meydan.tv\/az\/article\/benzinin-qiymeti-qalxdi-3\/"]}]},{"@type":"ImageObject","inLanguage":"az","@id":"https:\/\/www.meydan.tv\/az\/article\/benzinin-qiymeti-qalxdi-3\/#primaryimage","url":"https:\/\/www.meydan.tv\/wp-content\/uploads\/96dc97fa72cff42be55860b10cb.jpg","contentUrl":"https:\/\/www.meydan.tv\/wp-content\/uploads\/96dc97fa72cff42be55860b10cb.jpg","width":900,"height":600,"caption":"Foto: Meydan TV"},{"@type":"BreadcrumbList","@id":"https:\/\/www.meydan.tv\/az\/article\/benzinin-qiymeti-qalxdi-3\/#breadcrumb","itemListElement":[{"@type":"ListItem","position":1,"name":"Ana s\u0259hif\u0259","item":"https:\/\/www.meydan.tv\/az\/"},{"@type":"ListItem","position":2,"name":"X\u0259b\u0259rl\u0259r","item":"https:\/\/www.meydan.tv\/az\/section\/xeberler\/"},{"@type":"ListItem","position":3,"name":"N\u0259qliyyat\u0131n, A\u0130-92 markal\u0131 benzinin v\u0259 dizelin qiym\u0259ti qalxd\u0131"}]},{"@type":"WebSite","@id":"https:\/\/www.meydan.tv\/az\/#website","url":"https:\/\/www.meydan.tv\/az\/","name":"MEYDAN.TV","description":"Meydan TV Az\u0259rbaycan\u0131n media m\u0259kan\u0131ndak\u0131 alternativ s\u0259sidir","publisher":{"@id":"https:\/\/www.meydan.tv\/az\/#organization"},"potentialAction":[{"@type":"SearchAction","target":{"@type":"EntryPoint","urlTemplate":"https:\/\/www.meydan.tv\/az\/?s={search_term_string}"},"query-input":{"@type":"PropertyValueSpecification","valueRequired":true,"valueName":"search_term_string"}}],"inLanguage":"az"},{"@type":"Organization","@id":"https:\/\/www.meydan.tv\/az\/#organization","name":"Meydan TV","url":"https:\/\/www.meydan.tv\/az\/","logo":{"@type":"ImageObject","inLanguage":"az","@id":"https:\/\/www.meydan.tv\/az\/#\/schema\/logo\/image\/","url":"https:\/\/www.meydan.tv\/wp-content\/uploads\/2021\/07\/meydan-logo.svg","contentUrl":"https:\/\/www.meydan.tv\/wp-content\/uploads\/2021\/07\/meydan-logo.svg","width":195,"height":46,"caption":"Meydan TV"},"image":{"@id":"https:\/\/www.meydan.tv\/az\/#\/schema\/logo\/image\/"}},{"@type":"Person","@id":"https:\/\/www.meydan.tv\/az\/#\/schema\/person\/476e9360e593fa131d5d71d51866f8da","name":"aleks"}]}},"_links":{"self":[{"href":"https:\/\/www.meydan.tv\/az\/wp-json\/wp\/v2\/posts\/309345","targetHints":{"allow":["GET"]}}],"collection":[{"href":"https:\/\/www.meydan.tv\/az\/wp-json\/wp\/v2\/posts"}],"about":[{"href":"https:\/\/www.meydan.tv\/az\/wp-json\/wp\/v2\/types\/post"}],"author":[{"embeddable":true,"href":"https:\/\/www.meydan.tv\/az\/wp-json\/wp\/v2\/users\/12"}],"replies":[{"embeddable":true,"href":"https:\/\/www.meydan.tv\/az\/wp-json\/wp\/v2\/comments?post=309345"}],"version-history":[{"count":5,"href":"https:\/\/www.meydan.tv\/az\/wp-json\/wp\/v2\/posts\/309345\/revisions"}],"predecessor-version":[{"id":309391,"href":"https:\/\/www.meydan.tv\/az\/wp-json\/wp\/v2\/posts\/309345\/revisions\/309391"}],"wp:featuredmedia":[{"embeddable":true,"href":"https:\/\/www.meydan.tv\/az\/wp-json\/wp\/v2\/media\/129059"}],"wp:attachment":[{"href":"https:\/\/www.meydan.tv\/az\/wp-json\/wp\/v2\/media?parent=309345"}],"wp:term":[{"taxonomy":"category","embeddable":true,"href":"https:\/\/www.meydan.tv\/az\/wp-json\/wp\/v2\/categories?post=309345"},{"taxonomy":"post_tag","embeddable":true,"href":"https:\/\/www.meydan.tv\/az\/wp-json\/wp\/v2\/tags?post=309345"}],"curies":[{"name":"wp","href":"https:\/\/api.w.org\/{rel}","templated":true}]}}