{"id":309342,"date":"2024-06-30T14:21:52","date_gmt":"2024-06-30T10:21:52","guid":{"rendered":"https:\/\/www.meydan.tv\/?p=309342"},"modified":"2024-06-30T21:51:54","modified_gmt":"2024-06-30T17:51:54","slug":"ukrayna-eyni-vaxtda-ai-ve-iki-olke-ile-tehlukesizlik-haqqinda-sazis-imzalayib","status":"publish","type":"post","link":"https:\/\/www.meydan.tv\/az\/article\/ukrayna-eyni-vaxtda-ai-ve-iki-olke-ile-tehlukesizlik-haqqinda-sazis-imzalayib\/","title":{"rendered":"Ukrayna eyni vaxtda A\u0130 v\u0259 iki \u00f6lk\u0259 il\u0259 t\u0259hl\u00fck\u0259sizlik haqq\u0131nda sazi\u015f imzalay\u0131b"},"content":{"rendered":"\n<p><\/p>\n\n\n\n<p><strong><em>H\u0259r iki sazi\u015fd\u0259 Ukraynaya d\u0259st\u0259k ifad\u0259 olunur<\/em><\/strong><\/p>\n\n\n\n<p>A\u0130 liderl\u0259rinin sammiti zaman\u0131 Ukrayna Avropa \u0130ttifaq\u0131, o c\u00fcml\u0259d\u0259n Estoniya v\u0259 Litva il\u0259 t\u0259hl\u00fck\u0259sizlik haqq\u0131nda sazi\u015f<a href=\"https:\/\/hromadske.ua\/ru\/politika\/226767-ukraina-podpisala-soglashenie-o-bezopasnosti-s-es-i-esche-dvumya-stranami\" target=\"_blank\" rel=\"noreferrer noopener\"> imzalay\u0131b<\/a>.<\/p>\n\n\n\n<p>Bu bar\u0259d\u0259 Avropa Komissiyas\u0131n\u0131n sayt\u0131nda yaz\u0131l\u0131b. A\u0130 il\u0259 sazi\u015fin ilkin m\u0259tnind\u0259 t\u0259hl\u00fck\u0259sizlik z\u0259man\u0259tl\u0259rin\u0259 dair iki \u0259sas f\u0259sil var ki, onlar\u0131n h\u0259r biri doqquz b\u0259ndd\u0259n ibar\u0259tdir, &#8211; \u201cSuspilnoye\u201d yaz\u0131r.<\/p>\n\n\n\n<p>Birinci f\u0259sild\u0259 s\u00f6hb\u0259t uzunm\u00fcdd\u0259tli m\u00fcdafi\u0259 yard\u0131m\u0131ndan, ikinci f\u0259sild\u0259 is\u0259 \u201cUkraynan\u0131n v\u0259 onun Avropa \u0130ttifaq\u0131ndak\u0131 v\u0259t\u0259nda\u015flar\u0131n\u0131n g\u0259l\u0259c\u0259yi\u201d, minalar\u0131n t\u0259mizl\u0259nm\u0259si v\u0259 b\u0259rpas\u0131, Rusiyaya qar\u015f\u0131 sanksiyalar\u0131n g\u00fccl\u0259ndirilm\u0259si v\u0259 s.-d\u0259n gedir.<\/p>\n\n\n\n<p>Bundan ba\u015fqa, s\u0259n\u0259d \u201cUkrayna Facility\u201d proqram\u0131 \u00e7\u0259r\u00e7iv\u0259sind\u0259 Ukraynaya 50 milyard avro m\u0259bl\u0259\u011find\u0259 d\u0259st\u0259yi v\u0259 g\u0259l\u0259c\u0259kd\u0259 Ukraynaya qar\u015f\u0131 ba\u015f ver\u0259 bil\u0259c\u0259k t\u0259cav\u00fcz zaman\u0131 iyirmi d\u00f6rd saat \u0259rzind\u0259 t\u0259cili konsultasiyalar\u0131 n\u0259z\u0259rd\u0259 tutur.<\/p>\n\n\n\n<p>Ukrayna h\u0259m\u00e7inin Litva v\u0259 Estoniya il\u0259 d\u0259 t\u0259hl\u00fck\u0259sizlik haqq\u0131nda sazi\u015f imzalay\u0131b. \u00d6lk\u0259 Prezidenti Vladimir Zelenski daha \u0259vv\u0259l bu sazi\u015fl\u0259rin imzaland\u0131\u011f\u0131n\u0131 elan ed\u0259r\u0259k s\u00f6yl\u0259yib ki, A\u0130 il\u0259 sazi\u015f \u201cdaxild\u0259 ist\u0259nil\u0259n institusional d\u0259yi\u015fiklikl\u0259r\u0259 r\u0259\u011fm\u0259n, 27 \u00fczv d\u00f6vl\u0259tin ilk d\u0259f\u0259 olaraq Ukraynaya geni\u015f d\u0259st\u0259k verm\u0259k \u00f6hd\u0259liyini t\u0259min ed\u0259c\u0259k\u201d. <\/p>\n\n\n\n<p>\u201cReuters\u201d agentliyi h\u0259l\u0259 may ay\u0131nda Ukrayna il\u0259 A\u0130 aras\u0131ndak\u0131 t\u0259hl\u00fck\u0259sizlik sazi\u015finin m\u0259zmununu a\u00e7\u0131qlam\u0131\u015fd\u0131. Bel\u0259likl\u0259, yeni t\u0259cav\u00fcz ba\u015f verdiyi t\u0259qdird\u0259 Avropa \u0130ttifaq\u0131 ilk 24 saat \u0259rzind\u0259 Ukraynan\u0131n ehtiyaclar\u0131 il\u0259 ba\u011fl\u0131 konsultasiyalar aparma\u011f\u0131 v\u0259 \u201ctez bir zamanda n\u00f6vb\u0259ti add\u0131mlar\u0131 m\u00fc\u0259yy\u0259n etm\u0259yi\u201d \u00f6hd\u0259sin\u0259 g\u00f6t\u00fcr\u0259c\u0259k.<\/p>\n\n\n\n<p>Bundan ba\u015fqa, sazi\u015f Ukraynaya 9 d\u0259st\u0259k formas\u0131n\u0131, \u0259sg\u0259rl\u0259rin t\u0259limini, m\u00fcdafi\u0259 s\u0259nayesind\u0259 \u0259m\u0259kda\u015fl\u0131\u011f\u0131, minalar\u0131n t\u0259mizl\u0259nm\u0259sind\u0259 yard\u0131m\u0131 v\u0259 s. n\u0259z\u0259rd\u0259 tutur. S\u0259n\u0259dd\u0259 h\u0259m\u00e7inin vur\u011fulan\u0131r ki, bu \u00f6hd\u0259likl\u0259r \u201cUkrayna Avropa yolunu davam etdirdikc\u0259\u201d q\u00fcvv\u0259d\u0259 olacaq. 10 ild\u0259n sonra bu sazi\u015f yenid\u0259n m\u00fczakir\u0259 oluna bil\u0259r.<\/p>\n\n\n\n<p><strong>T\u0259hl\u00fck\u0259sizlik sazi\u015fl\u0259ri n\u0259yi n\u0259z\u0259rd\u0259 tutur?<\/strong><\/p>\n\n\n\n<p>2023-c\u00fc ild\u0259 Viln\u00fcsd\u0259 NATO-nun iyul sammiti \u00e7\u0259r\u00e7iv\u0259sind\u0259 \u201cB\u00f6y\u00fck yeddiliy\u201din liderl\u0259ri Ukraynaya Birg\u0259 d\u0259st\u0259k b\u0259yannam\u0259si il\u0259 ba\u011fl\u0131 raz\u0131l\u0131\u011fa g\u0259libl\u0259r. \u00d6lk\u0259l\u0259r qeyd edib ki, h\u0259r biri Ukrayna il\u0259 t\u0259hl\u00fck\u0259sizlik sah\u0259sind\u0259 konkret ikit\u0259r\u0259fli uzunm\u00fcdd\u0259tli \u00f6hd\u0259likl\u0259r v\u0259 sazi\u015fl\u0259r \u00fcz\u0259rind\u0259 i\u015fl\u0259y\u0259c\u0259k. Ukrayna is\u0259 islahatlar \u00fczr\u0259 \u00f6hd\u0259lik g\u00f6t\u00fcr\u00fcb.<\/p>\n\n\n\n<p>Bu t\u0259\u015f\u0259bb\u00fcs\u0259 20-d\u0259n art\u0131q \u00f6lk\u0259 qo\u015fulub. B\u00f6y\u00fck Britaniya yekun sazi\u015f ba\u011flayan ilk \u00f6lk\u0259 olub. O vaxtdan b\u0259ri iyirmiy\u0259 yax\u0131n \u00f6lk\u0259 Ukrayna il\u0259 ikit\u0259r\u0259fli sazi\u015f imzalay\u0131b.<\/p>\n","protected":false},"excerpt":{"rendered":"<p>H\u0259r iki sazi\u015fd\u0259 Ukraynaya d\u0259st\u0259k ifad\u0259 olunur A\u0130 liderl\u0259rinin sammiti &#8230; <\/p>\n<p class=\"read-more-container\"><a title=\"Ukrayna eyni vaxtda A\u0130 v\u0259 iki \u00f6lk\u0259 il\u0259 t\u0259hl\u00fck\u0259sizlik haqq\u0131nda sazi\u015f imzalay\u0131b\" class=\"read-more button\" href=\"https:\/\/www.meydan.tv\/az\/article\/ukrayna-eyni-vaxtda-ai-ve-iki-olke-ile-tehlukesizlik-haqqinda-sazis-imzalayib\/#more-309342\" aria-label=\"Read more about Ukrayna eyni vaxtda A\u0130 v\u0259 iki \u00f6lk\u0259 il\u0259 t\u0259hl\u00fck\u0259sizlik haqq\u0131nda sazi\u015f imzalay\u0131b\">Davam\u0131<\/a><\/p>\n","protected":false},"author":16,"featured_media":237491,"comment_status":"closed","ping_status":"closed","sticky":false,"template":"","format":"standard","meta":{"_acf_changed":false,"_sitemap_exclude":false,"_sitemap_priority":"","_sitemap_frequency":"","footnotes":""},"categories":[64,56],"tags":[],"class_list":["post-309342","post","type-post","status-publish","format-standard","has-post-thumbnail","hentry","category-dunya","category-xeberler","infinite-scroll-item","generate-columns","tablet-grid-50","mobile-grid-100","grid-parent","grid-33","no-featured-image-padding"],"acf":[],"yoast_head":"<!-- This site is optimized with the Yoast SEO plugin v27.5 - https:\/\/yoast.com\/product\/yoast-seo-wordpress\/ -->\n<title>Ukrayna eyni vaxtda A\u0130 v\u0259 iki \u00f6lk\u0259 il\u0259 t\u0259hl\u00fck\u0259sizlik haqq\u0131nda sazi\u015f imzalay\u0131b - MEYDAN.TV<\/title>\n<meta name=\"robots\" content=\"index, follow, max-snippet:-1, max-image-preview:large, max-video-preview:-1\" \/>\n<link rel=\"canonical\" href=\"https:\/\/www.meydan.tv\/az\/article\/ukrayna-eyni-vaxtda-ai-ve-iki-olke-ile-tehlukesizlik-haqqinda-sazis-imzalayib\/\" \/>\n<meta property=\"og:locale\" content=\"az_AZ\" \/>\n<meta property=\"og:type\" content=\"article\" \/>\n<meta property=\"og:title\" content=\"Ukrayna eyni vaxtda A\u0130 v\u0259 iki \u00f6lk\u0259 il\u0259 t\u0259hl\u00fck\u0259sizlik haqq\u0131nda sazi\u015f imzalay\u0131b - MEYDAN.TV\" \/>\n<meta property=\"og:description\" content=\"H\u0259r iki sazi\u015fd\u0259 Ukraynaya d\u0259st\u0259k ifad\u0259 olunur A\u0130 liderl\u0259rinin sammiti ... Davam\u0131\" \/>\n<meta property=\"og:url\" content=\"https:\/\/www.meydan.tv\/az\/article\/ukrayna-eyni-vaxtda-ai-ve-iki-olke-ile-tehlukesizlik-haqqinda-sazis-imzalayib\/\" \/>\n<meta property=\"og:site_name\" content=\"MEYDAN.TV\" \/>\n<meta property=\"article:published_time\" content=\"2024-06-30T10:21:52+00:00\" \/>\n<meta property=\"article:modified_time\" content=\"2024-06-30T17:51:54+00:00\" \/>\n<meta property=\"og:image\" content=\"https:\/\/www.meydan.tv\/wp-content\/uploads\/image_from_ios-18-scaled-e1646722378134.jpg\" \/>\n\t<meta property=\"og:image:width\" content=\"2560\" \/>\n\t<meta property=\"og:image:height\" content=\"1331\" \/>\n\t<meta property=\"og:image:type\" content=\"image\/jpeg\" \/>\n<meta name=\"author\" content=\"sevda\" \/>\n<meta name=\"twitter:card\" content=\"summary_large_image\" \/>\n<script type=\"application\/ld+json\" class=\"yoast-schema-graph\">{\"@context\":\"https:\\\/\\\/schema.org\",\"@graph\":[{\"@type\":\"Article\",\"@id\":\"https:\\\/\\\/www.meydan.tv\\\/az\\\/article\\\/ukrayna-eyni-vaxtda-ai-ve-iki-olke-ile-tehlukesizlik-haqqinda-sazis-imzalayib\\\/#article\",\"isPartOf\":{\"@id\":\"https:\\\/\\\/www.meydan.tv\\\/az\\\/article\\\/ukrayna-eyni-vaxtda-ai-ve-iki-olke-ile-tehlukesizlik-haqqinda-sazis-imzalayib\\\/\"},\"author\":{\"name\":\"sevda\",\"@id\":\"https:\\\/\\\/www.meydan.tv\\\/az\\\/#\\\/schema\\\/person\\\/49b5f2bad5b126bb8ea9320eeb3e4dc9\"},\"headline\":\"Ukrayna eyni vaxtda A\u0130 v\u0259 iki \u00f6lk\u0259 il\u0259 t\u0259hl\u00fck\u0259sizlik haqq\u0131nda sazi\u015f imzalay\u0131b\",\"datePublished\":\"2024-06-30T10:21:52+00:00\",\"dateModified\":\"2024-06-30T17:51:54+00:00\",\"mainEntityOfPage\":{\"@id\":\"https:\\\/\\\/www.meydan.tv\\\/az\\\/article\\\/ukrayna-eyni-vaxtda-ai-ve-iki-olke-ile-tehlukesizlik-haqqinda-sazis-imzalayib\\\/\"},\"wordCount\":556,\"publisher\":{\"@id\":\"https:\\\/\\\/www.meydan.tv\\\/az\\\/#organization\"},\"image\":{\"@id\":\"https:\\\/\\\/www.meydan.tv\\\/az\\\/article\\\/ukrayna-eyni-vaxtda-ai-ve-iki-olke-ile-tehlukesizlik-haqqinda-sazis-imzalayib\\\/#primaryimage\"},\"thumbnailUrl\":\"https:\\\/\\\/www.meydan.tv\\\/wp-content\\\/uploads\\\/image_from_ios-18-scaled-e1646722378134.jpg\",\"articleSection\":[\"D\u00fcnya\",\"X\u0259b\u0259rl\u0259r\"],\"inLanguage\":\"az\"},{\"@type\":\"WebPage\",\"@id\":\"https:\\\/\\\/www.meydan.tv\\\/az\\\/article\\\/ukrayna-eyni-vaxtda-ai-ve-iki-olke-ile-tehlukesizlik-haqqinda-sazis-imzalayib\\\/\",\"url\":\"https:\\\/\\\/www.meydan.tv\\\/az\\\/article\\\/ukrayna-eyni-vaxtda-ai-ve-iki-olke-ile-tehlukesizlik-haqqinda-sazis-imzalayib\\\/\",\"name\":\"Ukrayna eyni vaxtda A\u0130 v\u0259 iki \u00f6lk\u0259 il\u0259 t\u0259hl\u00fck\u0259sizlik haqq\u0131nda sazi\u015f imzalay\u0131b - MEYDAN.TV\",\"isPartOf\":{\"@id\":\"https:\\\/\\\/www.meydan.tv\\\/az\\\/#website\"},\"primaryImageOfPage\":{\"@id\":\"https:\\\/\\\/www.meydan.tv\\\/az\\\/article\\\/ukrayna-eyni-vaxtda-ai-ve-iki-olke-ile-tehlukesizlik-haqqinda-sazis-imzalayib\\\/#primaryimage\"},\"image\":{\"@id\":\"https:\\\/\\\/www.meydan.tv\\\/az\\\/article\\\/ukrayna-eyni-vaxtda-ai-ve-iki-olke-ile-tehlukesizlik-haqqinda-sazis-imzalayib\\\/#primaryimage\"},\"thumbnailUrl\":\"https:\\\/\\\/www.meydan.tv\\\/wp-content\\\/uploads\\\/image_from_ios-18-scaled-e1646722378134.jpg\",\"datePublished\":\"2024-06-30T10:21:52+00:00\",\"dateModified\":\"2024-06-30T17:51:54+00:00\",\"breadcrumb\":{\"@id\":\"https:\\\/\\\/www.meydan.tv\\\/az\\\/article\\\/ukrayna-eyni-vaxtda-ai-ve-iki-olke-ile-tehlukesizlik-haqqinda-sazis-imzalayib\\\/#breadcrumb\"},\"inLanguage\":\"az\",\"potentialAction\":[{\"@type\":\"ReadAction\",\"target\":[\"https:\\\/\\\/www.meydan.tv\\\/az\\\/article\\\/ukrayna-eyni-vaxtda-ai-ve-iki-olke-ile-tehlukesizlik-haqqinda-sazis-imzalayib\\\/\"]}]},{\"@type\":\"ImageObject\",\"inLanguage\":\"az\",\"@id\":\"https:\\\/\\\/www.meydan.tv\\\/az\\\/article\\\/ukrayna-eyni-vaxtda-ai-ve-iki-olke-ile-tehlukesizlik-haqqinda-sazis-imzalayib\\\/#primaryimage\",\"url\":\"https:\\\/\\\/www.meydan.tv\\\/wp-content\\\/uploads\\\/image_from_ios-18-scaled-e1646722378134.jpg\",\"contentUrl\":\"https:\\\/\\\/www.meydan.tv\\\/wp-content\\\/uploads\\\/image_from_ios-18-scaled-e1646722378134.jpg\",\"width\":2560,\"height\":1331,\"caption\":\"Ukrayna. Foto: Meydan TV\"},{\"@type\":\"BreadcrumbList\",\"@id\":\"https:\\\/\\\/www.meydan.tv\\\/az\\\/article\\\/ukrayna-eyni-vaxtda-ai-ve-iki-olke-ile-tehlukesizlik-haqqinda-sazis-imzalayib\\\/#breadcrumb\",\"itemListElement\":[{\"@type\":\"ListItem\",\"position\":1,\"name\":\"Ana s\u0259hif\u0259\",\"item\":\"https:\\\/\\\/www.meydan.tv\\\/az\\\/\"},{\"@type\":\"ListItem\",\"position\":2,\"name\":\"X\u0259b\u0259rl\u0259r\",\"item\":\"https:\\\/\\\/www.meydan.tv\\\/az\\\/section\\\/xeberler\\\/\"},{\"@type\":\"ListItem\",\"position\":3,\"name\":\"Ukrayna eyni vaxtda A\u0130 v\u0259 iki \u00f6lk\u0259 il\u0259 t\u0259hl\u00fck\u0259sizlik haqq\u0131nda sazi\u015f imzalay\u0131b\"}]},{\"@type\":\"WebSite\",\"@id\":\"https:\\\/\\\/www.meydan.tv\\\/az\\\/#website\",\"url\":\"https:\\\/\\\/www.meydan.tv\\\/az\\\/\",\"name\":\"MEYDAN.TV\",\"description\":\"Meydan TV Az\u0259rbaycan\u0131n media m\u0259kan\u0131ndak\u0131 alternativ s\u0259sidir\",\"publisher\":{\"@id\":\"https:\\\/\\\/www.meydan.tv\\\/az\\\/#organization\"},\"potentialAction\":[{\"@type\":\"SearchAction\",\"target\":{\"@type\":\"EntryPoint\",\"urlTemplate\":\"https:\\\/\\\/www.meydan.tv\\\/az\\\/?s={search_term_string}\"},\"query-input\":{\"@type\":\"PropertyValueSpecification\",\"valueRequired\":true,\"valueName\":\"search_term_string\"}}],\"inLanguage\":\"az\"},{\"@type\":\"Organization\",\"@id\":\"https:\\\/\\\/www.meydan.tv\\\/az\\\/#organization\",\"name\":\"Meydan TV\",\"url\":\"https:\\\/\\\/www.meydan.tv\\\/az\\\/\",\"logo\":{\"@type\":\"ImageObject\",\"inLanguage\":\"az\",\"@id\":\"https:\\\/\\\/www.meydan.tv\\\/az\\\/#\\\/schema\\\/logo\\\/image\\\/\",\"url\":\"https:\\\/\\\/www.meydan.tv\\\/wp-content\\\/uploads\\\/2021\\\/07\\\/meydan-logo.svg\",\"contentUrl\":\"https:\\\/\\\/www.meydan.tv\\\/wp-content\\\/uploads\\\/2021\\\/07\\\/meydan-logo.svg\",\"width\":195,\"height\":46,\"caption\":\"Meydan TV\"},\"image\":{\"@id\":\"https:\\\/\\\/www.meydan.tv\\\/az\\\/#\\\/schema\\\/logo\\\/image\\\/\"}},{\"@type\":\"Person\",\"@id\":\"https:\\\/\\\/www.meydan.tv\\\/az\\\/#\\\/schema\\\/person\\\/49b5f2bad5b126bb8ea9320eeb3e4dc9\",\"name\":\"sevda\"}]}<\/script>\n<!-- \/ Yoast SEO plugin. -->","yoast_head_json":{"title":"Ukrayna eyni vaxtda A\u0130 v\u0259 iki \u00f6lk\u0259 il\u0259 t\u0259hl\u00fck\u0259sizlik haqq\u0131nda sazi\u015f imzalay\u0131b - MEYDAN.TV","robots":{"index":"index","follow":"follow","max-snippet":"max-snippet:-1","max-image-preview":"max-image-preview:large","max-video-preview":"max-video-preview:-1"},"canonical":"https:\/\/www.meydan.tv\/az\/article\/ukrayna-eyni-vaxtda-ai-ve-iki-olke-ile-tehlukesizlik-haqqinda-sazis-imzalayib\/","og_locale":"az_AZ","og_type":"article","og_title":"Ukrayna eyni vaxtda A\u0130 v\u0259 iki \u00f6lk\u0259 il\u0259 t\u0259hl\u00fck\u0259sizlik haqq\u0131nda sazi\u015f imzalay\u0131b - MEYDAN.TV","og_description":"H\u0259r iki sazi\u015fd\u0259 Ukraynaya d\u0259st\u0259k ifad\u0259 olunur A\u0130 liderl\u0259rinin sammiti ... Davam\u0131","og_url":"https:\/\/www.meydan.tv\/az\/article\/ukrayna-eyni-vaxtda-ai-ve-iki-olke-ile-tehlukesizlik-haqqinda-sazis-imzalayib\/","og_site_name":"MEYDAN.TV","article_published_time":"2024-06-30T10:21:52+00:00","article_modified_time":"2024-06-30T17:51:54+00:00","og_image":[{"width":2560,"height":1331,"url":"https:\/\/www.meydan.tv\/wp-content\/uploads\/image_from_ios-18-scaled-e1646722378134.jpg","type":"image\/jpeg"}],"author":"sevda","twitter_card":"summary_large_image","schema":{"@context":"https:\/\/schema.org","@graph":[{"@type":"Article","@id":"https:\/\/www.meydan.tv\/az\/article\/ukrayna-eyni-vaxtda-ai-ve-iki-olke-ile-tehlukesizlik-haqqinda-sazis-imzalayib\/#article","isPartOf":{"@id":"https:\/\/www.meydan.tv\/az\/article\/ukrayna-eyni-vaxtda-ai-ve-iki-olke-ile-tehlukesizlik-haqqinda-sazis-imzalayib\/"},"author":{"name":"sevda","@id":"https:\/\/www.meydan.tv\/az\/#\/schema\/person\/49b5f2bad5b126bb8ea9320eeb3e4dc9"},"headline":"Ukrayna eyni vaxtda A\u0130 v\u0259 iki \u00f6lk\u0259 il\u0259 t\u0259hl\u00fck\u0259sizlik haqq\u0131nda sazi\u015f imzalay\u0131b","datePublished":"2024-06-30T10:21:52+00:00","dateModified":"2024-06-30T17:51:54+00:00","mainEntityOfPage":{"@id":"https:\/\/www.meydan.tv\/az\/article\/ukrayna-eyni-vaxtda-ai-ve-iki-olke-ile-tehlukesizlik-haqqinda-sazis-imzalayib\/"},"wordCount":556,"publisher":{"@id":"https:\/\/www.meydan.tv\/az\/#organization"},"image":{"@id":"https:\/\/www.meydan.tv\/az\/article\/ukrayna-eyni-vaxtda-ai-ve-iki-olke-ile-tehlukesizlik-haqqinda-sazis-imzalayib\/#primaryimage"},"thumbnailUrl":"https:\/\/www.meydan.tv\/wp-content\/uploads\/image_from_ios-18-scaled-e1646722378134.jpg","articleSection":["D\u00fcnya","X\u0259b\u0259rl\u0259r"],"inLanguage":"az"},{"@type":"WebPage","@id":"https:\/\/www.meydan.tv\/az\/article\/ukrayna-eyni-vaxtda-ai-ve-iki-olke-ile-tehlukesizlik-haqqinda-sazis-imzalayib\/","url":"https:\/\/www.meydan.tv\/az\/article\/ukrayna-eyni-vaxtda-ai-ve-iki-olke-ile-tehlukesizlik-haqqinda-sazis-imzalayib\/","name":"Ukrayna eyni vaxtda A\u0130 v\u0259 iki \u00f6lk\u0259 il\u0259 t\u0259hl\u00fck\u0259sizlik haqq\u0131nda sazi\u015f imzalay\u0131b - MEYDAN.TV","isPartOf":{"@id":"https:\/\/www.meydan.tv\/az\/#website"},"primaryImageOfPage":{"@id":"https:\/\/www.meydan.tv\/az\/article\/ukrayna-eyni-vaxtda-ai-ve-iki-olke-ile-tehlukesizlik-haqqinda-sazis-imzalayib\/#primaryimage"},"image":{"@id":"https:\/\/www.meydan.tv\/az\/article\/ukrayna-eyni-vaxtda-ai-ve-iki-olke-ile-tehlukesizlik-haqqinda-sazis-imzalayib\/#primaryimage"},"thumbnailUrl":"https:\/\/www.meydan.tv\/wp-content\/uploads\/image_from_ios-18-scaled-e1646722378134.jpg","datePublished":"2024-06-30T10:21:52+00:00","dateModified":"2024-06-30T17:51:54+00:00","breadcrumb":{"@id":"https:\/\/www.meydan.tv\/az\/article\/ukrayna-eyni-vaxtda-ai-ve-iki-olke-ile-tehlukesizlik-haqqinda-sazis-imzalayib\/#breadcrumb"},"inLanguage":"az","potentialAction":[{"@type":"ReadAction","target":["https:\/\/www.meydan.tv\/az\/article\/ukrayna-eyni-vaxtda-ai-ve-iki-olke-ile-tehlukesizlik-haqqinda-sazis-imzalayib\/"]}]},{"@type":"ImageObject","inLanguage":"az","@id":"https:\/\/www.meydan.tv\/az\/article\/ukrayna-eyni-vaxtda-ai-ve-iki-olke-ile-tehlukesizlik-haqqinda-sazis-imzalayib\/#primaryimage","url":"https:\/\/www.meydan.tv\/wp-content\/uploads\/image_from_ios-18-scaled-e1646722378134.jpg","contentUrl":"https:\/\/www.meydan.tv\/wp-content\/uploads\/image_from_ios-18-scaled-e1646722378134.jpg","width":2560,"height":1331,"caption":"Ukrayna. Foto: Meydan TV"},{"@type":"BreadcrumbList","@id":"https:\/\/www.meydan.tv\/az\/article\/ukrayna-eyni-vaxtda-ai-ve-iki-olke-ile-tehlukesizlik-haqqinda-sazis-imzalayib\/#breadcrumb","itemListElement":[{"@type":"ListItem","position":1,"name":"Ana s\u0259hif\u0259","item":"https:\/\/www.meydan.tv\/az\/"},{"@type":"ListItem","position":2,"name":"X\u0259b\u0259rl\u0259r","item":"https:\/\/www.meydan.tv\/az\/section\/xeberler\/"},{"@type":"ListItem","position":3,"name":"Ukrayna eyni vaxtda A\u0130 v\u0259 iki \u00f6lk\u0259 il\u0259 t\u0259hl\u00fck\u0259sizlik haqq\u0131nda sazi\u015f imzalay\u0131b"}]},{"@type":"WebSite","@id":"https:\/\/www.meydan.tv\/az\/#website","url":"https:\/\/www.meydan.tv\/az\/","name":"MEYDAN.TV","description":"Meydan TV Az\u0259rbaycan\u0131n media m\u0259kan\u0131ndak\u0131 alternativ s\u0259sidir","publisher":{"@id":"https:\/\/www.meydan.tv\/az\/#organization"},"potentialAction":[{"@type":"SearchAction","target":{"@type":"EntryPoint","urlTemplate":"https:\/\/www.meydan.tv\/az\/?s={search_term_string}"},"query-input":{"@type":"PropertyValueSpecification","valueRequired":true,"valueName":"search_term_string"}}],"inLanguage":"az"},{"@type":"Organization","@id":"https:\/\/www.meydan.tv\/az\/#organization","name":"Meydan TV","url":"https:\/\/www.meydan.tv\/az\/","logo":{"@type":"ImageObject","inLanguage":"az","@id":"https:\/\/www.meydan.tv\/az\/#\/schema\/logo\/image\/","url":"https:\/\/www.meydan.tv\/wp-content\/uploads\/2021\/07\/meydan-logo.svg","contentUrl":"https:\/\/www.meydan.tv\/wp-content\/uploads\/2021\/07\/meydan-logo.svg","width":195,"height":46,"caption":"Meydan TV"},"image":{"@id":"https:\/\/www.meydan.tv\/az\/#\/schema\/logo\/image\/"}},{"@type":"Person","@id":"https:\/\/www.meydan.tv\/az\/#\/schema\/person\/49b5f2bad5b126bb8ea9320eeb3e4dc9","name":"sevda"}]}},"_links":{"self":[{"href":"https:\/\/www.meydan.tv\/az\/wp-json\/wp\/v2\/posts\/309342","targetHints":{"allow":["GET"]}}],"collection":[{"href":"https:\/\/www.meydan.tv\/az\/wp-json\/wp\/v2\/posts"}],"about":[{"href":"https:\/\/www.meydan.tv\/az\/wp-json\/wp\/v2\/types\/post"}],"author":[{"embeddable":true,"href":"https:\/\/www.meydan.tv\/az\/wp-json\/wp\/v2\/users\/16"}],"replies":[{"embeddable":true,"href":"https:\/\/www.meydan.tv\/az\/wp-json\/wp\/v2\/comments?post=309342"}],"version-history":[{"count":4,"href":"https:\/\/www.meydan.tv\/az\/wp-json\/wp\/v2\/posts\/309342\/revisions"}],"predecessor-version":[{"id":309349,"href":"https:\/\/www.meydan.tv\/az\/wp-json\/wp\/v2\/posts\/309342\/revisions\/309349"}],"wp:featuredmedia":[{"embeddable":true,"href":"https:\/\/www.meydan.tv\/az\/wp-json\/wp\/v2\/media\/237491"}],"wp:attachment":[{"href":"https:\/\/www.meydan.tv\/az\/wp-json\/wp\/v2\/media?parent=309342"}],"wp:term":[{"taxonomy":"category","embeddable":true,"href":"https:\/\/www.meydan.tv\/az\/wp-json\/wp\/v2\/categories?post=309342"},{"taxonomy":"post_tag","embeddable":true,"href":"https:\/\/www.meydan.tv\/az\/wp-json\/wp\/v2\/tags?post=309342"}],"curies":[{"name":"wp","href":"https:\/\/api.w.org\/{rel}","templated":true}]}}