{"id":309313,"date":"2024-06-29T21:07:42","date_gmt":"2024-06-29T17:07:42","guid":{"rendered":"https:\/\/www.meydan.tv\/?p=309313"},"modified":"2024-06-30T12:47:04","modified_gmt":"2024-06-30T08:47:04","slug":"xacmaz-sakini-oglumu-polisler-doyub-oldurub-xestexana-bunu-gizledir","status":"publish","type":"post","link":"https:\/\/www.meydan.tv\/az\/article\/xacmaz-sakini-oglumu-polisler-doyub-oldurub-xestexana-bunu-gizledir\/","title":{"rendered":"Xa\u00e7maz sakini: \u201cO\u011flumu polisl\u0259r d\u00f6y\u00fcb \u00f6ld\u00fcr\u00fcb, x\u0259st\u0259xana bunu gizl\u0259dir\u201d (yenil\u0259nib)"},"content":{"rendered":"\n<p><\/p>\n\n\n\n<p><em><strong>\u0130smay\u0131l Ayd\u0259mirov: \u201cCinay\u0259ti \u00f6rt-basd\u0131r el\u0259m\u0259k \u00fc\u00e7\u00fcn meyitin m\u00fcayin\u0259sil\u0259 ba\u011fl\u0131 r\u0259yi saxtala\u015fd\u0131r\u0131blar\u201d<\/strong><\/em><\/p>\n\n\n\n<p>Xa\u00e7maz sakini \u0130smay\u0131l Ayd\u0259mirov o\u011flunun \u00f6l\u00fcm s\u0259b\u0259bil\u0259 ba\u011fl\u0131 s\u0259n\u0259di x\u0259st\u0259xanadan ala bilm\u0259diyini deyir. 26 ya\u015fl\u0131 Mir\u0259li Ayd\u0259mirov 2020-ci il may\u0131n 27-d\u0259 Xa\u00e7maz Rayon M\u0259rk\u0259zi X\u0259st\u0259xanas\u0131nda \u00f6l\u00fcb. Atas\u0131n\u0131n s\u00f6zl\u0259rin\u0259 g\u00f6r\u0259, 4 ildir ki, x\u0259st\u0259xanadan \u00f6vlad\u0131n\u0131n \u00f6l\u00fcm s\u0259b\u0259bi haqq\u0131nda tibbi \u015f\u0259had\u0259tnam\u0259ni almaq \u00fc\u00e7\u00fcn m\u00fcbariz\u0259 apar\u0131r. Amma h\u0259r d\u0259f\u0259 c\u0259hdl\u0259ri n\u0259tic\u0259siz qald\u0131\u011f\u0131na g\u00f6r\u0259 m\u0259hk\u0259m\u0259y\u0259 \u00fcz tutmaq m\u0259cburiyy\u0259tind\u0259 qal\u0131b.<\/p>\n\n\n\n<p><strong>\u201cO\u011flumun i\u015fg\u0259nc\u0259d\u0259n \u00f6ld\u00fcy\u00fcn\u00fc \u00f6rt-basd\u0131r el\u0259m\u0259k \u00fc\u00e7\u00fcn\u2026\u201d<\/strong><\/p>\n\n\n\n<p><em>\u201cO\u011flumu polisl\u0259r d\u00f6y\u00fcb \u00f6ld\u00fcr\u00fcb, x\u0259st\u0259xana bunu gizl\u0259dir. Mir\u0259li Xa\u00e7maz Rayon M\u0259rk\u0259zi X\u0259st\u0259xanas\u0131n\u0131n reanimasiya \u015f\u00f6b\u0259sind\u0259 ke\u00e7inib. S\u0259hiyy\u0259 Nazirliyinin q\u0259rar\u0131 var, bioloji \u00f6l\u00fcm an\u0131 harada ba\u015f veribs\u0259, h\u0259min x\u0259st\u0259xanan\u0131n h\u0259kimi v\u0259 ya feld\u015feri \u00f6l\u00fcm haqq\u0131nda tibbi \u015f\u0259had\u0259tnam\u0259 verm\u0259lidir. Bunlar n\u0259 edibl\u0259r? O\u011flumun i\u015fg\u0259nc\u0259 n\u0259tic\u0259sind\u0259 \u00f6ld\u00fcy\u00fcn\u00fc \u00f6rt-basd\u0131r el\u0259m\u0259k \u00fc\u00e7\u00fcn biz\u0259 m\u0259lumat verm\u0259d\u0259n meyiti reanimasiyadan morqa apar\u0131blar. M\u0259hk\u0259m\u0259-Tibbi Ekspertiza v\u0259 Pataloji Anatomiya Birliyi d\u0259 \u0259sas, s\u00fcbut olmadan \u00f6l\u00fcm\u00fcn s\u0259b\u0259bini \u201cheroind\u0259n z\u0259h\u0259rl\u0259nm\u0259\u201d g\u00f6st\u0259rib. Bunun da \u0259sas\u0131nda m\u0259n\u0259 h\u0259min diaqnozla \u00f6l\u00fcm \u015f\u0259had\u0259tnam\u0259si verilib. Bu diaqnoz tamamil\u0259 saxtad\u0131r. \u018fn \u0259sas\u0131, niy\u0259 x\u0259st\u0259xana \u00f6z\u00fc \u00f6l\u00fcm s\u0259b\u0259bi haqq\u0131nda tibbi \u015f\u0259had\u0259tnam\u0259ni verm\u0259k ist\u0259mir?\u201d<\/em>, &#8211; \u0130smay\u0131l Ayd\u0259mirov Meydan TV-y\u0259 bildirib.<\/p>\n\n\n\n<figure class=\"wp-block-image size-large\"><img decoding=\"async\" width=\"616\" height=\"821\" data-src=\"https:\/\/www.meydan.tv\/wp-content\/uploads\/photo-2024-06-29-16-17-28-616x821.jpg\" alt=\"\" class=\"wp-image-309317 lazyload\" src=\"data:image\/svg+xml;base64,PHN2ZyB3aWR0aD0iMSIgaGVpZ2h0PSIxIiB4bWxucz0iaHR0cDovL3d3dy53My5vcmcvMjAwMC9zdmciPjwvc3ZnPg==\" style=\"--smush-placeholder-width: 616px; --smush-placeholder-aspect-ratio: 616\/821;\" \/><\/figure>\n\n\n\n<p>Mir\u0259li Ayd\u0259mirov. Foto: Ail\u0259 arxivind\u0259n<\/p>\n\n\n\n<p>O dan\u0131\u015f\u0131r ki, o\u011flunu 4 il \u0259vv\u0259l may\u0131n 27-n\u0259 ke\u00e7\u0259n gec\u0259 saat 2 rad\u0259l\u0259rind\u0259 Xa\u00e7maz Rayon Polis \u015e\u00f6b\u0259sinin \u0259m\u0259kda\u015flar\u0131 saxlay\u0131b. Atas\u0131n\u0131n s\u00f6zl\u0259rin\u0259 g\u00f6r\u0259, Mir\u0259li Ayd\u0259mirovu \u015f\u00f6b\u0259y\u0259 apar\u0131blar, orada onu d\u00f6y\u00fcbl\u0259r:<\/p>\n\n\n\n<p><em>\u201cCibin\u0259 narkotik at\u0131b, h\u0259bs\u0259 g\u00f6nd\u0259rm\u0259k ist\u0259yibl\u0259r, oglum da raz\u0131la\u015fmay\u0131b. Onu gec\u0259 4-\u0259 qalm\u0131\u015fa q\u0259d\u0259r amans\u0131zl\u0131qla d\u00f6y\u00fcbl\u0259r. G\u00f6r\u0259nd\u0259 ki, \u00f6l\u00fcmc\u00fcl v\u0259ziyy\u0259td\u0259dir, t\u0259cili yard\u0131m \u00e7a\u011f\u0131r\u0131blar. Meyitin foto\u015f\u0259kill\u0259ri var, oradan g\u00f6r\u00fcn\u00fcr ki, polisl\u0259r onu n\u0259 g\u00fcn\u0259 qoyublar. Ba\u015f\u0131nda, b\u0259d\u0259nind\u0259 n\u0259 q\u0259d\u0259r x\u0259sar\u0259t izl\u0259ri var. T\u0259cili yard\u0131m o\u011flumu x\u0259st\u0259xanaya apar\u0131b, reanimasiya \u015f\u00f6b\u0259sin\u0259 yerl\u0259\u015fdirib. He\u00e7 bir sutka tamam olmam\u0131\u015f \u2013 27 may ax\u015fam saat 18.40 rad\u0259l\u0259rind\u0259 Mir\u0259li i\u015fg\u0259nc\u0259 v\u0259 x\u0259sar\u0259tl\u0259rd\u0259n orada da \u00f6l\u00fcb\u201d.<\/em><\/p>\n\n\n\n<figure class=\"wp-block-image size-large\"><img decoding=\"async\" width=\"616\" height=\"821\" data-src=\"https:\/\/www.meydan.tv\/wp-content\/uploads\/photo-2024-06-29-16-17-10-616x821.jpg\" alt=\"\" class=\"wp-image-309321 lazyload\" src=\"data:image\/svg+xml;base64,PHN2ZyB3aWR0aD0iMSIgaGVpZ2h0PSIxIiB4bWxucz0iaHR0cDovL3d3dy53My5vcmcvMjAwMC9zdmciPjwvc3ZnPg==\" style=\"--smush-placeholder-width: 616px; --smush-placeholder-aspect-ratio: 616\/821;\" \/><\/figure>\n\n\n\n<p>Mir\u0259li Ayd\u0259mirov. Foto: Ail\u0259sind\u0259n<\/p>\n\n\n\n<p><strong>\u201cEkspertin yazd\u0131qlar\u0131 ba\u015fdan-aya\u011fa yaland\u0131r\u201d<\/strong><\/p>\n\n\n\n<p>\u0130smay\u0131l Ayd\u0259mirov deyir ki, 4 dekabr 2020-ci il tarixli aray\u0131\u015f var. Oradan m\u0259lum olur ki, Mir\u0259li Ayd\u0259mirov \u201cAg\u0131r qapal\u0131 k\u0259ll\u0259-beyin travmas\u0131. Ba\u015f-beyin \u0259zilm\u0259si. Komatoz v\u0259ziyy\u0259t. Aln\u0131n sol nahiyy\u0259sinin sol t\u0259r\u0259fd\u0259n \u0259zilm\u0259si v\u0259 qan\u00e7\u0131r\u0131. Sag saidin s\u0131yr\u0131lm\u0131\u015f yaras\u0131 diaqnozu\u201d il\u0259 reanimasiya \u015f\u00f6b\u0259sin\u0259 yerl\u0259\u015fdirilib:<\/p>\n\n\n\n<p><em>\u201cCinay\u0259ti \u00f6rt-basd\u0131r el\u0259m\u0259k \u00fc\u00e7\u00fcn meyitin m\u00fcayin\u0259sil\u0259 ba\u011fl\u0131 r\u0259yi saxtala\u015fd\u0131r\u0131blar. Guya o\u011flumu gec\u0259 saat 04.40 rad\u0259l\u0259rind\u0259 kamatoz v\u0259ziyy\u0259td\u0259 g\u0259tir\u0259n adamlar deyib ki, onu k\u00fc\u00e7\u0259d\u0259 hu\u015fsuz v\u0259ziyy\u0259td\u0259 g\u00f6r\u00fcb, x\u0259st\u0259xanaya \u00e7atd\u0131r\u0131blar. Ekspertin yazd\u0131g\u0131 bu ifad\u0259l\u0259r ba\u015fdan-aya\u011fa yaland\u0131r. Saxtakarl\u0131q o h\u0259dd\u0259 olub ki, ekspert \u00f6l\u00fcm haqq\u0131nda tibbi \u015f\u0259had\u0259tnam\u0259d\u0259 travman\u0131n ba\u015fverm\u0259 tarixini 26 may g\u00f6st\u0259rib. Halbuki, Mir\u0259li may\u0131n 27-si gec\u0259 saat 03.30-a q\u0259d\u0259r sa\u011f-salamat olub\u201d.<\/em><\/p>\n\n\n\n<figure class=\"wp-block-image size-large\"><img decoding=\"async\" width=\"616\" height=\"821\" data-src=\"https:\/\/www.meydan.tv\/wp-content\/uploads\/photo-2024-06-29-16-16-46-616x821.jpg\" alt=\"\" class=\"wp-image-309324 lazyload\" src=\"data:image\/svg+xml;base64,PHN2ZyB3aWR0aD0iMSIgaGVpZ2h0PSIxIiB4bWxucz0iaHR0cDovL3d3dy53My5vcmcvMjAwMC9zdmciPjwvc3ZnPg==\" style=\"--smush-placeholder-width: 616px; --smush-placeholder-aspect-ratio: 616\/821;\" \/><\/figure>\n\n\n\n<p>M\u0259hk\u0259m\u0259 i\u015find\u0259n. Foto: Ail\u0259sind\u0259n<\/p>\n\n\n\n<p>\u0130smay\u0131l Ayd\u0259mirov S\u0259hiyy\u0259 Nazirliyinin Kollegiyas\u0131n\u0131n 31 may 2018-ci il tarixli q\u0259rar\u0131 il\u0259 t\u0259sdiql\u0259nmi\u015f \u201c\u0130nsan\u0131n \u00f6l\u00fcm an\u0131n\u0131n m\u00fc\u0259yy\u0259n edilm\u0259si, reanimasiya t\u0259dbirl\u0259rinin dayand\u0131r\u0131lmas\u0131 meyarlar\u0131 v\u0259 qaydas\u0131\u201dna istinad edir. Orada g\u00f6st\u0259rilib ki, \u0259g\u0259r \u00f6l\u00fcm hadis\u0259si v\u0259fat ed\u0259n \u015f\u0259xsin m\u00fcalic\u0259 olundu\u011fu stasionar tibb m\u00fc\u0259ssis\u0259sind\u0259 ba\u015f veribs\u0259, \u015f\u0259had\u0259tnam\u0259ni d\u0259 h\u0259min tibb m\u00fc\u0259ssis\u0259si verm\u0259lidir.<\/p>\n\n\n\n<p><strong>X\u0259st\u0259xanan\u0131n n\u00fcmay\u0259nd\u0259si: \u201cBu m\u0259s\u0259l\u0259nin biz\u0259 aidiyy\u0259ti yoxdur\u201d<\/strong><\/p>\n\n\n\n<p>\u0130smay\u0131l Ayd\u0259mirov Xa\u00e7maz Rayon M\u0259rk\u0259zi X\u0259st\u0259xanas\u0131n\u0131 m\u0259hk\u0259m\u0259y\u0259 verib. O, x\u0259st\u0259xanan\u0131n \u00fcz\u0259rin\u0259 ona \u015f\u0259had\u0259tnam\u0259ni verm\u0259k \u00f6hd\u0259liyi qoyulmas\u0131n\u0131 ist\u0259yir. Onun \u015fikay\u0259tin\u0259 Sumqay\u0131t \u0130nzibati M\u0259hk\u0259m\u0259sind\u0259 bax\u0131l\u0131r.<\/p>\n\n\n\n<p>M\u0259hk\u0259m\u0259d\u0259 x\u0259st\u0259xanan\u0131n n\u00fcmay\u0259nd\u0259si bildirib ki, onlara qar\u015f\u0131 qald\u0131r\u0131lm\u0131\u015f iddia \u0259sass\u0131zd\u0131r. Onun s\u00f6zl\u0259rin\u0259 g\u00f6r\u0259, meyit M\u0259hk\u0259m\u0259-Tibbi Ekspertiza v\u0259 Pataloji Anatomiya Birliyind\u0259 m\u00fcayin\u0259 olunub, s\u0259n\u0259dl\u0259r d\u0259 verilib: <em>\u201cBu m\u0259s\u0259l\u0259nin biz\u0259 aidiyy\u0259ti yoxdur\u201d<\/em>.<\/p>\n\n\n\n<p>\u0130smay\u0131l Ayd\u0259mirov \u0259lav\u0259 edib ki, o\u011flunun \u00f6l\u00fcm\u00fcn\u00fcn s\u0259b\u0259bkarlar\u0131n\u0131n da c\u0259zaland\u0131r\u0131lmas\u0131 \u00fc\u00e7\u00fcn ill\u0259rdir m\u00fcbariz\u0259 apar\u0131r. O, o\u011flunun \u00f6l\u00fcm\u00fcn\u0259 g\u00f6r\u0259 Xa\u00e7maz rayon Polis \u015e\u00f6b\u0259sinin r\u0259hb\u0259rliyi v\u0259 \u0259m\u0259kda\u015flar\u0131n\u0131 t\u0259qsirkar say\u0131r. Onlar\u0131n c\u0259zaland\u0131r\u0131lmas\u0131 \u00fc\u00e7\u00fcn Xa\u00e7maz Rayon Prokurorlu\u011funa, Ba\u015f Prokurorlu\u011fa d\u0259f\u0259l\u0259rl\u0259 \u015fikay\u0259t edib. Lakin prokurorluq Mir\u0259li Ayd\u0259mirovun \u00f6l\u00fcm\u00fcyl\u0259 ba\u011fl\u0131 cinay\u0259t i\u015fi ba\u015flanmas\u0131n\u0131 r\u0259dd edib. Prokurorluq iddia edir ki, polisl\u0259rin \u0259m\u0259lind\u0259 cinay\u0259t t\u0259rkibi m\u00fc\u0259yy\u0259nl\u0259\u015fdirilm\u0259yib.<\/p>\n\n\n\n<p>D\u0130N M\u0259tbuat Xidm\u0259tinin Quba regional qrupunun ba\u015f inspektoru, polis ba\u015f leytenant\u0131 X\u0259yal Tal\u0131bov v\u0259t\u0259nda\u015f\u0131n dedikl\u0259rini t\u0259kzib edib:<\/p>\n\n\n\n<p><em>\u201cV\u0259t\u0259nda\u015f \u0130smay\u0131l Ayd\u0259mirovun o\u011flunun Xa\u00e7maz Rayon Polis \u015e\u00f6b\u0259sind\u0259 d\u00f6y\u00fclm\u0259si v\u0259 bu s\u0259b\u0259bd\u0259n x\u0259st\u0259xanada \u00f6lm\u0259si bar\u0259d\u0259 s\u0259sl\u0259ndirdiyi iddialar tam \u0259sass\u0131zd\u0131r v\u0259 h\u0259qiq\u0259t\u0259 uy\u011fun deyil\u201d.<\/em><\/p>\n\n\n\n<p><em>\u201cOnun o\u011flu Mir\u0259li Ayd\u0259mirov narkotik alud\u0259\u00e7isi olub v\u0259 \u00f6l\u00fcm s\u0259b\u0259bl\u0259ri ara\u015fd\u0131rmalarla s\u00fcbuta yetirilib. Bu bar\u0259d\u0259 tibbi ekspertizan\u0131n r\u0259yi var. Lakin \u0130smay\u0131l Ayd\u0259mirov veril\u0259n q\u0259rardan naraz\u0131 oldu\u011funu bildir\u0259r\u0259k bu bar\u0259d\u0259 Xa\u00e7maz Rayon Prokurorlu\u011funa m\u00fcraci\u0259t edib. Apar\u0131lan ara\u015fd\u0131rman\u0131n yekununda m\u00fcraci\u0259tinin \u0259sass\u0131z v\u0259 q\u0259r\u0259zli oldu\u011fu m\u00fc\u0259yy\u0259n olunub\u201d<\/em>, &#8211; dey\u0259 o qeyd edib.<\/p>\n","protected":false},"excerpt":{"rendered":"<p>\u0130smay\u0131l Ayd\u0259mirov: \u201cCinay\u0259ti \u00f6rt-basd\u0131r el\u0259m\u0259k \u00fc\u00e7\u00fcn meyitin m\u00fcayin\u0259sil\u0259 ba\u011fl\u0131 r\u0259yi &#8230; <\/p>\n<p class=\"read-more-container\"><a title=\"Xa\u00e7maz sakini: \u201cO\u011flumu polisl\u0259r d\u00f6y\u00fcb \u00f6ld\u00fcr\u00fcb, x\u0259st\u0259xana bunu gizl\u0259dir\u201d (yenil\u0259nib)\" class=\"read-more button\" href=\"https:\/\/www.meydan.tv\/az\/article\/xacmaz-sakini-oglumu-polisler-doyub-oldurub-xestexana-bunu-gizledir\/#more-309313\" aria-label=\"Read more about Xa\u00e7maz sakini: \u201cO\u011flumu polisl\u0259r d\u00f6y\u00fcb \u00f6ld\u00fcr\u00fcb, x\u0259st\u0259xana bunu gizl\u0259dir\u201d (yenil\u0259nib)\">Davam\u0131<\/a><\/p>\n","protected":false},"author":12,"featured_media":309314,"comment_status":"closed","ping_status":"closed","sticky":false,"template":"","format":"standard","meta":{"_acf_changed":false,"_sitemap_exclude":false,"_sitemap_priority":"","_sitemap_frequency":"","footnotes":""},"categories":[62,79,56],"tags":[],"class_list":["post-309313","post","type-post","status-publish","format-standard","has-post-thumbnail","hentry","category-sosial","category-featured","category-xeberler","infinite-scroll-item","generate-columns","tablet-grid-50","mobile-grid-100","grid-parent","grid-33","no-featured-image-padding"],"acf":[],"yoast_head":"<!-- This site is optimized with the Yoast SEO plugin v27.5 - https:\/\/yoast.com\/product\/yoast-seo-wordpress\/ -->\n<title>Xa\u00e7maz sakini: \u201cO\u011flumu polisl\u0259r d\u00f6y\u00fcb \u00f6ld\u00fcr\u00fcb, x\u0259st\u0259xana bunu gizl\u0259dir\u201d (yenil\u0259nib) - MEYDAN.TV<\/title>\n<meta name=\"robots\" content=\"index, follow, max-snippet:-1, max-image-preview:large, max-video-preview:-1\" \/>\n<link rel=\"canonical\" href=\"https:\/\/www.meydan.tv\/az\/article\/xacmaz-sakini-oglumu-polisler-doyub-oldurub-xestexana-bunu-gizledir\/\" \/>\n<meta property=\"og:locale\" content=\"az_AZ\" \/>\n<meta property=\"og:type\" content=\"article\" \/>\n<meta property=\"og:title\" content=\"Xa\u00e7maz sakini: \u201cO\u011flumu polisl\u0259r d\u00f6y\u00fcb \u00f6ld\u00fcr\u00fcb, x\u0259st\u0259xana bunu gizl\u0259dir\u201d (yenil\u0259nib) - MEYDAN.TV\" \/>\n<meta property=\"og:description\" content=\"\u0130smay\u0131l Ayd\u0259mirov: \u201cCinay\u0259ti \u00f6rt-basd\u0131r el\u0259m\u0259k \u00fc\u00e7\u00fcn meyitin m\u00fcayin\u0259sil\u0259 ba\u011fl\u0131 r\u0259yi ... Davam\u0131\" \/>\n<meta property=\"og:url\" content=\"https:\/\/www.meydan.tv\/az\/article\/xacmaz-sakini-oglumu-polisler-doyub-oldurub-xestexana-bunu-gizledir\/\" \/>\n<meta property=\"og:site_name\" content=\"MEYDAN.TV\" \/>\n<meta property=\"article:published_time\" content=\"2024-06-29T17:07:42+00:00\" \/>\n<meta property=\"article:modified_time\" content=\"2024-06-30T08:47:04+00:00\" \/>\n<meta property=\"og:image\" content=\"https:\/\/www.meydan.tv\/wp-content\/uploads\/screenshot-2024-06-29-at-19.03.47.png\" \/>\n\t<meta property=\"og:image:width\" content=\"1796\" \/>\n\t<meta property=\"og:image:height\" content=\"906\" \/>\n\t<meta property=\"og:image:type\" content=\"image\/png\" \/>\n<meta name=\"author\" content=\"aleks\" \/>\n<meta name=\"twitter:card\" content=\"summary_large_image\" \/>\n<script type=\"application\/ld+json\" class=\"yoast-schema-graph\">{\"@context\":\"https:\\\/\\\/schema.org\",\"@graph\":[{\"@type\":\"Article\",\"@id\":\"https:\\\/\\\/www.meydan.tv\\\/az\\\/article\\\/xacmaz-sakini-oglumu-polisler-doyub-oldurub-xestexana-bunu-gizledir\\\/#article\",\"isPartOf\":{\"@id\":\"https:\\\/\\\/www.meydan.tv\\\/az\\\/article\\\/xacmaz-sakini-oglumu-polisler-doyub-oldurub-xestexana-bunu-gizledir\\\/\"},\"author\":{\"name\":\"aleks\",\"@id\":\"https:\\\/\\\/www.meydan.tv\\\/az\\\/#\\\/schema\\\/person\\\/476e9360e593fa131d5d71d51866f8da\"},\"headline\":\"Xa\u00e7maz sakini: \u201cO\u011flumu polisl\u0259r d\u00f6y\u00fcb \u00f6ld\u00fcr\u00fcb, x\u0259st\u0259xana bunu gizl\u0259dir\u201d (yenil\u0259nib)\",\"datePublished\":\"2024-06-29T17:07:42+00:00\",\"dateModified\":\"2024-06-30T08:47:04+00:00\",\"mainEntityOfPage\":{\"@id\":\"https:\\\/\\\/www.meydan.tv\\\/az\\\/article\\\/xacmaz-sakini-oglumu-polisler-doyub-oldurub-xestexana-bunu-gizledir\\\/\"},\"wordCount\":1219,\"publisher\":{\"@id\":\"https:\\\/\\\/www.meydan.tv\\\/az\\\/#organization\"},\"image\":{\"@id\":\"https:\\\/\\\/www.meydan.tv\\\/az\\\/article\\\/xacmaz-sakini-oglumu-polisler-doyub-oldurub-xestexana-bunu-gizledir\\\/#primaryimage\"},\"thumbnailUrl\":\"https:\\\/\\\/www.meydan.tv\\\/wp-content\\\/uploads\\\/screenshot-2024-06-29-at-19.03.47.png\",\"articleSection\":[\"Sosial\",\"T\u00f6vsiy\u0259\",\"X\u0259b\u0259rl\u0259r\"],\"inLanguage\":\"az\"},{\"@type\":\"WebPage\",\"@id\":\"https:\\\/\\\/www.meydan.tv\\\/az\\\/article\\\/xacmaz-sakini-oglumu-polisler-doyub-oldurub-xestexana-bunu-gizledir\\\/\",\"url\":\"https:\\\/\\\/www.meydan.tv\\\/az\\\/article\\\/xacmaz-sakini-oglumu-polisler-doyub-oldurub-xestexana-bunu-gizledir\\\/\",\"name\":\"Xa\u00e7maz sakini: \u201cO\u011flumu polisl\u0259r d\u00f6y\u00fcb \u00f6ld\u00fcr\u00fcb, x\u0259st\u0259xana bunu gizl\u0259dir\u201d (yenil\u0259nib) - MEYDAN.TV\",\"isPartOf\":{\"@id\":\"https:\\\/\\\/www.meydan.tv\\\/az\\\/#website\"},\"primaryImageOfPage\":{\"@id\":\"https:\\\/\\\/www.meydan.tv\\\/az\\\/article\\\/xacmaz-sakini-oglumu-polisler-doyub-oldurub-xestexana-bunu-gizledir\\\/#primaryimage\"},\"image\":{\"@id\":\"https:\\\/\\\/www.meydan.tv\\\/az\\\/article\\\/xacmaz-sakini-oglumu-polisler-doyub-oldurub-xestexana-bunu-gizledir\\\/#primaryimage\"},\"thumbnailUrl\":\"https:\\\/\\\/www.meydan.tv\\\/wp-content\\\/uploads\\\/screenshot-2024-06-29-at-19.03.47.png\",\"datePublished\":\"2024-06-29T17:07:42+00:00\",\"dateModified\":\"2024-06-30T08:47:04+00:00\",\"breadcrumb\":{\"@id\":\"https:\\\/\\\/www.meydan.tv\\\/az\\\/article\\\/xacmaz-sakini-oglumu-polisler-doyub-oldurub-xestexana-bunu-gizledir\\\/#breadcrumb\"},\"inLanguage\":\"az\",\"potentialAction\":[{\"@type\":\"ReadAction\",\"target\":[\"https:\\\/\\\/www.meydan.tv\\\/az\\\/article\\\/xacmaz-sakini-oglumu-polisler-doyub-oldurub-xestexana-bunu-gizledir\\\/\"]}]},{\"@type\":\"ImageObject\",\"inLanguage\":\"az\",\"@id\":\"https:\\\/\\\/www.meydan.tv\\\/az\\\/article\\\/xacmaz-sakini-oglumu-polisler-doyub-oldurub-xestexana-bunu-gizledir\\\/#primaryimage\",\"url\":\"https:\\\/\\\/www.meydan.tv\\\/wp-content\\\/uploads\\\/screenshot-2024-06-29-at-19.03.47.png\",\"contentUrl\":\"https:\\\/\\\/www.meydan.tv\\\/wp-content\\\/uploads\\\/screenshot-2024-06-29-at-19.03.47.png\",\"width\":1796,\"height\":906,\"caption\":\"Mir\u0259li Ayd\u0259mirov. Foto: Ail\u0259 arxivind\u0259n\"},{\"@type\":\"BreadcrumbList\",\"@id\":\"https:\\\/\\\/www.meydan.tv\\\/az\\\/article\\\/xacmaz-sakini-oglumu-polisler-doyub-oldurub-xestexana-bunu-gizledir\\\/#breadcrumb\",\"itemListElement\":[{\"@type\":\"ListItem\",\"position\":1,\"name\":\"Ana s\u0259hif\u0259\",\"item\":\"https:\\\/\\\/www.meydan.tv\\\/az\\\/\"},{\"@type\":\"ListItem\",\"position\":2,\"name\":\"X\u0259b\u0259rl\u0259r\",\"item\":\"https:\\\/\\\/www.meydan.tv\\\/az\\\/section\\\/xeberler\\\/\"},{\"@type\":\"ListItem\",\"position\":3,\"name\":\"Xa\u00e7maz sakini: \u201cO\u011flumu polisl\u0259r d\u00f6y\u00fcb \u00f6ld\u00fcr\u00fcb, x\u0259st\u0259xana bunu gizl\u0259dir\u201d (yenil\u0259nib)\"}]},{\"@type\":\"WebSite\",\"@id\":\"https:\\\/\\\/www.meydan.tv\\\/az\\\/#website\",\"url\":\"https:\\\/\\\/www.meydan.tv\\\/az\\\/\",\"name\":\"MEYDAN.TV\",\"description\":\"Meydan TV Az\u0259rbaycan\u0131n media m\u0259kan\u0131ndak\u0131 alternativ s\u0259sidir\",\"publisher\":{\"@id\":\"https:\\\/\\\/www.meydan.tv\\\/az\\\/#organization\"},\"potentialAction\":[{\"@type\":\"SearchAction\",\"target\":{\"@type\":\"EntryPoint\",\"urlTemplate\":\"https:\\\/\\\/www.meydan.tv\\\/az\\\/?s={search_term_string}\"},\"query-input\":{\"@type\":\"PropertyValueSpecification\",\"valueRequired\":true,\"valueName\":\"search_term_string\"}}],\"inLanguage\":\"az\"},{\"@type\":\"Organization\",\"@id\":\"https:\\\/\\\/www.meydan.tv\\\/az\\\/#organization\",\"name\":\"Meydan TV\",\"url\":\"https:\\\/\\\/www.meydan.tv\\\/az\\\/\",\"logo\":{\"@type\":\"ImageObject\",\"inLanguage\":\"az\",\"@id\":\"https:\\\/\\\/www.meydan.tv\\\/az\\\/#\\\/schema\\\/logo\\\/image\\\/\",\"url\":\"https:\\\/\\\/www.meydan.tv\\\/wp-content\\\/uploads\\\/2021\\\/07\\\/meydan-logo.svg\",\"contentUrl\":\"https:\\\/\\\/www.meydan.tv\\\/wp-content\\\/uploads\\\/2021\\\/07\\\/meydan-logo.svg\",\"width\":195,\"height\":46,\"caption\":\"Meydan TV\"},\"image\":{\"@id\":\"https:\\\/\\\/www.meydan.tv\\\/az\\\/#\\\/schema\\\/logo\\\/image\\\/\"}},{\"@type\":\"Person\",\"@id\":\"https:\\\/\\\/www.meydan.tv\\\/az\\\/#\\\/schema\\\/person\\\/476e9360e593fa131d5d71d51866f8da\",\"name\":\"aleks\"}]}<\/script>\n<!-- \/ Yoast SEO plugin. -->","yoast_head_json":{"title":"Xa\u00e7maz sakini: \u201cO\u011flumu polisl\u0259r d\u00f6y\u00fcb \u00f6ld\u00fcr\u00fcb, x\u0259st\u0259xana bunu gizl\u0259dir\u201d (yenil\u0259nib) - MEYDAN.TV","robots":{"index":"index","follow":"follow","max-snippet":"max-snippet:-1","max-image-preview":"max-image-preview:large","max-video-preview":"max-video-preview:-1"},"canonical":"https:\/\/www.meydan.tv\/az\/article\/xacmaz-sakini-oglumu-polisler-doyub-oldurub-xestexana-bunu-gizledir\/","og_locale":"az_AZ","og_type":"article","og_title":"Xa\u00e7maz sakini: \u201cO\u011flumu polisl\u0259r d\u00f6y\u00fcb \u00f6ld\u00fcr\u00fcb, x\u0259st\u0259xana bunu gizl\u0259dir\u201d (yenil\u0259nib) - MEYDAN.TV","og_description":"\u0130smay\u0131l Ayd\u0259mirov: \u201cCinay\u0259ti \u00f6rt-basd\u0131r el\u0259m\u0259k \u00fc\u00e7\u00fcn meyitin m\u00fcayin\u0259sil\u0259 ba\u011fl\u0131 r\u0259yi ... Davam\u0131","og_url":"https:\/\/www.meydan.tv\/az\/article\/xacmaz-sakini-oglumu-polisler-doyub-oldurub-xestexana-bunu-gizledir\/","og_site_name":"MEYDAN.TV","article_published_time":"2024-06-29T17:07:42+00:00","article_modified_time":"2024-06-30T08:47:04+00:00","og_image":[{"width":1796,"height":906,"url":"https:\/\/www.meydan.tv\/wp-content\/uploads\/screenshot-2024-06-29-at-19.03.47.png","type":"image\/png"}],"author":"aleks","twitter_card":"summary_large_image","schema":{"@context":"https:\/\/schema.org","@graph":[{"@type":"Article","@id":"https:\/\/www.meydan.tv\/az\/article\/xacmaz-sakini-oglumu-polisler-doyub-oldurub-xestexana-bunu-gizledir\/#article","isPartOf":{"@id":"https:\/\/www.meydan.tv\/az\/article\/xacmaz-sakini-oglumu-polisler-doyub-oldurub-xestexana-bunu-gizledir\/"},"author":{"name":"aleks","@id":"https:\/\/www.meydan.tv\/az\/#\/schema\/person\/476e9360e593fa131d5d71d51866f8da"},"headline":"Xa\u00e7maz sakini: \u201cO\u011flumu polisl\u0259r d\u00f6y\u00fcb \u00f6ld\u00fcr\u00fcb, x\u0259st\u0259xana bunu gizl\u0259dir\u201d (yenil\u0259nib)","datePublished":"2024-06-29T17:07:42+00:00","dateModified":"2024-06-30T08:47:04+00:00","mainEntityOfPage":{"@id":"https:\/\/www.meydan.tv\/az\/article\/xacmaz-sakini-oglumu-polisler-doyub-oldurub-xestexana-bunu-gizledir\/"},"wordCount":1219,"publisher":{"@id":"https:\/\/www.meydan.tv\/az\/#organization"},"image":{"@id":"https:\/\/www.meydan.tv\/az\/article\/xacmaz-sakini-oglumu-polisler-doyub-oldurub-xestexana-bunu-gizledir\/#primaryimage"},"thumbnailUrl":"https:\/\/www.meydan.tv\/wp-content\/uploads\/screenshot-2024-06-29-at-19.03.47.png","articleSection":["Sosial","T\u00f6vsiy\u0259","X\u0259b\u0259rl\u0259r"],"inLanguage":"az"},{"@type":"WebPage","@id":"https:\/\/www.meydan.tv\/az\/article\/xacmaz-sakini-oglumu-polisler-doyub-oldurub-xestexana-bunu-gizledir\/","url":"https:\/\/www.meydan.tv\/az\/article\/xacmaz-sakini-oglumu-polisler-doyub-oldurub-xestexana-bunu-gizledir\/","name":"Xa\u00e7maz sakini: \u201cO\u011flumu polisl\u0259r d\u00f6y\u00fcb \u00f6ld\u00fcr\u00fcb, x\u0259st\u0259xana bunu gizl\u0259dir\u201d (yenil\u0259nib) - MEYDAN.TV","isPartOf":{"@id":"https:\/\/www.meydan.tv\/az\/#website"},"primaryImageOfPage":{"@id":"https:\/\/www.meydan.tv\/az\/article\/xacmaz-sakini-oglumu-polisler-doyub-oldurub-xestexana-bunu-gizledir\/#primaryimage"},"image":{"@id":"https:\/\/www.meydan.tv\/az\/article\/xacmaz-sakini-oglumu-polisler-doyub-oldurub-xestexana-bunu-gizledir\/#primaryimage"},"thumbnailUrl":"https:\/\/www.meydan.tv\/wp-content\/uploads\/screenshot-2024-06-29-at-19.03.47.png","datePublished":"2024-06-29T17:07:42+00:00","dateModified":"2024-06-30T08:47:04+00:00","breadcrumb":{"@id":"https:\/\/www.meydan.tv\/az\/article\/xacmaz-sakini-oglumu-polisler-doyub-oldurub-xestexana-bunu-gizledir\/#breadcrumb"},"inLanguage":"az","potentialAction":[{"@type":"ReadAction","target":["https:\/\/www.meydan.tv\/az\/article\/xacmaz-sakini-oglumu-polisler-doyub-oldurub-xestexana-bunu-gizledir\/"]}]},{"@type":"ImageObject","inLanguage":"az","@id":"https:\/\/www.meydan.tv\/az\/article\/xacmaz-sakini-oglumu-polisler-doyub-oldurub-xestexana-bunu-gizledir\/#primaryimage","url":"https:\/\/www.meydan.tv\/wp-content\/uploads\/screenshot-2024-06-29-at-19.03.47.png","contentUrl":"https:\/\/www.meydan.tv\/wp-content\/uploads\/screenshot-2024-06-29-at-19.03.47.png","width":1796,"height":906,"caption":"Mir\u0259li Ayd\u0259mirov. Foto: Ail\u0259 arxivind\u0259n"},{"@type":"BreadcrumbList","@id":"https:\/\/www.meydan.tv\/az\/article\/xacmaz-sakini-oglumu-polisler-doyub-oldurub-xestexana-bunu-gizledir\/#breadcrumb","itemListElement":[{"@type":"ListItem","position":1,"name":"Ana s\u0259hif\u0259","item":"https:\/\/www.meydan.tv\/az\/"},{"@type":"ListItem","position":2,"name":"X\u0259b\u0259rl\u0259r","item":"https:\/\/www.meydan.tv\/az\/section\/xeberler\/"},{"@type":"ListItem","position":3,"name":"Xa\u00e7maz sakini: \u201cO\u011flumu polisl\u0259r d\u00f6y\u00fcb \u00f6ld\u00fcr\u00fcb, x\u0259st\u0259xana bunu gizl\u0259dir\u201d (yenil\u0259nib)"}]},{"@type":"WebSite","@id":"https:\/\/www.meydan.tv\/az\/#website","url":"https:\/\/www.meydan.tv\/az\/","name":"MEYDAN.TV","description":"Meydan TV Az\u0259rbaycan\u0131n media m\u0259kan\u0131ndak\u0131 alternativ s\u0259sidir","publisher":{"@id":"https:\/\/www.meydan.tv\/az\/#organization"},"potentialAction":[{"@type":"SearchAction","target":{"@type":"EntryPoint","urlTemplate":"https:\/\/www.meydan.tv\/az\/?s={search_term_string}"},"query-input":{"@type":"PropertyValueSpecification","valueRequired":true,"valueName":"search_term_string"}}],"inLanguage":"az"},{"@type":"Organization","@id":"https:\/\/www.meydan.tv\/az\/#organization","name":"Meydan TV","url":"https:\/\/www.meydan.tv\/az\/","logo":{"@type":"ImageObject","inLanguage":"az","@id":"https:\/\/www.meydan.tv\/az\/#\/schema\/logo\/image\/","url":"https:\/\/www.meydan.tv\/wp-content\/uploads\/2021\/07\/meydan-logo.svg","contentUrl":"https:\/\/www.meydan.tv\/wp-content\/uploads\/2021\/07\/meydan-logo.svg","width":195,"height":46,"caption":"Meydan TV"},"image":{"@id":"https:\/\/www.meydan.tv\/az\/#\/schema\/logo\/image\/"}},{"@type":"Person","@id":"https:\/\/www.meydan.tv\/az\/#\/schema\/person\/476e9360e593fa131d5d71d51866f8da","name":"aleks"}]}},"_links":{"self":[{"href":"https:\/\/www.meydan.tv\/az\/wp-json\/wp\/v2\/posts\/309313","targetHints":{"allow":["GET"]}}],"collection":[{"href":"https:\/\/www.meydan.tv\/az\/wp-json\/wp\/v2\/posts"}],"about":[{"href":"https:\/\/www.meydan.tv\/az\/wp-json\/wp\/v2\/types\/post"}],"author":[{"embeddable":true,"href":"https:\/\/www.meydan.tv\/az\/wp-json\/wp\/v2\/users\/12"}],"replies":[{"embeddable":true,"href":"https:\/\/www.meydan.tv\/az\/wp-json\/wp\/v2\/comments?post=309313"}],"version-history":[{"count":5,"href":"https:\/\/www.meydan.tv\/az\/wp-json\/wp\/v2\/posts\/309313\/revisions"}],"predecessor-version":[{"id":309341,"href":"https:\/\/www.meydan.tv\/az\/wp-json\/wp\/v2\/posts\/309313\/revisions\/309341"}],"wp:featuredmedia":[{"embeddable":true,"href":"https:\/\/www.meydan.tv\/az\/wp-json\/wp\/v2\/media\/309314"}],"wp:attachment":[{"href":"https:\/\/www.meydan.tv\/az\/wp-json\/wp\/v2\/media?parent=309313"}],"wp:term":[{"taxonomy":"category","embeddable":true,"href":"https:\/\/www.meydan.tv\/az\/wp-json\/wp\/v2\/categories?post=309313"},{"taxonomy":"post_tag","embeddable":true,"href":"https:\/\/www.meydan.tv\/az\/wp-json\/wp\/v2\/tags?post=309313"}],"curies":[{"name":"wp","href":"https:\/\/api.w.org\/{rel}","templated":true}]}}