{"id":309267,"date":"2024-06-28T23:18:01","date_gmt":"2024-06-28T19:18:01","guid":{"rendered":"https:\/\/www.meydan.tv\/?p=309267"},"modified":"2024-06-29T11:14:18","modified_gmt":"2024-06-29T07:14:18","slug":"ana-mektebli-oglunun-qesden-oldurulduyunu-iddia-edir","status":"publish","type":"post","link":"https:\/\/www.meydan.tv\/az\/article\/ana-mektebli-oglunun-qesden-oldurulduyunu-iddia-edir\/","title":{"rendered":"Ana m\u0259kt\u0259bli o\u011flunun q\u0259sd\u0259n \u00f6ld\u00fcr\u00fcld\u00fcy\u00fcn\u00fc iddia edir"},"content":{"rendered":"\n<p><\/p>\n\n\n\n<p><em><strong>Nigar \u018fliyeva: \u201cO\u011flunun c\u0259s\u0259di ekshumasiya olunmayanad\u0259k m\u0259zar\u0131n\u0131 d\u00fcz\u0259ltdirm\u0259y\u0259c\u0259m\u201d<\/strong><\/em><\/p>\n\n\n\n<p><em>\u201cM\u0259nim \u00f6vlad\u0131m 16 ya\u015f\u0131n\u0131 torpa\u011f\u0131n alt\u0131nda qeyd el\u0259di. Ancaq onu \u00f6ld\u00fcr\u0259nl\u0259r azadl\u0131qda, g\u00f6z\u00fcm\u00fcn \u00f6n\u00fcnd\u0259 \u0259ll\u0259rini-qollar\u0131n\u0131 sallay\u0131b g\u0259zir\u201d<\/em>.<\/p>\n\n\n\n<p>Bu il may\u0131n 6-da T\u0259rt\u0259rd\u0259ki 2 sayl\u0131 m\u0259kt\u0259bin 9-cu sinif \u015fagirdi Aslan \u018fliyev h\u0259yat\u0131n\u0131 itirib. M\u0259kt\u0259blinin \u00f6l\u00fcm\u00fcyl\u0259 ba\u011fl\u0131 indiy\u0259d\u0259k m\u00fcxt\u0259lif versiyalar dola\u015f\u0131b. Ba\u015f Prokurorluqsa h\u0259min g\u00fcn iki m\u0259kt\u0259bli aras\u0131nda m\u00fcbahis\u0259 ba\u015f verm\u0259si, Aslan \u018fliyevin hu\u015fsuz v\u0259ziyy\u0259td\u0259 x\u0259st\u0259xanaya g\u00f6t\u00fcr\u00fclm\u0259si v\u0259 orada ke\u00e7inm\u0259si bar\u0259d\u0259 m\u0259lumat yay\u0131b. Ancaq Aslan \u018fliyevin anas\u0131 Nigar \u018fliyeva iddia edir ki, rayonun istintaq orqan\u0131yla ekspertiza qurumu birl\u0259\u015f\u0259r\u0259k m\u0259kt\u0259blinin \u0259sl \u00f6l\u00fcm s\u0259b\u0259bl\u0259rini \u00f6rt-basd\u0131r etm\u0259kl\u0259 m\u0259\u015f\u011fuldur. O, Meydan TV-y\u0259 dan\u0131\u015f\u0131r ki, hadis\u0259d\u0259n iki aya yax\u0131n vaxt \u00f6tm\u0259sin\u0259 baxmayaraq, \u00f6vlad\u0131n\u0131n \u00f6l\u00fcm i\u015fi il\u0259 ba\u011fl\u0131 etdiyi m\u00fcraci\u0259tl\u0259r n\u0259tic\u0259 verm\u0259yib.<\/p>\n\n\n\n<p><em>\u201cO\u011flum 5 sayl\u0131 m\u0259kt\u0259bin \u015fagirdi (azya\u015fl\u0131 oldu\u011funa g\u00f6r\u0259 hadis\u0259d\u0259 ad\u0131 ke\u00e7\u0259n \u015fagirdin ad\u0131n\u0131 qeyd etmirik) t\u0259r\u0259find\u0259n \u00f6ld\u00fcr\u00fcl\u00fcb. H\u0259min u\u015faq da t\u0259k olmay\u0131b. 4-5 m\u0259kt\u0259bli olub, z\u0259ng edib o\u011flumu m\u0259kt\u0259bd\u0259n \u00e7\u00f6l\u0259 \u00e7a\u011f\u0131r\u0131blar. M\u0259kt\u0259bin qaba\u011f\u0131ndak\u0131 \u015f\u0259hid bula\u011f\u0131n\u0131n yan\u0131nda d\u00f6y\u00fcb, \u00f6ld\u00fcr\u00fcbl\u0259r\u201d.<\/em><\/p>\n\n\n\n<p>Ana iddia edir ki, rayon prokurorlu\u011fu hadis\u0259nin \u0259sl s\u0259b\u0259bini \u00f6rt-basd\u0131r etm\u0259k \u00fc\u00e7\u00fcn ekspertiza r\u0259yini saxtala\u015fd\u0131r\u0131l\u0131b:<\/p>\n\n\n\n<p><em>\u201cT\u0259rt\u0259rin prokuroru \u018fli Qurbanova sual verir\u0259m ki, u\u015fa\u011f\u0131m\u0131 \u00f6ld\u00fcr\u0259ni niy\u0259 h\u0259bs etmirsiz? Deyir, azya\u015fl\u0131d\u0131r, qanun yol vermir, h\u0259m d\u0259 o\u011flunun \u00fcz\u0259rind\u0259 x\u0259sar\u0259t yox idi. Deyir, u\u015faq x\u0259st\u0259xanada ke\u00e7inib. Halbuki, m\u0259n x\u0259st\u0259xanada olanda dedil\u0259r ki, u\u015fa\u011f\u0131n \u00f6l\u00fcs\u00fcn\u00fc g\u0259tiribl\u0259r bura. Elektro\u015fok edibl\u0259r, ay\u0131lmay\u0131b, apar\u0131b morqa qoyublar. Prokurorluqla ekspertiza idar\u0259si s\u00f6z\u00fc bir yer\u0259 qoyublar, u\u015fa\u011f\u0131n q\u0259tlini \u00f6rt-basd\u0131r etm\u0259kl\u0259 m\u0259\u015f\u011fuldurlar\u201d<\/em>.<\/p>\n\n\n\n<p>Ail\u0259y\u0259 Aslan \u018fliyevin \u00fcr\u0259k \u00e7at\u0131\u015fmazl\u0131\u011f\u0131ndan \u00f6ld\u00fcy\u00fc bildirilib. Ana bu r\u0259yl\u0259 raz\u0131la\u015fm\u0131r. Deyir, Aslan he\u00e7 vaxt \u00fcr\u0259yind\u0259n \u015fikay\u0259t\u00e7i olmay\u0131b: <\/p>\n\n\n\n<p><em>\u201cU\u015fa\u011fa \u00fcr\u0259k, a\u011fciy\u0259r \u00e7at\u0131\u015fmazl\u0131\u011f\u0131 diaqnozu qoyublar. M\u0259n d\u0259 t\u0259l\u0259b edir\u0259m ki, \u00f6lk\u0259d\u0259ki b\u00fct\u00fcn poliklinikalara, x\u0259st\u0259xanalara sor\u011fu g\u00f6nd\u0259rilsin, g\u00f6rs\u00fcnl\u0259r bu u\u015faq \u00f6mr\u00fcnd\u0259 birc\u0259 d\u0259f\u0259 d\u0259 olsa hans\u0131sa x\u0259st\u0259liy\u0259 g\u00f6r\u0259 m\u00fcayin\u0259d\u0259n ke\u00e7ibmi, m\u00fcalic\u0259 al\u0131bm\u0131? M\u0259nim u\u015fa\u011f\u0131m\u0131n he\u00e7 bir x\u0259st\u0259liyi olmay\u0131b. M\u0259kt\u0259bd\u0259ki kameralardan da g\u00f6r\u00fcn\u00fcr ki, Aslan sa\u011flam \u015f\u0259kild\u0259 m\u0259kt\u0259bin darvazas\u0131ndan \u00e7\u0131x\u0131r. \u00d6l\u00fcm\u00fcnd\u0259n bir g\u00fcn \u0259vv\u0259l B\u0259rd\u0259d\u0259 3 sayl\u0131 m\u0259kt\u0259bd\u0259 texnikuma q\u0259bula g\u00f6r\u0259 imtahan verib. \u00dc\u00e7 saat imtahanda oturub, el\u0259 \u00fcr\u0259yi tutsayd\u0131, orada tutard\u0131. Bel\u0259 saxta r\u0259yl\u0259 cinay\u0259ti t\u00f6r\u0259d\u0259ni i\u015fin i\u00e7ind\u0259n uzaq tuturlar\u201d<\/em>.<\/p>\n\n\n\n<p>Nigar \u018fliyeva o\u011flunun \u00f6l\u00fcm\u00fcnd\u0259 t\u0259hsil ald\u0131\u011f\u0131 m\u0259kt\u0259bin r\u0259hb\u0259rliyini v\u0259 m\u00fc\u0259llimini d\u0259 g\u00fcnahkar bilir:<\/p>\n\n\n\n<p><em>\u201cU\u015faqla maraqlanan olmay\u0131b. Kimya d\u0259rsind\u0259ymi\u015f, u\u015fa\u011fa s\u0259s g\u00f6nd\u0259ribl\u0259r ki, \u00e7\u0131x \u00e7\u00f6l\u0259, u\u015faq da onlarla yaz\u0131\u015f\u0131rm\u0131\u015f, s\u0259s at\u0131rm\u0131\u015f. Kimya m\u00fc\u0259llimi dedi ki, Aslan telefonda kiminl\u0259s\u0259 m\u00fcbahis\u0259 edirdi, sonra be\u015f d\u0259qiq\u0259lik icaz\u0259 al\u0131b sinifd\u0259n \u00e7\u0131xd\u0131, bir d\u0259 geri qay\u0131tmad\u0131. Ancaq n\u0259d\u0259ns\u0259 m\u00fc\u0259llim m\u00fcbahis\u0259y\u0259 g\u00f6r\u0259 \u00e7\u00f6l\u0259 \u00e7\u0131xan v\u0259 geri qay\u0131tmayan u\u015faq \u00fc\u00e7\u00fcn narahat olmay\u0131b. Bir d\u0259 e\u015fidibl\u0259r ki, u\u015fa\u011f\u0131n \u00f6l\u00fcs\u00fc x\u0259st\u0259xanada morqdad\u0131r\u201d<\/em>.<\/p>\n\n\n\n<p>Anan\u0131n dem\u0259sin\u0259 g\u00f6r\u0259, T\u0259rt\u0259r Rayon Prokurolu\u011funda v\u0259kilinin v\u0259 onun i\u015ftirak\u0131yla o\u011flunun telefonunun yadda\u015f\u0131 inc\u0259l\u0259nib. Ona m\u0259lum olub ki, o\u011fluna \u00f6l\u00fcm\u00fcnd\u0259n az \u0259vv\u0259l 5 sayl\u0131 m\u0259kt\u0259bin \u015fagirdi t\u0259r\u0259find\u0259n h\u0259d\u0259l\u0259yici s\u0259sli ismar\u0131clar g\u0259lib. H\u0259min \u015fagird aralar\u0131ndak\u0131 m\u00fcbahis\u0259ni \u00e7\u00f6zm\u0259k \u00fc\u00e7\u00fcn Aslan\u0131 \u00e7\u00f6l\u0259 d\u0259v\u0259t edib. Ana deyir, o\u011flu \u00f6l\u00fcm\u00fcnd\u0259n be\u015f g\u00fcn \u0259vv\u0259l d\u0259 h\u0259d\u0259l\u0259nirmi\u015f. Son g\u00fcnl\u0259r kefsiz g\u0259zir, vaxt\u0131n\u0131 daha \u00e7ox evd\u0259 ke\u00e7irirmi\u015f. Anan\u0131n s\u00f6zl\u0259rin\u0259 g\u00f6r\u0259, m\u0259kt\u0259blil\u0259r aras\u0131nda m\u00fcbahis\u0259 q\u0131z \u00fcst\u00fcnd\u0259ymi\u015f.<\/p>\n\n\n\n<p>Nigar \u018fliyeva media vasit\u0259sil\u0259 Prezident \u0130lham \u018fliyev\u0259 v\u0259 Vitse-prezident Mehriban \u018fliyevaya m\u00fcraci\u0259t ed\u0259r\u0259k o\u011flunun \u00f6l\u00fcm i\u015fi il\u0259 ba\u011fl\u0131 istintaq\u0131n T\u0259rt\u0259r Rayon Prokurorlu\u011fundan al\u0131n\u0131b Ba\u015f Prokurorlu\u011fun \u0130stintaq \u0130dar\u0259sin\u0259 verilm\u0259sini xahi\u015f edir:<\/p>\n\n\n\n<p><em>\u201cO\u011flumun c\u0259s\u0259di ekshumasiya olunmayanad\u0259k m\u0259zar\u0131n\u0131 d\u00fcz\u0259ltdirm\u0259y\u0259c\u0259m. \u00c7\u00fcnki q\u0259brin a\u00e7\u0131lmas\u0131n\u0131, t\u0259krar ekspertiza ke\u00e7irilm\u0259sini ist\u0259yir\u0259m. M\u0259nim u\u015fa\u011f\u0131m \u00f6mr\u00fcn\u00fcn \u00e7i\u00e7\u0259kl\u0259y\u0259n \u00e7a\u011f\u0131nda qara torpa\u011fa getdi, onun \u00f6mr\u00fcn\u00fc yar\u0131 yolda qoyanlarsa \u0259l-qollar\u0131n\u0131 sallay\u0131b g\u00f6z\u00fcm\u00fcn \u00f6n\u00fcnd\u0259 g\u0259zir\u201d<\/em>.<\/p>\n\n\n\n<p>T\u0259rt\u0259r Rayon Prokurorlu\u011fundan Meydan TV-y\u0259 bildirilib ki, bu il may\u0131n 6-da yeniyetm\u0259 Aslan \u018fliyevin \u00f6l\u00fcm fakt\u0131na g\u00f6r\u0259 Cinay\u0259t M\u0259c\u0259ll\u0259sinin 124.1-ci (ehtiyats\u0131zl\u0131qdan adam \u00f6ld\u00fcrm\u0259) madd\u0259sil\u0259 cinay\u0259t i\u015fi ba\u015flan\u0131b, z\u0259ruri istintaq t\u0259dbirl\u0259ri h\u0259yata ke\u00e7irilib, \u015fahidl\u0259r dindirilib. Haz\u0131rda ibtidai istintaq davam edir. \u0130stintaq ba\u015fa \u00e7atd\u0131qdan sonra ictimaiyy\u0259t\u0259 m\u0259lumat veril\u0259c\u0259k.<\/p>\n\n\n\n<p>Hadis\u0259 ba\u015f ver\u0259n vaxt yay\u0131lan r\u0259smi m\u0259lumatda bildirilirdi ki, 9-cu sinif \u015fagirdl\u0259ri aras\u0131nda d\u00fc\u015f\u0259n m\u00fcbahis\u0259 zaman\u0131 onlardan biri dig\u0259rin\u0259 yumruqla x\u0259sar\u0259t yetirib. X\u0259sar\u0259t alan m\u0259kt\u0259bli T\u0259rt\u0259r Rayon M\u0259rk\u0259zi X\u0259st\u0259xanas\u0131na \u00e7atd\u0131r\u0131lsa da, onu xilas etm\u0259k m\u00fcmk\u00fcn olmay\u0131b.<\/p>\n\n\n\n<p>T\u0259rt\u0259r \u015f\u0259h\u0259r 2 sayl\u0131 m\u0259kt\u0259b-liseyin direktoru G\u00fclar\u0259 \u018fkb\u0259rova mediaya bildirmi\u015fdi ki, m\u0259kt\u0259bin 9-cu sinif \u015fagirdi \u018fliyev Aslan Mahir o\u011flu ikinci d\u0259rsd\u0259n sonra t\u0259n\u0259ff\u00fcs zaman\u0131 n\u0259zar\u0259t\u00e7id\u0259n yay\u0131naraq m\u0259kt\u0259bd\u0259n \u00e7\u0131x\u0131b. Bir q\u0259d\u0259r sonra onun \u00f6l\u00fcm x\u0259b\u0259ri yay\u0131l\u0131b. Direktor bildirib ki, Aslan z\u0259if oxuyan \u015fagird olsa da, t\u0259bi\u0259tc\u0259 sakit v\u0259 t\u0259rbiy\u0259li olub.<\/p>\n","protected":false},"excerpt":{"rendered":"<p>Nigar \u018fliyeva: \u201cO\u011flunun c\u0259s\u0259di ekshumasiya olunmayanad\u0259k m\u0259zar\u0131n\u0131 d\u00fcz\u0259ltdirm\u0259y\u0259c\u0259m\u201d \u201cM\u0259nim \u00f6vlad\u0131m &#8230; <\/p>\n<p class=\"read-more-container\"><a title=\"Ana m\u0259kt\u0259bli o\u011flunun q\u0259sd\u0259n \u00f6ld\u00fcr\u00fcld\u00fcy\u00fcn\u00fc iddia edir\" class=\"read-more button\" href=\"https:\/\/www.meydan.tv\/az\/article\/ana-mektebli-oglunun-qesden-oldurulduyunu-iddia-edir\/#more-309267\" aria-label=\"Read more about Ana m\u0259kt\u0259bli o\u011flunun q\u0259sd\u0259n \u00f6ld\u00fcr\u00fcld\u00fcy\u00fcn\u00fc iddia edir\">Davam\u0131<\/a><\/p>\n","protected":false},"author":12,"featured_media":309268,"comment_status":"closed","ping_status":"closed","sticky":false,"template":"","format":"standard","meta":{"_acf_changed":false,"_sitemap_exclude":false,"_sitemap_priority":"","_sitemap_frequency":"","footnotes":""},"categories":[62,79,56],"tags":[],"class_list":["post-309267","post","type-post","status-publish","format-standard","has-post-thumbnail","hentry","category-sosial","category-featured","category-xeberler","infinite-scroll-item","generate-columns","tablet-grid-50","mobile-grid-100","grid-parent","grid-33","no-featured-image-padding"],"acf":[],"yoast_head":"<!-- This site is optimized with the Yoast SEO plugin v27.5 - https:\/\/yoast.com\/product\/yoast-seo-wordpress\/ -->\n<title>Ana m\u0259kt\u0259bli o\u011flunun q\u0259sd\u0259n \u00f6ld\u00fcr\u00fcld\u00fcy\u00fcn\u00fc iddia edir - MEYDAN.TV<\/title>\n<meta name=\"robots\" content=\"index, follow, max-snippet:-1, max-image-preview:large, max-video-preview:-1\" \/>\n<link rel=\"canonical\" href=\"https:\/\/www.meydan.tv\/az\/article\/ana-mektebli-oglunun-qesden-oldurulduyunu-iddia-edir\/\" \/>\n<meta property=\"og:locale\" content=\"az_AZ\" \/>\n<meta property=\"og:type\" content=\"article\" \/>\n<meta property=\"og:title\" content=\"Ana m\u0259kt\u0259bli o\u011flunun q\u0259sd\u0259n \u00f6ld\u00fcr\u00fcld\u00fcy\u00fcn\u00fc iddia edir - MEYDAN.TV\" \/>\n<meta property=\"og:description\" content=\"Nigar \u018fliyeva: \u201cO\u011flunun c\u0259s\u0259di ekshumasiya olunmayanad\u0259k m\u0259zar\u0131n\u0131 d\u00fcz\u0259ltdirm\u0259y\u0259c\u0259m\u201d \u201cM\u0259nim \u00f6vlad\u0131m ... Davam\u0131\" \/>\n<meta property=\"og:url\" content=\"https:\/\/www.meydan.tv\/az\/article\/ana-mektebli-oglunun-qesden-oldurulduyunu-iddia-edir\/\" \/>\n<meta property=\"og:site_name\" content=\"MEYDAN.TV\" \/>\n<meta property=\"article:published_time\" content=\"2024-06-28T19:18:01+00:00\" \/>\n<meta property=\"article:modified_time\" content=\"2024-06-29T07:14:18+00:00\" \/>\n<meta property=\"og:image\" content=\"https:\/\/www.meydan.tv\/wp-content\/uploads\/screenshot-2024-06-28-at-21.16.45-1200x661.png\" \/>\n\t<meta property=\"og:image:width\" content=\"1200\" \/>\n\t<meta property=\"og:image:height\" content=\"661\" \/>\n\t<meta property=\"og:image:type\" content=\"image\/png\" \/>\n<meta name=\"author\" content=\"aleks\" \/>\n<meta name=\"twitter:card\" content=\"summary_large_image\" \/>\n<script type=\"application\/ld+json\" class=\"yoast-schema-graph\">{\"@context\":\"https:\\\/\\\/schema.org\",\"@graph\":[{\"@type\":\"Article\",\"@id\":\"https:\\\/\\\/www.meydan.tv\\\/az\\\/article\\\/ana-mektebli-oglunun-qesden-oldurulduyunu-iddia-edir\\\/#article\",\"isPartOf\":{\"@id\":\"https:\\\/\\\/www.meydan.tv\\\/az\\\/article\\\/ana-mektebli-oglunun-qesden-oldurulduyunu-iddia-edir\\\/\"},\"author\":{\"name\":\"aleks\",\"@id\":\"https:\\\/\\\/www.meydan.tv\\\/az\\\/#\\\/schema\\\/person\\\/476e9360e593fa131d5d71d51866f8da\"},\"headline\":\"Ana m\u0259kt\u0259bli o\u011flunun q\u0259sd\u0259n \u00f6ld\u00fcr\u00fcld\u00fcy\u00fcn\u00fc iddia edir\",\"datePublished\":\"2024-06-28T19:18:01+00:00\",\"dateModified\":\"2024-06-29T07:14:18+00:00\",\"mainEntityOfPage\":{\"@id\":\"https:\\\/\\\/www.meydan.tv\\\/az\\\/article\\\/ana-mektebli-oglunun-qesden-oldurulduyunu-iddia-edir\\\/\"},\"wordCount\":1197,\"publisher\":{\"@id\":\"https:\\\/\\\/www.meydan.tv\\\/az\\\/#organization\"},\"image\":{\"@id\":\"https:\\\/\\\/www.meydan.tv\\\/az\\\/article\\\/ana-mektebli-oglunun-qesden-oldurulduyunu-iddia-edir\\\/#primaryimage\"},\"thumbnailUrl\":\"https:\\\/\\\/www.meydan.tv\\\/wp-content\\\/uploads\\\/screenshot-2024-06-28-at-21.16.45.png\",\"articleSection\":[\"Sosial\",\"T\u00f6vsiy\u0259\",\"X\u0259b\u0259rl\u0259r\"],\"inLanguage\":\"az\"},{\"@type\":\"WebPage\",\"@id\":\"https:\\\/\\\/www.meydan.tv\\\/az\\\/article\\\/ana-mektebli-oglunun-qesden-oldurulduyunu-iddia-edir\\\/\",\"url\":\"https:\\\/\\\/www.meydan.tv\\\/az\\\/article\\\/ana-mektebli-oglunun-qesden-oldurulduyunu-iddia-edir\\\/\",\"name\":\"Ana m\u0259kt\u0259bli o\u011flunun q\u0259sd\u0259n \u00f6ld\u00fcr\u00fcld\u00fcy\u00fcn\u00fc iddia edir - MEYDAN.TV\",\"isPartOf\":{\"@id\":\"https:\\\/\\\/www.meydan.tv\\\/az\\\/#website\"},\"primaryImageOfPage\":{\"@id\":\"https:\\\/\\\/www.meydan.tv\\\/az\\\/article\\\/ana-mektebli-oglunun-qesden-oldurulduyunu-iddia-edir\\\/#primaryimage\"},\"image\":{\"@id\":\"https:\\\/\\\/www.meydan.tv\\\/az\\\/article\\\/ana-mektebli-oglunun-qesden-oldurulduyunu-iddia-edir\\\/#primaryimage\"},\"thumbnailUrl\":\"https:\\\/\\\/www.meydan.tv\\\/wp-content\\\/uploads\\\/screenshot-2024-06-28-at-21.16.45.png\",\"datePublished\":\"2024-06-28T19:18:01+00:00\",\"dateModified\":\"2024-06-29T07:14:18+00:00\",\"breadcrumb\":{\"@id\":\"https:\\\/\\\/www.meydan.tv\\\/az\\\/article\\\/ana-mektebli-oglunun-qesden-oldurulduyunu-iddia-edir\\\/#breadcrumb\"},\"inLanguage\":\"az\",\"potentialAction\":[{\"@type\":\"ReadAction\",\"target\":[\"https:\\\/\\\/www.meydan.tv\\\/az\\\/article\\\/ana-mektebli-oglunun-qesden-oldurulduyunu-iddia-edir\\\/\"]}]},{\"@type\":\"ImageObject\",\"inLanguage\":\"az\",\"@id\":\"https:\\\/\\\/www.meydan.tv\\\/az\\\/article\\\/ana-mektebli-oglunun-qesden-oldurulduyunu-iddia-edir\\\/#primaryimage\",\"url\":\"https:\\\/\\\/www.meydan.tv\\\/wp-content\\\/uploads\\\/screenshot-2024-06-28-at-21.16.45.png\",\"contentUrl\":\"https:\\\/\\\/www.meydan.tv\\\/wp-content\\\/uploads\\\/screenshot-2024-06-28-at-21.16.45.png\",\"width\":1798,\"height\":990,\"caption\":\"Nigar \u018fliyeva, foto: Meydan TV\"},{\"@type\":\"BreadcrumbList\",\"@id\":\"https:\\\/\\\/www.meydan.tv\\\/az\\\/article\\\/ana-mektebli-oglunun-qesden-oldurulduyunu-iddia-edir\\\/#breadcrumb\",\"itemListElement\":[{\"@type\":\"ListItem\",\"position\":1,\"name\":\"Ana s\u0259hif\u0259\",\"item\":\"https:\\\/\\\/www.meydan.tv\\\/az\\\/\"},{\"@type\":\"ListItem\",\"position\":2,\"name\":\"X\u0259b\u0259rl\u0259r\",\"item\":\"https:\\\/\\\/www.meydan.tv\\\/az\\\/section\\\/xeberler\\\/\"},{\"@type\":\"ListItem\",\"position\":3,\"name\":\"Ana m\u0259kt\u0259bli o\u011flunun q\u0259sd\u0259n \u00f6ld\u00fcr\u00fcld\u00fcy\u00fcn\u00fc iddia edir\"}]},{\"@type\":\"WebSite\",\"@id\":\"https:\\\/\\\/www.meydan.tv\\\/az\\\/#website\",\"url\":\"https:\\\/\\\/www.meydan.tv\\\/az\\\/\",\"name\":\"MEYDAN.TV\",\"description\":\"Meydan TV Az\u0259rbaycan\u0131n media m\u0259kan\u0131ndak\u0131 alternativ s\u0259sidir\",\"publisher\":{\"@id\":\"https:\\\/\\\/www.meydan.tv\\\/az\\\/#organization\"},\"potentialAction\":[{\"@type\":\"SearchAction\",\"target\":{\"@type\":\"EntryPoint\",\"urlTemplate\":\"https:\\\/\\\/www.meydan.tv\\\/az\\\/?s={search_term_string}\"},\"query-input\":{\"@type\":\"PropertyValueSpecification\",\"valueRequired\":true,\"valueName\":\"search_term_string\"}}],\"inLanguage\":\"az\"},{\"@type\":\"Organization\",\"@id\":\"https:\\\/\\\/www.meydan.tv\\\/az\\\/#organization\",\"name\":\"Meydan TV\",\"url\":\"https:\\\/\\\/www.meydan.tv\\\/az\\\/\",\"logo\":{\"@type\":\"ImageObject\",\"inLanguage\":\"az\",\"@id\":\"https:\\\/\\\/www.meydan.tv\\\/az\\\/#\\\/schema\\\/logo\\\/image\\\/\",\"url\":\"https:\\\/\\\/www.meydan.tv\\\/wp-content\\\/uploads\\\/2021\\\/07\\\/meydan-logo.svg\",\"contentUrl\":\"https:\\\/\\\/www.meydan.tv\\\/wp-content\\\/uploads\\\/2021\\\/07\\\/meydan-logo.svg\",\"width\":195,\"height\":46,\"caption\":\"Meydan TV\"},\"image\":{\"@id\":\"https:\\\/\\\/www.meydan.tv\\\/az\\\/#\\\/schema\\\/logo\\\/image\\\/\"}},{\"@type\":\"Person\",\"@id\":\"https:\\\/\\\/www.meydan.tv\\\/az\\\/#\\\/schema\\\/person\\\/476e9360e593fa131d5d71d51866f8da\",\"name\":\"aleks\"}]}<\/script>\n<!-- \/ Yoast SEO plugin. -->","yoast_head_json":{"title":"Ana m\u0259kt\u0259bli o\u011flunun q\u0259sd\u0259n \u00f6ld\u00fcr\u00fcld\u00fcy\u00fcn\u00fc iddia edir - MEYDAN.TV","robots":{"index":"index","follow":"follow","max-snippet":"max-snippet:-1","max-image-preview":"max-image-preview:large","max-video-preview":"max-video-preview:-1"},"canonical":"https:\/\/www.meydan.tv\/az\/article\/ana-mektebli-oglunun-qesden-oldurulduyunu-iddia-edir\/","og_locale":"az_AZ","og_type":"article","og_title":"Ana m\u0259kt\u0259bli o\u011flunun q\u0259sd\u0259n \u00f6ld\u00fcr\u00fcld\u00fcy\u00fcn\u00fc iddia edir - MEYDAN.TV","og_description":"Nigar \u018fliyeva: \u201cO\u011flunun c\u0259s\u0259di ekshumasiya olunmayanad\u0259k m\u0259zar\u0131n\u0131 d\u00fcz\u0259ltdirm\u0259y\u0259c\u0259m\u201d \u201cM\u0259nim \u00f6vlad\u0131m ... Davam\u0131","og_url":"https:\/\/www.meydan.tv\/az\/article\/ana-mektebli-oglunun-qesden-oldurulduyunu-iddia-edir\/","og_site_name":"MEYDAN.TV","article_published_time":"2024-06-28T19:18:01+00:00","article_modified_time":"2024-06-29T07:14:18+00:00","og_image":[{"width":1200,"height":661,"url":"https:\/\/www.meydan.tv\/wp-content\/uploads\/screenshot-2024-06-28-at-21.16.45-1200x661.png","type":"image\/png"}],"author":"aleks","twitter_card":"summary_large_image","schema":{"@context":"https:\/\/schema.org","@graph":[{"@type":"Article","@id":"https:\/\/www.meydan.tv\/az\/article\/ana-mektebli-oglunun-qesden-oldurulduyunu-iddia-edir\/#article","isPartOf":{"@id":"https:\/\/www.meydan.tv\/az\/article\/ana-mektebli-oglunun-qesden-oldurulduyunu-iddia-edir\/"},"author":{"name":"aleks","@id":"https:\/\/www.meydan.tv\/az\/#\/schema\/person\/476e9360e593fa131d5d71d51866f8da"},"headline":"Ana m\u0259kt\u0259bli o\u011flunun q\u0259sd\u0259n \u00f6ld\u00fcr\u00fcld\u00fcy\u00fcn\u00fc iddia edir","datePublished":"2024-06-28T19:18:01+00:00","dateModified":"2024-06-29T07:14:18+00:00","mainEntityOfPage":{"@id":"https:\/\/www.meydan.tv\/az\/article\/ana-mektebli-oglunun-qesden-oldurulduyunu-iddia-edir\/"},"wordCount":1197,"publisher":{"@id":"https:\/\/www.meydan.tv\/az\/#organization"},"image":{"@id":"https:\/\/www.meydan.tv\/az\/article\/ana-mektebli-oglunun-qesden-oldurulduyunu-iddia-edir\/#primaryimage"},"thumbnailUrl":"https:\/\/www.meydan.tv\/wp-content\/uploads\/screenshot-2024-06-28-at-21.16.45.png","articleSection":["Sosial","T\u00f6vsiy\u0259","X\u0259b\u0259rl\u0259r"],"inLanguage":"az"},{"@type":"WebPage","@id":"https:\/\/www.meydan.tv\/az\/article\/ana-mektebli-oglunun-qesden-oldurulduyunu-iddia-edir\/","url":"https:\/\/www.meydan.tv\/az\/article\/ana-mektebli-oglunun-qesden-oldurulduyunu-iddia-edir\/","name":"Ana m\u0259kt\u0259bli o\u011flunun q\u0259sd\u0259n \u00f6ld\u00fcr\u00fcld\u00fcy\u00fcn\u00fc iddia edir - MEYDAN.TV","isPartOf":{"@id":"https:\/\/www.meydan.tv\/az\/#website"},"primaryImageOfPage":{"@id":"https:\/\/www.meydan.tv\/az\/article\/ana-mektebli-oglunun-qesden-oldurulduyunu-iddia-edir\/#primaryimage"},"image":{"@id":"https:\/\/www.meydan.tv\/az\/article\/ana-mektebli-oglunun-qesden-oldurulduyunu-iddia-edir\/#primaryimage"},"thumbnailUrl":"https:\/\/www.meydan.tv\/wp-content\/uploads\/screenshot-2024-06-28-at-21.16.45.png","datePublished":"2024-06-28T19:18:01+00:00","dateModified":"2024-06-29T07:14:18+00:00","breadcrumb":{"@id":"https:\/\/www.meydan.tv\/az\/article\/ana-mektebli-oglunun-qesden-oldurulduyunu-iddia-edir\/#breadcrumb"},"inLanguage":"az","potentialAction":[{"@type":"ReadAction","target":["https:\/\/www.meydan.tv\/az\/article\/ana-mektebli-oglunun-qesden-oldurulduyunu-iddia-edir\/"]}]},{"@type":"ImageObject","inLanguage":"az","@id":"https:\/\/www.meydan.tv\/az\/article\/ana-mektebli-oglunun-qesden-oldurulduyunu-iddia-edir\/#primaryimage","url":"https:\/\/www.meydan.tv\/wp-content\/uploads\/screenshot-2024-06-28-at-21.16.45.png","contentUrl":"https:\/\/www.meydan.tv\/wp-content\/uploads\/screenshot-2024-06-28-at-21.16.45.png","width":1798,"height":990,"caption":"Nigar \u018fliyeva, foto: Meydan TV"},{"@type":"BreadcrumbList","@id":"https:\/\/www.meydan.tv\/az\/article\/ana-mektebli-oglunun-qesden-oldurulduyunu-iddia-edir\/#breadcrumb","itemListElement":[{"@type":"ListItem","position":1,"name":"Ana s\u0259hif\u0259","item":"https:\/\/www.meydan.tv\/az\/"},{"@type":"ListItem","position":2,"name":"X\u0259b\u0259rl\u0259r","item":"https:\/\/www.meydan.tv\/az\/section\/xeberler\/"},{"@type":"ListItem","position":3,"name":"Ana m\u0259kt\u0259bli o\u011flunun q\u0259sd\u0259n \u00f6ld\u00fcr\u00fcld\u00fcy\u00fcn\u00fc iddia edir"}]},{"@type":"WebSite","@id":"https:\/\/www.meydan.tv\/az\/#website","url":"https:\/\/www.meydan.tv\/az\/","name":"MEYDAN.TV","description":"Meydan TV Az\u0259rbaycan\u0131n media m\u0259kan\u0131ndak\u0131 alternativ s\u0259sidir","publisher":{"@id":"https:\/\/www.meydan.tv\/az\/#organization"},"potentialAction":[{"@type":"SearchAction","target":{"@type":"EntryPoint","urlTemplate":"https:\/\/www.meydan.tv\/az\/?s={search_term_string}"},"query-input":{"@type":"PropertyValueSpecification","valueRequired":true,"valueName":"search_term_string"}}],"inLanguage":"az"},{"@type":"Organization","@id":"https:\/\/www.meydan.tv\/az\/#organization","name":"Meydan TV","url":"https:\/\/www.meydan.tv\/az\/","logo":{"@type":"ImageObject","inLanguage":"az","@id":"https:\/\/www.meydan.tv\/az\/#\/schema\/logo\/image\/","url":"https:\/\/www.meydan.tv\/wp-content\/uploads\/2021\/07\/meydan-logo.svg","contentUrl":"https:\/\/www.meydan.tv\/wp-content\/uploads\/2021\/07\/meydan-logo.svg","width":195,"height":46,"caption":"Meydan TV"},"image":{"@id":"https:\/\/www.meydan.tv\/az\/#\/schema\/logo\/image\/"}},{"@type":"Person","@id":"https:\/\/www.meydan.tv\/az\/#\/schema\/person\/476e9360e593fa131d5d71d51866f8da","name":"aleks"}]}},"_links":{"self":[{"href":"https:\/\/www.meydan.tv\/az\/wp-json\/wp\/v2\/posts\/309267","targetHints":{"allow":["GET"]}}],"collection":[{"href":"https:\/\/www.meydan.tv\/az\/wp-json\/wp\/v2\/posts"}],"about":[{"href":"https:\/\/www.meydan.tv\/az\/wp-json\/wp\/v2\/types\/post"}],"author":[{"embeddable":true,"href":"https:\/\/www.meydan.tv\/az\/wp-json\/wp\/v2\/users\/12"}],"replies":[{"embeddable":true,"href":"https:\/\/www.meydan.tv\/az\/wp-json\/wp\/v2\/comments?post=309267"}],"version-history":[{"count":3,"href":"https:\/\/www.meydan.tv\/az\/wp-json\/wp\/v2\/posts\/309267\/revisions"}],"predecessor-version":[{"id":309283,"href":"https:\/\/www.meydan.tv\/az\/wp-json\/wp\/v2\/posts\/309267\/revisions\/309283"}],"wp:featuredmedia":[{"embeddable":true,"href":"https:\/\/www.meydan.tv\/az\/wp-json\/wp\/v2\/media\/309268"}],"wp:attachment":[{"href":"https:\/\/www.meydan.tv\/az\/wp-json\/wp\/v2\/media?parent=309267"}],"wp:term":[{"taxonomy":"category","embeddable":true,"href":"https:\/\/www.meydan.tv\/az\/wp-json\/wp\/v2\/categories?post=309267"},{"taxonomy":"post_tag","embeddable":true,"href":"https:\/\/www.meydan.tv\/az\/wp-json\/wp\/v2\/tags?post=309267"}],"curies":[{"name":"wp","href":"https:\/\/api.w.org\/{rel}","templated":true}]}}