{"id":309265,"date":"2024-06-28T18:42:07","date_gmt":"2024-06-28T14:42:07","guid":{"rendered":"https:\/\/www.meydan.tv\/?p=309265"},"modified":"2024-06-28T18:42:11","modified_gmt":"2024-06-28T14:42:11","slug":"ai-92-ve-dizelin-qiymet-artimina-ehtiyac-varmi","status":"publish","type":"post","link":"https:\/\/www.meydan.tv\/az\/article\/ai-92-ve-dizelin-qiymet-artimina-ehtiyac-varmi\/","title":{"rendered":"A\u0130-92 v\u0259 dizelin qiym\u0259t art\u0131m\u0131na ehtiyac varm\u0131?"},"content":{"rendered":"\n<p><\/p>\n\n\n\n<p><strong><em>\u0130qtisad\u00e7\u0131 deyir ki, Az\u0259rbaycanda elektrik v\u0259 hibrid ma\u015f\u0131nlar\u0131na g\u00fcz\u0259\u015ftl\u0259r yet\u0259rli deyil<\/em><\/strong><\/p>\n\n\n\n<p>Son g\u00fcnl\u0259r Az\u0259rbaycanda \u0259n \u00e7ox m\u00fczakir\u0259 olunan m\u00f6vzu &#8211; A\u0130-92 v\u0259 dizel yanacaqlar\u0131n\u0131n qiym\u0259tinin bahala\u015fmas\u0131 il\u0259 ba\u011fl\u0131d\u0131r. Yerli media bu haqda m\u0259lumat payla\u015f\u0131r, bahala\u015fman\u0131n olub-olmayaca\u011f\u0131 m\u00fczakir\u0259 edilir. B\u0259zi m\u0259lumatlarda h\u00f6kum\u0259t\u0259 yax\u0131n m\u0259nb\u0259l\u0259r\u0259 istinad edilir, lakin ad verilmir. Art\u0131m\u0131n 20 q\u0259pik civar\u0131nda olaca\u011f\u0131 g\u00f6zl\u0259nilir. A\u0130-92 v\u0259 dizel yanacaqlar\u0131n\u0131n ekoloji probleml\u0259r yaratd\u0131\u011f\u0131 \u0259sas g\u0259tirilir.<\/p>\n\n\n\n<p>\u0130qtisad\u00e7\u0131 Natiq C\u0259f\u0259rli <a href=\"https:\/\/www.facebook.com\/share\/p\/hXF5r5bhv1DDH2Kc\/\" target=\"_blank\" rel=\"noreferrer noopener\">deyir<\/a> ki, A\u0130-92 v\u0259 dizel yanaca\u011f\u0131n\u0131n qiym\u0259tinin artmas\u0131 \u00fc\u00e7\u00fcn he\u00e7 bir iqtisadi \u0259sas yoxdur. \u0130qtisad\u00e7\u0131 bildirir ki, Az\u0259rbaycan neft \u00f6lk\u0259sidir, xammal\u0131 xaricd\u0259n alm\u0131r:<\/p>\n\n\n\n<p><em>\u201c\u00dcst\u0259lik, yerli istehsal\u0131 var, neftin qiym\u0259ti d\u00fcnya bazar\u0131nda ilin \u0259vv\u0259lind\u0259n b\u0259ri artmay\u0131b. 80-85 dollar koridorunda sabitl\u0259\u015fib. D\u0259b olan \u201cekoloji probleml\u0259r\u201d m\u00f6vzusunu i\u015fin i\u00e7in\u0259 qat\u0131b, qiym\u0259t art\u0131m\u0131na \u201cqlamur\u201d don geydirm\u0259k d\u0259 do\u011fru deyil. Ekoloji h\u0259ssasl\u0131\u011f\u0131m\u0131z, avtomobil park\u0131n\u0131 yenil\u0259m\u0259k ist\u0259yimiz, elektrik v\u0259 hibrid ma\u015f\u0131nlara ke\u00e7idi s\u00fcr\u0259tl\u0259ndirm\u0259k arzumuz varsa, o zaman geni\u015f t\u0259\u015fviq proqram\u0131 q\u0259bul edilm\u0259li, ke\u00e7id orqanik v\u0259 t\u0259bii yolla ba\u015f verm\u0259lidir\u201d<\/em>.<\/p>\n\n\n<div class=\"wp-block-image\">\n<figure class=\"alignright size-large is-resized\"><img decoding=\"async\" width=\"1200\" height=\"696\" data-src=\"https:\/\/www.meydan.tv\/wp-content\/uploads\/image_from_ios_178-scaled-e1648798569981-1200x696.jpg\" alt=\"Natiq C\u0259f\u0259rli\" class=\"wp-image-210013 lazyload\" style=\"--smush-placeholder-width: 1200px; --smush-placeholder-aspect-ratio: 1200\/696;width:440px;height:auto\" src=\"data:image\/svg+xml;base64,PHN2ZyB3aWR0aD0iMSIgaGVpZ2h0PSIxIiB4bWxucz0iaHR0cDovL3d3dy53My5vcmcvMjAwMC9zdmciPjwvc3ZnPg==\" \/><figcaption class=\"wp-element-caption\">Natiq C\u0259f\u0259rli, Foto: Meydan TV<\/figcaption><\/figure>\n<\/div>\n\n\n<p>Natiq C\u0259f\u0259rlinin fikrinc\u0259, bu g\u00fcn Az\u0259rbaycanda elektrik v\u0259 hibrid ma\u015f\u0131nlar\u0131na g\u00fcz\u0259\u015ftl\u0259r yet\u0259rli deyil, son 3 ild\u0259 istehsal olunan avtomobill\u0259r\u0259 \u015famil edilir:<\/p>\n\n\n\n<p><em>\u201cYeni avtomobill\u0259r is\u0259 bahad\u0131r, v\u0259t\u0259nda\u015f\u0131n al\u0131m g\u00fcc\u00fcn\u0259 uy\u011fun deyil. Elektrik avtomobill\u0259rinin i\u015f prinsipi eynidir \u2013 10 il \u0259vv\u0259l burax\u0131lan da, d\u00fcn\u0259n istehsal edil\u0259n d\u0259 eyni prinsipl\u0259 i\u015fl\u0259yir. O zaman niy\u0259 il m\u0259hdudiyy\u0259ti qoymal\u0131d\u0131r ki?! \u0130llah m\u0259hdudiyy\u0259t ist\u0259yirsinizs\u0259, y\u00fcr\u00fc\u015f m\u0259saf\u0259si il\u0259 t\u0259nziml\u0259m\u0259k olar. M\u0259s\u0259l\u0259n, 100 min km y\u00fcr\u00fc\u015f\u0259 q\u0259d\u0259r olan elektrik avtomobill\u0259rin\u0259 0 r\u00fcsum, 0 vergi, 0 aksiz t\u0259dbiq edin, camaat da als\u0131n, g\u0259tirsin\u201d<\/em>.<\/p>\n\n\n\n<p>Natiq C\u0259f\u0259rli deyir ki, lap elektrik avtomobill\u0259ri artd\u0131, yax\u015f\u0131, buna uy\u011fun infrastruktur varm\u0131, niy\u0259 yarad\u0131lm\u0131r,\u00a0 artm\u0131r?<\/p>\n\n\n\n<p><em>\u201cRegionlarda, \u00fcmumiyy\u0259tl\u0259 infrastruktur yox d\u0259r\u0259c\u0259sind\u0259dir \u2013 b\u00fct\u00fcn bunlar\u0131 edin, t\u0259\u015fviqi g\u00fccl\u0259ndirin, sonra deyin ki, m\u0259s\u0259l\u0259n, dizel ziyanl\u0131d\u0131r, qiym\u0259tini qald\u0131r\u0131r\u0131q ki, ekologiyaya ziyan olmas\u0131n. Amma bu da m\u0259ntiqli deyil \u2013 \u00f6lk\u0259d\u0259 aqrar sah\u0259 v\u0259 logistika dizell\u0259 \u00e7al\u0131\u015f\u0131r, siz elektrikl\u0259 i\u015fl\u0259y\u0259n traktor, kombayn alacaqs\u0131z, y\u00fckda\u015f\u0131ma m\u0259s\u0259l\u0259sini nec\u0259 h\u0259ll ed\u0259c\u0259ksiniz?! Aqrar sektorda istehsal olunan mallarda maya d\u0259y\u0259rinin 40%-ni, y\u00fck v\u0259 s\u0259rni\u015fin da\u015f\u0131malarda 20%-\u0259 yax\u0131n\u0131n\u0131 yanacaq x\u0259rcl\u0259ri tutur. Yax\u015f\u0131, dizelin qiym\u0259tini art\u0131rd\u0131z, b\u0259s d\u00fc\u015f\u00fcnm\u00fcrs\u00fcn\u00fcz ki, aqrar m\u0259hsullar\u0131n qiym\u0259ti artacaq, \u0259rzaq bahala\u015facaq?!\u201d<\/em><\/p>\n\n\n\n<p>\u0130qtisad\u00e7\u0131 qeyd edib ki, qar\u015f\u0131dan se\u00e7kil\u0259r g\u0259lir, ola bilsin se\u00e7kid\u0259n \u00f6nc\u0259 qiym\u0259t art\u0131mlar\u0131 olmas\u0131n. Amma bu se\u00e7kil\u0259rd\u0259 h\u00f6kum\u0259t\u0259 g\u00fccl\u00fc v\u0259 ayd\u0131n \u015f\u0259kild\u0259, \u201cd\u0259yi\u015fin, islahat apar\u0131n\u201d, mesaj\u0131n\u0131 verm\u0259s\u0259k, kommunal xidm\u0259tl\u0259r, ictimai n\u0259qliyyat, yanacaq \u2013 bir s\u00f6zl\u0259, h\u00f6kum\u0259t t\u0259r\u0259find\u0259n t\u0259nziml\u0259n\u0259n b\u00fct\u00fcn sah\u0259l\u0259rd\u0259 qiym\u0259t art\u0131m\u0131 olacaq.<\/p>\n\n\n\n<p>Haz\u0131rda Az\u0259rbaycanda A\u0130-92 benzininin qiym\u0259ti 1 manat, dizel yanaca\u011f\u0131 is\u0259 80 q\u0259pikdir. <\/p>\n\n\n\n<p>H\u00f6kum\u0259t n\u00fcmay\u0259nd\u0259l\u0259ri, o c\u00fcml\u0259d\u0259n Tarif \u015euras\u0131 A\u0130-92 v\u0259 dizelin bahala\u015faca\u011f\u0131 il\u0259 ba\u011fl\u0131 s\u0259sl\u0259ndiril\u0259n iddialara, m\u00fcnasib\u0259t bildirm\u0259yib.<\/p>\n","protected":false},"excerpt":{"rendered":"<p>\u0130qtisad\u00e7\u0131 deyir ki, Az\u0259rbaycanda elektrik v\u0259 hibrid ma\u015f\u0131nlar\u0131na g\u00fcz\u0259\u015ftl\u0259r yet\u0259rli &#8230; <\/p>\n<p class=\"read-more-container\"><a title=\"A\u0130-92 v\u0259 dizelin qiym\u0259t art\u0131m\u0131na ehtiyac varm\u0131?\" class=\"read-more button\" href=\"https:\/\/www.meydan.tv\/az\/article\/ai-92-ve-dizelin-qiymet-artimina-ehtiyac-varmi\/#more-309265\" aria-label=\"Read more about A\u0130-92 v\u0259 dizelin qiym\u0259t art\u0131m\u0131na ehtiyac varm\u0131?\">Davam\u0131<\/a><\/p>\n","protected":false},"author":21,"featured_media":129059,"comment_status":"closed","ping_status":"closed","sticky":false,"template":"","format":"standard","meta":{"_acf_changed":false,"_sitemap_exclude":false,"_sitemap_priority":"","_sitemap_frequency":"","footnotes":""},"categories":[53,79,56],"tags":[],"class_list":["post-309265","post","type-post","status-publish","format-standard","has-post-thumbnail","hentry","category-iqtisadiyyat","category-featured","category-xeberler","infinite-scroll-item","generate-columns","tablet-grid-50","mobile-grid-100","grid-parent","grid-33","no-featured-image-padding"],"acf":[],"yoast_head":"<!-- This site is optimized with the Yoast SEO plugin v27.4 - https:\/\/yoast.com\/product\/yoast-seo-wordpress\/ -->\n<title>A\u0130-92 v\u0259 dizelin qiym\u0259t art\u0131m\u0131na ehtiyac varm\u0131? - MEYDAN.TV<\/title>\n<meta name=\"description\" content=\"Son g\u00fcnl\u0259r Az\u0259rbaycanda \u0259n \u00e7ox m\u00fczakir\u0259 olunan m\u00f6vzu - A\u0130-92 v\u0259 dizel yanacaqlar\u0131n\u0131n qiym\u0259tinin bahala\u015fmas\u0131 il\u0259 ba\u011fl\u0131d\u0131r. Yerli media bu haqda m\u0259lumat payla\u015f\u0131r, bahala\u015fman\u0131n olub-olmayaca\u011f\u0131 m\u00fczakir\u0259 edilir. B\u0259zi m\u0259lumatlarda h\u00f6kum\u0259t\u0259 yax\u0131n m\u0259nb\u0259l\u0259r\u0259 istinad edilir, lakin ad verilmir. Art\u0131m\u0131n 20 q\u0259pik civar\u0131nda olaca\u011f\u0131 g\u00f6zl\u0259nilir. A\u0130-92 v\u0259 dizel yanacaqlar\u0131n\u0131n ekoloji probleml\u0259r yaratd\u0131\u011f\u0131 \u0259sas g\u0259tirilir.\u0130qtisad\u00e7\u0131 Natiq C\u0259f\u0259rli deyir ki, A\u0130-92 v\u0259 dizel yanaca\u011f\u0131n\u0131n qiym\u0259tinin artmas\u0131 \u00fc\u00e7\u00fcn he\u00e7 bir iqtisadi \u0259sas yoxdur.\" \/>\n<meta name=\"robots\" content=\"index, follow, max-snippet:-1, max-image-preview:large, max-video-preview:-1\" \/>\n<link rel=\"canonical\" href=\"https:\/\/www.meydan.tv\/az\/article\/ai-92-ve-dizelin-qiymet-artimina-ehtiyac-varmi\/\" \/>\n<meta property=\"og:locale\" content=\"az_AZ\" \/>\n<meta property=\"og:type\" content=\"article\" \/>\n<meta property=\"og:title\" content=\"A\u0130-92 v\u0259 dizelin qiym\u0259t art\u0131m\u0131na ehtiyac varm\u0131? - MEYDAN.TV\" \/>\n<meta property=\"og:description\" content=\"Son g\u00fcnl\u0259r Az\u0259rbaycanda \u0259n \u00e7ox m\u00fczakir\u0259 olunan m\u00f6vzu - A\u0130-92 v\u0259 dizel yanacaqlar\u0131n\u0131n qiym\u0259tinin bahala\u015fmas\u0131 il\u0259 ba\u011fl\u0131d\u0131r. Yerli media bu haqda m\u0259lumat payla\u015f\u0131r, bahala\u015fman\u0131n olub-olmayaca\u011f\u0131 m\u00fczakir\u0259 edilir. B\u0259zi m\u0259lumatlarda h\u00f6kum\u0259t\u0259 yax\u0131n m\u0259nb\u0259l\u0259r\u0259 istinad edilir, lakin ad verilmir. Art\u0131m\u0131n 20 q\u0259pik civar\u0131nda olaca\u011f\u0131 g\u00f6zl\u0259nilir. A\u0130-92 v\u0259 dizel yanacaqlar\u0131n\u0131n ekoloji probleml\u0259r yaratd\u0131\u011f\u0131 \u0259sas g\u0259tirilir.\u0130qtisad\u00e7\u0131 Natiq C\u0259f\u0259rli deyir ki, A\u0130-92 v\u0259 dizel yanaca\u011f\u0131n\u0131n qiym\u0259tinin artmas\u0131 \u00fc\u00e7\u00fcn he\u00e7 bir iqtisadi \u0259sas yoxdur.\" \/>\n<meta property=\"og:url\" content=\"https:\/\/www.meydan.tv\/az\/article\/ai-92-ve-dizelin-qiymet-artimina-ehtiyac-varmi\/\" \/>\n<meta property=\"og:site_name\" content=\"MEYDAN.TV\" \/>\n<meta property=\"article:published_time\" content=\"2024-06-28T14:42:07+00:00\" \/>\n<meta property=\"article:modified_time\" content=\"2024-06-28T14:42:11+00:00\" \/>\n<meta property=\"og:image\" content=\"https:\/\/www.meydan.tv\/wp-content\/uploads\/96dc97fa72cff42be55860b10cb.jpg\" \/>\n\t<meta property=\"og:image:width\" content=\"900\" \/>\n\t<meta property=\"og:image:height\" content=\"600\" \/>\n\t<meta property=\"og:image:type\" content=\"image\/jpeg\" \/>\n<meta name=\"author\" content=\"mahmud\" \/>\n<meta name=\"twitter:card\" content=\"summary_large_image\" \/>\n<script type=\"application\/ld+json\" class=\"yoast-schema-graph\">{\"@context\":\"https:\\\/\\\/schema.org\",\"@graph\":[{\"@type\":\"Article\",\"@id\":\"https:\\\/\\\/www.meydan.tv\\\/az\\\/article\\\/ai-92-ve-dizelin-qiymet-artimina-ehtiyac-varmi\\\/#article\",\"isPartOf\":{\"@id\":\"https:\\\/\\\/www.meydan.tv\\\/az\\\/article\\\/ai-92-ve-dizelin-qiymet-artimina-ehtiyac-varmi\\\/\"},\"author\":{\"name\":\"mahmud\",\"@id\":\"https:\\\/\\\/www.meydan.tv\\\/az\\\/#\\\/schema\\\/person\\\/09863e516102a829e72bedcf3f84c6b0\"},\"headline\":\"A\u0130-92 v\u0259 dizelin qiym\u0259t art\u0131m\u0131na ehtiyac varm\u0131?\",\"datePublished\":\"2024-06-28T14:42:07+00:00\",\"dateModified\":\"2024-06-28T14:42:11+00:00\",\"mainEntityOfPage\":{\"@id\":\"https:\\\/\\\/www.meydan.tv\\\/az\\\/article\\\/ai-92-ve-dizelin-qiymet-artimina-ehtiyac-varmi\\\/\"},\"wordCount\":673,\"publisher\":{\"@id\":\"https:\\\/\\\/www.meydan.tv\\\/az\\\/#organization\"},\"image\":{\"@id\":\"https:\\\/\\\/www.meydan.tv\\\/az\\\/article\\\/ai-92-ve-dizelin-qiymet-artimina-ehtiyac-varmi\\\/#primaryimage\"},\"thumbnailUrl\":\"https:\\\/\\\/www.meydan.tv\\\/wp-content\\\/uploads\\\/96dc97fa72cff42be55860b10cb.jpg\",\"articleSection\":[\"\u0130qtisadiyyat\",\"T\u00f6vsiy\u0259\",\"X\u0259b\u0259rl\u0259r\"],\"inLanguage\":\"az\"},{\"@type\":\"WebPage\",\"@id\":\"https:\\\/\\\/www.meydan.tv\\\/az\\\/article\\\/ai-92-ve-dizelin-qiymet-artimina-ehtiyac-varmi\\\/\",\"url\":\"https:\\\/\\\/www.meydan.tv\\\/az\\\/article\\\/ai-92-ve-dizelin-qiymet-artimina-ehtiyac-varmi\\\/\",\"name\":\"A\u0130-92 v\u0259 dizelin qiym\u0259t art\u0131m\u0131na ehtiyac varm\u0131? - MEYDAN.TV\",\"isPartOf\":{\"@id\":\"https:\\\/\\\/www.meydan.tv\\\/az\\\/#website\"},\"primaryImageOfPage\":{\"@id\":\"https:\\\/\\\/www.meydan.tv\\\/az\\\/article\\\/ai-92-ve-dizelin-qiymet-artimina-ehtiyac-varmi\\\/#primaryimage\"},\"image\":{\"@id\":\"https:\\\/\\\/www.meydan.tv\\\/az\\\/article\\\/ai-92-ve-dizelin-qiymet-artimina-ehtiyac-varmi\\\/#primaryimage\"},\"thumbnailUrl\":\"https:\\\/\\\/www.meydan.tv\\\/wp-content\\\/uploads\\\/96dc97fa72cff42be55860b10cb.jpg\",\"datePublished\":\"2024-06-28T14:42:07+00:00\",\"dateModified\":\"2024-06-28T14:42:11+00:00\",\"description\":\"Son g\u00fcnl\u0259r Az\u0259rbaycanda \u0259n \u00e7ox m\u00fczakir\u0259 olunan m\u00f6vzu - A\u0130-92 v\u0259 dizel yanacaqlar\u0131n\u0131n qiym\u0259tinin bahala\u015fmas\u0131 il\u0259 ba\u011fl\u0131d\u0131r. Yerli media bu haqda m\u0259lumat payla\u015f\u0131r, bahala\u015fman\u0131n olub-olmayaca\u011f\u0131 m\u00fczakir\u0259 edilir. B\u0259zi m\u0259lumatlarda h\u00f6kum\u0259t\u0259 yax\u0131n m\u0259nb\u0259l\u0259r\u0259 istinad edilir, lakin ad verilmir. Art\u0131m\u0131n 20 q\u0259pik civar\u0131nda olaca\u011f\u0131 g\u00f6zl\u0259nilir. A\u0130-92 v\u0259 dizel yanacaqlar\u0131n\u0131n ekoloji probleml\u0259r yaratd\u0131\u011f\u0131 \u0259sas g\u0259tirilir.\u0130qtisad\u00e7\u0131 Natiq C\u0259f\u0259rli deyir ki, A\u0130-92 v\u0259 dizel yanaca\u011f\u0131n\u0131n qiym\u0259tinin artmas\u0131 \u00fc\u00e7\u00fcn he\u00e7 bir iqtisadi \u0259sas yoxdur.\",\"breadcrumb\":{\"@id\":\"https:\\\/\\\/www.meydan.tv\\\/az\\\/article\\\/ai-92-ve-dizelin-qiymet-artimina-ehtiyac-varmi\\\/#breadcrumb\"},\"inLanguage\":\"az\",\"potentialAction\":[{\"@type\":\"ReadAction\",\"target\":[\"https:\\\/\\\/www.meydan.tv\\\/az\\\/article\\\/ai-92-ve-dizelin-qiymet-artimina-ehtiyac-varmi\\\/\"]}]},{\"@type\":\"ImageObject\",\"inLanguage\":\"az\",\"@id\":\"https:\\\/\\\/www.meydan.tv\\\/az\\\/article\\\/ai-92-ve-dizelin-qiymet-artimina-ehtiyac-varmi\\\/#primaryimage\",\"url\":\"https:\\\/\\\/www.meydan.tv\\\/wp-content\\\/uploads\\\/96dc97fa72cff42be55860b10cb.jpg\",\"contentUrl\":\"https:\\\/\\\/www.meydan.tv\\\/wp-content\\\/uploads\\\/96dc97fa72cff42be55860b10cb.jpg\",\"width\":900,\"height\":600,\"caption\":\"Foto: Meydan TV\"},{\"@type\":\"BreadcrumbList\",\"@id\":\"https:\\\/\\\/www.meydan.tv\\\/az\\\/article\\\/ai-92-ve-dizelin-qiymet-artimina-ehtiyac-varmi\\\/#breadcrumb\",\"itemListElement\":[{\"@type\":\"ListItem\",\"position\":1,\"name\":\"Ana s\u0259hif\u0259\",\"item\":\"https:\\\/\\\/www.meydan.tv\\\/az\\\/\"},{\"@type\":\"ListItem\",\"position\":2,\"name\":\"\u0130qtisadiyyat\",\"item\":\"https:\\\/\\\/www.meydan.tv\\\/az\\\/section\\\/iqtisadiyyat\\\/\"},{\"@type\":\"ListItem\",\"position\":3,\"name\":\"A\u0130-92 v\u0259 dizelin qiym\u0259t art\u0131m\u0131na ehtiyac varm\u0131?\"}]},{\"@type\":\"WebSite\",\"@id\":\"https:\\\/\\\/www.meydan.tv\\\/az\\\/#website\",\"url\":\"https:\\\/\\\/www.meydan.tv\\\/az\\\/\",\"name\":\"MEYDAN.TV\",\"description\":\"Meydan TV Az\u0259rbaycan\u0131n media m\u0259kan\u0131ndak\u0131 alternativ s\u0259sidir\",\"publisher\":{\"@id\":\"https:\\\/\\\/www.meydan.tv\\\/az\\\/#organization\"},\"potentialAction\":[{\"@type\":\"SearchAction\",\"target\":{\"@type\":\"EntryPoint\",\"urlTemplate\":\"https:\\\/\\\/www.meydan.tv\\\/az\\\/?s={search_term_string}\"},\"query-input\":{\"@type\":\"PropertyValueSpecification\",\"valueRequired\":true,\"valueName\":\"search_term_string\"}}],\"inLanguage\":\"az\"},{\"@type\":\"Organization\",\"@id\":\"https:\\\/\\\/www.meydan.tv\\\/az\\\/#organization\",\"name\":\"Meydan TV\",\"url\":\"https:\\\/\\\/www.meydan.tv\\\/az\\\/\",\"logo\":{\"@type\":\"ImageObject\",\"inLanguage\":\"az\",\"@id\":\"https:\\\/\\\/www.meydan.tv\\\/az\\\/#\\\/schema\\\/logo\\\/image\\\/\",\"url\":\"https:\\\/\\\/www.meydan.tv\\\/wp-content\\\/uploads\\\/2021\\\/07\\\/meydan-logo.svg\",\"contentUrl\":\"https:\\\/\\\/www.meydan.tv\\\/wp-content\\\/uploads\\\/2021\\\/07\\\/meydan-logo.svg\",\"width\":195,\"height\":46,\"caption\":\"Meydan TV\"},\"image\":{\"@id\":\"https:\\\/\\\/www.meydan.tv\\\/az\\\/#\\\/schema\\\/logo\\\/image\\\/\"}},{\"@type\":\"Person\",\"@id\":\"https:\\\/\\\/www.meydan.tv\\\/az\\\/#\\\/schema\\\/person\\\/09863e516102a829e72bedcf3f84c6b0\",\"name\":\"mahmud\"}]}<\/script>\n<!-- \/ Yoast SEO plugin. -->","yoast_head_json":{"title":"A\u0130-92 v\u0259 dizelin qiym\u0259t art\u0131m\u0131na ehtiyac varm\u0131? - MEYDAN.TV","description":"Son g\u00fcnl\u0259r Az\u0259rbaycanda \u0259n \u00e7ox m\u00fczakir\u0259 olunan m\u00f6vzu - A\u0130-92 v\u0259 dizel yanacaqlar\u0131n\u0131n qiym\u0259tinin bahala\u015fmas\u0131 il\u0259 ba\u011fl\u0131d\u0131r. Yerli media bu haqda m\u0259lumat payla\u015f\u0131r, bahala\u015fman\u0131n olub-olmayaca\u011f\u0131 m\u00fczakir\u0259 edilir. B\u0259zi m\u0259lumatlarda h\u00f6kum\u0259t\u0259 yax\u0131n m\u0259nb\u0259l\u0259r\u0259 istinad edilir, lakin ad verilmir. Art\u0131m\u0131n 20 q\u0259pik civar\u0131nda olaca\u011f\u0131 g\u00f6zl\u0259nilir. A\u0130-92 v\u0259 dizel yanacaqlar\u0131n\u0131n ekoloji probleml\u0259r yaratd\u0131\u011f\u0131 \u0259sas g\u0259tirilir.\u0130qtisad\u00e7\u0131 Natiq C\u0259f\u0259rli deyir ki, A\u0130-92 v\u0259 dizel yanaca\u011f\u0131n\u0131n qiym\u0259tinin artmas\u0131 \u00fc\u00e7\u00fcn he\u00e7 bir iqtisadi \u0259sas yoxdur.","robots":{"index":"index","follow":"follow","max-snippet":"max-snippet:-1","max-image-preview":"max-image-preview:large","max-video-preview":"max-video-preview:-1"},"canonical":"https:\/\/www.meydan.tv\/az\/article\/ai-92-ve-dizelin-qiymet-artimina-ehtiyac-varmi\/","og_locale":"az_AZ","og_type":"article","og_title":"A\u0130-92 v\u0259 dizelin qiym\u0259t art\u0131m\u0131na ehtiyac varm\u0131? - MEYDAN.TV","og_description":"Son g\u00fcnl\u0259r Az\u0259rbaycanda \u0259n \u00e7ox m\u00fczakir\u0259 olunan m\u00f6vzu - A\u0130-92 v\u0259 dizel yanacaqlar\u0131n\u0131n qiym\u0259tinin bahala\u015fmas\u0131 il\u0259 ba\u011fl\u0131d\u0131r. Yerli media bu haqda m\u0259lumat payla\u015f\u0131r, bahala\u015fman\u0131n olub-olmayaca\u011f\u0131 m\u00fczakir\u0259 edilir. B\u0259zi m\u0259lumatlarda h\u00f6kum\u0259t\u0259 yax\u0131n m\u0259nb\u0259l\u0259r\u0259 istinad edilir, lakin ad verilmir. Art\u0131m\u0131n 20 q\u0259pik civar\u0131nda olaca\u011f\u0131 g\u00f6zl\u0259nilir. A\u0130-92 v\u0259 dizel yanacaqlar\u0131n\u0131n ekoloji probleml\u0259r yaratd\u0131\u011f\u0131 \u0259sas g\u0259tirilir.\u0130qtisad\u00e7\u0131 Natiq C\u0259f\u0259rli deyir ki, A\u0130-92 v\u0259 dizel yanaca\u011f\u0131n\u0131n qiym\u0259tinin artmas\u0131 \u00fc\u00e7\u00fcn he\u00e7 bir iqtisadi \u0259sas yoxdur.","og_url":"https:\/\/www.meydan.tv\/az\/article\/ai-92-ve-dizelin-qiymet-artimina-ehtiyac-varmi\/","og_site_name":"MEYDAN.TV","article_published_time":"2024-06-28T14:42:07+00:00","article_modified_time":"2024-06-28T14:42:11+00:00","og_image":[{"width":900,"height":600,"url":"https:\/\/www.meydan.tv\/wp-content\/uploads\/96dc97fa72cff42be55860b10cb.jpg","type":"image\/jpeg"}],"author":"mahmud","twitter_card":"summary_large_image","schema":{"@context":"https:\/\/schema.org","@graph":[{"@type":"Article","@id":"https:\/\/www.meydan.tv\/az\/article\/ai-92-ve-dizelin-qiymet-artimina-ehtiyac-varmi\/#article","isPartOf":{"@id":"https:\/\/www.meydan.tv\/az\/article\/ai-92-ve-dizelin-qiymet-artimina-ehtiyac-varmi\/"},"author":{"name":"mahmud","@id":"https:\/\/www.meydan.tv\/az\/#\/schema\/person\/09863e516102a829e72bedcf3f84c6b0"},"headline":"A\u0130-92 v\u0259 dizelin qiym\u0259t art\u0131m\u0131na ehtiyac varm\u0131?","datePublished":"2024-06-28T14:42:07+00:00","dateModified":"2024-06-28T14:42:11+00:00","mainEntityOfPage":{"@id":"https:\/\/www.meydan.tv\/az\/article\/ai-92-ve-dizelin-qiymet-artimina-ehtiyac-varmi\/"},"wordCount":673,"publisher":{"@id":"https:\/\/www.meydan.tv\/az\/#organization"},"image":{"@id":"https:\/\/www.meydan.tv\/az\/article\/ai-92-ve-dizelin-qiymet-artimina-ehtiyac-varmi\/#primaryimage"},"thumbnailUrl":"https:\/\/www.meydan.tv\/wp-content\/uploads\/96dc97fa72cff42be55860b10cb.jpg","articleSection":["\u0130qtisadiyyat","T\u00f6vsiy\u0259","X\u0259b\u0259rl\u0259r"],"inLanguage":"az"},{"@type":"WebPage","@id":"https:\/\/www.meydan.tv\/az\/article\/ai-92-ve-dizelin-qiymet-artimina-ehtiyac-varmi\/","url":"https:\/\/www.meydan.tv\/az\/article\/ai-92-ve-dizelin-qiymet-artimina-ehtiyac-varmi\/","name":"A\u0130-92 v\u0259 dizelin qiym\u0259t art\u0131m\u0131na ehtiyac varm\u0131? - MEYDAN.TV","isPartOf":{"@id":"https:\/\/www.meydan.tv\/az\/#website"},"primaryImageOfPage":{"@id":"https:\/\/www.meydan.tv\/az\/article\/ai-92-ve-dizelin-qiymet-artimina-ehtiyac-varmi\/#primaryimage"},"image":{"@id":"https:\/\/www.meydan.tv\/az\/article\/ai-92-ve-dizelin-qiymet-artimina-ehtiyac-varmi\/#primaryimage"},"thumbnailUrl":"https:\/\/www.meydan.tv\/wp-content\/uploads\/96dc97fa72cff42be55860b10cb.jpg","datePublished":"2024-06-28T14:42:07+00:00","dateModified":"2024-06-28T14:42:11+00:00","description":"Son g\u00fcnl\u0259r Az\u0259rbaycanda \u0259n \u00e7ox m\u00fczakir\u0259 olunan m\u00f6vzu - A\u0130-92 v\u0259 dizel yanacaqlar\u0131n\u0131n qiym\u0259tinin bahala\u015fmas\u0131 il\u0259 ba\u011fl\u0131d\u0131r. Yerli media bu haqda m\u0259lumat payla\u015f\u0131r, bahala\u015fman\u0131n olub-olmayaca\u011f\u0131 m\u00fczakir\u0259 edilir. B\u0259zi m\u0259lumatlarda h\u00f6kum\u0259t\u0259 yax\u0131n m\u0259nb\u0259l\u0259r\u0259 istinad edilir, lakin ad verilmir. Art\u0131m\u0131n 20 q\u0259pik civar\u0131nda olaca\u011f\u0131 g\u00f6zl\u0259nilir. A\u0130-92 v\u0259 dizel yanacaqlar\u0131n\u0131n ekoloji probleml\u0259r yaratd\u0131\u011f\u0131 \u0259sas g\u0259tirilir.\u0130qtisad\u00e7\u0131 Natiq C\u0259f\u0259rli deyir ki, A\u0130-92 v\u0259 dizel yanaca\u011f\u0131n\u0131n qiym\u0259tinin artmas\u0131 \u00fc\u00e7\u00fcn he\u00e7 bir iqtisadi \u0259sas yoxdur.","breadcrumb":{"@id":"https:\/\/www.meydan.tv\/az\/article\/ai-92-ve-dizelin-qiymet-artimina-ehtiyac-varmi\/#breadcrumb"},"inLanguage":"az","potentialAction":[{"@type":"ReadAction","target":["https:\/\/www.meydan.tv\/az\/article\/ai-92-ve-dizelin-qiymet-artimina-ehtiyac-varmi\/"]}]},{"@type":"ImageObject","inLanguage":"az","@id":"https:\/\/www.meydan.tv\/az\/article\/ai-92-ve-dizelin-qiymet-artimina-ehtiyac-varmi\/#primaryimage","url":"https:\/\/www.meydan.tv\/wp-content\/uploads\/96dc97fa72cff42be55860b10cb.jpg","contentUrl":"https:\/\/www.meydan.tv\/wp-content\/uploads\/96dc97fa72cff42be55860b10cb.jpg","width":900,"height":600,"caption":"Foto: Meydan TV"},{"@type":"BreadcrumbList","@id":"https:\/\/www.meydan.tv\/az\/article\/ai-92-ve-dizelin-qiymet-artimina-ehtiyac-varmi\/#breadcrumb","itemListElement":[{"@type":"ListItem","position":1,"name":"Ana s\u0259hif\u0259","item":"https:\/\/www.meydan.tv\/az\/"},{"@type":"ListItem","position":2,"name":"\u0130qtisadiyyat","item":"https:\/\/www.meydan.tv\/az\/section\/iqtisadiyyat\/"},{"@type":"ListItem","position":3,"name":"A\u0130-92 v\u0259 dizelin qiym\u0259t art\u0131m\u0131na ehtiyac varm\u0131?"}]},{"@type":"WebSite","@id":"https:\/\/www.meydan.tv\/az\/#website","url":"https:\/\/www.meydan.tv\/az\/","name":"MEYDAN.TV","description":"Meydan TV Az\u0259rbaycan\u0131n media m\u0259kan\u0131ndak\u0131 alternativ s\u0259sidir","publisher":{"@id":"https:\/\/www.meydan.tv\/az\/#organization"},"potentialAction":[{"@type":"SearchAction","target":{"@type":"EntryPoint","urlTemplate":"https:\/\/www.meydan.tv\/az\/?s={search_term_string}"},"query-input":{"@type":"PropertyValueSpecification","valueRequired":true,"valueName":"search_term_string"}}],"inLanguage":"az"},{"@type":"Organization","@id":"https:\/\/www.meydan.tv\/az\/#organization","name":"Meydan TV","url":"https:\/\/www.meydan.tv\/az\/","logo":{"@type":"ImageObject","inLanguage":"az","@id":"https:\/\/www.meydan.tv\/az\/#\/schema\/logo\/image\/","url":"https:\/\/www.meydan.tv\/wp-content\/uploads\/2021\/07\/meydan-logo.svg","contentUrl":"https:\/\/www.meydan.tv\/wp-content\/uploads\/2021\/07\/meydan-logo.svg","width":195,"height":46,"caption":"Meydan TV"},"image":{"@id":"https:\/\/www.meydan.tv\/az\/#\/schema\/logo\/image\/"}},{"@type":"Person","@id":"https:\/\/www.meydan.tv\/az\/#\/schema\/person\/09863e516102a829e72bedcf3f84c6b0","name":"mahmud"}]}},"_links":{"self":[{"href":"https:\/\/www.meydan.tv\/az\/wp-json\/wp\/v2\/posts\/309265","targetHints":{"allow":["GET"]}}],"collection":[{"href":"https:\/\/www.meydan.tv\/az\/wp-json\/wp\/v2\/posts"}],"about":[{"href":"https:\/\/www.meydan.tv\/az\/wp-json\/wp\/v2\/types\/post"}],"author":[{"embeddable":true,"href":"https:\/\/www.meydan.tv\/az\/wp-json\/wp\/v2\/users\/21"}],"replies":[{"embeddable":true,"href":"https:\/\/www.meydan.tv\/az\/wp-json\/wp\/v2\/comments?post=309265"}],"version-history":[{"count":1,"href":"https:\/\/www.meydan.tv\/az\/wp-json\/wp\/v2\/posts\/309265\/revisions"}],"predecessor-version":[{"id":309266,"href":"https:\/\/www.meydan.tv\/az\/wp-json\/wp\/v2\/posts\/309265\/revisions\/309266"}],"wp:featuredmedia":[{"embeddable":true,"href":"https:\/\/www.meydan.tv\/az\/wp-json\/wp\/v2\/media\/129059"}],"wp:attachment":[{"href":"https:\/\/www.meydan.tv\/az\/wp-json\/wp\/v2\/media?parent=309265"}],"wp:term":[{"taxonomy":"category","embeddable":true,"href":"https:\/\/www.meydan.tv\/az\/wp-json\/wp\/v2\/categories?post=309265"},{"taxonomy":"post_tag","embeddable":true,"href":"https:\/\/www.meydan.tv\/az\/wp-json\/wp\/v2\/tags?post=309265"}],"curies":[{"name":"wp","href":"https:\/\/api.w.org\/{rel}","templated":true}]}}