{"id":309259,"date":"2024-06-28T16:47:52","date_gmt":"2024-06-28T12:47:52","guid":{"rendered":"https:\/\/www.meydan.tv\/?p=309259"},"modified":"2024-06-28T16:47:55","modified_gmt":"2024-06-28T12:47:55","slug":"bilmedik-polislerdi-ele-bildik-cinayetkarlardir-bize-hucum-edirler","status":"publish","type":"post","link":"https:\/\/www.meydan.tv\/az\/article\/bilmedik-polislerdi-ele-bildik-cinayetkarlardir-bize-hucum-edirler\/","title":{"rendered":"\u201cBilm\u0259dik polisl\u0259rdi, el\u0259 bildik cinay\u0259tkarlard\u0131r, biz\u0259 h\u00fccum edirl\u0259r\u201d"},"content":{"rendered":"\n<p><\/p>\n\n\n\n<p><em><strong>Neft\u00e7ala sakini o\u011flunun \u015f\u0259rl\u0259n\u0259r\u0259k h\u0259bs olundu\u011funu, h\u0259bsxanada incidildiyini deyir<\/strong><\/em><\/p>\n\n\n\n<p>Neft\u00e7ala rayonunun A\u015fa\u011f\u0131 Surra k\u0259nd sakini X\u0259dic\u0259 Na\u011f\u0131yeva deyir ki, bir ild\u0259n \u00e7oxdur o\u011flunu \u015f\u0259rl\u0259yib h\u0259bs edibl\u0259r, amma bununla kifay\u0259tl\u0259nmirl\u0259r. Onun s\u00f6zl\u0259rin\u0259 g\u00f6r\u0259, c\u0259za\u00e7\u0259km\u0259 m\u00fc\u0259ssis\u0259sind\u0259 d\u0259 o\u011flunu rahat buraxm\u0131rlar.<\/p>\n\n\n\n<p><strong>\u201cBilm\u0259dik ki, polisl\u0259rdir, el\u0259 bildik ki, cinay\u0259tkarlard\u0131r, biz\u0259 h\u00fccum el\u0259yirl\u0259r\u201d<\/strong><\/p>\n\n\n\n<p>&nbsp;36 ya\u015fl\u0131 M\u0259ftun Na\u011f\u0131yev 2023-c\u00fc ild\u0259 Az\u0259rbaycanda dini inancl\u0131 \u015f\u0259xsl\u0259rin k\u00fctl\u0259vi \u015f\u0259kild\u0259 narkotik ittiham\u0131yla h\u0259bs dal\u011fas\u0131nda tutulanlardan biridir. O, \u00f6t\u0259n il aprelin 9-dan h\u0259bsd\u0259dir.<\/p>\n\n\n\n<p>Cinay\u0259t i\u015finin materiallar\u0131nda onun narkotik \u015f\u00fcbh\u0259siyl\u0259 A\u015fa\u011f\u0131 Surra k\u0259ndind\u0259 saxland\u0131\u011f\u0131 yaz\u0131lsa da, anas\u0131 deyir ki, yaland\u0131r. X\u0259dic\u0259 Na\u011f\u0131yeva dan\u0131\u015f\u0131r ki, h\u0259min g\u00fcn ya\u015fad\u0131\u011f\u0131 ev\u0259 m\u00fclki geyimli polisl\u0259r h\u00fccum edib, o\u011flunu g\u00f6t\u00fcr\u00fcb apar\u0131blar:<\/p>\n\n\n<div class=\"wp-block-image\">\n<figure class=\"alignleft size-large is-resized\"><img decoding=\"async\" width=\"665\" height=\"821\" data-src=\"https:\/\/www.meydan.tv\/wp-content\/uploads\/whatsapp_image_2024-06-28_at_15.24.36-665x821.jpeg\" alt=\"\" class=\"wp-image-309260 lazyload\" style=\"--smush-placeholder-width: 665px; --smush-placeholder-aspect-ratio: 665\/821;width:436px;height:auto\" src=\"data:image\/svg+xml;base64,PHN2ZyB3aWR0aD0iMSIgaGVpZ2h0PSIxIiB4bWxucz0iaHR0cDovL3d3dy53My5vcmcvMjAwMC9zdmciPjwvc3ZnPg==\" \/><figcaption class=\"wp-element-caption\">M\u0259ftun Na\u011f\u0131yev. Foto: Ail\u0259 arxivind\u0259n <\/figcaption><\/figure>\n<\/div>\n\n\n<p><em>\u201cAx\u015fam saat 8-in yar\u0131s\u0131 idi. Bir d\u0259st\u0259 adam evimiz\u0259 basq\u0131n el\u0259di. \u018fyinl\u0259rind\u0259 forma yox idi dey\u0259, he\u00e7 bilm\u0259dik ki, polisl\u0259rdir. El\u0259 bildik, cinay\u0259tkard\u0131lar, biz\u0259 h\u00fccum el\u0259yirl\u0259r. T\u0259s\u0259vv\u00fcr edin, b\u00fct\u00fcn bunlar M\u0259ftunun \u00fc\u00e7 k\u00f6rp\u0259 balas\u0131n\u0131n g\u00f6z\u00fcn\u00fcn qar\u015f\u0131s\u0131nda ba\u015f verdi. U\u015faqlardan biri d\u0259 x\u0259st\u0259di \u2013 iflicdi&#8230;\u201d<\/em>.<\/p>\n\n\n\n<p>Neft\u00e7ala Rayon Polis \u015e\u00f6b\u0259sin\u0259 apar\u0131lan M\u0259ftun Na\u011f\u0131yev\u0259 Cinay\u0259t M\u0259c\u0259ll\u0259sinin 234.4.3 (sat\u0131\u015f m\u0259qs\u0259dil\u0259 k\u00fclli miqdarda narkotik \u0259ld\u0259 etm\u0259, saxlama) madd\u0259sil\u0259 ittiham verilib. \u0130ttihama g\u00f6r\u0259, onun cibind\u0259n 32 qram narkotik tap\u0131l\u0131b.<\/p>\n\n\n\n<p>L\u0259nk\u0259ran A\u011f\u0131r Cinay\u0259tl\u0259r M\u0259hk\u0259m\u0259sind\u0259 bu ittihamla ona 5 il 6 ay azadl\u0131qdan m\u0259hrumetm\u0259 c\u0259zas\u0131 k\u0259silib. H\u00f6kmd\u0259n apelyasiya \u015fikay\u0259ti verils\u0259 d\u0259, n\u0259tic\u0259 d\u0259yi\u015fm\u0259yib \u2013 \u015eirvan Apelyasiya M\u0259hk\u0259m\u0259si h\u00f6km\u00fc q\u00fcvv\u0259d\u0259 saxlay\u0131b. Bu q\u0259rardan da Ali M\u0259hk\u0259m\u0259y\u0259 kassasiya \u015fikay\u0259ti veribl\u0259r. \u015eikay\u0259t\u0259 sentyabr\u0131n 18-d\u0259 bax\u0131lacaq.<\/p>\n\n\n\n<p><strong>\u201cD\u00fcz-\u0259m\u0259lli m\u0259hk\u0259m\u0259 olmad\u0131, gah i\u015f\u0131qlar s\u00f6nd\u00fc, gah sistem pozuldu\u201d<\/strong><\/p>\n\n\n\n<p><em>\u201cL\u0259nk\u0259randa d\u00fcz-\u0259m\u0259lli m\u0259hk\u0259m\u0259 olmad\u0131. M\u0259ftunun \u00f6z\u00fcn\u00fc g\u0259tirmirdil\u0259r, el\u0259 Bak\u0131dan \u2013 t\u0259cridxanadan onlayn \u015f\u0259kild\u0259 qo\u015furdular. Onda da gah i\u015f\u0131qlar s\u00f6n\u00fcrd\u00fc, gah komp\u00fcterd\u0259 sistem pozulurdu, qo\u015fula bilmirdi. M\u0259ftunu nec\u0259 apard\u0131qlar\u0131n\u0131 qon\u015fular\u0131m\u0131z g\u00f6rm\u00fc\u015fd\u00fc. H\u0259min qon\u015fular\u0131n \u015fahid kimi dindirilm\u0259sini ist\u0259dik. M\u0259hk\u0259m\u0259d\u0259 dindirdil\u0259r, onlar da g\u00f6rd\u00fckl\u0259rini yerb\u0259yer dedil\u0259r. Amma ax\u0131rda hakiml\u0259r n\u0259z\u0259r\u0259 almad\u0131lar ki, guya qon\u015fulu\u011fa g\u00f6r\u0259 M\u0259ftunun xeyrin\u0259 dan\u0131\u015f\u0131rlar. Nec\u0259 olur, qon\u015fular\u0131n dedikl\u0259ri q\u0259bul olunmur, amma polisl\u0259rin yalan-palan, bir-birin\u0259 uy\u011fun g\u0259lm\u0259y\u0259n ifad\u0259l\u0259ri q\u0259bul olunur? Ayd\u0131n m\u0259s\u0259l\u0259dir ki, sifari\u015f verilmi\u015fdi\u201d<\/em>, &#8211; X\u0259dic\u0259 Na\u011f\u0131yeva bildirib.<\/p>\n\n\n\n<p>Anas\u0131 deyir ki, o\u011flu inancl\u0131 oldu\u011funa, h\u0259m\u00e7inin sosial \u015f\u0259b\u0259k\u0259l\u0259rd\u0259ki hesab\u0131nda dini m\u0259zmunda payla\u015f\u0131mlar\u0131na g\u00f6r\u0259 narkotikl\u0259 \u015f\u0259rl\u0259n\u0259r\u0259k c\u0259zaland\u0131r\u0131l\u0131b. X\u0259dic\u0259 Na\u011f\u0131yevan\u0131n s\u00f6zl\u0259rin\u0259 g\u00f6r\u0259, o\u011flunu polis \u015f\u00f6b\u0259sin\u0259 aparandan sonra onun qar\u015f\u0131s\u0131nda \u015f\u0259rt qoyulub ki, ya narkotiki \u00fcz\u0259rin\u0259 g\u00f6t\u00fcrm\u0259lidir, ya da casusluq ittiham\u0131 il\u0259 h\u0259bs olunacaq:<\/p>\n\n\n\n<p><em>\u201cBu q\u0259d\u0259r insafs\u0131zl\u0131q, vicdans\u0131zl\u0131q olar?! M\u0259ftun n\u0259 \u0130rana gedib, n\u0259 \u015f\u00fcbh\u0259li h\u0259r\u0259k\u0259tl\u0259ri olub. N\u0259 olsun ki, dini inanc\u0131 vard\u0131, \u00f6z\u00fc Equipment Rental Services (ERS) \u015firk\u0259tind\u0259 i\u015fl\u0259yirdi\u201d.<\/em><\/p>\n\n\n\n<p><strong>\u201cQapal\u0131 h\u0259bsxanaya k\u00f6\u00e7\u00fcrm\u0259k \u00fc\u00e7\u00fcn z\u0259min haz\u0131rlay\u0131rlar\u201d<\/strong><\/p>\n\n\n\n<p>&nbsp;M\u0259ftun Na\u011f\u0131yev haqq\u0131nda apelyasiya m\u0259hk\u0259m\u0259sinin q\u0259rar\u0131 bu ilin fevral\u0131nda \u00e7\u0131xar\u0131l\u0131b. Ondan sonra o, 6 sayl\u0131 c\u0259za\u00e7\u0259km\u0259 m\u00fc\u0259ssis\u0259sin\u0259 k\u00f6\u00e7\u00fcr\u00fcl\u00fcb. Anas\u0131 deyir ki, he\u00e7 bir cinay\u0259t t\u00f6r\u0259tm\u0259diyi halda, h\u0259bs olunmas\u0131 bir yana, h\u0259bsd\u0259 d\u0259 o\u011fluna \u0259zab verirl\u0259r. Onun s\u00f6zl\u0259rin\u0259 g\u00f6r\u0259, o\u011flu iki ayd\u0131r ki, m\u00fc\u0259ssis\u0259d\u0259ki c\u0259za kameras\u0131nda (\u201ckars\u201d) saxlan\u0131l\u0131r:<\/p>\n\n\n\n<p><em>\u201c26 apreld\u0259n bu yana \u201ckars\u201ddad\u0131r. N\u0259 telefonla dan\u0131\u015fa bilirik, n\u0259 x\u0259b\u0259r tuturuq. \u0130yunun \u0259vv\u0259lind\u0259 Penitensiar Xidm\u0259tin r\u0259is m\u00fcavini Fikr\u0259t Qafarovun q\u0259buluna getmi\u015fdim. M\u0259ni dinl\u0259di, el\u0259 yan\u0131mda c\u0259za\u00e7\u0259km\u0259 m\u00fc\u0259ssis\u0259sin\u0259 z\u0259ng el\u0259di. Bilm\u0259dim ki, ona telefonda n\u0259 deyildi. M\u0259n\u0259 bildirdi ki, \u201cm\u00fctl\u0259q \u015fikay\u0259tiniz\u0259 bax\u0131lacaq\u201d. N\u0259tic\u0259 olmad\u0131 dey\u0259, m\u0259cbur olub, iyunun 24-d\u0259 Prezident Administrasiyas\u0131na getdim. Ondan sonra M\u0259ftun z\u0259ng el\u0259di, 5 d\u0259qiq\u0259lik dan\u0131\u015fd\u0131q\u201d<\/em>.<\/p>\n\n\n\n<p>X\u0259dic\u0259 Na\u011f\u0131yeva hesab edir ki, o\u011flunu qapal\u0131 h\u0259bsxana rejimin\u0259 k\u00f6\u00e7\u00fcrm\u0259k \u00fc\u00e7\u00fcn z\u0259min haz\u0131rlay\u0131rlar. Ona g\u00f6r\u0259 d\u0259 \u201cdaxili intizam qaydalar\u0131n\u0131 pozma\u201d ad\u0131 alt\u0131nda ona c\u0259za verirl\u0259r ki, sonradan rejimini a\u011f\u0131rla\u015fd\u0131rmaq \u00fc\u00e7\u00fcn b\u0259han\u0259 olsun:<\/p>\n\n\n\n<p><em>\u201cAz \u0259vv\u0259l o c\u0259za\u00e7\u0259km\u0259 m\u00fc\u0259ssis\u0259sind\u0259 Xan\u0259li adl\u0131 dindar\u0131n da ba\u015f\u0131na bel\u0259 oyun g\u0259tiribl\u0259r. \u018fvv\u0259l onu mart\u0131n 30-dan iyunun 8-n\u0259 q\u0259d\u0259r \u201ckars\u201dda saxlay\u0131blar, sonra oradan \u00e7\u0131xar\u0131b, h\u0259bsxanaya k\u00f6\u00e7\u00fcr\u00fclm\u0259si bar\u0259d\u0259 q\u0259rar \u00e7\u0131xar\u0131blar. G\u00fcnahs\u0131z insanlar\u0131 \u015f\u0259rl\u0259m\u0259l\u0259ri b\u0259s el\u0259mir, h\u0259bsd\u0259 d\u0259 \u0259l \u00e7\u0259kmirl\u0259r. \u0130nsanlara niy\u0259 bu q\u0259d\u0259r \u0259ziyy\u0259t verirl\u0259r, anlamaq olmur\u201d<\/em>.<\/p>\n\n\n\n<p>X\u0259dic\u0259 Na\u011f\u0131yevan\u0131n dedikl\u0259rin\u0259 m\u00fcnasib\u0259t \u00f6yr\u0259nm\u0259k \u00fc\u00e7\u00fcn Meydan TV Penitensiar Xidm\u0259t\u0259 sor\u011fu g\u00f6nd\u0259rib. Lakin sor\u011fuya cavab almaq m\u00fcmk\u00fcn olmay\u0131b.<\/p>\n\n\n\n<p>Son il yar\u0131m \u0259rzind\u0259 Az\u0259rbaycanda y\u00fczl\u0259rl\u0259 dini inancl\u0131 narkotik ittiham\u0131yla h\u0259bs edilib. Onlar bu ittiham\u0131 r\u0259dd edir, \u015f\u0259rl\u0259n\u0259r\u0259k h\u0259bs olunduqlar\u0131n\u0131 bildirirl\u0259r.<\/p>\n\n\n\n<p>Onlar\u0131n bir \u00e7oxunun m\u0259hk\u0259m\u0259sini monitorinq ed\u0259n \u201cM\u00fcdafi\u0259 X\u0259tti\u201d h\u00fcquq-m\u00fcdafi\u0259 t\u0259\u015fkilat\u0131 da narkotik ittiham\u0131n\u0131n \u0259sass\u0131z oldu\u011fu q\u0259na\u0259tin\u0259 g\u0259lib.<\/p>\n\n\n\n<p>Daxili \u0130\u015fl\u0259r Nazirliyi is\u0259 bu fikirl\u0259ri q\u0259bul etmir. Nazirliyin m\u0259tbuat xidm\u0259ti h\u0259bs olunanlar\u0131n konkret faktlar \u0259sas\u0131nda saxland\u0131\u011f\u0131n\u0131 b\u0259yan edib.<\/p>\n","protected":false},"excerpt":{"rendered":"<p>Neft\u00e7ala sakini o\u011flunun \u015f\u0259rl\u0259n\u0259r\u0259k h\u0259bs olundu\u011funu, h\u0259bsxanada incidildiyini deyir Neft\u00e7ala &#8230; <\/p>\n<p class=\"read-more-container\"><a title=\"\u201cBilm\u0259dik polisl\u0259rdi, el\u0259 bildik cinay\u0259tkarlard\u0131r, biz\u0259 h\u00fccum edirl\u0259r\u201d\" class=\"read-more button\" href=\"https:\/\/www.meydan.tv\/az\/article\/bilmedik-polislerdi-ele-bildik-cinayetkarlardir-bize-hucum-edirler\/#more-309259\" aria-label=\"Read more about \u201cBilm\u0259dik polisl\u0259rdi, el\u0259 bildik cinay\u0259tkarlard\u0131r, biz\u0259 h\u00fccum edirl\u0259r\u201d\">Davam\u0131<\/a><\/p>\n","protected":false},"author":21,"featured_media":257656,"comment_status":"closed","ping_status":"closed","sticky":false,"template":"","format":"standard","meta":{"_acf_changed":false,"_sitemap_exclude":false,"_sitemap_priority":"","_sitemap_frequency":"","footnotes":""},"categories":[62,79,56],"tags":[],"class_list":["post-309259","post","type-post","status-publish","format-standard","has-post-thumbnail","hentry","category-sosial","category-featured","category-xeberler","infinite-scroll-item","generate-columns","tablet-grid-50","mobile-grid-100","grid-parent","grid-33","no-featured-image-padding"],"acf":[],"yoast_head":"<!-- This site is optimized with the Yoast SEO plugin v27.5 - https:\/\/yoast.com\/product\/yoast-seo-wordpress\/ -->\n<title>\u201cBilm\u0259dik polisl\u0259rdi, el\u0259 bildik cinay\u0259tkarlard\u0131r, biz\u0259 h\u00fccum edirl\u0259r\u201d - MEYDAN.TV<\/title>\n<meta name=\"description\" content=\"36 ya\u015fl\u0131 M\u0259ftun Na\u011f\u0131yev 2023-c\u00fc ild\u0259 Az\u0259rbaycanda dini inancl\u0131 \u015f\u0259xsl\u0259rin k\u00fctl\u0259vi \u015f\u0259kild\u0259 narkotik ittiham\u0131yla h\u0259bs dal\u011fas\u0131nda tutulanlardan biridir. O, \u00f6t\u0259n il aprelin 9-dan h\u0259bsd\u0259dir.Cinay\u0259t i\u015finin materiallar\u0131nda onun narkotik \u015f\u00fcbh\u0259siyl\u0259 A\u015fa\u011f\u0131 Surra k\u0259ndind\u0259 saxland\u0131\u011f\u0131 yaz\u0131lsa da, anas\u0131 deyir ki, yaland\u0131r. X\u0259dic\u0259 Na\u011f\u0131yeva dan\u0131\u015f\u0131r ki, h\u0259min g\u00fcn ya\u015fad\u0131\u011f\u0131 ev\u0259 m\u00fclki geyimli polisl\u0259r h\u00fccum edib, o\u011flunu g\u00f6t\u00fcr\u00fcb apar\u0131blar\" \/>\n<meta name=\"robots\" content=\"index, follow, max-snippet:-1, max-image-preview:large, max-video-preview:-1\" \/>\n<link rel=\"canonical\" href=\"https:\/\/www.meydan.tv\/az\/article\/bilmedik-polislerdi-ele-bildik-cinayetkarlardir-bize-hucum-edirler\/\" \/>\n<meta property=\"og:locale\" content=\"az_AZ\" \/>\n<meta property=\"og:type\" content=\"article\" \/>\n<meta property=\"og:title\" content=\"\u201cBilm\u0259dik polisl\u0259rdi, el\u0259 bildik cinay\u0259tkarlard\u0131r, biz\u0259 h\u00fccum edirl\u0259r\u201d - MEYDAN.TV\" \/>\n<meta property=\"og:description\" content=\"36 ya\u015fl\u0131 M\u0259ftun Na\u011f\u0131yev 2023-c\u00fc ild\u0259 Az\u0259rbaycanda dini inancl\u0131 \u015f\u0259xsl\u0259rin k\u00fctl\u0259vi \u015f\u0259kild\u0259 narkotik ittiham\u0131yla h\u0259bs dal\u011fas\u0131nda tutulanlardan biridir. O, \u00f6t\u0259n il aprelin 9-dan h\u0259bsd\u0259dir.Cinay\u0259t i\u015finin materiallar\u0131nda onun narkotik \u015f\u00fcbh\u0259siyl\u0259 A\u015fa\u011f\u0131 Surra k\u0259ndind\u0259 saxland\u0131\u011f\u0131 yaz\u0131lsa da, anas\u0131 deyir ki, yaland\u0131r. X\u0259dic\u0259 Na\u011f\u0131yeva dan\u0131\u015f\u0131r ki, h\u0259min g\u00fcn ya\u015fad\u0131\u011f\u0131 ev\u0259 m\u00fclki geyimli polisl\u0259r h\u00fccum edib, o\u011flunu g\u00f6t\u00fcr\u00fcb apar\u0131blar\" \/>\n<meta property=\"og:url\" content=\"https:\/\/www.meydan.tv\/az\/article\/bilmedik-polislerdi-ele-bildik-cinayetkarlardir-bize-hucum-edirler\/\" \/>\n<meta property=\"og:site_name\" content=\"MEYDAN.TV\" \/>\n<meta property=\"article:published_time\" content=\"2024-06-28T12:47:52+00:00\" \/>\n<meta property=\"article:modified_time\" content=\"2024-06-28T12:47:55+00:00\" \/>\n<meta property=\"og:image\" content=\"https:\/\/www.meydan.tv\/wp-content\/uploads\/untitled_artwork_1-2.jpg\" \/>\n\t<meta property=\"og:image:width\" content=\"1200\" \/>\n\t<meta property=\"og:image:height\" content=\"675\" \/>\n\t<meta property=\"og:image:type\" content=\"image\/jpeg\" \/>\n<meta name=\"author\" content=\"mahmud\" \/>\n<meta name=\"twitter:card\" content=\"summary_large_image\" \/>\n<script type=\"application\/ld+json\" class=\"yoast-schema-graph\">{\"@context\":\"https:\\\/\\\/schema.org\",\"@graph\":[{\"@type\":\"Article\",\"@id\":\"https:\\\/\\\/www.meydan.tv\\\/az\\\/article\\\/bilmedik-polislerdi-ele-bildik-cinayetkarlardir-bize-hucum-edirler\\\/#article\",\"isPartOf\":{\"@id\":\"https:\\\/\\\/www.meydan.tv\\\/az\\\/article\\\/bilmedik-polislerdi-ele-bildik-cinayetkarlardir-bize-hucum-edirler\\\/\"},\"author\":{\"name\":\"mahmud\",\"@id\":\"https:\\\/\\\/www.meydan.tv\\\/az\\\/#\\\/schema\\\/person\\\/09863e516102a829e72bedcf3f84c6b0\"},\"headline\":\"\u201cBilm\u0259dik polisl\u0259rdi, el\u0259 bildik cinay\u0259tkarlard\u0131r, biz\u0259 h\u00fccum edirl\u0259r\u201d\",\"datePublished\":\"2024-06-28T12:47:52+00:00\",\"dateModified\":\"2024-06-28T12:47:55+00:00\",\"mainEntityOfPage\":{\"@id\":\"https:\\\/\\\/www.meydan.tv\\\/az\\\/article\\\/bilmedik-polislerdi-ele-bildik-cinayetkarlardir-bize-hucum-edirler\\\/\"},\"wordCount\":1127,\"publisher\":{\"@id\":\"https:\\\/\\\/www.meydan.tv\\\/az\\\/#organization\"},\"image\":{\"@id\":\"https:\\\/\\\/www.meydan.tv\\\/az\\\/article\\\/bilmedik-polislerdi-ele-bildik-cinayetkarlardir-bize-hucum-edirler\\\/#primaryimage\"},\"thumbnailUrl\":\"https:\\\/\\\/www.meydan.tv\\\/wp-content\\\/uploads\\\/untitled_artwork_1-2.jpg\",\"articleSection\":[\"Sosial\",\"T\u00f6vsiy\u0259\",\"X\u0259b\u0259rl\u0259r\"],\"inLanguage\":\"az\"},{\"@type\":\"WebPage\",\"@id\":\"https:\\\/\\\/www.meydan.tv\\\/az\\\/article\\\/bilmedik-polislerdi-ele-bildik-cinayetkarlardir-bize-hucum-edirler\\\/\",\"url\":\"https:\\\/\\\/www.meydan.tv\\\/az\\\/article\\\/bilmedik-polislerdi-ele-bildik-cinayetkarlardir-bize-hucum-edirler\\\/\",\"name\":\"\u201cBilm\u0259dik polisl\u0259rdi, el\u0259 bildik cinay\u0259tkarlard\u0131r, biz\u0259 h\u00fccum edirl\u0259r\u201d - MEYDAN.TV\",\"isPartOf\":{\"@id\":\"https:\\\/\\\/www.meydan.tv\\\/az\\\/#website\"},\"primaryImageOfPage\":{\"@id\":\"https:\\\/\\\/www.meydan.tv\\\/az\\\/article\\\/bilmedik-polislerdi-ele-bildik-cinayetkarlardir-bize-hucum-edirler\\\/#primaryimage\"},\"image\":{\"@id\":\"https:\\\/\\\/www.meydan.tv\\\/az\\\/article\\\/bilmedik-polislerdi-ele-bildik-cinayetkarlardir-bize-hucum-edirler\\\/#primaryimage\"},\"thumbnailUrl\":\"https:\\\/\\\/www.meydan.tv\\\/wp-content\\\/uploads\\\/untitled_artwork_1-2.jpg\",\"datePublished\":\"2024-06-28T12:47:52+00:00\",\"dateModified\":\"2024-06-28T12:47:55+00:00\",\"description\":\"36 ya\u015fl\u0131 M\u0259ftun Na\u011f\u0131yev 2023-c\u00fc ild\u0259 Az\u0259rbaycanda dini inancl\u0131 \u015f\u0259xsl\u0259rin k\u00fctl\u0259vi \u015f\u0259kild\u0259 narkotik ittiham\u0131yla h\u0259bs dal\u011fas\u0131nda tutulanlardan biridir. O, \u00f6t\u0259n il aprelin 9-dan h\u0259bsd\u0259dir.Cinay\u0259t i\u015finin materiallar\u0131nda onun narkotik \u015f\u00fcbh\u0259siyl\u0259 A\u015fa\u011f\u0131 Surra k\u0259ndind\u0259 saxland\u0131\u011f\u0131 yaz\u0131lsa da, anas\u0131 deyir ki, yaland\u0131r. X\u0259dic\u0259 Na\u011f\u0131yeva dan\u0131\u015f\u0131r ki, h\u0259min g\u00fcn ya\u015fad\u0131\u011f\u0131 ev\u0259 m\u00fclki geyimli polisl\u0259r h\u00fccum edib, o\u011flunu g\u00f6t\u00fcr\u00fcb apar\u0131blar\",\"breadcrumb\":{\"@id\":\"https:\\\/\\\/www.meydan.tv\\\/az\\\/article\\\/bilmedik-polislerdi-ele-bildik-cinayetkarlardir-bize-hucum-edirler\\\/#breadcrumb\"},\"inLanguage\":\"az\",\"potentialAction\":[{\"@type\":\"ReadAction\",\"target\":[\"https:\\\/\\\/www.meydan.tv\\\/az\\\/article\\\/bilmedik-polislerdi-ele-bildik-cinayetkarlardir-bize-hucum-edirler\\\/\"]}]},{\"@type\":\"ImageObject\",\"inLanguage\":\"az\",\"@id\":\"https:\\\/\\\/www.meydan.tv\\\/az\\\/article\\\/bilmedik-polislerdi-ele-bildik-cinayetkarlardir-bize-hucum-edirler\\\/#primaryimage\",\"url\":\"https:\\\/\\\/www.meydan.tv\\\/wp-content\\\/uploads\\\/untitled_artwork_1-2.jpg\",\"contentUrl\":\"https:\\\/\\\/www.meydan.tv\\\/wp-content\\\/uploads\\\/untitled_artwork_1-2.jpg\",\"width\":1200,\"height\":675,\"caption\":\"\u0130ll\u00fcstrasiya: Meydan TV\"},{\"@type\":\"BreadcrumbList\",\"@id\":\"https:\\\/\\\/www.meydan.tv\\\/az\\\/article\\\/bilmedik-polislerdi-ele-bildik-cinayetkarlardir-bize-hucum-edirler\\\/#breadcrumb\",\"itemListElement\":[{\"@type\":\"ListItem\",\"position\":1,\"name\":\"Ana s\u0259hif\u0259\",\"item\":\"https:\\\/\\\/www.meydan.tv\\\/az\\\/\"},{\"@type\":\"ListItem\",\"position\":2,\"name\":\"Sosial\",\"item\":\"https:\\\/\\\/www.meydan.tv\\\/az\\\/section\\\/sosial\\\/\"},{\"@type\":\"ListItem\",\"position\":3,\"name\":\"\u201cBilm\u0259dik polisl\u0259rdi, el\u0259 bildik cinay\u0259tkarlard\u0131r, biz\u0259 h\u00fccum edirl\u0259r\u201d\"}]},{\"@type\":\"WebSite\",\"@id\":\"https:\\\/\\\/www.meydan.tv\\\/az\\\/#website\",\"url\":\"https:\\\/\\\/www.meydan.tv\\\/az\\\/\",\"name\":\"MEYDAN.TV\",\"description\":\"Meydan TV Az\u0259rbaycan\u0131n media m\u0259kan\u0131ndak\u0131 alternativ s\u0259sidir\",\"publisher\":{\"@id\":\"https:\\\/\\\/www.meydan.tv\\\/az\\\/#organization\"},\"potentialAction\":[{\"@type\":\"SearchAction\",\"target\":{\"@type\":\"EntryPoint\",\"urlTemplate\":\"https:\\\/\\\/www.meydan.tv\\\/az\\\/?s={search_term_string}\"},\"query-input\":{\"@type\":\"PropertyValueSpecification\",\"valueRequired\":true,\"valueName\":\"search_term_string\"}}],\"inLanguage\":\"az\"},{\"@type\":\"Organization\",\"@id\":\"https:\\\/\\\/www.meydan.tv\\\/az\\\/#organization\",\"name\":\"Meydan TV\",\"url\":\"https:\\\/\\\/www.meydan.tv\\\/az\\\/\",\"logo\":{\"@type\":\"ImageObject\",\"inLanguage\":\"az\",\"@id\":\"https:\\\/\\\/www.meydan.tv\\\/az\\\/#\\\/schema\\\/logo\\\/image\\\/\",\"url\":\"https:\\\/\\\/www.meydan.tv\\\/wp-content\\\/uploads\\\/2021\\\/07\\\/meydan-logo.svg\",\"contentUrl\":\"https:\\\/\\\/www.meydan.tv\\\/wp-content\\\/uploads\\\/2021\\\/07\\\/meydan-logo.svg\",\"width\":195,\"height\":46,\"caption\":\"Meydan TV\"},\"image\":{\"@id\":\"https:\\\/\\\/www.meydan.tv\\\/az\\\/#\\\/schema\\\/logo\\\/image\\\/\"}},{\"@type\":\"Person\",\"@id\":\"https:\\\/\\\/www.meydan.tv\\\/az\\\/#\\\/schema\\\/person\\\/09863e516102a829e72bedcf3f84c6b0\",\"name\":\"mahmud\"}]}<\/script>\n<!-- \/ Yoast SEO plugin. -->","yoast_head_json":{"title":"\u201cBilm\u0259dik polisl\u0259rdi, el\u0259 bildik cinay\u0259tkarlard\u0131r, biz\u0259 h\u00fccum edirl\u0259r\u201d - MEYDAN.TV","description":"36 ya\u015fl\u0131 M\u0259ftun Na\u011f\u0131yev 2023-c\u00fc ild\u0259 Az\u0259rbaycanda dini inancl\u0131 \u015f\u0259xsl\u0259rin k\u00fctl\u0259vi \u015f\u0259kild\u0259 narkotik ittiham\u0131yla h\u0259bs dal\u011fas\u0131nda tutulanlardan biridir. O, \u00f6t\u0259n il aprelin 9-dan h\u0259bsd\u0259dir.Cinay\u0259t i\u015finin materiallar\u0131nda onun narkotik \u015f\u00fcbh\u0259siyl\u0259 A\u015fa\u011f\u0131 Surra k\u0259ndind\u0259 saxland\u0131\u011f\u0131 yaz\u0131lsa da, anas\u0131 deyir ki, yaland\u0131r. X\u0259dic\u0259 Na\u011f\u0131yeva dan\u0131\u015f\u0131r ki, h\u0259min g\u00fcn ya\u015fad\u0131\u011f\u0131 ev\u0259 m\u00fclki geyimli polisl\u0259r h\u00fccum edib, o\u011flunu g\u00f6t\u00fcr\u00fcb apar\u0131blar","robots":{"index":"index","follow":"follow","max-snippet":"max-snippet:-1","max-image-preview":"max-image-preview:large","max-video-preview":"max-video-preview:-1"},"canonical":"https:\/\/www.meydan.tv\/az\/article\/bilmedik-polislerdi-ele-bildik-cinayetkarlardir-bize-hucum-edirler\/","og_locale":"az_AZ","og_type":"article","og_title":"\u201cBilm\u0259dik polisl\u0259rdi, el\u0259 bildik cinay\u0259tkarlard\u0131r, biz\u0259 h\u00fccum edirl\u0259r\u201d - MEYDAN.TV","og_description":"36 ya\u015fl\u0131 M\u0259ftun Na\u011f\u0131yev 2023-c\u00fc ild\u0259 Az\u0259rbaycanda dini inancl\u0131 \u015f\u0259xsl\u0259rin k\u00fctl\u0259vi \u015f\u0259kild\u0259 narkotik ittiham\u0131yla h\u0259bs dal\u011fas\u0131nda tutulanlardan biridir. O, \u00f6t\u0259n il aprelin 9-dan h\u0259bsd\u0259dir.Cinay\u0259t i\u015finin materiallar\u0131nda onun narkotik \u015f\u00fcbh\u0259siyl\u0259 A\u015fa\u011f\u0131 Surra k\u0259ndind\u0259 saxland\u0131\u011f\u0131 yaz\u0131lsa da, anas\u0131 deyir ki, yaland\u0131r. X\u0259dic\u0259 Na\u011f\u0131yeva dan\u0131\u015f\u0131r ki, h\u0259min g\u00fcn ya\u015fad\u0131\u011f\u0131 ev\u0259 m\u00fclki geyimli polisl\u0259r h\u00fccum edib, o\u011flunu g\u00f6t\u00fcr\u00fcb apar\u0131blar","og_url":"https:\/\/www.meydan.tv\/az\/article\/bilmedik-polislerdi-ele-bildik-cinayetkarlardir-bize-hucum-edirler\/","og_site_name":"MEYDAN.TV","article_published_time":"2024-06-28T12:47:52+00:00","article_modified_time":"2024-06-28T12:47:55+00:00","og_image":[{"width":1200,"height":675,"url":"https:\/\/www.meydan.tv\/wp-content\/uploads\/untitled_artwork_1-2.jpg","type":"image\/jpeg"}],"author":"mahmud","twitter_card":"summary_large_image","schema":{"@context":"https:\/\/schema.org","@graph":[{"@type":"Article","@id":"https:\/\/www.meydan.tv\/az\/article\/bilmedik-polislerdi-ele-bildik-cinayetkarlardir-bize-hucum-edirler\/#article","isPartOf":{"@id":"https:\/\/www.meydan.tv\/az\/article\/bilmedik-polislerdi-ele-bildik-cinayetkarlardir-bize-hucum-edirler\/"},"author":{"name":"mahmud","@id":"https:\/\/www.meydan.tv\/az\/#\/schema\/person\/09863e516102a829e72bedcf3f84c6b0"},"headline":"\u201cBilm\u0259dik polisl\u0259rdi, el\u0259 bildik cinay\u0259tkarlard\u0131r, biz\u0259 h\u00fccum edirl\u0259r\u201d","datePublished":"2024-06-28T12:47:52+00:00","dateModified":"2024-06-28T12:47:55+00:00","mainEntityOfPage":{"@id":"https:\/\/www.meydan.tv\/az\/article\/bilmedik-polislerdi-ele-bildik-cinayetkarlardir-bize-hucum-edirler\/"},"wordCount":1127,"publisher":{"@id":"https:\/\/www.meydan.tv\/az\/#organization"},"image":{"@id":"https:\/\/www.meydan.tv\/az\/article\/bilmedik-polislerdi-ele-bildik-cinayetkarlardir-bize-hucum-edirler\/#primaryimage"},"thumbnailUrl":"https:\/\/www.meydan.tv\/wp-content\/uploads\/untitled_artwork_1-2.jpg","articleSection":["Sosial","T\u00f6vsiy\u0259","X\u0259b\u0259rl\u0259r"],"inLanguage":"az"},{"@type":"WebPage","@id":"https:\/\/www.meydan.tv\/az\/article\/bilmedik-polislerdi-ele-bildik-cinayetkarlardir-bize-hucum-edirler\/","url":"https:\/\/www.meydan.tv\/az\/article\/bilmedik-polislerdi-ele-bildik-cinayetkarlardir-bize-hucum-edirler\/","name":"\u201cBilm\u0259dik polisl\u0259rdi, el\u0259 bildik cinay\u0259tkarlard\u0131r, biz\u0259 h\u00fccum edirl\u0259r\u201d - MEYDAN.TV","isPartOf":{"@id":"https:\/\/www.meydan.tv\/az\/#website"},"primaryImageOfPage":{"@id":"https:\/\/www.meydan.tv\/az\/article\/bilmedik-polislerdi-ele-bildik-cinayetkarlardir-bize-hucum-edirler\/#primaryimage"},"image":{"@id":"https:\/\/www.meydan.tv\/az\/article\/bilmedik-polislerdi-ele-bildik-cinayetkarlardir-bize-hucum-edirler\/#primaryimage"},"thumbnailUrl":"https:\/\/www.meydan.tv\/wp-content\/uploads\/untitled_artwork_1-2.jpg","datePublished":"2024-06-28T12:47:52+00:00","dateModified":"2024-06-28T12:47:55+00:00","description":"36 ya\u015fl\u0131 M\u0259ftun Na\u011f\u0131yev 2023-c\u00fc ild\u0259 Az\u0259rbaycanda dini inancl\u0131 \u015f\u0259xsl\u0259rin k\u00fctl\u0259vi \u015f\u0259kild\u0259 narkotik ittiham\u0131yla h\u0259bs dal\u011fas\u0131nda tutulanlardan biridir. O, \u00f6t\u0259n il aprelin 9-dan h\u0259bsd\u0259dir.Cinay\u0259t i\u015finin materiallar\u0131nda onun narkotik \u015f\u00fcbh\u0259siyl\u0259 A\u015fa\u011f\u0131 Surra k\u0259ndind\u0259 saxland\u0131\u011f\u0131 yaz\u0131lsa da, anas\u0131 deyir ki, yaland\u0131r. X\u0259dic\u0259 Na\u011f\u0131yeva dan\u0131\u015f\u0131r ki, h\u0259min g\u00fcn ya\u015fad\u0131\u011f\u0131 ev\u0259 m\u00fclki geyimli polisl\u0259r h\u00fccum edib, o\u011flunu g\u00f6t\u00fcr\u00fcb apar\u0131blar","breadcrumb":{"@id":"https:\/\/www.meydan.tv\/az\/article\/bilmedik-polislerdi-ele-bildik-cinayetkarlardir-bize-hucum-edirler\/#breadcrumb"},"inLanguage":"az","potentialAction":[{"@type":"ReadAction","target":["https:\/\/www.meydan.tv\/az\/article\/bilmedik-polislerdi-ele-bildik-cinayetkarlardir-bize-hucum-edirler\/"]}]},{"@type":"ImageObject","inLanguage":"az","@id":"https:\/\/www.meydan.tv\/az\/article\/bilmedik-polislerdi-ele-bildik-cinayetkarlardir-bize-hucum-edirler\/#primaryimage","url":"https:\/\/www.meydan.tv\/wp-content\/uploads\/untitled_artwork_1-2.jpg","contentUrl":"https:\/\/www.meydan.tv\/wp-content\/uploads\/untitled_artwork_1-2.jpg","width":1200,"height":675,"caption":"\u0130ll\u00fcstrasiya: Meydan TV"},{"@type":"BreadcrumbList","@id":"https:\/\/www.meydan.tv\/az\/article\/bilmedik-polislerdi-ele-bildik-cinayetkarlardir-bize-hucum-edirler\/#breadcrumb","itemListElement":[{"@type":"ListItem","position":1,"name":"Ana s\u0259hif\u0259","item":"https:\/\/www.meydan.tv\/az\/"},{"@type":"ListItem","position":2,"name":"Sosial","item":"https:\/\/www.meydan.tv\/az\/section\/sosial\/"},{"@type":"ListItem","position":3,"name":"\u201cBilm\u0259dik polisl\u0259rdi, el\u0259 bildik cinay\u0259tkarlard\u0131r, biz\u0259 h\u00fccum edirl\u0259r\u201d"}]},{"@type":"WebSite","@id":"https:\/\/www.meydan.tv\/az\/#website","url":"https:\/\/www.meydan.tv\/az\/","name":"MEYDAN.TV","description":"Meydan TV Az\u0259rbaycan\u0131n media m\u0259kan\u0131ndak\u0131 alternativ s\u0259sidir","publisher":{"@id":"https:\/\/www.meydan.tv\/az\/#organization"},"potentialAction":[{"@type":"SearchAction","target":{"@type":"EntryPoint","urlTemplate":"https:\/\/www.meydan.tv\/az\/?s={search_term_string}"},"query-input":{"@type":"PropertyValueSpecification","valueRequired":true,"valueName":"search_term_string"}}],"inLanguage":"az"},{"@type":"Organization","@id":"https:\/\/www.meydan.tv\/az\/#organization","name":"Meydan TV","url":"https:\/\/www.meydan.tv\/az\/","logo":{"@type":"ImageObject","inLanguage":"az","@id":"https:\/\/www.meydan.tv\/az\/#\/schema\/logo\/image\/","url":"https:\/\/www.meydan.tv\/wp-content\/uploads\/2021\/07\/meydan-logo.svg","contentUrl":"https:\/\/www.meydan.tv\/wp-content\/uploads\/2021\/07\/meydan-logo.svg","width":195,"height":46,"caption":"Meydan TV"},"image":{"@id":"https:\/\/www.meydan.tv\/az\/#\/schema\/logo\/image\/"}},{"@type":"Person","@id":"https:\/\/www.meydan.tv\/az\/#\/schema\/person\/09863e516102a829e72bedcf3f84c6b0","name":"mahmud"}]}},"_links":{"self":[{"href":"https:\/\/www.meydan.tv\/az\/wp-json\/wp\/v2\/posts\/309259","targetHints":{"allow":["GET"]}}],"collection":[{"href":"https:\/\/www.meydan.tv\/az\/wp-json\/wp\/v2\/posts"}],"about":[{"href":"https:\/\/www.meydan.tv\/az\/wp-json\/wp\/v2\/types\/post"}],"author":[{"embeddable":true,"href":"https:\/\/www.meydan.tv\/az\/wp-json\/wp\/v2\/users\/21"}],"replies":[{"embeddable":true,"href":"https:\/\/www.meydan.tv\/az\/wp-json\/wp\/v2\/comments?post=309259"}],"version-history":[{"count":1,"href":"https:\/\/www.meydan.tv\/az\/wp-json\/wp\/v2\/posts\/309259\/revisions"}],"predecessor-version":[{"id":309264,"href":"https:\/\/www.meydan.tv\/az\/wp-json\/wp\/v2\/posts\/309259\/revisions\/309264"}],"wp:featuredmedia":[{"embeddable":true,"href":"https:\/\/www.meydan.tv\/az\/wp-json\/wp\/v2\/media\/257656"}],"wp:attachment":[{"href":"https:\/\/www.meydan.tv\/az\/wp-json\/wp\/v2\/media?parent=309259"}],"wp:term":[{"taxonomy":"category","embeddable":true,"href":"https:\/\/www.meydan.tv\/az\/wp-json\/wp\/v2\/categories?post=309259"},{"taxonomy":"post_tag","embeddable":true,"href":"https:\/\/www.meydan.tv\/az\/wp-json\/wp\/v2\/tags?post=309259"}],"curies":[{"name":"wp","href":"https:\/\/api.w.org\/{rel}","templated":true}]}}