{"id":309245,"date":"2024-06-28T15:31:55","date_gmt":"2024-06-28T11:31:55","guid":{"rendered":"https:\/\/www.meydan.tv\/?p=309245"},"modified":"2024-06-28T15:33:30","modified_gmt":"2024-06-28T11:33:30","slug":"ilham-eliyev-milli-meclisi-buraxdi-yeni-seckiler-teyin-etdi","status":"publish","type":"post","link":"https:\/\/www.meydan.tv\/az\/article\/ilham-eliyev-milli-meclisi-buraxdi-yeni-seckiler-teyin-etdi\/","title":{"rendered":"\u0130lham \u018fliyev Milli M\u0259clisi buraxd\u0131, yeni se\u00e7kil\u0259r t\u0259yin etdi"},"content":{"rendered":"\n<p><\/p>\n\n\n\n<p><strong><em>N\u00f6vb\u0259d\u0259nk\u0259nar parlament se\u00e7kil\u0259ri sentyabr\u0131n 1-d\u0259 ke\u00e7iril\u0259c\u0259k<\/em><\/strong><\/p>\n\n\n\n<p>Az\u0259rbaycan Prezidenti \u0130lham \u018fliyev VI \u00e7a\u011f\u0131r\u0131\u015f Milli M\u0259clisin burax\u0131lmas\u0131 bar\u0259d\u0259 s\u0259r\u0259ncam imzalay\u0131b.<\/p>\n\n\n\n<p>Bu bar\u0259d\u0259 Prezidentin r\u0259smi sayt\u0131 <a href=\"https:\/\/president.az\/az\/articles\/view\/66341\" target=\"_blank\" rel=\"noreferrer noopener\">m\u0259lumat<\/a> yay\u0131b.<\/p>\n\n\n\n<p>S\u0259r\u0259ncama \u0259sas\u0259n, Milli M\u0259clis\u0259 n\u00f6vb\u0259d\u0259nk\u0259nar se\u00e7kil\u0259r sentyabr\u0131n 1-n\u0259 t\u0259yin edilib.<\/p>\n\n\n\n<p>\u0130yunun 20-d\u0259 YAP \u0130dar\u0259 Hey\u0259tinin n\u00f6vb\u0259ti iclas\u0131nda \u00f6lk\u0259 ba\u015f\u00e7\u0131s\u0131na m\u00fcraci\u0259t haqda q\u0259rar q\u0259bul edilib.<\/p>\n\n\n\n<p>Toplant\u0131da \u00e7\u0131x\u0131\u015f ed\u0259n YAP S\u0259drinin m\u00fcavini, M\u0259rk\u0259zi Aparat\u0131n r\u0259hb\u0259ri, deputat Tahir Budaqov bildirib ki, BMT-nin \u0130qlim D\u0259yi\u015fm\u0259l\u0259ri \u00fczr\u0259 \u00e7\u0259r\u00e7iv\u0259 Konvensiyas\u0131n\u0131n T\u0259r\u0259fl\u0259r Konfrans\u0131n\u0131n 29-cu sessiyas\u0131n\u0131n (COP29) v\u0259 dig\u0259r m\u00f6t\u0259b\u0259r beyn\u0259lxalq t\u0259dbirl\u0259rin ke\u00e7iril\u0259c\u0259yi vaxtda \u2013 2024-c\u00fc ilin noyabr ay\u0131nda Az\u0259rbaycan Konstitusiyas\u0131n\u0131n m\u00fcvafiq madd\u0259sinin II hiss\u0259sin\u0259 \u0259sas\u0259n Milli M\u0259clis\u0259 n\u00f6vb\u0259ti se\u00e7kil\u0259r ke\u00e7irilm\u0259lidir.<\/p>\n\n\n\n<p>Parlamentin iyunun 21-d\u0259 ke\u00e7iril\u0259n plenar iclas\u0131nda is\u0259 Milli M\u0259clis n\u00f6vb\u0259d\u0259nk\u0259nar se\u00e7kil\u0259rin t\u0259yin edilm\u0259si \u00fc\u00e7\u00fcn Prezident \u0130lham \u018fliyev\u0259 <a href=\"https:\/\/storage.googleapis.com\/qurium\/www.meydan.tv\/az-article-deputatlar-parlamentin-buraxilmasi-ile-bagli-prezidente-muraciet-etdiler.html\" target=\"_blank\" rel=\"noreferrer noopener\">m\u00fcraci\u0259t edib<\/a>.<\/p>\n\n\n\n<p>M\u00fcraci\u0259tin lehin\u0259 105, \u0259leyhin\u0259 is\u0259 1 n\u0259f\u0259r s\u0259s verib.<\/p>\n\n\n\n<p>\u0130yunun 27-d\u0259 Az\u0259rbaycan Konstitusiya M\u0259hk\u0259m\u0259si Plenumunun ke\u00e7irdiyi iclasda Milli M\u0259clisin burax\u0131lmas\u0131 v\u0259 n\u00f6vb\u0259d\u0259nk\u0259nar se\u00e7kil\u0259rin t\u0259yin edilm\u0259sinin Konstitusiyaya uy\u011fun olmas\u0131 bar\u0259d\u0259 <a href=\"https:\/\/storage.googleapis.com\/qurium\/www.meydan.tv\/az-article-konstitusiya-mehkemesi-milli-meclisin-buraxilmasina-qerar-verib.html\" target=\"_blank\" rel=\"noreferrer noopener\">q\u0259rar<\/a> q\u0259bul edilib.<\/p>\n\n\n\n<p>Konstitusiya M\u0259hk\u0259m\u0259sinin q\u0259rar\u0131na g\u00f6r\u0259, \u201cMilli M\u0259clis\u0259 n\u00f6vb\u0259d\u0259nk\u0259nar se\u00e7kil\u0259rin t\u0259yin edilm\u0259si haqq\u0131nda Prezident\u0259 m\u00fcraci\u0259t edilm\u0259si bar\u0259d\u0259\u201d 21 iyun tarixli 1174-VIQR n\u00f6mr\u0259li Q\u0259rar\u0131 v\u0259 bu Q\u0259rar \u0259sas\u0131nda \u00f6lk\u0259 ba\u015f\u00e7\u0131s\u0131 t\u0259r\u0259find\u0259n burax\u0131lmas\u0131 v\u0259 n\u00f6vb\u0259d\u0259nk\u0259nar se\u00e7kil\u0259rin t\u0259yin edilm\u0259si Konstitusiyan\u0131n 981-ci madd\u0259sin\u0259 uy\u011fundur.<\/p>\n\n\n\n<p>\u0130yunun 28-d\u0259 Milli M\u0259clisin n\u00f6vb\u0259d\u0259nk\u0259nar sessiyas\u0131n\u0131n sonuncu plenar iclas\u0131 ke\u00e7irilib.<\/p>\n\n\n\n<p>Sessiya ba\u011fl\u0131 elan edildikd\u0259n sonra VI \u00e7a\u011f\u0131r\u0131\u015f Milli M\u0259clis i\u015fini yekunla\u015fd\u0131r\u0131b.<\/p>\n","protected":false},"excerpt":{"rendered":"<p>N\u00f6vb\u0259d\u0259nk\u0259nar parlament se\u00e7kil\u0259ri sentyabr\u0131n 1-d\u0259 ke\u00e7iril\u0259c\u0259k Az\u0259rbaycan Prezidenti \u0130lham \u018fliyev &#8230; <\/p>\n<p class=\"read-more-container\"><a title=\"\u0130lham \u018fliyev Milli M\u0259clisi buraxd\u0131, yeni se\u00e7kil\u0259r t\u0259yin etdi\" class=\"read-more button\" href=\"https:\/\/www.meydan.tv\/az\/article\/ilham-eliyev-milli-meclisi-buraxdi-yeni-seckiler-teyin-etdi\/#more-309245\" aria-label=\"Read more about \u0130lham \u018fliyev Milli M\u0259clisi buraxd\u0131, yeni se\u00e7kil\u0259r t\u0259yin etdi\">Davam\u0131<\/a><\/p>\n","protected":false},"author":21,"featured_media":302328,"comment_status":"closed","ping_status":"closed","sticky":false,"template":"","format":"standard","meta":{"_acf_changed":false,"_sitemap_exclude":false,"_sitemap_priority":"","_sitemap_frequency":"","footnotes":""},"categories":[129,59,79,56],"tags":[],"class_list":["post-309245","post","type-post","status-publish","format-standard","has-post-thumbnail","hentry","category-sechki-2024","category-siyaset","category-featured","category-xeberler","infinite-scroll-item","generate-columns","tablet-grid-50","mobile-grid-100","grid-parent","grid-33","no-featured-image-padding"],"acf":[],"yoast_head":"<!-- This site is optimized with the Yoast SEO plugin v27.4 - https:\/\/yoast.com\/product\/yoast-seo-wordpress\/ -->\n<title>\u0130lham \u018fliyev Milli M\u0259clisi buraxd\u0131, yeni se\u00e7kil\u0259r t\u0259yin etdi - MEYDAN.TV<\/title>\n<meta name=\"description\" content=\"Az\u0259rbaycan Prezidenti \u0130lham \u018fliyev VI \u00e7a\u011f\u0131r\u0131\u015f Milli M\u0259clisin burax\u0131lmas\u0131 bar\u0259d\u0259 s\u0259r\u0259ncam imzalay\u0131b.Bu bar\u0259d\u0259 Prezidentin r\u0259smi sayt\u0131 m\u0259lumat yay\u0131b.S\u0259r\u0259ncama \u0259sas\u0259n, Milli M\u0259clis\u0259 n\u00f6vb\u0259d\u0259nk\u0259nar se\u00e7kil\u0259r sentyabr\u0131n 1-n\u0259 t\u0259yin edilib.\u0130yunun 20-d\u0259 YAP \u0130dar\u0259 Hey\u0259tinin n\u00f6vb\u0259ti iclas\u0131nda \u00f6lk\u0259 ba\u015f\u00e7\u0131s\u0131na m\u00fcraci\u0259t haqda q\u0259rar q\u0259bul edilib.Toplant\u0131da \u00e7\u0131x\u0131\u015f ed\u0259n YAP S\u0259drinin m\u00fcavini, M\u0259rk\u0259zi Aparat\u0131n r\u0259hb\u0259ri, deputat Tahir Budaqov bildirib ki, BMT-nin \u0130qlim D\u0259yi\u015fm\u0259l\u0259ri \u00fczr\u0259 \u00e7\u0259r\u00e7iv\u0259 Konvensiyas\u0131n\u0131n T\u0259r\u0259fl\u0259r Konfrans\u0131n\u0131n 29-cu sessiyas\u0131n\u0131n (COP29) v\u0259 dig\u0259r m\u00f6t\u0259b\u0259r beyn\u0259lxalq t\u0259dbirl\u0259rin ke\u00e7iril\u0259c\u0259yi vaxtda \u2013 2024-c\u00fc ilin noyabr ay\u0131nda Az\u0259rbaycan Konstitusiyas\u0131n\u0131n m\u00fcvafiq madd\u0259sinin II hiss\u0259sin\u0259 \u0259sas\u0259n Milli M\u0259clis\u0259 n\u00f6vb\u0259ti se\u00e7kil\u0259r ke\u00e7irilm\u0259lidir.Parlamentin iyunun 21-d\u0259 ke\u00e7iril\u0259n plenar iclas\u0131nda is\u0259 Milli M\u0259clis n\u00f6vb\u0259d\u0259nk\u0259nar se\u00e7kil\u0259rin t\u0259yin edilm\u0259si \u00fc\u00e7\u00fcn Prezident \u0130lham \u018fliyev\u0259 m\u00fcraci\u0259t edib.M\u00fcraci\u0259tin lehin\u0259 105, \u0259leyhin\u0259 is\u0259 1 n\u0259f\u0259r s\u0259s verib.\" \/>\n<meta name=\"robots\" content=\"index, follow, max-snippet:-1, max-image-preview:large, max-video-preview:-1\" \/>\n<link rel=\"canonical\" href=\"https:\/\/www.meydan.tv\/az\/article\/ilham-eliyev-milli-meclisi-buraxdi-yeni-seckiler-teyin-etdi\/\" \/>\n<meta property=\"og:locale\" content=\"az_AZ\" \/>\n<meta property=\"og:type\" content=\"article\" \/>\n<meta property=\"og:title\" content=\"\u0130lham \u018fliyev Milli M\u0259clisi buraxd\u0131, yeni se\u00e7kil\u0259r t\u0259yin etdi - MEYDAN.TV\" \/>\n<meta property=\"og:description\" content=\"Az\u0259rbaycan Prezidenti \u0130lham \u018fliyev VI \u00e7a\u011f\u0131r\u0131\u015f Milli M\u0259clisin burax\u0131lmas\u0131 bar\u0259d\u0259 s\u0259r\u0259ncam imzalay\u0131b.Bu bar\u0259d\u0259 Prezidentin r\u0259smi sayt\u0131 m\u0259lumat yay\u0131b.S\u0259r\u0259ncama \u0259sas\u0259n, Milli M\u0259clis\u0259 n\u00f6vb\u0259d\u0259nk\u0259nar se\u00e7kil\u0259r sentyabr\u0131n 1-n\u0259 t\u0259yin edilib.\u0130yunun 20-d\u0259 YAP \u0130dar\u0259 Hey\u0259tinin n\u00f6vb\u0259ti iclas\u0131nda \u00f6lk\u0259 ba\u015f\u00e7\u0131s\u0131na m\u00fcraci\u0259t haqda q\u0259rar q\u0259bul edilib.Toplant\u0131da \u00e7\u0131x\u0131\u015f ed\u0259n YAP S\u0259drinin m\u00fcavini, M\u0259rk\u0259zi Aparat\u0131n r\u0259hb\u0259ri, deputat Tahir Budaqov bildirib ki, BMT-nin \u0130qlim D\u0259yi\u015fm\u0259l\u0259ri \u00fczr\u0259 \u00e7\u0259r\u00e7iv\u0259 Konvensiyas\u0131n\u0131n T\u0259r\u0259fl\u0259r Konfrans\u0131n\u0131n 29-cu sessiyas\u0131n\u0131n (COP29) v\u0259 dig\u0259r m\u00f6t\u0259b\u0259r beyn\u0259lxalq t\u0259dbirl\u0259rin ke\u00e7iril\u0259c\u0259yi vaxtda \u2013 2024-c\u00fc ilin noyabr ay\u0131nda Az\u0259rbaycan Konstitusiyas\u0131n\u0131n m\u00fcvafiq madd\u0259sinin II hiss\u0259sin\u0259 \u0259sas\u0259n Milli M\u0259clis\u0259 n\u00f6vb\u0259ti se\u00e7kil\u0259r ke\u00e7irilm\u0259lidir.Parlamentin iyunun 21-d\u0259 ke\u00e7iril\u0259n plenar iclas\u0131nda is\u0259 Milli M\u0259clis n\u00f6vb\u0259d\u0259nk\u0259nar se\u00e7kil\u0259rin t\u0259yin edilm\u0259si \u00fc\u00e7\u00fcn Prezident \u0130lham \u018fliyev\u0259 m\u00fcraci\u0259t edib.M\u00fcraci\u0259tin lehin\u0259 105, \u0259leyhin\u0259 is\u0259 1 n\u0259f\u0259r s\u0259s verib.\" \/>\n<meta property=\"og:url\" content=\"https:\/\/www.meydan.tv\/az\/article\/ilham-eliyev-milli-meclisi-buraxdi-yeni-seckiler-teyin-etdi\/\" \/>\n<meta property=\"og:site_name\" content=\"MEYDAN.TV\" \/>\n<meta property=\"article:published_time\" content=\"2024-06-28T11:31:55+00:00\" \/>\n<meta property=\"article:modified_time\" content=\"2024-06-28T11:33:30+00:00\" \/>\n<meta property=\"og:image\" content=\"https:\/\/www.meydan.tv\/wp-content\/uploads\/shutterstock_2349900553.jpg\" \/>\n\t<meta property=\"og:image:width\" content=\"1200\" \/>\n\t<meta property=\"og:image:height\" content=\"600\" \/>\n\t<meta property=\"og:image:type\" content=\"image\/jpeg\" \/>\n<meta name=\"author\" content=\"mahmud\" \/>\n<meta name=\"twitter:card\" content=\"summary_large_image\" \/>\n<script type=\"application\/ld+json\" class=\"yoast-schema-graph\">{\"@context\":\"https:\\\/\\\/schema.org\",\"@graph\":[{\"@type\":\"Article\",\"@id\":\"https:\\\/\\\/www.meydan.tv\\\/az\\\/article\\\/ilham-eliyev-milli-meclisi-buraxdi-yeni-seckiler-teyin-etdi\\\/#article\",\"isPartOf\":{\"@id\":\"https:\\\/\\\/www.meydan.tv\\\/az\\\/article\\\/ilham-eliyev-milli-meclisi-buraxdi-yeni-seckiler-teyin-etdi\\\/\"},\"author\":{\"name\":\"mahmud\",\"@id\":\"https:\\\/\\\/www.meydan.tv\\\/az\\\/#\\\/schema\\\/person\\\/09863e516102a829e72bedcf3f84c6b0\"},\"headline\":\"\u0130lham \u018fliyev Milli M\u0259clisi buraxd\u0131, yeni se\u00e7kil\u0259r t\u0259yin etdi\",\"datePublished\":\"2024-06-28T11:31:55+00:00\",\"dateModified\":\"2024-06-28T11:33:30+00:00\",\"mainEntityOfPage\":{\"@id\":\"https:\\\/\\\/www.meydan.tv\\\/az\\\/article\\\/ilham-eliyev-milli-meclisi-buraxdi-yeni-seckiler-teyin-etdi\\\/\"},\"wordCount\":404,\"publisher\":{\"@id\":\"https:\\\/\\\/www.meydan.tv\\\/az\\\/#organization\"},\"image\":{\"@id\":\"https:\\\/\\\/www.meydan.tv\\\/az\\\/article\\\/ilham-eliyev-milli-meclisi-buraxdi-yeni-seckiler-teyin-etdi\\\/#primaryimage\"},\"thumbnailUrl\":\"https:\\\/\\\/www.meydan.tv\\\/wp-content\\\/uploads\\\/shutterstock_2349900553.jpg\",\"articleSection\":[\"Se\u00e7ki 2024\",\"Siyas\u0259t\",\"T\u00f6vsiy\u0259\",\"X\u0259b\u0259rl\u0259r\"],\"inLanguage\":\"az\"},{\"@type\":\"WebPage\",\"@id\":\"https:\\\/\\\/www.meydan.tv\\\/az\\\/article\\\/ilham-eliyev-milli-meclisi-buraxdi-yeni-seckiler-teyin-etdi\\\/\",\"url\":\"https:\\\/\\\/www.meydan.tv\\\/az\\\/article\\\/ilham-eliyev-milli-meclisi-buraxdi-yeni-seckiler-teyin-etdi\\\/\",\"name\":\"\u0130lham \u018fliyev Milli M\u0259clisi buraxd\u0131, yeni se\u00e7kil\u0259r t\u0259yin etdi - MEYDAN.TV\",\"isPartOf\":{\"@id\":\"https:\\\/\\\/www.meydan.tv\\\/az\\\/#website\"},\"primaryImageOfPage\":{\"@id\":\"https:\\\/\\\/www.meydan.tv\\\/az\\\/article\\\/ilham-eliyev-milli-meclisi-buraxdi-yeni-seckiler-teyin-etdi\\\/#primaryimage\"},\"image\":{\"@id\":\"https:\\\/\\\/www.meydan.tv\\\/az\\\/article\\\/ilham-eliyev-milli-meclisi-buraxdi-yeni-seckiler-teyin-etdi\\\/#primaryimage\"},\"thumbnailUrl\":\"https:\\\/\\\/www.meydan.tv\\\/wp-content\\\/uploads\\\/shutterstock_2349900553.jpg\",\"datePublished\":\"2024-06-28T11:31:55+00:00\",\"dateModified\":\"2024-06-28T11:33:30+00:00\",\"description\":\"Az\u0259rbaycan Prezidenti \u0130lham \u018fliyev VI \u00e7a\u011f\u0131r\u0131\u015f Milli M\u0259clisin burax\u0131lmas\u0131 bar\u0259d\u0259 s\u0259r\u0259ncam imzalay\u0131b.Bu bar\u0259d\u0259 Prezidentin r\u0259smi sayt\u0131 m\u0259lumat yay\u0131b.S\u0259r\u0259ncama \u0259sas\u0259n, Milli M\u0259clis\u0259 n\u00f6vb\u0259d\u0259nk\u0259nar se\u00e7kil\u0259r sentyabr\u0131n 1-n\u0259 t\u0259yin edilib.\u0130yunun 20-d\u0259 YAP \u0130dar\u0259 Hey\u0259tinin n\u00f6vb\u0259ti iclas\u0131nda \u00f6lk\u0259 ba\u015f\u00e7\u0131s\u0131na m\u00fcraci\u0259t haqda q\u0259rar q\u0259bul edilib.Toplant\u0131da \u00e7\u0131x\u0131\u015f ed\u0259n YAP S\u0259drinin m\u00fcavini, M\u0259rk\u0259zi Aparat\u0131n r\u0259hb\u0259ri, deputat Tahir Budaqov bildirib ki, BMT-nin \u0130qlim D\u0259yi\u015fm\u0259l\u0259ri \u00fczr\u0259 \u00e7\u0259r\u00e7iv\u0259 Konvensiyas\u0131n\u0131n T\u0259r\u0259fl\u0259r Konfrans\u0131n\u0131n 29-cu sessiyas\u0131n\u0131n (COP29) v\u0259 dig\u0259r m\u00f6t\u0259b\u0259r beyn\u0259lxalq t\u0259dbirl\u0259rin ke\u00e7iril\u0259c\u0259yi vaxtda \u2013 2024-c\u00fc ilin noyabr ay\u0131nda Az\u0259rbaycan Konstitusiyas\u0131n\u0131n m\u00fcvafiq madd\u0259sinin II hiss\u0259sin\u0259 \u0259sas\u0259n Milli M\u0259clis\u0259 n\u00f6vb\u0259ti se\u00e7kil\u0259r ke\u00e7irilm\u0259lidir.Parlamentin iyunun 21-d\u0259 ke\u00e7iril\u0259n plenar iclas\u0131nda is\u0259 Milli M\u0259clis n\u00f6vb\u0259d\u0259nk\u0259nar se\u00e7kil\u0259rin t\u0259yin edilm\u0259si \u00fc\u00e7\u00fcn Prezident \u0130lham \u018fliyev\u0259 m\u00fcraci\u0259t edib.M\u00fcraci\u0259tin lehin\u0259 105, \u0259leyhin\u0259 is\u0259 1 n\u0259f\u0259r s\u0259s verib.\",\"breadcrumb\":{\"@id\":\"https:\\\/\\\/www.meydan.tv\\\/az\\\/article\\\/ilham-eliyev-milli-meclisi-buraxdi-yeni-seckiler-teyin-etdi\\\/#breadcrumb\"},\"inLanguage\":\"az\",\"potentialAction\":[{\"@type\":\"ReadAction\",\"target\":[\"https:\\\/\\\/www.meydan.tv\\\/az\\\/article\\\/ilham-eliyev-milli-meclisi-buraxdi-yeni-seckiler-teyin-etdi\\\/\"]}]},{\"@type\":\"ImageObject\",\"inLanguage\":\"az\",\"@id\":\"https:\\\/\\\/www.meydan.tv\\\/az\\\/article\\\/ilham-eliyev-milli-meclisi-buraxdi-yeni-seckiler-teyin-etdi\\\/#primaryimage\",\"url\":\"https:\\\/\\\/www.meydan.tv\\\/wp-content\\\/uploads\\\/shutterstock_2349900553.jpg\",\"contentUrl\":\"https:\\\/\\\/www.meydan.tv\\\/wp-content\\\/uploads\\\/shutterstock_2349900553.jpg\",\"width\":1200,\"height\":600,\"caption\":\"x\"},{\"@type\":\"BreadcrumbList\",\"@id\":\"https:\\\/\\\/www.meydan.tv\\\/az\\\/article\\\/ilham-eliyev-milli-meclisi-buraxdi-yeni-seckiler-teyin-etdi\\\/#breadcrumb\",\"itemListElement\":[{\"@type\":\"ListItem\",\"position\":1,\"name\":\"Ana s\u0259hif\u0259\",\"item\":\"https:\\\/\\\/www.meydan.tv\\\/az\\\/\"},{\"@type\":\"ListItem\",\"position\":2,\"name\":\"Siyas\u0259t\",\"item\":\"https:\\\/\\\/www.meydan.tv\\\/az\\\/section\\\/siyaset\\\/\"},{\"@type\":\"ListItem\",\"position\":3,\"name\":\"\u0130lham \u018fliyev Milli M\u0259clisi buraxd\u0131, yeni se\u00e7kil\u0259r t\u0259yin etdi\"}]},{\"@type\":\"WebSite\",\"@id\":\"https:\\\/\\\/www.meydan.tv\\\/az\\\/#website\",\"url\":\"https:\\\/\\\/www.meydan.tv\\\/az\\\/\",\"name\":\"MEYDAN.TV\",\"description\":\"Meydan TV Az\u0259rbaycan\u0131n media m\u0259kan\u0131ndak\u0131 alternativ s\u0259sidir\",\"publisher\":{\"@id\":\"https:\\\/\\\/www.meydan.tv\\\/az\\\/#organization\"},\"potentialAction\":[{\"@type\":\"SearchAction\",\"target\":{\"@type\":\"EntryPoint\",\"urlTemplate\":\"https:\\\/\\\/www.meydan.tv\\\/az\\\/?s={search_term_string}\"},\"query-input\":{\"@type\":\"PropertyValueSpecification\",\"valueRequired\":true,\"valueName\":\"search_term_string\"}}],\"inLanguage\":\"az\"},{\"@type\":\"Organization\",\"@id\":\"https:\\\/\\\/www.meydan.tv\\\/az\\\/#organization\",\"name\":\"Meydan TV\",\"url\":\"https:\\\/\\\/www.meydan.tv\\\/az\\\/\",\"logo\":{\"@type\":\"ImageObject\",\"inLanguage\":\"az\",\"@id\":\"https:\\\/\\\/www.meydan.tv\\\/az\\\/#\\\/schema\\\/logo\\\/image\\\/\",\"url\":\"https:\\\/\\\/www.meydan.tv\\\/wp-content\\\/uploads\\\/2021\\\/07\\\/meydan-logo.svg\",\"contentUrl\":\"https:\\\/\\\/www.meydan.tv\\\/wp-content\\\/uploads\\\/2021\\\/07\\\/meydan-logo.svg\",\"width\":195,\"height\":46,\"caption\":\"Meydan TV\"},\"image\":{\"@id\":\"https:\\\/\\\/www.meydan.tv\\\/az\\\/#\\\/schema\\\/logo\\\/image\\\/\"}},{\"@type\":\"Person\",\"@id\":\"https:\\\/\\\/www.meydan.tv\\\/az\\\/#\\\/schema\\\/person\\\/09863e516102a829e72bedcf3f84c6b0\",\"name\":\"mahmud\"}]}<\/script>\n<!-- \/ Yoast SEO plugin. -->","yoast_head_json":{"title":"\u0130lham \u018fliyev Milli M\u0259clisi buraxd\u0131, yeni se\u00e7kil\u0259r t\u0259yin etdi - MEYDAN.TV","description":"Az\u0259rbaycan Prezidenti \u0130lham \u018fliyev VI \u00e7a\u011f\u0131r\u0131\u015f Milli M\u0259clisin burax\u0131lmas\u0131 bar\u0259d\u0259 s\u0259r\u0259ncam imzalay\u0131b.Bu bar\u0259d\u0259 Prezidentin r\u0259smi sayt\u0131 m\u0259lumat yay\u0131b.S\u0259r\u0259ncama \u0259sas\u0259n, Milli M\u0259clis\u0259 n\u00f6vb\u0259d\u0259nk\u0259nar se\u00e7kil\u0259r sentyabr\u0131n 1-n\u0259 t\u0259yin edilib.\u0130yunun 20-d\u0259 YAP \u0130dar\u0259 Hey\u0259tinin n\u00f6vb\u0259ti iclas\u0131nda \u00f6lk\u0259 ba\u015f\u00e7\u0131s\u0131na m\u00fcraci\u0259t haqda q\u0259rar q\u0259bul edilib.Toplant\u0131da \u00e7\u0131x\u0131\u015f ed\u0259n YAP S\u0259drinin m\u00fcavini, M\u0259rk\u0259zi Aparat\u0131n r\u0259hb\u0259ri, deputat Tahir Budaqov bildirib ki, BMT-nin \u0130qlim D\u0259yi\u015fm\u0259l\u0259ri \u00fczr\u0259 \u00e7\u0259r\u00e7iv\u0259 Konvensiyas\u0131n\u0131n T\u0259r\u0259fl\u0259r Konfrans\u0131n\u0131n 29-cu sessiyas\u0131n\u0131n (COP29) v\u0259 dig\u0259r m\u00f6t\u0259b\u0259r beyn\u0259lxalq t\u0259dbirl\u0259rin ke\u00e7iril\u0259c\u0259yi vaxtda \u2013 2024-c\u00fc ilin noyabr ay\u0131nda Az\u0259rbaycan Konstitusiyas\u0131n\u0131n m\u00fcvafiq madd\u0259sinin II hiss\u0259sin\u0259 \u0259sas\u0259n Milli M\u0259clis\u0259 n\u00f6vb\u0259ti se\u00e7kil\u0259r ke\u00e7irilm\u0259lidir.Parlamentin iyunun 21-d\u0259 ke\u00e7iril\u0259n plenar iclas\u0131nda is\u0259 Milli M\u0259clis n\u00f6vb\u0259d\u0259nk\u0259nar se\u00e7kil\u0259rin t\u0259yin edilm\u0259si \u00fc\u00e7\u00fcn Prezident \u0130lham \u018fliyev\u0259 m\u00fcraci\u0259t edib.M\u00fcraci\u0259tin lehin\u0259 105, \u0259leyhin\u0259 is\u0259 1 n\u0259f\u0259r s\u0259s verib.","robots":{"index":"index","follow":"follow","max-snippet":"max-snippet:-1","max-image-preview":"max-image-preview:large","max-video-preview":"max-video-preview:-1"},"canonical":"https:\/\/www.meydan.tv\/az\/article\/ilham-eliyev-milli-meclisi-buraxdi-yeni-seckiler-teyin-etdi\/","og_locale":"az_AZ","og_type":"article","og_title":"\u0130lham \u018fliyev Milli M\u0259clisi buraxd\u0131, yeni se\u00e7kil\u0259r t\u0259yin etdi - MEYDAN.TV","og_description":"Az\u0259rbaycan Prezidenti \u0130lham \u018fliyev VI \u00e7a\u011f\u0131r\u0131\u015f Milli M\u0259clisin burax\u0131lmas\u0131 bar\u0259d\u0259 s\u0259r\u0259ncam imzalay\u0131b.Bu bar\u0259d\u0259 Prezidentin r\u0259smi sayt\u0131 m\u0259lumat yay\u0131b.S\u0259r\u0259ncama \u0259sas\u0259n, Milli M\u0259clis\u0259 n\u00f6vb\u0259d\u0259nk\u0259nar se\u00e7kil\u0259r sentyabr\u0131n 1-n\u0259 t\u0259yin edilib.\u0130yunun 20-d\u0259 YAP \u0130dar\u0259 Hey\u0259tinin n\u00f6vb\u0259ti iclas\u0131nda \u00f6lk\u0259 ba\u015f\u00e7\u0131s\u0131na m\u00fcraci\u0259t haqda q\u0259rar q\u0259bul edilib.Toplant\u0131da \u00e7\u0131x\u0131\u015f ed\u0259n YAP S\u0259drinin m\u00fcavini, M\u0259rk\u0259zi Aparat\u0131n r\u0259hb\u0259ri, deputat Tahir Budaqov bildirib ki, BMT-nin \u0130qlim D\u0259yi\u015fm\u0259l\u0259ri \u00fczr\u0259 \u00e7\u0259r\u00e7iv\u0259 Konvensiyas\u0131n\u0131n T\u0259r\u0259fl\u0259r Konfrans\u0131n\u0131n 29-cu sessiyas\u0131n\u0131n (COP29) v\u0259 dig\u0259r m\u00f6t\u0259b\u0259r beyn\u0259lxalq t\u0259dbirl\u0259rin ke\u00e7iril\u0259c\u0259yi vaxtda \u2013 2024-c\u00fc ilin noyabr ay\u0131nda Az\u0259rbaycan Konstitusiyas\u0131n\u0131n m\u00fcvafiq madd\u0259sinin II hiss\u0259sin\u0259 \u0259sas\u0259n Milli M\u0259clis\u0259 n\u00f6vb\u0259ti se\u00e7kil\u0259r ke\u00e7irilm\u0259lidir.Parlamentin iyunun 21-d\u0259 ke\u00e7iril\u0259n plenar iclas\u0131nda is\u0259 Milli M\u0259clis n\u00f6vb\u0259d\u0259nk\u0259nar se\u00e7kil\u0259rin t\u0259yin edilm\u0259si \u00fc\u00e7\u00fcn Prezident \u0130lham \u018fliyev\u0259 m\u00fcraci\u0259t edib.M\u00fcraci\u0259tin lehin\u0259 105, \u0259leyhin\u0259 is\u0259 1 n\u0259f\u0259r s\u0259s verib.","og_url":"https:\/\/www.meydan.tv\/az\/article\/ilham-eliyev-milli-meclisi-buraxdi-yeni-seckiler-teyin-etdi\/","og_site_name":"MEYDAN.TV","article_published_time":"2024-06-28T11:31:55+00:00","article_modified_time":"2024-06-28T11:33:30+00:00","og_image":[{"width":1200,"height":600,"url":"https:\/\/www.meydan.tv\/wp-content\/uploads\/shutterstock_2349900553.jpg","type":"image\/jpeg"}],"author":"mahmud","twitter_card":"summary_large_image","schema":{"@context":"https:\/\/schema.org","@graph":[{"@type":"Article","@id":"https:\/\/www.meydan.tv\/az\/article\/ilham-eliyev-milli-meclisi-buraxdi-yeni-seckiler-teyin-etdi\/#article","isPartOf":{"@id":"https:\/\/www.meydan.tv\/az\/article\/ilham-eliyev-milli-meclisi-buraxdi-yeni-seckiler-teyin-etdi\/"},"author":{"name":"mahmud","@id":"https:\/\/www.meydan.tv\/az\/#\/schema\/person\/09863e516102a829e72bedcf3f84c6b0"},"headline":"\u0130lham \u018fliyev Milli M\u0259clisi buraxd\u0131, yeni se\u00e7kil\u0259r t\u0259yin etdi","datePublished":"2024-06-28T11:31:55+00:00","dateModified":"2024-06-28T11:33:30+00:00","mainEntityOfPage":{"@id":"https:\/\/www.meydan.tv\/az\/article\/ilham-eliyev-milli-meclisi-buraxdi-yeni-seckiler-teyin-etdi\/"},"wordCount":404,"publisher":{"@id":"https:\/\/www.meydan.tv\/az\/#organization"},"image":{"@id":"https:\/\/www.meydan.tv\/az\/article\/ilham-eliyev-milli-meclisi-buraxdi-yeni-seckiler-teyin-etdi\/#primaryimage"},"thumbnailUrl":"https:\/\/www.meydan.tv\/wp-content\/uploads\/shutterstock_2349900553.jpg","articleSection":["Se\u00e7ki 2024","Siyas\u0259t","T\u00f6vsiy\u0259","X\u0259b\u0259rl\u0259r"],"inLanguage":"az"},{"@type":"WebPage","@id":"https:\/\/www.meydan.tv\/az\/article\/ilham-eliyev-milli-meclisi-buraxdi-yeni-seckiler-teyin-etdi\/","url":"https:\/\/www.meydan.tv\/az\/article\/ilham-eliyev-milli-meclisi-buraxdi-yeni-seckiler-teyin-etdi\/","name":"\u0130lham \u018fliyev Milli M\u0259clisi buraxd\u0131, yeni se\u00e7kil\u0259r t\u0259yin etdi - MEYDAN.TV","isPartOf":{"@id":"https:\/\/www.meydan.tv\/az\/#website"},"primaryImageOfPage":{"@id":"https:\/\/www.meydan.tv\/az\/article\/ilham-eliyev-milli-meclisi-buraxdi-yeni-seckiler-teyin-etdi\/#primaryimage"},"image":{"@id":"https:\/\/www.meydan.tv\/az\/article\/ilham-eliyev-milli-meclisi-buraxdi-yeni-seckiler-teyin-etdi\/#primaryimage"},"thumbnailUrl":"https:\/\/www.meydan.tv\/wp-content\/uploads\/shutterstock_2349900553.jpg","datePublished":"2024-06-28T11:31:55+00:00","dateModified":"2024-06-28T11:33:30+00:00","description":"Az\u0259rbaycan Prezidenti \u0130lham \u018fliyev VI \u00e7a\u011f\u0131r\u0131\u015f Milli M\u0259clisin burax\u0131lmas\u0131 bar\u0259d\u0259 s\u0259r\u0259ncam imzalay\u0131b.Bu bar\u0259d\u0259 Prezidentin r\u0259smi sayt\u0131 m\u0259lumat yay\u0131b.S\u0259r\u0259ncama \u0259sas\u0259n, Milli M\u0259clis\u0259 n\u00f6vb\u0259d\u0259nk\u0259nar se\u00e7kil\u0259r sentyabr\u0131n 1-n\u0259 t\u0259yin edilib.\u0130yunun 20-d\u0259 YAP \u0130dar\u0259 Hey\u0259tinin n\u00f6vb\u0259ti iclas\u0131nda \u00f6lk\u0259 ba\u015f\u00e7\u0131s\u0131na m\u00fcraci\u0259t haqda q\u0259rar q\u0259bul edilib.Toplant\u0131da \u00e7\u0131x\u0131\u015f ed\u0259n YAP S\u0259drinin m\u00fcavini, M\u0259rk\u0259zi Aparat\u0131n r\u0259hb\u0259ri, deputat Tahir Budaqov bildirib ki, BMT-nin \u0130qlim D\u0259yi\u015fm\u0259l\u0259ri \u00fczr\u0259 \u00e7\u0259r\u00e7iv\u0259 Konvensiyas\u0131n\u0131n T\u0259r\u0259fl\u0259r Konfrans\u0131n\u0131n 29-cu sessiyas\u0131n\u0131n (COP29) v\u0259 dig\u0259r m\u00f6t\u0259b\u0259r beyn\u0259lxalq t\u0259dbirl\u0259rin ke\u00e7iril\u0259c\u0259yi vaxtda \u2013 2024-c\u00fc ilin noyabr ay\u0131nda Az\u0259rbaycan Konstitusiyas\u0131n\u0131n m\u00fcvafiq madd\u0259sinin II hiss\u0259sin\u0259 \u0259sas\u0259n Milli M\u0259clis\u0259 n\u00f6vb\u0259ti se\u00e7kil\u0259r ke\u00e7irilm\u0259lidir.Parlamentin iyunun 21-d\u0259 ke\u00e7iril\u0259n plenar iclas\u0131nda is\u0259 Milli M\u0259clis n\u00f6vb\u0259d\u0259nk\u0259nar se\u00e7kil\u0259rin t\u0259yin edilm\u0259si \u00fc\u00e7\u00fcn Prezident \u0130lham \u018fliyev\u0259 m\u00fcraci\u0259t edib.M\u00fcraci\u0259tin lehin\u0259 105, \u0259leyhin\u0259 is\u0259 1 n\u0259f\u0259r s\u0259s verib.","breadcrumb":{"@id":"https:\/\/www.meydan.tv\/az\/article\/ilham-eliyev-milli-meclisi-buraxdi-yeni-seckiler-teyin-etdi\/#breadcrumb"},"inLanguage":"az","potentialAction":[{"@type":"ReadAction","target":["https:\/\/www.meydan.tv\/az\/article\/ilham-eliyev-milli-meclisi-buraxdi-yeni-seckiler-teyin-etdi\/"]}]},{"@type":"ImageObject","inLanguage":"az","@id":"https:\/\/www.meydan.tv\/az\/article\/ilham-eliyev-milli-meclisi-buraxdi-yeni-seckiler-teyin-etdi\/#primaryimage","url":"https:\/\/www.meydan.tv\/wp-content\/uploads\/shutterstock_2349900553.jpg","contentUrl":"https:\/\/www.meydan.tv\/wp-content\/uploads\/shutterstock_2349900553.jpg","width":1200,"height":600,"caption":"x"},{"@type":"BreadcrumbList","@id":"https:\/\/www.meydan.tv\/az\/article\/ilham-eliyev-milli-meclisi-buraxdi-yeni-seckiler-teyin-etdi\/#breadcrumb","itemListElement":[{"@type":"ListItem","position":1,"name":"Ana s\u0259hif\u0259","item":"https:\/\/www.meydan.tv\/az\/"},{"@type":"ListItem","position":2,"name":"Siyas\u0259t","item":"https:\/\/www.meydan.tv\/az\/section\/siyaset\/"},{"@type":"ListItem","position":3,"name":"\u0130lham \u018fliyev Milli M\u0259clisi buraxd\u0131, yeni se\u00e7kil\u0259r t\u0259yin etdi"}]},{"@type":"WebSite","@id":"https:\/\/www.meydan.tv\/az\/#website","url":"https:\/\/www.meydan.tv\/az\/","name":"MEYDAN.TV","description":"Meydan TV Az\u0259rbaycan\u0131n media m\u0259kan\u0131ndak\u0131 alternativ s\u0259sidir","publisher":{"@id":"https:\/\/www.meydan.tv\/az\/#organization"},"potentialAction":[{"@type":"SearchAction","target":{"@type":"EntryPoint","urlTemplate":"https:\/\/www.meydan.tv\/az\/?s={search_term_string}"},"query-input":{"@type":"PropertyValueSpecification","valueRequired":true,"valueName":"search_term_string"}}],"inLanguage":"az"},{"@type":"Organization","@id":"https:\/\/www.meydan.tv\/az\/#organization","name":"Meydan TV","url":"https:\/\/www.meydan.tv\/az\/","logo":{"@type":"ImageObject","inLanguage":"az","@id":"https:\/\/www.meydan.tv\/az\/#\/schema\/logo\/image\/","url":"https:\/\/www.meydan.tv\/wp-content\/uploads\/2021\/07\/meydan-logo.svg","contentUrl":"https:\/\/www.meydan.tv\/wp-content\/uploads\/2021\/07\/meydan-logo.svg","width":195,"height":46,"caption":"Meydan TV"},"image":{"@id":"https:\/\/www.meydan.tv\/az\/#\/schema\/logo\/image\/"}},{"@type":"Person","@id":"https:\/\/www.meydan.tv\/az\/#\/schema\/person\/09863e516102a829e72bedcf3f84c6b0","name":"mahmud"}]}},"_links":{"self":[{"href":"https:\/\/www.meydan.tv\/az\/wp-json\/wp\/v2\/posts\/309245","targetHints":{"allow":["GET"]}}],"collection":[{"href":"https:\/\/www.meydan.tv\/az\/wp-json\/wp\/v2\/posts"}],"about":[{"href":"https:\/\/www.meydan.tv\/az\/wp-json\/wp\/v2\/types\/post"}],"author":[{"embeddable":true,"href":"https:\/\/www.meydan.tv\/az\/wp-json\/wp\/v2\/users\/21"}],"replies":[{"embeddable":true,"href":"https:\/\/www.meydan.tv\/az\/wp-json\/wp\/v2\/comments?post=309245"}],"version-history":[{"count":1,"href":"https:\/\/www.meydan.tv\/az\/wp-json\/wp\/v2\/posts\/309245\/revisions"}],"predecessor-version":[{"id":309248,"href":"https:\/\/www.meydan.tv\/az\/wp-json\/wp\/v2\/posts\/309245\/revisions\/309248"}],"wp:featuredmedia":[{"embeddable":true,"href":"https:\/\/www.meydan.tv\/az\/wp-json\/wp\/v2\/media\/302328"}],"wp:attachment":[{"href":"https:\/\/www.meydan.tv\/az\/wp-json\/wp\/v2\/media?parent=309245"}],"wp:term":[{"taxonomy":"category","embeddable":true,"href":"https:\/\/www.meydan.tv\/az\/wp-json\/wp\/v2\/categories?post=309245"},{"taxonomy":"post_tag","embeddable":true,"href":"https:\/\/www.meydan.tv\/az\/wp-json\/wp\/v2\/tags?post=309245"}],"curies":[{"name":"wp","href":"https:\/\/api.w.org\/{rel}","templated":true}]}}