{"id":309236,"date":"2024-06-28T15:11:13","date_gmt":"2024-06-28T11:11:13","guid":{"rendered":"https:\/\/www.meydan.tv\/?p=309236"},"modified":"2024-06-28T15:32:37","modified_gmt":"2024-06-28T11:32:37","slug":"muellimler-nazirliyin-qarsisinda-aksiya-kecirdiler-sertifikasiya-qeyri-seffaf-kecirilib","status":"publish","type":"post","link":"https:\/\/www.meydan.tv\/az\/article\/muellimler-nazirliyin-qarsisinda-aksiya-kecirdiler-sertifikasiya-qeyri-seffaf-kecirilib\/","title":{"rendered":"M\u00fc\u0259lliml\u0259rin nazirliyin qar\u015f\u0131s\u0131nda aksiyas\u0131: &#8220;Sertifikasiya qeyri-\u015f\u0259ffaf ke\u00e7irilib&#8221;"},"content":{"rendered":"\n<figure class=\"wp-block-embed is-type-video is-provider-youtube wp-block-embed-youtube wp-embed-aspect-16-9 wp-has-aspect-ratio\"><div class=\"wp-block-embed__wrapper\">\n<iframe title=\"M\u00fc\u0259lliml\u0259rin nazirliyin qar\u015f\u0131s\u0131nda aksiyas\u0131: \u201cSertifikasiya qeyri-\u015f\u0259ffaf ke\u00e7irilib\u201d\" width=\"1200\" height=\"675\" data-src=\"https:\/\/www.youtube.com\/embed\/YGufpW1bDYs?feature=oembed\" frameborder=\"0\" allow=\"accelerometer; autoplay; clipboard-write; encrypted-media; gyroscope; picture-in-picture; web-share\" referrerpolicy=\"strict-origin-when-cross-origin\" allowfullscreen src=\"data:image\/svg+xml;base64,PHN2ZyB3aWR0aD0iMSIgaGVpZ2h0PSIxIiB4bWxucz0iaHR0cDovL3d3dy53My5vcmcvMjAwMC9zdmciPjwvc3ZnPg==\" class=\"lazyload\" data-load-mode=\"1\"><\/iframe>\n<\/div><\/figure>\n\n\n\n<!--more-->\n\n\n\n<p><strong><em>Onlar imtahan zaman\u0131 komp\u00fcterl\u0259rd\u0259 texniki nasazl\u0131\u011f\u0131n oldu\u011funu deyibl\u0259r<\/em><\/strong><\/p>\n\n\n\n<p>\u0130yunun 28-d\u0259 bir qrup m\u00fc\u0259llim Elm v\u0259 T\u0259hsil Nazirliyinin \u00f6n\u00fcnd\u0259 etiraz aksiyas\u0131 ke\u00e7irib.<\/p>\n\n\n\n<p>Onlar\u0131n naraz\u0131l\u0131\u011f\u0131 2024-c\u00fc il iyunun 21-22 v\u0259 24-d\u0259 Az\u0259rbaycanda ke\u00e7iril\u0259n m\u00fc\u0259lliml\u0259rin sertifikatla\u015fd\u0131r\u0131lmas\u0131 prosesinin test imtahanlar\u0131 il\u0259 \u0259laq\u0259dar olub.<\/p>\n\n\n\n<p>Az\u0259rbaycan\u0131n m\u00fcxt\u0259lif b\u00f6lg\u0259l\u0259rind\u0259n g\u0259l\u0259n, h\u0259m\u00e7inin Bak\u0131dan da olan m\u00fc\u0259lliml\u0259r sertifikasiya imtahanlar\u0131n\u0131n qeyri-\u015f\u0259ffaf ke\u00e7rildiyini iddia edibl\u0259r.<\/p>\n\n\n\n<p>\u0130mtahan\u0131n gedi\u015fat\u0131 il\u0259 m\u00fcxt\u0259lif fikir v\u0259 naraz\u0131l\u0131q ifad\u0259 ed\u0259n m\u00fc\u0259lliml\u0259rin \u0259sas \u015fikay\u0259tl\u0259rind\u0259n biri d\u0259 texniki m\u0259s\u0259l\u0259l\u0259rl\u0259 \u0259laq\u0259dar olub.<\/p>\n\n\n\n<p>Dedikl\u0259rin\u0259 g\u00f6r\u0259, imtahan vaxt\u0131 komp\u00fcterl\u0259r yax\u015f\u0131 v\u0259ziyy\u0259td\u0259 olmay\u0131b.<\/p>\n\n\n\n<figure class=\"wp-block-image size-large\"><img decoding=\"async\" width=\"1200\" height=\"690\" data-src=\"https:\/\/www.meydan.tv\/wp-content\/uploads\/img_4249-1200x690.jpg\" alt=\"\" class=\"wp-image-309237 lazyload\" src=\"data:image\/svg+xml;base64,PHN2ZyB3aWR0aD0iMSIgaGVpZ2h0PSIxIiB4bWxucz0iaHR0cDovL3d3dy53My5vcmcvMjAwMC9zdmciPjwvc3ZnPg==\" style=\"--smush-placeholder-width: 1200px; --smush-placeholder-aspect-ratio: 1200\/690;\" \/><figcaption class=\"wp-element-caption\">Foto: Meydan TV<\/figcaption><\/figure>\n\n\n\n<p>Elm v\u0259 T\u0259hsil Nazirliyinin m\u0259tbuat xidm\u0259tind\u0259n Meydan TV-y\u0259 bildirilib ki, Bak\u0131 \u015f\u0259h\u0259ri \u00fczr\u0259 T\u0259hsil \u0130dar\u0259si, eyni zamanda regional t\u0259hsil idar\u0259l\u0259ri v\u0259 rayon t\u0259hsil sektorlar\u0131nda t\u0259krar sertifikatla\u015fd\u0131rma imtahan\u0131nda ke\u00e7id bal\u0131n\u0131 toplamayan t\u0259hsilver\u0259nl\u0259rl\u0259 i\u015fin t\u0259\u015fkili, onlar\u0131n sosial statuslar\u0131n\u0131n m\u0259rh\u0259l\u0259li \u015f\u0259kild\u0259 qiym\u0259tl\u0259ndirilm\u0259si v\u0259 alternativ i\u015f imkanlar\u0131n\u0131n ara\u015fd\u0131r\u0131lmas\u0131 m\u0259qs\u0259dil\u0259 komissiyalar yarad\u0131l\u0131b.<\/p>\n\n\n\n<p>Komissiyalar 30 iyul tarixin\u0259d\u0259k f\u0259aliyy\u0259t g\u00f6st\u0259r\u0259c\u0259k.<\/p>\n\n\n\n<p><em>\u201cHaz\u0131rda h\u0259min m\u0259rk\u0259zl\u0259rd\u0259 v\u0259t\u0259nda\u015flar\u0131n q\u0259bulu h\u0259yata ke\u00e7irilir. Bu g\u00fcn\u0259d\u0259k \u00fcmumilikd\u0259 2000-d\u0259n \u00e7ox v\u0259t\u0259nda\u015f q\u0259bul edilib. Komissiyalarda h\u0259r bir v\u0259t\u0259nda\u015f\u0131n m\u00fcraci\u0259ti dinl\u0259nilir, h\u0259ssasl\u0131qla yana\u015f\u0131l\u0131b m\u00fcvafiq qaydada ara\u015fd\u0131r\u0131lmas\u0131 t\u0259min edilir. Eyni zamanda, sosial h\u0259ssas \u0259hali qrupuna aid v\u0259t\u0259nda\u015flar\u0131n m\u00fcraci\u0259tl\u0259ri x\u00fcsusi n\u0259zar\u0259t\u0259 g\u00f6t\u00fcr\u00fcl\u00fcr, qanunvericiliyin t\u0259l\u0259bl\u0259rin\u0259 uy\u011fun olaraq m\u00fcvafiq t\u0259dbirl\u0259r g\u00f6r\u00fcl\u00fcr\u201d<\/em>, &#8211; cavabda deyilir.<\/p>\n\n\n<div class=\"wp-block-image\">\n<figure class=\"alignright size-large is-resized\"><img decoding=\"async\" width=\"1200\" height=\"797\" data-src=\"https:\/\/www.meydan.tv\/wp-content\/uploads\/37288-1200x797.jpg\" alt=\"T\u0259hsil Nazirliyi\" class=\"wp-image-94388 lazyload\" style=\"--smush-placeholder-width: 1200px; --smush-placeholder-aspect-ratio: 1200\/797;width:457px;height:auto\" src=\"data:image\/svg+xml;base64,PHN2ZyB3aWR0aD0iMSIgaGVpZ2h0PSIxIiB4bWxucz0iaHR0cDovL3d3dy53My5vcmcvMjAwMC9zdmciPjwvc3ZnPg==\" \/><figcaption class=\"wp-element-caption\">Foto: Elm v\u0259 T\u0259hsil Nazirliyi<\/figcaption><\/figure>\n<\/div>\n\n\n<p>Qeyd edilir ki, t\u0259krar sertifikatla\u015fd\u0131rmada minimum t\u0259l\u0259bi \u00f6d\u0259m\u0259y\u0259n, el\u0259c\u0259 d\u0259 prosesd\u0259 i\u015ftirak etm\u0259y\u0259n, eyni zamanda, imtahan qaydalar\u0131n\u0131 pozdu\u011fu \u00fc\u00e7\u00fcn n\u0259tic\u0259l\u0259ri l\u0259\u011fv edil\u0259n m\u00fc\u0259lliml\u0259rin m\u00fcqavil\u0259l\u0259rin\u0259 \u0259m\u0259k qanunvericiliyinin t\u0259l\u0259bl\u0259rin\u0259 uy\u011fun olaraq xitam verilir.<\/p>\n\n\n\n<p><em>\u201c\u018fm\u0259k m\u00fcqavil\u0259sin\u0259 xitam veril\u0259c\u0259k m\u00fc\u0259lliml\u0259r\u0259 \u0259m\u0259k qanunvericiliyind\u0259 n\u0259z\u0259rd\u0259 tutulan t\u0259minatlar\u0131n \u00f6d\u0259nilm\u0259si h\u0259yata ke\u00e7irilir\u201d<\/em>, &#8211; m\u0259lumatda deyilir.<\/p>\n\n\n\n<p>2024-c\u00fc il iyunun 21-22 v\u0259 24-d\u0259 Az\u0259rbaycanda n\u00f6vb\u0259ti d\u0259f\u0259 m\u00fc\u0259lliml\u0259rin sertifikatla\u015fd\u0131r\u0131lmas\u0131 imtahan\u0131 ke\u00e7irilib.<\/p>\n\n\n\n<p>Bu il ilk d\u0259f\u0259 proses\u0259 riyaziyyat v\u0259 xarici dil (ingilis dili, rus dili, Az\u0259rbaycan dili (rus b\u00f6lm\u0259si), alman dili, frans\u0131z dili v\u0259 s.) f\u0259nl\u0259rini t\u0259dris ed\u0259n t\u0259hsilver\u0259nl\u0259r c\u0259lb edilibl\u0259r, eyni zamanda, ibtidai sinif, Az\u0259rbaycan dili v\u0259 \u0259d\u0259biyyat m\u00fc\u0259lliml\u0259ri d\u0259 imtahan veribl\u0259r.<\/p>\n\n\n\n<p>Sertifikatla\u015fd\u0131rma prosesinin test imtahan\u0131 m\u0259rh\u0259l\u0259si \u00f6lk\u0259nin 18 m\u00fcxt\u0259lif \u015f\u0259h\u0259r v\u0259 rayonu \u00fczr\u0259 \u00fcmumilikd\u0259 27 imtahan m\u0259rk\u0259zini \u0259hat\u0259 edib.<\/p>\n\n\n\n<p>Test imtahanlar\u0131nda 23 448 m\u00fc\u0259llim i\u015ftirak edib.<\/p>\n\n\n\n<p>\u0130mtahanlarda 97,5% davamiyy\u0259t qeyd\u0259 al\u0131n\u0131b.<\/p>\n","protected":false},"excerpt":{"rendered":"","protected":false},"author":21,"featured_media":309240,"comment_status":"closed","ping_status":"closed","sticky":false,"template":"","format":"standard","meta":{"_acf_changed":false,"_sitemap_exclude":false,"_sitemap_priority":"","_sitemap_frequency":"","footnotes":""},"categories":[62,79,63],"tags":[],"class_list":["post-309236","post","type-post","status-publish","format-standard","has-post-thumbnail","hentry","category-sosial","category-featured","category-video-2","infinite-scroll-item","generate-columns","tablet-grid-50","mobile-grid-100","grid-parent","grid-33","no-featured-image-padding"],"acf":[],"yoast_head":"<!-- This site is optimized with the Yoast SEO plugin v27.4 - https:\/\/yoast.com\/product\/yoast-seo-wordpress\/ -->\n<title>M\u00fc\u0259lliml\u0259r nazirliyin qar\u015f\u0131s\u0131nda aksiya ke\u00e7irdil\u0259r<\/title>\n<meta name=\"description\" content=\"\u0130yunun 28-d\u0259 bir qrup m\u00fc\u0259llim Elm v\u0259 T\u0259hsil Nazirliyinin \u00f6n\u00fcnd\u0259 etiraz aksiyas\u0131 ke\u00e7irib.Onlar\u0131n naraz\u0131l\u0131\u011f\u0131 2024-c\u00fc il iyunun 21-22 v\u0259 24-d\u0259 Az\u0259rbaycanda ke\u00e7iril\u0259n m\u00fc\u0259lliml\u0259rin sertifikatla\u015fd\u0131r\u0131lmas\u0131 prosesinin test imtahanlar\u0131 il\u0259 \u0259laq\u0259dar olub.Az\u0259rbaycan\u0131n m\u00fcxt\u0259lif b\u00f6lg\u0259l\u0259rind\u0259n g\u0259l\u0259n, h\u0259m\u00e7inin Bak\u0131dan da olan m\u00fc\u0259lliml\u0259r sertifikasiya imtahanlar\u0131n\u0131n qeyri-\u015f\u0259ffaf ke\u00e7rildiyini iddia edibl\u0259r.\u0130mtahan\u0131n gedi\u015fat\u0131 il\u0259 m\u00fcxt\u0259lif fikir v\u0259 naraz\u0131l\u0131q ifad\u0259 ed\u0259n m\u00fc\u0259lliml\u0259rin \u0259sas \u015fikay\u0259tl\u0259rind\u0259n biri d\u0259 texniki m\u0259s\u0259l\u0259l\u0259rl\u0259 \u0259laq\u0259dar olub.Dedikl\u0259rin\u0259 g\u00f6r\u0259, imtahan vaxt\u0131 komp\u00fcterl\u0259r yax\u015f\u0131 v\u0259ziyy\u0259td\u0259 olmay\u0131b.\" \/>\n<meta name=\"robots\" content=\"index, follow, max-snippet:-1, max-image-preview:large, max-video-preview:-1\" \/>\n<link rel=\"canonical\" href=\"https:\/\/www.meydan.tv\/az\/article\/muellimler-nazirliyin-qarsisinda-aksiya-kecirdiler-sertifikasiya-qeyri-seffaf-kecirilib\/\" \/>\n<meta property=\"og:locale\" content=\"az_AZ\" \/>\n<meta property=\"og:type\" content=\"article\" \/>\n<meta property=\"og:title\" content=\"M\u00fc\u0259lliml\u0259r nazirliyin qar\u015f\u0131s\u0131nda aksiya ke\u00e7irdil\u0259r\" \/>\n<meta property=\"og:description\" content=\"\u0130yunun 28-d\u0259 bir qrup m\u00fc\u0259llim Elm v\u0259 T\u0259hsil Nazirliyinin \u00f6n\u00fcnd\u0259 etiraz aksiyas\u0131 ke\u00e7irib.Onlar\u0131n naraz\u0131l\u0131\u011f\u0131 2024-c\u00fc il iyunun 21-22 v\u0259 24-d\u0259 Az\u0259rbaycanda ke\u00e7iril\u0259n m\u00fc\u0259lliml\u0259rin sertifikatla\u015fd\u0131r\u0131lmas\u0131 prosesinin test imtahanlar\u0131 il\u0259 \u0259laq\u0259dar olub.Az\u0259rbaycan\u0131n m\u00fcxt\u0259lif b\u00f6lg\u0259l\u0259rind\u0259n g\u0259l\u0259n, h\u0259m\u00e7inin Bak\u0131dan da olan m\u00fc\u0259lliml\u0259r sertifikasiya imtahanlar\u0131n\u0131n qeyri-\u015f\u0259ffaf ke\u00e7rildiyini iddia edibl\u0259r.\u0130mtahan\u0131n gedi\u015fat\u0131 il\u0259 m\u00fcxt\u0259lif fikir v\u0259 naraz\u0131l\u0131q ifad\u0259 ed\u0259n m\u00fc\u0259lliml\u0259rin \u0259sas \u015fikay\u0259tl\u0259rind\u0259n biri d\u0259 texniki m\u0259s\u0259l\u0259l\u0259rl\u0259 \u0259laq\u0259dar olub.Dedikl\u0259rin\u0259 g\u00f6r\u0259, imtahan vaxt\u0131 komp\u00fcterl\u0259r yax\u015f\u0131 v\u0259ziyy\u0259td\u0259 olmay\u0131b.\" \/>\n<meta property=\"og:url\" content=\"https:\/\/www.meydan.tv\/az\/article\/muellimler-nazirliyin-qarsisinda-aksiya-kecirdiler-sertifikasiya-qeyri-seffaf-kecirilib\/\" \/>\n<meta property=\"og:site_name\" content=\"MEYDAN.TV\" \/>\n<meta property=\"article:published_time\" content=\"2024-06-28T11:11:13+00:00\" \/>\n<meta property=\"article:modified_time\" content=\"2024-06-28T11:32:37+00:00\" \/>\n<meta property=\"og:image\" content=\"https:\/\/www.meydan.tv\/wp-content\/uploads\/img_4250.jpg\" \/>\n\t<meta property=\"og:image:width\" content=\"2048\" \/>\n\t<meta property=\"og:image:height\" content=\"1179\" \/>\n\t<meta property=\"og:image:type\" content=\"image\/jpeg\" \/>\n<meta name=\"author\" content=\"mahmud\" \/>\n<meta name=\"twitter:card\" content=\"summary_large_image\" \/>\n<script type=\"application\/ld+json\" class=\"yoast-schema-graph\">{\"@context\":\"https:\\\/\\\/schema.org\",\"@graph\":[{\"@type\":\"Article\",\"@id\":\"https:\\\/\\\/www.meydan.tv\\\/az\\\/article\\\/muellimler-nazirliyin-qarsisinda-aksiya-kecirdiler-sertifikasiya-qeyri-seffaf-kecirilib\\\/#article\",\"isPartOf\":{\"@id\":\"https:\\\/\\\/www.meydan.tv\\\/az\\\/article\\\/muellimler-nazirliyin-qarsisinda-aksiya-kecirdiler-sertifikasiya-qeyri-seffaf-kecirilib\\\/\"},\"author\":{\"name\":\"mahmud\",\"@id\":\"https:\\\/\\\/www.meydan.tv\\\/az\\\/#\\\/schema\\\/person\\\/09863e516102a829e72bedcf3f84c6b0\"},\"headline\":\"M\u00fc\u0259lliml\u0259rin nazirliyin qar\u015f\u0131s\u0131nda aksiyas\u0131: &#8220;Sertifikasiya qeyri-\u015f\u0259ffaf ke\u00e7irilib&#8221;\",\"datePublished\":\"2024-06-28T11:11:13+00:00\",\"dateModified\":\"2024-06-28T11:32:37+00:00\",\"mainEntityOfPage\":{\"@id\":\"https:\\\/\\\/www.meydan.tv\\\/az\\\/article\\\/muellimler-nazirliyin-qarsisinda-aksiya-kecirdiler-sertifikasiya-qeyri-seffaf-kecirilib\\\/\"},\"wordCount\":600,\"publisher\":{\"@id\":\"https:\\\/\\\/www.meydan.tv\\\/az\\\/#organization\"},\"image\":{\"@id\":\"https:\\\/\\\/www.meydan.tv\\\/az\\\/article\\\/muellimler-nazirliyin-qarsisinda-aksiya-kecirdiler-sertifikasiya-qeyri-seffaf-kecirilib\\\/#primaryimage\"},\"thumbnailUrl\":\"https:\\\/\\\/www.meydan.tv\\\/wp-content\\\/uploads\\\/img_4250.jpg\",\"articleSection\":[\"Sosial\",\"T\u00f6vsiy\u0259\",\"Video\"],\"inLanguage\":\"az\"},{\"@type\":\"WebPage\",\"@id\":\"https:\\\/\\\/www.meydan.tv\\\/az\\\/article\\\/muellimler-nazirliyin-qarsisinda-aksiya-kecirdiler-sertifikasiya-qeyri-seffaf-kecirilib\\\/\",\"url\":\"https:\\\/\\\/www.meydan.tv\\\/az\\\/article\\\/muellimler-nazirliyin-qarsisinda-aksiya-kecirdiler-sertifikasiya-qeyri-seffaf-kecirilib\\\/\",\"name\":\"M\u00fc\u0259lliml\u0259r nazirliyin qar\u015f\u0131s\u0131nda aksiya ke\u00e7irdil\u0259r\",\"isPartOf\":{\"@id\":\"https:\\\/\\\/www.meydan.tv\\\/az\\\/#website\"},\"primaryImageOfPage\":{\"@id\":\"https:\\\/\\\/www.meydan.tv\\\/az\\\/article\\\/muellimler-nazirliyin-qarsisinda-aksiya-kecirdiler-sertifikasiya-qeyri-seffaf-kecirilib\\\/#primaryimage\"},\"image\":{\"@id\":\"https:\\\/\\\/www.meydan.tv\\\/az\\\/article\\\/muellimler-nazirliyin-qarsisinda-aksiya-kecirdiler-sertifikasiya-qeyri-seffaf-kecirilib\\\/#primaryimage\"},\"thumbnailUrl\":\"https:\\\/\\\/www.meydan.tv\\\/wp-content\\\/uploads\\\/img_4250.jpg\",\"datePublished\":\"2024-06-28T11:11:13+00:00\",\"dateModified\":\"2024-06-28T11:32:37+00:00\",\"description\":\"\u0130yunun 28-d\u0259 bir qrup m\u00fc\u0259llim Elm v\u0259 T\u0259hsil Nazirliyinin \u00f6n\u00fcnd\u0259 etiraz aksiyas\u0131 ke\u00e7irib.Onlar\u0131n naraz\u0131l\u0131\u011f\u0131 2024-c\u00fc il iyunun 21-22 v\u0259 24-d\u0259 Az\u0259rbaycanda ke\u00e7iril\u0259n m\u00fc\u0259lliml\u0259rin sertifikatla\u015fd\u0131r\u0131lmas\u0131 prosesinin test imtahanlar\u0131 il\u0259 \u0259laq\u0259dar olub.Az\u0259rbaycan\u0131n m\u00fcxt\u0259lif b\u00f6lg\u0259l\u0259rind\u0259n g\u0259l\u0259n, h\u0259m\u00e7inin Bak\u0131dan da olan m\u00fc\u0259lliml\u0259r sertifikasiya imtahanlar\u0131n\u0131n qeyri-\u015f\u0259ffaf ke\u00e7rildiyini iddia edibl\u0259r.\u0130mtahan\u0131n gedi\u015fat\u0131 il\u0259 m\u00fcxt\u0259lif fikir v\u0259 naraz\u0131l\u0131q ifad\u0259 ed\u0259n m\u00fc\u0259lliml\u0259rin \u0259sas \u015fikay\u0259tl\u0259rind\u0259n biri d\u0259 texniki m\u0259s\u0259l\u0259l\u0259rl\u0259 \u0259laq\u0259dar olub.Dedikl\u0259rin\u0259 g\u00f6r\u0259, imtahan vaxt\u0131 komp\u00fcterl\u0259r yax\u015f\u0131 v\u0259ziyy\u0259td\u0259 olmay\u0131b.\",\"breadcrumb\":{\"@id\":\"https:\\\/\\\/www.meydan.tv\\\/az\\\/article\\\/muellimler-nazirliyin-qarsisinda-aksiya-kecirdiler-sertifikasiya-qeyri-seffaf-kecirilib\\\/#breadcrumb\"},\"inLanguage\":\"az\",\"potentialAction\":[{\"@type\":\"ReadAction\",\"target\":[\"https:\\\/\\\/www.meydan.tv\\\/az\\\/article\\\/muellimler-nazirliyin-qarsisinda-aksiya-kecirdiler-sertifikasiya-qeyri-seffaf-kecirilib\\\/\"]}]},{\"@type\":\"ImageObject\",\"inLanguage\":\"az\",\"@id\":\"https:\\\/\\\/www.meydan.tv\\\/az\\\/article\\\/muellimler-nazirliyin-qarsisinda-aksiya-kecirdiler-sertifikasiya-qeyri-seffaf-kecirilib\\\/#primaryimage\",\"url\":\"https:\\\/\\\/www.meydan.tv\\\/wp-content\\\/uploads\\\/img_4250.jpg\",\"contentUrl\":\"https:\\\/\\\/www.meydan.tv\\\/wp-content\\\/uploads\\\/img_4250.jpg\",\"width\":2048,\"height\":1179,\"caption\":\"Foto: Meydan TV\"},{\"@type\":\"BreadcrumbList\",\"@id\":\"https:\\\/\\\/www.meydan.tv\\\/az\\\/article\\\/muellimler-nazirliyin-qarsisinda-aksiya-kecirdiler-sertifikasiya-qeyri-seffaf-kecirilib\\\/#breadcrumb\",\"itemListElement\":[{\"@type\":\"ListItem\",\"position\":1,\"name\":\"Ana s\u0259hif\u0259\",\"item\":\"https:\\\/\\\/www.meydan.tv\\\/az\\\/\"},{\"@type\":\"ListItem\",\"position\":2,\"name\":\"Sosial\",\"item\":\"https:\\\/\\\/www.meydan.tv\\\/az\\\/section\\\/sosial\\\/\"},{\"@type\":\"ListItem\",\"position\":3,\"name\":\"M\u00fc\u0259lliml\u0259rin nazirliyin qar\u015f\u0131s\u0131nda aksiyas\u0131: &#8220;Sertifikasiya qeyri-\u015f\u0259ffaf ke\u00e7irilib&#8221;\"}]},{\"@type\":\"WebSite\",\"@id\":\"https:\\\/\\\/www.meydan.tv\\\/az\\\/#website\",\"url\":\"https:\\\/\\\/www.meydan.tv\\\/az\\\/\",\"name\":\"MEYDAN.TV\",\"description\":\"Meydan TV Az\u0259rbaycan\u0131n media m\u0259kan\u0131ndak\u0131 alternativ s\u0259sidir\",\"publisher\":{\"@id\":\"https:\\\/\\\/www.meydan.tv\\\/az\\\/#organization\"},\"potentialAction\":[{\"@type\":\"SearchAction\",\"target\":{\"@type\":\"EntryPoint\",\"urlTemplate\":\"https:\\\/\\\/www.meydan.tv\\\/az\\\/?s={search_term_string}\"},\"query-input\":{\"@type\":\"PropertyValueSpecification\",\"valueRequired\":true,\"valueName\":\"search_term_string\"}}],\"inLanguage\":\"az\"},{\"@type\":\"Organization\",\"@id\":\"https:\\\/\\\/www.meydan.tv\\\/az\\\/#organization\",\"name\":\"Meydan TV\",\"url\":\"https:\\\/\\\/www.meydan.tv\\\/az\\\/\",\"logo\":{\"@type\":\"ImageObject\",\"inLanguage\":\"az\",\"@id\":\"https:\\\/\\\/www.meydan.tv\\\/az\\\/#\\\/schema\\\/logo\\\/image\\\/\",\"url\":\"https:\\\/\\\/www.meydan.tv\\\/wp-content\\\/uploads\\\/2021\\\/07\\\/meydan-logo.svg\",\"contentUrl\":\"https:\\\/\\\/www.meydan.tv\\\/wp-content\\\/uploads\\\/2021\\\/07\\\/meydan-logo.svg\",\"width\":195,\"height\":46,\"caption\":\"Meydan TV\"},\"image\":{\"@id\":\"https:\\\/\\\/www.meydan.tv\\\/az\\\/#\\\/schema\\\/logo\\\/image\\\/\"}},{\"@type\":\"Person\",\"@id\":\"https:\\\/\\\/www.meydan.tv\\\/az\\\/#\\\/schema\\\/person\\\/09863e516102a829e72bedcf3f84c6b0\",\"name\":\"mahmud\"}]}<\/script>\n<!-- \/ Yoast SEO plugin. -->","yoast_head_json":{"title":"M\u00fc\u0259lliml\u0259r nazirliyin qar\u015f\u0131s\u0131nda aksiya ke\u00e7irdil\u0259r","description":"\u0130yunun 28-d\u0259 bir qrup m\u00fc\u0259llim Elm v\u0259 T\u0259hsil Nazirliyinin \u00f6n\u00fcnd\u0259 etiraz aksiyas\u0131 ke\u00e7irib.Onlar\u0131n naraz\u0131l\u0131\u011f\u0131 2024-c\u00fc il iyunun 21-22 v\u0259 24-d\u0259 Az\u0259rbaycanda ke\u00e7iril\u0259n m\u00fc\u0259lliml\u0259rin sertifikatla\u015fd\u0131r\u0131lmas\u0131 prosesinin test imtahanlar\u0131 il\u0259 \u0259laq\u0259dar olub.Az\u0259rbaycan\u0131n m\u00fcxt\u0259lif b\u00f6lg\u0259l\u0259rind\u0259n g\u0259l\u0259n, h\u0259m\u00e7inin Bak\u0131dan da olan m\u00fc\u0259lliml\u0259r sertifikasiya imtahanlar\u0131n\u0131n qeyri-\u015f\u0259ffaf ke\u00e7rildiyini iddia edibl\u0259r.\u0130mtahan\u0131n gedi\u015fat\u0131 il\u0259 m\u00fcxt\u0259lif fikir v\u0259 naraz\u0131l\u0131q ifad\u0259 ed\u0259n m\u00fc\u0259lliml\u0259rin \u0259sas \u015fikay\u0259tl\u0259rind\u0259n biri d\u0259 texniki m\u0259s\u0259l\u0259l\u0259rl\u0259 \u0259laq\u0259dar olub.Dedikl\u0259rin\u0259 g\u00f6r\u0259, imtahan vaxt\u0131 komp\u00fcterl\u0259r yax\u015f\u0131 v\u0259ziyy\u0259td\u0259 olmay\u0131b.","robots":{"index":"index","follow":"follow","max-snippet":"max-snippet:-1","max-image-preview":"max-image-preview:large","max-video-preview":"max-video-preview:-1"},"canonical":"https:\/\/www.meydan.tv\/az\/article\/muellimler-nazirliyin-qarsisinda-aksiya-kecirdiler-sertifikasiya-qeyri-seffaf-kecirilib\/","og_locale":"az_AZ","og_type":"article","og_title":"M\u00fc\u0259lliml\u0259r nazirliyin qar\u015f\u0131s\u0131nda aksiya ke\u00e7irdil\u0259r","og_description":"\u0130yunun 28-d\u0259 bir qrup m\u00fc\u0259llim Elm v\u0259 T\u0259hsil Nazirliyinin \u00f6n\u00fcnd\u0259 etiraz aksiyas\u0131 ke\u00e7irib.Onlar\u0131n naraz\u0131l\u0131\u011f\u0131 2024-c\u00fc il iyunun 21-22 v\u0259 24-d\u0259 Az\u0259rbaycanda ke\u00e7iril\u0259n m\u00fc\u0259lliml\u0259rin sertifikatla\u015fd\u0131r\u0131lmas\u0131 prosesinin test imtahanlar\u0131 il\u0259 \u0259laq\u0259dar olub.Az\u0259rbaycan\u0131n m\u00fcxt\u0259lif b\u00f6lg\u0259l\u0259rind\u0259n g\u0259l\u0259n, h\u0259m\u00e7inin Bak\u0131dan da olan m\u00fc\u0259lliml\u0259r sertifikasiya imtahanlar\u0131n\u0131n qeyri-\u015f\u0259ffaf ke\u00e7rildiyini iddia edibl\u0259r.\u0130mtahan\u0131n gedi\u015fat\u0131 il\u0259 m\u00fcxt\u0259lif fikir v\u0259 naraz\u0131l\u0131q ifad\u0259 ed\u0259n m\u00fc\u0259lliml\u0259rin \u0259sas \u015fikay\u0259tl\u0259rind\u0259n biri d\u0259 texniki m\u0259s\u0259l\u0259l\u0259rl\u0259 \u0259laq\u0259dar olub.Dedikl\u0259rin\u0259 g\u00f6r\u0259, imtahan vaxt\u0131 komp\u00fcterl\u0259r yax\u015f\u0131 v\u0259ziyy\u0259td\u0259 olmay\u0131b.","og_url":"https:\/\/www.meydan.tv\/az\/article\/muellimler-nazirliyin-qarsisinda-aksiya-kecirdiler-sertifikasiya-qeyri-seffaf-kecirilib\/","og_site_name":"MEYDAN.TV","article_published_time":"2024-06-28T11:11:13+00:00","article_modified_time":"2024-06-28T11:32:37+00:00","og_image":[{"width":2048,"height":1179,"url":"https:\/\/www.meydan.tv\/wp-content\/uploads\/img_4250.jpg","type":"image\/jpeg"}],"author":"mahmud","twitter_card":"summary_large_image","schema":{"@context":"https:\/\/schema.org","@graph":[{"@type":"Article","@id":"https:\/\/www.meydan.tv\/az\/article\/muellimler-nazirliyin-qarsisinda-aksiya-kecirdiler-sertifikasiya-qeyri-seffaf-kecirilib\/#article","isPartOf":{"@id":"https:\/\/www.meydan.tv\/az\/article\/muellimler-nazirliyin-qarsisinda-aksiya-kecirdiler-sertifikasiya-qeyri-seffaf-kecirilib\/"},"author":{"name":"mahmud","@id":"https:\/\/www.meydan.tv\/az\/#\/schema\/person\/09863e516102a829e72bedcf3f84c6b0"},"headline":"M\u00fc\u0259lliml\u0259rin nazirliyin qar\u015f\u0131s\u0131nda aksiyas\u0131: &#8220;Sertifikasiya qeyri-\u015f\u0259ffaf ke\u00e7irilib&#8221;","datePublished":"2024-06-28T11:11:13+00:00","dateModified":"2024-06-28T11:32:37+00:00","mainEntityOfPage":{"@id":"https:\/\/www.meydan.tv\/az\/article\/muellimler-nazirliyin-qarsisinda-aksiya-kecirdiler-sertifikasiya-qeyri-seffaf-kecirilib\/"},"wordCount":600,"publisher":{"@id":"https:\/\/www.meydan.tv\/az\/#organization"},"image":{"@id":"https:\/\/www.meydan.tv\/az\/article\/muellimler-nazirliyin-qarsisinda-aksiya-kecirdiler-sertifikasiya-qeyri-seffaf-kecirilib\/#primaryimage"},"thumbnailUrl":"https:\/\/www.meydan.tv\/wp-content\/uploads\/img_4250.jpg","articleSection":["Sosial","T\u00f6vsiy\u0259","Video"],"inLanguage":"az"},{"@type":"WebPage","@id":"https:\/\/www.meydan.tv\/az\/article\/muellimler-nazirliyin-qarsisinda-aksiya-kecirdiler-sertifikasiya-qeyri-seffaf-kecirilib\/","url":"https:\/\/www.meydan.tv\/az\/article\/muellimler-nazirliyin-qarsisinda-aksiya-kecirdiler-sertifikasiya-qeyri-seffaf-kecirilib\/","name":"M\u00fc\u0259lliml\u0259r nazirliyin qar\u015f\u0131s\u0131nda aksiya ke\u00e7irdil\u0259r","isPartOf":{"@id":"https:\/\/www.meydan.tv\/az\/#website"},"primaryImageOfPage":{"@id":"https:\/\/www.meydan.tv\/az\/article\/muellimler-nazirliyin-qarsisinda-aksiya-kecirdiler-sertifikasiya-qeyri-seffaf-kecirilib\/#primaryimage"},"image":{"@id":"https:\/\/www.meydan.tv\/az\/article\/muellimler-nazirliyin-qarsisinda-aksiya-kecirdiler-sertifikasiya-qeyri-seffaf-kecirilib\/#primaryimage"},"thumbnailUrl":"https:\/\/www.meydan.tv\/wp-content\/uploads\/img_4250.jpg","datePublished":"2024-06-28T11:11:13+00:00","dateModified":"2024-06-28T11:32:37+00:00","description":"\u0130yunun 28-d\u0259 bir qrup m\u00fc\u0259llim Elm v\u0259 T\u0259hsil Nazirliyinin \u00f6n\u00fcnd\u0259 etiraz aksiyas\u0131 ke\u00e7irib.Onlar\u0131n naraz\u0131l\u0131\u011f\u0131 2024-c\u00fc il iyunun 21-22 v\u0259 24-d\u0259 Az\u0259rbaycanda ke\u00e7iril\u0259n m\u00fc\u0259lliml\u0259rin sertifikatla\u015fd\u0131r\u0131lmas\u0131 prosesinin test imtahanlar\u0131 il\u0259 \u0259laq\u0259dar olub.Az\u0259rbaycan\u0131n m\u00fcxt\u0259lif b\u00f6lg\u0259l\u0259rind\u0259n g\u0259l\u0259n, h\u0259m\u00e7inin Bak\u0131dan da olan m\u00fc\u0259lliml\u0259r sertifikasiya imtahanlar\u0131n\u0131n qeyri-\u015f\u0259ffaf ke\u00e7rildiyini iddia edibl\u0259r.\u0130mtahan\u0131n gedi\u015fat\u0131 il\u0259 m\u00fcxt\u0259lif fikir v\u0259 naraz\u0131l\u0131q ifad\u0259 ed\u0259n m\u00fc\u0259lliml\u0259rin \u0259sas \u015fikay\u0259tl\u0259rind\u0259n biri d\u0259 texniki m\u0259s\u0259l\u0259l\u0259rl\u0259 \u0259laq\u0259dar olub.Dedikl\u0259rin\u0259 g\u00f6r\u0259, imtahan vaxt\u0131 komp\u00fcterl\u0259r yax\u015f\u0131 v\u0259ziyy\u0259td\u0259 olmay\u0131b.","breadcrumb":{"@id":"https:\/\/www.meydan.tv\/az\/article\/muellimler-nazirliyin-qarsisinda-aksiya-kecirdiler-sertifikasiya-qeyri-seffaf-kecirilib\/#breadcrumb"},"inLanguage":"az","potentialAction":[{"@type":"ReadAction","target":["https:\/\/www.meydan.tv\/az\/article\/muellimler-nazirliyin-qarsisinda-aksiya-kecirdiler-sertifikasiya-qeyri-seffaf-kecirilib\/"]}]},{"@type":"ImageObject","inLanguage":"az","@id":"https:\/\/www.meydan.tv\/az\/article\/muellimler-nazirliyin-qarsisinda-aksiya-kecirdiler-sertifikasiya-qeyri-seffaf-kecirilib\/#primaryimage","url":"https:\/\/www.meydan.tv\/wp-content\/uploads\/img_4250.jpg","contentUrl":"https:\/\/www.meydan.tv\/wp-content\/uploads\/img_4250.jpg","width":2048,"height":1179,"caption":"Foto: Meydan TV"},{"@type":"BreadcrumbList","@id":"https:\/\/www.meydan.tv\/az\/article\/muellimler-nazirliyin-qarsisinda-aksiya-kecirdiler-sertifikasiya-qeyri-seffaf-kecirilib\/#breadcrumb","itemListElement":[{"@type":"ListItem","position":1,"name":"Ana s\u0259hif\u0259","item":"https:\/\/www.meydan.tv\/az\/"},{"@type":"ListItem","position":2,"name":"Sosial","item":"https:\/\/www.meydan.tv\/az\/section\/sosial\/"},{"@type":"ListItem","position":3,"name":"M\u00fc\u0259lliml\u0259rin nazirliyin qar\u015f\u0131s\u0131nda aksiyas\u0131: &#8220;Sertifikasiya qeyri-\u015f\u0259ffaf ke\u00e7irilib&#8221;"}]},{"@type":"WebSite","@id":"https:\/\/www.meydan.tv\/az\/#website","url":"https:\/\/www.meydan.tv\/az\/","name":"MEYDAN.TV","description":"Meydan TV Az\u0259rbaycan\u0131n media m\u0259kan\u0131ndak\u0131 alternativ s\u0259sidir","publisher":{"@id":"https:\/\/www.meydan.tv\/az\/#organization"},"potentialAction":[{"@type":"SearchAction","target":{"@type":"EntryPoint","urlTemplate":"https:\/\/www.meydan.tv\/az\/?s={search_term_string}"},"query-input":{"@type":"PropertyValueSpecification","valueRequired":true,"valueName":"search_term_string"}}],"inLanguage":"az"},{"@type":"Organization","@id":"https:\/\/www.meydan.tv\/az\/#organization","name":"Meydan TV","url":"https:\/\/www.meydan.tv\/az\/","logo":{"@type":"ImageObject","inLanguage":"az","@id":"https:\/\/www.meydan.tv\/az\/#\/schema\/logo\/image\/","url":"https:\/\/www.meydan.tv\/wp-content\/uploads\/2021\/07\/meydan-logo.svg","contentUrl":"https:\/\/www.meydan.tv\/wp-content\/uploads\/2021\/07\/meydan-logo.svg","width":195,"height":46,"caption":"Meydan TV"},"image":{"@id":"https:\/\/www.meydan.tv\/az\/#\/schema\/logo\/image\/"}},{"@type":"Person","@id":"https:\/\/www.meydan.tv\/az\/#\/schema\/person\/09863e516102a829e72bedcf3f84c6b0","name":"mahmud"}]}},"_links":{"self":[{"href":"https:\/\/www.meydan.tv\/az\/wp-json\/wp\/v2\/posts\/309236","targetHints":{"allow":["GET"]}}],"collection":[{"href":"https:\/\/www.meydan.tv\/az\/wp-json\/wp\/v2\/posts"}],"about":[{"href":"https:\/\/www.meydan.tv\/az\/wp-json\/wp\/v2\/types\/post"}],"author":[{"embeddable":true,"href":"https:\/\/www.meydan.tv\/az\/wp-json\/wp\/v2\/users\/21"}],"replies":[{"embeddable":true,"href":"https:\/\/www.meydan.tv\/az\/wp-json\/wp\/v2\/comments?post=309236"}],"version-history":[{"count":4,"href":"https:\/\/www.meydan.tv\/az\/wp-json\/wp\/v2\/posts\/309236\/revisions"}],"predecessor-version":[{"id":309247,"href":"https:\/\/www.meydan.tv\/az\/wp-json\/wp\/v2\/posts\/309236\/revisions\/309247"}],"wp:featuredmedia":[{"embeddable":true,"href":"https:\/\/www.meydan.tv\/az\/wp-json\/wp\/v2\/media\/309240"}],"wp:attachment":[{"href":"https:\/\/www.meydan.tv\/az\/wp-json\/wp\/v2\/media?parent=309236"}],"wp:term":[{"taxonomy":"category","embeddable":true,"href":"https:\/\/www.meydan.tv\/az\/wp-json\/wp\/v2\/categories?post=309236"},{"taxonomy":"post_tag","embeddable":true,"href":"https:\/\/www.meydan.tv\/az\/wp-json\/wp\/v2\/tags?post=309236"}],"curies":[{"name":"wp","href":"https:\/\/api.w.org\/{rel}","templated":true}]}}