{"id":309220,"date":"2024-06-28T14:23:33","date_gmt":"2024-06-28T10:23:33","guid":{"rendered":"https:\/\/www.meydan.tv\/?p=309220"},"modified":"2024-06-28T14:23:35","modified_gmt":"2024-06-28T10:23:35","slug":"alimleri-muellimleri-nece-aldadiblar-elmi-meqalelerin-derc-olunmasi-diplomlarin-taninmasi","status":"publish","type":"post","link":"https:\/\/www.meydan.tv\/az\/article\/alimleri-muellimleri-nece-aldadiblar-elmi-meqalelerin-derc-olunmasi-diplomlarin-taninmasi\/","title":{"rendered":"Aliml\u0259ri, m\u00fc\u0259lliml\u0259ri nec\u0259 aldad\u0131blar: elmi m\u0259qal\u0259l\u0259rin d\u0259rc olunmas\u0131, diplomlar\u0131n tan\u0131nmas\u0131&#8230;"},"content":{"rendered":"\n<p><\/p>\n\n\n\n<p><strong><em>\u201cEl\u0259 bilib ki, onu h\u0259min m\u0259kt\u0259b\u0259 direktor t\u0259yin edibl\u0259r, ged\u0259nd\u0259 ona deyibl\u0259r ki, s\u0259n kims\u0259n?\u201d<\/em><\/strong><\/p>\n\n\n\n<p>Bir ne\u00e7\u0259 ildir ki, Bak\u0131 A\u011f\u0131r Cinay\u0259tl\u0259r M\u0259hk\u0259m\u0259sind\u0259 Elm v\u0259 T\u0259hsil Nazirliyinin m\u0259tbu orqan\u0131 \u201cAz\u0259rbaycan m\u0259kt\u0259bi\u201dnin ke\u00e7mi\u015f ba\u015f redaktoru Rahil N\u0259c\u0259fovun m\u0259hk\u0259m\u0259si gedir. O, daha iki n\u0259f\u0259rl\u0259 &#8211; G\u00f6z\u0259l Mustafayeva v\u0259 Amal H\u0259s\u0259nli il\u0259 birlikd\u0259 m\u00fchakim\u0259 olunur. T\u0259qsirl\u0259ndiril\u0259n \u015f\u0259xsl\u0259r\u0259 qar\u015f\u0131 m\u0259nims\u0259m\u0259, d\u0259l\u0259duzluq kimi ittihamlar ir\u0259li s\u00fcr\u00fcl\u00fcb.<\/p>\n\n\n\n<p>Rahil N\u0259c\u0259fov v\u0259 dig\u0259r t\u0259qsirl\u0259ndiril\u0259n \u015f\u0259xsl\u0259r Az\u0259rbaycan Milli Elml\u0259r Akademiyas\u0131n\u0131n bir ne\u00e7\u0259 \u0259m\u0259kda\u015f\u0131n\u0131 aldad\u0131b, onlar\u0131n pulunu \u0259l\u0259 ke\u00e7irm\u0259kd\u0259, Elm v\u0259 T\u0259hsil Nazirliyinin ay\u0131rd\u0131\u011f\u0131 v\u0259saitl\u0259rin yeyintisind\u0259 ittiham olunur.<\/p>\n\n\n\n<p>\u0130ddia olunur ki, z\u0259r\u0259r\u00e7\u0259kmi\u015f qismind\u0259 tan\u0131nan \u015f\u0259xsl\u0259r nazirlikd\u0259 i\u015f\u0259 d\u00fcz\u0259lm\u0259k, xaricd\u0259 al\u0131nm\u0131\u015f diplomlar\u0131n Az\u0259rbaycanda tan\u0131nmas\u0131, dissertasiya i\u015fi yazmaq, elmi m\u0259qal\u0259l\u0259rin ba\u015fqa \u00f6lk\u0259l\u0259rd\u0259 n\u00fcfuzlu jurnallarda d\u0259rc olunmas\u0131 v\u0259 s. \u00fczr\u0259 aldad\u0131l\u0131b. Onlar\u0131n pullar\u0131 al\u0131nsa da, veril\u0259n v\u0259dl\u0259r yerin\u0259 yetirilm\u0259yib.<\/p>\n\n\n\n<p>Rahil N\u0259c\u0259fov v\u0259 dig\u0259rl\u0259ri Elml\u0259r Akademiyas\u0131n\u0131n bir ne\u00e7\u0259 \u0259m\u0259kda\u015f\u0131n\u0131n \u015fikay\u0259tind\u0259n sonra cinay\u0259t m\u0259suliyy\u0259tin\u0259 c\u0259lb olunub.<\/p>\n\n\n\n<p>M\u00fcxt\u0259lif i\u015fl\u0259r g\u00f6r\u00fclm\u0259si \u00fc\u00e7\u00fcn pul verdiyini dey\u0259n \u015f\u0259xsl\u0259rl\u0259 yana\u015f\u0131, Elm v\u0259 T\u0259hsil Nazirliyi d\u0259 z\u0259r\u0259r\u00e7\u0259kmi\u015f qismind\u0259 tan\u0131n\u0131b.<\/p>\n\n\n\n<p>F\u0259ls\u0259f\u0259 doktoru elmi d\u0259r\u0259c\u0259si olan sabiq ba\u015f redaktor \u00f6z\u00fcn\u00fc t\u0259qsirli bilm\u0259yib. M\u0259hk\u0259m\u0259d\u0259 ifad\u0259sind\u0259 m\u0259nims\u0259m\u0259 ittiham\u0131n\u0131 \u201cbiab\u0131r\u00e7\u0131l\u0131q\u201d adland\u0131r\u0131b. O bildirib ki, \u201cAz\u0259rbaycan m\u0259kt\u0259bi\u201d jurnal\u0131na r\u0259hb\u0259r t\u0259yin olunanda redaksiya b\u0259rbad v\u0259ziyy\u0259td\u0259 idi:<\/p>\n\n\n\n<p><em>\u201c\u0130\u015f\u00e7il\u0259r i\u015f\u0259 g\u0259lmirdil\u0259r, kollektiv qohum-\u0259qr\u0259badan ibar\u0259t idi. Redaksiyaya r\u0259hb\u0259r g\u0259l\u0259nd\u0259n sonra h\u0259r \u015fey\u0259 \u00f6z cibimd\u0259n pul x\u0259rcl\u0259dim, bacar\u0131ql\u0131 i\u015f\u00e7il\u0259r d\u0259v\u0259t etdim. M\u0259nd\u0259n \u0259vv\u0259l jurnalda elmi m\u0259qal\u0259l\u0259r yox, orta m\u0259kt\u0259b s\u0259viyy\u0259sind\u0259 yaz\u0131lar d\u0259rc olunurdu\u201d<\/em>.<\/p>\n\n\n\n<p>Onun s\u00f6zl\u0259rin\u0259 g\u00f6r\u0259, nazirlikd\u0259n s\u00f6z veribl\u0259r ki, redaksiyaya \u00f6z hesab\u0131na x\u0259rcl\u0259diyi pullar \u00f6d\u0259nil\u0259c\u0259k. Lakin \u00f6d\u0259nilm\u0259yib:<\/p>\n\n\n\n<p><em>\u201cBu i\u015fl\u0259ri g\u00f6rm\u0259k \u00fc\u00e7\u00fcn dostlardan borc pul almal\u0131 oldum. Biz o d\u00f6vrd\u0259 nazir m\u00fcavini olan Elnur M\u0259mm\u0259dova tabe idik. Bizim i\u015fimiz nazirliyin ictimaiyy\u0259tl\u0259 \u0259laq\u0259l\u0259r \u015f\u00f6b\u0259sinin r\u0259hb\u0259ri C\u0259sar\u0259t Valehovun kurasiyas\u0131nda idi. G\u0259lib burada ifad\u0259 versinl\u0259r, n\u0259 nec\u0259 olub, desinl\u0259r. Redaksiyan\u0131n adi kommunal \u00f6d\u0259ni\u015fl\u0259rini d\u0259 \u00f6d\u0259mirdil\u0259r. \u0130ndi nec\u0259 dey\u0259 bilirl\u0259r ki, pul m\u0259nims\u0259nilib?\u201d<\/em><\/p>\n\n\n\n<p>Dig\u0259r t\u0259qsirl\u0259ndiril\u0259n G\u00f6z\u0259l Mustafayeva is\u0259 ifad\u0259sind\u0259 ke\u00e7mi\u015f ba\u015f redaktoru ittiham edib. O bildirib ki, hans\u0131sa i\u015fl\u0259ri d\u00fcz\u0259ltm\u0259k ad\u0131yla m\u00fcxt\u0259lif adamlardan al\u0131nm\u0131\u015f pullar\u0131 g\u0259tirib Rahil N\u0259c\u0259fova verib. \u018fvv\u0259ll\u0259r m\u00fc\u0259llim i\u015fl\u0259diyini dey\u0259n G\u00f6z\u0259l Mustafayevan\u0131n s\u00f6zl\u0259rin\u0259 g\u00f6r\u0259, ba\u015f redaktor ona tap\u015f\u0131r\u0131qlar verirdi:<\/p>\n\n\n\n<p><em>\u201cH\u0259r ay da \u00f6z cibind\u0259n 400 manat \u0259m\u0259khaqq\u0131 verirdi, guya nazirliyin i\u015f\u00e7isiy\u0259m. M\u0259n\u0259 deyirdi ki, \u201csizi T\u0259hsil Nazirliyin\u0259 k\u00f6\u00e7\u00fcr\u0259c\u0259kl\u0259r\u201d. G\u00fcn\u00fcn birind\u0259 bankda kredit g\u00f6t\u00fcrm\u0259k ist\u0259y\u0259nd\u0259 sistem\u0259 baxd\u0131lar, m\u0259lum oldu ki, n\u0259 nazirlik i\u015f\u00e7isi, m\u0259n kuryer kimi r\u0259smil\u0259\u015fdirilmi\u015f\u0259m\u201d<\/em>.<\/p>\n\n\n\n<p>Adamlardan hans\u0131 v\u0259dl\u0259rl\u0259 pul al\u0131nmas\u0131 bar\u0259d\u0259 dan\u0131\u015fan G\u00f6z\u0259l Mustafayeva bildirib ki, qohumu Bak\u0131 m\u0259kt\u0259bl\u0259rind\u0259n birin\u0259 m\u00fc\u0259llim kimi i\u015f\u0259 q\u0259bul olmaq ist\u0259yib, 2 bal\u0131 \u00e7atmay\u0131b. Ona 5 min manat pul veribl\u0259r ki, i\u015f\u0259 d\u00fcz\u0259ltsin.<\/p>\n\n\n\n<p>\u0130nar\u0259 adl\u0131 daha bir tan\u0131\u015flar\u0131 is\u0259 m\u0259kt\u0259b direktoru t\u0259yin olunmaq ist\u0259s\u0259 d\u0259, bal\u0131 \u00e7atmay\u0131b. O da pul verib ki, m\u0259kt\u0259b direktoru olsun:<\/p>\n\n\n\n<p><em>\u201c\u0130nara xan\u0131m m\u0259kt\u0259b\u0259 gedib, el\u0259 bilib ki, direktor t\u0259yin olunub. Ona deyibl\u0259r ki, s\u0259n kims\u0259n? Bu m\u0259kt\u0259b\u0259 s\u0259nin he\u00e7 bir aidiyy\u0259tin yoxdur. Pulunu t\u0259l\u0259b el\u0259di. Onun pulunu Rahild\u0259n al\u0131b, \u00f6z\u00fcn\u0259 qaytard\u0131m\u201d<\/em>.<\/p>\n\n\n\n<p>Onun ifad\u0259sind\u0259n m\u0259lum olub ki, Az\u0259rbaycan D\u00f6vl\u0259t B\u0259d\u0259n T\u0259rbiy\u0259si v\u0259 \u0130dman Akademiyas\u0131nda m\u00fc\u0259llim i\u015fl\u0259y\u0259n Sevinc adl\u0131 qad\u0131n ba\u015fqa i\u015f\u0259 ke\u00e7m\u0259k \u00fc\u00e7\u00fcn ona pul verib.<br>G\u00f6z\u0259l Mustafayeva \u0259lav\u0259 edib ki, pul ver\u0259nl\u0259r sonradan pullar\u0131n\u0131 geri ist\u0259y\u0259nd\u0259 Rahil N\u0259c\u0259fovdan al\u0131b, onlara qaytar\u0131rd\u0131.<\/p>\n\n\n\n<p>Rahil N\u0259c\u0259fov is\u0259 t\u0259qsirl\u0259ndiril\u0259n \u015f\u0259xsin yalan dan\u0131\u015fd\u0131\u011f\u0131n\u0131, he\u00e7 vaxt G\u00f6z\u0259l Mustafayevadan pul almad\u0131\u011f\u0131n\u0131 v\u0259 ya pul qaytarmad\u0131\u011f\u0131n\u0131 bildirib. O vur\u011fulay\u0131b ki, ona q\u0259d\u0259r G\u00f6z\u0259l Mustafayevan\u0131n \u00f6z\u00fc bu i\u015fl\u0259rl\u0259 m\u0259\u015f\u011ful idi.<\/p>\n\n\n\n<p>M\u0259hk\u0259m\u0259d\u0259 dindiril\u0259n z\u0259r\u0259r\u00e7\u0259kmi\u015fl\u0259rd\u0259n Akif V\u0259liyev bildirib ki, elml\u0259r doktorudur, m\u0259qal\u0259sinin d\u0259rc olunmas\u0131 \u00fc\u00e7\u00fcn 850 manat pul verib. Onun s\u00f6zl\u0259rin\u0259 g\u00f6r\u0259, pulu Qalib Hac\u0131yev adl\u0131 tan\u0131\u015f\u0131 vasit\u0259sil\u0259 verib, lakin m\u0259qal\u0259 d\u0259rc olunmay\u0131b.<\/p>\n\n\n\n<p>Qalib Hac\u0131yev d\u0259 m\u0259hk\u0259m\u0259d\u0259 dindirilib. Z\u0259r\u0259r\u00e7\u0259kmi\u015f qismind\u0259 tan\u0131nan Qalib Hac\u0131yevin s\u00f6zl\u0259rin\u0259 g\u00f6r\u0259, h\u0259m Akif V\u0259liyevin, h\u0259m d\u0259 \u00f6z\u00fcn\u00fcn m\u0259qal\u0259sinin \u00e7ap\u0131 \u00fc\u00e7\u00fcn Zaur adl\u0131 \u015f\u0259xsl\u0259 g\u00f6r\u00fc\u015f\u00fcb, ona pul verib:<\/p>\n\n\n\n<p><em>\u201cM\u0259n bu i\u015fd\u0259 ancaq Zauru tan\u0131m\u0131\u015fam. Zaur da pulu m\u0259qal\u0259nin \u00e7ap\u0131 \u00fc\u00e7\u00fcn kim\u0259s\u0259 ver\u0259c\u0259yini dedi\u201d.<\/em><\/p>\n\n\n\n<p>Sabiq ba\u015f redaktor v\u0259 dig\u0259r iki n\u0259f\u0259rin m\u0259hk\u0259m\u0259si davam edir.<\/p>\n","protected":false},"excerpt":{"rendered":"<p>\u201cEl\u0259 bilib ki, onu h\u0259min m\u0259kt\u0259b\u0259 direktor t\u0259yin edibl\u0259r, ged\u0259nd\u0259 &#8230; <\/p>\n<p class=\"read-more-container\"><a title=\"Aliml\u0259ri, m\u00fc\u0259lliml\u0259ri nec\u0259 aldad\u0131blar: elmi m\u0259qal\u0259l\u0259rin d\u0259rc olunmas\u0131, diplomlar\u0131n tan\u0131nmas\u0131&#8230;\" class=\"read-more button\" href=\"https:\/\/www.meydan.tv\/az\/article\/alimleri-muellimleri-nece-aldadiblar-elmi-meqalelerin-derc-olunmasi-diplomlarin-taninmasi\/#more-309220\" aria-label=\"Read more about Aliml\u0259ri, m\u00fc\u0259lliml\u0259ri nec\u0259 aldad\u0131blar: elmi m\u0259qal\u0259l\u0259rin d\u0259rc olunmas\u0131, diplomlar\u0131n tan\u0131nmas\u0131&#8230;\">Davam\u0131<\/a><\/p>\n","protected":false},"author":21,"featured_media":266111,"comment_status":"closed","ping_status":"closed","sticky":false,"template":"","format":"standard","meta":{"_acf_changed":false,"_sitemap_exclude":false,"_sitemap_priority":"","_sitemap_frequency":"","footnotes":""},"categories":[62,79,56],"tags":[],"class_list":["post-309220","post","type-post","status-publish","format-standard","has-post-thumbnail","hentry","category-sosial","category-featured","category-xeberler","infinite-scroll-item","generate-columns","tablet-grid-50","mobile-grid-100","grid-parent","grid-33","no-featured-image-padding"],"acf":[],"yoast_head":"<!-- This site is optimized with the Yoast SEO plugin v27.5 - https:\/\/yoast.com\/product\/yoast-seo-wordpress\/ -->\n<title>Aliml\u0259ri, m\u00fc\u0259lliml\u0259ri nec\u0259 aldad\u0131blar<\/title>\n<meta name=\"description\" content=\"Bir ne\u00e7\u0259 ildir ki, Bak\u0131 A\u011f\u0131r Cinay\u0259tl\u0259r M\u0259hk\u0259m\u0259sind\u0259 Elm v\u0259 T\u0259hsil Nazirliyinin m\u0259tbu orqan\u0131 \u201cAz\u0259rbaycan m\u0259kt\u0259bi\u201dnin ke\u00e7mi\u015f ba\u015f redaktoru Rahil N\u0259c\u0259fovun m\u0259hk\u0259m\u0259si gedir. O, daha iki n\u0259f\u0259rl\u0259 - G\u00f6z\u0259l Mustafayeva v\u0259 Amal H\u0259s\u0259nli il\u0259 birlikd\u0259 m\u00fchakim\u0259 olunur. T\u0259qsirl\u0259ndiril\u0259n \u015f\u0259xsl\u0259r\u0259 qar\u015f\u0131 m\u0259nims\u0259m\u0259, d\u0259l\u0259duzluq kimi ittihamlar ir\u0259li s\u00fcr\u00fcl\u00fcb.Rahil N\u0259c\u0259fov v\u0259 dig\u0259r t\u0259qsirl\u0259ndiril\u0259n \u015f\u0259xsl\u0259r Az\u0259rbaycan Milli Elml\u0259r Akademiyas\u0131n\u0131n bir ne\u00e7\u0259 \u0259m\u0259kda\u015f\u0131n\u0131 aldad\u0131b, onlar\u0131n pulunu \u0259l\u0259 ke\u00e7irm\u0259kd\u0259, Elm v\u0259 T\u0259hsil Nazirliyinin ay\u0131rd\u0131\u011f\u0131 v\u0259saitl\u0259rin yeyintisind\u0259 ittiham olunur.\u0130ddia olunur ki, z\u0259r\u0259r\u00e7\u0259kmi\u015f qismind\u0259 tan\u0131nan \u015f\u0259xsl\u0259r nazirlikd\u0259 i\u015f\u0259 d\u00fcz\u0259lm\u0259k, xaricd\u0259 al\u0131nm\u0131\u015f diplomlar\u0131n Az\u0259rbaycanda tan\u0131nmas\u0131, dissertasiya i\u015fi yazmaq, elmi m\u0259qal\u0259l\u0259rin ba\u015fqa \u00f6lk\u0259l\u0259rd\u0259 n\u00fcfuzlu jurnallarda d\u0259rc olunmas\u0131 v\u0259 s. \u00fczr\u0259 aldad\u0131l\u0131b. Onlar\u0131n pullar\u0131 al\u0131nsa da, veril\u0259n v\u0259dl\u0259r yerin\u0259 yetirilm\u0259yib.Rahil N\u0259c\u0259fov v\u0259 dig\u0259rl\u0259ri Elml\u0259r Akademiyas\u0131n\u0131n bir ne\u00e7\u0259 \u0259m\u0259kda\u015f\u0131n\u0131n \u015fikay\u0259tind\u0259n sonra cinay\u0259t m\u0259suliyy\u0259tin\u0259 c\u0259lb olunub.\" \/>\n<meta name=\"robots\" content=\"index, follow, max-snippet:-1, max-image-preview:large, max-video-preview:-1\" \/>\n<link rel=\"canonical\" href=\"https:\/\/www.meydan.tv\/az\/article\/alimleri-muellimleri-nece-aldadiblar-elmi-meqalelerin-derc-olunmasi-diplomlarin-taninmasi\/\" \/>\n<meta property=\"og:locale\" content=\"az_AZ\" \/>\n<meta property=\"og:type\" content=\"article\" \/>\n<meta property=\"og:title\" content=\"Aliml\u0259ri, m\u00fc\u0259lliml\u0259ri nec\u0259 aldad\u0131blar\" \/>\n<meta property=\"og:description\" content=\"Bir ne\u00e7\u0259 ildir ki, Bak\u0131 A\u011f\u0131r Cinay\u0259tl\u0259r M\u0259hk\u0259m\u0259sind\u0259 Elm v\u0259 T\u0259hsil Nazirliyinin m\u0259tbu orqan\u0131 \u201cAz\u0259rbaycan m\u0259kt\u0259bi\u201dnin ke\u00e7mi\u015f ba\u015f redaktoru Rahil N\u0259c\u0259fovun m\u0259hk\u0259m\u0259si gedir. O, daha iki n\u0259f\u0259rl\u0259 - G\u00f6z\u0259l Mustafayeva v\u0259 Amal H\u0259s\u0259nli il\u0259 birlikd\u0259 m\u00fchakim\u0259 olunur. T\u0259qsirl\u0259ndiril\u0259n \u015f\u0259xsl\u0259r\u0259 qar\u015f\u0131 m\u0259nims\u0259m\u0259, d\u0259l\u0259duzluq kimi ittihamlar ir\u0259li s\u00fcr\u00fcl\u00fcb.Rahil N\u0259c\u0259fov v\u0259 dig\u0259r t\u0259qsirl\u0259ndiril\u0259n \u015f\u0259xsl\u0259r Az\u0259rbaycan Milli Elml\u0259r Akademiyas\u0131n\u0131n bir ne\u00e7\u0259 \u0259m\u0259kda\u015f\u0131n\u0131 aldad\u0131b, onlar\u0131n pulunu \u0259l\u0259 ke\u00e7irm\u0259kd\u0259, Elm v\u0259 T\u0259hsil Nazirliyinin ay\u0131rd\u0131\u011f\u0131 v\u0259saitl\u0259rin yeyintisind\u0259 ittiham olunur.\u0130ddia olunur ki, z\u0259r\u0259r\u00e7\u0259kmi\u015f qismind\u0259 tan\u0131nan \u015f\u0259xsl\u0259r nazirlikd\u0259 i\u015f\u0259 d\u00fcz\u0259lm\u0259k, xaricd\u0259 al\u0131nm\u0131\u015f diplomlar\u0131n Az\u0259rbaycanda tan\u0131nmas\u0131, dissertasiya i\u015fi yazmaq, elmi m\u0259qal\u0259l\u0259rin ba\u015fqa \u00f6lk\u0259l\u0259rd\u0259 n\u00fcfuzlu jurnallarda d\u0259rc olunmas\u0131 v\u0259 s. \u00fczr\u0259 aldad\u0131l\u0131b. Onlar\u0131n pullar\u0131 al\u0131nsa da, veril\u0259n v\u0259dl\u0259r yerin\u0259 yetirilm\u0259yib.Rahil N\u0259c\u0259fov v\u0259 dig\u0259rl\u0259ri Elml\u0259r Akademiyas\u0131n\u0131n bir ne\u00e7\u0259 \u0259m\u0259kda\u015f\u0131n\u0131n \u015fikay\u0259tind\u0259n sonra cinay\u0259t m\u0259suliyy\u0259tin\u0259 c\u0259lb olunub.\" \/>\n<meta property=\"og:url\" content=\"https:\/\/www.meydan.tv\/az\/article\/alimleri-muellimleri-nece-aldadiblar-elmi-meqalelerin-derc-olunmasi-diplomlarin-taninmasi\/\" \/>\n<meta property=\"og:site_name\" content=\"MEYDAN.TV\" \/>\n<meta property=\"article:published_time\" content=\"2024-06-28T10:23:33+00:00\" \/>\n<meta property=\"article:modified_time\" content=\"2024-06-28T10:23:35+00:00\" \/>\n<meta property=\"og:image\" content=\"https:\/\/www.meydan.tv\/wp-content\/uploads\/img_9514.jpg\" \/>\n\t<meta property=\"og:image:width\" content=\"1200\" \/>\n\t<meta property=\"og:image:height\" content=\"675\" \/>\n\t<meta property=\"og:image:type\" content=\"image\/jpeg\" \/>\n<meta name=\"author\" content=\"mahmud\" \/>\n<meta name=\"twitter:card\" content=\"summary_large_image\" \/>\n<script type=\"application\/ld+json\" class=\"yoast-schema-graph\">{\"@context\":\"https:\\\/\\\/schema.org\",\"@graph\":[{\"@type\":\"Article\",\"@id\":\"https:\\\/\\\/www.meydan.tv\\\/az\\\/article\\\/alimleri-muellimleri-nece-aldadiblar-elmi-meqalelerin-derc-olunmasi-diplomlarin-taninmasi\\\/#article\",\"isPartOf\":{\"@id\":\"https:\\\/\\\/www.meydan.tv\\\/az\\\/article\\\/alimleri-muellimleri-nece-aldadiblar-elmi-meqalelerin-derc-olunmasi-diplomlarin-taninmasi\\\/\"},\"author\":{\"name\":\"mahmud\",\"@id\":\"https:\\\/\\\/www.meydan.tv\\\/az\\\/#\\\/schema\\\/person\\\/09863e516102a829e72bedcf3f84c6b0\"},\"headline\":\"Aliml\u0259ri, m\u00fc\u0259lliml\u0259ri nec\u0259 aldad\u0131blar: elmi m\u0259qal\u0259l\u0259rin d\u0259rc olunmas\u0131, diplomlar\u0131n tan\u0131nmas\u0131&#8230;\",\"datePublished\":\"2024-06-28T10:23:33+00:00\",\"dateModified\":\"2024-06-28T10:23:35+00:00\",\"mainEntityOfPage\":{\"@id\":\"https:\\\/\\\/www.meydan.tv\\\/az\\\/article\\\/alimleri-muellimleri-nece-aldadiblar-elmi-meqalelerin-derc-olunmasi-diplomlarin-taninmasi\\\/\"},\"wordCount\":1066,\"publisher\":{\"@id\":\"https:\\\/\\\/www.meydan.tv\\\/az\\\/#organization\"},\"image\":{\"@id\":\"https:\\\/\\\/www.meydan.tv\\\/az\\\/article\\\/alimleri-muellimleri-nece-aldadiblar-elmi-meqalelerin-derc-olunmasi-diplomlarin-taninmasi\\\/#primaryimage\"},\"thumbnailUrl\":\"https:\\\/\\\/www.meydan.tv\\\/wp-content\\\/uploads\\\/img_9514.jpg\",\"articleSection\":[\"Sosial\",\"T\u00f6vsiy\u0259\",\"X\u0259b\u0259rl\u0259r\"],\"inLanguage\":\"az\"},{\"@type\":\"WebPage\",\"@id\":\"https:\\\/\\\/www.meydan.tv\\\/az\\\/article\\\/alimleri-muellimleri-nece-aldadiblar-elmi-meqalelerin-derc-olunmasi-diplomlarin-taninmasi\\\/\",\"url\":\"https:\\\/\\\/www.meydan.tv\\\/az\\\/article\\\/alimleri-muellimleri-nece-aldadiblar-elmi-meqalelerin-derc-olunmasi-diplomlarin-taninmasi\\\/\",\"name\":\"Aliml\u0259ri, m\u00fc\u0259lliml\u0259ri nec\u0259 aldad\u0131blar\",\"isPartOf\":{\"@id\":\"https:\\\/\\\/www.meydan.tv\\\/az\\\/#website\"},\"primaryImageOfPage\":{\"@id\":\"https:\\\/\\\/www.meydan.tv\\\/az\\\/article\\\/alimleri-muellimleri-nece-aldadiblar-elmi-meqalelerin-derc-olunmasi-diplomlarin-taninmasi\\\/#primaryimage\"},\"image\":{\"@id\":\"https:\\\/\\\/www.meydan.tv\\\/az\\\/article\\\/alimleri-muellimleri-nece-aldadiblar-elmi-meqalelerin-derc-olunmasi-diplomlarin-taninmasi\\\/#primaryimage\"},\"thumbnailUrl\":\"https:\\\/\\\/www.meydan.tv\\\/wp-content\\\/uploads\\\/img_9514.jpg\",\"datePublished\":\"2024-06-28T10:23:33+00:00\",\"dateModified\":\"2024-06-28T10:23:35+00:00\",\"description\":\"Bir ne\u00e7\u0259 ildir ki, Bak\u0131 A\u011f\u0131r Cinay\u0259tl\u0259r M\u0259hk\u0259m\u0259sind\u0259 Elm v\u0259 T\u0259hsil Nazirliyinin m\u0259tbu orqan\u0131 \u201cAz\u0259rbaycan m\u0259kt\u0259bi\u201dnin ke\u00e7mi\u015f ba\u015f redaktoru Rahil N\u0259c\u0259fovun m\u0259hk\u0259m\u0259si gedir. O, daha iki n\u0259f\u0259rl\u0259 - G\u00f6z\u0259l Mustafayeva v\u0259 Amal H\u0259s\u0259nli il\u0259 birlikd\u0259 m\u00fchakim\u0259 olunur. T\u0259qsirl\u0259ndiril\u0259n \u015f\u0259xsl\u0259r\u0259 qar\u015f\u0131 m\u0259nims\u0259m\u0259, d\u0259l\u0259duzluq kimi ittihamlar ir\u0259li s\u00fcr\u00fcl\u00fcb.Rahil N\u0259c\u0259fov v\u0259 dig\u0259r t\u0259qsirl\u0259ndiril\u0259n \u015f\u0259xsl\u0259r Az\u0259rbaycan Milli Elml\u0259r Akademiyas\u0131n\u0131n bir ne\u00e7\u0259 \u0259m\u0259kda\u015f\u0131n\u0131 aldad\u0131b, onlar\u0131n pulunu \u0259l\u0259 ke\u00e7irm\u0259kd\u0259, Elm v\u0259 T\u0259hsil Nazirliyinin ay\u0131rd\u0131\u011f\u0131 v\u0259saitl\u0259rin yeyintisind\u0259 ittiham olunur.\u0130ddia olunur ki, z\u0259r\u0259r\u00e7\u0259kmi\u015f qismind\u0259 tan\u0131nan \u015f\u0259xsl\u0259r nazirlikd\u0259 i\u015f\u0259 d\u00fcz\u0259lm\u0259k, xaricd\u0259 al\u0131nm\u0131\u015f diplomlar\u0131n Az\u0259rbaycanda tan\u0131nmas\u0131, dissertasiya i\u015fi yazmaq, elmi m\u0259qal\u0259l\u0259rin ba\u015fqa \u00f6lk\u0259l\u0259rd\u0259 n\u00fcfuzlu jurnallarda d\u0259rc olunmas\u0131 v\u0259 s. \u00fczr\u0259 aldad\u0131l\u0131b. Onlar\u0131n pullar\u0131 al\u0131nsa da, veril\u0259n v\u0259dl\u0259r yerin\u0259 yetirilm\u0259yib.Rahil N\u0259c\u0259fov v\u0259 dig\u0259rl\u0259ri Elml\u0259r Akademiyas\u0131n\u0131n bir ne\u00e7\u0259 \u0259m\u0259kda\u015f\u0131n\u0131n \u015fikay\u0259tind\u0259n sonra cinay\u0259t m\u0259suliyy\u0259tin\u0259 c\u0259lb olunub.\",\"breadcrumb\":{\"@id\":\"https:\\\/\\\/www.meydan.tv\\\/az\\\/article\\\/alimleri-muellimleri-nece-aldadiblar-elmi-meqalelerin-derc-olunmasi-diplomlarin-taninmasi\\\/#breadcrumb\"},\"inLanguage\":\"az\",\"potentialAction\":[{\"@type\":\"ReadAction\",\"target\":[\"https:\\\/\\\/www.meydan.tv\\\/az\\\/article\\\/alimleri-muellimleri-nece-aldadiblar-elmi-meqalelerin-derc-olunmasi-diplomlarin-taninmasi\\\/\"]}]},{\"@type\":\"ImageObject\",\"inLanguage\":\"az\",\"@id\":\"https:\\\/\\\/www.meydan.tv\\\/az\\\/article\\\/alimleri-muellimleri-nece-aldadiblar-elmi-meqalelerin-derc-olunmasi-diplomlarin-taninmasi\\\/#primaryimage\",\"url\":\"https:\\\/\\\/www.meydan.tv\\\/wp-content\\\/uploads\\\/img_9514.jpg\",\"contentUrl\":\"https:\\\/\\\/www.meydan.tv\\\/wp-content\\\/uploads\\\/img_9514.jpg\",\"width\":1200,\"height\":675,\"caption\":\"M\u0259hk\u0259m\u0259. Foto: Meydan TV\"},{\"@type\":\"BreadcrumbList\",\"@id\":\"https:\\\/\\\/www.meydan.tv\\\/az\\\/article\\\/alimleri-muellimleri-nece-aldadiblar-elmi-meqalelerin-derc-olunmasi-diplomlarin-taninmasi\\\/#breadcrumb\",\"itemListElement\":[{\"@type\":\"ListItem\",\"position\":1,\"name\":\"Ana s\u0259hif\u0259\",\"item\":\"https:\\\/\\\/www.meydan.tv\\\/az\\\/\"},{\"@type\":\"ListItem\",\"position\":2,\"name\":\"Sosial\",\"item\":\"https:\\\/\\\/www.meydan.tv\\\/az\\\/section\\\/sosial\\\/\"},{\"@type\":\"ListItem\",\"position\":3,\"name\":\"Aliml\u0259ri, m\u00fc\u0259lliml\u0259ri nec\u0259 aldad\u0131blar: elmi m\u0259qal\u0259l\u0259rin d\u0259rc olunmas\u0131, diplomlar\u0131n tan\u0131nmas\u0131&#8230;\"}]},{\"@type\":\"WebSite\",\"@id\":\"https:\\\/\\\/www.meydan.tv\\\/az\\\/#website\",\"url\":\"https:\\\/\\\/www.meydan.tv\\\/az\\\/\",\"name\":\"MEYDAN.TV\",\"description\":\"Meydan TV Az\u0259rbaycan\u0131n media m\u0259kan\u0131ndak\u0131 alternativ s\u0259sidir\",\"publisher\":{\"@id\":\"https:\\\/\\\/www.meydan.tv\\\/az\\\/#organization\"},\"potentialAction\":[{\"@type\":\"SearchAction\",\"target\":{\"@type\":\"EntryPoint\",\"urlTemplate\":\"https:\\\/\\\/www.meydan.tv\\\/az\\\/?s={search_term_string}\"},\"query-input\":{\"@type\":\"PropertyValueSpecification\",\"valueRequired\":true,\"valueName\":\"search_term_string\"}}],\"inLanguage\":\"az\"},{\"@type\":\"Organization\",\"@id\":\"https:\\\/\\\/www.meydan.tv\\\/az\\\/#organization\",\"name\":\"Meydan TV\",\"url\":\"https:\\\/\\\/www.meydan.tv\\\/az\\\/\",\"logo\":{\"@type\":\"ImageObject\",\"inLanguage\":\"az\",\"@id\":\"https:\\\/\\\/www.meydan.tv\\\/az\\\/#\\\/schema\\\/logo\\\/image\\\/\",\"url\":\"https:\\\/\\\/www.meydan.tv\\\/wp-content\\\/uploads\\\/2021\\\/07\\\/meydan-logo.svg\",\"contentUrl\":\"https:\\\/\\\/www.meydan.tv\\\/wp-content\\\/uploads\\\/2021\\\/07\\\/meydan-logo.svg\",\"width\":195,\"height\":46,\"caption\":\"Meydan TV\"},\"image\":{\"@id\":\"https:\\\/\\\/www.meydan.tv\\\/az\\\/#\\\/schema\\\/logo\\\/image\\\/\"}},{\"@type\":\"Person\",\"@id\":\"https:\\\/\\\/www.meydan.tv\\\/az\\\/#\\\/schema\\\/person\\\/09863e516102a829e72bedcf3f84c6b0\",\"name\":\"mahmud\"}]}<\/script>\n<!-- \/ Yoast SEO plugin. -->","yoast_head_json":{"title":"Aliml\u0259ri, m\u00fc\u0259lliml\u0259ri nec\u0259 aldad\u0131blar","description":"Bir ne\u00e7\u0259 ildir ki, Bak\u0131 A\u011f\u0131r Cinay\u0259tl\u0259r M\u0259hk\u0259m\u0259sind\u0259 Elm v\u0259 T\u0259hsil Nazirliyinin m\u0259tbu orqan\u0131 \u201cAz\u0259rbaycan m\u0259kt\u0259bi\u201dnin ke\u00e7mi\u015f ba\u015f redaktoru Rahil N\u0259c\u0259fovun m\u0259hk\u0259m\u0259si gedir. O, daha iki n\u0259f\u0259rl\u0259 - G\u00f6z\u0259l Mustafayeva v\u0259 Amal H\u0259s\u0259nli il\u0259 birlikd\u0259 m\u00fchakim\u0259 olunur. T\u0259qsirl\u0259ndiril\u0259n \u015f\u0259xsl\u0259r\u0259 qar\u015f\u0131 m\u0259nims\u0259m\u0259, d\u0259l\u0259duzluq kimi ittihamlar ir\u0259li s\u00fcr\u00fcl\u00fcb.Rahil N\u0259c\u0259fov v\u0259 dig\u0259r t\u0259qsirl\u0259ndiril\u0259n \u015f\u0259xsl\u0259r Az\u0259rbaycan Milli Elml\u0259r Akademiyas\u0131n\u0131n bir ne\u00e7\u0259 \u0259m\u0259kda\u015f\u0131n\u0131 aldad\u0131b, onlar\u0131n pulunu \u0259l\u0259 ke\u00e7irm\u0259kd\u0259, Elm v\u0259 T\u0259hsil Nazirliyinin ay\u0131rd\u0131\u011f\u0131 v\u0259saitl\u0259rin yeyintisind\u0259 ittiham olunur.\u0130ddia olunur ki, z\u0259r\u0259r\u00e7\u0259kmi\u015f qismind\u0259 tan\u0131nan \u015f\u0259xsl\u0259r nazirlikd\u0259 i\u015f\u0259 d\u00fcz\u0259lm\u0259k, xaricd\u0259 al\u0131nm\u0131\u015f diplomlar\u0131n Az\u0259rbaycanda tan\u0131nmas\u0131, dissertasiya i\u015fi yazmaq, elmi m\u0259qal\u0259l\u0259rin ba\u015fqa \u00f6lk\u0259l\u0259rd\u0259 n\u00fcfuzlu jurnallarda d\u0259rc olunmas\u0131 v\u0259 s. \u00fczr\u0259 aldad\u0131l\u0131b. Onlar\u0131n pullar\u0131 al\u0131nsa da, veril\u0259n v\u0259dl\u0259r yerin\u0259 yetirilm\u0259yib.Rahil N\u0259c\u0259fov v\u0259 dig\u0259rl\u0259ri Elml\u0259r Akademiyas\u0131n\u0131n bir ne\u00e7\u0259 \u0259m\u0259kda\u015f\u0131n\u0131n \u015fikay\u0259tind\u0259n sonra cinay\u0259t m\u0259suliyy\u0259tin\u0259 c\u0259lb olunub.","robots":{"index":"index","follow":"follow","max-snippet":"max-snippet:-1","max-image-preview":"max-image-preview:large","max-video-preview":"max-video-preview:-1"},"canonical":"https:\/\/www.meydan.tv\/az\/article\/alimleri-muellimleri-nece-aldadiblar-elmi-meqalelerin-derc-olunmasi-diplomlarin-taninmasi\/","og_locale":"az_AZ","og_type":"article","og_title":"Aliml\u0259ri, m\u00fc\u0259lliml\u0259ri nec\u0259 aldad\u0131blar","og_description":"Bir ne\u00e7\u0259 ildir ki, Bak\u0131 A\u011f\u0131r Cinay\u0259tl\u0259r M\u0259hk\u0259m\u0259sind\u0259 Elm v\u0259 T\u0259hsil Nazirliyinin m\u0259tbu orqan\u0131 \u201cAz\u0259rbaycan m\u0259kt\u0259bi\u201dnin ke\u00e7mi\u015f ba\u015f redaktoru Rahil N\u0259c\u0259fovun m\u0259hk\u0259m\u0259si gedir. O, daha iki n\u0259f\u0259rl\u0259 - G\u00f6z\u0259l Mustafayeva v\u0259 Amal H\u0259s\u0259nli il\u0259 birlikd\u0259 m\u00fchakim\u0259 olunur. T\u0259qsirl\u0259ndiril\u0259n \u015f\u0259xsl\u0259r\u0259 qar\u015f\u0131 m\u0259nims\u0259m\u0259, d\u0259l\u0259duzluq kimi ittihamlar ir\u0259li s\u00fcr\u00fcl\u00fcb.Rahil N\u0259c\u0259fov v\u0259 dig\u0259r t\u0259qsirl\u0259ndiril\u0259n \u015f\u0259xsl\u0259r Az\u0259rbaycan Milli Elml\u0259r Akademiyas\u0131n\u0131n bir ne\u00e7\u0259 \u0259m\u0259kda\u015f\u0131n\u0131 aldad\u0131b, onlar\u0131n pulunu \u0259l\u0259 ke\u00e7irm\u0259kd\u0259, Elm v\u0259 T\u0259hsil Nazirliyinin ay\u0131rd\u0131\u011f\u0131 v\u0259saitl\u0259rin yeyintisind\u0259 ittiham olunur.\u0130ddia olunur ki, z\u0259r\u0259r\u00e7\u0259kmi\u015f qismind\u0259 tan\u0131nan \u015f\u0259xsl\u0259r nazirlikd\u0259 i\u015f\u0259 d\u00fcz\u0259lm\u0259k, xaricd\u0259 al\u0131nm\u0131\u015f diplomlar\u0131n Az\u0259rbaycanda tan\u0131nmas\u0131, dissertasiya i\u015fi yazmaq, elmi m\u0259qal\u0259l\u0259rin ba\u015fqa \u00f6lk\u0259l\u0259rd\u0259 n\u00fcfuzlu jurnallarda d\u0259rc olunmas\u0131 v\u0259 s. \u00fczr\u0259 aldad\u0131l\u0131b. Onlar\u0131n pullar\u0131 al\u0131nsa da, veril\u0259n v\u0259dl\u0259r yerin\u0259 yetirilm\u0259yib.Rahil N\u0259c\u0259fov v\u0259 dig\u0259rl\u0259ri Elml\u0259r Akademiyas\u0131n\u0131n bir ne\u00e7\u0259 \u0259m\u0259kda\u015f\u0131n\u0131n \u015fikay\u0259tind\u0259n sonra cinay\u0259t m\u0259suliyy\u0259tin\u0259 c\u0259lb olunub.","og_url":"https:\/\/www.meydan.tv\/az\/article\/alimleri-muellimleri-nece-aldadiblar-elmi-meqalelerin-derc-olunmasi-diplomlarin-taninmasi\/","og_site_name":"MEYDAN.TV","article_published_time":"2024-06-28T10:23:33+00:00","article_modified_time":"2024-06-28T10:23:35+00:00","og_image":[{"width":1200,"height":675,"url":"https:\/\/www.meydan.tv\/wp-content\/uploads\/img_9514.jpg","type":"image\/jpeg"}],"author":"mahmud","twitter_card":"summary_large_image","schema":{"@context":"https:\/\/schema.org","@graph":[{"@type":"Article","@id":"https:\/\/www.meydan.tv\/az\/article\/alimleri-muellimleri-nece-aldadiblar-elmi-meqalelerin-derc-olunmasi-diplomlarin-taninmasi\/#article","isPartOf":{"@id":"https:\/\/www.meydan.tv\/az\/article\/alimleri-muellimleri-nece-aldadiblar-elmi-meqalelerin-derc-olunmasi-diplomlarin-taninmasi\/"},"author":{"name":"mahmud","@id":"https:\/\/www.meydan.tv\/az\/#\/schema\/person\/09863e516102a829e72bedcf3f84c6b0"},"headline":"Aliml\u0259ri, m\u00fc\u0259lliml\u0259ri nec\u0259 aldad\u0131blar: elmi m\u0259qal\u0259l\u0259rin d\u0259rc olunmas\u0131, diplomlar\u0131n tan\u0131nmas\u0131&#8230;","datePublished":"2024-06-28T10:23:33+00:00","dateModified":"2024-06-28T10:23:35+00:00","mainEntityOfPage":{"@id":"https:\/\/www.meydan.tv\/az\/article\/alimleri-muellimleri-nece-aldadiblar-elmi-meqalelerin-derc-olunmasi-diplomlarin-taninmasi\/"},"wordCount":1066,"publisher":{"@id":"https:\/\/www.meydan.tv\/az\/#organization"},"image":{"@id":"https:\/\/www.meydan.tv\/az\/article\/alimleri-muellimleri-nece-aldadiblar-elmi-meqalelerin-derc-olunmasi-diplomlarin-taninmasi\/#primaryimage"},"thumbnailUrl":"https:\/\/www.meydan.tv\/wp-content\/uploads\/img_9514.jpg","articleSection":["Sosial","T\u00f6vsiy\u0259","X\u0259b\u0259rl\u0259r"],"inLanguage":"az"},{"@type":"WebPage","@id":"https:\/\/www.meydan.tv\/az\/article\/alimleri-muellimleri-nece-aldadiblar-elmi-meqalelerin-derc-olunmasi-diplomlarin-taninmasi\/","url":"https:\/\/www.meydan.tv\/az\/article\/alimleri-muellimleri-nece-aldadiblar-elmi-meqalelerin-derc-olunmasi-diplomlarin-taninmasi\/","name":"Aliml\u0259ri, m\u00fc\u0259lliml\u0259ri nec\u0259 aldad\u0131blar","isPartOf":{"@id":"https:\/\/www.meydan.tv\/az\/#website"},"primaryImageOfPage":{"@id":"https:\/\/www.meydan.tv\/az\/article\/alimleri-muellimleri-nece-aldadiblar-elmi-meqalelerin-derc-olunmasi-diplomlarin-taninmasi\/#primaryimage"},"image":{"@id":"https:\/\/www.meydan.tv\/az\/article\/alimleri-muellimleri-nece-aldadiblar-elmi-meqalelerin-derc-olunmasi-diplomlarin-taninmasi\/#primaryimage"},"thumbnailUrl":"https:\/\/www.meydan.tv\/wp-content\/uploads\/img_9514.jpg","datePublished":"2024-06-28T10:23:33+00:00","dateModified":"2024-06-28T10:23:35+00:00","description":"Bir ne\u00e7\u0259 ildir ki, Bak\u0131 A\u011f\u0131r Cinay\u0259tl\u0259r M\u0259hk\u0259m\u0259sind\u0259 Elm v\u0259 T\u0259hsil Nazirliyinin m\u0259tbu orqan\u0131 \u201cAz\u0259rbaycan m\u0259kt\u0259bi\u201dnin ke\u00e7mi\u015f ba\u015f redaktoru Rahil N\u0259c\u0259fovun m\u0259hk\u0259m\u0259si gedir. O, daha iki n\u0259f\u0259rl\u0259 - G\u00f6z\u0259l Mustafayeva v\u0259 Amal H\u0259s\u0259nli il\u0259 birlikd\u0259 m\u00fchakim\u0259 olunur. T\u0259qsirl\u0259ndiril\u0259n \u015f\u0259xsl\u0259r\u0259 qar\u015f\u0131 m\u0259nims\u0259m\u0259, d\u0259l\u0259duzluq kimi ittihamlar ir\u0259li s\u00fcr\u00fcl\u00fcb.Rahil N\u0259c\u0259fov v\u0259 dig\u0259r t\u0259qsirl\u0259ndiril\u0259n \u015f\u0259xsl\u0259r Az\u0259rbaycan Milli Elml\u0259r Akademiyas\u0131n\u0131n bir ne\u00e7\u0259 \u0259m\u0259kda\u015f\u0131n\u0131 aldad\u0131b, onlar\u0131n pulunu \u0259l\u0259 ke\u00e7irm\u0259kd\u0259, Elm v\u0259 T\u0259hsil Nazirliyinin ay\u0131rd\u0131\u011f\u0131 v\u0259saitl\u0259rin yeyintisind\u0259 ittiham olunur.\u0130ddia olunur ki, z\u0259r\u0259r\u00e7\u0259kmi\u015f qismind\u0259 tan\u0131nan \u015f\u0259xsl\u0259r nazirlikd\u0259 i\u015f\u0259 d\u00fcz\u0259lm\u0259k, xaricd\u0259 al\u0131nm\u0131\u015f diplomlar\u0131n Az\u0259rbaycanda tan\u0131nmas\u0131, dissertasiya i\u015fi yazmaq, elmi m\u0259qal\u0259l\u0259rin ba\u015fqa \u00f6lk\u0259l\u0259rd\u0259 n\u00fcfuzlu jurnallarda d\u0259rc olunmas\u0131 v\u0259 s. \u00fczr\u0259 aldad\u0131l\u0131b. Onlar\u0131n pullar\u0131 al\u0131nsa da, veril\u0259n v\u0259dl\u0259r yerin\u0259 yetirilm\u0259yib.Rahil N\u0259c\u0259fov v\u0259 dig\u0259rl\u0259ri Elml\u0259r Akademiyas\u0131n\u0131n bir ne\u00e7\u0259 \u0259m\u0259kda\u015f\u0131n\u0131n \u015fikay\u0259tind\u0259n sonra cinay\u0259t m\u0259suliyy\u0259tin\u0259 c\u0259lb olunub.","breadcrumb":{"@id":"https:\/\/www.meydan.tv\/az\/article\/alimleri-muellimleri-nece-aldadiblar-elmi-meqalelerin-derc-olunmasi-diplomlarin-taninmasi\/#breadcrumb"},"inLanguage":"az","potentialAction":[{"@type":"ReadAction","target":["https:\/\/www.meydan.tv\/az\/article\/alimleri-muellimleri-nece-aldadiblar-elmi-meqalelerin-derc-olunmasi-diplomlarin-taninmasi\/"]}]},{"@type":"ImageObject","inLanguage":"az","@id":"https:\/\/www.meydan.tv\/az\/article\/alimleri-muellimleri-nece-aldadiblar-elmi-meqalelerin-derc-olunmasi-diplomlarin-taninmasi\/#primaryimage","url":"https:\/\/www.meydan.tv\/wp-content\/uploads\/img_9514.jpg","contentUrl":"https:\/\/www.meydan.tv\/wp-content\/uploads\/img_9514.jpg","width":1200,"height":675,"caption":"M\u0259hk\u0259m\u0259. Foto: Meydan TV"},{"@type":"BreadcrumbList","@id":"https:\/\/www.meydan.tv\/az\/article\/alimleri-muellimleri-nece-aldadiblar-elmi-meqalelerin-derc-olunmasi-diplomlarin-taninmasi\/#breadcrumb","itemListElement":[{"@type":"ListItem","position":1,"name":"Ana s\u0259hif\u0259","item":"https:\/\/www.meydan.tv\/az\/"},{"@type":"ListItem","position":2,"name":"Sosial","item":"https:\/\/www.meydan.tv\/az\/section\/sosial\/"},{"@type":"ListItem","position":3,"name":"Aliml\u0259ri, m\u00fc\u0259lliml\u0259ri nec\u0259 aldad\u0131blar: elmi m\u0259qal\u0259l\u0259rin d\u0259rc olunmas\u0131, diplomlar\u0131n tan\u0131nmas\u0131&#8230;"}]},{"@type":"WebSite","@id":"https:\/\/www.meydan.tv\/az\/#website","url":"https:\/\/www.meydan.tv\/az\/","name":"MEYDAN.TV","description":"Meydan TV Az\u0259rbaycan\u0131n media m\u0259kan\u0131ndak\u0131 alternativ s\u0259sidir","publisher":{"@id":"https:\/\/www.meydan.tv\/az\/#organization"},"potentialAction":[{"@type":"SearchAction","target":{"@type":"EntryPoint","urlTemplate":"https:\/\/www.meydan.tv\/az\/?s={search_term_string}"},"query-input":{"@type":"PropertyValueSpecification","valueRequired":true,"valueName":"search_term_string"}}],"inLanguage":"az"},{"@type":"Organization","@id":"https:\/\/www.meydan.tv\/az\/#organization","name":"Meydan TV","url":"https:\/\/www.meydan.tv\/az\/","logo":{"@type":"ImageObject","inLanguage":"az","@id":"https:\/\/www.meydan.tv\/az\/#\/schema\/logo\/image\/","url":"https:\/\/www.meydan.tv\/wp-content\/uploads\/2021\/07\/meydan-logo.svg","contentUrl":"https:\/\/www.meydan.tv\/wp-content\/uploads\/2021\/07\/meydan-logo.svg","width":195,"height":46,"caption":"Meydan TV"},"image":{"@id":"https:\/\/www.meydan.tv\/az\/#\/schema\/logo\/image\/"}},{"@type":"Person","@id":"https:\/\/www.meydan.tv\/az\/#\/schema\/person\/09863e516102a829e72bedcf3f84c6b0","name":"mahmud"}]}},"_links":{"self":[{"href":"https:\/\/www.meydan.tv\/az\/wp-json\/wp\/v2\/posts\/309220","targetHints":{"allow":["GET"]}}],"collection":[{"href":"https:\/\/www.meydan.tv\/az\/wp-json\/wp\/v2\/posts"}],"about":[{"href":"https:\/\/www.meydan.tv\/az\/wp-json\/wp\/v2\/types\/post"}],"author":[{"embeddable":true,"href":"https:\/\/www.meydan.tv\/az\/wp-json\/wp\/v2\/users\/21"}],"replies":[{"embeddable":true,"href":"https:\/\/www.meydan.tv\/az\/wp-json\/wp\/v2\/comments?post=309220"}],"version-history":[{"count":1,"href":"https:\/\/www.meydan.tv\/az\/wp-json\/wp\/v2\/posts\/309220\/revisions"}],"predecessor-version":[{"id":309221,"href":"https:\/\/www.meydan.tv\/az\/wp-json\/wp\/v2\/posts\/309220\/revisions\/309221"}],"wp:featuredmedia":[{"embeddable":true,"href":"https:\/\/www.meydan.tv\/az\/wp-json\/wp\/v2\/media\/266111"}],"wp:attachment":[{"href":"https:\/\/www.meydan.tv\/az\/wp-json\/wp\/v2\/media?parent=309220"}],"wp:term":[{"taxonomy":"category","embeddable":true,"href":"https:\/\/www.meydan.tv\/az\/wp-json\/wp\/v2\/categories?post=309220"},{"taxonomy":"post_tag","embeddable":true,"href":"https:\/\/www.meydan.tv\/az\/wp-json\/wp\/v2\/tags?post=309220"}],"curies":[{"name":"wp","href":"https:\/\/api.w.org\/{rel}","templated":true}]}}