{"id":309213,"date":"2024-06-28T13:33:03","date_gmt":"2024-06-28T09:33:03","guid":{"rendered":"https:\/\/www.meydan.tv\/?p=309213"},"modified":"2024-06-28T13:33:05","modified_gmt":"2024-06-28T09:33:05","slug":"parklanmaya-ve-suruculuk-vesiqesinin-olmamasina-gore-cerimeler-artirilib","status":"publish","type":"post","link":"https:\/\/www.meydan.tv\/az\/article\/parklanmaya-ve-suruculuk-vesiqesinin-olmamasina-gore-cerimeler-artirilib\/","title":{"rendered":"Parklanmaya v\u0259 s\u00fcr\u00fcc\u00fcl\u00fck v\u0259siq\u0259sinin olmamas\u0131na g\u00f6r\u0259 c\u0259rim\u0259l\u0259r art\u0131r\u0131l\u0131b"},"content":{"rendered":"\n<p><\/p>\n\n\n\n<p><strong><em>Q\u0131rm\u0131z\u0131 i\u015f\u0131qda s\u00fcr\u0259nl\u0259rin d\u0259 c\u0259rim\u0259l\u0259rind\u0259 art\u0131m edilib<\/em><\/strong><\/p>\n\n\n\n<p>Az\u0259rbaycanda parklanma qaydalar\u0131n\u0131n pozulmas\u0131na g\u00f6r\u0259 yeni c\u0259rim\u0259l\u0259r m\u00fc\u0259yy\u0259nl\u0259\u015fib.<\/p>\n\n\n\n<p>Bununla ba\u011fl\u0131 \u0130nzibati X\u0259talar M\u0259c\u0259ll\u0259sin\u0259 d\u0259yi\u015fiklik layih\u0259si parlamentin bug\u00fcnk\u00fc iclas\u0131nda III oxunu\u015fda m\u00fczakir\u0259y\u0259 \u00e7\u0131xar\u0131l\u0131b.<\/p>\n\n\n\n<p>M\u0259c\u0259ll\u0259y\u0259 t\u0259klif edil\u0259n yeni 346-1.6-c\u0131 madd\u0259y\u0259 g\u00f6r\u0259 enerji doldurulmas\u0131 \u00fc\u00e7\u00fcn m\u00fc\u0259yy\u0259n edilmi\u015f parklanma yerl\u0259rind\u0259 enerji doldurmaq m\u0259qs\u0259dil\u0259 elektrik m\u00fch\u0259rrikli n\u0259qliyyat vasit\u0259l\u0259rinin durmas\u0131 istisna olmaqla n\u0259qliyyat vasit\u0259l\u0259rinin parklanmas\u0131na g\u00f6r\u0259 20 manat m\u0259bl\u0259\u011find\u0259 c\u0259rim\u0259 t\u0259tbiq edil\u0259c\u0259k.<\/p>\n\n\n\n<p>346-1.7-ci yeni madd\u0259y\u0259 g\u00f6r\u0259, velosiped v\u0259 ki\u00e7ik elektrik n\u0259qliyyat vasit\u0259l\u0259rinin onlar \u00fc\u00e7\u00fcn ayr\u0131lm\u0131\u015f parklanma yerl\u0259rind\u0259n k\u0259narda parklanmas\u0131na g\u00f6r\u0259 10 manat, xidm\u0259ti z\u0259rur\u0259tl\u0259 \u0259laq\u0259dar d\u00f6vl\u0259t orqanlar\u0131n\u0131n (qurumlar\u0131n\u0131n) istifad\u0259sind\u0259 olan v\u0259 d\u00f6vl\u0259t orqanlar\u0131n\u0131n (qurumlar\u0131n\u0131n) \u0259m\u0259kda\u015flar\u0131na m\u0259xsus olan n\u0259qliyyat vasit\u0259l\u0259rind\u0259n ba\u015fqa, dig\u0259r n\u0259qliyyat vasit\u0259l\u0259rinin xidm\u0259ti parklanma yerl\u0259rind\u0259 parklanmas\u0131na g\u00f6r\u0259 40 manat m\u0259bl\u0259\u011find\u0259 c\u0259rim\u0259 olacaq.<\/p>\n\n\n\n<p>Dig\u0259r d\u0259yi\u015fiklikl\u0259 n\u0259qliyyat vasit\u0259sinin istifad\u0259\u00e7isi t\u0259r\u0259find\u0259n n\u0259qliyyat vasit\u0259si il\u0259 \u00f6d\u0259ni\u015fli parklanma yerin\u0259 daxil olduqdan sonra x\u00fcsusi proqram t\u0259minat\u0131 v\u0259 ya SMS vasit\u0259sil\u0259 parklanma m\u00fcdd\u0259tinin ba\u015flad\u0131lmamas\u0131na, n\u0259qliyyat vasit\u0259sinin parklanmas\u0131na g\u00f6r\u0259 m\u00fc\u0259yy\u0259n edilmi\u015f \u00f6d\u0259ni\u015f edilm\u0259d\u0259n v\u0259 ya \u00f6d\u0259ni\u015f edilmi\u015f m\u00fcdd\u0259td\u0259n art\u0131q parklanma yerind\u0259n istifad\u0259 \u00fc\u00e7\u00fcn \u0259lav\u0259 \u00f6d\u0259ni\u015f edilm\u0259d\u0259n parklanma yerinin t\u0259rk edilm\u0259sin\u0259 g\u00f6r\u0259 20 manat m\u0259bl\u0259\u011find\u0259 c\u0259rim\u0259 edil\u0259c\u0259k.<\/p>\n\n\n\n<p>M\u00f6vcud qanunvericilikd\u0259 is\u0259 qeyd edilib ki, n\u0259qliyyat vasit\u0259sinin parklanmas\u0131na g\u00f6r\u0259 m\u00fc\u0259yy\u0259n olunmu\u015f \u00f6d\u0259ni\u015f edilm\u0259d\u0259n v\u0259 ya \u00f6d\u0259ni\u015f edilmi\u015f m\u00fcdd\u0259td\u0259n art\u0131q parklanma yerind\u0259n istifad\u0259 \u00fc\u00e7\u00fcn \u0259lav\u0259 \u00f6d\u0259ni\u015f edilm\u0259d\u0259n s\u00fcr\u00fcc\u00fcn\u00fcn parklanma yerini t\u0259rk etm\u0259sin\u0259 g\u00f6r\u0259 10 manat m\u0259bl\u0259\u011find\u0259 c\u0259rim\u0259 edilir.<\/p>\n\n\n\n<p>Dig\u0259r d\u0259yi\u015fiklikl\u0259 parklanma yerind\u0259 m\u00fcvafiq yol ni\u015fanlar\u0131 v\u0259 ni\u015fanlama x\u0259tl\u0259ri il\u0259 m\u00fc\u0259yy\u0259n edilmi\u015f parklanma \u00fcsulunun s\u00fcr\u00fcc\u00fc t\u0259r\u0259find\u0259n pozulmas\u0131 n\u0259tic\u0259sind\u0259 dig\u0259r n\u0259qliyyat vasit\u0259sinin n\u00f6vb\u0259ti parklanma yerind\u0259 qanunauy\u011fun parklanmas\u0131 qeyri-m\u00fcmk\u00fcn olduqda v\u0259 ya dig\u0259r n\u0259qliyyat vasit\u0259l\u0259rinin h\u0259r\u0259k\u0259tin\u0259 mane\u0259 yaratd\u0131qda 20 manat m\u0259bl\u0259\u011find\u0259 c\u0259rim\u0259 olunacaq.<\/p>\n\n\n\n<p>Haz\u0131rk\u0131 qanunvericilikd\u0259 bildirilir ki, n\u0259qliyyat vasit\u0259sinin qanunla m\u00fc\u0259yy\u0259n edilmi\u015f parklanma \u00fcsulunu pozmaqla parklanmas\u0131na g\u00f6r\u0259 10 manat m\u0259bl\u0259\u011find\u0259 c\u0259rim\u0259 edilir.<\/p>\n\n\n\n<p>Daha bir d\u0259yi\u015fiklikl\u0259 parklanma yerl\u0259rind\u0259 icaz\u0259 verilmi\u015f maksimum k\u00fctl\u0259si 3,5 tondan \u00e7ox olan y\u00fck avtomobill\u0259rinin parklanmas\u0131na, habel\u0259 parklanma yerl\u0259rinin rezervasiya edilm\u0259si v\u0259 ya dig\u0259r \u00fcsullarla n\u0259qliyyat vasit\u0259l\u0259rinin s\u0259rb\u0259st parklanmas\u0131na mane\u0259l\u0259r yarad\u0131lmas\u0131na g\u00f6r\u0259 20 manat m\u0259bl\u0259\u011find\u0259 c\u0259rim\u0259 edil\u0259c\u0259k.<\/p>\n\n\n\n<p>Haz\u0131rda bu m\u0259bl\u0259\u011f 10 manatd\u0131r.<\/p>\n\n\n\n<p>\u018flilliyi olan \u015f\u0259xsl\u0259rin n\u0259qliyyat vasit\u0259l\u0259ri \u00fc\u00e7\u00fcn n\u0259z\u0259rd\u0259 tutulmu\u015f parklanma yerl\u0259rind\u0259 dig\u0259r n\u0259qliyyat vasit\u0259l\u0259rinin parklanmas\u0131na g\u00f6r\u0259 60 manat m\u0259bl\u0259\u011find\u0259 c\u0259rim\u0259 edil\u0259c\u0259k.<\/p>\n\n\n\n<p>Haz\u0131rda bu m\u0259bl\u0259\u011f 10 manatd\u0131r.<\/p>\n\n\n\n<p><strong>S\u00fcr\u00fcc\u00fcl\u00fck v\u0259siq\u0259si olmadan ma\u015f\u0131n s\u00fcr\u0259nl\u0259rin c\u0259rim\u0259si iki d\u0259f\u0259 art\u0131r\u0131l\u0131b<\/strong><\/p>\n\n\n\n<p>H\u0259m\u00e7inin n\u0259qliyyat vasit\u0259sini idar\u0259 etm\u0259k h\u00fcququ olmadan n\u0259qliyyat vasit\u0259sinin idar\u0259 edilm\u0259sin\u0259 g\u00f6r\u0259 c\u0259rim\u0259l\u0259r art\u0131r\u0131l\u0131b.<\/p>\n\n\n\n<p>\u0130nzibati X\u0259talar M\u0259c\u0259ll\u0259sin\u0259 edil\u0259n d\u0259yi\u015fikliy\u0259 \u0259sas\u0259n, c\u0259rim\u0259nin m\u0259bl\u0259\u011fi 100 manatdan 200 manatad\u0259k art\u0131r\u0131l\u0131b.<\/p>\n\n\n\n<p>Daha bir d\u0259yi\u015fiklikl\u0259 M\u0259c\u0259ll\u0259nin 332.2-ci madd\u0259sind\u0259 n\u0259z\u0259rd\u0259 tutulmu\u015f x\u0259tan\u0131n inzibati t\u0259nbeh alm\u0131\u015f \u015f\u0259xs t\u0259r\u0259find\u0259n inzibati t\u0259nbeh verm\u0259 haqq\u0131nda q\u0259rar q\u00fcvv\u0259y\u0259 mindiyi g\u00fcnd\u0259n bir il \u0259rzind\u0259 t\u0259krar t\u00f6r\u0259dilm\u0259sin\u0259 v\u0259 ya n\u0259qliyyat vasit\u0259sini idar\u0259 etm\u0259k h\u00fcququ m\u0259hdudla\u015fd\u0131r\u0131lm\u0131\u015f \u015f\u0259xs t\u0259r\u0259find\u0259n n\u0259qliyyat vasit\u0259sinin idar\u0259 edilm\u0259sin\u0259 g\u00f6r\u0259 t\u0259yin olunmu\u015f c\u0259rim\u0259nin m\u0259bl\u0259\u011fi 300 manatdan 400 manata qald\u0131r\u0131l\u0131b.<\/p>\n\n\n\n<p><strong>Q\u0131rm\u0131z\u0131 i\u015f\u0131qda ke\u00e7\u0259n v\u0259 \u0259ks s\u00fcr\u0259nl\u0259r 100 manat c\u0259rim\u0259l\u0259n\u0259c\u0259kl\u0259r<\/strong><\/p>\n\n\n\n<p>\u0130\u015f\u0131qforun v\u0259 ya nizamlay\u0131c\u0131n\u0131n qada\u011fanedici i\u015far\u0259si veril\u0259rk\u0259n h\u0259r\u0259k\u0259tin davam etdirilm\u0259sin\u0259 g\u00f6r\u0259 n\u0259z\u0259rd\u0259 tutulmu\u015f c\u0259rim\u0259l\u0259r d\u0259 art\u0131r\u0131l\u0131b.<\/p>\n\n\n\n<p>D\u0259yi\u015fikliy\u0259 \u0259sas\u0259n, i\u015f\u0131qforun v\u0259 ya nizamlay\u0131c\u0131n\u0131n qada\u011fanedici i\u015far\u0259si veril\u0259rk\u0259n h\u0259r\u0259k\u0259tin davam etdirilm\u0259sin\u0259, 3.1 \u201cGiri\u015f qada\u011fand\u0131r\u201d yol ni\u015fan\u0131n\u0131n t\u0259l\u0259bl\u0259rinin v\u0259 ya s\u0259rni\u015fin da\u015f\u0131ma, \u0259ks istiqam\u0259tli h\u0259r\u0259k\u0259t zola\u011f\u0131na \u00e7\u0131xmaqla \u00f6tm\u0259 v\u0259 ya manevr etm\u0259, yolayr\u0131c\u0131n\u0131 ke\u00e7m\u0259 qaydalar\u0131n\u0131n pozulmas\u0131na, \u00fcmumi istifad\u0259d\u0259 olan n\u0259qliyyat vasit\u0259l\u0259rinin, yaxud adamlar da\u015f\u0131nan y\u00fck avtomobill\u0259rinin s\u0259rni\u015finl\u0259rl\u0259 yanacaqdoldurma m\u0259nt\u0259q\u0259sin\u0259 daxil olmas\u0131na, 1.1, 1.3 v\u0259 1.11 \u00fcf\u00fcqi ni\u015fanlanma x\u0259tl\u0259rinin t\u0259l\u0259bl\u0259rin\u0259 riay\u0259t etm\u0259y\u0259r\u0259k sola v\u0259 ya geriy\u0259 d\u00f6nm\u0259y\u0259, yaxud mane\u0259ni k\u0259nardan ke\u00e7m\u0259y\u0259 g\u00f6r\u0259 100 manat m\u0259bl\u0259\u011find\u0259 c\u0259rim\u0259 edil\u0259c\u0259k.<\/p>\n\n\n\n<p>Haz\u0131rda bu c\u0259rim\u0259 80 manatd\u0131r.<\/p>\n\n\n\n<p>M\u00fczakir\u0259l\u0259rd\u0259n sonra d\u0259yi\u015fiklikl\u0259r layih\u0259si s\u0259sverm\u0259y\u0259 \u00e7\u0131xar\u0131laraq III oxunu\u015fda q\u0259bul edilib.<\/p>\n","protected":false},"excerpt":{"rendered":"<p>Q\u0131rm\u0131z\u0131 i\u015f\u0131qda s\u00fcr\u0259nl\u0259rin d\u0259 c\u0259rim\u0259l\u0259rind\u0259 art\u0131m edilib Az\u0259rbaycanda parklanma qaydalar\u0131n\u0131n &#8230; <\/p>\n<p class=\"read-more-container\"><a title=\"Parklanmaya v\u0259 s\u00fcr\u00fcc\u00fcl\u00fck v\u0259siq\u0259sinin olmamas\u0131na g\u00f6r\u0259 c\u0259rim\u0259l\u0259r art\u0131r\u0131l\u0131b\" class=\"read-more button\" href=\"https:\/\/www.meydan.tv\/az\/article\/parklanmaya-ve-suruculuk-vesiqesinin-olmamasina-gore-cerimeler-artirilib\/#more-309213\" aria-label=\"Read more about Parklanmaya v\u0259 s\u00fcr\u00fcc\u00fcl\u00fck v\u0259siq\u0259sinin olmamas\u0131na g\u00f6r\u0259 c\u0259rim\u0259l\u0259r art\u0131r\u0131l\u0131b\">Davam\u0131<\/a><\/p>\n","protected":false},"author":21,"featured_media":3106,"comment_status":"closed","ping_status":"closed","sticky":false,"template":"","format":"standard","meta":{"_acf_changed":false,"_sitemap_exclude":false,"_sitemap_priority":"","_sitemap_frequency":"","footnotes":""},"categories":[62,56],"tags":[],"class_list":["post-309213","post","type-post","status-publish","format-standard","has-post-thumbnail","hentry","category-sosial","category-xeberler","infinite-scroll-item","generate-columns","tablet-grid-50","mobile-grid-100","grid-parent","grid-33","no-featured-image-padding"],"acf":[],"yoast_head":"<!-- This site is optimized with the Yoast SEO plugin v27.5 - https:\/\/yoast.com\/product\/yoast-seo-wordpress\/ -->\n<title>Parklanmaya v\u0259 s\u00fcr\u00fcc\u00fcl\u00fck v\u0259siq\u0259sin\u0259 g\u00f6r\u0259 c\u0259rim\u0259l\u0259r art\u0131r\u0131l\u0131b<\/title>\n<meta name=\"description\" content=\"Parklanmaya v\u0259 s\u00fcr\u00fcc\u00fcl\u00fck v\u0259siq\u0259sinin olmamas\u0131na g\u00f6r\u0259 c\u0259rim\u0259l\u0259r art\u0131r\u0131l\u0131b. Q\u0131rm\u0131z\u0131 i\u015f\u0131qda s\u00fcr\u0259nl\u0259rin d\u0259 c\u0259rim\u0259l\u0259rind\u0259 art\u0131m edilib. Az\u0259rbaycanda parklanma qaydalar\u0131n\u0131n pozulmas\u0131na g\u00f6r\u0259 yeni c\u0259rim\u0259l\u0259r m\u00fc\u0259yy\u0259nl\u0259\u015fib.Bununla ba\u011fl\u0131 \u0130nzibati X\u0259talar M\u0259c\u0259ll\u0259sin\u0259 d\u0259yi\u015fiklik layih\u0259si parlamentin bug\u00fcnk\u00fc iclas\u0131nda III oxunu\u015fda m\u00fczakir\u0259y\u0259 \u00e7\u0131xar\u0131l\u0131b. M\u00fczakir\u0259l\u0259rd\u0259n sonra d\u0259yi\u015fiklikl\u0259r layih\u0259si s\u0259sverm\u0259y\u0259 \u00e7\u0131xar\u0131laraq III oxunu\u015fda q\u0259bul edilib.\" \/>\n<meta name=\"robots\" content=\"index, follow, max-snippet:-1, max-image-preview:large, max-video-preview:-1\" \/>\n<link rel=\"canonical\" href=\"https:\/\/www.meydan.tv\/az\/article\/parklanmaya-ve-suruculuk-vesiqesinin-olmamasina-gore-cerimeler-artirilib\/\" \/>\n<meta property=\"og:locale\" content=\"az_AZ\" \/>\n<meta property=\"og:type\" content=\"article\" \/>\n<meta property=\"og:title\" content=\"Parklanmaya v\u0259 s\u00fcr\u00fcc\u00fcl\u00fck v\u0259siq\u0259sin\u0259 g\u00f6r\u0259 c\u0259rim\u0259l\u0259r art\u0131r\u0131l\u0131b\" \/>\n<meta property=\"og:description\" content=\"Parklanmaya v\u0259 s\u00fcr\u00fcc\u00fcl\u00fck v\u0259siq\u0259sinin olmamas\u0131na g\u00f6r\u0259 c\u0259rim\u0259l\u0259r art\u0131r\u0131l\u0131b. Q\u0131rm\u0131z\u0131 i\u015f\u0131qda s\u00fcr\u0259nl\u0259rin d\u0259 c\u0259rim\u0259l\u0259rind\u0259 art\u0131m edilib. Az\u0259rbaycanda parklanma qaydalar\u0131n\u0131n pozulmas\u0131na g\u00f6r\u0259 yeni c\u0259rim\u0259l\u0259r m\u00fc\u0259yy\u0259nl\u0259\u015fib.Bununla ba\u011fl\u0131 \u0130nzibati X\u0259talar M\u0259c\u0259ll\u0259sin\u0259 d\u0259yi\u015fiklik layih\u0259si parlamentin bug\u00fcnk\u00fc iclas\u0131nda III oxunu\u015fda m\u00fczakir\u0259y\u0259 \u00e7\u0131xar\u0131l\u0131b. M\u00fczakir\u0259l\u0259rd\u0259n sonra d\u0259yi\u015fiklikl\u0259r layih\u0259si s\u0259sverm\u0259y\u0259 \u00e7\u0131xar\u0131laraq III oxunu\u015fda q\u0259bul edilib.\" \/>\n<meta property=\"og:url\" content=\"https:\/\/www.meydan.tv\/az\/article\/parklanmaya-ve-suruculuk-vesiqesinin-olmamasina-gore-cerimeler-artirilib\/\" \/>\n<meta property=\"og:site_name\" content=\"MEYDAN.TV\" \/>\n<meta property=\"article:published_time\" content=\"2024-06-28T09:33:03+00:00\" \/>\n<meta property=\"article:modified_time\" content=\"2024-06-28T09:33:05+00:00\" \/>\n<meta property=\"og:image\" content=\"https:\/\/www.meydan.tv\/wp-content\/uploads\/crim_2.jpg\" \/>\n\t<meta property=\"og:image:width\" content=\"859\" \/>\n\t<meta property=\"og:image:height\" content=\"484\" \/>\n\t<meta property=\"og:image:type\" content=\"image\/jpeg\" \/>\n<meta name=\"author\" content=\"mahmud\" \/>\n<meta name=\"twitter:card\" content=\"summary_large_image\" \/>\n<script type=\"application\/ld+json\" class=\"yoast-schema-graph\">{\"@context\":\"https:\\\/\\\/schema.org\",\"@graph\":[{\"@type\":\"Article\",\"@id\":\"https:\\\/\\\/www.meydan.tv\\\/az\\\/article\\\/parklanmaya-ve-suruculuk-vesiqesinin-olmamasina-gore-cerimeler-artirilib\\\/#article\",\"isPartOf\":{\"@id\":\"https:\\\/\\\/www.meydan.tv\\\/az\\\/article\\\/parklanmaya-ve-suruculuk-vesiqesinin-olmamasina-gore-cerimeler-artirilib\\\/\"},\"author\":{\"name\":\"mahmud\",\"@id\":\"https:\\\/\\\/www.meydan.tv\\\/az\\\/#\\\/schema\\\/person\\\/09863e516102a829e72bedcf3f84c6b0\"},\"headline\":\"Parklanmaya v\u0259 s\u00fcr\u00fcc\u00fcl\u00fck v\u0259siq\u0259sinin olmamas\u0131na g\u00f6r\u0259 c\u0259rim\u0259l\u0259r art\u0131r\u0131l\u0131b\",\"datePublished\":\"2024-06-28T09:33:03+00:00\",\"dateModified\":\"2024-06-28T09:33:05+00:00\",\"mainEntityOfPage\":{\"@id\":\"https:\\\/\\\/www.meydan.tv\\\/az\\\/article\\\/parklanmaya-ve-suruculuk-vesiqesinin-olmamasina-gore-cerimeler-artirilib\\\/\"},\"wordCount\":1047,\"publisher\":{\"@id\":\"https:\\\/\\\/www.meydan.tv\\\/az\\\/#organization\"},\"image\":{\"@id\":\"https:\\\/\\\/www.meydan.tv\\\/az\\\/article\\\/parklanmaya-ve-suruculuk-vesiqesinin-olmamasina-gore-cerimeler-artirilib\\\/#primaryimage\"},\"thumbnailUrl\":\"https:\\\/\\\/www.meydan.tv\\\/wp-content\\\/uploads\\\/crim_2.jpg\",\"articleSection\":[\"Sosial\",\"X\u0259b\u0259rl\u0259r\"],\"inLanguage\":\"az\"},{\"@type\":\"WebPage\",\"@id\":\"https:\\\/\\\/www.meydan.tv\\\/az\\\/article\\\/parklanmaya-ve-suruculuk-vesiqesinin-olmamasina-gore-cerimeler-artirilib\\\/\",\"url\":\"https:\\\/\\\/www.meydan.tv\\\/az\\\/article\\\/parklanmaya-ve-suruculuk-vesiqesinin-olmamasina-gore-cerimeler-artirilib\\\/\",\"name\":\"Parklanmaya v\u0259 s\u00fcr\u00fcc\u00fcl\u00fck v\u0259siq\u0259sin\u0259 g\u00f6r\u0259 c\u0259rim\u0259l\u0259r art\u0131r\u0131l\u0131b\",\"isPartOf\":{\"@id\":\"https:\\\/\\\/www.meydan.tv\\\/az\\\/#website\"},\"primaryImageOfPage\":{\"@id\":\"https:\\\/\\\/www.meydan.tv\\\/az\\\/article\\\/parklanmaya-ve-suruculuk-vesiqesinin-olmamasina-gore-cerimeler-artirilib\\\/#primaryimage\"},\"image\":{\"@id\":\"https:\\\/\\\/www.meydan.tv\\\/az\\\/article\\\/parklanmaya-ve-suruculuk-vesiqesinin-olmamasina-gore-cerimeler-artirilib\\\/#primaryimage\"},\"thumbnailUrl\":\"https:\\\/\\\/www.meydan.tv\\\/wp-content\\\/uploads\\\/crim_2.jpg\",\"datePublished\":\"2024-06-28T09:33:03+00:00\",\"dateModified\":\"2024-06-28T09:33:05+00:00\",\"description\":\"Parklanmaya v\u0259 s\u00fcr\u00fcc\u00fcl\u00fck v\u0259siq\u0259sinin olmamas\u0131na g\u00f6r\u0259 c\u0259rim\u0259l\u0259r art\u0131r\u0131l\u0131b. Q\u0131rm\u0131z\u0131 i\u015f\u0131qda s\u00fcr\u0259nl\u0259rin d\u0259 c\u0259rim\u0259l\u0259rind\u0259 art\u0131m edilib. Az\u0259rbaycanda parklanma qaydalar\u0131n\u0131n pozulmas\u0131na g\u00f6r\u0259 yeni c\u0259rim\u0259l\u0259r m\u00fc\u0259yy\u0259nl\u0259\u015fib.Bununla ba\u011fl\u0131 \u0130nzibati X\u0259talar M\u0259c\u0259ll\u0259sin\u0259 d\u0259yi\u015fiklik layih\u0259si parlamentin bug\u00fcnk\u00fc iclas\u0131nda III oxunu\u015fda m\u00fczakir\u0259y\u0259 \u00e7\u0131xar\u0131l\u0131b. M\u00fczakir\u0259l\u0259rd\u0259n sonra d\u0259yi\u015fiklikl\u0259r layih\u0259si s\u0259sverm\u0259y\u0259 \u00e7\u0131xar\u0131laraq III oxunu\u015fda q\u0259bul edilib.\",\"breadcrumb\":{\"@id\":\"https:\\\/\\\/www.meydan.tv\\\/az\\\/article\\\/parklanmaya-ve-suruculuk-vesiqesinin-olmamasina-gore-cerimeler-artirilib\\\/#breadcrumb\"},\"inLanguage\":\"az\",\"potentialAction\":[{\"@type\":\"ReadAction\",\"target\":[\"https:\\\/\\\/www.meydan.tv\\\/az\\\/article\\\/parklanmaya-ve-suruculuk-vesiqesinin-olmamasina-gore-cerimeler-artirilib\\\/\"]}]},{\"@type\":\"ImageObject\",\"inLanguage\":\"az\",\"@id\":\"https:\\\/\\\/www.meydan.tv\\\/az\\\/article\\\/parklanmaya-ve-suruculuk-vesiqesinin-olmamasina-gore-cerimeler-artirilib\\\/#primaryimage\",\"url\":\"https:\\\/\\\/www.meydan.tv\\\/wp-content\\\/uploads\\\/crim_2.jpg\",\"contentUrl\":\"https:\\\/\\\/www.meydan.tv\\\/wp-content\\\/uploads\\\/crim_2.jpg\",\"width\":859,\"height\":484,\"caption\":\"Source: Specify Source\"},{\"@type\":\"BreadcrumbList\",\"@id\":\"https:\\\/\\\/www.meydan.tv\\\/az\\\/article\\\/parklanmaya-ve-suruculuk-vesiqesinin-olmamasina-gore-cerimeler-artirilib\\\/#breadcrumb\",\"itemListElement\":[{\"@type\":\"ListItem\",\"position\":1,\"name\":\"Ana s\u0259hif\u0259\",\"item\":\"https:\\\/\\\/www.meydan.tv\\\/az\\\/\"},{\"@type\":\"ListItem\",\"position\":2,\"name\":\"Sosial\",\"item\":\"https:\\\/\\\/www.meydan.tv\\\/az\\\/section\\\/sosial\\\/\"},{\"@type\":\"ListItem\",\"position\":3,\"name\":\"Parklanmaya v\u0259 s\u00fcr\u00fcc\u00fcl\u00fck v\u0259siq\u0259sinin olmamas\u0131na g\u00f6r\u0259 c\u0259rim\u0259l\u0259r art\u0131r\u0131l\u0131b\"}]},{\"@type\":\"WebSite\",\"@id\":\"https:\\\/\\\/www.meydan.tv\\\/az\\\/#website\",\"url\":\"https:\\\/\\\/www.meydan.tv\\\/az\\\/\",\"name\":\"MEYDAN.TV\",\"description\":\"Meydan TV Az\u0259rbaycan\u0131n media m\u0259kan\u0131ndak\u0131 alternativ s\u0259sidir\",\"publisher\":{\"@id\":\"https:\\\/\\\/www.meydan.tv\\\/az\\\/#organization\"},\"potentialAction\":[{\"@type\":\"SearchAction\",\"target\":{\"@type\":\"EntryPoint\",\"urlTemplate\":\"https:\\\/\\\/www.meydan.tv\\\/az\\\/?s={search_term_string}\"},\"query-input\":{\"@type\":\"PropertyValueSpecification\",\"valueRequired\":true,\"valueName\":\"search_term_string\"}}],\"inLanguage\":\"az\"},{\"@type\":\"Organization\",\"@id\":\"https:\\\/\\\/www.meydan.tv\\\/az\\\/#organization\",\"name\":\"Meydan TV\",\"url\":\"https:\\\/\\\/www.meydan.tv\\\/az\\\/\",\"logo\":{\"@type\":\"ImageObject\",\"inLanguage\":\"az\",\"@id\":\"https:\\\/\\\/www.meydan.tv\\\/az\\\/#\\\/schema\\\/logo\\\/image\\\/\",\"url\":\"https:\\\/\\\/www.meydan.tv\\\/wp-content\\\/uploads\\\/2021\\\/07\\\/meydan-logo.svg\",\"contentUrl\":\"https:\\\/\\\/www.meydan.tv\\\/wp-content\\\/uploads\\\/2021\\\/07\\\/meydan-logo.svg\",\"width\":195,\"height\":46,\"caption\":\"Meydan TV\"},\"image\":{\"@id\":\"https:\\\/\\\/www.meydan.tv\\\/az\\\/#\\\/schema\\\/logo\\\/image\\\/\"}},{\"@type\":\"Person\",\"@id\":\"https:\\\/\\\/www.meydan.tv\\\/az\\\/#\\\/schema\\\/person\\\/09863e516102a829e72bedcf3f84c6b0\",\"name\":\"mahmud\"}]}<\/script>\n<!-- \/ Yoast SEO plugin. -->","yoast_head_json":{"title":"Parklanmaya v\u0259 s\u00fcr\u00fcc\u00fcl\u00fck v\u0259siq\u0259sin\u0259 g\u00f6r\u0259 c\u0259rim\u0259l\u0259r art\u0131r\u0131l\u0131b","description":"Parklanmaya v\u0259 s\u00fcr\u00fcc\u00fcl\u00fck v\u0259siq\u0259sinin olmamas\u0131na g\u00f6r\u0259 c\u0259rim\u0259l\u0259r art\u0131r\u0131l\u0131b. Q\u0131rm\u0131z\u0131 i\u015f\u0131qda s\u00fcr\u0259nl\u0259rin d\u0259 c\u0259rim\u0259l\u0259rind\u0259 art\u0131m edilib. Az\u0259rbaycanda parklanma qaydalar\u0131n\u0131n pozulmas\u0131na g\u00f6r\u0259 yeni c\u0259rim\u0259l\u0259r m\u00fc\u0259yy\u0259nl\u0259\u015fib.Bununla ba\u011fl\u0131 \u0130nzibati X\u0259talar M\u0259c\u0259ll\u0259sin\u0259 d\u0259yi\u015fiklik layih\u0259si parlamentin bug\u00fcnk\u00fc iclas\u0131nda III oxunu\u015fda m\u00fczakir\u0259y\u0259 \u00e7\u0131xar\u0131l\u0131b. M\u00fczakir\u0259l\u0259rd\u0259n sonra d\u0259yi\u015fiklikl\u0259r layih\u0259si s\u0259sverm\u0259y\u0259 \u00e7\u0131xar\u0131laraq III oxunu\u015fda q\u0259bul edilib.","robots":{"index":"index","follow":"follow","max-snippet":"max-snippet:-1","max-image-preview":"max-image-preview:large","max-video-preview":"max-video-preview:-1"},"canonical":"https:\/\/www.meydan.tv\/az\/article\/parklanmaya-ve-suruculuk-vesiqesinin-olmamasina-gore-cerimeler-artirilib\/","og_locale":"az_AZ","og_type":"article","og_title":"Parklanmaya v\u0259 s\u00fcr\u00fcc\u00fcl\u00fck v\u0259siq\u0259sin\u0259 g\u00f6r\u0259 c\u0259rim\u0259l\u0259r art\u0131r\u0131l\u0131b","og_description":"Parklanmaya v\u0259 s\u00fcr\u00fcc\u00fcl\u00fck v\u0259siq\u0259sinin olmamas\u0131na g\u00f6r\u0259 c\u0259rim\u0259l\u0259r art\u0131r\u0131l\u0131b. Q\u0131rm\u0131z\u0131 i\u015f\u0131qda s\u00fcr\u0259nl\u0259rin d\u0259 c\u0259rim\u0259l\u0259rind\u0259 art\u0131m edilib. Az\u0259rbaycanda parklanma qaydalar\u0131n\u0131n pozulmas\u0131na g\u00f6r\u0259 yeni c\u0259rim\u0259l\u0259r m\u00fc\u0259yy\u0259nl\u0259\u015fib.Bununla ba\u011fl\u0131 \u0130nzibati X\u0259talar M\u0259c\u0259ll\u0259sin\u0259 d\u0259yi\u015fiklik layih\u0259si parlamentin bug\u00fcnk\u00fc iclas\u0131nda III oxunu\u015fda m\u00fczakir\u0259y\u0259 \u00e7\u0131xar\u0131l\u0131b. M\u00fczakir\u0259l\u0259rd\u0259n sonra d\u0259yi\u015fiklikl\u0259r layih\u0259si s\u0259sverm\u0259y\u0259 \u00e7\u0131xar\u0131laraq III oxunu\u015fda q\u0259bul edilib.","og_url":"https:\/\/www.meydan.tv\/az\/article\/parklanmaya-ve-suruculuk-vesiqesinin-olmamasina-gore-cerimeler-artirilib\/","og_site_name":"MEYDAN.TV","article_published_time":"2024-06-28T09:33:03+00:00","article_modified_time":"2024-06-28T09:33:05+00:00","og_image":[{"width":859,"height":484,"url":"https:\/\/www.meydan.tv\/wp-content\/uploads\/crim_2.jpg","type":"image\/jpeg"}],"author":"mahmud","twitter_card":"summary_large_image","schema":{"@context":"https:\/\/schema.org","@graph":[{"@type":"Article","@id":"https:\/\/www.meydan.tv\/az\/article\/parklanmaya-ve-suruculuk-vesiqesinin-olmamasina-gore-cerimeler-artirilib\/#article","isPartOf":{"@id":"https:\/\/www.meydan.tv\/az\/article\/parklanmaya-ve-suruculuk-vesiqesinin-olmamasina-gore-cerimeler-artirilib\/"},"author":{"name":"mahmud","@id":"https:\/\/www.meydan.tv\/az\/#\/schema\/person\/09863e516102a829e72bedcf3f84c6b0"},"headline":"Parklanmaya v\u0259 s\u00fcr\u00fcc\u00fcl\u00fck v\u0259siq\u0259sinin olmamas\u0131na g\u00f6r\u0259 c\u0259rim\u0259l\u0259r art\u0131r\u0131l\u0131b","datePublished":"2024-06-28T09:33:03+00:00","dateModified":"2024-06-28T09:33:05+00:00","mainEntityOfPage":{"@id":"https:\/\/www.meydan.tv\/az\/article\/parklanmaya-ve-suruculuk-vesiqesinin-olmamasina-gore-cerimeler-artirilib\/"},"wordCount":1047,"publisher":{"@id":"https:\/\/www.meydan.tv\/az\/#organization"},"image":{"@id":"https:\/\/www.meydan.tv\/az\/article\/parklanmaya-ve-suruculuk-vesiqesinin-olmamasina-gore-cerimeler-artirilib\/#primaryimage"},"thumbnailUrl":"https:\/\/www.meydan.tv\/wp-content\/uploads\/crim_2.jpg","articleSection":["Sosial","X\u0259b\u0259rl\u0259r"],"inLanguage":"az"},{"@type":"WebPage","@id":"https:\/\/www.meydan.tv\/az\/article\/parklanmaya-ve-suruculuk-vesiqesinin-olmamasina-gore-cerimeler-artirilib\/","url":"https:\/\/www.meydan.tv\/az\/article\/parklanmaya-ve-suruculuk-vesiqesinin-olmamasina-gore-cerimeler-artirilib\/","name":"Parklanmaya v\u0259 s\u00fcr\u00fcc\u00fcl\u00fck v\u0259siq\u0259sin\u0259 g\u00f6r\u0259 c\u0259rim\u0259l\u0259r art\u0131r\u0131l\u0131b","isPartOf":{"@id":"https:\/\/www.meydan.tv\/az\/#website"},"primaryImageOfPage":{"@id":"https:\/\/www.meydan.tv\/az\/article\/parklanmaya-ve-suruculuk-vesiqesinin-olmamasina-gore-cerimeler-artirilib\/#primaryimage"},"image":{"@id":"https:\/\/www.meydan.tv\/az\/article\/parklanmaya-ve-suruculuk-vesiqesinin-olmamasina-gore-cerimeler-artirilib\/#primaryimage"},"thumbnailUrl":"https:\/\/www.meydan.tv\/wp-content\/uploads\/crim_2.jpg","datePublished":"2024-06-28T09:33:03+00:00","dateModified":"2024-06-28T09:33:05+00:00","description":"Parklanmaya v\u0259 s\u00fcr\u00fcc\u00fcl\u00fck v\u0259siq\u0259sinin olmamas\u0131na g\u00f6r\u0259 c\u0259rim\u0259l\u0259r art\u0131r\u0131l\u0131b. Q\u0131rm\u0131z\u0131 i\u015f\u0131qda s\u00fcr\u0259nl\u0259rin d\u0259 c\u0259rim\u0259l\u0259rind\u0259 art\u0131m edilib. Az\u0259rbaycanda parklanma qaydalar\u0131n\u0131n pozulmas\u0131na g\u00f6r\u0259 yeni c\u0259rim\u0259l\u0259r m\u00fc\u0259yy\u0259nl\u0259\u015fib.Bununla ba\u011fl\u0131 \u0130nzibati X\u0259talar M\u0259c\u0259ll\u0259sin\u0259 d\u0259yi\u015fiklik layih\u0259si parlamentin bug\u00fcnk\u00fc iclas\u0131nda III oxunu\u015fda m\u00fczakir\u0259y\u0259 \u00e7\u0131xar\u0131l\u0131b. M\u00fczakir\u0259l\u0259rd\u0259n sonra d\u0259yi\u015fiklikl\u0259r layih\u0259si s\u0259sverm\u0259y\u0259 \u00e7\u0131xar\u0131laraq III oxunu\u015fda q\u0259bul edilib.","breadcrumb":{"@id":"https:\/\/www.meydan.tv\/az\/article\/parklanmaya-ve-suruculuk-vesiqesinin-olmamasina-gore-cerimeler-artirilib\/#breadcrumb"},"inLanguage":"az","potentialAction":[{"@type":"ReadAction","target":["https:\/\/www.meydan.tv\/az\/article\/parklanmaya-ve-suruculuk-vesiqesinin-olmamasina-gore-cerimeler-artirilib\/"]}]},{"@type":"ImageObject","inLanguage":"az","@id":"https:\/\/www.meydan.tv\/az\/article\/parklanmaya-ve-suruculuk-vesiqesinin-olmamasina-gore-cerimeler-artirilib\/#primaryimage","url":"https:\/\/www.meydan.tv\/wp-content\/uploads\/crim_2.jpg","contentUrl":"https:\/\/www.meydan.tv\/wp-content\/uploads\/crim_2.jpg","width":859,"height":484,"caption":"Source: Specify Source"},{"@type":"BreadcrumbList","@id":"https:\/\/www.meydan.tv\/az\/article\/parklanmaya-ve-suruculuk-vesiqesinin-olmamasina-gore-cerimeler-artirilib\/#breadcrumb","itemListElement":[{"@type":"ListItem","position":1,"name":"Ana s\u0259hif\u0259","item":"https:\/\/www.meydan.tv\/az\/"},{"@type":"ListItem","position":2,"name":"Sosial","item":"https:\/\/www.meydan.tv\/az\/section\/sosial\/"},{"@type":"ListItem","position":3,"name":"Parklanmaya v\u0259 s\u00fcr\u00fcc\u00fcl\u00fck v\u0259siq\u0259sinin olmamas\u0131na g\u00f6r\u0259 c\u0259rim\u0259l\u0259r art\u0131r\u0131l\u0131b"}]},{"@type":"WebSite","@id":"https:\/\/www.meydan.tv\/az\/#website","url":"https:\/\/www.meydan.tv\/az\/","name":"MEYDAN.TV","description":"Meydan TV Az\u0259rbaycan\u0131n media m\u0259kan\u0131ndak\u0131 alternativ s\u0259sidir","publisher":{"@id":"https:\/\/www.meydan.tv\/az\/#organization"},"potentialAction":[{"@type":"SearchAction","target":{"@type":"EntryPoint","urlTemplate":"https:\/\/www.meydan.tv\/az\/?s={search_term_string}"},"query-input":{"@type":"PropertyValueSpecification","valueRequired":true,"valueName":"search_term_string"}}],"inLanguage":"az"},{"@type":"Organization","@id":"https:\/\/www.meydan.tv\/az\/#organization","name":"Meydan TV","url":"https:\/\/www.meydan.tv\/az\/","logo":{"@type":"ImageObject","inLanguage":"az","@id":"https:\/\/www.meydan.tv\/az\/#\/schema\/logo\/image\/","url":"https:\/\/www.meydan.tv\/wp-content\/uploads\/2021\/07\/meydan-logo.svg","contentUrl":"https:\/\/www.meydan.tv\/wp-content\/uploads\/2021\/07\/meydan-logo.svg","width":195,"height":46,"caption":"Meydan TV"},"image":{"@id":"https:\/\/www.meydan.tv\/az\/#\/schema\/logo\/image\/"}},{"@type":"Person","@id":"https:\/\/www.meydan.tv\/az\/#\/schema\/person\/09863e516102a829e72bedcf3f84c6b0","name":"mahmud"}]}},"_links":{"self":[{"href":"https:\/\/www.meydan.tv\/az\/wp-json\/wp\/v2\/posts\/309213","targetHints":{"allow":["GET"]}}],"collection":[{"href":"https:\/\/www.meydan.tv\/az\/wp-json\/wp\/v2\/posts"}],"about":[{"href":"https:\/\/www.meydan.tv\/az\/wp-json\/wp\/v2\/types\/post"}],"author":[{"embeddable":true,"href":"https:\/\/www.meydan.tv\/az\/wp-json\/wp\/v2\/users\/21"}],"replies":[{"embeddable":true,"href":"https:\/\/www.meydan.tv\/az\/wp-json\/wp\/v2\/comments?post=309213"}],"version-history":[{"count":1,"href":"https:\/\/www.meydan.tv\/az\/wp-json\/wp\/v2\/posts\/309213\/revisions"}],"predecessor-version":[{"id":309214,"href":"https:\/\/www.meydan.tv\/az\/wp-json\/wp\/v2\/posts\/309213\/revisions\/309214"}],"wp:featuredmedia":[{"embeddable":true,"href":"https:\/\/www.meydan.tv\/az\/wp-json\/wp\/v2\/media\/3106"}],"wp:attachment":[{"href":"https:\/\/www.meydan.tv\/az\/wp-json\/wp\/v2\/media?parent=309213"}],"wp:term":[{"taxonomy":"category","embeddable":true,"href":"https:\/\/www.meydan.tv\/az\/wp-json\/wp\/v2\/categories?post=309213"},{"taxonomy":"post_tag","embeddable":true,"href":"https:\/\/www.meydan.tv\/az\/wp-json\/wp\/v2\/tags?post=309213"}],"curies":[{"name":"wp","href":"https:\/\/api.w.org\/{rel}","templated":true}]}}