{"id":309180,"date":"2024-06-27T23:34:53","date_gmt":"2024-06-27T19:34:53","guid":{"rendered":"https:\/\/www.meydan.tv\/?p=309180"},"modified":"2024-06-28T11:21:29","modified_gmt":"2024-06-28T07:21:29","slug":"pullarim-ogurlanib-bir-ildir-polis-sobesinin-qapisinda-qalmisam","status":"publish","type":"post","link":"https:\/\/www.meydan.tv\/az\/article\/pullarim-ogurlanib-bir-ildir-polis-sobesinin-qapisinda-qalmisam\/","title":{"rendered":"\u201cPullar\u0131m o\u011furlan\u0131b, bir ildir polis \u015f\u00f6b\u0259sinin qap\u0131s\u0131nda qalm\u0131\u015fam\u201d"},"content":{"rendered":"\n<p><\/p>\n\n\n\n<p><strong><em>\u015eikay\u0259t\u00e7i deyir ki, qohumu pulu o\u011furlad\u0131\u011f\u0131n\u0131 etiraf ets\u0259 d\u0259, t\u0259dbir g\u00f6r\u00fclm\u00fcr<\/em><\/strong><\/p>\n\n\n\n<p>Yevlax sakini Elmira M\u00fct\u0259llimova qohumugil\u0259 qonaq getdiyi g\u00fcnd\u0259n b\u0259ri problemd\u0259dir. Qad\u0131n Meydan TV-y\u0259 dan\u0131\u015f\u0131r ki, \u00f6t\u0259n il Yevlaxda qonaq qald\u0131\u011f\u0131 yax\u0131n qohumunun evind\u0259 pulu o\u011furlan\u0131b. Bir ildir ki, rayon polisin\u0259 v\u0259 prokuroruna m\u00fcraci\u0259t ets\u0259 d\u0259, n\u0259tic\u0259siz qal\u0131b.<\/p>\n\n\n\n<p>\u201c<em>Bu g\u00fcnl\u0259rd\u0259 bizi yen\u0259 \u00fczl\u0259\u015fdirdil\u0259r, qad\u0131n pulumu o\u011furlad\u0131\u011f\u0131n\u0131 n\u00f6vb\u0259ti d\u0259f\u0259 boynuna ald\u0131. Dedi ki, iyunun 15-d\u0259k m\u00f6hl\u0259t verin, o\u011furlad\u0131\u011f\u0131m pulu q\u0259piyin\u0259d\u0259k geri qaytaracam. \u0130yunun 15-i d\u0259 gerid\u0259 qald\u0131, yen\u0259 bir h\u0259r\u0259k\u0259t yoxdur. Bir ildir ki, polis qap\u0131s\u0131nda qalm\u0131\u015fam. M\u0259n art\u0131q bilmir\u0259m d\u0259rdimi hara v\u0259 kim\u0259 deyim\u201d.<\/em><\/p>\n\n\n\n<p>\u015eikay\u0259t\u00e7inin s\u00f6zl\u0259rin\u0259 g\u00f6r\u0259, uzun ill\u0259dir ki, Rusiyada ya\u015fay\u0131r. Bir m\u00fcdd\u0259t \u0259vv\u0259l o\u011flunun q\u0259fil \u00f6l\u00fcm\u00fc onu Az\u0259rbaycana \u2013 daha d\u0259qiqi, Yevlaxa qay\u0131tmaq m\u0259cburiyy\u0259tind\u0259 qoyub. O\u011flunu d\u0259fn etdikd\u0259n sonra Rusiyaya qay\u0131d\u0131b. Bir il sonra m\u0259rhumun il m\u0259rasimini ke\u00e7irm\u0259k \u00fc\u00e7\u00fcn yen\u0259 rayona g\u0259lib. Bu d\u0259f\u0259 o, bir qohumuna qar\u015f\u0131 m\u00fclki m\u0259s\u0259l\u0259y\u0259 g\u00f6r\u0259 a\u00e7d\u0131\u011f\u0131 m\u0259hk\u0259m\u0259 m\u00fcbahis\u0259sind\u0259 i\u015ftirak etm\u0259k \u00fc\u00e7\u00fcn rayonda qalmal\u0131 olub. \u0130ddia edir ki, yax\u0131n qohumu pullar\u0131n\u0131 o\u011furlay\u0131b:<\/p>\n\n\n\n<p>\u201c<em>M\u0259n Rusiyada olark\u0259n qayn\u0131m \u00fcmumi m\u00fclkiyy\u0259td\u0259 olan evi satm\u0131\u015fd\u0131. O\u011flumun il m\u0259rasimind\u0259n sonra m\u0259hk\u0259m\u0259y\u0259 m\u00fcraci\u0259t etdim. M\u0259hk\u0259m\u0259 q\u0259rar \u00e7\u0131xaranad\u0259k rayonda qalmal\u0131yd\u0131m. Day\u0131m\u0131n evin\u0259 y\u0131\u011f\u0131\u015fd\u0131m ki, m\u00fcv\u0259qq\u0259ti orada ya\u015fay\u0131m. El\u0259 2 min avro da day\u0131m\u0131n n\u0259v\u0259si t\u0259r\u0259find\u0259n o\u011furland\u0131\u201d.<\/em><\/p>\n\n\n\n<p><strong>\u201cN\u0259 pul qaytar\u0131l\u0131r, n\u0259 o\u011fru m\u0259suliyy\u0259t\u0259 c\u0259lb olunur\u201d<\/strong><\/p>\n\n\n\n<p>Xan\u0131m iddia edir ki, o\u011furluq ba\u015f ver\u0259n g\u00fcnd\u0259n Yevlax polisin\u0259 \u015fikay\u0259t\u00e7i d\u00fc\u015f\u00fcb, \u015f\u00fcbh\u0259l\u0259ndiyi \u015f\u0259xs o\u011furlu\u011fu d\u0259f\u0259l\u0259rl\u0259 etiraf edib, ancaq n\u0259 pul qaytar\u0131l\u0131r, n\u0259 d\u0259 o\u011fru cinay\u0259t m\u0259suliyy\u0259tin\u0259 c\u0259lb edilir:<\/p>\n\n\n\n<p>\u201c<em>Gizl\u0259tmir, boynuna da al\u0131r, ancaq polis deyir ki, u\u015fa\u011f\u0131 var, tuta bilm\u0259rik. Bel\u0259c\u0259, bir il \u00f6t\u00fcb, n\u0259 polis qanuni t\u0259dbir g\u00f6r\u00fcr, n\u0259 d\u0259 pulum qaytar\u0131l\u0131r. Rusiyaya qay\u0131tmal\u0131yam, pulumu qaytars\u0131n ki, m\u0259n d\u0259 \u00e7\u0131x\u0131b gedim\u201d.<\/em><\/p>\n\n\n\n<p>Elmira M\u00fct\u0259llimovan\u0131n s\u00f6zl\u0259rin\u0259 g\u00f6r\u0259, Yevlax rayon prokuroruna da m\u00fcraci\u0259t edib. Deyir, art\u0131q onda bel\u0259 fikir yaran\u0131b ki, bu m\u0259s\u0259l\u0259d\u0259 polisin hans\u0131sa maraqlar\u0131 var:<\/p>\n\n\n\n<p>\u201c<em>Polisin g\u00f6z\u00fc qar\u015f\u0131s\u0131nda \u015fikay\u0259timi geri g\u00f6t\u00fcrm\u0259yim \u00fc\u00e7\u00fcn m\u0259ni h\u0259d\u0259l\u0259yirl\u0259r, ancaq polis buna susur. \u00dcst\u0259lik, hadis\u0259 ba\u015f ver\u0259nd\u0259n g\u0259lib \u0259l izi d\u0259 g\u00f6t\u00fcr\u00fcbl\u0259r, ba\u015fqa istintaq h\u0259r\u0259k\u0259tl\u0259ri apar\u0131blar. O\u011frunun yerini d\u0259 g\u00f6st\u0259rir\u0259m ki, bax, bu adamd\u0131r. \u018fl iziyl\u0259 m\u00fc\u0259yy\u0259n ed\u0259 bil\u0259rl\u0259r. \u00d6z\u00fcm if\u015fa etmi\u015f\u0259m, polis\u0259 q\u0259d\u0259r g\u0259lib, o\u011furlu\u011fu boynuna al\u0131b, cinay\u0259tini etiraf edib, pe\u015fman oldu\u011funu deyib, pulu qaytaraca\u011f\u0131n\u0131 v\u0259d edib, polisin g\u00f6rm\u0259li oldu\u011fu i\u015fl\u0259rin ham\u0131s\u0131n\u0131 \u00f6z\u00fcm g\u00f6rm\u00fc\u015f\u0259m\u201d.<\/em><\/p>\n\n\n<div class=\"wp-block-image\">\n<figure class=\"alignleft size-full is-resized\"><img decoding=\"async\" width=\"1200\" height=\"800\" data-src=\"https:\/\/www.meydan.tv\/wp-content\/uploads\/untitled-design-2-18.jpg\" alt=\"\" class=\"wp-image-241361 lazyload\" style=\"--smush-placeholder-width: 1200px; --smush-placeholder-aspect-ratio: 1200\/800;width:395px;height:auto\" src=\"data:image\/svg+xml;base64,PHN2ZyB3aWR0aD0iMSIgaGVpZ2h0PSIxIiB4bWxucz0iaHR0cDovL3d3dy53My5vcmcvMjAwMC9zdmciPjwvc3ZnPg==\" \/><figcaption class=\"wp-element-caption\">Yevlax Rayon Polis \u015e\u00f6b\u0259si. Foto: DIN<\/figcaption><\/figure>\n<\/div>\n\n\n<p>\u201c<em>M\u0259n \u00f6z\u00fcm o\u011fruyla haqq-hesab \u00e7\u0259k\u0259c\u0259y\u0259ms\u0259, polisin v\u0259zif\u0259si n\u0259d\u0259n ibar\u0259tdir b\u0259s? N\u0259 vaxt \u015f\u00f6b\u0259y\u0259 gedir\u0259m, deyirl\u0259r, azya\u015fl\u0131 u\u015fa\u011f\u0131 var. Bel\u0259 \u00e7\u0131x\u0131r ki, azya\u015fl\u0131 u\u015fa\u011f\u0131 olanlar ist\u0259dikl\u0259ri cinay\u0259ti rahat t\u00f6r\u0259dib, m\u0259suliyy\u0259td\u0259n k\u0259narda qala bil\u0259rl\u0259r. Bu g\u00fcn o qad\u0131n m\u0259nim 2 min avromu o\u011furlay\u0131b m\u0259suliyy\u0259td\u0259n k\u0259narda qalacaqsa, sabah gedib ba\u015fqas\u0131ndan daha \u00e7ox pul o\u011furlayacaq. \u00d6zl\u0259ri n\u00f6vb\u0259ti cinay\u0259t\u0259 yol a\u00e7\u0131rlar\u201d, &#8211;<\/em> \u015fikay\u0259t\u00e7i deyir.<\/p>\n\n\n\n<p><\/p>\n\n\n\n<p>Daxili i\u015fl\u0259r Nazirliyinin (D\u0130N) M\u0259tbuat Xidm\u0259tind\u0259n Meydan TV-y\u0259 bildirilib ki, bununla ba\u011fl\u0131 m\u00fcraci\u0259t \u0259sas\u0131nda Yevlax Rayon Polis \u015e\u00f6b\u0259sind\u0259 m\u00fcvafiq qaydada ara\u015fd\u0131rma apar\u0131l\u0131b. D\u0130N-in M\u0259tbuat Xidm\u0259tinin regional qrupundan bildirilib ki, ara\u015fd\u0131rman\u0131n n\u0259tic\u0259sind\u0259n as\u0131l\u0131 olaraq cinay\u0259t i\u015finin ba\u015flan\u0131lmas\u0131 r\u0259dd olunub:<\/p>\n\n\n\n<p><em>\u201cM\u00fcraci\u0259t m\u00fclki xarakterli oldu\u011fu \u00fc\u00e7\u00fcn aidiyy\u0259ti \u00fczr\u0259 m\u0259hk\u0259m\u0259y\u0259 m\u00fcraci\u0259t etm\u0259yi v\u0259t\u0259nda\u015fa izah edilib\u201d.<\/em><\/p>\n\n\n\n<p>Elmira M\u00fct\u0259llimova is\u0259 polisin g\u0259ldiyi q\u0259na\u0259tl\u0259 raz\u0131la\u015fm\u0131r. Deyir ki, pulunu borc verm\u0259yib ki, ala bilm\u0259diyi \u00fc\u00e7\u00fcn m\u0259hk\u0259m\u0259y\u0259 \u00fcz tutsun:<\/p>\n\n\n\n<p><em>\u201cPul o\u011furlan\u0131b, o\u011fru da etiraf edib\u201d.<\/em><\/p>\n","protected":false},"excerpt":{"rendered":"<p>\u015eikay\u0259t\u00e7i deyir ki, qohumu pulu o\u011furlad\u0131\u011f\u0131n\u0131 etiraf ets\u0259 d\u0259, t\u0259dbir &#8230; <\/p>\n<p class=\"read-more-container\"><a title=\"\u201cPullar\u0131m o\u011furlan\u0131b, bir ildir polis \u015f\u00f6b\u0259sinin qap\u0131s\u0131nda qalm\u0131\u015fam\u201d\" class=\"read-more button\" href=\"https:\/\/www.meydan.tv\/az\/article\/pullarim-ogurlanib-bir-ildir-polis-sobesinin-qapisinda-qalmisam\/#more-309180\" aria-label=\"Read more about \u201cPullar\u0131m o\u011furlan\u0131b, bir ildir polis \u015f\u00f6b\u0259sinin qap\u0131s\u0131nda qalm\u0131\u015fam\u201d\">Davam\u0131<\/a><\/p>\n","protected":false},"author":8,"featured_media":245382,"comment_status":"closed","ping_status":"closed","sticky":false,"template":"","format":"standard","meta":{"_acf_changed":false,"_sitemap_exclude":false,"_sitemap_priority":"","_sitemap_frequency":"","footnotes":""},"categories":[60,56],"tags":[],"class_list":["post-309180","post","type-post","status-publish","format-standard","has-post-thumbnail","hentry","category-bolge","category-xeberler","infinite-scroll-item","generate-columns","tablet-grid-50","mobile-grid-100","grid-parent","grid-33","no-featured-image-padding"],"acf":[],"yoast_head":"<!-- This site is optimized with the Yoast SEO plugin v27.4 - https:\/\/yoast.com\/product\/yoast-seo-wordpress\/ -->\n<title>\u201cPullar\u0131m o\u011furlan\u0131b, bir ildir polis \u015f\u00f6b\u0259sinin qap\u0131s\u0131nda qalm\u0131\u015fam\u201d - MEYDAN.TV<\/title>\n<meta name=\"robots\" content=\"index, follow, max-snippet:-1, max-image-preview:large, max-video-preview:-1\" \/>\n<link rel=\"canonical\" href=\"https:\/\/www.meydan.tv\/az\/article\/pullarim-ogurlanib-bir-ildir-polis-sobesinin-qapisinda-qalmisam\/\" \/>\n<meta property=\"og:locale\" content=\"az_AZ\" \/>\n<meta property=\"og:type\" content=\"article\" \/>\n<meta property=\"og:title\" content=\"\u201cPullar\u0131m o\u011furlan\u0131b, bir ildir polis \u015f\u00f6b\u0259sinin qap\u0131s\u0131nda qalm\u0131\u015fam\u201d - MEYDAN.TV\" \/>\n<meta property=\"og:description\" content=\"\u015eikay\u0259t\u00e7i deyir ki, qohumu pulu o\u011furlad\u0131\u011f\u0131n\u0131 etiraf ets\u0259 d\u0259, t\u0259dbir ... Davam\u0131\" \/>\n<meta property=\"og:url\" content=\"https:\/\/www.meydan.tv\/az\/article\/pullarim-ogurlanib-bir-ildir-polis-sobesinin-qapisinda-qalmisam\/\" \/>\n<meta property=\"og:site_name\" content=\"MEYDAN.TV\" \/>\n<meta property=\"article:published_time\" content=\"2024-06-27T19:34:53+00:00\" \/>\n<meta property=\"article:modified_time\" content=\"2024-06-28T07:21:29+00:00\" \/>\n<meta property=\"og:image\" content=\"https:\/\/www.meydan.tv\/wp-content\/uploads\/shutterstock_1903359925.jpg\" \/>\n\t<meta property=\"og:image:width\" content=\"1200\" \/>\n\t<meta property=\"og:image:height\" content=\"800\" \/>\n\t<meta property=\"og:image:type\" content=\"image\/jpeg\" \/>\n<meta name=\"author\" content=\"elli\" \/>\n<meta name=\"twitter:card\" content=\"summary_large_image\" \/>\n<meta name=\"twitter:creator\" content=\"@elli\" \/>\n<script type=\"application\/ld+json\" class=\"yoast-schema-graph\">{\"@context\":\"https:\\\/\\\/schema.org\",\"@graph\":[{\"@type\":\"Article\",\"@id\":\"https:\\\/\\\/www.meydan.tv\\\/az\\\/article\\\/pullarim-ogurlanib-bir-ildir-polis-sobesinin-qapisinda-qalmisam\\\/#article\",\"isPartOf\":{\"@id\":\"https:\\\/\\\/www.meydan.tv\\\/az\\\/article\\\/pullarim-ogurlanib-bir-ildir-polis-sobesinin-qapisinda-qalmisam\\\/\"},\"author\":{\"name\":\"elli\",\"@id\":\"https:\\\/\\\/www.meydan.tv\\\/az\\\/#\\\/schema\\\/person\\\/9cdbecf90d17180ce1dfbd95b08dcf47\"},\"headline\":\"\u201cPullar\u0131m o\u011furlan\u0131b, bir ildir polis \u015f\u00f6b\u0259sinin qap\u0131s\u0131nda qalm\u0131\u015fam\u201d\",\"datePublished\":\"2024-06-27T19:34:53+00:00\",\"dateModified\":\"2024-06-28T07:21:29+00:00\",\"mainEntityOfPage\":{\"@id\":\"https:\\\/\\\/www.meydan.tv\\\/az\\\/article\\\/pullarim-ogurlanib-bir-ildir-polis-sobesinin-qapisinda-qalmisam\\\/\"},\"wordCount\":873,\"publisher\":{\"@id\":\"https:\\\/\\\/www.meydan.tv\\\/az\\\/#organization\"},\"image\":{\"@id\":\"https:\\\/\\\/www.meydan.tv\\\/az\\\/article\\\/pullarim-ogurlanib-bir-ildir-polis-sobesinin-qapisinda-qalmisam\\\/#primaryimage\"},\"thumbnailUrl\":\"https:\\\/\\\/www.meydan.tv\\\/wp-content\\\/uploads\\\/shutterstock_1903359925.jpg\",\"articleSection\":[\"B\u00f6lg\u0259\",\"X\u0259b\u0259rl\u0259r\"],\"inLanguage\":\"az\"},{\"@type\":\"WebPage\",\"@id\":\"https:\\\/\\\/www.meydan.tv\\\/az\\\/article\\\/pullarim-ogurlanib-bir-ildir-polis-sobesinin-qapisinda-qalmisam\\\/\",\"url\":\"https:\\\/\\\/www.meydan.tv\\\/az\\\/article\\\/pullarim-ogurlanib-bir-ildir-polis-sobesinin-qapisinda-qalmisam\\\/\",\"name\":\"\u201cPullar\u0131m o\u011furlan\u0131b, bir ildir polis \u015f\u00f6b\u0259sinin qap\u0131s\u0131nda qalm\u0131\u015fam\u201d - MEYDAN.TV\",\"isPartOf\":{\"@id\":\"https:\\\/\\\/www.meydan.tv\\\/az\\\/#website\"},\"primaryImageOfPage\":{\"@id\":\"https:\\\/\\\/www.meydan.tv\\\/az\\\/article\\\/pullarim-ogurlanib-bir-ildir-polis-sobesinin-qapisinda-qalmisam\\\/#primaryimage\"},\"image\":{\"@id\":\"https:\\\/\\\/www.meydan.tv\\\/az\\\/article\\\/pullarim-ogurlanib-bir-ildir-polis-sobesinin-qapisinda-qalmisam\\\/#primaryimage\"},\"thumbnailUrl\":\"https:\\\/\\\/www.meydan.tv\\\/wp-content\\\/uploads\\\/shutterstock_1903359925.jpg\",\"datePublished\":\"2024-06-27T19:34:53+00:00\",\"dateModified\":\"2024-06-28T07:21:29+00:00\",\"breadcrumb\":{\"@id\":\"https:\\\/\\\/www.meydan.tv\\\/az\\\/article\\\/pullarim-ogurlanib-bir-ildir-polis-sobesinin-qapisinda-qalmisam\\\/#breadcrumb\"},\"inLanguage\":\"az\",\"potentialAction\":[{\"@type\":\"ReadAction\",\"target\":[\"https:\\\/\\\/www.meydan.tv\\\/az\\\/article\\\/pullarim-ogurlanib-bir-ildir-polis-sobesinin-qapisinda-qalmisam\\\/\"]}]},{\"@type\":\"ImageObject\",\"inLanguage\":\"az\",\"@id\":\"https:\\\/\\\/www.meydan.tv\\\/az\\\/article\\\/pullarim-ogurlanib-bir-ildir-polis-sobesinin-qapisinda-qalmisam\\\/#primaryimage\",\"url\":\"https:\\\/\\\/www.meydan.tv\\\/wp-content\\\/uploads\\\/shutterstock_1903359925.jpg\",\"contentUrl\":\"https:\\\/\\\/www.meydan.tv\\\/wp-content\\\/uploads\\\/shutterstock_1903359925.jpg\",\"width\":1200,\"height\":800,\"caption\":\"Avro. Foto: artofvisionn\\\/shutterstock\"},{\"@type\":\"BreadcrumbList\",\"@id\":\"https:\\\/\\\/www.meydan.tv\\\/az\\\/article\\\/pullarim-ogurlanib-bir-ildir-polis-sobesinin-qapisinda-qalmisam\\\/#breadcrumb\",\"itemListElement\":[{\"@type\":\"ListItem\",\"position\":1,\"name\":\"Ana s\u0259hif\u0259\",\"item\":\"https:\\\/\\\/www.meydan.tv\\\/az\\\/\"},{\"@type\":\"ListItem\",\"position\":2,\"name\":\"B\u00f6lg\u0259\",\"item\":\"https:\\\/\\\/www.meydan.tv\\\/az\\\/section\\\/bolge\\\/\"},{\"@type\":\"ListItem\",\"position\":3,\"name\":\"\u201cPullar\u0131m o\u011furlan\u0131b, bir ildir polis \u015f\u00f6b\u0259sinin qap\u0131s\u0131nda qalm\u0131\u015fam\u201d\"}]},{\"@type\":\"WebSite\",\"@id\":\"https:\\\/\\\/www.meydan.tv\\\/az\\\/#website\",\"url\":\"https:\\\/\\\/www.meydan.tv\\\/az\\\/\",\"name\":\"MEYDAN.TV\",\"description\":\"Meydan TV Az\u0259rbaycan\u0131n media m\u0259kan\u0131ndak\u0131 alternativ s\u0259sidir\",\"publisher\":{\"@id\":\"https:\\\/\\\/www.meydan.tv\\\/az\\\/#organization\"},\"potentialAction\":[{\"@type\":\"SearchAction\",\"target\":{\"@type\":\"EntryPoint\",\"urlTemplate\":\"https:\\\/\\\/www.meydan.tv\\\/az\\\/?s={search_term_string}\"},\"query-input\":{\"@type\":\"PropertyValueSpecification\",\"valueRequired\":true,\"valueName\":\"search_term_string\"}}],\"inLanguage\":\"az\"},{\"@type\":\"Organization\",\"@id\":\"https:\\\/\\\/www.meydan.tv\\\/az\\\/#organization\",\"name\":\"Meydan TV\",\"url\":\"https:\\\/\\\/www.meydan.tv\\\/az\\\/\",\"logo\":{\"@type\":\"ImageObject\",\"inLanguage\":\"az\",\"@id\":\"https:\\\/\\\/www.meydan.tv\\\/az\\\/#\\\/schema\\\/logo\\\/image\\\/\",\"url\":\"https:\\\/\\\/www.meydan.tv\\\/wp-content\\\/uploads\\\/2021\\\/07\\\/meydan-logo.svg\",\"contentUrl\":\"https:\\\/\\\/www.meydan.tv\\\/wp-content\\\/uploads\\\/2021\\\/07\\\/meydan-logo.svg\",\"width\":195,\"height\":46,\"caption\":\"Meydan TV\"},\"image\":{\"@id\":\"https:\\\/\\\/www.meydan.tv\\\/az\\\/#\\\/schema\\\/logo\\\/image\\\/\"}},{\"@type\":\"Person\",\"@id\":\"https:\\\/\\\/www.meydan.tv\\\/az\\\/#\\\/schema\\\/person\\\/9cdbecf90d17180ce1dfbd95b08dcf47\",\"name\":\"elli\",\"sameAs\":[\"https:\\\/\\\/x.com\\\/elli\"]}]}<\/script>\n<!-- \/ Yoast SEO plugin. -->","yoast_head_json":{"title":"\u201cPullar\u0131m o\u011furlan\u0131b, bir ildir polis \u015f\u00f6b\u0259sinin qap\u0131s\u0131nda qalm\u0131\u015fam\u201d - MEYDAN.TV","robots":{"index":"index","follow":"follow","max-snippet":"max-snippet:-1","max-image-preview":"max-image-preview:large","max-video-preview":"max-video-preview:-1"},"canonical":"https:\/\/www.meydan.tv\/az\/article\/pullarim-ogurlanib-bir-ildir-polis-sobesinin-qapisinda-qalmisam\/","og_locale":"az_AZ","og_type":"article","og_title":"\u201cPullar\u0131m o\u011furlan\u0131b, bir ildir polis \u015f\u00f6b\u0259sinin qap\u0131s\u0131nda qalm\u0131\u015fam\u201d - MEYDAN.TV","og_description":"\u015eikay\u0259t\u00e7i deyir ki, qohumu pulu o\u011furlad\u0131\u011f\u0131n\u0131 etiraf ets\u0259 d\u0259, t\u0259dbir ... Davam\u0131","og_url":"https:\/\/www.meydan.tv\/az\/article\/pullarim-ogurlanib-bir-ildir-polis-sobesinin-qapisinda-qalmisam\/","og_site_name":"MEYDAN.TV","article_published_time":"2024-06-27T19:34:53+00:00","article_modified_time":"2024-06-28T07:21:29+00:00","og_image":[{"width":1200,"height":800,"url":"https:\/\/www.meydan.tv\/wp-content\/uploads\/shutterstock_1903359925.jpg","type":"image\/jpeg"}],"author":"elli","twitter_card":"summary_large_image","twitter_creator":"@elli","schema":{"@context":"https:\/\/schema.org","@graph":[{"@type":"Article","@id":"https:\/\/www.meydan.tv\/az\/article\/pullarim-ogurlanib-bir-ildir-polis-sobesinin-qapisinda-qalmisam\/#article","isPartOf":{"@id":"https:\/\/www.meydan.tv\/az\/article\/pullarim-ogurlanib-bir-ildir-polis-sobesinin-qapisinda-qalmisam\/"},"author":{"name":"elli","@id":"https:\/\/www.meydan.tv\/az\/#\/schema\/person\/9cdbecf90d17180ce1dfbd95b08dcf47"},"headline":"\u201cPullar\u0131m o\u011furlan\u0131b, bir ildir polis \u015f\u00f6b\u0259sinin qap\u0131s\u0131nda qalm\u0131\u015fam\u201d","datePublished":"2024-06-27T19:34:53+00:00","dateModified":"2024-06-28T07:21:29+00:00","mainEntityOfPage":{"@id":"https:\/\/www.meydan.tv\/az\/article\/pullarim-ogurlanib-bir-ildir-polis-sobesinin-qapisinda-qalmisam\/"},"wordCount":873,"publisher":{"@id":"https:\/\/www.meydan.tv\/az\/#organization"},"image":{"@id":"https:\/\/www.meydan.tv\/az\/article\/pullarim-ogurlanib-bir-ildir-polis-sobesinin-qapisinda-qalmisam\/#primaryimage"},"thumbnailUrl":"https:\/\/www.meydan.tv\/wp-content\/uploads\/shutterstock_1903359925.jpg","articleSection":["B\u00f6lg\u0259","X\u0259b\u0259rl\u0259r"],"inLanguage":"az"},{"@type":"WebPage","@id":"https:\/\/www.meydan.tv\/az\/article\/pullarim-ogurlanib-bir-ildir-polis-sobesinin-qapisinda-qalmisam\/","url":"https:\/\/www.meydan.tv\/az\/article\/pullarim-ogurlanib-bir-ildir-polis-sobesinin-qapisinda-qalmisam\/","name":"\u201cPullar\u0131m o\u011furlan\u0131b, bir ildir polis \u015f\u00f6b\u0259sinin qap\u0131s\u0131nda qalm\u0131\u015fam\u201d - MEYDAN.TV","isPartOf":{"@id":"https:\/\/www.meydan.tv\/az\/#website"},"primaryImageOfPage":{"@id":"https:\/\/www.meydan.tv\/az\/article\/pullarim-ogurlanib-bir-ildir-polis-sobesinin-qapisinda-qalmisam\/#primaryimage"},"image":{"@id":"https:\/\/www.meydan.tv\/az\/article\/pullarim-ogurlanib-bir-ildir-polis-sobesinin-qapisinda-qalmisam\/#primaryimage"},"thumbnailUrl":"https:\/\/www.meydan.tv\/wp-content\/uploads\/shutterstock_1903359925.jpg","datePublished":"2024-06-27T19:34:53+00:00","dateModified":"2024-06-28T07:21:29+00:00","breadcrumb":{"@id":"https:\/\/www.meydan.tv\/az\/article\/pullarim-ogurlanib-bir-ildir-polis-sobesinin-qapisinda-qalmisam\/#breadcrumb"},"inLanguage":"az","potentialAction":[{"@type":"ReadAction","target":["https:\/\/www.meydan.tv\/az\/article\/pullarim-ogurlanib-bir-ildir-polis-sobesinin-qapisinda-qalmisam\/"]}]},{"@type":"ImageObject","inLanguage":"az","@id":"https:\/\/www.meydan.tv\/az\/article\/pullarim-ogurlanib-bir-ildir-polis-sobesinin-qapisinda-qalmisam\/#primaryimage","url":"https:\/\/www.meydan.tv\/wp-content\/uploads\/shutterstock_1903359925.jpg","contentUrl":"https:\/\/www.meydan.tv\/wp-content\/uploads\/shutterstock_1903359925.jpg","width":1200,"height":800,"caption":"Avro. Foto: artofvisionn\/shutterstock"},{"@type":"BreadcrumbList","@id":"https:\/\/www.meydan.tv\/az\/article\/pullarim-ogurlanib-bir-ildir-polis-sobesinin-qapisinda-qalmisam\/#breadcrumb","itemListElement":[{"@type":"ListItem","position":1,"name":"Ana s\u0259hif\u0259","item":"https:\/\/www.meydan.tv\/az\/"},{"@type":"ListItem","position":2,"name":"B\u00f6lg\u0259","item":"https:\/\/www.meydan.tv\/az\/section\/bolge\/"},{"@type":"ListItem","position":3,"name":"\u201cPullar\u0131m o\u011furlan\u0131b, bir ildir polis \u015f\u00f6b\u0259sinin qap\u0131s\u0131nda qalm\u0131\u015fam\u201d"}]},{"@type":"WebSite","@id":"https:\/\/www.meydan.tv\/az\/#website","url":"https:\/\/www.meydan.tv\/az\/","name":"MEYDAN.TV","description":"Meydan TV Az\u0259rbaycan\u0131n media m\u0259kan\u0131ndak\u0131 alternativ s\u0259sidir","publisher":{"@id":"https:\/\/www.meydan.tv\/az\/#organization"},"potentialAction":[{"@type":"SearchAction","target":{"@type":"EntryPoint","urlTemplate":"https:\/\/www.meydan.tv\/az\/?s={search_term_string}"},"query-input":{"@type":"PropertyValueSpecification","valueRequired":true,"valueName":"search_term_string"}}],"inLanguage":"az"},{"@type":"Organization","@id":"https:\/\/www.meydan.tv\/az\/#organization","name":"Meydan TV","url":"https:\/\/www.meydan.tv\/az\/","logo":{"@type":"ImageObject","inLanguage":"az","@id":"https:\/\/www.meydan.tv\/az\/#\/schema\/logo\/image\/","url":"https:\/\/www.meydan.tv\/wp-content\/uploads\/2021\/07\/meydan-logo.svg","contentUrl":"https:\/\/www.meydan.tv\/wp-content\/uploads\/2021\/07\/meydan-logo.svg","width":195,"height":46,"caption":"Meydan TV"},"image":{"@id":"https:\/\/www.meydan.tv\/az\/#\/schema\/logo\/image\/"}},{"@type":"Person","@id":"https:\/\/www.meydan.tv\/az\/#\/schema\/person\/9cdbecf90d17180ce1dfbd95b08dcf47","name":"elli","sameAs":["https:\/\/x.com\/elli"]}]}},"_links":{"self":[{"href":"https:\/\/www.meydan.tv\/az\/wp-json\/wp\/v2\/posts\/309180","targetHints":{"allow":["GET"]}}],"collection":[{"href":"https:\/\/www.meydan.tv\/az\/wp-json\/wp\/v2\/posts"}],"about":[{"href":"https:\/\/www.meydan.tv\/az\/wp-json\/wp\/v2\/types\/post"}],"author":[{"embeddable":true,"href":"https:\/\/www.meydan.tv\/az\/wp-json\/wp\/v2\/users\/8"}],"replies":[{"embeddable":true,"href":"https:\/\/www.meydan.tv\/az\/wp-json\/wp\/v2\/comments?post=309180"}],"version-history":[{"count":3,"href":"https:\/\/www.meydan.tv\/az\/wp-json\/wp\/v2\/posts\/309180\/revisions"}],"predecessor-version":[{"id":309190,"href":"https:\/\/www.meydan.tv\/az\/wp-json\/wp\/v2\/posts\/309180\/revisions\/309190"}],"wp:featuredmedia":[{"embeddable":true,"href":"https:\/\/www.meydan.tv\/az\/wp-json\/wp\/v2\/media\/245382"}],"wp:attachment":[{"href":"https:\/\/www.meydan.tv\/az\/wp-json\/wp\/v2\/media?parent=309180"}],"wp:term":[{"taxonomy":"category","embeddable":true,"href":"https:\/\/www.meydan.tv\/az\/wp-json\/wp\/v2\/categories?post=309180"},{"taxonomy":"post_tag","embeddable":true,"href":"https:\/\/www.meydan.tv\/az\/wp-json\/wp\/v2\/tags?post=309180"}],"curies":[{"name":"wp","href":"https:\/\/api.w.org\/{rel}","templated":true}]}}