{"id":309167,"date":"2024-06-27T17:35:26","date_gmt":"2024-06-27T13:35:26","guid":{"rendered":"https:\/\/www.meydan.tv\/?p=309167"},"modified":"2024-06-27T17:35:29","modified_gmt":"2024-06-27T13:35:29","slug":"polietilen-paketi-pulla-aliriq-ustelik-marketin-reklamini-da-dasiyiriq","status":"publish","type":"post","link":"https:\/\/www.meydan.tv\/az\/article\/polietilen-paketi-pulla-aliriq-ustelik-marketin-reklamini-da-dasiyiriq\/","title":{"rendered":"&#8220;Polietilen paketi pulla al\u0131r\u0131q, \u00fcst\u0259lik, marketin reklam\u0131n\u0131 da da\u015f\u0131y\u0131r\u0131q&#8221;"},"content":{"rendered":"\n<p><\/p>\n\n\n\n<p><strong><em>Marketoloq deyir ki, istehlak\u00e7\u0131 etiraz ets\u0259, ticari n\u00f6qt\u0259l\u0259r loqonu l\u0259\u011fv ed\u0259c\u0259kl\u0259r<\/em><\/strong><\/p>\n\n\n\n<p>2023-c\u00fc il fevral\u0131n 15-d\u0259n Az\u0259rbaycan\u0131n ticar\u0259t \u015f\u0259b\u0259k\u0259l\u0259rind\u0259 v\u0259 marketl\u0259rd\u0259 polietilen torbalar\u0131n pulla sat\u0131\u015f\u0131na ba\u015flan\u0131l\u0131b.<\/p>\n\n\n\n<p>Polietilen torbalar \u00f6l\u00e7\u00fcs\u00fcnd\u0259n as\u0131l\u0131 olaraq ayr\u0131ca m\u0259hsul n\u00f6v\u00fc kimi 1, 3, 5 q\u0259piy\u0259 sat\u0131l\u0131r.<\/p>\n\n\n\n<p>Bel\u0259 paketl\u0259rin pulla sat\u0131lmas\u0131 ekoloji faktorla \u0259laq\u0259l\u0259ndirilir. Lakin laz\u0131mi t\u0259bli\u011fat apar\u0131lmad\u0131\u011f\u0131 \u00fc\u00e7\u00fcn insanlar kor-koran\u0259 \u0259h\u0259miyy\u0259t verm\u0259d\u0259n, h\u0259l\u0259 d\u0259 polietilen paketl\u0259rd\u0259n istifad\u0259ni davam etdirirl\u0259r.<\/p>\n\n\n\n<p>Burada daha bir m\u0259qam bu paketl\u0259rin m\u0259lumat da\u015f\u0131y\u0131c\u0131s\u0131 qismind\u0259 reklam \u00fc\u00e7\u00fcn d\u0259 geni\u015f istifad\u0259 edilm\u0259sidir.<\/p>\n\n\n\n<p>\u0130stehlak\u00e7\u0131 Az\u0259r Mirz\u0259yev Meydan TV-y\u0259 deyir ki, pul verib paketi almas\u0131na baxmayaraq, \u00fcst\u0259lik, ma\u011fazan\u0131n da \u0259mt\u0259\u0259 ni\u015fan\u0131n\u0131 yay\u0131mlam\u0131\u015f olur:<\/p>\n\n\n\n<p>\u201c<em>Bir ild\u0259n \u00e7oxdur ki, Az\u0259rbaycanda polietilen torbalar\u0131n sat\u0131\u015f\u0131na ba\u015flan\u0131l\u0131b. Marketl\u0259rd\u0259n al\u0131\u015f-veri\u015f zaman\u0131 3-5 q\u0259piy\u0259 plastik torbalar al\u0131r\u0131q. Pul verdiyimiz halda, marketin v\u0259 ya ma\u011fazan\u0131n reklam\u0131n\u0131 da\u015f\u0131y\u0131r\u0131q. Bu, n\u0259 d\u0259r\u0259c\u0259d\u0259 do\u011frudur? H\u0259m pul veririk, h\u0259m d\u0259 ma\u011fazan\u0131 v\u0259 ya marketl\u0259r \u015f\u0259b\u0259k\u0259sini reklam edirik\u201d<\/em>.<\/p>\n\n\n\n<p>Marketoloq M\u00fc\u015ffiq \u0130sk\u0259nd\u0259rov is\u0259 Meydan TV-y\u0259 bildirir ki, tez istehlak edil\u0259n g\u00fcnd\u0259lik t\u0259l\u0259bat mallar\u0131n\u0131n sat\u0131\u015f\u0131 zaman\u0131 torbalar\u0131n \u00fcz\u0259rind\u0259 \u0259mt\u0259\u0259 ni\u015fan\u0131n\u0131n yerl\u0259\u015fdirilm\u0259si d\u00fcnyada q\u0259bul olunmu\u015f qaydad\u0131r:<\/p>\n\n\n<div class=\"wp-block-image\">\n<figure class=\"alignleft size-full is-resized\"><img decoding=\"async\" width=\"1200\" height=\"653\" data-src=\"https:\/\/www.meydan.tv\/wp-content\/uploads\/1-86.jpg\" alt=\"\" class=\"wp-image-309168 lazyload\" style=\"--smush-placeholder-width: 1200px; --smush-placeholder-aspect-ratio: 1200\/653;width:425px;height:auto\" src=\"data:image\/svg+xml;base64,PHN2ZyB3aWR0aD0iMSIgaGVpZ2h0PSIxIiB4bWxucz0iaHR0cDovL3d3dy53My5vcmcvMjAwMC9zdmciPjwvc3ZnPg==\" \/><figcaption class=\"wp-element-caption\">Foto: M\u00fc\u015ffiq \u0130sk\u0259nd\u0259rovun \u015f\u0259xsi arxivind\u0259n<\/figcaption><\/figure>\n<\/div>\n\n\n<p>\u201c<em>D\u00fcnyada tez istehlak edil\u0259n g\u00fcnd\u0259lik t\u0259l\u0259bat mallar\u0131n\u0131n sat\u0131\u015f\u0131 il\u0259 m\u0259\u015f\u011ful olan markalar \u00f6z \u0259mt\u0259\u0259 ni\u015fanlar\u0131n\u0131 bu c\u00fcr ba\u011flamalar\u0131n \u00fcz\u0259rin\u0259 yerl\u0259\u015fdirirl\u0259r. Bu, polietilen torbalar\u0131n pulla sat\u0131lmad\u0131\u011f\u0131 d\u00f6vrd\u0259 d\u0259 bel\u0259 idi. Paketl\u0259rin \u00fcz\u0259rind\u0259 \u0259mt\u0259\u0259 ni\u015fanlar\u0131n\u0131n olmas\u0131, m\u0259hsul al\u0131c\u0131lar\u0131n\u0131 yay\u0131m\u00e7\u0131 kimi g\u00f6st\u0259r\u0259n bir amil deyil. \u00c7\u00fcnki k\u00fctl\u0259vi hal da\u015f\u0131y\u0131r. Biz \u00fcz\u0259rimizd\u0259 hans\u0131sa \u0259mt\u0259\u0259 ni\u015fan\u0131n\u0131 da\u015f\u0131y\u0131r\u0131qsa, bel\u0259 olan halda m\u0259hsulla h\u00fcquqlar avtomatik \u00f6z\u00fcm\u00fcz\u0259 \u00f6t\u00fcr\u00fcl\u00fcr \u2013 biz bunu da\u015f\u0131maq ist\u0259yirik, yoxsa yox\u201d.<\/em><\/p>\n\n\n\n<p>Marketoloq deyir ki, h\u0259r hans\u0131sa markan\u0131n loqosunu da\u015f\u0131maq istehlak\u00e7\u0131n\u0131n \u00f6z se\u00e7imidir:<\/p>\n\n\n\n<p>\u201c<em>D\u00fcnyada ekopaket d\u00f6vr\u00fcn\u0259 ke\u00e7ilib. Biz bu paketl\u0259rd\u0259n istifad\u0259 ed\u0259 bil\u0259rik. \u00dcz\u0259rind\u0259 d\u0259 he\u00e7 bir \u0259mt\u0259\u0259 ni\u015fan\u0131 yoxdur. Bu, istehlak\u00e7\u0131n\u0131n davran\u0131\u015f\u0131na ba\u011fl\u0131 m\u0259s\u0259l\u0259dir. \u0130stehlak\u00e7\u0131 des\u0259 ki, m\u0259n\u0259 loqo olmayan paket ver, s\u0259nin m\u0259hsulunu da\u015f\u0131maq ist\u0259mir\u0259m. El\u0259 olan halda ticari n\u00f6qt\u0259l\u0259r d\u0259 buna uy\u011fun davranma\u011fa ba\u015flayacaq. Amma istehlak\u00e7\u0131dan bel\u0259 bir r\u0259y g\u0259mir dey\u0259 onlar loqolar\u0131n\u0131 reklam da\u015f\u0131y\u0131c\u0131l\u0131\u011f\u0131nda istifad\u0259 edirl\u0259r\u201d<\/em>.<\/p>\n\n\n\n<p>BMT-nin m\u0259lumat\u0131na \u0259sas\u0259n, d\u00fcnyada h\u0259r il 13 milyard plastik torba istehsal olunur v\u0259 h\u0259r il okeanlara 8 milyon ton plastik d\u00fc\u015f\u00fcr.<\/p>\n\n\n\n<p>Bu s\u0259b\u0259bd\u0259n bir \u00e7ox \u00f6lk\u0259l\u0259rd\u0259 polietilen torbalara v\u0259 plastik qab-qacaqlara, \u00fcmumiyy\u0259tl\u0259, qada\u011fa qoyulub, b\u0259zil\u0259rind\u0259 is\u0259 ictimai-ia\u015f\u0259 obyektl\u0259rind\u0259 polietilen torbalar pulla sat\u0131l\u0131r.<\/p>\n\n\n\n<p>Bununla da onlar\u0131n istifad\u0259sini azaltma\u011fa \u00e7al\u0131\u015f\u0131rlar.<\/p>\n","protected":false},"excerpt":{"rendered":"<p>Marketoloq deyir ki, istehlak\u00e7\u0131 etiraz ets\u0259, ticari n\u00f6qt\u0259l\u0259r loqonu l\u0259\u011fv &#8230; <\/p>\n<p class=\"read-more-container\"><a title=\"&#8220;Polietilen paketi pulla al\u0131r\u0131q, \u00fcst\u0259lik, marketin reklam\u0131n\u0131 da da\u015f\u0131y\u0131r\u0131q&#8221;\" class=\"read-more button\" href=\"https:\/\/www.meydan.tv\/az\/article\/polietilen-paketi-pulla-aliriq-ustelik-marketin-reklamini-da-dasiyiriq\/#more-309167\" aria-label=\"Read more about &#8220;Polietilen paketi pulla al\u0131r\u0131q, \u00fcst\u0259lik, marketin reklam\u0131n\u0131 da da\u015f\u0131y\u0131r\u0131q&#8221;\">Davam\u0131<\/a><\/p>\n","protected":false},"author":8,"featured_media":308265,"comment_status":"closed","ping_status":"closed","sticky":false,"template":"","format":"standard","meta":{"_acf_changed":false,"_sitemap_exclude":false,"_sitemap_priority":"","_sitemap_frequency":"","footnotes":""},"categories":[62,56],"tags":[],"class_list":["post-309167","post","type-post","status-publish","format-standard","has-post-thumbnail","hentry","category-sosial","category-xeberler","infinite-scroll-item","generate-columns","tablet-grid-50","mobile-grid-100","grid-parent","grid-33","no-featured-image-padding"],"acf":[],"yoast_head":"<!-- This site is optimized with the Yoast SEO plugin v27.5 - https:\/\/yoast.com\/product\/yoast-seo-wordpress\/ -->\n<title>&quot;Polietilen paketi pulla al\u0131r\u0131q, \u00fcst\u0259lik, marketin reklam\u0131n\u0131 da da\u015f\u0131y\u0131r\u0131q&quot; - MEYDAN.TV<\/title>\n<meta name=\"description\" content=\"2023-c\u00fc il fevral\u0131n 15-d\u0259n Az\u0259rbaycan\u0131n ticar\u0259t \u015f\u0259b\u0259k\u0259l\u0259rind\u0259 v\u0259 marketl\u0259rd\u0259 polietilen torbalar\u0131n pulla sat\u0131\u015f\u0131na ba\u015flan\u0131l\u0131b. Bu paketl\u0259r m\u0259lumat da\u015f\u0131y\u0131c\u0131s\u0131 qismind\u0259 reklam \u00fc\u00e7\u00fcn d\u0259 geni\u015f istifad\u0259 edilir. Marketoloq deyir ki, istehlak\u00e7\u0131 etiraz ets\u0259, ticari n\u00f6qt\u0259l\u0259r loqonu l\u0259\u011fv ed\u0259c\u0259kl\u0259r.\" \/>\n<meta name=\"robots\" content=\"index, follow, max-snippet:-1, max-image-preview:large, max-video-preview:-1\" \/>\n<link rel=\"canonical\" href=\"https:\/\/www.meydan.tv\/az\/article\/polietilen-paketi-pulla-aliriq-ustelik-marketin-reklamini-da-dasiyiriq\/\" \/>\n<meta property=\"og:locale\" content=\"az_AZ\" \/>\n<meta property=\"og:type\" content=\"article\" \/>\n<meta property=\"og:title\" content=\"&quot;Polietilen paketi pulla al\u0131r\u0131q, \u00fcst\u0259lik, marketin reklam\u0131n\u0131 da da\u015f\u0131y\u0131r\u0131q&quot; - MEYDAN.TV\" \/>\n<meta property=\"og:description\" content=\"2023-c\u00fc il fevral\u0131n 15-d\u0259n Az\u0259rbaycan\u0131n ticar\u0259t \u015f\u0259b\u0259k\u0259l\u0259rind\u0259 v\u0259 marketl\u0259rd\u0259 polietilen torbalar\u0131n pulla sat\u0131\u015f\u0131na ba\u015flan\u0131l\u0131b. Bu paketl\u0259r m\u0259lumat da\u015f\u0131y\u0131c\u0131s\u0131 qismind\u0259 reklam \u00fc\u00e7\u00fcn d\u0259 geni\u015f istifad\u0259 edilir. Marketoloq deyir ki, istehlak\u00e7\u0131 etiraz ets\u0259, ticari n\u00f6qt\u0259l\u0259r loqonu l\u0259\u011fv ed\u0259c\u0259kl\u0259r.\" \/>\n<meta property=\"og:url\" content=\"https:\/\/www.meydan.tv\/az\/article\/polietilen-paketi-pulla-aliriq-ustelik-marketin-reklamini-da-dasiyiriq\/\" \/>\n<meta property=\"og:site_name\" content=\"MEYDAN.TV\" \/>\n<meta property=\"article:published_time\" content=\"2024-06-27T13:35:26+00:00\" \/>\n<meta property=\"article:modified_time\" content=\"2024-06-27T13:35:29+00:00\" \/>\n<meta property=\"og:image\" content=\"https:\/\/www.meydan.tv\/wp-content\/uploads\/zibil.jpg\" \/>\n\t<meta property=\"og:image:width\" content=\"1200\" \/>\n\t<meta property=\"og:image:height\" content=\"666\" \/>\n\t<meta property=\"og:image:type\" content=\"image\/jpeg\" \/>\n<meta name=\"author\" content=\"elli\" \/>\n<meta name=\"twitter:card\" content=\"summary_large_image\" \/>\n<meta name=\"twitter:creator\" content=\"@elli\" \/>\n<script type=\"application\/ld+json\" class=\"yoast-schema-graph\">{\"@context\":\"https:\\\/\\\/schema.org\",\"@graph\":[{\"@type\":\"Article\",\"@id\":\"https:\\\/\\\/www.meydan.tv\\\/az\\\/article\\\/polietilen-paketi-pulla-aliriq-ustelik-marketin-reklamini-da-dasiyiriq\\\/#article\",\"isPartOf\":{\"@id\":\"https:\\\/\\\/www.meydan.tv\\\/az\\\/article\\\/polietilen-paketi-pulla-aliriq-ustelik-marketin-reklamini-da-dasiyiriq\\\/\"},\"author\":{\"name\":\"elli\",\"@id\":\"https:\\\/\\\/www.meydan.tv\\\/az\\\/#\\\/schema\\\/person\\\/9cdbecf90d17180ce1dfbd95b08dcf47\"},\"headline\":\"&#8220;Polietilen paketi pulla al\u0131r\u0131q, \u00fcst\u0259lik, marketin reklam\u0131n\u0131 da da\u015f\u0131y\u0131r\u0131q&#8221;\",\"datePublished\":\"2024-06-27T13:35:26+00:00\",\"dateModified\":\"2024-06-27T13:35:29+00:00\",\"mainEntityOfPage\":{\"@id\":\"https:\\\/\\\/www.meydan.tv\\\/az\\\/article\\\/polietilen-paketi-pulla-aliriq-ustelik-marketin-reklamini-da-dasiyiriq\\\/\"},\"wordCount\":598,\"publisher\":{\"@id\":\"https:\\\/\\\/www.meydan.tv\\\/az\\\/#organization\"},\"image\":{\"@id\":\"https:\\\/\\\/www.meydan.tv\\\/az\\\/article\\\/polietilen-paketi-pulla-aliriq-ustelik-marketin-reklamini-da-dasiyiriq\\\/#primaryimage\"},\"thumbnailUrl\":\"https:\\\/\\\/www.meydan.tv\\\/wp-content\\\/uploads\\\/zibil.jpg\",\"articleSection\":[\"Sosial\",\"X\u0259b\u0259rl\u0259r\"],\"inLanguage\":\"az\"},{\"@type\":\"WebPage\",\"@id\":\"https:\\\/\\\/www.meydan.tv\\\/az\\\/article\\\/polietilen-paketi-pulla-aliriq-ustelik-marketin-reklamini-da-dasiyiriq\\\/\",\"url\":\"https:\\\/\\\/www.meydan.tv\\\/az\\\/article\\\/polietilen-paketi-pulla-aliriq-ustelik-marketin-reklamini-da-dasiyiriq\\\/\",\"name\":\"\\\"Polietilen paketi pulla al\u0131r\u0131q, \u00fcst\u0259lik, marketin reklam\u0131n\u0131 da da\u015f\u0131y\u0131r\u0131q\\\" - MEYDAN.TV\",\"isPartOf\":{\"@id\":\"https:\\\/\\\/www.meydan.tv\\\/az\\\/#website\"},\"primaryImageOfPage\":{\"@id\":\"https:\\\/\\\/www.meydan.tv\\\/az\\\/article\\\/polietilen-paketi-pulla-aliriq-ustelik-marketin-reklamini-da-dasiyiriq\\\/#primaryimage\"},\"image\":{\"@id\":\"https:\\\/\\\/www.meydan.tv\\\/az\\\/article\\\/polietilen-paketi-pulla-aliriq-ustelik-marketin-reklamini-da-dasiyiriq\\\/#primaryimage\"},\"thumbnailUrl\":\"https:\\\/\\\/www.meydan.tv\\\/wp-content\\\/uploads\\\/zibil.jpg\",\"datePublished\":\"2024-06-27T13:35:26+00:00\",\"dateModified\":\"2024-06-27T13:35:29+00:00\",\"description\":\"2023-c\u00fc il fevral\u0131n 15-d\u0259n Az\u0259rbaycan\u0131n ticar\u0259t \u015f\u0259b\u0259k\u0259l\u0259rind\u0259 v\u0259 marketl\u0259rd\u0259 polietilen torbalar\u0131n pulla sat\u0131\u015f\u0131na ba\u015flan\u0131l\u0131b. Bu paketl\u0259r m\u0259lumat da\u015f\u0131y\u0131c\u0131s\u0131 qismind\u0259 reklam \u00fc\u00e7\u00fcn d\u0259 geni\u015f istifad\u0259 edilir. Marketoloq deyir ki, istehlak\u00e7\u0131 etiraz ets\u0259, ticari n\u00f6qt\u0259l\u0259r loqonu l\u0259\u011fv ed\u0259c\u0259kl\u0259r.\",\"breadcrumb\":{\"@id\":\"https:\\\/\\\/www.meydan.tv\\\/az\\\/article\\\/polietilen-paketi-pulla-aliriq-ustelik-marketin-reklamini-da-dasiyiriq\\\/#breadcrumb\"},\"inLanguage\":\"az\",\"potentialAction\":[{\"@type\":\"ReadAction\",\"target\":[\"https:\\\/\\\/www.meydan.tv\\\/az\\\/article\\\/polietilen-paketi-pulla-aliriq-ustelik-marketin-reklamini-da-dasiyiriq\\\/\"]}]},{\"@type\":\"ImageObject\",\"inLanguage\":\"az\",\"@id\":\"https:\\\/\\\/www.meydan.tv\\\/az\\\/article\\\/polietilen-paketi-pulla-aliriq-ustelik-marketin-reklamini-da-dasiyiriq\\\/#primaryimage\",\"url\":\"https:\\\/\\\/www.meydan.tv\\\/wp-content\\\/uploads\\\/zibil.jpg\",\"contentUrl\":\"https:\\\/\\\/www.meydan.tv\\\/wp-content\\\/uploads\\\/zibil.jpg\",\"width\":1200,\"height\":666,\"caption\":\"Polietilen torbalar. Fotolar: Meydan TV\"},{\"@type\":\"BreadcrumbList\",\"@id\":\"https:\\\/\\\/www.meydan.tv\\\/az\\\/article\\\/polietilen-paketi-pulla-aliriq-ustelik-marketin-reklamini-da-dasiyiriq\\\/#breadcrumb\",\"itemListElement\":[{\"@type\":\"ListItem\",\"position\":1,\"name\":\"Ana s\u0259hif\u0259\",\"item\":\"https:\\\/\\\/www.meydan.tv\\\/az\\\/\"},{\"@type\":\"ListItem\",\"position\":2,\"name\":\"Sosial\",\"item\":\"https:\\\/\\\/www.meydan.tv\\\/az\\\/section\\\/sosial\\\/\"},{\"@type\":\"ListItem\",\"position\":3,\"name\":\"&#8220;Polietilen paketi pulla al\u0131r\u0131q, \u00fcst\u0259lik, marketin reklam\u0131n\u0131 da da\u015f\u0131y\u0131r\u0131q&#8221;\"}]},{\"@type\":\"WebSite\",\"@id\":\"https:\\\/\\\/www.meydan.tv\\\/az\\\/#website\",\"url\":\"https:\\\/\\\/www.meydan.tv\\\/az\\\/\",\"name\":\"MEYDAN.TV\",\"description\":\"Meydan TV Az\u0259rbaycan\u0131n media m\u0259kan\u0131ndak\u0131 alternativ s\u0259sidir\",\"publisher\":{\"@id\":\"https:\\\/\\\/www.meydan.tv\\\/az\\\/#organization\"},\"potentialAction\":[{\"@type\":\"SearchAction\",\"target\":{\"@type\":\"EntryPoint\",\"urlTemplate\":\"https:\\\/\\\/www.meydan.tv\\\/az\\\/?s={search_term_string}\"},\"query-input\":{\"@type\":\"PropertyValueSpecification\",\"valueRequired\":true,\"valueName\":\"search_term_string\"}}],\"inLanguage\":\"az\"},{\"@type\":\"Organization\",\"@id\":\"https:\\\/\\\/www.meydan.tv\\\/az\\\/#organization\",\"name\":\"Meydan TV\",\"url\":\"https:\\\/\\\/www.meydan.tv\\\/az\\\/\",\"logo\":{\"@type\":\"ImageObject\",\"inLanguage\":\"az\",\"@id\":\"https:\\\/\\\/www.meydan.tv\\\/az\\\/#\\\/schema\\\/logo\\\/image\\\/\",\"url\":\"https:\\\/\\\/www.meydan.tv\\\/wp-content\\\/uploads\\\/2021\\\/07\\\/meydan-logo.svg\",\"contentUrl\":\"https:\\\/\\\/www.meydan.tv\\\/wp-content\\\/uploads\\\/2021\\\/07\\\/meydan-logo.svg\",\"width\":195,\"height\":46,\"caption\":\"Meydan TV\"},\"image\":{\"@id\":\"https:\\\/\\\/www.meydan.tv\\\/az\\\/#\\\/schema\\\/logo\\\/image\\\/\"}},{\"@type\":\"Person\",\"@id\":\"https:\\\/\\\/www.meydan.tv\\\/az\\\/#\\\/schema\\\/person\\\/9cdbecf90d17180ce1dfbd95b08dcf47\",\"name\":\"elli\",\"sameAs\":[\"https:\\\/\\\/x.com\\\/elli\"]}]}<\/script>\n<!-- \/ Yoast SEO plugin. -->","yoast_head_json":{"title":"\"Polietilen paketi pulla al\u0131r\u0131q, \u00fcst\u0259lik, marketin reklam\u0131n\u0131 da da\u015f\u0131y\u0131r\u0131q\" - MEYDAN.TV","description":"2023-c\u00fc il fevral\u0131n 15-d\u0259n Az\u0259rbaycan\u0131n ticar\u0259t \u015f\u0259b\u0259k\u0259l\u0259rind\u0259 v\u0259 marketl\u0259rd\u0259 polietilen torbalar\u0131n pulla sat\u0131\u015f\u0131na ba\u015flan\u0131l\u0131b. Bu paketl\u0259r m\u0259lumat da\u015f\u0131y\u0131c\u0131s\u0131 qismind\u0259 reklam \u00fc\u00e7\u00fcn d\u0259 geni\u015f istifad\u0259 edilir. Marketoloq deyir ki, istehlak\u00e7\u0131 etiraz ets\u0259, ticari n\u00f6qt\u0259l\u0259r loqonu l\u0259\u011fv ed\u0259c\u0259kl\u0259r.","robots":{"index":"index","follow":"follow","max-snippet":"max-snippet:-1","max-image-preview":"max-image-preview:large","max-video-preview":"max-video-preview:-1"},"canonical":"https:\/\/www.meydan.tv\/az\/article\/polietilen-paketi-pulla-aliriq-ustelik-marketin-reklamini-da-dasiyiriq\/","og_locale":"az_AZ","og_type":"article","og_title":"\"Polietilen paketi pulla al\u0131r\u0131q, \u00fcst\u0259lik, marketin reklam\u0131n\u0131 da da\u015f\u0131y\u0131r\u0131q\" - MEYDAN.TV","og_description":"2023-c\u00fc il fevral\u0131n 15-d\u0259n Az\u0259rbaycan\u0131n ticar\u0259t \u015f\u0259b\u0259k\u0259l\u0259rind\u0259 v\u0259 marketl\u0259rd\u0259 polietilen torbalar\u0131n pulla sat\u0131\u015f\u0131na ba\u015flan\u0131l\u0131b. Bu paketl\u0259r m\u0259lumat da\u015f\u0131y\u0131c\u0131s\u0131 qismind\u0259 reklam \u00fc\u00e7\u00fcn d\u0259 geni\u015f istifad\u0259 edilir. Marketoloq deyir ki, istehlak\u00e7\u0131 etiraz ets\u0259, ticari n\u00f6qt\u0259l\u0259r loqonu l\u0259\u011fv ed\u0259c\u0259kl\u0259r.","og_url":"https:\/\/www.meydan.tv\/az\/article\/polietilen-paketi-pulla-aliriq-ustelik-marketin-reklamini-da-dasiyiriq\/","og_site_name":"MEYDAN.TV","article_published_time":"2024-06-27T13:35:26+00:00","article_modified_time":"2024-06-27T13:35:29+00:00","og_image":[{"width":1200,"height":666,"url":"https:\/\/www.meydan.tv\/wp-content\/uploads\/zibil.jpg","type":"image\/jpeg"}],"author":"elli","twitter_card":"summary_large_image","twitter_creator":"@elli","schema":{"@context":"https:\/\/schema.org","@graph":[{"@type":"Article","@id":"https:\/\/www.meydan.tv\/az\/article\/polietilen-paketi-pulla-aliriq-ustelik-marketin-reklamini-da-dasiyiriq\/#article","isPartOf":{"@id":"https:\/\/www.meydan.tv\/az\/article\/polietilen-paketi-pulla-aliriq-ustelik-marketin-reklamini-da-dasiyiriq\/"},"author":{"name":"elli","@id":"https:\/\/www.meydan.tv\/az\/#\/schema\/person\/9cdbecf90d17180ce1dfbd95b08dcf47"},"headline":"&#8220;Polietilen paketi pulla al\u0131r\u0131q, \u00fcst\u0259lik, marketin reklam\u0131n\u0131 da da\u015f\u0131y\u0131r\u0131q&#8221;","datePublished":"2024-06-27T13:35:26+00:00","dateModified":"2024-06-27T13:35:29+00:00","mainEntityOfPage":{"@id":"https:\/\/www.meydan.tv\/az\/article\/polietilen-paketi-pulla-aliriq-ustelik-marketin-reklamini-da-dasiyiriq\/"},"wordCount":598,"publisher":{"@id":"https:\/\/www.meydan.tv\/az\/#organization"},"image":{"@id":"https:\/\/www.meydan.tv\/az\/article\/polietilen-paketi-pulla-aliriq-ustelik-marketin-reklamini-da-dasiyiriq\/#primaryimage"},"thumbnailUrl":"https:\/\/www.meydan.tv\/wp-content\/uploads\/zibil.jpg","articleSection":["Sosial","X\u0259b\u0259rl\u0259r"],"inLanguage":"az"},{"@type":"WebPage","@id":"https:\/\/www.meydan.tv\/az\/article\/polietilen-paketi-pulla-aliriq-ustelik-marketin-reklamini-da-dasiyiriq\/","url":"https:\/\/www.meydan.tv\/az\/article\/polietilen-paketi-pulla-aliriq-ustelik-marketin-reklamini-da-dasiyiriq\/","name":"\"Polietilen paketi pulla al\u0131r\u0131q, \u00fcst\u0259lik, marketin reklam\u0131n\u0131 da da\u015f\u0131y\u0131r\u0131q\" - MEYDAN.TV","isPartOf":{"@id":"https:\/\/www.meydan.tv\/az\/#website"},"primaryImageOfPage":{"@id":"https:\/\/www.meydan.tv\/az\/article\/polietilen-paketi-pulla-aliriq-ustelik-marketin-reklamini-da-dasiyiriq\/#primaryimage"},"image":{"@id":"https:\/\/www.meydan.tv\/az\/article\/polietilen-paketi-pulla-aliriq-ustelik-marketin-reklamini-da-dasiyiriq\/#primaryimage"},"thumbnailUrl":"https:\/\/www.meydan.tv\/wp-content\/uploads\/zibil.jpg","datePublished":"2024-06-27T13:35:26+00:00","dateModified":"2024-06-27T13:35:29+00:00","description":"2023-c\u00fc il fevral\u0131n 15-d\u0259n Az\u0259rbaycan\u0131n ticar\u0259t \u015f\u0259b\u0259k\u0259l\u0259rind\u0259 v\u0259 marketl\u0259rd\u0259 polietilen torbalar\u0131n pulla sat\u0131\u015f\u0131na ba\u015flan\u0131l\u0131b. Bu paketl\u0259r m\u0259lumat da\u015f\u0131y\u0131c\u0131s\u0131 qismind\u0259 reklam \u00fc\u00e7\u00fcn d\u0259 geni\u015f istifad\u0259 edilir. Marketoloq deyir ki, istehlak\u00e7\u0131 etiraz ets\u0259, ticari n\u00f6qt\u0259l\u0259r loqonu l\u0259\u011fv ed\u0259c\u0259kl\u0259r.","breadcrumb":{"@id":"https:\/\/www.meydan.tv\/az\/article\/polietilen-paketi-pulla-aliriq-ustelik-marketin-reklamini-da-dasiyiriq\/#breadcrumb"},"inLanguage":"az","potentialAction":[{"@type":"ReadAction","target":["https:\/\/www.meydan.tv\/az\/article\/polietilen-paketi-pulla-aliriq-ustelik-marketin-reklamini-da-dasiyiriq\/"]}]},{"@type":"ImageObject","inLanguage":"az","@id":"https:\/\/www.meydan.tv\/az\/article\/polietilen-paketi-pulla-aliriq-ustelik-marketin-reklamini-da-dasiyiriq\/#primaryimage","url":"https:\/\/www.meydan.tv\/wp-content\/uploads\/zibil.jpg","contentUrl":"https:\/\/www.meydan.tv\/wp-content\/uploads\/zibil.jpg","width":1200,"height":666,"caption":"Polietilen torbalar. Fotolar: Meydan TV"},{"@type":"BreadcrumbList","@id":"https:\/\/www.meydan.tv\/az\/article\/polietilen-paketi-pulla-aliriq-ustelik-marketin-reklamini-da-dasiyiriq\/#breadcrumb","itemListElement":[{"@type":"ListItem","position":1,"name":"Ana s\u0259hif\u0259","item":"https:\/\/www.meydan.tv\/az\/"},{"@type":"ListItem","position":2,"name":"Sosial","item":"https:\/\/www.meydan.tv\/az\/section\/sosial\/"},{"@type":"ListItem","position":3,"name":"&#8220;Polietilen paketi pulla al\u0131r\u0131q, \u00fcst\u0259lik, marketin reklam\u0131n\u0131 da da\u015f\u0131y\u0131r\u0131q&#8221;"}]},{"@type":"WebSite","@id":"https:\/\/www.meydan.tv\/az\/#website","url":"https:\/\/www.meydan.tv\/az\/","name":"MEYDAN.TV","description":"Meydan TV Az\u0259rbaycan\u0131n media m\u0259kan\u0131ndak\u0131 alternativ s\u0259sidir","publisher":{"@id":"https:\/\/www.meydan.tv\/az\/#organization"},"potentialAction":[{"@type":"SearchAction","target":{"@type":"EntryPoint","urlTemplate":"https:\/\/www.meydan.tv\/az\/?s={search_term_string}"},"query-input":{"@type":"PropertyValueSpecification","valueRequired":true,"valueName":"search_term_string"}}],"inLanguage":"az"},{"@type":"Organization","@id":"https:\/\/www.meydan.tv\/az\/#organization","name":"Meydan TV","url":"https:\/\/www.meydan.tv\/az\/","logo":{"@type":"ImageObject","inLanguage":"az","@id":"https:\/\/www.meydan.tv\/az\/#\/schema\/logo\/image\/","url":"https:\/\/www.meydan.tv\/wp-content\/uploads\/2021\/07\/meydan-logo.svg","contentUrl":"https:\/\/www.meydan.tv\/wp-content\/uploads\/2021\/07\/meydan-logo.svg","width":195,"height":46,"caption":"Meydan TV"},"image":{"@id":"https:\/\/www.meydan.tv\/az\/#\/schema\/logo\/image\/"}},{"@type":"Person","@id":"https:\/\/www.meydan.tv\/az\/#\/schema\/person\/9cdbecf90d17180ce1dfbd95b08dcf47","name":"elli","sameAs":["https:\/\/x.com\/elli"]}]}},"_links":{"self":[{"href":"https:\/\/www.meydan.tv\/az\/wp-json\/wp\/v2\/posts\/309167","targetHints":{"allow":["GET"]}}],"collection":[{"href":"https:\/\/www.meydan.tv\/az\/wp-json\/wp\/v2\/posts"}],"about":[{"href":"https:\/\/www.meydan.tv\/az\/wp-json\/wp\/v2\/types\/post"}],"author":[{"embeddable":true,"href":"https:\/\/www.meydan.tv\/az\/wp-json\/wp\/v2\/users\/8"}],"replies":[{"embeddable":true,"href":"https:\/\/www.meydan.tv\/az\/wp-json\/wp\/v2\/comments?post=309167"}],"version-history":[{"count":1,"href":"https:\/\/www.meydan.tv\/az\/wp-json\/wp\/v2\/posts\/309167\/revisions"}],"predecessor-version":[{"id":309171,"href":"https:\/\/www.meydan.tv\/az\/wp-json\/wp\/v2\/posts\/309167\/revisions\/309171"}],"wp:featuredmedia":[{"embeddable":true,"href":"https:\/\/www.meydan.tv\/az\/wp-json\/wp\/v2\/media\/308265"}],"wp:attachment":[{"href":"https:\/\/www.meydan.tv\/az\/wp-json\/wp\/v2\/media?parent=309167"}],"wp:term":[{"taxonomy":"category","embeddable":true,"href":"https:\/\/www.meydan.tv\/az\/wp-json\/wp\/v2\/categories?post=309167"},{"taxonomy":"post_tag","embeddable":true,"href":"https:\/\/www.meydan.tv\/az\/wp-json\/wp\/v2\/tags?post=309167"}],"curies":[{"name":"wp","href":"https:\/\/api.w.org\/{rel}","templated":true}]}}