{"id":309115,"date":"2024-06-27T14:50:13","date_gmt":"2024-06-27T10:50:13","guid":{"rendered":"https:\/\/www.meydan.tv\/?p=309115"},"modified":"2024-06-27T16:17:23","modified_gmt":"2024-06-27T12:17:23","slug":"qazaxda-prezidente-muraciet-edib-is-istedi-hebs-olundu","status":"publish","type":"post","link":"https:\/\/www.meydan.tv\/az\/article\/qazaxda-prezidente-muraciet-edib-is-istedi-hebs-olundu\/","title":{"rendered":"Qazaxda: Prezident\u0259 m\u00fcraci\u0259t edib i\u015f ist\u0259di, h\u0259bs olundu"},"content":{"rendered":"\n<p><\/p>\n\n\n\n<p><strong><em>\u201cC\u0259nab Prezident, nazir, icra ba\u015f\u00e7\u0131s\u0131 v\u0259zif\u0259si yox, f\u0259hl\u0259lik, hamball\u0131q ist\u0259yir\u0259m&#8230;\u201d<\/em><\/strong><\/p>\n\n\n\n<p>Qazax sakini Mirc\u0259f\u0259r H\u00fcseynzad\u0259nin ail\u0259 \u00fczvl\u0259ri onun Prezident\u0259 \u015fikay\u0259tind\u0259n sonra \u015f\u0259rl\u0259n\u0259r\u0259k h\u0259bs edildiyini, 5 azya\u015fl\u0131 u\u015fa\u011f\u0131n\u0131n is\u0259 ac\u0131nacaql\u0131 v\u0259ziyy\u0259td\u0259 oldu\u011funu deyir. 3 aydan \u00e7oxdur narkotik ittiham\u0131 il\u0259 h\u0259bsd\u0259 olan Mirc\u0259f\u0259r H\u00fcseynzad\u0259 haz\u0131rda G\u0259nc\u0259d\u0259ki 2 sayl\u0131 istintaq t\u0259cridxanas\u0131nda saxlan\u0131l\u0131r.<\/p>\n\n\n\n<p><strong>\u201cO u\u015faqlar, o ruhi x\u0259st\u0259, yar\u0131mcan adam \u0259ziyy\u0259t \u00e7\u0259k\u0259nd\u0259 m\u0259murlara xo\u015f olur?\u201d<\/strong><\/p>\n\n\n\n<p>74 ya\u015fl\u0131 S\u0259kin\u0259 M\u0259mm\u0259dova Meydan TV-y\u0259 dan\u0131\u015f\u0131r ki, o\u011flu II qrup \u0259lildir. Anas\u0131n\u0131n dediyin\u0259 g\u00f6r\u0259, 47 ya\u015fl\u0131 Mirc\u0259f\u0259r H\u00fcseynzad\u0259 ruhi x\u0259st\u0259likd\u0259n \u0259ziyy\u0259t \u00e7\u0259kir. Bununla \u0259laq\u0259dar d\u0259f\u0259l\u0259rl\u0259 Bak\u0131da, Sumqay\u0131tda, Qazaxda psixiatriya x\u0259st\u0259xanas\u0131nda m\u00fcalic\u0259 al\u0131b:<\/p>\n\n\n\n<p>\u201c<em>U\u015faq vaxt\u0131 yell\u0259nc\u0259kd\u0259n y\u0131x\u0131l\u0131b, ondan sonra ba\u015f\u0131 pozulmu\u015fdu. \u00dcst\u0259lik, ba\u015fqa x\u0259st\u0259likl\u0259ri d\u0259 var. B\u00f6yr\u0259yinin biri yoxdur, \u00fcr\u0259yinin bir klapan\u0131 i\u015fl\u0259mir. 5 k\u00f6rp\u0259 balas\u0131 var. \u018fn b\u00f6y\u00fcy\u00fc 11 ya\u015f\u0131nda, \u0259n ki\u00e7iyi 2 ayl\u0131qd\u0131r, onun h\u0259bsind\u0259n sonra do\u011fulub. Bu v\u0259ziyy\u0259td\u0259 olan adam\u0131, ail\u0259nin ba\u015f\u00e7\u0131s\u0131n\u0131 \u015f\u0259rl\u0259yib h\u0259bs el\u0259m\u0259kl\u0259, g\u00fcnahdan ba\u015fqa n\u0259 qazan\u0131rs\u0131z? O u\u015faqlar, o ruhi x\u0259st\u0259, yar\u0131mcan adam \u0259ziyy\u0259t \u00e7\u0259k\u0259nd\u0259 m\u0259murlara xo\u015f olur?\u201d.<\/em><\/p>\n\n\n\n<p>S\u0259kin\u0259 M\u0259mm\u0259dova bildirir ki, i\u015fsizlik ucbat\u0131ndan ail\u0259sini doland\u0131rmaqda \u0259ziyy\u0259t \u00e7\u0259k\u0259n o\u011flu video vasit\u0259sil\u0259 Prezident\u0259 m\u00fcraci\u0259t edib. O, m\u00fcraci\u0259tind\u0259 Qazax Rayon \u0130cra Hakimiyy\u0259tinin ba\u015f\u00e7\u0131s\u0131 v\u0259 onun birinci m\u00fcavinind\u0259n \u015fikay\u0259tl\u0259nib:<\/p>\n\n\n\n<p>\u201c<em>Bir m\u00fcdd\u0259t \u0259vv\u0259l d\u0259 icra ba\u015f\u00e7\u0131s\u0131n\u0131n g\u00f6st\u0259ri\u015fi il\u0259 o\u011flumu tutub ruhi-\u0259s\u0259b x\u0259st\u0259xanas\u0131na salm\u0131\u015fd\u0131lar. Bu d\u0259f\u0259 narkotikl\u0259 \u015f\u0259rl\u0259dil\u0259r. H\u0259m d\u0259 s\u00f6z-s\u00f6hb\u0259t yay\u0131blar ki, Qazax\u0131n polis r\u0259isinin o\u011flunun q\u0259za t\u00f6r\u0259tm\u0259si x\u0259b\u0259rini guya hans\u0131sa kanallara Mirc\u0259f\u0259r g\u00f6nd\u0259rib. O, x\u0259st\u0259 adamd\u0131r, hardan bilsin ki, kim, harda, n\u0259 t\u00f6r\u0259dib?\u201d.<\/em><\/p>\n\n\n\n<p><strong>\u201cQuran kitab\u0131n\u0131 g\u00f6t\u00fcr\u00fcb, onlara dedim ki, sizi Allaha tap\u015f\u0131r\u0131ram\u201d<\/strong><\/p>\n\n\n\n<p>H\u0259yat yolda\u015f\u0131 X\u0259dic\u0259xan\u0131m H\u00fcseynzad\u0259 deyir ki, mart\u0131n 17-d\u0259 \u0259rinin saxlanmas\u0131 bar\u0259d\u0259 ail\u0259sin\u0259 m\u0259lumat verilm\u0259yib. Gec\u0259 saatlar\u0131na q\u0259d\u0259r onun rayondak\u0131 \u00e7ayxanalardan birind\u0259 yolda\u015flar\u0131 il\u0259 oldu\u011funu d\u00fc\u015f\u00fcn\u00fcbl\u0259r. Gec\u0259 ev\u0259 g\u0259lm\u0259diyini g\u00f6r\u0259nd\u0259 Qazax rayon Polis \u015e\u00f6b\u0259sin\u0259 \u00fcz tutublar:<\/p>\n\n\n\n<p>\u201c<em>\u018fvv\u0259l bizi aldatd\u0131lar, qay\u0131nanama dedil\u0259r ki, \u201cburada yoxdur\u201d. Sonra qon\u015fulardan \u00f6yr\u0259ndik ki, s\u0259n dem\u0259, evd\u0259n \u00e7\u0131xan kimi, el\u0259 k\u00fc\u00e7\u0259mizin ba\u015f\u0131nda zorla ma\u015f\u0131na qoyub apar\u0131blar. Getdik \u015f\u00f6b\u0259y\u0259, dedil\u0259r ki, sabaha buraxacaqlar. S\u0259h\u0259ri ged\u0259nd\u0259 dedil\u0259r ki, guya cibind\u0259n narkotik \u00e7\u0131x\u0131b. Bu q\u0259d\u0259r a\u011f yalan olar?! Sonradan \u00f6z\u00fc biz\u0259 dedi ki, ma\u015f\u0131na mindirib aparanda yolda ba\u015f\u0131na-ba\u015f\u0131na vurublar. Narkotiki d\u0259 cibin\u0259 el\u0259 ma\u015f\u0131nda Amin v\u0259 Murad adl\u0131 polisl\u0259r at\u0131blar. \u015e\u00f6b\u0259d\u0259 d\u0259 narkotiki boynuna g\u00f6t\u00fcrm\u0259si \u00fc\u00e7\u00fcn ona n\u0259 q\u0259d\u0259r \u0259zab veribl\u0259r. \u00dcst\u00fcn\u0259 sidiy\u0259 q\u0259d\u0259r t\u00f6k\u00fcbl\u0259r. Paltarlar\u0131n\u0131 d\u0259yi\u015fib, yumaq \u00fc\u00e7\u00fcn ev\u0259 g\u00f6nd\u0259r\u0259nd\u0259 el\u0259 pis qoxu g\u0259lirdi&#8230;\u201d.<\/em><\/p>\n\n\n\n<p>X\u0259dic\u0259xan\u0131m H\u00fcseynzad\u0259nin s\u00f6zl\u0259rin\u0259 g\u00f6r\u0259, h\u0259yat yolda\u015f\u0131 II qrup \u0259lil kimi pensiya al\u0131r, amma bu, ail\u0259nin dolan\u0131\u015f\u0131\u011f\u0131na \u00e7atm\u0131rd\u0131. Bu \u00fczd\u0259n i\u015f \u00fc\u00e7\u00fcn rayondak\u0131 m\u00fcvafiq qurumlara, o c\u00fcml\u0259d\u0259n icra hakimiyy\u0259tin\u0259 m\u00fcraci\u0259t edirdi:<\/p>\n\n\n<div class=\"wp-block-image\">\n<figure class=\"alignright size-full is-resized\"><img decoding=\"async\" width=\"705\" height=\"378\" data-src=\"https:\/\/www.meydan.tv\/wp-content\/uploads\/photo-2024-06-27-14-07-04.jpg\" alt=\"\" class=\"wp-image-309120 lazyload\" style=\"--smush-placeholder-width: 705px; --smush-placeholder-aspect-ratio: 705\/378;width:420px;height:auto\" src=\"data:image\/svg+xml;base64,PHN2ZyB3aWR0aD0iMSIgaGVpZ2h0PSIxIiB4bWxucz0iaHR0cDovL3d3dy53My5vcmcvMjAwMC9zdmciPjwvc3ZnPg==\" \/><\/figure>\n<\/div>\n\n\n<p>\u201c<em>\u018fvv\u0259l yolda\u015f\u0131ma 250 manat Prezident m\u00fcavin\u0259ti verilirdi. Sonradan onu da k\u0259sdil\u0259r, v\u0259ziyy\u0259timiz lap ac\u0131nacaql\u0131 oldu. \u0130cra hakimiyy\u0259tin\u0259 q\u0259bula gedib, deyib ki, lap ba\u011fban i\u015fin\u0259 d\u0259 raz\u0131yam, t\u0259ki evim\u0259 qazanc g\u0259tirim, u\u015faqlar\u0131m\u0131 doland\u0131r\u0131m. Video \u00e7\u0259kib, Prezident\u0259 m\u00fcraci\u0259t el\u0259di, icra hakimiyy\u0259tind\u0259n \u015fikay\u0259tl\u0259ndi. He\u00e7 bir h\u0259ft\u0259 ke\u00e7m\u0259mi\u015f tutub \u015f\u0259rl\u0259dil\u0259r. Yolda\u015f\u0131m\u0131n h\u0259bsind\u0259n sonra qay\u0131nanam v\u0259 m\u0259n evd\u0259 olmad\u0131\u011f\u0131m\u0131z halda, polisl\u0259r g\u0259lib evimiz\u0259 girmi\u015fdil\u0259r. Evd\u0259 ancaq u\u015faqlar olmu\u015fdu. G\u0259lib \u00e7atd\u0131m, dedim ki, yolda\u015f\u0131m\u0131n cibi kimi, evimiz\u0259 d\u0259 narkotik qoymaq ist\u0259yirsiz? Evd\u0259n yolda\u015f\u0131m\u0131n komp\u00fcterini g\u00f6t\u00fcrd\u00fcl\u0259r, q\u0131z\u0131m\u0131n \u0259lind\u0259n telefonu al\u0131b apard\u0131lar. \u018fg\u0259r yolda\u015f\u0131m narkotikl\u0259 tutulubsa, komp\u00fcteri, telefonu niy\u0259 apar\u0131rs\u0131n\u0131z? Quran kitab\u0131n\u0131 g\u00f6t\u00fcrd\u00fcm, onlara dedim ki, sizi Allaha tap\u015f\u0131r\u0131ram, ba\u015fqalar\u0131 bir yana, 5 k\u00f6rp\u0259nin ah\u0131 yerd\u0259 qalmayacaq&#8230;\u201d.<\/em><\/p>\n\n\n\n<p>X\u0259dic\u0259xan\u0131m H\u00fcseynzad\u0259 \u0259lav\u0259 edib ki, h\u0259yat yolda\u015f\u0131n\u0131n sa\u011flaml\u0131\u011f\u0131nda ciddi probleml\u0259r oldu\u011funa g\u00f6r\u0259 istintaq t\u0259cridxanas\u0131nda da durumu yax\u015f\u0131 deyil. Onun he\u00e7 olmasa, ev dustaql\u0131\u011f\u0131na burax\u0131lmas\u0131 \u00fc\u00e7\u00fcn m\u00fcxt\u0259lif qurumlara m\u00fcraci\u0259t edib, lakin n\u0259tic\u0259 yoxdur:<\/p>\n\n\n\n<p>\u201c<em>Prokurorun da q\u0259buluna getdim, dedim ki, \u00f6z\u00fcn\u00fcz d\u0259 bilirsiniz, bu insan narkotikin \u00fcz\u00fcn\u00fc g\u00f6rm\u0259yib. Qay\u0131nanam sonradan icra ba\u015f\u00e7\u0131s\u0131n\u0131n da q\u0259buluna gedib. Deyib ki, ay R\u0259c\u0259b Baba\u015fov, g\u00fcnahs\u0131z adam\u0131, 5 k\u00f6rp\u0259nin atas\u0131n\u0131 h\u0259bs el\u0259tdirm\u0259y\u0259 insaf\u0131n nec\u0259 yol verir? Deyib ki, m\u0259nlik bir \u015fey yoxdur\u201d.<\/em><\/p>\n\n\n\n<p><strong>\u201cNeft-qaz \u00f6lk\u0259sind\u0259 s\u0259fal\u0259t i\u00e7ind\u0259 bo\u011fuluruq\u201d<\/strong><\/p>\n\n\n\n<p>Mirc\u0259f\u0259r H\u00fcseynzad\u0259y\u0259 qar\u015f\u0131 Cinay\u0259t M\u0259c\u0259ll\u0259sinin 234.1-1 (sat\u0131\u015f m\u0259qs\u0259di olmadan k\u00fclli miqdarda narkotik \u0259ld\u0259 etm\u0259, da\u015f\u0131ma, saxlama) madd\u0259sil\u0259 ittiham ir\u0259li s\u00fcr\u00fcl\u00fcb. Bu madd\u0259d\u0259 3 ild\u0259n 8 il\u0259 q\u0259d\u0259r azadl\u0131qdan m\u0259hrumetm\u0259 c\u0259zas\u0131 n\u0259z\u0259rd\u0259 tutulub.<\/p>\n\n\n\n<p>Qazax Rayon \u0130cra Hakimiyy\u0259tind\u0259n Meydan TV-y\u0259 bildirilib ki, Mirc\u0259f\u0259r H\u00fcseynzad\u0259nin h\u0259bsinin icra hakimiyy\u0259tin\u0259 d\u0259, icra ba\u015f\u00e7\u0131s\u0131na da aidiyy\u0259ti yoxdur: <\/p>\n\n\n\n<p><em>\u201cBu iddialar tamamil\u0259 \u0259sass\u0131zd\u0131r, h\u0259qiq\u0259ti \u0259ks etdirmir. Qazax rayon \u0130cra Hakimiyy\u0259ti olaraq, h\u0259r bir v\u0259t\u0259nda\u015f\u0131n m\u00fcraci\u0259tin\u0259 h\u0259ssas davran\u0131r\u0131q\u201d.<\/em><\/p>\n\n\n<div class=\"wp-block-image\">\n<figure class=\"aligncenter size-large\"><img decoding=\"async\" width=\"1101\" height=\"821\" data-src=\"https:\/\/www.meydan.tv\/wp-content\/uploads\/2017-08-09-16-19-0225-1101x821.jpg\" alt=\"\" class=\"wp-image-268453 lazyload\" src=\"data:image\/svg+xml;base64,PHN2ZyB3aWR0aD0iMSIgaGVpZ2h0PSIxIiB4bWxucz0iaHR0cDovL3d3dy53My5vcmcvMjAwMC9zdmciPjwvc3ZnPg==\" style=\"--smush-placeholder-width: 1101px; --smush-placeholder-aspect-ratio: 1101\/821;\" \/><figcaption class=\"wp-element-caption\">Foto: Qazax Rayon \u0130cra Hakimiyy\u0259ti<\/figcaption><\/figure>\n<\/div>\n\n\n<p>\u0130cra hakimiyy\u0259tind\u0259n vur\u011fulan\u0131b ki, h\u0259m Mirc\u0259f\u0259r H\u00fcseynzad\u0259, h\u0259m d\u0259 h\u0259yat yolda\u015f\u0131 X\u0259dic\u0259xan\u0131m H\u00fcseynzad\u0259 bir m\u00fcdd\u0259t \u00f6nc\u0259 \u201cDOST\u201d MMC-d\u0259 \u00f6d\u0259ni\u015fli ictimai i\u015fl\u0259r\u0259 c\u0259lb edilib, h\u0259r biri 250 manat olmaqla, ayl\u0131q 500 manat \u0259m\u0259khaqq\u0131 al\u0131rd\u0131lar.<\/p>\n\n\n\n<p>Mirc\u0259f\u0259r H\u00fcseynzad\u0259 h\u0259bsind\u0259n \u0259vv\u0259l Prezident\u0259 video-m\u00fcraci\u0259tind\u0259 bunlar\u0131 deyib:<\/p>\n\n\n\n<p>\u201c<em>Bug\u00fcnl\u0259rd\u0259 sizin daha 7 il Prezident olma\u011f\u0131n\u0131z \u00fc\u00e7\u00fcn s\u0259s verdim. 5 u\u015fa\u011f\u0131m var. M\u0259n\u0259 bir i\u015f vermirl\u0259r ki, onlar\u0131 doland\u0131r\u0131m. \u00d6d\u00fcm yoxdur, b\u00f6yr\u0259yimin biri yoxdur, \u00fcr\u0259yim x\u0259st\u0259dir. M\u00fcalic\u0259m\u0259 pul tapa bilmir\u0259m. U\u015faqlara yem\u0259k, geyim, t\u0259hsil haqq\u0131 laz\u0131md\u0131r. C\u0259nab Prezident, nazir, icra ba\u015f\u00e7\u0131s\u0131 v\u0259zif\u0259si ist\u0259mir\u0259m ki. F\u0259hl\u0259lik, hamball\u0131q, \u00e7\u00f6r\u0259kpulu ist\u0259yir\u0259m. Xahi\u015f edir\u0259m, m\u0259ni \u00f6z n\u0259zar\u0259tiniz\u0259 g\u00f6t\u00fcr\u0259siniz, u\u015faqlar\u0131ma sahib \u00e7\u0131xas\u0131n\u0131z. Ac\u0131nacaql\u0131 v\u0259ziyy\u0259td\u0259yik. Neft-qaz \u00f6lk\u0259sind\u0259 s\u0259fal\u0259t i\u00e7ind\u0259 bo\u011fuluruq&#8230;\u201d.<\/em><\/p>\n","protected":false},"excerpt":{"rendered":"<p>\u201cC\u0259nab Prezident, nazir, icra ba\u015f\u00e7\u0131s\u0131 v\u0259zif\u0259si yox, f\u0259hl\u0259lik, hamball\u0131q ist\u0259yir\u0259m&#8230;\u201d &#8230; <\/p>\n<p class=\"read-more-container\"><a title=\"Qazaxda: Prezident\u0259 m\u00fcraci\u0259t edib i\u015f ist\u0259di, h\u0259bs olundu\" class=\"read-more button\" href=\"https:\/\/www.meydan.tv\/az\/article\/qazaxda-prezidente-muraciet-edib-is-istedi-hebs-olundu\/#more-309115\" aria-label=\"Read more about Qazaxda: Prezident\u0259 m\u00fcraci\u0259t edib i\u015f ist\u0259di, h\u0259bs olundu\">Davam\u0131<\/a><\/p>\n","protected":false},"author":8,"featured_media":309116,"comment_status":"closed","ping_status":"closed","sticky":false,"template":"","format":"standard","meta":{"_acf_changed":false,"_sitemap_exclude":false,"_sitemap_priority":"","_sitemap_frequency":"","footnotes":""},"categories":[60,79,56],"tags":[],"class_list":["post-309115","post","type-post","status-publish","format-standard","has-post-thumbnail","hentry","category-bolge","category-featured","category-xeberler","infinite-scroll-item","generate-columns","tablet-grid-50","mobile-grid-100","grid-parent","grid-33","no-featured-image-padding"],"acf":[],"yoast_head":"<!-- This site is optimized with the Yoast SEO plugin v27.4 - https:\/\/yoast.com\/product\/yoast-seo-wordpress\/ -->\n<title>Qazaxda: Prezident\u0259 m\u00fcraci\u0259t edib i\u015f ist\u0259di, h\u0259bs olundu - MEYDAN.TV<\/title>\n<meta name=\"description\" content=\"\u201cC\u0259nab Prezident, nazir, icra ba\u015f\u00e7\u0131s\u0131 v\u0259zif\u0259si yox, f\u0259hl\u0259lik, hamball\u0131q ist\u0259yir\u0259m...\u201d\" \/>\n<meta name=\"robots\" content=\"index, follow, max-snippet:-1, max-image-preview:large, max-video-preview:-1\" \/>\n<link rel=\"canonical\" href=\"https:\/\/www.meydan.tv\/az\/article\/qazaxda-prezidente-muraciet-edib-is-istedi-hebs-olundu\/\" \/>\n<meta property=\"og:locale\" content=\"az_AZ\" \/>\n<meta property=\"og:type\" content=\"article\" \/>\n<meta property=\"og:title\" content=\"Qazaxda: Prezident\u0259 m\u00fcraci\u0259t edib i\u015f ist\u0259di, h\u0259bs olundu - MEYDAN.TV\" \/>\n<meta property=\"og:description\" content=\"\u201cC\u0259nab Prezident, nazir, icra ba\u015f\u00e7\u0131s\u0131 v\u0259zif\u0259si yox, f\u0259hl\u0259lik, hamball\u0131q ist\u0259yir\u0259m...\u201d\" \/>\n<meta property=\"og:url\" content=\"https:\/\/www.meydan.tv\/az\/article\/qazaxda-prezidente-muraciet-edib-is-istedi-hebs-olundu\/\" \/>\n<meta property=\"og:site_name\" content=\"MEYDAN.TV\" \/>\n<meta property=\"article:published_time\" content=\"2024-06-27T10:50:13+00:00\" \/>\n<meta property=\"article:modified_time\" content=\"2024-06-27T12:17:23+00:00\" \/>\n<meta property=\"og:image\" content=\"https:\/\/www.meydan.tv\/wp-content\/uploads\/photo-2024-06-27-14-06-50.jpg\" \/>\n\t<meta property=\"og:image:width\" content=\"828\" \/>\n\t<meta property=\"og:image:height\" content=\"495\" \/>\n\t<meta property=\"og:image:type\" content=\"image\/jpeg\" \/>\n<meta name=\"author\" content=\"elli\" \/>\n<meta name=\"twitter:card\" content=\"summary_large_image\" \/>\n<meta name=\"twitter:creator\" content=\"@elli\" \/>\n<script type=\"application\/ld+json\" class=\"yoast-schema-graph\">{\"@context\":\"https:\\\/\\\/schema.org\",\"@graph\":[{\"@type\":\"Article\",\"@id\":\"https:\\\/\\\/www.meydan.tv\\\/az\\\/article\\\/qazaxda-prezidente-muraciet-edib-is-istedi-hebs-olundu\\\/#article\",\"isPartOf\":{\"@id\":\"https:\\\/\\\/www.meydan.tv\\\/az\\\/article\\\/qazaxda-prezidente-muraciet-edib-is-istedi-hebs-olundu\\\/\"},\"author\":{\"name\":\"elli\",\"@id\":\"https:\\\/\\\/www.meydan.tv\\\/az\\\/#\\\/schema\\\/person\\\/9cdbecf90d17180ce1dfbd95b08dcf47\"},\"headline\":\"Qazaxda: Prezident\u0259 m\u00fcraci\u0259t edib i\u015f ist\u0259di, h\u0259bs olundu\",\"datePublished\":\"2024-06-27T10:50:13+00:00\",\"dateModified\":\"2024-06-27T12:17:23+00:00\",\"mainEntityOfPage\":{\"@id\":\"https:\\\/\\\/www.meydan.tv\\\/az\\\/article\\\/qazaxda-prezidente-muraciet-edib-is-istedi-hebs-olundu\\\/\"},\"wordCount\":1310,\"publisher\":{\"@id\":\"https:\\\/\\\/www.meydan.tv\\\/az\\\/#organization\"},\"image\":{\"@id\":\"https:\\\/\\\/www.meydan.tv\\\/az\\\/article\\\/qazaxda-prezidente-muraciet-edib-is-istedi-hebs-olundu\\\/#primaryimage\"},\"thumbnailUrl\":\"https:\\\/\\\/www.meydan.tv\\\/wp-content\\\/uploads\\\/photo-2024-06-27-14-06-50.jpg\",\"articleSection\":[\"B\u00f6lg\u0259\",\"T\u00f6vsiy\u0259\",\"X\u0259b\u0259rl\u0259r\"],\"inLanguage\":\"az\"},{\"@type\":\"WebPage\",\"@id\":\"https:\\\/\\\/www.meydan.tv\\\/az\\\/article\\\/qazaxda-prezidente-muraciet-edib-is-istedi-hebs-olundu\\\/\",\"url\":\"https:\\\/\\\/www.meydan.tv\\\/az\\\/article\\\/qazaxda-prezidente-muraciet-edib-is-istedi-hebs-olundu\\\/\",\"name\":\"Qazaxda: Prezident\u0259 m\u00fcraci\u0259t edib i\u015f ist\u0259di, h\u0259bs olundu - MEYDAN.TV\",\"isPartOf\":{\"@id\":\"https:\\\/\\\/www.meydan.tv\\\/az\\\/#website\"},\"primaryImageOfPage\":{\"@id\":\"https:\\\/\\\/www.meydan.tv\\\/az\\\/article\\\/qazaxda-prezidente-muraciet-edib-is-istedi-hebs-olundu\\\/#primaryimage\"},\"image\":{\"@id\":\"https:\\\/\\\/www.meydan.tv\\\/az\\\/article\\\/qazaxda-prezidente-muraciet-edib-is-istedi-hebs-olundu\\\/#primaryimage\"},\"thumbnailUrl\":\"https:\\\/\\\/www.meydan.tv\\\/wp-content\\\/uploads\\\/photo-2024-06-27-14-06-50.jpg\",\"datePublished\":\"2024-06-27T10:50:13+00:00\",\"dateModified\":\"2024-06-27T12:17:23+00:00\",\"description\":\"\u201cC\u0259nab Prezident, nazir, icra ba\u015f\u00e7\u0131s\u0131 v\u0259zif\u0259si yox, f\u0259hl\u0259lik, hamball\u0131q ist\u0259yir\u0259m...\u201d\",\"breadcrumb\":{\"@id\":\"https:\\\/\\\/www.meydan.tv\\\/az\\\/article\\\/qazaxda-prezidente-muraciet-edib-is-istedi-hebs-olundu\\\/#breadcrumb\"},\"inLanguage\":\"az\",\"potentialAction\":[{\"@type\":\"ReadAction\",\"target\":[\"https:\\\/\\\/www.meydan.tv\\\/az\\\/article\\\/qazaxda-prezidente-muraciet-edib-is-istedi-hebs-olundu\\\/\"]}]},{\"@type\":\"ImageObject\",\"inLanguage\":\"az\",\"@id\":\"https:\\\/\\\/www.meydan.tv\\\/az\\\/article\\\/qazaxda-prezidente-muraciet-edib-is-istedi-hebs-olundu\\\/#primaryimage\",\"url\":\"https:\\\/\\\/www.meydan.tv\\\/wp-content\\\/uploads\\\/photo-2024-06-27-14-06-50.jpg\",\"contentUrl\":\"https:\\\/\\\/www.meydan.tv\\\/wp-content\\\/uploads\\\/photo-2024-06-27-14-06-50.jpg\",\"width\":828,\"height\":495,\"caption\":\"Mirc\u0259f\u0259r H\u00fcseynzad\u0259. Fotolar: Meydan TV\"},{\"@type\":\"BreadcrumbList\",\"@id\":\"https:\\\/\\\/www.meydan.tv\\\/az\\\/article\\\/qazaxda-prezidente-muraciet-edib-is-istedi-hebs-olundu\\\/#breadcrumb\",\"itemListElement\":[{\"@type\":\"ListItem\",\"position\":1,\"name\":\"Ana s\u0259hif\u0259\",\"item\":\"https:\\\/\\\/www.meydan.tv\\\/az\\\/\"},{\"@type\":\"ListItem\",\"position\":2,\"name\":\"B\u00f6lg\u0259\",\"item\":\"https:\\\/\\\/www.meydan.tv\\\/az\\\/section\\\/bolge\\\/\"},{\"@type\":\"ListItem\",\"position\":3,\"name\":\"Qazaxda: Prezident\u0259 m\u00fcraci\u0259t edib i\u015f ist\u0259di, h\u0259bs olundu\"}]},{\"@type\":\"WebSite\",\"@id\":\"https:\\\/\\\/www.meydan.tv\\\/az\\\/#website\",\"url\":\"https:\\\/\\\/www.meydan.tv\\\/az\\\/\",\"name\":\"MEYDAN.TV\",\"description\":\"Meydan TV Az\u0259rbaycan\u0131n media m\u0259kan\u0131ndak\u0131 alternativ s\u0259sidir\",\"publisher\":{\"@id\":\"https:\\\/\\\/www.meydan.tv\\\/az\\\/#organization\"},\"potentialAction\":[{\"@type\":\"SearchAction\",\"target\":{\"@type\":\"EntryPoint\",\"urlTemplate\":\"https:\\\/\\\/www.meydan.tv\\\/az\\\/?s={search_term_string}\"},\"query-input\":{\"@type\":\"PropertyValueSpecification\",\"valueRequired\":true,\"valueName\":\"search_term_string\"}}],\"inLanguage\":\"az\"},{\"@type\":\"Organization\",\"@id\":\"https:\\\/\\\/www.meydan.tv\\\/az\\\/#organization\",\"name\":\"Meydan TV\",\"url\":\"https:\\\/\\\/www.meydan.tv\\\/az\\\/\",\"logo\":{\"@type\":\"ImageObject\",\"inLanguage\":\"az\",\"@id\":\"https:\\\/\\\/www.meydan.tv\\\/az\\\/#\\\/schema\\\/logo\\\/image\\\/\",\"url\":\"https:\\\/\\\/www.meydan.tv\\\/wp-content\\\/uploads\\\/2021\\\/07\\\/meydan-logo.svg\",\"contentUrl\":\"https:\\\/\\\/www.meydan.tv\\\/wp-content\\\/uploads\\\/2021\\\/07\\\/meydan-logo.svg\",\"width\":195,\"height\":46,\"caption\":\"Meydan TV\"},\"image\":{\"@id\":\"https:\\\/\\\/www.meydan.tv\\\/az\\\/#\\\/schema\\\/logo\\\/image\\\/\"}},{\"@type\":\"Person\",\"@id\":\"https:\\\/\\\/www.meydan.tv\\\/az\\\/#\\\/schema\\\/person\\\/9cdbecf90d17180ce1dfbd95b08dcf47\",\"name\":\"elli\",\"sameAs\":[\"https:\\\/\\\/x.com\\\/elli\"]}]}<\/script>\n<!-- \/ Yoast SEO plugin. -->","yoast_head_json":{"title":"Qazaxda: Prezident\u0259 m\u00fcraci\u0259t edib i\u015f ist\u0259di, h\u0259bs olundu - MEYDAN.TV","description":"\u201cC\u0259nab Prezident, nazir, icra ba\u015f\u00e7\u0131s\u0131 v\u0259zif\u0259si yox, f\u0259hl\u0259lik, hamball\u0131q ist\u0259yir\u0259m...\u201d","robots":{"index":"index","follow":"follow","max-snippet":"max-snippet:-1","max-image-preview":"max-image-preview:large","max-video-preview":"max-video-preview:-1"},"canonical":"https:\/\/www.meydan.tv\/az\/article\/qazaxda-prezidente-muraciet-edib-is-istedi-hebs-olundu\/","og_locale":"az_AZ","og_type":"article","og_title":"Qazaxda: Prezident\u0259 m\u00fcraci\u0259t edib i\u015f ist\u0259di, h\u0259bs olundu - MEYDAN.TV","og_description":"\u201cC\u0259nab Prezident, nazir, icra ba\u015f\u00e7\u0131s\u0131 v\u0259zif\u0259si yox, f\u0259hl\u0259lik, hamball\u0131q ist\u0259yir\u0259m...\u201d","og_url":"https:\/\/www.meydan.tv\/az\/article\/qazaxda-prezidente-muraciet-edib-is-istedi-hebs-olundu\/","og_site_name":"MEYDAN.TV","article_published_time":"2024-06-27T10:50:13+00:00","article_modified_time":"2024-06-27T12:17:23+00:00","og_image":[{"width":828,"height":495,"url":"https:\/\/www.meydan.tv\/wp-content\/uploads\/photo-2024-06-27-14-06-50.jpg","type":"image\/jpeg"}],"author":"elli","twitter_card":"summary_large_image","twitter_creator":"@elli","schema":{"@context":"https:\/\/schema.org","@graph":[{"@type":"Article","@id":"https:\/\/www.meydan.tv\/az\/article\/qazaxda-prezidente-muraciet-edib-is-istedi-hebs-olundu\/#article","isPartOf":{"@id":"https:\/\/www.meydan.tv\/az\/article\/qazaxda-prezidente-muraciet-edib-is-istedi-hebs-olundu\/"},"author":{"name":"elli","@id":"https:\/\/www.meydan.tv\/az\/#\/schema\/person\/9cdbecf90d17180ce1dfbd95b08dcf47"},"headline":"Qazaxda: Prezident\u0259 m\u00fcraci\u0259t edib i\u015f ist\u0259di, h\u0259bs olundu","datePublished":"2024-06-27T10:50:13+00:00","dateModified":"2024-06-27T12:17:23+00:00","mainEntityOfPage":{"@id":"https:\/\/www.meydan.tv\/az\/article\/qazaxda-prezidente-muraciet-edib-is-istedi-hebs-olundu\/"},"wordCount":1310,"publisher":{"@id":"https:\/\/www.meydan.tv\/az\/#organization"},"image":{"@id":"https:\/\/www.meydan.tv\/az\/article\/qazaxda-prezidente-muraciet-edib-is-istedi-hebs-olundu\/#primaryimage"},"thumbnailUrl":"https:\/\/www.meydan.tv\/wp-content\/uploads\/photo-2024-06-27-14-06-50.jpg","articleSection":["B\u00f6lg\u0259","T\u00f6vsiy\u0259","X\u0259b\u0259rl\u0259r"],"inLanguage":"az"},{"@type":"WebPage","@id":"https:\/\/www.meydan.tv\/az\/article\/qazaxda-prezidente-muraciet-edib-is-istedi-hebs-olundu\/","url":"https:\/\/www.meydan.tv\/az\/article\/qazaxda-prezidente-muraciet-edib-is-istedi-hebs-olundu\/","name":"Qazaxda: Prezident\u0259 m\u00fcraci\u0259t edib i\u015f ist\u0259di, h\u0259bs olundu - MEYDAN.TV","isPartOf":{"@id":"https:\/\/www.meydan.tv\/az\/#website"},"primaryImageOfPage":{"@id":"https:\/\/www.meydan.tv\/az\/article\/qazaxda-prezidente-muraciet-edib-is-istedi-hebs-olundu\/#primaryimage"},"image":{"@id":"https:\/\/www.meydan.tv\/az\/article\/qazaxda-prezidente-muraciet-edib-is-istedi-hebs-olundu\/#primaryimage"},"thumbnailUrl":"https:\/\/www.meydan.tv\/wp-content\/uploads\/photo-2024-06-27-14-06-50.jpg","datePublished":"2024-06-27T10:50:13+00:00","dateModified":"2024-06-27T12:17:23+00:00","description":"\u201cC\u0259nab Prezident, nazir, icra ba\u015f\u00e7\u0131s\u0131 v\u0259zif\u0259si yox, f\u0259hl\u0259lik, hamball\u0131q ist\u0259yir\u0259m...\u201d","breadcrumb":{"@id":"https:\/\/www.meydan.tv\/az\/article\/qazaxda-prezidente-muraciet-edib-is-istedi-hebs-olundu\/#breadcrumb"},"inLanguage":"az","potentialAction":[{"@type":"ReadAction","target":["https:\/\/www.meydan.tv\/az\/article\/qazaxda-prezidente-muraciet-edib-is-istedi-hebs-olundu\/"]}]},{"@type":"ImageObject","inLanguage":"az","@id":"https:\/\/www.meydan.tv\/az\/article\/qazaxda-prezidente-muraciet-edib-is-istedi-hebs-olundu\/#primaryimage","url":"https:\/\/www.meydan.tv\/wp-content\/uploads\/photo-2024-06-27-14-06-50.jpg","contentUrl":"https:\/\/www.meydan.tv\/wp-content\/uploads\/photo-2024-06-27-14-06-50.jpg","width":828,"height":495,"caption":"Mirc\u0259f\u0259r H\u00fcseynzad\u0259. Fotolar: Meydan TV"},{"@type":"BreadcrumbList","@id":"https:\/\/www.meydan.tv\/az\/article\/qazaxda-prezidente-muraciet-edib-is-istedi-hebs-olundu\/#breadcrumb","itemListElement":[{"@type":"ListItem","position":1,"name":"Ana s\u0259hif\u0259","item":"https:\/\/www.meydan.tv\/az\/"},{"@type":"ListItem","position":2,"name":"B\u00f6lg\u0259","item":"https:\/\/www.meydan.tv\/az\/section\/bolge\/"},{"@type":"ListItem","position":3,"name":"Qazaxda: Prezident\u0259 m\u00fcraci\u0259t edib i\u015f ist\u0259di, h\u0259bs olundu"}]},{"@type":"WebSite","@id":"https:\/\/www.meydan.tv\/az\/#website","url":"https:\/\/www.meydan.tv\/az\/","name":"MEYDAN.TV","description":"Meydan TV Az\u0259rbaycan\u0131n media m\u0259kan\u0131ndak\u0131 alternativ s\u0259sidir","publisher":{"@id":"https:\/\/www.meydan.tv\/az\/#organization"},"potentialAction":[{"@type":"SearchAction","target":{"@type":"EntryPoint","urlTemplate":"https:\/\/www.meydan.tv\/az\/?s={search_term_string}"},"query-input":{"@type":"PropertyValueSpecification","valueRequired":true,"valueName":"search_term_string"}}],"inLanguage":"az"},{"@type":"Organization","@id":"https:\/\/www.meydan.tv\/az\/#organization","name":"Meydan TV","url":"https:\/\/www.meydan.tv\/az\/","logo":{"@type":"ImageObject","inLanguage":"az","@id":"https:\/\/www.meydan.tv\/az\/#\/schema\/logo\/image\/","url":"https:\/\/www.meydan.tv\/wp-content\/uploads\/2021\/07\/meydan-logo.svg","contentUrl":"https:\/\/www.meydan.tv\/wp-content\/uploads\/2021\/07\/meydan-logo.svg","width":195,"height":46,"caption":"Meydan TV"},"image":{"@id":"https:\/\/www.meydan.tv\/az\/#\/schema\/logo\/image\/"}},{"@type":"Person","@id":"https:\/\/www.meydan.tv\/az\/#\/schema\/person\/9cdbecf90d17180ce1dfbd95b08dcf47","name":"elli","sameAs":["https:\/\/x.com\/elli"]}]}},"_links":{"self":[{"href":"https:\/\/www.meydan.tv\/az\/wp-json\/wp\/v2\/posts\/309115","targetHints":{"allow":["GET"]}}],"collection":[{"href":"https:\/\/www.meydan.tv\/az\/wp-json\/wp\/v2\/posts"}],"about":[{"href":"https:\/\/www.meydan.tv\/az\/wp-json\/wp\/v2\/types\/post"}],"author":[{"embeddable":true,"href":"https:\/\/www.meydan.tv\/az\/wp-json\/wp\/v2\/users\/8"}],"replies":[{"embeddable":true,"href":"https:\/\/www.meydan.tv\/az\/wp-json\/wp\/v2\/comments?post=309115"}],"version-history":[{"count":4,"href":"https:\/\/www.meydan.tv\/az\/wp-json\/wp\/v2\/posts\/309115\/revisions"}],"predecessor-version":[{"id":309139,"href":"https:\/\/www.meydan.tv\/az\/wp-json\/wp\/v2\/posts\/309115\/revisions\/309139"}],"wp:featuredmedia":[{"embeddable":true,"href":"https:\/\/www.meydan.tv\/az\/wp-json\/wp\/v2\/media\/309116"}],"wp:attachment":[{"href":"https:\/\/www.meydan.tv\/az\/wp-json\/wp\/v2\/media?parent=309115"}],"wp:term":[{"taxonomy":"category","embeddable":true,"href":"https:\/\/www.meydan.tv\/az\/wp-json\/wp\/v2\/categories?post=309115"},{"taxonomy":"post_tag","embeddable":true,"href":"https:\/\/www.meydan.tv\/az\/wp-json\/wp\/v2\/tags?post=309115"}],"curies":[{"name":"wp","href":"https:\/\/api.w.org\/{rel}","templated":true}]}}