{"id":309099,"date":"2024-06-27T13:58:19","date_gmt":"2024-06-27T09:58:19","guid":{"rendered":"https:\/\/www.meydan.tv\/?p=309099"},"modified":"2024-06-27T13:58:22","modified_gmt":"2024-06-27T09:58:22","slug":"bu-il-bugdanin-mehsuldarligi-azalib","status":"publish","type":"post","link":"https:\/\/www.meydan.tv\/az\/article\/bu-il-bugdanin-mehsuldarligi-azalib\/","title":{"rendered":"Bu il bu\u011fdan\u0131n m\u0259hsuldarl\u0131\u011f\u0131 azal\u0131b"},"content":{"rendered":"\n<p><\/p>\n\n\n\n<p><strong><em>Ekspert: \u201cT\u0259\u0259ss\u00fcf ki, k\u0259nd t\u0259s\u0259rr\u00fcfat\u0131nda idar\u0259etm\u0259 t\u0259cr\u00fcb\u0259siz adamlar\u0131n \u0259ll\u0259rind\u0259dir\u201d<\/em><\/strong><\/p>\n\n\n\n<p>2024-c\u00fc ild\u0259 \u00f6lk\u0259d\u0259 400 min hektardan art\u0131q tax\u0131l sah\u0259sind\u0259 bi\u00e7in<a href=\"https:\/\/azertag.az\/xeber\/bu_gunedek_400_min_hektardan_artiq_sahede_taxil_bichini_aparilib____operativ_melumat-3066798\"> apar\u0131l\u0131b<\/a>.<\/p>\n\n\n\n<p>K\u0259nd T\u0259s\u0259rr\u00fcfat\u0131 Nazirliyind\u0259 tax\u0131l bi\u00e7ininin t\u0259\u015fkili il\u0259 ba\u011fl\u0131 yarad\u0131lm\u0131\u015f operativ q\u0259rargahdan veril\u0259n m\u0259lumatda bel\u0259 deyilir. Pay\u0131zl\u0131q \u0259kin sah\u0259l\u0259rinin 40 faizind\u0259 bi\u00e7in ba\u015fa \u00e7at\u0131b.<\/p>\n\n\n\n<p>Art\u0131q 403 min 503 hektar sah\u0259d\u0259 bi\u00e7in yekunla\u015f\u0131b. Sah\u0259l\u0259rd\u0259n 878 min 173 ton arpa, 366 min 723 ton bu\u011fda y\u0131\u011f\u0131l\u0131b. Arpa sah\u0259l\u0259rinin 69,5 faizind\u0259, bu\u011fda sah\u0259l\u0259rinin is\u0259 18,4 faizind\u0259 bi\u00e7in prosesi ba\u015fa \u00e7at\u0131b. Haz\u0131rda orta m\u0259hsuldarl\u0131q arpa \u00fczr\u0259 29,7 sentner, bu\u011fda \u00fczr\u0259 is\u0259 34 sentner olub.<\/p>\n\n\n\n<p>Haz\u0131rda respublikan\u0131n 40-a yax\u0131n rayonunda intensiv bi\u00e7in prosesi gedir. Bu rayonlardan A\u011fsu, Bil\u0259suvar, Neft\u00e7ala, Sabirabad, Samux, Salyan, Ucar, K\u00fcrd\u0259mir rayonlar\u0131nda bi\u00e7in s\u0259viyy\u0259si 70 faizi ke\u00e7ib, Naftalanda is\u0259 bi\u00e7in ba\u015fa \u00e7at\u0131b.<\/p>\n\n\n\n<p>K\u0259nd t\u0259s\u0259rr\u00fcfat\u0131 \u00fczr\u0259 ekspert Vahid M\u0259h\u0259rr\u0259mli deyir ki, bu il \u0259vv\u0259lki ilin eyni d\u00f6vr\u00fc il\u0259 m\u00fcqayis\u0259d\u0259 bu\u011fda bi\u00e7ini 30 faiz azd\u0131r. H\u0259m\u00e7inin \u0259vv\u0259lki ill\u0259 m\u00fcqayis\u0259d\u0259 bu il arpan\u0131n m\u0259hsuldarl\u0131\u011f\u0131 0,7 sentner, bu\u011fdan\u0131n m\u0259hsuldarl\u0131\u011f\u0131 is\u0259 0,9 sentner a\u015fa\u011f\u0131d\u0131r:<\/p>\n\n\n<div class=\"wp-block-image\">\n<figure class=\"alignright size-full is-resized\"><img decoding=\"async\" width=\"810\" height=\"450\" data-src=\"https:\/\/www.meydan.tv\/wp-content\/uploads\/41844.png\" alt=\"Vahid M\u0259h\u0259rr\u0259mli\" class=\"wp-image-105403 lazyload\" style=\"--smush-placeholder-width: 810px; --smush-placeholder-aspect-ratio: 810\/450;width:349px;height:auto\" src=\"data:image\/svg+xml;base64,PHN2ZyB3aWR0aD0iMSIgaGVpZ2h0PSIxIiB4bWxucz0iaHR0cDovL3d3dy53My5vcmcvMjAwMC9zdmciPjwvc3ZnPg==\" \/><figcaption class=\"wp-element-caption\">Vahid M\u0259h\u0259rr\u0259mli. Foto: Meydan TV<\/figcaption><\/figure>\n<\/div>\n\n\n<p><em>\u201c2023-c\u00fc ilin iyunun 25-n\u0259 \u00f6lk\u0259d\u0259 orta m\u0259hsuldarl\u0131q arpa \u00fczr\u0259 30,4 sentner, bu\u011fda \u00fczr\u0259 34,9 sentner t\u0259\u015fkil edib. T\u0259\u0259ss\u00fcf ki, k\u0259nd t\u0259s\u0259rr\u00fcfat\u0131nda idar\u0259etm\u0259 t\u0259cr\u00fcb\u0259siz adamlar\u0131n \u0259ll\u0259rind\u0259dir. Y\u0259qin ki, bu d\u0259f\u0259 hava \u015f\u0259raitini b\u0259han\u0259 g\u0259tir\u0259c\u0259kl\u0259r\u201d.<\/em><\/p>\n\n\n\n<p><\/p>\n\n\n\n<p>2022-ci ild\u0259 K\u0259nd T\u0259s\u0259rr\u00fcfat\u0131 Nazirliyi a\u00e7\u0131qlam\u0131\u015fd\u0131 ki, h\u0259min il k\u0259skin quraql\u0131q \u00fcz\u00fcnd\u0259n Az\u0259rbaycanda t\u0259xmin\u0259n 100 min hektar \u0259razid\u0259 tax\u0131l \u0259kinl\u0259ri m\u0259hv olub. Bu \u00f6lk\u0259d\u0259ki tax\u0131l \u0259kil\u0259n torpaqlar\u0131n t\u0259xmin\u0259n 10 faizi idi. N\u0259tic\u0259d\u0259 2022-ci ild\u0259 Az\u0259rbaycan\u0131n \u00f6z\u00fcn\u00fc bu\u011fda il\u0259 t\u0259minat s\u0259viyy\u0259si 62 faizd\u0259n 57 faiz\u0259 enmi\u015f, bu\u011fda idxal\u0131na x\u0259rcl\u0259n\u0259n v\u0259sait d\u0259 100 milyon dollara yax\u0131n artaraq 437 milyon dollara \u00e7atm\u0131\u015fd\u0131.<\/p>\n\n\n\n<p>Bu, o dem\u0259kdir ki, quraql\u0131q riski t\u0259kc\u0259, k\u0259nd t\u0259s\u0259rr\u00fcfat\u0131nda \u00e7al\u0131\u015fanlara deyil, b\u00fct\u00fcn \u00f6lk\u0259y\u0259 ciddi riskl\u0259r yarad\u0131r.<\/p>\n","protected":false},"excerpt":{"rendered":"<p>Ekspert: \u201cT\u0259\u0259ss\u00fcf ki, k\u0259nd t\u0259s\u0259rr\u00fcfat\u0131nda idar\u0259etm\u0259 t\u0259cr\u00fcb\u0259siz adamlar\u0131n \u0259ll\u0259rind\u0259dir\u201d 2024-c\u00fc &#8230; <\/p>\n<p class=\"read-more-container\"><a title=\"Bu il bu\u011fdan\u0131n m\u0259hsuldarl\u0131\u011f\u0131 azal\u0131b\" class=\"read-more button\" href=\"https:\/\/www.meydan.tv\/az\/article\/bu-il-bugdanin-mehsuldarligi-azalib\/#more-309099\" aria-label=\"Read more about Bu il bu\u011fdan\u0131n m\u0259hsuldarl\u0131\u011f\u0131 azal\u0131b\">Davam\u0131<\/a><\/p>\n","protected":false},"author":8,"featured_media":263691,"comment_status":"closed","ping_status":"closed","sticky":false,"template":"","format":"standard","meta":{"_acf_changed":false,"_sitemap_exclude":false,"_sitemap_priority":"","_sitemap_frequency":"","footnotes":""},"categories":[53,56],"tags":[],"class_list":["post-309099","post","type-post","status-publish","format-standard","has-post-thumbnail","hentry","category-iqtisadiyyat","category-xeberler","infinite-scroll-item","generate-columns","tablet-grid-50","mobile-grid-100","grid-parent","grid-33","no-featured-image-padding"],"acf":[],"yoast_head":"<!-- This site is optimized with the Yoast SEO plugin v27.4 - https:\/\/yoast.com\/product\/yoast-seo-wordpress\/ -->\n<title>Bu il bu\u011fdan\u0131n m\u0259hsuldarl\u0131\u011f\u0131 azal\u0131b - MEYDAN.TV<\/title>\n<meta name=\"robots\" content=\"index, follow, max-snippet:-1, max-image-preview:large, max-video-preview:-1\" \/>\n<link rel=\"canonical\" href=\"https:\/\/www.meydan.tv\/az\/article\/bu-il-bugdanin-mehsuldarligi-azalib\/\" \/>\n<meta property=\"og:locale\" content=\"az_AZ\" \/>\n<meta property=\"og:type\" content=\"article\" \/>\n<meta property=\"og:title\" content=\"Bu il bu\u011fdan\u0131n m\u0259hsuldarl\u0131\u011f\u0131 azal\u0131b - MEYDAN.TV\" \/>\n<meta property=\"og:description\" content=\"Ekspert: \u201cT\u0259\u0259ss\u00fcf ki, k\u0259nd t\u0259s\u0259rr\u00fcfat\u0131nda idar\u0259etm\u0259 t\u0259cr\u00fcb\u0259siz adamlar\u0131n \u0259ll\u0259rind\u0259dir\u201d 2024-c\u00fc ... Davam\u0131\" \/>\n<meta property=\"og:url\" content=\"https:\/\/www.meydan.tv\/az\/article\/bu-il-bugdanin-mehsuldarligi-azalib\/\" \/>\n<meta property=\"og:site_name\" content=\"MEYDAN.TV\" \/>\n<meta property=\"article:published_time\" content=\"2024-06-27T09:58:19+00:00\" \/>\n<meta property=\"article:modified_time\" content=\"2024-06-27T09:58:22+00:00\" \/>\n<meta property=\"og:image\" content=\"https:\/\/www.meydan.tv\/wp-content\/uploads\/14990898231560421910_1000x669.jpg\" \/>\n\t<meta property=\"og:image:width\" content=\"1200\" \/>\n\t<meta property=\"og:image:height\" content=\"600\" \/>\n\t<meta property=\"og:image:type\" content=\"image\/jpeg\" \/>\n<meta name=\"author\" content=\"elli\" \/>\n<meta name=\"twitter:card\" content=\"summary_large_image\" \/>\n<meta name=\"twitter:creator\" content=\"@elli\" \/>\n<script type=\"application\/ld+json\" class=\"yoast-schema-graph\">{\"@context\":\"https:\\\/\\\/schema.org\",\"@graph\":[{\"@type\":\"Article\",\"@id\":\"https:\\\/\\\/www.meydan.tv\\\/az\\\/article\\\/bu-il-bugdanin-mehsuldarligi-azalib\\\/#article\",\"isPartOf\":{\"@id\":\"https:\\\/\\\/www.meydan.tv\\\/az\\\/article\\\/bu-il-bugdanin-mehsuldarligi-azalib\\\/\"},\"author\":{\"name\":\"elli\",\"@id\":\"https:\\\/\\\/www.meydan.tv\\\/az\\\/#\\\/schema\\\/person\\\/9cdbecf90d17180ce1dfbd95b08dcf47\"},\"headline\":\"Bu il bu\u011fdan\u0131n m\u0259hsuldarl\u0131\u011f\u0131 azal\u0131b\",\"datePublished\":\"2024-06-27T09:58:19+00:00\",\"dateModified\":\"2024-06-27T09:58:22+00:00\",\"mainEntityOfPage\":{\"@id\":\"https:\\\/\\\/www.meydan.tv\\\/az\\\/article\\\/bu-il-bugdanin-mehsuldarligi-azalib\\\/\"},\"wordCount\":445,\"publisher\":{\"@id\":\"https:\\\/\\\/www.meydan.tv\\\/az\\\/#organization\"},\"image\":{\"@id\":\"https:\\\/\\\/www.meydan.tv\\\/az\\\/article\\\/bu-il-bugdanin-mehsuldarligi-azalib\\\/#primaryimage\"},\"thumbnailUrl\":\"https:\\\/\\\/www.meydan.tv\\\/wp-content\\\/uploads\\\/14990898231560421910_1000x669.jpg\",\"articleSection\":[\"\u0130qtisadiyyat\",\"X\u0259b\u0259rl\u0259r\"],\"inLanguage\":\"az\"},{\"@type\":\"WebPage\",\"@id\":\"https:\\\/\\\/www.meydan.tv\\\/az\\\/article\\\/bu-il-bugdanin-mehsuldarligi-azalib\\\/\",\"url\":\"https:\\\/\\\/www.meydan.tv\\\/az\\\/article\\\/bu-il-bugdanin-mehsuldarligi-azalib\\\/\",\"name\":\"Bu il bu\u011fdan\u0131n m\u0259hsuldarl\u0131\u011f\u0131 azal\u0131b - MEYDAN.TV\",\"isPartOf\":{\"@id\":\"https:\\\/\\\/www.meydan.tv\\\/az\\\/#website\"},\"primaryImageOfPage\":{\"@id\":\"https:\\\/\\\/www.meydan.tv\\\/az\\\/article\\\/bu-il-bugdanin-mehsuldarligi-azalib\\\/#primaryimage\"},\"image\":{\"@id\":\"https:\\\/\\\/www.meydan.tv\\\/az\\\/article\\\/bu-il-bugdanin-mehsuldarligi-azalib\\\/#primaryimage\"},\"thumbnailUrl\":\"https:\\\/\\\/www.meydan.tv\\\/wp-content\\\/uploads\\\/14990898231560421910_1000x669.jpg\",\"datePublished\":\"2024-06-27T09:58:19+00:00\",\"dateModified\":\"2024-06-27T09:58:22+00:00\",\"breadcrumb\":{\"@id\":\"https:\\\/\\\/www.meydan.tv\\\/az\\\/article\\\/bu-il-bugdanin-mehsuldarligi-azalib\\\/#breadcrumb\"},\"inLanguage\":\"az\",\"potentialAction\":[{\"@type\":\"ReadAction\",\"target\":[\"https:\\\/\\\/www.meydan.tv\\\/az\\\/article\\\/bu-il-bugdanin-mehsuldarligi-azalib\\\/\"]}]},{\"@type\":\"ImageObject\",\"inLanguage\":\"az\",\"@id\":\"https:\\\/\\\/www.meydan.tv\\\/az\\\/article\\\/bu-il-bugdanin-mehsuldarligi-azalib\\\/#primaryimage\",\"url\":\"https:\\\/\\\/www.meydan.tv\\\/wp-content\\\/uploads\\\/14990898231560421910_1000x669.jpg\",\"contentUrl\":\"https:\\\/\\\/www.meydan.tv\\\/wp-content\\\/uploads\\\/14990898231560421910_1000x669.jpg\",\"width\":1200,\"height\":600,\"caption\":\"Tax\u0131l z\u0259misi. Foto: \\\"Az\u0259rtac\\\"\"},{\"@type\":\"BreadcrumbList\",\"@id\":\"https:\\\/\\\/www.meydan.tv\\\/az\\\/article\\\/bu-il-bugdanin-mehsuldarligi-azalib\\\/#breadcrumb\",\"itemListElement\":[{\"@type\":\"ListItem\",\"position\":1,\"name\":\"Ana s\u0259hif\u0259\",\"item\":\"https:\\\/\\\/www.meydan.tv\\\/az\\\/\"},{\"@type\":\"ListItem\",\"position\":2,\"name\":\"\u0130qtisadiyyat\",\"item\":\"https:\\\/\\\/www.meydan.tv\\\/az\\\/section\\\/iqtisadiyyat\\\/\"},{\"@type\":\"ListItem\",\"position\":3,\"name\":\"Bu il bu\u011fdan\u0131n m\u0259hsuldarl\u0131\u011f\u0131 azal\u0131b\"}]},{\"@type\":\"WebSite\",\"@id\":\"https:\\\/\\\/www.meydan.tv\\\/az\\\/#website\",\"url\":\"https:\\\/\\\/www.meydan.tv\\\/az\\\/\",\"name\":\"MEYDAN.TV\",\"description\":\"Meydan TV Az\u0259rbaycan\u0131n media m\u0259kan\u0131ndak\u0131 alternativ s\u0259sidir\",\"publisher\":{\"@id\":\"https:\\\/\\\/www.meydan.tv\\\/az\\\/#organization\"},\"potentialAction\":[{\"@type\":\"SearchAction\",\"target\":{\"@type\":\"EntryPoint\",\"urlTemplate\":\"https:\\\/\\\/www.meydan.tv\\\/az\\\/?s={search_term_string}\"},\"query-input\":{\"@type\":\"PropertyValueSpecification\",\"valueRequired\":true,\"valueName\":\"search_term_string\"}}],\"inLanguage\":\"az\"},{\"@type\":\"Organization\",\"@id\":\"https:\\\/\\\/www.meydan.tv\\\/az\\\/#organization\",\"name\":\"Meydan TV\",\"url\":\"https:\\\/\\\/www.meydan.tv\\\/az\\\/\",\"logo\":{\"@type\":\"ImageObject\",\"inLanguage\":\"az\",\"@id\":\"https:\\\/\\\/www.meydan.tv\\\/az\\\/#\\\/schema\\\/logo\\\/image\\\/\",\"url\":\"https:\\\/\\\/www.meydan.tv\\\/wp-content\\\/uploads\\\/2021\\\/07\\\/meydan-logo.svg\",\"contentUrl\":\"https:\\\/\\\/www.meydan.tv\\\/wp-content\\\/uploads\\\/2021\\\/07\\\/meydan-logo.svg\",\"width\":195,\"height\":46,\"caption\":\"Meydan TV\"},\"image\":{\"@id\":\"https:\\\/\\\/www.meydan.tv\\\/az\\\/#\\\/schema\\\/logo\\\/image\\\/\"}},{\"@type\":\"Person\",\"@id\":\"https:\\\/\\\/www.meydan.tv\\\/az\\\/#\\\/schema\\\/person\\\/9cdbecf90d17180ce1dfbd95b08dcf47\",\"name\":\"elli\",\"sameAs\":[\"https:\\\/\\\/x.com\\\/elli\"]}]}<\/script>\n<!-- \/ Yoast SEO plugin. -->","yoast_head_json":{"title":"Bu il bu\u011fdan\u0131n m\u0259hsuldarl\u0131\u011f\u0131 azal\u0131b - MEYDAN.TV","robots":{"index":"index","follow":"follow","max-snippet":"max-snippet:-1","max-image-preview":"max-image-preview:large","max-video-preview":"max-video-preview:-1"},"canonical":"https:\/\/www.meydan.tv\/az\/article\/bu-il-bugdanin-mehsuldarligi-azalib\/","og_locale":"az_AZ","og_type":"article","og_title":"Bu il bu\u011fdan\u0131n m\u0259hsuldarl\u0131\u011f\u0131 azal\u0131b - MEYDAN.TV","og_description":"Ekspert: \u201cT\u0259\u0259ss\u00fcf ki, k\u0259nd t\u0259s\u0259rr\u00fcfat\u0131nda idar\u0259etm\u0259 t\u0259cr\u00fcb\u0259siz adamlar\u0131n \u0259ll\u0259rind\u0259dir\u201d 2024-c\u00fc ... Davam\u0131","og_url":"https:\/\/www.meydan.tv\/az\/article\/bu-il-bugdanin-mehsuldarligi-azalib\/","og_site_name":"MEYDAN.TV","article_published_time":"2024-06-27T09:58:19+00:00","article_modified_time":"2024-06-27T09:58:22+00:00","og_image":[{"width":1200,"height":600,"url":"https:\/\/www.meydan.tv\/wp-content\/uploads\/14990898231560421910_1000x669.jpg","type":"image\/jpeg"}],"author":"elli","twitter_card":"summary_large_image","twitter_creator":"@elli","schema":{"@context":"https:\/\/schema.org","@graph":[{"@type":"Article","@id":"https:\/\/www.meydan.tv\/az\/article\/bu-il-bugdanin-mehsuldarligi-azalib\/#article","isPartOf":{"@id":"https:\/\/www.meydan.tv\/az\/article\/bu-il-bugdanin-mehsuldarligi-azalib\/"},"author":{"name":"elli","@id":"https:\/\/www.meydan.tv\/az\/#\/schema\/person\/9cdbecf90d17180ce1dfbd95b08dcf47"},"headline":"Bu il bu\u011fdan\u0131n m\u0259hsuldarl\u0131\u011f\u0131 azal\u0131b","datePublished":"2024-06-27T09:58:19+00:00","dateModified":"2024-06-27T09:58:22+00:00","mainEntityOfPage":{"@id":"https:\/\/www.meydan.tv\/az\/article\/bu-il-bugdanin-mehsuldarligi-azalib\/"},"wordCount":445,"publisher":{"@id":"https:\/\/www.meydan.tv\/az\/#organization"},"image":{"@id":"https:\/\/www.meydan.tv\/az\/article\/bu-il-bugdanin-mehsuldarligi-azalib\/#primaryimage"},"thumbnailUrl":"https:\/\/www.meydan.tv\/wp-content\/uploads\/14990898231560421910_1000x669.jpg","articleSection":["\u0130qtisadiyyat","X\u0259b\u0259rl\u0259r"],"inLanguage":"az"},{"@type":"WebPage","@id":"https:\/\/www.meydan.tv\/az\/article\/bu-il-bugdanin-mehsuldarligi-azalib\/","url":"https:\/\/www.meydan.tv\/az\/article\/bu-il-bugdanin-mehsuldarligi-azalib\/","name":"Bu il bu\u011fdan\u0131n m\u0259hsuldarl\u0131\u011f\u0131 azal\u0131b - MEYDAN.TV","isPartOf":{"@id":"https:\/\/www.meydan.tv\/az\/#website"},"primaryImageOfPage":{"@id":"https:\/\/www.meydan.tv\/az\/article\/bu-il-bugdanin-mehsuldarligi-azalib\/#primaryimage"},"image":{"@id":"https:\/\/www.meydan.tv\/az\/article\/bu-il-bugdanin-mehsuldarligi-azalib\/#primaryimage"},"thumbnailUrl":"https:\/\/www.meydan.tv\/wp-content\/uploads\/14990898231560421910_1000x669.jpg","datePublished":"2024-06-27T09:58:19+00:00","dateModified":"2024-06-27T09:58:22+00:00","breadcrumb":{"@id":"https:\/\/www.meydan.tv\/az\/article\/bu-il-bugdanin-mehsuldarligi-azalib\/#breadcrumb"},"inLanguage":"az","potentialAction":[{"@type":"ReadAction","target":["https:\/\/www.meydan.tv\/az\/article\/bu-il-bugdanin-mehsuldarligi-azalib\/"]}]},{"@type":"ImageObject","inLanguage":"az","@id":"https:\/\/www.meydan.tv\/az\/article\/bu-il-bugdanin-mehsuldarligi-azalib\/#primaryimage","url":"https:\/\/www.meydan.tv\/wp-content\/uploads\/14990898231560421910_1000x669.jpg","contentUrl":"https:\/\/www.meydan.tv\/wp-content\/uploads\/14990898231560421910_1000x669.jpg","width":1200,"height":600,"caption":"Tax\u0131l z\u0259misi. Foto: \"Az\u0259rtac\""},{"@type":"BreadcrumbList","@id":"https:\/\/www.meydan.tv\/az\/article\/bu-il-bugdanin-mehsuldarligi-azalib\/#breadcrumb","itemListElement":[{"@type":"ListItem","position":1,"name":"Ana s\u0259hif\u0259","item":"https:\/\/www.meydan.tv\/az\/"},{"@type":"ListItem","position":2,"name":"\u0130qtisadiyyat","item":"https:\/\/www.meydan.tv\/az\/section\/iqtisadiyyat\/"},{"@type":"ListItem","position":3,"name":"Bu il bu\u011fdan\u0131n m\u0259hsuldarl\u0131\u011f\u0131 azal\u0131b"}]},{"@type":"WebSite","@id":"https:\/\/www.meydan.tv\/az\/#website","url":"https:\/\/www.meydan.tv\/az\/","name":"MEYDAN.TV","description":"Meydan TV Az\u0259rbaycan\u0131n media m\u0259kan\u0131ndak\u0131 alternativ s\u0259sidir","publisher":{"@id":"https:\/\/www.meydan.tv\/az\/#organization"},"potentialAction":[{"@type":"SearchAction","target":{"@type":"EntryPoint","urlTemplate":"https:\/\/www.meydan.tv\/az\/?s={search_term_string}"},"query-input":{"@type":"PropertyValueSpecification","valueRequired":true,"valueName":"search_term_string"}}],"inLanguage":"az"},{"@type":"Organization","@id":"https:\/\/www.meydan.tv\/az\/#organization","name":"Meydan TV","url":"https:\/\/www.meydan.tv\/az\/","logo":{"@type":"ImageObject","inLanguage":"az","@id":"https:\/\/www.meydan.tv\/az\/#\/schema\/logo\/image\/","url":"https:\/\/www.meydan.tv\/wp-content\/uploads\/2021\/07\/meydan-logo.svg","contentUrl":"https:\/\/www.meydan.tv\/wp-content\/uploads\/2021\/07\/meydan-logo.svg","width":195,"height":46,"caption":"Meydan TV"},"image":{"@id":"https:\/\/www.meydan.tv\/az\/#\/schema\/logo\/image\/"}},{"@type":"Person","@id":"https:\/\/www.meydan.tv\/az\/#\/schema\/person\/9cdbecf90d17180ce1dfbd95b08dcf47","name":"elli","sameAs":["https:\/\/x.com\/elli"]}]}},"_links":{"self":[{"href":"https:\/\/www.meydan.tv\/az\/wp-json\/wp\/v2\/posts\/309099","targetHints":{"allow":["GET"]}}],"collection":[{"href":"https:\/\/www.meydan.tv\/az\/wp-json\/wp\/v2\/posts"}],"about":[{"href":"https:\/\/www.meydan.tv\/az\/wp-json\/wp\/v2\/types\/post"}],"author":[{"embeddable":true,"href":"https:\/\/www.meydan.tv\/az\/wp-json\/wp\/v2\/users\/8"}],"replies":[{"embeddable":true,"href":"https:\/\/www.meydan.tv\/az\/wp-json\/wp\/v2\/comments?post=309099"}],"version-history":[{"count":2,"href":"https:\/\/www.meydan.tv\/az\/wp-json\/wp\/v2\/posts\/309099\/revisions"}],"predecessor-version":[{"id":309108,"href":"https:\/\/www.meydan.tv\/az\/wp-json\/wp\/v2\/posts\/309099\/revisions\/309108"}],"wp:featuredmedia":[{"embeddable":true,"href":"https:\/\/www.meydan.tv\/az\/wp-json\/wp\/v2\/media\/263691"}],"wp:attachment":[{"href":"https:\/\/www.meydan.tv\/az\/wp-json\/wp\/v2\/media?parent=309099"}],"wp:term":[{"taxonomy":"category","embeddable":true,"href":"https:\/\/www.meydan.tv\/az\/wp-json\/wp\/v2\/categories?post=309099"},{"taxonomy":"post_tag","embeddable":true,"href":"https:\/\/www.meydan.tv\/az\/wp-json\/wp\/v2\/tags?post=309099"}],"curies":[{"name":"wp","href":"https:\/\/api.w.org\/{rel}","templated":true}]}}